{"id":139149,"date":"2020-03-05T01:10:31","date_gmt":"2020-03-05T01:10:31","guid":{"rendered":"http:\/\/candas365.es\/noticias\/?p=139149"},"modified":"2020-03-05T01:10:31","modified_gmt":"2020-03-05T01:10:31","slug":"8-de-marzo-en-carreno","status":"publish","type":"post","link":"https:\/\/candas365.es\/noticias\/8-de-marzo-en-carreno\/","title":{"rendered":"8 de Marzo en Carre\u00f1o"},"content":{"rendered":"<p><img fetchpriority=\"high\" decoding=\"async\" class=\"alignleft size-medium wp-image-139150\" src=\"https:\/\/candas365.es\/noticias\/wp-content\/uploads\/2020\/03\/8m-360x236.jpg\" alt=\"\" width=\"360\" height=\"236\" srcset=\"https:\/\/candas365.es\/noticias\/wp-content\/uploads\/2020\/03\/8m-360x236.jpg 360w, https:\/\/candas365.es\/noticias\/wp-content\/uploads\/2020\/03\/8m-655x429.jpg 655w, https:\/\/candas365.es\/noticias\/wp-content\/uploads\/2020\/03\/8m-768x503.jpg 768w, https:\/\/candas365.es\/noticias\/wp-content\/uploads\/2020\/03\/8m-696x456.jpg 696w, https:\/\/candas365.es\/noticias\/wp-content\/uploads\/2020\/03\/8m-1068x700.jpg 1068w, https:\/\/candas365.es\/noticias\/wp-content\/uploads\/2020\/03\/8m-641x420.jpg 641w, https:\/\/candas365.es\/noticias\/wp-content\/uploads\/2020\/03\/8m-741x486.jpg 741w, https:\/\/candas365.es\/noticias\/wp-content\/uploads\/2020\/03\/8m.jpg 1085w\" sizes=\"(max-width: 360px) 100vw, 360px\" \/>La representaci\u00f3n del movimiento asociativo femenino del concejo se reuni\u00f3 en la Casa de Encuentros para ultimar el programa previsto en torno al 8 de Marzo en el concejo.<\/p>\n<p>\u201cComo todos los a\u00f1os las actividades que se programan no se circunscriben a una fecha concreta, el d\u00eda Internacional, sino que son transversales y se desarrollan a lo largo de todo el a\u00f1o\u201d- se\u00f1al\u00f3 Cecilia Tasc\u00f3n, edil de Igualdad.<\/p>\n<p>El primer bloque de actividades se enmarcan en la <strong>XVII edici\u00f3n de las Jornadas de Coeducaci\u00f3n \u201cDe igual a igual\u201d<\/strong> que se presentar\u00e1n en el sal\u00f3n de plenos municipal con las entidades participantes. La programaci\u00f3n prevista se ejecutar\u00e1 del 5 de Marzo al 5 de Mayo en el \u201cIES Cand\u00e1s\u201d y en los Colegios P\u00fablicos \u201cPoeta Ant\u00f3n\u201d y \u201cSan F\u00e9lix\u201d con el objetivo principal de promover la igualdad de oportunidades entre mujeres y hombres y a su vez, sensibilizar a la poblaci\u00f3n m\u00e1s joven sobre violencia de g\u00e9nero.<\/p>\n<p>Este S\u00e1bado, 7 de Marzo a las 16:30 horas en el CIR Monte Areo la Asociaci\u00f3n de Mujeres Rurales Nosotr@s celebrar\u00e1 su asamblea anual de socias.<\/p>\n<p>\u201cPara el Domingo, 8 de Marzo, D\u00eda Internacional de la Mujer &#8211; por la ma\u00f1ana- con la incorporaci\u00f3n del Cand\u00e1s CF al programa municipal de actividades previstas las asociaciones de mujeres de Carre\u00f1o dar\u00e1n lectura a un manifiesto en el Campo de La Mata. Ser\u00e1 a las 11:30 horas, justo antes del inicio del partido que arbitrar\u00e1n mujeres y concluir\u00e1 con un Brindis por la Igualdad\u201d \u2013 afirm\u00f3 Tasc\u00f3n.<\/p>\n<p>\u201cDurante el mes de Marzo la programaci\u00f3n del Teatro Prendes tambi\u00e9n tendr\u00e1 en cuenta la conmemoraci\u00f3n del 8M. Se proyectar\u00e1 en Cand\u00e1s la pel\u00edcula sobre acoso sexual \u201cEl esc\u00e1ndalo (Bombshell)\u201d este fin de semana ( del 6 al 8), el siguiente fin de semana tendr\u00e1 lugar el IV Certamen Juvenil de Habaneras y Canci\u00f3n Marinera de Cand\u00e1s, tan vinculado al trabajo femenino en las f\u00e1bricas de conserva. Ser\u00e1 el s\u00e1bado, d\u00eda 14 a las 19:30 h. El jueves, d\u00eda 19 a las 20 horas dentro del CICLO DE CINE OTRAS MIRADAS se proyectar\u00e1 la pel\u00edcula de no ficci\u00f3n inspirada en la luanquina Josefina Carrera \u201cCuca\u201d (retrato de una mujer). Dicha pel\u00edcula tuvo 7 nominaciones en la 34 edici\u00f3n de los Premios Goya. El Viernes, 27 a las 21 horas representaci\u00f3n teatral de \u201cLisistrata de Arist\u00f3fanes\u201d (Teatro ECA) en la que se plantea la huelga sexual de las mujeres. El \u00faltimo fin de semana de Marzo, 28 y 29, se program\u00f3 la pel\u00edcula \u201cJudy\u201d en la que la actriz Ren\u00e9e Zellweger obtuvo el Oscar como mejor actriz \u201d &#8211; prosigui\u00f3 la concejala<\/p>\n<p>\u201cEl Martes 24 de Marzo a las 18:30 horas en la Casa de Cultura de Cand\u00e1s presentaremos la Gu\u00eda de Rutas Saludables entregando un ejemplar gratuito de dicha gu\u00eda a cada asistente. El s\u00e1bado, 28 de Marzo, a mediod\u00eda, en Vald\u00e9s Pumarino, en colaboraci\u00f3n con la Asociaci\u00f3n de Escritores de Asturias, que preside Esther Garc\u00eda L\u00f3pez, la Escuela de M\u00fasica \u201c Miguel Barrosa\u201d de Carre\u00f1o y los establecimientos de dicha calle se celebrar\u00e1 el Recital Po\u00e9tico en sesi\u00f3n \u201cNosotros conVersos por ellas\u201d. Hombres y mujeres recitar\u00e1n textos que reflexionen sobre la igualdad en la Plaza de Les Candases, en caso de lluvia la actividad se trasladar\u00eda al Galley Pub\u201d &#8211; indic\u00f3 Tasc\u00f3n.<\/p>\n<p>\u201cEn el mes de Abril ser\u00e1 el acto de entrega del galard\u00f3n Mujer del A\u00f1o en el Teatro Prendes de Cand\u00e1s y el S\u00e1bado 25 de Abril la asociaci\u00f3n de mujeres rurales \u201c Nosotr@s\u201d tiene programado el Viaje Cultural a ASIEGU, Pueblo Ejemplar de Asturias 2019. Las inscripciones est\u00e1n abierta y el precio que han fiado es de 30 \u20ac para las socias\u201d \u2013 detall\u00f3 la edil.<\/p>\n<p>\u201cEn Mayo, el d\u00eda 8 participaremos con las mujeres de Tiempo Propio, en la XIV Jornada de Encuentro Anual de Socias de la Asociaci\u00f3n de Mujeres con Tiempo Propio. Pola Siero coge el testigo de Carre\u00f1o y ejerce este a\u00f1o de municipio anfitri\u00f3n\u201d \u2013 explic\u00f3 la concejala.<\/p>\n<p>\u201c Cada a\u00f1o nos unimos a la celebraci\u00f3n del 8 de marzo, D\u00eda Internacional de la Mujer, pero todos los d\u00edas del a\u00f1o trabajamos desde el \u00e1mbito municipal tratando de apoyar el progreso y la igualdad en todos los \u00e1mbitos profesionales, sociales, culturales y deportivos\u201d \u2013 finaliz\u00f3 Cecilia.<\/p>\n<p>&nbsp;<\/p>\n","protected":false},"excerpt":{"rendered":"<p>La representaci\u00f3n del movimiento asociativo femenino del concejo se reuni\u00f3 en la Casa de Encuentros para ultimar el programa previsto en torno al 8 de Marzo en el concejo. \u201cComo todos los a\u00f1os las actividades que se programan no se circunscriben a una fecha concreta, el d\u00eda Internacional, sino que son transversales y se desarrollan<\/p>\n","protected":false},"author":1,"featured_media":139150,"comment_status":"closed","ping_status":"closed","sticky":false,"template":"","format":"standard","meta":{"footnotes":""},"categories":[2],"tags":[],"class_list":{"0":"post-139149","1":"post","2":"type-post","3":"status-publish","4":"format-standard","5":"has-post-thumbnail","7":"category-noticias-carreno"},"aioseo_notices":[],"aioseo_head":"\n\t\t<!-- All in One SEO Pro 4.9.6.2 - aioseo.com -->\n\t<meta name=\"description\" content=\"La representaci\u00f3n del movimiento asociativo femenino del concejo se reuni\u00f3 en la Casa de Encuentros para ultimar el programa previsto en torno al 8 de Marzo en el concejo. \u201cComo todos los a\u00f1os las actividades que se programan no se circunscriben a una fecha concreta, el d\u00eda Internacional, sino que son transversales y se desarrollan\" \/>\n\t<meta name=\"robots\" content=\"max-image-preview:large\" \/>\n\t<meta name=\"author\" content=\"Cand\u00e1s 365\"\/>\n\t<meta name=\"google-site-verification\" content=\"UA-32230408-1\" \/>\n\t<meta name=\"msvalidate.01\" content=\"354F3CDFB2DA171B47FBE9ABF1F88D5\" \/>\n\t<meta name=\"keywords\" content=\"noticias carre\u00f1o\" \/>\n\t<link rel=\"canonical\" href=\"https:\/\/candas365.es\/noticias\/8-de-marzo-en-carreno\/\" \/>\n\t<meta name=\"generator\" content=\"All in One SEO Pro (AIOSEO) 4.9.6.2\" \/>\n\t\t<meta property=\"og:locale\" content=\"es_ES\" \/>\n\t\t<meta property=\"og:site_name\" content=\"Cand\u00e1s 365\" \/>\n\t\t<meta property=\"og:type\" content=\"article\" \/>\n\t\t<meta property=\"og:title\" content=\"8 de Marzo en Carre\u00f1o | Cand\u00e1s 365\" \/>\n\t\t<meta property=\"og:description\" content=\"La representaci\u00f3n del movimiento asociativo femenino del concejo se reuni\u00f3 en la Casa de Encuentros para ultimar el programa previsto en torno al 8 de Marzo en el concejo. \u201cComo todos los a\u00f1os las actividades que se programan no se circunscriben a una fecha concreta, el d\u00eda Internacional, sino que son transversales y se desarrollan\" \/>\n\t\t<meta property=\"og:url\" content=\"https:\/\/candas365.es\/noticias\/8-de-marzo-en-carreno\/\" \/>\n\t\t<meta property=\"og:image\" content=\"https:\/\/candas365.es\/noticias\/wp-content\/uploads\/2020\/03\/8m.jpg\" \/>\n\t\t<meta property=\"og:image:secure_url\" content=\"https:\/\/candas365.es\/noticias\/wp-content\/uploads\/2020\/03\/8m.jpg\" \/>\n\t\t<meta property=\"og:image:width\" content=\"1085\" \/>\n\t\t<meta property=\"og:image:height\" content=\"711\" \/>\n\t\t<meta property=\"article:published_time\" content=\"2020-03-05T01:10:31+00:00\" \/>\n\t\t<meta property=\"article:modified_time\" content=\"2020-03-05T01:10:31+00:00\" \/>\n\t\t<meta property=\"article:publisher\" content=\"https:\/\/www.facebook.com\/Nachofdezber\" \/>\n\t\t<meta property=\"article:author\" content=\"https:\/\/www.facebook.com\/carrenoactualidad\" \/>\n\t\t<meta name=\"twitter:card\" content=\"summary_large_image\" \/>\n\t\t<meta name=\"twitter:site\" content=\"@NabercoDigital\" \/>\n\t\t<meta name=\"twitter:title\" content=\"8 de Marzo en Carre\u00f1o | Cand\u00e1s 365\" \/>\n\t\t<meta name=\"twitter:description\" content=\"La representaci\u00f3n del movimiento asociativo femenino del concejo se reuni\u00f3 en la Casa de Encuentros para ultimar el programa previsto en torno al 8 de Marzo en el concejo. \u201cComo todos los a\u00f1os las actividades que se programan no se circunscriben a una fecha concreta, el d\u00eda Internacional, sino que son transversales y se desarrollan\" \/>\n\t\t<meta name=\"twitter:creator\" content=\"@nbasturias\" \/>\n\t\t<meta name=\"twitter:image\" content=\"https:\/\/candas365.es\/noticias\/wp-content\/uploads\/2020\/03\/8m.jpg\" \/>\n\t\t<meta name=\"twitter:label1\" content=\"Escrito por\" \/>\n\t\t<meta name=\"twitter:data1\" content=\"Cand\u00e1s 365\" \/>\n\t\t<meta name=\"twitter:label2\" content=\"Tiempo de lectura estimado\" \/>\n\t\t<meta name=\"twitter:data2\" content=\"4 minutos\" \/>\n\t\t<script type=\"application\/ld+json\" class=\"aioseo-schema\">\n\t\t\t{\"@context\":\"https:\\\/\\\/schema.org\",\"@graph\":[{\"@type\":\"BreadcrumbList\",\"@id\":\"https:\\\/\\\/candas365.es\\\/noticias\\\/8-de-marzo-en-carreno\\\/#breadcrumblist\",\"itemListElement\":[{\"@type\":\"ListItem\",\"@id\":\"https:\\\/\\\/candas365.es\\\/noticias#listItem\",\"position\":1,\"name\":\"Home\",\"item\":\"https:\\\/\\\/candas365.es\\\/noticias\",\"nextItem\":{\"@type\":\"ListItem\",\"@id\":\"https:\\\/\\\/candas365.es\\\/noticias\\\/category\\\/noticias-carreno\\\/#listItem\",\"name\":\"Noticias Carre\\u00f1o\"}},{\"@type\":\"ListItem\",\"@id\":\"https:\\\/\\\/candas365.es\\\/noticias\\\/category\\\/noticias-carreno\\\/#listItem\",\"position\":2,\"name\":\"Noticias Carre\\u00f1o\",\"item\":\"https:\\\/\\\/candas365.es\\\/noticias\\\/category\\\/noticias-carreno\\\/\",\"nextItem\":{\"@type\":\"ListItem\",\"@id\":\"https:\\\/\\\/candas365.es\\\/noticias\\\/8-de-marzo-en-carreno\\\/#listItem\",\"name\":\"8 de Marzo en Carre\\u00f1o\"},\"previousItem\":{\"@type\":\"ListItem\",\"@id\":\"https:\\\/\\\/candas365.es\\\/noticias#listItem\",\"name\":\"Home\"}},{\"@type\":\"ListItem\",\"@id\":\"https:\\\/\\\/candas365.es\\\/noticias\\\/8-de-marzo-en-carreno\\\/#listItem\",\"position\":3,\"name\":\"8 de Marzo en Carre\\u00f1o\",\"previousItem\":{\"@type\":\"ListItem\",\"@id\":\"https:\\\/\\\/candas365.es\\\/noticias\\\/category\\\/noticias-carreno\\\/#listItem\",\"name\":\"Noticias Carre\\u00f1o\"}}]},{\"@type\":\"NewsArticle\",\"@id\":\"https:\\\/\\\/candas365.es\\\/noticias\\\/8-de-marzo-en-carreno\\\/#newsarticle\",\"name\":\"8 de Marzo en Carre\\u00f1o | Cand\\u00e1s 365\",\"headline\":\"8 de Marzo en Carre\\u00f1o\",\"author\":{\"@id\":\"https:\\\/\\\/candas365.es\\\/noticias\\\/author\\\/admin\\\/#author\"},\"publisher\":{\"@id\":\"https:\\\/\\\/candas365.es\\\/noticias\\\/#organization\"},\"image\":{\"@type\":\"ImageObject\",\"url\":\"https:\\\/\\\/candas365.es\\\/noticias\\\/wp-content\\\/uploads\\\/2020\\\/03\\\/8m.jpg\",\"width\":1085,\"height\":711},\"datePublished\":\"2020-03-05T01:10:31+01:00\",\"dateModified\":\"2020-03-05T01:10:31+01:00\",\"inLanguage\":\"es-ES\",\"mainEntityOfPage\":{\"@id\":\"https:\\\/\\\/candas365.es\\\/noticias\\\/8-de-marzo-en-carreno\\\/#webpage\"},\"isPartOf\":{\"@id\":\"https:\\\/\\\/candas365.es\\\/noticias\\\/8-de-marzo-en-carreno\\\/#webpage\"},\"articleSection\":\"Noticias Carre\\u00f1o\",\"dateline\":\"Publicado el marzo 5, 2020.\"},{\"@type\":\"Organization\",\"@id\":\"https:\\\/\\\/candas365.es\\\/noticias\\\/#organization\",\"name\":\"Cand\\u00e1s 365\",\"description\":\"Cand\\u00e1s 365 es un diario digital independiente, fundado en 2012, con base en Asturias. Informamos con rigor sobre actualidad, sociedad, cultura y ocio, con una mirada local y global.\",\"url\":\"https:\\\/\\\/candas365.es\\\/noticias\\\/\",\"email\":\"info@candas365.es\",\"telephone\":\"+34652131393\",\"foundingDate\":\"2012-06-10\",\"logo\":{\"@type\":\"ImageObject\",\"url\":\"https:\\\/\\\/candas365.es\\\/noticias\\\/wp-content\\\/uploads\\\/2024\\\/09\\\/Candas-365-Redes.jpg\",\"@id\":\"https:\\\/\\\/candas365.es\\\/noticias\\\/8-de-marzo-en-carreno\\\/#organizationLogo\",\"width\":1152,\"height\":864,\"caption\":\"Cand\\u00e1s 365 Redes\"},\"image\":{\"@id\":\"https:\\\/\\\/candas365.es\\\/noticias\\\/8-de-marzo-en-carreno\\\/#organizationLogo\"},\"sameAs\":[\"https:\\\/\\\/www.facebook.com\\\/Nachofdezber\",\"https:\\\/\\\/x.com\\\/NabercoDigital\",\"https:\\\/\\\/www.instagram.com\\\/nachofdezber\\\/\",\"https:\\\/\\\/www.youtube.com\\\/channel\\\/UCZP-2wLEB9Rv6erhFmqVnvg\"],\"address\":{\"@id\":\"https:\\\/\\\/candas365.es\\\/noticias\\\/#postaladdress\",\"@type\":\"PostalAddress\",\"streetAddress\":\"san antonio 4, san antonio 4\",\"postalCode\":\"33430\",\"addressLocality\":\"Cand\\u00e1s\",\"addressRegion\":\"Asturias\",\"addressCountry\":\"ES\"}},{\"@type\":\"Person\",\"@id\":\"https:\\\/\\\/candas365.es\\\/noticias\\\/author\\\/admin\\\/#author\",\"url\":\"https:\\\/\\\/candas365.es\\\/noticias\\\/author\\\/admin\\\/\",\"name\":\"Cand\\u00e1s 365\",\"image\":{\"@type\":\"ImageObject\",\"@id\":\"https:\\\/\\\/candas365.es\\\/noticias\\\/8-de-marzo-en-carreno\\\/#authorImage\",\"url\":\"https:\\\/\\\/secure.gravatar.com\\\/avatar\\\/496a8e03d0c493ede1718b7934145dbdf8d89be1036b0eec9544e1094c9de390?s=96&d=mm&r=g\",\"width\":96,\"height\":96,\"caption\":\"Cand\\u00e1s 365\"},\"sameAs\":[\"https:\\\/\\\/www.facebook.com\\\/carrenoactualidad\",\"https:\\\/\\\/twitter.com\\\/nbasturias\",\"https:\\\/\\\/www.instagram.com\\\/nachofdezber\\\/\",\"https:\\\/\\\/www.youtube.com\\\/channel\\\/UCZP-2wLEB9Rv6erhFmqVnvg\"]},{\"@type\":\"WebPage\",\"@id\":\"https:\\\/\\\/candas365.es\\\/noticias\\\/8-de-marzo-en-carreno\\\/#webpage\",\"url\":\"https:\\\/\\\/candas365.es\\\/noticias\\\/8-de-marzo-en-carreno\\\/\",\"name\":\"8 de Marzo en Carre\\u00f1o | Cand\\u00e1s 365\",\"description\":\"La representaci\\u00f3n del movimiento asociativo femenino del concejo se reuni\\u00f3 en la Casa de Encuentros para ultimar el programa previsto en torno al 8 de Marzo en el concejo. \\u201cComo todos los a\\u00f1os las actividades que se programan no se circunscriben a una fecha concreta, el d\\u00eda Internacional, sino que son transversales y se desarrollan\",\"inLanguage\":\"es-ES\",\"isPartOf\":{\"@id\":\"https:\\\/\\\/candas365.es\\\/noticias\\\/#website\"},\"breadcrumb\":{\"@id\":\"https:\\\/\\\/candas365.es\\\/noticias\\\/8-de-marzo-en-carreno\\\/#breadcrumblist\"},\"author\":{\"@id\":\"https:\\\/\\\/candas365.es\\\/noticias\\\/author\\\/admin\\\/#author\"},\"creator\":{\"@id\":\"https:\\\/\\\/candas365.es\\\/noticias\\\/author\\\/admin\\\/#author\"},\"image\":{\"@type\":\"ImageObject\",\"url\":\"https:\\\/\\\/candas365.es\\\/noticias\\\/wp-content\\\/uploads\\\/2020\\\/03\\\/8m.jpg\",\"@id\":\"https:\\\/\\\/candas365.es\\\/noticias\\\/8-de-marzo-en-carreno\\\/#mainImage\",\"width\":1085,\"height\":711},\"primaryImageOfPage\":{\"@id\":\"https:\\\/\\\/candas365.es\\\/noticias\\\/8-de-marzo-en-carreno\\\/#mainImage\"},\"datePublished\":\"2020-03-05T01:10:31+01:00\",\"dateModified\":\"2020-03-05T01:10:31+01:00\"},{\"@type\":\"WebSite\",\"@id\":\"https:\\\/\\\/candas365.es\\\/noticias\\\/#website\",\"url\":\"https:\\\/\\\/candas365.es\\\/noticias\\\/\",\"name\":\"Cand\\u00e1s 365\",\"alternateName\":\"Cand\\u00e1s 365 Noticias\",\"description\":\"Actualidad desde Carre\\u00f1o para el mundo\",\"inLanguage\":\"es-ES\",\"publisher\":{\"@id\":\"https:\\\/\\\/candas365.es\\\/noticias\\\/#organization\"}}]}\n\t\t<\/script>\n\t\t<!-- All in One SEO Pro -->\r\n\t\t<title>8 de Marzo en Carre\u00f1o | Cand\u00e1s 365<\/title>\n\n","aioseo_head_json":{"title":"8 de Marzo en Carre\u00f1o | Cand\u00e1s 365","description":"La representaci\u00f3n del movimiento asociativo femenino del concejo se reuni\u00f3 en la Casa de Encuentros para ultimar el programa previsto en torno al 8 de Marzo en el concejo. \u201cComo todos los a\u00f1os las actividades que se programan no se circunscriben a una fecha concreta, el d\u00eda Internacional, sino que son transversales y se desarrollan","canonical_url":"https:\/\/candas365.es\/noticias\/8-de-marzo-en-carreno\/","robots":"max-image-preview:large","keywords":"noticias carre\u00f1o","webmasterTools":{"google-site-verification":"UA-32230408-1","msvalidate.01":"354F3CDFB2DA171B47FBE9ABF1F88D5","miscellaneous":""},"schema":{"@context":"https:\/\/schema.org","@graph":[{"@type":"BreadcrumbList","@id":"https:\/\/candas365.es\/noticias\/8-de-marzo-en-carreno\/#breadcrumblist","itemListElement":[{"@type":"ListItem","@id":"https:\/\/candas365.es\/noticias#listItem","position":1,"name":"Home","item":"https:\/\/candas365.es\/noticias","nextItem":{"@type":"ListItem","@id":"https:\/\/candas365.es\/noticias\/category\/noticias-carreno\/#listItem","name":"Noticias Carre\u00f1o"}},{"@type":"ListItem","@id":"https:\/\/candas365.es\/noticias\/category\/noticias-carreno\/#listItem","position":2,"name":"Noticias Carre\u00f1o","item":"https:\/\/candas365.es\/noticias\/category\/noticias-carreno\/","nextItem":{"@type":"ListItem","@id":"https:\/\/candas365.es\/noticias\/8-de-marzo-en-carreno\/#listItem","name":"8 de Marzo en Carre\u00f1o"},"previousItem":{"@type":"ListItem","@id":"https:\/\/candas365.es\/noticias#listItem","name":"Home"}},{"@type":"ListItem","@id":"https:\/\/candas365.es\/noticias\/8-de-marzo-en-carreno\/#listItem","position":3,"name":"8 de Marzo en Carre\u00f1o","previousItem":{"@type":"ListItem","@id":"https:\/\/candas365.es\/noticias\/category\/noticias-carreno\/#listItem","name":"Noticias Carre\u00f1o"}}]},{"@type":"NewsArticle","@id":"https:\/\/candas365.es\/noticias\/8-de-marzo-en-carreno\/#newsarticle","name":"8 de Marzo en Carre\u00f1o | Cand\u00e1s 365","headline":"8 de Marzo en Carre\u00f1o","author":{"@id":"https:\/\/candas365.es\/noticias\/author\/admin\/#author"},"publisher":{"@id":"https:\/\/candas365.es\/noticias\/#organization"},"image":{"@type":"ImageObject","url":"https:\/\/candas365.es\/noticias\/wp-content\/uploads\/2020\/03\/8m.jpg","width":1085,"height":711},"datePublished":"2020-03-05T01:10:31+01:00","dateModified":"2020-03-05T01:10:31+01:00","inLanguage":"es-ES","mainEntityOfPage":{"@id":"https:\/\/candas365.es\/noticias\/8-de-marzo-en-carreno\/#webpage"},"isPartOf":{"@id":"https:\/\/candas365.es\/noticias\/8-de-marzo-en-carreno\/#webpage"},"articleSection":"Noticias Carre\u00f1o","dateline":"Publicado el marzo 5, 2020."},{"@type":"Organization","@id":"https:\/\/candas365.es\/noticias\/#organization","name":"Cand\u00e1s 365","description":"Cand\u00e1s 365 es un diario digital independiente, fundado en 2012, con base en Asturias. Informamos con rigor sobre actualidad, sociedad, cultura y ocio, con una mirada local y global.","url":"https:\/\/candas365.es\/noticias\/","email":"info@candas365.es","telephone":"+34652131393","foundingDate":"2012-06-10","logo":{"@type":"ImageObject","url":"https:\/\/candas365.es\/noticias\/wp-content\/uploads\/2024\/09\/Candas-365-Redes.jpg","@id":"https:\/\/candas365.es\/noticias\/8-de-marzo-en-carreno\/#organizationLogo","width":1152,"height":864,"caption":"Cand\u00e1s 365 Redes"},"image":{"@id":"https:\/\/candas365.es\/noticias\/8-de-marzo-en-carreno\/#organizationLogo"},"sameAs":["https:\/\/www.facebook.com\/Nachofdezber","https:\/\/x.com\/NabercoDigital","https:\/\/www.instagram.com\/nachofdezber\/","https:\/\/www.youtube.com\/channel\/UCZP-2wLEB9Rv6erhFmqVnvg"],"address":{"@id":"https:\/\/candas365.es\/noticias\/#postaladdress","@type":"PostalAddress","streetAddress":"san antonio 4, san antonio 4","postalCode":"33430","addressLocality":"Cand\u00e1s","addressRegion":"Asturias","addressCountry":"ES"}},{"@type":"Person","@id":"https:\/\/candas365.es\/noticias\/author\/admin\/#author","url":"https:\/\/candas365.es\/noticias\/author\/admin\/","name":"Cand\u00e1s 365","image":{"@type":"ImageObject","@id":"https:\/\/candas365.es\/noticias\/8-de-marzo-en-carreno\/#authorImage","url":"https:\/\/secure.gravatar.com\/avatar\/496a8e03d0c493ede1718b7934145dbdf8d89be1036b0eec9544e1094c9de390?s=96&d=mm&r=g","width":96,"height":96,"caption":"Cand\u00e1s 365"},"sameAs":["https:\/\/www.facebook.com\/carrenoactualidad","https:\/\/twitter.com\/nbasturias","https:\/\/www.instagram.com\/nachofdezber\/","https:\/\/www.youtube.com\/channel\/UCZP-2wLEB9Rv6erhFmqVnvg"]},{"@type":"WebPage","@id":"https:\/\/candas365.es\/noticias\/8-de-marzo-en-carreno\/#webpage","url":"https:\/\/candas365.es\/noticias\/8-de-marzo-en-carreno\/","name":"8 de Marzo en Carre\u00f1o | Cand\u00e1s 365","description":"La representaci\u00f3n del movimiento asociativo femenino del concejo se reuni\u00f3 en la Casa de Encuentros para ultimar el programa previsto en torno al 8 de Marzo en el concejo. \u201cComo todos los a\u00f1os las actividades que se programan no se circunscriben a una fecha concreta, el d\u00eda Internacional, sino que son transversales y se desarrollan","inLanguage":"es-ES","isPartOf":{"@id":"https:\/\/candas365.es\/noticias\/#website"},"breadcrumb":{"@id":"https:\/\/candas365.es\/noticias\/8-de-marzo-en-carreno\/#breadcrumblist"},"author":{"@id":"https:\/\/candas365.es\/noticias\/author\/admin\/#author"},"creator":{"@id":"https:\/\/candas365.es\/noticias\/author\/admin\/#author"},"image":{"@type":"ImageObject","url":"https:\/\/candas365.es\/noticias\/wp-content\/uploads\/2020\/03\/8m.jpg","@id":"https:\/\/candas365.es\/noticias\/8-de-marzo-en-carreno\/#mainImage","width":1085,"height":711},"primaryImageOfPage":{"@id":"https:\/\/candas365.es\/noticias\/8-de-marzo-en-carreno\/#mainImage"},"datePublished":"2020-03-05T01:10:31+01:00","dateModified":"2020-03-05T01:10:31+01:00"},{"@type":"WebSite","@id":"https:\/\/candas365.es\/noticias\/#website","url":"https:\/\/candas365.es\/noticias\/","name":"Cand\u00e1s 365","alternateName":"Cand\u00e1s 365 Noticias","description":"Actualidad desde Carre\u00f1o para el mundo","inLanguage":"es-ES","publisher":{"@id":"https:\/\/candas365.es\/noticias\/#organization"}}]},"og:locale":"es_ES","og:site_name":"Cand\u00e1s 365","og:type":"article","og:title":"8 de Marzo en Carre\u00f1o | Cand\u00e1s 365","og:description":"La representaci\u00f3n del movimiento asociativo femenino del concejo se reuni\u00f3 en la Casa de Encuentros para ultimar el programa previsto en torno al 8 de Marzo en el concejo. \u201cComo todos los a\u00f1os las actividades que se programan no se circunscriben a una fecha concreta, el d\u00eda Internacional, sino que son transversales y se desarrollan","og:url":"https:\/\/candas365.es\/noticias\/8-de-marzo-en-carreno\/","og:image":"https:\/\/candas365.es\/noticias\/wp-content\/uploads\/2020\/03\/8m.jpg","og:image:secure_url":"https:\/\/candas365.es\/noticias\/wp-content\/uploads\/2020\/03\/8m.jpg","og:image:width":1085,"og:image:height":711,"article:published_time":"2020-03-05T01:10:31+00:00","article:modified_time":"2020-03-05T01:10:31+00:00","article:publisher":"https:\/\/www.facebook.com\/Nachofdezber","article:author":"https:\/\/www.facebook.com\/carrenoactualidad","twitter:card":"summary_large_image","twitter:site":"@NabercoDigital","twitter:title":"8 de Marzo en Carre\u00f1o | Cand\u00e1s 365","twitter:description":"La representaci\u00f3n del movimiento asociativo femenino del concejo se reuni\u00f3 en la Casa de Encuentros para ultimar el programa previsto en torno al 8 de Marzo en el concejo. \u201cComo todos los a\u00f1os las actividades que se programan no se circunscriben a una fecha concreta, el d\u00eda Internacional, sino que son transversales y se desarrollan","twitter:creator":"@nbasturias","twitter:image":"https:\/\/candas365.es\/noticias\/wp-content\/uploads\/2020\/03\/8m.jpg","twitter:label1":"Escrito por","twitter:data1":"Cand\u00e1s 365","twitter:label2":"Tiempo de lectura estimado","twitter:data2":"4 minutos"},"aioseo_meta_data":{"post_id":"139149","title":null,"description":null,"keywords":null,"keyphrases":null,"primary_term":null,"canonical_url":null,"og_title":null,"og_description":null,"og_object_type":"default","og_image_type":"default","og_image_url":null,"og_image_width":null,"og_image_height":null,"og_image_custom_url":null,"og_image_custom_fields":null,"og_video":null,"og_custom_url":null,"og_article_section":null,"og_article_tags":null,"twitter_use_og":false,"twitter_card":"default","twitter_image_type":"default","twitter_image_url":null,"twitter_image_custom_url":null,"twitter_image_custom_fields":null,"twitter_title":null,"twitter_description":null,"schema":{"blockGraphs":[],"customGraphs":[],"default":{"data":{"Article":[],"Course":[],"Dataset":[],"FAQPage":[],"Movie":[],"Person":[],"Product":[],"ProductReview":[],"Car":[],"Recipe":[],"Service":[],"SoftwareApplication":[],"WebPage":[]},"graphName":"","isEnabled":true},"graphs":[],"defaultGraph":"","defaultPostTypeGraph":""},"schema_type":null,"schema_type_options":null,"pillar_content":false,"robots_default":true,"robots_noindex":false,"robots_noarchive":false,"robots_nosnippet":false,"robots_nofollow":false,"robots_noimageindex":false,"robots_noodp":false,"robots_notranslate":false,"robots_max_snippet":null,"robots_max_videopreview":null,"robots_max_imagepreview":"large","priority":null,"frequency":null,"location":null,"local_seo":null,"seo_analyzer_scan_date":"2025-08-31 01:10:17","breadcrumb_settings":null,"limit_modified_date":false,"reviewed_by":null,"open_ai":null,"ai":null,"created":"2020-12-21 10:44:42","updated":"2025-08-31 01:10:17"},"aioseo_breadcrumb":"<div class=\"aioseo-breadcrumbs\"><span class=\"aioseo-breadcrumb\">\n\t<a href=\"https:\/\/candas365.es\/noticias\" title=\"Home\">Home<\/a>\n<\/span><span class=\"aioseo-breadcrumb-separator\">&ndash;<\/span><span class=\"aioseo-breadcrumb\">\n\t<a href=\"https:\/\/candas365.es\/noticias\/category\/noticias-carreno\/\" title=\"Noticias Carre\u00f1o\">Noticias Carre\u00f1o<\/a>\n<\/span><span class=\"aioseo-breadcrumb-separator\">&ndash;<\/span><span class=\"aioseo-breadcrumb\">\n\t8 de Marzo en Carre\u00f1o\n<\/span><\/div>","aioseo_breadcrumb_json":[{"label":"Home","link":"https:\/\/candas365.es\/noticias"},{"label":"Noticias Carre\u00f1o","link":"https:\/\/candas365.es\/noticias\/category\/noticias-carreno\/"},{"label":"8 de Marzo en Carre\u00f1o","link":"https:\/\/candas365.es\/noticias\/8-de-marzo-en-carreno\/"}],"_links":{"self":[{"href":"https:\/\/candas365.es\/noticias\/wp-json\/wp\/v2\/posts\/139149","targetHints":{"allow":["GET"]}}],"collection":[{"href":"https:\/\/candas365.es\/noticias\/wp-json\/wp\/v2\/posts"}],"about":[{"href":"https:\/\/candas365.es\/noticias\/wp-json\/wp\/v2\/types\/post"}],"author":[{"embeddable":true,"href":"https:\/\/candas365.es\/noticias\/wp-json\/wp\/v2\/users\/1"}],"replies":[{"embeddable":true,"href":"https:\/\/candas365.es\/noticias\/wp-json\/wp\/v2\/comments?post=139149"}],"version-history":[{"count":0,"href":"https:\/\/candas365.es\/noticias\/wp-json\/wp\/v2\/posts\/139149\/revisions"}],"wp:featuredmedia":[{"embeddable":true,"href":"https:\/\/candas365.es\/noticias\/wp-json\/wp\/v2\/media\/139150"}],"wp:attachment":[{"href":"https:\/\/candas365.es\/noticias\/wp-json\/wp\/v2\/media?parent=139149"}],"wp:term":[{"taxonomy":"category","embeddable":true,"href":"https:\/\/candas365.es\/noticias\/wp-json\/wp\/v2\/categories?post=139149"},{"taxonomy":"post_tag","embeddable":true,"href":"https:\/\/candas365.es\/noticias\/wp-json\/wp\/v2\/tags?post=139149"}],"curies":[{"name":"wp","href":"https:\/\/api.w.org\/{rel}","templated":true}]}}