{"id":138873,"date":"2020-02-27T12:52:15","date_gmt":"2020-02-27T12:52:15","guid":{"rendered":"http:\/\/candas365.es\/noticias\/?p=138873"},"modified":"2020-02-27T12:52:15","modified_gmt":"2020-02-27T12:52:15","slug":"el-sabado-nueva-edicion-de-la-xv-ronda-de-teatro-por-carreno","status":"publish","type":"post","link":"https:\/\/candas365.es\/noticias\/el-sabado-nueva-edicion-de-la-xv-ronda-de-teatro-por-carreno\/","title":{"rendered":"El s\u00e1bado nueva edici\u00f3n de la \u201cXV Ronda de Teatro\u201d por Carre\u00f1o"},"content":{"rendered":"<figure id=\"attachment_95074\" aria-describedby=\"caption-attachment-95074\" style=\"width: 360px\" class=\"wp-caption alignleft\"><img fetchpriority=\"high\" decoding=\"async\" class=\"wp-image-95074 size-medium\" src=\"https:\/\/candas365.es\/noticias\/wp-content\/uploads\/2018\/05\/Les-Ayalgues-360x270.jpg\" alt=\"\" width=\"360\" height=\"270\" srcset=\"https:\/\/candas365.es\/noticias\/wp-content\/uploads\/2018\/05\/Les-Ayalgues-360x270.jpg 360w, https:\/\/candas365.es\/noticias\/wp-content\/uploads\/2018\/05\/Les-Ayalgues-768x576.jpg 768w, https:\/\/candas365.es\/noticias\/wp-content\/uploads\/2018\/05\/Les-Ayalgues-640x480.jpg 640w, https:\/\/candas365.es\/noticias\/wp-content\/uploads\/2018\/05\/Les-Ayalgues-80x60.jpg 80w, https:\/\/candas365.es\/noticias\/wp-content\/uploads\/2018\/05\/Les-Ayalgues-265x198.jpg 265w, https:\/\/candas365.es\/noticias\/wp-content\/uploads\/2018\/05\/Les-Ayalgues-696x522.jpg 696w, https:\/\/candas365.es\/noticias\/wp-content\/uploads\/2018\/05\/Les-Ayalgues-1068x801.jpg 1068w, https:\/\/candas365.es\/noticias\/wp-content\/uploads\/2018\/05\/Les-Ayalgues-560x420.jpg 560w, https:\/\/candas365.es\/noticias\/wp-content\/uploads\/2018\/05\/Les-Ayalgues.jpg 1280w\" sizes=\"(max-width: 360px) 100vw, 360px\" \/><figcaption id=\"caption-attachment-95074\" class=\"wp-caption-text\">FOTO ARCHIVO CEDIDA POR AYTO CARRE\u00d1O<\/figcaption><\/figure>\n<p><strong>Los Grupo de Teatro \u201cLes Ayalgues de Carre\u00f1o\u201d y \u201cPadre Coll\u201d de La Felguera ser\u00e1n los protagonistas en Carri\u00f3 de la quinta sesi\u00f3n de la \u201cXV Ronda de Teatro\u201d por Carre\u00f1o<\/strong>. Una ronda que este s\u00e1bado 29 de febrero llega a su ecuador con la representaci\u00f3n a las 19:00 horas en las instalaciones de las Antiguas Escuelas del Band\u00edn de la parroquia.<\/p>\n<p>La \u201cXV Ronda de Teatro por Carre\u00f1o es un programa cultural itinerante cuyo objetivo es, y sigue siendo, acercar el arte y la cultura a la ciudadan\u00eda para su disfrute en su zona m\u00e1s pr\u00f3xima. Un programa que forma parte de una l\u00ednea de trabajo con la que se pretende conseguir un acceso de toda la ciudadan\u00eda, en igual de condiciones, a unos servicios p\u00fablicos de calidad, una forma de luchar contra la emigraci\u00f3n de la poblaci\u00f3n a las ciudades o a n\u00facleos mayores. Una manera de entender la sociedad en la que uno\/a no tiene que desplazarse de su entorno para asistir a una funci\u00f3n teatral, sino que es la actividad la que se desplaza a su entorno, hasta los Centros Sociales de las Parroquias.<\/p>\n<p>Una de las amplias aulas de las Antiguas Escuelas de Carri\u00f3 en El Band\u00edn es el escenario elegido para acoger esta quinta funci\u00f3n teatral en la que el GT \u201cPadre Coll\u201d podr\u00e1 en escena la obra \u201cSainetes Asturianos\u00bb, pero primero el p\u00fablico asistente podr\u00e1 disfrutar del humor y de buen hacer del grupo de teatro local \u201cLes Ayalgues de Carre\u00f1o\u201d.<\/p>\n<p>El Grupo de Teatro \u201cLes Ayalgues de Carre\u00f1o\u201d bajo la direcci\u00f3n de Gema de Luis interpretar\u00e1n dos mon\u00f3logos.<\/p>\n<p>\u201cLes Ayalgues\u201d est\u00e1 formado por una veintena de actrices llenas de vitalidad e iniciativa, que desde hace a\u00f1os recorren Asturias representando obras teatrales y mon\u00f3logos en las que transmiten la cultura y la lengua asturiana. Comenzando su andadura tras su participaci\u00f3n en un taller de iniciaci\u00f3n al teatro dentro del programa regional \u201cTiempo Propio\u201d, donde descubrieron su inter\u00e9s por las artes esc\u00e9nicas. Tras la finalizaci\u00f3n de este solicitaron a la Concejal\u00eda de Igualdad el impulsar una actividad teatral para ellas en el Concejo. As\u00ed comenzaron un taller de teatro con la profesional asturiana Gema de Luis, la que a d\u00eda de hoy sigue siendo su directora. De ah\u00ed surgi\u00f3 la creaci\u00f3n de su grupo de teatro.<\/p>\n<p>Pero no s\u00f3lo escenifican mon\u00f3logos si no en su haber tiene una nutrida selecci\u00f3n de obras teatrales de todos los g\u00e9neros en los que destaca su \u00faltimo estreno en el mes de octubre en el Teatro Prendes de Cand\u00e1s, la obra del poeta y dramaturgo Federico Garc\u00eda Lorca \u201cDo\u00f1a Rosita la Soltera\u201d.<\/p>\n<p>Tras ellas ser\u00e1 el turno, la bajo la direcci\u00f3n de Juan Jos\u00e9 Navarrete, del Grupo de Teatro \u201cPadre Coll\u201d de la Felguera con la obra \u201cSainetes Asturianos\u201d.<\/p>\n<p>El Grupo de Teatro \u201cPadre Coll\u201d de la Felguera se funda oficialmente en diciembre de 2001 como agrupaci\u00f3n art\u00edstico-cultural destinada a las actividades coral y teatral. El principal objetivo de este colectivo era, y sigue siendo,poder divertirse a trav\u00e9s de una actividad com\u00fan y hacer que las personas que se convierten en su p\u00fablico tambi\u00e9n se diviertan. El grupo comienza su andadura con actuaciones en colegios y asociaciones de Langreo, inscribi\u00e9ndose en el programa de Barrios de este ayuntamiento.<\/p>\n<p>Poco a poco el grupo de teatro va creciendo en actividad y calidad, siendo el a\u00f1o 2006 una importante fecha para el colectivo, al entra a formar parte de FETEAS (Federaci\u00f3n de Teatro Amateur de Asturias) y representar por primera vez una obra fuera de su concejo (en el Sal\u00f3n de Teatro Costumbrista de Cand\u00e1s). Lo que supuso para el grupo multiplicar sus actuaciones y reconocimientos.<\/p>\n<p>Esta compa\u00f1\u00eda tiene un estilo propio que la sit\u00faa entre la comedia y el costumbrismo asturiano, con gran aceptaci\u00f3n entre el p\u00fablico. Como lo pone de manifiesto la comedia que representar\u00e1n este s\u00e1bado en Carri\u00f3 \u201cSainetes Asturianos\u201d de Jos\u00e9 Ram\u00f3n Oliva y Angel Men\u00e9ndez Blanco (Anxelu).<\/p>\n<p>\u00abSainetes Asturianos\u00bb recrea tres historias diferentes:<\/p>\n<ul>\n<li>\u201cAmores ri\u00f1\u00edos\u201d: un d\u00eda cotidiano de la vida del matrimonio formado por Telva y Ant\u00f3n.<br \/>\n\u2022 \u201cCoples del ciegu\u201d: la historia de un ciego y su lazarillo por los pueblos de Asturias, sus an\u00e9cdotas, mentiras ,\u2026 para ir tirando.<br \/>\n\u2022 \u201cAsistencia social\u201d: la relaci\u00f3n entre Blasa y su asistenta social, la cual siempre llega tarde, se va antes de la hora.<\/li>\n<\/ul>\n<p>La \u201cTarde de Teatro\u201d tendr\u00e1 lugar el s\u00e1bado 29 de febreroa las 19:00 horas en las instalaciones de las Antiguas Escuelas del Band\u00edn en Carri\u00f3. La entrada ser\u00e1 libre y gratuita hasta completar el aforo disponible.<\/p>\n<p>La pr\u00f3xima funci\u00f3n de la XV Ronda Teatral tendr\u00e1 lugar el s\u00e1bado 21 de marzo en Amb\u00e1s en las Antiguas Escuelasa las 19:00. En esa ocasi\u00f3n el GT \u201dEl H\u00f3rreo\u201d representar\u00e1 la obra \u201cMucho ruido por unes nueces\u201d pero primero podremos disfrutar de la voz de Maribel Gonz\u00e1lez Mor\u00e1n y de los sonidos de la gaita de la mano de Ram\u00f3n Garc\u00eda .<\/p>\n<p>&nbsp;<\/p>\n","protected":false},"excerpt":{"rendered":"<p>Los Grupo de Teatro \u201cLes Ayalgues de Carre\u00f1o\u201d y \u201cPadre Coll\u201d de La Felguera ser\u00e1n los protagonistas en Carri\u00f3 de la quinta sesi\u00f3n de la \u201cXV Ronda de Teatro\u201d por Carre\u00f1o. Una ronda que este s\u00e1bado 29 de febrero llega a su ecuador con la representaci\u00f3n a las 19:00 horas en las instalaciones de las<\/p>\n","protected":false},"author":1,"featured_media":95074,"comment_status":"closed","ping_status":"closed","sticky":false,"template":"","format":"standard","meta":{"footnotes":""},"categories":[2],"tags":[],"class_list":{"0":"post-138873","1":"post","2":"type-post","3":"status-publish","4":"format-standard","5":"has-post-thumbnail","7":"category-noticias-carreno"},"aioseo_notices":[],"aioseo_head":"\n\t\t<!-- All in One SEO Pro 4.9.6.2 - aioseo.com -->\n\t<meta name=\"description\" content=\"Los Grupo de Teatro \u201cLes Ayalgues de Carre\u00f1o\u201d y \u201cPadre Coll\u201d de La Felguera ser\u00e1n los protagonistas en Carri\u00f3 de la quinta sesi\u00f3n de la \u201cXV Ronda de Teatro\u201d por Carre\u00f1o. Una ronda que este s\u00e1bado 29 de febrero llega a su ecuador con la representaci\u00f3n a las 19:00 horas en las instalaciones de las\" \/>\n\t<meta name=\"robots\" content=\"max-image-preview:large\" \/>\n\t<meta name=\"author\" content=\"Cand\u00e1s 365\"\/>\n\t<meta name=\"google-site-verification\" content=\"UA-32230408-1\" \/>\n\t<meta name=\"msvalidate.01\" content=\"354F3CDFB2DA171B47FBE9ABF1F88D5\" \/>\n\t<meta name=\"keywords\" content=\"noticias carre\u00f1o\" \/>\n\t<link rel=\"canonical\" href=\"https:\/\/candas365.es\/noticias\/el-sabado-nueva-edicion-de-la-xv-ronda-de-teatro-por-carreno\/\" \/>\n\t<meta name=\"generator\" content=\"All in One SEO Pro (AIOSEO) 4.9.6.2\" \/>\n\t\t<meta property=\"og:locale\" content=\"es_ES\" \/>\n\t\t<meta property=\"og:site_name\" content=\"Cand\u00e1s 365\" \/>\n\t\t<meta property=\"og:type\" content=\"article\" \/>\n\t\t<meta property=\"og:title\" content=\"El s\u00e1bado nueva edici\u00f3n de la \u201cXV Ronda de Teatro\u201d por Carre\u00f1o | Cand\u00e1s 365\" \/>\n\t\t<meta property=\"og:description\" content=\"Los Grupo de Teatro \u201cLes Ayalgues de Carre\u00f1o\u201d y \u201cPadre Coll\u201d de La Felguera ser\u00e1n los protagonistas en Carri\u00f3 de la quinta sesi\u00f3n de la \u201cXV Ronda de Teatro\u201d por Carre\u00f1o. Una ronda que este s\u00e1bado 29 de febrero llega a su ecuador con la representaci\u00f3n a las 19:00 horas en las instalaciones de las\" \/>\n\t\t<meta property=\"og:url\" content=\"https:\/\/candas365.es\/noticias\/el-sabado-nueva-edicion-de-la-xv-ronda-de-teatro-por-carreno\/\" \/>\n\t\t<meta property=\"og:image\" content=\"https:\/\/candas365.es\/noticias\/wp-content\/uploads\/2018\/05\/Les-Ayalgues.jpg\" \/>\n\t\t<meta property=\"og:image:secure_url\" content=\"https:\/\/candas365.es\/noticias\/wp-content\/uploads\/2018\/05\/Les-Ayalgues.jpg\" \/>\n\t\t<meta property=\"og:image:width\" content=\"1280\" \/>\n\t\t<meta property=\"og:image:height\" content=\"960\" \/>\n\t\t<meta property=\"article:published_time\" content=\"2020-02-27T12:52:15+00:00\" \/>\n\t\t<meta property=\"article:modified_time\" content=\"2020-02-27T12:52:15+00:00\" \/>\n\t\t<meta property=\"article:publisher\" content=\"https:\/\/www.facebook.com\/Nachofdezber\" \/>\n\t\t<meta property=\"article:author\" content=\"https:\/\/www.facebook.com\/carrenoactualidad\" \/>\n\t\t<meta name=\"twitter:card\" content=\"summary_large_image\" \/>\n\t\t<meta name=\"twitter:site\" content=\"@NabercoDigital\" \/>\n\t\t<meta name=\"twitter:title\" content=\"El s\u00e1bado nueva edici\u00f3n de la \u201cXV Ronda de Teatro\u201d por Carre\u00f1o | Cand\u00e1s 365\" \/>\n\t\t<meta name=\"twitter:description\" content=\"Los Grupo de Teatro \u201cLes Ayalgues de Carre\u00f1o\u201d y \u201cPadre Coll\u201d de La Felguera ser\u00e1n los protagonistas en Carri\u00f3 de la quinta sesi\u00f3n de la \u201cXV Ronda de Teatro\u201d por Carre\u00f1o. Una ronda que este s\u00e1bado 29 de febrero llega a su ecuador con la representaci\u00f3n a las 19:00 horas en las instalaciones de las\" \/>\n\t\t<meta name=\"twitter:creator\" content=\"@nbasturias\" \/>\n\t\t<meta name=\"twitter:image\" content=\"https:\/\/candas365.es\/noticias\/wp-content\/uploads\/2018\/05\/Les-Ayalgues.jpg\" \/>\n\t\t<meta name=\"twitter:label1\" content=\"Escrito por\" \/>\n\t\t<meta name=\"twitter:data1\" content=\"Cand\u00e1s 365\" \/>\n\t\t<meta name=\"twitter:label2\" content=\"Tiempo de lectura estimado\" \/>\n\t\t<meta name=\"twitter:data2\" content=\"5 minutos\" \/>\n\t\t<script type=\"application\/ld+json\" class=\"aioseo-schema\">\n\t\t\t{\"@context\":\"https:\\\/\\\/schema.org\",\"@graph\":[{\"@type\":\"BreadcrumbList\",\"@id\":\"https:\\\/\\\/candas365.es\\\/noticias\\\/el-sabado-nueva-edicion-de-la-xv-ronda-de-teatro-por-carreno\\\/#breadcrumblist\",\"itemListElement\":[{\"@type\":\"ListItem\",\"@id\":\"https:\\\/\\\/candas365.es\\\/noticias#listItem\",\"position\":1,\"name\":\"Home\",\"item\":\"https:\\\/\\\/candas365.es\\\/noticias\",\"nextItem\":{\"@type\":\"ListItem\",\"@id\":\"https:\\\/\\\/candas365.es\\\/noticias\\\/category\\\/noticias-carreno\\\/#listItem\",\"name\":\"Noticias Carre\\u00f1o\"}},{\"@type\":\"ListItem\",\"@id\":\"https:\\\/\\\/candas365.es\\\/noticias\\\/category\\\/noticias-carreno\\\/#listItem\",\"position\":2,\"name\":\"Noticias Carre\\u00f1o\",\"item\":\"https:\\\/\\\/candas365.es\\\/noticias\\\/category\\\/noticias-carreno\\\/\",\"nextItem\":{\"@type\":\"ListItem\",\"@id\":\"https:\\\/\\\/candas365.es\\\/noticias\\\/el-sabado-nueva-edicion-de-la-xv-ronda-de-teatro-por-carreno\\\/#listItem\",\"name\":\"El s\\u00e1bado nueva edici\\u00f3n de la \\u201cXV Ronda de Teatro\\u201d por Carre\\u00f1o\"},\"previousItem\":{\"@type\":\"ListItem\",\"@id\":\"https:\\\/\\\/candas365.es\\\/noticias#listItem\",\"name\":\"Home\"}},{\"@type\":\"ListItem\",\"@id\":\"https:\\\/\\\/candas365.es\\\/noticias\\\/el-sabado-nueva-edicion-de-la-xv-ronda-de-teatro-por-carreno\\\/#listItem\",\"position\":3,\"name\":\"El s\\u00e1bado nueva edici\\u00f3n de la \\u201cXV Ronda de Teatro\\u201d por Carre\\u00f1o\",\"previousItem\":{\"@type\":\"ListItem\",\"@id\":\"https:\\\/\\\/candas365.es\\\/noticias\\\/category\\\/noticias-carreno\\\/#listItem\",\"name\":\"Noticias Carre\\u00f1o\"}}]},{\"@type\":\"NewsArticle\",\"@id\":\"https:\\\/\\\/candas365.es\\\/noticias\\\/el-sabado-nueva-edicion-de-la-xv-ronda-de-teatro-por-carreno\\\/#newsarticle\",\"name\":\"El s\\u00e1bado nueva edici\\u00f3n de la \\u201cXV Ronda de Teatro\\u201d por Carre\\u00f1o | Cand\\u00e1s 365\",\"headline\":\"El s\\u00e1bado nueva edici\\u00f3n de la \\u201cXV Ronda de Teatro\\u201d por Carre\\u00f1o\",\"author\":{\"@id\":\"https:\\\/\\\/candas365.es\\\/noticias\\\/author\\\/admin\\\/#author\"},\"publisher\":{\"@id\":\"https:\\\/\\\/candas365.es\\\/noticias\\\/#organization\"},\"image\":{\"@type\":\"ImageObject\",\"url\":\"https:\\\/\\\/candas365.es\\\/noticias\\\/wp-content\\\/uploads\\\/2018\\\/05\\\/Les-Ayalgues.jpg\",\"width\":1280,\"height\":960},\"datePublished\":\"2020-02-27T12:52:15+01:00\",\"dateModified\":\"2020-02-27T12:52:15+01:00\",\"inLanguage\":\"es-ES\",\"mainEntityOfPage\":{\"@id\":\"https:\\\/\\\/candas365.es\\\/noticias\\\/el-sabado-nueva-edicion-de-la-xv-ronda-de-teatro-por-carreno\\\/#webpage\"},\"isPartOf\":{\"@id\":\"https:\\\/\\\/candas365.es\\\/noticias\\\/el-sabado-nueva-edicion-de-la-xv-ronda-de-teatro-por-carreno\\\/#webpage\"},\"articleSection\":\"Noticias Carre\\u00f1o\",\"dateline\":\"Publicado el febrero 27, 2020.\"},{\"@type\":\"Organization\",\"@id\":\"https:\\\/\\\/candas365.es\\\/noticias\\\/#organization\",\"name\":\"Cand\\u00e1s 365\",\"description\":\"Cand\\u00e1s 365 es un diario digital independiente, fundado en 2012, con base en Asturias. Informamos con rigor sobre actualidad, sociedad, cultura y ocio, con una mirada local y global.\",\"url\":\"https:\\\/\\\/candas365.es\\\/noticias\\\/\",\"email\":\"info@candas365.es\",\"telephone\":\"+34652131393\",\"foundingDate\":\"2012-06-10\",\"logo\":{\"@type\":\"ImageObject\",\"url\":\"https:\\\/\\\/candas365.es\\\/noticias\\\/wp-content\\\/uploads\\\/2024\\\/09\\\/Candas-365-Redes.jpg\",\"@id\":\"https:\\\/\\\/candas365.es\\\/noticias\\\/el-sabado-nueva-edicion-de-la-xv-ronda-de-teatro-por-carreno\\\/#organizationLogo\",\"width\":1152,\"height\":864,\"caption\":\"Cand\\u00e1s 365 Redes\"},\"image\":{\"@id\":\"https:\\\/\\\/candas365.es\\\/noticias\\\/el-sabado-nueva-edicion-de-la-xv-ronda-de-teatro-por-carreno\\\/#organizationLogo\"},\"sameAs\":[\"https:\\\/\\\/www.facebook.com\\\/Nachofdezber\",\"https:\\\/\\\/x.com\\\/NabercoDigital\",\"https:\\\/\\\/www.instagram.com\\\/nachofdezber\\\/\",\"https:\\\/\\\/www.youtube.com\\\/channel\\\/UCZP-2wLEB9Rv6erhFmqVnvg\"],\"address\":{\"@id\":\"https:\\\/\\\/candas365.es\\\/noticias\\\/#postaladdress\",\"@type\":\"PostalAddress\",\"streetAddress\":\"san antonio 4, san antonio 4\",\"postalCode\":\"33430\",\"addressLocality\":\"Cand\\u00e1s\",\"addressRegion\":\"Asturias\",\"addressCountry\":\"ES\"}},{\"@type\":\"Person\",\"@id\":\"https:\\\/\\\/candas365.es\\\/noticias\\\/author\\\/admin\\\/#author\",\"url\":\"https:\\\/\\\/candas365.es\\\/noticias\\\/author\\\/admin\\\/\",\"name\":\"Cand\\u00e1s 365\",\"image\":{\"@type\":\"ImageObject\",\"@id\":\"https:\\\/\\\/candas365.es\\\/noticias\\\/el-sabado-nueva-edicion-de-la-xv-ronda-de-teatro-por-carreno\\\/#authorImage\",\"url\":\"https:\\\/\\\/secure.gravatar.com\\\/avatar\\\/496a8e03d0c493ede1718b7934145dbdf8d89be1036b0eec9544e1094c9de390?s=96&d=mm&r=g\",\"width\":96,\"height\":96,\"caption\":\"Cand\\u00e1s 365\"},\"sameAs\":[\"https:\\\/\\\/www.facebook.com\\\/carrenoactualidad\",\"https:\\\/\\\/twitter.com\\\/nbasturias\",\"https:\\\/\\\/www.instagram.com\\\/nachofdezber\\\/\",\"https:\\\/\\\/www.youtube.com\\\/channel\\\/UCZP-2wLEB9Rv6erhFmqVnvg\"]},{\"@type\":\"WebPage\",\"@id\":\"https:\\\/\\\/candas365.es\\\/noticias\\\/el-sabado-nueva-edicion-de-la-xv-ronda-de-teatro-por-carreno\\\/#webpage\",\"url\":\"https:\\\/\\\/candas365.es\\\/noticias\\\/el-sabado-nueva-edicion-de-la-xv-ronda-de-teatro-por-carreno\\\/\",\"name\":\"El s\\u00e1bado nueva edici\\u00f3n de la \\u201cXV Ronda de Teatro\\u201d por Carre\\u00f1o | Cand\\u00e1s 365\",\"description\":\"Los Grupo de Teatro \\u201cLes Ayalgues de Carre\\u00f1o\\u201d y \\u201cPadre Coll\\u201d de La Felguera ser\\u00e1n los protagonistas en Carri\\u00f3 de la quinta sesi\\u00f3n de la \\u201cXV Ronda de Teatro\\u201d por Carre\\u00f1o. Una ronda que este s\\u00e1bado 29 de febrero llega a su ecuador con la representaci\\u00f3n a las 19:00 horas en las instalaciones de las\",\"inLanguage\":\"es-ES\",\"isPartOf\":{\"@id\":\"https:\\\/\\\/candas365.es\\\/noticias\\\/#website\"},\"breadcrumb\":{\"@id\":\"https:\\\/\\\/candas365.es\\\/noticias\\\/el-sabado-nueva-edicion-de-la-xv-ronda-de-teatro-por-carreno\\\/#breadcrumblist\"},\"author\":{\"@id\":\"https:\\\/\\\/candas365.es\\\/noticias\\\/author\\\/admin\\\/#author\"},\"creator\":{\"@id\":\"https:\\\/\\\/candas365.es\\\/noticias\\\/author\\\/admin\\\/#author\"},\"image\":{\"@type\":\"ImageObject\",\"url\":\"https:\\\/\\\/candas365.es\\\/noticias\\\/wp-content\\\/uploads\\\/2018\\\/05\\\/Les-Ayalgues.jpg\",\"@id\":\"https:\\\/\\\/candas365.es\\\/noticias\\\/el-sabado-nueva-edicion-de-la-xv-ronda-de-teatro-por-carreno\\\/#mainImage\",\"width\":1280,\"height\":960},\"primaryImageOfPage\":{\"@id\":\"https:\\\/\\\/candas365.es\\\/noticias\\\/el-sabado-nueva-edicion-de-la-xv-ronda-de-teatro-por-carreno\\\/#mainImage\"},\"datePublished\":\"2020-02-27T12:52:15+01:00\",\"dateModified\":\"2020-02-27T12:52:15+01:00\"},{\"@type\":\"WebSite\",\"@id\":\"https:\\\/\\\/candas365.es\\\/noticias\\\/#website\",\"url\":\"https:\\\/\\\/candas365.es\\\/noticias\\\/\",\"name\":\"Cand\\u00e1s 365\",\"alternateName\":\"Cand\\u00e1s 365 Noticias\",\"description\":\"Actualidad desde Carre\\u00f1o para el mundo\",\"inLanguage\":\"es-ES\",\"publisher\":{\"@id\":\"https:\\\/\\\/candas365.es\\\/noticias\\\/#organization\"}}]}\n\t\t<\/script>\n\t\t<!-- All in One SEO Pro -->\r\n\t\t<title>El s\u00e1bado nueva edici\u00f3n de la \u201cXV Ronda de Teatro\u201d por Carre\u00f1o | Cand\u00e1s 365<\/title>\n\n","aioseo_head_json":{"title":"El s\u00e1bado nueva edici\u00f3n de la \u201cXV Ronda de Teatro\u201d por Carre\u00f1o | Cand\u00e1s 365","description":"Los Grupo de Teatro \u201cLes Ayalgues de Carre\u00f1o\u201d y \u201cPadre Coll\u201d de La Felguera ser\u00e1n los protagonistas en Carri\u00f3 de la quinta sesi\u00f3n de la \u201cXV Ronda de Teatro\u201d por Carre\u00f1o. Una ronda que este s\u00e1bado 29 de febrero llega a su ecuador con la representaci\u00f3n a las 19:00 horas en las instalaciones de las","canonical_url":"https:\/\/candas365.es\/noticias\/el-sabado-nueva-edicion-de-la-xv-ronda-de-teatro-por-carreno\/","robots":"max-image-preview:large","keywords":"noticias carre\u00f1o","webmasterTools":{"google-site-verification":"UA-32230408-1","msvalidate.01":"354F3CDFB2DA171B47FBE9ABF1F88D5","miscellaneous":""},"schema":{"@context":"https:\/\/schema.org","@graph":[{"@type":"BreadcrumbList","@id":"https:\/\/candas365.es\/noticias\/el-sabado-nueva-edicion-de-la-xv-ronda-de-teatro-por-carreno\/#breadcrumblist","itemListElement":[{"@type":"ListItem","@id":"https:\/\/candas365.es\/noticias#listItem","position":1,"name":"Home","item":"https:\/\/candas365.es\/noticias","nextItem":{"@type":"ListItem","@id":"https:\/\/candas365.es\/noticias\/category\/noticias-carreno\/#listItem","name":"Noticias Carre\u00f1o"}},{"@type":"ListItem","@id":"https:\/\/candas365.es\/noticias\/category\/noticias-carreno\/#listItem","position":2,"name":"Noticias Carre\u00f1o","item":"https:\/\/candas365.es\/noticias\/category\/noticias-carreno\/","nextItem":{"@type":"ListItem","@id":"https:\/\/candas365.es\/noticias\/el-sabado-nueva-edicion-de-la-xv-ronda-de-teatro-por-carreno\/#listItem","name":"El s\u00e1bado nueva edici\u00f3n de la \u201cXV Ronda de Teatro\u201d por Carre\u00f1o"},"previousItem":{"@type":"ListItem","@id":"https:\/\/candas365.es\/noticias#listItem","name":"Home"}},{"@type":"ListItem","@id":"https:\/\/candas365.es\/noticias\/el-sabado-nueva-edicion-de-la-xv-ronda-de-teatro-por-carreno\/#listItem","position":3,"name":"El s\u00e1bado nueva edici\u00f3n de la \u201cXV Ronda de Teatro\u201d por Carre\u00f1o","previousItem":{"@type":"ListItem","@id":"https:\/\/candas365.es\/noticias\/category\/noticias-carreno\/#listItem","name":"Noticias Carre\u00f1o"}}]},{"@type":"NewsArticle","@id":"https:\/\/candas365.es\/noticias\/el-sabado-nueva-edicion-de-la-xv-ronda-de-teatro-por-carreno\/#newsarticle","name":"El s\u00e1bado nueva edici\u00f3n de la \u201cXV Ronda de Teatro\u201d por Carre\u00f1o | Cand\u00e1s 365","headline":"El s\u00e1bado nueva edici\u00f3n de la \u201cXV Ronda de Teatro\u201d por Carre\u00f1o","author":{"@id":"https:\/\/candas365.es\/noticias\/author\/admin\/#author"},"publisher":{"@id":"https:\/\/candas365.es\/noticias\/#organization"},"image":{"@type":"ImageObject","url":"https:\/\/candas365.es\/noticias\/wp-content\/uploads\/2018\/05\/Les-Ayalgues.jpg","width":1280,"height":960},"datePublished":"2020-02-27T12:52:15+01:00","dateModified":"2020-02-27T12:52:15+01:00","inLanguage":"es-ES","mainEntityOfPage":{"@id":"https:\/\/candas365.es\/noticias\/el-sabado-nueva-edicion-de-la-xv-ronda-de-teatro-por-carreno\/#webpage"},"isPartOf":{"@id":"https:\/\/candas365.es\/noticias\/el-sabado-nueva-edicion-de-la-xv-ronda-de-teatro-por-carreno\/#webpage"},"articleSection":"Noticias Carre\u00f1o","dateline":"Publicado el febrero 27, 2020."},{"@type":"Organization","@id":"https:\/\/candas365.es\/noticias\/#organization","name":"Cand\u00e1s 365","description":"Cand\u00e1s 365 es un diario digital independiente, fundado en 2012, con base en Asturias. Informamos con rigor sobre actualidad, sociedad, cultura y ocio, con una mirada local y global.","url":"https:\/\/candas365.es\/noticias\/","email":"info@candas365.es","telephone":"+34652131393","foundingDate":"2012-06-10","logo":{"@type":"ImageObject","url":"https:\/\/candas365.es\/noticias\/wp-content\/uploads\/2024\/09\/Candas-365-Redes.jpg","@id":"https:\/\/candas365.es\/noticias\/el-sabado-nueva-edicion-de-la-xv-ronda-de-teatro-por-carreno\/#organizationLogo","width":1152,"height":864,"caption":"Cand\u00e1s 365 Redes"},"image":{"@id":"https:\/\/candas365.es\/noticias\/el-sabado-nueva-edicion-de-la-xv-ronda-de-teatro-por-carreno\/#organizationLogo"},"sameAs":["https:\/\/www.facebook.com\/Nachofdezber","https:\/\/x.com\/NabercoDigital","https:\/\/www.instagram.com\/nachofdezber\/","https:\/\/www.youtube.com\/channel\/UCZP-2wLEB9Rv6erhFmqVnvg"],"address":{"@id":"https:\/\/candas365.es\/noticias\/#postaladdress","@type":"PostalAddress","streetAddress":"san antonio 4, san antonio 4","postalCode":"33430","addressLocality":"Cand\u00e1s","addressRegion":"Asturias","addressCountry":"ES"}},{"@type":"Person","@id":"https:\/\/candas365.es\/noticias\/author\/admin\/#author","url":"https:\/\/candas365.es\/noticias\/author\/admin\/","name":"Cand\u00e1s 365","image":{"@type":"ImageObject","@id":"https:\/\/candas365.es\/noticias\/el-sabado-nueva-edicion-de-la-xv-ronda-de-teatro-por-carreno\/#authorImage","url":"https:\/\/secure.gravatar.com\/avatar\/496a8e03d0c493ede1718b7934145dbdf8d89be1036b0eec9544e1094c9de390?s=96&d=mm&r=g","width":96,"height":96,"caption":"Cand\u00e1s 365"},"sameAs":["https:\/\/www.facebook.com\/carrenoactualidad","https:\/\/twitter.com\/nbasturias","https:\/\/www.instagram.com\/nachofdezber\/","https:\/\/www.youtube.com\/channel\/UCZP-2wLEB9Rv6erhFmqVnvg"]},{"@type":"WebPage","@id":"https:\/\/candas365.es\/noticias\/el-sabado-nueva-edicion-de-la-xv-ronda-de-teatro-por-carreno\/#webpage","url":"https:\/\/candas365.es\/noticias\/el-sabado-nueva-edicion-de-la-xv-ronda-de-teatro-por-carreno\/","name":"El s\u00e1bado nueva edici\u00f3n de la \u201cXV Ronda de Teatro\u201d por Carre\u00f1o | Cand\u00e1s 365","description":"Los Grupo de Teatro \u201cLes Ayalgues de Carre\u00f1o\u201d y \u201cPadre Coll\u201d de La Felguera ser\u00e1n los protagonistas en Carri\u00f3 de la quinta sesi\u00f3n de la \u201cXV Ronda de Teatro\u201d por Carre\u00f1o. Una ronda que este s\u00e1bado 29 de febrero llega a su ecuador con la representaci\u00f3n a las 19:00 horas en las instalaciones de las","inLanguage":"es-ES","isPartOf":{"@id":"https:\/\/candas365.es\/noticias\/#website"},"breadcrumb":{"@id":"https:\/\/candas365.es\/noticias\/el-sabado-nueva-edicion-de-la-xv-ronda-de-teatro-por-carreno\/#breadcrumblist"},"author":{"@id":"https:\/\/candas365.es\/noticias\/author\/admin\/#author"},"creator":{"@id":"https:\/\/candas365.es\/noticias\/author\/admin\/#author"},"image":{"@type":"ImageObject","url":"https:\/\/candas365.es\/noticias\/wp-content\/uploads\/2018\/05\/Les-Ayalgues.jpg","@id":"https:\/\/candas365.es\/noticias\/el-sabado-nueva-edicion-de-la-xv-ronda-de-teatro-por-carreno\/#mainImage","width":1280,"height":960},"primaryImageOfPage":{"@id":"https:\/\/candas365.es\/noticias\/el-sabado-nueva-edicion-de-la-xv-ronda-de-teatro-por-carreno\/#mainImage"},"datePublished":"2020-02-27T12:52:15+01:00","dateModified":"2020-02-27T12:52:15+01:00"},{"@type":"WebSite","@id":"https:\/\/candas365.es\/noticias\/#website","url":"https:\/\/candas365.es\/noticias\/","name":"Cand\u00e1s 365","alternateName":"Cand\u00e1s 365 Noticias","description":"Actualidad desde Carre\u00f1o para el mundo","inLanguage":"es-ES","publisher":{"@id":"https:\/\/candas365.es\/noticias\/#organization"}}]},"og:locale":"es_ES","og:site_name":"Cand\u00e1s 365","og:type":"article","og:title":"El s\u00e1bado nueva edici\u00f3n de la \u201cXV Ronda de Teatro\u201d por Carre\u00f1o | Cand\u00e1s 365","og:description":"Los Grupo de Teatro \u201cLes Ayalgues de Carre\u00f1o\u201d y \u201cPadre Coll\u201d de La Felguera ser\u00e1n los protagonistas en Carri\u00f3 de la quinta sesi\u00f3n de la \u201cXV Ronda de Teatro\u201d por Carre\u00f1o. Una ronda que este s\u00e1bado 29 de febrero llega a su ecuador con la representaci\u00f3n a las 19:00 horas en las instalaciones de las","og:url":"https:\/\/candas365.es\/noticias\/el-sabado-nueva-edicion-de-la-xv-ronda-de-teatro-por-carreno\/","og:image":"https:\/\/candas365.es\/noticias\/wp-content\/uploads\/2018\/05\/Les-Ayalgues.jpg","og:image:secure_url":"https:\/\/candas365.es\/noticias\/wp-content\/uploads\/2018\/05\/Les-Ayalgues.jpg","og:image:width":1280,"og:image:height":960,"article:published_time":"2020-02-27T12:52:15+00:00","article:modified_time":"2020-02-27T12:52:15+00:00","article:publisher":"https:\/\/www.facebook.com\/Nachofdezber","article:author":"https:\/\/www.facebook.com\/carrenoactualidad","twitter:card":"summary_large_image","twitter:site":"@NabercoDigital","twitter:title":"El s\u00e1bado nueva edici\u00f3n de la \u201cXV Ronda de Teatro\u201d por Carre\u00f1o | Cand\u00e1s 365","twitter:description":"Los Grupo de Teatro \u201cLes Ayalgues de Carre\u00f1o\u201d y \u201cPadre Coll\u201d de La Felguera ser\u00e1n los protagonistas en Carri\u00f3 de la quinta sesi\u00f3n de la \u201cXV Ronda de Teatro\u201d por Carre\u00f1o. Una ronda que este s\u00e1bado 29 de febrero llega a su ecuador con la representaci\u00f3n a las 19:00 horas en las instalaciones de las","twitter:creator":"@nbasturias","twitter:image":"https:\/\/candas365.es\/noticias\/wp-content\/uploads\/2018\/05\/Les-Ayalgues.jpg","twitter:label1":"Escrito por","twitter:data1":"Cand\u00e1s 365","twitter:label2":"Tiempo de lectura estimado","twitter:data2":"5 minutos"},"aioseo_meta_data":{"post_id":"138873","title":null,"description":null,"keywords":null,"keyphrases":null,"primary_term":null,"canonical_url":null,"og_title":null,"og_description":null,"og_object_type":"default","og_image_type":"default","og_image_url":null,"og_image_width":null,"og_image_height":null,"og_image_custom_url":null,"og_image_custom_fields":null,"og_video":null,"og_custom_url":null,"og_article_section":null,"og_article_tags":null,"twitter_use_og":false,"twitter_card":"default","twitter_image_type":"default","twitter_image_url":null,"twitter_image_custom_url":null,"twitter_image_custom_fields":null,"twitter_title":null,"twitter_description":null,"schema":{"blockGraphs":[],"customGraphs":[],"default":{"data":{"Article":[],"Course":[],"Dataset":[],"FAQPage":[],"Movie":[],"Person":[],"Product":[],"ProductReview":[],"Car":[],"Recipe":[],"Service":[],"SoftwareApplication":[],"WebPage":[]},"graphName":"","isEnabled":true},"graphs":[],"defaultGraph":"","defaultPostTypeGraph":""},"schema_type":null,"schema_type_options":null,"pillar_content":false,"robots_default":true,"robots_noindex":false,"robots_noarchive":false,"robots_nosnippet":false,"robots_nofollow":false,"robots_noimageindex":false,"robots_noodp":false,"robots_notranslate":false,"robots_max_snippet":null,"robots_max_videopreview":null,"robots_max_imagepreview":"large","priority":null,"frequency":null,"location":null,"local_seo":null,"seo_analyzer_scan_date":"2025-08-31 00:46:23","breadcrumb_settings":null,"limit_modified_date":false,"reviewed_by":null,"open_ai":null,"ai":null,"created":"2020-12-21 10:44:57","updated":"2025-08-31 00:46:23"},"aioseo_breadcrumb":"<div class=\"aioseo-breadcrumbs\"><span class=\"aioseo-breadcrumb\">\n\t<a href=\"https:\/\/candas365.es\/noticias\" title=\"Home\">Home<\/a>\n<\/span><span class=\"aioseo-breadcrumb-separator\">&ndash;<\/span><span class=\"aioseo-breadcrumb\">\n\t<a href=\"https:\/\/candas365.es\/noticias\/category\/noticias-carreno\/\" title=\"Noticias Carre\u00f1o\">Noticias Carre\u00f1o<\/a>\n<\/span><span class=\"aioseo-breadcrumb-separator\">&ndash;<\/span><span class=\"aioseo-breadcrumb\">\n\tEl s\u00e1bado nueva edici\u00f3n de la \u201cXV Ronda de Teatro\u201d por Carre\u00f1o\n<\/span><\/div>","aioseo_breadcrumb_json":[{"label":"Home","link":"https:\/\/candas365.es\/noticias"},{"label":"Noticias Carre\u00f1o","link":"https:\/\/candas365.es\/noticias\/category\/noticias-carreno\/"},{"label":"El s\u00e1bado nueva edici\u00f3n de la \u201cXV Ronda de Teatro\u201d por Carre\u00f1o","link":"https:\/\/candas365.es\/noticias\/el-sabado-nueva-edicion-de-la-xv-ronda-de-teatro-por-carreno\/"}],"_links":{"self":[{"href":"https:\/\/candas365.es\/noticias\/wp-json\/wp\/v2\/posts\/138873","targetHints":{"allow":["GET"]}}],"collection":[{"href":"https:\/\/candas365.es\/noticias\/wp-json\/wp\/v2\/posts"}],"about":[{"href":"https:\/\/candas365.es\/noticias\/wp-json\/wp\/v2\/types\/post"}],"author":[{"embeddable":true,"href":"https:\/\/candas365.es\/noticias\/wp-json\/wp\/v2\/users\/1"}],"replies":[{"embeddable":true,"href":"https:\/\/candas365.es\/noticias\/wp-json\/wp\/v2\/comments?post=138873"}],"version-history":[{"count":0,"href":"https:\/\/candas365.es\/noticias\/wp-json\/wp\/v2\/posts\/138873\/revisions"}],"wp:featuredmedia":[{"embeddable":true,"href":"https:\/\/candas365.es\/noticias\/wp-json\/wp\/v2\/media\/95074"}],"wp:attachment":[{"href":"https:\/\/candas365.es\/noticias\/wp-json\/wp\/v2\/media?parent=138873"}],"wp:term":[{"taxonomy":"category","embeddable":true,"href":"https:\/\/candas365.es\/noticias\/wp-json\/wp\/v2\/categories?post=138873"},{"taxonomy":"post_tag","embeddable":true,"href":"https:\/\/candas365.es\/noticias\/wp-json\/wp\/v2\/tags?post=138873"}],"curies":[{"name":"wp","href":"https:\/\/api.w.org\/{rel}","templated":true}]}}