{"id":138865,"date":"2020-02-27T08:40:13","date_gmt":"2020-02-27T08:40:13","guid":{"rendered":"http:\/\/candas365.es\/noticias\/?p=138865"},"modified":"2020-02-27T08:40:13","modified_gmt":"2020-02-27T08:40:13","slug":"nuevos-puntos-de-reciclaje-en-carreno","status":"publish","type":"post","link":"https:\/\/candas365.es\/noticias\/nuevos-puntos-de-reciclaje-en-carreno\/","title":{"rendered":"Nuevos puntos de reciclaje en Carre\u00f1o"},"content":{"rendered":"<p><img fetchpriority=\"high\" decoding=\"async\" class=\"alignleft size-medium wp-image-138866\" src=\"https:\/\/candas365.es\/noticias\/wp-content\/uploads\/2020\/02\/reciclaje-360x245.jpg\" alt=\"\" width=\"360\" height=\"245\" srcset=\"https:\/\/candas365.es\/noticias\/wp-content\/uploads\/2020\/02\/reciclaje-360x245.jpg 360w, https:\/\/candas365.es\/noticias\/wp-content\/uploads\/2020\/02\/reciclaje-655x445.jpg 655w, https:\/\/candas365.es\/noticias\/wp-content\/uploads\/2020\/02\/reciclaje-768x522.jpg 768w, https:\/\/candas365.es\/noticias\/wp-content\/uploads\/2020\/02\/reciclaje-696x473.jpg 696w, https:\/\/candas365.es\/noticias\/wp-content\/uploads\/2020\/02\/reciclaje-618x420.jpg 618w, https:\/\/candas365.es\/noticias\/wp-content\/uploads\/2020\/02\/reciclaje.jpg 1055w\" sizes=\"(max-width: 360px) 100vw, 360px\" \/>El Ayuntamiento de Carre\u00f1o ha informado en una nota de prensa remitida a nuestro diario digital que desde este mes de febrero, dando respuesta a la petici\u00f3n vecinal de la parroquia de Tam\u00f3n, se instalaron dos nuevos puntos de reciclaje situados uno en el barrio de El Redal y el otro que se ubicar\u00e1 pr\u00f3ximamente en Villar de Arriba, aumentando de esta forma el n\u00famero de contenedores instalados en el concejo.<\/p>\n<p>Antes de la instalaci\u00f3n de estos nuevos contenedores fue necesario previamente acondicionar la zona, para ello el servicio de alba\u00f1iler\u00eda municipal ha realizado las bases de hormig\u00f3n con objeto de servir como soporte para los nuevos dep\u00f3sitos.<\/p>\n<p>Los tres contendores destinados a la recogida selectiva de cart\u00f3n, envases ligeros y vidrio del barrio El Redal quedaron instalados y colocados en la ma\u00f1ana de hoy mi\u00e9rcoles 26 de febrero, mientras que el de Villar de Arriba lo estar\u00e1 los pr\u00f3ximos d\u00edas.<\/p>\n<p>Los seis contendores (2 de cart\u00f3n, 2 de envases ligeros, 2 de vidrio) de estos dos nuevos puntos de reciclaje se suman a los 269 contendores instalados en las diferentes parroquias del Concejo, a los que hay que sumar los que se encuentran ubicados en el Punto Limpio de Cand\u00e1s y el Punto Limpio de Amb\u00e1s. Los 275 contenedores se distribuyen de la siguiente manera:<\/p>\n<p>\u2022 116 contendores dedicados a la recogida selectiva de cart\u00f3n y papel.<br \/>\n\u2022 87 contendores dedicados a la recogida selectiva de envases ligeros.<br \/>\n\u2022 72 contendores dedicados a la recogida selectiva de vidrio.<\/p>\n<p>En el a\u00f1o 2019 el Concejo de Carre\u00f1o gener\u00f3 6.358 toneladas de residuos, de las cuales 1.631 corresponde a materia reciclada, lo que supone que el 25,66% de los residuos que genera una persona son reciclados. Este dato nos sit\u00faa 3,4 puntos por encima de la media de los concejos asturianos, la cual es del 22,26%. Este 25,66% supone que Carre\u00f1o es el segundo municipio m\u00e1s recicla en Asturias, en funci\u00f3n de la densidad de poblaci\u00f3n, por encima de concejos como Gij\u00f3n y Oviedo.<\/p>\n<p>&nbsp;<\/p>\n","protected":false},"excerpt":{"rendered":"<p>El Ayuntamiento de Carre\u00f1o ha informado en una nota de prensa remitida a nuestro diario digital que desde este mes de febrero, dando respuesta a la petici\u00f3n vecinal de la parroquia de Tam\u00f3n, se instalaron dos nuevos puntos de reciclaje situados uno en el barrio de El Redal y el otro que se ubicar\u00e1 pr\u00f3ximamente<\/p>\n","protected":false},"author":1,"featured_media":138866,"comment_status":"closed","ping_status":"closed","sticky":false,"template":"","format":"standard","meta":{"footnotes":""},"categories":[2],"tags":[],"class_list":{"0":"post-138865","1":"post","2":"type-post","3":"status-publish","4":"format-standard","5":"has-post-thumbnail","7":"category-noticias-carreno"},"aioseo_notices":[],"aioseo_head":"\n\t\t<!-- All in One SEO Pro 4.9.6.2 - aioseo.com -->\n\t<meta name=\"description\" content=\"El Ayuntamiento de Carre\u00f1o ha informado en una nota de prensa remitida a nuestro diario digital que desde este mes de febrero, dando respuesta a la petici\u00f3n vecinal de la parroquia de Tam\u00f3n, se instalaron dos nuevos puntos de reciclaje situados uno en el barrio de El Redal y el otro que se ubicar\u00e1 pr\u00f3ximamente\" \/>\n\t<meta name=\"robots\" content=\"max-image-preview:large\" \/>\n\t<meta name=\"author\" content=\"Cand\u00e1s 365\"\/>\n\t<meta name=\"google-site-verification\" content=\"UA-32230408-1\" \/>\n\t<meta name=\"msvalidate.01\" content=\"354F3CDFB2DA171B47FBE9ABF1F88D5\" \/>\n\t<meta name=\"keywords\" content=\"noticias carre\u00f1o\" \/>\n\t<link rel=\"canonical\" href=\"https:\/\/candas365.es\/noticias\/nuevos-puntos-de-reciclaje-en-carreno\/\" \/>\n\t<meta name=\"generator\" content=\"All in One SEO Pro (AIOSEO) 4.9.6.2\" \/>\n\t\t<meta property=\"og:locale\" content=\"es_ES\" \/>\n\t\t<meta property=\"og:site_name\" content=\"Cand\u00e1s 365\" \/>\n\t\t<meta property=\"og:type\" content=\"article\" \/>\n\t\t<meta property=\"og:title\" content=\"Nuevos puntos de reciclaje en Carre\u00f1o | Cand\u00e1s 365\" \/>\n\t\t<meta property=\"og:description\" content=\"El Ayuntamiento de Carre\u00f1o ha informado en una nota de prensa remitida a nuestro diario digital que desde este mes de febrero, dando respuesta a la petici\u00f3n vecinal de la parroquia de Tam\u00f3n, se instalaron dos nuevos puntos de reciclaje situados uno en el barrio de El Redal y el otro que se ubicar\u00e1 pr\u00f3ximamente\" \/>\n\t\t<meta property=\"og:url\" content=\"https:\/\/candas365.es\/noticias\/nuevos-puntos-de-reciclaje-en-carreno\/\" \/>\n\t\t<meta property=\"og:image\" content=\"https:\/\/candas365.es\/noticias\/wp-content\/uploads\/2020\/02\/reciclaje.jpg\" \/>\n\t\t<meta property=\"og:image:secure_url\" content=\"https:\/\/candas365.es\/noticias\/wp-content\/uploads\/2020\/02\/reciclaje.jpg\" \/>\n\t\t<meta property=\"og:image:width\" content=\"1055\" \/>\n\t\t<meta property=\"og:image:height\" content=\"717\" \/>\n\t\t<meta property=\"article:published_time\" content=\"2020-02-27T08:40:13+00:00\" \/>\n\t\t<meta property=\"article:modified_time\" content=\"2020-02-27T08:40:13+00:00\" \/>\n\t\t<meta property=\"article:publisher\" content=\"https:\/\/www.facebook.com\/Nachofdezber\" \/>\n\t\t<meta property=\"article:author\" content=\"https:\/\/www.facebook.com\/carrenoactualidad\" \/>\n\t\t<meta name=\"twitter:card\" content=\"summary_large_image\" \/>\n\t\t<meta name=\"twitter:site\" content=\"@NabercoDigital\" \/>\n\t\t<meta name=\"twitter:title\" content=\"Nuevos puntos de reciclaje en Carre\u00f1o | Cand\u00e1s 365\" \/>\n\t\t<meta name=\"twitter:description\" content=\"El Ayuntamiento de Carre\u00f1o ha informado en una nota de prensa remitida a nuestro diario digital que desde este mes de febrero, dando respuesta a la petici\u00f3n vecinal de la parroquia de Tam\u00f3n, se instalaron dos nuevos puntos de reciclaje situados uno en el barrio de El Redal y el otro que se ubicar\u00e1 pr\u00f3ximamente\" \/>\n\t\t<meta name=\"twitter:creator\" content=\"@nbasturias\" \/>\n\t\t<meta name=\"twitter:image\" content=\"https:\/\/candas365.es\/noticias\/wp-content\/uploads\/2020\/02\/reciclaje.jpg\" \/>\n\t\t<meta name=\"twitter:label1\" content=\"Escrito por\" \/>\n\t\t<meta name=\"twitter:data1\" content=\"Cand\u00e1s 365\" \/>\n\t\t<meta name=\"twitter:label2\" content=\"Tiempo de lectura estimado\" \/>\n\t\t<meta name=\"twitter:data2\" content=\"2 minutos\" \/>\n\t\t<script type=\"application\/ld+json\" class=\"aioseo-schema\">\n\t\t\t{\"@context\":\"https:\\\/\\\/schema.org\",\"@graph\":[{\"@type\":\"BreadcrumbList\",\"@id\":\"https:\\\/\\\/candas365.es\\\/noticias\\\/nuevos-puntos-de-reciclaje-en-carreno\\\/#breadcrumblist\",\"itemListElement\":[{\"@type\":\"ListItem\",\"@id\":\"https:\\\/\\\/candas365.es\\\/noticias#listItem\",\"position\":1,\"name\":\"Home\",\"item\":\"https:\\\/\\\/candas365.es\\\/noticias\",\"nextItem\":{\"@type\":\"ListItem\",\"@id\":\"https:\\\/\\\/candas365.es\\\/noticias\\\/category\\\/noticias-carreno\\\/#listItem\",\"name\":\"Noticias Carre\\u00f1o\"}},{\"@type\":\"ListItem\",\"@id\":\"https:\\\/\\\/candas365.es\\\/noticias\\\/category\\\/noticias-carreno\\\/#listItem\",\"position\":2,\"name\":\"Noticias Carre\\u00f1o\",\"item\":\"https:\\\/\\\/candas365.es\\\/noticias\\\/category\\\/noticias-carreno\\\/\",\"nextItem\":{\"@type\":\"ListItem\",\"@id\":\"https:\\\/\\\/candas365.es\\\/noticias\\\/nuevos-puntos-de-reciclaje-en-carreno\\\/#listItem\",\"name\":\"Nuevos puntos de reciclaje en Carre\\u00f1o\"},\"previousItem\":{\"@type\":\"ListItem\",\"@id\":\"https:\\\/\\\/candas365.es\\\/noticias#listItem\",\"name\":\"Home\"}},{\"@type\":\"ListItem\",\"@id\":\"https:\\\/\\\/candas365.es\\\/noticias\\\/nuevos-puntos-de-reciclaje-en-carreno\\\/#listItem\",\"position\":3,\"name\":\"Nuevos puntos de reciclaje en Carre\\u00f1o\",\"previousItem\":{\"@type\":\"ListItem\",\"@id\":\"https:\\\/\\\/candas365.es\\\/noticias\\\/category\\\/noticias-carreno\\\/#listItem\",\"name\":\"Noticias Carre\\u00f1o\"}}]},{\"@type\":\"NewsArticle\",\"@id\":\"https:\\\/\\\/candas365.es\\\/noticias\\\/nuevos-puntos-de-reciclaje-en-carreno\\\/#newsarticle\",\"name\":\"Nuevos puntos de reciclaje en Carre\\u00f1o | Cand\\u00e1s 365\",\"headline\":\"Nuevos puntos de reciclaje en Carre\\u00f1o\",\"author\":{\"@id\":\"https:\\\/\\\/candas365.es\\\/noticias\\\/author\\\/admin\\\/#author\"},\"publisher\":{\"@id\":\"https:\\\/\\\/candas365.es\\\/noticias\\\/#organization\"},\"image\":{\"@type\":\"ImageObject\",\"url\":\"https:\\\/\\\/candas365.es\\\/noticias\\\/wp-content\\\/uploads\\\/2020\\\/02\\\/reciclaje.jpg\",\"width\":1055,\"height\":717},\"datePublished\":\"2020-02-27T08:40:13+01:00\",\"dateModified\":\"2020-02-27T08:40:13+01:00\",\"inLanguage\":\"es-ES\",\"mainEntityOfPage\":{\"@id\":\"https:\\\/\\\/candas365.es\\\/noticias\\\/nuevos-puntos-de-reciclaje-en-carreno\\\/#webpage\"},\"isPartOf\":{\"@id\":\"https:\\\/\\\/candas365.es\\\/noticias\\\/nuevos-puntos-de-reciclaje-en-carreno\\\/#webpage\"},\"articleSection\":\"Noticias Carre\\u00f1o\",\"dateline\":\"Publicado el febrero 27, 2020.\"},{\"@type\":\"Organization\",\"@id\":\"https:\\\/\\\/candas365.es\\\/noticias\\\/#organization\",\"name\":\"Cand\\u00e1s 365\",\"description\":\"Cand\\u00e1s 365 es un diario digital independiente, fundado en 2012, con base en Asturias. Informamos con rigor sobre actualidad, sociedad, cultura y ocio, con una mirada local y global.\",\"url\":\"https:\\\/\\\/candas365.es\\\/noticias\\\/\",\"email\":\"info@candas365.es\",\"telephone\":\"+34652131393\",\"foundingDate\":\"2012-06-10\",\"logo\":{\"@type\":\"ImageObject\",\"url\":\"https:\\\/\\\/candas365.es\\\/noticias\\\/wp-content\\\/uploads\\\/2024\\\/09\\\/Candas-365-Redes.jpg\",\"@id\":\"https:\\\/\\\/candas365.es\\\/noticias\\\/nuevos-puntos-de-reciclaje-en-carreno\\\/#organizationLogo\",\"width\":1152,\"height\":864,\"caption\":\"Cand\\u00e1s 365 Redes\"},\"image\":{\"@id\":\"https:\\\/\\\/candas365.es\\\/noticias\\\/nuevos-puntos-de-reciclaje-en-carreno\\\/#organizationLogo\"},\"sameAs\":[\"https:\\\/\\\/www.facebook.com\\\/Nachofdezber\",\"https:\\\/\\\/x.com\\\/NabercoDigital\",\"https:\\\/\\\/www.instagram.com\\\/nachofdezber\\\/\",\"https:\\\/\\\/www.youtube.com\\\/channel\\\/UCZP-2wLEB9Rv6erhFmqVnvg\"],\"address\":{\"@id\":\"https:\\\/\\\/candas365.es\\\/noticias\\\/#postaladdress\",\"@type\":\"PostalAddress\",\"streetAddress\":\"san antonio 4, san antonio 4\",\"postalCode\":\"33430\",\"addressLocality\":\"Cand\\u00e1s\",\"addressRegion\":\"Asturias\",\"addressCountry\":\"ES\"}},{\"@type\":\"Person\",\"@id\":\"https:\\\/\\\/candas365.es\\\/noticias\\\/author\\\/admin\\\/#author\",\"url\":\"https:\\\/\\\/candas365.es\\\/noticias\\\/author\\\/admin\\\/\",\"name\":\"Cand\\u00e1s 365\",\"image\":{\"@type\":\"ImageObject\",\"@id\":\"https:\\\/\\\/candas365.es\\\/noticias\\\/nuevos-puntos-de-reciclaje-en-carreno\\\/#authorImage\",\"url\":\"https:\\\/\\\/secure.gravatar.com\\\/avatar\\\/496a8e03d0c493ede1718b7934145dbdf8d89be1036b0eec9544e1094c9de390?s=96&d=mm&r=g\",\"width\":96,\"height\":96,\"caption\":\"Cand\\u00e1s 365\"},\"sameAs\":[\"https:\\\/\\\/www.facebook.com\\\/carrenoactualidad\",\"https:\\\/\\\/twitter.com\\\/nbasturias\",\"https:\\\/\\\/www.instagram.com\\\/nachofdezber\\\/\",\"https:\\\/\\\/www.youtube.com\\\/channel\\\/UCZP-2wLEB9Rv6erhFmqVnvg\"]},{\"@type\":\"WebPage\",\"@id\":\"https:\\\/\\\/candas365.es\\\/noticias\\\/nuevos-puntos-de-reciclaje-en-carreno\\\/#webpage\",\"url\":\"https:\\\/\\\/candas365.es\\\/noticias\\\/nuevos-puntos-de-reciclaje-en-carreno\\\/\",\"name\":\"Nuevos puntos de reciclaje en Carre\\u00f1o | Cand\\u00e1s 365\",\"description\":\"El Ayuntamiento de Carre\\u00f1o ha informado en una nota de prensa remitida a nuestro diario digital que desde este mes de febrero, dando respuesta a la petici\\u00f3n vecinal de la parroquia de Tam\\u00f3n, se instalaron dos nuevos puntos de reciclaje situados uno en el barrio de El Redal y el otro que se ubicar\\u00e1 pr\\u00f3ximamente\",\"inLanguage\":\"es-ES\",\"isPartOf\":{\"@id\":\"https:\\\/\\\/candas365.es\\\/noticias\\\/#website\"},\"breadcrumb\":{\"@id\":\"https:\\\/\\\/candas365.es\\\/noticias\\\/nuevos-puntos-de-reciclaje-en-carreno\\\/#breadcrumblist\"},\"author\":{\"@id\":\"https:\\\/\\\/candas365.es\\\/noticias\\\/author\\\/admin\\\/#author\"},\"creator\":{\"@id\":\"https:\\\/\\\/candas365.es\\\/noticias\\\/author\\\/admin\\\/#author\"},\"image\":{\"@type\":\"ImageObject\",\"url\":\"https:\\\/\\\/candas365.es\\\/noticias\\\/wp-content\\\/uploads\\\/2020\\\/02\\\/reciclaje.jpg\",\"@id\":\"https:\\\/\\\/candas365.es\\\/noticias\\\/nuevos-puntos-de-reciclaje-en-carreno\\\/#mainImage\",\"width\":1055,\"height\":717},\"primaryImageOfPage\":{\"@id\":\"https:\\\/\\\/candas365.es\\\/noticias\\\/nuevos-puntos-de-reciclaje-en-carreno\\\/#mainImage\"},\"datePublished\":\"2020-02-27T08:40:13+01:00\",\"dateModified\":\"2020-02-27T08:40:13+01:00\"},{\"@type\":\"WebSite\",\"@id\":\"https:\\\/\\\/candas365.es\\\/noticias\\\/#website\",\"url\":\"https:\\\/\\\/candas365.es\\\/noticias\\\/\",\"name\":\"Cand\\u00e1s 365\",\"alternateName\":\"Cand\\u00e1s 365 Noticias\",\"description\":\"Actualidad desde Carre\\u00f1o para el mundo\",\"inLanguage\":\"es-ES\",\"publisher\":{\"@id\":\"https:\\\/\\\/candas365.es\\\/noticias\\\/#organization\"}}]}\n\t\t<\/script>\n\t\t<!-- All in One SEO Pro -->\r\n\t\t<title>Nuevos puntos de reciclaje en Carre\u00f1o | Cand\u00e1s 365<\/title>\n\n","aioseo_head_json":{"title":"Nuevos puntos de reciclaje en Carre\u00f1o | Cand\u00e1s 365","description":"El Ayuntamiento de Carre\u00f1o ha informado en una nota de prensa remitida a nuestro diario digital que desde este mes de febrero, dando respuesta a la petici\u00f3n vecinal de la parroquia de Tam\u00f3n, se instalaron dos nuevos puntos de reciclaje situados uno en el barrio de El Redal y el otro que se ubicar\u00e1 pr\u00f3ximamente","canonical_url":"https:\/\/candas365.es\/noticias\/nuevos-puntos-de-reciclaje-en-carreno\/","robots":"max-image-preview:large","keywords":"noticias carre\u00f1o","webmasterTools":{"google-site-verification":"UA-32230408-1","msvalidate.01":"354F3CDFB2DA171B47FBE9ABF1F88D5","miscellaneous":""},"schema":{"@context":"https:\/\/schema.org","@graph":[{"@type":"BreadcrumbList","@id":"https:\/\/candas365.es\/noticias\/nuevos-puntos-de-reciclaje-en-carreno\/#breadcrumblist","itemListElement":[{"@type":"ListItem","@id":"https:\/\/candas365.es\/noticias#listItem","position":1,"name":"Home","item":"https:\/\/candas365.es\/noticias","nextItem":{"@type":"ListItem","@id":"https:\/\/candas365.es\/noticias\/category\/noticias-carreno\/#listItem","name":"Noticias Carre\u00f1o"}},{"@type":"ListItem","@id":"https:\/\/candas365.es\/noticias\/category\/noticias-carreno\/#listItem","position":2,"name":"Noticias Carre\u00f1o","item":"https:\/\/candas365.es\/noticias\/category\/noticias-carreno\/","nextItem":{"@type":"ListItem","@id":"https:\/\/candas365.es\/noticias\/nuevos-puntos-de-reciclaje-en-carreno\/#listItem","name":"Nuevos puntos de reciclaje en Carre\u00f1o"},"previousItem":{"@type":"ListItem","@id":"https:\/\/candas365.es\/noticias#listItem","name":"Home"}},{"@type":"ListItem","@id":"https:\/\/candas365.es\/noticias\/nuevos-puntos-de-reciclaje-en-carreno\/#listItem","position":3,"name":"Nuevos puntos de reciclaje en Carre\u00f1o","previousItem":{"@type":"ListItem","@id":"https:\/\/candas365.es\/noticias\/category\/noticias-carreno\/#listItem","name":"Noticias Carre\u00f1o"}}]},{"@type":"NewsArticle","@id":"https:\/\/candas365.es\/noticias\/nuevos-puntos-de-reciclaje-en-carreno\/#newsarticle","name":"Nuevos puntos de reciclaje en Carre\u00f1o | Cand\u00e1s 365","headline":"Nuevos puntos de reciclaje en Carre\u00f1o","author":{"@id":"https:\/\/candas365.es\/noticias\/author\/admin\/#author"},"publisher":{"@id":"https:\/\/candas365.es\/noticias\/#organization"},"image":{"@type":"ImageObject","url":"https:\/\/candas365.es\/noticias\/wp-content\/uploads\/2020\/02\/reciclaje.jpg","width":1055,"height":717},"datePublished":"2020-02-27T08:40:13+01:00","dateModified":"2020-02-27T08:40:13+01:00","inLanguage":"es-ES","mainEntityOfPage":{"@id":"https:\/\/candas365.es\/noticias\/nuevos-puntos-de-reciclaje-en-carreno\/#webpage"},"isPartOf":{"@id":"https:\/\/candas365.es\/noticias\/nuevos-puntos-de-reciclaje-en-carreno\/#webpage"},"articleSection":"Noticias Carre\u00f1o","dateline":"Publicado el febrero 27, 2020."},{"@type":"Organization","@id":"https:\/\/candas365.es\/noticias\/#organization","name":"Cand\u00e1s 365","description":"Cand\u00e1s 365 es un diario digital independiente, fundado en 2012, con base en Asturias. Informamos con rigor sobre actualidad, sociedad, cultura y ocio, con una mirada local y global.","url":"https:\/\/candas365.es\/noticias\/","email":"info@candas365.es","telephone":"+34652131393","foundingDate":"2012-06-10","logo":{"@type":"ImageObject","url":"https:\/\/candas365.es\/noticias\/wp-content\/uploads\/2024\/09\/Candas-365-Redes.jpg","@id":"https:\/\/candas365.es\/noticias\/nuevos-puntos-de-reciclaje-en-carreno\/#organizationLogo","width":1152,"height":864,"caption":"Cand\u00e1s 365 Redes"},"image":{"@id":"https:\/\/candas365.es\/noticias\/nuevos-puntos-de-reciclaje-en-carreno\/#organizationLogo"},"sameAs":["https:\/\/www.facebook.com\/Nachofdezber","https:\/\/x.com\/NabercoDigital","https:\/\/www.instagram.com\/nachofdezber\/","https:\/\/www.youtube.com\/channel\/UCZP-2wLEB9Rv6erhFmqVnvg"],"address":{"@id":"https:\/\/candas365.es\/noticias\/#postaladdress","@type":"PostalAddress","streetAddress":"san antonio 4, san antonio 4","postalCode":"33430","addressLocality":"Cand\u00e1s","addressRegion":"Asturias","addressCountry":"ES"}},{"@type":"Person","@id":"https:\/\/candas365.es\/noticias\/author\/admin\/#author","url":"https:\/\/candas365.es\/noticias\/author\/admin\/","name":"Cand\u00e1s 365","image":{"@type":"ImageObject","@id":"https:\/\/candas365.es\/noticias\/nuevos-puntos-de-reciclaje-en-carreno\/#authorImage","url":"https:\/\/secure.gravatar.com\/avatar\/496a8e03d0c493ede1718b7934145dbdf8d89be1036b0eec9544e1094c9de390?s=96&d=mm&r=g","width":96,"height":96,"caption":"Cand\u00e1s 365"},"sameAs":["https:\/\/www.facebook.com\/carrenoactualidad","https:\/\/twitter.com\/nbasturias","https:\/\/www.instagram.com\/nachofdezber\/","https:\/\/www.youtube.com\/channel\/UCZP-2wLEB9Rv6erhFmqVnvg"]},{"@type":"WebPage","@id":"https:\/\/candas365.es\/noticias\/nuevos-puntos-de-reciclaje-en-carreno\/#webpage","url":"https:\/\/candas365.es\/noticias\/nuevos-puntos-de-reciclaje-en-carreno\/","name":"Nuevos puntos de reciclaje en Carre\u00f1o | Cand\u00e1s 365","description":"El Ayuntamiento de Carre\u00f1o ha informado en una nota de prensa remitida a nuestro diario digital que desde este mes de febrero, dando respuesta a la petici\u00f3n vecinal de la parroquia de Tam\u00f3n, se instalaron dos nuevos puntos de reciclaje situados uno en el barrio de El Redal y el otro que se ubicar\u00e1 pr\u00f3ximamente","inLanguage":"es-ES","isPartOf":{"@id":"https:\/\/candas365.es\/noticias\/#website"},"breadcrumb":{"@id":"https:\/\/candas365.es\/noticias\/nuevos-puntos-de-reciclaje-en-carreno\/#breadcrumblist"},"author":{"@id":"https:\/\/candas365.es\/noticias\/author\/admin\/#author"},"creator":{"@id":"https:\/\/candas365.es\/noticias\/author\/admin\/#author"},"image":{"@type":"ImageObject","url":"https:\/\/candas365.es\/noticias\/wp-content\/uploads\/2020\/02\/reciclaje.jpg","@id":"https:\/\/candas365.es\/noticias\/nuevos-puntos-de-reciclaje-en-carreno\/#mainImage","width":1055,"height":717},"primaryImageOfPage":{"@id":"https:\/\/candas365.es\/noticias\/nuevos-puntos-de-reciclaje-en-carreno\/#mainImage"},"datePublished":"2020-02-27T08:40:13+01:00","dateModified":"2020-02-27T08:40:13+01:00"},{"@type":"WebSite","@id":"https:\/\/candas365.es\/noticias\/#website","url":"https:\/\/candas365.es\/noticias\/","name":"Cand\u00e1s 365","alternateName":"Cand\u00e1s 365 Noticias","description":"Actualidad desde Carre\u00f1o para el mundo","inLanguage":"es-ES","publisher":{"@id":"https:\/\/candas365.es\/noticias\/#organization"}}]},"og:locale":"es_ES","og:site_name":"Cand\u00e1s 365","og:type":"article","og:title":"Nuevos puntos de reciclaje en Carre\u00f1o | Cand\u00e1s 365","og:description":"El Ayuntamiento de Carre\u00f1o ha informado en una nota de prensa remitida a nuestro diario digital que desde este mes de febrero, dando respuesta a la petici\u00f3n vecinal de la parroquia de Tam\u00f3n, se instalaron dos nuevos puntos de reciclaje situados uno en el barrio de El Redal y el otro que se ubicar\u00e1 pr\u00f3ximamente","og:url":"https:\/\/candas365.es\/noticias\/nuevos-puntos-de-reciclaje-en-carreno\/","og:image":"https:\/\/candas365.es\/noticias\/wp-content\/uploads\/2020\/02\/reciclaje.jpg","og:image:secure_url":"https:\/\/candas365.es\/noticias\/wp-content\/uploads\/2020\/02\/reciclaje.jpg","og:image:width":1055,"og:image:height":717,"article:published_time":"2020-02-27T08:40:13+00:00","article:modified_time":"2020-02-27T08:40:13+00:00","article:publisher":"https:\/\/www.facebook.com\/Nachofdezber","article:author":"https:\/\/www.facebook.com\/carrenoactualidad","twitter:card":"summary_large_image","twitter:site":"@NabercoDigital","twitter:title":"Nuevos puntos de reciclaje en Carre\u00f1o | Cand\u00e1s 365","twitter:description":"El Ayuntamiento de Carre\u00f1o ha informado en una nota de prensa remitida a nuestro diario digital que desde este mes de febrero, dando respuesta a la petici\u00f3n vecinal de la parroquia de Tam\u00f3n, se instalaron dos nuevos puntos de reciclaje situados uno en el barrio de El Redal y el otro que se ubicar\u00e1 pr\u00f3ximamente","twitter:creator":"@nbasturias","twitter:image":"https:\/\/candas365.es\/noticias\/wp-content\/uploads\/2020\/02\/reciclaje.jpg","twitter:label1":"Escrito por","twitter:data1":"Cand\u00e1s 365","twitter:label2":"Tiempo de lectura estimado","twitter:data2":"2 minutos"},"aioseo_meta_data":{"post_id":"138865","title":null,"description":null,"keywords":null,"keyphrases":null,"primary_term":null,"canonical_url":null,"og_title":null,"og_description":null,"og_object_type":"default","og_image_type":"default","og_image_url":null,"og_image_width":null,"og_image_height":null,"og_image_custom_url":null,"og_image_custom_fields":null,"og_video":null,"og_custom_url":null,"og_article_section":null,"og_article_tags":null,"twitter_use_og":false,"twitter_card":"default","twitter_image_type":"default","twitter_image_url":null,"twitter_image_custom_url":null,"twitter_image_custom_fields":null,"twitter_title":null,"twitter_description":null,"schema":{"blockGraphs":[],"customGraphs":[],"default":{"data":{"Article":[],"Course":[],"Dataset":[],"FAQPage":[],"Movie":[],"Person":[],"Product":[],"ProductReview":[],"Car":[],"Recipe":[],"Service":[],"SoftwareApplication":[],"WebPage":[]},"graphName":"","isEnabled":true},"graphs":[],"defaultGraph":"","defaultPostTypeGraph":""},"schema_type":null,"schema_type_options":null,"pillar_content":false,"robots_default":true,"robots_noindex":false,"robots_noarchive":false,"robots_nosnippet":false,"robots_nofollow":false,"robots_noimageindex":false,"robots_noodp":false,"robots_notranslate":false,"robots_max_snippet":null,"robots_max_videopreview":null,"robots_max_imagepreview":"large","priority":null,"frequency":null,"location":null,"local_seo":null,"seo_analyzer_scan_date":"2025-08-31 00:45:26","breadcrumb_settings":null,"limit_modified_date":false,"reviewed_by":null,"open_ai":null,"ai":null,"created":"2020-12-21 10:44:57","updated":"2025-08-31 00:45:26"},"aioseo_breadcrumb":"<div class=\"aioseo-breadcrumbs\"><span class=\"aioseo-breadcrumb\">\n\t<a href=\"https:\/\/candas365.es\/noticias\" title=\"Home\">Home<\/a>\n<\/span><span class=\"aioseo-breadcrumb-separator\">&ndash;<\/span><span class=\"aioseo-breadcrumb\">\n\t<a href=\"https:\/\/candas365.es\/noticias\/category\/noticias-carreno\/\" title=\"Noticias Carre\u00f1o\">Noticias Carre\u00f1o<\/a>\n<\/span><span class=\"aioseo-breadcrumb-separator\">&ndash;<\/span><span class=\"aioseo-breadcrumb\">\n\tNuevos puntos de reciclaje en Carre\u00f1o\n<\/span><\/div>","aioseo_breadcrumb_json":[{"label":"Home","link":"https:\/\/candas365.es\/noticias"},{"label":"Noticias Carre\u00f1o","link":"https:\/\/candas365.es\/noticias\/category\/noticias-carreno\/"},{"label":"Nuevos puntos de reciclaje en Carre\u00f1o","link":"https:\/\/candas365.es\/noticias\/nuevos-puntos-de-reciclaje-en-carreno\/"}],"_links":{"self":[{"href":"https:\/\/candas365.es\/noticias\/wp-json\/wp\/v2\/posts\/138865","targetHints":{"allow":["GET"]}}],"collection":[{"href":"https:\/\/candas365.es\/noticias\/wp-json\/wp\/v2\/posts"}],"about":[{"href":"https:\/\/candas365.es\/noticias\/wp-json\/wp\/v2\/types\/post"}],"author":[{"embeddable":true,"href":"https:\/\/candas365.es\/noticias\/wp-json\/wp\/v2\/users\/1"}],"replies":[{"embeddable":true,"href":"https:\/\/candas365.es\/noticias\/wp-json\/wp\/v2\/comments?post=138865"}],"version-history":[{"count":0,"href":"https:\/\/candas365.es\/noticias\/wp-json\/wp\/v2\/posts\/138865\/revisions"}],"wp:featuredmedia":[{"embeddable":true,"href":"https:\/\/candas365.es\/noticias\/wp-json\/wp\/v2\/media\/138866"}],"wp:attachment":[{"href":"https:\/\/candas365.es\/noticias\/wp-json\/wp\/v2\/media?parent=138865"}],"wp:term":[{"taxonomy":"category","embeddable":true,"href":"https:\/\/candas365.es\/noticias\/wp-json\/wp\/v2\/categories?post=138865"},{"taxonomy":"post_tag","embeddable":true,"href":"https:\/\/candas365.es\/noticias\/wp-json\/wp\/v2\/tags?post=138865"}],"curies":[{"name":"wp","href":"https:\/\/api.w.org\/{rel}","templated":true}]}}