{"id":138505,"date":"2020-02-21T19:13:11","date_gmt":"2020-02-21T19:13:11","guid":{"rendered":"http:\/\/candas365.es\/noticias\/?p=138505"},"modified":"2020-02-21T19:13:11","modified_gmt":"2020-02-21T19:13:11","slug":"reunion-de-adicap-en-candas","status":"publish","type":"post","link":"https:\/\/candas365.es\/noticias\/reunion-de-adicap-en-candas\/","title":{"rendered":"Reuni\u00f3n de Adicap en Cand\u00e1s"},"content":{"rendered":"<p><img fetchpriority=\"high\" decoding=\"async\" class=\"alignleft size-medium wp-image-138506\" src=\"https:\/\/candas365.es\/noticias\/wp-content\/uploads\/2020\/02\/Adicap-360x241.jpg\" alt=\"\" width=\"360\" height=\"241\" srcset=\"https:\/\/candas365.es\/noticias\/wp-content\/uploads\/2020\/02\/Adicap-360x241.jpg 360w, https:\/\/candas365.es\/noticias\/wp-content\/uploads\/2020\/02\/Adicap-655x439.jpg 655w, https:\/\/candas365.es\/noticias\/wp-content\/uploads\/2020\/02\/Adicap-768x515.jpg 768w, https:\/\/candas365.es\/noticias\/wp-content\/uploads\/2020\/02\/Adicap-696x467.jpg 696w, https:\/\/candas365.es\/noticias\/wp-content\/uploads\/2020\/02\/Adicap-1068x716.jpg 1068w, https:\/\/candas365.es\/noticias\/wp-content\/uploads\/2020\/02\/Adicap-627x420.jpg 627w, https:\/\/candas365.es\/noticias\/wp-content\/uploads\/2020\/02\/Adicap.jpg 1077w\" sizes=\"(max-width: 360px) 100vw, 360px\" \/>La Asamblea General de la \u201cAsociaci\u00f3n para el Desarrollo Integrado del Centro de Asturias Periurbano (ADICAP), reunida hoy, Viernes, 21 de Febrero en Cand\u00e1s, ha aprobado la financiaci\u00f3n propuesta por la Consejer\u00eda de Desarrollo Rural, Agroganader\u00eda y Pesca para la convocatoria plurianual de ayudas Leader 2020 por un importe total de 1.188.907,07 \u20ac hasta el a\u00f1o 2022. De esa cantidad disponible, 901.774,80 \u20ac ser\u00e1n para conceder ayudas a proyectos empresariales, 237.332,77 \u20ac para proyectos de entidades locales y 49.799,50 \u20ac para entidades sin \u00e1nimo de lucro. Los proyectos deber\u00e1n de ubicarse en los municipios de Carre\u00f1o, Goz\u00f3n y zona rural de Corvera y LLanera.<\/p>\n<p>La modificaci\u00f3n de las bases reguladoras del Leader publicada en el BOPA recientemente por la Consejer\u00eda de Desarrollo Rural, Agroganader\u00eda y Pesca permitir\u00e1 entre los cambios m\u00e1s significativos simplificar la tramitaci\u00f3n burocr\u00e1tica para solicitar una ayuda, el incremento de la ayuda del ticket rural de 25.000 \u20ac a 35.000 \u20ac, el incremento de la ayuda hasta el 80% para el establecimiento de sistemas agroforestales o la posibilidad de subvencionar primeras instalaciones de mayores de 40 a\u00f1os en explotaciones agr\u00edcolas y ganaderas hasta una ayuda m\u00e1xima de 300.000 \u20ac dentro de la medida de inversiones para explotaciones agr\u00edcolas que contempla el programa Leader. Se prev\u00e9 que el Principado de Asturias pueda publicar la convocatoria en el BOPA en el plazo de un mes aproximadamente.<\/p>\n<p>En las convocatorias Leader 2016 a 2019 ADICAP ha subvencionado hasta el momento un total de 74 proyectos lo que supone un total de 2.242.751,61 \u20ac en ayudas concedidas (1.802.617,21\u20ac para proyectos empresariales, 338.676,01 \u20ac para Ayuntamientos y 101.457,39 para asociaciones).<\/p>\n<p>En la Asamblea General tambi\u00e9n se dio cuenta de la pr\u00f3xima convocatoria de ayudas del programa de ayudas del Fondo Europeo Mar\u00edtimo y Pesquero (FEMP) para los municipios de Carre\u00f1o y Goz\u00f3n, que contar\u00e1 con una partida presupuestaria de 89.149,73 \u20ac hasta el 2021. De esa cantidad 29.000 \u20ac son para conceder ayudas a proyectos empresariales, 24.000 \u20ac para entidades locales y 36.149,73 \u20ac para entidades sin \u00e1nimo de lucro. Se prev\u00e9, al igual que en el programa Leader, que la convocatoria se publique en el plazo de un mes aproximadamente.<\/p>\n<p>Hasta el momento, ADICAP ha aprobado desde el a\u00f1o 2016 un total de 15 proyectos de diversificaci\u00f3n pesquera lo que supone un total de 350.697,70 \u20ac en ayudas concedidas (156.348,38 \u20ac para proyectos empresariales, 128.888,99 \u20ac para entidades locales y 65.460,33 \u20ac para entidades sin \u00e1nimo de lucro).<\/p>\n<p>En otros acuerdos adoptados por la Asamblea se han ratificado los cargos de la Junta Directiva de ADICAP tras las \u00faltimas elecciones municipales de 2019 y la aprobaci\u00f3n de la convocatoria de un proceso de selecci\u00f3n para la constituci\u00f3n de una bolsa de empleo de personal administrativo para ADICAP.<\/p>\n<p>&nbsp;<\/p>\n","protected":false},"excerpt":{"rendered":"<p>La Asamblea General de la \u201cAsociaci\u00f3n para el Desarrollo Integrado del Centro de Asturias Periurbano (ADICAP), reunida hoy, Viernes, 21 de Febrero en Cand\u00e1s, ha aprobado la financiaci\u00f3n propuesta por la Consejer\u00eda de Desarrollo Rural, Agroganader\u00eda y Pesca para la convocatoria plurianual de ayudas Leader 2020 por un importe total de 1.188.907,07 \u20ac hasta el<\/p>\n","protected":false},"author":1,"featured_media":138506,"comment_status":"closed","ping_status":"closed","sticky":false,"template":"","format":"standard","meta":{"footnotes":""},"categories":[2],"tags":[],"class_list":{"0":"post-138505","1":"post","2":"type-post","3":"status-publish","4":"format-standard","5":"has-post-thumbnail","7":"category-noticias-carreno"},"aioseo_notices":[],"aioseo_head":"\n\t\t<!-- All in One SEO Pro 4.9.6.2 - aioseo.com -->\n\t<meta name=\"description\" content=\"La Asamblea General de la \u201cAsociaci\u00f3n para el Desarrollo Integrado del Centro de Asturias Periurbano (ADICAP), reunida hoy, Viernes, 21 de Febrero en Cand\u00e1s, ha aprobado la financiaci\u00f3n propuesta por la Consejer\u00eda de Desarrollo Rural, Agroganader\u00eda y Pesca para la convocatoria plurianual de ayudas Leader 2020 por un importe total de 1.188.907,07 \u20ac hasta el\" \/>\n\t<meta name=\"robots\" content=\"max-image-preview:large\" \/>\n\t<meta name=\"author\" content=\"Cand\u00e1s 365\"\/>\n\t<meta name=\"google-site-verification\" content=\"UA-32230408-1\" \/>\n\t<meta name=\"msvalidate.01\" content=\"354F3CDFB2DA171B47FBE9ABF1F88D5\" \/>\n\t<meta name=\"keywords\" content=\"noticias carre\u00f1o\" \/>\n\t<link rel=\"canonical\" href=\"https:\/\/candas365.es\/noticias\/reunion-de-adicap-en-candas\/\" \/>\n\t<meta name=\"generator\" content=\"All in One SEO Pro (AIOSEO) 4.9.6.2\" \/>\n\t\t<meta property=\"og:locale\" content=\"es_ES\" \/>\n\t\t<meta property=\"og:site_name\" content=\"Cand\u00e1s 365\" \/>\n\t\t<meta property=\"og:type\" content=\"article\" \/>\n\t\t<meta property=\"og:title\" content=\"Reuni\u00f3n de Adicap en Cand\u00e1s | Cand\u00e1s 365\" \/>\n\t\t<meta property=\"og:description\" content=\"La Asamblea General de la \u201cAsociaci\u00f3n para el Desarrollo Integrado del Centro de Asturias Periurbano (ADICAP), reunida hoy, Viernes, 21 de Febrero en Cand\u00e1s, ha aprobado la financiaci\u00f3n propuesta por la Consejer\u00eda de Desarrollo Rural, Agroganader\u00eda y Pesca para la convocatoria plurianual de ayudas Leader 2020 por un importe total de 1.188.907,07 \u20ac hasta el\" \/>\n\t\t<meta property=\"og:url\" content=\"https:\/\/candas365.es\/noticias\/reunion-de-adicap-en-candas\/\" \/>\n\t\t<meta property=\"og:image\" content=\"https:\/\/candas365.es\/noticias\/wp-content\/uploads\/2020\/02\/Adicap.jpg\" \/>\n\t\t<meta property=\"og:image:secure_url\" content=\"https:\/\/candas365.es\/noticias\/wp-content\/uploads\/2020\/02\/Adicap.jpg\" \/>\n\t\t<meta property=\"og:image:width\" content=\"1077\" \/>\n\t\t<meta property=\"og:image:height\" content=\"722\" \/>\n\t\t<meta property=\"article:published_time\" content=\"2020-02-21T19:13:11+00:00\" \/>\n\t\t<meta property=\"article:modified_time\" content=\"2020-02-21T19:13:11+00:00\" \/>\n\t\t<meta property=\"article:publisher\" content=\"https:\/\/www.facebook.com\/Nachofdezber\" \/>\n\t\t<meta property=\"article:author\" content=\"https:\/\/www.facebook.com\/carrenoactualidad\" \/>\n\t\t<meta name=\"twitter:card\" content=\"summary_large_image\" \/>\n\t\t<meta name=\"twitter:site\" content=\"@NabercoDigital\" \/>\n\t\t<meta name=\"twitter:title\" content=\"Reuni\u00f3n de Adicap en Cand\u00e1s | Cand\u00e1s 365\" \/>\n\t\t<meta name=\"twitter:description\" content=\"La Asamblea General de la \u201cAsociaci\u00f3n para el Desarrollo Integrado del Centro de Asturias Periurbano (ADICAP), reunida hoy, Viernes, 21 de Febrero en Cand\u00e1s, ha aprobado la financiaci\u00f3n propuesta por la Consejer\u00eda de Desarrollo Rural, Agroganader\u00eda y Pesca para la convocatoria plurianual de ayudas Leader 2020 por un importe total de 1.188.907,07 \u20ac hasta el\" \/>\n\t\t<meta name=\"twitter:creator\" content=\"@nbasturias\" \/>\n\t\t<meta name=\"twitter:image\" content=\"https:\/\/candas365.es\/noticias\/wp-content\/uploads\/2020\/02\/Adicap.jpg\" \/>\n\t\t<meta name=\"twitter:label1\" content=\"Escrito por\" \/>\n\t\t<meta name=\"twitter:data1\" content=\"Cand\u00e1s 365\" \/>\n\t\t<meta name=\"twitter:label2\" content=\"Tiempo de lectura estimado\" \/>\n\t\t<meta name=\"twitter:data2\" content=\"2 minutos\" \/>\n\t\t<script type=\"application\/ld+json\" class=\"aioseo-schema\">\n\t\t\t{\"@context\":\"https:\\\/\\\/schema.org\",\"@graph\":[{\"@type\":\"BreadcrumbList\",\"@id\":\"https:\\\/\\\/candas365.es\\\/noticias\\\/reunion-de-adicap-en-candas\\\/#breadcrumblist\",\"itemListElement\":[{\"@type\":\"ListItem\",\"@id\":\"https:\\\/\\\/candas365.es\\\/noticias#listItem\",\"position\":1,\"name\":\"Home\",\"item\":\"https:\\\/\\\/candas365.es\\\/noticias\",\"nextItem\":{\"@type\":\"ListItem\",\"@id\":\"https:\\\/\\\/candas365.es\\\/noticias\\\/category\\\/noticias-carreno\\\/#listItem\",\"name\":\"Noticias Carre\\u00f1o\"}},{\"@type\":\"ListItem\",\"@id\":\"https:\\\/\\\/candas365.es\\\/noticias\\\/category\\\/noticias-carreno\\\/#listItem\",\"position\":2,\"name\":\"Noticias Carre\\u00f1o\",\"item\":\"https:\\\/\\\/candas365.es\\\/noticias\\\/category\\\/noticias-carreno\\\/\",\"nextItem\":{\"@type\":\"ListItem\",\"@id\":\"https:\\\/\\\/candas365.es\\\/noticias\\\/reunion-de-adicap-en-candas\\\/#listItem\",\"name\":\"Reuni\\u00f3n de Adicap en Cand\\u00e1s\"},\"previousItem\":{\"@type\":\"ListItem\",\"@id\":\"https:\\\/\\\/candas365.es\\\/noticias#listItem\",\"name\":\"Home\"}},{\"@type\":\"ListItem\",\"@id\":\"https:\\\/\\\/candas365.es\\\/noticias\\\/reunion-de-adicap-en-candas\\\/#listItem\",\"position\":3,\"name\":\"Reuni\\u00f3n de Adicap en Cand\\u00e1s\",\"previousItem\":{\"@type\":\"ListItem\",\"@id\":\"https:\\\/\\\/candas365.es\\\/noticias\\\/category\\\/noticias-carreno\\\/#listItem\",\"name\":\"Noticias Carre\\u00f1o\"}}]},{\"@type\":\"NewsArticle\",\"@id\":\"https:\\\/\\\/candas365.es\\\/noticias\\\/reunion-de-adicap-en-candas\\\/#newsarticle\",\"name\":\"Reuni\\u00f3n de Adicap en Cand\\u00e1s | Cand\\u00e1s 365\",\"headline\":\"Reuni\\u00f3n de Adicap en Cand\\u00e1s\",\"author\":{\"@id\":\"https:\\\/\\\/candas365.es\\\/noticias\\\/author\\\/admin\\\/#author\"},\"publisher\":{\"@id\":\"https:\\\/\\\/candas365.es\\\/noticias\\\/#organization\"},\"image\":{\"@type\":\"ImageObject\",\"url\":\"https:\\\/\\\/candas365.es\\\/noticias\\\/wp-content\\\/uploads\\\/2020\\\/02\\\/Adicap.jpg\",\"width\":1077,\"height\":722},\"datePublished\":\"2020-02-21T19:13:11+01:00\",\"dateModified\":\"2020-02-21T19:13:11+01:00\",\"inLanguage\":\"es-ES\",\"mainEntityOfPage\":{\"@id\":\"https:\\\/\\\/candas365.es\\\/noticias\\\/reunion-de-adicap-en-candas\\\/#webpage\"},\"isPartOf\":{\"@id\":\"https:\\\/\\\/candas365.es\\\/noticias\\\/reunion-de-adicap-en-candas\\\/#webpage\"},\"articleSection\":\"Noticias Carre\\u00f1o\",\"dateline\":\"Publicado el febrero 21, 2020.\"},{\"@type\":\"Organization\",\"@id\":\"https:\\\/\\\/candas365.es\\\/noticias\\\/#organization\",\"name\":\"Cand\\u00e1s 365\",\"description\":\"Cand\\u00e1s 365 es un diario digital independiente, fundado en 2012, con base en Asturias. Informamos con rigor sobre actualidad, sociedad, cultura y ocio, con una mirada local y global.\",\"url\":\"https:\\\/\\\/candas365.es\\\/noticias\\\/\",\"email\":\"info@candas365.es\",\"telephone\":\"+34652131393\",\"foundingDate\":\"2012-06-10\",\"logo\":{\"@type\":\"ImageObject\",\"url\":\"https:\\\/\\\/candas365.es\\\/noticias\\\/wp-content\\\/uploads\\\/2024\\\/09\\\/Candas-365-Redes.jpg\",\"@id\":\"https:\\\/\\\/candas365.es\\\/noticias\\\/reunion-de-adicap-en-candas\\\/#organizationLogo\",\"width\":1152,\"height\":864,\"caption\":\"Cand\\u00e1s 365 Redes\"},\"image\":{\"@id\":\"https:\\\/\\\/candas365.es\\\/noticias\\\/reunion-de-adicap-en-candas\\\/#organizationLogo\"},\"sameAs\":[\"https:\\\/\\\/www.facebook.com\\\/Nachofdezber\",\"https:\\\/\\\/x.com\\\/NabercoDigital\",\"https:\\\/\\\/www.instagram.com\\\/nachofdezber\\\/\",\"https:\\\/\\\/www.youtube.com\\\/channel\\\/UCZP-2wLEB9Rv6erhFmqVnvg\"],\"address\":{\"@id\":\"https:\\\/\\\/candas365.es\\\/noticias\\\/#postaladdress\",\"@type\":\"PostalAddress\",\"streetAddress\":\"san antonio 4, san antonio 4\",\"postalCode\":\"33430\",\"addressLocality\":\"Cand\\u00e1s\",\"addressRegion\":\"Asturias\",\"addressCountry\":\"ES\"}},{\"@type\":\"Person\",\"@id\":\"https:\\\/\\\/candas365.es\\\/noticias\\\/author\\\/admin\\\/#author\",\"url\":\"https:\\\/\\\/candas365.es\\\/noticias\\\/author\\\/admin\\\/\",\"name\":\"Cand\\u00e1s 365\",\"image\":{\"@type\":\"ImageObject\",\"@id\":\"https:\\\/\\\/candas365.es\\\/noticias\\\/reunion-de-adicap-en-candas\\\/#authorImage\",\"url\":\"https:\\\/\\\/secure.gravatar.com\\\/avatar\\\/496a8e03d0c493ede1718b7934145dbdf8d89be1036b0eec9544e1094c9de390?s=96&d=mm&r=g\",\"width\":96,\"height\":96,\"caption\":\"Cand\\u00e1s 365\"},\"sameAs\":[\"https:\\\/\\\/www.facebook.com\\\/carrenoactualidad\",\"https:\\\/\\\/twitter.com\\\/nbasturias\",\"https:\\\/\\\/www.instagram.com\\\/nachofdezber\\\/\",\"https:\\\/\\\/www.youtube.com\\\/channel\\\/UCZP-2wLEB9Rv6erhFmqVnvg\"]},{\"@type\":\"WebPage\",\"@id\":\"https:\\\/\\\/candas365.es\\\/noticias\\\/reunion-de-adicap-en-candas\\\/#webpage\",\"url\":\"https:\\\/\\\/candas365.es\\\/noticias\\\/reunion-de-adicap-en-candas\\\/\",\"name\":\"Reuni\\u00f3n de Adicap en Cand\\u00e1s | Cand\\u00e1s 365\",\"description\":\"La Asamblea General de la \\u201cAsociaci\\u00f3n para el Desarrollo Integrado del Centro de Asturias Periurbano (ADICAP), reunida hoy, Viernes, 21 de Febrero en Cand\\u00e1s, ha aprobado la financiaci\\u00f3n propuesta por la Consejer\\u00eda de Desarrollo Rural, Agroganader\\u00eda y Pesca para la convocatoria plurianual de ayudas Leader 2020 por un importe total de 1.188.907,07 \\u20ac hasta el\",\"inLanguage\":\"es-ES\",\"isPartOf\":{\"@id\":\"https:\\\/\\\/candas365.es\\\/noticias\\\/#website\"},\"breadcrumb\":{\"@id\":\"https:\\\/\\\/candas365.es\\\/noticias\\\/reunion-de-adicap-en-candas\\\/#breadcrumblist\"},\"author\":{\"@id\":\"https:\\\/\\\/candas365.es\\\/noticias\\\/author\\\/admin\\\/#author\"},\"creator\":{\"@id\":\"https:\\\/\\\/candas365.es\\\/noticias\\\/author\\\/admin\\\/#author\"},\"image\":{\"@type\":\"ImageObject\",\"url\":\"https:\\\/\\\/candas365.es\\\/noticias\\\/wp-content\\\/uploads\\\/2020\\\/02\\\/Adicap.jpg\",\"@id\":\"https:\\\/\\\/candas365.es\\\/noticias\\\/reunion-de-adicap-en-candas\\\/#mainImage\",\"width\":1077,\"height\":722},\"primaryImageOfPage\":{\"@id\":\"https:\\\/\\\/candas365.es\\\/noticias\\\/reunion-de-adicap-en-candas\\\/#mainImage\"},\"datePublished\":\"2020-02-21T19:13:11+01:00\",\"dateModified\":\"2020-02-21T19:13:11+01:00\"},{\"@type\":\"WebSite\",\"@id\":\"https:\\\/\\\/candas365.es\\\/noticias\\\/#website\",\"url\":\"https:\\\/\\\/candas365.es\\\/noticias\\\/\",\"name\":\"Cand\\u00e1s 365\",\"alternateName\":\"Cand\\u00e1s 365 Noticias\",\"description\":\"Actualidad desde Carre\\u00f1o para el mundo\",\"inLanguage\":\"es-ES\",\"publisher\":{\"@id\":\"https:\\\/\\\/candas365.es\\\/noticias\\\/#organization\"}}]}\n\t\t<\/script>\n\t\t<!-- All in One SEO Pro -->\r\n\t\t<title>Reuni\u00f3n de Adicap en Cand\u00e1s | Cand\u00e1s 365<\/title>\n\n","aioseo_head_json":{"title":"Reuni\u00f3n de Adicap en Cand\u00e1s | Cand\u00e1s 365","description":"La Asamblea General de la \u201cAsociaci\u00f3n para el Desarrollo Integrado del Centro de Asturias Periurbano (ADICAP), reunida hoy, Viernes, 21 de Febrero en Cand\u00e1s, ha aprobado la financiaci\u00f3n propuesta por la Consejer\u00eda de Desarrollo Rural, Agroganader\u00eda y Pesca para la convocatoria plurianual de ayudas Leader 2020 por un importe total de 1.188.907,07 \u20ac hasta el","canonical_url":"https:\/\/candas365.es\/noticias\/reunion-de-adicap-en-candas\/","robots":"max-image-preview:large","keywords":"noticias carre\u00f1o","webmasterTools":{"google-site-verification":"UA-32230408-1","msvalidate.01":"354F3CDFB2DA171B47FBE9ABF1F88D5","miscellaneous":""},"schema":{"@context":"https:\/\/schema.org","@graph":[{"@type":"BreadcrumbList","@id":"https:\/\/candas365.es\/noticias\/reunion-de-adicap-en-candas\/#breadcrumblist","itemListElement":[{"@type":"ListItem","@id":"https:\/\/candas365.es\/noticias#listItem","position":1,"name":"Home","item":"https:\/\/candas365.es\/noticias","nextItem":{"@type":"ListItem","@id":"https:\/\/candas365.es\/noticias\/category\/noticias-carreno\/#listItem","name":"Noticias Carre\u00f1o"}},{"@type":"ListItem","@id":"https:\/\/candas365.es\/noticias\/category\/noticias-carreno\/#listItem","position":2,"name":"Noticias Carre\u00f1o","item":"https:\/\/candas365.es\/noticias\/category\/noticias-carreno\/","nextItem":{"@type":"ListItem","@id":"https:\/\/candas365.es\/noticias\/reunion-de-adicap-en-candas\/#listItem","name":"Reuni\u00f3n de Adicap en Cand\u00e1s"},"previousItem":{"@type":"ListItem","@id":"https:\/\/candas365.es\/noticias#listItem","name":"Home"}},{"@type":"ListItem","@id":"https:\/\/candas365.es\/noticias\/reunion-de-adicap-en-candas\/#listItem","position":3,"name":"Reuni\u00f3n de Adicap en Cand\u00e1s","previousItem":{"@type":"ListItem","@id":"https:\/\/candas365.es\/noticias\/category\/noticias-carreno\/#listItem","name":"Noticias Carre\u00f1o"}}]},{"@type":"NewsArticle","@id":"https:\/\/candas365.es\/noticias\/reunion-de-adicap-en-candas\/#newsarticle","name":"Reuni\u00f3n de Adicap en Cand\u00e1s | Cand\u00e1s 365","headline":"Reuni\u00f3n de Adicap en Cand\u00e1s","author":{"@id":"https:\/\/candas365.es\/noticias\/author\/admin\/#author"},"publisher":{"@id":"https:\/\/candas365.es\/noticias\/#organization"},"image":{"@type":"ImageObject","url":"https:\/\/candas365.es\/noticias\/wp-content\/uploads\/2020\/02\/Adicap.jpg","width":1077,"height":722},"datePublished":"2020-02-21T19:13:11+01:00","dateModified":"2020-02-21T19:13:11+01:00","inLanguage":"es-ES","mainEntityOfPage":{"@id":"https:\/\/candas365.es\/noticias\/reunion-de-adicap-en-candas\/#webpage"},"isPartOf":{"@id":"https:\/\/candas365.es\/noticias\/reunion-de-adicap-en-candas\/#webpage"},"articleSection":"Noticias Carre\u00f1o","dateline":"Publicado el febrero 21, 2020."},{"@type":"Organization","@id":"https:\/\/candas365.es\/noticias\/#organization","name":"Cand\u00e1s 365","description":"Cand\u00e1s 365 es un diario digital independiente, fundado en 2012, con base en Asturias. Informamos con rigor sobre actualidad, sociedad, cultura y ocio, con una mirada local y global.","url":"https:\/\/candas365.es\/noticias\/","email":"info@candas365.es","telephone":"+34652131393","foundingDate":"2012-06-10","logo":{"@type":"ImageObject","url":"https:\/\/candas365.es\/noticias\/wp-content\/uploads\/2024\/09\/Candas-365-Redes.jpg","@id":"https:\/\/candas365.es\/noticias\/reunion-de-adicap-en-candas\/#organizationLogo","width":1152,"height":864,"caption":"Cand\u00e1s 365 Redes"},"image":{"@id":"https:\/\/candas365.es\/noticias\/reunion-de-adicap-en-candas\/#organizationLogo"},"sameAs":["https:\/\/www.facebook.com\/Nachofdezber","https:\/\/x.com\/NabercoDigital","https:\/\/www.instagram.com\/nachofdezber\/","https:\/\/www.youtube.com\/channel\/UCZP-2wLEB9Rv6erhFmqVnvg"],"address":{"@id":"https:\/\/candas365.es\/noticias\/#postaladdress","@type":"PostalAddress","streetAddress":"san antonio 4, san antonio 4","postalCode":"33430","addressLocality":"Cand\u00e1s","addressRegion":"Asturias","addressCountry":"ES"}},{"@type":"Person","@id":"https:\/\/candas365.es\/noticias\/author\/admin\/#author","url":"https:\/\/candas365.es\/noticias\/author\/admin\/","name":"Cand\u00e1s 365","image":{"@type":"ImageObject","@id":"https:\/\/candas365.es\/noticias\/reunion-de-adicap-en-candas\/#authorImage","url":"https:\/\/secure.gravatar.com\/avatar\/496a8e03d0c493ede1718b7934145dbdf8d89be1036b0eec9544e1094c9de390?s=96&d=mm&r=g","width":96,"height":96,"caption":"Cand\u00e1s 365"},"sameAs":["https:\/\/www.facebook.com\/carrenoactualidad","https:\/\/twitter.com\/nbasturias","https:\/\/www.instagram.com\/nachofdezber\/","https:\/\/www.youtube.com\/channel\/UCZP-2wLEB9Rv6erhFmqVnvg"]},{"@type":"WebPage","@id":"https:\/\/candas365.es\/noticias\/reunion-de-adicap-en-candas\/#webpage","url":"https:\/\/candas365.es\/noticias\/reunion-de-adicap-en-candas\/","name":"Reuni\u00f3n de Adicap en Cand\u00e1s | Cand\u00e1s 365","description":"La Asamblea General de la \u201cAsociaci\u00f3n para el Desarrollo Integrado del Centro de Asturias Periurbano (ADICAP), reunida hoy, Viernes, 21 de Febrero en Cand\u00e1s, ha aprobado la financiaci\u00f3n propuesta por la Consejer\u00eda de Desarrollo Rural, Agroganader\u00eda y Pesca para la convocatoria plurianual de ayudas Leader 2020 por un importe total de 1.188.907,07 \u20ac hasta el","inLanguage":"es-ES","isPartOf":{"@id":"https:\/\/candas365.es\/noticias\/#website"},"breadcrumb":{"@id":"https:\/\/candas365.es\/noticias\/reunion-de-adicap-en-candas\/#breadcrumblist"},"author":{"@id":"https:\/\/candas365.es\/noticias\/author\/admin\/#author"},"creator":{"@id":"https:\/\/candas365.es\/noticias\/author\/admin\/#author"},"image":{"@type":"ImageObject","url":"https:\/\/candas365.es\/noticias\/wp-content\/uploads\/2020\/02\/Adicap.jpg","@id":"https:\/\/candas365.es\/noticias\/reunion-de-adicap-en-candas\/#mainImage","width":1077,"height":722},"primaryImageOfPage":{"@id":"https:\/\/candas365.es\/noticias\/reunion-de-adicap-en-candas\/#mainImage"},"datePublished":"2020-02-21T19:13:11+01:00","dateModified":"2020-02-21T19:13:11+01:00"},{"@type":"WebSite","@id":"https:\/\/candas365.es\/noticias\/#website","url":"https:\/\/candas365.es\/noticias\/","name":"Cand\u00e1s 365","alternateName":"Cand\u00e1s 365 Noticias","description":"Actualidad desde Carre\u00f1o para el mundo","inLanguage":"es-ES","publisher":{"@id":"https:\/\/candas365.es\/noticias\/#organization"}}]},"og:locale":"es_ES","og:site_name":"Cand\u00e1s 365","og:type":"article","og:title":"Reuni\u00f3n de Adicap en Cand\u00e1s | Cand\u00e1s 365","og:description":"La Asamblea General de la \u201cAsociaci\u00f3n para el Desarrollo Integrado del Centro de Asturias Periurbano (ADICAP), reunida hoy, Viernes, 21 de Febrero en Cand\u00e1s, ha aprobado la financiaci\u00f3n propuesta por la Consejer\u00eda de Desarrollo Rural, Agroganader\u00eda y Pesca para la convocatoria plurianual de ayudas Leader 2020 por un importe total de 1.188.907,07 \u20ac hasta el","og:url":"https:\/\/candas365.es\/noticias\/reunion-de-adicap-en-candas\/","og:image":"https:\/\/candas365.es\/noticias\/wp-content\/uploads\/2020\/02\/Adicap.jpg","og:image:secure_url":"https:\/\/candas365.es\/noticias\/wp-content\/uploads\/2020\/02\/Adicap.jpg","og:image:width":1077,"og:image:height":722,"article:published_time":"2020-02-21T19:13:11+00:00","article:modified_time":"2020-02-21T19:13:11+00:00","article:publisher":"https:\/\/www.facebook.com\/Nachofdezber","article:author":"https:\/\/www.facebook.com\/carrenoactualidad","twitter:card":"summary_large_image","twitter:site":"@NabercoDigital","twitter:title":"Reuni\u00f3n de Adicap en Cand\u00e1s | Cand\u00e1s 365","twitter:description":"La Asamblea General de la \u201cAsociaci\u00f3n para el Desarrollo Integrado del Centro de Asturias Periurbano (ADICAP), reunida hoy, Viernes, 21 de Febrero en Cand\u00e1s, ha aprobado la financiaci\u00f3n propuesta por la Consejer\u00eda de Desarrollo Rural, Agroganader\u00eda y Pesca para la convocatoria plurianual de ayudas Leader 2020 por un importe total de 1.188.907,07 \u20ac hasta el","twitter:creator":"@nbasturias","twitter:image":"https:\/\/candas365.es\/noticias\/wp-content\/uploads\/2020\/02\/Adicap.jpg","twitter:label1":"Escrito por","twitter:data1":"Cand\u00e1s 365","twitter:label2":"Tiempo de lectura estimado","twitter:data2":"2 minutos"},"aioseo_meta_data":{"post_id":"138505","title":null,"description":null,"keywords":null,"keyphrases":null,"primary_term":null,"canonical_url":null,"og_title":null,"og_description":null,"og_object_type":"default","og_image_type":"default","og_image_url":null,"og_image_width":null,"og_image_height":null,"og_image_custom_url":null,"og_image_custom_fields":null,"og_video":null,"og_custom_url":null,"og_article_section":null,"og_article_tags":null,"twitter_use_og":false,"twitter_card":"default","twitter_image_type":"default","twitter_image_url":null,"twitter_image_custom_url":null,"twitter_image_custom_fields":null,"twitter_title":null,"twitter_description":null,"schema":{"blockGraphs":[],"customGraphs":[],"default":{"data":{"Article":[],"Course":[],"Dataset":[],"FAQPage":[],"Movie":[],"Person":[],"Product":[],"ProductReview":[],"Car":[],"Recipe":[],"Service":[],"SoftwareApplication":[],"WebPage":[]},"graphName":"","isEnabled":true},"graphs":[],"defaultGraph":"","defaultPostTypeGraph":""},"schema_type":null,"schema_type_options":null,"pillar_content":false,"robots_default":true,"robots_noindex":false,"robots_noarchive":false,"robots_nosnippet":false,"robots_nofollow":false,"robots_noimageindex":false,"robots_noodp":false,"robots_notranslate":false,"robots_max_snippet":null,"robots_max_videopreview":null,"robots_max_imagepreview":"large","priority":null,"frequency":null,"location":null,"local_seo":null,"seo_analyzer_scan_date":"2025-08-31 00:19:13","breadcrumb_settings":null,"limit_modified_date":false,"reviewed_by":null,"open_ai":null,"ai":null,"created":"2020-12-21 10:45:13","updated":"2025-08-31 00:19:13"},"aioseo_breadcrumb":"<div class=\"aioseo-breadcrumbs\"><span class=\"aioseo-breadcrumb\">\n\t<a href=\"https:\/\/candas365.es\/noticias\" title=\"Home\">Home<\/a>\n<\/span><span class=\"aioseo-breadcrumb-separator\">&ndash;<\/span><span class=\"aioseo-breadcrumb\">\n\t<a href=\"https:\/\/candas365.es\/noticias\/category\/noticias-carreno\/\" title=\"Noticias Carre\u00f1o\">Noticias Carre\u00f1o<\/a>\n<\/span><span class=\"aioseo-breadcrumb-separator\">&ndash;<\/span><span class=\"aioseo-breadcrumb\">\n\tReuni\u00f3n de Adicap en Cand\u00e1s\n<\/span><\/div>","aioseo_breadcrumb_json":[{"label":"Home","link":"https:\/\/candas365.es\/noticias"},{"label":"Noticias Carre\u00f1o","link":"https:\/\/candas365.es\/noticias\/category\/noticias-carreno\/"},{"label":"Reuni\u00f3n de Adicap en Cand\u00e1s","link":"https:\/\/candas365.es\/noticias\/reunion-de-adicap-en-candas\/"}],"_links":{"self":[{"href":"https:\/\/candas365.es\/noticias\/wp-json\/wp\/v2\/posts\/138505","targetHints":{"allow":["GET"]}}],"collection":[{"href":"https:\/\/candas365.es\/noticias\/wp-json\/wp\/v2\/posts"}],"about":[{"href":"https:\/\/candas365.es\/noticias\/wp-json\/wp\/v2\/types\/post"}],"author":[{"embeddable":true,"href":"https:\/\/candas365.es\/noticias\/wp-json\/wp\/v2\/users\/1"}],"replies":[{"embeddable":true,"href":"https:\/\/candas365.es\/noticias\/wp-json\/wp\/v2\/comments?post=138505"}],"version-history":[{"count":0,"href":"https:\/\/candas365.es\/noticias\/wp-json\/wp\/v2\/posts\/138505\/revisions"}],"wp:featuredmedia":[{"embeddable":true,"href":"https:\/\/candas365.es\/noticias\/wp-json\/wp\/v2\/media\/138506"}],"wp:attachment":[{"href":"https:\/\/candas365.es\/noticias\/wp-json\/wp\/v2\/media?parent=138505"}],"wp:term":[{"taxonomy":"category","embeddable":true,"href":"https:\/\/candas365.es\/noticias\/wp-json\/wp\/v2\/categories?post=138505"},{"taxonomy":"post_tag","embeddable":true,"href":"https:\/\/candas365.es\/noticias\/wp-json\/wp\/v2\/tags?post=138505"}],"curies":[{"name":"wp","href":"https:\/\/api.w.org\/{rel}","templated":true}]}}