{"id":138159,"date":"2020-02-17T06:41:38","date_gmt":"2020-02-17T06:41:38","guid":{"rendered":"http:\/\/candas365.es\/noticias\/?p=138159"},"modified":"2020-02-17T06:41:38","modified_gmt":"2020-02-17T06:41:38","slug":"obras-en-la-zona-rural-de-carreno","status":"publish","type":"post","link":"https:\/\/candas365.es\/noticias\/obras-en-la-zona-rural-de-carreno\/","title":{"rendered":"Obras en la zona rural de Carre\u00f1o"},"content":{"rendered":"<p><img fetchpriority=\"high\" decoding=\"async\" class=\"alignleft size-medium wp-image-138160\" src=\"https:\/\/candas365.es\/noticias\/wp-content\/uploads\/2020\/02\/740170220-360x254.jpg\" alt=\"\" width=\"360\" height=\"254\" srcset=\"https:\/\/candas365.es\/noticias\/wp-content\/uploads\/2020\/02\/740170220-360x254.jpg 360w, https:\/\/candas365.es\/noticias\/wp-content\/uploads\/2020\/02\/740170220-655x462.jpg 655w, https:\/\/candas365.es\/noticias\/wp-content\/uploads\/2020\/02\/740170220-768x542.jpg 768w, https:\/\/candas365.es\/noticias\/wp-content\/uploads\/2020\/02\/740170220-696x491.jpg 696w, https:\/\/candas365.es\/noticias\/wp-content\/uploads\/2020\/02\/740170220-596x420.jpg 596w, https:\/\/candas365.es\/noticias\/wp-content\/uploads\/2020\/02\/740170220-100x70.jpg 100w, https:\/\/candas365.es\/noticias\/wp-content\/uploads\/2020\/02\/740170220.jpg 1058w\" sizes=\"(max-width: 360px) 100vw, 360px\" \/>En las inmediaciones del CIR Monte Areo, el Ayuntamiento de Carre\u00f1o, dispone de una pista multideporte de 44,00m. X 22,00m. aproximadamente orientada en su eje longitudinal seg\u00fan la direcci\u00f3n Noroeste-Sureste. En el proceso de presupuestos participativos de 2018 los proyecto vecinales m\u00e1s votados fueron precisamente \u00e9stos. Las solicitudes vecinales m\u00e1s respaldadas instaban al consistorio a realizar un cerramiento perimetral de la pista existente para ampliar sus usos y funcionalidad, as\u00ed como ampliar los almacenes existentes para dar servicio a las comisiones de festejos \u201c El Pegoyu\u201d de Guimar\u00e1n y \u201c COFEVA\u201d de El Valle. En Noviembre de 2019 la oficina t\u00e9cnica municipal concluy\u00f3 la redacci\u00f3n del correspondiente proyecto t\u00e9cnico, que tras el proceso de licitaci\u00f3n correspondiente se adjudic\u00f3 a la empresa Construcciones Mart\u00ednez Monasterio S.L por un importe de 199.520,05 \u20ac y con un plazo de ejecuci\u00f3n de 4 meses, a contar desde la firma del acta de replanteo.<\/p>\n<p>La Alcaldesa de Carre\u00f1o, el edil de medio rural, acompa\u00f1ados de Alberto Fern\u00e1ndez, representante vecinal y la direcci\u00f3n de obra visitaron las instalaciones municipales para hacer un seguimiento de la evoluci\u00f3n de las obras que se encuentran ya muy avanzadas.<\/p>\n<p>Con esta actuaci\u00f3n ser\u00edan tres las pistas polideportivas cubiertas en la zona rural de Carre\u00f1o: Prevera, Albandi y ahora \u00e9sta.<\/p>\n<p>\u201cCon el fin de aprovechar la luz natural el cierre que se dise\u00f1\u00f3 desde la Oficina T\u00e9cnica Municipal dispondr\u00e1 de un tramo opaco apoyado sobre el pavimento constituido por f\u00e1brica de bloques prefabricados de hormig\u00f3n ligero dispuestos sobre la cimentaci\u00f3n de la edificaci\u00f3n encima del que se propone una banda transl\u00facida que permita la entrada de luz natural del exterior. Dicha f\u00e1brica se ejecut\u00f3 para quedar vista en su cara interna al objeto de mejorar las condiciones ac\u00fasticas de cancha municipal y la cara exterior se acab\u00f3 con mortero monocapa con acabado raspado fino\u201d \u2013 avanz\u00f3 la Alcaldesa.<\/p>\n<p>\u201cAdem\u00e1s del cerramiento de las instalaciones se abord\u00f3 la construcci\u00f3n de un grader\u00edo cubierto enfrentado con el escenario existente. Con el fin de no limitar el espacio destinado a las actividades deportivas se ha optado por disponerlo emergiendo de la alineaci\u00f3n de la fachada nordeste por lo que dada la topograf\u00eda del terreno circundante quedar\u00e1 semienterrado\u201d \u2013 prosigui\u00f3 Fern\u00e1ndez.<\/p>\n<p>\u201cLas obras contemplan la necesidad de disponer de otras dos puertas de cara a la evacuaci\u00f3n de ocupantes y de dos sistemas de extinci\u00f3n de incendios (extintores m\u00f3viles y bocas de riego equipadas), adecuando tambi\u00e9n el sistema de alumbrado de emergencia\u201d -afirm\u00f3 Amelia Fern\u00e1ndez.<\/p>\n<p>\u201cSe ampli\u00f3 el almac\u00e9n existente prolongando el edificio que lo alberga en direcci\u00f3n nordeste aprovechando el espacio delimitado por un bordillo empotrado en el pavimento. Dicha ampliaci\u00f3n implic\u00f3 la eliminaci\u00f3n de la fachada (muro de carga) a la que ados\u00f3 con el fin de disponer de un espacio lo m\u00e1s di\u00e1fano posible. Resultado de las obras quedar\u00e1n tres zonas de almac\u00e9n, dos del mismo tama\u00f1o y un tercero m\u00e1s peque\u00f1o que albergar\u00e1 el cuadro el\u00e9ctrico y ser\u00e1 de uso municipal. Los almacenes id\u00e9nticos se destinar\u00e1n para dar servicio la entidades de la zona siendo de uso compartido. La Asociaci\u00f3n vecinal Dolmen y la Comisi\u00f3n de festejos de Guimar\u00e1n compartir\u00e1n uno, y el otro ser\u00e1 destinado para almacenar enseres de la Comisi\u00f3n de Festejos COFEVA y el grupo de baile La Folixa de Carre\u00f1o\u201d &#8211; concluy\u00f3 Fern\u00e1ndez.<\/p>\n<p>&nbsp;<\/p>\n","protected":false},"excerpt":{"rendered":"<p>En las inmediaciones del CIR Monte Areo, el Ayuntamiento de Carre\u00f1o, dispone de una pista multideporte de 44,00m. X 22,00m. aproximadamente orientada en su eje longitudinal seg\u00fan la direcci\u00f3n Noroeste-Sureste. En el proceso de presupuestos participativos de 2018 los proyecto vecinales m\u00e1s votados fueron precisamente \u00e9stos. Las solicitudes vecinales m\u00e1s respaldadas instaban al consistorio a<\/p>\n","protected":false},"author":1,"featured_media":138160,"comment_status":"closed","ping_status":"closed","sticky":false,"template":"","format":"standard","meta":{"footnotes":""},"categories":[2],"tags":[],"class_list":{"0":"post-138159","1":"post","2":"type-post","3":"status-publish","4":"format-standard","5":"has-post-thumbnail","7":"category-noticias-carreno"},"aioseo_notices":[],"aioseo_head":"\n\t\t<!-- All in One SEO Pro 4.9.6.2 - aioseo.com -->\n\t<meta name=\"description\" content=\"En las inmediaciones del CIR Monte Areo, el Ayuntamiento de Carre\u00f1o, dispone de una pista multideporte de 44,00m. X 22,00m. aproximadamente orientada en su eje longitudinal seg\u00fan la direcci\u00f3n Noroeste-Sureste. En el proceso de presupuestos participativos de 2018 los proyecto vecinales m\u00e1s votados fueron precisamente \u00e9stos. Las solicitudes vecinales m\u00e1s respaldadas instaban al consistorio a\" \/>\n\t<meta name=\"robots\" content=\"max-image-preview:large\" \/>\n\t<meta name=\"author\" content=\"Cand\u00e1s 365\"\/>\n\t<meta name=\"google-site-verification\" content=\"UA-32230408-1\" \/>\n\t<meta name=\"msvalidate.01\" content=\"354F3CDFB2DA171B47FBE9ABF1F88D5\" \/>\n\t<meta name=\"keywords\" content=\"noticias carre\u00f1o\" \/>\n\t<link rel=\"canonical\" href=\"https:\/\/candas365.es\/noticias\/obras-en-la-zona-rural-de-carreno\/\" \/>\n\t<meta name=\"generator\" content=\"All in One SEO Pro (AIOSEO) 4.9.6.2\" \/>\n\t\t<meta property=\"og:locale\" content=\"es_ES\" \/>\n\t\t<meta property=\"og:site_name\" content=\"Cand\u00e1s 365\" \/>\n\t\t<meta property=\"og:type\" content=\"article\" \/>\n\t\t<meta property=\"og:title\" content=\"Obras en la zona rural de Carre\u00f1o | Cand\u00e1s 365\" \/>\n\t\t<meta property=\"og:description\" content=\"En las inmediaciones del CIR Monte Areo, el Ayuntamiento de Carre\u00f1o, dispone de una pista multideporte de 44,00m. X 22,00m. aproximadamente orientada en su eje longitudinal seg\u00fan la direcci\u00f3n Noroeste-Sureste. En el proceso de presupuestos participativos de 2018 los proyecto vecinales m\u00e1s votados fueron precisamente \u00e9stos. Las solicitudes vecinales m\u00e1s respaldadas instaban al consistorio a\" \/>\n\t\t<meta property=\"og:url\" content=\"https:\/\/candas365.es\/noticias\/obras-en-la-zona-rural-de-carreno\/\" \/>\n\t\t<meta property=\"og:image\" content=\"https:\/\/candas365.es\/noticias\/wp-content\/uploads\/2020\/02\/740170220.jpg\" \/>\n\t\t<meta property=\"og:image:secure_url\" content=\"https:\/\/candas365.es\/noticias\/wp-content\/uploads\/2020\/02\/740170220.jpg\" \/>\n\t\t<meta property=\"og:image:width\" content=\"1058\" \/>\n\t\t<meta property=\"og:image:height\" content=\"746\" \/>\n\t\t<meta property=\"article:published_time\" content=\"2020-02-17T06:41:38+00:00\" \/>\n\t\t<meta property=\"article:modified_time\" content=\"2020-02-17T06:41:38+00:00\" \/>\n\t\t<meta property=\"article:publisher\" content=\"https:\/\/www.facebook.com\/Nachofdezber\" \/>\n\t\t<meta property=\"article:author\" content=\"https:\/\/www.facebook.com\/carrenoactualidad\" \/>\n\t\t<meta name=\"twitter:card\" content=\"summary_large_image\" \/>\n\t\t<meta name=\"twitter:site\" content=\"@NabercoDigital\" \/>\n\t\t<meta name=\"twitter:title\" content=\"Obras en la zona rural de Carre\u00f1o | Cand\u00e1s 365\" \/>\n\t\t<meta name=\"twitter:description\" content=\"En las inmediaciones del CIR Monte Areo, el Ayuntamiento de Carre\u00f1o, dispone de una pista multideporte de 44,00m. X 22,00m. aproximadamente orientada en su eje longitudinal seg\u00fan la direcci\u00f3n Noroeste-Sureste. En el proceso de presupuestos participativos de 2018 los proyecto vecinales m\u00e1s votados fueron precisamente \u00e9stos. Las solicitudes vecinales m\u00e1s respaldadas instaban al consistorio a\" \/>\n\t\t<meta name=\"twitter:creator\" content=\"@nbasturias\" \/>\n\t\t<meta name=\"twitter:image\" content=\"https:\/\/candas365.es\/noticias\/wp-content\/uploads\/2020\/02\/740170220.jpg\" \/>\n\t\t<meta name=\"twitter:label1\" content=\"Escrito por\" \/>\n\t\t<meta name=\"twitter:data1\" content=\"Cand\u00e1s 365\" \/>\n\t\t<meta name=\"twitter:label2\" content=\"Tiempo de lectura estimado\" \/>\n\t\t<meta name=\"twitter:data2\" content=\"3 minutos\" \/>\n\t\t<script type=\"application\/ld+json\" class=\"aioseo-schema\">\n\t\t\t{\"@context\":\"https:\\\/\\\/schema.org\",\"@graph\":[{\"@type\":\"BreadcrumbList\",\"@id\":\"https:\\\/\\\/candas365.es\\\/noticias\\\/obras-en-la-zona-rural-de-carreno\\\/#breadcrumblist\",\"itemListElement\":[{\"@type\":\"ListItem\",\"@id\":\"https:\\\/\\\/candas365.es\\\/noticias#listItem\",\"position\":1,\"name\":\"Home\",\"item\":\"https:\\\/\\\/candas365.es\\\/noticias\",\"nextItem\":{\"@type\":\"ListItem\",\"@id\":\"https:\\\/\\\/candas365.es\\\/noticias\\\/category\\\/noticias-carreno\\\/#listItem\",\"name\":\"Noticias Carre\\u00f1o\"}},{\"@type\":\"ListItem\",\"@id\":\"https:\\\/\\\/candas365.es\\\/noticias\\\/category\\\/noticias-carreno\\\/#listItem\",\"position\":2,\"name\":\"Noticias Carre\\u00f1o\",\"item\":\"https:\\\/\\\/candas365.es\\\/noticias\\\/category\\\/noticias-carreno\\\/\",\"nextItem\":{\"@type\":\"ListItem\",\"@id\":\"https:\\\/\\\/candas365.es\\\/noticias\\\/obras-en-la-zona-rural-de-carreno\\\/#listItem\",\"name\":\"Obras en la zona rural de Carre\\u00f1o\"},\"previousItem\":{\"@type\":\"ListItem\",\"@id\":\"https:\\\/\\\/candas365.es\\\/noticias#listItem\",\"name\":\"Home\"}},{\"@type\":\"ListItem\",\"@id\":\"https:\\\/\\\/candas365.es\\\/noticias\\\/obras-en-la-zona-rural-de-carreno\\\/#listItem\",\"position\":3,\"name\":\"Obras en la zona rural de Carre\\u00f1o\",\"previousItem\":{\"@type\":\"ListItem\",\"@id\":\"https:\\\/\\\/candas365.es\\\/noticias\\\/category\\\/noticias-carreno\\\/#listItem\",\"name\":\"Noticias Carre\\u00f1o\"}}]},{\"@type\":\"NewsArticle\",\"@id\":\"https:\\\/\\\/candas365.es\\\/noticias\\\/obras-en-la-zona-rural-de-carreno\\\/#newsarticle\",\"name\":\"Obras en la zona rural de Carre\\u00f1o | Cand\\u00e1s 365\",\"headline\":\"Obras en la zona rural de Carre\\u00f1o\",\"author\":{\"@id\":\"https:\\\/\\\/candas365.es\\\/noticias\\\/author\\\/admin\\\/#author\"},\"publisher\":{\"@id\":\"https:\\\/\\\/candas365.es\\\/noticias\\\/#organization\"},\"image\":{\"@type\":\"ImageObject\",\"url\":\"https:\\\/\\\/candas365.es\\\/noticias\\\/wp-content\\\/uploads\\\/2020\\\/02\\\/740170220.jpg\",\"width\":1058,\"height\":746},\"datePublished\":\"2020-02-17T06:41:38+01:00\",\"dateModified\":\"2020-02-17T06:41:38+01:00\",\"inLanguage\":\"es-ES\",\"mainEntityOfPage\":{\"@id\":\"https:\\\/\\\/candas365.es\\\/noticias\\\/obras-en-la-zona-rural-de-carreno\\\/#webpage\"},\"isPartOf\":{\"@id\":\"https:\\\/\\\/candas365.es\\\/noticias\\\/obras-en-la-zona-rural-de-carreno\\\/#webpage\"},\"articleSection\":\"Noticias Carre\\u00f1o\",\"dateline\":\"Publicado el febrero 17, 2020.\"},{\"@type\":\"Organization\",\"@id\":\"https:\\\/\\\/candas365.es\\\/noticias\\\/#organization\",\"name\":\"Cand\\u00e1s 365\",\"description\":\"Cand\\u00e1s 365 es un diario digital independiente, fundado en 2012, con base en Asturias. Informamos con rigor sobre actualidad, sociedad, cultura y ocio, con una mirada local y global.\",\"url\":\"https:\\\/\\\/candas365.es\\\/noticias\\\/\",\"email\":\"info@candas365.es\",\"telephone\":\"+34652131393\",\"foundingDate\":\"2012-06-10\",\"logo\":{\"@type\":\"ImageObject\",\"url\":\"https:\\\/\\\/candas365.es\\\/noticias\\\/wp-content\\\/uploads\\\/2024\\\/09\\\/Candas-365-Redes.jpg\",\"@id\":\"https:\\\/\\\/candas365.es\\\/noticias\\\/obras-en-la-zona-rural-de-carreno\\\/#organizationLogo\",\"width\":1152,\"height\":864,\"caption\":\"Cand\\u00e1s 365 Redes\"},\"image\":{\"@id\":\"https:\\\/\\\/candas365.es\\\/noticias\\\/obras-en-la-zona-rural-de-carreno\\\/#organizationLogo\"},\"sameAs\":[\"https:\\\/\\\/www.facebook.com\\\/Nachofdezber\",\"https:\\\/\\\/x.com\\\/NabercoDigital\",\"https:\\\/\\\/www.instagram.com\\\/nachofdezber\\\/\",\"https:\\\/\\\/www.youtube.com\\\/channel\\\/UCZP-2wLEB9Rv6erhFmqVnvg\"],\"address\":{\"@id\":\"https:\\\/\\\/candas365.es\\\/noticias\\\/#postaladdress\",\"@type\":\"PostalAddress\",\"streetAddress\":\"san antonio 4, san antonio 4\",\"postalCode\":\"33430\",\"addressLocality\":\"Cand\\u00e1s\",\"addressRegion\":\"Asturias\",\"addressCountry\":\"ES\"}},{\"@type\":\"Person\",\"@id\":\"https:\\\/\\\/candas365.es\\\/noticias\\\/author\\\/admin\\\/#author\",\"url\":\"https:\\\/\\\/candas365.es\\\/noticias\\\/author\\\/admin\\\/\",\"name\":\"Cand\\u00e1s 365\",\"image\":{\"@type\":\"ImageObject\",\"@id\":\"https:\\\/\\\/candas365.es\\\/noticias\\\/obras-en-la-zona-rural-de-carreno\\\/#authorImage\",\"url\":\"https:\\\/\\\/secure.gravatar.com\\\/avatar\\\/496a8e03d0c493ede1718b7934145dbdf8d89be1036b0eec9544e1094c9de390?s=96&d=mm&r=g\",\"width\":96,\"height\":96,\"caption\":\"Cand\\u00e1s 365\"},\"sameAs\":[\"https:\\\/\\\/www.facebook.com\\\/carrenoactualidad\",\"https:\\\/\\\/twitter.com\\\/nbasturias\",\"https:\\\/\\\/www.instagram.com\\\/nachofdezber\\\/\",\"https:\\\/\\\/www.youtube.com\\\/channel\\\/UCZP-2wLEB9Rv6erhFmqVnvg\"]},{\"@type\":\"WebPage\",\"@id\":\"https:\\\/\\\/candas365.es\\\/noticias\\\/obras-en-la-zona-rural-de-carreno\\\/#webpage\",\"url\":\"https:\\\/\\\/candas365.es\\\/noticias\\\/obras-en-la-zona-rural-de-carreno\\\/\",\"name\":\"Obras en la zona rural de Carre\\u00f1o | Cand\\u00e1s 365\",\"description\":\"En las inmediaciones del CIR Monte Areo, el Ayuntamiento de Carre\\u00f1o, dispone de una pista multideporte de 44,00m. X 22,00m. aproximadamente orientada en su eje longitudinal seg\\u00fan la direcci\\u00f3n Noroeste-Sureste. En el proceso de presupuestos participativos de 2018 los proyecto vecinales m\\u00e1s votados fueron precisamente \\u00e9stos. Las solicitudes vecinales m\\u00e1s respaldadas instaban al consistorio a\",\"inLanguage\":\"es-ES\",\"isPartOf\":{\"@id\":\"https:\\\/\\\/candas365.es\\\/noticias\\\/#website\"},\"breadcrumb\":{\"@id\":\"https:\\\/\\\/candas365.es\\\/noticias\\\/obras-en-la-zona-rural-de-carreno\\\/#breadcrumblist\"},\"author\":{\"@id\":\"https:\\\/\\\/candas365.es\\\/noticias\\\/author\\\/admin\\\/#author\"},\"creator\":{\"@id\":\"https:\\\/\\\/candas365.es\\\/noticias\\\/author\\\/admin\\\/#author\"},\"image\":{\"@type\":\"ImageObject\",\"url\":\"https:\\\/\\\/candas365.es\\\/noticias\\\/wp-content\\\/uploads\\\/2020\\\/02\\\/740170220.jpg\",\"@id\":\"https:\\\/\\\/candas365.es\\\/noticias\\\/obras-en-la-zona-rural-de-carreno\\\/#mainImage\",\"width\":1058,\"height\":746},\"primaryImageOfPage\":{\"@id\":\"https:\\\/\\\/candas365.es\\\/noticias\\\/obras-en-la-zona-rural-de-carreno\\\/#mainImage\"},\"datePublished\":\"2020-02-17T06:41:38+01:00\",\"dateModified\":\"2020-02-17T06:41:38+01:00\"},{\"@type\":\"WebSite\",\"@id\":\"https:\\\/\\\/candas365.es\\\/noticias\\\/#website\",\"url\":\"https:\\\/\\\/candas365.es\\\/noticias\\\/\",\"name\":\"Cand\\u00e1s 365\",\"alternateName\":\"Cand\\u00e1s 365 Noticias\",\"description\":\"Actualidad desde Carre\\u00f1o para el mundo\",\"inLanguage\":\"es-ES\",\"publisher\":{\"@id\":\"https:\\\/\\\/candas365.es\\\/noticias\\\/#organization\"}}]}\n\t\t<\/script>\n\t\t<!-- All in One SEO Pro -->\r\n\t\t<title>Obras en la zona rural de Carre\u00f1o | Cand\u00e1s 365<\/title>\n\n","aioseo_head_json":{"title":"Obras en la zona rural de Carre\u00f1o | Cand\u00e1s 365","description":"En las inmediaciones del CIR Monte Areo, el Ayuntamiento de Carre\u00f1o, dispone de una pista multideporte de 44,00m. X 22,00m. aproximadamente orientada en su eje longitudinal seg\u00fan la direcci\u00f3n Noroeste-Sureste. En el proceso de presupuestos participativos de 2018 los proyecto vecinales m\u00e1s votados fueron precisamente \u00e9stos. Las solicitudes vecinales m\u00e1s respaldadas instaban al consistorio a","canonical_url":"https:\/\/candas365.es\/noticias\/obras-en-la-zona-rural-de-carreno\/","robots":"max-image-preview:large","keywords":"noticias carre\u00f1o","webmasterTools":{"google-site-verification":"UA-32230408-1","msvalidate.01":"354F3CDFB2DA171B47FBE9ABF1F88D5","miscellaneous":""},"schema":{"@context":"https:\/\/schema.org","@graph":[{"@type":"BreadcrumbList","@id":"https:\/\/candas365.es\/noticias\/obras-en-la-zona-rural-de-carreno\/#breadcrumblist","itemListElement":[{"@type":"ListItem","@id":"https:\/\/candas365.es\/noticias#listItem","position":1,"name":"Home","item":"https:\/\/candas365.es\/noticias","nextItem":{"@type":"ListItem","@id":"https:\/\/candas365.es\/noticias\/category\/noticias-carreno\/#listItem","name":"Noticias Carre\u00f1o"}},{"@type":"ListItem","@id":"https:\/\/candas365.es\/noticias\/category\/noticias-carreno\/#listItem","position":2,"name":"Noticias Carre\u00f1o","item":"https:\/\/candas365.es\/noticias\/category\/noticias-carreno\/","nextItem":{"@type":"ListItem","@id":"https:\/\/candas365.es\/noticias\/obras-en-la-zona-rural-de-carreno\/#listItem","name":"Obras en la zona rural de Carre\u00f1o"},"previousItem":{"@type":"ListItem","@id":"https:\/\/candas365.es\/noticias#listItem","name":"Home"}},{"@type":"ListItem","@id":"https:\/\/candas365.es\/noticias\/obras-en-la-zona-rural-de-carreno\/#listItem","position":3,"name":"Obras en la zona rural de Carre\u00f1o","previousItem":{"@type":"ListItem","@id":"https:\/\/candas365.es\/noticias\/category\/noticias-carreno\/#listItem","name":"Noticias Carre\u00f1o"}}]},{"@type":"NewsArticle","@id":"https:\/\/candas365.es\/noticias\/obras-en-la-zona-rural-de-carreno\/#newsarticle","name":"Obras en la zona rural de Carre\u00f1o | Cand\u00e1s 365","headline":"Obras en la zona rural de Carre\u00f1o","author":{"@id":"https:\/\/candas365.es\/noticias\/author\/admin\/#author"},"publisher":{"@id":"https:\/\/candas365.es\/noticias\/#organization"},"image":{"@type":"ImageObject","url":"https:\/\/candas365.es\/noticias\/wp-content\/uploads\/2020\/02\/740170220.jpg","width":1058,"height":746},"datePublished":"2020-02-17T06:41:38+01:00","dateModified":"2020-02-17T06:41:38+01:00","inLanguage":"es-ES","mainEntityOfPage":{"@id":"https:\/\/candas365.es\/noticias\/obras-en-la-zona-rural-de-carreno\/#webpage"},"isPartOf":{"@id":"https:\/\/candas365.es\/noticias\/obras-en-la-zona-rural-de-carreno\/#webpage"},"articleSection":"Noticias Carre\u00f1o","dateline":"Publicado el febrero 17, 2020."},{"@type":"Organization","@id":"https:\/\/candas365.es\/noticias\/#organization","name":"Cand\u00e1s 365","description":"Cand\u00e1s 365 es un diario digital independiente, fundado en 2012, con base en Asturias. Informamos con rigor sobre actualidad, sociedad, cultura y ocio, con una mirada local y global.","url":"https:\/\/candas365.es\/noticias\/","email":"info@candas365.es","telephone":"+34652131393","foundingDate":"2012-06-10","logo":{"@type":"ImageObject","url":"https:\/\/candas365.es\/noticias\/wp-content\/uploads\/2024\/09\/Candas-365-Redes.jpg","@id":"https:\/\/candas365.es\/noticias\/obras-en-la-zona-rural-de-carreno\/#organizationLogo","width":1152,"height":864,"caption":"Cand\u00e1s 365 Redes"},"image":{"@id":"https:\/\/candas365.es\/noticias\/obras-en-la-zona-rural-de-carreno\/#organizationLogo"},"sameAs":["https:\/\/www.facebook.com\/Nachofdezber","https:\/\/x.com\/NabercoDigital","https:\/\/www.instagram.com\/nachofdezber\/","https:\/\/www.youtube.com\/channel\/UCZP-2wLEB9Rv6erhFmqVnvg"],"address":{"@id":"https:\/\/candas365.es\/noticias\/#postaladdress","@type":"PostalAddress","streetAddress":"san antonio 4, san antonio 4","postalCode":"33430","addressLocality":"Cand\u00e1s","addressRegion":"Asturias","addressCountry":"ES"}},{"@type":"Person","@id":"https:\/\/candas365.es\/noticias\/author\/admin\/#author","url":"https:\/\/candas365.es\/noticias\/author\/admin\/","name":"Cand\u00e1s 365","image":{"@type":"ImageObject","@id":"https:\/\/candas365.es\/noticias\/obras-en-la-zona-rural-de-carreno\/#authorImage","url":"https:\/\/secure.gravatar.com\/avatar\/496a8e03d0c493ede1718b7934145dbdf8d89be1036b0eec9544e1094c9de390?s=96&d=mm&r=g","width":96,"height":96,"caption":"Cand\u00e1s 365"},"sameAs":["https:\/\/www.facebook.com\/carrenoactualidad","https:\/\/twitter.com\/nbasturias","https:\/\/www.instagram.com\/nachofdezber\/","https:\/\/www.youtube.com\/channel\/UCZP-2wLEB9Rv6erhFmqVnvg"]},{"@type":"WebPage","@id":"https:\/\/candas365.es\/noticias\/obras-en-la-zona-rural-de-carreno\/#webpage","url":"https:\/\/candas365.es\/noticias\/obras-en-la-zona-rural-de-carreno\/","name":"Obras en la zona rural de Carre\u00f1o | Cand\u00e1s 365","description":"En las inmediaciones del CIR Monte Areo, el Ayuntamiento de Carre\u00f1o, dispone de una pista multideporte de 44,00m. X 22,00m. aproximadamente orientada en su eje longitudinal seg\u00fan la direcci\u00f3n Noroeste-Sureste. En el proceso de presupuestos participativos de 2018 los proyecto vecinales m\u00e1s votados fueron precisamente \u00e9stos. Las solicitudes vecinales m\u00e1s respaldadas instaban al consistorio a","inLanguage":"es-ES","isPartOf":{"@id":"https:\/\/candas365.es\/noticias\/#website"},"breadcrumb":{"@id":"https:\/\/candas365.es\/noticias\/obras-en-la-zona-rural-de-carreno\/#breadcrumblist"},"author":{"@id":"https:\/\/candas365.es\/noticias\/author\/admin\/#author"},"creator":{"@id":"https:\/\/candas365.es\/noticias\/author\/admin\/#author"},"image":{"@type":"ImageObject","url":"https:\/\/candas365.es\/noticias\/wp-content\/uploads\/2020\/02\/740170220.jpg","@id":"https:\/\/candas365.es\/noticias\/obras-en-la-zona-rural-de-carreno\/#mainImage","width":1058,"height":746},"primaryImageOfPage":{"@id":"https:\/\/candas365.es\/noticias\/obras-en-la-zona-rural-de-carreno\/#mainImage"},"datePublished":"2020-02-17T06:41:38+01:00","dateModified":"2020-02-17T06:41:38+01:00"},{"@type":"WebSite","@id":"https:\/\/candas365.es\/noticias\/#website","url":"https:\/\/candas365.es\/noticias\/","name":"Cand\u00e1s 365","alternateName":"Cand\u00e1s 365 Noticias","description":"Actualidad desde Carre\u00f1o para el mundo","inLanguage":"es-ES","publisher":{"@id":"https:\/\/candas365.es\/noticias\/#organization"}}]},"og:locale":"es_ES","og:site_name":"Cand\u00e1s 365","og:type":"article","og:title":"Obras en la zona rural de Carre\u00f1o | Cand\u00e1s 365","og:description":"En las inmediaciones del CIR Monte Areo, el Ayuntamiento de Carre\u00f1o, dispone de una pista multideporte de 44,00m. X 22,00m. aproximadamente orientada en su eje longitudinal seg\u00fan la direcci\u00f3n Noroeste-Sureste. En el proceso de presupuestos participativos de 2018 los proyecto vecinales m\u00e1s votados fueron precisamente \u00e9stos. Las solicitudes vecinales m\u00e1s respaldadas instaban al consistorio a","og:url":"https:\/\/candas365.es\/noticias\/obras-en-la-zona-rural-de-carreno\/","og:image":"https:\/\/candas365.es\/noticias\/wp-content\/uploads\/2020\/02\/740170220.jpg","og:image:secure_url":"https:\/\/candas365.es\/noticias\/wp-content\/uploads\/2020\/02\/740170220.jpg","og:image:width":1058,"og:image:height":746,"article:published_time":"2020-02-17T06:41:38+00:00","article:modified_time":"2020-02-17T06:41:38+00:00","article:publisher":"https:\/\/www.facebook.com\/Nachofdezber","article:author":"https:\/\/www.facebook.com\/carrenoactualidad","twitter:card":"summary_large_image","twitter:site":"@NabercoDigital","twitter:title":"Obras en la zona rural de Carre\u00f1o | Cand\u00e1s 365","twitter:description":"En las inmediaciones del CIR Monte Areo, el Ayuntamiento de Carre\u00f1o, dispone de una pista multideporte de 44,00m. X 22,00m. aproximadamente orientada en su eje longitudinal seg\u00fan la direcci\u00f3n Noroeste-Sureste. En el proceso de presupuestos participativos de 2018 los proyecto vecinales m\u00e1s votados fueron precisamente \u00e9stos. Las solicitudes vecinales m\u00e1s respaldadas instaban al consistorio a","twitter:creator":"@nbasturias","twitter:image":"https:\/\/candas365.es\/noticias\/wp-content\/uploads\/2020\/02\/740170220.jpg","twitter:label1":"Escrito por","twitter:data1":"Cand\u00e1s 365","twitter:label2":"Tiempo de lectura estimado","twitter:data2":"3 minutos"},"aioseo_meta_data":{"post_id":"138159","title":null,"description":null,"keywords":null,"keyphrases":null,"primary_term":null,"canonical_url":null,"og_title":null,"og_description":null,"og_object_type":"default","og_image_type":"default","og_image_url":null,"og_image_width":null,"og_image_height":null,"og_image_custom_url":null,"og_image_custom_fields":null,"og_video":null,"og_custom_url":null,"og_article_section":null,"og_article_tags":null,"twitter_use_og":false,"twitter_card":"default","twitter_image_type":"default","twitter_image_url":null,"twitter_image_custom_url":null,"twitter_image_custom_fields":null,"twitter_title":null,"twitter_description":null,"schema":{"blockGraphs":[],"customGraphs":[],"default":{"data":{"Article":[],"Course":[],"Dataset":[],"FAQPage":[],"Movie":[],"Person":[],"Product":[],"ProductReview":[],"Car":[],"Recipe":[],"Service":[],"SoftwareApplication":[],"WebPage":[]},"graphName":"","isEnabled":true},"graphs":[],"defaultGraph":"","defaultPostTypeGraph":""},"schema_type":null,"schema_type_options":null,"pillar_content":false,"robots_default":true,"robots_noindex":false,"robots_noarchive":false,"robots_nosnippet":false,"robots_nofollow":false,"robots_noimageindex":false,"robots_noodp":false,"robots_notranslate":false,"robots_max_snippet":null,"robots_max_videopreview":null,"robots_max_imagepreview":"large","priority":null,"frequency":null,"location":null,"local_seo":null,"seo_analyzer_scan_date":"2025-08-30 23:53:13","breadcrumb_settings":null,"limit_modified_date":false,"reviewed_by":null,"open_ai":null,"ai":null,"created":"2020-12-21 10:45:25","updated":"2025-08-30 23:53:13"},"aioseo_breadcrumb":"<div class=\"aioseo-breadcrumbs\"><span class=\"aioseo-breadcrumb\">\n\t<a href=\"https:\/\/candas365.es\/noticias\" title=\"Home\">Home<\/a>\n<\/span><span class=\"aioseo-breadcrumb-separator\">&ndash;<\/span><span class=\"aioseo-breadcrumb\">\n\t<a href=\"https:\/\/candas365.es\/noticias\/category\/noticias-carreno\/\" title=\"Noticias Carre\u00f1o\">Noticias Carre\u00f1o<\/a>\n<\/span><span class=\"aioseo-breadcrumb-separator\">&ndash;<\/span><span class=\"aioseo-breadcrumb\">\n\tObras en la zona rural de Carre\u00f1o\n<\/span><\/div>","aioseo_breadcrumb_json":[{"label":"Home","link":"https:\/\/candas365.es\/noticias"},{"label":"Noticias Carre\u00f1o","link":"https:\/\/candas365.es\/noticias\/category\/noticias-carreno\/"},{"label":"Obras en la zona rural de Carre\u00f1o","link":"https:\/\/candas365.es\/noticias\/obras-en-la-zona-rural-de-carreno\/"}],"_links":{"self":[{"href":"https:\/\/candas365.es\/noticias\/wp-json\/wp\/v2\/posts\/138159","targetHints":{"allow":["GET"]}}],"collection":[{"href":"https:\/\/candas365.es\/noticias\/wp-json\/wp\/v2\/posts"}],"about":[{"href":"https:\/\/candas365.es\/noticias\/wp-json\/wp\/v2\/types\/post"}],"author":[{"embeddable":true,"href":"https:\/\/candas365.es\/noticias\/wp-json\/wp\/v2\/users\/1"}],"replies":[{"embeddable":true,"href":"https:\/\/candas365.es\/noticias\/wp-json\/wp\/v2\/comments?post=138159"}],"version-history":[{"count":0,"href":"https:\/\/candas365.es\/noticias\/wp-json\/wp\/v2\/posts\/138159\/revisions"}],"wp:featuredmedia":[{"embeddable":true,"href":"https:\/\/candas365.es\/noticias\/wp-json\/wp\/v2\/media\/138160"}],"wp:attachment":[{"href":"https:\/\/candas365.es\/noticias\/wp-json\/wp\/v2\/media?parent=138159"}],"wp:term":[{"taxonomy":"category","embeddable":true,"href":"https:\/\/candas365.es\/noticias\/wp-json\/wp\/v2\/categories?post=138159"},{"taxonomy":"post_tag","embeddable":true,"href":"https:\/\/candas365.es\/noticias\/wp-json\/wp\/v2\/tags?post=138159"}],"curies":[{"name":"wp","href":"https:\/\/api.w.org\/{rel}","templated":true}]}}