{"id":137995,"date":"2020-02-12T22:55:23","date_gmt":"2020-02-12T22:55:23","guid":{"rendered":"http:\/\/candas365.es\/noticias\/?p=137995"},"modified":"2020-02-12T22:55:23","modified_gmt":"2020-02-12T22:55:23","slug":"el-tiempo-miercoles-dia-12-de-febrero-2020","status":"publish","type":"post","link":"https:\/\/candas365.es\/noticias\/el-tiempo-miercoles-dia-12-de-febrero-2020\/","title":{"rendered":"El tiempo, mi\u00e9rcoles d\u00eda 12 de febrero 2020"},"content":{"rendered":"<p><img fetchpriority=\"high\" decoding=\"async\" class=\"alignleft size-medium wp-image-43762\" src=\"https:\/\/candas365.es\/noticias\/wp-content\/uploads\/2017\/02\/olas-360x198.jpg\" alt=\"\" width=\"360\" height=\"198\" srcset=\"https:\/\/candas365.es\/noticias\/wp-content\/uploads\/2017\/02\/olas-360x198.jpg 360w, https:\/\/candas365.es\/noticias\/wp-content\/uploads\/2017\/02\/olas-650x357.jpg 650w, https:\/\/candas365.es\/noticias\/wp-content\/uploads\/2017\/02\/olas-150x82.jpg 150w, https:\/\/candas365.es\/noticias\/wp-content\/uploads\/2017\/02\/olas-450x247.jpg 450w, https:\/\/candas365.es\/noticias\/wp-content\/uploads\/2017\/02\/olas.jpg 655w\" sizes=\"(max-width: 360px) 100vw, 360px\" \/>Nuboso o con intervalos nubosos en la mayor parte del pa\u00eds, salvo en el sureste peninsular y Canarias, donde estar\u00e1 poco nuboso con intervalos de nubes altas. Probabilidad de lluvias d\u00e9biles en el tercio noreste peninsular, sobre todo en la mitad este de Catalu\u00f1a, donde podr\u00e1n ser algo m\u00e1s intensas. Tampoco se descarta alguna lluvia d\u00e9bil y dispersa en otros puntos de la mitad noreste peninsular.<\/p>\n<p>Cota de nieve en la Pen\u00ednsula a unos 1800\/2200 metros, seg\u00fan AEMET<\/p>\n<p>Probabilidad de bancos de niebla en el interior peninsular, y probables calimas en Canarias.<\/p>\n<p>Temperaturas diurnas en ascenso en Galicia, en descenso en el sur peninsular y todo el \u00e1rea mediterr\u00e1nea. Nocturnas con pocos cambios, con heladas d\u00e9biles s\u00f3lo en Pirineos.<\/p>\n<p>Vientos de componente norte girando a sur en el litoral de Galicia y Ampurd\u00e1n, del sureste en el Cant\u00e1brico y Baleares, del noreste en los litorales del sureste peninsular, del oeste en el Estrecho, del este en Canarias, y flojos variables o en calma en el resto.<\/p>\n<p>&nbsp;<\/p>\n","protected":false},"excerpt":{"rendered":"<p>Nuboso o con intervalos nubosos en la mayor parte del pa\u00eds, salvo en el sureste peninsular y Canarias, donde estar\u00e1 poco nuboso con intervalos de nubes altas. Probabilidad de lluvias d\u00e9biles en el tercio noreste peninsular, sobre todo en la mitad este de Catalu\u00f1a, donde podr\u00e1n ser algo m\u00e1s intensas. Tampoco se descarta alguna lluvia<\/p>\n","protected":false},"author":1,"featured_media":43762,"comment_status":"closed","ping_status":"closed","sticky":false,"template":"","format":"standard","meta":{"footnotes":""},"categories":[358],"tags":[],"class_list":{"0":"post-137995","1":"post","2":"type-post","3":"status-publish","4":"format-standard","5":"has-post-thumbnail","7":"category-el-tiempo"},"aioseo_notices":[],"aioseo_head":"\n\t\t<!-- All in One SEO Pro 4.9.6.2 - aioseo.com -->\n\t<meta name=\"description\" content=\"Nuboso o con intervalos nubosos en la mayor parte del pa\u00eds, salvo en el sureste peninsular y Canarias, donde estar\u00e1 poco nuboso con intervalos de nubes altas. Probabilidad de lluvias d\u00e9biles en el tercio noreste peninsular, sobre todo en la mitad este de Catalu\u00f1a, donde podr\u00e1n ser algo m\u00e1s intensas. Tampoco se descarta alguna lluvia\" \/>\n\t<meta name=\"robots\" content=\"max-image-preview:large\" \/>\n\t<meta name=\"author\" content=\"Cand\u00e1s 365\"\/>\n\t<meta name=\"google-site-verification\" content=\"UA-32230408-1\" \/>\n\t<meta name=\"msvalidate.01\" content=\"354F3CDFB2DA171B47FBE9ABF1F88D5\" \/>\n\t<meta name=\"keywords\" content=\"el tiempo\" \/>\n\t<link rel=\"canonical\" href=\"https:\/\/candas365.es\/noticias\/el-tiempo-miercoles-dia-12-de-febrero-2020\/\" \/>\n\t<meta name=\"generator\" content=\"All in One SEO Pro (AIOSEO) 4.9.6.2\" \/>\n\t\t<meta property=\"og:locale\" content=\"es_ES\" \/>\n\t\t<meta property=\"og:site_name\" content=\"Cand\u00e1s 365\" \/>\n\t\t<meta property=\"og:type\" content=\"article\" \/>\n\t\t<meta property=\"og:title\" content=\"El tiempo, mi\u00e9rcoles d\u00eda 12 de febrero 2020 | Cand\u00e1s 365\" \/>\n\t\t<meta property=\"og:description\" content=\"Nuboso o con intervalos nubosos en la mayor parte del pa\u00eds, salvo en el sureste peninsular y Canarias, donde estar\u00e1 poco nuboso con intervalos de nubes altas. Probabilidad de lluvias d\u00e9biles en el tercio noreste peninsular, sobre todo en la mitad este de Catalu\u00f1a, donde podr\u00e1n ser algo m\u00e1s intensas. Tampoco se descarta alguna lluvia\" \/>\n\t\t<meta property=\"og:url\" content=\"https:\/\/candas365.es\/noticias\/el-tiempo-miercoles-dia-12-de-febrero-2020\/\" \/>\n\t\t<meta property=\"og:image\" content=\"https:\/\/candas365.es\/noticias\/wp-content\/uploads\/2017\/02\/olas.jpg\" \/>\n\t\t<meta property=\"og:image:secure_url\" content=\"https:\/\/candas365.es\/noticias\/wp-content\/uploads\/2017\/02\/olas.jpg\" \/>\n\t\t<meta property=\"og:image:width\" content=\"655\" \/>\n\t\t<meta property=\"og:image:height\" content=\"360\" \/>\n\t\t<meta property=\"article:published_time\" content=\"2020-02-12T22:55:23+00:00\" \/>\n\t\t<meta property=\"article:modified_time\" content=\"2020-02-12T22:55:23+00:00\" \/>\n\t\t<meta property=\"article:publisher\" content=\"https:\/\/www.facebook.com\/Nachofdezber\" \/>\n\t\t<meta property=\"article:author\" content=\"https:\/\/www.facebook.com\/carrenoactualidad\" \/>\n\t\t<meta name=\"twitter:card\" content=\"summary_large_image\" \/>\n\t\t<meta name=\"twitter:site\" content=\"@NabercoDigital\" \/>\n\t\t<meta name=\"twitter:title\" content=\"El tiempo, mi\u00e9rcoles d\u00eda 12 de febrero 2020 | Cand\u00e1s 365\" \/>\n\t\t<meta name=\"twitter:description\" content=\"Nuboso o con intervalos nubosos en la mayor parte del pa\u00eds, salvo en el sureste peninsular y Canarias, donde estar\u00e1 poco nuboso con intervalos de nubes altas. Probabilidad de lluvias d\u00e9biles en el tercio noreste peninsular, sobre todo en la mitad este de Catalu\u00f1a, donde podr\u00e1n ser algo m\u00e1s intensas. Tampoco se descarta alguna lluvia\" \/>\n\t\t<meta name=\"twitter:creator\" content=\"@nbasturias\" \/>\n\t\t<meta name=\"twitter:image\" content=\"https:\/\/candas365.es\/noticias\/wp-content\/uploads\/2017\/02\/olas.jpg\" \/>\n\t\t<meta name=\"twitter:label1\" content=\"Escrito por\" \/>\n\t\t<meta name=\"twitter:data1\" content=\"Cand\u00e1s 365\" \/>\n\t\t<meta name=\"twitter:label2\" content=\"Tiempo de lectura estimado\" \/>\n\t\t<meta name=\"twitter:data2\" content=\"1 minuto\" \/>\n\t\t<script type=\"application\/ld+json\" class=\"aioseo-schema\">\n\t\t\t{\"@context\":\"https:\\\/\\\/schema.org\",\"@graph\":[{\"@type\":\"BreadcrumbList\",\"@id\":\"https:\\\/\\\/candas365.es\\\/noticias\\\/el-tiempo-miercoles-dia-12-de-febrero-2020\\\/#breadcrumblist\",\"itemListElement\":[{\"@type\":\"ListItem\",\"@id\":\"https:\\\/\\\/candas365.es\\\/noticias#listItem\",\"position\":1,\"name\":\"Home\",\"item\":\"https:\\\/\\\/candas365.es\\\/noticias\",\"nextItem\":{\"@type\":\"ListItem\",\"@id\":\"https:\\\/\\\/candas365.es\\\/noticias\\\/category\\\/el-tiempo\\\/#listItem\",\"name\":\"El tiempo\"}},{\"@type\":\"ListItem\",\"@id\":\"https:\\\/\\\/candas365.es\\\/noticias\\\/category\\\/el-tiempo\\\/#listItem\",\"position\":2,\"name\":\"El tiempo\",\"item\":\"https:\\\/\\\/candas365.es\\\/noticias\\\/category\\\/el-tiempo\\\/\",\"nextItem\":{\"@type\":\"ListItem\",\"@id\":\"https:\\\/\\\/candas365.es\\\/noticias\\\/el-tiempo-miercoles-dia-12-de-febrero-2020\\\/#listItem\",\"name\":\"El tiempo, mi\\u00e9rcoles d\\u00eda 12 de febrero 2020\"},\"previousItem\":{\"@type\":\"ListItem\",\"@id\":\"https:\\\/\\\/candas365.es\\\/noticias#listItem\",\"name\":\"Home\"}},{\"@type\":\"ListItem\",\"@id\":\"https:\\\/\\\/candas365.es\\\/noticias\\\/el-tiempo-miercoles-dia-12-de-febrero-2020\\\/#listItem\",\"position\":3,\"name\":\"El tiempo, mi\\u00e9rcoles d\\u00eda 12 de febrero 2020\",\"previousItem\":{\"@type\":\"ListItem\",\"@id\":\"https:\\\/\\\/candas365.es\\\/noticias\\\/category\\\/el-tiempo\\\/#listItem\",\"name\":\"El tiempo\"}}]},{\"@type\":\"NewsArticle\",\"@id\":\"https:\\\/\\\/candas365.es\\\/noticias\\\/el-tiempo-miercoles-dia-12-de-febrero-2020\\\/#newsarticle\",\"name\":\"El tiempo, mi\\u00e9rcoles d\\u00eda 12 de febrero 2020 | Cand\\u00e1s 365\",\"headline\":\"El tiempo, mi\\u00e9rcoles d\\u00eda 12 de febrero 2020\",\"author\":{\"@id\":\"https:\\\/\\\/candas365.es\\\/noticias\\\/author\\\/admin\\\/#author\"},\"publisher\":{\"@id\":\"https:\\\/\\\/candas365.es\\\/noticias\\\/#organization\"},\"image\":{\"@type\":\"ImageObject\",\"url\":\"https:\\\/\\\/candas365.es\\\/noticias\\\/wp-content\\\/uploads\\\/2017\\\/02\\\/olas.jpg\",\"width\":655,\"height\":360},\"datePublished\":\"2020-02-12T22:55:23+01:00\",\"dateModified\":\"2020-02-12T22:55:23+01:00\",\"inLanguage\":\"es-ES\",\"mainEntityOfPage\":{\"@id\":\"https:\\\/\\\/candas365.es\\\/noticias\\\/el-tiempo-miercoles-dia-12-de-febrero-2020\\\/#webpage\"},\"isPartOf\":{\"@id\":\"https:\\\/\\\/candas365.es\\\/noticias\\\/el-tiempo-miercoles-dia-12-de-febrero-2020\\\/#webpage\"},\"articleSection\":\"El tiempo\",\"dateline\":\"Publicado el febrero 12, 2020.\"},{\"@type\":\"Organization\",\"@id\":\"https:\\\/\\\/candas365.es\\\/noticias\\\/#organization\",\"name\":\"Cand\\u00e1s 365\",\"description\":\"Cand\\u00e1s 365 es un diario digital independiente, fundado en 2012, con base en Asturias. Informamos con rigor sobre actualidad, sociedad, cultura y ocio, con una mirada local y global.\",\"url\":\"https:\\\/\\\/candas365.es\\\/noticias\\\/\",\"email\":\"info@candas365.es\",\"telephone\":\"+34652131393\",\"foundingDate\":\"2012-06-10\",\"logo\":{\"@type\":\"ImageObject\",\"url\":\"https:\\\/\\\/candas365.es\\\/noticias\\\/wp-content\\\/uploads\\\/2024\\\/09\\\/Candas-365-Redes.jpg\",\"@id\":\"https:\\\/\\\/candas365.es\\\/noticias\\\/el-tiempo-miercoles-dia-12-de-febrero-2020\\\/#organizationLogo\",\"width\":1152,\"height\":864,\"caption\":\"Cand\\u00e1s 365 Redes\"},\"image\":{\"@id\":\"https:\\\/\\\/candas365.es\\\/noticias\\\/el-tiempo-miercoles-dia-12-de-febrero-2020\\\/#organizationLogo\"},\"sameAs\":[\"https:\\\/\\\/www.facebook.com\\\/Nachofdezber\",\"https:\\\/\\\/x.com\\\/NabercoDigital\",\"https:\\\/\\\/www.instagram.com\\\/nachofdezber\\\/\",\"https:\\\/\\\/www.youtube.com\\\/channel\\\/UCZP-2wLEB9Rv6erhFmqVnvg\"],\"address\":{\"@id\":\"https:\\\/\\\/candas365.es\\\/noticias\\\/#postaladdress\",\"@type\":\"PostalAddress\",\"streetAddress\":\"san antonio 4, san antonio 4\",\"postalCode\":\"33430\",\"addressLocality\":\"Cand\\u00e1s\",\"addressRegion\":\"Asturias\",\"addressCountry\":\"ES\"}},{\"@type\":\"Person\",\"@id\":\"https:\\\/\\\/candas365.es\\\/noticias\\\/author\\\/admin\\\/#author\",\"url\":\"https:\\\/\\\/candas365.es\\\/noticias\\\/author\\\/admin\\\/\",\"name\":\"Cand\\u00e1s 365\",\"image\":{\"@type\":\"ImageObject\",\"@id\":\"https:\\\/\\\/candas365.es\\\/noticias\\\/el-tiempo-miercoles-dia-12-de-febrero-2020\\\/#authorImage\",\"url\":\"https:\\\/\\\/secure.gravatar.com\\\/avatar\\\/496a8e03d0c493ede1718b7934145dbdf8d89be1036b0eec9544e1094c9de390?s=96&d=mm&r=g\",\"width\":96,\"height\":96,\"caption\":\"Cand\\u00e1s 365\"},\"sameAs\":[\"https:\\\/\\\/www.facebook.com\\\/carrenoactualidad\",\"https:\\\/\\\/twitter.com\\\/nbasturias\",\"https:\\\/\\\/www.instagram.com\\\/nachofdezber\\\/\",\"https:\\\/\\\/www.youtube.com\\\/channel\\\/UCZP-2wLEB9Rv6erhFmqVnvg\"]},{\"@type\":\"WebPage\",\"@id\":\"https:\\\/\\\/candas365.es\\\/noticias\\\/el-tiempo-miercoles-dia-12-de-febrero-2020\\\/#webpage\",\"url\":\"https:\\\/\\\/candas365.es\\\/noticias\\\/el-tiempo-miercoles-dia-12-de-febrero-2020\\\/\",\"name\":\"El tiempo, mi\\u00e9rcoles d\\u00eda 12 de febrero 2020 | Cand\\u00e1s 365\",\"description\":\"Nuboso o con intervalos nubosos en la mayor parte del pa\\u00eds, salvo en el sureste peninsular y Canarias, donde estar\\u00e1 poco nuboso con intervalos de nubes altas. Probabilidad de lluvias d\\u00e9biles en el tercio noreste peninsular, sobre todo en la mitad este de Catalu\\u00f1a, donde podr\\u00e1n ser algo m\\u00e1s intensas. Tampoco se descarta alguna lluvia\",\"inLanguage\":\"es-ES\",\"isPartOf\":{\"@id\":\"https:\\\/\\\/candas365.es\\\/noticias\\\/#website\"},\"breadcrumb\":{\"@id\":\"https:\\\/\\\/candas365.es\\\/noticias\\\/el-tiempo-miercoles-dia-12-de-febrero-2020\\\/#breadcrumblist\"},\"author\":{\"@id\":\"https:\\\/\\\/candas365.es\\\/noticias\\\/author\\\/admin\\\/#author\"},\"creator\":{\"@id\":\"https:\\\/\\\/candas365.es\\\/noticias\\\/author\\\/admin\\\/#author\"},\"image\":{\"@type\":\"ImageObject\",\"url\":\"https:\\\/\\\/candas365.es\\\/noticias\\\/wp-content\\\/uploads\\\/2017\\\/02\\\/olas.jpg\",\"@id\":\"https:\\\/\\\/candas365.es\\\/noticias\\\/el-tiempo-miercoles-dia-12-de-febrero-2020\\\/#mainImage\",\"width\":655,\"height\":360},\"primaryImageOfPage\":{\"@id\":\"https:\\\/\\\/candas365.es\\\/noticias\\\/el-tiempo-miercoles-dia-12-de-febrero-2020\\\/#mainImage\"},\"datePublished\":\"2020-02-12T22:55:23+01:00\",\"dateModified\":\"2020-02-12T22:55:23+01:00\"},{\"@type\":\"WebSite\",\"@id\":\"https:\\\/\\\/candas365.es\\\/noticias\\\/#website\",\"url\":\"https:\\\/\\\/candas365.es\\\/noticias\\\/\",\"name\":\"Cand\\u00e1s 365\",\"alternateName\":\"Cand\\u00e1s 365 Noticias\",\"description\":\"Actualidad desde Carre\\u00f1o para el mundo\",\"inLanguage\":\"es-ES\",\"publisher\":{\"@id\":\"https:\\\/\\\/candas365.es\\\/noticias\\\/#organization\"}}]}\n\t\t<\/script>\n\t\t<!-- All in One SEO Pro -->\r\n\t\t<title>El tiempo, mi\u00e9rcoles d\u00eda 12 de febrero 2020 | Cand\u00e1s 365<\/title>\n\n","aioseo_head_json":{"title":"El tiempo, mi\u00e9rcoles d\u00eda 12 de febrero 2020 | Cand\u00e1s 365","description":"Nuboso o con intervalos nubosos en la mayor parte del pa\u00eds, salvo en el sureste peninsular y Canarias, donde estar\u00e1 poco nuboso con intervalos de nubes altas. Probabilidad de lluvias d\u00e9biles en el tercio noreste peninsular, sobre todo en la mitad este de Catalu\u00f1a, donde podr\u00e1n ser algo m\u00e1s intensas. Tampoco se descarta alguna lluvia","canonical_url":"https:\/\/candas365.es\/noticias\/el-tiempo-miercoles-dia-12-de-febrero-2020\/","robots":"max-image-preview:large","keywords":"el tiempo","webmasterTools":{"google-site-verification":"UA-32230408-1","msvalidate.01":"354F3CDFB2DA171B47FBE9ABF1F88D5","miscellaneous":""},"schema":{"@context":"https:\/\/schema.org","@graph":[{"@type":"BreadcrumbList","@id":"https:\/\/candas365.es\/noticias\/el-tiempo-miercoles-dia-12-de-febrero-2020\/#breadcrumblist","itemListElement":[{"@type":"ListItem","@id":"https:\/\/candas365.es\/noticias#listItem","position":1,"name":"Home","item":"https:\/\/candas365.es\/noticias","nextItem":{"@type":"ListItem","@id":"https:\/\/candas365.es\/noticias\/category\/el-tiempo\/#listItem","name":"El tiempo"}},{"@type":"ListItem","@id":"https:\/\/candas365.es\/noticias\/category\/el-tiempo\/#listItem","position":2,"name":"El tiempo","item":"https:\/\/candas365.es\/noticias\/category\/el-tiempo\/","nextItem":{"@type":"ListItem","@id":"https:\/\/candas365.es\/noticias\/el-tiempo-miercoles-dia-12-de-febrero-2020\/#listItem","name":"El tiempo, mi\u00e9rcoles d\u00eda 12 de febrero 2020"},"previousItem":{"@type":"ListItem","@id":"https:\/\/candas365.es\/noticias#listItem","name":"Home"}},{"@type":"ListItem","@id":"https:\/\/candas365.es\/noticias\/el-tiempo-miercoles-dia-12-de-febrero-2020\/#listItem","position":3,"name":"El tiempo, mi\u00e9rcoles d\u00eda 12 de febrero 2020","previousItem":{"@type":"ListItem","@id":"https:\/\/candas365.es\/noticias\/category\/el-tiempo\/#listItem","name":"El tiempo"}}]},{"@type":"NewsArticle","@id":"https:\/\/candas365.es\/noticias\/el-tiempo-miercoles-dia-12-de-febrero-2020\/#newsarticle","name":"El tiempo, mi\u00e9rcoles d\u00eda 12 de febrero 2020 | Cand\u00e1s 365","headline":"El tiempo, mi\u00e9rcoles d\u00eda 12 de febrero 2020","author":{"@id":"https:\/\/candas365.es\/noticias\/author\/admin\/#author"},"publisher":{"@id":"https:\/\/candas365.es\/noticias\/#organization"},"image":{"@type":"ImageObject","url":"https:\/\/candas365.es\/noticias\/wp-content\/uploads\/2017\/02\/olas.jpg","width":655,"height":360},"datePublished":"2020-02-12T22:55:23+01:00","dateModified":"2020-02-12T22:55:23+01:00","inLanguage":"es-ES","mainEntityOfPage":{"@id":"https:\/\/candas365.es\/noticias\/el-tiempo-miercoles-dia-12-de-febrero-2020\/#webpage"},"isPartOf":{"@id":"https:\/\/candas365.es\/noticias\/el-tiempo-miercoles-dia-12-de-febrero-2020\/#webpage"},"articleSection":"El tiempo","dateline":"Publicado el febrero 12, 2020."},{"@type":"Organization","@id":"https:\/\/candas365.es\/noticias\/#organization","name":"Cand\u00e1s 365","description":"Cand\u00e1s 365 es un diario digital independiente, fundado en 2012, con base en Asturias. Informamos con rigor sobre actualidad, sociedad, cultura y ocio, con una mirada local y global.","url":"https:\/\/candas365.es\/noticias\/","email":"info@candas365.es","telephone":"+34652131393","foundingDate":"2012-06-10","logo":{"@type":"ImageObject","url":"https:\/\/candas365.es\/noticias\/wp-content\/uploads\/2024\/09\/Candas-365-Redes.jpg","@id":"https:\/\/candas365.es\/noticias\/el-tiempo-miercoles-dia-12-de-febrero-2020\/#organizationLogo","width":1152,"height":864,"caption":"Cand\u00e1s 365 Redes"},"image":{"@id":"https:\/\/candas365.es\/noticias\/el-tiempo-miercoles-dia-12-de-febrero-2020\/#organizationLogo"},"sameAs":["https:\/\/www.facebook.com\/Nachofdezber","https:\/\/x.com\/NabercoDigital","https:\/\/www.instagram.com\/nachofdezber\/","https:\/\/www.youtube.com\/channel\/UCZP-2wLEB9Rv6erhFmqVnvg"],"address":{"@id":"https:\/\/candas365.es\/noticias\/#postaladdress","@type":"PostalAddress","streetAddress":"san antonio 4, san antonio 4","postalCode":"33430","addressLocality":"Cand\u00e1s","addressRegion":"Asturias","addressCountry":"ES"}},{"@type":"Person","@id":"https:\/\/candas365.es\/noticias\/author\/admin\/#author","url":"https:\/\/candas365.es\/noticias\/author\/admin\/","name":"Cand\u00e1s 365","image":{"@type":"ImageObject","@id":"https:\/\/candas365.es\/noticias\/el-tiempo-miercoles-dia-12-de-febrero-2020\/#authorImage","url":"https:\/\/secure.gravatar.com\/avatar\/496a8e03d0c493ede1718b7934145dbdf8d89be1036b0eec9544e1094c9de390?s=96&d=mm&r=g","width":96,"height":96,"caption":"Cand\u00e1s 365"},"sameAs":["https:\/\/www.facebook.com\/carrenoactualidad","https:\/\/twitter.com\/nbasturias","https:\/\/www.instagram.com\/nachofdezber\/","https:\/\/www.youtube.com\/channel\/UCZP-2wLEB9Rv6erhFmqVnvg"]},{"@type":"WebPage","@id":"https:\/\/candas365.es\/noticias\/el-tiempo-miercoles-dia-12-de-febrero-2020\/#webpage","url":"https:\/\/candas365.es\/noticias\/el-tiempo-miercoles-dia-12-de-febrero-2020\/","name":"El tiempo, mi\u00e9rcoles d\u00eda 12 de febrero 2020 | Cand\u00e1s 365","description":"Nuboso o con intervalos nubosos en la mayor parte del pa\u00eds, salvo en el sureste peninsular y Canarias, donde estar\u00e1 poco nuboso con intervalos de nubes altas. Probabilidad de lluvias d\u00e9biles en el tercio noreste peninsular, sobre todo en la mitad este de Catalu\u00f1a, donde podr\u00e1n ser algo m\u00e1s intensas. Tampoco se descarta alguna lluvia","inLanguage":"es-ES","isPartOf":{"@id":"https:\/\/candas365.es\/noticias\/#website"},"breadcrumb":{"@id":"https:\/\/candas365.es\/noticias\/el-tiempo-miercoles-dia-12-de-febrero-2020\/#breadcrumblist"},"author":{"@id":"https:\/\/candas365.es\/noticias\/author\/admin\/#author"},"creator":{"@id":"https:\/\/candas365.es\/noticias\/author\/admin\/#author"},"image":{"@type":"ImageObject","url":"https:\/\/candas365.es\/noticias\/wp-content\/uploads\/2017\/02\/olas.jpg","@id":"https:\/\/candas365.es\/noticias\/el-tiempo-miercoles-dia-12-de-febrero-2020\/#mainImage","width":655,"height":360},"primaryImageOfPage":{"@id":"https:\/\/candas365.es\/noticias\/el-tiempo-miercoles-dia-12-de-febrero-2020\/#mainImage"},"datePublished":"2020-02-12T22:55:23+01:00","dateModified":"2020-02-12T22:55:23+01:00"},{"@type":"WebSite","@id":"https:\/\/candas365.es\/noticias\/#website","url":"https:\/\/candas365.es\/noticias\/","name":"Cand\u00e1s 365","alternateName":"Cand\u00e1s 365 Noticias","description":"Actualidad desde Carre\u00f1o para el mundo","inLanguage":"es-ES","publisher":{"@id":"https:\/\/candas365.es\/noticias\/#organization"}}]},"og:locale":"es_ES","og:site_name":"Cand\u00e1s 365","og:type":"article","og:title":"El tiempo, mi\u00e9rcoles d\u00eda 12 de febrero 2020 | Cand\u00e1s 365","og:description":"Nuboso o con intervalos nubosos en la mayor parte del pa\u00eds, salvo en el sureste peninsular y Canarias, donde estar\u00e1 poco nuboso con intervalos de nubes altas. Probabilidad de lluvias d\u00e9biles en el tercio noreste peninsular, sobre todo en la mitad este de Catalu\u00f1a, donde podr\u00e1n ser algo m\u00e1s intensas. Tampoco se descarta alguna lluvia","og:url":"https:\/\/candas365.es\/noticias\/el-tiempo-miercoles-dia-12-de-febrero-2020\/","og:image":"https:\/\/candas365.es\/noticias\/wp-content\/uploads\/2017\/02\/olas.jpg","og:image:secure_url":"https:\/\/candas365.es\/noticias\/wp-content\/uploads\/2017\/02\/olas.jpg","og:image:width":655,"og:image:height":360,"article:published_time":"2020-02-12T22:55:23+00:00","article:modified_time":"2020-02-12T22:55:23+00:00","article:publisher":"https:\/\/www.facebook.com\/Nachofdezber","article:author":"https:\/\/www.facebook.com\/carrenoactualidad","twitter:card":"summary_large_image","twitter:site":"@NabercoDigital","twitter:title":"El tiempo, mi\u00e9rcoles d\u00eda 12 de febrero 2020 | Cand\u00e1s 365","twitter:description":"Nuboso o con intervalos nubosos en la mayor parte del pa\u00eds, salvo en el sureste peninsular y Canarias, donde estar\u00e1 poco nuboso con intervalos de nubes altas. Probabilidad de lluvias d\u00e9biles en el tercio noreste peninsular, sobre todo en la mitad este de Catalu\u00f1a, donde podr\u00e1n ser algo m\u00e1s intensas. Tampoco se descarta alguna lluvia","twitter:creator":"@nbasturias","twitter:image":"https:\/\/candas365.es\/noticias\/wp-content\/uploads\/2017\/02\/olas.jpg","twitter:label1":"Escrito por","twitter:data1":"Cand\u00e1s 365","twitter:label2":"Tiempo de lectura estimado","twitter:data2":"1 minuto"},"aioseo_meta_data":{"post_id":"137995","title":null,"description":null,"keywords":null,"keyphrases":null,"primary_term":null,"canonical_url":null,"og_title":null,"og_description":null,"og_object_type":"default","og_image_type":"default","og_image_url":null,"og_image_width":null,"og_image_height":null,"og_image_custom_url":null,"og_image_custom_fields":null,"og_video":null,"og_custom_url":null,"og_article_section":null,"og_article_tags":null,"twitter_use_og":false,"twitter_card":"default","twitter_image_type":"default","twitter_image_url":null,"twitter_image_custom_url":null,"twitter_image_custom_fields":null,"twitter_title":null,"twitter_description":null,"schema":{"blockGraphs":[],"customGraphs":[],"default":{"data":{"Article":[],"Course":[],"Dataset":[],"FAQPage":[],"Movie":[],"Person":[],"Product":[],"ProductReview":[],"Car":[],"Recipe":[],"Service":[],"SoftwareApplication":[],"WebPage":[]},"graphName":"","isEnabled":true},"graphs":[]},"schema_type":null,"schema_type_options":null,"pillar_content":false,"robots_default":true,"robots_noindex":false,"robots_noarchive":false,"robots_nosnippet":false,"robots_nofollow":false,"robots_noimageindex":false,"robots_noodp":false,"robots_notranslate":false,"robots_max_snippet":null,"robots_max_videopreview":null,"robots_max_imagepreview":"large","priority":null,"frequency":null,"location":null,"local_seo":null,"seo_analyzer_scan_date":"2025-08-30 23:38:10","breadcrumb_settings":null,"limit_modified_date":false,"reviewed_by":null,"open_ai":null,"ai":null,"created":"2020-12-21 10:45:32","updated":"2025-08-30 23:38:10"},"aioseo_breadcrumb":"<div class=\"aioseo-breadcrumbs\"><span class=\"aioseo-breadcrumb\">\n\t<a href=\"https:\/\/candas365.es\/noticias\" title=\"Home\">Home<\/a>\n<\/span><span class=\"aioseo-breadcrumb-separator\">&ndash;<\/span><span class=\"aioseo-breadcrumb\">\n\t<a href=\"https:\/\/candas365.es\/noticias\/category\/el-tiempo\/\" title=\"El tiempo\">El tiempo<\/a>\n<\/span><span class=\"aioseo-breadcrumb-separator\">&ndash;<\/span><span class=\"aioseo-breadcrumb\">\n\tEl tiempo, mi\u00e9rcoles d\u00eda 12 de febrero 2020\n<\/span><\/div>","aioseo_breadcrumb_json":[{"label":"Home","link":"https:\/\/candas365.es\/noticias"},{"label":"El tiempo","link":"https:\/\/candas365.es\/noticias\/category\/el-tiempo\/"},{"label":"El tiempo, mi\u00e9rcoles d\u00eda 12 de febrero 2020","link":"https:\/\/candas365.es\/noticias\/el-tiempo-miercoles-dia-12-de-febrero-2020\/"}],"_links":{"self":[{"href":"https:\/\/candas365.es\/noticias\/wp-json\/wp\/v2\/posts\/137995","targetHints":{"allow":["GET"]}}],"collection":[{"href":"https:\/\/candas365.es\/noticias\/wp-json\/wp\/v2\/posts"}],"about":[{"href":"https:\/\/candas365.es\/noticias\/wp-json\/wp\/v2\/types\/post"}],"author":[{"embeddable":true,"href":"https:\/\/candas365.es\/noticias\/wp-json\/wp\/v2\/users\/1"}],"replies":[{"embeddable":true,"href":"https:\/\/candas365.es\/noticias\/wp-json\/wp\/v2\/comments?post=137995"}],"version-history":[{"count":0,"href":"https:\/\/candas365.es\/noticias\/wp-json\/wp\/v2\/posts\/137995\/revisions"}],"wp:featuredmedia":[{"embeddable":true,"href":"https:\/\/candas365.es\/noticias\/wp-json\/wp\/v2\/media\/43762"}],"wp:attachment":[{"href":"https:\/\/candas365.es\/noticias\/wp-json\/wp\/v2\/media?parent=137995"}],"wp:term":[{"taxonomy":"category","embeddable":true,"href":"https:\/\/candas365.es\/noticias\/wp-json\/wp\/v2\/categories?post=137995"},{"taxonomy":"post_tag","embeddable":true,"href":"https:\/\/candas365.es\/noticias\/wp-json\/wp\/v2\/tags?post=137995"}],"curies":[{"name":"wp","href":"https:\/\/api.w.org\/{rel}","templated":true}]}}