{"id":137946,"date":"2020-02-10T03:59:51","date_gmt":"2020-02-10T03:59:51","guid":{"rendered":"http:\/\/candas365.es\/noticias\/?p=137946"},"modified":"2020-02-11T04:00:56","modified_gmt":"2020-02-11T04:00:56","slug":"el-tiempo-lunes-10-de-febrero-de-2020","status":"publish","type":"post","link":"https:\/\/candas365.es\/noticias\/el-tiempo-lunes-10-de-febrero-de-2020\/","title":{"rendered":"El tiempo, lunes 10 de febrero de 2020"},"content":{"rendered":"<p><img fetchpriority=\"high\" decoding=\"async\" class=\"alignleft size-medium wp-image-85664\" src=\"https:\/\/candas365.es\/noticias\/wp-content\/uploads\/2017\/11\/nubes-2329680_960_720-360x202.jpg\" alt=\"\" width=\"360\" height=\"202\" srcset=\"https:\/\/candas365.es\/noticias\/wp-content\/uploads\/2017\/11\/nubes-2329680_960_720-360x202.jpg 360w, https:\/\/candas365.es\/noticias\/wp-content\/uploads\/2017\/11\/nubes-2329680_960_720-768x431.jpg 768w, https:\/\/candas365.es\/noticias\/wp-content\/uploads\/2017\/11\/nubes-2329680_960_720-655x368.jpg 655w, https:\/\/candas365.es\/noticias\/wp-content\/uploads\/2017\/11\/nubes-2329680_960_720-696x391.jpg 696w, https:\/\/candas365.es\/noticias\/wp-content\/uploads\/2017\/11\/nubes-2329680_960_720-748x420.jpg 748w, https:\/\/candas365.es\/noticias\/wp-content\/uploads\/2017\/11\/nubes-2329680_960_720-499x280.jpg 499w, https:\/\/candas365.es\/noticias\/wp-content\/uploads\/2017\/11\/nubes-2329680_960_720.jpg 960w\" sizes=\"(max-width: 360px) 100vw, 360px\" \/>Nuboso en Galicia, con lluvias en general d\u00e9biles, sobre todo en el oeste y al principio, tendiendo a disminuir a lo largo del d\u00eda. Poco nuboso aumentando a nuboso en el Cant\u00e1brico oriental y norte de Navarra, con posibilidad de alguna lluvia d\u00e9bil. Intervalos nubosos al principio en el resto del cuadrante noroeste peninsular, \u00e1rea del Estrecho, Melilla y norte de las islas Canarias de mayor relieve, tendiendo a poco nuboso a lo largo del d\u00eda. Poco nuboso o despejado en el resto del pa\u00eds.<\/p>\n<p>Probables bancos de niebla matinales en Extremadura, meseta sur e interior de Catalu\u00f1a. Posibilidad de calimas en Canarias, seg\u00fan AEMET<\/p>\n<p>Temperaturas en ascenso en la mayor parte del pa\u00eds, salvo en Galicia, Cant\u00e1brico y Baleares, donde las diurnas permanecer\u00e1n sin cambios. Heladas d\u00e9biles s\u00f3lo en Pirineos.<\/p>\n<p>Vientos de componente oeste en la mitad norte peninsular, zona de Levante y Baleares, con intervalos de fuerte en el litoral norte de Galicia. Viento de Levante moderado en el Estrecho. Flojos variables en el resto de la Pen\u00ednsula. En Canarias, vientos del noreste, con algun intervalo de fuerte.<\/p>\n<p>&nbsp;<\/p>\n","protected":false},"excerpt":{"rendered":"<p>Nuboso en Galicia, con lluvias en general d\u00e9biles, sobre todo en el oeste y al principio, tendiendo a disminuir a lo largo del d\u00eda. Poco nuboso aumentando a nuboso en el Cant\u00e1brico oriental y norte de Navarra, con posibilidad de alguna lluvia d\u00e9bil. Intervalos nubosos al principio en el resto del cuadrante noroeste peninsular, \u00e1rea<\/p>\n","protected":false},"author":1,"featured_media":85664,"comment_status":"closed","ping_status":"closed","sticky":false,"template":"","format":"standard","meta":{"footnotes":""},"categories":[358],"tags":[],"class_list":{"0":"post-137946","1":"post","2":"type-post","3":"status-publish","4":"format-standard","5":"has-post-thumbnail","7":"category-el-tiempo"},"aioseo_notices":[],"aioseo_head":"\n\t\t<!-- All in One SEO Pro 4.9.6.2 - aioseo.com -->\n\t<meta name=\"description\" content=\"Nuboso en Galicia, con lluvias en general d\u00e9biles, sobre todo en el oeste y al principio, tendiendo a disminuir a lo largo del d\u00eda. Poco nuboso aumentando a nuboso en el Cant\u00e1brico oriental y norte de Navarra, con posibilidad de alguna lluvia d\u00e9bil. Intervalos nubosos al principio en el resto del cuadrante noroeste peninsular, \u00e1rea\" \/>\n\t<meta name=\"robots\" content=\"max-image-preview:large\" \/>\n\t<meta name=\"author\" content=\"Cand\u00e1s 365\"\/>\n\t<meta name=\"google-site-verification\" content=\"UA-32230408-1\" \/>\n\t<meta name=\"msvalidate.01\" content=\"354F3CDFB2DA171B47FBE9ABF1F88D5\" \/>\n\t<meta name=\"keywords\" content=\"el tiempo\" \/>\n\t<link rel=\"canonical\" href=\"https:\/\/candas365.es\/noticias\/el-tiempo-lunes-10-de-febrero-de-2020\/\" \/>\n\t<meta name=\"generator\" content=\"All in One SEO Pro (AIOSEO) 4.9.6.2\" \/>\n\t\t<meta property=\"og:locale\" content=\"es_ES\" \/>\n\t\t<meta property=\"og:site_name\" content=\"Cand\u00e1s 365\" \/>\n\t\t<meta property=\"og:type\" content=\"article\" \/>\n\t\t<meta property=\"og:title\" content=\"El tiempo, lunes 10 de febrero de 2020 | Cand\u00e1s 365\" \/>\n\t\t<meta property=\"og:description\" content=\"Nuboso en Galicia, con lluvias en general d\u00e9biles, sobre todo en el oeste y al principio, tendiendo a disminuir a lo largo del d\u00eda. Poco nuboso aumentando a nuboso en el Cant\u00e1brico oriental y norte de Navarra, con posibilidad de alguna lluvia d\u00e9bil. Intervalos nubosos al principio en el resto del cuadrante noroeste peninsular, \u00e1rea\" \/>\n\t\t<meta property=\"og:url\" content=\"https:\/\/candas365.es\/noticias\/el-tiempo-lunes-10-de-febrero-de-2020\/\" \/>\n\t\t<meta property=\"og:image\" content=\"https:\/\/candas365.es\/noticias\/wp-content\/uploads\/2017\/11\/nubes-2329680_960_720.jpg\" \/>\n\t\t<meta property=\"og:image:secure_url\" content=\"https:\/\/candas365.es\/noticias\/wp-content\/uploads\/2017\/11\/nubes-2329680_960_720.jpg\" \/>\n\t\t<meta property=\"og:image:width\" content=\"960\" \/>\n\t\t<meta property=\"og:image:height\" content=\"539\" \/>\n\t\t<meta property=\"article:published_time\" content=\"2020-02-10T03:59:51+00:00\" \/>\n\t\t<meta property=\"article:modified_time\" content=\"2020-02-11T04:00:56+00:00\" \/>\n\t\t<meta property=\"article:publisher\" content=\"https:\/\/www.facebook.com\/Nachofdezber\" \/>\n\t\t<meta property=\"article:author\" content=\"https:\/\/www.facebook.com\/carrenoactualidad\" \/>\n\t\t<meta name=\"twitter:card\" content=\"summary_large_image\" \/>\n\t\t<meta name=\"twitter:site\" content=\"@NabercoDigital\" \/>\n\t\t<meta name=\"twitter:title\" content=\"El tiempo, lunes 10 de febrero de 2020 | Cand\u00e1s 365\" \/>\n\t\t<meta name=\"twitter:description\" content=\"Nuboso en Galicia, con lluvias en general d\u00e9biles, sobre todo en el oeste y al principio, tendiendo a disminuir a lo largo del d\u00eda. Poco nuboso aumentando a nuboso en el Cant\u00e1brico oriental y norte de Navarra, con posibilidad de alguna lluvia d\u00e9bil. Intervalos nubosos al principio en el resto del cuadrante noroeste peninsular, \u00e1rea\" \/>\n\t\t<meta name=\"twitter:creator\" content=\"@nbasturias\" \/>\n\t\t<meta name=\"twitter:image\" content=\"https:\/\/candas365.es\/noticias\/wp-content\/uploads\/2017\/11\/nubes-2329680_960_720.jpg\" \/>\n\t\t<meta name=\"twitter:label1\" content=\"Escrito por\" \/>\n\t\t<meta name=\"twitter:data1\" content=\"Cand\u00e1s 365\" \/>\n\t\t<meta name=\"twitter:label2\" content=\"Tiempo de lectura estimado\" \/>\n\t\t<meta name=\"twitter:data2\" content=\"1 minuto\" \/>\n\t\t<script type=\"application\/ld+json\" class=\"aioseo-schema\">\n\t\t\t{\"@context\":\"https:\\\/\\\/schema.org\",\"@graph\":[{\"@type\":\"BreadcrumbList\",\"@id\":\"https:\\\/\\\/candas365.es\\\/noticias\\\/el-tiempo-lunes-10-de-febrero-de-2020\\\/#breadcrumblist\",\"itemListElement\":[{\"@type\":\"ListItem\",\"@id\":\"https:\\\/\\\/candas365.es\\\/noticias#listItem\",\"position\":1,\"name\":\"Home\",\"item\":\"https:\\\/\\\/candas365.es\\\/noticias\",\"nextItem\":{\"@type\":\"ListItem\",\"@id\":\"https:\\\/\\\/candas365.es\\\/noticias\\\/category\\\/el-tiempo\\\/#listItem\",\"name\":\"El tiempo\"}},{\"@type\":\"ListItem\",\"@id\":\"https:\\\/\\\/candas365.es\\\/noticias\\\/category\\\/el-tiempo\\\/#listItem\",\"position\":2,\"name\":\"El tiempo\",\"item\":\"https:\\\/\\\/candas365.es\\\/noticias\\\/category\\\/el-tiempo\\\/\",\"nextItem\":{\"@type\":\"ListItem\",\"@id\":\"https:\\\/\\\/candas365.es\\\/noticias\\\/el-tiempo-lunes-10-de-febrero-de-2020\\\/#listItem\",\"name\":\"El tiempo, lunes 10 de febrero de 2020\"},\"previousItem\":{\"@type\":\"ListItem\",\"@id\":\"https:\\\/\\\/candas365.es\\\/noticias#listItem\",\"name\":\"Home\"}},{\"@type\":\"ListItem\",\"@id\":\"https:\\\/\\\/candas365.es\\\/noticias\\\/el-tiempo-lunes-10-de-febrero-de-2020\\\/#listItem\",\"position\":3,\"name\":\"El tiempo, lunes 10 de febrero de 2020\",\"previousItem\":{\"@type\":\"ListItem\",\"@id\":\"https:\\\/\\\/candas365.es\\\/noticias\\\/category\\\/el-tiempo\\\/#listItem\",\"name\":\"El tiempo\"}}]},{\"@type\":\"NewsArticle\",\"@id\":\"https:\\\/\\\/candas365.es\\\/noticias\\\/el-tiempo-lunes-10-de-febrero-de-2020\\\/#newsarticle\",\"name\":\"El tiempo, lunes 10 de febrero de 2020 | Cand\\u00e1s 365\",\"headline\":\"El tiempo, lunes 10 de febrero de 2020\",\"author\":{\"@id\":\"https:\\\/\\\/candas365.es\\\/noticias\\\/author\\\/admin\\\/#author\"},\"publisher\":{\"@id\":\"https:\\\/\\\/candas365.es\\\/noticias\\\/#organization\"},\"image\":{\"@type\":\"ImageObject\",\"url\":\"https:\\\/\\\/candas365.es\\\/noticias\\\/wp-content\\\/uploads\\\/2017\\\/11\\\/nubes-2329680_960_720.jpg\",\"width\":960,\"height\":539},\"datePublished\":\"2020-02-10T03:59:51+01:00\",\"dateModified\":\"2020-02-11T04:00:56+01:00\",\"inLanguage\":\"es-ES\",\"mainEntityOfPage\":{\"@id\":\"https:\\\/\\\/candas365.es\\\/noticias\\\/el-tiempo-lunes-10-de-febrero-de-2020\\\/#webpage\"},\"isPartOf\":{\"@id\":\"https:\\\/\\\/candas365.es\\\/noticias\\\/el-tiempo-lunes-10-de-febrero-de-2020\\\/#webpage\"},\"articleSection\":\"El tiempo\",\"dateline\":\"Publicado el febrero 10, 2020.\"},{\"@type\":\"Organization\",\"@id\":\"https:\\\/\\\/candas365.es\\\/noticias\\\/#organization\",\"name\":\"Cand\\u00e1s 365\",\"description\":\"Cand\\u00e1s 365 es un diario digital independiente, fundado en 2012, con base en Asturias. Informamos con rigor sobre actualidad, sociedad, cultura y ocio, con una mirada local y global.\",\"url\":\"https:\\\/\\\/candas365.es\\\/noticias\\\/\",\"email\":\"info@candas365.es\",\"telephone\":\"+34652131393\",\"foundingDate\":\"2012-06-10\",\"logo\":{\"@type\":\"ImageObject\",\"url\":\"https:\\\/\\\/candas365.es\\\/noticias\\\/wp-content\\\/uploads\\\/2024\\\/09\\\/Candas-365-Redes.jpg\",\"@id\":\"https:\\\/\\\/candas365.es\\\/noticias\\\/el-tiempo-lunes-10-de-febrero-de-2020\\\/#organizationLogo\",\"width\":1152,\"height\":864,\"caption\":\"Cand\\u00e1s 365 Redes\"},\"image\":{\"@id\":\"https:\\\/\\\/candas365.es\\\/noticias\\\/el-tiempo-lunes-10-de-febrero-de-2020\\\/#organizationLogo\"},\"sameAs\":[\"https:\\\/\\\/www.facebook.com\\\/Nachofdezber\",\"https:\\\/\\\/x.com\\\/NabercoDigital\",\"https:\\\/\\\/www.instagram.com\\\/nachofdezber\\\/\",\"https:\\\/\\\/www.youtube.com\\\/channel\\\/UCZP-2wLEB9Rv6erhFmqVnvg\"],\"address\":{\"@id\":\"https:\\\/\\\/candas365.es\\\/noticias\\\/#postaladdress\",\"@type\":\"PostalAddress\",\"streetAddress\":\"san antonio 4, san antonio 4\",\"postalCode\":\"33430\",\"addressLocality\":\"Cand\\u00e1s\",\"addressRegion\":\"Asturias\",\"addressCountry\":\"ES\"}},{\"@type\":\"Person\",\"@id\":\"https:\\\/\\\/candas365.es\\\/noticias\\\/author\\\/admin\\\/#author\",\"url\":\"https:\\\/\\\/candas365.es\\\/noticias\\\/author\\\/admin\\\/\",\"name\":\"Cand\\u00e1s 365\",\"image\":{\"@type\":\"ImageObject\",\"@id\":\"https:\\\/\\\/candas365.es\\\/noticias\\\/el-tiempo-lunes-10-de-febrero-de-2020\\\/#authorImage\",\"url\":\"https:\\\/\\\/secure.gravatar.com\\\/avatar\\\/496a8e03d0c493ede1718b7934145dbdf8d89be1036b0eec9544e1094c9de390?s=96&d=mm&r=g\",\"width\":96,\"height\":96,\"caption\":\"Cand\\u00e1s 365\"},\"sameAs\":[\"https:\\\/\\\/www.facebook.com\\\/carrenoactualidad\",\"https:\\\/\\\/twitter.com\\\/nbasturias\",\"https:\\\/\\\/www.instagram.com\\\/nachofdezber\\\/\",\"https:\\\/\\\/www.youtube.com\\\/channel\\\/UCZP-2wLEB9Rv6erhFmqVnvg\"]},{\"@type\":\"WebPage\",\"@id\":\"https:\\\/\\\/candas365.es\\\/noticias\\\/el-tiempo-lunes-10-de-febrero-de-2020\\\/#webpage\",\"url\":\"https:\\\/\\\/candas365.es\\\/noticias\\\/el-tiempo-lunes-10-de-febrero-de-2020\\\/\",\"name\":\"El tiempo, lunes 10 de febrero de 2020 | Cand\\u00e1s 365\",\"description\":\"Nuboso en Galicia, con lluvias en general d\\u00e9biles, sobre todo en el oeste y al principio, tendiendo a disminuir a lo largo del d\\u00eda. Poco nuboso aumentando a nuboso en el Cant\\u00e1brico oriental y norte de Navarra, con posibilidad de alguna lluvia d\\u00e9bil. Intervalos nubosos al principio en el resto del cuadrante noroeste peninsular, \\u00e1rea\",\"inLanguage\":\"es-ES\",\"isPartOf\":{\"@id\":\"https:\\\/\\\/candas365.es\\\/noticias\\\/#website\"},\"breadcrumb\":{\"@id\":\"https:\\\/\\\/candas365.es\\\/noticias\\\/el-tiempo-lunes-10-de-febrero-de-2020\\\/#breadcrumblist\"},\"author\":{\"@id\":\"https:\\\/\\\/candas365.es\\\/noticias\\\/author\\\/admin\\\/#author\"},\"creator\":{\"@id\":\"https:\\\/\\\/candas365.es\\\/noticias\\\/author\\\/admin\\\/#author\"},\"image\":{\"@type\":\"ImageObject\",\"url\":\"https:\\\/\\\/candas365.es\\\/noticias\\\/wp-content\\\/uploads\\\/2017\\\/11\\\/nubes-2329680_960_720.jpg\",\"@id\":\"https:\\\/\\\/candas365.es\\\/noticias\\\/el-tiempo-lunes-10-de-febrero-de-2020\\\/#mainImage\",\"width\":960,\"height\":539},\"primaryImageOfPage\":{\"@id\":\"https:\\\/\\\/candas365.es\\\/noticias\\\/el-tiempo-lunes-10-de-febrero-de-2020\\\/#mainImage\"},\"datePublished\":\"2020-02-10T03:59:51+01:00\",\"dateModified\":\"2020-02-11T04:00:56+01:00\"},{\"@type\":\"WebSite\",\"@id\":\"https:\\\/\\\/candas365.es\\\/noticias\\\/#website\",\"url\":\"https:\\\/\\\/candas365.es\\\/noticias\\\/\",\"name\":\"Cand\\u00e1s 365\",\"alternateName\":\"Cand\\u00e1s 365 Noticias\",\"description\":\"Actualidad desde Carre\\u00f1o para el mundo\",\"inLanguage\":\"es-ES\",\"publisher\":{\"@id\":\"https:\\\/\\\/candas365.es\\\/noticias\\\/#organization\"}}]}\n\t\t<\/script>\n\t\t<!-- All in One SEO Pro -->\r\n\t\t<title>El tiempo, lunes 10 de febrero de 2020 | Cand\u00e1s 365<\/title>\n\n","aioseo_head_json":{"title":"El tiempo, lunes 10 de febrero de 2020 | Cand\u00e1s 365","description":"Nuboso en Galicia, con lluvias en general d\u00e9biles, sobre todo en el oeste y al principio, tendiendo a disminuir a lo largo del d\u00eda. Poco nuboso aumentando a nuboso en el Cant\u00e1brico oriental y norte de Navarra, con posibilidad de alguna lluvia d\u00e9bil. Intervalos nubosos al principio en el resto del cuadrante noroeste peninsular, \u00e1rea","canonical_url":"https:\/\/candas365.es\/noticias\/el-tiempo-lunes-10-de-febrero-de-2020\/","robots":"max-image-preview:large","keywords":"el tiempo","webmasterTools":{"google-site-verification":"UA-32230408-1","msvalidate.01":"354F3CDFB2DA171B47FBE9ABF1F88D5","miscellaneous":""},"schema":{"@context":"https:\/\/schema.org","@graph":[{"@type":"BreadcrumbList","@id":"https:\/\/candas365.es\/noticias\/el-tiempo-lunes-10-de-febrero-de-2020\/#breadcrumblist","itemListElement":[{"@type":"ListItem","@id":"https:\/\/candas365.es\/noticias#listItem","position":1,"name":"Home","item":"https:\/\/candas365.es\/noticias","nextItem":{"@type":"ListItem","@id":"https:\/\/candas365.es\/noticias\/category\/el-tiempo\/#listItem","name":"El tiempo"}},{"@type":"ListItem","@id":"https:\/\/candas365.es\/noticias\/category\/el-tiempo\/#listItem","position":2,"name":"El tiempo","item":"https:\/\/candas365.es\/noticias\/category\/el-tiempo\/","nextItem":{"@type":"ListItem","@id":"https:\/\/candas365.es\/noticias\/el-tiempo-lunes-10-de-febrero-de-2020\/#listItem","name":"El tiempo, lunes 10 de febrero de 2020"},"previousItem":{"@type":"ListItem","@id":"https:\/\/candas365.es\/noticias#listItem","name":"Home"}},{"@type":"ListItem","@id":"https:\/\/candas365.es\/noticias\/el-tiempo-lunes-10-de-febrero-de-2020\/#listItem","position":3,"name":"El tiempo, lunes 10 de febrero de 2020","previousItem":{"@type":"ListItem","@id":"https:\/\/candas365.es\/noticias\/category\/el-tiempo\/#listItem","name":"El tiempo"}}]},{"@type":"NewsArticle","@id":"https:\/\/candas365.es\/noticias\/el-tiempo-lunes-10-de-febrero-de-2020\/#newsarticle","name":"El tiempo, lunes 10 de febrero de 2020 | Cand\u00e1s 365","headline":"El tiempo, lunes 10 de febrero de 2020","author":{"@id":"https:\/\/candas365.es\/noticias\/author\/admin\/#author"},"publisher":{"@id":"https:\/\/candas365.es\/noticias\/#organization"},"image":{"@type":"ImageObject","url":"https:\/\/candas365.es\/noticias\/wp-content\/uploads\/2017\/11\/nubes-2329680_960_720.jpg","width":960,"height":539},"datePublished":"2020-02-10T03:59:51+01:00","dateModified":"2020-02-11T04:00:56+01:00","inLanguage":"es-ES","mainEntityOfPage":{"@id":"https:\/\/candas365.es\/noticias\/el-tiempo-lunes-10-de-febrero-de-2020\/#webpage"},"isPartOf":{"@id":"https:\/\/candas365.es\/noticias\/el-tiempo-lunes-10-de-febrero-de-2020\/#webpage"},"articleSection":"El tiempo","dateline":"Publicado el febrero 10, 2020."},{"@type":"Organization","@id":"https:\/\/candas365.es\/noticias\/#organization","name":"Cand\u00e1s 365","description":"Cand\u00e1s 365 es un diario digital independiente, fundado en 2012, con base en Asturias. Informamos con rigor sobre actualidad, sociedad, cultura y ocio, con una mirada local y global.","url":"https:\/\/candas365.es\/noticias\/","email":"info@candas365.es","telephone":"+34652131393","foundingDate":"2012-06-10","logo":{"@type":"ImageObject","url":"https:\/\/candas365.es\/noticias\/wp-content\/uploads\/2024\/09\/Candas-365-Redes.jpg","@id":"https:\/\/candas365.es\/noticias\/el-tiempo-lunes-10-de-febrero-de-2020\/#organizationLogo","width":1152,"height":864,"caption":"Cand\u00e1s 365 Redes"},"image":{"@id":"https:\/\/candas365.es\/noticias\/el-tiempo-lunes-10-de-febrero-de-2020\/#organizationLogo"},"sameAs":["https:\/\/www.facebook.com\/Nachofdezber","https:\/\/x.com\/NabercoDigital","https:\/\/www.instagram.com\/nachofdezber\/","https:\/\/www.youtube.com\/channel\/UCZP-2wLEB9Rv6erhFmqVnvg"],"address":{"@id":"https:\/\/candas365.es\/noticias\/#postaladdress","@type":"PostalAddress","streetAddress":"san antonio 4, san antonio 4","postalCode":"33430","addressLocality":"Cand\u00e1s","addressRegion":"Asturias","addressCountry":"ES"}},{"@type":"Person","@id":"https:\/\/candas365.es\/noticias\/author\/admin\/#author","url":"https:\/\/candas365.es\/noticias\/author\/admin\/","name":"Cand\u00e1s 365","image":{"@type":"ImageObject","@id":"https:\/\/candas365.es\/noticias\/el-tiempo-lunes-10-de-febrero-de-2020\/#authorImage","url":"https:\/\/secure.gravatar.com\/avatar\/496a8e03d0c493ede1718b7934145dbdf8d89be1036b0eec9544e1094c9de390?s=96&d=mm&r=g","width":96,"height":96,"caption":"Cand\u00e1s 365"},"sameAs":["https:\/\/www.facebook.com\/carrenoactualidad","https:\/\/twitter.com\/nbasturias","https:\/\/www.instagram.com\/nachofdezber\/","https:\/\/www.youtube.com\/channel\/UCZP-2wLEB9Rv6erhFmqVnvg"]},{"@type":"WebPage","@id":"https:\/\/candas365.es\/noticias\/el-tiempo-lunes-10-de-febrero-de-2020\/#webpage","url":"https:\/\/candas365.es\/noticias\/el-tiempo-lunes-10-de-febrero-de-2020\/","name":"El tiempo, lunes 10 de febrero de 2020 | Cand\u00e1s 365","description":"Nuboso en Galicia, con lluvias en general d\u00e9biles, sobre todo en el oeste y al principio, tendiendo a disminuir a lo largo del d\u00eda. Poco nuboso aumentando a nuboso en el Cant\u00e1brico oriental y norte de Navarra, con posibilidad de alguna lluvia d\u00e9bil. Intervalos nubosos al principio en el resto del cuadrante noroeste peninsular, \u00e1rea","inLanguage":"es-ES","isPartOf":{"@id":"https:\/\/candas365.es\/noticias\/#website"},"breadcrumb":{"@id":"https:\/\/candas365.es\/noticias\/el-tiempo-lunes-10-de-febrero-de-2020\/#breadcrumblist"},"author":{"@id":"https:\/\/candas365.es\/noticias\/author\/admin\/#author"},"creator":{"@id":"https:\/\/candas365.es\/noticias\/author\/admin\/#author"},"image":{"@type":"ImageObject","url":"https:\/\/candas365.es\/noticias\/wp-content\/uploads\/2017\/11\/nubes-2329680_960_720.jpg","@id":"https:\/\/candas365.es\/noticias\/el-tiempo-lunes-10-de-febrero-de-2020\/#mainImage","width":960,"height":539},"primaryImageOfPage":{"@id":"https:\/\/candas365.es\/noticias\/el-tiempo-lunes-10-de-febrero-de-2020\/#mainImage"},"datePublished":"2020-02-10T03:59:51+01:00","dateModified":"2020-02-11T04:00:56+01:00"},{"@type":"WebSite","@id":"https:\/\/candas365.es\/noticias\/#website","url":"https:\/\/candas365.es\/noticias\/","name":"Cand\u00e1s 365","alternateName":"Cand\u00e1s 365 Noticias","description":"Actualidad desde Carre\u00f1o para el mundo","inLanguage":"es-ES","publisher":{"@id":"https:\/\/candas365.es\/noticias\/#organization"}}]},"og:locale":"es_ES","og:site_name":"Cand\u00e1s 365","og:type":"article","og:title":"El tiempo, lunes 10 de febrero de 2020 | Cand\u00e1s 365","og:description":"Nuboso en Galicia, con lluvias en general d\u00e9biles, sobre todo en el oeste y al principio, tendiendo a disminuir a lo largo del d\u00eda. Poco nuboso aumentando a nuboso en el Cant\u00e1brico oriental y norte de Navarra, con posibilidad de alguna lluvia d\u00e9bil. Intervalos nubosos al principio en el resto del cuadrante noroeste peninsular, \u00e1rea","og:url":"https:\/\/candas365.es\/noticias\/el-tiempo-lunes-10-de-febrero-de-2020\/","og:image":"https:\/\/candas365.es\/noticias\/wp-content\/uploads\/2017\/11\/nubes-2329680_960_720.jpg","og:image:secure_url":"https:\/\/candas365.es\/noticias\/wp-content\/uploads\/2017\/11\/nubes-2329680_960_720.jpg","og:image:width":960,"og:image:height":539,"article:published_time":"2020-02-10T03:59:51+00:00","article:modified_time":"2020-02-11T04:00:56+00:00","article:publisher":"https:\/\/www.facebook.com\/Nachofdezber","article:author":"https:\/\/www.facebook.com\/carrenoactualidad","twitter:card":"summary_large_image","twitter:site":"@NabercoDigital","twitter:title":"El tiempo, lunes 10 de febrero de 2020 | Cand\u00e1s 365","twitter:description":"Nuboso en Galicia, con lluvias en general d\u00e9biles, sobre todo en el oeste y al principio, tendiendo a disminuir a lo largo del d\u00eda. Poco nuboso aumentando a nuboso en el Cant\u00e1brico oriental y norte de Navarra, con posibilidad de alguna lluvia d\u00e9bil. Intervalos nubosos al principio en el resto del cuadrante noroeste peninsular, \u00e1rea","twitter:creator":"@nbasturias","twitter:image":"https:\/\/candas365.es\/noticias\/wp-content\/uploads\/2017\/11\/nubes-2329680_960_720.jpg","twitter:label1":"Escrito por","twitter:data1":"Cand\u00e1s 365","twitter:label2":"Tiempo de lectura estimado","twitter:data2":"1 minuto"},"aioseo_meta_data":{"post_id":"137946","title":null,"description":null,"keywords":null,"keyphrases":null,"primary_term":null,"canonical_url":null,"og_title":null,"og_description":null,"og_object_type":"default","og_image_type":"default","og_image_url":null,"og_image_width":null,"og_image_height":null,"og_image_custom_url":null,"og_image_custom_fields":null,"og_video":null,"og_custom_url":null,"og_article_section":null,"og_article_tags":null,"twitter_use_og":false,"twitter_card":"default","twitter_image_type":"default","twitter_image_url":null,"twitter_image_custom_url":null,"twitter_image_custom_fields":null,"twitter_title":null,"twitter_description":null,"schema":{"blockGraphs":[],"customGraphs":[],"default":{"data":{"Article":[],"Course":[],"Dataset":[],"FAQPage":[],"Movie":[],"Person":[],"Product":[],"ProductReview":[],"Car":[],"Recipe":[],"Service":[],"SoftwareApplication":[],"WebPage":[]},"graphName":"","isEnabled":true},"graphs":[]},"schema_type":null,"schema_type_options":null,"pillar_content":false,"robots_default":true,"robots_noindex":false,"robots_noarchive":false,"robots_nosnippet":false,"robots_nofollow":false,"robots_noimageindex":false,"robots_noodp":false,"robots_notranslate":false,"robots_max_snippet":null,"robots_max_videopreview":null,"robots_max_imagepreview":"large","priority":null,"frequency":null,"location":null,"local_seo":null,"seo_analyzer_scan_date":"2025-08-30 23:33:25","breadcrumb_settings":null,"limit_modified_date":false,"reviewed_by":null,"open_ai":null,"ai":null,"created":"2020-12-21 10:45:32","updated":"2025-08-30 23:33:25"},"aioseo_breadcrumb":"<div class=\"aioseo-breadcrumbs\"><span class=\"aioseo-breadcrumb\">\n\t<a href=\"https:\/\/candas365.es\/noticias\" title=\"Home\">Home<\/a>\n<\/span><span class=\"aioseo-breadcrumb-separator\">&ndash;<\/span><span class=\"aioseo-breadcrumb\">\n\t<a href=\"https:\/\/candas365.es\/noticias\/category\/el-tiempo\/\" title=\"El tiempo\">El tiempo<\/a>\n<\/span><span class=\"aioseo-breadcrumb-separator\">&ndash;<\/span><span class=\"aioseo-breadcrumb\">\n\tEl tiempo, lunes 10 de febrero de 2020\n<\/span><\/div>","aioseo_breadcrumb_json":[{"label":"Home","link":"https:\/\/candas365.es\/noticias"},{"label":"El tiempo","link":"https:\/\/candas365.es\/noticias\/category\/el-tiempo\/"},{"label":"El tiempo, lunes 10 de febrero de 2020","link":"https:\/\/candas365.es\/noticias\/el-tiempo-lunes-10-de-febrero-de-2020\/"}],"_links":{"self":[{"href":"https:\/\/candas365.es\/noticias\/wp-json\/wp\/v2\/posts\/137946","targetHints":{"allow":["GET"]}}],"collection":[{"href":"https:\/\/candas365.es\/noticias\/wp-json\/wp\/v2\/posts"}],"about":[{"href":"https:\/\/candas365.es\/noticias\/wp-json\/wp\/v2\/types\/post"}],"author":[{"embeddable":true,"href":"https:\/\/candas365.es\/noticias\/wp-json\/wp\/v2\/users\/1"}],"replies":[{"embeddable":true,"href":"https:\/\/candas365.es\/noticias\/wp-json\/wp\/v2\/comments?post=137946"}],"version-history":[{"count":0,"href":"https:\/\/candas365.es\/noticias\/wp-json\/wp\/v2\/posts\/137946\/revisions"}],"wp:featuredmedia":[{"embeddable":true,"href":"https:\/\/candas365.es\/noticias\/wp-json\/wp\/v2\/media\/85664"}],"wp:attachment":[{"href":"https:\/\/candas365.es\/noticias\/wp-json\/wp\/v2\/media?parent=137946"}],"wp:term":[{"taxonomy":"category","embeddable":true,"href":"https:\/\/candas365.es\/noticias\/wp-json\/wp\/v2\/categories?post=137946"},{"taxonomy":"post_tag","embeddable":true,"href":"https:\/\/candas365.es\/noticias\/wp-json\/wp\/v2\/tags?post=137946"}],"curies":[{"name":"wp","href":"https:\/\/api.w.org\/{rel}","templated":true}]}}