{"id":137764,"date":"2020-02-06T06:02:40","date_gmt":"2020-02-06T06:02:40","guid":{"rendered":"http:\/\/candas365.es\/noticias\/?p=137764"},"modified":"2020-02-06T06:02:40","modified_gmt":"2020-02-06T06:02:40","slug":"nueva-zona-saludable-en-candas","status":"publish","type":"post","link":"https:\/\/candas365.es\/noticias\/nueva-zona-saludable-en-candas\/","title":{"rendered":"Nueva \u201czona saludable\u201d en Cand\u00e1s"},"content":{"rendered":"<p><img fetchpriority=\"high\" decoding=\"async\" class=\"alignleft size-medium wp-image-137765\" src=\"https:\/\/candas365.es\/noticias\/wp-content\/uploads\/2020\/02\/Candas-zona-saludable-360x229.jpg\" alt=\"\" width=\"360\" height=\"229\" srcset=\"https:\/\/candas365.es\/noticias\/wp-content\/uploads\/2020\/02\/Candas-zona-saludable-360x229.jpg 360w, https:\/\/candas365.es\/noticias\/wp-content\/uploads\/2020\/02\/Candas-zona-saludable-655x417.jpg 655w, https:\/\/candas365.es\/noticias\/wp-content\/uploads\/2020\/02\/Candas-zona-saludable-768x489.jpg 768w, https:\/\/candas365.es\/noticias\/wp-content\/uploads\/2020\/02\/Candas-zona-saludable-696x443.jpg 696w, https:\/\/candas365.es\/noticias\/wp-content\/uploads\/2020\/02\/Candas-zona-saludable-1068x681.jpg 1068w, https:\/\/candas365.es\/noticias\/wp-content\/uploads\/2020\/02\/Candas-zona-saludable-659x420.jpg 659w, https:\/\/candas365.es\/noticias\/wp-content\/uploads\/2020\/02\/Candas-zona-saludable.jpg 1097w\" sizes=\"(max-width: 360px) 100vw, 360px\" \/>Estos d\u00edas el alumnado del m\u00f3dulo de \u201cOperaciones Auxiliares de Acabados R\u00edgidos\u201d pertenecientes al Taller de Empleo municipal \u201cCarre\u00f1o a Punto\u201d est\u00e1 llevando a cabo la adecuaci\u00f3n de una zona en el Parque Ingl\u00e9s en Cand\u00e1s. La finalidad de la misma es acondicionar la zona para trasladar los aparatos de ejercicio para personas adultas situados en los aleda\u00f1os del edificio polivalente \u201cLa Baraga\u00f1a\u201d de Cand\u00e1s.<\/p>\n<p>\u201cEl cambio de ubicaci\u00f3n responde a que este tipo de Parques Saludables tiene por objetivo mejorar la salud de las personas adultas, mediante la pr\u00e1ctica del deporte al aire libre, utilizando elementos biosaludables o de gerontogimnasia dise\u00f1ados para zonas concretas de la musculatura corporal. Por lo que tras analizar el espacio que actualmente ven\u00edan ocupando y dado que la senda que rodea al Parque, la Senda Norte en su tramo Pi\u00f1eres-San Antonio es utilizada por una inmensa mayor\u00eda de la ciudadan\u00eda como zona deportiva de running, jogging o trekking, o para pasear, parece m\u00e1s id\u00f3nea que los aparatos de ejercicios se ubiquen en esta zona al aire libre como complemento a estas actividades deportivas\u201d relat\u00f3 Jes\u00fas Varela-Concejal de Deportes.<\/p>\n<p>\u201cEl Parque Saludable del Parque Ingl\u00e9s estar\u00e1 compuestos por diferentes equipos de gimnasia, cuyo objetivo es aportar una filosof\u00eda de vida sana y una alternativa de ocio para las personas usuarias. Estos aparatos tienen su origen en China, pa\u00eds que destaca por el respeto a las personas mayores, por el ejercicio y la b\u00fasqueda del bienestar a trav\u00e9s de la medicina tradicional y de las artes marciales como puede ser el Tai Chi\u201d se\u00f1al\u00f3 el Concejal.<\/p>\n<p>&nbsp;<\/p>\n","protected":false},"excerpt":{"rendered":"<p>Estos d\u00edas el alumnado del m\u00f3dulo de \u201cOperaciones Auxiliares de Acabados R\u00edgidos\u201d pertenecientes al Taller de Empleo municipal \u201cCarre\u00f1o a Punto\u201d est\u00e1 llevando a cabo la adecuaci\u00f3n de una zona en el Parque Ingl\u00e9s en Cand\u00e1s. La finalidad de la misma es acondicionar la zona para trasladar los aparatos de ejercicio para personas adultas situados<\/p>\n","protected":false},"author":1,"featured_media":137765,"comment_status":"closed","ping_status":"closed","sticky":false,"template":"","format":"standard","meta":{"footnotes":""},"categories":[2],"tags":[],"class_list":{"0":"post-137764","1":"post","2":"type-post","3":"status-publish","4":"format-standard","5":"has-post-thumbnail","7":"category-noticias-carreno"},"aioseo_notices":[],"aioseo_head":"\n\t\t<!-- All in One SEO Pro 4.9.6.2 - aioseo.com -->\n\t<meta name=\"description\" content=\"Estos d\u00edas el alumnado del m\u00f3dulo de \u201cOperaciones Auxiliares de Acabados R\u00edgidos\u201d pertenecientes al Taller de Empleo municipal \u201cCarre\u00f1o a Punto\u201d est\u00e1 llevando a cabo la adecuaci\u00f3n de una zona en el Parque Ingl\u00e9s en Cand\u00e1s. La finalidad de la misma es acondicionar la zona para trasladar los aparatos de ejercicio para personas adultas situados\" \/>\n\t<meta name=\"robots\" content=\"max-image-preview:large\" \/>\n\t<meta name=\"author\" content=\"Cand\u00e1s 365\"\/>\n\t<meta name=\"google-site-verification\" content=\"UA-32230408-1\" \/>\n\t<meta name=\"msvalidate.01\" content=\"354F3CDFB2DA171B47FBE9ABF1F88D5\" \/>\n\t<meta name=\"keywords\" content=\"noticias carre\u00f1o\" \/>\n\t<link rel=\"canonical\" href=\"https:\/\/candas365.es\/noticias\/nueva-zona-saludable-en-candas\/\" \/>\n\t<meta name=\"generator\" content=\"All in One SEO Pro (AIOSEO) 4.9.6.2\" \/>\n\t\t<meta property=\"og:locale\" content=\"es_ES\" \/>\n\t\t<meta property=\"og:site_name\" content=\"Cand\u00e1s 365\" \/>\n\t\t<meta property=\"og:type\" content=\"article\" \/>\n\t\t<meta property=\"og:title\" content=\"Nueva \u201czona saludable\u201d en Cand\u00e1s | Cand\u00e1s 365\" \/>\n\t\t<meta property=\"og:description\" content=\"Estos d\u00edas el alumnado del m\u00f3dulo de \u201cOperaciones Auxiliares de Acabados R\u00edgidos\u201d pertenecientes al Taller de Empleo municipal \u201cCarre\u00f1o a Punto\u201d est\u00e1 llevando a cabo la adecuaci\u00f3n de una zona en el Parque Ingl\u00e9s en Cand\u00e1s. La finalidad de la misma es acondicionar la zona para trasladar los aparatos de ejercicio para personas adultas situados\" \/>\n\t\t<meta property=\"og:url\" content=\"https:\/\/candas365.es\/noticias\/nueva-zona-saludable-en-candas\/\" \/>\n\t\t<meta property=\"og:image\" content=\"https:\/\/candas365.es\/noticias\/wp-content\/uploads\/2020\/02\/Candas-zona-saludable.jpg\" \/>\n\t\t<meta property=\"og:image:secure_url\" content=\"https:\/\/candas365.es\/noticias\/wp-content\/uploads\/2020\/02\/Candas-zona-saludable.jpg\" \/>\n\t\t<meta property=\"og:image:width\" content=\"1097\" \/>\n\t\t<meta property=\"og:image:height\" content=\"699\" \/>\n\t\t<meta property=\"article:published_time\" content=\"2020-02-06T06:02:40+00:00\" \/>\n\t\t<meta property=\"article:modified_time\" content=\"2020-02-06T06:02:40+00:00\" \/>\n\t\t<meta property=\"article:publisher\" content=\"https:\/\/www.facebook.com\/Nachofdezber\" \/>\n\t\t<meta property=\"article:author\" content=\"https:\/\/www.facebook.com\/carrenoactualidad\" \/>\n\t\t<meta name=\"twitter:card\" content=\"summary_large_image\" \/>\n\t\t<meta name=\"twitter:site\" content=\"@NabercoDigital\" \/>\n\t\t<meta name=\"twitter:title\" content=\"Nueva \u201czona saludable\u201d en Cand\u00e1s | Cand\u00e1s 365\" \/>\n\t\t<meta name=\"twitter:description\" content=\"Estos d\u00edas el alumnado del m\u00f3dulo de \u201cOperaciones Auxiliares de Acabados R\u00edgidos\u201d pertenecientes al Taller de Empleo municipal \u201cCarre\u00f1o a Punto\u201d est\u00e1 llevando a cabo la adecuaci\u00f3n de una zona en el Parque Ingl\u00e9s en Cand\u00e1s. La finalidad de la misma es acondicionar la zona para trasladar los aparatos de ejercicio para personas adultas situados\" \/>\n\t\t<meta name=\"twitter:creator\" content=\"@nbasturias\" \/>\n\t\t<meta name=\"twitter:image\" content=\"https:\/\/candas365.es\/noticias\/wp-content\/uploads\/2020\/02\/Candas-zona-saludable.jpg\" \/>\n\t\t<meta name=\"twitter:label1\" content=\"Escrito por\" \/>\n\t\t<meta name=\"twitter:data1\" content=\"Cand\u00e1s 365\" \/>\n\t\t<meta name=\"twitter:label2\" content=\"Tiempo de lectura estimado\" \/>\n\t\t<meta name=\"twitter:data2\" content=\"1 minuto\" \/>\n\t\t<script type=\"application\/ld+json\" class=\"aioseo-schema\">\n\t\t\t{\"@context\":\"https:\\\/\\\/schema.org\",\"@graph\":[{\"@type\":\"BreadcrumbList\",\"@id\":\"https:\\\/\\\/candas365.es\\\/noticias\\\/nueva-zona-saludable-en-candas\\\/#breadcrumblist\",\"itemListElement\":[{\"@type\":\"ListItem\",\"@id\":\"https:\\\/\\\/candas365.es\\\/noticias#listItem\",\"position\":1,\"name\":\"Home\",\"item\":\"https:\\\/\\\/candas365.es\\\/noticias\",\"nextItem\":{\"@type\":\"ListItem\",\"@id\":\"https:\\\/\\\/candas365.es\\\/noticias\\\/category\\\/noticias-carreno\\\/#listItem\",\"name\":\"Noticias Carre\\u00f1o\"}},{\"@type\":\"ListItem\",\"@id\":\"https:\\\/\\\/candas365.es\\\/noticias\\\/category\\\/noticias-carreno\\\/#listItem\",\"position\":2,\"name\":\"Noticias Carre\\u00f1o\",\"item\":\"https:\\\/\\\/candas365.es\\\/noticias\\\/category\\\/noticias-carreno\\\/\",\"nextItem\":{\"@type\":\"ListItem\",\"@id\":\"https:\\\/\\\/candas365.es\\\/noticias\\\/nueva-zona-saludable-en-candas\\\/#listItem\",\"name\":\"Nueva \\u201czona saludable\\u201d en Cand\\u00e1s\"},\"previousItem\":{\"@type\":\"ListItem\",\"@id\":\"https:\\\/\\\/candas365.es\\\/noticias#listItem\",\"name\":\"Home\"}},{\"@type\":\"ListItem\",\"@id\":\"https:\\\/\\\/candas365.es\\\/noticias\\\/nueva-zona-saludable-en-candas\\\/#listItem\",\"position\":3,\"name\":\"Nueva \\u201czona saludable\\u201d en Cand\\u00e1s\",\"previousItem\":{\"@type\":\"ListItem\",\"@id\":\"https:\\\/\\\/candas365.es\\\/noticias\\\/category\\\/noticias-carreno\\\/#listItem\",\"name\":\"Noticias Carre\\u00f1o\"}}]},{\"@type\":\"NewsArticle\",\"@id\":\"https:\\\/\\\/candas365.es\\\/noticias\\\/nueva-zona-saludable-en-candas\\\/#newsarticle\",\"name\":\"Nueva \\u201czona saludable\\u201d en Cand\\u00e1s | Cand\\u00e1s 365\",\"headline\":\"Nueva \\u201czona saludable\\u201d en Cand\\u00e1s\",\"author\":{\"@id\":\"https:\\\/\\\/candas365.es\\\/noticias\\\/author\\\/admin\\\/#author\"},\"publisher\":{\"@id\":\"https:\\\/\\\/candas365.es\\\/noticias\\\/#organization\"},\"image\":{\"@type\":\"ImageObject\",\"url\":\"https:\\\/\\\/candas365.es\\\/noticias\\\/wp-content\\\/uploads\\\/2020\\\/02\\\/Candas-zona-saludable.jpg\",\"width\":1097,\"height\":699},\"datePublished\":\"2020-02-06T06:02:40+01:00\",\"dateModified\":\"2020-02-06T06:02:40+01:00\",\"inLanguage\":\"es-ES\",\"mainEntityOfPage\":{\"@id\":\"https:\\\/\\\/candas365.es\\\/noticias\\\/nueva-zona-saludable-en-candas\\\/#webpage\"},\"isPartOf\":{\"@id\":\"https:\\\/\\\/candas365.es\\\/noticias\\\/nueva-zona-saludable-en-candas\\\/#webpage\"},\"articleSection\":\"Noticias Carre\\u00f1o\",\"dateline\":\"Publicado el febrero 6, 2020.\"},{\"@type\":\"Organization\",\"@id\":\"https:\\\/\\\/candas365.es\\\/noticias\\\/#organization\",\"name\":\"Cand\\u00e1s 365\",\"description\":\"Cand\\u00e1s 365 es un diario digital independiente, fundado en 2012, con base en Asturias. Informamos con rigor sobre actualidad, sociedad, cultura y ocio, con una mirada local y global.\",\"url\":\"https:\\\/\\\/candas365.es\\\/noticias\\\/\",\"email\":\"info@candas365.es\",\"telephone\":\"+34652131393\",\"foundingDate\":\"2012-06-10\",\"logo\":{\"@type\":\"ImageObject\",\"url\":\"https:\\\/\\\/candas365.es\\\/noticias\\\/wp-content\\\/uploads\\\/2024\\\/09\\\/Candas-365-Redes.jpg\",\"@id\":\"https:\\\/\\\/candas365.es\\\/noticias\\\/nueva-zona-saludable-en-candas\\\/#organizationLogo\",\"width\":1152,\"height\":864,\"caption\":\"Cand\\u00e1s 365 Redes\"},\"image\":{\"@id\":\"https:\\\/\\\/candas365.es\\\/noticias\\\/nueva-zona-saludable-en-candas\\\/#organizationLogo\"},\"sameAs\":[\"https:\\\/\\\/www.facebook.com\\\/Nachofdezber\",\"https:\\\/\\\/x.com\\\/NabercoDigital\",\"https:\\\/\\\/www.instagram.com\\\/nachofdezber\\\/\",\"https:\\\/\\\/www.youtube.com\\\/channel\\\/UCZP-2wLEB9Rv6erhFmqVnvg\"],\"address\":{\"@id\":\"https:\\\/\\\/candas365.es\\\/noticias\\\/#postaladdress\",\"@type\":\"PostalAddress\",\"streetAddress\":\"san antonio 4, san antonio 4\",\"postalCode\":\"33430\",\"addressLocality\":\"Cand\\u00e1s\",\"addressRegion\":\"Asturias\",\"addressCountry\":\"ES\"}},{\"@type\":\"Person\",\"@id\":\"https:\\\/\\\/candas365.es\\\/noticias\\\/author\\\/admin\\\/#author\",\"url\":\"https:\\\/\\\/candas365.es\\\/noticias\\\/author\\\/admin\\\/\",\"name\":\"Cand\\u00e1s 365\",\"image\":{\"@type\":\"ImageObject\",\"@id\":\"https:\\\/\\\/candas365.es\\\/noticias\\\/nueva-zona-saludable-en-candas\\\/#authorImage\",\"url\":\"https:\\\/\\\/secure.gravatar.com\\\/avatar\\\/496a8e03d0c493ede1718b7934145dbdf8d89be1036b0eec9544e1094c9de390?s=96&d=mm&r=g\",\"width\":96,\"height\":96,\"caption\":\"Cand\\u00e1s 365\"},\"sameAs\":[\"https:\\\/\\\/www.facebook.com\\\/carrenoactualidad\",\"https:\\\/\\\/twitter.com\\\/nbasturias\",\"https:\\\/\\\/www.instagram.com\\\/nachofdezber\\\/\",\"https:\\\/\\\/www.youtube.com\\\/channel\\\/UCZP-2wLEB9Rv6erhFmqVnvg\"]},{\"@type\":\"WebPage\",\"@id\":\"https:\\\/\\\/candas365.es\\\/noticias\\\/nueva-zona-saludable-en-candas\\\/#webpage\",\"url\":\"https:\\\/\\\/candas365.es\\\/noticias\\\/nueva-zona-saludable-en-candas\\\/\",\"name\":\"Nueva \\u201czona saludable\\u201d en Cand\\u00e1s | Cand\\u00e1s 365\",\"description\":\"Estos d\\u00edas el alumnado del m\\u00f3dulo de \\u201cOperaciones Auxiliares de Acabados R\\u00edgidos\\u201d pertenecientes al Taller de Empleo municipal \\u201cCarre\\u00f1o a Punto\\u201d est\\u00e1 llevando a cabo la adecuaci\\u00f3n de una zona en el Parque Ingl\\u00e9s en Cand\\u00e1s. La finalidad de la misma es acondicionar la zona para trasladar los aparatos de ejercicio para personas adultas situados\",\"inLanguage\":\"es-ES\",\"isPartOf\":{\"@id\":\"https:\\\/\\\/candas365.es\\\/noticias\\\/#website\"},\"breadcrumb\":{\"@id\":\"https:\\\/\\\/candas365.es\\\/noticias\\\/nueva-zona-saludable-en-candas\\\/#breadcrumblist\"},\"author\":{\"@id\":\"https:\\\/\\\/candas365.es\\\/noticias\\\/author\\\/admin\\\/#author\"},\"creator\":{\"@id\":\"https:\\\/\\\/candas365.es\\\/noticias\\\/author\\\/admin\\\/#author\"},\"image\":{\"@type\":\"ImageObject\",\"url\":\"https:\\\/\\\/candas365.es\\\/noticias\\\/wp-content\\\/uploads\\\/2020\\\/02\\\/Candas-zona-saludable.jpg\",\"@id\":\"https:\\\/\\\/candas365.es\\\/noticias\\\/nueva-zona-saludable-en-candas\\\/#mainImage\",\"width\":1097,\"height\":699},\"primaryImageOfPage\":{\"@id\":\"https:\\\/\\\/candas365.es\\\/noticias\\\/nueva-zona-saludable-en-candas\\\/#mainImage\"},\"datePublished\":\"2020-02-06T06:02:40+01:00\",\"dateModified\":\"2020-02-06T06:02:40+01:00\"},{\"@type\":\"WebSite\",\"@id\":\"https:\\\/\\\/candas365.es\\\/noticias\\\/#website\",\"url\":\"https:\\\/\\\/candas365.es\\\/noticias\\\/\",\"name\":\"Cand\\u00e1s 365\",\"alternateName\":\"Cand\\u00e1s 365 Noticias\",\"description\":\"Actualidad desde Carre\\u00f1o para el mundo\",\"inLanguage\":\"es-ES\",\"publisher\":{\"@id\":\"https:\\\/\\\/candas365.es\\\/noticias\\\/#organization\"}}]}\n\t\t<\/script>\n\t\t<!-- All in One SEO Pro -->\r\n\t\t<title>Nueva \u201czona saludable\u201d en Cand\u00e1s | Cand\u00e1s 365<\/title>\n\n","aioseo_head_json":{"title":"Nueva \u201czona saludable\u201d en Cand\u00e1s | Cand\u00e1s 365","description":"Estos d\u00edas el alumnado del m\u00f3dulo de \u201cOperaciones Auxiliares de Acabados R\u00edgidos\u201d pertenecientes al Taller de Empleo municipal \u201cCarre\u00f1o a Punto\u201d est\u00e1 llevando a cabo la adecuaci\u00f3n de una zona en el Parque Ingl\u00e9s en Cand\u00e1s. La finalidad de la misma es acondicionar la zona para trasladar los aparatos de ejercicio para personas adultas situados","canonical_url":"https:\/\/candas365.es\/noticias\/nueva-zona-saludable-en-candas\/","robots":"max-image-preview:large","keywords":"noticias carre\u00f1o","webmasterTools":{"google-site-verification":"UA-32230408-1","msvalidate.01":"354F3CDFB2DA171B47FBE9ABF1F88D5","miscellaneous":""},"schema":{"@context":"https:\/\/schema.org","@graph":[{"@type":"BreadcrumbList","@id":"https:\/\/candas365.es\/noticias\/nueva-zona-saludable-en-candas\/#breadcrumblist","itemListElement":[{"@type":"ListItem","@id":"https:\/\/candas365.es\/noticias#listItem","position":1,"name":"Home","item":"https:\/\/candas365.es\/noticias","nextItem":{"@type":"ListItem","@id":"https:\/\/candas365.es\/noticias\/category\/noticias-carreno\/#listItem","name":"Noticias Carre\u00f1o"}},{"@type":"ListItem","@id":"https:\/\/candas365.es\/noticias\/category\/noticias-carreno\/#listItem","position":2,"name":"Noticias Carre\u00f1o","item":"https:\/\/candas365.es\/noticias\/category\/noticias-carreno\/","nextItem":{"@type":"ListItem","@id":"https:\/\/candas365.es\/noticias\/nueva-zona-saludable-en-candas\/#listItem","name":"Nueva \u201czona saludable\u201d en Cand\u00e1s"},"previousItem":{"@type":"ListItem","@id":"https:\/\/candas365.es\/noticias#listItem","name":"Home"}},{"@type":"ListItem","@id":"https:\/\/candas365.es\/noticias\/nueva-zona-saludable-en-candas\/#listItem","position":3,"name":"Nueva \u201czona saludable\u201d en Cand\u00e1s","previousItem":{"@type":"ListItem","@id":"https:\/\/candas365.es\/noticias\/category\/noticias-carreno\/#listItem","name":"Noticias Carre\u00f1o"}}]},{"@type":"NewsArticle","@id":"https:\/\/candas365.es\/noticias\/nueva-zona-saludable-en-candas\/#newsarticle","name":"Nueva \u201czona saludable\u201d en Cand\u00e1s | Cand\u00e1s 365","headline":"Nueva \u201czona saludable\u201d en Cand\u00e1s","author":{"@id":"https:\/\/candas365.es\/noticias\/author\/admin\/#author"},"publisher":{"@id":"https:\/\/candas365.es\/noticias\/#organization"},"image":{"@type":"ImageObject","url":"https:\/\/candas365.es\/noticias\/wp-content\/uploads\/2020\/02\/Candas-zona-saludable.jpg","width":1097,"height":699},"datePublished":"2020-02-06T06:02:40+01:00","dateModified":"2020-02-06T06:02:40+01:00","inLanguage":"es-ES","mainEntityOfPage":{"@id":"https:\/\/candas365.es\/noticias\/nueva-zona-saludable-en-candas\/#webpage"},"isPartOf":{"@id":"https:\/\/candas365.es\/noticias\/nueva-zona-saludable-en-candas\/#webpage"},"articleSection":"Noticias Carre\u00f1o","dateline":"Publicado el febrero 6, 2020."},{"@type":"Organization","@id":"https:\/\/candas365.es\/noticias\/#organization","name":"Cand\u00e1s 365","description":"Cand\u00e1s 365 es un diario digital independiente, fundado en 2012, con base en Asturias. Informamos con rigor sobre actualidad, sociedad, cultura y ocio, con una mirada local y global.","url":"https:\/\/candas365.es\/noticias\/","email":"info@candas365.es","telephone":"+34652131393","foundingDate":"2012-06-10","logo":{"@type":"ImageObject","url":"https:\/\/candas365.es\/noticias\/wp-content\/uploads\/2024\/09\/Candas-365-Redes.jpg","@id":"https:\/\/candas365.es\/noticias\/nueva-zona-saludable-en-candas\/#organizationLogo","width":1152,"height":864,"caption":"Cand\u00e1s 365 Redes"},"image":{"@id":"https:\/\/candas365.es\/noticias\/nueva-zona-saludable-en-candas\/#organizationLogo"},"sameAs":["https:\/\/www.facebook.com\/Nachofdezber","https:\/\/x.com\/NabercoDigital","https:\/\/www.instagram.com\/nachofdezber\/","https:\/\/www.youtube.com\/channel\/UCZP-2wLEB9Rv6erhFmqVnvg"],"address":{"@id":"https:\/\/candas365.es\/noticias\/#postaladdress","@type":"PostalAddress","streetAddress":"san antonio 4, san antonio 4","postalCode":"33430","addressLocality":"Cand\u00e1s","addressRegion":"Asturias","addressCountry":"ES"}},{"@type":"Person","@id":"https:\/\/candas365.es\/noticias\/author\/admin\/#author","url":"https:\/\/candas365.es\/noticias\/author\/admin\/","name":"Cand\u00e1s 365","image":{"@type":"ImageObject","@id":"https:\/\/candas365.es\/noticias\/nueva-zona-saludable-en-candas\/#authorImage","url":"https:\/\/secure.gravatar.com\/avatar\/496a8e03d0c493ede1718b7934145dbdf8d89be1036b0eec9544e1094c9de390?s=96&d=mm&r=g","width":96,"height":96,"caption":"Cand\u00e1s 365"},"sameAs":["https:\/\/www.facebook.com\/carrenoactualidad","https:\/\/twitter.com\/nbasturias","https:\/\/www.instagram.com\/nachofdezber\/","https:\/\/www.youtube.com\/channel\/UCZP-2wLEB9Rv6erhFmqVnvg"]},{"@type":"WebPage","@id":"https:\/\/candas365.es\/noticias\/nueva-zona-saludable-en-candas\/#webpage","url":"https:\/\/candas365.es\/noticias\/nueva-zona-saludable-en-candas\/","name":"Nueva \u201czona saludable\u201d en Cand\u00e1s | Cand\u00e1s 365","description":"Estos d\u00edas el alumnado del m\u00f3dulo de \u201cOperaciones Auxiliares de Acabados R\u00edgidos\u201d pertenecientes al Taller de Empleo municipal \u201cCarre\u00f1o a Punto\u201d est\u00e1 llevando a cabo la adecuaci\u00f3n de una zona en el Parque Ingl\u00e9s en Cand\u00e1s. La finalidad de la misma es acondicionar la zona para trasladar los aparatos de ejercicio para personas adultas situados","inLanguage":"es-ES","isPartOf":{"@id":"https:\/\/candas365.es\/noticias\/#website"},"breadcrumb":{"@id":"https:\/\/candas365.es\/noticias\/nueva-zona-saludable-en-candas\/#breadcrumblist"},"author":{"@id":"https:\/\/candas365.es\/noticias\/author\/admin\/#author"},"creator":{"@id":"https:\/\/candas365.es\/noticias\/author\/admin\/#author"},"image":{"@type":"ImageObject","url":"https:\/\/candas365.es\/noticias\/wp-content\/uploads\/2020\/02\/Candas-zona-saludable.jpg","@id":"https:\/\/candas365.es\/noticias\/nueva-zona-saludable-en-candas\/#mainImage","width":1097,"height":699},"primaryImageOfPage":{"@id":"https:\/\/candas365.es\/noticias\/nueva-zona-saludable-en-candas\/#mainImage"},"datePublished":"2020-02-06T06:02:40+01:00","dateModified":"2020-02-06T06:02:40+01:00"},{"@type":"WebSite","@id":"https:\/\/candas365.es\/noticias\/#website","url":"https:\/\/candas365.es\/noticias\/","name":"Cand\u00e1s 365","alternateName":"Cand\u00e1s 365 Noticias","description":"Actualidad desde Carre\u00f1o para el mundo","inLanguage":"es-ES","publisher":{"@id":"https:\/\/candas365.es\/noticias\/#organization"}}]},"og:locale":"es_ES","og:site_name":"Cand\u00e1s 365","og:type":"article","og:title":"Nueva \u201czona saludable\u201d en Cand\u00e1s | Cand\u00e1s 365","og:description":"Estos d\u00edas el alumnado del m\u00f3dulo de \u201cOperaciones Auxiliares de Acabados R\u00edgidos\u201d pertenecientes al Taller de Empleo municipal \u201cCarre\u00f1o a Punto\u201d est\u00e1 llevando a cabo la adecuaci\u00f3n de una zona en el Parque Ingl\u00e9s en Cand\u00e1s. La finalidad de la misma es acondicionar la zona para trasladar los aparatos de ejercicio para personas adultas situados","og:url":"https:\/\/candas365.es\/noticias\/nueva-zona-saludable-en-candas\/","og:image":"https:\/\/candas365.es\/noticias\/wp-content\/uploads\/2020\/02\/Candas-zona-saludable.jpg","og:image:secure_url":"https:\/\/candas365.es\/noticias\/wp-content\/uploads\/2020\/02\/Candas-zona-saludable.jpg","og:image:width":1097,"og:image:height":699,"article:published_time":"2020-02-06T06:02:40+00:00","article:modified_time":"2020-02-06T06:02:40+00:00","article:publisher":"https:\/\/www.facebook.com\/Nachofdezber","article:author":"https:\/\/www.facebook.com\/carrenoactualidad","twitter:card":"summary_large_image","twitter:site":"@NabercoDigital","twitter:title":"Nueva \u201czona saludable\u201d en Cand\u00e1s | Cand\u00e1s 365","twitter:description":"Estos d\u00edas el alumnado del m\u00f3dulo de \u201cOperaciones Auxiliares de Acabados R\u00edgidos\u201d pertenecientes al Taller de Empleo municipal \u201cCarre\u00f1o a Punto\u201d est\u00e1 llevando a cabo la adecuaci\u00f3n de una zona en el Parque Ingl\u00e9s en Cand\u00e1s. La finalidad de la misma es acondicionar la zona para trasladar los aparatos de ejercicio para personas adultas situados","twitter:creator":"@nbasturias","twitter:image":"https:\/\/candas365.es\/noticias\/wp-content\/uploads\/2020\/02\/Candas-zona-saludable.jpg","twitter:label1":"Escrito por","twitter:data1":"Cand\u00e1s 365","twitter:label2":"Tiempo de lectura estimado","twitter:data2":"1 minuto"},"aioseo_meta_data":{"post_id":"137764","title":null,"description":null,"keywords":null,"keyphrases":null,"primary_term":null,"canonical_url":null,"og_title":null,"og_description":null,"og_object_type":"default","og_image_type":"default","og_image_url":null,"og_image_width":null,"og_image_height":null,"og_image_custom_url":null,"og_image_custom_fields":null,"og_video":null,"og_custom_url":null,"og_article_section":null,"og_article_tags":null,"twitter_use_og":false,"twitter_card":"default","twitter_image_type":"default","twitter_image_url":null,"twitter_image_custom_url":null,"twitter_image_custom_fields":null,"twitter_title":null,"twitter_description":null,"schema":{"blockGraphs":[],"customGraphs":[],"default":{"data":{"Article":[],"Course":[],"Dataset":[],"FAQPage":[],"Movie":[],"Person":[],"Product":[],"ProductReview":[],"Car":[],"Recipe":[],"Service":[],"SoftwareApplication":[],"WebPage":[]},"graphName":"","isEnabled":true},"graphs":[]},"schema_type":null,"schema_type_options":null,"pillar_content":false,"robots_default":true,"robots_noindex":false,"robots_noarchive":false,"robots_nosnippet":false,"robots_nofollow":false,"robots_noimageindex":false,"robots_noodp":false,"robots_notranslate":false,"robots_max_snippet":null,"robots_max_videopreview":null,"robots_max_imagepreview":"large","priority":null,"frequency":null,"location":null,"local_seo":null,"seo_analyzer_scan_date":"2025-08-30 23:22:19","breadcrumb_settings":null,"limit_modified_date":false,"reviewed_by":null,"open_ai":null,"ai":null,"created":"2020-12-21 10:45:39","updated":"2025-08-30 23:22:19"},"aioseo_breadcrumb":"<div class=\"aioseo-breadcrumbs\"><span class=\"aioseo-breadcrumb\">\n\t<a href=\"https:\/\/candas365.es\/noticias\" title=\"Home\">Home<\/a>\n<\/span><span class=\"aioseo-breadcrumb-separator\">&ndash;<\/span><span class=\"aioseo-breadcrumb\">\n\t<a href=\"https:\/\/candas365.es\/noticias\/category\/noticias-carreno\/\" title=\"Noticias Carre\u00f1o\">Noticias Carre\u00f1o<\/a>\n<\/span><span class=\"aioseo-breadcrumb-separator\">&ndash;<\/span><span class=\"aioseo-breadcrumb\">\n\tNueva \u201czona saludable\u201d en Cand\u00e1s\n<\/span><\/div>","aioseo_breadcrumb_json":[{"label":"Home","link":"https:\/\/candas365.es\/noticias"},{"label":"Noticias Carre\u00f1o","link":"https:\/\/candas365.es\/noticias\/category\/noticias-carreno\/"},{"label":"Nueva \u201czona saludable\u201d en Cand\u00e1s","link":"https:\/\/candas365.es\/noticias\/nueva-zona-saludable-en-candas\/"}],"_links":{"self":[{"href":"https:\/\/candas365.es\/noticias\/wp-json\/wp\/v2\/posts\/137764","targetHints":{"allow":["GET"]}}],"collection":[{"href":"https:\/\/candas365.es\/noticias\/wp-json\/wp\/v2\/posts"}],"about":[{"href":"https:\/\/candas365.es\/noticias\/wp-json\/wp\/v2\/types\/post"}],"author":[{"embeddable":true,"href":"https:\/\/candas365.es\/noticias\/wp-json\/wp\/v2\/users\/1"}],"replies":[{"embeddable":true,"href":"https:\/\/candas365.es\/noticias\/wp-json\/wp\/v2\/comments?post=137764"}],"version-history":[{"count":0,"href":"https:\/\/candas365.es\/noticias\/wp-json\/wp\/v2\/posts\/137764\/revisions"}],"wp:featuredmedia":[{"embeddable":true,"href":"https:\/\/candas365.es\/noticias\/wp-json\/wp\/v2\/media\/137765"}],"wp:attachment":[{"href":"https:\/\/candas365.es\/noticias\/wp-json\/wp\/v2\/media?parent=137764"}],"wp:term":[{"taxonomy":"category","embeddable":true,"href":"https:\/\/candas365.es\/noticias\/wp-json\/wp\/v2\/categories?post=137764"},{"taxonomy":"post_tag","embeddable":true,"href":"https:\/\/candas365.es\/noticias\/wp-json\/wp\/v2\/tags?post=137764"}],"curies":[{"name":"wp","href":"https:\/\/api.w.org\/{rel}","templated":true}]}}