{"id":137761,"date":"2020-02-06T05:47:31","date_gmt":"2020-02-06T05:47:31","guid":{"rendered":"http:\/\/candas365.es\/noticias\/?p=137761"},"modified":"2020-02-06T05:47:31","modified_gmt":"2020-02-06T05:47:31","slug":"el-centro-de-la-musica-en-candas-es-una-prioridad-para-el-principado","status":"publish","type":"post","link":"https:\/\/candas365.es\/noticias\/el-centro-de-la-musica-en-candas-es-una-prioridad-para-el-principado\/","title":{"rendered":"El Centro de la M\u00fasica en Cand\u00e1s es una \u201cprioridad\u201d para el Principado"},"content":{"rendered":"<p><img fetchpriority=\"high\" decoding=\"async\" class=\"alignleft size-medium wp-image-137762\" src=\"https:\/\/candas365.es\/noticias\/wp-content\/uploads\/2020\/02\/Reunion-Cultura-360x210.jpg\" alt=\"\" width=\"360\" height=\"210\" srcset=\"https:\/\/candas365.es\/noticias\/wp-content\/uploads\/2020\/02\/Reunion-Cultura-360x210.jpg 360w, https:\/\/candas365.es\/noticias\/wp-content\/uploads\/2020\/02\/Reunion-Cultura-655x381.jpg 655w, https:\/\/candas365.es\/noticias\/wp-content\/uploads\/2020\/02\/Reunion-Cultura-768x447.jpg 768w, https:\/\/candas365.es\/noticias\/wp-content\/uploads\/2020\/02\/Reunion-Cultura-696x405.jpg 696w, https:\/\/candas365.es\/noticias\/wp-content\/uploads\/2020\/02\/Reunion-Cultura-721x420.jpg 721w, https:\/\/candas365.es\/noticias\/wp-content\/uploads\/2020\/02\/Reunion-Cultura.jpg 821w\" sizes=\"(max-width: 360px) 100vw, 360px\" \/>La Consejer\u00eda de <strong>Cultura tiene como prioridad la contrataci\u00f3n del Centro de la M\u00fasica en Cand\u00e1s<\/strong><\/p>\n<p>As\u00ed se lo traslad\u00f3 a la Alcaldesa el nuevo Director General de Cultura y Patrimonio de la Consejer\u00eda de Cultura, Pablo Le\u00f3n Gasalla en la reuni\u00f3n celebrada en Oviedo.<\/p>\n<p>Varios fueron los puntos abordados en la reuni\u00f3n de trabajo.<\/p>\n<p>\u201cEn lo relativo al Centro de la m\u00fasica de Cand\u00e1s urgimos el inicio de las obras. El Director nos traslad\u00f3 el compromiso firme de la Consejer\u00eda y que ser\u00e1 el primer contrato que salga en cuanto les habiliten presupuesto. Sin perjuicio de la tramitaci\u00f3n iniciada por la administraci\u00f3n regional, desde el Ayuntamiento estaremos vigilantes en todo momento de los pasos que den en la contrataci\u00f3n de la obra. Desde la Direcci\u00f3n Regional se comprometieron a darnos traslado de los avances. Seguiremos muy de cerca la licitaci\u00f3n defendiendo en todo momento los intereses leg\u00edtimos del municipio &#8211; se\u00f1al\u00f3 la Alcaldesa.<\/p>\n<p>La Consejer\u00eda tiene ultimada la propuesta de contrataci\u00f3n que remitir\u00e1n en un plazo aproximado de 15 d\u00edas en cuanto est\u00e9 operativo el presupuesto auton\u00f3mico. El contrato de estas obras por su importe y volumen es una tramitaci\u00f3n compleja con financiaci\u00f3n plurianual. Se dispone de un cr\u00e9dito de cien mil euros para el 2020 y el resto algo m\u00e1s de 600 mil se afrontar\u00e1 en 2021. Dada la tramitaci\u00f3n que requiere el proyecto con la nueva ley de contratos se prev\u00e9 el inicio de las obras en Cand\u00e1s en el \u00faltimo trimestre de este a\u00f1o.<\/p>\n<p>\u201cAnalizamos tambi\u00e9n la situaci\u00f3n del Camino de Santiago en Carre\u00f1o haciendo hincapi\u00e9 en las especiales dificultades del mismo en la zona de Tabaza comprometi\u00e9ndonos ambas administraciones en buscar una soluci\u00f3n t\u00e9cnica que evite que las personas tengan que cruzar una v\u00eda auton\u00f3mica de mucha densidad de tr\u00e1fico\u201d a\u00f1adi\u00f3 la regidora.<\/p>\n<p>Otros temas sobre los que despacharon en el encuentro con el Director General fueron relativos a asesoramientos t\u00e9cnicos solicitados por el consistorio sobre hallazgos recientes por un lado, en relaci\u00f3n a las tres piezas l\u00edticas halladas en Perlora para lo que se contar\u00e1 con la asistencia t\u00e9cnica del Museo arqueol\u00f3gico y por otro, la recuperaci\u00f3n de campana perteneciente al edificio la antigua escuela de Guimar\u00e1n &#8211; El Valle. En este \u00faltimo caso la Consejer\u00eda remitir\u00e1 el informe t\u00e9cnico realizado sobre la misma.<\/p>\n<p>\u201cFinalmente tratamos la protecci\u00f3n del patrimonio etnogr\u00e1fico del municipio en sinton\u00eda con las acciones que viene trabajado con el Principado la Asociaci\u00f3n de Amigos del H\u00f3rreo con sede en Carre\u00f1o\u201d &#8211; concluy\u00f3 Fern\u00e1ndez<\/p>\n<p>&nbsp;<\/p>\n","protected":false},"excerpt":{"rendered":"<p>La Consejer\u00eda de Cultura tiene como prioridad la contrataci\u00f3n del Centro de la M\u00fasica en Cand\u00e1s As\u00ed se lo traslad\u00f3 a la Alcaldesa el nuevo Director General de Cultura y Patrimonio de la Consejer\u00eda de Cultura, Pablo Le\u00f3n Gasalla en la reuni\u00f3n celebrada en Oviedo. Varios fueron los puntos abordados en la reuni\u00f3n de trabajo.<\/p>\n","protected":false},"author":1,"featured_media":137762,"comment_status":"closed","ping_status":"closed","sticky":false,"template":"","format":"standard","meta":{"footnotes":""},"categories":[2],"tags":[],"class_list":{"0":"post-137761","1":"post","2":"type-post","3":"status-publish","4":"format-standard","5":"has-post-thumbnail","7":"category-noticias-carreno"},"aioseo_notices":[],"aioseo_head":"\n\t\t<!-- All in One SEO Pro 4.9.6.2 - aioseo.com -->\n\t<meta name=\"description\" content=\"La Consejer\u00eda de Cultura tiene como prioridad la contrataci\u00f3n del Centro de la M\u00fasica en Cand\u00e1s As\u00ed se lo traslad\u00f3 a la Alcaldesa el nuevo Director General de Cultura y Patrimonio de la Consejer\u00eda de Cultura, Pablo Le\u00f3n Gasalla en la reuni\u00f3n celebrada en Oviedo. Varios fueron los puntos abordados en la reuni\u00f3n de trabajo.\" \/>\n\t<meta name=\"robots\" content=\"max-image-preview:large\" \/>\n\t<meta name=\"author\" content=\"Cand\u00e1s 365\"\/>\n\t<meta name=\"google-site-verification\" content=\"UA-32230408-1\" \/>\n\t<meta name=\"msvalidate.01\" content=\"354F3CDFB2DA171B47FBE9ABF1F88D5\" \/>\n\t<meta name=\"keywords\" content=\"noticias carre\u00f1o\" \/>\n\t<link rel=\"canonical\" href=\"https:\/\/candas365.es\/noticias\/el-centro-de-la-musica-en-candas-es-una-prioridad-para-el-principado\/\" \/>\n\t<meta name=\"generator\" content=\"All in One SEO Pro (AIOSEO) 4.9.6.2\" \/>\n\t\t<meta property=\"og:locale\" content=\"es_ES\" \/>\n\t\t<meta property=\"og:site_name\" content=\"Cand\u00e1s 365\" \/>\n\t\t<meta property=\"og:type\" content=\"article\" \/>\n\t\t<meta property=\"og:title\" content=\"El Centro de la M\u00fasica en Cand\u00e1s es una \u201cprioridad\u201d para el Principado | Cand\u00e1s 365\" \/>\n\t\t<meta property=\"og:description\" content=\"La Consejer\u00eda de Cultura tiene como prioridad la contrataci\u00f3n del Centro de la M\u00fasica en Cand\u00e1s As\u00ed se lo traslad\u00f3 a la Alcaldesa el nuevo Director General de Cultura y Patrimonio de la Consejer\u00eda de Cultura, Pablo Le\u00f3n Gasalla en la reuni\u00f3n celebrada en Oviedo. Varios fueron los puntos abordados en la reuni\u00f3n de trabajo.\" \/>\n\t\t<meta property=\"og:url\" content=\"https:\/\/candas365.es\/noticias\/el-centro-de-la-musica-en-candas-es-una-prioridad-para-el-principado\/\" \/>\n\t\t<meta property=\"og:image\" content=\"https:\/\/candas365.es\/noticias\/wp-content\/uploads\/2020\/02\/Reunion-Cultura.jpg\" \/>\n\t\t<meta property=\"og:image:secure_url\" content=\"https:\/\/candas365.es\/noticias\/wp-content\/uploads\/2020\/02\/Reunion-Cultura.jpg\" \/>\n\t\t<meta property=\"og:image:width\" content=\"821\" \/>\n\t\t<meta property=\"og:image:height\" content=\"478\" \/>\n\t\t<meta property=\"article:published_time\" content=\"2020-02-06T05:47:31+00:00\" \/>\n\t\t<meta property=\"article:modified_time\" content=\"2020-02-06T05:47:31+00:00\" \/>\n\t\t<meta property=\"article:publisher\" content=\"https:\/\/www.facebook.com\/Nachofdezber\" \/>\n\t\t<meta property=\"article:author\" content=\"https:\/\/www.facebook.com\/carrenoactualidad\" \/>\n\t\t<meta name=\"twitter:card\" content=\"summary_large_image\" \/>\n\t\t<meta name=\"twitter:site\" content=\"@NabercoDigital\" \/>\n\t\t<meta name=\"twitter:title\" content=\"El Centro de la M\u00fasica en Cand\u00e1s es una \u201cprioridad\u201d para el Principado | Cand\u00e1s 365\" \/>\n\t\t<meta name=\"twitter:description\" content=\"La Consejer\u00eda de Cultura tiene como prioridad la contrataci\u00f3n del Centro de la M\u00fasica en Cand\u00e1s As\u00ed se lo traslad\u00f3 a la Alcaldesa el nuevo Director General de Cultura y Patrimonio de la Consejer\u00eda de Cultura, Pablo Le\u00f3n Gasalla en la reuni\u00f3n celebrada en Oviedo. Varios fueron los puntos abordados en la reuni\u00f3n de trabajo.\" \/>\n\t\t<meta name=\"twitter:creator\" content=\"@nbasturias\" \/>\n\t\t<meta name=\"twitter:image\" content=\"https:\/\/candas365.es\/noticias\/wp-content\/uploads\/2020\/02\/Reunion-Cultura.jpg\" \/>\n\t\t<meta name=\"twitter:label1\" content=\"Escrito por\" \/>\n\t\t<meta name=\"twitter:data1\" content=\"Cand\u00e1s 365\" \/>\n\t\t<meta name=\"twitter:label2\" content=\"Tiempo de lectura estimado\" \/>\n\t\t<meta name=\"twitter:data2\" content=\"2 minutos\" \/>\n\t\t<script type=\"application\/ld+json\" class=\"aioseo-schema\">\n\t\t\t{\"@context\":\"https:\\\/\\\/schema.org\",\"@graph\":[{\"@type\":\"BreadcrumbList\",\"@id\":\"https:\\\/\\\/candas365.es\\\/noticias\\\/el-centro-de-la-musica-en-candas-es-una-prioridad-para-el-principado\\\/#breadcrumblist\",\"itemListElement\":[{\"@type\":\"ListItem\",\"@id\":\"https:\\\/\\\/candas365.es\\\/noticias#listItem\",\"position\":1,\"name\":\"Home\",\"item\":\"https:\\\/\\\/candas365.es\\\/noticias\",\"nextItem\":{\"@type\":\"ListItem\",\"@id\":\"https:\\\/\\\/candas365.es\\\/noticias\\\/category\\\/noticias-carreno\\\/#listItem\",\"name\":\"Noticias Carre\\u00f1o\"}},{\"@type\":\"ListItem\",\"@id\":\"https:\\\/\\\/candas365.es\\\/noticias\\\/category\\\/noticias-carreno\\\/#listItem\",\"position\":2,\"name\":\"Noticias Carre\\u00f1o\",\"item\":\"https:\\\/\\\/candas365.es\\\/noticias\\\/category\\\/noticias-carreno\\\/\",\"nextItem\":{\"@type\":\"ListItem\",\"@id\":\"https:\\\/\\\/candas365.es\\\/noticias\\\/el-centro-de-la-musica-en-candas-es-una-prioridad-para-el-principado\\\/#listItem\",\"name\":\"El Centro de la M\\u00fasica en Cand\\u00e1s es una \\u201cprioridad\\u201d para el Principado\"},\"previousItem\":{\"@type\":\"ListItem\",\"@id\":\"https:\\\/\\\/candas365.es\\\/noticias#listItem\",\"name\":\"Home\"}},{\"@type\":\"ListItem\",\"@id\":\"https:\\\/\\\/candas365.es\\\/noticias\\\/el-centro-de-la-musica-en-candas-es-una-prioridad-para-el-principado\\\/#listItem\",\"position\":3,\"name\":\"El Centro de la M\\u00fasica en Cand\\u00e1s es una \\u201cprioridad\\u201d para el Principado\",\"previousItem\":{\"@type\":\"ListItem\",\"@id\":\"https:\\\/\\\/candas365.es\\\/noticias\\\/category\\\/noticias-carreno\\\/#listItem\",\"name\":\"Noticias Carre\\u00f1o\"}}]},{\"@type\":\"NewsArticle\",\"@id\":\"https:\\\/\\\/candas365.es\\\/noticias\\\/el-centro-de-la-musica-en-candas-es-una-prioridad-para-el-principado\\\/#newsarticle\",\"name\":\"El Centro de la M\\u00fasica en Cand\\u00e1s es una \\u201cprioridad\\u201d para el Principado | Cand\\u00e1s 365\",\"headline\":\"El Centro de la M\\u00fasica en Cand\\u00e1s es una \\u201cprioridad\\u201d para el Principado\",\"author\":{\"@id\":\"https:\\\/\\\/candas365.es\\\/noticias\\\/author\\\/admin\\\/#author\"},\"publisher\":{\"@id\":\"https:\\\/\\\/candas365.es\\\/noticias\\\/#organization\"},\"image\":{\"@type\":\"ImageObject\",\"url\":\"https:\\\/\\\/candas365.es\\\/noticias\\\/wp-content\\\/uploads\\\/2020\\\/02\\\/Reunion-Cultura.jpg\",\"width\":821,\"height\":478},\"datePublished\":\"2020-02-06T05:47:31+01:00\",\"dateModified\":\"2020-02-06T05:47:31+01:00\",\"inLanguage\":\"es-ES\",\"mainEntityOfPage\":{\"@id\":\"https:\\\/\\\/candas365.es\\\/noticias\\\/el-centro-de-la-musica-en-candas-es-una-prioridad-para-el-principado\\\/#webpage\"},\"isPartOf\":{\"@id\":\"https:\\\/\\\/candas365.es\\\/noticias\\\/el-centro-de-la-musica-en-candas-es-una-prioridad-para-el-principado\\\/#webpage\"},\"articleSection\":\"Noticias Carre\\u00f1o\",\"dateline\":\"Publicado el febrero 6, 2020.\"},{\"@type\":\"Organization\",\"@id\":\"https:\\\/\\\/candas365.es\\\/noticias\\\/#organization\",\"name\":\"Cand\\u00e1s 365\",\"description\":\"Cand\\u00e1s 365 es un diario digital independiente, fundado en 2012, con base en Asturias. Informamos con rigor sobre actualidad, sociedad, cultura y ocio, con una mirada local y global.\",\"url\":\"https:\\\/\\\/candas365.es\\\/noticias\\\/\",\"email\":\"info@candas365.es\",\"telephone\":\"+34652131393\",\"foundingDate\":\"2012-06-10\",\"logo\":{\"@type\":\"ImageObject\",\"url\":\"https:\\\/\\\/candas365.es\\\/noticias\\\/wp-content\\\/uploads\\\/2024\\\/09\\\/Candas-365-Redes.jpg\",\"@id\":\"https:\\\/\\\/candas365.es\\\/noticias\\\/el-centro-de-la-musica-en-candas-es-una-prioridad-para-el-principado\\\/#organizationLogo\",\"width\":1152,\"height\":864,\"caption\":\"Cand\\u00e1s 365 Redes\"},\"image\":{\"@id\":\"https:\\\/\\\/candas365.es\\\/noticias\\\/el-centro-de-la-musica-en-candas-es-una-prioridad-para-el-principado\\\/#organizationLogo\"},\"sameAs\":[\"https:\\\/\\\/www.facebook.com\\\/Nachofdezber\",\"https:\\\/\\\/x.com\\\/NabercoDigital\",\"https:\\\/\\\/www.instagram.com\\\/nachofdezber\\\/\",\"https:\\\/\\\/www.youtube.com\\\/channel\\\/UCZP-2wLEB9Rv6erhFmqVnvg\"],\"address\":{\"@id\":\"https:\\\/\\\/candas365.es\\\/noticias\\\/#postaladdress\",\"@type\":\"PostalAddress\",\"streetAddress\":\"san antonio 4, san antonio 4\",\"postalCode\":\"33430\",\"addressLocality\":\"Cand\\u00e1s\",\"addressRegion\":\"Asturias\",\"addressCountry\":\"ES\"}},{\"@type\":\"Person\",\"@id\":\"https:\\\/\\\/candas365.es\\\/noticias\\\/author\\\/admin\\\/#author\",\"url\":\"https:\\\/\\\/candas365.es\\\/noticias\\\/author\\\/admin\\\/\",\"name\":\"Cand\\u00e1s 365\",\"image\":{\"@type\":\"ImageObject\",\"@id\":\"https:\\\/\\\/candas365.es\\\/noticias\\\/el-centro-de-la-musica-en-candas-es-una-prioridad-para-el-principado\\\/#authorImage\",\"url\":\"https:\\\/\\\/secure.gravatar.com\\\/avatar\\\/496a8e03d0c493ede1718b7934145dbdf8d89be1036b0eec9544e1094c9de390?s=96&d=mm&r=g\",\"width\":96,\"height\":96,\"caption\":\"Cand\\u00e1s 365\"},\"sameAs\":[\"https:\\\/\\\/www.facebook.com\\\/carrenoactualidad\",\"https:\\\/\\\/twitter.com\\\/nbasturias\",\"https:\\\/\\\/www.instagram.com\\\/nachofdezber\\\/\",\"https:\\\/\\\/www.youtube.com\\\/channel\\\/UCZP-2wLEB9Rv6erhFmqVnvg\"]},{\"@type\":\"WebPage\",\"@id\":\"https:\\\/\\\/candas365.es\\\/noticias\\\/el-centro-de-la-musica-en-candas-es-una-prioridad-para-el-principado\\\/#webpage\",\"url\":\"https:\\\/\\\/candas365.es\\\/noticias\\\/el-centro-de-la-musica-en-candas-es-una-prioridad-para-el-principado\\\/\",\"name\":\"El Centro de la M\\u00fasica en Cand\\u00e1s es una \\u201cprioridad\\u201d para el Principado | Cand\\u00e1s 365\",\"description\":\"La Consejer\\u00eda de Cultura tiene como prioridad la contrataci\\u00f3n del Centro de la M\\u00fasica en Cand\\u00e1s As\\u00ed se lo traslad\\u00f3 a la Alcaldesa el nuevo Director General de Cultura y Patrimonio de la Consejer\\u00eda de Cultura, Pablo Le\\u00f3n Gasalla en la reuni\\u00f3n celebrada en Oviedo. Varios fueron los puntos abordados en la reuni\\u00f3n de trabajo.\",\"inLanguage\":\"es-ES\",\"isPartOf\":{\"@id\":\"https:\\\/\\\/candas365.es\\\/noticias\\\/#website\"},\"breadcrumb\":{\"@id\":\"https:\\\/\\\/candas365.es\\\/noticias\\\/el-centro-de-la-musica-en-candas-es-una-prioridad-para-el-principado\\\/#breadcrumblist\"},\"author\":{\"@id\":\"https:\\\/\\\/candas365.es\\\/noticias\\\/author\\\/admin\\\/#author\"},\"creator\":{\"@id\":\"https:\\\/\\\/candas365.es\\\/noticias\\\/author\\\/admin\\\/#author\"},\"image\":{\"@type\":\"ImageObject\",\"url\":\"https:\\\/\\\/candas365.es\\\/noticias\\\/wp-content\\\/uploads\\\/2020\\\/02\\\/Reunion-Cultura.jpg\",\"@id\":\"https:\\\/\\\/candas365.es\\\/noticias\\\/el-centro-de-la-musica-en-candas-es-una-prioridad-para-el-principado\\\/#mainImage\",\"width\":821,\"height\":478},\"primaryImageOfPage\":{\"@id\":\"https:\\\/\\\/candas365.es\\\/noticias\\\/el-centro-de-la-musica-en-candas-es-una-prioridad-para-el-principado\\\/#mainImage\"},\"datePublished\":\"2020-02-06T05:47:31+01:00\",\"dateModified\":\"2020-02-06T05:47:31+01:00\"},{\"@type\":\"WebSite\",\"@id\":\"https:\\\/\\\/candas365.es\\\/noticias\\\/#website\",\"url\":\"https:\\\/\\\/candas365.es\\\/noticias\\\/\",\"name\":\"Cand\\u00e1s 365\",\"alternateName\":\"Cand\\u00e1s 365 Noticias\",\"description\":\"Actualidad desde Carre\\u00f1o para el mundo\",\"inLanguage\":\"es-ES\",\"publisher\":{\"@id\":\"https:\\\/\\\/candas365.es\\\/noticias\\\/#organization\"}}]}\n\t\t<\/script>\n\t\t<!-- All in One SEO Pro -->\r\n\t\t<title>El Centro de la M\u00fasica en Cand\u00e1s es una \u201cprioridad\u201d para el Principado | Cand\u00e1s 365<\/title>\n\n","aioseo_head_json":{"title":"El Centro de la M\u00fasica en Cand\u00e1s es una \u201cprioridad\u201d para el Principado | Cand\u00e1s 365","description":"La Consejer\u00eda de Cultura tiene como prioridad la contrataci\u00f3n del Centro de la M\u00fasica en Cand\u00e1s As\u00ed se lo traslad\u00f3 a la Alcaldesa el nuevo Director General de Cultura y Patrimonio de la Consejer\u00eda de Cultura, Pablo Le\u00f3n Gasalla en la reuni\u00f3n celebrada en Oviedo. Varios fueron los puntos abordados en la reuni\u00f3n de trabajo.","canonical_url":"https:\/\/candas365.es\/noticias\/el-centro-de-la-musica-en-candas-es-una-prioridad-para-el-principado\/","robots":"max-image-preview:large","keywords":"noticias carre\u00f1o","webmasterTools":{"google-site-verification":"UA-32230408-1","msvalidate.01":"354F3CDFB2DA171B47FBE9ABF1F88D5","miscellaneous":""},"schema":{"@context":"https:\/\/schema.org","@graph":[{"@type":"BreadcrumbList","@id":"https:\/\/candas365.es\/noticias\/el-centro-de-la-musica-en-candas-es-una-prioridad-para-el-principado\/#breadcrumblist","itemListElement":[{"@type":"ListItem","@id":"https:\/\/candas365.es\/noticias#listItem","position":1,"name":"Home","item":"https:\/\/candas365.es\/noticias","nextItem":{"@type":"ListItem","@id":"https:\/\/candas365.es\/noticias\/category\/noticias-carreno\/#listItem","name":"Noticias Carre\u00f1o"}},{"@type":"ListItem","@id":"https:\/\/candas365.es\/noticias\/category\/noticias-carreno\/#listItem","position":2,"name":"Noticias Carre\u00f1o","item":"https:\/\/candas365.es\/noticias\/category\/noticias-carreno\/","nextItem":{"@type":"ListItem","@id":"https:\/\/candas365.es\/noticias\/el-centro-de-la-musica-en-candas-es-una-prioridad-para-el-principado\/#listItem","name":"El Centro de la M\u00fasica en Cand\u00e1s es una \u201cprioridad\u201d para el Principado"},"previousItem":{"@type":"ListItem","@id":"https:\/\/candas365.es\/noticias#listItem","name":"Home"}},{"@type":"ListItem","@id":"https:\/\/candas365.es\/noticias\/el-centro-de-la-musica-en-candas-es-una-prioridad-para-el-principado\/#listItem","position":3,"name":"El Centro de la M\u00fasica en Cand\u00e1s es una \u201cprioridad\u201d para el Principado","previousItem":{"@type":"ListItem","@id":"https:\/\/candas365.es\/noticias\/category\/noticias-carreno\/#listItem","name":"Noticias Carre\u00f1o"}}]},{"@type":"NewsArticle","@id":"https:\/\/candas365.es\/noticias\/el-centro-de-la-musica-en-candas-es-una-prioridad-para-el-principado\/#newsarticle","name":"El Centro de la M\u00fasica en Cand\u00e1s es una \u201cprioridad\u201d para el Principado | Cand\u00e1s 365","headline":"El Centro de la M\u00fasica en Cand\u00e1s es una \u201cprioridad\u201d para el Principado","author":{"@id":"https:\/\/candas365.es\/noticias\/author\/admin\/#author"},"publisher":{"@id":"https:\/\/candas365.es\/noticias\/#organization"},"image":{"@type":"ImageObject","url":"https:\/\/candas365.es\/noticias\/wp-content\/uploads\/2020\/02\/Reunion-Cultura.jpg","width":821,"height":478},"datePublished":"2020-02-06T05:47:31+01:00","dateModified":"2020-02-06T05:47:31+01:00","inLanguage":"es-ES","mainEntityOfPage":{"@id":"https:\/\/candas365.es\/noticias\/el-centro-de-la-musica-en-candas-es-una-prioridad-para-el-principado\/#webpage"},"isPartOf":{"@id":"https:\/\/candas365.es\/noticias\/el-centro-de-la-musica-en-candas-es-una-prioridad-para-el-principado\/#webpage"},"articleSection":"Noticias Carre\u00f1o","dateline":"Publicado el febrero 6, 2020."},{"@type":"Organization","@id":"https:\/\/candas365.es\/noticias\/#organization","name":"Cand\u00e1s 365","description":"Cand\u00e1s 365 es un diario digital independiente, fundado en 2012, con base en Asturias. Informamos con rigor sobre actualidad, sociedad, cultura y ocio, con una mirada local y global.","url":"https:\/\/candas365.es\/noticias\/","email":"info@candas365.es","telephone":"+34652131393","foundingDate":"2012-06-10","logo":{"@type":"ImageObject","url":"https:\/\/candas365.es\/noticias\/wp-content\/uploads\/2024\/09\/Candas-365-Redes.jpg","@id":"https:\/\/candas365.es\/noticias\/el-centro-de-la-musica-en-candas-es-una-prioridad-para-el-principado\/#organizationLogo","width":1152,"height":864,"caption":"Cand\u00e1s 365 Redes"},"image":{"@id":"https:\/\/candas365.es\/noticias\/el-centro-de-la-musica-en-candas-es-una-prioridad-para-el-principado\/#organizationLogo"},"sameAs":["https:\/\/www.facebook.com\/Nachofdezber","https:\/\/x.com\/NabercoDigital","https:\/\/www.instagram.com\/nachofdezber\/","https:\/\/www.youtube.com\/channel\/UCZP-2wLEB9Rv6erhFmqVnvg"],"address":{"@id":"https:\/\/candas365.es\/noticias\/#postaladdress","@type":"PostalAddress","streetAddress":"san antonio 4, san antonio 4","postalCode":"33430","addressLocality":"Cand\u00e1s","addressRegion":"Asturias","addressCountry":"ES"}},{"@type":"Person","@id":"https:\/\/candas365.es\/noticias\/author\/admin\/#author","url":"https:\/\/candas365.es\/noticias\/author\/admin\/","name":"Cand\u00e1s 365","image":{"@type":"ImageObject","@id":"https:\/\/candas365.es\/noticias\/el-centro-de-la-musica-en-candas-es-una-prioridad-para-el-principado\/#authorImage","url":"https:\/\/secure.gravatar.com\/avatar\/496a8e03d0c493ede1718b7934145dbdf8d89be1036b0eec9544e1094c9de390?s=96&d=mm&r=g","width":96,"height":96,"caption":"Cand\u00e1s 365"},"sameAs":["https:\/\/www.facebook.com\/carrenoactualidad","https:\/\/twitter.com\/nbasturias","https:\/\/www.instagram.com\/nachofdezber\/","https:\/\/www.youtube.com\/channel\/UCZP-2wLEB9Rv6erhFmqVnvg"]},{"@type":"WebPage","@id":"https:\/\/candas365.es\/noticias\/el-centro-de-la-musica-en-candas-es-una-prioridad-para-el-principado\/#webpage","url":"https:\/\/candas365.es\/noticias\/el-centro-de-la-musica-en-candas-es-una-prioridad-para-el-principado\/","name":"El Centro de la M\u00fasica en Cand\u00e1s es una \u201cprioridad\u201d para el Principado | Cand\u00e1s 365","description":"La Consejer\u00eda de Cultura tiene como prioridad la contrataci\u00f3n del Centro de la M\u00fasica en Cand\u00e1s As\u00ed se lo traslad\u00f3 a la Alcaldesa el nuevo Director General de Cultura y Patrimonio de la Consejer\u00eda de Cultura, Pablo Le\u00f3n Gasalla en la reuni\u00f3n celebrada en Oviedo. Varios fueron los puntos abordados en la reuni\u00f3n de trabajo.","inLanguage":"es-ES","isPartOf":{"@id":"https:\/\/candas365.es\/noticias\/#website"},"breadcrumb":{"@id":"https:\/\/candas365.es\/noticias\/el-centro-de-la-musica-en-candas-es-una-prioridad-para-el-principado\/#breadcrumblist"},"author":{"@id":"https:\/\/candas365.es\/noticias\/author\/admin\/#author"},"creator":{"@id":"https:\/\/candas365.es\/noticias\/author\/admin\/#author"},"image":{"@type":"ImageObject","url":"https:\/\/candas365.es\/noticias\/wp-content\/uploads\/2020\/02\/Reunion-Cultura.jpg","@id":"https:\/\/candas365.es\/noticias\/el-centro-de-la-musica-en-candas-es-una-prioridad-para-el-principado\/#mainImage","width":821,"height":478},"primaryImageOfPage":{"@id":"https:\/\/candas365.es\/noticias\/el-centro-de-la-musica-en-candas-es-una-prioridad-para-el-principado\/#mainImage"},"datePublished":"2020-02-06T05:47:31+01:00","dateModified":"2020-02-06T05:47:31+01:00"},{"@type":"WebSite","@id":"https:\/\/candas365.es\/noticias\/#website","url":"https:\/\/candas365.es\/noticias\/","name":"Cand\u00e1s 365","alternateName":"Cand\u00e1s 365 Noticias","description":"Actualidad desde Carre\u00f1o para el mundo","inLanguage":"es-ES","publisher":{"@id":"https:\/\/candas365.es\/noticias\/#organization"}}]},"og:locale":"es_ES","og:site_name":"Cand\u00e1s 365","og:type":"article","og:title":"El Centro de la M\u00fasica en Cand\u00e1s es una \u201cprioridad\u201d para el Principado | Cand\u00e1s 365","og:description":"La Consejer\u00eda de Cultura tiene como prioridad la contrataci\u00f3n del Centro de la M\u00fasica en Cand\u00e1s As\u00ed se lo traslad\u00f3 a la Alcaldesa el nuevo Director General de Cultura y Patrimonio de la Consejer\u00eda de Cultura, Pablo Le\u00f3n Gasalla en la reuni\u00f3n celebrada en Oviedo. Varios fueron los puntos abordados en la reuni\u00f3n de trabajo.","og:url":"https:\/\/candas365.es\/noticias\/el-centro-de-la-musica-en-candas-es-una-prioridad-para-el-principado\/","og:image":"https:\/\/candas365.es\/noticias\/wp-content\/uploads\/2020\/02\/Reunion-Cultura.jpg","og:image:secure_url":"https:\/\/candas365.es\/noticias\/wp-content\/uploads\/2020\/02\/Reunion-Cultura.jpg","og:image:width":821,"og:image:height":478,"article:published_time":"2020-02-06T05:47:31+00:00","article:modified_time":"2020-02-06T05:47:31+00:00","article:publisher":"https:\/\/www.facebook.com\/Nachofdezber","article:author":"https:\/\/www.facebook.com\/carrenoactualidad","twitter:card":"summary_large_image","twitter:site":"@NabercoDigital","twitter:title":"El Centro de la M\u00fasica en Cand\u00e1s es una \u201cprioridad\u201d para el Principado | Cand\u00e1s 365","twitter:description":"La Consejer\u00eda de Cultura tiene como prioridad la contrataci\u00f3n del Centro de la M\u00fasica en Cand\u00e1s As\u00ed se lo traslad\u00f3 a la Alcaldesa el nuevo Director General de Cultura y Patrimonio de la Consejer\u00eda de Cultura, Pablo Le\u00f3n Gasalla en la reuni\u00f3n celebrada en Oviedo. Varios fueron los puntos abordados en la reuni\u00f3n de trabajo.","twitter:creator":"@nbasturias","twitter:image":"https:\/\/candas365.es\/noticias\/wp-content\/uploads\/2020\/02\/Reunion-Cultura.jpg","twitter:label1":"Escrito por","twitter:data1":"Cand\u00e1s 365","twitter:label2":"Tiempo de lectura estimado","twitter:data2":"2 minutos"},"aioseo_meta_data":{"post_id":"137761","title":null,"description":null,"keywords":null,"keyphrases":null,"primary_term":null,"canonical_url":null,"og_title":null,"og_description":null,"og_object_type":"default","og_image_type":"default","og_image_url":null,"og_image_width":null,"og_image_height":null,"og_image_custom_url":null,"og_image_custom_fields":null,"og_video":null,"og_custom_url":null,"og_article_section":null,"og_article_tags":null,"twitter_use_og":false,"twitter_card":"default","twitter_image_type":"default","twitter_image_url":null,"twitter_image_custom_url":null,"twitter_image_custom_fields":null,"twitter_title":null,"twitter_description":null,"schema":{"blockGraphs":[],"customGraphs":[],"default":{"data":{"Article":[],"Course":[],"Dataset":[],"FAQPage":[],"Movie":[],"Person":[],"Product":[],"ProductReview":[],"Car":[],"Recipe":[],"Service":[],"SoftwareApplication":[],"WebPage":[]},"graphName":"","isEnabled":true},"graphs":[]},"schema_type":null,"schema_type_options":null,"pillar_content":false,"robots_default":true,"robots_noindex":false,"robots_noarchive":false,"robots_nosnippet":false,"robots_nofollow":false,"robots_noimageindex":false,"robots_noodp":false,"robots_notranslate":false,"robots_max_snippet":null,"robots_max_videopreview":null,"robots_max_imagepreview":"large","priority":null,"frequency":null,"location":null,"local_seo":null,"seo_analyzer_scan_date":"2025-08-30 23:22:18","breadcrumb_settings":null,"limit_modified_date":false,"reviewed_by":null,"open_ai":null,"ai":null,"created":"2020-12-21 10:45:39","updated":"2025-08-30 23:22:18"},"aioseo_breadcrumb":"<div class=\"aioseo-breadcrumbs\"><span class=\"aioseo-breadcrumb\">\n\t<a href=\"https:\/\/candas365.es\/noticias\" title=\"Home\">Home<\/a>\n<\/span><span class=\"aioseo-breadcrumb-separator\">&ndash;<\/span><span class=\"aioseo-breadcrumb\">\n\t<a href=\"https:\/\/candas365.es\/noticias\/category\/noticias-carreno\/\" title=\"Noticias Carre\u00f1o\">Noticias Carre\u00f1o<\/a>\n<\/span><span class=\"aioseo-breadcrumb-separator\">&ndash;<\/span><span class=\"aioseo-breadcrumb\">\n\tEl Centro de la M\u00fasica en Cand\u00e1s es una \u201cprioridad\u201d para el Principado\n<\/span><\/div>","aioseo_breadcrumb_json":[{"label":"Home","link":"https:\/\/candas365.es\/noticias"},{"label":"Noticias Carre\u00f1o","link":"https:\/\/candas365.es\/noticias\/category\/noticias-carreno\/"},{"label":"El Centro de la M\u00fasica en Cand\u00e1s es una \u201cprioridad\u201d para el Principado","link":"https:\/\/candas365.es\/noticias\/el-centro-de-la-musica-en-candas-es-una-prioridad-para-el-principado\/"}],"_links":{"self":[{"href":"https:\/\/candas365.es\/noticias\/wp-json\/wp\/v2\/posts\/137761","targetHints":{"allow":["GET"]}}],"collection":[{"href":"https:\/\/candas365.es\/noticias\/wp-json\/wp\/v2\/posts"}],"about":[{"href":"https:\/\/candas365.es\/noticias\/wp-json\/wp\/v2\/types\/post"}],"author":[{"embeddable":true,"href":"https:\/\/candas365.es\/noticias\/wp-json\/wp\/v2\/users\/1"}],"replies":[{"embeddable":true,"href":"https:\/\/candas365.es\/noticias\/wp-json\/wp\/v2\/comments?post=137761"}],"version-history":[{"count":0,"href":"https:\/\/candas365.es\/noticias\/wp-json\/wp\/v2\/posts\/137761\/revisions"}],"wp:featuredmedia":[{"embeddable":true,"href":"https:\/\/candas365.es\/noticias\/wp-json\/wp\/v2\/media\/137762"}],"wp:attachment":[{"href":"https:\/\/candas365.es\/noticias\/wp-json\/wp\/v2\/media?parent=137761"}],"wp:term":[{"taxonomy":"category","embeddable":true,"href":"https:\/\/candas365.es\/noticias\/wp-json\/wp\/v2\/categories?post=137761"},{"taxonomy":"post_tag","embeddable":true,"href":"https:\/\/candas365.es\/noticias\/wp-json\/wp\/v2\/tags?post=137761"}],"curies":[{"name":"wp","href":"https:\/\/api.w.org\/{rel}","templated":true}]}}