{"id":137508,"date":"2020-02-02T00:29:18","date_gmt":"2020-02-02T00:29:18","guid":{"rendered":"http:\/\/candas365.es\/noticias\/?p=137508"},"modified":"2020-02-02T00:29:18","modified_gmt":"2020-02-02T00:29:18","slug":"poda-de-arboles-en-carreno","status":"publish","type":"post","link":"https:\/\/candas365.es\/noticias\/poda-de-arboles-en-carreno\/","title":{"rendered":"Poda de \u00e1rboles en Carre\u00f1o"},"content":{"rendered":"<p><strong><img fetchpriority=\"high\" decoding=\"async\" class=\"alignleft size-medium wp-image-137509\" src=\"https:\/\/candas365.es\/noticias\/wp-content\/uploads\/2020\/02\/poda-de-arboles-en-candas-360x265.jpg\" alt=\"\" width=\"360\" height=\"265\" srcset=\"https:\/\/candas365.es\/noticias\/wp-content\/uploads\/2020\/02\/poda-de-arboles-en-candas-360x265.jpg 360w, https:\/\/candas365.es\/noticias\/wp-content\/uploads\/2020\/02\/poda-de-arboles-en-candas-651x480.jpg 651w, https:\/\/candas365.es\/noticias\/wp-content\/uploads\/2020\/02\/poda-de-arboles-en-candas-768x566.jpg 768w, https:\/\/candas365.es\/noticias\/wp-content\/uploads\/2020\/02\/poda-de-arboles-en-candas-696x513.jpg 696w, https:\/\/candas365.es\/noticias\/wp-content\/uploads\/2020\/02\/poda-de-arboles-en-candas-570x420.jpg 570w, https:\/\/candas365.es\/noticias\/wp-content\/uploads\/2020\/02\/poda-de-arboles-en-candas-80x60.jpg 80w, https:\/\/candas365.es\/noticias\/wp-content\/uploads\/2020\/02\/poda-de-arboles-en-candas.jpg 1066w\" sizes=\"(max-width: 360px) 100vw, 360px\" \/>El Gobierno de Carre\u00f1o<\/strong> impulsa un plan de choque urgente para la poda de \u00e1rboles que requieran una actuaci\u00f3n prioritaria, fundamentalmente en aquellos casos que supongan un riesgo para la ciudadan\u00eda. <strong>Los trabajos previstos en este plan con medidas preventivas se prolongar\u00e1n al menos hasta el 5 de Febrero<\/strong>.<\/p>\n<p>\u201cDebido a las circunstancias acaecidas en este ciclo de poda, sobre todo las condiciones climatol\u00f3gicas adversas de los \u00faltimos meses, que da\u00f1aron a varios ejemplares se ha decidido actuar con un plan espec\u00edfico para podar \u00e1rboles de hoja perenne (susceptibles de poda), los de hoja caduca y las palmeras en las zonas verdes p\u00fablicas de entornos p\u00fablicos urbanos\u201d <strong><em>explic\u00f3 Jos\u00e9 Jes\u00fas Varela, edil de obras<\/em><\/strong>.<\/p>\n<p>\u201cCon personal municipal hemos fijado equipos del trabajo que desarrollar\u00e1n su labor de 7,00 h a 14,00 h. y de 15,00 a 19,00 h. Reforzando el servicio municipal con medios t\u00e9cnicos externos. Hemos alquilado un cami\u00f3n con cesta que nos supondr\u00e1 un coste de 1.617,77 \u20ac para ser m\u00e1s eficientes. Con el compromiso del personal municipal habr\u00e1 equipos trabajando por las tardes\u201d <strong><em>prosigui\u00f3 Varela<\/em><\/strong>.<\/p>\n<p>El objetivo principal de este plan es reducir el volumen y altura de las copas de los \u00e1rboles que presentan estructuras descompensadas, voluminosas o ramas quebradizas. Se incidir\u00e1 sobre todo en \u00e1rboles envejecidos y de gran altura, que son las que m\u00e1s incidencias de ramas ca\u00eddas han tenido.<\/p>\n<p>\u201cLos trabajos se realizar\u00e1n bien por zonas y calles enteras o por tramos, de forma que todo el arbolado urbano de un mismo \u00e1mbito quede podado, optimizando as\u00ed los recursos disponibles (personal, medios, y rendimientos&#8230;). Trabajaremos en el arbolado del Parque de Les Conserveres, en la calle Pedro Bra\u00f1a, calle Pardies, en la zona Trasera del barrio de El Nodo, en la Plaza Mancomunidad Cabo Pe\u00f1as, en el entorno del Colegio San F\u00e9lix y en el arbolado del entorno urbano de las Escuelas de Perlora. Tambi\u00e9n se pondr\u00e1n al d\u00eda las palmeras del Parque Santar\u00faa, Parque Maestro Antu\u00f1a, entorno del Centro de Salud de Cand\u00e1s, Avenida del Ferrocarril, Parque Ingl\u00e9s y entorno de la playa Palmera en Cand\u00e1s\u201d \u2013 concluy\u00f3 el concejal.<\/p>\n<p>&nbsp;<\/p>\n","protected":false},"excerpt":{"rendered":"<p>El Gobierno de Carre\u00f1o impulsa un plan de choque urgente para la poda de \u00e1rboles que requieran una actuaci\u00f3n prioritaria, fundamentalmente en aquellos casos que supongan un riesgo para la ciudadan\u00eda. Los trabajos previstos en este plan con medidas preventivas se prolongar\u00e1n al menos hasta el 5 de Febrero. \u201cDebido a las circunstancias acaecidas en<\/p>\n","protected":false},"author":1,"featured_media":137509,"comment_status":"closed","ping_status":"closed","sticky":false,"template":"","format":"standard","meta":{"footnotes":""},"categories":[2],"tags":[],"class_list":{"0":"post-137508","1":"post","2":"type-post","3":"status-publish","4":"format-standard","5":"has-post-thumbnail","7":"category-noticias-carreno"},"aioseo_notices":[],"aioseo_head":"\n\t\t<!-- All in One SEO Pro 4.9.6.2 - aioseo.com -->\n\t<meta name=\"description\" content=\"El Gobierno de Carre\u00f1o impulsa un plan de choque urgente para la poda de \u00e1rboles que requieran una actuaci\u00f3n prioritaria, fundamentalmente en aquellos casos que supongan un riesgo para la ciudadan\u00eda. Los trabajos previstos en este plan con medidas preventivas se prolongar\u00e1n al menos hasta el 5 de Febrero. \u201cDebido a las circunstancias acaecidas en\" \/>\n\t<meta name=\"robots\" content=\"max-image-preview:large\" \/>\n\t<meta name=\"author\" content=\"Cand\u00e1s 365\"\/>\n\t<meta name=\"google-site-verification\" content=\"UA-32230408-1\" \/>\n\t<meta name=\"msvalidate.01\" content=\"354F3CDFB2DA171B47FBE9ABF1F88D5\" \/>\n\t<meta name=\"keywords\" content=\"noticias carre\u00f1o\" \/>\n\t<link rel=\"canonical\" href=\"https:\/\/candas365.es\/noticias\/poda-de-arboles-en-carreno\/\" \/>\n\t<meta name=\"generator\" content=\"All in One SEO Pro (AIOSEO) 4.9.6.2\" \/>\n\t\t<meta property=\"og:locale\" content=\"es_ES\" \/>\n\t\t<meta property=\"og:site_name\" content=\"Cand\u00e1s 365\" \/>\n\t\t<meta property=\"og:type\" content=\"article\" \/>\n\t\t<meta property=\"og:title\" content=\"Poda de \u00e1rboles en Carre\u00f1o | Cand\u00e1s 365\" \/>\n\t\t<meta property=\"og:description\" content=\"El Gobierno de Carre\u00f1o impulsa un plan de choque urgente para la poda de \u00e1rboles que requieran una actuaci\u00f3n prioritaria, fundamentalmente en aquellos casos que supongan un riesgo para la ciudadan\u00eda. Los trabajos previstos en este plan con medidas preventivas se prolongar\u00e1n al menos hasta el 5 de Febrero. \u201cDebido a las circunstancias acaecidas en\" \/>\n\t\t<meta property=\"og:url\" content=\"https:\/\/candas365.es\/noticias\/poda-de-arboles-en-carreno\/\" \/>\n\t\t<meta property=\"og:image\" content=\"https:\/\/candas365.es\/noticias\/wp-content\/uploads\/2020\/02\/poda-de-arboles-en-candas.jpg\" \/>\n\t\t<meta property=\"og:image:secure_url\" content=\"https:\/\/candas365.es\/noticias\/wp-content\/uploads\/2020\/02\/poda-de-arboles-en-candas.jpg\" \/>\n\t\t<meta property=\"og:image:width\" content=\"1066\" \/>\n\t\t<meta property=\"og:image:height\" content=\"786\" \/>\n\t\t<meta property=\"article:published_time\" content=\"2020-02-02T00:29:18+00:00\" \/>\n\t\t<meta property=\"article:modified_time\" content=\"2020-02-02T00:29:18+00:00\" \/>\n\t\t<meta property=\"article:publisher\" content=\"https:\/\/www.facebook.com\/Nachofdezber\" \/>\n\t\t<meta property=\"article:author\" content=\"https:\/\/www.facebook.com\/carrenoactualidad\" \/>\n\t\t<meta name=\"twitter:card\" content=\"summary_large_image\" \/>\n\t\t<meta name=\"twitter:site\" content=\"@NabercoDigital\" \/>\n\t\t<meta name=\"twitter:title\" content=\"Poda de \u00e1rboles en Carre\u00f1o | Cand\u00e1s 365\" \/>\n\t\t<meta name=\"twitter:description\" content=\"El Gobierno de Carre\u00f1o impulsa un plan de choque urgente para la poda de \u00e1rboles que requieran una actuaci\u00f3n prioritaria, fundamentalmente en aquellos casos que supongan un riesgo para la ciudadan\u00eda. Los trabajos previstos en este plan con medidas preventivas se prolongar\u00e1n al menos hasta el 5 de Febrero. \u201cDebido a las circunstancias acaecidas en\" \/>\n\t\t<meta name=\"twitter:creator\" content=\"@nbasturias\" \/>\n\t\t<meta name=\"twitter:image\" content=\"https:\/\/candas365.es\/noticias\/wp-content\/uploads\/2020\/02\/poda-de-arboles-en-candas.jpg\" \/>\n\t\t<meta name=\"twitter:label1\" content=\"Escrito por\" \/>\n\t\t<meta name=\"twitter:data1\" content=\"Cand\u00e1s 365\" \/>\n\t\t<meta name=\"twitter:label2\" content=\"Tiempo de lectura estimado\" \/>\n\t\t<meta name=\"twitter:data2\" content=\"2 minutos\" \/>\n\t\t<script type=\"application\/ld+json\" class=\"aioseo-schema\">\n\t\t\t{\"@context\":\"https:\\\/\\\/schema.org\",\"@graph\":[{\"@type\":\"BreadcrumbList\",\"@id\":\"https:\\\/\\\/candas365.es\\\/noticias\\\/poda-de-arboles-en-carreno\\\/#breadcrumblist\",\"itemListElement\":[{\"@type\":\"ListItem\",\"@id\":\"https:\\\/\\\/candas365.es\\\/noticias#listItem\",\"position\":1,\"name\":\"Home\",\"item\":\"https:\\\/\\\/candas365.es\\\/noticias\",\"nextItem\":{\"@type\":\"ListItem\",\"@id\":\"https:\\\/\\\/candas365.es\\\/noticias\\\/category\\\/noticias-carreno\\\/#listItem\",\"name\":\"Noticias Carre\\u00f1o\"}},{\"@type\":\"ListItem\",\"@id\":\"https:\\\/\\\/candas365.es\\\/noticias\\\/category\\\/noticias-carreno\\\/#listItem\",\"position\":2,\"name\":\"Noticias Carre\\u00f1o\",\"item\":\"https:\\\/\\\/candas365.es\\\/noticias\\\/category\\\/noticias-carreno\\\/\",\"nextItem\":{\"@type\":\"ListItem\",\"@id\":\"https:\\\/\\\/candas365.es\\\/noticias\\\/poda-de-arboles-en-carreno\\\/#listItem\",\"name\":\"Poda de \\u00e1rboles en Carre\\u00f1o\"},\"previousItem\":{\"@type\":\"ListItem\",\"@id\":\"https:\\\/\\\/candas365.es\\\/noticias#listItem\",\"name\":\"Home\"}},{\"@type\":\"ListItem\",\"@id\":\"https:\\\/\\\/candas365.es\\\/noticias\\\/poda-de-arboles-en-carreno\\\/#listItem\",\"position\":3,\"name\":\"Poda de \\u00e1rboles en Carre\\u00f1o\",\"previousItem\":{\"@type\":\"ListItem\",\"@id\":\"https:\\\/\\\/candas365.es\\\/noticias\\\/category\\\/noticias-carreno\\\/#listItem\",\"name\":\"Noticias Carre\\u00f1o\"}}]},{\"@type\":\"NewsArticle\",\"@id\":\"https:\\\/\\\/candas365.es\\\/noticias\\\/poda-de-arboles-en-carreno\\\/#newsarticle\",\"name\":\"Poda de \\u00e1rboles en Carre\\u00f1o | Cand\\u00e1s 365\",\"headline\":\"Poda de \\u00e1rboles en Carre\\u00f1o\",\"author\":{\"@id\":\"https:\\\/\\\/candas365.es\\\/noticias\\\/author\\\/admin\\\/#author\"},\"publisher\":{\"@id\":\"https:\\\/\\\/candas365.es\\\/noticias\\\/#organization\"},\"image\":{\"@type\":\"ImageObject\",\"url\":\"https:\\\/\\\/candas365.es\\\/noticias\\\/wp-content\\\/uploads\\\/2020\\\/02\\\/poda-de-arboles-en-candas.jpg\",\"width\":1066,\"height\":786},\"datePublished\":\"2020-02-02T00:29:18+01:00\",\"dateModified\":\"2020-02-02T00:29:18+01:00\",\"inLanguage\":\"es-ES\",\"mainEntityOfPage\":{\"@id\":\"https:\\\/\\\/candas365.es\\\/noticias\\\/poda-de-arboles-en-carreno\\\/#webpage\"},\"isPartOf\":{\"@id\":\"https:\\\/\\\/candas365.es\\\/noticias\\\/poda-de-arboles-en-carreno\\\/#webpage\"},\"articleSection\":\"Noticias Carre\\u00f1o\",\"dateline\":\"Publicado el febrero 2, 2020.\"},{\"@type\":\"Organization\",\"@id\":\"https:\\\/\\\/candas365.es\\\/noticias\\\/#organization\",\"name\":\"Cand\\u00e1s 365\",\"description\":\"Cand\\u00e1s 365 es un diario digital independiente, fundado en 2012, con base en Asturias. Informamos con rigor sobre actualidad, sociedad, cultura y ocio, con una mirada local y global.\",\"url\":\"https:\\\/\\\/candas365.es\\\/noticias\\\/\",\"email\":\"info@candas365.es\",\"telephone\":\"+34652131393\",\"foundingDate\":\"2012-06-10\",\"logo\":{\"@type\":\"ImageObject\",\"url\":\"https:\\\/\\\/candas365.es\\\/noticias\\\/wp-content\\\/uploads\\\/2024\\\/09\\\/Candas-365-Redes.jpg\",\"@id\":\"https:\\\/\\\/candas365.es\\\/noticias\\\/poda-de-arboles-en-carreno\\\/#organizationLogo\",\"width\":1152,\"height\":864,\"caption\":\"Cand\\u00e1s 365 Redes\"},\"image\":{\"@id\":\"https:\\\/\\\/candas365.es\\\/noticias\\\/poda-de-arboles-en-carreno\\\/#organizationLogo\"},\"sameAs\":[\"https:\\\/\\\/www.facebook.com\\\/Nachofdezber\",\"https:\\\/\\\/x.com\\\/NabercoDigital\",\"https:\\\/\\\/www.instagram.com\\\/nachofdezber\\\/\",\"https:\\\/\\\/www.youtube.com\\\/channel\\\/UCZP-2wLEB9Rv6erhFmqVnvg\"],\"address\":{\"@id\":\"https:\\\/\\\/candas365.es\\\/noticias\\\/#postaladdress\",\"@type\":\"PostalAddress\",\"streetAddress\":\"san antonio 4, san antonio 4\",\"postalCode\":\"33430\",\"addressLocality\":\"Cand\\u00e1s\",\"addressRegion\":\"Asturias\",\"addressCountry\":\"ES\"}},{\"@type\":\"Person\",\"@id\":\"https:\\\/\\\/candas365.es\\\/noticias\\\/author\\\/admin\\\/#author\",\"url\":\"https:\\\/\\\/candas365.es\\\/noticias\\\/author\\\/admin\\\/\",\"name\":\"Cand\\u00e1s 365\",\"image\":{\"@type\":\"ImageObject\",\"@id\":\"https:\\\/\\\/candas365.es\\\/noticias\\\/poda-de-arboles-en-carreno\\\/#authorImage\",\"url\":\"https:\\\/\\\/secure.gravatar.com\\\/avatar\\\/496a8e03d0c493ede1718b7934145dbdf8d89be1036b0eec9544e1094c9de390?s=96&d=mm&r=g\",\"width\":96,\"height\":96,\"caption\":\"Cand\\u00e1s 365\"},\"sameAs\":[\"https:\\\/\\\/www.facebook.com\\\/carrenoactualidad\",\"https:\\\/\\\/twitter.com\\\/nbasturias\",\"https:\\\/\\\/www.instagram.com\\\/nachofdezber\\\/\",\"https:\\\/\\\/www.youtube.com\\\/channel\\\/UCZP-2wLEB9Rv6erhFmqVnvg\"]},{\"@type\":\"WebPage\",\"@id\":\"https:\\\/\\\/candas365.es\\\/noticias\\\/poda-de-arboles-en-carreno\\\/#webpage\",\"url\":\"https:\\\/\\\/candas365.es\\\/noticias\\\/poda-de-arboles-en-carreno\\\/\",\"name\":\"Poda de \\u00e1rboles en Carre\\u00f1o | Cand\\u00e1s 365\",\"description\":\"El Gobierno de Carre\\u00f1o impulsa un plan de choque urgente para la poda de \\u00e1rboles que requieran una actuaci\\u00f3n prioritaria, fundamentalmente en aquellos casos que supongan un riesgo para la ciudadan\\u00eda. Los trabajos previstos en este plan con medidas preventivas se prolongar\\u00e1n al menos hasta el 5 de Febrero. \\u201cDebido a las circunstancias acaecidas en\",\"inLanguage\":\"es-ES\",\"isPartOf\":{\"@id\":\"https:\\\/\\\/candas365.es\\\/noticias\\\/#website\"},\"breadcrumb\":{\"@id\":\"https:\\\/\\\/candas365.es\\\/noticias\\\/poda-de-arboles-en-carreno\\\/#breadcrumblist\"},\"author\":{\"@id\":\"https:\\\/\\\/candas365.es\\\/noticias\\\/author\\\/admin\\\/#author\"},\"creator\":{\"@id\":\"https:\\\/\\\/candas365.es\\\/noticias\\\/author\\\/admin\\\/#author\"},\"image\":{\"@type\":\"ImageObject\",\"url\":\"https:\\\/\\\/candas365.es\\\/noticias\\\/wp-content\\\/uploads\\\/2020\\\/02\\\/poda-de-arboles-en-candas.jpg\",\"@id\":\"https:\\\/\\\/candas365.es\\\/noticias\\\/poda-de-arboles-en-carreno\\\/#mainImage\",\"width\":1066,\"height\":786},\"primaryImageOfPage\":{\"@id\":\"https:\\\/\\\/candas365.es\\\/noticias\\\/poda-de-arboles-en-carreno\\\/#mainImage\"},\"datePublished\":\"2020-02-02T00:29:18+01:00\",\"dateModified\":\"2020-02-02T00:29:18+01:00\"},{\"@type\":\"WebSite\",\"@id\":\"https:\\\/\\\/candas365.es\\\/noticias\\\/#website\",\"url\":\"https:\\\/\\\/candas365.es\\\/noticias\\\/\",\"name\":\"Cand\\u00e1s 365\",\"alternateName\":\"Cand\\u00e1s 365 Noticias\",\"description\":\"Actualidad desde Carre\\u00f1o para el mundo\",\"inLanguage\":\"es-ES\",\"publisher\":{\"@id\":\"https:\\\/\\\/candas365.es\\\/noticias\\\/#organization\"}}]}\n\t\t<\/script>\n\t\t<!-- All in One SEO Pro -->\r\n\t\t<title>Poda de \u00e1rboles en Carre\u00f1o | Cand\u00e1s 365<\/title>\n\n","aioseo_head_json":{"title":"Poda de \u00e1rboles en Carre\u00f1o | Cand\u00e1s 365","description":"El Gobierno de Carre\u00f1o impulsa un plan de choque urgente para la poda de \u00e1rboles que requieran una actuaci\u00f3n prioritaria, fundamentalmente en aquellos casos que supongan un riesgo para la ciudadan\u00eda. Los trabajos previstos en este plan con medidas preventivas se prolongar\u00e1n al menos hasta el 5 de Febrero. \u201cDebido a las circunstancias acaecidas en","canonical_url":"https:\/\/candas365.es\/noticias\/poda-de-arboles-en-carreno\/","robots":"max-image-preview:large","keywords":"noticias carre\u00f1o","webmasterTools":{"google-site-verification":"UA-32230408-1","msvalidate.01":"354F3CDFB2DA171B47FBE9ABF1F88D5","miscellaneous":""},"schema":{"@context":"https:\/\/schema.org","@graph":[{"@type":"BreadcrumbList","@id":"https:\/\/candas365.es\/noticias\/poda-de-arboles-en-carreno\/#breadcrumblist","itemListElement":[{"@type":"ListItem","@id":"https:\/\/candas365.es\/noticias#listItem","position":1,"name":"Home","item":"https:\/\/candas365.es\/noticias","nextItem":{"@type":"ListItem","@id":"https:\/\/candas365.es\/noticias\/category\/noticias-carreno\/#listItem","name":"Noticias Carre\u00f1o"}},{"@type":"ListItem","@id":"https:\/\/candas365.es\/noticias\/category\/noticias-carreno\/#listItem","position":2,"name":"Noticias Carre\u00f1o","item":"https:\/\/candas365.es\/noticias\/category\/noticias-carreno\/","nextItem":{"@type":"ListItem","@id":"https:\/\/candas365.es\/noticias\/poda-de-arboles-en-carreno\/#listItem","name":"Poda de \u00e1rboles en Carre\u00f1o"},"previousItem":{"@type":"ListItem","@id":"https:\/\/candas365.es\/noticias#listItem","name":"Home"}},{"@type":"ListItem","@id":"https:\/\/candas365.es\/noticias\/poda-de-arboles-en-carreno\/#listItem","position":3,"name":"Poda de \u00e1rboles en Carre\u00f1o","previousItem":{"@type":"ListItem","@id":"https:\/\/candas365.es\/noticias\/category\/noticias-carreno\/#listItem","name":"Noticias Carre\u00f1o"}}]},{"@type":"NewsArticle","@id":"https:\/\/candas365.es\/noticias\/poda-de-arboles-en-carreno\/#newsarticle","name":"Poda de \u00e1rboles en Carre\u00f1o | Cand\u00e1s 365","headline":"Poda de \u00e1rboles en Carre\u00f1o","author":{"@id":"https:\/\/candas365.es\/noticias\/author\/admin\/#author"},"publisher":{"@id":"https:\/\/candas365.es\/noticias\/#organization"},"image":{"@type":"ImageObject","url":"https:\/\/candas365.es\/noticias\/wp-content\/uploads\/2020\/02\/poda-de-arboles-en-candas.jpg","width":1066,"height":786},"datePublished":"2020-02-02T00:29:18+01:00","dateModified":"2020-02-02T00:29:18+01:00","inLanguage":"es-ES","mainEntityOfPage":{"@id":"https:\/\/candas365.es\/noticias\/poda-de-arboles-en-carreno\/#webpage"},"isPartOf":{"@id":"https:\/\/candas365.es\/noticias\/poda-de-arboles-en-carreno\/#webpage"},"articleSection":"Noticias Carre\u00f1o","dateline":"Publicado el febrero 2, 2020."},{"@type":"Organization","@id":"https:\/\/candas365.es\/noticias\/#organization","name":"Cand\u00e1s 365","description":"Cand\u00e1s 365 es un diario digital independiente, fundado en 2012, con base en Asturias. Informamos con rigor sobre actualidad, sociedad, cultura y ocio, con una mirada local y global.","url":"https:\/\/candas365.es\/noticias\/","email":"info@candas365.es","telephone":"+34652131393","foundingDate":"2012-06-10","logo":{"@type":"ImageObject","url":"https:\/\/candas365.es\/noticias\/wp-content\/uploads\/2024\/09\/Candas-365-Redes.jpg","@id":"https:\/\/candas365.es\/noticias\/poda-de-arboles-en-carreno\/#organizationLogo","width":1152,"height":864,"caption":"Cand\u00e1s 365 Redes"},"image":{"@id":"https:\/\/candas365.es\/noticias\/poda-de-arboles-en-carreno\/#organizationLogo"},"sameAs":["https:\/\/www.facebook.com\/Nachofdezber","https:\/\/x.com\/NabercoDigital","https:\/\/www.instagram.com\/nachofdezber\/","https:\/\/www.youtube.com\/channel\/UCZP-2wLEB9Rv6erhFmqVnvg"],"address":{"@id":"https:\/\/candas365.es\/noticias\/#postaladdress","@type":"PostalAddress","streetAddress":"san antonio 4, san antonio 4","postalCode":"33430","addressLocality":"Cand\u00e1s","addressRegion":"Asturias","addressCountry":"ES"}},{"@type":"Person","@id":"https:\/\/candas365.es\/noticias\/author\/admin\/#author","url":"https:\/\/candas365.es\/noticias\/author\/admin\/","name":"Cand\u00e1s 365","image":{"@type":"ImageObject","@id":"https:\/\/candas365.es\/noticias\/poda-de-arboles-en-carreno\/#authorImage","url":"https:\/\/secure.gravatar.com\/avatar\/496a8e03d0c493ede1718b7934145dbdf8d89be1036b0eec9544e1094c9de390?s=96&d=mm&r=g","width":96,"height":96,"caption":"Cand\u00e1s 365"},"sameAs":["https:\/\/www.facebook.com\/carrenoactualidad","https:\/\/twitter.com\/nbasturias","https:\/\/www.instagram.com\/nachofdezber\/","https:\/\/www.youtube.com\/channel\/UCZP-2wLEB9Rv6erhFmqVnvg"]},{"@type":"WebPage","@id":"https:\/\/candas365.es\/noticias\/poda-de-arboles-en-carreno\/#webpage","url":"https:\/\/candas365.es\/noticias\/poda-de-arboles-en-carreno\/","name":"Poda de \u00e1rboles en Carre\u00f1o | Cand\u00e1s 365","description":"El Gobierno de Carre\u00f1o impulsa un plan de choque urgente para la poda de \u00e1rboles que requieran una actuaci\u00f3n prioritaria, fundamentalmente en aquellos casos que supongan un riesgo para la ciudadan\u00eda. Los trabajos previstos en este plan con medidas preventivas se prolongar\u00e1n al menos hasta el 5 de Febrero. \u201cDebido a las circunstancias acaecidas en","inLanguage":"es-ES","isPartOf":{"@id":"https:\/\/candas365.es\/noticias\/#website"},"breadcrumb":{"@id":"https:\/\/candas365.es\/noticias\/poda-de-arboles-en-carreno\/#breadcrumblist"},"author":{"@id":"https:\/\/candas365.es\/noticias\/author\/admin\/#author"},"creator":{"@id":"https:\/\/candas365.es\/noticias\/author\/admin\/#author"},"image":{"@type":"ImageObject","url":"https:\/\/candas365.es\/noticias\/wp-content\/uploads\/2020\/02\/poda-de-arboles-en-candas.jpg","@id":"https:\/\/candas365.es\/noticias\/poda-de-arboles-en-carreno\/#mainImage","width":1066,"height":786},"primaryImageOfPage":{"@id":"https:\/\/candas365.es\/noticias\/poda-de-arboles-en-carreno\/#mainImage"},"datePublished":"2020-02-02T00:29:18+01:00","dateModified":"2020-02-02T00:29:18+01:00"},{"@type":"WebSite","@id":"https:\/\/candas365.es\/noticias\/#website","url":"https:\/\/candas365.es\/noticias\/","name":"Cand\u00e1s 365","alternateName":"Cand\u00e1s 365 Noticias","description":"Actualidad desde Carre\u00f1o para el mundo","inLanguage":"es-ES","publisher":{"@id":"https:\/\/candas365.es\/noticias\/#organization"}}]},"og:locale":"es_ES","og:site_name":"Cand\u00e1s 365","og:type":"article","og:title":"Poda de \u00e1rboles en Carre\u00f1o | Cand\u00e1s 365","og:description":"El Gobierno de Carre\u00f1o impulsa un plan de choque urgente para la poda de \u00e1rboles que requieran una actuaci\u00f3n prioritaria, fundamentalmente en aquellos casos que supongan un riesgo para la ciudadan\u00eda. Los trabajos previstos en este plan con medidas preventivas se prolongar\u00e1n al menos hasta el 5 de Febrero. \u201cDebido a las circunstancias acaecidas en","og:url":"https:\/\/candas365.es\/noticias\/poda-de-arboles-en-carreno\/","og:image":"https:\/\/candas365.es\/noticias\/wp-content\/uploads\/2020\/02\/poda-de-arboles-en-candas.jpg","og:image:secure_url":"https:\/\/candas365.es\/noticias\/wp-content\/uploads\/2020\/02\/poda-de-arboles-en-candas.jpg","og:image:width":1066,"og:image:height":786,"article:published_time":"2020-02-02T00:29:18+00:00","article:modified_time":"2020-02-02T00:29:18+00:00","article:publisher":"https:\/\/www.facebook.com\/Nachofdezber","article:author":"https:\/\/www.facebook.com\/carrenoactualidad","twitter:card":"summary_large_image","twitter:site":"@NabercoDigital","twitter:title":"Poda de \u00e1rboles en Carre\u00f1o | Cand\u00e1s 365","twitter:description":"El Gobierno de Carre\u00f1o impulsa un plan de choque urgente para la poda de \u00e1rboles que requieran una actuaci\u00f3n prioritaria, fundamentalmente en aquellos casos que supongan un riesgo para la ciudadan\u00eda. Los trabajos previstos en este plan con medidas preventivas se prolongar\u00e1n al menos hasta el 5 de Febrero. \u201cDebido a las circunstancias acaecidas en","twitter:creator":"@nbasturias","twitter:image":"https:\/\/candas365.es\/noticias\/wp-content\/uploads\/2020\/02\/poda-de-arboles-en-candas.jpg","twitter:label1":"Escrito por","twitter:data1":"Cand\u00e1s 365","twitter:label2":"Tiempo de lectura estimado","twitter:data2":"2 minutos"},"aioseo_meta_data":{"post_id":"137508","title":null,"description":null,"keywords":null,"keyphrases":null,"primary_term":null,"canonical_url":null,"og_title":null,"og_description":null,"og_object_type":"default","og_image_type":"default","og_image_url":null,"og_image_width":null,"og_image_height":null,"og_image_custom_url":null,"og_image_custom_fields":null,"og_video":null,"og_custom_url":null,"og_article_section":null,"og_article_tags":null,"twitter_use_og":false,"twitter_card":"default","twitter_image_type":"default","twitter_image_url":null,"twitter_image_custom_url":null,"twitter_image_custom_fields":null,"twitter_title":null,"twitter_description":null,"schema":{"blockGraphs":[],"customGraphs":[],"default":{"data":{"Article":[],"Course":[],"Dataset":[],"FAQPage":[],"Movie":[],"Person":[],"Product":[],"ProductReview":[],"Car":[],"Recipe":[],"Service":[],"SoftwareApplication":[],"WebPage":[]},"graphName":"","isEnabled":true},"graphs":[]},"schema_type":null,"schema_type_options":null,"pillar_content":false,"robots_default":true,"robots_noindex":false,"robots_noarchive":false,"robots_nosnippet":false,"robots_nofollow":false,"robots_noimageindex":false,"robots_noodp":false,"robots_notranslate":false,"robots_max_snippet":null,"robots_max_videopreview":null,"robots_max_imagepreview":"large","priority":null,"frequency":null,"location":null,"local_seo":null,"seo_analyzer_scan_date":"2025-08-30 23:01:32","breadcrumb_settings":null,"limit_modified_date":false,"reviewed_by":null,"open_ai":null,"ai":null,"created":"2020-12-21 10:45:56","updated":"2025-08-30 23:01:32"},"aioseo_breadcrumb":"<div class=\"aioseo-breadcrumbs\"><span class=\"aioseo-breadcrumb\">\n\t<a href=\"https:\/\/candas365.es\/noticias\" title=\"Home\">Home<\/a>\n<\/span><span class=\"aioseo-breadcrumb-separator\">&ndash;<\/span><span class=\"aioseo-breadcrumb\">\n\t<a href=\"https:\/\/candas365.es\/noticias\/category\/noticias-carreno\/\" title=\"Noticias Carre\u00f1o\">Noticias Carre\u00f1o<\/a>\n<\/span><span class=\"aioseo-breadcrumb-separator\">&ndash;<\/span><span class=\"aioseo-breadcrumb\">\n\tPoda de \u00e1rboles en Carre\u00f1o\n<\/span><\/div>","aioseo_breadcrumb_json":[{"label":"Home","link":"https:\/\/candas365.es\/noticias"},{"label":"Noticias Carre\u00f1o","link":"https:\/\/candas365.es\/noticias\/category\/noticias-carreno\/"},{"label":"Poda de \u00e1rboles en Carre\u00f1o","link":"https:\/\/candas365.es\/noticias\/poda-de-arboles-en-carreno\/"}],"_links":{"self":[{"href":"https:\/\/candas365.es\/noticias\/wp-json\/wp\/v2\/posts\/137508","targetHints":{"allow":["GET"]}}],"collection":[{"href":"https:\/\/candas365.es\/noticias\/wp-json\/wp\/v2\/posts"}],"about":[{"href":"https:\/\/candas365.es\/noticias\/wp-json\/wp\/v2\/types\/post"}],"author":[{"embeddable":true,"href":"https:\/\/candas365.es\/noticias\/wp-json\/wp\/v2\/users\/1"}],"replies":[{"embeddable":true,"href":"https:\/\/candas365.es\/noticias\/wp-json\/wp\/v2\/comments?post=137508"}],"version-history":[{"count":0,"href":"https:\/\/candas365.es\/noticias\/wp-json\/wp\/v2\/posts\/137508\/revisions"}],"wp:featuredmedia":[{"embeddable":true,"href":"https:\/\/candas365.es\/noticias\/wp-json\/wp\/v2\/media\/137509"}],"wp:attachment":[{"href":"https:\/\/candas365.es\/noticias\/wp-json\/wp\/v2\/media?parent=137508"}],"wp:term":[{"taxonomy":"category","embeddable":true,"href":"https:\/\/candas365.es\/noticias\/wp-json\/wp\/v2\/categories?post=137508"},{"taxonomy":"post_tag","embeddable":true,"href":"https:\/\/candas365.es\/noticias\/wp-json\/wp\/v2\/tags?post=137508"}],"curies":[{"name":"wp","href":"https:\/\/api.w.org\/{rel}","templated":true}]}}