{"id":137506,"date":"2020-02-01T21:21:36","date_gmt":"2020-02-01T21:21:36","guid":{"rendered":"http:\/\/candas365.es\/noticias\/?p=137506"},"modified":"2020-02-01T21:21:36","modified_gmt":"2020-02-01T21:21:36","slug":"muestra-retrospectiva-de-david-hockney-en-el-bucerius-kunstforum-de-hamburgo","status":"publish","type":"post","link":"https:\/\/candas365.es\/noticias\/muestra-retrospectiva-de-david-hockney-en-el-bucerius-kunstforum-de-hamburgo\/","title":{"rendered":"Muestra retrospectiva de David Hockney en el Bucerius Kunstforum de Hamburgo"},"content":{"rendered":"<p>Hamburgo (Alemania), 1 feb (dpa) &#8211; Una muestra retrospectiva de las obras del artista brit\u00e1nico David Hockney se inaugur\u00f3 hoy en el Bucerius Kunstforum de Hamburgo en cooperaci\u00f3n con la Tate Gallery de Londres.<\/p>\n<p>Hockney, de 82 a\u00f1os, est\u00e1 considerado como el \u00abAndy Warhol brit\u00e1nico\u00bb y es uno de los artistas contempor\u00e1neos m\u00e1s destacados.<\/p>\n<p>La exposici\u00f3n re\u00fane alrededor de cien obras, la mayor\u00eda de las cuales provienen de la colecci\u00f3n del museo brit\u00e1nico.<\/p>\n<p>\u00abThe First Marriage\u00bb (El primer matrimonio), \u00abMr and Mrs Clark and Percy\u00bb (El Sr. y Sra. Clark junto a Percy) o \u00abMy Parents\u00bb (Mis padres) son algunas de las principales obras del artista que se exhiben por primera vez en Alemania.<\/p>\n<p>La muestra en la galer\u00eda de arte en Hamburgo se podr\u00e1 visitar hasta el 10 de mayo.<\/p>\n<p>\u00abLo que que hace a Hockney especial y un gran artista es que el espectador es siempre parte de la obra. Siempre lo tiene en su mente y lo incluye, por eso sus obras tienen algo tan fascinante y conmovedor\u00bb, explic\u00f3 la directora del Bucerius Kunstforum, Kathrin Baumstark.<\/p>\n","protected":false},"excerpt":{"rendered":"<p>Hamburgo (Alemania), 1 feb (dpa) &#8211; Una muestra retrospectiva de las obras del artista brit\u00e1nico David Hockney se inaugur\u00f3 hoy en el Bucerius Kunstforum de Hamburgo en cooperaci\u00f3n con la Tate Gallery de Londres. Hockney, de 82 a\u00f1os, est\u00e1 considerado como el \u00abAndy Warhol brit\u00e1nico\u00bb y es uno de los artistas contempor\u00e1neos m\u00e1s destacados. La<\/p>\n","protected":false},"author":1,"featured_media":270,"comment_status":"closed","ping_status":"closed","sticky":false,"template":"","format":"standard","meta":{"footnotes":""},"categories":[1],"tags":[],"class_list":{"0":"post-137506","1":"post","2":"type-post","3":"status-publish","4":"format-standard","5":"has-post-thumbnail","7":"category-agenda"},"aioseo_notices":[],"aioseo_head":"\n\t\t<!-- All in One SEO Pro 4.9.6.2 - aioseo.com -->\n\t<meta name=\"description\" content=\"Hamburgo (Alemania), 1 feb (dpa) - Una muestra retrospectiva de las obras del artista brit\u00e1nico David Hockney se inaugur\u00f3 hoy en el Bucerius Kunstforum de Hamburgo en cooperaci\u00f3n con la Tate Gallery de Londres. Hockney, de 82 a\u00f1os, est\u00e1 considerado como el &quot;Andy Warhol brit\u00e1nico&quot; y es uno de los artistas contempor\u00e1neos m\u00e1s destacados. La\" \/>\n\t<meta name=\"robots\" content=\"max-image-preview:large\" \/>\n\t<meta name=\"author\" content=\"Cand\u00e1s 365\"\/>\n\t<meta name=\"google-site-verification\" content=\"UA-32230408-1\" \/>\n\t<meta name=\"msvalidate.01\" content=\"354F3CDFB2DA171B47FBE9ABF1F88D5\" \/>\n\t<meta name=\"keywords\" content=\"agenda\" \/>\n\t<link rel=\"canonical\" href=\"https:\/\/candas365.es\/noticias\/muestra-retrospectiva-de-david-hockney-en-el-bucerius-kunstforum-de-hamburgo\/\" \/>\n\t<meta name=\"generator\" content=\"All in One SEO Pro (AIOSEO) 4.9.6.2\" \/>\n\t\t<meta property=\"og:locale\" content=\"es_ES\" \/>\n\t\t<meta property=\"og:site_name\" content=\"Cand\u00e1s 365\" \/>\n\t\t<meta property=\"og:type\" content=\"article\" \/>\n\t\t<meta property=\"og:title\" content=\"Muestra retrospectiva de David Hockney en el Bucerius Kunstforum de Hamburgo | Cand\u00e1s 365\" \/>\n\t\t<meta property=\"og:description\" content=\"Hamburgo (Alemania), 1 feb (dpa) - Una muestra retrospectiva de las obras del artista brit\u00e1nico David Hockney se inaugur\u00f3 hoy en el Bucerius Kunstforum de Hamburgo en cooperaci\u00f3n con la Tate Gallery de Londres. Hockney, de 82 a\u00f1os, est\u00e1 considerado como el &quot;Andy Warhol brit\u00e1nico&quot; y es uno de los artistas contempor\u00e1neos m\u00e1s destacados. La\" \/>\n\t\t<meta property=\"og:url\" content=\"https:\/\/candas365.es\/noticias\/muestra-retrospectiva-de-david-hockney-en-el-bucerius-kunstforum-de-hamburgo\/\" \/>\n\t\t<meta property=\"og:image\" content=\"https:\/\/candas365.es\/noticias\/wp-content\/uploads\/2014\/09\/agenda.jpg\" \/>\n\t\t<meta property=\"og:image:secure_url\" content=\"https:\/\/candas365.es\/noticias\/wp-content\/uploads\/2014\/09\/agenda.jpg\" \/>\n\t\t<meta property=\"og:image:width\" content=\"500\" \/>\n\t\t<meta property=\"og:image:height\" content=\"331\" \/>\n\t\t<meta property=\"article:published_time\" content=\"2020-02-01T21:21:36+00:00\" \/>\n\t\t<meta property=\"article:modified_time\" content=\"2020-02-01T21:21:36+00:00\" \/>\n\t\t<meta property=\"article:publisher\" content=\"https:\/\/www.facebook.com\/Nachofdezber\" \/>\n\t\t<meta property=\"article:author\" content=\"https:\/\/www.facebook.com\/carrenoactualidad\" \/>\n\t\t<meta name=\"twitter:card\" content=\"summary_large_image\" \/>\n\t\t<meta name=\"twitter:site\" content=\"@NabercoDigital\" \/>\n\t\t<meta name=\"twitter:title\" content=\"Muestra retrospectiva de David Hockney en el Bucerius Kunstforum de Hamburgo | Cand\u00e1s 365\" \/>\n\t\t<meta name=\"twitter:description\" content=\"Hamburgo (Alemania), 1 feb (dpa) - Una muestra retrospectiva de las obras del artista brit\u00e1nico David Hockney se inaugur\u00f3 hoy en el Bucerius Kunstforum de Hamburgo en cooperaci\u00f3n con la Tate Gallery de Londres. Hockney, de 82 a\u00f1os, est\u00e1 considerado como el &quot;Andy Warhol brit\u00e1nico&quot; y es uno de los artistas contempor\u00e1neos m\u00e1s destacados. La\" \/>\n\t\t<meta name=\"twitter:creator\" content=\"@nbasturias\" \/>\n\t\t<meta name=\"twitter:image\" content=\"https:\/\/candas365.es\/noticias\/wp-content\/uploads\/2014\/09\/agenda.jpg\" \/>\n\t\t<meta name=\"twitter:label1\" content=\"Escrito por\" \/>\n\t\t<meta name=\"twitter:data1\" content=\"Cand\u00e1s 365\" \/>\n\t\t<meta name=\"twitter:label2\" content=\"Tiempo de lectura estimado\" \/>\n\t\t<meta name=\"twitter:data2\" content=\"1 minuto\" \/>\n\t\t<script type=\"application\/ld+json\" class=\"aioseo-schema\">\n\t\t\t{\"@context\":\"https:\\\/\\\/schema.org\",\"@graph\":[{\"@type\":\"BreadcrumbList\",\"@id\":\"https:\\\/\\\/candas365.es\\\/noticias\\\/muestra-retrospectiva-de-david-hockney-en-el-bucerius-kunstforum-de-hamburgo\\\/#breadcrumblist\",\"itemListElement\":[{\"@type\":\"ListItem\",\"@id\":\"https:\\\/\\\/candas365.es\\\/noticias#listItem\",\"position\":1,\"name\":\"Home\",\"item\":\"https:\\\/\\\/candas365.es\\\/noticias\",\"nextItem\":{\"@type\":\"ListItem\",\"@id\":\"https:\\\/\\\/candas365.es\\\/noticias\\\/category\\\/agenda\\\/#listItem\",\"name\":\"Agenda\"}},{\"@type\":\"ListItem\",\"@id\":\"https:\\\/\\\/candas365.es\\\/noticias\\\/category\\\/agenda\\\/#listItem\",\"position\":2,\"name\":\"Agenda\",\"item\":\"https:\\\/\\\/candas365.es\\\/noticias\\\/category\\\/agenda\\\/\",\"nextItem\":{\"@type\":\"ListItem\",\"@id\":\"https:\\\/\\\/candas365.es\\\/noticias\\\/muestra-retrospectiva-de-david-hockney-en-el-bucerius-kunstforum-de-hamburgo\\\/#listItem\",\"name\":\"Muestra retrospectiva de David Hockney en el Bucerius Kunstforum de Hamburgo\"},\"previousItem\":{\"@type\":\"ListItem\",\"@id\":\"https:\\\/\\\/candas365.es\\\/noticias#listItem\",\"name\":\"Home\"}},{\"@type\":\"ListItem\",\"@id\":\"https:\\\/\\\/candas365.es\\\/noticias\\\/muestra-retrospectiva-de-david-hockney-en-el-bucerius-kunstforum-de-hamburgo\\\/#listItem\",\"position\":3,\"name\":\"Muestra retrospectiva de David Hockney en el Bucerius Kunstforum de Hamburgo\",\"previousItem\":{\"@type\":\"ListItem\",\"@id\":\"https:\\\/\\\/candas365.es\\\/noticias\\\/category\\\/agenda\\\/#listItem\",\"name\":\"Agenda\"}}]},{\"@type\":\"NewsArticle\",\"@id\":\"https:\\\/\\\/candas365.es\\\/noticias\\\/muestra-retrospectiva-de-david-hockney-en-el-bucerius-kunstforum-de-hamburgo\\\/#newsarticle\",\"name\":\"Muestra retrospectiva de David Hockney en el Bucerius Kunstforum de Hamburgo | Cand\\u00e1s 365\",\"headline\":\"Muestra retrospectiva de David Hockney en el Bucerius Kunstforum de Hamburgo\",\"author\":{\"@id\":\"https:\\\/\\\/candas365.es\\\/noticias\\\/author\\\/admin\\\/#author\"},\"publisher\":{\"@id\":\"https:\\\/\\\/candas365.es\\\/noticias\\\/#organization\"},\"image\":{\"@type\":\"ImageObject\",\"url\":\"https:\\\/\\\/candas365.es\\\/noticias\\\/wp-content\\\/uploads\\\/2014\\\/09\\\/agenda.jpg\",\"width\":500,\"height\":331},\"datePublished\":\"2020-02-01T21:21:36+01:00\",\"dateModified\":\"2020-02-01T21:21:36+01:00\",\"inLanguage\":\"es-ES\",\"mainEntityOfPage\":{\"@id\":\"https:\\\/\\\/candas365.es\\\/noticias\\\/muestra-retrospectiva-de-david-hockney-en-el-bucerius-kunstforum-de-hamburgo\\\/#webpage\"},\"isPartOf\":{\"@id\":\"https:\\\/\\\/candas365.es\\\/noticias\\\/muestra-retrospectiva-de-david-hockney-en-el-bucerius-kunstforum-de-hamburgo\\\/#webpage\"},\"articleSection\":\"Agenda\",\"dateline\":\"Publicado el febrero 1, 2020.\"},{\"@type\":\"Organization\",\"@id\":\"https:\\\/\\\/candas365.es\\\/noticias\\\/#organization\",\"name\":\"Cand\\u00e1s 365\",\"description\":\"Cand\\u00e1s 365 es un diario digital independiente, fundado en 2012, con base en Asturias. Informamos con rigor sobre actualidad, sociedad, cultura y ocio, con una mirada local y global.\",\"url\":\"https:\\\/\\\/candas365.es\\\/noticias\\\/\",\"email\":\"info@candas365.es\",\"telephone\":\"+34652131393\",\"foundingDate\":\"2012-06-10\",\"logo\":{\"@type\":\"ImageObject\",\"url\":\"https:\\\/\\\/candas365.es\\\/noticias\\\/wp-content\\\/uploads\\\/2024\\\/09\\\/Candas-365-Redes.jpg\",\"@id\":\"https:\\\/\\\/candas365.es\\\/noticias\\\/muestra-retrospectiva-de-david-hockney-en-el-bucerius-kunstforum-de-hamburgo\\\/#organizationLogo\",\"width\":1152,\"height\":864,\"caption\":\"Cand\\u00e1s 365 Redes\"},\"image\":{\"@id\":\"https:\\\/\\\/candas365.es\\\/noticias\\\/muestra-retrospectiva-de-david-hockney-en-el-bucerius-kunstforum-de-hamburgo\\\/#organizationLogo\"},\"sameAs\":[\"https:\\\/\\\/www.facebook.com\\\/Nachofdezber\",\"https:\\\/\\\/x.com\\\/NabercoDigital\",\"https:\\\/\\\/www.instagram.com\\\/nachofdezber\\\/\",\"https:\\\/\\\/www.youtube.com\\\/channel\\\/UCZP-2wLEB9Rv6erhFmqVnvg\"],\"address\":{\"@id\":\"https:\\\/\\\/candas365.es\\\/noticias\\\/#postaladdress\",\"@type\":\"PostalAddress\",\"streetAddress\":\"san antonio 4, san antonio 4\",\"postalCode\":\"33430\",\"addressLocality\":\"Cand\\u00e1s\",\"addressRegion\":\"Asturias\",\"addressCountry\":\"ES\"}},{\"@type\":\"Person\",\"@id\":\"https:\\\/\\\/candas365.es\\\/noticias\\\/author\\\/admin\\\/#author\",\"url\":\"https:\\\/\\\/candas365.es\\\/noticias\\\/author\\\/admin\\\/\",\"name\":\"Cand\\u00e1s 365\",\"image\":{\"@type\":\"ImageObject\",\"@id\":\"https:\\\/\\\/candas365.es\\\/noticias\\\/muestra-retrospectiva-de-david-hockney-en-el-bucerius-kunstforum-de-hamburgo\\\/#authorImage\",\"url\":\"https:\\\/\\\/secure.gravatar.com\\\/avatar\\\/496a8e03d0c493ede1718b7934145dbdf8d89be1036b0eec9544e1094c9de390?s=96&d=mm&r=g\",\"width\":96,\"height\":96,\"caption\":\"Cand\\u00e1s 365\"},\"sameAs\":[\"https:\\\/\\\/www.facebook.com\\\/carrenoactualidad\",\"https:\\\/\\\/twitter.com\\\/nbasturias\",\"https:\\\/\\\/www.instagram.com\\\/nachofdezber\\\/\",\"https:\\\/\\\/www.youtube.com\\\/channel\\\/UCZP-2wLEB9Rv6erhFmqVnvg\"]},{\"@type\":\"WebPage\",\"@id\":\"https:\\\/\\\/candas365.es\\\/noticias\\\/muestra-retrospectiva-de-david-hockney-en-el-bucerius-kunstforum-de-hamburgo\\\/#webpage\",\"url\":\"https:\\\/\\\/candas365.es\\\/noticias\\\/muestra-retrospectiva-de-david-hockney-en-el-bucerius-kunstforum-de-hamburgo\\\/\",\"name\":\"Muestra retrospectiva de David Hockney en el Bucerius Kunstforum de Hamburgo | Cand\\u00e1s 365\",\"description\":\"Hamburgo (Alemania), 1 feb (dpa) - Una muestra retrospectiva de las obras del artista brit\\u00e1nico David Hockney se inaugur\\u00f3 hoy en el Bucerius Kunstforum de Hamburgo en cooperaci\\u00f3n con la Tate Gallery de Londres. Hockney, de 82 a\\u00f1os, est\\u00e1 considerado como el \\\"Andy Warhol brit\\u00e1nico\\\" y es uno de los artistas contempor\\u00e1neos m\\u00e1s destacados. La\",\"inLanguage\":\"es-ES\",\"isPartOf\":{\"@id\":\"https:\\\/\\\/candas365.es\\\/noticias\\\/#website\"},\"breadcrumb\":{\"@id\":\"https:\\\/\\\/candas365.es\\\/noticias\\\/muestra-retrospectiva-de-david-hockney-en-el-bucerius-kunstforum-de-hamburgo\\\/#breadcrumblist\"},\"author\":{\"@id\":\"https:\\\/\\\/candas365.es\\\/noticias\\\/author\\\/admin\\\/#author\"},\"creator\":{\"@id\":\"https:\\\/\\\/candas365.es\\\/noticias\\\/author\\\/admin\\\/#author\"},\"image\":{\"@type\":\"ImageObject\",\"url\":\"https:\\\/\\\/candas365.es\\\/noticias\\\/wp-content\\\/uploads\\\/2014\\\/09\\\/agenda.jpg\",\"@id\":\"https:\\\/\\\/candas365.es\\\/noticias\\\/muestra-retrospectiva-de-david-hockney-en-el-bucerius-kunstforum-de-hamburgo\\\/#mainImage\",\"width\":500,\"height\":331},\"primaryImageOfPage\":{\"@id\":\"https:\\\/\\\/candas365.es\\\/noticias\\\/muestra-retrospectiva-de-david-hockney-en-el-bucerius-kunstforum-de-hamburgo\\\/#mainImage\"},\"datePublished\":\"2020-02-01T21:21:36+01:00\",\"dateModified\":\"2020-02-01T21:21:36+01:00\"},{\"@type\":\"WebSite\",\"@id\":\"https:\\\/\\\/candas365.es\\\/noticias\\\/#website\",\"url\":\"https:\\\/\\\/candas365.es\\\/noticias\\\/\",\"name\":\"Cand\\u00e1s 365\",\"alternateName\":\"Cand\\u00e1s 365 Noticias\",\"description\":\"Actualidad desde Carre\\u00f1o para el mundo\",\"inLanguage\":\"es-ES\",\"publisher\":{\"@id\":\"https:\\\/\\\/candas365.es\\\/noticias\\\/#organization\"}}]}\n\t\t<\/script>\n\t\t<!-- All in One SEO Pro -->\r\n\t\t<title>Muestra retrospectiva de David Hockney en el Bucerius Kunstforum de Hamburgo | Cand\u00e1s 365<\/title>\n\n","aioseo_head_json":{"title":"Muestra retrospectiva de David Hockney en el Bucerius Kunstforum de Hamburgo | Cand\u00e1s 365","description":"Hamburgo (Alemania), 1 feb (dpa) - Una muestra retrospectiva de las obras del artista brit\u00e1nico David Hockney se inaugur\u00f3 hoy en el Bucerius Kunstforum de Hamburgo en cooperaci\u00f3n con la Tate Gallery de Londres. Hockney, de 82 a\u00f1os, est\u00e1 considerado como el \"Andy Warhol brit\u00e1nico\" y es uno de los artistas contempor\u00e1neos m\u00e1s destacados. La","canonical_url":"https:\/\/candas365.es\/noticias\/muestra-retrospectiva-de-david-hockney-en-el-bucerius-kunstforum-de-hamburgo\/","robots":"max-image-preview:large","keywords":"agenda","webmasterTools":{"google-site-verification":"UA-32230408-1","msvalidate.01":"354F3CDFB2DA171B47FBE9ABF1F88D5","miscellaneous":""},"schema":{"@context":"https:\/\/schema.org","@graph":[{"@type":"BreadcrumbList","@id":"https:\/\/candas365.es\/noticias\/muestra-retrospectiva-de-david-hockney-en-el-bucerius-kunstforum-de-hamburgo\/#breadcrumblist","itemListElement":[{"@type":"ListItem","@id":"https:\/\/candas365.es\/noticias#listItem","position":1,"name":"Home","item":"https:\/\/candas365.es\/noticias","nextItem":{"@type":"ListItem","@id":"https:\/\/candas365.es\/noticias\/category\/agenda\/#listItem","name":"Agenda"}},{"@type":"ListItem","@id":"https:\/\/candas365.es\/noticias\/category\/agenda\/#listItem","position":2,"name":"Agenda","item":"https:\/\/candas365.es\/noticias\/category\/agenda\/","nextItem":{"@type":"ListItem","@id":"https:\/\/candas365.es\/noticias\/muestra-retrospectiva-de-david-hockney-en-el-bucerius-kunstforum-de-hamburgo\/#listItem","name":"Muestra retrospectiva de David Hockney en el Bucerius Kunstforum de Hamburgo"},"previousItem":{"@type":"ListItem","@id":"https:\/\/candas365.es\/noticias#listItem","name":"Home"}},{"@type":"ListItem","@id":"https:\/\/candas365.es\/noticias\/muestra-retrospectiva-de-david-hockney-en-el-bucerius-kunstforum-de-hamburgo\/#listItem","position":3,"name":"Muestra retrospectiva de David Hockney en el Bucerius Kunstforum de Hamburgo","previousItem":{"@type":"ListItem","@id":"https:\/\/candas365.es\/noticias\/category\/agenda\/#listItem","name":"Agenda"}}]},{"@type":"NewsArticle","@id":"https:\/\/candas365.es\/noticias\/muestra-retrospectiva-de-david-hockney-en-el-bucerius-kunstforum-de-hamburgo\/#newsarticle","name":"Muestra retrospectiva de David Hockney en el Bucerius Kunstforum de Hamburgo | Cand\u00e1s 365","headline":"Muestra retrospectiva de David Hockney en el Bucerius Kunstforum de Hamburgo","author":{"@id":"https:\/\/candas365.es\/noticias\/author\/admin\/#author"},"publisher":{"@id":"https:\/\/candas365.es\/noticias\/#organization"},"image":{"@type":"ImageObject","url":"https:\/\/candas365.es\/noticias\/wp-content\/uploads\/2014\/09\/agenda.jpg","width":500,"height":331},"datePublished":"2020-02-01T21:21:36+01:00","dateModified":"2020-02-01T21:21:36+01:00","inLanguage":"es-ES","mainEntityOfPage":{"@id":"https:\/\/candas365.es\/noticias\/muestra-retrospectiva-de-david-hockney-en-el-bucerius-kunstforum-de-hamburgo\/#webpage"},"isPartOf":{"@id":"https:\/\/candas365.es\/noticias\/muestra-retrospectiva-de-david-hockney-en-el-bucerius-kunstforum-de-hamburgo\/#webpage"},"articleSection":"Agenda","dateline":"Publicado el febrero 1, 2020."},{"@type":"Organization","@id":"https:\/\/candas365.es\/noticias\/#organization","name":"Cand\u00e1s 365","description":"Cand\u00e1s 365 es un diario digital independiente, fundado en 2012, con base en Asturias. Informamos con rigor sobre actualidad, sociedad, cultura y ocio, con una mirada local y global.","url":"https:\/\/candas365.es\/noticias\/","email":"info@candas365.es","telephone":"+34652131393","foundingDate":"2012-06-10","logo":{"@type":"ImageObject","url":"https:\/\/candas365.es\/noticias\/wp-content\/uploads\/2024\/09\/Candas-365-Redes.jpg","@id":"https:\/\/candas365.es\/noticias\/muestra-retrospectiva-de-david-hockney-en-el-bucerius-kunstforum-de-hamburgo\/#organizationLogo","width":1152,"height":864,"caption":"Cand\u00e1s 365 Redes"},"image":{"@id":"https:\/\/candas365.es\/noticias\/muestra-retrospectiva-de-david-hockney-en-el-bucerius-kunstforum-de-hamburgo\/#organizationLogo"},"sameAs":["https:\/\/www.facebook.com\/Nachofdezber","https:\/\/x.com\/NabercoDigital","https:\/\/www.instagram.com\/nachofdezber\/","https:\/\/www.youtube.com\/channel\/UCZP-2wLEB9Rv6erhFmqVnvg"],"address":{"@id":"https:\/\/candas365.es\/noticias\/#postaladdress","@type":"PostalAddress","streetAddress":"san antonio 4, san antonio 4","postalCode":"33430","addressLocality":"Cand\u00e1s","addressRegion":"Asturias","addressCountry":"ES"}},{"@type":"Person","@id":"https:\/\/candas365.es\/noticias\/author\/admin\/#author","url":"https:\/\/candas365.es\/noticias\/author\/admin\/","name":"Cand\u00e1s 365","image":{"@type":"ImageObject","@id":"https:\/\/candas365.es\/noticias\/muestra-retrospectiva-de-david-hockney-en-el-bucerius-kunstforum-de-hamburgo\/#authorImage","url":"https:\/\/secure.gravatar.com\/avatar\/496a8e03d0c493ede1718b7934145dbdf8d89be1036b0eec9544e1094c9de390?s=96&d=mm&r=g","width":96,"height":96,"caption":"Cand\u00e1s 365"},"sameAs":["https:\/\/www.facebook.com\/carrenoactualidad","https:\/\/twitter.com\/nbasturias","https:\/\/www.instagram.com\/nachofdezber\/","https:\/\/www.youtube.com\/channel\/UCZP-2wLEB9Rv6erhFmqVnvg"]},{"@type":"WebPage","@id":"https:\/\/candas365.es\/noticias\/muestra-retrospectiva-de-david-hockney-en-el-bucerius-kunstforum-de-hamburgo\/#webpage","url":"https:\/\/candas365.es\/noticias\/muestra-retrospectiva-de-david-hockney-en-el-bucerius-kunstforum-de-hamburgo\/","name":"Muestra retrospectiva de David Hockney en el Bucerius Kunstforum de Hamburgo | Cand\u00e1s 365","description":"Hamburgo (Alemania), 1 feb (dpa) - Una muestra retrospectiva de las obras del artista brit\u00e1nico David Hockney se inaugur\u00f3 hoy en el Bucerius Kunstforum de Hamburgo en cooperaci\u00f3n con la Tate Gallery de Londres. Hockney, de 82 a\u00f1os, est\u00e1 considerado como el \"Andy Warhol brit\u00e1nico\" y es uno de los artistas contempor\u00e1neos m\u00e1s destacados. La","inLanguage":"es-ES","isPartOf":{"@id":"https:\/\/candas365.es\/noticias\/#website"},"breadcrumb":{"@id":"https:\/\/candas365.es\/noticias\/muestra-retrospectiva-de-david-hockney-en-el-bucerius-kunstforum-de-hamburgo\/#breadcrumblist"},"author":{"@id":"https:\/\/candas365.es\/noticias\/author\/admin\/#author"},"creator":{"@id":"https:\/\/candas365.es\/noticias\/author\/admin\/#author"},"image":{"@type":"ImageObject","url":"https:\/\/candas365.es\/noticias\/wp-content\/uploads\/2014\/09\/agenda.jpg","@id":"https:\/\/candas365.es\/noticias\/muestra-retrospectiva-de-david-hockney-en-el-bucerius-kunstforum-de-hamburgo\/#mainImage","width":500,"height":331},"primaryImageOfPage":{"@id":"https:\/\/candas365.es\/noticias\/muestra-retrospectiva-de-david-hockney-en-el-bucerius-kunstforum-de-hamburgo\/#mainImage"},"datePublished":"2020-02-01T21:21:36+01:00","dateModified":"2020-02-01T21:21:36+01:00"},{"@type":"WebSite","@id":"https:\/\/candas365.es\/noticias\/#website","url":"https:\/\/candas365.es\/noticias\/","name":"Cand\u00e1s 365","alternateName":"Cand\u00e1s 365 Noticias","description":"Actualidad desde Carre\u00f1o para el mundo","inLanguage":"es-ES","publisher":{"@id":"https:\/\/candas365.es\/noticias\/#organization"}}]},"og:locale":"es_ES","og:site_name":"Cand\u00e1s 365","og:type":"article","og:title":"Muestra retrospectiva de David Hockney en el Bucerius Kunstforum de Hamburgo | Cand\u00e1s 365","og:description":"Hamburgo (Alemania), 1 feb (dpa) - Una muestra retrospectiva de las obras del artista brit\u00e1nico David Hockney se inaugur\u00f3 hoy en el Bucerius Kunstforum de Hamburgo en cooperaci\u00f3n con la Tate Gallery de Londres. Hockney, de 82 a\u00f1os, est\u00e1 considerado como el &quot;Andy Warhol brit\u00e1nico&quot; y es uno de los artistas contempor\u00e1neos m\u00e1s destacados. La","og:url":"https:\/\/candas365.es\/noticias\/muestra-retrospectiva-de-david-hockney-en-el-bucerius-kunstforum-de-hamburgo\/","og:image":"https:\/\/candas365.es\/noticias\/wp-content\/uploads\/2014\/09\/agenda.jpg","og:image:secure_url":"https:\/\/candas365.es\/noticias\/wp-content\/uploads\/2014\/09\/agenda.jpg","og:image:width":500,"og:image:height":331,"article:published_time":"2020-02-01T21:21:36+00:00","article:modified_time":"2020-02-01T21:21:36+00:00","article:publisher":"https:\/\/www.facebook.com\/Nachofdezber","article:author":"https:\/\/www.facebook.com\/carrenoactualidad","twitter:card":"summary_large_image","twitter:site":"@NabercoDigital","twitter:title":"Muestra retrospectiva de David Hockney en el Bucerius Kunstforum de Hamburgo | Cand\u00e1s 365","twitter:description":"Hamburgo (Alemania), 1 feb (dpa) - Una muestra retrospectiva de las obras del artista brit\u00e1nico David Hockney se inaugur\u00f3 hoy en el Bucerius Kunstforum de Hamburgo en cooperaci\u00f3n con la Tate Gallery de Londres. Hockney, de 82 a\u00f1os, est\u00e1 considerado como el &quot;Andy Warhol brit\u00e1nico&quot; y es uno de los artistas contempor\u00e1neos m\u00e1s destacados. La","twitter:creator":"@nbasturias","twitter:image":"https:\/\/candas365.es\/noticias\/wp-content\/uploads\/2014\/09\/agenda.jpg","twitter:label1":"Escrito por","twitter:data1":"Cand\u00e1s 365","twitter:label2":"Tiempo de lectura estimado","twitter:data2":"1 minuto"},"aioseo_meta_data":{"post_id":"137506","title":null,"description":null,"keywords":null,"keyphrases":null,"primary_term":null,"canonical_url":null,"og_title":null,"og_description":null,"og_object_type":"default","og_image_type":"default","og_image_url":null,"og_image_width":null,"og_image_height":null,"og_image_custom_url":null,"og_image_custom_fields":null,"og_video":null,"og_custom_url":null,"og_article_section":null,"og_article_tags":null,"twitter_use_og":false,"twitter_card":"default","twitter_image_type":"default","twitter_image_url":null,"twitter_image_custom_url":null,"twitter_image_custom_fields":null,"twitter_title":null,"twitter_description":null,"schema":{"blockGraphs":[],"customGraphs":[],"default":{"data":{"Article":[],"Course":[],"Dataset":[],"FAQPage":[],"Movie":[],"Person":[],"Product":[],"ProductReview":[],"Car":[],"Recipe":[],"Service":[],"SoftwareApplication":[],"WebPage":[]},"graphName":"","isEnabled":true},"graphs":[]},"schema_type":null,"schema_type_options":null,"pillar_content":false,"robots_default":true,"robots_noindex":false,"robots_noarchive":false,"robots_nosnippet":false,"robots_nofollow":false,"robots_noimageindex":false,"robots_noodp":false,"robots_notranslate":false,"robots_max_snippet":null,"robots_max_videopreview":null,"robots_max_imagepreview":"large","priority":null,"frequency":null,"location":null,"local_seo":null,"seo_analyzer_scan_date":"2025-08-30 23:01:31","breadcrumb_settings":null,"limit_modified_date":false,"reviewed_by":null,"open_ai":null,"ai":null,"created":"2020-12-21 10:45:56","updated":"2025-08-30 23:01:31"},"aioseo_breadcrumb":"<div class=\"aioseo-breadcrumbs\"><span class=\"aioseo-breadcrumb\">\n\t<a href=\"https:\/\/candas365.es\/noticias\" title=\"Home\">Home<\/a>\n<\/span><span class=\"aioseo-breadcrumb-separator\">&ndash;<\/span><span class=\"aioseo-breadcrumb\">\n\t<a href=\"https:\/\/candas365.es\/noticias\/category\/agenda\/\" title=\"Agenda\">Agenda<\/a>\n<\/span><span class=\"aioseo-breadcrumb-separator\">&ndash;<\/span><span class=\"aioseo-breadcrumb\">\n\tMuestra retrospectiva de David Hockney en el Bucerius Kunstforum de Hamburgo\n<\/span><\/div>","aioseo_breadcrumb_json":[{"label":"Home","link":"https:\/\/candas365.es\/noticias"},{"label":"Agenda","link":"https:\/\/candas365.es\/noticias\/category\/agenda\/"},{"label":"Muestra retrospectiva de David Hockney en el Bucerius Kunstforum de Hamburgo","link":"https:\/\/candas365.es\/noticias\/muestra-retrospectiva-de-david-hockney-en-el-bucerius-kunstforum-de-hamburgo\/"}],"_links":{"self":[{"href":"https:\/\/candas365.es\/noticias\/wp-json\/wp\/v2\/posts\/137506","targetHints":{"allow":["GET"]}}],"collection":[{"href":"https:\/\/candas365.es\/noticias\/wp-json\/wp\/v2\/posts"}],"about":[{"href":"https:\/\/candas365.es\/noticias\/wp-json\/wp\/v2\/types\/post"}],"author":[{"embeddable":true,"href":"https:\/\/candas365.es\/noticias\/wp-json\/wp\/v2\/users\/1"}],"replies":[{"embeddable":true,"href":"https:\/\/candas365.es\/noticias\/wp-json\/wp\/v2\/comments?post=137506"}],"version-history":[{"count":0,"href":"https:\/\/candas365.es\/noticias\/wp-json\/wp\/v2\/posts\/137506\/revisions"}],"wp:featuredmedia":[{"embeddable":true,"href":"https:\/\/candas365.es\/noticias\/wp-json\/wp\/v2\/media\/270"}],"wp:attachment":[{"href":"https:\/\/candas365.es\/noticias\/wp-json\/wp\/v2\/media?parent=137506"}],"wp:term":[{"taxonomy":"category","embeddable":true,"href":"https:\/\/candas365.es\/noticias\/wp-json\/wp\/v2\/categories?post=137506"},{"taxonomy":"post_tag","embeddable":true,"href":"https:\/\/candas365.es\/noticias\/wp-json\/wp\/v2\/tags?post=137506"}],"curies":[{"name":"wp","href":"https:\/\/api.w.org\/{rel}","templated":true}]}}