{"id":137240,"date":"2020-01-27T20:55:48","date_gmt":"2020-01-27T20:55:48","guid":{"rendered":"http:\/\/candas365.es\/noticias\/?p=137240"},"modified":"2020-01-27T20:55:48","modified_gmt":"2020-01-27T20:55:48","slug":"kimmich-no-se-que-sera-lo-mejor-para-mi-carrera-en-dos-o-tres-anos","status":"publish","type":"post","link":"https:\/\/candas365.es\/noticias\/kimmich-no-se-que-sera-lo-mejor-para-mi-carrera-en-dos-o-tres-anos\/","title":{"rendered":"Kimmich: \u00abNo s\u00e9 qu\u00e9 ser\u00e1 lo mejor para mi carrera en dos o tres a\u00f1os\u00bb"},"content":{"rendered":"<figure id=\"attachment_137241\" aria-describedby=\"caption-attachment-137241\" style=\"width: 360px\" class=\"wp-caption alignleft\"><img fetchpriority=\"high\" decoding=\"async\" class=\"wp-image-137241 size-medium\" src=\"https:\/\/candas365.es\/noticias\/wp-content\/uploads\/2020\/01\/Kimmich-dpa-360x248.jpg\" alt=\"\" width=\"360\" height=\"248\" srcset=\"https:\/\/candas365.es\/noticias\/wp-content\/uploads\/2020\/01\/Kimmich-dpa-360x248.jpg 360w, https:\/\/candas365.es\/noticias\/wp-content\/uploads\/2020\/01\/Kimmich-dpa-655x452.jpg 655w, https:\/\/candas365.es\/noticias\/wp-content\/uploads\/2020\/01\/Kimmich-dpa-768x530.jpg 768w, https:\/\/candas365.es\/noticias\/wp-content\/uploads\/2020\/01\/Kimmich-dpa-218x150.jpg 218w, https:\/\/candas365.es\/noticias\/wp-content\/uploads\/2020\/01\/Kimmich-dpa-696x480.jpg 696w, https:\/\/candas365.es\/noticias\/wp-content\/uploads\/2020\/01\/Kimmich-dpa-609x420.jpg 609w, https:\/\/candas365.es\/noticias\/wp-content\/uploads\/2020\/01\/Kimmich-dpa-100x70.jpg 100w, https:\/\/candas365.es\/noticias\/wp-content\/uploads\/2020\/01\/Kimmich-dpa.jpg 971w\" sizes=\"(max-width: 360px) 100vw, 360px\" \/><figcaption id=\"caption-attachment-137241\" class=\"wp-caption-text\">Foto: Tobias Hase\/dpa<\/figcaption><\/figure>\n<p>M\u00fanich, 27 ene (dpa) &#8211; El jugador de la selecci\u00f3n alemana de f\u00fatbol Joshua Kimmich, que actualmente integra el Bayern M\u00fanich, no descarta ser transferido al exterior en el futuro, seg\u00fan declaraciones que publica hoy la revista especializada \u00abKicker\u00bb.<\/p>\n<p>El futbolista dijo que siempre se pregunta si marcar una era en el Bayern o experimentar diversas escalas, tambi\u00e9n en el exterior. \u00abPero ahora no puedo responder muy bien a esa pregunta porque no s\u00e9 qu\u00e9 ser\u00e1 lo mejor para mi carrera en dos o tres a\u00f1os\u00bb, sostuvo.<\/p>\n<p>\u00abAhora claramente mi meta es marcar una era con el Bayern M\u00fanich con el enorme objetivo de ganar la Champions League\u00bb, a\u00f1adi\u00f3.<\/p>\n<p>El jugador de 24 a\u00f1os prolong\u00f3 en marzo de 2018 su contrato con el Bayern hasta 2023. Pero tambi\u00e9n se sabe que el espa\u00f1ol Pep Guardiola, entrenador del Manchester City, es fan de Kimmich.<\/p>\n<p>En general, dijo el alem\u00e1n, le parece bonito que a\u00fan exista la lealtad al club. \u00abJustamente aqu\u00ed en el Bayern M\u00fanich hay muchos componentes que encajan, sobre todo el deportivo, al igual que todo lo que hay alrededor\u00bb, dijo Kimmich, para el que es importante poder jugar siempre por la Champions League.<\/p>\n<p>El jugador record\u00f3 que en la temporada pasada y tambi\u00e9n en esta el Bayern no estuvo jugando tan bien. \u00abCuando llegu\u00e9 eso era diferente. Entonces sal\u00edamos al campo y sab\u00edamos que el rival necesitaba un d\u00eda de mucha suerte para volverse peligroso para nosotros\u00bb.<\/p>\n","protected":false},"excerpt":{"rendered":"<p>M\u00fanich, 27 ene (dpa) &#8211; El jugador de la selecci\u00f3n alemana de f\u00fatbol Joshua Kimmich, que actualmente integra el Bayern M\u00fanich, no descarta ser transferido al exterior en el futuro, seg\u00fan declaraciones que publica hoy la revista especializada \u00abKicker\u00bb. El futbolista dijo que siempre se pregunta si marcar una era en el Bayern o experimentar<\/p>\n","protected":false},"author":1,"featured_media":137241,"comment_status":"closed","ping_status":"closed","sticky":false,"template":"","format":"standard","meta":{"footnotes":""},"categories":[319],"tags":[],"class_list":{"0":"post-137240","1":"post","2":"type-post","3":"status-publish","4":"format-standard","5":"has-post-thumbnail","7":"category-deporte"},"aioseo_notices":[],"aioseo_head":"\n\t\t<!-- All in One SEO Pro 4.9.6.2 - aioseo.com -->\n\t<meta name=\"description\" content=\"M\u00fanich, 27 ene (dpa) - El jugador de la selecci\u00f3n alemana de f\u00fatbol Joshua Kimmich, que actualmente integra el Bayern M\u00fanich, no descarta ser transferido al exterior en el futuro, seg\u00fan declaraciones que publica hoy la revista especializada &quot;Kicker&quot;. El futbolista dijo que siempre se pregunta si marcar una era en el Bayern o experimentar\" \/>\n\t<meta name=\"robots\" content=\"max-image-preview:large\" \/>\n\t<meta name=\"author\" content=\"Cand\u00e1s 365\"\/>\n\t<meta name=\"google-site-verification\" content=\"UA-32230408-1\" \/>\n\t<meta name=\"msvalidate.01\" content=\"354F3CDFB2DA171B47FBE9ABF1F88D5\" \/>\n\t<meta name=\"keywords\" content=\"deporte\" \/>\n\t<link rel=\"canonical\" href=\"https:\/\/candas365.es\/noticias\/kimmich-no-se-que-sera-lo-mejor-para-mi-carrera-en-dos-o-tres-anos\/\" \/>\n\t<meta name=\"generator\" content=\"All in One SEO Pro (AIOSEO) 4.9.6.2\" \/>\n\t\t<meta property=\"og:locale\" content=\"es_ES\" \/>\n\t\t<meta property=\"og:site_name\" content=\"Cand\u00e1s 365\" \/>\n\t\t<meta property=\"og:type\" content=\"article\" \/>\n\t\t<meta property=\"og:title\" content=\"Kimmich: \u00abNo s\u00e9 qu\u00e9 ser\u00e1 lo mejor para mi carrera en dos o tres a\u00f1os\u00bb | Cand\u00e1s 365\" \/>\n\t\t<meta property=\"og:description\" content=\"M\u00fanich, 27 ene (dpa) - El jugador de la selecci\u00f3n alemana de f\u00fatbol Joshua Kimmich, que actualmente integra el Bayern M\u00fanich, no descarta ser transferido al exterior en el futuro, seg\u00fan declaraciones que publica hoy la revista especializada &quot;Kicker&quot;. El futbolista dijo que siempre se pregunta si marcar una era en el Bayern o experimentar\" \/>\n\t\t<meta property=\"og:url\" content=\"https:\/\/candas365.es\/noticias\/kimmich-no-se-que-sera-lo-mejor-para-mi-carrera-en-dos-o-tres-anos\/\" \/>\n\t\t<meta property=\"og:image\" content=\"https:\/\/candas365.es\/noticias\/wp-content\/uploads\/2020\/01\/Kimmich-dpa.jpg\" \/>\n\t\t<meta property=\"og:image:secure_url\" content=\"https:\/\/candas365.es\/noticias\/wp-content\/uploads\/2020\/01\/Kimmich-dpa.jpg\" \/>\n\t\t<meta property=\"og:image:width\" content=\"971\" \/>\n\t\t<meta property=\"og:image:height\" content=\"670\" \/>\n\t\t<meta property=\"article:published_time\" content=\"2020-01-27T20:55:48+00:00\" \/>\n\t\t<meta property=\"article:modified_time\" content=\"2020-01-27T20:55:48+00:00\" \/>\n\t\t<meta property=\"article:publisher\" content=\"https:\/\/www.facebook.com\/Nachofdezber\" \/>\n\t\t<meta property=\"article:author\" content=\"https:\/\/www.facebook.com\/carrenoactualidad\" \/>\n\t\t<meta name=\"twitter:card\" content=\"summary_large_image\" \/>\n\t\t<meta name=\"twitter:site\" content=\"@NabercoDigital\" \/>\n\t\t<meta name=\"twitter:title\" content=\"Kimmich: \u00abNo s\u00e9 qu\u00e9 ser\u00e1 lo mejor para mi carrera en dos o tres a\u00f1os\u00bb | Cand\u00e1s 365\" \/>\n\t\t<meta name=\"twitter:description\" content=\"M\u00fanich, 27 ene (dpa) - El jugador de la selecci\u00f3n alemana de f\u00fatbol Joshua Kimmich, que actualmente integra el Bayern M\u00fanich, no descarta ser transferido al exterior en el futuro, seg\u00fan declaraciones que publica hoy la revista especializada &quot;Kicker&quot;. El futbolista dijo que siempre se pregunta si marcar una era en el Bayern o experimentar\" \/>\n\t\t<meta name=\"twitter:creator\" content=\"@nbasturias\" \/>\n\t\t<meta name=\"twitter:image\" content=\"https:\/\/candas365.es\/noticias\/wp-content\/uploads\/2020\/01\/Kimmich-dpa.jpg\" \/>\n\t\t<meta name=\"twitter:label1\" content=\"Escrito por\" \/>\n\t\t<meta name=\"twitter:data1\" content=\"Cand\u00e1s 365\" \/>\n\t\t<meta name=\"twitter:label2\" content=\"Tiempo de lectura estimado\" \/>\n\t\t<meta name=\"twitter:data2\" content=\"1 minuto\" \/>\n\t\t<script type=\"application\/ld+json\" class=\"aioseo-schema\">\n\t\t\t{\"@context\":\"https:\\\/\\\/schema.org\",\"@graph\":[{\"@type\":\"BreadcrumbList\",\"@id\":\"https:\\\/\\\/candas365.es\\\/noticias\\\/kimmich-no-se-que-sera-lo-mejor-para-mi-carrera-en-dos-o-tres-anos\\\/#breadcrumblist\",\"itemListElement\":[{\"@type\":\"ListItem\",\"@id\":\"https:\\\/\\\/candas365.es\\\/noticias#listItem\",\"position\":1,\"name\":\"Home\",\"item\":\"https:\\\/\\\/candas365.es\\\/noticias\",\"nextItem\":{\"@type\":\"ListItem\",\"@id\":\"https:\\\/\\\/candas365.es\\\/noticias\\\/category\\\/deporte\\\/#listItem\",\"name\":\"Deporte\"}},{\"@type\":\"ListItem\",\"@id\":\"https:\\\/\\\/candas365.es\\\/noticias\\\/category\\\/deporte\\\/#listItem\",\"position\":2,\"name\":\"Deporte\",\"item\":\"https:\\\/\\\/candas365.es\\\/noticias\\\/category\\\/deporte\\\/\",\"nextItem\":{\"@type\":\"ListItem\",\"@id\":\"https:\\\/\\\/candas365.es\\\/noticias\\\/kimmich-no-se-que-sera-lo-mejor-para-mi-carrera-en-dos-o-tres-anos\\\/#listItem\",\"name\":\"Kimmich: \\u00abNo s\\u00e9 qu\\u00e9 ser\\u00e1 lo mejor para mi carrera en dos o tres a\\u00f1os\\u00bb\"},\"previousItem\":{\"@type\":\"ListItem\",\"@id\":\"https:\\\/\\\/candas365.es\\\/noticias#listItem\",\"name\":\"Home\"}},{\"@type\":\"ListItem\",\"@id\":\"https:\\\/\\\/candas365.es\\\/noticias\\\/kimmich-no-se-que-sera-lo-mejor-para-mi-carrera-en-dos-o-tres-anos\\\/#listItem\",\"position\":3,\"name\":\"Kimmich: \\u00abNo s\\u00e9 qu\\u00e9 ser\\u00e1 lo mejor para mi carrera en dos o tres a\\u00f1os\\u00bb\",\"previousItem\":{\"@type\":\"ListItem\",\"@id\":\"https:\\\/\\\/candas365.es\\\/noticias\\\/category\\\/deporte\\\/#listItem\",\"name\":\"Deporte\"}}]},{\"@type\":\"NewsArticle\",\"@id\":\"https:\\\/\\\/candas365.es\\\/noticias\\\/kimmich-no-se-que-sera-lo-mejor-para-mi-carrera-en-dos-o-tres-anos\\\/#newsarticle\",\"name\":\"Kimmich: \\u00abNo s\\u00e9 qu\\u00e9 ser\\u00e1 lo mejor para mi carrera en dos o tres a\\u00f1os\\u00bb | Cand\\u00e1s 365\",\"headline\":\"Kimmich: \\u00abNo s\\u00e9 qu\\u00e9 ser\\u00e1 lo mejor para mi carrera en dos o tres a\\u00f1os\\u00bb\",\"author\":{\"@id\":\"https:\\\/\\\/candas365.es\\\/noticias\\\/author\\\/admin\\\/#author\"},\"publisher\":{\"@id\":\"https:\\\/\\\/candas365.es\\\/noticias\\\/#organization\"},\"image\":{\"@type\":\"ImageObject\",\"url\":\"https:\\\/\\\/candas365.es\\\/noticias\\\/wp-content\\\/uploads\\\/2020\\\/01\\\/Kimmich-dpa.jpg\",\"width\":971,\"height\":670},\"datePublished\":\"2020-01-27T20:55:48+01:00\",\"dateModified\":\"2020-01-27T20:55:48+01:00\",\"inLanguage\":\"es-ES\",\"mainEntityOfPage\":{\"@id\":\"https:\\\/\\\/candas365.es\\\/noticias\\\/kimmich-no-se-que-sera-lo-mejor-para-mi-carrera-en-dos-o-tres-anos\\\/#webpage\"},\"isPartOf\":{\"@id\":\"https:\\\/\\\/candas365.es\\\/noticias\\\/kimmich-no-se-que-sera-lo-mejor-para-mi-carrera-en-dos-o-tres-anos\\\/#webpage\"},\"articleSection\":\"Deporte\",\"dateline\":\"Publicado el enero 27, 2020.\"},{\"@type\":\"Organization\",\"@id\":\"https:\\\/\\\/candas365.es\\\/noticias\\\/#organization\",\"name\":\"Cand\\u00e1s 365\",\"description\":\"Cand\\u00e1s 365 es un diario digital independiente, fundado en 2012, con base en Asturias. Informamos con rigor sobre actualidad, sociedad, cultura y ocio, con una mirada local y global.\",\"url\":\"https:\\\/\\\/candas365.es\\\/noticias\\\/\",\"email\":\"info@candas365.es\",\"telephone\":\"+34652131393\",\"foundingDate\":\"2012-06-10\",\"logo\":{\"@type\":\"ImageObject\",\"url\":\"https:\\\/\\\/candas365.es\\\/noticias\\\/wp-content\\\/uploads\\\/2024\\\/09\\\/Candas-365-Redes.jpg\",\"@id\":\"https:\\\/\\\/candas365.es\\\/noticias\\\/kimmich-no-se-que-sera-lo-mejor-para-mi-carrera-en-dos-o-tres-anos\\\/#organizationLogo\",\"width\":1152,\"height\":864,\"caption\":\"Cand\\u00e1s 365 Redes\"},\"image\":{\"@id\":\"https:\\\/\\\/candas365.es\\\/noticias\\\/kimmich-no-se-que-sera-lo-mejor-para-mi-carrera-en-dos-o-tres-anos\\\/#organizationLogo\"},\"sameAs\":[\"https:\\\/\\\/www.facebook.com\\\/Nachofdezber\",\"https:\\\/\\\/x.com\\\/NabercoDigital\",\"https:\\\/\\\/www.instagram.com\\\/nachofdezber\\\/\",\"https:\\\/\\\/www.youtube.com\\\/channel\\\/UCZP-2wLEB9Rv6erhFmqVnvg\"],\"address\":{\"@id\":\"https:\\\/\\\/candas365.es\\\/noticias\\\/#postaladdress\",\"@type\":\"PostalAddress\",\"streetAddress\":\"san antonio 4, san antonio 4\",\"postalCode\":\"33430\",\"addressLocality\":\"Cand\\u00e1s\",\"addressRegion\":\"Asturias\",\"addressCountry\":\"ES\"}},{\"@type\":\"Person\",\"@id\":\"https:\\\/\\\/candas365.es\\\/noticias\\\/author\\\/admin\\\/#author\",\"url\":\"https:\\\/\\\/candas365.es\\\/noticias\\\/author\\\/admin\\\/\",\"name\":\"Cand\\u00e1s 365\",\"image\":{\"@type\":\"ImageObject\",\"@id\":\"https:\\\/\\\/candas365.es\\\/noticias\\\/kimmich-no-se-que-sera-lo-mejor-para-mi-carrera-en-dos-o-tres-anos\\\/#authorImage\",\"url\":\"https:\\\/\\\/secure.gravatar.com\\\/avatar\\\/496a8e03d0c493ede1718b7934145dbdf8d89be1036b0eec9544e1094c9de390?s=96&d=mm&r=g\",\"width\":96,\"height\":96,\"caption\":\"Cand\\u00e1s 365\"},\"sameAs\":[\"https:\\\/\\\/www.facebook.com\\\/carrenoactualidad\",\"https:\\\/\\\/twitter.com\\\/nbasturias\",\"https:\\\/\\\/www.instagram.com\\\/nachofdezber\\\/\",\"https:\\\/\\\/www.youtube.com\\\/channel\\\/UCZP-2wLEB9Rv6erhFmqVnvg\"]},{\"@type\":\"WebPage\",\"@id\":\"https:\\\/\\\/candas365.es\\\/noticias\\\/kimmich-no-se-que-sera-lo-mejor-para-mi-carrera-en-dos-o-tres-anos\\\/#webpage\",\"url\":\"https:\\\/\\\/candas365.es\\\/noticias\\\/kimmich-no-se-que-sera-lo-mejor-para-mi-carrera-en-dos-o-tres-anos\\\/\",\"name\":\"Kimmich: \\u00abNo s\\u00e9 qu\\u00e9 ser\\u00e1 lo mejor para mi carrera en dos o tres a\\u00f1os\\u00bb | Cand\\u00e1s 365\",\"description\":\"M\\u00fanich, 27 ene (dpa) - El jugador de la selecci\\u00f3n alemana de f\\u00fatbol Joshua Kimmich, que actualmente integra el Bayern M\\u00fanich, no descarta ser transferido al exterior en el futuro, seg\\u00fan declaraciones que publica hoy la revista especializada \\\"Kicker\\\". El futbolista dijo que siempre se pregunta si marcar una era en el Bayern o experimentar\",\"inLanguage\":\"es-ES\",\"isPartOf\":{\"@id\":\"https:\\\/\\\/candas365.es\\\/noticias\\\/#website\"},\"breadcrumb\":{\"@id\":\"https:\\\/\\\/candas365.es\\\/noticias\\\/kimmich-no-se-que-sera-lo-mejor-para-mi-carrera-en-dos-o-tres-anos\\\/#breadcrumblist\"},\"author\":{\"@id\":\"https:\\\/\\\/candas365.es\\\/noticias\\\/author\\\/admin\\\/#author\"},\"creator\":{\"@id\":\"https:\\\/\\\/candas365.es\\\/noticias\\\/author\\\/admin\\\/#author\"},\"image\":{\"@type\":\"ImageObject\",\"url\":\"https:\\\/\\\/candas365.es\\\/noticias\\\/wp-content\\\/uploads\\\/2020\\\/01\\\/Kimmich-dpa.jpg\",\"@id\":\"https:\\\/\\\/candas365.es\\\/noticias\\\/kimmich-no-se-que-sera-lo-mejor-para-mi-carrera-en-dos-o-tres-anos\\\/#mainImage\",\"width\":971,\"height\":670},\"primaryImageOfPage\":{\"@id\":\"https:\\\/\\\/candas365.es\\\/noticias\\\/kimmich-no-se-que-sera-lo-mejor-para-mi-carrera-en-dos-o-tres-anos\\\/#mainImage\"},\"datePublished\":\"2020-01-27T20:55:48+01:00\",\"dateModified\":\"2020-01-27T20:55:48+01:00\"},{\"@type\":\"WebSite\",\"@id\":\"https:\\\/\\\/candas365.es\\\/noticias\\\/#website\",\"url\":\"https:\\\/\\\/candas365.es\\\/noticias\\\/\",\"name\":\"Cand\\u00e1s 365\",\"alternateName\":\"Cand\\u00e1s 365 Noticias\",\"description\":\"Actualidad desde Carre\\u00f1o para el mundo\",\"inLanguage\":\"es-ES\",\"publisher\":{\"@id\":\"https:\\\/\\\/candas365.es\\\/noticias\\\/#organization\"}}]}\n\t\t<\/script>\n\t\t<!-- All in One SEO Pro -->\r\n\t\t<title>Kimmich: \u00abNo s\u00e9 qu\u00e9 ser\u00e1 lo mejor para mi carrera en dos o tres a\u00f1os\u00bb | Cand\u00e1s 365<\/title>\n\n","aioseo_head_json":{"title":"Kimmich: \u00abNo s\u00e9 qu\u00e9 ser\u00e1 lo mejor para mi carrera en dos o tres a\u00f1os\u00bb | Cand\u00e1s 365","description":"M\u00fanich, 27 ene (dpa) - El jugador de la selecci\u00f3n alemana de f\u00fatbol Joshua Kimmich, que actualmente integra el Bayern M\u00fanich, no descarta ser transferido al exterior en el futuro, seg\u00fan declaraciones que publica hoy la revista especializada \"Kicker\". El futbolista dijo que siempre se pregunta si marcar una era en el Bayern o experimentar","canonical_url":"https:\/\/candas365.es\/noticias\/kimmich-no-se-que-sera-lo-mejor-para-mi-carrera-en-dos-o-tres-anos\/","robots":"max-image-preview:large","keywords":"deporte","webmasterTools":{"google-site-verification":"UA-32230408-1","msvalidate.01":"354F3CDFB2DA171B47FBE9ABF1F88D5","miscellaneous":""},"schema":{"@context":"https:\/\/schema.org","@graph":[{"@type":"BreadcrumbList","@id":"https:\/\/candas365.es\/noticias\/kimmich-no-se-que-sera-lo-mejor-para-mi-carrera-en-dos-o-tres-anos\/#breadcrumblist","itemListElement":[{"@type":"ListItem","@id":"https:\/\/candas365.es\/noticias#listItem","position":1,"name":"Home","item":"https:\/\/candas365.es\/noticias","nextItem":{"@type":"ListItem","@id":"https:\/\/candas365.es\/noticias\/category\/deporte\/#listItem","name":"Deporte"}},{"@type":"ListItem","@id":"https:\/\/candas365.es\/noticias\/category\/deporte\/#listItem","position":2,"name":"Deporte","item":"https:\/\/candas365.es\/noticias\/category\/deporte\/","nextItem":{"@type":"ListItem","@id":"https:\/\/candas365.es\/noticias\/kimmich-no-se-que-sera-lo-mejor-para-mi-carrera-en-dos-o-tres-anos\/#listItem","name":"Kimmich: \u00abNo s\u00e9 qu\u00e9 ser\u00e1 lo mejor para mi carrera en dos o tres a\u00f1os\u00bb"},"previousItem":{"@type":"ListItem","@id":"https:\/\/candas365.es\/noticias#listItem","name":"Home"}},{"@type":"ListItem","@id":"https:\/\/candas365.es\/noticias\/kimmich-no-se-que-sera-lo-mejor-para-mi-carrera-en-dos-o-tres-anos\/#listItem","position":3,"name":"Kimmich: \u00abNo s\u00e9 qu\u00e9 ser\u00e1 lo mejor para mi carrera en dos o tres a\u00f1os\u00bb","previousItem":{"@type":"ListItem","@id":"https:\/\/candas365.es\/noticias\/category\/deporte\/#listItem","name":"Deporte"}}]},{"@type":"NewsArticle","@id":"https:\/\/candas365.es\/noticias\/kimmich-no-se-que-sera-lo-mejor-para-mi-carrera-en-dos-o-tres-anos\/#newsarticle","name":"Kimmich: \u00abNo s\u00e9 qu\u00e9 ser\u00e1 lo mejor para mi carrera en dos o tres a\u00f1os\u00bb | Cand\u00e1s 365","headline":"Kimmich: \u00abNo s\u00e9 qu\u00e9 ser\u00e1 lo mejor para mi carrera en dos o tres a\u00f1os\u00bb","author":{"@id":"https:\/\/candas365.es\/noticias\/author\/admin\/#author"},"publisher":{"@id":"https:\/\/candas365.es\/noticias\/#organization"},"image":{"@type":"ImageObject","url":"https:\/\/candas365.es\/noticias\/wp-content\/uploads\/2020\/01\/Kimmich-dpa.jpg","width":971,"height":670},"datePublished":"2020-01-27T20:55:48+01:00","dateModified":"2020-01-27T20:55:48+01:00","inLanguage":"es-ES","mainEntityOfPage":{"@id":"https:\/\/candas365.es\/noticias\/kimmich-no-se-que-sera-lo-mejor-para-mi-carrera-en-dos-o-tres-anos\/#webpage"},"isPartOf":{"@id":"https:\/\/candas365.es\/noticias\/kimmich-no-se-que-sera-lo-mejor-para-mi-carrera-en-dos-o-tres-anos\/#webpage"},"articleSection":"Deporte","dateline":"Publicado el enero 27, 2020."},{"@type":"Organization","@id":"https:\/\/candas365.es\/noticias\/#organization","name":"Cand\u00e1s 365","description":"Cand\u00e1s 365 es un diario digital independiente, fundado en 2012, con base en Asturias. Informamos con rigor sobre actualidad, sociedad, cultura y ocio, con una mirada local y global.","url":"https:\/\/candas365.es\/noticias\/","email":"info@candas365.es","telephone":"+34652131393","foundingDate":"2012-06-10","logo":{"@type":"ImageObject","url":"https:\/\/candas365.es\/noticias\/wp-content\/uploads\/2024\/09\/Candas-365-Redes.jpg","@id":"https:\/\/candas365.es\/noticias\/kimmich-no-se-que-sera-lo-mejor-para-mi-carrera-en-dos-o-tres-anos\/#organizationLogo","width":1152,"height":864,"caption":"Cand\u00e1s 365 Redes"},"image":{"@id":"https:\/\/candas365.es\/noticias\/kimmich-no-se-que-sera-lo-mejor-para-mi-carrera-en-dos-o-tres-anos\/#organizationLogo"},"sameAs":["https:\/\/www.facebook.com\/Nachofdezber","https:\/\/x.com\/NabercoDigital","https:\/\/www.instagram.com\/nachofdezber\/","https:\/\/www.youtube.com\/channel\/UCZP-2wLEB9Rv6erhFmqVnvg"],"address":{"@id":"https:\/\/candas365.es\/noticias\/#postaladdress","@type":"PostalAddress","streetAddress":"san antonio 4, san antonio 4","postalCode":"33430","addressLocality":"Cand\u00e1s","addressRegion":"Asturias","addressCountry":"ES"}},{"@type":"Person","@id":"https:\/\/candas365.es\/noticias\/author\/admin\/#author","url":"https:\/\/candas365.es\/noticias\/author\/admin\/","name":"Cand\u00e1s 365","image":{"@type":"ImageObject","@id":"https:\/\/candas365.es\/noticias\/kimmich-no-se-que-sera-lo-mejor-para-mi-carrera-en-dos-o-tres-anos\/#authorImage","url":"https:\/\/secure.gravatar.com\/avatar\/496a8e03d0c493ede1718b7934145dbdf8d89be1036b0eec9544e1094c9de390?s=96&d=mm&r=g","width":96,"height":96,"caption":"Cand\u00e1s 365"},"sameAs":["https:\/\/www.facebook.com\/carrenoactualidad","https:\/\/twitter.com\/nbasturias","https:\/\/www.instagram.com\/nachofdezber\/","https:\/\/www.youtube.com\/channel\/UCZP-2wLEB9Rv6erhFmqVnvg"]},{"@type":"WebPage","@id":"https:\/\/candas365.es\/noticias\/kimmich-no-se-que-sera-lo-mejor-para-mi-carrera-en-dos-o-tres-anos\/#webpage","url":"https:\/\/candas365.es\/noticias\/kimmich-no-se-que-sera-lo-mejor-para-mi-carrera-en-dos-o-tres-anos\/","name":"Kimmich: \u00abNo s\u00e9 qu\u00e9 ser\u00e1 lo mejor para mi carrera en dos o tres a\u00f1os\u00bb | Cand\u00e1s 365","description":"M\u00fanich, 27 ene (dpa) - El jugador de la selecci\u00f3n alemana de f\u00fatbol Joshua Kimmich, que actualmente integra el Bayern M\u00fanich, no descarta ser transferido al exterior en el futuro, seg\u00fan declaraciones que publica hoy la revista especializada \"Kicker\". El futbolista dijo que siempre se pregunta si marcar una era en el Bayern o experimentar","inLanguage":"es-ES","isPartOf":{"@id":"https:\/\/candas365.es\/noticias\/#website"},"breadcrumb":{"@id":"https:\/\/candas365.es\/noticias\/kimmich-no-se-que-sera-lo-mejor-para-mi-carrera-en-dos-o-tres-anos\/#breadcrumblist"},"author":{"@id":"https:\/\/candas365.es\/noticias\/author\/admin\/#author"},"creator":{"@id":"https:\/\/candas365.es\/noticias\/author\/admin\/#author"},"image":{"@type":"ImageObject","url":"https:\/\/candas365.es\/noticias\/wp-content\/uploads\/2020\/01\/Kimmich-dpa.jpg","@id":"https:\/\/candas365.es\/noticias\/kimmich-no-se-que-sera-lo-mejor-para-mi-carrera-en-dos-o-tres-anos\/#mainImage","width":971,"height":670},"primaryImageOfPage":{"@id":"https:\/\/candas365.es\/noticias\/kimmich-no-se-que-sera-lo-mejor-para-mi-carrera-en-dos-o-tres-anos\/#mainImage"},"datePublished":"2020-01-27T20:55:48+01:00","dateModified":"2020-01-27T20:55:48+01:00"},{"@type":"WebSite","@id":"https:\/\/candas365.es\/noticias\/#website","url":"https:\/\/candas365.es\/noticias\/","name":"Cand\u00e1s 365","alternateName":"Cand\u00e1s 365 Noticias","description":"Actualidad desde Carre\u00f1o para el mundo","inLanguage":"es-ES","publisher":{"@id":"https:\/\/candas365.es\/noticias\/#organization"}}]},"og:locale":"es_ES","og:site_name":"Cand\u00e1s 365","og:type":"article","og:title":"Kimmich: \u00abNo s\u00e9 qu\u00e9 ser\u00e1 lo mejor para mi carrera en dos o tres a\u00f1os\u00bb | Cand\u00e1s 365","og:description":"M\u00fanich, 27 ene (dpa) - El jugador de la selecci\u00f3n alemana de f\u00fatbol Joshua Kimmich, que actualmente integra el Bayern M\u00fanich, no descarta ser transferido al exterior en el futuro, seg\u00fan declaraciones que publica hoy la revista especializada &quot;Kicker&quot;. El futbolista dijo que siempre se pregunta si marcar una era en el Bayern o experimentar","og:url":"https:\/\/candas365.es\/noticias\/kimmich-no-se-que-sera-lo-mejor-para-mi-carrera-en-dos-o-tres-anos\/","og:image":"https:\/\/candas365.es\/noticias\/wp-content\/uploads\/2020\/01\/Kimmich-dpa.jpg","og:image:secure_url":"https:\/\/candas365.es\/noticias\/wp-content\/uploads\/2020\/01\/Kimmich-dpa.jpg","og:image:width":971,"og:image:height":670,"article:published_time":"2020-01-27T20:55:48+00:00","article:modified_time":"2020-01-27T20:55:48+00:00","article:publisher":"https:\/\/www.facebook.com\/Nachofdezber","article:author":"https:\/\/www.facebook.com\/carrenoactualidad","twitter:card":"summary_large_image","twitter:site":"@NabercoDigital","twitter:title":"Kimmich: \u00abNo s\u00e9 qu\u00e9 ser\u00e1 lo mejor para mi carrera en dos o tres a\u00f1os\u00bb | Cand\u00e1s 365","twitter:description":"M\u00fanich, 27 ene (dpa) - El jugador de la selecci\u00f3n alemana de f\u00fatbol Joshua Kimmich, que actualmente integra el Bayern M\u00fanich, no descarta ser transferido al exterior en el futuro, seg\u00fan declaraciones que publica hoy la revista especializada &quot;Kicker&quot;. El futbolista dijo que siempre se pregunta si marcar una era en el Bayern o experimentar","twitter:creator":"@nbasturias","twitter:image":"https:\/\/candas365.es\/noticias\/wp-content\/uploads\/2020\/01\/Kimmich-dpa.jpg","twitter:label1":"Escrito por","twitter:data1":"Cand\u00e1s 365","twitter:label2":"Tiempo de lectura estimado","twitter:data2":"1 minuto"},"aioseo_meta_data":{"post_id":"137240","title":null,"description":null,"keywords":null,"keyphrases":null,"primary_term":null,"canonical_url":null,"og_title":null,"og_description":null,"og_object_type":"default","og_image_type":"default","og_image_url":null,"og_image_width":null,"og_image_height":null,"og_image_custom_url":null,"og_image_custom_fields":null,"og_video":null,"og_custom_url":null,"og_article_section":null,"og_article_tags":null,"twitter_use_og":false,"twitter_card":"default","twitter_image_type":"default","twitter_image_url":null,"twitter_image_custom_url":null,"twitter_image_custom_fields":null,"twitter_title":null,"twitter_description":null,"schema":{"blockGraphs":[],"customGraphs":[],"default":{"data":{"Article":[],"Course":[],"Dataset":[],"FAQPage":[],"Movie":[],"Person":[],"Product":[],"ProductReview":[],"Car":[],"Recipe":[],"Service":[],"SoftwareApplication":[],"WebPage":[]},"graphName":"","isEnabled":true},"graphs":[],"defaultGraph":"","defaultPostTypeGraph":""},"schema_type":null,"schema_type_options":null,"pillar_content":false,"robots_default":true,"robots_noindex":false,"robots_noarchive":false,"robots_nosnippet":false,"robots_nofollow":false,"robots_noimageindex":false,"robots_noodp":false,"robots_notranslate":false,"robots_max_snippet":null,"robots_max_videopreview":null,"robots_max_imagepreview":"large","priority":null,"frequency":null,"location":null,"local_seo":null,"seo_analyzer_scan_date":"2025-08-30 22:41:11","breadcrumb_settings":null,"limit_modified_date":false,"reviewed_by":null,"open_ai":null,"ai":null,"created":"2020-12-21 10:46:59","updated":"2025-08-30 22:41:11"},"aioseo_breadcrumb":"<div class=\"aioseo-breadcrumbs\"><span class=\"aioseo-breadcrumb\">\n\t<a href=\"https:\/\/candas365.es\/noticias\" title=\"Home\">Home<\/a>\n<\/span><span class=\"aioseo-breadcrumb-separator\">&ndash;<\/span><span class=\"aioseo-breadcrumb\">\n\t<a href=\"https:\/\/candas365.es\/noticias\/category\/deporte\/\" title=\"Deporte\">Deporte<\/a>\n<\/span><span class=\"aioseo-breadcrumb-separator\">&ndash;<\/span><span class=\"aioseo-breadcrumb\">\n\tKimmich: \u00abNo s\u00e9 qu\u00e9 ser\u00e1 lo mejor para mi carrera en dos o tres a\u00f1os\u00bb\n<\/span><\/div>","aioseo_breadcrumb_json":[{"label":"Home","link":"https:\/\/candas365.es\/noticias"},{"label":"Deporte","link":"https:\/\/candas365.es\/noticias\/category\/deporte\/"},{"label":"Kimmich: \u00abNo s\u00e9 qu\u00e9 ser\u00e1 lo mejor para mi carrera en dos o tres a\u00f1os\u00bb","link":"https:\/\/candas365.es\/noticias\/kimmich-no-se-que-sera-lo-mejor-para-mi-carrera-en-dos-o-tres-anos\/"}],"_links":{"self":[{"href":"https:\/\/candas365.es\/noticias\/wp-json\/wp\/v2\/posts\/137240","targetHints":{"allow":["GET"]}}],"collection":[{"href":"https:\/\/candas365.es\/noticias\/wp-json\/wp\/v2\/posts"}],"about":[{"href":"https:\/\/candas365.es\/noticias\/wp-json\/wp\/v2\/types\/post"}],"author":[{"embeddable":true,"href":"https:\/\/candas365.es\/noticias\/wp-json\/wp\/v2\/users\/1"}],"replies":[{"embeddable":true,"href":"https:\/\/candas365.es\/noticias\/wp-json\/wp\/v2\/comments?post=137240"}],"version-history":[{"count":0,"href":"https:\/\/candas365.es\/noticias\/wp-json\/wp\/v2\/posts\/137240\/revisions"}],"wp:featuredmedia":[{"embeddable":true,"href":"https:\/\/candas365.es\/noticias\/wp-json\/wp\/v2\/media\/137241"}],"wp:attachment":[{"href":"https:\/\/candas365.es\/noticias\/wp-json\/wp\/v2\/media?parent=137240"}],"wp:term":[{"taxonomy":"category","embeddable":true,"href":"https:\/\/candas365.es\/noticias\/wp-json\/wp\/v2\/categories?post=137240"},{"taxonomy":"post_tag","embeddable":true,"href":"https:\/\/candas365.es\/noticias\/wp-json\/wp\/v2\/tags?post=137240"}],"curies":[{"name":"wp","href":"https:\/\/api.w.org\/{rel}","templated":true}]}}