{"id":137169,"date":"2020-01-27T09:30:48","date_gmt":"2020-01-27T09:30:48","guid":{"rendered":"http:\/\/candas365.es\/noticias\/?p=137169"},"modified":"2020-01-27T09:30:48","modified_gmt":"2020-01-27T09:30:48","slug":"dia-mundial-de-la-educacion-ambiental-en-candas","status":"publish","type":"post","link":"https:\/\/candas365.es\/noticias\/dia-mundial-de-la-educacion-ambiental-en-candas\/","title":{"rendered":"D\u00eda Mundial de la Educaci\u00f3n Ambiental en Cand\u00e1s"},"content":{"rendered":"<p><img fetchpriority=\"high\" decoding=\"async\" class=\"alignleft size-medium wp-image-137170\" src=\"https:\/\/candas365.es\/noticias\/wp-content\/uploads\/2020\/01\/earth-405096_640-360x240.jpg\" alt=\"\" width=\"360\" height=\"240\" srcset=\"https:\/\/candas365.es\/noticias\/wp-content\/uploads\/2020\/01\/earth-405096_640-360x240.jpg 360w, https:\/\/candas365.es\/noticias\/wp-content\/uploads\/2020\/01\/earth-405096_640-631x420.jpg 631w, https:\/\/candas365.es\/noticias\/wp-content\/uploads\/2020\/01\/earth-405096_640.jpg 640w\" sizes=\"(max-width: 360px) 100vw, 360px\" \/>El d\u00eda <strong>26 de Enero se conmemora el D\u00eda Mundial de la Educaci\u00f3n Ambiental<\/strong>, cuyo principal objetivo es identificar la problem\u00e1tica ambiental tanto a nivel global, como a nivel local y crear conciencia en la ciudadan\u00eda y en todos los agentes sociales en cuanto a la necesidad de participaci\u00f3n por conservar y proteger el medio ambiente<strong>. Esta fecha tuvo su origen en la Declaraci\u00f3n de la Conferencia de las Naciones Unidas sobre el Medio Ambiente celebrada en Estocolmo en junio de 1972<\/strong>. Donde se debati\u00f3 la importancia de cuidar el medio ambiente, exponiendo la necesidad de unos principios comunes que ofreciesen a la sociedad una gu\u00eda para preservar y mejorar nuestro entorno. Las posteriores conferencias internacionales (Belgrado, 1975; Tbilisi, 1977; R\u00edo de Janeiro 1992, Cumbre de la Tierra; Guadalajara 1997, II Congreso Iberoamericano de Educaci\u00f3n Ambiental) vinieron a corroborar la importancia de la educaci\u00f3n.<\/p>\n<p>Es esencial conocer el impacto de nuestras acciones sobre el medio ambiente para poder cambiar nuestro comportamiento y adoptar h\u00e1bitos m\u00e1s sostenibles. De esta forma revertirlos, para evitar, el Cambio Clim\u00e1tico, la extinci\u00f3n de especies de flora y fauna\u2026, y otros fen\u00f3menos que tanto afectan los ecosistemas. Es por ello que desde la naturaleza se pretende ense\u00f1ar, utiliz\u00e1ndola como recurso educativo, hay que educar para mejorar y apreciar el medio ambiente, hay que presentar y aprender conductas correctas hacia el entorno, no s\u00f3lo conocerlo. Se trata de la concepci\u00f3n de la naturaleza no como fuente inagotable de recursos, sino como un ecosistema fr\u00e1gil que tiene sus propias exigencias que hay que respetar por nuestro propio inter\u00e9s y supervivencia.<\/p>\n<p>Bajo esta premisa y con motivo del d\u00eda Mundial de la Educaci\u00f3n Ambiental, <strong>el Colegio Poeta Ant\u00f3n de Cand\u00e1s ha organizado, para este Lunes, 27 de Enero, una actividad medioambiental en la que se ha implicado toda la comunidad educativa<\/strong>, desde los primeros cursos de infantil hasta sexto de primaria.<\/p>\n<p><strong>A las 11:15 horas<\/strong> saldr\u00e1 del Centro educativo todo el alumnado, acompa\u00f1ado del profesorado,<strong> para recorrer varias calles de Cand\u00e1s hasta llegar a la Playa de la Pregona<\/strong>, portando una gran tira cargada de mensajes realizados por ellos y ellas en el que han expresado su preocupaci\u00f3n por el medio ambiente y sus propuestas de mejoras.<\/p>\n<p>La gran tira con mensajes escolares permanecer\u00e1 colocada durante todo el d\u00eda en la barandilla del Paseo Mar\u00edtimo con el fin de concienciar al resto de la ciudadan\u00eda de la necesidad de cambiar nuestros h\u00e1bitos.<\/p>\n<p>Al inicio del curso escolar todo el Colegio particip\u00f3, en el mes de noviembre, en la Semana Europea de Prevenci\u00f3n de Residuos que anualmente organiza Cogersa. Con el fin de sensibilizar a la ciudadan\u00eda sobre la reducci\u00f3n, la reutilizaci\u00f3n y el reciclaje de residuos, es decir, cuidar el planeta, crearon el Bosque de las Tres Erres.<\/p>\n<p>Para la creaci\u00f3n de ese \u201cbosque\u201d los ni\u00f1os y las ni\u00f1as del centro expresaron por escrito o mediante un dibujo su preocupaci\u00f3n y sus propuestas de mejora de la vida en la tierra. Estas ideas fueron plasmadas en hojas blancas, tipo marcap\u00e1ginas, adornando las ramas de los \u00e1rboles del Bosque de las Tres Erres situado en el patio cubierto del Centro.<\/p>\n<p>Hoy recorrer\u00e1n las calles de la villa con sus mensajes para poner de manifiesto su preocupaci\u00f3n por nuestro planeta y la vida que lo alberga.<\/p>\n<p>&nbsp;<\/p>\n","protected":false},"excerpt":{"rendered":"<p>El d\u00eda 26 de Enero se conmemora el D\u00eda Mundial de la Educaci\u00f3n Ambiental, cuyo principal objetivo es identificar la problem\u00e1tica ambiental tanto a nivel global, como a nivel local y crear conciencia en la ciudadan\u00eda y en todos los agentes sociales en cuanto a la necesidad de participaci\u00f3n por conservar y proteger el medio<\/p>\n","protected":false},"author":1,"featured_media":137170,"comment_status":"closed","ping_status":"closed","sticky":false,"template":"","format":"standard","meta":{"footnotes":""},"categories":[2],"tags":[],"class_list":{"0":"post-137169","1":"post","2":"type-post","3":"status-publish","4":"format-standard","5":"has-post-thumbnail","7":"category-noticias-carreno"},"aioseo_notices":[],"aioseo_head":"\n\t\t<!-- All in One SEO Pro 4.9.6.2 - aioseo.com -->\n\t<meta name=\"description\" content=\"El d\u00eda 26 de Enero se conmemora el D\u00eda Mundial de la Educaci\u00f3n Ambiental, cuyo principal objetivo es identificar la problem\u00e1tica ambiental tanto a nivel global, como a nivel local y crear conciencia en la ciudadan\u00eda y en todos los agentes sociales en cuanto a la necesidad de participaci\u00f3n por conservar y proteger el medio\" \/>\n\t<meta name=\"robots\" content=\"max-image-preview:large\" \/>\n\t<meta name=\"author\" content=\"Cand\u00e1s 365\"\/>\n\t<meta name=\"google-site-verification\" content=\"UA-32230408-1\" \/>\n\t<meta name=\"msvalidate.01\" content=\"354F3CDFB2DA171B47FBE9ABF1F88D5\" \/>\n\t<meta name=\"keywords\" content=\"noticias carre\u00f1o\" \/>\n\t<link rel=\"canonical\" href=\"https:\/\/candas365.es\/noticias\/dia-mundial-de-la-educacion-ambiental-en-candas\/\" \/>\n\t<meta name=\"generator\" content=\"All in One SEO Pro (AIOSEO) 4.9.6.2\" \/>\n\t\t<meta property=\"og:locale\" content=\"es_ES\" \/>\n\t\t<meta property=\"og:site_name\" content=\"Cand\u00e1s 365\" \/>\n\t\t<meta property=\"og:type\" content=\"article\" \/>\n\t\t<meta property=\"og:title\" content=\"D\u00eda Mundial de la Educaci\u00f3n Ambiental en Cand\u00e1s | Cand\u00e1s 365\" \/>\n\t\t<meta property=\"og:description\" content=\"El d\u00eda 26 de Enero se conmemora el D\u00eda Mundial de la Educaci\u00f3n Ambiental, cuyo principal objetivo es identificar la problem\u00e1tica ambiental tanto a nivel global, como a nivel local y crear conciencia en la ciudadan\u00eda y en todos los agentes sociales en cuanto a la necesidad de participaci\u00f3n por conservar y proteger el medio\" \/>\n\t\t<meta property=\"og:url\" content=\"https:\/\/candas365.es\/noticias\/dia-mundial-de-la-educacion-ambiental-en-candas\/\" \/>\n\t\t<meta property=\"og:image\" content=\"https:\/\/candas365.es\/noticias\/wp-content\/uploads\/2020\/01\/earth-405096_640.jpg\" \/>\n\t\t<meta property=\"og:image:secure_url\" content=\"https:\/\/candas365.es\/noticias\/wp-content\/uploads\/2020\/01\/earth-405096_640.jpg\" \/>\n\t\t<meta property=\"og:image:width\" content=\"640\" \/>\n\t\t<meta property=\"og:image:height\" content=\"426\" \/>\n\t\t<meta property=\"article:published_time\" content=\"2020-01-27T09:30:48+00:00\" \/>\n\t\t<meta property=\"article:modified_time\" content=\"2020-01-27T09:30:48+00:00\" \/>\n\t\t<meta property=\"article:publisher\" content=\"https:\/\/www.facebook.com\/Nachofdezber\" \/>\n\t\t<meta property=\"article:author\" content=\"https:\/\/www.facebook.com\/carrenoactualidad\" \/>\n\t\t<meta name=\"twitter:card\" content=\"summary_large_image\" \/>\n\t\t<meta name=\"twitter:site\" content=\"@NabercoDigital\" \/>\n\t\t<meta name=\"twitter:title\" content=\"D\u00eda Mundial de la Educaci\u00f3n Ambiental en Cand\u00e1s | Cand\u00e1s 365\" \/>\n\t\t<meta name=\"twitter:description\" content=\"El d\u00eda 26 de Enero se conmemora el D\u00eda Mundial de la Educaci\u00f3n Ambiental, cuyo principal objetivo es identificar la problem\u00e1tica ambiental tanto a nivel global, como a nivel local y crear conciencia en la ciudadan\u00eda y en todos los agentes sociales en cuanto a la necesidad de participaci\u00f3n por conservar y proteger el medio\" \/>\n\t\t<meta name=\"twitter:creator\" content=\"@nbasturias\" \/>\n\t\t<meta name=\"twitter:image\" content=\"https:\/\/candas365.es\/noticias\/wp-content\/uploads\/2020\/01\/earth-405096_640.jpg\" \/>\n\t\t<meta name=\"twitter:label1\" content=\"Escrito por\" \/>\n\t\t<meta name=\"twitter:data1\" content=\"Cand\u00e1s 365\" \/>\n\t\t<meta name=\"twitter:label2\" content=\"Tiempo de lectura estimado\" \/>\n\t\t<meta name=\"twitter:data2\" content=\"3 minutos\" \/>\n\t\t<script type=\"application\/ld+json\" class=\"aioseo-schema\">\n\t\t\t{\"@context\":\"https:\\\/\\\/schema.org\",\"@graph\":[{\"@type\":\"BreadcrumbList\",\"@id\":\"https:\\\/\\\/candas365.es\\\/noticias\\\/dia-mundial-de-la-educacion-ambiental-en-candas\\\/#breadcrumblist\",\"itemListElement\":[{\"@type\":\"ListItem\",\"@id\":\"https:\\\/\\\/candas365.es\\\/noticias#listItem\",\"position\":1,\"name\":\"Home\",\"item\":\"https:\\\/\\\/candas365.es\\\/noticias\",\"nextItem\":{\"@type\":\"ListItem\",\"@id\":\"https:\\\/\\\/candas365.es\\\/noticias\\\/category\\\/noticias-carreno\\\/#listItem\",\"name\":\"Noticias Carre\\u00f1o\"}},{\"@type\":\"ListItem\",\"@id\":\"https:\\\/\\\/candas365.es\\\/noticias\\\/category\\\/noticias-carreno\\\/#listItem\",\"position\":2,\"name\":\"Noticias Carre\\u00f1o\",\"item\":\"https:\\\/\\\/candas365.es\\\/noticias\\\/category\\\/noticias-carreno\\\/\",\"nextItem\":{\"@type\":\"ListItem\",\"@id\":\"https:\\\/\\\/candas365.es\\\/noticias\\\/dia-mundial-de-la-educacion-ambiental-en-candas\\\/#listItem\",\"name\":\"D\\u00eda Mundial de la Educaci\\u00f3n Ambiental en Cand\\u00e1s\"},\"previousItem\":{\"@type\":\"ListItem\",\"@id\":\"https:\\\/\\\/candas365.es\\\/noticias#listItem\",\"name\":\"Home\"}},{\"@type\":\"ListItem\",\"@id\":\"https:\\\/\\\/candas365.es\\\/noticias\\\/dia-mundial-de-la-educacion-ambiental-en-candas\\\/#listItem\",\"position\":3,\"name\":\"D\\u00eda Mundial de la Educaci\\u00f3n Ambiental en Cand\\u00e1s\",\"previousItem\":{\"@type\":\"ListItem\",\"@id\":\"https:\\\/\\\/candas365.es\\\/noticias\\\/category\\\/noticias-carreno\\\/#listItem\",\"name\":\"Noticias Carre\\u00f1o\"}}]},{\"@type\":\"NewsArticle\",\"@id\":\"https:\\\/\\\/candas365.es\\\/noticias\\\/dia-mundial-de-la-educacion-ambiental-en-candas\\\/#newsarticle\",\"name\":\"D\\u00eda Mundial de la Educaci\\u00f3n Ambiental en Cand\\u00e1s | Cand\\u00e1s 365\",\"headline\":\"D\\u00eda Mundial de la Educaci\\u00f3n Ambiental en Cand\\u00e1s\",\"author\":{\"@id\":\"https:\\\/\\\/candas365.es\\\/noticias\\\/author\\\/admin\\\/#author\"},\"publisher\":{\"@id\":\"https:\\\/\\\/candas365.es\\\/noticias\\\/#organization\"},\"image\":{\"@type\":\"ImageObject\",\"url\":\"https:\\\/\\\/candas365.es\\\/noticias\\\/wp-content\\\/uploads\\\/2020\\\/01\\\/earth-405096_640.jpg\",\"width\":640,\"height\":426},\"datePublished\":\"2020-01-27T09:30:48+01:00\",\"dateModified\":\"2020-01-27T09:30:48+01:00\",\"inLanguage\":\"es-ES\",\"mainEntityOfPage\":{\"@id\":\"https:\\\/\\\/candas365.es\\\/noticias\\\/dia-mundial-de-la-educacion-ambiental-en-candas\\\/#webpage\"},\"isPartOf\":{\"@id\":\"https:\\\/\\\/candas365.es\\\/noticias\\\/dia-mundial-de-la-educacion-ambiental-en-candas\\\/#webpage\"},\"articleSection\":\"Noticias Carre\\u00f1o\",\"dateline\":\"Publicado el enero 27, 2020.\"},{\"@type\":\"Organization\",\"@id\":\"https:\\\/\\\/candas365.es\\\/noticias\\\/#organization\",\"name\":\"Cand\\u00e1s 365\",\"description\":\"Cand\\u00e1s 365 es un diario digital independiente, fundado en 2012, con base en Asturias. Informamos con rigor sobre actualidad, sociedad, cultura y ocio, con una mirada local y global.\",\"url\":\"https:\\\/\\\/candas365.es\\\/noticias\\\/\",\"email\":\"info@candas365.es\",\"telephone\":\"+34652131393\",\"foundingDate\":\"2012-06-10\",\"logo\":{\"@type\":\"ImageObject\",\"url\":\"https:\\\/\\\/candas365.es\\\/noticias\\\/wp-content\\\/uploads\\\/2024\\\/09\\\/Candas-365-Redes.jpg\",\"@id\":\"https:\\\/\\\/candas365.es\\\/noticias\\\/dia-mundial-de-la-educacion-ambiental-en-candas\\\/#organizationLogo\",\"width\":1152,\"height\":864,\"caption\":\"Cand\\u00e1s 365 Redes\"},\"image\":{\"@id\":\"https:\\\/\\\/candas365.es\\\/noticias\\\/dia-mundial-de-la-educacion-ambiental-en-candas\\\/#organizationLogo\"},\"sameAs\":[\"https:\\\/\\\/www.facebook.com\\\/Nachofdezber\",\"https:\\\/\\\/x.com\\\/NabercoDigital\",\"https:\\\/\\\/www.instagram.com\\\/nachofdezber\\\/\",\"https:\\\/\\\/www.youtube.com\\\/channel\\\/UCZP-2wLEB9Rv6erhFmqVnvg\"],\"address\":{\"@id\":\"https:\\\/\\\/candas365.es\\\/noticias\\\/#postaladdress\",\"@type\":\"PostalAddress\",\"streetAddress\":\"san antonio 4, san antonio 4\",\"postalCode\":\"33430\",\"addressLocality\":\"Cand\\u00e1s\",\"addressRegion\":\"Asturias\",\"addressCountry\":\"ES\"}},{\"@type\":\"Person\",\"@id\":\"https:\\\/\\\/candas365.es\\\/noticias\\\/author\\\/admin\\\/#author\",\"url\":\"https:\\\/\\\/candas365.es\\\/noticias\\\/author\\\/admin\\\/\",\"name\":\"Cand\\u00e1s 365\",\"image\":{\"@type\":\"ImageObject\",\"@id\":\"https:\\\/\\\/candas365.es\\\/noticias\\\/dia-mundial-de-la-educacion-ambiental-en-candas\\\/#authorImage\",\"url\":\"https:\\\/\\\/secure.gravatar.com\\\/avatar\\\/496a8e03d0c493ede1718b7934145dbdf8d89be1036b0eec9544e1094c9de390?s=96&d=mm&r=g\",\"width\":96,\"height\":96,\"caption\":\"Cand\\u00e1s 365\"},\"sameAs\":[\"https:\\\/\\\/www.facebook.com\\\/carrenoactualidad\",\"https:\\\/\\\/twitter.com\\\/nbasturias\",\"https:\\\/\\\/www.instagram.com\\\/nachofdezber\\\/\",\"https:\\\/\\\/www.youtube.com\\\/channel\\\/UCZP-2wLEB9Rv6erhFmqVnvg\"]},{\"@type\":\"WebPage\",\"@id\":\"https:\\\/\\\/candas365.es\\\/noticias\\\/dia-mundial-de-la-educacion-ambiental-en-candas\\\/#webpage\",\"url\":\"https:\\\/\\\/candas365.es\\\/noticias\\\/dia-mundial-de-la-educacion-ambiental-en-candas\\\/\",\"name\":\"D\\u00eda Mundial de la Educaci\\u00f3n Ambiental en Cand\\u00e1s | Cand\\u00e1s 365\",\"description\":\"El d\\u00eda 26 de Enero se conmemora el D\\u00eda Mundial de la Educaci\\u00f3n Ambiental, cuyo principal objetivo es identificar la problem\\u00e1tica ambiental tanto a nivel global, como a nivel local y crear conciencia en la ciudadan\\u00eda y en todos los agentes sociales en cuanto a la necesidad de participaci\\u00f3n por conservar y proteger el medio\",\"inLanguage\":\"es-ES\",\"isPartOf\":{\"@id\":\"https:\\\/\\\/candas365.es\\\/noticias\\\/#website\"},\"breadcrumb\":{\"@id\":\"https:\\\/\\\/candas365.es\\\/noticias\\\/dia-mundial-de-la-educacion-ambiental-en-candas\\\/#breadcrumblist\"},\"author\":{\"@id\":\"https:\\\/\\\/candas365.es\\\/noticias\\\/author\\\/admin\\\/#author\"},\"creator\":{\"@id\":\"https:\\\/\\\/candas365.es\\\/noticias\\\/author\\\/admin\\\/#author\"},\"image\":{\"@type\":\"ImageObject\",\"url\":\"https:\\\/\\\/candas365.es\\\/noticias\\\/wp-content\\\/uploads\\\/2020\\\/01\\\/earth-405096_640.jpg\",\"@id\":\"https:\\\/\\\/candas365.es\\\/noticias\\\/dia-mundial-de-la-educacion-ambiental-en-candas\\\/#mainImage\",\"width\":640,\"height\":426},\"primaryImageOfPage\":{\"@id\":\"https:\\\/\\\/candas365.es\\\/noticias\\\/dia-mundial-de-la-educacion-ambiental-en-candas\\\/#mainImage\"},\"datePublished\":\"2020-01-27T09:30:48+01:00\",\"dateModified\":\"2020-01-27T09:30:48+01:00\"},{\"@type\":\"WebSite\",\"@id\":\"https:\\\/\\\/candas365.es\\\/noticias\\\/#website\",\"url\":\"https:\\\/\\\/candas365.es\\\/noticias\\\/\",\"name\":\"Cand\\u00e1s 365\",\"alternateName\":\"Cand\\u00e1s 365 Noticias\",\"description\":\"Actualidad desde Carre\\u00f1o para el mundo\",\"inLanguage\":\"es-ES\",\"publisher\":{\"@id\":\"https:\\\/\\\/candas365.es\\\/noticias\\\/#organization\"}}]}\n\t\t<\/script>\n\t\t<!-- All in One SEO Pro -->\r\n\t\t<title>D\u00eda Mundial de la Educaci\u00f3n Ambiental en Cand\u00e1s | Cand\u00e1s 365<\/title>\n\n","aioseo_head_json":{"title":"D\u00eda Mundial de la Educaci\u00f3n Ambiental en Cand\u00e1s | Cand\u00e1s 365","description":"El d\u00eda 26 de Enero se conmemora el D\u00eda Mundial de la Educaci\u00f3n Ambiental, cuyo principal objetivo es identificar la problem\u00e1tica ambiental tanto a nivel global, como a nivel local y crear conciencia en la ciudadan\u00eda y en todos los agentes sociales en cuanto a la necesidad de participaci\u00f3n por conservar y proteger el medio","canonical_url":"https:\/\/candas365.es\/noticias\/dia-mundial-de-la-educacion-ambiental-en-candas\/","robots":"max-image-preview:large","keywords":"noticias carre\u00f1o","webmasterTools":{"google-site-verification":"UA-32230408-1","msvalidate.01":"354F3CDFB2DA171B47FBE9ABF1F88D5","miscellaneous":""},"schema":{"@context":"https:\/\/schema.org","@graph":[{"@type":"BreadcrumbList","@id":"https:\/\/candas365.es\/noticias\/dia-mundial-de-la-educacion-ambiental-en-candas\/#breadcrumblist","itemListElement":[{"@type":"ListItem","@id":"https:\/\/candas365.es\/noticias#listItem","position":1,"name":"Home","item":"https:\/\/candas365.es\/noticias","nextItem":{"@type":"ListItem","@id":"https:\/\/candas365.es\/noticias\/category\/noticias-carreno\/#listItem","name":"Noticias Carre\u00f1o"}},{"@type":"ListItem","@id":"https:\/\/candas365.es\/noticias\/category\/noticias-carreno\/#listItem","position":2,"name":"Noticias Carre\u00f1o","item":"https:\/\/candas365.es\/noticias\/category\/noticias-carreno\/","nextItem":{"@type":"ListItem","@id":"https:\/\/candas365.es\/noticias\/dia-mundial-de-la-educacion-ambiental-en-candas\/#listItem","name":"D\u00eda Mundial de la Educaci\u00f3n Ambiental en Cand\u00e1s"},"previousItem":{"@type":"ListItem","@id":"https:\/\/candas365.es\/noticias#listItem","name":"Home"}},{"@type":"ListItem","@id":"https:\/\/candas365.es\/noticias\/dia-mundial-de-la-educacion-ambiental-en-candas\/#listItem","position":3,"name":"D\u00eda Mundial de la Educaci\u00f3n Ambiental en Cand\u00e1s","previousItem":{"@type":"ListItem","@id":"https:\/\/candas365.es\/noticias\/category\/noticias-carreno\/#listItem","name":"Noticias Carre\u00f1o"}}]},{"@type":"NewsArticle","@id":"https:\/\/candas365.es\/noticias\/dia-mundial-de-la-educacion-ambiental-en-candas\/#newsarticle","name":"D\u00eda Mundial de la Educaci\u00f3n Ambiental en Cand\u00e1s | Cand\u00e1s 365","headline":"D\u00eda Mundial de la Educaci\u00f3n Ambiental en Cand\u00e1s","author":{"@id":"https:\/\/candas365.es\/noticias\/author\/admin\/#author"},"publisher":{"@id":"https:\/\/candas365.es\/noticias\/#organization"},"image":{"@type":"ImageObject","url":"https:\/\/candas365.es\/noticias\/wp-content\/uploads\/2020\/01\/earth-405096_640.jpg","width":640,"height":426},"datePublished":"2020-01-27T09:30:48+01:00","dateModified":"2020-01-27T09:30:48+01:00","inLanguage":"es-ES","mainEntityOfPage":{"@id":"https:\/\/candas365.es\/noticias\/dia-mundial-de-la-educacion-ambiental-en-candas\/#webpage"},"isPartOf":{"@id":"https:\/\/candas365.es\/noticias\/dia-mundial-de-la-educacion-ambiental-en-candas\/#webpage"},"articleSection":"Noticias Carre\u00f1o","dateline":"Publicado el enero 27, 2020."},{"@type":"Organization","@id":"https:\/\/candas365.es\/noticias\/#organization","name":"Cand\u00e1s 365","description":"Cand\u00e1s 365 es un diario digital independiente, fundado en 2012, con base en Asturias. Informamos con rigor sobre actualidad, sociedad, cultura y ocio, con una mirada local y global.","url":"https:\/\/candas365.es\/noticias\/","email":"info@candas365.es","telephone":"+34652131393","foundingDate":"2012-06-10","logo":{"@type":"ImageObject","url":"https:\/\/candas365.es\/noticias\/wp-content\/uploads\/2024\/09\/Candas-365-Redes.jpg","@id":"https:\/\/candas365.es\/noticias\/dia-mundial-de-la-educacion-ambiental-en-candas\/#organizationLogo","width":1152,"height":864,"caption":"Cand\u00e1s 365 Redes"},"image":{"@id":"https:\/\/candas365.es\/noticias\/dia-mundial-de-la-educacion-ambiental-en-candas\/#organizationLogo"},"sameAs":["https:\/\/www.facebook.com\/Nachofdezber","https:\/\/x.com\/NabercoDigital","https:\/\/www.instagram.com\/nachofdezber\/","https:\/\/www.youtube.com\/channel\/UCZP-2wLEB9Rv6erhFmqVnvg"],"address":{"@id":"https:\/\/candas365.es\/noticias\/#postaladdress","@type":"PostalAddress","streetAddress":"san antonio 4, san antonio 4","postalCode":"33430","addressLocality":"Cand\u00e1s","addressRegion":"Asturias","addressCountry":"ES"}},{"@type":"Person","@id":"https:\/\/candas365.es\/noticias\/author\/admin\/#author","url":"https:\/\/candas365.es\/noticias\/author\/admin\/","name":"Cand\u00e1s 365","image":{"@type":"ImageObject","@id":"https:\/\/candas365.es\/noticias\/dia-mundial-de-la-educacion-ambiental-en-candas\/#authorImage","url":"https:\/\/secure.gravatar.com\/avatar\/496a8e03d0c493ede1718b7934145dbdf8d89be1036b0eec9544e1094c9de390?s=96&d=mm&r=g","width":96,"height":96,"caption":"Cand\u00e1s 365"},"sameAs":["https:\/\/www.facebook.com\/carrenoactualidad","https:\/\/twitter.com\/nbasturias","https:\/\/www.instagram.com\/nachofdezber\/","https:\/\/www.youtube.com\/channel\/UCZP-2wLEB9Rv6erhFmqVnvg"]},{"@type":"WebPage","@id":"https:\/\/candas365.es\/noticias\/dia-mundial-de-la-educacion-ambiental-en-candas\/#webpage","url":"https:\/\/candas365.es\/noticias\/dia-mundial-de-la-educacion-ambiental-en-candas\/","name":"D\u00eda Mundial de la Educaci\u00f3n Ambiental en Cand\u00e1s | Cand\u00e1s 365","description":"El d\u00eda 26 de Enero se conmemora el D\u00eda Mundial de la Educaci\u00f3n Ambiental, cuyo principal objetivo es identificar la problem\u00e1tica ambiental tanto a nivel global, como a nivel local y crear conciencia en la ciudadan\u00eda y en todos los agentes sociales en cuanto a la necesidad de participaci\u00f3n por conservar y proteger el medio","inLanguage":"es-ES","isPartOf":{"@id":"https:\/\/candas365.es\/noticias\/#website"},"breadcrumb":{"@id":"https:\/\/candas365.es\/noticias\/dia-mundial-de-la-educacion-ambiental-en-candas\/#breadcrumblist"},"author":{"@id":"https:\/\/candas365.es\/noticias\/author\/admin\/#author"},"creator":{"@id":"https:\/\/candas365.es\/noticias\/author\/admin\/#author"},"image":{"@type":"ImageObject","url":"https:\/\/candas365.es\/noticias\/wp-content\/uploads\/2020\/01\/earth-405096_640.jpg","@id":"https:\/\/candas365.es\/noticias\/dia-mundial-de-la-educacion-ambiental-en-candas\/#mainImage","width":640,"height":426},"primaryImageOfPage":{"@id":"https:\/\/candas365.es\/noticias\/dia-mundial-de-la-educacion-ambiental-en-candas\/#mainImage"},"datePublished":"2020-01-27T09:30:48+01:00","dateModified":"2020-01-27T09:30:48+01:00"},{"@type":"WebSite","@id":"https:\/\/candas365.es\/noticias\/#website","url":"https:\/\/candas365.es\/noticias\/","name":"Cand\u00e1s 365","alternateName":"Cand\u00e1s 365 Noticias","description":"Actualidad desde Carre\u00f1o para el mundo","inLanguage":"es-ES","publisher":{"@id":"https:\/\/candas365.es\/noticias\/#organization"}}]},"og:locale":"es_ES","og:site_name":"Cand\u00e1s 365","og:type":"article","og:title":"D\u00eda Mundial de la Educaci\u00f3n Ambiental en Cand\u00e1s | Cand\u00e1s 365","og:description":"El d\u00eda 26 de Enero se conmemora el D\u00eda Mundial de la Educaci\u00f3n Ambiental, cuyo principal objetivo es identificar la problem\u00e1tica ambiental tanto a nivel global, como a nivel local y crear conciencia en la ciudadan\u00eda y en todos los agentes sociales en cuanto a la necesidad de participaci\u00f3n por conservar y proteger el medio","og:url":"https:\/\/candas365.es\/noticias\/dia-mundial-de-la-educacion-ambiental-en-candas\/","og:image":"https:\/\/candas365.es\/noticias\/wp-content\/uploads\/2020\/01\/earth-405096_640.jpg","og:image:secure_url":"https:\/\/candas365.es\/noticias\/wp-content\/uploads\/2020\/01\/earth-405096_640.jpg","og:image:width":640,"og:image:height":426,"article:published_time":"2020-01-27T09:30:48+00:00","article:modified_time":"2020-01-27T09:30:48+00:00","article:publisher":"https:\/\/www.facebook.com\/Nachofdezber","article:author":"https:\/\/www.facebook.com\/carrenoactualidad","twitter:card":"summary_large_image","twitter:site":"@NabercoDigital","twitter:title":"D\u00eda Mundial de la Educaci\u00f3n Ambiental en Cand\u00e1s | Cand\u00e1s 365","twitter:description":"El d\u00eda 26 de Enero se conmemora el D\u00eda Mundial de la Educaci\u00f3n Ambiental, cuyo principal objetivo es identificar la problem\u00e1tica ambiental tanto a nivel global, como a nivel local y crear conciencia en la ciudadan\u00eda y en todos los agentes sociales en cuanto a la necesidad de participaci\u00f3n por conservar y proteger el medio","twitter:creator":"@nbasturias","twitter:image":"https:\/\/candas365.es\/noticias\/wp-content\/uploads\/2020\/01\/earth-405096_640.jpg","twitter:label1":"Escrito por","twitter:data1":"Cand\u00e1s 365","twitter:label2":"Tiempo de lectura estimado","twitter:data2":"3 minutos"},"aioseo_meta_data":{"post_id":"137169","title":null,"description":null,"keywords":null,"keyphrases":null,"primary_term":null,"canonical_url":null,"og_title":null,"og_description":null,"og_object_type":"default","og_image_type":"default","og_image_url":null,"og_image_width":null,"og_image_height":null,"og_image_custom_url":null,"og_image_custom_fields":null,"og_video":null,"og_custom_url":null,"og_article_section":null,"og_article_tags":null,"twitter_use_og":false,"twitter_card":"default","twitter_image_type":"default","twitter_image_url":null,"twitter_image_custom_url":null,"twitter_image_custom_fields":null,"twitter_title":null,"twitter_description":null,"schema":{"blockGraphs":[],"customGraphs":[],"default":{"data":{"Article":[],"Course":[],"Dataset":[],"FAQPage":[],"Movie":[],"Person":[],"Product":[],"ProductReview":[],"Car":[],"Recipe":[],"Service":[],"SoftwareApplication":[],"WebPage":[]},"graphName":"","isEnabled":true},"graphs":[],"defaultGraph":"","defaultPostTypeGraph":""},"schema_type":null,"schema_type_options":null,"pillar_content":false,"robots_default":true,"robots_noindex":false,"robots_noarchive":false,"robots_nosnippet":false,"robots_nofollow":false,"robots_noimageindex":false,"robots_noodp":false,"robots_notranslate":false,"robots_max_snippet":null,"robots_max_videopreview":null,"robots_max_imagepreview":"large","priority":null,"frequency":null,"location":null,"local_seo":null,"seo_analyzer_scan_date":"2025-08-30 22:35:14","breadcrumb_settings":null,"limit_modified_date":false,"reviewed_by":null,"open_ai":null,"ai":null,"created":"2020-12-21 10:46:59","updated":"2025-08-30 22:35:14"},"aioseo_breadcrumb":"<div class=\"aioseo-breadcrumbs\"><span class=\"aioseo-breadcrumb\">\n\t<a href=\"https:\/\/candas365.es\/noticias\" title=\"Home\">Home<\/a>\n<\/span><span class=\"aioseo-breadcrumb-separator\">&ndash;<\/span><span class=\"aioseo-breadcrumb\">\n\t<a href=\"https:\/\/candas365.es\/noticias\/category\/noticias-carreno\/\" title=\"Noticias Carre\u00f1o\">Noticias Carre\u00f1o<\/a>\n<\/span><span class=\"aioseo-breadcrumb-separator\">&ndash;<\/span><span class=\"aioseo-breadcrumb\">\n\tD\u00eda Mundial de la Educaci\u00f3n Ambiental en Cand\u00e1s\n<\/span><\/div>","aioseo_breadcrumb_json":[{"label":"Home","link":"https:\/\/candas365.es\/noticias"},{"label":"Noticias Carre\u00f1o","link":"https:\/\/candas365.es\/noticias\/category\/noticias-carreno\/"},{"label":"D\u00eda Mundial de la Educaci\u00f3n Ambiental en Cand\u00e1s","link":"https:\/\/candas365.es\/noticias\/dia-mundial-de-la-educacion-ambiental-en-candas\/"}],"_links":{"self":[{"href":"https:\/\/candas365.es\/noticias\/wp-json\/wp\/v2\/posts\/137169","targetHints":{"allow":["GET"]}}],"collection":[{"href":"https:\/\/candas365.es\/noticias\/wp-json\/wp\/v2\/posts"}],"about":[{"href":"https:\/\/candas365.es\/noticias\/wp-json\/wp\/v2\/types\/post"}],"author":[{"embeddable":true,"href":"https:\/\/candas365.es\/noticias\/wp-json\/wp\/v2\/users\/1"}],"replies":[{"embeddable":true,"href":"https:\/\/candas365.es\/noticias\/wp-json\/wp\/v2\/comments?post=137169"}],"version-history":[{"count":0,"href":"https:\/\/candas365.es\/noticias\/wp-json\/wp\/v2\/posts\/137169\/revisions"}],"wp:featuredmedia":[{"embeddable":true,"href":"https:\/\/candas365.es\/noticias\/wp-json\/wp\/v2\/media\/137170"}],"wp:attachment":[{"href":"https:\/\/candas365.es\/noticias\/wp-json\/wp\/v2\/media?parent=137169"}],"wp:term":[{"taxonomy":"category","embeddable":true,"href":"https:\/\/candas365.es\/noticias\/wp-json\/wp\/v2\/categories?post=137169"},{"taxonomy":"post_tag","embeddable":true,"href":"https:\/\/candas365.es\/noticias\/wp-json\/wp\/v2\/tags?post=137169"}],"curies":[{"name":"wp","href":"https:\/\/api.w.org\/{rel}","templated":true}]}}