{"id":137166,"date":"2020-01-27T09:26:50","date_gmt":"2020-01-27T09:26:50","guid":{"rendered":"http:\/\/candas365.es\/noticias\/?p=137166"},"modified":"2020-01-27T09:26:50","modified_gmt":"2020-01-27T09:26:50","slug":"entregadas-parcelas-de-los-huertos-sostenibles-de-carreno","status":"publish","type":"post","link":"https:\/\/candas365.es\/noticias\/entregadas-parcelas-de-los-huertos-sostenibles-de-carreno\/","title":{"rendered":"Entregadas parcelas de los huertos sostenibles de Carre\u00f1o"},"content":{"rendered":"<p><img fetchpriority=\"high\" decoding=\"async\" class=\"alignleft size-medium wp-image-137167\" src=\"https:\/\/candas365.es\/noticias\/wp-content\/uploads\/2020\/01\/HUERTOS-ECOL\u00d3GICOS-351x300.jpg\" alt=\"\" width=\"351\" height=\"300\" srcset=\"https:\/\/candas365.es\/noticias\/wp-content\/uploads\/2020\/01\/HUERTOS-ECOL\u00d3GICOS-351x300.jpg 351w, https:\/\/candas365.es\/noticias\/wp-content\/uploads\/2020\/01\/HUERTOS-ECOL\u00d3GICOS-562x480.jpg 562w, https:\/\/candas365.es\/noticias\/wp-content\/uploads\/2020\/01\/HUERTOS-ECOL\u00d3GICOS-768x656.jpg 768w, https:\/\/candas365.es\/noticias\/wp-content\/uploads\/2020\/01\/HUERTOS-ECOL\u00d3GICOS-696x594.jpg 696w, https:\/\/candas365.es\/noticias\/wp-content\/uploads\/2020\/01\/HUERTOS-ECOL\u00d3GICOS-492x420.jpg 492w, https:\/\/candas365.es\/noticias\/wp-content\/uploads\/2020\/01\/HUERTOS-ECOL\u00d3GICOS.jpg 802w\" sizes=\"(max-width: 351px) 100vw, 351px\" \/>Para facilitar la participaci\u00f3n ciudadana en la producci\u00f3n, <strong>formaci\u00f3n y sensibilizaci\u00f3n agroecol\u00f3gica y fomentar la convivencia, el ocio y el consumo sostenible entre la poblaci\u00f3n<\/strong>, el Ayuntamiento de Carre\u00f1o impuls\u00f3 la legislatura pasada, en una parcela municipal, la creaci\u00f3n de un espacio urbano destinado al cultivo hort\u00edcola con criterios ecol\u00f3gicos. <strong>Un espacio dise\u00f1ado para que favorezca la convivencia ciudadana<\/strong>, el ocio creativo y el desarrollo personal y sociocultural del vecindario. Es un instrumento m\u00e1s del Consistorio orientado a favorecer la participaci\u00f3n ciudadana y enriquecer el tejido social municipal.<\/p>\n<p><em><strong>El funcionamiento de estos huertos se regula en un Reglamento publicado en el BOPA y aprobado definitivamente por el Pleno Municipal de 27-12-2019.<\/strong><\/em><\/p>\n<p>La gesti\u00f3n de los huertos y las pr\u00e1cticas agr\u00edcolas que se lleven a cabo se regir\u00e1n por criterios de sostenibilidad, <strong>buscando la creaci\u00f3n de un espacio no contaminante, propiciador de biodiversidad y que mejore la calidad ambiental<\/strong>.<\/p>\n<p>Las parcelas disponibles, finalizado el periodo de solicitud, se sortearon entre la poblaci\u00f3n, empadronada en el municipio, interesada en disponer de una parcela, atendiendo normalmente a determinados baremos en funci\u00f3n de la edad, la situaci\u00f3n familiar y econ\u00f3mica. Una vez que las personas que resultaron adjudicatarias aportaron en el Consistorio la documentaci\u00f3n necesaria y abonaron los costes establecidos se procedi\u00f3 a la <strong>entrega de llaves y formalizaci\u00f3n de contratos<\/strong>.<\/p>\n<p>En el Sal\u00f3n de Plenos del Ayuntamiento de Carre\u00f1o se realiz\u00f3 el acto de entrega de llaves de las parcelas y firmas de los contratos.<\/p>\n<p><strong>El acto fue presidido por la Alcaldesa de Carre\u00f1o que firm\u00f3 digitalmente y entreg\u00f3 las llaves de las diferentes parcelas<\/strong>. Asistieron al mismo concejales del gobierno local de las \u00e1reas de Medio Ambiente, Medio Rural y Urbanismo, todas ellas relacionadas con el proyecto.<\/p>\n<p>Al t\u00e9rmino del acto se les inform\u00f3 de la puesta en marcha de un curso de formaci\u00f3n inicial para las personas adjudicatarias de los huertos.<br \/>\n<strong>El curso que se iniciar\u00e1 en el mes de Febrero constar\u00e1 de 70 horas te\u00f3rico-pr\u00e1cticas y se celebrar\u00e1 los S\u00e1bados<\/strong>. Las sesiones te\u00f3ricas se realizar\u00e1n en la Casa de Encuentros (pr\u00f3xima a las instalaciones de los huertos) y la parte pr\u00e1ctica en las propias parcelas hort\u00edcolas.<\/p>\n<p>Este curso de iniciaci\u00f3n abarcar\u00e1 temas como el funcionamiento del suelo, su preparaci\u00f3n y tratamiento con diferentes tipos de abonado, tambi\u00e9n ver\u00e1n los cultivos m\u00e1s adecuados seg\u00fan rotaciones y asociaciones, as\u00ed como los m\u00e9todos y \u00e9pocas de siembra. Se les dotar\u00e1 de conocimientos para el reconocimiento y tratamiento de las principales plagas y enfermedades de los cultivos o aplicaci\u00f3n de algunos de los criterios de agricultura ecol\u00f3gica como riegos, salud de les plantas o fertilizaciones ecol\u00f3gicas.<\/p>\n<p>&nbsp;<\/p>\n","protected":false},"excerpt":{"rendered":"<p>Para facilitar la participaci\u00f3n ciudadana en la producci\u00f3n, formaci\u00f3n y sensibilizaci\u00f3n agroecol\u00f3gica y fomentar la convivencia, el ocio y el consumo sostenible entre la poblaci\u00f3n, el Ayuntamiento de Carre\u00f1o impuls\u00f3 la legislatura pasada, en una parcela municipal, la creaci\u00f3n de un espacio urbano destinado al cultivo hort\u00edcola con criterios ecol\u00f3gicos. Un espacio dise\u00f1ado para que<\/p>\n","protected":false},"author":1,"featured_media":137167,"comment_status":"closed","ping_status":"closed","sticky":false,"template":"","format":"standard","meta":{"footnotes":""},"categories":[2],"tags":[],"class_list":{"0":"post-137166","1":"post","2":"type-post","3":"status-publish","4":"format-standard","5":"has-post-thumbnail","7":"category-noticias-carreno"},"aioseo_notices":[],"aioseo_head":"\n\t\t<!-- All in One SEO Pro 4.9.6.2 - aioseo.com -->\n\t<meta name=\"description\" content=\"Para facilitar la participaci\u00f3n ciudadana en la producci\u00f3n, formaci\u00f3n y sensibilizaci\u00f3n agroecol\u00f3gica y fomentar la convivencia, el ocio y el consumo sostenible entre la poblaci\u00f3n, el Ayuntamiento de Carre\u00f1o impuls\u00f3 la legislatura pasada, en una parcela municipal, la creaci\u00f3n de un espacio urbano destinado al cultivo hort\u00edcola con criterios ecol\u00f3gicos. Un espacio dise\u00f1ado para que\" \/>\n\t<meta name=\"robots\" content=\"max-image-preview:large\" \/>\n\t<meta name=\"author\" content=\"Cand\u00e1s 365\"\/>\n\t<meta name=\"google-site-verification\" content=\"UA-32230408-1\" \/>\n\t<meta name=\"msvalidate.01\" content=\"354F3CDFB2DA171B47FBE9ABF1F88D5\" \/>\n\t<meta name=\"keywords\" content=\"noticias carre\u00f1o\" \/>\n\t<link rel=\"canonical\" href=\"https:\/\/candas365.es\/noticias\/entregadas-parcelas-de-los-huertos-sostenibles-de-carreno\/\" \/>\n\t<meta name=\"generator\" content=\"All in One SEO Pro (AIOSEO) 4.9.6.2\" \/>\n\t\t<meta property=\"og:locale\" content=\"es_ES\" \/>\n\t\t<meta property=\"og:site_name\" content=\"Cand\u00e1s 365\" \/>\n\t\t<meta property=\"og:type\" content=\"article\" \/>\n\t\t<meta property=\"og:title\" content=\"Entregadas parcelas de los huertos sostenibles de Carre\u00f1o | Cand\u00e1s 365\" \/>\n\t\t<meta property=\"og:description\" content=\"Para facilitar la participaci\u00f3n ciudadana en la producci\u00f3n, formaci\u00f3n y sensibilizaci\u00f3n agroecol\u00f3gica y fomentar la convivencia, el ocio y el consumo sostenible entre la poblaci\u00f3n, el Ayuntamiento de Carre\u00f1o impuls\u00f3 la legislatura pasada, en una parcela municipal, la creaci\u00f3n de un espacio urbano destinado al cultivo hort\u00edcola con criterios ecol\u00f3gicos. Un espacio dise\u00f1ado para que\" \/>\n\t\t<meta property=\"og:url\" content=\"https:\/\/candas365.es\/noticias\/entregadas-parcelas-de-los-huertos-sostenibles-de-carreno\/\" \/>\n\t\t<meta property=\"og:image\" content=\"https:\/\/candas365.es\/noticias\/wp-content\/uploads\/2020\/01\/HUERTOS-ECOL\u00d3GICOS.jpg\" \/>\n\t\t<meta property=\"og:image:secure_url\" content=\"https:\/\/candas365.es\/noticias\/wp-content\/uploads\/2020\/01\/HUERTOS-ECOL\u00d3GICOS.jpg\" \/>\n\t\t<meta property=\"og:image:width\" content=\"802\" \/>\n\t\t<meta property=\"og:image:height\" content=\"685\" \/>\n\t\t<meta property=\"article:published_time\" content=\"2020-01-27T09:26:50+00:00\" \/>\n\t\t<meta property=\"article:modified_time\" content=\"2020-01-27T09:26:50+00:00\" \/>\n\t\t<meta property=\"article:publisher\" content=\"https:\/\/www.facebook.com\/Nachofdezber\" \/>\n\t\t<meta property=\"article:author\" content=\"https:\/\/www.facebook.com\/carrenoactualidad\" \/>\n\t\t<meta name=\"twitter:card\" content=\"summary_large_image\" \/>\n\t\t<meta name=\"twitter:site\" content=\"@NabercoDigital\" \/>\n\t\t<meta name=\"twitter:title\" content=\"Entregadas parcelas de los huertos sostenibles de Carre\u00f1o | Cand\u00e1s 365\" \/>\n\t\t<meta name=\"twitter:description\" content=\"Para facilitar la participaci\u00f3n ciudadana en la producci\u00f3n, formaci\u00f3n y sensibilizaci\u00f3n agroecol\u00f3gica y fomentar la convivencia, el ocio y el consumo sostenible entre la poblaci\u00f3n, el Ayuntamiento de Carre\u00f1o impuls\u00f3 la legislatura pasada, en una parcela municipal, la creaci\u00f3n de un espacio urbano destinado al cultivo hort\u00edcola con criterios ecol\u00f3gicos. Un espacio dise\u00f1ado para que\" \/>\n\t\t<meta name=\"twitter:creator\" content=\"@nbasturias\" \/>\n\t\t<meta name=\"twitter:image\" content=\"https:\/\/candas365.es\/noticias\/wp-content\/uploads\/2020\/01\/HUERTOS-ECOL\u00d3GICOS.jpg\" \/>\n\t\t<meta name=\"twitter:label1\" content=\"Escrito por\" \/>\n\t\t<meta name=\"twitter:data1\" content=\"Cand\u00e1s 365\" \/>\n\t\t<meta name=\"twitter:label2\" content=\"Tiempo de lectura estimado\" \/>\n\t\t<meta name=\"twitter:data2\" content=\"2 minutos\" \/>\n\t\t<script type=\"application\/ld+json\" class=\"aioseo-schema\">\n\t\t\t{\"@context\":\"https:\\\/\\\/schema.org\",\"@graph\":[{\"@type\":\"BreadcrumbList\",\"@id\":\"https:\\\/\\\/candas365.es\\\/noticias\\\/entregadas-parcelas-de-los-huertos-sostenibles-de-carreno\\\/#breadcrumblist\",\"itemListElement\":[{\"@type\":\"ListItem\",\"@id\":\"https:\\\/\\\/candas365.es\\\/noticias#listItem\",\"position\":1,\"name\":\"Home\",\"item\":\"https:\\\/\\\/candas365.es\\\/noticias\",\"nextItem\":{\"@type\":\"ListItem\",\"@id\":\"https:\\\/\\\/candas365.es\\\/noticias\\\/category\\\/noticias-carreno\\\/#listItem\",\"name\":\"Noticias Carre\\u00f1o\"}},{\"@type\":\"ListItem\",\"@id\":\"https:\\\/\\\/candas365.es\\\/noticias\\\/category\\\/noticias-carreno\\\/#listItem\",\"position\":2,\"name\":\"Noticias Carre\\u00f1o\",\"item\":\"https:\\\/\\\/candas365.es\\\/noticias\\\/category\\\/noticias-carreno\\\/\",\"nextItem\":{\"@type\":\"ListItem\",\"@id\":\"https:\\\/\\\/candas365.es\\\/noticias\\\/entregadas-parcelas-de-los-huertos-sostenibles-de-carreno\\\/#listItem\",\"name\":\"Entregadas parcelas de los huertos sostenibles de Carre\\u00f1o\"},\"previousItem\":{\"@type\":\"ListItem\",\"@id\":\"https:\\\/\\\/candas365.es\\\/noticias#listItem\",\"name\":\"Home\"}},{\"@type\":\"ListItem\",\"@id\":\"https:\\\/\\\/candas365.es\\\/noticias\\\/entregadas-parcelas-de-los-huertos-sostenibles-de-carreno\\\/#listItem\",\"position\":3,\"name\":\"Entregadas parcelas de los huertos sostenibles de Carre\\u00f1o\",\"previousItem\":{\"@type\":\"ListItem\",\"@id\":\"https:\\\/\\\/candas365.es\\\/noticias\\\/category\\\/noticias-carreno\\\/#listItem\",\"name\":\"Noticias Carre\\u00f1o\"}}]},{\"@type\":\"NewsArticle\",\"@id\":\"https:\\\/\\\/candas365.es\\\/noticias\\\/entregadas-parcelas-de-los-huertos-sostenibles-de-carreno\\\/#newsarticle\",\"name\":\"Entregadas parcelas de los huertos sostenibles de Carre\\u00f1o | Cand\\u00e1s 365\",\"headline\":\"Entregadas parcelas de los huertos sostenibles de Carre\\u00f1o\",\"author\":{\"@id\":\"https:\\\/\\\/candas365.es\\\/noticias\\\/author\\\/admin\\\/#author\"},\"publisher\":{\"@id\":\"https:\\\/\\\/candas365.es\\\/noticias\\\/#organization\"},\"image\":{\"@type\":\"ImageObject\",\"url\":\"https:\\\/\\\/candas365.es\\\/noticias\\\/wp-content\\\/uploads\\\/2020\\\/01\\\/HUERTOS-ECOL\\u00d3GICOS.jpg\",\"width\":802,\"height\":685},\"datePublished\":\"2020-01-27T09:26:50+01:00\",\"dateModified\":\"2020-01-27T09:26:50+01:00\",\"inLanguage\":\"es-ES\",\"mainEntityOfPage\":{\"@id\":\"https:\\\/\\\/candas365.es\\\/noticias\\\/entregadas-parcelas-de-los-huertos-sostenibles-de-carreno\\\/#webpage\"},\"isPartOf\":{\"@id\":\"https:\\\/\\\/candas365.es\\\/noticias\\\/entregadas-parcelas-de-los-huertos-sostenibles-de-carreno\\\/#webpage\"},\"articleSection\":\"Noticias Carre\\u00f1o\",\"dateline\":\"Publicado el enero 27, 2020.\"},{\"@type\":\"Organization\",\"@id\":\"https:\\\/\\\/candas365.es\\\/noticias\\\/#organization\",\"name\":\"Cand\\u00e1s 365\",\"description\":\"Cand\\u00e1s 365 es un diario digital independiente, fundado en 2012, con base en Asturias. Informamos con rigor sobre actualidad, sociedad, cultura y ocio, con una mirada local y global.\",\"url\":\"https:\\\/\\\/candas365.es\\\/noticias\\\/\",\"email\":\"info@candas365.es\",\"telephone\":\"+34652131393\",\"foundingDate\":\"2012-06-10\",\"logo\":{\"@type\":\"ImageObject\",\"url\":\"https:\\\/\\\/candas365.es\\\/noticias\\\/wp-content\\\/uploads\\\/2024\\\/09\\\/Candas-365-Redes.jpg\",\"@id\":\"https:\\\/\\\/candas365.es\\\/noticias\\\/entregadas-parcelas-de-los-huertos-sostenibles-de-carreno\\\/#organizationLogo\",\"width\":1152,\"height\":864,\"caption\":\"Cand\\u00e1s 365 Redes\"},\"image\":{\"@id\":\"https:\\\/\\\/candas365.es\\\/noticias\\\/entregadas-parcelas-de-los-huertos-sostenibles-de-carreno\\\/#organizationLogo\"},\"sameAs\":[\"https:\\\/\\\/www.facebook.com\\\/Nachofdezber\",\"https:\\\/\\\/x.com\\\/NabercoDigital\",\"https:\\\/\\\/www.instagram.com\\\/nachofdezber\\\/\",\"https:\\\/\\\/www.youtube.com\\\/channel\\\/UCZP-2wLEB9Rv6erhFmqVnvg\"],\"address\":{\"@id\":\"https:\\\/\\\/candas365.es\\\/noticias\\\/#postaladdress\",\"@type\":\"PostalAddress\",\"streetAddress\":\"san antonio 4, san antonio 4\",\"postalCode\":\"33430\",\"addressLocality\":\"Cand\\u00e1s\",\"addressRegion\":\"Asturias\",\"addressCountry\":\"ES\"}},{\"@type\":\"Person\",\"@id\":\"https:\\\/\\\/candas365.es\\\/noticias\\\/author\\\/admin\\\/#author\",\"url\":\"https:\\\/\\\/candas365.es\\\/noticias\\\/author\\\/admin\\\/\",\"name\":\"Cand\\u00e1s 365\",\"image\":{\"@type\":\"ImageObject\",\"@id\":\"https:\\\/\\\/candas365.es\\\/noticias\\\/entregadas-parcelas-de-los-huertos-sostenibles-de-carreno\\\/#authorImage\",\"url\":\"https:\\\/\\\/secure.gravatar.com\\\/avatar\\\/496a8e03d0c493ede1718b7934145dbdf8d89be1036b0eec9544e1094c9de390?s=96&d=mm&r=g\",\"width\":96,\"height\":96,\"caption\":\"Cand\\u00e1s 365\"},\"sameAs\":[\"https:\\\/\\\/www.facebook.com\\\/carrenoactualidad\",\"https:\\\/\\\/twitter.com\\\/nbasturias\",\"https:\\\/\\\/www.instagram.com\\\/nachofdezber\\\/\",\"https:\\\/\\\/www.youtube.com\\\/channel\\\/UCZP-2wLEB9Rv6erhFmqVnvg\"]},{\"@type\":\"WebPage\",\"@id\":\"https:\\\/\\\/candas365.es\\\/noticias\\\/entregadas-parcelas-de-los-huertos-sostenibles-de-carreno\\\/#webpage\",\"url\":\"https:\\\/\\\/candas365.es\\\/noticias\\\/entregadas-parcelas-de-los-huertos-sostenibles-de-carreno\\\/\",\"name\":\"Entregadas parcelas de los huertos sostenibles de Carre\\u00f1o | Cand\\u00e1s 365\",\"description\":\"Para facilitar la participaci\\u00f3n ciudadana en la producci\\u00f3n, formaci\\u00f3n y sensibilizaci\\u00f3n agroecol\\u00f3gica y fomentar la convivencia, el ocio y el consumo sostenible entre la poblaci\\u00f3n, el Ayuntamiento de Carre\\u00f1o impuls\\u00f3 la legislatura pasada, en una parcela municipal, la creaci\\u00f3n de un espacio urbano destinado al cultivo hort\\u00edcola con criterios ecol\\u00f3gicos. Un espacio dise\\u00f1ado para que\",\"inLanguage\":\"es-ES\",\"isPartOf\":{\"@id\":\"https:\\\/\\\/candas365.es\\\/noticias\\\/#website\"},\"breadcrumb\":{\"@id\":\"https:\\\/\\\/candas365.es\\\/noticias\\\/entregadas-parcelas-de-los-huertos-sostenibles-de-carreno\\\/#breadcrumblist\"},\"author\":{\"@id\":\"https:\\\/\\\/candas365.es\\\/noticias\\\/author\\\/admin\\\/#author\"},\"creator\":{\"@id\":\"https:\\\/\\\/candas365.es\\\/noticias\\\/author\\\/admin\\\/#author\"},\"image\":{\"@type\":\"ImageObject\",\"url\":\"https:\\\/\\\/candas365.es\\\/noticias\\\/wp-content\\\/uploads\\\/2020\\\/01\\\/HUERTOS-ECOL\\u00d3GICOS.jpg\",\"@id\":\"https:\\\/\\\/candas365.es\\\/noticias\\\/entregadas-parcelas-de-los-huertos-sostenibles-de-carreno\\\/#mainImage\",\"width\":802,\"height\":685},\"primaryImageOfPage\":{\"@id\":\"https:\\\/\\\/candas365.es\\\/noticias\\\/entregadas-parcelas-de-los-huertos-sostenibles-de-carreno\\\/#mainImage\"},\"datePublished\":\"2020-01-27T09:26:50+01:00\",\"dateModified\":\"2020-01-27T09:26:50+01:00\"},{\"@type\":\"WebSite\",\"@id\":\"https:\\\/\\\/candas365.es\\\/noticias\\\/#website\",\"url\":\"https:\\\/\\\/candas365.es\\\/noticias\\\/\",\"name\":\"Cand\\u00e1s 365\",\"alternateName\":\"Cand\\u00e1s 365 Noticias\",\"description\":\"Actualidad desde Carre\\u00f1o para el mundo\",\"inLanguage\":\"es-ES\",\"publisher\":{\"@id\":\"https:\\\/\\\/candas365.es\\\/noticias\\\/#organization\"}}]}\n\t\t<\/script>\n\t\t<!-- All in One SEO Pro -->\r\n\t\t<title>Entregadas parcelas de los huertos sostenibles de Carre\u00f1o | Cand\u00e1s 365<\/title>\n\n","aioseo_head_json":{"title":"Entregadas parcelas de los huertos sostenibles de Carre\u00f1o | Cand\u00e1s 365","description":"Para facilitar la participaci\u00f3n ciudadana en la producci\u00f3n, formaci\u00f3n y sensibilizaci\u00f3n agroecol\u00f3gica y fomentar la convivencia, el ocio y el consumo sostenible entre la poblaci\u00f3n, el Ayuntamiento de Carre\u00f1o impuls\u00f3 la legislatura pasada, en una parcela municipal, la creaci\u00f3n de un espacio urbano destinado al cultivo hort\u00edcola con criterios ecol\u00f3gicos. Un espacio dise\u00f1ado para que","canonical_url":"https:\/\/candas365.es\/noticias\/entregadas-parcelas-de-los-huertos-sostenibles-de-carreno\/","robots":"max-image-preview:large","keywords":"noticias carre\u00f1o","webmasterTools":{"google-site-verification":"UA-32230408-1","msvalidate.01":"354F3CDFB2DA171B47FBE9ABF1F88D5","miscellaneous":""},"schema":{"@context":"https:\/\/schema.org","@graph":[{"@type":"BreadcrumbList","@id":"https:\/\/candas365.es\/noticias\/entregadas-parcelas-de-los-huertos-sostenibles-de-carreno\/#breadcrumblist","itemListElement":[{"@type":"ListItem","@id":"https:\/\/candas365.es\/noticias#listItem","position":1,"name":"Home","item":"https:\/\/candas365.es\/noticias","nextItem":{"@type":"ListItem","@id":"https:\/\/candas365.es\/noticias\/category\/noticias-carreno\/#listItem","name":"Noticias Carre\u00f1o"}},{"@type":"ListItem","@id":"https:\/\/candas365.es\/noticias\/category\/noticias-carreno\/#listItem","position":2,"name":"Noticias Carre\u00f1o","item":"https:\/\/candas365.es\/noticias\/category\/noticias-carreno\/","nextItem":{"@type":"ListItem","@id":"https:\/\/candas365.es\/noticias\/entregadas-parcelas-de-los-huertos-sostenibles-de-carreno\/#listItem","name":"Entregadas parcelas de los huertos sostenibles de Carre\u00f1o"},"previousItem":{"@type":"ListItem","@id":"https:\/\/candas365.es\/noticias#listItem","name":"Home"}},{"@type":"ListItem","@id":"https:\/\/candas365.es\/noticias\/entregadas-parcelas-de-los-huertos-sostenibles-de-carreno\/#listItem","position":3,"name":"Entregadas parcelas de los huertos sostenibles de Carre\u00f1o","previousItem":{"@type":"ListItem","@id":"https:\/\/candas365.es\/noticias\/category\/noticias-carreno\/#listItem","name":"Noticias Carre\u00f1o"}}]},{"@type":"NewsArticle","@id":"https:\/\/candas365.es\/noticias\/entregadas-parcelas-de-los-huertos-sostenibles-de-carreno\/#newsarticle","name":"Entregadas parcelas de los huertos sostenibles de Carre\u00f1o | Cand\u00e1s 365","headline":"Entregadas parcelas de los huertos sostenibles de Carre\u00f1o","author":{"@id":"https:\/\/candas365.es\/noticias\/author\/admin\/#author"},"publisher":{"@id":"https:\/\/candas365.es\/noticias\/#organization"},"image":{"@type":"ImageObject","url":"https:\/\/candas365.es\/noticias\/wp-content\/uploads\/2020\/01\/HUERTOS-ECOL\u00d3GICOS.jpg","width":802,"height":685},"datePublished":"2020-01-27T09:26:50+01:00","dateModified":"2020-01-27T09:26:50+01:00","inLanguage":"es-ES","mainEntityOfPage":{"@id":"https:\/\/candas365.es\/noticias\/entregadas-parcelas-de-los-huertos-sostenibles-de-carreno\/#webpage"},"isPartOf":{"@id":"https:\/\/candas365.es\/noticias\/entregadas-parcelas-de-los-huertos-sostenibles-de-carreno\/#webpage"},"articleSection":"Noticias Carre\u00f1o","dateline":"Publicado el enero 27, 2020."},{"@type":"Organization","@id":"https:\/\/candas365.es\/noticias\/#organization","name":"Cand\u00e1s 365","description":"Cand\u00e1s 365 es un diario digital independiente, fundado en 2012, con base en Asturias. Informamos con rigor sobre actualidad, sociedad, cultura y ocio, con una mirada local y global.","url":"https:\/\/candas365.es\/noticias\/","email":"info@candas365.es","telephone":"+34652131393","foundingDate":"2012-06-10","logo":{"@type":"ImageObject","url":"https:\/\/candas365.es\/noticias\/wp-content\/uploads\/2024\/09\/Candas-365-Redes.jpg","@id":"https:\/\/candas365.es\/noticias\/entregadas-parcelas-de-los-huertos-sostenibles-de-carreno\/#organizationLogo","width":1152,"height":864,"caption":"Cand\u00e1s 365 Redes"},"image":{"@id":"https:\/\/candas365.es\/noticias\/entregadas-parcelas-de-los-huertos-sostenibles-de-carreno\/#organizationLogo"},"sameAs":["https:\/\/www.facebook.com\/Nachofdezber","https:\/\/x.com\/NabercoDigital","https:\/\/www.instagram.com\/nachofdezber\/","https:\/\/www.youtube.com\/channel\/UCZP-2wLEB9Rv6erhFmqVnvg"],"address":{"@id":"https:\/\/candas365.es\/noticias\/#postaladdress","@type":"PostalAddress","streetAddress":"san antonio 4, san antonio 4","postalCode":"33430","addressLocality":"Cand\u00e1s","addressRegion":"Asturias","addressCountry":"ES"}},{"@type":"Person","@id":"https:\/\/candas365.es\/noticias\/author\/admin\/#author","url":"https:\/\/candas365.es\/noticias\/author\/admin\/","name":"Cand\u00e1s 365","image":{"@type":"ImageObject","@id":"https:\/\/candas365.es\/noticias\/entregadas-parcelas-de-los-huertos-sostenibles-de-carreno\/#authorImage","url":"https:\/\/secure.gravatar.com\/avatar\/496a8e03d0c493ede1718b7934145dbdf8d89be1036b0eec9544e1094c9de390?s=96&d=mm&r=g","width":96,"height":96,"caption":"Cand\u00e1s 365"},"sameAs":["https:\/\/www.facebook.com\/carrenoactualidad","https:\/\/twitter.com\/nbasturias","https:\/\/www.instagram.com\/nachofdezber\/","https:\/\/www.youtube.com\/channel\/UCZP-2wLEB9Rv6erhFmqVnvg"]},{"@type":"WebPage","@id":"https:\/\/candas365.es\/noticias\/entregadas-parcelas-de-los-huertos-sostenibles-de-carreno\/#webpage","url":"https:\/\/candas365.es\/noticias\/entregadas-parcelas-de-los-huertos-sostenibles-de-carreno\/","name":"Entregadas parcelas de los huertos sostenibles de Carre\u00f1o | Cand\u00e1s 365","description":"Para facilitar la participaci\u00f3n ciudadana en la producci\u00f3n, formaci\u00f3n y sensibilizaci\u00f3n agroecol\u00f3gica y fomentar la convivencia, el ocio y el consumo sostenible entre la poblaci\u00f3n, el Ayuntamiento de Carre\u00f1o impuls\u00f3 la legislatura pasada, en una parcela municipal, la creaci\u00f3n de un espacio urbano destinado al cultivo hort\u00edcola con criterios ecol\u00f3gicos. Un espacio dise\u00f1ado para que","inLanguage":"es-ES","isPartOf":{"@id":"https:\/\/candas365.es\/noticias\/#website"},"breadcrumb":{"@id":"https:\/\/candas365.es\/noticias\/entregadas-parcelas-de-los-huertos-sostenibles-de-carreno\/#breadcrumblist"},"author":{"@id":"https:\/\/candas365.es\/noticias\/author\/admin\/#author"},"creator":{"@id":"https:\/\/candas365.es\/noticias\/author\/admin\/#author"},"image":{"@type":"ImageObject","url":"https:\/\/candas365.es\/noticias\/wp-content\/uploads\/2020\/01\/HUERTOS-ECOL\u00d3GICOS.jpg","@id":"https:\/\/candas365.es\/noticias\/entregadas-parcelas-de-los-huertos-sostenibles-de-carreno\/#mainImage","width":802,"height":685},"primaryImageOfPage":{"@id":"https:\/\/candas365.es\/noticias\/entregadas-parcelas-de-los-huertos-sostenibles-de-carreno\/#mainImage"},"datePublished":"2020-01-27T09:26:50+01:00","dateModified":"2020-01-27T09:26:50+01:00"},{"@type":"WebSite","@id":"https:\/\/candas365.es\/noticias\/#website","url":"https:\/\/candas365.es\/noticias\/","name":"Cand\u00e1s 365","alternateName":"Cand\u00e1s 365 Noticias","description":"Actualidad desde Carre\u00f1o para el mundo","inLanguage":"es-ES","publisher":{"@id":"https:\/\/candas365.es\/noticias\/#organization"}}]},"og:locale":"es_ES","og:site_name":"Cand\u00e1s 365","og:type":"article","og:title":"Entregadas parcelas de los huertos sostenibles de Carre\u00f1o | Cand\u00e1s 365","og:description":"Para facilitar la participaci\u00f3n ciudadana en la producci\u00f3n, formaci\u00f3n y sensibilizaci\u00f3n agroecol\u00f3gica y fomentar la convivencia, el ocio y el consumo sostenible entre la poblaci\u00f3n, el Ayuntamiento de Carre\u00f1o impuls\u00f3 la legislatura pasada, en una parcela municipal, la creaci\u00f3n de un espacio urbano destinado al cultivo hort\u00edcola con criterios ecol\u00f3gicos. Un espacio dise\u00f1ado para que","og:url":"https:\/\/candas365.es\/noticias\/entregadas-parcelas-de-los-huertos-sostenibles-de-carreno\/","og:image":"https:\/\/candas365.es\/noticias\/wp-content\/uploads\/2020\/01\/HUERTOS-ECOL\u00d3GICOS.jpg","og:image:secure_url":"https:\/\/candas365.es\/noticias\/wp-content\/uploads\/2020\/01\/HUERTOS-ECOL\u00d3GICOS.jpg","og:image:width":802,"og:image:height":685,"article:published_time":"2020-01-27T09:26:50+00:00","article:modified_time":"2020-01-27T09:26:50+00:00","article:publisher":"https:\/\/www.facebook.com\/Nachofdezber","article:author":"https:\/\/www.facebook.com\/carrenoactualidad","twitter:card":"summary_large_image","twitter:site":"@NabercoDigital","twitter:title":"Entregadas parcelas de los huertos sostenibles de Carre\u00f1o | Cand\u00e1s 365","twitter:description":"Para facilitar la participaci\u00f3n ciudadana en la producci\u00f3n, formaci\u00f3n y sensibilizaci\u00f3n agroecol\u00f3gica y fomentar la convivencia, el ocio y el consumo sostenible entre la poblaci\u00f3n, el Ayuntamiento de Carre\u00f1o impuls\u00f3 la legislatura pasada, en una parcela municipal, la creaci\u00f3n de un espacio urbano destinado al cultivo hort\u00edcola con criterios ecol\u00f3gicos. Un espacio dise\u00f1ado para que","twitter:creator":"@nbasturias","twitter:image":"https:\/\/candas365.es\/noticias\/wp-content\/uploads\/2020\/01\/HUERTOS-ECOL\u00d3GICOS.jpg","twitter:label1":"Escrito por","twitter:data1":"Cand\u00e1s 365","twitter:label2":"Tiempo de lectura estimado","twitter:data2":"2 minutos"},"aioseo_meta_data":{"post_id":"137166","title":null,"description":null,"keywords":null,"keyphrases":null,"primary_term":null,"canonical_url":null,"og_title":null,"og_description":null,"og_object_type":"default","og_image_type":"default","og_image_url":null,"og_image_width":null,"og_image_height":null,"og_image_custom_url":null,"og_image_custom_fields":null,"og_video":null,"og_custom_url":null,"og_article_section":null,"og_article_tags":null,"twitter_use_og":false,"twitter_card":"default","twitter_image_type":"default","twitter_image_url":null,"twitter_image_custom_url":null,"twitter_image_custom_fields":null,"twitter_title":null,"twitter_description":null,"schema":{"blockGraphs":[],"customGraphs":[],"default":{"data":{"Article":[],"Course":[],"Dataset":[],"FAQPage":[],"Movie":[],"Person":[],"Product":[],"ProductReview":[],"Car":[],"Recipe":[],"Service":[],"SoftwareApplication":[],"WebPage":[]},"graphName":"","isEnabled":true},"graphs":[],"defaultGraph":"","defaultPostTypeGraph":""},"schema_type":null,"schema_type_options":null,"pillar_content":false,"robots_default":true,"robots_noindex":false,"robots_noarchive":false,"robots_nosnippet":false,"robots_nofollow":false,"robots_noimageindex":false,"robots_noodp":false,"robots_notranslate":false,"robots_max_snippet":null,"robots_max_videopreview":null,"robots_max_imagepreview":"large","priority":null,"frequency":null,"location":null,"local_seo":null,"seo_analyzer_scan_date":"2025-08-30 22:35:13","breadcrumb_settings":null,"limit_modified_date":false,"reviewed_by":null,"open_ai":null,"ai":null,"created":"2020-12-21 10:46:59","updated":"2025-08-30 22:35:13"},"aioseo_breadcrumb":"<div class=\"aioseo-breadcrumbs\"><span class=\"aioseo-breadcrumb\">\n\t<a href=\"https:\/\/candas365.es\/noticias\" title=\"Home\">Home<\/a>\n<\/span><span class=\"aioseo-breadcrumb-separator\">&ndash;<\/span><span class=\"aioseo-breadcrumb\">\n\t<a href=\"https:\/\/candas365.es\/noticias\/category\/noticias-carreno\/\" title=\"Noticias Carre\u00f1o\">Noticias Carre\u00f1o<\/a>\n<\/span><span class=\"aioseo-breadcrumb-separator\">&ndash;<\/span><span class=\"aioseo-breadcrumb\">\n\tEntregadas parcelas de los huertos sostenibles de Carre\u00f1o\n<\/span><\/div>","aioseo_breadcrumb_json":[{"label":"Home","link":"https:\/\/candas365.es\/noticias"},{"label":"Noticias Carre\u00f1o","link":"https:\/\/candas365.es\/noticias\/category\/noticias-carreno\/"},{"label":"Entregadas parcelas de los huertos sostenibles de Carre\u00f1o","link":"https:\/\/candas365.es\/noticias\/entregadas-parcelas-de-los-huertos-sostenibles-de-carreno\/"}],"_links":{"self":[{"href":"https:\/\/candas365.es\/noticias\/wp-json\/wp\/v2\/posts\/137166","targetHints":{"allow":["GET"]}}],"collection":[{"href":"https:\/\/candas365.es\/noticias\/wp-json\/wp\/v2\/posts"}],"about":[{"href":"https:\/\/candas365.es\/noticias\/wp-json\/wp\/v2\/types\/post"}],"author":[{"embeddable":true,"href":"https:\/\/candas365.es\/noticias\/wp-json\/wp\/v2\/users\/1"}],"replies":[{"embeddable":true,"href":"https:\/\/candas365.es\/noticias\/wp-json\/wp\/v2\/comments?post=137166"}],"version-history":[{"count":0,"href":"https:\/\/candas365.es\/noticias\/wp-json\/wp\/v2\/posts\/137166\/revisions"}],"wp:featuredmedia":[{"embeddable":true,"href":"https:\/\/candas365.es\/noticias\/wp-json\/wp\/v2\/media\/137167"}],"wp:attachment":[{"href":"https:\/\/candas365.es\/noticias\/wp-json\/wp\/v2\/media?parent=137166"}],"wp:term":[{"taxonomy":"category","embeddable":true,"href":"https:\/\/candas365.es\/noticias\/wp-json\/wp\/v2\/categories?post=137166"},{"taxonomy":"post_tag","embeddable":true,"href":"https:\/\/candas365.es\/noticias\/wp-json\/wp\/v2\/tags?post=137166"}],"curies":[{"name":"wp","href":"https:\/\/api.w.org\/{rel}","templated":true}]}}