{"id":137163,"date":"2020-01-27T09:20:19","date_gmt":"2020-01-27T09:20:19","guid":{"rendered":"http:\/\/candas365.es\/noticias\/?p=137163"},"modified":"2020-01-27T09:20:19","modified_gmt":"2020-01-27T09:20:19","slug":"nueva-empresa-en-la-residencia-de-prendes","status":"publish","type":"post","link":"https:\/\/candas365.es\/noticias\/nueva-empresa-en-la-residencia-de-prendes\/","title":{"rendered":"Nueva empresa en la Residencia de Prendes"},"content":{"rendered":"<p><strong><img fetchpriority=\"high\" decoding=\"async\" class=\"alignleft size-medium wp-image-137164\" src=\"https:\/\/candas365.es\/noticias\/wp-content\/uploads\/2020\/01\/Firmas-empresa-Prendes-360x283.jpg\" alt=\"\" width=\"360\" height=\"283\" srcset=\"https:\/\/candas365.es\/noticias\/wp-content\/uploads\/2020\/01\/Firmas-empresa-Prendes-360x283.jpg 360w, https:\/\/candas365.es\/noticias\/wp-content\/uploads\/2020\/01\/Firmas-empresa-Prendes-611x480.jpg 611w, https:\/\/candas365.es\/noticias\/wp-content\/uploads\/2020\/01\/Firmas-empresa-Prendes-768x604.jpg 768w, https:\/\/candas365.es\/noticias\/wp-content\/uploads\/2020\/01\/Firmas-empresa-Prendes-696x547.jpg 696w, https:\/\/candas365.es\/noticias\/wp-content\/uploads\/2020\/01\/Firmas-empresa-Prendes-534x420.jpg 534w, https:\/\/candas365.es\/noticias\/wp-content\/uploads\/2020\/01\/Firmas-empresa-Prendes.jpg 884w\" sizes=\"(max-width: 360px) 100vw, 360px\" \/>La Residencia municipal de empresas de Prendes afronta el a\u00f1o 2020 con optimismo<\/strong>, al producirse una nueva incorporaci\u00f3n a la larga n\u00f3mina de empresas que se han alojado en este equipamiento municipal. En concreto, se trata de la empresa <strong>\u201cNazca Carbono\u201d<\/strong>, lo que eleva el \u00edndice de ocupaci\u00f3n de la Residencia a un envidiable 88,89 %, con un solo local a\u00fan por ocupar.<\/p>\n<p><strong>\u201cNazca Carbono\u201d<\/strong>, empresa dedicada a reparaciones de diversos componentes en fibra de carbono (con especializaci\u00f3n en el sector del Ciclismo), se suma as\u00ed a las otras 7 empresas ya instaladas en la Residencia: \u201cOPCO, S.L.\u201d (sistemas de refrigeraci\u00f3n y optimizaci\u00f3n energ\u00e9tica), \u201cConstrucciones Bah\u00eda de Per\u00e1n, S.L.\u201d (construcci\u00f3n y obras de reforma), \u201cLa Gata Bohemia\u201d (elaboraci\u00f3n y venta de productos artesanales de marroquiner\u00eda), \u201cMenganos Producciones S.L.\u201d (producciones audiovisuales), \u201cEl Valle Alvamar, S.L.\u201d (construcci\u00f3n y obras de reforma), \u201cASECOR, S.L.\u201d (comercializaci\u00f3n de energ\u00eda el\u00e9ctrica), y \u201cCaricoxes\u201d (taller de artesan\u00eda cer\u00e1mica).<\/p>\n<p>A estas empresas se deben sumar otras seis, que tambi\u00e9n han pasado anteriormente por las instalaciones de la Residencia de Prendes, algunas de las cuales han precisado abandonarla para ampliar sus instalaciones y poder as\u00ed responder mejor a las demandas de su clientela, una vez consolidada.<\/p>\n<p><strong>La Residencia empresarial de Prendes naci\u00f3 en 2013 con vocaci\u00f3n de facilitar la puesta en marcha y consolidaci\u00f3n de nuevas empresas<\/strong>, y para ello la Residencia Empresarial pone a su disposici\u00f3n un total de 9 oficinas (con una superficie de entre 9,70 y 21,30 m2), debidamente dotadas para su inmediata ocupaci\u00f3n por empresas, por un per\u00edodo m\u00e1ximo de 5 a\u00f1os. Para facilitar la instalaci\u00f3n de nuevas empresas, durante el primer a\u00f1o \u00e9stas pueden abonar en concepto de alquiler una cifra que ronda entre los 19,43 \u20ac y los 40,47 \u20ac al mes, seg\u00fan la superficie de la oficina.<\/p>\n<p>Por ello, la Residencia Empresarial de Prendes se ha convertido en una de las piezas m\u00e1s destacadas de la promoci\u00f3n econ\u00f3mica y de empleo del Ayuntamiento de Carre\u00f1o.<\/p>\n<p>&nbsp;<\/p>\n","protected":false},"excerpt":{"rendered":"<p>La Residencia municipal de empresas de Prendes afronta el a\u00f1o 2020 con optimismo, al producirse una nueva incorporaci\u00f3n a la larga n\u00f3mina de empresas que se han alojado en este equipamiento municipal. En concreto, se trata de la empresa \u201cNazca Carbono\u201d, lo que eleva el \u00edndice de ocupaci\u00f3n de la Residencia a un envidiable 88,89<\/p>\n","protected":false},"author":1,"featured_media":137164,"comment_status":"closed","ping_status":"closed","sticky":false,"template":"","format":"standard","meta":{"footnotes":""},"categories":[2],"tags":[],"class_list":{"0":"post-137163","1":"post","2":"type-post","3":"status-publish","4":"format-standard","5":"has-post-thumbnail","7":"category-noticias-carreno"},"aioseo_notices":[],"aioseo_head":"\n\t\t<!-- All in One SEO Pro 4.9.6.2 - aioseo.com -->\n\t<meta name=\"description\" content=\"La Residencia municipal de empresas de Prendes afronta el a\u00f1o 2020 con optimismo, al producirse una nueva incorporaci\u00f3n a la larga n\u00f3mina de empresas que se han alojado en este equipamiento municipal. En concreto, se trata de la empresa \u201cNazca Carbono\u201d, lo que eleva el \u00edndice de ocupaci\u00f3n de la Residencia a un envidiable 88,89\" \/>\n\t<meta name=\"robots\" content=\"max-image-preview:large\" \/>\n\t<meta name=\"author\" content=\"Cand\u00e1s 365\"\/>\n\t<meta name=\"google-site-verification\" content=\"UA-32230408-1\" \/>\n\t<meta name=\"msvalidate.01\" content=\"354F3CDFB2DA171B47FBE9ABF1F88D5\" \/>\n\t<meta name=\"keywords\" content=\"noticias carre\u00f1o\" \/>\n\t<link rel=\"canonical\" href=\"https:\/\/candas365.es\/noticias\/nueva-empresa-en-la-residencia-de-prendes\/\" \/>\n\t<meta name=\"generator\" content=\"All in One SEO Pro (AIOSEO) 4.9.6.2\" \/>\n\t\t<meta property=\"og:locale\" content=\"es_ES\" \/>\n\t\t<meta property=\"og:site_name\" content=\"Cand\u00e1s 365\" \/>\n\t\t<meta property=\"og:type\" content=\"article\" \/>\n\t\t<meta property=\"og:title\" content=\"Nueva empresa en la Residencia de Prendes | Cand\u00e1s 365\" \/>\n\t\t<meta property=\"og:description\" content=\"La Residencia municipal de empresas de Prendes afronta el a\u00f1o 2020 con optimismo, al producirse una nueva incorporaci\u00f3n a la larga n\u00f3mina de empresas que se han alojado en este equipamiento municipal. En concreto, se trata de la empresa \u201cNazca Carbono\u201d, lo que eleva el \u00edndice de ocupaci\u00f3n de la Residencia a un envidiable 88,89\" \/>\n\t\t<meta property=\"og:url\" content=\"https:\/\/candas365.es\/noticias\/nueva-empresa-en-la-residencia-de-prendes\/\" \/>\n\t\t<meta property=\"og:image\" content=\"https:\/\/candas365.es\/noticias\/wp-content\/uploads\/2020\/01\/Firmas-empresa-Prendes.jpg\" \/>\n\t\t<meta property=\"og:image:secure_url\" content=\"https:\/\/candas365.es\/noticias\/wp-content\/uploads\/2020\/01\/Firmas-empresa-Prendes.jpg\" \/>\n\t\t<meta property=\"og:image:width\" content=\"884\" \/>\n\t\t<meta property=\"og:image:height\" content=\"695\" \/>\n\t\t<meta property=\"article:published_time\" content=\"2020-01-27T09:20:19+00:00\" \/>\n\t\t<meta property=\"article:modified_time\" content=\"2020-01-27T09:20:19+00:00\" \/>\n\t\t<meta property=\"article:publisher\" content=\"https:\/\/www.facebook.com\/Nachofdezber\" \/>\n\t\t<meta property=\"article:author\" content=\"https:\/\/www.facebook.com\/carrenoactualidad\" \/>\n\t\t<meta name=\"twitter:card\" content=\"summary_large_image\" \/>\n\t\t<meta name=\"twitter:site\" content=\"@NabercoDigital\" \/>\n\t\t<meta name=\"twitter:title\" content=\"Nueva empresa en la Residencia de Prendes | Cand\u00e1s 365\" \/>\n\t\t<meta name=\"twitter:description\" content=\"La Residencia municipal de empresas de Prendes afronta el a\u00f1o 2020 con optimismo, al producirse una nueva incorporaci\u00f3n a la larga n\u00f3mina de empresas que se han alojado en este equipamiento municipal. En concreto, se trata de la empresa \u201cNazca Carbono\u201d, lo que eleva el \u00edndice de ocupaci\u00f3n de la Residencia a un envidiable 88,89\" \/>\n\t\t<meta name=\"twitter:creator\" content=\"@nbasturias\" \/>\n\t\t<meta name=\"twitter:image\" content=\"https:\/\/candas365.es\/noticias\/wp-content\/uploads\/2020\/01\/Firmas-empresa-Prendes.jpg\" \/>\n\t\t<meta name=\"twitter:label1\" content=\"Escrito por\" \/>\n\t\t<meta name=\"twitter:data1\" content=\"Cand\u00e1s 365\" \/>\n\t\t<meta name=\"twitter:label2\" content=\"Tiempo de lectura estimado\" \/>\n\t\t<meta name=\"twitter:data2\" content=\"2 minutos\" \/>\n\t\t<script type=\"application\/ld+json\" class=\"aioseo-schema\">\n\t\t\t{\"@context\":\"https:\\\/\\\/schema.org\",\"@graph\":[{\"@type\":\"BreadcrumbList\",\"@id\":\"https:\\\/\\\/candas365.es\\\/noticias\\\/nueva-empresa-en-la-residencia-de-prendes\\\/#breadcrumblist\",\"itemListElement\":[{\"@type\":\"ListItem\",\"@id\":\"https:\\\/\\\/candas365.es\\\/noticias#listItem\",\"position\":1,\"name\":\"Home\",\"item\":\"https:\\\/\\\/candas365.es\\\/noticias\",\"nextItem\":{\"@type\":\"ListItem\",\"@id\":\"https:\\\/\\\/candas365.es\\\/noticias\\\/category\\\/noticias-carreno\\\/#listItem\",\"name\":\"Noticias Carre\\u00f1o\"}},{\"@type\":\"ListItem\",\"@id\":\"https:\\\/\\\/candas365.es\\\/noticias\\\/category\\\/noticias-carreno\\\/#listItem\",\"position\":2,\"name\":\"Noticias Carre\\u00f1o\",\"item\":\"https:\\\/\\\/candas365.es\\\/noticias\\\/category\\\/noticias-carreno\\\/\",\"nextItem\":{\"@type\":\"ListItem\",\"@id\":\"https:\\\/\\\/candas365.es\\\/noticias\\\/nueva-empresa-en-la-residencia-de-prendes\\\/#listItem\",\"name\":\"Nueva empresa en la Residencia de Prendes\"},\"previousItem\":{\"@type\":\"ListItem\",\"@id\":\"https:\\\/\\\/candas365.es\\\/noticias#listItem\",\"name\":\"Home\"}},{\"@type\":\"ListItem\",\"@id\":\"https:\\\/\\\/candas365.es\\\/noticias\\\/nueva-empresa-en-la-residencia-de-prendes\\\/#listItem\",\"position\":3,\"name\":\"Nueva empresa en la Residencia de Prendes\",\"previousItem\":{\"@type\":\"ListItem\",\"@id\":\"https:\\\/\\\/candas365.es\\\/noticias\\\/category\\\/noticias-carreno\\\/#listItem\",\"name\":\"Noticias Carre\\u00f1o\"}}]},{\"@type\":\"NewsArticle\",\"@id\":\"https:\\\/\\\/candas365.es\\\/noticias\\\/nueva-empresa-en-la-residencia-de-prendes\\\/#newsarticle\",\"name\":\"Nueva empresa en la Residencia de Prendes | Cand\\u00e1s 365\",\"headline\":\"Nueva empresa en la Residencia de Prendes\",\"author\":{\"@id\":\"https:\\\/\\\/candas365.es\\\/noticias\\\/author\\\/admin\\\/#author\"},\"publisher\":{\"@id\":\"https:\\\/\\\/candas365.es\\\/noticias\\\/#organization\"},\"image\":{\"@type\":\"ImageObject\",\"url\":\"https:\\\/\\\/candas365.es\\\/noticias\\\/wp-content\\\/uploads\\\/2020\\\/01\\\/Firmas-empresa-Prendes.jpg\",\"width\":884,\"height\":695},\"datePublished\":\"2020-01-27T09:20:19+01:00\",\"dateModified\":\"2020-01-27T09:20:19+01:00\",\"inLanguage\":\"es-ES\",\"mainEntityOfPage\":{\"@id\":\"https:\\\/\\\/candas365.es\\\/noticias\\\/nueva-empresa-en-la-residencia-de-prendes\\\/#webpage\"},\"isPartOf\":{\"@id\":\"https:\\\/\\\/candas365.es\\\/noticias\\\/nueva-empresa-en-la-residencia-de-prendes\\\/#webpage\"},\"articleSection\":\"Noticias Carre\\u00f1o\",\"dateline\":\"Publicado el enero 27, 2020.\"},{\"@type\":\"Organization\",\"@id\":\"https:\\\/\\\/candas365.es\\\/noticias\\\/#organization\",\"name\":\"Cand\\u00e1s 365\",\"description\":\"Cand\\u00e1s 365 es un diario digital independiente, fundado en 2012, con base en Asturias. Informamos con rigor sobre actualidad, sociedad, cultura y ocio, con una mirada local y global.\",\"url\":\"https:\\\/\\\/candas365.es\\\/noticias\\\/\",\"email\":\"info@candas365.es\",\"telephone\":\"+34652131393\",\"foundingDate\":\"2012-06-10\",\"logo\":{\"@type\":\"ImageObject\",\"url\":\"https:\\\/\\\/candas365.es\\\/noticias\\\/wp-content\\\/uploads\\\/2024\\\/09\\\/Candas-365-Redes.jpg\",\"@id\":\"https:\\\/\\\/candas365.es\\\/noticias\\\/nueva-empresa-en-la-residencia-de-prendes\\\/#organizationLogo\",\"width\":1152,\"height\":864,\"caption\":\"Cand\\u00e1s 365 Redes\"},\"image\":{\"@id\":\"https:\\\/\\\/candas365.es\\\/noticias\\\/nueva-empresa-en-la-residencia-de-prendes\\\/#organizationLogo\"},\"sameAs\":[\"https:\\\/\\\/www.facebook.com\\\/Nachofdezber\",\"https:\\\/\\\/x.com\\\/NabercoDigital\",\"https:\\\/\\\/www.instagram.com\\\/nachofdezber\\\/\",\"https:\\\/\\\/www.youtube.com\\\/channel\\\/UCZP-2wLEB9Rv6erhFmqVnvg\"],\"address\":{\"@id\":\"https:\\\/\\\/candas365.es\\\/noticias\\\/#postaladdress\",\"@type\":\"PostalAddress\",\"streetAddress\":\"san antonio 4, san antonio 4\",\"postalCode\":\"33430\",\"addressLocality\":\"Cand\\u00e1s\",\"addressRegion\":\"Asturias\",\"addressCountry\":\"ES\"}},{\"@type\":\"Person\",\"@id\":\"https:\\\/\\\/candas365.es\\\/noticias\\\/author\\\/admin\\\/#author\",\"url\":\"https:\\\/\\\/candas365.es\\\/noticias\\\/author\\\/admin\\\/\",\"name\":\"Cand\\u00e1s 365\",\"image\":{\"@type\":\"ImageObject\",\"@id\":\"https:\\\/\\\/candas365.es\\\/noticias\\\/nueva-empresa-en-la-residencia-de-prendes\\\/#authorImage\",\"url\":\"https:\\\/\\\/secure.gravatar.com\\\/avatar\\\/496a8e03d0c493ede1718b7934145dbdf8d89be1036b0eec9544e1094c9de390?s=96&d=mm&r=g\",\"width\":96,\"height\":96,\"caption\":\"Cand\\u00e1s 365\"},\"sameAs\":[\"https:\\\/\\\/www.facebook.com\\\/carrenoactualidad\",\"https:\\\/\\\/twitter.com\\\/nbasturias\",\"https:\\\/\\\/www.instagram.com\\\/nachofdezber\\\/\",\"https:\\\/\\\/www.youtube.com\\\/channel\\\/UCZP-2wLEB9Rv6erhFmqVnvg\"]},{\"@type\":\"WebPage\",\"@id\":\"https:\\\/\\\/candas365.es\\\/noticias\\\/nueva-empresa-en-la-residencia-de-prendes\\\/#webpage\",\"url\":\"https:\\\/\\\/candas365.es\\\/noticias\\\/nueva-empresa-en-la-residencia-de-prendes\\\/\",\"name\":\"Nueva empresa en la Residencia de Prendes | Cand\\u00e1s 365\",\"description\":\"La Residencia municipal de empresas de Prendes afronta el a\\u00f1o 2020 con optimismo, al producirse una nueva incorporaci\\u00f3n a la larga n\\u00f3mina de empresas que se han alojado en este equipamiento municipal. En concreto, se trata de la empresa \\u201cNazca Carbono\\u201d, lo que eleva el \\u00edndice de ocupaci\\u00f3n de la Residencia a un envidiable 88,89\",\"inLanguage\":\"es-ES\",\"isPartOf\":{\"@id\":\"https:\\\/\\\/candas365.es\\\/noticias\\\/#website\"},\"breadcrumb\":{\"@id\":\"https:\\\/\\\/candas365.es\\\/noticias\\\/nueva-empresa-en-la-residencia-de-prendes\\\/#breadcrumblist\"},\"author\":{\"@id\":\"https:\\\/\\\/candas365.es\\\/noticias\\\/author\\\/admin\\\/#author\"},\"creator\":{\"@id\":\"https:\\\/\\\/candas365.es\\\/noticias\\\/author\\\/admin\\\/#author\"},\"image\":{\"@type\":\"ImageObject\",\"url\":\"https:\\\/\\\/candas365.es\\\/noticias\\\/wp-content\\\/uploads\\\/2020\\\/01\\\/Firmas-empresa-Prendes.jpg\",\"@id\":\"https:\\\/\\\/candas365.es\\\/noticias\\\/nueva-empresa-en-la-residencia-de-prendes\\\/#mainImage\",\"width\":884,\"height\":695},\"primaryImageOfPage\":{\"@id\":\"https:\\\/\\\/candas365.es\\\/noticias\\\/nueva-empresa-en-la-residencia-de-prendes\\\/#mainImage\"},\"datePublished\":\"2020-01-27T09:20:19+01:00\",\"dateModified\":\"2020-01-27T09:20:19+01:00\"},{\"@type\":\"WebSite\",\"@id\":\"https:\\\/\\\/candas365.es\\\/noticias\\\/#website\",\"url\":\"https:\\\/\\\/candas365.es\\\/noticias\\\/\",\"name\":\"Cand\\u00e1s 365\",\"alternateName\":\"Cand\\u00e1s 365 Noticias\",\"description\":\"Actualidad desde Carre\\u00f1o para el mundo\",\"inLanguage\":\"es-ES\",\"publisher\":{\"@id\":\"https:\\\/\\\/candas365.es\\\/noticias\\\/#organization\"}}]}\n\t\t<\/script>\n\t\t<!-- All in One SEO Pro -->\r\n\t\t<title>Nueva empresa en la Residencia de Prendes | Cand\u00e1s 365<\/title>\n\n","aioseo_head_json":{"title":"Nueva empresa en la Residencia de Prendes | Cand\u00e1s 365","description":"La Residencia municipal de empresas de Prendes afronta el a\u00f1o 2020 con optimismo, al producirse una nueva incorporaci\u00f3n a la larga n\u00f3mina de empresas que se han alojado en este equipamiento municipal. En concreto, se trata de la empresa \u201cNazca Carbono\u201d, lo que eleva el \u00edndice de ocupaci\u00f3n de la Residencia a un envidiable 88,89","canonical_url":"https:\/\/candas365.es\/noticias\/nueva-empresa-en-la-residencia-de-prendes\/","robots":"max-image-preview:large","keywords":"noticias carre\u00f1o","webmasterTools":{"google-site-verification":"UA-32230408-1","msvalidate.01":"354F3CDFB2DA171B47FBE9ABF1F88D5","miscellaneous":""},"schema":{"@context":"https:\/\/schema.org","@graph":[{"@type":"BreadcrumbList","@id":"https:\/\/candas365.es\/noticias\/nueva-empresa-en-la-residencia-de-prendes\/#breadcrumblist","itemListElement":[{"@type":"ListItem","@id":"https:\/\/candas365.es\/noticias#listItem","position":1,"name":"Home","item":"https:\/\/candas365.es\/noticias","nextItem":{"@type":"ListItem","@id":"https:\/\/candas365.es\/noticias\/category\/noticias-carreno\/#listItem","name":"Noticias Carre\u00f1o"}},{"@type":"ListItem","@id":"https:\/\/candas365.es\/noticias\/category\/noticias-carreno\/#listItem","position":2,"name":"Noticias Carre\u00f1o","item":"https:\/\/candas365.es\/noticias\/category\/noticias-carreno\/","nextItem":{"@type":"ListItem","@id":"https:\/\/candas365.es\/noticias\/nueva-empresa-en-la-residencia-de-prendes\/#listItem","name":"Nueva empresa en la Residencia de Prendes"},"previousItem":{"@type":"ListItem","@id":"https:\/\/candas365.es\/noticias#listItem","name":"Home"}},{"@type":"ListItem","@id":"https:\/\/candas365.es\/noticias\/nueva-empresa-en-la-residencia-de-prendes\/#listItem","position":3,"name":"Nueva empresa en la Residencia de Prendes","previousItem":{"@type":"ListItem","@id":"https:\/\/candas365.es\/noticias\/category\/noticias-carreno\/#listItem","name":"Noticias Carre\u00f1o"}}]},{"@type":"NewsArticle","@id":"https:\/\/candas365.es\/noticias\/nueva-empresa-en-la-residencia-de-prendes\/#newsarticle","name":"Nueva empresa en la Residencia de Prendes | Cand\u00e1s 365","headline":"Nueva empresa en la Residencia de Prendes","author":{"@id":"https:\/\/candas365.es\/noticias\/author\/admin\/#author"},"publisher":{"@id":"https:\/\/candas365.es\/noticias\/#organization"},"image":{"@type":"ImageObject","url":"https:\/\/candas365.es\/noticias\/wp-content\/uploads\/2020\/01\/Firmas-empresa-Prendes.jpg","width":884,"height":695},"datePublished":"2020-01-27T09:20:19+01:00","dateModified":"2020-01-27T09:20:19+01:00","inLanguage":"es-ES","mainEntityOfPage":{"@id":"https:\/\/candas365.es\/noticias\/nueva-empresa-en-la-residencia-de-prendes\/#webpage"},"isPartOf":{"@id":"https:\/\/candas365.es\/noticias\/nueva-empresa-en-la-residencia-de-prendes\/#webpage"},"articleSection":"Noticias Carre\u00f1o","dateline":"Publicado el enero 27, 2020."},{"@type":"Organization","@id":"https:\/\/candas365.es\/noticias\/#organization","name":"Cand\u00e1s 365","description":"Cand\u00e1s 365 es un diario digital independiente, fundado en 2012, con base en Asturias. Informamos con rigor sobre actualidad, sociedad, cultura y ocio, con una mirada local y global.","url":"https:\/\/candas365.es\/noticias\/","email":"info@candas365.es","telephone":"+34652131393","foundingDate":"2012-06-10","logo":{"@type":"ImageObject","url":"https:\/\/candas365.es\/noticias\/wp-content\/uploads\/2024\/09\/Candas-365-Redes.jpg","@id":"https:\/\/candas365.es\/noticias\/nueva-empresa-en-la-residencia-de-prendes\/#organizationLogo","width":1152,"height":864,"caption":"Cand\u00e1s 365 Redes"},"image":{"@id":"https:\/\/candas365.es\/noticias\/nueva-empresa-en-la-residencia-de-prendes\/#organizationLogo"},"sameAs":["https:\/\/www.facebook.com\/Nachofdezber","https:\/\/x.com\/NabercoDigital","https:\/\/www.instagram.com\/nachofdezber\/","https:\/\/www.youtube.com\/channel\/UCZP-2wLEB9Rv6erhFmqVnvg"],"address":{"@id":"https:\/\/candas365.es\/noticias\/#postaladdress","@type":"PostalAddress","streetAddress":"san antonio 4, san antonio 4","postalCode":"33430","addressLocality":"Cand\u00e1s","addressRegion":"Asturias","addressCountry":"ES"}},{"@type":"Person","@id":"https:\/\/candas365.es\/noticias\/author\/admin\/#author","url":"https:\/\/candas365.es\/noticias\/author\/admin\/","name":"Cand\u00e1s 365","image":{"@type":"ImageObject","@id":"https:\/\/candas365.es\/noticias\/nueva-empresa-en-la-residencia-de-prendes\/#authorImage","url":"https:\/\/secure.gravatar.com\/avatar\/496a8e03d0c493ede1718b7934145dbdf8d89be1036b0eec9544e1094c9de390?s=96&d=mm&r=g","width":96,"height":96,"caption":"Cand\u00e1s 365"},"sameAs":["https:\/\/www.facebook.com\/carrenoactualidad","https:\/\/twitter.com\/nbasturias","https:\/\/www.instagram.com\/nachofdezber\/","https:\/\/www.youtube.com\/channel\/UCZP-2wLEB9Rv6erhFmqVnvg"]},{"@type":"WebPage","@id":"https:\/\/candas365.es\/noticias\/nueva-empresa-en-la-residencia-de-prendes\/#webpage","url":"https:\/\/candas365.es\/noticias\/nueva-empresa-en-la-residencia-de-prendes\/","name":"Nueva empresa en la Residencia de Prendes | Cand\u00e1s 365","description":"La Residencia municipal de empresas de Prendes afronta el a\u00f1o 2020 con optimismo, al producirse una nueva incorporaci\u00f3n a la larga n\u00f3mina de empresas que se han alojado en este equipamiento municipal. En concreto, se trata de la empresa \u201cNazca Carbono\u201d, lo que eleva el \u00edndice de ocupaci\u00f3n de la Residencia a un envidiable 88,89","inLanguage":"es-ES","isPartOf":{"@id":"https:\/\/candas365.es\/noticias\/#website"},"breadcrumb":{"@id":"https:\/\/candas365.es\/noticias\/nueva-empresa-en-la-residencia-de-prendes\/#breadcrumblist"},"author":{"@id":"https:\/\/candas365.es\/noticias\/author\/admin\/#author"},"creator":{"@id":"https:\/\/candas365.es\/noticias\/author\/admin\/#author"},"image":{"@type":"ImageObject","url":"https:\/\/candas365.es\/noticias\/wp-content\/uploads\/2020\/01\/Firmas-empresa-Prendes.jpg","@id":"https:\/\/candas365.es\/noticias\/nueva-empresa-en-la-residencia-de-prendes\/#mainImage","width":884,"height":695},"primaryImageOfPage":{"@id":"https:\/\/candas365.es\/noticias\/nueva-empresa-en-la-residencia-de-prendes\/#mainImage"},"datePublished":"2020-01-27T09:20:19+01:00","dateModified":"2020-01-27T09:20:19+01:00"},{"@type":"WebSite","@id":"https:\/\/candas365.es\/noticias\/#website","url":"https:\/\/candas365.es\/noticias\/","name":"Cand\u00e1s 365","alternateName":"Cand\u00e1s 365 Noticias","description":"Actualidad desde Carre\u00f1o para el mundo","inLanguage":"es-ES","publisher":{"@id":"https:\/\/candas365.es\/noticias\/#organization"}}]},"og:locale":"es_ES","og:site_name":"Cand\u00e1s 365","og:type":"article","og:title":"Nueva empresa en la Residencia de Prendes | Cand\u00e1s 365","og:description":"La Residencia municipal de empresas de Prendes afronta el a\u00f1o 2020 con optimismo, al producirse una nueva incorporaci\u00f3n a la larga n\u00f3mina de empresas que se han alojado en este equipamiento municipal. En concreto, se trata de la empresa \u201cNazca Carbono\u201d, lo que eleva el \u00edndice de ocupaci\u00f3n de la Residencia a un envidiable 88,89","og:url":"https:\/\/candas365.es\/noticias\/nueva-empresa-en-la-residencia-de-prendes\/","og:image":"https:\/\/candas365.es\/noticias\/wp-content\/uploads\/2020\/01\/Firmas-empresa-Prendes.jpg","og:image:secure_url":"https:\/\/candas365.es\/noticias\/wp-content\/uploads\/2020\/01\/Firmas-empresa-Prendes.jpg","og:image:width":884,"og:image:height":695,"article:published_time":"2020-01-27T09:20:19+00:00","article:modified_time":"2020-01-27T09:20:19+00:00","article:publisher":"https:\/\/www.facebook.com\/Nachofdezber","article:author":"https:\/\/www.facebook.com\/carrenoactualidad","twitter:card":"summary_large_image","twitter:site":"@NabercoDigital","twitter:title":"Nueva empresa en la Residencia de Prendes | Cand\u00e1s 365","twitter:description":"La Residencia municipal de empresas de Prendes afronta el a\u00f1o 2020 con optimismo, al producirse una nueva incorporaci\u00f3n a la larga n\u00f3mina de empresas que se han alojado en este equipamiento municipal. En concreto, se trata de la empresa \u201cNazca Carbono\u201d, lo que eleva el \u00edndice de ocupaci\u00f3n de la Residencia a un envidiable 88,89","twitter:creator":"@nbasturias","twitter:image":"https:\/\/candas365.es\/noticias\/wp-content\/uploads\/2020\/01\/Firmas-empresa-Prendes.jpg","twitter:label1":"Escrito por","twitter:data1":"Cand\u00e1s 365","twitter:label2":"Tiempo de lectura estimado","twitter:data2":"2 minutos"},"aioseo_meta_data":{"post_id":"137163","title":null,"description":null,"keywords":null,"keyphrases":null,"primary_term":null,"canonical_url":null,"og_title":null,"og_description":null,"og_object_type":"default","og_image_type":"default","og_image_url":null,"og_image_width":null,"og_image_height":null,"og_image_custom_url":null,"og_image_custom_fields":null,"og_video":null,"og_custom_url":null,"og_article_section":null,"og_article_tags":null,"twitter_use_og":false,"twitter_card":"default","twitter_image_type":"default","twitter_image_url":null,"twitter_image_custom_url":null,"twitter_image_custom_fields":null,"twitter_title":null,"twitter_description":null,"schema":{"blockGraphs":[],"customGraphs":[],"default":{"data":{"Article":[],"Course":[],"Dataset":[],"FAQPage":[],"Movie":[],"Person":[],"Product":[],"ProductReview":[],"Car":[],"Recipe":[],"Service":[],"SoftwareApplication":[],"WebPage":[]},"graphName":"","isEnabled":true},"graphs":[]},"schema_type":null,"schema_type_options":null,"pillar_content":false,"robots_default":true,"robots_noindex":false,"robots_noarchive":false,"robots_nosnippet":false,"robots_nofollow":false,"robots_noimageindex":false,"robots_noodp":false,"robots_notranslate":false,"robots_max_snippet":null,"robots_max_videopreview":null,"robots_max_imagepreview":"large","priority":null,"frequency":null,"location":null,"local_seo":null,"seo_analyzer_scan_date":"2025-08-30 22:35:12","breadcrumb_settings":null,"limit_modified_date":false,"reviewed_by":null,"open_ai":null,"ai":null,"created":"2020-12-21 10:46:59","updated":"2025-08-30 22:35:12"},"aioseo_breadcrumb":"<div class=\"aioseo-breadcrumbs\"><span class=\"aioseo-breadcrumb\">\n\t<a href=\"https:\/\/candas365.es\/noticias\" title=\"Home\">Home<\/a>\n<\/span><span class=\"aioseo-breadcrumb-separator\">&ndash;<\/span><span class=\"aioseo-breadcrumb\">\n\t<a href=\"https:\/\/candas365.es\/noticias\/category\/noticias-carreno\/\" title=\"Noticias Carre\u00f1o\">Noticias Carre\u00f1o<\/a>\n<\/span><span class=\"aioseo-breadcrumb-separator\">&ndash;<\/span><span class=\"aioseo-breadcrumb\">\n\tNueva empresa en la Residencia de Prendes\n<\/span><\/div>","aioseo_breadcrumb_json":[{"label":"Home","link":"https:\/\/candas365.es\/noticias"},{"label":"Noticias Carre\u00f1o","link":"https:\/\/candas365.es\/noticias\/category\/noticias-carreno\/"},{"label":"Nueva empresa en la Residencia de Prendes","link":"https:\/\/candas365.es\/noticias\/nueva-empresa-en-la-residencia-de-prendes\/"}],"_links":{"self":[{"href":"https:\/\/candas365.es\/noticias\/wp-json\/wp\/v2\/posts\/137163","targetHints":{"allow":["GET"]}}],"collection":[{"href":"https:\/\/candas365.es\/noticias\/wp-json\/wp\/v2\/posts"}],"about":[{"href":"https:\/\/candas365.es\/noticias\/wp-json\/wp\/v2\/types\/post"}],"author":[{"embeddable":true,"href":"https:\/\/candas365.es\/noticias\/wp-json\/wp\/v2\/users\/1"}],"replies":[{"embeddable":true,"href":"https:\/\/candas365.es\/noticias\/wp-json\/wp\/v2\/comments?post=137163"}],"version-history":[{"count":0,"href":"https:\/\/candas365.es\/noticias\/wp-json\/wp\/v2\/posts\/137163\/revisions"}],"wp:featuredmedia":[{"embeddable":true,"href":"https:\/\/candas365.es\/noticias\/wp-json\/wp\/v2\/media\/137164"}],"wp:attachment":[{"href":"https:\/\/candas365.es\/noticias\/wp-json\/wp\/v2\/media?parent=137163"}],"wp:term":[{"taxonomy":"category","embeddable":true,"href":"https:\/\/candas365.es\/noticias\/wp-json\/wp\/v2\/categories?post=137163"},{"taxonomy":"post_tag","embeddable":true,"href":"https:\/\/candas365.es\/noticias\/wp-json\/wp\/v2\/tags?post=137163"}],"curies":[{"name":"wp","href":"https:\/\/api.w.org\/{rel}","templated":true}]}}