{"id":137103,"date":"2020-01-26T16:30:23","date_gmt":"2020-01-26T16:30:23","guid":{"rendered":"http:\/\/candas365.es\/noticias\/?p=137103"},"modified":"2020-01-26T16:30:23","modified_gmt":"2020-01-26T16:30:23","slug":"ex-arbitro-aleman-merk-asegura-que-el-var-se-utiliza-demasiado","status":"publish","type":"post","link":"https:\/\/candas365.es\/noticias\/ex-arbitro-aleman-merk-asegura-que-el-var-se-utiliza-demasiado\/","title":{"rendered":"Ex-\u00e1rbitro alem\u00e1n Merk asegura que el VAR se utiliza demasiado"},"content":{"rendered":"<p><img fetchpriority=\"high\" decoding=\"async\" class=\"alignleft size-medium wp-image-98026\" src=\"https:\/\/candas365.es\/noticias\/wp-content\/uploads\/2018\/06\/football-1406106_960_720-1-360x241.jpg\" alt=\"\" width=\"360\" height=\"241\" srcset=\"https:\/\/candas365.es\/noticias\/wp-content\/uploads\/2018\/06\/football-1406106_960_720-1-360x241.jpg 360w, https:\/\/candas365.es\/noticias\/wp-content\/uploads\/2018\/06\/football-1406106_960_720-1-768x514.jpg 768w, https:\/\/candas365.es\/noticias\/wp-content\/uploads\/2018\/06\/football-1406106_960_720-1-655x439.jpg 655w, https:\/\/candas365.es\/noticias\/wp-content\/uploads\/2018\/06\/football-1406106_960_720-1-696x466.jpg 696w, https:\/\/candas365.es\/noticias\/wp-content\/uploads\/2018\/06\/football-1406106_960_720-1-627x420.jpg 627w, https:\/\/candas365.es\/noticias\/wp-content\/uploads\/2018\/06\/football-1406106_960_720-1.jpg 960w\" sizes=\"(max-width: 360px) 100vw, 360px\" \/>Berl\u00edn, 26 ene (dpa) \u2013 El ex-\u00e1rbitro internacional alem\u00e1n Markus Merk cree que el asistente de videoarbitraje, conocido como VAR, se utiliza con demasiada frecuencia en el f\u00fatbol, seg\u00fan declaraciones difundidas por el portal especializado Sportbuzzer.<\/p>\n<p>\u00abLa idea inicial era que solo se revisaran las decisiones evidentes. Pero ahora parece que tiene vida propia, y se revisan demasiados lances del juego\u00bb, dijo Merk.<\/p>\n<p>El ex-\u00e1rbitro de 57 a\u00f1os no cree que haya que comunicar a los espectadores las decisiones resultantes de consultar el v\u00eddeo. \u00abAnunciar en el estadio la decisi\u00f3n del \u00e1rbitro despu\u00e9s de consultar el VAR, debido a que se comprueban demasiadas situaciones dudosas, no har\u00e1n m\u00e1s que empeorarlo, en lugar de mejorarlo\u00bb, opin\u00f3.<\/p>\n<p>Merk tambi\u00e9n se mostr\u00f3 favorable a una regla similar a la llamada Challenge, en la que se solicita la revisi\u00f3n a trav\u00e9s del denominado Ojo de Halc\u00f3n vigente en el tenis.<\/p>\n<p>\u00abMi sugerencia para esto fue y es la regla 3&#215;2, que supone que cada equipo, y tambi\u00e9n los \u00e1rbitros, tengan la oportunidad de hacer que se compruebe una situaci\u00f3n dos veces en cada partido\u00bb, explic\u00f3 Merk.<\/p>\n<p>Sin embargo, aclar\u00f3 que esto solo ser\u00eda posible si la FIFA cambiara el reglamento sobre la aplicaci\u00f3n del VAR.<\/p>\n","protected":false},"excerpt":{"rendered":"<p>Berl\u00edn, 26 ene (dpa) \u2013 El ex-\u00e1rbitro internacional alem\u00e1n Markus Merk cree que el asistente de videoarbitraje, conocido como VAR, se utiliza con demasiada frecuencia en el f\u00fatbol, seg\u00fan declaraciones difundidas por el portal especializado Sportbuzzer. \u00abLa idea inicial era que solo se revisaran las decisiones evidentes. Pero ahora parece que tiene vida propia, y<\/p>\n","protected":false},"author":1,"featured_media":98026,"comment_status":"closed","ping_status":"closed","sticky":false,"template":"","format":"standard","meta":{"footnotes":""},"categories":[319],"tags":[],"class_list":{"0":"post-137103","1":"post","2":"type-post","3":"status-publish","4":"format-standard","5":"has-post-thumbnail","7":"category-deporte"},"aioseo_notices":[],"aioseo_head":"\n\t\t<!-- All in One SEO Pro 4.9.6.2 - aioseo.com -->\n\t<meta name=\"description\" content=\"Berl\u00edn, 26 ene (dpa) \u2013 El ex-\u00e1rbitro internacional alem\u00e1n Markus Merk cree que el asistente de videoarbitraje, conocido como VAR, se utiliza con demasiada frecuencia en el f\u00fatbol, seg\u00fan declaraciones difundidas por el portal especializado Sportbuzzer. &quot;La idea inicial era que solo se revisaran las decisiones evidentes. Pero ahora parece que tiene vida propia, y\" \/>\n\t<meta name=\"robots\" content=\"max-image-preview:large\" \/>\n\t<meta name=\"author\" content=\"Cand\u00e1s 365\"\/>\n\t<meta name=\"google-site-verification\" content=\"UA-32230408-1\" \/>\n\t<meta name=\"msvalidate.01\" content=\"354F3CDFB2DA171B47FBE9ABF1F88D5\" \/>\n\t<meta name=\"keywords\" content=\"deporte\" \/>\n\t<link rel=\"canonical\" href=\"https:\/\/candas365.es\/noticias\/ex-arbitro-aleman-merk-asegura-que-el-var-se-utiliza-demasiado\/\" \/>\n\t<meta name=\"generator\" content=\"All in One SEO Pro (AIOSEO) 4.9.6.2\" \/>\n\t\t<meta property=\"og:locale\" content=\"es_ES\" \/>\n\t\t<meta property=\"og:site_name\" content=\"Cand\u00e1s 365\" \/>\n\t\t<meta property=\"og:type\" content=\"article\" \/>\n\t\t<meta property=\"og:title\" content=\"Ex-\u00e1rbitro alem\u00e1n Merk asegura que el VAR se utiliza demasiado | Cand\u00e1s 365\" \/>\n\t\t<meta property=\"og:description\" content=\"Berl\u00edn, 26 ene (dpa) \u2013 El ex-\u00e1rbitro internacional alem\u00e1n Markus Merk cree que el asistente de videoarbitraje, conocido como VAR, se utiliza con demasiada frecuencia en el f\u00fatbol, seg\u00fan declaraciones difundidas por el portal especializado Sportbuzzer. &quot;La idea inicial era que solo se revisaran las decisiones evidentes. Pero ahora parece que tiene vida propia, y\" \/>\n\t\t<meta property=\"og:url\" content=\"https:\/\/candas365.es\/noticias\/ex-arbitro-aleman-merk-asegura-que-el-var-se-utiliza-demasiado\/\" \/>\n\t\t<meta property=\"og:image\" content=\"https:\/\/candas365.es\/noticias\/wp-content\/uploads\/2018\/06\/football-1406106_960_720-1.jpg\" \/>\n\t\t<meta property=\"og:image:secure_url\" content=\"https:\/\/candas365.es\/noticias\/wp-content\/uploads\/2018\/06\/football-1406106_960_720-1.jpg\" \/>\n\t\t<meta property=\"og:image:width\" content=\"960\" \/>\n\t\t<meta property=\"og:image:height\" content=\"643\" \/>\n\t\t<meta property=\"article:published_time\" content=\"2020-01-26T16:30:23+00:00\" \/>\n\t\t<meta property=\"article:modified_time\" content=\"2020-01-26T16:30:23+00:00\" \/>\n\t\t<meta property=\"article:publisher\" content=\"https:\/\/www.facebook.com\/Nachofdezber\" \/>\n\t\t<meta property=\"article:author\" content=\"https:\/\/www.facebook.com\/carrenoactualidad\" \/>\n\t\t<meta name=\"twitter:card\" content=\"summary_large_image\" \/>\n\t\t<meta name=\"twitter:site\" content=\"@NabercoDigital\" \/>\n\t\t<meta name=\"twitter:title\" content=\"Ex-\u00e1rbitro alem\u00e1n Merk asegura que el VAR se utiliza demasiado | Cand\u00e1s 365\" \/>\n\t\t<meta name=\"twitter:description\" content=\"Berl\u00edn, 26 ene (dpa) \u2013 El ex-\u00e1rbitro internacional alem\u00e1n Markus Merk cree que el asistente de videoarbitraje, conocido como VAR, se utiliza con demasiada frecuencia en el f\u00fatbol, seg\u00fan declaraciones difundidas por el portal especializado Sportbuzzer. &quot;La idea inicial era que solo se revisaran las decisiones evidentes. Pero ahora parece que tiene vida propia, y\" \/>\n\t\t<meta name=\"twitter:creator\" content=\"@nbasturias\" \/>\n\t\t<meta name=\"twitter:image\" content=\"https:\/\/candas365.es\/noticias\/wp-content\/uploads\/2018\/06\/football-1406106_960_720-1.jpg\" \/>\n\t\t<meta name=\"twitter:label1\" content=\"Escrito por\" \/>\n\t\t<meta name=\"twitter:data1\" content=\"Cand\u00e1s 365\" \/>\n\t\t<meta name=\"twitter:label2\" content=\"Tiempo de lectura estimado\" \/>\n\t\t<meta name=\"twitter:data2\" content=\"1 minuto\" \/>\n\t\t<script type=\"application\/ld+json\" class=\"aioseo-schema\">\n\t\t\t{\"@context\":\"https:\\\/\\\/schema.org\",\"@graph\":[{\"@type\":\"BreadcrumbList\",\"@id\":\"https:\\\/\\\/candas365.es\\\/noticias\\\/ex-arbitro-aleman-merk-asegura-que-el-var-se-utiliza-demasiado\\\/#breadcrumblist\",\"itemListElement\":[{\"@type\":\"ListItem\",\"@id\":\"https:\\\/\\\/candas365.es\\\/noticias#listItem\",\"position\":1,\"name\":\"Home\",\"item\":\"https:\\\/\\\/candas365.es\\\/noticias\",\"nextItem\":{\"@type\":\"ListItem\",\"@id\":\"https:\\\/\\\/candas365.es\\\/noticias\\\/category\\\/deporte\\\/#listItem\",\"name\":\"Deporte\"}},{\"@type\":\"ListItem\",\"@id\":\"https:\\\/\\\/candas365.es\\\/noticias\\\/category\\\/deporte\\\/#listItem\",\"position\":2,\"name\":\"Deporte\",\"item\":\"https:\\\/\\\/candas365.es\\\/noticias\\\/category\\\/deporte\\\/\",\"nextItem\":{\"@type\":\"ListItem\",\"@id\":\"https:\\\/\\\/candas365.es\\\/noticias\\\/ex-arbitro-aleman-merk-asegura-que-el-var-se-utiliza-demasiado\\\/#listItem\",\"name\":\"Ex-\\u00e1rbitro alem\\u00e1n Merk asegura que el VAR se utiliza demasiado\"},\"previousItem\":{\"@type\":\"ListItem\",\"@id\":\"https:\\\/\\\/candas365.es\\\/noticias#listItem\",\"name\":\"Home\"}},{\"@type\":\"ListItem\",\"@id\":\"https:\\\/\\\/candas365.es\\\/noticias\\\/ex-arbitro-aleman-merk-asegura-que-el-var-se-utiliza-demasiado\\\/#listItem\",\"position\":3,\"name\":\"Ex-\\u00e1rbitro alem\\u00e1n Merk asegura que el VAR se utiliza demasiado\",\"previousItem\":{\"@type\":\"ListItem\",\"@id\":\"https:\\\/\\\/candas365.es\\\/noticias\\\/category\\\/deporte\\\/#listItem\",\"name\":\"Deporte\"}}]},{\"@type\":\"NewsArticle\",\"@id\":\"https:\\\/\\\/candas365.es\\\/noticias\\\/ex-arbitro-aleman-merk-asegura-que-el-var-se-utiliza-demasiado\\\/#newsarticle\",\"name\":\"Ex-\\u00e1rbitro alem\\u00e1n Merk asegura que el VAR se utiliza demasiado | Cand\\u00e1s 365\",\"headline\":\"Ex-\\u00e1rbitro alem\\u00e1n Merk asegura que el VAR se utiliza demasiado\",\"author\":{\"@id\":\"https:\\\/\\\/candas365.es\\\/noticias\\\/author\\\/admin\\\/#author\"},\"publisher\":{\"@id\":\"https:\\\/\\\/candas365.es\\\/noticias\\\/#organization\"},\"image\":{\"@type\":\"ImageObject\",\"url\":\"https:\\\/\\\/candas365.es\\\/noticias\\\/wp-content\\\/uploads\\\/2018\\\/06\\\/football-1406106_960_720-1.jpg\",\"width\":960,\"height\":643},\"datePublished\":\"2020-01-26T16:30:23+01:00\",\"dateModified\":\"2020-01-26T16:30:23+01:00\",\"inLanguage\":\"es-ES\",\"mainEntityOfPage\":{\"@id\":\"https:\\\/\\\/candas365.es\\\/noticias\\\/ex-arbitro-aleman-merk-asegura-que-el-var-se-utiliza-demasiado\\\/#webpage\"},\"isPartOf\":{\"@id\":\"https:\\\/\\\/candas365.es\\\/noticias\\\/ex-arbitro-aleman-merk-asegura-que-el-var-se-utiliza-demasiado\\\/#webpage\"},\"articleSection\":\"Deporte\",\"dateline\":\"Publicado el enero 26, 2020.\"},{\"@type\":\"Organization\",\"@id\":\"https:\\\/\\\/candas365.es\\\/noticias\\\/#organization\",\"name\":\"Cand\\u00e1s 365\",\"description\":\"Cand\\u00e1s 365 es un diario digital independiente, fundado en 2012, con base en Asturias. Informamos con rigor sobre actualidad, sociedad, cultura y ocio, con una mirada local y global.\",\"url\":\"https:\\\/\\\/candas365.es\\\/noticias\\\/\",\"email\":\"info@candas365.es\",\"telephone\":\"+34652131393\",\"foundingDate\":\"2012-06-10\",\"logo\":{\"@type\":\"ImageObject\",\"url\":\"https:\\\/\\\/candas365.es\\\/noticias\\\/wp-content\\\/uploads\\\/2024\\\/09\\\/Candas-365-Redes.jpg\",\"@id\":\"https:\\\/\\\/candas365.es\\\/noticias\\\/ex-arbitro-aleman-merk-asegura-que-el-var-se-utiliza-demasiado\\\/#organizationLogo\",\"width\":1152,\"height\":864,\"caption\":\"Cand\\u00e1s 365 Redes\"},\"image\":{\"@id\":\"https:\\\/\\\/candas365.es\\\/noticias\\\/ex-arbitro-aleman-merk-asegura-que-el-var-se-utiliza-demasiado\\\/#organizationLogo\"},\"sameAs\":[\"https:\\\/\\\/www.facebook.com\\\/Nachofdezber\",\"https:\\\/\\\/x.com\\\/NabercoDigital\",\"https:\\\/\\\/www.instagram.com\\\/nachofdezber\\\/\",\"https:\\\/\\\/www.youtube.com\\\/channel\\\/UCZP-2wLEB9Rv6erhFmqVnvg\"],\"address\":{\"@id\":\"https:\\\/\\\/candas365.es\\\/noticias\\\/#postaladdress\",\"@type\":\"PostalAddress\",\"streetAddress\":\"san antonio 4, san antonio 4\",\"postalCode\":\"33430\",\"addressLocality\":\"Cand\\u00e1s\",\"addressRegion\":\"Asturias\",\"addressCountry\":\"ES\"}},{\"@type\":\"Person\",\"@id\":\"https:\\\/\\\/candas365.es\\\/noticias\\\/author\\\/admin\\\/#author\",\"url\":\"https:\\\/\\\/candas365.es\\\/noticias\\\/author\\\/admin\\\/\",\"name\":\"Cand\\u00e1s 365\",\"image\":{\"@type\":\"ImageObject\",\"@id\":\"https:\\\/\\\/candas365.es\\\/noticias\\\/ex-arbitro-aleman-merk-asegura-que-el-var-se-utiliza-demasiado\\\/#authorImage\",\"url\":\"https:\\\/\\\/secure.gravatar.com\\\/avatar\\\/496a8e03d0c493ede1718b7934145dbdf8d89be1036b0eec9544e1094c9de390?s=96&d=mm&r=g\",\"width\":96,\"height\":96,\"caption\":\"Cand\\u00e1s 365\"},\"sameAs\":[\"https:\\\/\\\/www.facebook.com\\\/carrenoactualidad\",\"https:\\\/\\\/twitter.com\\\/nbasturias\",\"https:\\\/\\\/www.instagram.com\\\/nachofdezber\\\/\",\"https:\\\/\\\/www.youtube.com\\\/channel\\\/UCZP-2wLEB9Rv6erhFmqVnvg\"]},{\"@type\":\"WebPage\",\"@id\":\"https:\\\/\\\/candas365.es\\\/noticias\\\/ex-arbitro-aleman-merk-asegura-que-el-var-se-utiliza-demasiado\\\/#webpage\",\"url\":\"https:\\\/\\\/candas365.es\\\/noticias\\\/ex-arbitro-aleman-merk-asegura-que-el-var-se-utiliza-demasiado\\\/\",\"name\":\"Ex-\\u00e1rbitro alem\\u00e1n Merk asegura que el VAR se utiliza demasiado | Cand\\u00e1s 365\",\"description\":\"Berl\\u00edn, 26 ene (dpa) \\u2013 El ex-\\u00e1rbitro internacional alem\\u00e1n Markus Merk cree que el asistente de videoarbitraje, conocido como VAR, se utiliza con demasiada frecuencia en el f\\u00fatbol, seg\\u00fan declaraciones difundidas por el portal especializado Sportbuzzer. \\\"La idea inicial era que solo se revisaran las decisiones evidentes. Pero ahora parece que tiene vida propia, y\",\"inLanguage\":\"es-ES\",\"isPartOf\":{\"@id\":\"https:\\\/\\\/candas365.es\\\/noticias\\\/#website\"},\"breadcrumb\":{\"@id\":\"https:\\\/\\\/candas365.es\\\/noticias\\\/ex-arbitro-aleman-merk-asegura-que-el-var-se-utiliza-demasiado\\\/#breadcrumblist\"},\"author\":{\"@id\":\"https:\\\/\\\/candas365.es\\\/noticias\\\/author\\\/admin\\\/#author\"},\"creator\":{\"@id\":\"https:\\\/\\\/candas365.es\\\/noticias\\\/author\\\/admin\\\/#author\"},\"image\":{\"@type\":\"ImageObject\",\"url\":\"https:\\\/\\\/candas365.es\\\/noticias\\\/wp-content\\\/uploads\\\/2018\\\/06\\\/football-1406106_960_720-1.jpg\",\"@id\":\"https:\\\/\\\/candas365.es\\\/noticias\\\/ex-arbitro-aleman-merk-asegura-que-el-var-se-utiliza-demasiado\\\/#mainImage\",\"width\":960,\"height\":643},\"primaryImageOfPage\":{\"@id\":\"https:\\\/\\\/candas365.es\\\/noticias\\\/ex-arbitro-aleman-merk-asegura-que-el-var-se-utiliza-demasiado\\\/#mainImage\"},\"datePublished\":\"2020-01-26T16:30:23+01:00\",\"dateModified\":\"2020-01-26T16:30:23+01:00\"},{\"@type\":\"WebSite\",\"@id\":\"https:\\\/\\\/candas365.es\\\/noticias\\\/#website\",\"url\":\"https:\\\/\\\/candas365.es\\\/noticias\\\/\",\"name\":\"Cand\\u00e1s 365\",\"alternateName\":\"Cand\\u00e1s 365 Noticias\",\"description\":\"Actualidad desde Carre\\u00f1o para el mundo\",\"inLanguage\":\"es-ES\",\"publisher\":{\"@id\":\"https:\\\/\\\/candas365.es\\\/noticias\\\/#organization\"}}]}\n\t\t<\/script>\n\t\t<!-- All in One SEO Pro -->\r\n\t\t<title>Ex-\u00e1rbitro alem\u00e1n Merk asegura que el VAR se utiliza demasiado | Cand\u00e1s 365<\/title>\n\n","aioseo_head_json":{"title":"Ex-\u00e1rbitro alem\u00e1n Merk asegura que el VAR se utiliza demasiado | Cand\u00e1s 365","description":"Berl\u00edn, 26 ene (dpa) \u2013 El ex-\u00e1rbitro internacional alem\u00e1n Markus Merk cree que el asistente de videoarbitraje, conocido como VAR, se utiliza con demasiada frecuencia en el f\u00fatbol, seg\u00fan declaraciones difundidas por el portal especializado Sportbuzzer. \"La idea inicial era que solo se revisaran las decisiones evidentes. Pero ahora parece que tiene vida propia, y","canonical_url":"https:\/\/candas365.es\/noticias\/ex-arbitro-aleman-merk-asegura-que-el-var-se-utiliza-demasiado\/","robots":"max-image-preview:large","keywords":"deporte","webmasterTools":{"google-site-verification":"UA-32230408-1","msvalidate.01":"354F3CDFB2DA171B47FBE9ABF1F88D5","miscellaneous":""},"schema":{"@context":"https:\/\/schema.org","@graph":[{"@type":"BreadcrumbList","@id":"https:\/\/candas365.es\/noticias\/ex-arbitro-aleman-merk-asegura-que-el-var-se-utiliza-demasiado\/#breadcrumblist","itemListElement":[{"@type":"ListItem","@id":"https:\/\/candas365.es\/noticias#listItem","position":1,"name":"Home","item":"https:\/\/candas365.es\/noticias","nextItem":{"@type":"ListItem","@id":"https:\/\/candas365.es\/noticias\/category\/deporte\/#listItem","name":"Deporte"}},{"@type":"ListItem","@id":"https:\/\/candas365.es\/noticias\/category\/deporte\/#listItem","position":2,"name":"Deporte","item":"https:\/\/candas365.es\/noticias\/category\/deporte\/","nextItem":{"@type":"ListItem","@id":"https:\/\/candas365.es\/noticias\/ex-arbitro-aleman-merk-asegura-que-el-var-se-utiliza-demasiado\/#listItem","name":"Ex-\u00e1rbitro alem\u00e1n Merk asegura que el VAR se utiliza demasiado"},"previousItem":{"@type":"ListItem","@id":"https:\/\/candas365.es\/noticias#listItem","name":"Home"}},{"@type":"ListItem","@id":"https:\/\/candas365.es\/noticias\/ex-arbitro-aleman-merk-asegura-que-el-var-se-utiliza-demasiado\/#listItem","position":3,"name":"Ex-\u00e1rbitro alem\u00e1n Merk asegura que el VAR se utiliza demasiado","previousItem":{"@type":"ListItem","@id":"https:\/\/candas365.es\/noticias\/category\/deporte\/#listItem","name":"Deporte"}}]},{"@type":"NewsArticle","@id":"https:\/\/candas365.es\/noticias\/ex-arbitro-aleman-merk-asegura-que-el-var-se-utiliza-demasiado\/#newsarticle","name":"Ex-\u00e1rbitro alem\u00e1n Merk asegura que el VAR se utiliza demasiado | Cand\u00e1s 365","headline":"Ex-\u00e1rbitro alem\u00e1n Merk asegura que el VAR se utiliza demasiado","author":{"@id":"https:\/\/candas365.es\/noticias\/author\/admin\/#author"},"publisher":{"@id":"https:\/\/candas365.es\/noticias\/#organization"},"image":{"@type":"ImageObject","url":"https:\/\/candas365.es\/noticias\/wp-content\/uploads\/2018\/06\/football-1406106_960_720-1.jpg","width":960,"height":643},"datePublished":"2020-01-26T16:30:23+01:00","dateModified":"2020-01-26T16:30:23+01:00","inLanguage":"es-ES","mainEntityOfPage":{"@id":"https:\/\/candas365.es\/noticias\/ex-arbitro-aleman-merk-asegura-que-el-var-se-utiliza-demasiado\/#webpage"},"isPartOf":{"@id":"https:\/\/candas365.es\/noticias\/ex-arbitro-aleman-merk-asegura-que-el-var-se-utiliza-demasiado\/#webpage"},"articleSection":"Deporte","dateline":"Publicado el enero 26, 2020."},{"@type":"Organization","@id":"https:\/\/candas365.es\/noticias\/#organization","name":"Cand\u00e1s 365","description":"Cand\u00e1s 365 es un diario digital independiente, fundado en 2012, con base en Asturias. Informamos con rigor sobre actualidad, sociedad, cultura y ocio, con una mirada local y global.","url":"https:\/\/candas365.es\/noticias\/","email":"info@candas365.es","telephone":"+34652131393","foundingDate":"2012-06-10","logo":{"@type":"ImageObject","url":"https:\/\/candas365.es\/noticias\/wp-content\/uploads\/2024\/09\/Candas-365-Redes.jpg","@id":"https:\/\/candas365.es\/noticias\/ex-arbitro-aleman-merk-asegura-que-el-var-se-utiliza-demasiado\/#organizationLogo","width":1152,"height":864,"caption":"Cand\u00e1s 365 Redes"},"image":{"@id":"https:\/\/candas365.es\/noticias\/ex-arbitro-aleman-merk-asegura-que-el-var-se-utiliza-demasiado\/#organizationLogo"},"sameAs":["https:\/\/www.facebook.com\/Nachofdezber","https:\/\/x.com\/NabercoDigital","https:\/\/www.instagram.com\/nachofdezber\/","https:\/\/www.youtube.com\/channel\/UCZP-2wLEB9Rv6erhFmqVnvg"],"address":{"@id":"https:\/\/candas365.es\/noticias\/#postaladdress","@type":"PostalAddress","streetAddress":"san antonio 4, san antonio 4","postalCode":"33430","addressLocality":"Cand\u00e1s","addressRegion":"Asturias","addressCountry":"ES"}},{"@type":"Person","@id":"https:\/\/candas365.es\/noticias\/author\/admin\/#author","url":"https:\/\/candas365.es\/noticias\/author\/admin\/","name":"Cand\u00e1s 365","image":{"@type":"ImageObject","@id":"https:\/\/candas365.es\/noticias\/ex-arbitro-aleman-merk-asegura-que-el-var-se-utiliza-demasiado\/#authorImage","url":"https:\/\/secure.gravatar.com\/avatar\/496a8e03d0c493ede1718b7934145dbdf8d89be1036b0eec9544e1094c9de390?s=96&d=mm&r=g","width":96,"height":96,"caption":"Cand\u00e1s 365"},"sameAs":["https:\/\/www.facebook.com\/carrenoactualidad","https:\/\/twitter.com\/nbasturias","https:\/\/www.instagram.com\/nachofdezber\/","https:\/\/www.youtube.com\/channel\/UCZP-2wLEB9Rv6erhFmqVnvg"]},{"@type":"WebPage","@id":"https:\/\/candas365.es\/noticias\/ex-arbitro-aleman-merk-asegura-que-el-var-se-utiliza-demasiado\/#webpage","url":"https:\/\/candas365.es\/noticias\/ex-arbitro-aleman-merk-asegura-que-el-var-se-utiliza-demasiado\/","name":"Ex-\u00e1rbitro alem\u00e1n Merk asegura que el VAR se utiliza demasiado | Cand\u00e1s 365","description":"Berl\u00edn, 26 ene (dpa) \u2013 El ex-\u00e1rbitro internacional alem\u00e1n Markus Merk cree que el asistente de videoarbitraje, conocido como VAR, se utiliza con demasiada frecuencia en el f\u00fatbol, seg\u00fan declaraciones difundidas por el portal especializado Sportbuzzer. \"La idea inicial era que solo se revisaran las decisiones evidentes. Pero ahora parece que tiene vida propia, y","inLanguage":"es-ES","isPartOf":{"@id":"https:\/\/candas365.es\/noticias\/#website"},"breadcrumb":{"@id":"https:\/\/candas365.es\/noticias\/ex-arbitro-aleman-merk-asegura-que-el-var-se-utiliza-demasiado\/#breadcrumblist"},"author":{"@id":"https:\/\/candas365.es\/noticias\/author\/admin\/#author"},"creator":{"@id":"https:\/\/candas365.es\/noticias\/author\/admin\/#author"},"image":{"@type":"ImageObject","url":"https:\/\/candas365.es\/noticias\/wp-content\/uploads\/2018\/06\/football-1406106_960_720-1.jpg","@id":"https:\/\/candas365.es\/noticias\/ex-arbitro-aleman-merk-asegura-que-el-var-se-utiliza-demasiado\/#mainImage","width":960,"height":643},"primaryImageOfPage":{"@id":"https:\/\/candas365.es\/noticias\/ex-arbitro-aleman-merk-asegura-que-el-var-se-utiliza-demasiado\/#mainImage"},"datePublished":"2020-01-26T16:30:23+01:00","dateModified":"2020-01-26T16:30:23+01:00"},{"@type":"WebSite","@id":"https:\/\/candas365.es\/noticias\/#website","url":"https:\/\/candas365.es\/noticias\/","name":"Cand\u00e1s 365","alternateName":"Cand\u00e1s 365 Noticias","description":"Actualidad desde Carre\u00f1o para el mundo","inLanguage":"es-ES","publisher":{"@id":"https:\/\/candas365.es\/noticias\/#organization"}}]},"og:locale":"es_ES","og:site_name":"Cand\u00e1s 365","og:type":"article","og:title":"Ex-\u00e1rbitro alem\u00e1n Merk asegura que el VAR se utiliza demasiado | Cand\u00e1s 365","og:description":"Berl\u00edn, 26 ene (dpa) \u2013 El ex-\u00e1rbitro internacional alem\u00e1n Markus Merk cree que el asistente de videoarbitraje, conocido como VAR, se utiliza con demasiada frecuencia en el f\u00fatbol, seg\u00fan declaraciones difundidas por el portal especializado Sportbuzzer. &quot;La idea inicial era que solo se revisaran las decisiones evidentes. Pero ahora parece que tiene vida propia, y","og:url":"https:\/\/candas365.es\/noticias\/ex-arbitro-aleman-merk-asegura-que-el-var-se-utiliza-demasiado\/","og:image":"https:\/\/candas365.es\/noticias\/wp-content\/uploads\/2018\/06\/football-1406106_960_720-1.jpg","og:image:secure_url":"https:\/\/candas365.es\/noticias\/wp-content\/uploads\/2018\/06\/football-1406106_960_720-1.jpg","og:image:width":960,"og:image:height":643,"article:published_time":"2020-01-26T16:30:23+00:00","article:modified_time":"2020-01-26T16:30:23+00:00","article:publisher":"https:\/\/www.facebook.com\/Nachofdezber","article:author":"https:\/\/www.facebook.com\/carrenoactualidad","twitter:card":"summary_large_image","twitter:site":"@NabercoDigital","twitter:title":"Ex-\u00e1rbitro alem\u00e1n Merk asegura que el VAR se utiliza demasiado | Cand\u00e1s 365","twitter:description":"Berl\u00edn, 26 ene (dpa) \u2013 El ex-\u00e1rbitro internacional alem\u00e1n Markus Merk cree que el asistente de videoarbitraje, conocido como VAR, se utiliza con demasiada frecuencia en el f\u00fatbol, seg\u00fan declaraciones difundidas por el portal especializado Sportbuzzer. &quot;La idea inicial era que solo se revisaran las decisiones evidentes. Pero ahora parece que tiene vida propia, y","twitter:creator":"@nbasturias","twitter:image":"https:\/\/candas365.es\/noticias\/wp-content\/uploads\/2018\/06\/football-1406106_960_720-1.jpg","twitter:label1":"Escrito por","twitter:data1":"Cand\u00e1s 365","twitter:label2":"Tiempo de lectura estimado","twitter:data2":"1 minuto"},"aioseo_meta_data":{"post_id":"137103","title":null,"description":null,"keywords":null,"keyphrases":null,"primary_term":null,"canonical_url":null,"og_title":null,"og_description":null,"og_object_type":"default","og_image_type":"default","og_image_url":null,"og_image_width":null,"og_image_height":null,"og_image_custom_url":null,"og_image_custom_fields":null,"og_video":null,"og_custom_url":null,"og_article_section":null,"og_article_tags":null,"twitter_use_og":false,"twitter_card":"default","twitter_image_type":"default","twitter_image_url":null,"twitter_image_custom_url":null,"twitter_image_custom_fields":null,"twitter_title":null,"twitter_description":null,"schema":{"blockGraphs":[],"customGraphs":[],"default":{"data":{"Article":[],"Course":[],"Dataset":[],"FAQPage":[],"Movie":[],"Person":[],"Product":[],"ProductReview":[],"Car":[],"Recipe":[],"Service":[],"SoftwareApplication":[],"WebPage":[]},"graphName":"","isEnabled":true},"graphs":[],"defaultGraph":"","defaultPostTypeGraph":""},"schema_type":null,"schema_type_options":null,"pillar_content":false,"robots_default":true,"robots_noindex":false,"robots_noarchive":false,"robots_nosnippet":false,"robots_nofollow":false,"robots_noimageindex":false,"robots_noodp":false,"robots_notranslate":false,"robots_max_snippet":null,"robots_max_videopreview":null,"robots_max_imagepreview":"large","priority":null,"frequency":null,"location":null,"local_seo":null,"seo_analyzer_scan_date":"2025-08-30 22:29:41","breadcrumb_settings":null,"limit_modified_date":false,"reviewed_by":null,"open_ai":null,"ai":null,"created":"2020-12-21 10:47:36","updated":"2025-08-30 22:29:41"},"aioseo_breadcrumb":"<div class=\"aioseo-breadcrumbs\"><span class=\"aioseo-breadcrumb\">\n\t<a href=\"https:\/\/candas365.es\/noticias\" title=\"Home\">Home<\/a>\n<\/span><span class=\"aioseo-breadcrumb-separator\">&ndash;<\/span><span class=\"aioseo-breadcrumb\">\n\t<a href=\"https:\/\/candas365.es\/noticias\/category\/deporte\/\" title=\"Deporte\">Deporte<\/a>\n<\/span><span class=\"aioseo-breadcrumb-separator\">&ndash;<\/span><span class=\"aioseo-breadcrumb\">\n\tEx-\u00e1rbitro alem\u00e1n Merk asegura que el VAR se utiliza demasiado\n<\/span><\/div>","aioseo_breadcrumb_json":[{"label":"Home","link":"https:\/\/candas365.es\/noticias"},{"label":"Deporte","link":"https:\/\/candas365.es\/noticias\/category\/deporte\/"},{"label":"Ex-\u00e1rbitro alem\u00e1n Merk asegura que el VAR se utiliza demasiado","link":"https:\/\/candas365.es\/noticias\/ex-arbitro-aleman-merk-asegura-que-el-var-se-utiliza-demasiado\/"}],"_links":{"self":[{"href":"https:\/\/candas365.es\/noticias\/wp-json\/wp\/v2\/posts\/137103","targetHints":{"allow":["GET"]}}],"collection":[{"href":"https:\/\/candas365.es\/noticias\/wp-json\/wp\/v2\/posts"}],"about":[{"href":"https:\/\/candas365.es\/noticias\/wp-json\/wp\/v2\/types\/post"}],"author":[{"embeddable":true,"href":"https:\/\/candas365.es\/noticias\/wp-json\/wp\/v2\/users\/1"}],"replies":[{"embeddable":true,"href":"https:\/\/candas365.es\/noticias\/wp-json\/wp\/v2\/comments?post=137103"}],"version-history":[{"count":0,"href":"https:\/\/candas365.es\/noticias\/wp-json\/wp\/v2\/posts\/137103\/revisions"}],"wp:featuredmedia":[{"embeddable":true,"href":"https:\/\/candas365.es\/noticias\/wp-json\/wp\/v2\/media\/98026"}],"wp:attachment":[{"href":"https:\/\/candas365.es\/noticias\/wp-json\/wp\/v2\/media?parent=137103"}],"wp:term":[{"taxonomy":"category","embeddable":true,"href":"https:\/\/candas365.es\/noticias\/wp-json\/wp\/v2\/categories?post=137103"},{"taxonomy":"post_tag","embeddable":true,"href":"https:\/\/candas365.es\/noticias\/wp-json\/wp\/v2\/tags?post=137103"}],"curies":[{"name":"wp","href":"https:\/\/api.w.org\/{rel}","templated":true}]}}