{"id":137081,"date":"2020-01-25T23:58:23","date_gmt":"2020-01-25T23:58:23","guid":{"rendered":"http:\/\/candas365.es\/noticias\/?p=137081"},"modified":"2020-01-25T23:58:23","modified_gmt":"2020-01-25T23:58:23","slug":"el-sevilla-y-el-villarreal-meten-presion-en-la-tabla","status":"publish","type":"post","link":"https:\/\/candas365.es\/noticias\/el-sevilla-y-el-villarreal-meten-presion-en-la-tabla\/","title":{"rendered":"El Sevilla y el Villarreal meten presi\u00f3n en la tabla"},"content":{"rendered":"<figure id=\"attachment_137082\" aria-describedby=\"caption-attachment-137082\" style=\"width: 360px\" class=\"wp-caption alignleft\"><img fetchpriority=\"high\" decoding=\"async\" class=\"size-medium wp-image-137082\" src=\"https:\/\/candas365.es\/noticias\/wp-content\/uploads\/2020\/01\/Sevilla-ep-360x228.jpg\" alt=\"\" width=\"360\" height=\"228\" srcset=\"https:\/\/candas365.es\/noticias\/wp-content\/uploads\/2020\/01\/Sevilla-ep-360x228.jpg 360w, https:\/\/candas365.es\/noticias\/wp-content\/uploads\/2020\/01\/Sevilla-ep-655x415.jpg 655w, https:\/\/candas365.es\/noticias\/wp-content\/uploads\/2020\/01\/Sevilla-ep-768x486.jpg 768w, https:\/\/candas365.es\/noticias\/wp-content\/uploads\/2020\/01\/Sevilla-ep-696x441.jpg 696w, https:\/\/candas365.es\/noticias\/wp-content\/uploads\/2020\/01\/Sevilla-ep-664x420.jpg 664w, https:\/\/candas365.es\/noticias\/wp-content\/uploads\/2020\/01\/Sevilla-ep.jpg 771w\" sizes=\"(max-width: 360px) 100vw, 360px\" \/><figcaption id=\"caption-attachment-137082\" class=\"wp-caption-text\">Foto: LALIGA \/ Europa Press<\/figcaption><\/figure>\n<p>(Europa Press) &#8211;\u00a0El Sevilla domin\u00f3 y venci\u00f3 (2-0) de manera fiable al Granada este s\u00e1bado en la jornada 21 de LaLiga Santander, donde el Villarreal se acerc\u00f3 a la zona europea con una victoria &#8216;in extremis&#8217; ante el Alav\u00e9s (1-2) y el Espanyol sac\u00f3 un empate ante el Athletic Club (1-1).<\/p>\n<p>Los de Julen Lopetegui anularon a un Granada que viene dando problemas a los grandes de la competici\u00f3n y superando rondas de Copa por los exigentes campos de categor\u00edas inferiores. El Sevilla salv\u00f3 esa habitual oposici\u00f3n del rival con los goles de De Jong y Nolito en el primer tiempo. Tres puntos para defender el &#8216;Top 4&#8217;.<\/p>\n<p>El Sevilla presiona al Atl\u00e9tico con 38 puntos y responde a los triunfos de Valencia y Villarreal, en la apretada pelea que avecina la segunda vuelta. Tanto Navas como Reguil\u00f3n dieron mucho trabajo a un Granada desarbolado. Un centro por la derecha lo remat\u00f3 a la perfecci\u00f3n De Jong. Casi en la siguiente el VAR salv\u00f3 al cuadro local de un penalti se\u00f1alado por codazo de Diego Carlos, cuando el bal\u00f3n a\u00fan no estaba en juego en el saque de una falta.<\/p>\n<p>Antes del descanso Nolito bati\u00f3 con calidad al meta rival, en una jugada esta vez por la banda izquierda. En el segundo tiempo, los de Lopetegui no fueron tan alegres pero supieron guardar la renta ante un Granada que apenas cre\u00f3 peligro pero que mordi\u00f3 m\u00e1s. Los de Diego Mart\u00ednez se quedan en mitad de tabla y el Sevilla, que se pone tercero, gan\u00f3 y convenci\u00f3 el d\u00eda en que cumple 130 a\u00f1os.<\/p>\n<p>En sesi\u00f3n matinal, el Espanyol salv\u00f3 un empate ante el Athletic Club para seguir invicto en liga en la era Abelardo. El gol de Ra\u00fal de Tom\u00e1s, que para eso lleg\u00f3 en este mercado de invierno, devolvi\u00f3 la fe a Cornell\u00e0 en un partido flojo. El cuadro vasco fue mejor aunque solo pudo demostrarlo con un gol de Villalibre al descanso. Yuri tambi\u00e9n pudo marcar en un centro envenenado que sac\u00f3 Diego L\u00f3pez.<\/p>\n<p>El Espanyol record\u00f3 la versi\u00f3n de los \u00faltimos partidos y el &#8216;Pitu&#8217; puso en juego a su otro fichaje estrella, Adri Embarba. En un jaleo en el \u00e1rea pero con los dos ex del Rayo en el ajo, &#8216;RDT&#8217; hizo el empate que levant\u00f3 al RCDE Stadium. El Athletic, que lleva seis partidos sin ganar, no tuvo reacci\u00f3n, y el equipo &#8216;perico&#8217; dio por bueno dejar el farolillo rojo con 15 puntos a la espera de lo que haga el Legan\u00e9s (14) el domingo ante el Atl\u00e9tico.<\/p>\n<p>Los &#8216;leones&#8217; se quedan con 31 puntos, incapaces de subirse al tren de Europa y empatados con un Villarreal que gan\u00f3 en el minuto 89 en Mendizorrotza gracias al gol de Fernando Ni\u00f1o en su debut en Primera. &#8216;Fer&#8217; llevaba un minuto en el campo cuando Trigueros le mand\u00f3 el bal\u00f3n, lo control\u00f3 en carrera y bati\u00f3 a Pacheco en un partido que parec\u00eda merecer el empate: igualado en peligro.<\/p>\n<p>El &#8216;submarino&#8217; se hab\u00eda adelantado por medio de Bacca a los 10 minutos en un inicio que cost\u00f3 a los vascos, terminando mejor y obligando a la primera buena parada de Asenjo. El meta amarillo tambi\u00e9n tuvo que lucirse en la reanudaci\u00f3n, con un Alav\u00e9s creciendo hasta encontrar el empate en el 80&#8242;, en un bal\u00f3n largo de Laguardia y una pared entre Joselu y Lucas P\u00e9rez que remat\u00f3 el &#8216;9&#8217;. Ni\u00f1o vivi\u00f3 su debut so\u00f1ado y el Alav\u00e9s se queda con 23 puntos en zona baja.<\/p>\n<p>&nbsp;<\/p>\n","protected":false},"excerpt":{"rendered":"<p>(Europa Press) &#8211;\u00a0El Sevilla domin\u00f3 y venci\u00f3 (2-0) de manera fiable al Granada este s\u00e1bado en la jornada 21 de LaLiga Santander, donde el Villarreal se acerc\u00f3 a la zona europea con una victoria &#8216;in extremis&#8217; ante el Alav\u00e9s (1-2) y el Espanyol sac\u00f3 un empate ante el Athletic Club (1-1). Los de Julen Lopetegui<\/p>\n","protected":false},"author":1,"featured_media":137082,"comment_status":"closed","ping_status":"closed","sticky":false,"template":"","format":"standard","meta":{"footnotes":""},"categories":[319],"tags":[],"class_list":{"0":"post-137081","1":"post","2":"type-post","3":"status-publish","4":"format-standard","5":"has-post-thumbnail","7":"category-deporte"},"aioseo_notices":[],"aioseo_head":"\n\t\t<!-- All in One SEO Pro 4.9.6.2 - aioseo.com -->\n\t<meta name=\"description\" content=\"(Europa Press) - El Sevilla domin\u00f3 y venci\u00f3 (2-0) de manera fiable al Granada este s\u00e1bado en la jornada 21 de LaLiga Santander, donde el Villarreal se acerc\u00f3 a la zona europea con una victoria &#039;in extremis&#039; ante el Alav\u00e9s (1-2) y el Espanyol sac\u00f3 un empate ante el Athletic Club (1-1). Los de Julen Lopetegui\" \/>\n\t<meta name=\"robots\" content=\"max-image-preview:large\" \/>\n\t<meta name=\"author\" content=\"Cand\u00e1s 365\"\/>\n\t<meta name=\"google-site-verification\" content=\"UA-32230408-1\" \/>\n\t<meta name=\"msvalidate.01\" content=\"354F3CDFB2DA171B47FBE9ABF1F88D5\" \/>\n\t<meta name=\"keywords\" content=\"deporte\" \/>\n\t<link rel=\"canonical\" href=\"https:\/\/candas365.es\/noticias\/el-sevilla-y-el-villarreal-meten-presion-en-la-tabla\/\" \/>\n\t<meta name=\"generator\" content=\"All in One SEO Pro (AIOSEO) 4.9.6.2\" \/>\n\t\t<meta property=\"og:locale\" content=\"es_ES\" \/>\n\t\t<meta property=\"og:site_name\" content=\"Cand\u00e1s 365\" \/>\n\t\t<meta property=\"og:type\" content=\"article\" \/>\n\t\t<meta property=\"og:title\" content=\"El Sevilla y el Villarreal meten presi\u00f3n en la tabla | Cand\u00e1s 365\" \/>\n\t\t<meta property=\"og:description\" content=\"(Europa Press) - El Sevilla domin\u00f3 y venci\u00f3 (2-0) de manera fiable al Granada este s\u00e1bado en la jornada 21 de LaLiga Santander, donde el Villarreal se acerc\u00f3 a la zona europea con una victoria &#039;in extremis&#039; ante el Alav\u00e9s (1-2) y el Espanyol sac\u00f3 un empate ante el Athletic Club (1-1). Los de Julen Lopetegui\" \/>\n\t\t<meta property=\"og:url\" content=\"https:\/\/candas365.es\/noticias\/el-sevilla-y-el-villarreal-meten-presion-en-la-tabla\/\" \/>\n\t\t<meta property=\"og:image\" content=\"https:\/\/candas365.es\/noticias\/wp-content\/uploads\/2020\/01\/Sevilla-ep.jpg\" \/>\n\t\t<meta property=\"og:image:secure_url\" content=\"https:\/\/candas365.es\/noticias\/wp-content\/uploads\/2020\/01\/Sevilla-ep.jpg\" \/>\n\t\t<meta property=\"og:image:width\" content=\"771\" \/>\n\t\t<meta property=\"og:image:height\" content=\"488\" \/>\n\t\t<meta property=\"article:published_time\" content=\"2020-01-25T23:58:23+00:00\" \/>\n\t\t<meta property=\"article:modified_time\" content=\"2020-01-25T23:58:23+00:00\" \/>\n\t\t<meta property=\"article:publisher\" content=\"https:\/\/www.facebook.com\/Nachofdezber\" \/>\n\t\t<meta property=\"article:author\" content=\"https:\/\/www.facebook.com\/carrenoactualidad\" \/>\n\t\t<meta name=\"twitter:card\" content=\"summary_large_image\" \/>\n\t\t<meta name=\"twitter:site\" content=\"@NabercoDigital\" \/>\n\t\t<meta name=\"twitter:title\" content=\"El Sevilla y el Villarreal meten presi\u00f3n en la tabla | Cand\u00e1s 365\" \/>\n\t\t<meta name=\"twitter:description\" content=\"(Europa Press) - El Sevilla domin\u00f3 y venci\u00f3 (2-0) de manera fiable al Granada este s\u00e1bado en la jornada 21 de LaLiga Santander, donde el Villarreal se acerc\u00f3 a la zona europea con una victoria &#039;in extremis&#039; ante el Alav\u00e9s (1-2) y el Espanyol sac\u00f3 un empate ante el Athletic Club (1-1). Los de Julen Lopetegui\" \/>\n\t\t<meta name=\"twitter:creator\" content=\"@nbasturias\" \/>\n\t\t<meta name=\"twitter:image\" content=\"https:\/\/candas365.es\/noticias\/wp-content\/uploads\/2020\/01\/Sevilla-ep.jpg\" \/>\n\t\t<meta name=\"twitter:label1\" content=\"Escrito por\" \/>\n\t\t<meta name=\"twitter:data1\" content=\"Cand\u00e1s 365\" \/>\n\t\t<meta name=\"twitter:label2\" content=\"Tiempo de lectura estimado\" \/>\n\t\t<meta name=\"twitter:data2\" content=\"3 minutos\" \/>\n\t\t<script type=\"application\/ld+json\" class=\"aioseo-schema\">\n\t\t\t{\"@context\":\"https:\\\/\\\/schema.org\",\"@graph\":[{\"@type\":\"BreadcrumbList\",\"@id\":\"https:\\\/\\\/candas365.es\\\/noticias\\\/el-sevilla-y-el-villarreal-meten-presion-en-la-tabla\\\/#breadcrumblist\",\"itemListElement\":[{\"@type\":\"ListItem\",\"@id\":\"https:\\\/\\\/candas365.es\\\/noticias#listItem\",\"position\":1,\"name\":\"Home\",\"item\":\"https:\\\/\\\/candas365.es\\\/noticias\",\"nextItem\":{\"@type\":\"ListItem\",\"@id\":\"https:\\\/\\\/candas365.es\\\/noticias\\\/category\\\/deporte\\\/#listItem\",\"name\":\"Deporte\"}},{\"@type\":\"ListItem\",\"@id\":\"https:\\\/\\\/candas365.es\\\/noticias\\\/category\\\/deporte\\\/#listItem\",\"position\":2,\"name\":\"Deporte\",\"item\":\"https:\\\/\\\/candas365.es\\\/noticias\\\/category\\\/deporte\\\/\",\"nextItem\":{\"@type\":\"ListItem\",\"@id\":\"https:\\\/\\\/candas365.es\\\/noticias\\\/el-sevilla-y-el-villarreal-meten-presion-en-la-tabla\\\/#listItem\",\"name\":\"El Sevilla y el Villarreal meten presi\\u00f3n en la tabla\"},\"previousItem\":{\"@type\":\"ListItem\",\"@id\":\"https:\\\/\\\/candas365.es\\\/noticias#listItem\",\"name\":\"Home\"}},{\"@type\":\"ListItem\",\"@id\":\"https:\\\/\\\/candas365.es\\\/noticias\\\/el-sevilla-y-el-villarreal-meten-presion-en-la-tabla\\\/#listItem\",\"position\":3,\"name\":\"El Sevilla y el Villarreal meten presi\\u00f3n en la tabla\",\"previousItem\":{\"@type\":\"ListItem\",\"@id\":\"https:\\\/\\\/candas365.es\\\/noticias\\\/category\\\/deporte\\\/#listItem\",\"name\":\"Deporte\"}}]},{\"@type\":\"NewsArticle\",\"@id\":\"https:\\\/\\\/candas365.es\\\/noticias\\\/el-sevilla-y-el-villarreal-meten-presion-en-la-tabla\\\/#newsarticle\",\"name\":\"El Sevilla y el Villarreal meten presi\\u00f3n en la tabla | Cand\\u00e1s 365\",\"headline\":\"El Sevilla y el Villarreal meten presi\\u00f3n en la tabla\",\"author\":{\"@id\":\"https:\\\/\\\/candas365.es\\\/noticias\\\/author\\\/admin\\\/#author\"},\"publisher\":{\"@id\":\"https:\\\/\\\/candas365.es\\\/noticias\\\/#organization\"},\"image\":{\"@type\":\"ImageObject\",\"url\":\"https:\\\/\\\/candas365.es\\\/noticias\\\/wp-content\\\/uploads\\\/2020\\\/01\\\/Sevilla-ep.jpg\",\"width\":771,\"height\":488,\"caption\":\"Foto: LALIGA \\\/ Europa Press\"},\"datePublished\":\"2020-01-25T23:58:23+01:00\",\"dateModified\":\"2020-01-25T23:58:23+01:00\",\"inLanguage\":\"es-ES\",\"mainEntityOfPage\":{\"@id\":\"https:\\\/\\\/candas365.es\\\/noticias\\\/el-sevilla-y-el-villarreal-meten-presion-en-la-tabla\\\/#webpage\"},\"isPartOf\":{\"@id\":\"https:\\\/\\\/candas365.es\\\/noticias\\\/el-sevilla-y-el-villarreal-meten-presion-en-la-tabla\\\/#webpage\"},\"articleSection\":\"Deporte\",\"dateline\":\"Publicado el enero 25, 2020.\"},{\"@type\":\"Organization\",\"@id\":\"https:\\\/\\\/candas365.es\\\/noticias\\\/#organization\",\"name\":\"Cand\\u00e1s 365\",\"description\":\"Cand\\u00e1s 365 es un diario digital independiente, fundado en 2012, con base en Asturias. Informamos con rigor sobre actualidad, sociedad, cultura y ocio, con una mirada local y global.\",\"url\":\"https:\\\/\\\/candas365.es\\\/noticias\\\/\",\"email\":\"info@candas365.es\",\"telephone\":\"+34652131393\",\"foundingDate\":\"2012-06-10\",\"logo\":{\"@type\":\"ImageObject\",\"url\":\"https:\\\/\\\/candas365.es\\\/noticias\\\/wp-content\\\/uploads\\\/2024\\\/09\\\/Candas-365-Redes.jpg\",\"@id\":\"https:\\\/\\\/candas365.es\\\/noticias\\\/el-sevilla-y-el-villarreal-meten-presion-en-la-tabla\\\/#organizationLogo\",\"width\":1152,\"height\":864,\"caption\":\"Cand\\u00e1s 365 Redes\"},\"image\":{\"@id\":\"https:\\\/\\\/candas365.es\\\/noticias\\\/el-sevilla-y-el-villarreal-meten-presion-en-la-tabla\\\/#organizationLogo\"},\"sameAs\":[\"https:\\\/\\\/www.facebook.com\\\/Nachofdezber\",\"https:\\\/\\\/x.com\\\/NabercoDigital\",\"https:\\\/\\\/www.instagram.com\\\/nachofdezber\\\/\",\"https:\\\/\\\/www.youtube.com\\\/channel\\\/UCZP-2wLEB9Rv6erhFmqVnvg\"],\"address\":{\"@id\":\"https:\\\/\\\/candas365.es\\\/noticias\\\/#postaladdress\",\"@type\":\"PostalAddress\",\"streetAddress\":\"san antonio 4, san antonio 4\",\"postalCode\":\"33430\",\"addressLocality\":\"Cand\\u00e1s\",\"addressRegion\":\"Asturias\",\"addressCountry\":\"ES\"}},{\"@type\":\"Person\",\"@id\":\"https:\\\/\\\/candas365.es\\\/noticias\\\/author\\\/admin\\\/#author\",\"url\":\"https:\\\/\\\/candas365.es\\\/noticias\\\/author\\\/admin\\\/\",\"name\":\"Cand\\u00e1s 365\",\"image\":{\"@type\":\"ImageObject\",\"@id\":\"https:\\\/\\\/candas365.es\\\/noticias\\\/el-sevilla-y-el-villarreal-meten-presion-en-la-tabla\\\/#authorImage\",\"url\":\"https:\\\/\\\/secure.gravatar.com\\\/avatar\\\/496a8e03d0c493ede1718b7934145dbdf8d89be1036b0eec9544e1094c9de390?s=96&d=mm&r=g\",\"width\":96,\"height\":96,\"caption\":\"Cand\\u00e1s 365\"},\"sameAs\":[\"https:\\\/\\\/www.facebook.com\\\/carrenoactualidad\",\"https:\\\/\\\/twitter.com\\\/nbasturias\",\"https:\\\/\\\/www.instagram.com\\\/nachofdezber\\\/\",\"https:\\\/\\\/www.youtube.com\\\/channel\\\/UCZP-2wLEB9Rv6erhFmqVnvg\"]},{\"@type\":\"WebPage\",\"@id\":\"https:\\\/\\\/candas365.es\\\/noticias\\\/el-sevilla-y-el-villarreal-meten-presion-en-la-tabla\\\/#webpage\",\"url\":\"https:\\\/\\\/candas365.es\\\/noticias\\\/el-sevilla-y-el-villarreal-meten-presion-en-la-tabla\\\/\",\"name\":\"El Sevilla y el Villarreal meten presi\\u00f3n en la tabla | Cand\\u00e1s 365\",\"description\":\"(Europa Press) - El Sevilla domin\\u00f3 y venci\\u00f3 (2-0) de manera fiable al Granada este s\\u00e1bado en la jornada 21 de LaLiga Santander, donde el Villarreal se acerc\\u00f3 a la zona europea con una victoria 'in extremis' ante el Alav\\u00e9s (1-2) y el Espanyol sac\\u00f3 un empate ante el Athletic Club (1-1). Los de Julen Lopetegui\",\"inLanguage\":\"es-ES\",\"isPartOf\":{\"@id\":\"https:\\\/\\\/candas365.es\\\/noticias\\\/#website\"},\"breadcrumb\":{\"@id\":\"https:\\\/\\\/candas365.es\\\/noticias\\\/el-sevilla-y-el-villarreal-meten-presion-en-la-tabla\\\/#breadcrumblist\"},\"author\":{\"@id\":\"https:\\\/\\\/candas365.es\\\/noticias\\\/author\\\/admin\\\/#author\"},\"creator\":{\"@id\":\"https:\\\/\\\/candas365.es\\\/noticias\\\/author\\\/admin\\\/#author\"},\"image\":{\"@type\":\"ImageObject\",\"url\":\"https:\\\/\\\/candas365.es\\\/noticias\\\/wp-content\\\/uploads\\\/2020\\\/01\\\/Sevilla-ep.jpg\",\"@id\":\"https:\\\/\\\/candas365.es\\\/noticias\\\/el-sevilla-y-el-villarreal-meten-presion-en-la-tabla\\\/#mainImage\",\"width\":771,\"height\":488,\"caption\":\"Foto: LALIGA \\\/ Europa Press\"},\"primaryImageOfPage\":{\"@id\":\"https:\\\/\\\/candas365.es\\\/noticias\\\/el-sevilla-y-el-villarreal-meten-presion-en-la-tabla\\\/#mainImage\"},\"datePublished\":\"2020-01-25T23:58:23+01:00\",\"dateModified\":\"2020-01-25T23:58:23+01:00\"},{\"@type\":\"WebSite\",\"@id\":\"https:\\\/\\\/candas365.es\\\/noticias\\\/#website\",\"url\":\"https:\\\/\\\/candas365.es\\\/noticias\\\/\",\"name\":\"Cand\\u00e1s 365\",\"alternateName\":\"Cand\\u00e1s 365 Noticias\",\"description\":\"Actualidad desde Carre\\u00f1o para el mundo\",\"inLanguage\":\"es-ES\",\"publisher\":{\"@id\":\"https:\\\/\\\/candas365.es\\\/noticias\\\/#organization\"}}]}\n\t\t<\/script>\n\t\t<!-- All in One SEO Pro -->\r\n\t\t<title>El Sevilla y el Villarreal meten presi\u00f3n en la tabla | Cand\u00e1s 365<\/title>\n\n","aioseo_head_json":{"title":"El Sevilla y el Villarreal meten presi\u00f3n en la tabla | Cand\u00e1s 365","description":"(Europa Press) - El Sevilla domin\u00f3 y venci\u00f3 (2-0) de manera fiable al Granada este s\u00e1bado en la jornada 21 de LaLiga Santander, donde el Villarreal se acerc\u00f3 a la zona europea con una victoria 'in extremis' ante el Alav\u00e9s (1-2) y el Espanyol sac\u00f3 un empate ante el Athletic Club (1-1). Los de Julen Lopetegui","canonical_url":"https:\/\/candas365.es\/noticias\/el-sevilla-y-el-villarreal-meten-presion-en-la-tabla\/","robots":"max-image-preview:large","keywords":"deporte","webmasterTools":{"google-site-verification":"UA-32230408-1","msvalidate.01":"354F3CDFB2DA171B47FBE9ABF1F88D5","miscellaneous":""},"schema":{"@context":"https:\/\/schema.org","@graph":[{"@type":"BreadcrumbList","@id":"https:\/\/candas365.es\/noticias\/el-sevilla-y-el-villarreal-meten-presion-en-la-tabla\/#breadcrumblist","itemListElement":[{"@type":"ListItem","@id":"https:\/\/candas365.es\/noticias#listItem","position":1,"name":"Home","item":"https:\/\/candas365.es\/noticias","nextItem":{"@type":"ListItem","@id":"https:\/\/candas365.es\/noticias\/category\/deporte\/#listItem","name":"Deporte"}},{"@type":"ListItem","@id":"https:\/\/candas365.es\/noticias\/category\/deporte\/#listItem","position":2,"name":"Deporte","item":"https:\/\/candas365.es\/noticias\/category\/deporte\/","nextItem":{"@type":"ListItem","@id":"https:\/\/candas365.es\/noticias\/el-sevilla-y-el-villarreal-meten-presion-en-la-tabla\/#listItem","name":"El Sevilla y el Villarreal meten presi\u00f3n en la tabla"},"previousItem":{"@type":"ListItem","@id":"https:\/\/candas365.es\/noticias#listItem","name":"Home"}},{"@type":"ListItem","@id":"https:\/\/candas365.es\/noticias\/el-sevilla-y-el-villarreal-meten-presion-en-la-tabla\/#listItem","position":3,"name":"El Sevilla y el Villarreal meten presi\u00f3n en la tabla","previousItem":{"@type":"ListItem","@id":"https:\/\/candas365.es\/noticias\/category\/deporte\/#listItem","name":"Deporte"}}]},{"@type":"NewsArticle","@id":"https:\/\/candas365.es\/noticias\/el-sevilla-y-el-villarreal-meten-presion-en-la-tabla\/#newsarticle","name":"El Sevilla y el Villarreal meten presi\u00f3n en la tabla | Cand\u00e1s 365","headline":"El Sevilla y el Villarreal meten presi\u00f3n en la tabla","author":{"@id":"https:\/\/candas365.es\/noticias\/author\/admin\/#author"},"publisher":{"@id":"https:\/\/candas365.es\/noticias\/#organization"},"image":{"@type":"ImageObject","url":"https:\/\/candas365.es\/noticias\/wp-content\/uploads\/2020\/01\/Sevilla-ep.jpg","width":771,"height":488,"caption":"Foto: LALIGA \/ Europa Press"},"datePublished":"2020-01-25T23:58:23+01:00","dateModified":"2020-01-25T23:58:23+01:00","inLanguage":"es-ES","mainEntityOfPage":{"@id":"https:\/\/candas365.es\/noticias\/el-sevilla-y-el-villarreal-meten-presion-en-la-tabla\/#webpage"},"isPartOf":{"@id":"https:\/\/candas365.es\/noticias\/el-sevilla-y-el-villarreal-meten-presion-en-la-tabla\/#webpage"},"articleSection":"Deporte","dateline":"Publicado el enero 25, 2020."},{"@type":"Organization","@id":"https:\/\/candas365.es\/noticias\/#organization","name":"Cand\u00e1s 365","description":"Cand\u00e1s 365 es un diario digital independiente, fundado en 2012, con base en Asturias. Informamos con rigor sobre actualidad, sociedad, cultura y ocio, con una mirada local y global.","url":"https:\/\/candas365.es\/noticias\/","email":"info@candas365.es","telephone":"+34652131393","foundingDate":"2012-06-10","logo":{"@type":"ImageObject","url":"https:\/\/candas365.es\/noticias\/wp-content\/uploads\/2024\/09\/Candas-365-Redes.jpg","@id":"https:\/\/candas365.es\/noticias\/el-sevilla-y-el-villarreal-meten-presion-en-la-tabla\/#organizationLogo","width":1152,"height":864,"caption":"Cand\u00e1s 365 Redes"},"image":{"@id":"https:\/\/candas365.es\/noticias\/el-sevilla-y-el-villarreal-meten-presion-en-la-tabla\/#organizationLogo"},"sameAs":["https:\/\/www.facebook.com\/Nachofdezber","https:\/\/x.com\/NabercoDigital","https:\/\/www.instagram.com\/nachofdezber\/","https:\/\/www.youtube.com\/channel\/UCZP-2wLEB9Rv6erhFmqVnvg"],"address":{"@id":"https:\/\/candas365.es\/noticias\/#postaladdress","@type":"PostalAddress","streetAddress":"san antonio 4, san antonio 4","postalCode":"33430","addressLocality":"Cand\u00e1s","addressRegion":"Asturias","addressCountry":"ES"}},{"@type":"Person","@id":"https:\/\/candas365.es\/noticias\/author\/admin\/#author","url":"https:\/\/candas365.es\/noticias\/author\/admin\/","name":"Cand\u00e1s 365","image":{"@type":"ImageObject","@id":"https:\/\/candas365.es\/noticias\/el-sevilla-y-el-villarreal-meten-presion-en-la-tabla\/#authorImage","url":"https:\/\/secure.gravatar.com\/avatar\/496a8e03d0c493ede1718b7934145dbdf8d89be1036b0eec9544e1094c9de390?s=96&d=mm&r=g","width":96,"height":96,"caption":"Cand\u00e1s 365"},"sameAs":["https:\/\/www.facebook.com\/carrenoactualidad","https:\/\/twitter.com\/nbasturias","https:\/\/www.instagram.com\/nachofdezber\/","https:\/\/www.youtube.com\/channel\/UCZP-2wLEB9Rv6erhFmqVnvg"]},{"@type":"WebPage","@id":"https:\/\/candas365.es\/noticias\/el-sevilla-y-el-villarreal-meten-presion-en-la-tabla\/#webpage","url":"https:\/\/candas365.es\/noticias\/el-sevilla-y-el-villarreal-meten-presion-en-la-tabla\/","name":"El Sevilla y el Villarreal meten presi\u00f3n en la tabla | Cand\u00e1s 365","description":"(Europa Press) - El Sevilla domin\u00f3 y venci\u00f3 (2-0) de manera fiable al Granada este s\u00e1bado en la jornada 21 de LaLiga Santander, donde el Villarreal se acerc\u00f3 a la zona europea con una victoria 'in extremis' ante el Alav\u00e9s (1-2) y el Espanyol sac\u00f3 un empate ante el Athletic Club (1-1). Los de Julen Lopetegui","inLanguage":"es-ES","isPartOf":{"@id":"https:\/\/candas365.es\/noticias\/#website"},"breadcrumb":{"@id":"https:\/\/candas365.es\/noticias\/el-sevilla-y-el-villarreal-meten-presion-en-la-tabla\/#breadcrumblist"},"author":{"@id":"https:\/\/candas365.es\/noticias\/author\/admin\/#author"},"creator":{"@id":"https:\/\/candas365.es\/noticias\/author\/admin\/#author"},"image":{"@type":"ImageObject","url":"https:\/\/candas365.es\/noticias\/wp-content\/uploads\/2020\/01\/Sevilla-ep.jpg","@id":"https:\/\/candas365.es\/noticias\/el-sevilla-y-el-villarreal-meten-presion-en-la-tabla\/#mainImage","width":771,"height":488,"caption":"Foto: LALIGA \/ Europa Press"},"primaryImageOfPage":{"@id":"https:\/\/candas365.es\/noticias\/el-sevilla-y-el-villarreal-meten-presion-en-la-tabla\/#mainImage"},"datePublished":"2020-01-25T23:58:23+01:00","dateModified":"2020-01-25T23:58:23+01:00"},{"@type":"WebSite","@id":"https:\/\/candas365.es\/noticias\/#website","url":"https:\/\/candas365.es\/noticias\/","name":"Cand\u00e1s 365","alternateName":"Cand\u00e1s 365 Noticias","description":"Actualidad desde Carre\u00f1o para el mundo","inLanguage":"es-ES","publisher":{"@id":"https:\/\/candas365.es\/noticias\/#organization"}}]},"og:locale":"es_ES","og:site_name":"Cand\u00e1s 365","og:type":"article","og:title":"El Sevilla y el Villarreal meten presi\u00f3n en la tabla | Cand\u00e1s 365","og:description":"(Europa Press) - El Sevilla domin\u00f3 y venci\u00f3 (2-0) de manera fiable al Granada este s\u00e1bado en la jornada 21 de LaLiga Santander, donde el Villarreal se acerc\u00f3 a la zona europea con una victoria 'in extremis' ante el Alav\u00e9s (1-2) y el Espanyol sac\u00f3 un empate ante el Athletic Club (1-1). Los de Julen Lopetegui","og:url":"https:\/\/candas365.es\/noticias\/el-sevilla-y-el-villarreal-meten-presion-en-la-tabla\/","og:image":"https:\/\/candas365.es\/noticias\/wp-content\/uploads\/2020\/01\/Sevilla-ep.jpg","og:image:secure_url":"https:\/\/candas365.es\/noticias\/wp-content\/uploads\/2020\/01\/Sevilla-ep.jpg","og:image:width":771,"og:image:height":488,"article:published_time":"2020-01-25T23:58:23+00:00","article:modified_time":"2020-01-25T23:58:23+00:00","article:publisher":"https:\/\/www.facebook.com\/Nachofdezber","article:author":"https:\/\/www.facebook.com\/carrenoactualidad","twitter:card":"summary_large_image","twitter:site":"@NabercoDigital","twitter:title":"El Sevilla y el Villarreal meten presi\u00f3n en la tabla | Cand\u00e1s 365","twitter:description":"(Europa Press) - El Sevilla domin\u00f3 y venci\u00f3 (2-0) de manera fiable al Granada este s\u00e1bado en la jornada 21 de LaLiga Santander, donde el Villarreal se acerc\u00f3 a la zona europea con una victoria 'in extremis' ante el Alav\u00e9s (1-2) y el Espanyol sac\u00f3 un empate ante el Athletic Club (1-1). Los de Julen Lopetegui","twitter:creator":"@nbasturias","twitter:image":"https:\/\/candas365.es\/noticias\/wp-content\/uploads\/2020\/01\/Sevilla-ep.jpg","twitter:label1":"Escrito por","twitter:data1":"Cand\u00e1s 365","twitter:label2":"Tiempo de lectura estimado","twitter:data2":"3 minutos"},"aioseo_meta_data":{"post_id":"137081","title":null,"description":null,"keywords":null,"keyphrases":null,"primary_term":null,"canonical_url":null,"og_title":null,"og_description":null,"og_object_type":"default","og_image_type":"default","og_image_url":null,"og_image_width":null,"og_image_height":null,"og_image_custom_url":null,"og_image_custom_fields":null,"og_video":null,"og_custom_url":null,"og_article_section":null,"og_article_tags":null,"twitter_use_og":false,"twitter_card":"default","twitter_image_type":"default","twitter_image_url":null,"twitter_image_custom_url":null,"twitter_image_custom_fields":null,"twitter_title":null,"twitter_description":null,"schema":{"blockGraphs":[],"customGraphs":[],"default":{"data":{"Article":[],"Course":[],"Dataset":[],"FAQPage":[],"Movie":[],"Person":[],"Product":[],"ProductReview":[],"Car":[],"Recipe":[],"Service":[],"SoftwareApplication":[],"WebPage":[]},"graphName":"","isEnabled":true},"graphs":[],"defaultGraph":"","defaultPostTypeGraph":""},"schema_type":null,"schema_type_options":null,"pillar_content":false,"robots_default":true,"robots_noindex":false,"robots_noarchive":false,"robots_nosnippet":false,"robots_nofollow":false,"robots_noimageindex":false,"robots_noodp":false,"robots_notranslate":false,"robots_max_snippet":null,"robots_max_videopreview":null,"robots_max_imagepreview":"large","priority":null,"frequency":null,"location":null,"local_seo":null,"seo_analyzer_scan_date":"2025-08-30 22:27:18","breadcrumb_settings":null,"limit_modified_date":false,"reviewed_by":null,"open_ai":null,"ai":null,"created":"2020-12-21 10:47:36","updated":"2025-08-30 22:27:18"},"aioseo_breadcrumb":"<div class=\"aioseo-breadcrumbs\"><span class=\"aioseo-breadcrumb\">\n\t<a href=\"https:\/\/candas365.es\/noticias\" title=\"Home\">Home<\/a>\n<\/span><span class=\"aioseo-breadcrumb-separator\">&ndash;<\/span><span class=\"aioseo-breadcrumb\">\n\t<a href=\"https:\/\/candas365.es\/noticias\/category\/deporte\/\" title=\"Deporte\">Deporte<\/a>\n<\/span><span class=\"aioseo-breadcrumb-separator\">&ndash;<\/span><span class=\"aioseo-breadcrumb\">\n\tEl Sevilla y el Villarreal meten presi\u00f3n en la tabla\n<\/span><\/div>","aioseo_breadcrumb_json":[{"label":"Home","link":"https:\/\/candas365.es\/noticias"},{"label":"Deporte","link":"https:\/\/candas365.es\/noticias\/category\/deporte\/"},{"label":"El Sevilla y el Villarreal meten presi\u00f3n en la tabla","link":"https:\/\/candas365.es\/noticias\/el-sevilla-y-el-villarreal-meten-presion-en-la-tabla\/"}],"_links":{"self":[{"href":"https:\/\/candas365.es\/noticias\/wp-json\/wp\/v2\/posts\/137081","targetHints":{"allow":["GET"]}}],"collection":[{"href":"https:\/\/candas365.es\/noticias\/wp-json\/wp\/v2\/posts"}],"about":[{"href":"https:\/\/candas365.es\/noticias\/wp-json\/wp\/v2\/types\/post"}],"author":[{"embeddable":true,"href":"https:\/\/candas365.es\/noticias\/wp-json\/wp\/v2\/users\/1"}],"replies":[{"embeddable":true,"href":"https:\/\/candas365.es\/noticias\/wp-json\/wp\/v2\/comments?post=137081"}],"version-history":[{"count":0,"href":"https:\/\/candas365.es\/noticias\/wp-json\/wp\/v2\/posts\/137081\/revisions"}],"wp:featuredmedia":[{"embeddable":true,"href":"https:\/\/candas365.es\/noticias\/wp-json\/wp\/v2\/media\/137082"}],"wp:attachment":[{"href":"https:\/\/candas365.es\/noticias\/wp-json\/wp\/v2\/media?parent=137081"}],"wp:term":[{"taxonomy":"category","embeddable":true,"href":"https:\/\/candas365.es\/noticias\/wp-json\/wp\/v2\/categories?post=137081"},{"taxonomy":"post_tag","embeddable":true,"href":"https:\/\/candas365.es\/noticias\/wp-json\/wp\/v2\/tags?post=137081"}],"curies":[{"name":"wp","href":"https:\/\/api.w.org\/{rel}","templated":true}]}}