{"id":137016,"date":"2020-01-25T14:37:09","date_gmt":"2020-01-25T14:37:09","guid":{"rendered":"http:\/\/candas365.es\/noticias\/?p=137016"},"modified":"2020-01-25T14:37:09","modified_gmt":"2020-01-25T14:37:09","slug":"la-decision-de-iowa-el-lunes-en-en-portada","status":"publish","type":"post","link":"https:\/\/candas365.es\/noticias\/la-decision-de-iowa-el-lunes-en-en-portada\/","title":{"rendered":"\u201cLa decisi\u00f3n de Iowa\u201d, el lunes en \u201cEn Portada\u201d"},"content":{"rendered":"<p><strong><img fetchpriority=\"high\" decoding=\"async\" class=\"alignleft size-medium wp-image-137017\" src=\"https:\/\/candas365.es\/noticias\/wp-content\/uploads\/2020\/01\/ndp-tele-1536150120-360x245.jpg\" alt=\"\" width=\"360\" height=\"245\" srcset=\"https:\/\/candas365.es\/noticias\/wp-content\/uploads\/2020\/01\/ndp-tele-1536150120-360x245.jpg 360w, https:\/\/candas365.es\/noticias\/wp-content\/uploads\/2020\/01\/ndp-tele-1536150120-655x446.jpg 655w, https:\/\/candas365.es\/noticias\/wp-content\/uploads\/2020\/01\/ndp-tele-1536150120-768x523.jpg 768w, https:\/\/candas365.es\/noticias\/wp-content\/uploads\/2020\/01\/ndp-tele-1536150120-1536x1046.jpg 1536w, https:\/\/candas365.es\/noticias\/wp-content\/uploads\/2020\/01\/ndp-tele-1536150120-696x474.jpg 696w, https:\/\/candas365.es\/noticias\/wp-content\/uploads\/2020\/01\/ndp-tele-1536150120-1068x728.jpg 1068w, https:\/\/candas365.es\/noticias\/wp-content\/uploads\/2020\/01\/ndp-tele-1536150120-617x420.jpg 617w, https:\/\/candas365.es\/noticias\/wp-content\/uploads\/2020\/01\/ndp-tele-1536150120.jpg 1600w\" sizes=\"(max-width: 360px) 100vw, 360px\" \/>\u2018En Portada\u2019<\/strong> descubre c\u00f3mo es el proceso en el que el Partido Dem\u00f3crata de Estados Unidos escoge a su candidato a la presidencia del pa\u00eds.<\/p>\n<p><strong>Elegir candidato para derrotar a Donald Trump es el principal reto del Partido Dem\u00f3crat<\/strong>a. Iowa es tradicionalmente el estado que abre las primarias. En los \u00faltimos 20 a\u00f1os su elegido ha resultado ser el candidato final del partido: Al Gore en 2000, John Kerry en 2004, Barack Obama en 2008 y Hillary Clinton en 2016.<\/p>\n<p><strong>Iowa marca tendencia en la selecci\u00f3n de candidato a presidente<\/strong>, por esa raz\u00f3n es el estado que m\u00e1s visitan los aspirantes durante el a\u00f1o que precede a la primarias. No hay ciudadano de Iowa que no pueda acceder a un aspirante si se lo propone.<\/p>\n<p>Sobre el terreno, <strong>\u2018En Portada\u2019 ha comprobado que el talante \u201cpresidenciable\u201d de los aspirantes ha pasado este a\u00f1o a segundo plano a la hora de evaluarlos<\/strong>. Ahora lo que m\u00e1s buscan los simpatizantes dem\u00f3cratas es un candidato con capacidad para enfrentarse a Donald Trump y derrotarlo. El objetivo es evitar que Trump repita como presidente.<\/p>\n<p>La elecci\u00f3n entre un abanico ampl\u00edsimo y variado de aspirantes es dif\u00edcil. Encabezan los sondeos <strong>Joe Biden, Bernie Sanders y Elizabeth Warren<\/strong>, los tres por encima de los 70 a\u00f1os de edad.<\/p>\n<p>\u2018La decisi\u00f3n de Iowa\u2019 es un reportaje con guion de Anna Bosch, realizaci\u00f3n de \u00c1ngel Barroso, imagen de Vicente Gil, sonido de Fernando Romera, montaje de Dar\u00edo M. Otero, sonorizaci\u00f3n de Isabel Garc\u00eda Leal, producci\u00f3n de Lourdes Calvo y Andr\u00e9s Garc\u00eda de la Calera, producci\u00f3n ejecutiva de Domingo Isaba, subdirecci\u00f3n de Susana Jim\u00e9nez y direcci\u00f3n de Jos\u00e9 Antonio Guardiola.<\/p>\n<p>&nbsp;<\/p>\n","protected":false},"excerpt":{"rendered":"<p>\u2018En Portada\u2019 descubre c\u00f3mo es el proceso en el que el Partido Dem\u00f3crata de Estados Unidos escoge a su candidato a la presidencia del pa\u00eds. Elegir candidato para derrotar a Donald Trump es el principal reto del Partido Dem\u00f3crata. Iowa es tradicionalmente el estado que abre las primarias. En los \u00faltimos 20 a\u00f1os su elegido<\/p>\n","protected":false},"author":1,"featured_media":137017,"comment_status":"closed","ping_status":"closed","sticky":false,"template":"","format":"standard","meta":{"footnotes":""},"categories":[1],"tags":[],"class_list":{"0":"post-137016","1":"post","2":"type-post","3":"status-publish","4":"format-standard","5":"has-post-thumbnail","7":"category-agenda"},"aioseo_notices":[],"aioseo_head":"\n\t\t<!-- All in One SEO Pro 4.9.6.2 - aioseo.com -->\n\t<meta name=\"description\" content=\"\u2018En Portada\u2019 descubre c\u00f3mo es el proceso en el que el Partido Dem\u00f3crata de Estados Unidos escoge a su candidato a la presidencia del pa\u00eds. Elegir candidato para derrotar a Donald Trump es el principal reto del Partido Dem\u00f3crata. Iowa es tradicionalmente el estado que abre las primarias. En los \u00faltimos 20 a\u00f1os su elegido\" \/>\n\t<meta name=\"robots\" content=\"max-image-preview:large\" \/>\n\t<meta name=\"author\" content=\"Cand\u00e1s 365\"\/>\n\t<meta name=\"google-site-verification\" content=\"UA-32230408-1\" \/>\n\t<meta name=\"msvalidate.01\" content=\"354F3CDFB2DA171B47FBE9ABF1F88D5\" \/>\n\t<meta name=\"keywords\" content=\"agenda\" \/>\n\t<link rel=\"canonical\" href=\"https:\/\/candas365.es\/noticias\/la-decision-de-iowa-el-lunes-en-en-portada\/\" \/>\n\t<meta name=\"generator\" content=\"All in One SEO Pro (AIOSEO) 4.9.6.2\" \/>\n\t\t<meta property=\"og:locale\" content=\"es_ES\" \/>\n\t\t<meta property=\"og:site_name\" content=\"Cand\u00e1s 365\" \/>\n\t\t<meta property=\"og:type\" content=\"article\" \/>\n\t\t<meta property=\"og:title\" content=\"\u201cLa decisi\u00f3n de Iowa\u201d, el lunes en \u201cEn Portada\u201d | Cand\u00e1s 365\" \/>\n\t\t<meta property=\"og:description\" content=\"\u2018En Portada\u2019 descubre c\u00f3mo es el proceso en el que el Partido Dem\u00f3crata de Estados Unidos escoge a su candidato a la presidencia del pa\u00eds. Elegir candidato para derrotar a Donald Trump es el principal reto del Partido Dem\u00f3crata. Iowa es tradicionalmente el estado que abre las primarias. En los \u00faltimos 20 a\u00f1os su elegido\" \/>\n\t\t<meta property=\"og:url\" content=\"https:\/\/candas365.es\/noticias\/la-decision-de-iowa-el-lunes-en-en-portada\/\" \/>\n\t\t<meta property=\"og:image\" content=\"https:\/\/candas365.es\/noticias\/wp-content\/uploads\/2020\/01\/ndp-tele-1536150120.jpg\" \/>\n\t\t<meta property=\"og:image:secure_url\" content=\"https:\/\/candas365.es\/noticias\/wp-content\/uploads\/2020\/01\/ndp-tele-1536150120.jpg\" \/>\n\t\t<meta property=\"og:image:width\" content=\"1600\" \/>\n\t\t<meta property=\"og:image:height\" content=\"1090\" \/>\n\t\t<meta property=\"article:published_time\" content=\"2020-01-25T14:37:09+00:00\" \/>\n\t\t<meta property=\"article:modified_time\" content=\"2020-01-25T14:37:09+00:00\" \/>\n\t\t<meta property=\"article:publisher\" content=\"https:\/\/www.facebook.com\/Nachofdezber\" \/>\n\t\t<meta property=\"article:author\" content=\"https:\/\/www.facebook.com\/carrenoactualidad\" \/>\n\t\t<meta name=\"twitter:card\" content=\"summary_large_image\" \/>\n\t\t<meta name=\"twitter:site\" content=\"@NabercoDigital\" \/>\n\t\t<meta name=\"twitter:title\" content=\"\u201cLa decisi\u00f3n de Iowa\u201d, el lunes en \u201cEn Portada\u201d | Cand\u00e1s 365\" \/>\n\t\t<meta name=\"twitter:description\" content=\"\u2018En Portada\u2019 descubre c\u00f3mo es el proceso en el que el Partido Dem\u00f3crata de Estados Unidos escoge a su candidato a la presidencia del pa\u00eds. Elegir candidato para derrotar a Donald Trump es el principal reto del Partido Dem\u00f3crata. Iowa es tradicionalmente el estado que abre las primarias. En los \u00faltimos 20 a\u00f1os su elegido\" \/>\n\t\t<meta name=\"twitter:creator\" content=\"@nbasturias\" \/>\n\t\t<meta name=\"twitter:image\" content=\"https:\/\/candas365.es\/noticias\/wp-content\/uploads\/2020\/01\/ndp-tele-1536150120.jpg\" \/>\n\t\t<meta name=\"twitter:label1\" content=\"Escrito por\" \/>\n\t\t<meta name=\"twitter:data1\" content=\"Cand\u00e1s 365\" \/>\n\t\t<meta name=\"twitter:label2\" content=\"Tiempo de lectura estimado\" \/>\n\t\t<meta name=\"twitter:data2\" content=\"1 minuto\" \/>\n\t\t<script type=\"application\/ld+json\" class=\"aioseo-schema\">\n\t\t\t{\"@context\":\"https:\\\/\\\/schema.org\",\"@graph\":[{\"@type\":\"BreadcrumbList\",\"@id\":\"https:\\\/\\\/candas365.es\\\/noticias\\\/la-decision-de-iowa-el-lunes-en-en-portada\\\/#breadcrumblist\",\"itemListElement\":[{\"@type\":\"ListItem\",\"@id\":\"https:\\\/\\\/candas365.es\\\/noticias#listItem\",\"position\":1,\"name\":\"Home\",\"item\":\"https:\\\/\\\/candas365.es\\\/noticias\",\"nextItem\":{\"@type\":\"ListItem\",\"@id\":\"https:\\\/\\\/candas365.es\\\/noticias\\\/category\\\/agenda\\\/#listItem\",\"name\":\"Agenda\"}},{\"@type\":\"ListItem\",\"@id\":\"https:\\\/\\\/candas365.es\\\/noticias\\\/category\\\/agenda\\\/#listItem\",\"position\":2,\"name\":\"Agenda\",\"item\":\"https:\\\/\\\/candas365.es\\\/noticias\\\/category\\\/agenda\\\/\",\"nextItem\":{\"@type\":\"ListItem\",\"@id\":\"https:\\\/\\\/candas365.es\\\/noticias\\\/la-decision-de-iowa-el-lunes-en-en-portada\\\/#listItem\",\"name\":\"\\u201cLa decisi\\u00f3n de Iowa\\u201d, el lunes en \\u201cEn Portada\\u201d\"},\"previousItem\":{\"@type\":\"ListItem\",\"@id\":\"https:\\\/\\\/candas365.es\\\/noticias#listItem\",\"name\":\"Home\"}},{\"@type\":\"ListItem\",\"@id\":\"https:\\\/\\\/candas365.es\\\/noticias\\\/la-decision-de-iowa-el-lunes-en-en-portada\\\/#listItem\",\"position\":3,\"name\":\"\\u201cLa decisi\\u00f3n de Iowa\\u201d, el lunes en \\u201cEn Portada\\u201d\",\"previousItem\":{\"@type\":\"ListItem\",\"@id\":\"https:\\\/\\\/candas365.es\\\/noticias\\\/category\\\/agenda\\\/#listItem\",\"name\":\"Agenda\"}}]},{\"@type\":\"NewsArticle\",\"@id\":\"https:\\\/\\\/candas365.es\\\/noticias\\\/la-decision-de-iowa-el-lunes-en-en-portada\\\/#newsarticle\",\"name\":\"\\u201cLa decisi\\u00f3n de Iowa\\u201d, el lunes en \\u201cEn Portada\\u201d | Cand\\u00e1s 365\",\"headline\":\"\\u201cLa decisi\\u00f3n de Iowa\\u201d, el lunes en \\u201cEn Portada\\u201d\",\"author\":{\"@id\":\"https:\\\/\\\/candas365.es\\\/noticias\\\/author\\\/admin\\\/#author\"},\"publisher\":{\"@id\":\"https:\\\/\\\/candas365.es\\\/noticias\\\/#organization\"},\"image\":{\"@type\":\"ImageObject\",\"url\":\"https:\\\/\\\/candas365.es\\\/noticias\\\/wp-content\\\/uploads\\\/2020\\\/01\\\/ndp-tele-1536150120.jpg\",\"width\":1600,\"height\":1090},\"datePublished\":\"2020-01-25T14:37:09+01:00\",\"dateModified\":\"2020-01-25T14:37:09+01:00\",\"inLanguage\":\"es-ES\",\"mainEntityOfPage\":{\"@id\":\"https:\\\/\\\/candas365.es\\\/noticias\\\/la-decision-de-iowa-el-lunes-en-en-portada\\\/#webpage\"},\"isPartOf\":{\"@id\":\"https:\\\/\\\/candas365.es\\\/noticias\\\/la-decision-de-iowa-el-lunes-en-en-portada\\\/#webpage\"},\"articleSection\":\"Agenda\",\"dateline\":\"Publicado el enero 25, 2020.\"},{\"@type\":\"Organization\",\"@id\":\"https:\\\/\\\/candas365.es\\\/noticias\\\/#organization\",\"name\":\"Cand\\u00e1s 365\",\"description\":\"Cand\\u00e1s 365 es un diario digital independiente, fundado en 2012, con base en Asturias. Informamos con rigor sobre actualidad, sociedad, cultura y ocio, con una mirada local y global.\",\"url\":\"https:\\\/\\\/candas365.es\\\/noticias\\\/\",\"email\":\"info@candas365.es\",\"telephone\":\"+34652131393\",\"foundingDate\":\"2012-06-10\",\"logo\":{\"@type\":\"ImageObject\",\"url\":\"https:\\\/\\\/candas365.es\\\/noticias\\\/wp-content\\\/uploads\\\/2024\\\/09\\\/Candas-365-Redes.jpg\",\"@id\":\"https:\\\/\\\/candas365.es\\\/noticias\\\/la-decision-de-iowa-el-lunes-en-en-portada\\\/#organizationLogo\",\"width\":1152,\"height\":864,\"caption\":\"Cand\\u00e1s 365 Redes\"},\"image\":{\"@id\":\"https:\\\/\\\/candas365.es\\\/noticias\\\/la-decision-de-iowa-el-lunes-en-en-portada\\\/#organizationLogo\"},\"sameAs\":[\"https:\\\/\\\/www.facebook.com\\\/Nachofdezber\",\"https:\\\/\\\/x.com\\\/NabercoDigital\",\"https:\\\/\\\/www.instagram.com\\\/nachofdezber\\\/\",\"https:\\\/\\\/www.youtube.com\\\/channel\\\/UCZP-2wLEB9Rv6erhFmqVnvg\"],\"address\":{\"@id\":\"https:\\\/\\\/candas365.es\\\/noticias\\\/#postaladdress\",\"@type\":\"PostalAddress\",\"streetAddress\":\"san antonio 4, san antonio 4\",\"postalCode\":\"33430\",\"addressLocality\":\"Cand\\u00e1s\",\"addressRegion\":\"Asturias\",\"addressCountry\":\"ES\"}},{\"@type\":\"Person\",\"@id\":\"https:\\\/\\\/candas365.es\\\/noticias\\\/author\\\/admin\\\/#author\",\"url\":\"https:\\\/\\\/candas365.es\\\/noticias\\\/author\\\/admin\\\/\",\"name\":\"Cand\\u00e1s 365\",\"image\":{\"@type\":\"ImageObject\",\"@id\":\"https:\\\/\\\/candas365.es\\\/noticias\\\/la-decision-de-iowa-el-lunes-en-en-portada\\\/#authorImage\",\"url\":\"https:\\\/\\\/secure.gravatar.com\\\/avatar\\\/496a8e03d0c493ede1718b7934145dbdf8d89be1036b0eec9544e1094c9de390?s=96&d=mm&r=g\",\"width\":96,\"height\":96,\"caption\":\"Cand\\u00e1s 365\"},\"sameAs\":[\"https:\\\/\\\/www.facebook.com\\\/carrenoactualidad\",\"https:\\\/\\\/twitter.com\\\/nbasturias\",\"https:\\\/\\\/www.instagram.com\\\/nachofdezber\\\/\",\"https:\\\/\\\/www.youtube.com\\\/channel\\\/UCZP-2wLEB9Rv6erhFmqVnvg\"]},{\"@type\":\"WebPage\",\"@id\":\"https:\\\/\\\/candas365.es\\\/noticias\\\/la-decision-de-iowa-el-lunes-en-en-portada\\\/#webpage\",\"url\":\"https:\\\/\\\/candas365.es\\\/noticias\\\/la-decision-de-iowa-el-lunes-en-en-portada\\\/\",\"name\":\"\\u201cLa decisi\\u00f3n de Iowa\\u201d, el lunes en \\u201cEn Portada\\u201d | Cand\\u00e1s 365\",\"description\":\"\\u2018En Portada\\u2019 descubre c\\u00f3mo es el proceso en el que el Partido Dem\\u00f3crata de Estados Unidos escoge a su candidato a la presidencia del pa\\u00eds. Elegir candidato para derrotar a Donald Trump es el principal reto del Partido Dem\\u00f3crata. Iowa es tradicionalmente el estado que abre las primarias. En los \\u00faltimos 20 a\\u00f1os su elegido\",\"inLanguage\":\"es-ES\",\"isPartOf\":{\"@id\":\"https:\\\/\\\/candas365.es\\\/noticias\\\/#website\"},\"breadcrumb\":{\"@id\":\"https:\\\/\\\/candas365.es\\\/noticias\\\/la-decision-de-iowa-el-lunes-en-en-portada\\\/#breadcrumblist\"},\"author\":{\"@id\":\"https:\\\/\\\/candas365.es\\\/noticias\\\/author\\\/admin\\\/#author\"},\"creator\":{\"@id\":\"https:\\\/\\\/candas365.es\\\/noticias\\\/author\\\/admin\\\/#author\"},\"image\":{\"@type\":\"ImageObject\",\"url\":\"https:\\\/\\\/candas365.es\\\/noticias\\\/wp-content\\\/uploads\\\/2020\\\/01\\\/ndp-tele-1536150120.jpg\",\"@id\":\"https:\\\/\\\/candas365.es\\\/noticias\\\/la-decision-de-iowa-el-lunes-en-en-portada\\\/#mainImage\",\"width\":1600,\"height\":1090},\"primaryImageOfPage\":{\"@id\":\"https:\\\/\\\/candas365.es\\\/noticias\\\/la-decision-de-iowa-el-lunes-en-en-portada\\\/#mainImage\"},\"datePublished\":\"2020-01-25T14:37:09+01:00\",\"dateModified\":\"2020-01-25T14:37:09+01:00\"},{\"@type\":\"WebSite\",\"@id\":\"https:\\\/\\\/candas365.es\\\/noticias\\\/#website\",\"url\":\"https:\\\/\\\/candas365.es\\\/noticias\\\/\",\"name\":\"Cand\\u00e1s 365\",\"alternateName\":\"Cand\\u00e1s 365 Noticias\",\"description\":\"Actualidad desde Carre\\u00f1o para el mundo\",\"inLanguage\":\"es-ES\",\"publisher\":{\"@id\":\"https:\\\/\\\/candas365.es\\\/noticias\\\/#organization\"}}]}\n\t\t<\/script>\n\t\t<!-- All in One SEO Pro -->\r\n\t\t<title>\u201cLa decisi\u00f3n de Iowa\u201d, el lunes en \u201cEn Portada\u201d | Cand\u00e1s 365<\/title>\n\n","aioseo_head_json":{"title":"\u201cLa decisi\u00f3n de Iowa\u201d, el lunes en \u201cEn Portada\u201d | Cand\u00e1s 365","description":"\u2018En Portada\u2019 descubre c\u00f3mo es el proceso en el que el Partido Dem\u00f3crata de Estados Unidos escoge a su candidato a la presidencia del pa\u00eds. Elegir candidato para derrotar a Donald Trump es el principal reto del Partido Dem\u00f3crata. Iowa es tradicionalmente el estado que abre las primarias. En los \u00faltimos 20 a\u00f1os su elegido","canonical_url":"https:\/\/candas365.es\/noticias\/la-decision-de-iowa-el-lunes-en-en-portada\/","robots":"max-image-preview:large","keywords":"agenda","webmasterTools":{"google-site-verification":"UA-32230408-1","msvalidate.01":"354F3CDFB2DA171B47FBE9ABF1F88D5","miscellaneous":""},"schema":{"@context":"https:\/\/schema.org","@graph":[{"@type":"BreadcrumbList","@id":"https:\/\/candas365.es\/noticias\/la-decision-de-iowa-el-lunes-en-en-portada\/#breadcrumblist","itemListElement":[{"@type":"ListItem","@id":"https:\/\/candas365.es\/noticias#listItem","position":1,"name":"Home","item":"https:\/\/candas365.es\/noticias","nextItem":{"@type":"ListItem","@id":"https:\/\/candas365.es\/noticias\/category\/agenda\/#listItem","name":"Agenda"}},{"@type":"ListItem","@id":"https:\/\/candas365.es\/noticias\/category\/agenda\/#listItem","position":2,"name":"Agenda","item":"https:\/\/candas365.es\/noticias\/category\/agenda\/","nextItem":{"@type":"ListItem","@id":"https:\/\/candas365.es\/noticias\/la-decision-de-iowa-el-lunes-en-en-portada\/#listItem","name":"\u201cLa decisi\u00f3n de Iowa\u201d, el lunes en \u201cEn Portada\u201d"},"previousItem":{"@type":"ListItem","@id":"https:\/\/candas365.es\/noticias#listItem","name":"Home"}},{"@type":"ListItem","@id":"https:\/\/candas365.es\/noticias\/la-decision-de-iowa-el-lunes-en-en-portada\/#listItem","position":3,"name":"\u201cLa decisi\u00f3n de Iowa\u201d, el lunes en \u201cEn Portada\u201d","previousItem":{"@type":"ListItem","@id":"https:\/\/candas365.es\/noticias\/category\/agenda\/#listItem","name":"Agenda"}}]},{"@type":"NewsArticle","@id":"https:\/\/candas365.es\/noticias\/la-decision-de-iowa-el-lunes-en-en-portada\/#newsarticle","name":"\u201cLa decisi\u00f3n de Iowa\u201d, el lunes en \u201cEn Portada\u201d | Cand\u00e1s 365","headline":"\u201cLa decisi\u00f3n de Iowa\u201d, el lunes en \u201cEn Portada\u201d","author":{"@id":"https:\/\/candas365.es\/noticias\/author\/admin\/#author"},"publisher":{"@id":"https:\/\/candas365.es\/noticias\/#organization"},"image":{"@type":"ImageObject","url":"https:\/\/candas365.es\/noticias\/wp-content\/uploads\/2020\/01\/ndp-tele-1536150120.jpg","width":1600,"height":1090},"datePublished":"2020-01-25T14:37:09+01:00","dateModified":"2020-01-25T14:37:09+01:00","inLanguage":"es-ES","mainEntityOfPage":{"@id":"https:\/\/candas365.es\/noticias\/la-decision-de-iowa-el-lunes-en-en-portada\/#webpage"},"isPartOf":{"@id":"https:\/\/candas365.es\/noticias\/la-decision-de-iowa-el-lunes-en-en-portada\/#webpage"},"articleSection":"Agenda","dateline":"Publicado el enero 25, 2020."},{"@type":"Organization","@id":"https:\/\/candas365.es\/noticias\/#organization","name":"Cand\u00e1s 365","description":"Cand\u00e1s 365 es un diario digital independiente, fundado en 2012, con base en Asturias. Informamos con rigor sobre actualidad, sociedad, cultura y ocio, con una mirada local y global.","url":"https:\/\/candas365.es\/noticias\/","email":"info@candas365.es","telephone":"+34652131393","foundingDate":"2012-06-10","logo":{"@type":"ImageObject","url":"https:\/\/candas365.es\/noticias\/wp-content\/uploads\/2024\/09\/Candas-365-Redes.jpg","@id":"https:\/\/candas365.es\/noticias\/la-decision-de-iowa-el-lunes-en-en-portada\/#organizationLogo","width":1152,"height":864,"caption":"Cand\u00e1s 365 Redes"},"image":{"@id":"https:\/\/candas365.es\/noticias\/la-decision-de-iowa-el-lunes-en-en-portada\/#organizationLogo"},"sameAs":["https:\/\/www.facebook.com\/Nachofdezber","https:\/\/x.com\/NabercoDigital","https:\/\/www.instagram.com\/nachofdezber\/","https:\/\/www.youtube.com\/channel\/UCZP-2wLEB9Rv6erhFmqVnvg"],"address":{"@id":"https:\/\/candas365.es\/noticias\/#postaladdress","@type":"PostalAddress","streetAddress":"san antonio 4, san antonio 4","postalCode":"33430","addressLocality":"Cand\u00e1s","addressRegion":"Asturias","addressCountry":"ES"}},{"@type":"Person","@id":"https:\/\/candas365.es\/noticias\/author\/admin\/#author","url":"https:\/\/candas365.es\/noticias\/author\/admin\/","name":"Cand\u00e1s 365","image":{"@type":"ImageObject","@id":"https:\/\/candas365.es\/noticias\/la-decision-de-iowa-el-lunes-en-en-portada\/#authorImage","url":"https:\/\/secure.gravatar.com\/avatar\/496a8e03d0c493ede1718b7934145dbdf8d89be1036b0eec9544e1094c9de390?s=96&d=mm&r=g","width":96,"height":96,"caption":"Cand\u00e1s 365"},"sameAs":["https:\/\/www.facebook.com\/carrenoactualidad","https:\/\/twitter.com\/nbasturias","https:\/\/www.instagram.com\/nachofdezber\/","https:\/\/www.youtube.com\/channel\/UCZP-2wLEB9Rv6erhFmqVnvg"]},{"@type":"WebPage","@id":"https:\/\/candas365.es\/noticias\/la-decision-de-iowa-el-lunes-en-en-portada\/#webpage","url":"https:\/\/candas365.es\/noticias\/la-decision-de-iowa-el-lunes-en-en-portada\/","name":"\u201cLa decisi\u00f3n de Iowa\u201d, el lunes en \u201cEn Portada\u201d | Cand\u00e1s 365","description":"\u2018En Portada\u2019 descubre c\u00f3mo es el proceso en el que el Partido Dem\u00f3crata de Estados Unidos escoge a su candidato a la presidencia del pa\u00eds. Elegir candidato para derrotar a Donald Trump es el principal reto del Partido Dem\u00f3crata. Iowa es tradicionalmente el estado que abre las primarias. En los \u00faltimos 20 a\u00f1os su elegido","inLanguage":"es-ES","isPartOf":{"@id":"https:\/\/candas365.es\/noticias\/#website"},"breadcrumb":{"@id":"https:\/\/candas365.es\/noticias\/la-decision-de-iowa-el-lunes-en-en-portada\/#breadcrumblist"},"author":{"@id":"https:\/\/candas365.es\/noticias\/author\/admin\/#author"},"creator":{"@id":"https:\/\/candas365.es\/noticias\/author\/admin\/#author"},"image":{"@type":"ImageObject","url":"https:\/\/candas365.es\/noticias\/wp-content\/uploads\/2020\/01\/ndp-tele-1536150120.jpg","@id":"https:\/\/candas365.es\/noticias\/la-decision-de-iowa-el-lunes-en-en-portada\/#mainImage","width":1600,"height":1090},"primaryImageOfPage":{"@id":"https:\/\/candas365.es\/noticias\/la-decision-de-iowa-el-lunes-en-en-portada\/#mainImage"},"datePublished":"2020-01-25T14:37:09+01:00","dateModified":"2020-01-25T14:37:09+01:00"},{"@type":"WebSite","@id":"https:\/\/candas365.es\/noticias\/#website","url":"https:\/\/candas365.es\/noticias\/","name":"Cand\u00e1s 365","alternateName":"Cand\u00e1s 365 Noticias","description":"Actualidad desde Carre\u00f1o para el mundo","inLanguage":"es-ES","publisher":{"@id":"https:\/\/candas365.es\/noticias\/#organization"}}]},"og:locale":"es_ES","og:site_name":"Cand\u00e1s 365","og:type":"article","og:title":"\u201cLa decisi\u00f3n de Iowa\u201d, el lunes en \u201cEn Portada\u201d | Cand\u00e1s 365","og:description":"\u2018En Portada\u2019 descubre c\u00f3mo es el proceso en el que el Partido Dem\u00f3crata de Estados Unidos escoge a su candidato a la presidencia del pa\u00eds. Elegir candidato para derrotar a Donald Trump es el principal reto del Partido Dem\u00f3crata. Iowa es tradicionalmente el estado que abre las primarias. En los \u00faltimos 20 a\u00f1os su elegido","og:url":"https:\/\/candas365.es\/noticias\/la-decision-de-iowa-el-lunes-en-en-portada\/","og:image":"https:\/\/candas365.es\/noticias\/wp-content\/uploads\/2020\/01\/ndp-tele-1536150120.jpg","og:image:secure_url":"https:\/\/candas365.es\/noticias\/wp-content\/uploads\/2020\/01\/ndp-tele-1536150120.jpg","og:image:width":1600,"og:image:height":1090,"article:published_time":"2020-01-25T14:37:09+00:00","article:modified_time":"2020-01-25T14:37:09+00:00","article:publisher":"https:\/\/www.facebook.com\/Nachofdezber","article:author":"https:\/\/www.facebook.com\/carrenoactualidad","twitter:card":"summary_large_image","twitter:site":"@NabercoDigital","twitter:title":"\u201cLa decisi\u00f3n de Iowa\u201d, el lunes en \u201cEn Portada\u201d | Cand\u00e1s 365","twitter:description":"\u2018En Portada\u2019 descubre c\u00f3mo es el proceso en el que el Partido Dem\u00f3crata de Estados Unidos escoge a su candidato a la presidencia del pa\u00eds. Elegir candidato para derrotar a Donald Trump es el principal reto del Partido Dem\u00f3crata. Iowa es tradicionalmente el estado que abre las primarias. En los \u00faltimos 20 a\u00f1os su elegido","twitter:creator":"@nbasturias","twitter:image":"https:\/\/candas365.es\/noticias\/wp-content\/uploads\/2020\/01\/ndp-tele-1536150120.jpg","twitter:label1":"Escrito por","twitter:data1":"Cand\u00e1s 365","twitter:label2":"Tiempo de lectura estimado","twitter:data2":"1 minuto"},"aioseo_meta_data":{"post_id":"137016","title":null,"description":null,"keywords":null,"keyphrases":null,"primary_term":null,"canonical_url":null,"og_title":null,"og_description":null,"og_object_type":"default","og_image_type":"default","og_image_url":null,"og_image_width":null,"og_image_height":null,"og_image_custom_url":null,"og_image_custom_fields":null,"og_video":null,"og_custom_url":null,"og_article_section":null,"og_article_tags":null,"twitter_use_og":false,"twitter_card":"default","twitter_image_type":"default","twitter_image_url":null,"twitter_image_custom_url":null,"twitter_image_custom_fields":null,"twitter_title":null,"twitter_description":null,"schema":{"blockGraphs":[],"customGraphs":[],"default":{"data":{"Article":[],"Course":[],"Dataset":[],"FAQPage":[],"Movie":[],"Person":[],"Product":[],"ProductReview":[],"Car":[],"Recipe":[],"Service":[],"SoftwareApplication":[],"WebPage":[]},"graphName":"","isEnabled":true},"graphs":[]},"schema_type":null,"schema_type_options":null,"pillar_content":false,"robots_default":true,"robots_noindex":false,"robots_noarchive":false,"robots_nosnippet":false,"robots_nofollow":false,"robots_noimageindex":false,"robots_noodp":false,"robots_notranslate":false,"robots_max_snippet":null,"robots_max_videopreview":null,"robots_max_imagepreview":"large","priority":null,"frequency":null,"location":null,"local_seo":null,"seo_analyzer_scan_date":"2025-08-30 22:22:27","breadcrumb_settings":null,"limit_modified_date":false,"reviewed_by":null,"open_ai":null,"ai":null,"created":"2020-12-21 10:46:59","updated":"2025-08-30 22:22:27"},"aioseo_breadcrumb":"<div class=\"aioseo-breadcrumbs\"><span class=\"aioseo-breadcrumb\">\n\t<a href=\"https:\/\/candas365.es\/noticias\" title=\"Home\">Home<\/a>\n<\/span><span class=\"aioseo-breadcrumb-separator\">&ndash;<\/span><span class=\"aioseo-breadcrumb\">\n\t<a href=\"https:\/\/candas365.es\/noticias\/category\/agenda\/\" title=\"Agenda\">Agenda<\/a>\n<\/span><span class=\"aioseo-breadcrumb-separator\">&ndash;<\/span><span class=\"aioseo-breadcrumb\">\n\t\u201cLa decisi\u00f3n de Iowa\u201d, el lunes en \u201cEn Portada\u201d\n<\/span><\/div>","aioseo_breadcrumb_json":[{"label":"Home","link":"https:\/\/candas365.es\/noticias"},{"label":"Agenda","link":"https:\/\/candas365.es\/noticias\/category\/agenda\/"},{"label":"\u201cLa decisi\u00f3n de Iowa\u201d, el lunes en \u201cEn Portada\u201d","link":"https:\/\/candas365.es\/noticias\/la-decision-de-iowa-el-lunes-en-en-portada\/"}],"_links":{"self":[{"href":"https:\/\/candas365.es\/noticias\/wp-json\/wp\/v2\/posts\/137016","targetHints":{"allow":["GET"]}}],"collection":[{"href":"https:\/\/candas365.es\/noticias\/wp-json\/wp\/v2\/posts"}],"about":[{"href":"https:\/\/candas365.es\/noticias\/wp-json\/wp\/v2\/types\/post"}],"author":[{"embeddable":true,"href":"https:\/\/candas365.es\/noticias\/wp-json\/wp\/v2\/users\/1"}],"replies":[{"embeddable":true,"href":"https:\/\/candas365.es\/noticias\/wp-json\/wp\/v2\/comments?post=137016"}],"version-history":[{"count":0,"href":"https:\/\/candas365.es\/noticias\/wp-json\/wp\/v2\/posts\/137016\/revisions"}],"wp:featuredmedia":[{"embeddable":true,"href":"https:\/\/candas365.es\/noticias\/wp-json\/wp\/v2\/media\/137017"}],"wp:attachment":[{"href":"https:\/\/candas365.es\/noticias\/wp-json\/wp\/v2\/media?parent=137016"}],"wp:term":[{"taxonomy":"category","embeddable":true,"href":"https:\/\/candas365.es\/noticias\/wp-json\/wp\/v2\/categories?post=137016"},{"taxonomy":"post_tag","embeddable":true,"href":"https:\/\/candas365.es\/noticias\/wp-json\/wp\/v2\/tags?post=137016"}],"curies":[{"name":"wp","href":"https:\/\/api.w.org\/{rel}","templated":true}]}}