{"id":137011,"date":"2020-01-25T14:09:07","date_gmt":"2020-01-25T14:09:07","guid":{"rendered":"http:\/\/candas365.es\/noticias\/?p=137011"},"modified":"2020-01-25T14:09:07","modified_gmt":"2020-01-25T14:09:07","slug":"el-75-aniversario-de-la-liberacion-de-auschwitz-en-la-noche-tematica","status":"publish","type":"post","link":"https:\/\/candas365.es\/noticias\/el-75-aniversario-de-la-liberacion-de-auschwitz-en-la-noche-tematica\/","title":{"rendered":"El 75 aniversario de la liberaci\u00f3n de Auschwitz, en \u00abLa noche tem\u00e1tica\u00bb"},"content":{"rendered":"<p>75 a\u00f1os despu\u00e9s de la liberaci\u00f3n de Auschwitz, \u2018La noche tem\u00e1tica\u2019 se acerca al plan secreto trazado por los aliados al final de la II Guerra Mundial y a las adicciones de Hitler. <strong>El 27 de enero se conmemora el D\u00eda Internacional en Memoria de las V\u00edctimas del Holocausto<\/strong>.<\/p>\n<p><img fetchpriority=\"high\" decoding=\"async\" class=\"aligncenter wp-image-89565\" src=\"https:\/\/candas365.es\/noticias\/wp-content\/uploads\/2018\/02\/auschwitch-992971_1280-360x270.jpg\" alt=\"\" width=\"650\" height=\"488\" srcset=\"https:\/\/candas365.es\/noticias\/wp-content\/uploads\/2018\/02\/auschwitch-992971_1280-360x270.jpg 360w, https:\/\/candas365.es\/noticias\/wp-content\/uploads\/2018\/02\/auschwitch-992971_1280-80x60.jpg 80w, https:\/\/candas365.es\/noticias\/wp-content\/uploads\/2018\/02\/auschwitch-992971_1280-265x198.jpg 265w, https:\/\/candas365.es\/noticias\/wp-content\/uploads\/2018\/02\/auschwitch-992971_1280-696x522.jpg 696w, https:\/\/candas365.es\/noticias\/wp-content\/uploads\/2018\/02\/auschwitch-992971_1280-1068x801.jpg 1068w, https:\/\/candas365.es\/noticias\/wp-content\/uploads\/2018\/02\/auschwitch-992971_1280-560x420.jpg 560w, https:\/\/candas365.es\/noticias\/wp-content\/uploads\/2018\/02\/auschwitch-992971_1280-768x576.jpg 768w, https:\/\/candas365.es\/noticias\/wp-content\/uploads\/2018\/02\/auschwitch-992971_1280-640x480.jpg 640w, https:\/\/candas365.es\/noticias\/wp-content\/uploads\/2018\/02\/auschwitch-992971_1280-90x67.jpg 90w, https:\/\/candas365.es\/noticias\/wp-content\/uploads\/2018\/02\/auschwitch-992971_1280.jpg 1280w\" sizes=\"(max-width: 650px) 100vw, 650px\" \/><\/p>\n<p><strong>\u20181944: \u00bfDeber\u00edamos bombardear Auschwitz?\u2019<\/strong><\/p>\n<p>En abril de 1944, dos prisioneros jud\u00edos escaparon de Auschwitz. Su testimonio desgarrador revel\u00f3 al mundo por primera vez el verdadero horror del holocausto. Describieron con detalle las c\u00e1maras de gas y el alcance del programa de exterminio. Esta informaci\u00f3n suscitar\u00eda una de las grandes cuestiones morales del siglo XX: \u00bfDeber\u00edamos bombardear Auschwitz?<\/p>\n<p>Rudolpd Vrba y Alfred Wetzler huyeron a trav\u00e9s de la Polonia ocupada por los nazis a la ciudad eslovaca de Zilina, donde establecieron contacto con el movimiento clandestino de resistencia jud\u00edo. Su espeluznante testimonio se convirti\u00f3 en un detallado informe: El Protocolo de Auschwitz. Cuando el Protocolo empez\u00f3 a enviarse por todo el mundo, comenz\u00f3 la deportaci\u00f3n a gran escala de los jud\u00edos h\u00fangaros a Auschwitz.<\/p>\n<p>La solicitud de bombardear Auschwitz con 30.000 prisioneros dentro supuso un dilema moral para los aliados.<\/p>\n<p><strong>\u2018Hitler, el adicto\u2019<\/strong><\/p>\n<p>Coca\u00edna, opi\u00e1ceos, esteroides. \u00bfFue Hitler un adicto a las drogas? Las notas y el diario del doctor Theodor Morell, su m\u00e9dico personal, as\u00ed lo revelan. El \u201cpaciente A\u201d de Morell se convirti\u00f3 en un politoxic\u00f3mano y no pod\u00eda vivir sin su pinchazo diario.<\/p>\n<p>Detr\u00e1s de este hallazgo se encuentra el escritor alem\u00e1n Norman Ohler. Autor de novelas polic\u00edacas, hizo este descubrimiento mientras investigada para su nuevo libro. Norman Ohler pas\u00f3 semanas descifrando las libretas del m\u00e9dico del F\u00fchrer. Hoy no le cabe la menor duda: \u201cDesde un punto de vista puramente t\u00e9cnico, se puede decir que Hitler era un yonqui\u201d.<\/p>\n<p>Detr\u00e1s de la drogadicci\u00f3n del F\u00fchrer se hallaba el doctor Theodor Morell. Morell se hab\u00eda afiliado al partido nazi en 1933 y ten\u00eda 47 a\u00f1os en aquel entonces. Era famoso por curar enfermedades que no exist\u00edan.<\/p>\n<p>&nbsp;<\/p>\n","protected":false},"excerpt":{"rendered":"<p>75 a\u00f1os despu\u00e9s de la liberaci\u00f3n de Auschwitz, \u2018La noche tem\u00e1tica\u2019 se acerca al plan secreto trazado por los aliados al final de la II Guerra Mundial y a las adicciones de Hitler. El 27 de enero se conmemora el D\u00eda Internacional en Memoria de las V\u00edctimas del Holocausto. \u20181944: \u00bfDeber\u00edamos bombardear Auschwitz?\u2019 En abril<\/p>\n","protected":false},"author":1,"featured_media":89565,"comment_status":"closed","ping_status":"closed","sticky":false,"template":"","format":"standard","meta":{"footnotes":""},"categories":[1],"tags":[],"class_list":{"0":"post-137011","1":"post","2":"type-post","3":"status-publish","4":"format-standard","5":"has-post-thumbnail","7":"category-agenda"},"aioseo_notices":[],"aioseo_head":"\n\t\t<!-- All in One SEO Pro 4.9.6.2 - aioseo.com -->\n\t<meta name=\"description\" content=\"75 a\u00f1os despu\u00e9s de la liberaci\u00f3n de Auschwitz, \u2018La noche tem\u00e1tica\u2019 se acerca al plan secreto trazado por los aliados al final de la II Guerra Mundial y a las adicciones de Hitler. El 27 de enero se conmemora el D\u00eda Internacional en Memoria de las V\u00edctimas del Holocausto. \u20181944: \u00bfDeber\u00edamos bombardear Auschwitz?\u2019 En abril\" \/>\n\t<meta name=\"robots\" content=\"max-image-preview:large\" \/>\n\t<meta name=\"author\" content=\"Cand\u00e1s 365\"\/>\n\t<meta name=\"google-site-verification\" content=\"UA-32230408-1\" \/>\n\t<meta name=\"msvalidate.01\" content=\"354F3CDFB2DA171B47FBE9ABF1F88D5\" \/>\n\t<meta name=\"keywords\" content=\"agenda\" \/>\n\t<link rel=\"canonical\" href=\"https:\/\/candas365.es\/noticias\/el-75-aniversario-de-la-liberacion-de-auschwitz-en-la-noche-tematica\/\" \/>\n\t<meta name=\"generator\" content=\"All in One SEO Pro (AIOSEO) 4.9.6.2\" \/>\n\t\t<meta property=\"og:locale\" content=\"es_ES\" \/>\n\t\t<meta property=\"og:site_name\" content=\"Cand\u00e1s 365\" \/>\n\t\t<meta property=\"og:type\" content=\"article\" \/>\n\t\t<meta property=\"og:title\" content=\"El 75 aniversario de la liberaci\u00f3n de Auschwitz, en \u00abLa noche tem\u00e1tica\u00bb | Cand\u00e1s 365\" \/>\n\t\t<meta property=\"og:description\" content=\"75 a\u00f1os despu\u00e9s de la liberaci\u00f3n de Auschwitz, \u2018La noche tem\u00e1tica\u2019 se acerca al plan secreto trazado por los aliados al final de la II Guerra Mundial y a las adicciones de Hitler. El 27 de enero se conmemora el D\u00eda Internacional en Memoria de las V\u00edctimas del Holocausto. \u20181944: \u00bfDeber\u00edamos bombardear Auschwitz?\u2019 En abril\" \/>\n\t\t<meta property=\"og:url\" content=\"https:\/\/candas365.es\/noticias\/el-75-aniversario-de-la-liberacion-de-auschwitz-en-la-noche-tematica\/\" \/>\n\t\t<meta property=\"og:image\" content=\"https:\/\/candas365.es\/noticias\/wp-content\/uploads\/2018\/02\/auschwitch-992971_1280.jpg\" \/>\n\t\t<meta property=\"og:image:secure_url\" content=\"https:\/\/candas365.es\/noticias\/wp-content\/uploads\/2018\/02\/auschwitch-992971_1280.jpg\" \/>\n\t\t<meta property=\"og:image:width\" content=\"1280\" \/>\n\t\t<meta property=\"og:image:height\" content=\"960\" \/>\n\t\t<meta property=\"article:published_time\" content=\"2020-01-25T14:09:07+00:00\" \/>\n\t\t<meta property=\"article:modified_time\" content=\"2020-01-25T14:09:07+00:00\" \/>\n\t\t<meta property=\"article:publisher\" content=\"https:\/\/www.facebook.com\/Nachofdezber\" \/>\n\t\t<meta property=\"article:author\" content=\"https:\/\/www.facebook.com\/carrenoactualidad\" \/>\n\t\t<meta name=\"twitter:card\" content=\"summary_large_image\" \/>\n\t\t<meta name=\"twitter:site\" content=\"@NabercoDigital\" \/>\n\t\t<meta name=\"twitter:title\" content=\"El 75 aniversario de la liberaci\u00f3n de Auschwitz, en \u00abLa noche tem\u00e1tica\u00bb | Cand\u00e1s 365\" \/>\n\t\t<meta name=\"twitter:description\" content=\"75 a\u00f1os despu\u00e9s de la liberaci\u00f3n de Auschwitz, \u2018La noche tem\u00e1tica\u2019 se acerca al plan secreto trazado por los aliados al final de la II Guerra Mundial y a las adicciones de Hitler. El 27 de enero se conmemora el D\u00eda Internacional en Memoria de las V\u00edctimas del Holocausto. \u20181944: \u00bfDeber\u00edamos bombardear Auschwitz?\u2019 En abril\" \/>\n\t\t<meta name=\"twitter:creator\" content=\"@nbasturias\" \/>\n\t\t<meta name=\"twitter:image\" content=\"https:\/\/candas365.es\/noticias\/wp-content\/uploads\/2018\/02\/auschwitch-992971_1280.jpg\" \/>\n\t\t<meta name=\"twitter:label1\" content=\"Escrito por\" \/>\n\t\t<meta name=\"twitter:data1\" content=\"Cand\u00e1s 365\" \/>\n\t\t<meta name=\"twitter:label2\" content=\"Tiempo de lectura estimado\" \/>\n\t\t<meta name=\"twitter:data2\" content=\"2 minutos\" \/>\n\t\t<script type=\"application\/ld+json\" class=\"aioseo-schema\">\n\t\t\t{\"@context\":\"https:\\\/\\\/schema.org\",\"@graph\":[{\"@type\":\"BreadcrumbList\",\"@id\":\"https:\\\/\\\/candas365.es\\\/noticias\\\/el-75-aniversario-de-la-liberacion-de-auschwitz-en-la-noche-tematica\\\/#breadcrumblist\",\"itemListElement\":[{\"@type\":\"ListItem\",\"@id\":\"https:\\\/\\\/candas365.es\\\/noticias#listItem\",\"position\":1,\"name\":\"Home\",\"item\":\"https:\\\/\\\/candas365.es\\\/noticias\",\"nextItem\":{\"@type\":\"ListItem\",\"@id\":\"https:\\\/\\\/candas365.es\\\/noticias\\\/category\\\/agenda\\\/#listItem\",\"name\":\"Agenda\"}},{\"@type\":\"ListItem\",\"@id\":\"https:\\\/\\\/candas365.es\\\/noticias\\\/category\\\/agenda\\\/#listItem\",\"position\":2,\"name\":\"Agenda\",\"item\":\"https:\\\/\\\/candas365.es\\\/noticias\\\/category\\\/agenda\\\/\",\"nextItem\":{\"@type\":\"ListItem\",\"@id\":\"https:\\\/\\\/candas365.es\\\/noticias\\\/el-75-aniversario-de-la-liberacion-de-auschwitz-en-la-noche-tematica\\\/#listItem\",\"name\":\"El 75 aniversario de la liberaci\\u00f3n de Auschwitz, en \\u00abLa noche tem\\u00e1tica\\u00bb\"},\"previousItem\":{\"@type\":\"ListItem\",\"@id\":\"https:\\\/\\\/candas365.es\\\/noticias#listItem\",\"name\":\"Home\"}},{\"@type\":\"ListItem\",\"@id\":\"https:\\\/\\\/candas365.es\\\/noticias\\\/el-75-aniversario-de-la-liberacion-de-auschwitz-en-la-noche-tematica\\\/#listItem\",\"position\":3,\"name\":\"El 75 aniversario de la liberaci\\u00f3n de Auschwitz, en \\u00abLa noche tem\\u00e1tica\\u00bb\",\"previousItem\":{\"@type\":\"ListItem\",\"@id\":\"https:\\\/\\\/candas365.es\\\/noticias\\\/category\\\/agenda\\\/#listItem\",\"name\":\"Agenda\"}}]},{\"@type\":\"NewsArticle\",\"@id\":\"https:\\\/\\\/candas365.es\\\/noticias\\\/el-75-aniversario-de-la-liberacion-de-auschwitz-en-la-noche-tematica\\\/#newsarticle\",\"name\":\"El 75 aniversario de la liberaci\\u00f3n de Auschwitz, en \\u00abLa noche tem\\u00e1tica\\u00bb | Cand\\u00e1s 365\",\"headline\":\"El 75 aniversario de la liberaci\\u00f3n de Auschwitz, en \\u00abLa noche tem\\u00e1tica\\u00bb\",\"author\":{\"@id\":\"https:\\\/\\\/candas365.es\\\/noticias\\\/author\\\/admin\\\/#author\"},\"publisher\":{\"@id\":\"https:\\\/\\\/candas365.es\\\/noticias\\\/#organization\"},\"image\":{\"@type\":\"ImageObject\",\"url\":\"https:\\\/\\\/candas365.es\\\/noticias\\\/wp-content\\\/uploads\\\/2018\\\/02\\\/auschwitch-992971_1280.jpg\",\"width\":1280,\"height\":960},\"datePublished\":\"2020-01-25T14:09:07+01:00\",\"dateModified\":\"2020-01-25T14:09:07+01:00\",\"inLanguage\":\"es-ES\",\"mainEntityOfPage\":{\"@id\":\"https:\\\/\\\/candas365.es\\\/noticias\\\/el-75-aniversario-de-la-liberacion-de-auschwitz-en-la-noche-tematica\\\/#webpage\"},\"isPartOf\":{\"@id\":\"https:\\\/\\\/candas365.es\\\/noticias\\\/el-75-aniversario-de-la-liberacion-de-auschwitz-en-la-noche-tematica\\\/#webpage\"},\"articleSection\":\"Agenda\",\"dateline\":\"Publicado el enero 25, 2020.\"},{\"@type\":\"Organization\",\"@id\":\"https:\\\/\\\/candas365.es\\\/noticias\\\/#organization\",\"name\":\"Cand\\u00e1s 365\",\"description\":\"Cand\\u00e1s 365 es un diario digital independiente, fundado en 2012, con base en Asturias. Informamos con rigor sobre actualidad, sociedad, cultura y ocio, con una mirada local y global.\",\"url\":\"https:\\\/\\\/candas365.es\\\/noticias\\\/\",\"email\":\"info@candas365.es\",\"telephone\":\"+34652131393\",\"foundingDate\":\"2012-06-10\",\"logo\":{\"@type\":\"ImageObject\",\"url\":\"https:\\\/\\\/candas365.es\\\/noticias\\\/wp-content\\\/uploads\\\/2024\\\/09\\\/Candas-365-Redes.jpg\",\"@id\":\"https:\\\/\\\/candas365.es\\\/noticias\\\/el-75-aniversario-de-la-liberacion-de-auschwitz-en-la-noche-tematica\\\/#organizationLogo\",\"width\":1152,\"height\":864,\"caption\":\"Cand\\u00e1s 365 Redes\"},\"image\":{\"@id\":\"https:\\\/\\\/candas365.es\\\/noticias\\\/el-75-aniversario-de-la-liberacion-de-auschwitz-en-la-noche-tematica\\\/#organizationLogo\"},\"sameAs\":[\"https:\\\/\\\/www.facebook.com\\\/Nachofdezber\",\"https:\\\/\\\/x.com\\\/NabercoDigital\",\"https:\\\/\\\/www.instagram.com\\\/nachofdezber\\\/\",\"https:\\\/\\\/www.youtube.com\\\/channel\\\/UCZP-2wLEB9Rv6erhFmqVnvg\"],\"address\":{\"@id\":\"https:\\\/\\\/candas365.es\\\/noticias\\\/#postaladdress\",\"@type\":\"PostalAddress\",\"streetAddress\":\"san antonio 4, san antonio 4\",\"postalCode\":\"33430\",\"addressLocality\":\"Cand\\u00e1s\",\"addressRegion\":\"Asturias\",\"addressCountry\":\"ES\"}},{\"@type\":\"Person\",\"@id\":\"https:\\\/\\\/candas365.es\\\/noticias\\\/author\\\/admin\\\/#author\",\"url\":\"https:\\\/\\\/candas365.es\\\/noticias\\\/author\\\/admin\\\/\",\"name\":\"Cand\\u00e1s 365\",\"image\":{\"@type\":\"ImageObject\",\"@id\":\"https:\\\/\\\/candas365.es\\\/noticias\\\/el-75-aniversario-de-la-liberacion-de-auschwitz-en-la-noche-tematica\\\/#authorImage\",\"url\":\"https:\\\/\\\/secure.gravatar.com\\\/avatar\\\/496a8e03d0c493ede1718b7934145dbdf8d89be1036b0eec9544e1094c9de390?s=96&d=mm&r=g\",\"width\":96,\"height\":96,\"caption\":\"Cand\\u00e1s 365\"},\"sameAs\":[\"https:\\\/\\\/www.facebook.com\\\/carrenoactualidad\",\"https:\\\/\\\/twitter.com\\\/nbasturias\",\"https:\\\/\\\/www.instagram.com\\\/nachofdezber\\\/\",\"https:\\\/\\\/www.youtube.com\\\/channel\\\/UCZP-2wLEB9Rv6erhFmqVnvg\"]},{\"@type\":\"WebPage\",\"@id\":\"https:\\\/\\\/candas365.es\\\/noticias\\\/el-75-aniversario-de-la-liberacion-de-auschwitz-en-la-noche-tematica\\\/#webpage\",\"url\":\"https:\\\/\\\/candas365.es\\\/noticias\\\/el-75-aniversario-de-la-liberacion-de-auschwitz-en-la-noche-tematica\\\/\",\"name\":\"El 75 aniversario de la liberaci\\u00f3n de Auschwitz, en \\u00abLa noche tem\\u00e1tica\\u00bb | Cand\\u00e1s 365\",\"description\":\"75 a\\u00f1os despu\\u00e9s de la liberaci\\u00f3n de Auschwitz, \\u2018La noche tem\\u00e1tica\\u2019 se acerca al plan secreto trazado por los aliados al final de la II Guerra Mundial y a las adicciones de Hitler. El 27 de enero se conmemora el D\\u00eda Internacional en Memoria de las V\\u00edctimas del Holocausto. \\u20181944: \\u00bfDeber\\u00edamos bombardear Auschwitz?\\u2019 En abril\",\"inLanguage\":\"es-ES\",\"isPartOf\":{\"@id\":\"https:\\\/\\\/candas365.es\\\/noticias\\\/#website\"},\"breadcrumb\":{\"@id\":\"https:\\\/\\\/candas365.es\\\/noticias\\\/el-75-aniversario-de-la-liberacion-de-auschwitz-en-la-noche-tematica\\\/#breadcrumblist\"},\"author\":{\"@id\":\"https:\\\/\\\/candas365.es\\\/noticias\\\/author\\\/admin\\\/#author\"},\"creator\":{\"@id\":\"https:\\\/\\\/candas365.es\\\/noticias\\\/author\\\/admin\\\/#author\"},\"image\":{\"@type\":\"ImageObject\",\"url\":\"https:\\\/\\\/candas365.es\\\/noticias\\\/wp-content\\\/uploads\\\/2018\\\/02\\\/auschwitch-992971_1280.jpg\",\"@id\":\"https:\\\/\\\/candas365.es\\\/noticias\\\/el-75-aniversario-de-la-liberacion-de-auschwitz-en-la-noche-tematica\\\/#mainImage\",\"width\":1280,\"height\":960},\"primaryImageOfPage\":{\"@id\":\"https:\\\/\\\/candas365.es\\\/noticias\\\/el-75-aniversario-de-la-liberacion-de-auschwitz-en-la-noche-tematica\\\/#mainImage\"},\"datePublished\":\"2020-01-25T14:09:07+01:00\",\"dateModified\":\"2020-01-25T14:09:07+01:00\"},{\"@type\":\"WebSite\",\"@id\":\"https:\\\/\\\/candas365.es\\\/noticias\\\/#website\",\"url\":\"https:\\\/\\\/candas365.es\\\/noticias\\\/\",\"name\":\"Cand\\u00e1s 365\",\"alternateName\":\"Cand\\u00e1s 365 Noticias\",\"description\":\"Actualidad desde Carre\\u00f1o para el mundo\",\"inLanguage\":\"es-ES\",\"publisher\":{\"@id\":\"https:\\\/\\\/candas365.es\\\/noticias\\\/#organization\"}}]}\n\t\t<\/script>\n\t\t<!-- All in One SEO Pro -->\r\n\t\t<title>El 75 aniversario de la liberaci\u00f3n de Auschwitz, en \u00abLa noche tem\u00e1tica\u00bb | Cand\u00e1s 365<\/title>\n\n","aioseo_head_json":{"title":"El 75 aniversario de la liberaci\u00f3n de Auschwitz, en \u00abLa noche tem\u00e1tica\u00bb | Cand\u00e1s 365","description":"75 a\u00f1os despu\u00e9s de la liberaci\u00f3n de Auschwitz, \u2018La noche tem\u00e1tica\u2019 se acerca al plan secreto trazado por los aliados al final de la II Guerra Mundial y a las adicciones de Hitler. El 27 de enero se conmemora el D\u00eda Internacional en Memoria de las V\u00edctimas del Holocausto. \u20181944: \u00bfDeber\u00edamos bombardear Auschwitz?\u2019 En abril","canonical_url":"https:\/\/candas365.es\/noticias\/el-75-aniversario-de-la-liberacion-de-auschwitz-en-la-noche-tematica\/","robots":"max-image-preview:large","keywords":"agenda","webmasterTools":{"google-site-verification":"UA-32230408-1","msvalidate.01":"354F3CDFB2DA171B47FBE9ABF1F88D5","miscellaneous":""},"schema":{"@context":"https:\/\/schema.org","@graph":[{"@type":"BreadcrumbList","@id":"https:\/\/candas365.es\/noticias\/el-75-aniversario-de-la-liberacion-de-auschwitz-en-la-noche-tematica\/#breadcrumblist","itemListElement":[{"@type":"ListItem","@id":"https:\/\/candas365.es\/noticias#listItem","position":1,"name":"Home","item":"https:\/\/candas365.es\/noticias","nextItem":{"@type":"ListItem","@id":"https:\/\/candas365.es\/noticias\/category\/agenda\/#listItem","name":"Agenda"}},{"@type":"ListItem","@id":"https:\/\/candas365.es\/noticias\/category\/agenda\/#listItem","position":2,"name":"Agenda","item":"https:\/\/candas365.es\/noticias\/category\/agenda\/","nextItem":{"@type":"ListItem","@id":"https:\/\/candas365.es\/noticias\/el-75-aniversario-de-la-liberacion-de-auschwitz-en-la-noche-tematica\/#listItem","name":"El 75 aniversario de la liberaci\u00f3n de Auschwitz, en \u00abLa noche tem\u00e1tica\u00bb"},"previousItem":{"@type":"ListItem","@id":"https:\/\/candas365.es\/noticias#listItem","name":"Home"}},{"@type":"ListItem","@id":"https:\/\/candas365.es\/noticias\/el-75-aniversario-de-la-liberacion-de-auschwitz-en-la-noche-tematica\/#listItem","position":3,"name":"El 75 aniversario de la liberaci\u00f3n de Auschwitz, en \u00abLa noche tem\u00e1tica\u00bb","previousItem":{"@type":"ListItem","@id":"https:\/\/candas365.es\/noticias\/category\/agenda\/#listItem","name":"Agenda"}}]},{"@type":"NewsArticle","@id":"https:\/\/candas365.es\/noticias\/el-75-aniversario-de-la-liberacion-de-auschwitz-en-la-noche-tematica\/#newsarticle","name":"El 75 aniversario de la liberaci\u00f3n de Auschwitz, en \u00abLa noche tem\u00e1tica\u00bb | Cand\u00e1s 365","headline":"El 75 aniversario de la liberaci\u00f3n de Auschwitz, en \u00abLa noche tem\u00e1tica\u00bb","author":{"@id":"https:\/\/candas365.es\/noticias\/author\/admin\/#author"},"publisher":{"@id":"https:\/\/candas365.es\/noticias\/#organization"},"image":{"@type":"ImageObject","url":"https:\/\/candas365.es\/noticias\/wp-content\/uploads\/2018\/02\/auschwitch-992971_1280.jpg","width":1280,"height":960},"datePublished":"2020-01-25T14:09:07+01:00","dateModified":"2020-01-25T14:09:07+01:00","inLanguage":"es-ES","mainEntityOfPage":{"@id":"https:\/\/candas365.es\/noticias\/el-75-aniversario-de-la-liberacion-de-auschwitz-en-la-noche-tematica\/#webpage"},"isPartOf":{"@id":"https:\/\/candas365.es\/noticias\/el-75-aniversario-de-la-liberacion-de-auschwitz-en-la-noche-tematica\/#webpage"},"articleSection":"Agenda","dateline":"Publicado el enero 25, 2020."},{"@type":"Organization","@id":"https:\/\/candas365.es\/noticias\/#organization","name":"Cand\u00e1s 365","description":"Cand\u00e1s 365 es un diario digital independiente, fundado en 2012, con base en Asturias. Informamos con rigor sobre actualidad, sociedad, cultura y ocio, con una mirada local y global.","url":"https:\/\/candas365.es\/noticias\/","email":"info@candas365.es","telephone":"+34652131393","foundingDate":"2012-06-10","logo":{"@type":"ImageObject","url":"https:\/\/candas365.es\/noticias\/wp-content\/uploads\/2024\/09\/Candas-365-Redes.jpg","@id":"https:\/\/candas365.es\/noticias\/el-75-aniversario-de-la-liberacion-de-auschwitz-en-la-noche-tematica\/#organizationLogo","width":1152,"height":864,"caption":"Cand\u00e1s 365 Redes"},"image":{"@id":"https:\/\/candas365.es\/noticias\/el-75-aniversario-de-la-liberacion-de-auschwitz-en-la-noche-tematica\/#organizationLogo"},"sameAs":["https:\/\/www.facebook.com\/Nachofdezber","https:\/\/x.com\/NabercoDigital","https:\/\/www.instagram.com\/nachofdezber\/","https:\/\/www.youtube.com\/channel\/UCZP-2wLEB9Rv6erhFmqVnvg"],"address":{"@id":"https:\/\/candas365.es\/noticias\/#postaladdress","@type":"PostalAddress","streetAddress":"san antonio 4, san antonio 4","postalCode":"33430","addressLocality":"Cand\u00e1s","addressRegion":"Asturias","addressCountry":"ES"}},{"@type":"Person","@id":"https:\/\/candas365.es\/noticias\/author\/admin\/#author","url":"https:\/\/candas365.es\/noticias\/author\/admin\/","name":"Cand\u00e1s 365","image":{"@type":"ImageObject","@id":"https:\/\/candas365.es\/noticias\/el-75-aniversario-de-la-liberacion-de-auschwitz-en-la-noche-tematica\/#authorImage","url":"https:\/\/secure.gravatar.com\/avatar\/496a8e03d0c493ede1718b7934145dbdf8d89be1036b0eec9544e1094c9de390?s=96&d=mm&r=g","width":96,"height":96,"caption":"Cand\u00e1s 365"},"sameAs":["https:\/\/www.facebook.com\/carrenoactualidad","https:\/\/twitter.com\/nbasturias","https:\/\/www.instagram.com\/nachofdezber\/","https:\/\/www.youtube.com\/channel\/UCZP-2wLEB9Rv6erhFmqVnvg"]},{"@type":"WebPage","@id":"https:\/\/candas365.es\/noticias\/el-75-aniversario-de-la-liberacion-de-auschwitz-en-la-noche-tematica\/#webpage","url":"https:\/\/candas365.es\/noticias\/el-75-aniversario-de-la-liberacion-de-auschwitz-en-la-noche-tematica\/","name":"El 75 aniversario de la liberaci\u00f3n de Auschwitz, en \u00abLa noche tem\u00e1tica\u00bb | Cand\u00e1s 365","description":"75 a\u00f1os despu\u00e9s de la liberaci\u00f3n de Auschwitz, \u2018La noche tem\u00e1tica\u2019 se acerca al plan secreto trazado por los aliados al final de la II Guerra Mundial y a las adicciones de Hitler. El 27 de enero se conmemora el D\u00eda Internacional en Memoria de las V\u00edctimas del Holocausto. \u20181944: \u00bfDeber\u00edamos bombardear Auschwitz?\u2019 En abril","inLanguage":"es-ES","isPartOf":{"@id":"https:\/\/candas365.es\/noticias\/#website"},"breadcrumb":{"@id":"https:\/\/candas365.es\/noticias\/el-75-aniversario-de-la-liberacion-de-auschwitz-en-la-noche-tematica\/#breadcrumblist"},"author":{"@id":"https:\/\/candas365.es\/noticias\/author\/admin\/#author"},"creator":{"@id":"https:\/\/candas365.es\/noticias\/author\/admin\/#author"},"image":{"@type":"ImageObject","url":"https:\/\/candas365.es\/noticias\/wp-content\/uploads\/2018\/02\/auschwitch-992971_1280.jpg","@id":"https:\/\/candas365.es\/noticias\/el-75-aniversario-de-la-liberacion-de-auschwitz-en-la-noche-tematica\/#mainImage","width":1280,"height":960},"primaryImageOfPage":{"@id":"https:\/\/candas365.es\/noticias\/el-75-aniversario-de-la-liberacion-de-auschwitz-en-la-noche-tematica\/#mainImage"},"datePublished":"2020-01-25T14:09:07+01:00","dateModified":"2020-01-25T14:09:07+01:00"},{"@type":"WebSite","@id":"https:\/\/candas365.es\/noticias\/#website","url":"https:\/\/candas365.es\/noticias\/","name":"Cand\u00e1s 365","alternateName":"Cand\u00e1s 365 Noticias","description":"Actualidad desde Carre\u00f1o para el mundo","inLanguage":"es-ES","publisher":{"@id":"https:\/\/candas365.es\/noticias\/#organization"}}]},"og:locale":"es_ES","og:site_name":"Cand\u00e1s 365","og:type":"article","og:title":"El 75 aniversario de la liberaci\u00f3n de Auschwitz, en \u00abLa noche tem\u00e1tica\u00bb | Cand\u00e1s 365","og:description":"75 a\u00f1os despu\u00e9s de la liberaci\u00f3n de Auschwitz, \u2018La noche tem\u00e1tica\u2019 se acerca al plan secreto trazado por los aliados al final de la II Guerra Mundial y a las adicciones de Hitler. El 27 de enero se conmemora el D\u00eda Internacional en Memoria de las V\u00edctimas del Holocausto. \u20181944: \u00bfDeber\u00edamos bombardear Auschwitz?\u2019 En abril","og:url":"https:\/\/candas365.es\/noticias\/el-75-aniversario-de-la-liberacion-de-auschwitz-en-la-noche-tematica\/","og:image":"https:\/\/candas365.es\/noticias\/wp-content\/uploads\/2018\/02\/auschwitch-992971_1280.jpg","og:image:secure_url":"https:\/\/candas365.es\/noticias\/wp-content\/uploads\/2018\/02\/auschwitch-992971_1280.jpg","og:image:width":1280,"og:image:height":960,"article:published_time":"2020-01-25T14:09:07+00:00","article:modified_time":"2020-01-25T14:09:07+00:00","article:publisher":"https:\/\/www.facebook.com\/Nachofdezber","article:author":"https:\/\/www.facebook.com\/carrenoactualidad","twitter:card":"summary_large_image","twitter:site":"@NabercoDigital","twitter:title":"El 75 aniversario de la liberaci\u00f3n de Auschwitz, en \u00abLa noche tem\u00e1tica\u00bb | Cand\u00e1s 365","twitter:description":"75 a\u00f1os despu\u00e9s de la liberaci\u00f3n de Auschwitz, \u2018La noche tem\u00e1tica\u2019 se acerca al plan secreto trazado por los aliados al final de la II Guerra Mundial y a las adicciones de Hitler. El 27 de enero se conmemora el D\u00eda Internacional en Memoria de las V\u00edctimas del Holocausto. \u20181944: \u00bfDeber\u00edamos bombardear Auschwitz?\u2019 En abril","twitter:creator":"@nbasturias","twitter:image":"https:\/\/candas365.es\/noticias\/wp-content\/uploads\/2018\/02\/auschwitch-992971_1280.jpg","twitter:label1":"Escrito por","twitter:data1":"Cand\u00e1s 365","twitter:label2":"Tiempo de lectura estimado","twitter:data2":"2 minutos"},"aioseo_meta_data":{"post_id":"137011","title":null,"description":null,"keywords":null,"keyphrases":null,"primary_term":null,"canonical_url":null,"og_title":null,"og_description":null,"og_object_type":"default","og_image_type":"default","og_image_url":null,"og_image_width":null,"og_image_height":null,"og_image_custom_url":null,"og_image_custom_fields":null,"og_video":null,"og_custom_url":null,"og_article_section":null,"og_article_tags":null,"twitter_use_og":false,"twitter_card":"default","twitter_image_type":"default","twitter_image_url":null,"twitter_image_custom_url":null,"twitter_image_custom_fields":null,"twitter_title":null,"twitter_description":null,"schema":{"blockGraphs":[],"customGraphs":[],"default":{"data":{"Article":[],"Course":[],"Dataset":[],"FAQPage":[],"Movie":[],"Person":[],"Product":[],"ProductReview":[],"Car":[],"Recipe":[],"Service":[],"SoftwareApplication":[],"WebPage":[]},"graphName":"","isEnabled":true},"graphs":[],"defaultGraph":"","defaultPostTypeGraph":""},"schema_type":null,"schema_type_options":null,"pillar_content":false,"robots_default":true,"robots_noindex":false,"robots_noarchive":false,"robots_nosnippet":false,"robots_nofollow":false,"robots_noimageindex":false,"robots_noodp":false,"robots_notranslate":false,"robots_max_snippet":null,"robots_max_videopreview":null,"robots_max_imagepreview":"large","priority":null,"frequency":null,"location":null,"local_seo":null,"seo_analyzer_scan_date":"2025-08-30 22:22:24","breadcrumb_settings":null,"limit_modified_date":false,"reviewed_by":null,"open_ai":null,"ai":null,"created":"2020-12-21 10:46:59","updated":"2025-08-30 22:22:24"},"aioseo_breadcrumb":"<div class=\"aioseo-breadcrumbs\"><span class=\"aioseo-breadcrumb\">\n\t<a href=\"https:\/\/candas365.es\/noticias\" title=\"Home\">Home<\/a>\n<\/span><span class=\"aioseo-breadcrumb-separator\">&ndash;<\/span><span class=\"aioseo-breadcrumb\">\n\t<a href=\"https:\/\/candas365.es\/noticias\/category\/agenda\/\" title=\"Agenda\">Agenda<\/a>\n<\/span><span class=\"aioseo-breadcrumb-separator\">&ndash;<\/span><span class=\"aioseo-breadcrumb\">\n\tEl 75 aniversario de la liberaci\u00f3n de Auschwitz, en \u00abLa noche tem\u00e1tica\u00bb\n<\/span><\/div>","aioseo_breadcrumb_json":[{"label":"Home","link":"https:\/\/candas365.es\/noticias"},{"label":"Agenda","link":"https:\/\/candas365.es\/noticias\/category\/agenda\/"},{"label":"El 75 aniversario de la liberaci\u00f3n de Auschwitz, en \u00abLa noche tem\u00e1tica\u00bb","link":"https:\/\/candas365.es\/noticias\/el-75-aniversario-de-la-liberacion-de-auschwitz-en-la-noche-tematica\/"}],"_links":{"self":[{"href":"https:\/\/candas365.es\/noticias\/wp-json\/wp\/v2\/posts\/137011","targetHints":{"allow":["GET"]}}],"collection":[{"href":"https:\/\/candas365.es\/noticias\/wp-json\/wp\/v2\/posts"}],"about":[{"href":"https:\/\/candas365.es\/noticias\/wp-json\/wp\/v2\/types\/post"}],"author":[{"embeddable":true,"href":"https:\/\/candas365.es\/noticias\/wp-json\/wp\/v2\/users\/1"}],"replies":[{"embeddable":true,"href":"https:\/\/candas365.es\/noticias\/wp-json\/wp\/v2\/comments?post=137011"}],"version-history":[{"count":0,"href":"https:\/\/candas365.es\/noticias\/wp-json\/wp\/v2\/posts\/137011\/revisions"}],"wp:featuredmedia":[{"embeddable":true,"href":"https:\/\/candas365.es\/noticias\/wp-json\/wp\/v2\/media\/89565"}],"wp:attachment":[{"href":"https:\/\/candas365.es\/noticias\/wp-json\/wp\/v2\/media?parent=137011"}],"wp:term":[{"taxonomy":"category","embeddable":true,"href":"https:\/\/candas365.es\/noticias\/wp-json\/wp\/v2\/categories?post=137011"},{"taxonomy":"post_tag","embeddable":true,"href":"https:\/\/candas365.es\/noticias\/wp-json\/wp\/v2\/tags?post=137011"}],"curies":[{"name":"wp","href":"https:\/\/api.w.org\/{rel}","templated":true}]}}