{"id":137005,"date":"2020-01-25T12:58:26","date_gmt":"2020-01-25T12:58:26","guid":{"rendered":"http:\/\/candas365.es\/noticias\/?p=137005"},"modified":"2020-01-25T12:58:26","modified_gmt":"2020-01-25T12:58:26","slug":"maria-barranco-se-une-al-reparto-de-servir-y-proteger","status":"publish","type":"post","link":"https:\/\/candas365.es\/noticias\/maria-barranco-se-une-al-reparto-de-servir-y-proteger\/","title":{"rendered":"Mar\u00eda Barranco se une al reparto de \u00abServir y proteger\u00bb"},"content":{"rendered":"<p><strong><img fetchpriority=\"high\" decoding=\"async\" class=\"alignleft size-medium wp-image-137006\" src=\"https:\/\/candas365.es\/noticias\/wp-content\/uploads\/2020\/01\/ndp-tele-2501132720-360x240.jpg\" alt=\"\" width=\"360\" height=\"240\" srcset=\"https:\/\/candas365.es\/noticias\/wp-content\/uploads\/2020\/01\/ndp-tele-2501132720-360x240.jpg 360w, https:\/\/candas365.es\/noticias\/wp-content\/uploads\/2020\/01\/ndp-tele-2501132720-655x436.jpg 655w, https:\/\/candas365.es\/noticias\/wp-content\/uploads\/2020\/01\/ndp-tele-2501132720-768x512.jpg 768w, https:\/\/candas365.es\/noticias\/wp-content\/uploads\/2020\/01\/ndp-tele-2501132720-1536x1023.jpg 1536w, https:\/\/candas365.es\/noticias\/wp-content\/uploads\/2020\/01\/ndp-tele-2501132720-696x464.jpg 696w, https:\/\/candas365.es\/noticias\/wp-content\/uploads\/2020\/01\/ndp-tele-2501132720-1068x712.jpg 1068w, https:\/\/candas365.es\/noticias\/wp-content\/uploads\/2020\/01\/ndp-tele-2501132720-630x420.jpg 630w, https:\/\/candas365.es\/noticias\/wp-content\/uploads\/2020\/01\/ndp-tele-2501132720.jpg 1600w\" sizes=\"(max-width: 360px) 100vw, 360px\" \/>Mar\u00eda Barranco se une al reparto de \u2018Servir y proteger<\/strong>\u2019. La actriz, con una larga carrera en cine, teatro y televisi\u00f3n, y ganadora de dos premios Goya a la mejor actriz de reparto por \u2018Mujeres al borde de un ataque de nervios\u2019 y \u2018Las edades de Lul\u00fa\u2019, dar\u00e1 vida en la serie diaria de La 1 a Julia, la madre de Lara (Paula Prendes).<\/p>\n<p>Aunque se quieren, no podr\u00edan ser m\u00e1s diferentes.<strong> Julia es una hippie que predica el amor libre y cuestiona cualquier tipo de autoridad<\/strong>, por lo que nunca ha llevado muy bien la carrera que eligi\u00f3 su hija. Se podr\u00eda decir que la vocaci\u00f3n policial de Lara fue una manera de rebelarse contra la educaci\u00f3n que le dio su madre. Y eso es precisamente en lo que madre e hija se parecen: en su esp\u00edritu combativo.<\/p>\n<p>Aficionada a las terapias alternativas y orientales, Julia se ver\u00e1 involucrada en una trama de menudeo de drogas en el barrio. <strong>\u00bfQu\u00e9 pasar\u00e1 cuando Lara lo descubra?<\/strong><\/p>\n<p>\u2018Servir y proteger\u2019, la serie producida por RTVE en colaboraci\u00f3n con Plano a Plano, emite actualmente su cuarta temporada. Al equipo original de la ficci\u00f3n, encabezado por Luisa Mart\u00edn, se incorporaron int\u00e9rpretes como Daniel Muriel, Patxi Freytez, Cristina Abad, Sergio Mur, Mar\u00eda Molins y Paula Prendes.<\/p>\n<p>&nbsp;<\/p>\n","protected":false},"excerpt":{"rendered":"<p>Mar\u00eda Barranco se une al reparto de \u2018Servir y proteger\u2019. La actriz, con una larga carrera en cine, teatro y televisi\u00f3n, y ganadora de dos premios Goya a la mejor actriz de reparto por \u2018Mujeres al borde de un ataque de nervios\u2019 y \u2018Las edades de Lul\u00fa\u2019, dar\u00e1 vida en la serie diaria de La<\/p>\n","protected":false},"author":1,"featured_media":137006,"comment_status":"closed","ping_status":"closed","sticky":false,"template":"","format":"standard","meta":{"footnotes":""},"categories":[1],"tags":[],"class_list":{"0":"post-137005","1":"post","2":"type-post","3":"status-publish","4":"format-standard","5":"has-post-thumbnail","7":"category-agenda"},"aioseo_notices":[],"aioseo_head":"\n\t\t<!-- All in One SEO Pro 4.9.6.2 - aioseo.com -->\n\t<meta name=\"description\" content=\"Mar\u00eda Barranco se une al reparto de \u2018Servir y proteger\u2019. La actriz, con una larga carrera en cine, teatro y televisi\u00f3n, y ganadora de dos premios Goya a la mejor actriz de reparto por \u2018Mujeres al borde de un ataque de nervios\u2019 y \u2018Las edades de Lul\u00fa\u2019, dar\u00e1 vida en la serie diaria de La\" \/>\n\t<meta name=\"robots\" content=\"max-image-preview:large\" \/>\n\t<meta name=\"author\" content=\"Cand\u00e1s 365\"\/>\n\t<meta name=\"google-site-verification\" content=\"UA-32230408-1\" \/>\n\t<meta name=\"msvalidate.01\" content=\"354F3CDFB2DA171B47FBE9ABF1F88D5\" \/>\n\t<meta name=\"keywords\" content=\"agenda\" \/>\n\t<link rel=\"canonical\" href=\"https:\/\/candas365.es\/noticias\/maria-barranco-se-une-al-reparto-de-servir-y-proteger\/\" \/>\n\t<meta name=\"generator\" content=\"All in One SEO Pro (AIOSEO) 4.9.6.2\" \/>\n\t\t<meta property=\"og:locale\" content=\"es_ES\" \/>\n\t\t<meta property=\"og:site_name\" content=\"Cand\u00e1s 365\" \/>\n\t\t<meta property=\"og:type\" content=\"article\" \/>\n\t\t<meta property=\"og:title\" content=\"Mar\u00eda Barranco se une al reparto de \u00abServir y proteger\u00bb | Cand\u00e1s 365\" \/>\n\t\t<meta property=\"og:description\" content=\"Mar\u00eda Barranco se une al reparto de \u2018Servir y proteger\u2019. La actriz, con una larga carrera en cine, teatro y televisi\u00f3n, y ganadora de dos premios Goya a la mejor actriz de reparto por \u2018Mujeres al borde de un ataque de nervios\u2019 y \u2018Las edades de Lul\u00fa\u2019, dar\u00e1 vida en la serie diaria de La\" \/>\n\t\t<meta property=\"og:url\" content=\"https:\/\/candas365.es\/noticias\/maria-barranco-se-une-al-reparto-de-servir-y-proteger\/\" \/>\n\t\t<meta property=\"og:image\" content=\"https:\/\/candas365.es\/noticias\/wp-content\/uploads\/2020\/01\/ndp-tele-2501132720.jpg\" \/>\n\t\t<meta property=\"og:image:secure_url\" content=\"https:\/\/candas365.es\/noticias\/wp-content\/uploads\/2020\/01\/ndp-tele-2501132720.jpg\" \/>\n\t\t<meta property=\"og:image:width\" content=\"1600\" \/>\n\t\t<meta property=\"og:image:height\" content=\"1066\" \/>\n\t\t<meta property=\"article:published_time\" content=\"2020-01-25T12:58:26+00:00\" \/>\n\t\t<meta property=\"article:modified_time\" content=\"2020-01-25T12:58:26+00:00\" \/>\n\t\t<meta property=\"article:publisher\" content=\"https:\/\/www.facebook.com\/Nachofdezber\" \/>\n\t\t<meta property=\"article:author\" content=\"https:\/\/www.facebook.com\/carrenoactualidad\" \/>\n\t\t<meta name=\"twitter:card\" content=\"summary_large_image\" \/>\n\t\t<meta name=\"twitter:site\" content=\"@NabercoDigital\" \/>\n\t\t<meta name=\"twitter:title\" content=\"Mar\u00eda Barranco se une al reparto de \u00abServir y proteger\u00bb | Cand\u00e1s 365\" \/>\n\t\t<meta name=\"twitter:description\" content=\"Mar\u00eda Barranco se une al reparto de \u2018Servir y proteger\u2019. La actriz, con una larga carrera en cine, teatro y televisi\u00f3n, y ganadora de dos premios Goya a la mejor actriz de reparto por \u2018Mujeres al borde de un ataque de nervios\u2019 y \u2018Las edades de Lul\u00fa\u2019, dar\u00e1 vida en la serie diaria de La\" \/>\n\t\t<meta name=\"twitter:creator\" content=\"@nbasturias\" \/>\n\t\t<meta name=\"twitter:image\" content=\"https:\/\/candas365.es\/noticias\/wp-content\/uploads\/2020\/01\/ndp-tele-2501132720.jpg\" \/>\n\t\t<meta name=\"twitter:label1\" content=\"Escrito por\" \/>\n\t\t<meta name=\"twitter:data1\" content=\"Cand\u00e1s 365\" \/>\n\t\t<meta name=\"twitter:label2\" content=\"Tiempo de lectura estimado\" \/>\n\t\t<meta name=\"twitter:data2\" content=\"1 minuto\" \/>\n\t\t<script type=\"application\/ld+json\" class=\"aioseo-schema\">\n\t\t\t{\"@context\":\"https:\\\/\\\/schema.org\",\"@graph\":[{\"@type\":\"BreadcrumbList\",\"@id\":\"https:\\\/\\\/candas365.es\\\/noticias\\\/maria-barranco-se-une-al-reparto-de-servir-y-proteger\\\/#breadcrumblist\",\"itemListElement\":[{\"@type\":\"ListItem\",\"@id\":\"https:\\\/\\\/candas365.es\\\/noticias#listItem\",\"position\":1,\"name\":\"Home\",\"item\":\"https:\\\/\\\/candas365.es\\\/noticias\",\"nextItem\":{\"@type\":\"ListItem\",\"@id\":\"https:\\\/\\\/candas365.es\\\/noticias\\\/category\\\/agenda\\\/#listItem\",\"name\":\"Agenda\"}},{\"@type\":\"ListItem\",\"@id\":\"https:\\\/\\\/candas365.es\\\/noticias\\\/category\\\/agenda\\\/#listItem\",\"position\":2,\"name\":\"Agenda\",\"item\":\"https:\\\/\\\/candas365.es\\\/noticias\\\/category\\\/agenda\\\/\",\"nextItem\":{\"@type\":\"ListItem\",\"@id\":\"https:\\\/\\\/candas365.es\\\/noticias\\\/maria-barranco-se-une-al-reparto-de-servir-y-proteger\\\/#listItem\",\"name\":\"Mar\\u00eda Barranco se une al reparto de \\u00abServir y proteger\\u00bb\"},\"previousItem\":{\"@type\":\"ListItem\",\"@id\":\"https:\\\/\\\/candas365.es\\\/noticias#listItem\",\"name\":\"Home\"}},{\"@type\":\"ListItem\",\"@id\":\"https:\\\/\\\/candas365.es\\\/noticias\\\/maria-barranco-se-une-al-reparto-de-servir-y-proteger\\\/#listItem\",\"position\":3,\"name\":\"Mar\\u00eda Barranco se une al reparto de \\u00abServir y proteger\\u00bb\",\"previousItem\":{\"@type\":\"ListItem\",\"@id\":\"https:\\\/\\\/candas365.es\\\/noticias\\\/category\\\/agenda\\\/#listItem\",\"name\":\"Agenda\"}}]},{\"@type\":\"NewsArticle\",\"@id\":\"https:\\\/\\\/candas365.es\\\/noticias\\\/maria-barranco-se-une-al-reparto-de-servir-y-proteger\\\/#newsarticle\",\"name\":\"Mar\\u00eda Barranco se une al reparto de \\u00abServir y proteger\\u00bb | Cand\\u00e1s 365\",\"headline\":\"Mar\\u00eda Barranco se une al reparto de \\u00abServir y proteger\\u00bb\",\"author\":{\"@id\":\"https:\\\/\\\/candas365.es\\\/noticias\\\/author\\\/admin\\\/#author\"},\"publisher\":{\"@id\":\"https:\\\/\\\/candas365.es\\\/noticias\\\/#organization\"},\"image\":{\"@type\":\"ImageObject\",\"url\":\"https:\\\/\\\/candas365.es\\\/noticias\\\/wp-content\\\/uploads\\\/2020\\\/01\\\/ndp-tele-2501132720.jpg\",\"width\":1600,\"height\":1066},\"datePublished\":\"2020-01-25T12:58:26+01:00\",\"dateModified\":\"2020-01-25T12:58:26+01:00\",\"inLanguage\":\"es-ES\",\"mainEntityOfPage\":{\"@id\":\"https:\\\/\\\/candas365.es\\\/noticias\\\/maria-barranco-se-une-al-reparto-de-servir-y-proteger\\\/#webpage\"},\"isPartOf\":{\"@id\":\"https:\\\/\\\/candas365.es\\\/noticias\\\/maria-barranco-se-une-al-reparto-de-servir-y-proteger\\\/#webpage\"},\"articleSection\":\"Agenda\",\"dateline\":\"Publicado el enero 25, 2020.\"},{\"@type\":\"Organization\",\"@id\":\"https:\\\/\\\/candas365.es\\\/noticias\\\/#organization\",\"name\":\"Cand\\u00e1s 365\",\"description\":\"Cand\\u00e1s 365 es un diario digital independiente, fundado en 2012, con base en Asturias. Informamos con rigor sobre actualidad, sociedad, cultura y ocio, con una mirada local y global.\",\"url\":\"https:\\\/\\\/candas365.es\\\/noticias\\\/\",\"email\":\"info@candas365.es\",\"telephone\":\"+34652131393\",\"foundingDate\":\"2012-06-10\",\"logo\":{\"@type\":\"ImageObject\",\"url\":\"https:\\\/\\\/candas365.es\\\/noticias\\\/wp-content\\\/uploads\\\/2024\\\/09\\\/Candas-365-Redes.jpg\",\"@id\":\"https:\\\/\\\/candas365.es\\\/noticias\\\/maria-barranco-se-une-al-reparto-de-servir-y-proteger\\\/#organizationLogo\",\"width\":1152,\"height\":864,\"caption\":\"Cand\\u00e1s 365 Redes\"},\"image\":{\"@id\":\"https:\\\/\\\/candas365.es\\\/noticias\\\/maria-barranco-se-une-al-reparto-de-servir-y-proteger\\\/#organizationLogo\"},\"sameAs\":[\"https:\\\/\\\/www.facebook.com\\\/Nachofdezber\",\"https:\\\/\\\/x.com\\\/NabercoDigital\",\"https:\\\/\\\/www.instagram.com\\\/nachofdezber\\\/\",\"https:\\\/\\\/www.youtube.com\\\/channel\\\/UCZP-2wLEB9Rv6erhFmqVnvg\"],\"address\":{\"@id\":\"https:\\\/\\\/candas365.es\\\/noticias\\\/#postaladdress\",\"@type\":\"PostalAddress\",\"streetAddress\":\"san antonio 4, san antonio 4\",\"postalCode\":\"33430\",\"addressLocality\":\"Cand\\u00e1s\",\"addressRegion\":\"Asturias\",\"addressCountry\":\"ES\"}},{\"@type\":\"Person\",\"@id\":\"https:\\\/\\\/candas365.es\\\/noticias\\\/author\\\/admin\\\/#author\",\"url\":\"https:\\\/\\\/candas365.es\\\/noticias\\\/author\\\/admin\\\/\",\"name\":\"Cand\\u00e1s 365\",\"image\":{\"@type\":\"ImageObject\",\"@id\":\"https:\\\/\\\/candas365.es\\\/noticias\\\/maria-barranco-se-une-al-reparto-de-servir-y-proteger\\\/#authorImage\",\"url\":\"https:\\\/\\\/secure.gravatar.com\\\/avatar\\\/496a8e03d0c493ede1718b7934145dbdf8d89be1036b0eec9544e1094c9de390?s=96&d=mm&r=g\",\"width\":96,\"height\":96,\"caption\":\"Cand\\u00e1s 365\"},\"sameAs\":[\"https:\\\/\\\/www.facebook.com\\\/carrenoactualidad\",\"https:\\\/\\\/twitter.com\\\/nbasturias\",\"https:\\\/\\\/www.instagram.com\\\/nachofdezber\\\/\",\"https:\\\/\\\/www.youtube.com\\\/channel\\\/UCZP-2wLEB9Rv6erhFmqVnvg\"]},{\"@type\":\"WebPage\",\"@id\":\"https:\\\/\\\/candas365.es\\\/noticias\\\/maria-barranco-se-une-al-reparto-de-servir-y-proteger\\\/#webpage\",\"url\":\"https:\\\/\\\/candas365.es\\\/noticias\\\/maria-barranco-se-une-al-reparto-de-servir-y-proteger\\\/\",\"name\":\"Mar\\u00eda Barranco se une al reparto de \\u00abServir y proteger\\u00bb | Cand\\u00e1s 365\",\"description\":\"Mar\\u00eda Barranco se une al reparto de \\u2018Servir y proteger\\u2019. La actriz, con una larga carrera en cine, teatro y televisi\\u00f3n, y ganadora de dos premios Goya a la mejor actriz de reparto por \\u2018Mujeres al borde de un ataque de nervios\\u2019 y \\u2018Las edades de Lul\\u00fa\\u2019, dar\\u00e1 vida en la serie diaria de La\",\"inLanguage\":\"es-ES\",\"isPartOf\":{\"@id\":\"https:\\\/\\\/candas365.es\\\/noticias\\\/#website\"},\"breadcrumb\":{\"@id\":\"https:\\\/\\\/candas365.es\\\/noticias\\\/maria-barranco-se-une-al-reparto-de-servir-y-proteger\\\/#breadcrumblist\"},\"author\":{\"@id\":\"https:\\\/\\\/candas365.es\\\/noticias\\\/author\\\/admin\\\/#author\"},\"creator\":{\"@id\":\"https:\\\/\\\/candas365.es\\\/noticias\\\/author\\\/admin\\\/#author\"},\"image\":{\"@type\":\"ImageObject\",\"url\":\"https:\\\/\\\/candas365.es\\\/noticias\\\/wp-content\\\/uploads\\\/2020\\\/01\\\/ndp-tele-2501132720.jpg\",\"@id\":\"https:\\\/\\\/candas365.es\\\/noticias\\\/maria-barranco-se-une-al-reparto-de-servir-y-proteger\\\/#mainImage\",\"width\":1600,\"height\":1066},\"primaryImageOfPage\":{\"@id\":\"https:\\\/\\\/candas365.es\\\/noticias\\\/maria-barranco-se-une-al-reparto-de-servir-y-proteger\\\/#mainImage\"},\"datePublished\":\"2020-01-25T12:58:26+01:00\",\"dateModified\":\"2020-01-25T12:58:26+01:00\"},{\"@type\":\"WebSite\",\"@id\":\"https:\\\/\\\/candas365.es\\\/noticias\\\/#website\",\"url\":\"https:\\\/\\\/candas365.es\\\/noticias\\\/\",\"name\":\"Cand\\u00e1s 365\",\"alternateName\":\"Cand\\u00e1s 365 Noticias\",\"description\":\"Actualidad desde Carre\\u00f1o para el mundo\",\"inLanguage\":\"es-ES\",\"publisher\":{\"@id\":\"https:\\\/\\\/candas365.es\\\/noticias\\\/#organization\"}}]}\n\t\t<\/script>\n\t\t<!-- All in One SEO Pro -->\r\n\t\t<title>Mar\u00eda Barranco se une al reparto de \u00abServir y proteger\u00bb | Cand\u00e1s 365<\/title>\n\n","aioseo_head_json":{"title":"Mar\u00eda Barranco se une al reparto de \u00abServir y proteger\u00bb | Cand\u00e1s 365","description":"Mar\u00eda Barranco se une al reparto de \u2018Servir y proteger\u2019. La actriz, con una larga carrera en cine, teatro y televisi\u00f3n, y ganadora de dos premios Goya a la mejor actriz de reparto por \u2018Mujeres al borde de un ataque de nervios\u2019 y \u2018Las edades de Lul\u00fa\u2019, dar\u00e1 vida en la serie diaria de La","canonical_url":"https:\/\/candas365.es\/noticias\/maria-barranco-se-une-al-reparto-de-servir-y-proteger\/","robots":"max-image-preview:large","keywords":"agenda","webmasterTools":{"google-site-verification":"UA-32230408-1","msvalidate.01":"354F3CDFB2DA171B47FBE9ABF1F88D5","miscellaneous":""},"schema":{"@context":"https:\/\/schema.org","@graph":[{"@type":"BreadcrumbList","@id":"https:\/\/candas365.es\/noticias\/maria-barranco-se-une-al-reparto-de-servir-y-proteger\/#breadcrumblist","itemListElement":[{"@type":"ListItem","@id":"https:\/\/candas365.es\/noticias#listItem","position":1,"name":"Home","item":"https:\/\/candas365.es\/noticias","nextItem":{"@type":"ListItem","@id":"https:\/\/candas365.es\/noticias\/category\/agenda\/#listItem","name":"Agenda"}},{"@type":"ListItem","@id":"https:\/\/candas365.es\/noticias\/category\/agenda\/#listItem","position":2,"name":"Agenda","item":"https:\/\/candas365.es\/noticias\/category\/agenda\/","nextItem":{"@type":"ListItem","@id":"https:\/\/candas365.es\/noticias\/maria-barranco-se-une-al-reparto-de-servir-y-proteger\/#listItem","name":"Mar\u00eda Barranco se une al reparto de \u00abServir y proteger\u00bb"},"previousItem":{"@type":"ListItem","@id":"https:\/\/candas365.es\/noticias#listItem","name":"Home"}},{"@type":"ListItem","@id":"https:\/\/candas365.es\/noticias\/maria-barranco-se-une-al-reparto-de-servir-y-proteger\/#listItem","position":3,"name":"Mar\u00eda Barranco se une al reparto de \u00abServir y proteger\u00bb","previousItem":{"@type":"ListItem","@id":"https:\/\/candas365.es\/noticias\/category\/agenda\/#listItem","name":"Agenda"}}]},{"@type":"NewsArticle","@id":"https:\/\/candas365.es\/noticias\/maria-barranco-se-une-al-reparto-de-servir-y-proteger\/#newsarticle","name":"Mar\u00eda Barranco se une al reparto de \u00abServir y proteger\u00bb | Cand\u00e1s 365","headline":"Mar\u00eda Barranco se une al reparto de \u00abServir y proteger\u00bb","author":{"@id":"https:\/\/candas365.es\/noticias\/author\/admin\/#author"},"publisher":{"@id":"https:\/\/candas365.es\/noticias\/#organization"},"image":{"@type":"ImageObject","url":"https:\/\/candas365.es\/noticias\/wp-content\/uploads\/2020\/01\/ndp-tele-2501132720.jpg","width":1600,"height":1066},"datePublished":"2020-01-25T12:58:26+01:00","dateModified":"2020-01-25T12:58:26+01:00","inLanguage":"es-ES","mainEntityOfPage":{"@id":"https:\/\/candas365.es\/noticias\/maria-barranco-se-une-al-reparto-de-servir-y-proteger\/#webpage"},"isPartOf":{"@id":"https:\/\/candas365.es\/noticias\/maria-barranco-se-une-al-reparto-de-servir-y-proteger\/#webpage"},"articleSection":"Agenda","dateline":"Publicado el enero 25, 2020."},{"@type":"Organization","@id":"https:\/\/candas365.es\/noticias\/#organization","name":"Cand\u00e1s 365","description":"Cand\u00e1s 365 es un diario digital independiente, fundado en 2012, con base en Asturias. Informamos con rigor sobre actualidad, sociedad, cultura y ocio, con una mirada local y global.","url":"https:\/\/candas365.es\/noticias\/","email":"info@candas365.es","telephone":"+34652131393","foundingDate":"2012-06-10","logo":{"@type":"ImageObject","url":"https:\/\/candas365.es\/noticias\/wp-content\/uploads\/2024\/09\/Candas-365-Redes.jpg","@id":"https:\/\/candas365.es\/noticias\/maria-barranco-se-une-al-reparto-de-servir-y-proteger\/#organizationLogo","width":1152,"height":864,"caption":"Cand\u00e1s 365 Redes"},"image":{"@id":"https:\/\/candas365.es\/noticias\/maria-barranco-se-une-al-reparto-de-servir-y-proteger\/#organizationLogo"},"sameAs":["https:\/\/www.facebook.com\/Nachofdezber","https:\/\/x.com\/NabercoDigital","https:\/\/www.instagram.com\/nachofdezber\/","https:\/\/www.youtube.com\/channel\/UCZP-2wLEB9Rv6erhFmqVnvg"],"address":{"@id":"https:\/\/candas365.es\/noticias\/#postaladdress","@type":"PostalAddress","streetAddress":"san antonio 4, san antonio 4","postalCode":"33430","addressLocality":"Cand\u00e1s","addressRegion":"Asturias","addressCountry":"ES"}},{"@type":"Person","@id":"https:\/\/candas365.es\/noticias\/author\/admin\/#author","url":"https:\/\/candas365.es\/noticias\/author\/admin\/","name":"Cand\u00e1s 365","image":{"@type":"ImageObject","@id":"https:\/\/candas365.es\/noticias\/maria-barranco-se-une-al-reparto-de-servir-y-proteger\/#authorImage","url":"https:\/\/secure.gravatar.com\/avatar\/496a8e03d0c493ede1718b7934145dbdf8d89be1036b0eec9544e1094c9de390?s=96&d=mm&r=g","width":96,"height":96,"caption":"Cand\u00e1s 365"},"sameAs":["https:\/\/www.facebook.com\/carrenoactualidad","https:\/\/twitter.com\/nbasturias","https:\/\/www.instagram.com\/nachofdezber\/","https:\/\/www.youtube.com\/channel\/UCZP-2wLEB9Rv6erhFmqVnvg"]},{"@type":"WebPage","@id":"https:\/\/candas365.es\/noticias\/maria-barranco-se-une-al-reparto-de-servir-y-proteger\/#webpage","url":"https:\/\/candas365.es\/noticias\/maria-barranco-se-une-al-reparto-de-servir-y-proteger\/","name":"Mar\u00eda Barranco se une al reparto de \u00abServir y proteger\u00bb | Cand\u00e1s 365","description":"Mar\u00eda Barranco se une al reparto de \u2018Servir y proteger\u2019. La actriz, con una larga carrera en cine, teatro y televisi\u00f3n, y ganadora de dos premios Goya a la mejor actriz de reparto por \u2018Mujeres al borde de un ataque de nervios\u2019 y \u2018Las edades de Lul\u00fa\u2019, dar\u00e1 vida en la serie diaria de La","inLanguage":"es-ES","isPartOf":{"@id":"https:\/\/candas365.es\/noticias\/#website"},"breadcrumb":{"@id":"https:\/\/candas365.es\/noticias\/maria-barranco-se-une-al-reparto-de-servir-y-proteger\/#breadcrumblist"},"author":{"@id":"https:\/\/candas365.es\/noticias\/author\/admin\/#author"},"creator":{"@id":"https:\/\/candas365.es\/noticias\/author\/admin\/#author"},"image":{"@type":"ImageObject","url":"https:\/\/candas365.es\/noticias\/wp-content\/uploads\/2020\/01\/ndp-tele-2501132720.jpg","@id":"https:\/\/candas365.es\/noticias\/maria-barranco-se-une-al-reparto-de-servir-y-proteger\/#mainImage","width":1600,"height":1066},"primaryImageOfPage":{"@id":"https:\/\/candas365.es\/noticias\/maria-barranco-se-une-al-reparto-de-servir-y-proteger\/#mainImage"},"datePublished":"2020-01-25T12:58:26+01:00","dateModified":"2020-01-25T12:58:26+01:00"},{"@type":"WebSite","@id":"https:\/\/candas365.es\/noticias\/#website","url":"https:\/\/candas365.es\/noticias\/","name":"Cand\u00e1s 365","alternateName":"Cand\u00e1s 365 Noticias","description":"Actualidad desde Carre\u00f1o para el mundo","inLanguage":"es-ES","publisher":{"@id":"https:\/\/candas365.es\/noticias\/#organization"}}]},"og:locale":"es_ES","og:site_name":"Cand\u00e1s 365","og:type":"article","og:title":"Mar\u00eda Barranco se une al reparto de \u00abServir y proteger\u00bb | Cand\u00e1s 365","og:description":"Mar\u00eda Barranco se une al reparto de \u2018Servir y proteger\u2019. La actriz, con una larga carrera en cine, teatro y televisi\u00f3n, y ganadora de dos premios Goya a la mejor actriz de reparto por \u2018Mujeres al borde de un ataque de nervios\u2019 y \u2018Las edades de Lul\u00fa\u2019, dar\u00e1 vida en la serie diaria de La","og:url":"https:\/\/candas365.es\/noticias\/maria-barranco-se-une-al-reparto-de-servir-y-proteger\/","og:image":"https:\/\/candas365.es\/noticias\/wp-content\/uploads\/2020\/01\/ndp-tele-2501132720.jpg","og:image:secure_url":"https:\/\/candas365.es\/noticias\/wp-content\/uploads\/2020\/01\/ndp-tele-2501132720.jpg","og:image:width":1600,"og:image:height":1066,"article:published_time":"2020-01-25T12:58:26+00:00","article:modified_time":"2020-01-25T12:58:26+00:00","article:publisher":"https:\/\/www.facebook.com\/Nachofdezber","article:author":"https:\/\/www.facebook.com\/carrenoactualidad","twitter:card":"summary_large_image","twitter:site":"@NabercoDigital","twitter:title":"Mar\u00eda Barranco se une al reparto de \u00abServir y proteger\u00bb | Cand\u00e1s 365","twitter:description":"Mar\u00eda Barranco se une al reparto de \u2018Servir y proteger\u2019. La actriz, con una larga carrera en cine, teatro y televisi\u00f3n, y ganadora de dos premios Goya a la mejor actriz de reparto por \u2018Mujeres al borde de un ataque de nervios\u2019 y \u2018Las edades de Lul\u00fa\u2019, dar\u00e1 vida en la serie diaria de La","twitter:creator":"@nbasturias","twitter:image":"https:\/\/candas365.es\/noticias\/wp-content\/uploads\/2020\/01\/ndp-tele-2501132720.jpg","twitter:label1":"Escrito por","twitter:data1":"Cand\u00e1s 365","twitter:label2":"Tiempo de lectura estimado","twitter:data2":"1 minuto"},"aioseo_meta_data":{"post_id":"137005","title":null,"description":null,"keywords":null,"keyphrases":null,"primary_term":null,"canonical_url":null,"og_title":null,"og_description":null,"og_object_type":"default","og_image_type":"default","og_image_url":null,"og_image_width":null,"og_image_height":null,"og_image_custom_url":null,"og_image_custom_fields":null,"og_video":null,"og_custom_url":null,"og_article_section":null,"og_article_tags":null,"twitter_use_og":false,"twitter_card":"default","twitter_image_type":"default","twitter_image_url":null,"twitter_image_custom_url":null,"twitter_image_custom_fields":null,"twitter_title":null,"twitter_description":null,"schema":{"blockGraphs":[],"customGraphs":[],"default":{"data":{"Article":[],"Course":[],"Dataset":[],"FAQPage":[],"Movie":[],"Person":[],"Product":[],"ProductReview":[],"Car":[],"Recipe":[],"Service":[],"SoftwareApplication":[],"WebPage":[]},"graphName":"","isEnabled":true},"graphs":[],"defaultGraph":"","defaultPostTypeGraph":""},"schema_type":null,"schema_type_options":null,"pillar_content":false,"robots_default":true,"robots_noindex":false,"robots_noarchive":false,"robots_nosnippet":false,"robots_nofollow":false,"robots_noimageindex":false,"robots_noodp":false,"robots_notranslate":false,"robots_max_snippet":null,"robots_max_videopreview":null,"robots_max_imagepreview":"large","priority":null,"frequency":null,"location":null,"local_seo":null,"seo_analyzer_scan_date":"2025-08-30 22:22:20","breadcrumb_settings":null,"limit_modified_date":false,"reviewed_by":null,"open_ai":null,"ai":null,"created":"2020-12-21 10:46:59","updated":"2025-08-30 22:22:20"},"aioseo_breadcrumb":"<div class=\"aioseo-breadcrumbs\"><span class=\"aioseo-breadcrumb\">\n\t<a href=\"https:\/\/candas365.es\/noticias\" title=\"Home\">Home<\/a>\n<\/span><span class=\"aioseo-breadcrumb-separator\">&ndash;<\/span><span class=\"aioseo-breadcrumb\">\n\t<a href=\"https:\/\/candas365.es\/noticias\/category\/agenda\/\" title=\"Agenda\">Agenda<\/a>\n<\/span><span class=\"aioseo-breadcrumb-separator\">&ndash;<\/span><span class=\"aioseo-breadcrumb\">\n\tMar\u00eda Barranco se une al reparto de \u00abServir y proteger\u00bb\n<\/span><\/div>","aioseo_breadcrumb_json":[{"label":"Home","link":"https:\/\/candas365.es\/noticias"},{"label":"Agenda","link":"https:\/\/candas365.es\/noticias\/category\/agenda\/"},{"label":"Mar\u00eda Barranco se une al reparto de \u00abServir y proteger\u00bb","link":"https:\/\/candas365.es\/noticias\/maria-barranco-se-une-al-reparto-de-servir-y-proteger\/"}],"_links":{"self":[{"href":"https:\/\/candas365.es\/noticias\/wp-json\/wp\/v2\/posts\/137005","targetHints":{"allow":["GET"]}}],"collection":[{"href":"https:\/\/candas365.es\/noticias\/wp-json\/wp\/v2\/posts"}],"about":[{"href":"https:\/\/candas365.es\/noticias\/wp-json\/wp\/v2\/types\/post"}],"author":[{"embeddable":true,"href":"https:\/\/candas365.es\/noticias\/wp-json\/wp\/v2\/users\/1"}],"replies":[{"embeddable":true,"href":"https:\/\/candas365.es\/noticias\/wp-json\/wp\/v2\/comments?post=137005"}],"version-history":[{"count":0,"href":"https:\/\/candas365.es\/noticias\/wp-json\/wp\/v2\/posts\/137005\/revisions"}],"wp:featuredmedia":[{"embeddable":true,"href":"https:\/\/candas365.es\/noticias\/wp-json\/wp\/v2\/media\/137006"}],"wp:attachment":[{"href":"https:\/\/candas365.es\/noticias\/wp-json\/wp\/v2\/media?parent=137005"}],"wp:term":[{"taxonomy":"category","embeddable":true,"href":"https:\/\/candas365.es\/noticias\/wp-json\/wp\/v2\/categories?post=137005"},{"taxonomy":"post_tag","embeddable":true,"href":"https:\/\/candas365.es\/noticias\/wp-json\/wp\/v2\/tags?post=137005"}],"curies":[{"name":"wp","href":"https:\/\/api.w.org\/{rel}","templated":true}]}}