{"id":137002,"date":"2020-01-25T12:24:53","date_gmt":"2020-01-25T12:24:53","guid":{"rendered":"http:\/\/candas365.es\/noticias\/?p=137002"},"modified":"2020-01-25T12:24:53","modified_gmt":"2020-01-25T12:24:53","slug":"garbine-muguruza-no-suelo-compararme-con-el-pasado","status":"publish","type":"post","link":"https:\/\/candas365.es\/noticias\/garbine-muguruza-no-suelo-compararme-con-el-pasado\/","title":{"rendered":"Garbi\u00f1e Muguruza: \u00abNo suelo compararme con el pasado\u00bb"},"content":{"rendered":"<figure id=\"attachment_137003\" aria-describedby=\"caption-attachment-137003\" style=\"width: 360px\" class=\"wp-caption alignleft\"><img fetchpriority=\"high\" decoding=\"async\" class=\"size-medium wp-image-137003\" src=\"https:\/\/candas365.es\/noticias\/wp-content\/uploads\/2020\/01\/Muguruza-dpa-360x232.jpg\" alt=\"\" width=\"360\" height=\"232\" srcset=\"https:\/\/candas365.es\/noticias\/wp-content\/uploads\/2020\/01\/Muguruza-dpa-360x232.jpg 360w, https:\/\/candas365.es\/noticias\/wp-content\/uploads\/2020\/01\/Muguruza-dpa-655x423.jpg 655w, https:\/\/candas365.es\/noticias\/wp-content\/uploads\/2020\/01\/Muguruza-dpa-768x496.jpg 768w, https:\/\/candas365.es\/noticias\/wp-content\/uploads\/2020\/01\/Muguruza-dpa-696x449.jpg 696w, https:\/\/candas365.es\/noticias\/wp-content\/uploads\/2020\/01\/Muguruza-dpa-650x420.jpg 650w, https:\/\/candas365.es\/noticias\/wp-content\/uploads\/2020\/01\/Muguruza-dpa.jpg 957w\" sizes=\"(max-width: 360px) 100vw, 360px\" \/><figcaption id=\"caption-attachment-137003\" class=\"wp-caption-text\">Foto: AAP Image\/Dave Hunt\/dpa<\/figcaption><\/figure>\n<p>(Europa Press) &#8211;\u00a0La tenista espa\u00f1ola Garbi\u00f1e Muguruza ha asegurado que se siente \u00abmejor f\u00edsicamente\u00bb que al comienzo del Abierto de Australia, primer &#8216;Grand Slam&#8217; de la temporada, algo que ha evidenciado con su s\u00f3lida victoria ante la ucraniana Elina Svitolina (6-1, 6-2), ante la que ha realizado un partido \u00abinteligente\u00bb.<\/p>\n<p>\u00abDefinitivamente, me siento mejor f\u00edsicamente. Cuando empec\u00e9 el partido contra Shelby (Rogers), no sab\u00eda c\u00f3mo me iba a sentir. Fui a la pista y no quer\u00eda retirarme en absoluto. Sab\u00eda que no me iba a sentir bien, pero sab\u00eda que ten\u00eda algo de tenis. Siento que, bueno, puede que no me sienta al 100%, pero siempre puedes hacer algo diferente, tratar de ganar el partido\u00bb, se\u00f1al\u00f3 en declaraciones facilitadas por su departamento de prensa.<\/p>\n<p>En este sentido, la hispano-venezolana resalt\u00f3 el descanso que hay entre encuentros. \u00abAqu\u00ed cada victoria me da otras 48 horas para recuperarme, as\u00ed que realmente lo tengo en cuenta. S\u00ed, mi voz ha cambiado. Estoy mucho mejor. S\u00ed, me siento mejor que cuando empec\u00e9\u00bb, manifest\u00f3.<\/p>\n<p>\u00abHe jugado un partido inteligente desde el primer punto. Ten\u00eda muchas ganas de jugar contra ella, siempre tenemos buenos partidos; el a\u00f1o pasado jugamos tres veces. Ten\u00eda muchas ganas de jugar en pista dura. Creo que tuve un buen plan de juego. Y todo funcion\u00f3 bastante r\u00e1pido para mi lado\u00bb, se\u00f1al\u00f3 sobre el duelo ante la ucraniana.<\/p>\n<p>Sin embargo, no ha querido comparar su nivel actual con el exhibido en sus triunfos finales en Roland Garros 2016 y Wimbedon 2017. \u00abNo suelo compararme con el pasado, ni siquiera recuerdo c\u00f3mo fue mi nivel en Wimbledon. Han pasado muchas cosas. Intento nunca compararme cuando consigo un buen resultado o algo as\u00ed porque cada a\u00f1o, cada partido, todo cambia. Me siento bien ah\u00ed afuera. Creo que fue un buen partido de mi parte. S\u00f3lo me quedo con eso. No quiero pensar en c\u00f3mo jugu\u00e9 hace dos a\u00f1os o nada de eso\u00bb, subray\u00f3.<\/p>\n<p>Por \u00faltimo, Muguruza, de nuevo junto a Conchita Mart\u00ednez, explic\u00f3 que su objetivo este a\u00f1o es \u00abjugar tantos partidos como sea posible\u00bb. \u00abJugu\u00e9 Shenzhen y en Hobart. Trat\u00e9 de jugar tantos torneos como pude. Definitivamente es una buena se\u00f1al para m\u00ed cuando no me siento bien y logro ganar partidos y competir. Incluso si no te sientes bien, siempre hay una posibilidad. Solo tienes que encontrar tu camino. Estoy satisfecha con mi esp\u00edritu de lucha y estoy sabiendo aceptar muchas situaciones dif\u00edciles\u00bb, concluy\u00f3.<\/p>\n","protected":false},"excerpt":{"rendered":"<p>(Europa Press) &#8211;\u00a0La tenista espa\u00f1ola Garbi\u00f1e Muguruza ha asegurado que se siente \u00abmejor f\u00edsicamente\u00bb que al comienzo del Abierto de Australia, primer &#8216;Grand Slam&#8217; de la temporada, algo que ha evidenciado con su s\u00f3lida victoria ante la ucraniana Elina Svitolina (6-1, 6-2), ante la que ha realizado un partido \u00abinteligente\u00bb. \u00abDefinitivamente, me siento mejor f\u00edsicamente.<\/p>\n","protected":false},"author":1,"featured_media":137003,"comment_status":"closed","ping_status":"closed","sticky":false,"template":"","format":"standard","meta":{"footnotes":""},"categories":[319],"tags":[],"class_list":{"0":"post-137002","1":"post","2":"type-post","3":"status-publish","4":"format-standard","5":"has-post-thumbnail","7":"category-deporte"},"aioseo_notices":[],"aioseo_head":"\n\t\t<!-- All in One SEO Pro 4.9.6.2 - aioseo.com -->\n\t<meta name=\"description\" content=\"(Europa Press) - La tenista espa\u00f1ola Garbi\u00f1e Muguruza ha asegurado que se siente &quot;mejor f\u00edsicamente&quot; que al comienzo del Abierto de Australia, primer &#039;Grand Slam&#039; de la temporada, algo que ha evidenciado con su s\u00f3lida victoria ante la ucraniana Elina Svitolina (6-1, 6-2), ante la que ha realizado un partido &quot;inteligente&quot;. &quot;Definitivamente, me siento mejor f\u00edsicamente.\" \/>\n\t<meta name=\"robots\" content=\"max-image-preview:large\" \/>\n\t<meta name=\"author\" content=\"Cand\u00e1s 365\"\/>\n\t<meta name=\"google-site-verification\" content=\"UA-32230408-1\" \/>\n\t<meta name=\"msvalidate.01\" content=\"354F3CDFB2DA171B47FBE9ABF1F88D5\" \/>\n\t<meta name=\"keywords\" content=\"deporte\" \/>\n\t<link rel=\"canonical\" href=\"https:\/\/candas365.es\/noticias\/garbine-muguruza-no-suelo-compararme-con-el-pasado\/\" \/>\n\t<meta name=\"generator\" content=\"All in One SEO Pro (AIOSEO) 4.9.6.2\" \/>\n\t\t<meta property=\"og:locale\" content=\"es_ES\" \/>\n\t\t<meta property=\"og:site_name\" content=\"Cand\u00e1s 365\" \/>\n\t\t<meta property=\"og:type\" content=\"article\" \/>\n\t\t<meta property=\"og:title\" content=\"Garbi\u00f1e Muguruza: \u00abNo suelo compararme con el pasado\u00bb | Cand\u00e1s 365\" \/>\n\t\t<meta property=\"og:description\" content=\"(Europa Press) - La tenista espa\u00f1ola Garbi\u00f1e Muguruza ha asegurado que se siente &quot;mejor f\u00edsicamente&quot; que al comienzo del Abierto de Australia, primer &#039;Grand Slam&#039; de la temporada, algo que ha evidenciado con su s\u00f3lida victoria ante la ucraniana Elina Svitolina (6-1, 6-2), ante la que ha realizado un partido &quot;inteligente&quot;. &quot;Definitivamente, me siento mejor f\u00edsicamente.\" \/>\n\t\t<meta property=\"og:url\" content=\"https:\/\/candas365.es\/noticias\/garbine-muguruza-no-suelo-compararme-con-el-pasado\/\" \/>\n\t\t<meta property=\"og:image\" content=\"https:\/\/candas365.es\/noticias\/wp-content\/uploads\/2020\/01\/Muguruza-dpa.jpg\" \/>\n\t\t<meta property=\"og:image:secure_url\" content=\"https:\/\/candas365.es\/noticias\/wp-content\/uploads\/2020\/01\/Muguruza-dpa.jpg\" \/>\n\t\t<meta property=\"og:image:width\" content=\"957\" \/>\n\t\t<meta property=\"og:image:height\" content=\"618\" \/>\n\t\t<meta property=\"article:published_time\" content=\"2020-01-25T12:24:53+00:00\" \/>\n\t\t<meta property=\"article:modified_time\" content=\"2020-01-25T12:24:53+00:00\" \/>\n\t\t<meta property=\"article:publisher\" content=\"https:\/\/www.facebook.com\/Nachofdezber\" \/>\n\t\t<meta property=\"article:author\" content=\"https:\/\/www.facebook.com\/carrenoactualidad\" \/>\n\t\t<meta name=\"twitter:card\" content=\"summary_large_image\" \/>\n\t\t<meta name=\"twitter:site\" content=\"@NabercoDigital\" \/>\n\t\t<meta name=\"twitter:title\" content=\"Garbi\u00f1e Muguruza: \u00abNo suelo compararme con el pasado\u00bb | Cand\u00e1s 365\" \/>\n\t\t<meta name=\"twitter:description\" content=\"(Europa Press) - La tenista espa\u00f1ola Garbi\u00f1e Muguruza ha asegurado que se siente &quot;mejor f\u00edsicamente&quot; que al comienzo del Abierto de Australia, primer &#039;Grand Slam&#039; de la temporada, algo que ha evidenciado con su s\u00f3lida victoria ante la ucraniana Elina Svitolina (6-1, 6-2), ante la que ha realizado un partido &quot;inteligente&quot;. &quot;Definitivamente, me siento mejor f\u00edsicamente.\" \/>\n\t\t<meta name=\"twitter:creator\" content=\"@nbasturias\" \/>\n\t\t<meta name=\"twitter:image\" content=\"https:\/\/candas365.es\/noticias\/wp-content\/uploads\/2020\/01\/Muguruza-dpa.jpg\" \/>\n\t\t<meta name=\"twitter:label1\" content=\"Escrito por\" \/>\n\t\t<meta name=\"twitter:data1\" content=\"Cand\u00e1s 365\" \/>\n\t\t<meta name=\"twitter:label2\" content=\"Tiempo de lectura estimado\" \/>\n\t\t<meta name=\"twitter:data2\" content=\"2 minutos\" \/>\n\t\t<script type=\"application\/ld+json\" class=\"aioseo-schema\">\n\t\t\t{\"@context\":\"https:\\\/\\\/schema.org\",\"@graph\":[{\"@type\":\"BreadcrumbList\",\"@id\":\"https:\\\/\\\/candas365.es\\\/noticias\\\/garbine-muguruza-no-suelo-compararme-con-el-pasado\\\/#breadcrumblist\",\"itemListElement\":[{\"@type\":\"ListItem\",\"@id\":\"https:\\\/\\\/candas365.es\\\/noticias#listItem\",\"position\":1,\"name\":\"Home\",\"item\":\"https:\\\/\\\/candas365.es\\\/noticias\",\"nextItem\":{\"@type\":\"ListItem\",\"@id\":\"https:\\\/\\\/candas365.es\\\/noticias\\\/category\\\/deporte\\\/#listItem\",\"name\":\"Deporte\"}},{\"@type\":\"ListItem\",\"@id\":\"https:\\\/\\\/candas365.es\\\/noticias\\\/category\\\/deporte\\\/#listItem\",\"position\":2,\"name\":\"Deporte\",\"item\":\"https:\\\/\\\/candas365.es\\\/noticias\\\/category\\\/deporte\\\/\",\"nextItem\":{\"@type\":\"ListItem\",\"@id\":\"https:\\\/\\\/candas365.es\\\/noticias\\\/garbine-muguruza-no-suelo-compararme-con-el-pasado\\\/#listItem\",\"name\":\"Garbi\\u00f1e Muguruza: \\u00abNo suelo compararme con el pasado\\u00bb\"},\"previousItem\":{\"@type\":\"ListItem\",\"@id\":\"https:\\\/\\\/candas365.es\\\/noticias#listItem\",\"name\":\"Home\"}},{\"@type\":\"ListItem\",\"@id\":\"https:\\\/\\\/candas365.es\\\/noticias\\\/garbine-muguruza-no-suelo-compararme-con-el-pasado\\\/#listItem\",\"position\":3,\"name\":\"Garbi\\u00f1e Muguruza: \\u00abNo suelo compararme con el pasado\\u00bb\",\"previousItem\":{\"@type\":\"ListItem\",\"@id\":\"https:\\\/\\\/candas365.es\\\/noticias\\\/category\\\/deporte\\\/#listItem\",\"name\":\"Deporte\"}}]},{\"@type\":\"NewsArticle\",\"@id\":\"https:\\\/\\\/candas365.es\\\/noticias\\\/garbine-muguruza-no-suelo-compararme-con-el-pasado\\\/#newsarticle\",\"name\":\"Garbi\\u00f1e Muguruza: \\u00abNo suelo compararme con el pasado\\u00bb | Cand\\u00e1s 365\",\"headline\":\"Garbi\\u00f1e Muguruza: \\u00abNo suelo compararme con el pasado\\u00bb\",\"author\":{\"@id\":\"https:\\\/\\\/candas365.es\\\/noticias\\\/author\\\/admin\\\/#author\"},\"publisher\":{\"@id\":\"https:\\\/\\\/candas365.es\\\/noticias\\\/#organization\"},\"image\":{\"@type\":\"ImageObject\",\"url\":\"https:\\\/\\\/candas365.es\\\/noticias\\\/wp-content\\\/uploads\\\/2020\\\/01\\\/Muguruza-dpa.jpg\",\"width\":957,\"height\":618,\"caption\":\"Foto: AAP Image\\\/Dave Hunt\\\/dpa\"},\"datePublished\":\"2020-01-25T12:24:53+01:00\",\"dateModified\":\"2020-01-25T12:24:53+01:00\",\"inLanguage\":\"es-ES\",\"mainEntityOfPage\":{\"@id\":\"https:\\\/\\\/candas365.es\\\/noticias\\\/garbine-muguruza-no-suelo-compararme-con-el-pasado\\\/#webpage\"},\"isPartOf\":{\"@id\":\"https:\\\/\\\/candas365.es\\\/noticias\\\/garbine-muguruza-no-suelo-compararme-con-el-pasado\\\/#webpage\"},\"articleSection\":\"Deporte\",\"dateline\":\"Publicado el enero 25, 2020.\"},{\"@type\":\"Organization\",\"@id\":\"https:\\\/\\\/candas365.es\\\/noticias\\\/#organization\",\"name\":\"Cand\\u00e1s 365\",\"description\":\"Cand\\u00e1s 365 es un diario digital independiente, fundado en 2012, con base en Asturias. Informamos con rigor sobre actualidad, sociedad, cultura y ocio, con una mirada local y global.\",\"url\":\"https:\\\/\\\/candas365.es\\\/noticias\\\/\",\"email\":\"info@candas365.es\",\"telephone\":\"+34652131393\",\"foundingDate\":\"2012-06-10\",\"logo\":{\"@type\":\"ImageObject\",\"url\":\"https:\\\/\\\/candas365.es\\\/noticias\\\/wp-content\\\/uploads\\\/2024\\\/09\\\/Candas-365-Redes.jpg\",\"@id\":\"https:\\\/\\\/candas365.es\\\/noticias\\\/garbine-muguruza-no-suelo-compararme-con-el-pasado\\\/#organizationLogo\",\"width\":1152,\"height\":864,\"caption\":\"Cand\\u00e1s 365 Redes\"},\"image\":{\"@id\":\"https:\\\/\\\/candas365.es\\\/noticias\\\/garbine-muguruza-no-suelo-compararme-con-el-pasado\\\/#organizationLogo\"},\"sameAs\":[\"https:\\\/\\\/www.facebook.com\\\/Nachofdezber\",\"https:\\\/\\\/x.com\\\/NabercoDigital\",\"https:\\\/\\\/www.instagram.com\\\/nachofdezber\\\/\",\"https:\\\/\\\/www.youtube.com\\\/channel\\\/UCZP-2wLEB9Rv6erhFmqVnvg\"],\"address\":{\"@id\":\"https:\\\/\\\/candas365.es\\\/noticias\\\/#postaladdress\",\"@type\":\"PostalAddress\",\"streetAddress\":\"san antonio 4, san antonio 4\",\"postalCode\":\"33430\",\"addressLocality\":\"Cand\\u00e1s\",\"addressRegion\":\"Asturias\",\"addressCountry\":\"ES\"}},{\"@type\":\"Person\",\"@id\":\"https:\\\/\\\/candas365.es\\\/noticias\\\/author\\\/admin\\\/#author\",\"url\":\"https:\\\/\\\/candas365.es\\\/noticias\\\/author\\\/admin\\\/\",\"name\":\"Cand\\u00e1s 365\",\"image\":{\"@type\":\"ImageObject\",\"@id\":\"https:\\\/\\\/candas365.es\\\/noticias\\\/garbine-muguruza-no-suelo-compararme-con-el-pasado\\\/#authorImage\",\"url\":\"https:\\\/\\\/secure.gravatar.com\\\/avatar\\\/496a8e03d0c493ede1718b7934145dbdf8d89be1036b0eec9544e1094c9de390?s=96&d=mm&r=g\",\"width\":96,\"height\":96,\"caption\":\"Cand\\u00e1s 365\"},\"sameAs\":[\"https:\\\/\\\/www.facebook.com\\\/carrenoactualidad\",\"https:\\\/\\\/twitter.com\\\/nbasturias\",\"https:\\\/\\\/www.instagram.com\\\/nachofdezber\\\/\",\"https:\\\/\\\/www.youtube.com\\\/channel\\\/UCZP-2wLEB9Rv6erhFmqVnvg\"]},{\"@type\":\"WebPage\",\"@id\":\"https:\\\/\\\/candas365.es\\\/noticias\\\/garbine-muguruza-no-suelo-compararme-con-el-pasado\\\/#webpage\",\"url\":\"https:\\\/\\\/candas365.es\\\/noticias\\\/garbine-muguruza-no-suelo-compararme-con-el-pasado\\\/\",\"name\":\"Garbi\\u00f1e Muguruza: \\u00abNo suelo compararme con el pasado\\u00bb | Cand\\u00e1s 365\",\"description\":\"(Europa Press) - La tenista espa\\u00f1ola Garbi\\u00f1e Muguruza ha asegurado que se siente \\\"mejor f\\u00edsicamente\\\" que al comienzo del Abierto de Australia, primer 'Grand Slam' de la temporada, algo que ha evidenciado con su s\\u00f3lida victoria ante la ucraniana Elina Svitolina (6-1, 6-2), ante la que ha realizado un partido \\\"inteligente\\\". \\\"Definitivamente, me siento mejor f\\u00edsicamente.\",\"inLanguage\":\"es-ES\",\"isPartOf\":{\"@id\":\"https:\\\/\\\/candas365.es\\\/noticias\\\/#website\"},\"breadcrumb\":{\"@id\":\"https:\\\/\\\/candas365.es\\\/noticias\\\/garbine-muguruza-no-suelo-compararme-con-el-pasado\\\/#breadcrumblist\"},\"author\":{\"@id\":\"https:\\\/\\\/candas365.es\\\/noticias\\\/author\\\/admin\\\/#author\"},\"creator\":{\"@id\":\"https:\\\/\\\/candas365.es\\\/noticias\\\/author\\\/admin\\\/#author\"},\"image\":{\"@type\":\"ImageObject\",\"url\":\"https:\\\/\\\/candas365.es\\\/noticias\\\/wp-content\\\/uploads\\\/2020\\\/01\\\/Muguruza-dpa.jpg\",\"@id\":\"https:\\\/\\\/candas365.es\\\/noticias\\\/garbine-muguruza-no-suelo-compararme-con-el-pasado\\\/#mainImage\",\"width\":957,\"height\":618,\"caption\":\"Foto: AAP Image\\\/Dave Hunt\\\/dpa\"},\"primaryImageOfPage\":{\"@id\":\"https:\\\/\\\/candas365.es\\\/noticias\\\/garbine-muguruza-no-suelo-compararme-con-el-pasado\\\/#mainImage\"},\"datePublished\":\"2020-01-25T12:24:53+01:00\",\"dateModified\":\"2020-01-25T12:24:53+01:00\"},{\"@type\":\"WebSite\",\"@id\":\"https:\\\/\\\/candas365.es\\\/noticias\\\/#website\",\"url\":\"https:\\\/\\\/candas365.es\\\/noticias\\\/\",\"name\":\"Cand\\u00e1s 365\",\"alternateName\":\"Cand\\u00e1s 365 Noticias\",\"description\":\"Actualidad desde Carre\\u00f1o para el mundo\",\"inLanguage\":\"es-ES\",\"publisher\":{\"@id\":\"https:\\\/\\\/candas365.es\\\/noticias\\\/#organization\"}}]}\n\t\t<\/script>\n\t\t<!-- All in One SEO Pro -->\r\n\t\t<title>Garbi\u00f1e Muguruza: \u00abNo suelo compararme con el pasado\u00bb | Cand\u00e1s 365<\/title>\n\n","aioseo_head_json":{"title":"Garbi\u00f1e Muguruza: \u00abNo suelo compararme con el pasado\u00bb | Cand\u00e1s 365","description":"(Europa Press) - La tenista espa\u00f1ola Garbi\u00f1e Muguruza ha asegurado que se siente \"mejor f\u00edsicamente\" que al comienzo del Abierto de Australia, primer 'Grand Slam' de la temporada, algo que ha evidenciado con su s\u00f3lida victoria ante la ucraniana Elina Svitolina (6-1, 6-2), ante la que ha realizado un partido \"inteligente\". \"Definitivamente, me siento mejor f\u00edsicamente.","canonical_url":"https:\/\/candas365.es\/noticias\/garbine-muguruza-no-suelo-compararme-con-el-pasado\/","robots":"max-image-preview:large","keywords":"deporte","webmasterTools":{"google-site-verification":"UA-32230408-1","msvalidate.01":"354F3CDFB2DA171B47FBE9ABF1F88D5","miscellaneous":""},"schema":{"@context":"https:\/\/schema.org","@graph":[{"@type":"BreadcrumbList","@id":"https:\/\/candas365.es\/noticias\/garbine-muguruza-no-suelo-compararme-con-el-pasado\/#breadcrumblist","itemListElement":[{"@type":"ListItem","@id":"https:\/\/candas365.es\/noticias#listItem","position":1,"name":"Home","item":"https:\/\/candas365.es\/noticias","nextItem":{"@type":"ListItem","@id":"https:\/\/candas365.es\/noticias\/category\/deporte\/#listItem","name":"Deporte"}},{"@type":"ListItem","@id":"https:\/\/candas365.es\/noticias\/category\/deporte\/#listItem","position":2,"name":"Deporte","item":"https:\/\/candas365.es\/noticias\/category\/deporte\/","nextItem":{"@type":"ListItem","@id":"https:\/\/candas365.es\/noticias\/garbine-muguruza-no-suelo-compararme-con-el-pasado\/#listItem","name":"Garbi\u00f1e Muguruza: \u00abNo suelo compararme con el pasado\u00bb"},"previousItem":{"@type":"ListItem","@id":"https:\/\/candas365.es\/noticias#listItem","name":"Home"}},{"@type":"ListItem","@id":"https:\/\/candas365.es\/noticias\/garbine-muguruza-no-suelo-compararme-con-el-pasado\/#listItem","position":3,"name":"Garbi\u00f1e Muguruza: \u00abNo suelo compararme con el pasado\u00bb","previousItem":{"@type":"ListItem","@id":"https:\/\/candas365.es\/noticias\/category\/deporte\/#listItem","name":"Deporte"}}]},{"@type":"NewsArticle","@id":"https:\/\/candas365.es\/noticias\/garbine-muguruza-no-suelo-compararme-con-el-pasado\/#newsarticle","name":"Garbi\u00f1e Muguruza: \u00abNo suelo compararme con el pasado\u00bb | Cand\u00e1s 365","headline":"Garbi\u00f1e Muguruza: \u00abNo suelo compararme con el pasado\u00bb","author":{"@id":"https:\/\/candas365.es\/noticias\/author\/admin\/#author"},"publisher":{"@id":"https:\/\/candas365.es\/noticias\/#organization"},"image":{"@type":"ImageObject","url":"https:\/\/candas365.es\/noticias\/wp-content\/uploads\/2020\/01\/Muguruza-dpa.jpg","width":957,"height":618,"caption":"Foto: AAP Image\/Dave Hunt\/dpa"},"datePublished":"2020-01-25T12:24:53+01:00","dateModified":"2020-01-25T12:24:53+01:00","inLanguage":"es-ES","mainEntityOfPage":{"@id":"https:\/\/candas365.es\/noticias\/garbine-muguruza-no-suelo-compararme-con-el-pasado\/#webpage"},"isPartOf":{"@id":"https:\/\/candas365.es\/noticias\/garbine-muguruza-no-suelo-compararme-con-el-pasado\/#webpage"},"articleSection":"Deporte","dateline":"Publicado el enero 25, 2020."},{"@type":"Organization","@id":"https:\/\/candas365.es\/noticias\/#organization","name":"Cand\u00e1s 365","description":"Cand\u00e1s 365 es un diario digital independiente, fundado en 2012, con base en Asturias. Informamos con rigor sobre actualidad, sociedad, cultura y ocio, con una mirada local y global.","url":"https:\/\/candas365.es\/noticias\/","email":"info@candas365.es","telephone":"+34652131393","foundingDate":"2012-06-10","logo":{"@type":"ImageObject","url":"https:\/\/candas365.es\/noticias\/wp-content\/uploads\/2024\/09\/Candas-365-Redes.jpg","@id":"https:\/\/candas365.es\/noticias\/garbine-muguruza-no-suelo-compararme-con-el-pasado\/#organizationLogo","width":1152,"height":864,"caption":"Cand\u00e1s 365 Redes"},"image":{"@id":"https:\/\/candas365.es\/noticias\/garbine-muguruza-no-suelo-compararme-con-el-pasado\/#organizationLogo"},"sameAs":["https:\/\/www.facebook.com\/Nachofdezber","https:\/\/x.com\/NabercoDigital","https:\/\/www.instagram.com\/nachofdezber\/","https:\/\/www.youtube.com\/channel\/UCZP-2wLEB9Rv6erhFmqVnvg"],"address":{"@id":"https:\/\/candas365.es\/noticias\/#postaladdress","@type":"PostalAddress","streetAddress":"san antonio 4, san antonio 4","postalCode":"33430","addressLocality":"Cand\u00e1s","addressRegion":"Asturias","addressCountry":"ES"}},{"@type":"Person","@id":"https:\/\/candas365.es\/noticias\/author\/admin\/#author","url":"https:\/\/candas365.es\/noticias\/author\/admin\/","name":"Cand\u00e1s 365","image":{"@type":"ImageObject","@id":"https:\/\/candas365.es\/noticias\/garbine-muguruza-no-suelo-compararme-con-el-pasado\/#authorImage","url":"https:\/\/secure.gravatar.com\/avatar\/496a8e03d0c493ede1718b7934145dbdf8d89be1036b0eec9544e1094c9de390?s=96&d=mm&r=g","width":96,"height":96,"caption":"Cand\u00e1s 365"},"sameAs":["https:\/\/www.facebook.com\/carrenoactualidad","https:\/\/twitter.com\/nbasturias","https:\/\/www.instagram.com\/nachofdezber\/","https:\/\/www.youtube.com\/channel\/UCZP-2wLEB9Rv6erhFmqVnvg"]},{"@type":"WebPage","@id":"https:\/\/candas365.es\/noticias\/garbine-muguruza-no-suelo-compararme-con-el-pasado\/#webpage","url":"https:\/\/candas365.es\/noticias\/garbine-muguruza-no-suelo-compararme-con-el-pasado\/","name":"Garbi\u00f1e Muguruza: \u00abNo suelo compararme con el pasado\u00bb | Cand\u00e1s 365","description":"(Europa Press) - La tenista espa\u00f1ola Garbi\u00f1e Muguruza ha asegurado que se siente \"mejor f\u00edsicamente\" que al comienzo del Abierto de Australia, primer 'Grand Slam' de la temporada, algo que ha evidenciado con su s\u00f3lida victoria ante la ucraniana Elina Svitolina (6-1, 6-2), ante la que ha realizado un partido \"inteligente\". \"Definitivamente, me siento mejor f\u00edsicamente.","inLanguage":"es-ES","isPartOf":{"@id":"https:\/\/candas365.es\/noticias\/#website"},"breadcrumb":{"@id":"https:\/\/candas365.es\/noticias\/garbine-muguruza-no-suelo-compararme-con-el-pasado\/#breadcrumblist"},"author":{"@id":"https:\/\/candas365.es\/noticias\/author\/admin\/#author"},"creator":{"@id":"https:\/\/candas365.es\/noticias\/author\/admin\/#author"},"image":{"@type":"ImageObject","url":"https:\/\/candas365.es\/noticias\/wp-content\/uploads\/2020\/01\/Muguruza-dpa.jpg","@id":"https:\/\/candas365.es\/noticias\/garbine-muguruza-no-suelo-compararme-con-el-pasado\/#mainImage","width":957,"height":618,"caption":"Foto: AAP Image\/Dave Hunt\/dpa"},"primaryImageOfPage":{"@id":"https:\/\/candas365.es\/noticias\/garbine-muguruza-no-suelo-compararme-con-el-pasado\/#mainImage"},"datePublished":"2020-01-25T12:24:53+01:00","dateModified":"2020-01-25T12:24:53+01:00"},{"@type":"WebSite","@id":"https:\/\/candas365.es\/noticias\/#website","url":"https:\/\/candas365.es\/noticias\/","name":"Cand\u00e1s 365","alternateName":"Cand\u00e1s 365 Noticias","description":"Actualidad desde Carre\u00f1o para el mundo","inLanguage":"es-ES","publisher":{"@id":"https:\/\/candas365.es\/noticias\/#organization"}}]},"og:locale":"es_ES","og:site_name":"Cand\u00e1s 365","og:type":"article","og:title":"Garbi\u00f1e Muguruza: \u00abNo suelo compararme con el pasado\u00bb | Cand\u00e1s 365","og:description":"(Europa Press) - La tenista espa\u00f1ola Garbi\u00f1e Muguruza ha asegurado que se siente &quot;mejor f\u00edsicamente&quot; que al comienzo del Abierto de Australia, primer 'Grand Slam' de la temporada, algo que ha evidenciado con su s\u00f3lida victoria ante la ucraniana Elina Svitolina (6-1, 6-2), ante la que ha realizado un partido &quot;inteligente&quot;. &quot;Definitivamente, me siento mejor f\u00edsicamente.","og:url":"https:\/\/candas365.es\/noticias\/garbine-muguruza-no-suelo-compararme-con-el-pasado\/","og:image":"https:\/\/candas365.es\/noticias\/wp-content\/uploads\/2020\/01\/Muguruza-dpa.jpg","og:image:secure_url":"https:\/\/candas365.es\/noticias\/wp-content\/uploads\/2020\/01\/Muguruza-dpa.jpg","og:image:width":957,"og:image:height":618,"article:published_time":"2020-01-25T12:24:53+00:00","article:modified_time":"2020-01-25T12:24:53+00:00","article:publisher":"https:\/\/www.facebook.com\/Nachofdezber","article:author":"https:\/\/www.facebook.com\/carrenoactualidad","twitter:card":"summary_large_image","twitter:site":"@NabercoDigital","twitter:title":"Garbi\u00f1e Muguruza: \u00abNo suelo compararme con el pasado\u00bb | Cand\u00e1s 365","twitter:description":"(Europa Press) - La tenista espa\u00f1ola Garbi\u00f1e Muguruza ha asegurado que se siente &quot;mejor f\u00edsicamente&quot; que al comienzo del Abierto de Australia, primer 'Grand Slam' de la temporada, algo que ha evidenciado con su s\u00f3lida victoria ante la ucraniana Elina Svitolina (6-1, 6-2), ante la que ha realizado un partido &quot;inteligente&quot;. &quot;Definitivamente, me siento mejor f\u00edsicamente.","twitter:creator":"@nbasturias","twitter:image":"https:\/\/candas365.es\/noticias\/wp-content\/uploads\/2020\/01\/Muguruza-dpa.jpg","twitter:label1":"Escrito por","twitter:data1":"Cand\u00e1s 365","twitter:label2":"Tiempo de lectura estimado","twitter:data2":"2 minutos"},"aioseo_meta_data":{"post_id":"137002","title":null,"description":null,"keywords":null,"keyphrases":null,"primary_term":null,"canonical_url":null,"og_title":null,"og_description":null,"og_object_type":"default","og_image_type":"default","og_image_url":null,"og_image_width":null,"og_image_height":null,"og_image_custom_url":null,"og_image_custom_fields":null,"og_video":null,"og_custom_url":null,"og_article_section":null,"og_article_tags":null,"twitter_use_og":false,"twitter_card":"default","twitter_image_type":"default","twitter_image_url":null,"twitter_image_custom_url":null,"twitter_image_custom_fields":null,"twitter_title":null,"twitter_description":null,"schema":{"blockGraphs":[],"customGraphs":[],"default":{"data":{"Article":[],"Course":[],"Dataset":[],"FAQPage":[],"Movie":[],"Person":[],"Product":[],"ProductReview":[],"Car":[],"Recipe":[],"Service":[],"SoftwareApplication":[],"WebPage":[]},"graphName":"","isEnabled":true},"graphs":[],"defaultGraph":"","defaultPostTypeGraph":""},"schema_type":null,"schema_type_options":null,"pillar_content":false,"robots_default":true,"robots_noindex":false,"robots_noarchive":false,"robots_nosnippet":false,"robots_nofollow":false,"robots_noimageindex":false,"robots_noodp":false,"robots_notranslate":false,"robots_max_snippet":null,"robots_max_videopreview":null,"robots_max_imagepreview":"large","priority":null,"frequency":null,"location":null,"local_seo":null,"seo_analyzer_scan_date":"2025-08-30 22:21:22","breadcrumb_settings":null,"limit_modified_date":false,"reviewed_by":null,"open_ai":null,"ai":null,"created":"2020-12-21 10:47:36","updated":"2025-08-30 22:21:22"},"aioseo_breadcrumb":"<div class=\"aioseo-breadcrumbs\"><span class=\"aioseo-breadcrumb\">\n\t<a href=\"https:\/\/candas365.es\/noticias\" title=\"Home\">Home<\/a>\n<\/span><span class=\"aioseo-breadcrumb-separator\">&ndash;<\/span><span class=\"aioseo-breadcrumb\">\n\t<a href=\"https:\/\/candas365.es\/noticias\/category\/deporte\/\" title=\"Deporte\">Deporte<\/a>\n<\/span><span class=\"aioseo-breadcrumb-separator\">&ndash;<\/span><span class=\"aioseo-breadcrumb\">\n\tGarbi\u00f1e Muguruza: \u00abNo suelo compararme con el pasado\u00bb\n<\/span><\/div>","aioseo_breadcrumb_json":[{"label":"Home","link":"https:\/\/candas365.es\/noticias"},{"label":"Deporte","link":"https:\/\/candas365.es\/noticias\/category\/deporte\/"},{"label":"Garbi\u00f1e Muguruza: \u00abNo suelo compararme con el pasado\u00bb","link":"https:\/\/candas365.es\/noticias\/garbine-muguruza-no-suelo-compararme-con-el-pasado\/"}],"_links":{"self":[{"href":"https:\/\/candas365.es\/noticias\/wp-json\/wp\/v2\/posts\/137002","targetHints":{"allow":["GET"]}}],"collection":[{"href":"https:\/\/candas365.es\/noticias\/wp-json\/wp\/v2\/posts"}],"about":[{"href":"https:\/\/candas365.es\/noticias\/wp-json\/wp\/v2\/types\/post"}],"author":[{"embeddable":true,"href":"https:\/\/candas365.es\/noticias\/wp-json\/wp\/v2\/users\/1"}],"replies":[{"embeddable":true,"href":"https:\/\/candas365.es\/noticias\/wp-json\/wp\/v2\/comments?post=137002"}],"version-history":[{"count":0,"href":"https:\/\/candas365.es\/noticias\/wp-json\/wp\/v2\/posts\/137002\/revisions"}],"wp:featuredmedia":[{"embeddable":true,"href":"https:\/\/candas365.es\/noticias\/wp-json\/wp\/v2\/media\/137003"}],"wp:attachment":[{"href":"https:\/\/candas365.es\/noticias\/wp-json\/wp\/v2\/media?parent=137002"}],"wp:term":[{"taxonomy":"category","embeddable":true,"href":"https:\/\/candas365.es\/noticias\/wp-json\/wp\/v2\/categories?post=137002"},{"taxonomy":"post_tag","embeddable":true,"href":"https:\/\/candas365.es\/noticias\/wp-json\/wp\/v2\/tags?post=137002"}],"curies":[{"name":"wp","href":"https:\/\/api.w.org\/{rel}","templated":true}]}}