{"id":136916,"date":"2020-01-24T15:38:35","date_gmt":"2020-01-24T15:38:35","guid":{"rendered":"http:\/\/candas365.es\/noticias\/?p=136916"},"modified":"2020-01-24T15:38:35","modified_gmt":"2020-01-24T15:38:35","slug":"presentada-en-fitur-2020-la-guia-de-rutas-saludables-de-carreno","status":"publish","type":"post","link":"https:\/\/candas365.es\/noticias\/presentada-en-fitur-2020-la-guia-de-rutas-saludables-de-carreno\/","title":{"rendered":"Presentada en Fitur 2020 la gu\u00eda de rutas saludables de Carre\u00f1o"},"content":{"rendered":"<p><img fetchpriority=\"high\" decoding=\"async\" class=\"alignleft size-medium wp-image-136917\" src=\"https:\/\/candas365.es\/noticias\/wp-content\/uploads\/2020\/01\/Alcaldesa-en-Fitur-2020-360x261.jpg\" alt=\"\" width=\"360\" height=\"261\" srcset=\"https:\/\/candas365.es\/noticias\/wp-content\/uploads\/2020\/01\/Alcaldesa-en-Fitur-2020-360x261.jpg 360w, https:\/\/candas365.es\/noticias\/wp-content\/uploads\/2020\/01\/Alcaldesa-en-Fitur-2020-655x476.jpg 655w, https:\/\/candas365.es\/noticias\/wp-content\/uploads\/2020\/01\/Alcaldesa-en-Fitur-2020-768x558.jpg 768w, https:\/\/candas365.es\/noticias\/wp-content\/uploads\/2020\/01\/Alcaldesa-en-Fitur-2020-696x506.jpg 696w, https:\/\/candas365.es\/noticias\/wp-content\/uploads\/2020\/01\/Alcaldesa-en-Fitur-2020-578x420.jpg 578w, https:\/\/candas365.es\/noticias\/wp-content\/uploads\/2020\/01\/Alcaldesa-en-Fitur-2020-324x235.jpg 324w, https:\/\/candas365.es\/noticias\/wp-content\/uploads\/2020\/01\/Alcaldesa-en-Fitur-2020.jpg 1027w\" sizes=\"(max-width: 360px) 100vw, 360px\" \/>Visitar Carre\u00f1o es bueno para la Salud. Es \u00e9ste el mensaje que la Alcaldesa de Carre\u00f1o, Amelia Fern\u00e1ndez, transmiti\u00f3 en el pabell\u00f3n del Principado de Asturias en la Feria Internacional del Turismo (FITUR), durante la presentaci\u00f3n p\u00fablica del folleto \u201cRutas saludables de Carre\u00f1o\u201d, que ha editado el Ayuntamiento de Carre\u00f1o, en el marco de la Estrategia de Promoci\u00f3n de la Salud y la Prevenci\u00f3n en el Sistema Nacional de Salud.<\/p>\n<p>Un total de 14 itinerarios distintos, tanto en la villa de Cand\u00e1s como en las parroquias rurales del concejo, son descritos en este folleto, con informaci\u00f3n sobre su localizaci\u00f3n, recorrido, comentarios sobre su dificultad y sus posibles usos: peatonal, cicloturista, etc.<\/p>\n<p>\u201c La actividad f\u00edsica es uno de los pilares sobre los que se debe asentar el bienestar f\u00edsico de las personas. Qu\u00e9 mejor manera de afrontarla tienen el vecindario de Carre\u00f1o y qui\u00e9nes nos visiten que practicarla en el municipio de Carre\u00f1o, que atesora numerosos atractivos paisaj\u00edsticos, naturales, hist\u00f3ricos y de Patrimonio Cultural, algunos de los cuales son aut\u00e9nticas joyas poco conocidas por los propios carre\u00f1enses \u201d, asever\u00f3 a este respecto Amelia Fern\u00e1ndez.<\/p>\n<p>En el acto de presentaci\u00f3n del concejo en FITUR, estuvieron presentes, junto a la Alcaldesa, el Coordinador Cultural y de Festejos de Carre\u00f1o, Alain J. Fern\u00e1ndez, y Graciela Blanco, Viceconsejera de Turismo del Gobierno del Principado. En su intervenci\u00f3n, Blanco quiso subrayar el decisivo papel que publicaciones como la del Ayuntamiento de Carre\u00f1o pueden jugar para incentivar el turismo saludable en la regi\u00f3n basado en sumar al destino tur\u00edstico entornos y servicios que fomenten las conductas saludables. Actualmente vivimos en una cultura donde la sociedad ha adoptado una nueva consciencia de la salud con un car\u00e1cter m\u00e1s preventivo combinar turismo y salud favorece la desestacionalizaci\u00f3n de la oferta para hacer crecer el sector rese\u00f1\u00f3 la Viceconsejera.<\/p>\n<p>La gu\u00eda local fue coordinada por el m\u00e9dico, especialista en medicina deportiva, Vicente Gonz\u00e1lez D\u00edez. El dise\u00f1o y las ilustraciones son de Goyo Rodr\u00edguez y las fotograf\u00edas de Camilo Alonso.<\/p>\n","protected":false},"excerpt":{"rendered":"<p>Visitar Carre\u00f1o es bueno para la Salud. Es \u00e9ste el mensaje que la Alcaldesa de Carre\u00f1o, Amelia Fern\u00e1ndez, transmiti\u00f3 en el pabell\u00f3n del Principado de Asturias en la Feria Internacional del Turismo (FITUR), durante la presentaci\u00f3n p\u00fablica del folleto \u201cRutas saludables de Carre\u00f1o\u201d, que ha editado el Ayuntamiento de Carre\u00f1o, en el marco de la<\/p>\n","protected":false},"author":1,"featured_media":136917,"comment_status":"closed","ping_status":"closed","sticky":false,"template":"","format":"standard","meta":{"footnotes":""},"categories":[2],"tags":[],"class_list":{"0":"post-136916","1":"post","2":"type-post","3":"status-publish","4":"format-standard","5":"has-post-thumbnail","7":"category-noticias-carreno"},"aioseo_notices":[],"aioseo_head":"\n\t\t<!-- All in One SEO Pro 4.9.6.2 - aioseo.com -->\n\t<meta name=\"description\" content=\"Visitar Carre\u00f1o es bueno para la Salud. Es \u00e9ste el mensaje que la Alcaldesa de Carre\u00f1o, Amelia Fern\u00e1ndez, transmiti\u00f3 en el pabell\u00f3n del Principado de Asturias en la Feria Internacional del Turismo (FITUR), durante la presentaci\u00f3n p\u00fablica del folleto \u201cRutas saludables de Carre\u00f1o\u201d, que ha editado el Ayuntamiento de Carre\u00f1o, en el marco de la\" \/>\n\t<meta name=\"robots\" content=\"max-image-preview:large\" \/>\n\t<meta name=\"author\" content=\"Cand\u00e1s 365\"\/>\n\t<meta name=\"google-site-verification\" content=\"UA-32230408-1\" \/>\n\t<meta name=\"msvalidate.01\" content=\"354F3CDFB2DA171B47FBE9ABF1F88D5\" \/>\n\t<meta name=\"keywords\" content=\"noticias carre\u00f1o\" \/>\n\t<link rel=\"canonical\" href=\"https:\/\/candas365.es\/noticias\/presentada-en-fitur-2020-la-guia-de-rutas-saludables-de-carreno\/\" \/>\n\t<meta name=\"generator\" content=\"All in One SEO Pro (AIOSEO) 4.9.6.2\" \/>\n\t\t<meta property=\"og:locale\" content=\"es_ES\" \/>\n\t\t<meta property=\"og:site_name\" content=\"Cand\u00e1s 365\" \/>\n\t\t<meta property=\"og:type\" content=\"article\" \/>\n\t\t<meta property=\"og:title\" content=\"Presentada en Fitur 2020 la gu\u00eda de rutas saludables de Carre\u00f1o | Cand\u00e1s 365\" \/>\n\t\t<meta property=\"og:description\" content=\"Visitar Carre\u00f1o es bueno para la Salud. Es \u00e9ste el mensaje que la Alcaldesa de Carre\u00f1o, Amelia Fern\u00e1ndez, transmiti\u00f3 en el pabell\u00f3n del Principado de Asturias en la Feria Internacional del Turismo (FITUR), durante la presentaci\u00f3n p\u00fablica del folleto \u201cRutas saludables de Carre\u00f1o\u201d, que ha editado el Ayuntamiento de Carre\u00f1o, en el marco de la\" \/>\n\t\t<meta property=\"og:url\" content=\"https:\/\/candas365.es\/noticias\/presentada-en-fitur-2020-la-guia-de-rutas-saludables-de-carreno\/\" \/>\n\t\t<meta property=\"og:image\" content=\"https:\/\/candas365.es\/noticias\/wp-content\/uploads\/2020\/01\/Alcaldesa-en-Fitur-2020.jpg\" \/>\n\t\t<meta property=\"og:image:secure_url\" content=\"https:\/\/candas365.es\/noticias\/wp-content\/uploads\/2020\/01\/Alcaldesa-en-Fitur-2020.jpg\" \/>\n\t\t<meta property=\"og:image:width\" content=\"1027\" \/>\n\t\t<meta property=\"og:image:height\" content=\"746\" \/>\n\t\t<meta property=\"article:published_time\" content=\"2020-01-24T15:38:35+00:00\" \/>\n\t\t<meta property=\"article:modified_time\" content=\"2020-01-24T15:38:35+00:00\" \/>\n\t\t<meta property=\"article:publisher\" content=\"https:\/\/www.facebook.com\/Nachofdezber\" \/>\n\t\t<meta property=\"article:author\" content=\"https:\/\/www.facebook.com\/carrenoactualidad\" \/>\n\t\t<meta name=\"twitter:card\" content=\"summary_large_image\" \/>\n\t\t<meta name=\"twitter:site\" content=\"@NabercoDigital\" \/>\n\t\t<meta name=\"twitter:title\" content=\"Presentada en Fitur 2020 la gu\u00eda de rutas saludables de Carre\u00f1o | Cand\u00e1s 365\" \/>\n\t\t<meta name=\"twitter:description\" content=\"Visitar Carre\u00f1o es bueno para la Salud. Es \u00e9ste el mensaje que la Alcaldesa de Carre\u00f1o, Amelia Fern\u00e1ndez, transmiti\u00f3 en el pabell\u00f3n del Principado de Asturias en la Feria Internacional del Turismo (FITUR), durante la presentaci\u00f3n p\u00fablica del folleto \u201cRutas saludables de Carre\u00f1o\u201d, que ha editado el Ayuntamiento de Carre\u00f1o, en el marco de la\" \/>\n\t\t<meta name=\"twitter:creator\" content=\"@nbasturias\" \/>\n\t\t<meta name=\"twitter:image\" content=\"https:\/\/candas365.es\/noticias\/wp-content\/uploads\/2020\/01\/Alcaldesa-en-Fitur-2020.jpg\" \/>\n\t\t<meta name=\"twitter:label1\" content=\"Escrito por\" \/>\n\t\t<meta name=\"twitter:data1\" content=\"Cand\u00e1s 365\" \/>\n\t\t<meta name=\"twitter:label2\" content=\"Tiempo de lectura estimado\" \/>\n\t\t<meta name=\"twitter:data2\" content=\"2 minutos\" \/>\n\t\t<script type=\"application\/ld+json\" class=\"aioseo-schema\">\n\t\t\t{\"@context\":\"https:\\\/\\\/schema.org\",\"@graph\":[{\"@type\":\"BreadcrumbList\",\"@id\":\"https:\\\/\\\/candas365.es\\\/noticias\\\/presentada-en-fitur-2020-la-guia-de-rutas-saludables-de-carreno\\\/#breadcrumblist\",\"itemListElement\":[{\"@type\":\"ListItem\",\"@id\":\"https:\\\/\\\/candas365.es\\\/noticias#listItem\",\"position\":1,\"name\":\"Home\",\"item\":\"https:\\\/\\\/candas365.es\\\/noticias\",\"nextItem\":{\"@type\":\"ListItem\",\"@id\":\"https:\\\/\\\/candas365.es\\\/noticias\\\/category\\\/noticias-carreno\\\/#listItem\",\"name\":\"Noticias Carre\\u00f1o\"}},{\"@type\":\"ListItem\",\"@id\":\"https:\\\/\\\/candas365.es\\\/noticias\\\/category\\\/noticias-carreno\\\/#listItem\",\"position\":2,\"name\":\"Noticias Carre\\u00f1o\",\"item\":\"https:\\\/\\\/candas365.es\\\/noticias\\\/category\\\/noticias-carreno\\\/\",\"nextItem\":{\"@type\":\"ListItem\",\"@id\":\"https:\\\/\\\/candas365.es\\\/noticias\\\/presentada-en-fitur-2020-la-guia-de-rutas-saludables-de-carreno\\\/#listItem\",\"name\":\"Presentada en Fitur 2020 la gu\\u00eda de rutas saludables de Carre\\u00f1o\"},\"previousItem\":{\"@type\":\"ListItem\",\"@id\":\"https:\\\/\\\/candas365.es\\\/noticias#listItem\",\"name\":\"Home\"}},{\"@type\":\"ListItem\",\"@id\":\"https:\\\/\\\/candas365.es\\\/noticias\\\/presentada-en-fitur-2020-la-guia-de-rutas-saludables-de-carreno\\\/#listItem\",\"position\":3,\"name\":\"Presentada en Fitur 2020 la gu\\u00eda de rutas saludables de Carre\\u00f1o\",\"previousItem\":{\"@type\":\"ListItem\",\"@id\":\"https:\\\/\\\/candas365.es\\\/noticias\\\/category\\\/noticias-carreno\\\/#listItem\",\"name\":\"Noticias Carre\\u00f1o\"}}]},{\"@type\":\"NewsArticle\",\"@id\":\"https:\\\/\\\/candas365.es\\\/noticias\\\/presentada-en-fitur-2020-la-guia-de-rutas-saludables-de-carreno\\\/#newsarticle\",\"name\":\"Presentada en Fitur 2020 la gu\\u00eda de rutas saludables de Carre\\u00f1o | Cand\\u00e1s 365\",\"headline\":\"Presentada en Fitur 2020 la gu\\u00eda de rutas saludables de Carre\\u00f1o\",\"author\":{\"@id\":\"https:\\\/\\\/candas365.es\\\/noticias\\\/author\\\/admin\\\/#author\"},\"publisher\":{\"@id\":\"https:\\\/\\\/candas365.es\\\/noticias\\\/#organization\"},\"image\":{\"@type\":\"ImageObject\",\"url\":\"https:\\\/\\\/candas365.es\\\/noticias\\\/wp-content\\\/uploads\\\/2020\\\/01\\\/Alcaldesa-en-Fitur-2020.jpg\",\"width\":1027,\"height\":746},\"datePublished\":\"2020-01-24T15:38:35+01:00\",\"dateModified\":\"2020-01-24T15:38:35+01:00\",\"inLanguage\":\"es-ES\",\"mainEntityOfPage\":{\"@id\":\"https:\\\/\\\/candas365.es\\\/noticias\\\/presentada-en-fitur-2020-la-guia-de-rutas-saludables-de-carreno\\\/#webpage\"},\"isPartOf\":{\"@id\":\"https:\\\/\\\/candas365.es\\\/noticias\\\/presentada-en-fitur-2020-la-guia-de-rutas-saludables-de-carreno\\\/#webpage\"},\"articleSection\":\"Noticias Carre\\u00f1o\",\"dateline\":\"Publicado el enero 24, 2020.\"},{\"@type\":\"Organization\",\"@id\":\"https:\\\/\\\/candas365.es\\\/noticias\\\/#organization\",\"name\":\"Cand\\u00e1s 365\",\"description\":\"Cand\\u00e1s 365 es un diario digital independiente, fundado en 2012, con base en Asturias. Informamos con rigor sobre actualidad, sociedad, cultura y ocio, con una mirada local y global.\",\"url\":\"https:\\\/\\\/candas365.es\\\/noticias\\\/\",\"email\":\"info@candas365.es\",\"telephone\":\"+34652131393\",\"foundingDate\":\"2012-06-10\",\"logo\":{\"@type\":\"ImageObject\",\"url\":\"https:\\\/\\\/candas365.es\\\/noticias\\\/wp-content\\\/uploads\\\/2024\\\/09\\\/Candas-365-Redes.jpg\",\"@id\":\"https:\\\/\\\/candas365.es\\\/noticias\\\/presentada-en-fitur-2020-la-guia-de-rutas-saludables-de-carreno\\\/#organizationLogo\",\"width\":1152,\"height\":864,\"caption\":\"Cand\\u00e1s 365 Redes\"},\"image\":{\"@id\":\"https:\\\/\\\/candas365.es\\\/noticias\\\/presentada-en-fitur-2020-la-guia-de-rutas-saludables-de-carreno\\\/#organizationLogo\"},\"sameAs\":[\"https:\\\/\\\/www.facebook.com\\\/Nachofdezber\",\"https:\\\/\\\/x.com\\\/NabercoDigital\",\"https:\\\/\\\/www.instagram.com\\\/nachofdezber\\\/\",\"https:\\\/\\\/www.youtube.com\\\/channel\\\/UCZP-2wLEB9Rv6erhFmqVnvg\"],\"address\":{\"@id\":\"https:\\\/\\\/candas365.es\\\/noticias\\\/#postaladdress\",\"@type\":\"PostalAddress\",\"streetAddress\":\"san antonio 4, san antonio 4\",\"postalCode\":\"33430\",\"addressLocality\":\"Cand\\u00e1s\",\"addressRegion\":\"Asturias\",\"addressCountry\":\"ES\"}},{\"@type\":\"Person\",\"@id\":\"https:\\\/\\\/candas365.es\\\/noticias\\\/author\\\/admin\\\/#author\",\"url\":\"https:\\\/\\\/candas365.es\\\/noticias\\\/author\\\/admin\\\/\",\"name\":\"Cand\\u00e1s 365\",\"image\":{\"@type\":\"ImageObject\",\"@id\":\"https:\\\/\\\/candas365.es\\\/noticias\\\/presentada-en-fitur-2020-la-guia-de-rutas-saludables-de-carreno\\\/#authorImage\",\"url\":\"https:\\\/\\\/secure.gravatar.com\\\/avatar\\\/496a8e03d0c493ede1718b7934145dbdf8d89be1036b0eec9544e1094c9de390?s=96&d=mm&r=g\",\"width\":96,\"height\":96,\"caption\":\"Cand\\u00e1s 365\"},\"sameAs\":[\"https:\\\/\\\/www.facebook.com\\\/carrenoactualidad\",\"https:\\\/\\\/twitter.com\\\/nbasturias\",\"https:\\\/\\\/www.instagram.com\\\/nachofdezber\\\/\",\"https:\\\/\\\/www.youtube.com\\\/channel\\\/UCZP-2wLEB9Rv6erhFmqVnvg\"]},{\"@type\":\"WebPage\",\"@id\":\"https:\\\/\\\/candas365.es\\\/noticias\\\/presentada-en-fitur-2020-la-guia-de-rutas-saludables-de-carreno\\\/#webpage\",\"url\":\"https:\\\/\\\/candas365.es\\\/noticias\\\/presentada-en-fitur-2020-la-guia-de-rutas-saludables-de-carreno\\\/\",\"name\":\"Presentada en Fitur 2020 la gu\\u00eda de rutas saludables de Carre\\u00f1o | Cand\\u00e1s 365\",\"description\":\"Visitar Carre\\u00f1o es bueno para la Salud. Es \\u00e9ste el mensaje que la Alcaldesa de Carre\\u00f1o, Amelia Fern\\u00e1ndez, transmiti\\u00f3 en el pabell\\u00f3n del Principado de Asturias en la Feria Internacional del Turismo (FITUR), durante la presentaci\\u00f3n p\\u00fablica del folleto \\u201cRutas saludables de Carre\\u00f1o\\u201d, que ha editado el Ayuntamiento de Carre\\u00f1o, en el marco de la\",\"inLanguage\":\"es-ES\",\"isPartOf\":{\"@id\":\"https:\\\/\\\/candas365.es\\\/noticias\\\/#website\"},\"breadcrumb\":{\"@id\":\"https:\\\/\\\/candas365.es\\\/noticias\\\/presentada-en-fitur-2020-la-guia-de-rutas-saludables-de-carreno\\\/#breadcrumblist\"},\"author\":{\"@id\":\"https:\\\/\\\/candas365.es\\\/noticias\\\/author\\\/admin\\\/#author\"},\"creator\":{\"@id\":\"https:\\\/\\\/candas365.es\\\/noticias\\\/author\\\/admin\\\/#author\"},\"image\":{\"@type\":\"ImageObject\",\"url\":\"https:\\\/\\\/candas365.es\\\/noticias\\\/wp-content\\\/uploads\\\/2020\\\/01\\\/Alcaldesa-en-Fitur-2020.jpg\",\"@id\":\"https:\\\/\\\/candas365.es\\\/noticias\\\/presentada-en-fitur-2020-la-guia-de-rutas-saludables-de-carreno\\\/#mainImage\",\"width\":1027,\"height\":746},\"primaryImageOfPage\":{\"@id\":\"https:\\\/\\\/candas365.es\\\/noticias\\\/presentada-en-fitur-2020-la-guia-de-rutas-saludables-de-carreno\\\/#mainImage\"},\"datePublished\":\"2020-01-24T15:38:35+01:00\",\"dateModified\":\"2020-01-24T15:38:35+01:00\"},{\"@type\":\"WebSite\",\"@id\":\"https:\\\/\\\/candas365.es\\\/noticias\\\/#website\",\"url\":\"https:\\\/\\\/candas365.es\\\/noticias\\\/\",\"name\":\"Cand\\u00e1s 365\",\"alternateName\":\"Cand\\u00e1s 365 Noticias\",\"description\":\"Actualidad desde Carre\\u00f1o para el mundo\",\"inLanguage\":\"es-ES\",\"publisher\":{\"@id\":\"https:\\\/\\\/candas365.es\\\/noticias\\\/#organization\"}}]}\n\t\t<\/script>\n\t\t<!-- All in One SEO Pro -->\r\n\t\t<title>Presentada en Fitur 2020 la gu\u00eda de rutas saludables de Carre\u00f1o | Cand\u00e1s 365<\/title>\n\n","aioseo_head_json":{"title":"Presentada en Fitur 2020 la gu\u00eda de rutas saludables de Carre\u00f1o | Cand\u00e1s 365","description":"Visitar Carre\u00f1o es bueno para la Salud. Es \u00e9ste el mensaje que la Alcaldesa de Carre\u00f1o, Amelia Fern\u00e1ndez, transmiti\u00f3 en el pabell\u00f3n del Principado de Asturias en la Feria Internacional del Turismo (FITUR), durante la presentaci\u00f3n p\u00fablica del folleto \u201cRutas saludables de Carre\u00f1o\u201d, que ha editado el Ayuntamiento de Carre\u00f1o, en el marco de la","canonical_url":"https:\/\/candas365.es\/noticias\/presentada-en-fitur-2020-la-guia-de-rutas-saludables-de-carreno\/","robots":"max-image-preview:large","keywords":"noticias carre\u00f1o","webmasterTools":{"google-site-verification":"UA-32230408-1","msvalidate.01":"354F3CDFB2DA171B47FBE9ABF1F88D5","miscellaneous":""},"schema":{"@context":"https:\/\/schema.org","@graph":[{"@type":"BreadcrumbList","@id":"https:\/\/candas365.es\/noticias\/presentada-en-fitur-2020-la-guia-de-rutas-saludables-de-carreno\/#breadcrumblist","itemListElement":[{"@type":"ListItem","@id":"https:\/\/candas365.es\/noticias#listItem","position":1,"name":"Home","item":"https:\/\/candas365.es\/noticias","nextItem":{"@type":"ListItem","@id":"https:\/\/candas365.es\/noticias\/category\/noticias-carreno\/#listItem","name":"Noticias Carre\u00f1o"}},{"@type":"ListItem","@id":"https:\/\/candas365.es\/noticias\/category\/noticias-carreno\/#listItem","position":2,"name":"Noticias Carre\u00f1o","item":"https:\/\/candas365.es\/noticias\/category\/noticias-carreno\/","nextItem":{"@type":"ListItem","@id":"https:\/\/candas365.es\/noticias\/presentada-en-fitur-2020-la-guia-de-rutas-saludables-de-carreno\/#listItem","name":"Presentada en Fitur 2020 la gu\u00eda de rutas saludables de Carre\u00f1o"},"previousItem":{"@type":"ListItem","@id":"https:\/\/candas365.es\/noticias#listItem","name":"Home"}},{"@type":"ListItem","@id":"https:\/\/candas365.es\/noticias\/presentada-en-fitur-2020-la-guia-de-rutas-saludables-de-carreno\/#listItem","position":3,"name":"Presentada en Fitur 2020 la gu\u00eda de rutas saludables de Carre\u00f1o","previousItem":{"@type":"ListItem","@id":"https:\/\/candas365.es\/noticias\/category\/noticias-carreno\/#listItem","name":"Noticias Carre\u00f1o"}}]},{"@type":"NewsArticle","@id":"https:\/\/candas365.es\/noticias\/presentada-en-fitur-2020-la-guia-de-rutas-saludables-de-carreno\/#newsarticle","name":"Presentada en Fitur 2020 la gu\u00eda de rutas saludables de Carre\u00f1o | Cand\u00e1s 365","headline":"Presentada en Fitur 2020 la gu\u00eda de rutas saludables de Carre\u00f1o","author":{"@id":"https:\/\/candas365.es\/noticias\/author\/admin\/#author"},"publisher":{"@id":"https:\/\/candas365.es\/noticias\/#organization"},"image":{"@type":"ImageObject","url":"https:\/\/candas365.es\/noticias\/wp-content\/uploads\/2020\/01\/Alcaldesa-en-Fitur-2020.jpg","width":1027,"height":746},"datePublished":"2020-01-24T15:38:35+01:00","dateModified":"2020-01-24T15:38:35+01:00","inLanguage":"es-ES","mainEntityOfPage":{"@id":"https:\/\/candas365.es\/noticias\/presentada-en-fitur-2020-la-guia-de-rutas-saludables-de-carreno\/#webpage"},"isPartOf":{"@id":"https:\/\/candas365.es\/noticias\/presentada-en-fitur-2020-la-guia-de-rutas-saludables-de-carreno\/#webpage"},"articleSection":"Noticias Carre\u00f1o","dateline":"Publicado el enero 24, 2020."},{"@type":"Organization","@id":"https:\/\/candas365.es\/noticias\/#organization","name":"Cand\u00e1s 365","description":"Cand\u00e1s 365 es un diario digital independiente, fundado en 2012, con base en Asturias. Informamos con rigor sobre actualidad, sociedad, cultura y ocio, con una mirada local y global.","url":"https:\/\/candas365.es\/noticias\/","email":"info@candas365.es","telephone":"+34652131393","foundingDate":"2012-06-10","logo":{"@type":"ImageObject","url":"https:\/\/candas365.es\/noticias\/wp-content\/uploads\/2024\/09\/Candas-365-Redes.jpg","@id":"https:\/\/candas365.es\/noticias\/presentada-en-fitur-2020-la-guia-de-rutas-saludables-de-carreno\/#organizationLogo","width":1152,"height":864,"caption":"Cand\u00e1s 365 Redes"},"image":{"@id":"https:\/\/candas365.es\/noticias\/presentada-en-fitur-2020-la-guia-de-rutas-saludables-de-carreno\/#organizationLogo"},"sameAs":["https:\/\/www.facebook.com\/Nachofdezber","https:\/\/x.com\/NabercoDigital","https:\/\/www.instagram.com\/nachofdezber\/","https:\/\/www.youtube.com\/channel\/UCZP-2wLEB9Rv6erhFmqVnvg"],"address":{"@id":"https:\/\/candas365.es\/noticias\/#postaladdress","@type":"PostalAddress","streetAddress":"san antonio 4, san antonio 4","postalCode":"33430","addressLocality":"Cand\u00e1s","addressRegion":"Asturias","addressCountry":"ES"}},{"@type":"Person","@id":"https:\/\/candas365.es\/noticias\/author\/admin\/#author","url":"https:\/\/candas365.es\/noticias\/author\/admin\/","name":"Cand\u00e1s 365","image":{"@type":"ImageObject","@id":"https:\/\/candas365.es\/noticias\/presentada-en-fitur-2020-la-guia-de-rutas-saludables-de-carreno\/#authorImage","url":"https:\/\/secure.gravatar.com\/avatar\/496a8e03d0c493ede1718b7934145dbdf8d89be1036b0eec9544e1094c9de390?s=96&d=mm&r=g","width":96,"height":96,"caption":"Cand\u00e1s 365"},"sameAs":["https:\/\/www.facebook.com\/carrenoactualidad","https:\/\/twitter.com\/nbasturias","https:\/\/www.instagram.com\/nachofdezber\/","https:\/\/www.youtube.com\/channel\/UCZP-2wLEB9Rv6erhFmqVnvg"]},{"@type":"WebPage","@id":"https:\/\/candas365.es\/noticias\/presentada-en-fitur-2020-la-guia-de-rutas-saludables-de-carreno\/#webpage","url":"https:\/\/candas365.es\/noticias\/presentada-en-fitur-2020-la-guia-de-rutas-saludables-de-carreno\/","name":"Presentada en Fitur 2020 la gu\u00eda de rutas saludables de Carre\u00f1o | Cand\u00e1s 365","description":"Visitar Carre\u00f1o es bueno para la Salud. Es \u00e9ste el mensaje que la Alcaldesa de Carre\u00f1o, Amelia Fern\u00e1ndez, transmiti\u00f3 en el pabell\u00f3n del Principado de Asturias en la Feria Internacional del Turismo (FITUR), durante la presentaci\u00f3n p\u00fablica del folleto \u201cRutas saludables de Carre\u00f1o\u201d, que ha editado el Ayuntamiento de Carre\u00f1o, en el marco de la","inLanguage":"es-ES","isPartOf":{"@id":"https:\/\/candas365.es\/noticias\/#website"},"breadcrumb":{"@id":"https:\/\/candas365.es\/noticias\/presentada-en-fitur-2020-la-guia-de-rutas-saludables-de-carreno\/#breadcrumblist"},"author":{"@id":"https:\/\/candas365.es\/noticias\/author\/admin\/#author"},"creator":{"@id":"https:\/\/candas365.es\/noticias\/author\/admin\/#author"},"image":{"@type":"ImageObject","url":"https:\/\/candas365.es\/noticias\/wp-content\/uploads\/2020\/01\/Alcaldesa-en-Fitur-2020.jpg","@id":"https:\/\/candas365.es\/noticias\/presentada-en-fitur-2020-la-guia-de-rutas-saludables-de-carreno\/#mainImage","width":1027,"height":746},"primaryImageOfPage":{"@id":"https:\/\/candas365.es\/noticias\/presentada-en-fitur-2020-la-guia-de-rutas-saludables-de-carreno\/#mainImage"},"datePublished":"2020-01-24T15:38:35+01:00","dateModified":"2020-01-24T15:38:35+01:00"},{"@type":"WebSite","@id":"https:\/\/candas365.es\/noticias\/#website","url":"https:\/\/candas365.es\/noticias\/","name":"Cand\u00e1s 365","alternateName":"Cand\u00e1s 365 Noticias","description":"Actualidad desde Carre\u00f1o para el mundo","inLanguage":"es-ES","publisher":{"@id":"https:\/\/candas365.es\/noticias\/#organization"}}]},"og:locale":"es_ES","og:site_name":"Cand\u00e1s 365","og:type":"article","og:title":"Presentada en Fitur 2020 la gu\u00eda de rutas saludables de Carre\u00f1o | Cand\u00e1s 365","og:description":"Visitar Carre\u00f1o es bueno para la Salud. Es \u00e9ste el mensaje que la Alcaldesa de Carre\u00f1o, Amelia Fern\u00e1ndez, transmiti\u00f3 en el pabell\u00f3n del Principado de Asturias en la Feria Internacional del Turismo (FITUR), durante la presentaci\u00f3n p\u00fablica del folleto \u201cRutas saludables de Carre\u00f1o\u201d, que ha editado el Ayuntamiento de Carre\u00f1o, en el marco de la","og:url":"https:\/\/candas365.es\/noticias\/presentada-en-fitur-2020-la-guia-de-rutas-saludables-de-carreno\/","og:image":"https:\/\/candas365.es\/noticias\/wp-content\/uploads\/2020\/01\/Alcaldesa-en-Fitur-2020.jpg","og:image:secure_url":"https:\/\/candas365.es\/noticias\/wp-content\/uploads\/2020\/01\/Alcaldesa-en-Fitur-2020.jpg","og:image:width":1027,"og:image:height":746,"article:published_time":"2020-01-24T15:38:35+00:00","article:modified_time":"2020-01-24T15:38:35+00:00","article:publisher":"https:\/\/www.facebook.com\/Nachofdezber","article:author":"https:\/\/www.facebook.com\/carrenoactualidad","twitter:card":"summary_large_image","twitter:site":"@NabercoDigital","twitter:title":"Presentada en Fitur 2020 la gu\u00eda de rutas saludables de Carre\u00f1o | Cand\u00e1s 365","twitter:description":"Visitar Carre\u00f1o es bueno para la Salud. Es \u00e9ste el mensaje que la Alcaldesa de Carre\u00f1o, Amelia Fern\u00e1ndez, transmiti\u00f3 en el pabell\u00f3n del Principado de Asturias en la Feria Internacional del Turismo (FITUR), durante la presentaci\u00f3n p\u00fablica del folleto \u201cRutas saludables de Carre\u00f1o\u201d, que ha editado el Ayuntamiento de Carre\u00f1o, en el marco de la","twitter:creator":"@nbasturias","twitter:image":"https:\/\/candas365.es\/noticias\/wp-content\/uploads\/2020\/01\/Alcaldesa-en-Fitur-2020.jpg","twitter:label1":"Escrito por","twitter:data1":"Cand\u00e1s 365","twitter:label2":"Tiempo de lectura estimado","twitter:data2":"2 minutos"},"aioseo_meta_data":{"post_id":"136916","title":null,"description":null,"keywords":null,"keyphrases":null,"primary_term":null,"canonical_url":null,"og_title":null,"og_description":null,"og_object_type":"default","og_image_type":"default","og_image_url":null,"og_image_width":null,"og_image_height":null,"og_image_custom_url":null,"og_image_custom_fields":null,"og_video":null,"og_custom_url":null,"og_article_section":null,"og_article_tags":null,"twitter_use_og":false,"twitter_card":"default","twitter_image_type":"default","twitter_image_url":null,"twitter_image_custom_url":null,"twitter_image_custom_fields":null,"twitter_title":null,"twitter_description":null,"schema":{"blockGraphs":[],"customGraphs":[],"default":{"data":{"Article":[],"Course":[],"Dataset":[],"FAQPage":[],"Movie":[],"Person":[],"Product":[],"ProductReview":[],"Car":[],"Recipe":[],"Service":[],"SoftwareApplication":[],"WebPage":[]},"graphName":"","isEnabled":true},"graphs":[]},"schema_type":null,"schema_type_options":null,"pillar_content":false,"robots_default":true,"robots_noindex":false,"robots_noarchive":false,"robots_nosnippet":false,"robots_nofollow":false,"robots_noimageindex":false,"robots_noodp":false,"robots_notranslate":false,"robots_max_snippet":null,"robots_max_videopreview":null,"robots_max_imagepreview":"large","priority":null,"frequency":null,"location":null,"local_seo":null,"seo_analyzer_scan_date":"2025-08-30 22:15:14","breadcrumb_settings":null,"limit_modified_date":false,"reviewed_by":null,"open_ai":null,"ai":null,"created":"2020-12-21 10:47:42","updated":"2025-08-30 22:15:14"},"aioseo_breadcrumb":"<div class=\"aioseo-breadcrumbs\"><span class=\"aioseo-breadcrumb\">\n\t<a href=\"https:\/\/candas365.es\/noticias\" title=\"Home\">Home<\/a>\n<\/span><span class=\"aioseo-breadcrumb-separator\">&ndash;<\/span><span class=\"aioseo-breadcrumb\">\n\t<a href=\"https:\/\/candas365.es\/noticias\/category\/noticias-carreno\/\" title=\"Noticias Carre\u00f1o\">Noticias Carre\u00f1o<\/a>\n<\/span><span class=\"aioseo-breadcrumb-separator\">&ndash;<\/span><span class=\"aioseo-breadcrumb\">\n\tPresentada en Fitur 2020 la gu\u00eda de rutas saludables de Carre\u00f1o\n<\/span><\/div>","aioseo_breadcrumb_json":[{"label":"Home","link":"https:\/\/candas365.es\/noticias"},{"label":"Noticias Carre\u00f1o","link":"https:\/\/candas365.es\/noticias\/category\/noticias-carreno\/"},{"label":"Presentada en Fitur 2020 la gu\u00eda de rutas saludables de Carre\u00f1o","link":"https:\/\/candas365.es\/noticias\/presentada-en-fitur-2020-la-guia-de-rutas-saludables-de-carreno\/"}],"_links":{"self":[{"href":"https:\/\/candas365.es\/noticias\/wp-json\/wp\/v2\/posts\/136916","targetHints":{"allow":["GET"]}}],"collection":[{"href":"https:\/\/candas365.es\/noticias\/wp-json\/wp\/v2\/posts"}],"about":[{"href":"https:\/\/candas365.es\/noticias\/wp-json\/wp\/v2\/types\/post"}],"author":[{"embeddable":true,"href":"https:\/\/candas365.es\/noticias\/wp-json\/wp\/v2\/users\/1"}],"replies":[{"embeddable":true,"href":"https:\/\/candas365.es\/noticias\/wp-json\/wp\/v2\/comments?post=136916"}],"version-history":[{"count":0,"href":"https:\/\/candas365.es\/noticias\/wp-json\/wp\/v2\/posts\/136916\/revisions"}],"wp:featuredmedia":[{"embeddable":true,"href":"https:\/\/candas365.es\/noticias\/wp-json\/wp\/v2\/media\/136917"}],"wp:attachment":[{"href":"https:\/\/candas365.es\/noticias\/wp-json\/wp\/v2\/media?parent=136916"}],"wp:term":[{"taxonomy":"category","embeddable":true,"href":"https:\/\/candas365.es\/noticias\/wp-json\/wp\/v2\/categories?post=136916"},{"taxonomy":"post_tag","embeddable":true,"href":"https:\/\/candas365.es\/noticias\/wp-json\/wp\/v2\/tags?post=136916"}],"curies":[{"name":"wp","href":"https:\/\/api.w.org\/{rel}","templated":true}]}}