{"id":136859,"date":"2020-01-23T17:58:44","date_gmt":"2020-01-23T17:58:44","guid":{"rendered":"http:\/\/candas365.es\/noticias\/?p=136859"},"modified":"2020-01-23T17:58:44","modified_gmt":"2020-01-23T17:58:44","slug":"ovinorte-realiza-las-obras-de-acondicionamiento-de-la-factoria-musical-en-carreno","status":"publish","type":"post","link":"https:\/\/candas365.es\/noticias\/ovinorte-realiza-las-obras-de-acondicionamiento-de-la-factoria-musical-en-carreno\/","title":{"rendered":"OVINORTE realiza las obras de acondicionamiento de la \u00abFactor\u00eda Musical\u00bb en Carre\u00f1o"},"content":{"rendered":"<p><img fetchpriority=\"high\" decoding=\"async\" class=\"alignleft size-medium wp-image-136860\" src=\"https:\/\/candas365.es\/noticias\/wp-content\/uploads\/2020\/01\/carre\u00f1o-1-360x270.jpg\" alt=\"\" width=\"360\" height=\"270\" srcset=\"https:\/\/candas365.es\/noticias\/wp-content\/uploads\/2020\/01\/carre\u00f1o-1-360x270.jpg 360w, https:\/\/candas365.es\/noticias\/wp-content\/uploads\/2020\/01\/carre\u00f1o-1-640x480.jpg 640w, https:\/\/candas365.es\/noticias\/wp-content\/uploads\/2020\/01\/carre\u00f1o-1-696x522.jpg 696w, https:\/\/candas365.es\/noticias\/wp-content\/uploads\/2020\/01\/carre\u00f1o-1-560x420.jpg 560w, https:\/\/candas365.es\/noticias\/wp-content\/uploads\/2020\/01\/carre\u00f1o-1-80x60.jpg 80w, https:\/\/candas365.es\/noticias\/wp-content\/uploads\/2020\/01\/carre\u00f1o-1-265x198.jpg 265w, https:\/\/candas365.es\/noticias\/wp-content\/uploads\/2020\/01\/carre\u00f1o-1.jpg 700w\" sizes=\"(max-width: 360px) 100vw, 360px\" \/>El Ayuntamiento de Carre\u00f1o anunci\u00f3 recientemente que la alcaldesa de Carre\u00f1o, Amelia Fern\u00e1ndez, visit\u00f3 el Centro de Iniciativa Rural de Carri\u00f3 ubicado en el Barrio de la Sabarriona en la parroquia de Carri\u00f3.<\/p>\n<p>En estas instalaciones la empresa OVINORTE realiza la primera fase de acondicionamiento para albergar la \u201cFactor\u00eda Musical\u201d.<\/p>\n<p>La futura \u201cFactor\u00eda Musical\u201d alojar\u00e1 en su planta baja locales de ensayo para agrupaciones de rock y musicales adem\u00e1s de un estudio de grabaci\u00f3n. Mantendr\u00e1 los usos socioculturales y vecinales en el edificio incorporando ba\u00f1o accesible a dicho centro.<\/p>\n<p>En el a\u00f1o 2019 se destinaron 84.416,60 \u20ac para la realizaci\u00f3n de esta primera fase de obras, las cuales han consistido en las obras de demolici\u00f3n y estructura.<\/p>\n<p>\u201cEl Ayuntamiento de Carre\u00f1o, con la adecuaci\u00f3n de este equipamiento, aspira poder ofrecer locales de ensayo a estos grupos y firmar convenios de uso de los mismos, fijando con estas agrupaciones acuerdo de colaboraci\u00f3n que reviertan en forma de actuaciones en el concejo. Se opt\u00f3 por realizar la Factor\u00eda Musical, en este local cedido por Tudela Vegu\u00edn al Ayuntamiento, por su ubicaci\u00f3n y amplitud, adem\u00e1s de mantener suficiente distancia con zonas muy pobladas donde los ensayos musicales podr\u00edan causar problemas de convivencia por los ruidos que se generen\u201d explic\u00f3 la Alcaldesa.<\/p>\n","protected":false},"excerpt":{"rendered":"<p>El Ayuntamiento de Carre\u00f1o anunci\u00f3 recientemente que la alcaldesa de Carre\u00f1o, Amelia Fern\u00e1ndez, visit\u00f3 el Centro de Iniciativa Rural de Carri\u00f3 ubicado en el Barrio de la Sabarriona en la parroquia de Carri\u00f3. En estas instalaciones la empresa OVINORTE realiza la primera fase de acondicionamiento para albergar la \u201cFactor\u00eda Musical\u201d. La futura \u201cFactor\u00eda Musical\u201d alojar\u00e1<\/p>\n","protected":false},"author":1,"featured_media":136860,"comment_status":"closed","ping_status":"closed","sticky":false,"template":"","format":"standard","meta":{"footnotes":""},"categories":[2],"tags":[],"class_list":{"0":"post-136859","1":"post","2":"type-post","3":"status-publish","4":"format-standard","5":"has-post-thumbnail","7":"category-noticias-carreno"},"aioseo_notices":[],"aioseo_head":"\n\t\t<!-- All in One SEO Pro 4.9.6.2 - aioseo.com -->\n\t<meta name=\"description\" content=\"El Ayuntamiento de Carre\u00f1o anunci\u00f3 recientemente que la alcaldesa de Carre\u00f1o, Amelia Fern\u00e1ndez, visit\u00f3 el Centro de Iniciativa Rural de Carri\u00f3 ubicado en el Barrio de la Sabarriona en la parroquia de Carri\u00f3. En estas instalaciones la empresa OVINORTE realiza la primera fase de acondicionamiento para albergar la \u201cFactor\u00eda Musical\u201d. La futura \u201cFactor\u00eda Musical\u201d alojar\u00e1\" \/>\n\t<meta name=\"robots\" content=\"max-image-preview:large\" \/>\n\t<meta name=\"author\" content=\"Cand\u00e1s 365\"\/>\n\t<meta name=\"google-site-verification\" content=\"UA-32230408-1\" \/>\n\t<meta name=\"msvalidate.01\" content=\"354F3CDFB2DA171B47FBE9ABF1F88D5\" \/>\n\t<meta name=\"keywords\" content=\"noticias carre\u00f1o\" \/>\n\t<link rel=\"canonical\" href=\"https:\/\/candas365.es\/noticias\/ovinorte-realiza-las-obras-de-acondicionamiento-de-la-factoria-musical-en-carreno\/\" \/>\n\t<meta name=\"generator\" content=\"All in One SEO Pro (AIOSEO) 4.9.6.2\" \/>\n\t\t<meta property=\"og:locale\" content=\"es_ES\" \/>\n\t\t<meta property=\"og:site_name\" content=\"Cand\u00e1s 365\" \/>\n\t\t<meta property=\"og:type\" content=\"article\" \/>\n\t\t<meta property=\"og:title\" content=\"OVINORTE realiza las obras de acondicionamiento de la \u00abFactor\u00eda Musical\u00bb en Carre\u00f1o | Cand\u00e1s 365\" \/>\n\t\t<meta property=\"og:description\" content=\"El Ayuntamiento de Carre\u00f1o anunci\u00f3 recientemente que la alcaldesa de Carre\u00f1o, Amelia Fern\u00e1ndez, visit\u00f3 el Centro de Iniciativa Rural de Carri\u00f3 ubicado en el Barrio de la Sabarriona en la parroquia de Carri\u00f3. En estas instalaciones la empresa OVINORTE realiza la primera fase de acondicionamiento para albergar la \u201cFactor\u00eda Musical\u201d. La futura \u201cFactor\u00eda Musical\u201d alojar\u00e1\" \/>\n\t\t<meta property=\"og:url\" content=\"https:\/\/candas365.es\/noticias\/ovinorte-realiza-las-obras-de-acondicionamiento-de-la-factoria-musical-en-carreno\/\" \/>\n\t\t<meta property=\"og:image\" content=\"https:\/\/candas365.es\/noticias\/wp-content\/uploads\/2020\/01\/carre\u00f1o-1.jpg\" \/>\n\t\t<meta property=\"og:image:secure_url\" content=\"https:\/\/candas365.es\/noticias\/wp-content\/uploads\/2020\/01\/carre\u00f1o-1.jpg\" \/>\n\t\t<meta property=\"og:image:width\" content=\"700\" \/>\n\t\t<meta property=\"og:image:height\" content=\"525\" \/>\n\t\t<meta property=\"article:published_time\" content=\"2020-01-23T17:58:44+00:00\" \/>\n\t\t<meta property=\"article:modified_time\" content=\"2020-01-23T17:58:44+00:00\" \/>\n\t\t<meta property=\"article:publisher\" content=\"https:\/\/www.facebook.com\/Nachofdezber\" \/>\n\t\t<meta property=\"article:author\" content=\"https:\/\/www.facebook.com\/carrenoactualidad\" \/>\n\t\t<meta name=\"twitter:card\" content=\"summary_large_image\" \/>\n\t\t<meta name=\"twitter:site\" content=\"@NabercoDigital\" \/>\n\t\t<meta name=\"twitter:title\" content=\"OVINORTE realiza las obras de acondicionamiento de la \u00abFactor\u00eda Musical\u00bb en Carre\u00f1o | Cand\u00e1s 365\" \/>\n\t\t<meta name=\"twitter:description\" content=\"El Ayuntamiento de Carre\u00f1o anunci\u00f3 recientemente que la alcaldesa de Carre\u00f1o, Amelia Fern\u00e1ndez, visit\u00f3 el Centro de Iniciativa Rural de Carri\u00f3 ubicado en el Barrio de la Sabarriona en la parroquia de Carri\u00f3. En estas instalaciones la empresa OVINORTE realiza la primera fase de acondicionamiento para albergar la \u201cFactor\u00eda Musical\u201d. La futura \u201cFactor\u00eda Musical\u201d alojar\u00e1\" \/>\n\t\t<meta name=\"twitter:creator\" content=\"@nbasturias\" \/>\n\t\t<meta name=\"twitter:image\" content=\"https:\/\/candas365.es\/noticias\/wp-content\/uploads\/2020\/01\/carre\u00f1o-1.jpg\" \/>\n\t\t<meta name=\"twitter:label1\" content=\"Escrito por\" \/>\n\t\t<meta name=\"twitter:data1\" content=\"Cand\u00e1s 365\" \/>\n\t\t<meta name=\"twitter:label2\" content=\"Tiempo de lectura estimado\" \/>\n\t\t<meta name=\"twitter:data2\" content=\"1 minuto\" \/>\n\t\t<script type=\"application\/ld+json\" class=\"aioseo-schema\">\n\t\t\t{\"@context\":\"https:\\\/\\\/schema.org\",\"@graph\":[{\"@type\":\"BreadcrumbList\",\"@id\":\"https:\\\/\\\/candas365.es\\\/noticias\\\/ovinorte-realiza-las-obras-de-acondicionamiento-de-la-factoria-musical-en-carreno\\\/#breadcrumblist\",\"itemListElement\":[{\"@type\":\"ListItem\",\"@id\":\"https:\\\/\\\/candas365.es\\\/noticias#listItem\",\"position\":1,\"name\":\"Home\",\"item\":\"https:\\\/\\\/candas365.es\\\/noticias\",\"nextItem\":{\"@type\":\"ListItem\",\"@id\":\"https:\\\/\\\/candas365.es\\\/noticias\\\/category\\\/noticias-carreno\\\/#listItem\",\"name\":\"Noticias Carre\\u00f1o\"}},{\"@type\":\"ListItem\",\"@id\":\"https:\\\/\\\/candas365.es\\\/noticias\\\/category\\\/noticias-carreno\\\/#listItem\",\"position\":2,\"name\":\"Noticias Carre\\u00f1o\",\"item\":\"https:\\\/\\\/candas365.es\\\/noticias\\\/category\\\/noticias-carreno\\\/\",\"nextItem\":{\"@type\":\"ListItem\",\"@id\":\"https:\\\/\\\/candas365.es\\\/noticias\\\/ovinorte-realiza-las-obras-de-acondicionamiento-de-la-factoria-musical-en-carreno\\\/#listItem\",\"name\":\"OVINORTE realiza las obras de acondicionamiento de la \\u00abFactor\\u00eda Musical\\u00bb en Carre\\u00f1o\"},\"previousItem\":{\"@type\":\"ListItem\",\"@id\":\"https:\\\/\\\/candas365.es\\\/noticias#listItem\",\"name\":\"Home\"}},{\"@type\":\"ListItem\",\"@id\":\"https:\\\/\\\/candas365.es\\\/noticias\\\/ovinorte-realiza-las-obras-de-acondicionamiento-de-la-factoria-musical-en-carreno\\\/#listItem\",\"position\":3,\"name\":\"OVINORTE realiza las obras de acondicionamiento de la \\u00abFactor\\u00eda Musical\\u00bb en Carre\\u00f1o\",\"previousItem\":{\"@type\":\"ListItem\",\"@id\":\"https:\\\/\\\/candas365.es\\\/noticias\\\/category\\\/noticias-carreno\\\/#listItem\",\"name\":\"Noticias Carre\\u00f1o\"}}]},{\"@type\":\"NewsArticle\",\"@id\":\"https:\\\/\\\/candas365.es\\\/noticias\\\/ovinorte-realiza-las-obras-de-acondicionamiento-de-la-factoria-musical-en-carreno\\\/#newsarticle\",\"name\":\"OVINORTE realiza las obras de acondicionamiento de la \\u00abFactor\\u00eda Musical\\u00bb en Carre\\u00f1o | Cand\\u00e1s 365\",\"headline\":\"OVINORTE realiza las obras de acondicionamiento de la \\u00abFactor\\u00eda Musical\\u00bb en Carre\\u00f1o\",\"author\":{\"@id\":\"https:\\\/\\\/candas365.es\\\/noticias\\\/author\\\/admin\\\/#author\"},\"publisher\":{\"@id\":\"https:\\\/\\\/candas365.es\\\/noticias\\\/#organization\"},\"image\":{\"@type\":\"ImageObject\",\"url\":\"https:\\\/\\\/candas365.es\\\/noticias\\\/wp-content\\\/uploads\\\/2020\\\/01\\\/carre\\u00f1o-1.jpg\",\"width\":700,\"height\":525},\"datePublished\":\"2020-01-23T17:58:44+01:00\",\"dateModified\":\"2020-01-23T17:58:44+01:00\",\"inLanguage\":\"es-ES\",\"mainEntityOfPage\":{\"@id\":\"https:\\\/\\\/candas365.es\\\/noticias\\\/ovinorte-realiza-las-obras-de-acondicionamiento-de-la-factoria-musical-en-carreno\\\/#webpage\"},\"isPartOf\":{\"@id\":\"https:\\\/\\\/candas365.es\\\/noticias\\\/ovinorte-realiza-las-obras-de-acondicionamiento-de-la-factoria-musical-en-carreno\\\/#webpage\"},\"articleSection\":\"Noticias Carre\\u00f1o\",\"dateline\":\"Publicado el enero 23, 2020.\"},{\"@type\":\"Organization\",\"@id\":\"https:\\\/\\\/candas365.es\\\/noticias\\\/#organization\",\"name\":\"Cand\\u00e1s 365\",\"description\":\"Cand\\u00e1s 365 es un diario digital independiente, fundado en 2012, con base en Asturias. Informamos con rigor sobre actualidad, sociedad, cultura y ocio, con una mirada local y global.\",\"url\":\"https:\\\/\\\/candas365.es\\\/noticias\\\/\",\"email\":\"info@candas365.es\",\"telephone\":\"+34652131393\",\"foundingDate\":\"2012-06-10\",\"logo\":{\"@type\":\"ImageObject\",\"url\":\"https:\\\/\\\/candas365.es\\\/noticias\\\/wp-content\\\/uploads\\\/2024\\\/09\\\/Candas-365-Redes.jpg\",\"@id\":\"https:\\\/\\\/candas365.es\\\/noticias\\\/ovinorte-realiza-las-obras-de-acondicionamiento-de-la-factoria-musical-en-carreno\\\/#organizationLogo\",\"width\":1152,\"height\":864,\"caption\":\"Cand\\u00e1s 365 Redes\"},\"image\":{\"@id\":\"https:\\\/\\\/candas365.es\\\/noticias\\\/ovinorte-realiza-las-obras-de-acondicionamiento-de-la-factoria-musical-en-carreno\\\/#organizationLogo\"},\"sameAs\":[\"https:\\\/\\\/www.facebook.com\\\/Nachofdezber\",\"https:\\\/\\\/x.com\\\/NabercoDigital\",\"https:\\\/\\\/www.instagram.com\\\/nachofdezber\\\/\",\"https:\\\/\\\/www.youtube.com\\\/channel\\\/UCZP-2wLEB9Rv6erhFmqVnvg\"],\"address\":{\"@id\":\"https:\\\/\\\/candas365.es\\\/noticias\\\/#postaladdress\",\"@type\":\"PostalAddress\",\"streetAddress\":\"san antonio 4, san antonio 4\",\"postalCode\":\"33430\",\"addressLocality\":\"Cand\\u00e1s\",\"addressRegion\":\"Asturias\",\"addressCountry\":\"ES\"}},{\"@type\":\"Person\",\"@id\":\"https:\\\/\\\/candas365.es\\\/noticias\\\/author\\\/admin\\\/#author\",\"url\":\"https:\\\/\\\/candas365.es\\\/noticias\\\/author\\\/admin\\\/\",\"name\":\"Cand\\u00e1s 365\",\"image\":{\"@type\":\"ImageObject\",\"@id\":\"https:\\\/\\\/candas365.es\\\/noticias\\\/ovinorte-realiza-las-obras-de-acondicionamiento-de-la-factoria-musical-en-carreno\\\/#authorImage\",\"url\":\"https:\\\/\\\/secure.gravatar.com\\\/avatar\\\/496a8e03d0c493ede1718b7934145dbdf8d89be1036b0eec9544e1094c9de390?s=96&d=mm&r=g\",\"width\":96,\"height\":96,\"caption\":\"Cand\\u00e1s 365\"},\"sameAs\":[\"https:\\\/\\\/www.facebook.com\\\/carrenoactualidad\",\"https:\\\/\\\/twitter.com\\\/nbasturias\",\"https:\\\/\\\/www.instagram.com\\\/nachofdezber\\\/\",\"https:\\\/\\\/www.youtube.com\\\/channel\\\/UCZP-2wLEB9Rv6erhFmqVnvg\"]},{\"@type\":\"WebPage\",\"@id\":\"https:\\\/\\\/candas365.es\\\/noticias\\\/ovinorte-realiza-las-obras-de-acondicionamiento-de-la-factoria-musical-en-carreno\\\/#webpage\",\"url\":\"https:\\\/\\\/candas365.es\\\/noticias\\\/ovinorte-realiza-las-obras-de-acondicionamiento-de-la-factoria-musical-en-carreno\\\/\",\"name\":\"OVINORTE realiza las obras de acondicionamiento de la \\u00abFactor\\u00eda Musical\\u00bb en Carre\\u00f1o | Cand\\u00e1s 365\",\"description\":\"El Ayuntamiento de Carre\\u00f1o anunci\\u00f3 recientemente que la alcaldesa de Carre\\u00f1o, Amelia Fern\\u00e1ndez, visit\\u00f3 el Centro de Iniciativa Rural de Carri\\u00f3 ubicado en el Barrio de la Sabarriona en la parroquia de Carri\\u00f3. En estas instalaciones la empresa OVINORTE realiza la primera fase de acondicionamiento para albergar la \\u201cFactor\\u00eda Musical\\u201d. La futura \\u201cFactor\\u00eda Musical\\u201d alojar\\u00e1\",\"inLanguage\":\"es-ES\",\"isPartOf\":{\"@id\":\"https:\\\/\\\/candas365.es\\\/noticias\\\/#website\"},\"breadcrumb\":{\"@id\":\"https:\\\/\\\/candas365.es\\\/noticias\\\/ovinorte-realiza-las-obras-de-acondicionamiento-de-la-factoria-musical-en-carreno\\\/#breadcrumblist\"},\"author\":{\"@id\":\"https:\\\/\\\/candas365.es\\\/noticias\\\/author\\\/admin\\\/#author\"},\"creator\":{\"@id\":\"https:\\\/\\\/candas365.es\\\/noticias\\\/author\\\/admin\\\/#author\"},\"image\":{\"@type\":\"ImageObject\",\"url\":\"https:\\\/\\\/candas365.es\\\/noticias\\\/wp-content\\\/uploads\\\/2020\\\/01\\\/carre\\u00f1o-1.jpg\",\"@id\":\"https:\\\/\\\/candas365.es\\\/noticias\\\/ovinorte-realiza-las-obras-de-acondicionamiento-de-la-factoria-musical-en-carreno\\\/#mainImage\",\"width\":700,\"height\":525},\"primaryImageOfPage\":{\"@id\":\"https:\\\/\\\/candas365.es\\\/noticias\\\/ovinorte-realiza-las-obras-de-acondicionamiento-de-la-factoria-musical-en-carreno\\\/#mainImage\"},\"datePublished\":\"2020-01-23T17:58:44+01:00\",\"dateModified\":\"2020-01-23T17:58:44+01:00\"},{\"@type\":\"WebSite\",\"@id\":\"https:\\\/\\\/candas365.es\\\/noticias\\\/#website\",\"url\":\"https:\\\/\\\/candas365.es\\\/noticias\\\/\",\"name\":\"Cand\\u00e1s 365\",\"alternateName\":\"Cand\\u00e1s 365 Noticias\",\"description\":\"Actualidad desde Carre\\u00f1o para el mundo\",\"inLanguage\":\"es-ES\",\"publisher\":{\"@id\":\"https:\\\/\\\/candas365.es\\\/noticias\\\/#organization\"}}]}\n\t\t<\/script>\n\t\t<!-- All in One SEO Pro -->\r\n\t\t<title>OVINORTE realiza las obras de acondicionamiento de la \u00abFactor\u00eda Musical\u00bb en Carre\u00f1o | Cand\u00e1s 365<\/title>\n\n","aioseo_head_json":{"title":"OVINORTE realiza las obras de acondicionamiento de la \u00abFactor\u00eda Musical\u00bb en Carre\u00f1o | Cand\u00e1s 365","description":"El Ayuntamiento de Carre\u00f1o anunci\u00f3 recientemente que la alcaldesa de Carre\u00f1o, Amelia Fern\u00e1ndez, visit\u00f3 el Centro de Iniciativa Rural de Carri\u00f3 ubicado en el Barrio de la Sabarriona en la parroquia de Carri\u00f3. En estas instalaciones la empresa OVINORTE realiza la primera fase de acondicionamiento para albergar la \u201cFactor\u00eda Musical\u201d. La futura \u201cFactor\u00eda Musical\u201d alojar\u00e1","canonical_url":"https:\/\/candas365.es\/noticias\/ovinorte-realiza-las-obras-de-acondicionamiento-de-la-factoria-musical-en-carreno\/","robots":"max-image-preview:large","keywords":"noticias carre\u00f1o","webmasterTools":{"google-site-verification":"UA-32230408-1","msvalidate.01":"354F3CDFB2DA171B47FBE9ABF1F88D5","miscellaneous":""},"schema":{"@context":"https:\/\/schema.org","@graph":[{"@type":"BreadcrumbList","@id":"https:\/\/candas365.es\/noticias\/ovinorte-realiza-las-obras-de-acondicionamiento-de-la-factoria-musical-en-carreno\/#breadcrumblist","itemListElement":[{"@type":"ListItem","@id":"https:\/\/candas365.es\/noticias#listItem","position":1,"name":"Home","item":"https:\/\/candas365.es\/noticias","nextItem":{"@type":"ListItem","@id":"https:\/\/candas365.es\/noticias\/category\/noticias-carreno\/#listItem","name":"Noticias Carre\u00f1o"}},{"@type":"ListItem","@id":"https:\/\/candas365.es\/noticias\/category\/noticias-carreno\/#listItem","position":2,"name":"Noticias Carre\u00f1o","item":"https:\/\/candas365.es\/noticias\/category\/noticias-carreno\/","nextItem":{"@type":"ListItem","@id":"https:\/\/candas365.es\/noticias\/ovinorte-realiza-las-obras-de-acondicionamiento-de-la-factoria-musical-en-carreno\/#listItem","name":"OVINORTE realiza las obras de acondicionamiento de la \u00abFactor\u00eda Musical\u00bb en Carre\u00f1o"},"previousItem":{"@type":"ListItem","@id":"https:\/\/candas365.es\/noticias#listItem","name":"Home"}},{"@type":"ListItem","@id":"https:\/\/candas365.es\/noticias\/ovinorte-realiza-las-obras-de-acondicionamiento-de-la-factoria-musical-en-carreno\/#listItem","position":3,"name":"OVINORTE realiza las obras de acondicionamiento de la \u00abFactor\u00eda Musical\u00bb en Carre\u00f1o","previousItem":{"@type":"ListItem","@id":"https:\/\/candas365.es\/noticias\/category\/noticias-carreno\/#listItem","name":"Noticias Carre\u00f1o"}}]},{"@type":"NewsArticle","@id":"https:\/\/candas365.es\/noticias\/ovinorte-realiza-las-obras-de-acondicionamiento-de-la-factoria-musical-en-carreno\/#newsarticle","name":"OVINORTE realiza las obras de acondicionamiento de la \u00abFactor\u00eda Musical\u00bb en Carre\u00f1o | Cand\u00e1s 365","headline":"OVINORTE realiza las obras de acondicionamiento de la \u00abFactor\u00eda Musical\u00bb en Carre\u00f1o","author":{"@id":"https:\/\/candas365.es\/noticias\/author\/admin\/#author"},"publisher":{"@id":"https:\/\/candas365.es\/noticias\/#organization"},"image":{"@type":"ImageObject","url":"https:\/\/candas365.es\/noticias\/wp-content\/uploads\/2020\/01\/carre\u00f1o-1.jpg","width":700,"height":525},"datePublished":"2020-01-23T17:58:44+01:00","dateModified":"2020-01-23T17:58:44+01:00","inLanguage":"es-ES","mainEntityOfPage":{"@id":"https:\/\/candas365.es\/noticias\/ovinorte-realiza-las-obras-de-acondicionamiento-de-la-factoria-musical-en-carreno\/#webpage"},"isPartOf":{"@id":"https:\/\/candas365.es\/noticias\/ovinorte-realiza-las-obras-de-acondicionamiento-de-la-factoria-musical-en-carreno\/#webpage"},"articleSection":"Noticias Carre\u00f1o","dateline":"Publicado el enero 23, 2020."},{"@type":"Organization","@id":"https:\/\/candas365.es\/noticias\/#organization","name":"Cand\u00e1s 365","description":"Cand\u00e1s 365 es un diario digital independiente, fundado en 2012, con base en Asturias. Informamos con rigor sobre actualidad, sociedad, cultura y ocio, con una mirada local y global.","url":"https:\/\/candas365.es\/noticias\/","email":"info@candas365.es","telephone":"+34652131393","foundingDate":"2012-06-10","logo":{"@type":"ImageObject","url":"https:\/\/candas365.es\/noticias\/wp-content\/uploads\/2024\/09\/Candas-365-Redes.jpg","@id":"https:\/\/candas365.es\/noticias\/ovinorte-realiza-las-obras-de-acondicionamiento-de-la-factoria-musical-en-carreno\/#organizationLogo","width":1152,"height":864,"caption":"Cand\u00e1s 365 Redes"},"image":{"@id":"https:\/\/candas365.es\/noticias\/ovinorte-realiza-las-obras-de-acondicionamiento-de-la-factoria-musical-en-carreno\/#organizationLogo"},"sameAs":["https:\/\/www.facebook.com\/Nachofdezber","https:\/\/x.com\/NabercoDigital","https:\/\/www.instagram.com\/nachofdezber\/","https:\/\/www.youtube.com\/channel\/UCZP-2wLEB9Rv6erhFmqVnvg"],"address":{"@id":"https:\/\/candas365.es\/noticias\/#postaladdress","@type":"PostalAddress","streetAddress":"san antonio 4, san antonio 4","postalCode":"33430","addressLocality":"Cand\u00e1s","addressRegion":"Asturias","addressCountry":"ES"}},{"@type":"Person","@id":"https:\/\/candas365.es\/noticias\/author\/admin\/#author","url":"https:\/\/candas365.es\/noticias\/author\/admin\/","name":"Cand\u00e1s 365","image":{"@type":"ImageObject","@id":"https:\/\/candas365.es\/noticias\/ovinorte-realiza-las-obras-de-acondicionamiento-de-la-factoria-musical-en-carreno\/#authorImage","url":"https:\/\/secure.gravatar.com\/avatar\/496a8e03d0c493ede1718b7934145dbdf8d89be1036b0eec9544e1094c9de390?s=96&d=mm&r=g","width":96,"height":96,"caption":"Cand\u00e1s 365"},"sameAs":["https:\/\/www.facebook.com\/carrenoactualidad","https:\/\/twitter.com\/nbasturias","https:\/\/www.instagram.com\/nachofdezber\/","https:\/\/www.youtube.com\/channel\/UCZP-2wLEB9Rv6erhFmqVnvg"]},{"@type":"WebPage","@id":"https:\/\/candas365.es\/noticias\/ovinorte-realiza-las-obras-de-acondicionamiento-de-la-factoria-musical-en-carreno\/#webpage","url":"https:\/\/candas365.es\/noticias\/ovinorte-realiza-las-obras-de-acondicionamiento-de-la-factoria-musical-en-carreno\/","name":"OVINORTE realiza las obras de acondicionamiento de la \u00abFactor\u00eda Musical\u00bb en Carre\u00f1o | Cand\u00e1s 365","description":"El Ayuntamiento de Carre\u00f1o anunci\u00f3 recientemente que la alcaldesa de Carre\u00f1o, Amelia Fern\u00e1ndez, visit\u00f3 el Centro de Iniciativa Rural de Carri\u00f3 ubicado en el Barrio de la Sabarriona en la parroquia de Carri\u00f3. En estas instalaciones la empresa OVINORTE realiza la primera fase de acondicionamiento para albergar la \u201cFactor\u00eda Musical\u201d. La futura \u201cFactor\u00eda Musical\u201d alojar\u00e1","inLanguage":"es-ES","isPartOf":{"@id":"https:\/\/candas365.es\/noticias\/#website"},"breadcrumb":{"@id":"https:\/\/candas365.es\/noticias\/ovinorte-realiza-las-obras-de-acondicionamiento-de-la-factoria-musical-en-carreno\/#breadcrumblist"},"author":{"@id":"https:\/\/candas365.es\/noticias\/author\/admin\/#author"},"creator":{"@id":"https:\/\/candas365.es\/noticias\/author\/admin\/#author"},"image":{"@type":"ImageObject","url":"https:\/\/candas365.es\/noticias\/wp-content\/uploads\/2020\/01\/carre\u00f1o-1.jpg","@id":"https:\/\/candas365.es\/noticias\/ovinorte-realiza-las-obras-de-acondicionamiento-de-la-factoria-musical-en-carreno\/#mainImage","width":700,"height":525},"primaryImageOfPage":{"@id":"https:\/\/candas365.es\/noticias\/ovinorte-realiza-las-obras-de-acondicionamiento-de-la-factoria-musical-en-carreno\/#mainImage"},"datePublished":"2020-01-23T17:58:44+01:00","dateModified":"2020-01-23T17:58:44+01:00"},{"@type":"WebSite","@id":"https:\/\/candas365.es\/noticias\/#website","url":"https:\/\/candas365.es\/noticias\/","name":"Cand\u00e1s 365","alternateName":"Cand\u00e1s 365 Noticias","description":"Actualidad desde Carre\u00f1o para el mundo","inLanguage":"es-ES","publisher":{"@id":"https:\/\/candas365.es\/noticias\/#organization"}}]},"og:locale":"es_ES","og:site_name":"Cand\u00e1s 365","og:type":"article","og:title":"OVINORTE realiza las obras de acondicionamiento de la \u00abFactor\u00eda Musical\u00bb en Carre\u00f1o | Cand\u00e1s 365","og:description":"El Ayuntamiento de Carre\u00f1o anunci\u00f3 recientemente que la alcaldesa de Carre\u00f1o, Amelia Fern\u00e1ndez, visit\u00f3 el Centro de Iniciativa Rural de Carri\u00f3 ubicado en el Barrio de la Sabarriona en la parroquia de Carri\u00f3. En estas instalaciones la empresa OVINORTE realiza la primera fase de acondicionamiento para albergar la \u201cFactor\u00eda Musical\u201d. La futura \u201cFactor\u00eda Musical\u201d alojar\u00e1","og:url":"https:\/\/candas365.es\/noticias\/ovinorte-realiza-las-obras-de-acondicionamiento-de-la-factoria-musical-en-carreno\/","og:image":"https:\/\/candas365.es\/noticias\/wp-content\/uploads\/2020\/01\/carre\u00f1o-1.jpg","og:image:secure_url":"https:\/\/candas365.es\/noticias\/wp-content\/uploads\/2020\/01\/carre\u00f1o-1.jpg","og:image:width":700,"og:image:height":525,"article:published_time":"2020-01-23T17:58:44+00:00","article:modified_time":"2020-01-23T17:58:44+00:00","article:publisher":"https:\/\/www.facebook.com\/Nachofdezber","article:author":"https:\/\/www.facebook.com\/carrenoactualidad","twitter:card":"summary_large_image","twitter:site":"@NabercoDigital","twitter:title":"OVINORTE realiza las obras de acondicionamiento de la \u00abFactor\u00eda Musical\u00bb en Carre\u00f1o | Cand\u00e1s 365","twitter:description":"El Ayuntamiento de Carre\u00f1o anunci\u00f3 recientemente que la alcaldesa de Carre\u00f1o, Amelia Fern\u00e1ndez, visit\u00f3 el Centro de Iniciativa Rural de Carri\u00f3 ubicado en el Barrio de la Sabarriona en la parroquia de Carri\u00f3. En estas instalaciones la empresa OVINORTE realiza la primera fase de acondicionamiento para albergar la \u201cFactor\u00eda Musical\u201d. La futura \u201cFactor\u00eda Musical\u201d alojar\u00e1","twitter:creator":"@nbasturias","twitter:image":"https:\/\/candas365.es\/noticias\/wp-content\/uploads\/2020\/01\/carre\u00f1o-1.jpg","twitter:label1":"Escrito por","twitter:data1":"Cand\u00e1s 365","twitter:label2":"Tiempo de lectura estimado","twitter:data2":"1 minuto"},"aioseo_meta_data":{"post_id":"136859","title":null,"description":null,"keywords":null,"keyphrases":null,"primary_term":null,"canonical_url":null,"og_title":null,"og_description":null,"og_object_type":"default","og_image_type":"default","og_image_url":null,"og_image_width":null,"og_image_height":null,"og_image_custom_url":null,"og_image_custom_fields":null,"og_video":null,"og_custom_url":null,"og_article_section":null,"og_article_tags":null,"twitter_use_og":false,"twitter_card":"default","twitter_image_type":"default","twitter_image_url":null,"twitter_image_custom_url":null,"twitter_image_custom_fields":null,"twitter_title":null,"twitter_description":null,"schema":{"blockGraphs":[],"customGraphs":[],"default":{"data":{"Article":[],"Course":[],"Dataset":[],"FAQPage":[],"Movie":[],"Person":[],"Product":[],"ProductReview":[],"Car":[],"Recipe":[],"Service":[],"SoftwareApplication":[],"WebPage":[]},"graphName":"","isEnabled":true},"graphs":[]},"schema_type":null,"schema_type_options":null,"pillar_content":false,"robots_default":true,"robots_noindex":false,"robots_noarchive":false,"robots_nosnippet":false,"robots_nofollow":false,"robots_noimageindex":false,"robots_noodp":false,"robots_notranslate":false,"robots_max_snippet":null,"robots_max_videopreview":null,"robots_max_imagepreview":"large","priority":null,"frequency":null,"location":null,"local_seo":null,"seo_analyzer_scan_date":"2025-08-30 22:11:06","breadcrumb_settings":null,"limit_modified_date":false,"reviewed_by":null,"open_ai":null,"ai":null,"created":"2020-12-21 10:47:42","updated":"2025-08-30 22:11:06"},"aioseo_breadcrumb":"<div class=\"aioseo-breadcrumbs\"><span class=\"aioseo-breadcrumb\">\n\t<a href=\"https:\/\/candas365.es\/noticias\" title=\"Home\">Home<\/a>\n<\/span><span class=\"aioseo-breadcrumb-separator\">&ndash;<\/span><span class=\"aioseo-breadcrumb\">\n\t<a href=\"https:\/\/candas365.es\/noticias\/category\/noticias-carreno\/\" title=\"Noticias Carre\u00f1o\">Noticias Carre\u00f1o<\/a>\n<\/span><span class=\"aioseo-breadcrumb-separator\">&ndash;<\/span><span class=\"aioseo-breadcrumb\">\n\tOVINORTE realiza las obras de acondicionamiento de la \u00abFactor\u00eda Musical\u00bb en Carre\u00f1o\n<\/span><\/div>","aioseo_breadcrumb_json":[{"label":"Home","link":"https:\/\/candas365.es\/noticias"},{"label":"Noticias Carre\u00f1o","link":"https:\/\/candas365.es\/noticias\/category\/noticias-carreno\/"},{"label":"OVINORTE realiza las obras de acondicionamiento de la \u00abFactor\u00eda Musical\u00bb en Carre\u00f1o","link":"https:\/\/candas365.es\/noticias\/ovinorte-realiza-las-obras-de-acondicionamiento-de-la-factoria-musical-en-carreno\/"}],"_links":{"self":[{"href":"https:\/\/candas365.es\/noticias\/wp-json\/wp\/v2\/posts\/136859","targetHints":{"allow":["GET"]}}],"collection":[{"href":"https:\/\/candas365.es\/noticias\/wp-json\/wp\/v2\/posts"}],"about":[{"href":"https:\/\/candas365.es\/noticias\/wp-json\/wp\/v2\/types\/post"}],"author":[{"embeddable":true,"href":"https:\/\/candas365.es\/noticias\/wp-json\/wp\/v2\/users\/1"}],"replies":[{"embeddable":true,"href":"https:\/\/candas365.es\/noticias\/wp-json\/wp\/v2\/comments?post=136859"}],"version-history":[{"count":0,"href":"https:\/\/candas365.es\/noticias\/wp-json\/wp\/v2\/posts\/136859\/revisions"}],"wp:featuredmedia":[{"embeddable":true,"href":"https:\/\/candas365.es\/noticias\/wp-json\/wp\/v2\/media\/136860"}],"wp:attachment":[{"href":"https:\/\/candas365.es\/noticias\/wp-json\/wp\/v2\/media?parent=136859"}],"wp:term":[{"taxonomy":"category","embeddable":true,"href":"https:\/\/candas365.es\/noticias\/wp-json\/wp\/v2\/categories?post=136859"},{"taxonomy":"post_tag","embeddable":true,"href":"https:\/\/candas365.es\/noticias\/wp-json\/wp\/v2\/tags?post=136859"}],"curies":[{"name":"wp","href":"https:\/\/api.w.org\/{rel}","templated":true}]}}