{"id":136853,"date":"2020-01-23T17:39:20","date_gmt":"2020-01-23T17:39:20","guid":{"rendered":"http:\/\/candas365.es\/noticias\/?p=136853"},"modified":"2020-01-23T17:39:20","modified_gmt":"2020-01-23T17:39:20","slug":"picasso-en-la-cupula-del-centro-niemeyer-con-grabados-eternos","status":"publish","type":"post","link":"https:\/\/candas365.es\/noticias\/picasso-en-la-cupula-del-centro-niemeyer-con-grabados-eternos\/","title":{"rendered":"Picasso en la C\u00fapula del Centro Niemeyer con \u00abGrabados eternos\u00bb"},"content":{"rendered":"<p><img fetchpriority=\"high\" decoding=\"async\" class=\"alignleft size-medium wp-image-403\" src=\"https:\/\/candas365.es\/noticias\/wp-content\/uploads\/2014\/09\/niemeyer-360x239.jpg\" alt=\"\" width=\"360\" height=\"239\" srcset=\"https:\/\/candas365.es\/noticias\/wp-content\/uploads\/2014\/09\/niemeyer-360x239.jpg 360w, https:\/\/candas365.es\/noticias\/wp-content\/uploads\/2014\/09\/niemeyer-650x431.jpg 650w, https:\/\/candas365.es\/noticias\/wp-content\/uploads\/2014\/09\/niemeyer-768x510.jpg 768w, https:\/\/candas365.es\/noticias\/wp-content\/uploads\/2014\/09\/niemeyer-150x100.jpg 150w, https:\/\/candas365.es\/noticias\/wp-content\/uploads\/2014\/09\/niemeyer-450x299.jpg 450w, https:\/\/candas365.es\/noticias\/wp-content\/uploads\/2014\/09\/niemeyer-655x435.jpg 655w, https:\/\/candas365.es\/noticias\/wp-content\/uploads\/2014\/09\/niemeyer-696x462.jpg 696w, https:\/\/candas365.es\/noticias\/wp-content\/uploads\/2014\/09\/niemeyer-633x420.jpg 633w, https:\/\/candas365.es\/noticias\/wp-content\/uploads\/2014\/09\/niemeyer-84x55.jpg 84w, https:\/\/candas365.es\/noticias\/wp-content\/uploads\/2014\/09\/niemeyer.jpg 800w\" sizes=\"(max-width: 360px) 100vw, 360px\" \/>Del 20 de febrero al 31 de mayo la obra de uno de los mayores artistas del siglo XX, Pablo Picasso, <strong>encontrar\u00e1 su lugar en la C\u00fapula del Centro Niemeyer con la exposici\u00f3n Grabados eternos<\/strong>.<\/p>\n<p>La exposici\u00f3n muestra, en primer lugar, una de las pocas series completas que existen en el mundo de Suite Vollard, obra cumbre del grabado del siglo XX, perteneciente a Fundaci\u00f3n Mapfre. A esta serie, compuesta por un centenar de obras, se le suman los doce grabados de El entierro del Conde de Orgaz, los nueve de Les Cavaliers d\u2019Ombre y cuatro grabados m\u00e1s: Retrato de Dora Maar (1939), Mujer en el sill\u00f3n (1947), Cabeza de chica. Fran\u00e7oise (1974) y Jaqueline pa\u00f1uelo negro vestido rojo (1958). Por \u00faltimo, la exposici\u00f3n se completa con varios carn\u00e9s del artista y libros de bibli\u00f3filo.<\/p>\n<p>Picasso fue el gran artista multidisciplinar del siglo XX, abrazando disciplinas como la pintura, escultura, cer\u00e1mica\u2026 El grabado fue una de las que m\u00e1s le apasion\u00f3 y en esta exposici\u00f3n se pone de manifiesto el alt\u00edsimo grado de excelencia art\u00edstica que alcanz\u00f3.<\/p>\n<h3><strong>Suite Vollard<\/strong><\/h3>\n<p>Esta serie, creada entre 1930 y 1936, es fruto de uno de los momentos m\u00e1s creativos en la vida de Pablo Picasso, coincidiendo su producci\u00f3n con el per\u00edodo de mayor madurez del artista, y supone una suerte de diario \u00edntimo en el que el autor refleja tanto su vida personal como sus obsesiones, intereses e influencias art\u00edsticas.<\/p>\n<p>La serie, compuesta originalmente por 97 grabados, fue un encargo del marchante de arte Ambroise Vollard que supuso una transacci\u00f3n realizada entre ambos gracias a la cual el pintor malague\u00f1o a\u00f1adi\u00f3 a su colecci\u00f3n privada obras originales de artistas como Pual C\u00e9zanne, Edgar Degas o Henri Matisse que pose\u00eda el marchante de arte franc\u00e9s. A estas 97 obras se sumaron en 1937 tres grabados realizados por Picasso del propio Vollard.<\/p>\n<p>Los historiadores del arte establecen una divisi\u00f3n de Suite Vollard que habitualmente distingue estos siete grupos tem\u00e1ticos: El taller del escultor, El Minotauro, El Minotauro ciego, Rembrandt, La batalla del amor, temas varios y los tres grabados de Amboise Vollard ya mencionados.<\/p>\n<p>El taller del escultor supone el grueso de la serie, al reunir 46 obras bajo esta tem\u00e1tica. Picasso muestra en estos grabados su relaci\u00f3n er\u00f3tica con su modelo y amante, Marie Th\u00e9r\u00e8se Walter. En La batalla del amor el malague\u00f1o profundiza en esta relaci\u00f3n er\u00f3tica llegando a escenas muy violentas que incluyen incluso representaciones de escenas de violaci\u00f3n. En El Minotauro se aprecia la identificaci\u00f3n del artista con este personaje, conteniendo estos grabados una fuerte carga sexual y violenta. Las obras que se pueden incluir bajo el nombre de Rembrandt muestran su admiraci\u00f3n, e incluso su competencia, con el genio holand\u00e9s, uno de sus artistas favoritos y que fue un referente de su amplia trayectoria art\u00edstica.<\/p>\n<h3><strong>Otras series de grabados<\/strong><\/h3>\n<p>El entierro del Conde de Orgaz es otra de las series que se podr\u00e1n contemplar en esta exposici\u00f3n. Se trata de una serie de trece grabados, editada el 25 de octubre de 1969, fecha que coincide con el aniversario del nacimiento del artista. Se trata de una<\/p>\n<p>colecci\u00f3n que Picasso public\u00f3 como una \u00faltima declaraci\u00f3n de amor a la tradici\u00f3n pict\u00f3rica espa\u00f1ola y con un poema\/pr\u00f3logo de su amigo Rafael Alberti. Las obras plantean una experiencia surrealista en la que distintos personajes, como enanos o saltimbanquis, comparten protagonismo con figuras mitol\u00f3gicas.<\/p>\n<p>Grabados eternos muestra tambi\u00e9n la serie completa de Les Cavaliers d\u2019Ombre, que ilustra el libro de Genevi\u00e8ve Laporte, compuesto por poemas escritos entre 1951 y 1953.<\/p>\n<p>Marisa Oropesa es la comisaria de esta exposici\u00f3n y regresa al Centro Niemeyer tras comisariar en 2017 la muestra Colecciones ICO. Dibujar y esculpir el espacio, una exposici\u00f3n con obra del Instituto de Cr\u00e9dito Oficial que mostraba obras de autores Plensa, Chillida, Dal\u00ed, Mir\u00f3 o el propio Picasso. Oropesa desarrolla su labor profesional en el \u00e1mbito art\u00edstico y fue directora de la Galeria Levy, de Madrid, y miembro del Comit\u00e9 de Arco. Actualmente es miembro de AECA y desarrolla su labor como gestora cultural y comisaria de exposiciones tanto en Espa\u00f1a como en el extranjero.<\/p>\n<p>Diversas instituciones han aunado esfuerzos para traer esta exposici\u00f3n al Centro Niemeyer: en primer lugar la Fundaci\u00f3n Mapfre, como propietaria de la obra, y, adem\u00e1s, Fundaci\u00f3n EDP, Qu\u00edmica del Nal\u00f3n y Deganta Aguas como colaboradores.<\/p>\n<p>La inauguraci\u00f3n de la exposici\u00f3n tendr\u00e1 lugar el jueves 20 de febrero y se podr\u00e1 visitar hasta el 31 de mayo de mi\u00e9rcoles a domingo de 11:00 a 14:00 y de 16:00 a 19:00, siendo gratuita la \u00faltima hora de apertura de las tardes. El precio de la entrada es de 4 \u20ac (3 \u20ac la entrada reducida).<\/p>\n<p>&nbsp;<\/p>\n","protected":false},"excerpt":{"rendered":"<p>Del 20 de febrero al 31 de mayo la obra de uno de los mayores artistas del siglo XX, Pablo Picasso, encontrar\u00e1 su lugar en la C\u00fapula del Centro Niemeyer con la exposici\u00f3n Grabados eternos. La exposici\u00f3n muestra, en primer lugar, una de las pocas series completas que existen en el mundo de Suite Vollard,<\/p>\n","protected":false},"author":1,"featured_media":403,"comment_status":"closed","ping_status":"closed","sticky":false,"template":"","format":"standard","meta":{"footnotes":""},"categories":[1],"tags":[],"class_list":{"0":"post-136853","1":"post","2":"type-post","3":"status-publish","4":"format-standard","5":"has-post-thumbnail","7":"category-agenda"},"aioseo_notices":[],"aioseo_head":"\n\t\t<!-- All in One SEO Pro 4.9.6.2 - aioseo.com -->\n\t<meta name=\"description\" content=\"Del 20 de febrero al 31 de mayo la obra de uno de los mayores artistas del siglo XX, Pablo Picasso, encontrar\u00e1 su lugar en la C\u00fapula del Centro Niemeyer con la exposici\u00f3n Grabados eternos. La exposici\u00f3n muestra, en primer lugar, una de las pocas series completas que existen en el mundo de Suite Vollard,\" \/>\n\t<meta name=\"robots\" content=\"max-image-preview:large\" \/>\n\t<meta name=\"author\" content=\"Cand\u00e1s 365\"\/>\n\t<meta name=\"google-site-verification\" content=\"UA-32230408-1\" \/>\n\t<meta name=\"msvalidate.01\" content=\"354F3CDFB2DA171B47FBE9ABF1F88D5\" \/>\n\t<meta name=\"keywords\" content=\"agenda\" \/>\n\t<link rel=\"canonical\" href=\"https:\/\/candas365.es\/noticias\/picasso-en-la-cupula-del-centro-niemeyer-con-grabados-eternos\/\" \/>\n\t<meta name=\"generator\" content=\"All in One SEO Pro (AIOSEO) 4.9.6.2\" \/>\n\t\t<meta property=\"og:locale\" content=\"es_ES\" \/>\n\t\t<meta property=\"og:site_name\" content=\"Cand\u00e1s 365\" \/>\n\t\t<meta property=\"og:type\" content=\"article\" \/>\n\t\t<meta property=\"og:title\" content=\"Picasso en la C\u00fapula del Centro Niemeyer con \u00abGrabados eternos\u00bb | Cand\u00e1s 365\" \/>\n\t\t<meta property=\"og:description\" content=\"Del 20 de febrero al 31 de mayo la obra de uno de los mayores artistas del siglo XX, Pablo Picasso, encontrar\u00e1 su lugar en la C\u00fapula del Centro Niemeyer con la exposici\u00f3n Grabados eternos. La exposici\u00f3n muestra, en primer lugar, una de las pocas series completas que existen en el mundo de Suite Vollard,\" \/>\n\t\t<meta property=\"og:url\" content=\"https:\/\/candas365.es\/noticias\/picasso-en-la-cupula-del-centro-niemeyer-con-grabados-eternos\/\" \/>\n\t\t<meta property=\"og:image\" content=\"https:\/\/candas365.es\/noticias\/wp-content\/uploads\/2014\/09\/niemeyer.jpg\" \/>\n\t\t<meta property=\"og:image:secure_url\" content=\"https:\/\/candas365.es\/noticias\/wp-content\/uploads\/2014\/09\/niemeyer.jpg\" \/>\n\t\t<meta property=\"og:image:width\" content=\"800\" \/>\n\t\t<meta property=\"og:image:height\" content=\"531\" \/>\n\t\t<meta property=\"article:published_time\" content=\"2020-01-23T17:39:20+00:00\" \/>\n\t\t<meta property=\"article:modified_time\" content=\"2020-01-23T17:39:20+00:00\" \/>\n\t\t<meta property=\"article:publisher\" content=\"https:\/\/www.facebook.com\/Nachofdezber\" \/>\n\t\t<meta property=\"article:author\" content=\"https:\/\/www.facebook.com\/carrenoactualidad\" \/>\n\t\t<meta name=\"twitter:card\" content=\"summary_large_image\" \/>\n\t\t<meta name=\"twitter:site\" content=\"@NabercoDigital\" \/>\n\t\t<meta name=\"twitter:title\" content=\"Picasso en la C\u00fapula del Centro Niemeyer con \u00abGrabados eternos\u00bb | Cand\u00e1s 365\" \/>\n\t\t<meta name=\"twitter:description\" content=\"Del 20 de febrero al 31 de mayo la obra de uno de los mayores artistas del siglo XX, Pablo Picasso, encontrar\u00e1 su lugar en la C\u00fapula del Centro Niemeyer con la exposici\u00f3n Grabados eternos. La exposici\u00f3n muestra, en primer lugar, una de las pocas series completas que existen en el mundo de Suite Vollard,\" \/>\n\t\t<meta name=\"twitter:creator\" content=\"@nbasturias\" \/>\n\t\t<meta name=\"twitter:image\" content=\"https:\/\/candas365.es\/noticias\/wp-content\/uploads\/2014\/09\/niemeyer.jpg\" \/>\n\t\t<meta name=\"twitter:label1\" content=\"Escrito por\" \/>\n\t\t<meta name=\"twitter:data1\" content=\"Cand\u00e1s 365\" \/>\n\t\t<meta name=\"twitter:label2\" content=\"Tiempo de lectura estimado\" \/>\n\t\t<meta name=\"twitter:data2\" content=\"4 minutos\" \/>\n\t\t<script type=\"application\/ld+json\" class=\"aioseo-schema\">\n\t\t\t{\"@context\":\"https:\\\/\\\/schema.org\",\"@graph\":[{\"@type\":\"BreadcrumbList\",\"@id\":\"https:\\\/\\\/candas365.es\\\/noticias\\\/picasso-en-la-cupula-del-centro-niemeyer-con-grabados-eternos\\\/#breadcrumblist\",\"itemListElement\":[{\"@type\":\"ListItem\",\"@id\":\"https:\\\/\\\/candas365.es\\\/noticias#listItem\",\"position\":1,\"name\":\"Home\",\"item\":\"https:\\\/\\\/candas365.es\\\/noticias\",\"nextItem\":{\"@type\":\"ListItem\",\"@id\":\"https:\\\/\\\/candas365.es\\\/noticias\\\/category\\\/agenda\\\/#listItem\",\"name\":\"Agenda\"}},{\"@type\":\"ListItem\",\"@id\":\"https:\\\/\\\/candas365.es\\\/noticias\\\/category\\\/agenda\\\/#listItem\",\"position\":2,\"name\":\"Agenda\",\"item\":\"https:\\\/\\\/candas365.es\\\/noticias\\\/category\\\/agenda\\\/\",\"nextItem\":{\"@type\":\"ListItem\",\"@id\":\"https:\\\/\\\/candas365.es\\\/noticias\\\/picasso-en-la-cupula-del-centro-niemeyer-con-grabados-eternos\\\/#listItem\",\"name\":\"Picasso en la C\\u00fapula del Centro Niemeyer con \\u00abGrabados eternos\\u00bb\"},\"previousItem\":{\"@type\":\"ListItem\",\"@id\":\"https:\\\/\\\/candas365.es\\\/noticias#listItem\",\"name\":\"Home\"}},{\"@type\":\"ListItem\",\"@id\":\"https:\\\/\\\/candas365.es\\\/noticias\\\/picasso-en-la-cupula-del-centro-niemeyer-con-grabados-eternos\\\/#listItem\",\"position\":3,\"name\":\"Picasso en la C\\u00fapula del Centro Niemeyer con \\u00abGrabados eternos\\u00bb\",\"previousItem\":{\"@type\":\"ListItem\",\"@id\":\"https:\\\/\\\/candas365.es\\\/noticias\\\/category\\\/agenda\\\/#listItem\",\"name\":\"Agenda\"}}]},{\"@type\":\"NewsArticle\",\"@id\":\"https:\\\/\\\/candas365.es\\\/noticias\\\/picasso-en-la-cupula-del-centro-niemeyer-con-grabados-eternos\\\/#newsarticle\",\"name\":\"Picasso en la C\\u00fapula del Centro Niemeyer con \\u00abGrabados eternos\\u00bb | Cand\\u00e1s 365\",\"headline\":\"Picasso en la C\\u00fapula del Centro Niemeyer con \\u00abGrabados eternos\\u00bb\",\"author\":{\"@id\":\"https:\\\/\\\/candas365.es\\\/noticias\\\/author\\\/admin\\\/#author\"},\"publisher\":{\"@id\":\"https:\\\/\\\/candas365.es\\\/noticias\\\/#organization\"},\"image\":{\"@type\":\"ImageObject\",\"url\":\"https:\\\/\\\/candas365.es\\\/noticias\\\/wp-content\\\/uploads\\\/2014\\\/09\\\/niemeyer.jpg\",\"width\":800,\"height\":531},\"datePublished\":\"2020-01-23T17:39:20+01:00\",\"dateModified\":\"2020-01-23T17:39:20+01:00\",\"inLanguage\":\"es-ES\",\"mainEntityOfPage\":{\"@id\":\"https:\\\/\\\/candas365.es\\\/noticias\\\/picasso-en-la-cupula-del-centro-niemeyer-con-grabados-eternos\\\/#webpage\"},\"isPartOf\":{\"@id\":\"https:\\\/\\\/candas365.es\\\/noticias\\\/picasso-en-la-cupula-del-centro-niemeyer-con-grabados-eternos\\\/#webpage\"},\"articleSection\":\"Agenda\",\"dateline\":\"Publicado el enero 23, 2020.\"},{\"@type\":\"Organization\",\"@id\":\"https:\\\/\\\/candas365.es\\\/noticias\\\/#organization\",\"name\":\"Cand\\u00e1s 365\",\"description\":\"Cand\\u00e1s 365 es un diario digital independiente, fundado en 2012, con base en Asturias. Informamos con rigor sobre actualidad, sociedad, cultura y ocio, con una mirada local y global.\",\"url\":\"https:\\\/\\\/candas365.es\\\/noticias\\\/\",\"email\":\"info@candas365.es\",\"telephone\":\"+34652131393\",\"foundingDate\":\"2012-06-10\",\"logo\":{\"@type\":\"ImageObject\",\"url\":\"https:\\\/\\\/candas365.es\\\/noticias\\\/wp-content\\\/uploads\\\/2024\\\/09\\\/Candas-365-Redes.jpg\",\"@id\":\"https:\\\/\\\/candas365.es\\\/noticias\\\/picasso-en-la-cupula-del-centro-niemeyer-con-grabados-eternos\\\/#organizationLogo\",\"width\":1152,\"height\":864,\"caption\":\"Cand\\u00e1s 365 Redes\"},\"image\":{\"@id\":\"https:\\\/\\\/candas365.es\\\/noticias\\\/picasso-en-la-cupula-del-centro-niemeyer-con-grabados-eternos\\\/#organizationLogo\"},\"sameAs\":[\"https:\\\/\\\/www.facebook.com\\\/Nachofdezber\",\"https:\\\/\\\/x.com\\\/NabercoDigital\",\"https:\\\/\\\/www.instagram.com\\\/nachofdezber\\\/\",\"https:\\\/\\\/www.youtube.com\\\/channel\\\/UCZP-2wLEB9Rv6erhFmqVnvg\"],\"address\":{\"@id\":\"https:\\\/\\\/candas365.es\\\/noticias\\\/#postaladdress\",\"@type\":\"PostalAddress\",\"streetAddress\":\"san antonio 4, san antonio 4\",\"postalCode\":\"33430\",\"addressLocality\":\"Cand\\u00e1s\",\"addressRegion\":\"Asturias\",\"addressCountry\":\"ES\"}},{\"@type\":\"Person\",\"@id\":\"https:\\\/\\\/candas365.es\\\/noticias\\\/author\\\/admin\\\/#author\",\"url\":\"https:\\\/\\\/candas365.es\\\/noticias\\\/author\\\/admin\\\/\",\"name\":\"Cand\\u00e1s 365\",\"image\":{\"@type\":\"ImageObject\",\"@id\":\"https:\\\/\\\/candas365.es\\\/noticias\\\/picasso-en-la-cupula-del-centro-niemeyer-con-grabados-eternos\\\/#authorImage\",\"url\":\"https:\\\/\\\/secure.gravatar.com\\\/avatar\\\/496a8e03d0c493ede1718b7934145dbdf8d89be1036b0eec9544e1094c9de390?s=96&d=mm&r=g\",\"width\":96,\"height\":96,\"caption\":\"Cand\\u00e1s 365\"},\"sameAs\":[\"https:\\\/\\\/www.facebook.com\\\/carrenoactualidad\",\"https:\\\/\\\/twitter.com\\\/nbasturias\",\"https:\\\/\\\/www.instagram.com\\\/nachofdezber\\\/\",\"https:\\\/\\\/www.youtube.com\\\/channel\\\/UCZP-2wLEB9Rv6erhFmqVnvg\"]},{\"@type\":\"WebPage\",\"@id\":\"https:\\\/\\\/candas365.es\\\/noticias\\\/picasso-en-la-cupula-del-centro-niemeyer-con-grabados-eternos\\\/#webpage\",\"url\":\"https:\\\/\\\/candas365.es\\\/noticias\\\/picasso-en-la-cupula-del-centro-niemeyer-con-grabados-eternos\\\/\",\"name\":\"Picasso en la C\\u00fapula del Centro Niemeyer con \\u00abGrabados eternos\\u00bb | Cand\\u00e1s 365\",\"description\":\"Del 20 de febrero al 31 de mayo la obra de uno de los mayores artistas del siglo XX, Pablo Picasso, encontrar\\u00e1 su lugar en la C\\u00fapula del Centro Niemeyer con la exposici\\u00f3n Grabados eternos. La exposici\\u00f3n muestra, en primer lugar, una de las pocas series completas que existen en el mundo de Suite Vollard,\",\"inLanguage\":\"es-ES\",\"isPartOf\":{\"@id\":\"https:\\\/\\\/candas365.es\\\/noticias\\\/#website\"},\"breadcrumb\":{\"@id\":\"https:\\\/\\\/candas365.es\\\/noticias\\\/picasso-en-la-cupula-del-centro-niemeyer-con-grabados-eternos\\\/#breadcrumblist\"},\"author\":{\"@id\":\"https:\\\/\\\/candas365.es\\\/noticias\\\/author\\\/admin\\\/#author\"},\"creator\":{\"@id\":\"https:\\\/\\\/candas365.es\\\/noticias\\\/author\\\/admin\\\/#author\"},\"image\":{\"@type\":\"ImageObject\",\"url\":\"https:\\\/\\\/candas365.es\\\/noticias\\\/wp-content\\\/uploads\\\/2014\\\/09\\\/niemeyer.jpg\",\"@id\":\"https:\\\/\\\/candas365.es\\\/noticias\\\/picasso-en-la-cupula-del-centro-niemeyer-con-grabados-eternos\\\/#mainImage\",\"width\":800,\"height\":531},\"primaryImageOfPage\":{\"@id\":\"https:\\\/\\\/candas365.es\\\/noticias\\\/picasso-en-la-cupula-del-centro-niemeyer-con-grabados-eternos\\\/#mainImage\"},\"datePublished\":\"2020-01-23T17:39:20+01:00\",\"dateModified\":\"2020-01-23T17:39:20+01:00\"},{\"@type\":\"WebSite\",\"@id\":\"https:\\\/\\\/candas365.es\\\/noticias\\\/#website\",\"url\":\"https:\\\/\\\/candas365.es\\\/noticias\\\/\",\"name\":\"Cand\\u00e1s 365\",\"alternateName\":\"Cand\\u00e1s 365 Noticias\",\"description\":\"Actualidad desde Carre\\u00f1o para el mundo\",\"inLanguage\":\"es-ES\",\"publisher\":{\"@id\":\"https:\\\/\\\/candas365.es\\\/noticias\\\/#organization\"}}]}\n\t\t<\/script>\n\t\t<!-- All in One SEO Pro -->\r\n\t\t<title>Picasso en la C\u00fapula del Centro Niemeyer con \u00abGrabados eternos\u00bb | Cand\u00e1s 365<\/title>\n\n","aioseo_head_json":{"title":"Picasso en la C\u00fapula del Centro Niemeyer con \u00abGrabados eternos\u00bb | Cand\u00e1s 365","description":"Del 20 de febrero al 31 de mayo la obra de uno de los mayores artistas del siglo XX, Pablo Picasso, encontrar\u00e1 su lugar en la C\u00fapula del Centro Niemeyer con la exposici\u00f3n Grabados eternos. La exposici\u00f3n muestra, en primer lugar, una de las pocas series completas que existen en el mundo de Suite Vollard,","canonical_url":"https:\/\/candas365.es\/noticias\/picasso-en-la-cupula-del-centro-niemeyer-con-grabados-eternos\/","robots":"max-image-preview:large","keywords":"agenda","webmasterTools":{"google-site-verification":"UA-32230408-1","msvalidate.01":"354F3CDFB2DA171B47FBE9ABF1F88D5","miscellaneous":""},"schema":{"@context":"https:\/\/schema.org","@graph":[{"@type":"BreadcrumbList","@id":"https:\/\/candas365.es\/noticias\/picasso-en-la-cupula-del-centro-niemeyer-con-grabados-eternos\/#breadcrumblist","itemListElement":[{"@type":"ListItem","@id":"https:\/\/candas365.es\/noticias#listItem","position":1,"name":"Home","item":"https:\/\/candas365.es\/noticias","nextItem":{"@type":"ListItem","@id":"https:\/\/candas365.es\/noticias\/category\/agenda\/#listItem","name":"Agenda"}},{"@type":"ListItem","@id":"https:\/\/candas365.es\/noticias\/category\/agenda\/#listItem","position":2,"name":"Agenda","item":"https:\/\/candas365.es\/noticias\/category\/agenda\/","nextItem":{"@type":"ListItem","@id":"https:\/\/candas365.es\/noticias\/picasso-en-la-cupula-del-centro-niemeyer-con-grabados-eternos\/#listItem","name":"Picasso en la C\u00fapula del Centro Niemeyer con \u00abGrabados eternos\u00bb"},"previousItem":{"@type":"ListItem","@id":"https:\/\/candas365.es\/noticias#listItem","name":"Home"}},{"@type":"ListItem","@id":"https:\/\/candas365.es\/noticias\/picasso-en-la-cupula-del-centro-niemeyer-con-grabados-eternos\/#listItem","position":3,"name":"Picasso en la C\u00fapula del Centro Niemeyer con \u00abGrabados eternos\u00bb","previousItem":{"@type":"ListItem","@id":"https:\/\/candas365.es\/noticias\/category\/agenda\/#listItem","name":"Agenda"}}]},{"@type":"NewsArticle","@id":"https:\/\/candas365.es\/noticias\/picasso-en-la-cupula-del-centro-niemeyer-con-grabados-eternos\/#newsarticle","name":"Picasso en la C\u00fapula del Centro Niemeyer con \u00abGrabados eternos\u00bb | Cand\u00e1s 365","headline":"Picasso en la C\u00fapula del Centro Niemeyer con \u00abGrabados eternos\u00bb","author":{"@id":"https:\/\/candas365.es\/noticias\/author\/admin\/#author"},"publisher":{"@id":"https:\/\/candas365.es\/noticias\/#organization"},"image":{"@type":"ImageObject","url":"https:\/\/candas365.es\/noticias\/wp-content\/uploads\/2014\/09\/niemeyer.jpg","width":800,"height":531},"datePublished":"2020-01-23T17:39:20+01:00","dateModified":"2020-01-23T17:39:20+01:00","inLanguage":"es-ES","mainEntityOfPage":{"@id":"https:\/\/candas365.es\/noticias\/picasso-en-la-cupula-del-centro-niemeyer-con-grabados-eternos\/#webpage"},"isPartOf":{"@id":"https:\/\/candas365.es\/noticias\/picasso-en-la-cupula-del-centro-niemeyer-con-grabados-eternos\/#webpage"},"articleSection":"Agenda","dateline":"Publicado el enero 23, 2020."},{"@type":"Organization","@id":"https:\/\/candas365.es\/noticias\/#organization","name":"Cand\u00e1s 365","description":"Cand\u00e1s 365 es un diario digital independiente, fundado en 2012, con base en Asturias. Informamos con rigor sobre actualidad, sociedad, cultura y ocio, con una mirada local y global.","url":"https:\/\/candas365.es\/noticias\/","email":"info@candas365.es","telephone":"+34652131393","foundingDate":"2012-06-10","logo":{"@type":"ImageObject","url":"https:\/\/candas365.es\/noticias\/wp-content\/uploads\/2024\/09\/Candas-365-Redes.jpg","@id":"https:\/\/candas365.es\/noticias\/picasso-en-la-cupula-del-centro-niemeyer-con-grabados-eternos\/#organizationLogo","width":1152,"height":864,"caption":"Cand\u00e1s 365 Redes"},"image":{"@id":"https:\/\/candas365.es\/noticias\/picasso-en-la-cupula-del-centro-niemeyer-con-grabados-eternos\/#organizationLogo"},"sameAs":["https:\/\/www.facebook.com\/Nachofdezber","https:\/\/x.com\/NabercoDigital","https:\/\/www.instagram.com\/nachofdezber\/","https:\/\/www.youtube.com\/channel\/UCZP-2wLEB9Rv6erhFmqVnvg"],"address":{"@id":"https:\/\/candas365.es\/noticias\/#postaladdress","@type":"PostalAddress","streetAddress":"san antonio 4, san antonio 4","postalCode":"33430","addressLocality":"Cand\u00e1s","addressRegion":"Asturias","addressCountry":"ES"}},{"@type":"Person","@id":"https:\/\/candas365.es\/noticias\/author\/admin\/#author","url":"https:\/\/candas365.es\/noticias\/author\/admin\/","name":"Cand\u00e1s 365","image":{"@type":"ImageObject","@id":"https:\/\/candas365.es\/noticias\/picasso-en-la-cupula-del-centro-niemeyer-con-grabados-eternos\/#authorImage","url":"https:\/\/secure.gravatar.com\/avatar\/496a8e03d0c493ede1718b7934145dbdf8d89be1036b0eec9544e1094c9de390?s=96&d=mm&r=g","width":96,"height":96,"caption":"Cand\u00e1s 365"},"sameAs":["https:\/\/www.facebook.com\/carrenoactualidad","https:\/\/twitter.com\/nbasturias","https:\/\/www.instagram.com\/nachofdezber\/","https:\/\/www.youtube.com\/channel\/UCZP-2wLEB9Rv6erhFmqVnvg"]},{"@type":"WebPage","@id":"https:\/\/candas365.es\/noticias\/picasso-en-la-cupula-del-centro-niemeyer-con-grabados-eternos\/#webpage","url":"https:\/\/candas365.es\/noticias\/picasso-en-la-cupula-del-centro-niemeyer-con-grabados-eternos\/","name":"Picasso en la C\u00fapula del Centro Niemeyer con \u00abGrabados eternos\u00bb | Cand\u00e1s 365","description":"Del 20 de febrero al 31 de mayo la obra de uno de los mayores artistas del siglo XX, Pablo Picasso, encontrar\u00e1 su lugar en la C\u00fapula del Centro Niemeyer con la exposici\u00f3n Grabados eternos. La exposici\u00f3n muestra, en primer lugar, una de las pocas series completas que existen en el mundo de Suite Vollard,","inLanguage":"es-ES","isPartOf":{"@id":"https:\/\/candas365.es\/noticias\/#website"},"breadcrumb":{"@id":"https:\/\/candas365.es\/noticias\/picasso-en-la-cupula-del-centro-niemeyer-con-grabados-eternos\/#breadcrumblist"},"author":{"@id":"https:\/\/candas365.es\/noticias\/author\/admin\/#author"},"creator":{"@id":"https:\/\/candas365.es\/noticias\/author\/admin\/#author"},"image":{"@type":"ImageObject","url":"https:\/\/candas365.es\/noticias\/wp-content\/uploads\/2014\/09\/niemeyer.jpg","@id":"https:\/\/candas365.es\/noticias\/picasso-en-la-cupula-del-centro-niemeyer-con-grabados-eternos\/#mainImage","width":800,"height":531},"primaryImageOfPage":{"@id":"https:\/\/candas365.es\/noticias\/picasso-en-la-cupula-del-centro-niemeyer-con-grabados-eternos\/#mainImage"},"datePublished":"2020-01-23T17:39:20+01:00","dateModified":"2020-01-23T17:39:20+01:00"},{"@type":"WebSite","@id":"https:\/\/candas365.es\/noticias\/#website","url":"https:\/\/candas365.es\/noticias\/","name":"Cand\u00e1s 365","alternateName":"Cand\u00e1s 365 Noticias","description":"Actualidad desde Carre\u00f1o para el mundo","inLanguage":"es-ES","publisher":{"@id":"https:\/\/candas365.es\/noticias\/#organization"}}]},"og:locale":"es_ES","og:site_name":"Cand\u00e1s 365","og:type":"article","og:title":"Picasso en la C\u00fapula del Centro Niemeyer con \u00abGrabados eternos\u00bb | Cand\u00e1s 365","og:description":"Del 20 de febrero al 31 de mayo la obra de uno de los mayores artistas del siglo XX, Pablo Picasso, encontrar\u00e1 su lugar en la C\u00fapula del Centro Niemeyer con la exposici\u00f3n Grabados eternos. La exposici\u00f3n muestra, en primer lugar, una de las pocas series completas que existen en el mundo de Suite Vollard,","og:url":"https:\/\/candas365.es\/noticias\/picasso-en-la-cupula-del-centro-niemeyer-con-grabados-eternos\/","og:image":"https:\/\/candas365.es\/noticias\/wp-content\/uploads\/2014\/09\/niemeyer.jpg","og:image:secure_url":"https:\/\/candas365.es\/noticias\/wp-content\/uploads\/2014\/09\/niemeyer.jpg","og:image:width":800,"og:image:height":531,"article:published_time":"2020-01-23T17:39:20+00:00","article:modified_time":"2020-01-23T17:39:20+00:00","article:publisher":"https:\/\/www.facebook.com\/Nachofdezber","article:author":"https:\/\/www.facebook.com\/carrenoactualidad","twitter:card":"summary_large_image","twitter:site":"@NabercoDigital","twitter:title":"Picasso en la C\u00fapula del Centro Niemeyer con \u00abGrabados eternos\u00bb | Cand\u00e1s 365","twitter:description":"Del 20 de febrero al 31 de mayo la obra de uno de los mayores artistas del siglo XX, Pablo Picasso, encontrar\u00e1 su lugar en la C\u00fapula del Centro Niemeyer con la exposici\u00f3n Grabados eternos. La exposici\u00f3n muestra, en primer lugar, una de las pocas series completas que existen en el mundo de Suite Vollard,","twitter:creator":"@nbasturias","twitter:image":"https:\/\/candas365.es\/noticias\/wp-content\/uploads\/2014\/09\/niemeyer.jpg","twitter:label1":"Escrito por","twitter:data1":"Cand\u00e1s 365","twitter:label2":"Tiempo de lectura estimado","twitter:data2":"4 minutos"},"aioseo_meta_data":{"post_id":"136853","title":null,"description":null,"keywords":null,"keyphrases":null,"primary_term":null,"canonical_url":null,"og_title":null,"og_description":null,"og_object_type":"default","og_image_type":"default","og_image_url":null,"og_image_width":null,"og_image_height":null,"og_image_custom_url":null,"og_image_custom_fields":null,"og_video":null,"og_custom_url":null,"og_article_section":null,"og_article_tags":null,"twitter_use_og":false,"twitter_card":"default","twitter_image_type":"default","twitter_image_url":null,"twitter_image_custom_url":null,"twitter_image_custom_fields":null,"twitter_title":null,"twitter_description":null,"schema":{"blockGraphs":[],"customGraphs":[],"default":{"data":{"Article":[],"Course":[],"Dataset":[],"FAQPage":[],"Movie":[],"Person":[],"Product":[],"ProductReview":[],"Car":[],"Recipe":[],"Service":[],"SoftwareApplication":[],"WebPage":[]},"graphName":"","isEnabled":true},"graphs":[],"defaultGraph":"","defaultPostTypeGraph":""},"schema_type":null,"schema_type_options":null,"pillar_content":false,"robots_default":true,"robots_noindex":false,"robots_noarchive":false,"robots_nosnippet":false,"robots_nofollow":false,"robots_noimageindex":false,"robots_noodp":false,"robots_notranslate":false,"robots_max_snippet":null,"robots_max_videopreview":null,"robots_max_imagepreview":"large","priority":null,"frequency":null,"location":null,"local_seo":null,"seo_analyzer_scan_date":"2025-08-30 22:09:22","breadcrumb_settings":null,"limit_modified_date":false,"reviewed_by":null,"open_ai":null,"ai":null,"created":"2020-12-21 10:46:59","updated":"2025-08-30 22:09:22"},"aioseo_breadcrumb":"<div class=\"aioseo-breadcrumbs\"><span class=\"aioseo-breadcrumb\">\n\t<a href=\"https:\/\/candas365.es\/noticias\" title=\"Home\">Home<\/a>\n<\/span><span class=\"aioseo-breadcrumb-separator\">&ndash;<\/span><span class=\"aioseo-breadcrumb\">\n\t<a href=\"https:\/\/candas365.es\/noticias\/category\/agenda\/\" title=\"Agenda\">Agenda<\/a>\n<\/span><span class=\"aioseo-breadcrumb-separator\">&ndash;<\/span><span class=\"aioseo-breadcrumb\">\n\tPicasso en la C\u00fapula del Centro Niemeyer con \u00abGrabados eternos\u00bb\n<\/span><\/div>","aioseo_breadcrumb_json":[{"label":"Home","link":"https:\/\/candas365.es\/noticias"},{"label":"Agenda","link":"https:\/\/candas365.es\/noticias\/category\/agenda\/"},{"label":"Picasso en la C\u00fapula del Centro Niemeyer con \u00abGrabados eternos\u00bb","link":"https:\/\/candas365.es\/noticias\/picasso-en-la-cupula-del-centro-niemeyer-con-grabados-eternos\/"}],"_links":{"self":[{"href":"https:\/\/candas365.es\/noticias\/wp-json\/wp\/v2\/posts\/136853","targetHints":{"allow":["GET"]}}],"collection":[{"href":"https:\/\/candas365.es\/noticias\/wp-json\/wp\/v2\/posts"}],"about":[{"href":"https:\/\/candas365.es\/noticias\/wp-json\/wp\/v2\/types\/post"}],"author":[{"embeddable":true,"href":"https:\/\/candas365.es\/noticias\/wp-json\/wp\/v2\/users\/1"}],"replies":[{"embeddable":true,"href":"https:\/\/candas365.es\/noticias\/wp-json\/wp\/v2\/comments?post=136853"}],"version-history":[{"count":0,"href":"https:\/\/candas365.es\/noticias\/wp-json\/wp\/v2\/posts\/136853\/revisions"}],"wp:featuredmedia":[{"embeddable":true,"href":"https:\/\/candas365.es\/noticias\/wp-json\/wp\/v2\/media\/403"}],"wp:attachment":[{"href":"https:\/\/candas365.es\/noticias\/wp-json\/wp\/v2\/media?parent=136853"}],"wp:term":[{"taxonomy":"category","embeddable":true,"href":"https:\/\/candas365.es\/noticias\/wp-json\/wp\/v2\/categories?post=136853"},{"taxonomy":"post_tag","embeddable":true,"href":"https:\/\/candas365.es\/noticias\/wp-json\/wp\/v2\/tags?post=136853"}],"curies":[{"name":"wp","href":"https:\/\/api.w.org\/{rel}","templated":true}]}}