{"id":136823,"date":"2020-01-23T01:09:12","date_gmt":"2020-01-23T01:09:12","guid":{"rendered":"http:\/\/candas365.es\/noticias\/?p=136823"},"modified":"2020-01-23T01:09:12","modified_gmt":"2020-01-23T01:09:12","slug":"leipzig-ficha-a-portero-espanol-martinez-y-se-interesa-por-dani-olmo","status":"publish","type":"post","link":"https:\/\/candas365.es\/noticias\/leipzig-ficha-a-portero-espanol-martinez-y-se-interesa-por-dani-olmo\/","title":{"rendered":"Leipzig ficha a portero espa\u00f1ol Mart\u00ednez y se interesa por Dani Olmo"},"content":{"rendered":"<p><img fetchpriority=\"high\" decoding=\"async\" class=\"alignleft size-medium wp-image-98026\" src=\"https:\/\/candas365.es\/noticias\/wp-content\/uploads\/2018\/06\/football-1406106_960_720-1-360x241.jpg\" alt=\"\" width=\"360\" height=\"241\" srcset=\"https:\/\/candas365.es\/noticias\/wp-content\/uploads\/2018\/06\/football-1406106_960_720-1-360x241.jpg 360w, https:\/\/candas365.es\/noticias\/wp-content\/uploads\/2018\/06\/football-1406106_960_720-1-768x514.jpg 768w, https:\/\/candas365.es\/noticias\/wp-content\/uploads\/2018\/06\/football-1406106_960_720-1-655x439.jpg 655w, https:\/\/candas365.es\/noticias\/wp-content\/uploads\/2018\/06\/football-1406106_960_720-1-696x466.jpg 696w, https:\/\/candas365.es\/noticias\/wp-content\/uploads\/2018\/06\/football-1406106_960_720-1-627x420.jpg 627w, https:\/\/candas365.es\/noticias\/wp-content\/uploads\/2018\/06\/football-1406106_960_720-1.jpg 960w\" sizes=\"(max-width: 360px) 100vw, 360px\" \/>Leipzig (Alemania), 22 ene (dpa) &#8211; El actual l\u00edder de la Bundesliga, el Leipzig, se asegur\u00f3 el pase del guardameta espa\u00f1ol Josep Mart\u00ednez a sus filas para el 1 de julio de este a\u00f1o, comunic\u00f3 hoy el club alem\u00e1n.<\/p>\n<p>El portero, de 21 a\u00f1os, pasar\u00e1 del equipo de segunda divisi\u00f3n espa\u00f1ol Uni\u00f3n Deportiva Las Palmas al equipo saj\u00f3n para la pr\u00f3xima temporada tras firmar un contrato hasta el 30 de junio de 2024.<\/p>\n<p>\u00abJosep Mart\u00ednez es un jugador joven y de gran capacidad y uno de los grandes talentos espa\u00f1oles en la porter\u00eda. Con su forma de interpretar la posici\u00f3n del arquero se adapta muy bien a nosotros y a nuestro juego\u00bb, se\u00f1al\u00f3 el director deportivo del Leipzig, Markus Kr\u00f6sche, en un comunicado de prensa del club.<\/p>\n<p>Mart\u00ednez, que pas\u00f3 del equipo juvenil del Barcelona a Las Palmas en julio de 2017, asumir\u00e1 probablemente el papel de segundo portero, detr\u00e1s de Peter Gulacsi. El suplente Yvon Mvogo no est\u00e1 contento con su rol de reserva y querr\u00eda dejar el club del este alem\u00e1n.<\/p>\n<p>Por otra parte, el Leipzig tambi\u00e9n est\u00e1 interesado en fichar al joven extremo espa\u00f1ol Dani Olmo, de 21 a\u00f1os, seg\u00fan informes de prensa.<\/p>\n<p>La revista deportiva \u00abKicker\u00bb escribi\u00f3 hoy que el club saj\u00f3n est\u00e1 realizando vehementes esfuerzos por hacerse con el futbolista que juega actualmente para el Dinamo de Zagreb.<\/p>\n<p>Tambi\u00e9n Olmo sali\u00f3 del equipo juvenil del Barcelona, pero ya en el verano (boreal) de 2014, con destino a Croacia. Su contrato actual es v\u00e1lido hasta el verano de 2021.<\/p>\n<p>Olmo ya jug\u00f3 un partido con la selecci\u00f3n nacional espa\u00f1ola. El Leipzig hizo una oferta de 16 millones de euros (unos 17 millones de d\u00f3lares) m\u00e1s \u00abfuertes pagos de bonificaciones\u00bb, seg\u00fan \u00abKicker\u00bb.<\/p>\n","protected":false},"excerpt":{"rendered":"<p>Leipzig (Alemania), 22 ene (dpa) &#8211; El actual l\u00edder de la Bundesliga, el Leipzig, se asegur\u00f3 el pase del guardameta espa\u00f1ol Josep Mart\u00ednez a sus filas para el 1 de julio de este a\u00f1o, comunic\u00f3 hoy el club alem\u00e1n. El portero, de 21 a\u00f1os, pasar\u00e1 del equipo de segunda divisi\u00f3n espa\u00f1ol Uni\u00f3n Deportiva Las Palmas<\/p>\n","protected":false},"author":1,"featured_media":98026,"comment_status":"closed","ping_status":"closed","sticky":false,"template":"","format":"standard","meta":{"footnotes":""},"categories":[319],"tags":[],"class_list":{"0":"post-136823","1":"post","2":"type-post","3":"status-publish","4":"format-standard","5":"has-post-thumbnail","7":"category-deporte"},"aioseo_notices":[],"aioseo_head":"\n\t\t<!-- All in One SEO Pro 4.9.6.2 - aioseo.com -->\n\t<meta name=\"description\" content=\"Leipzig (Alemania), 22 ene (dpa) - El actual l\u00edder de la Bundesliga, el Leipzig, se asegur\u00f3 el pase del guardameta espa\u00f1ol Josep Mart\u00ednez a sus filas para el 1 de julio de este a\u00f1o, comunic\u00f3 hoy el club alem\u00e1n. El portero, de 21 a\u00f1os, pasar\u00e1 del equipo de segunda divisi\u00f3n espa\u00f1ol Uni\u00f3n Deportiva Las Palmas\" \/>\n\t<meta name=\"robots\" content=\"max-image-preview:large\" \/>\n\t<meta name=\"author\" content=\"Cand\u00e1s 365\"\/>\n\t<meta name=\"google-site-verification\" content=\"UA-32230408-1\" \/>\n\t<meta name=\"msvalidate.01\" content=\"354F3CDFB2DA171B47FBE9ABF1F88D5\" \/>\n\t<meta name=\"keywords\" content=\"deporte\" \/>\n\t<link rel=\"canonical\" href=\"https:\/\/candas365.es\/noticias\/leipzig-ficha-a-portero-espanol-martinez-y-se-interesa-por-dani-olmo\/\" \/>\n\t<meta name=\"generator\" content=\"All in One SEO Pro (AIOSEO) 4.9.6.2\" \/>\n\t\t<meta property=\"og:locale\" content=\"es_ES\" \/>\n\t\t<meta property=\"og:site_name\" content=\"Cand\u00e1s 365\" \/>\n\t\t<meta property=\"og:type\" content=\"article\" \/>\n\t\t<meta property=\"og:title\" content=\"Leipzig ficha a portero espa\u00f1ol Mart\u00ednez y se interesa por Dani Olmo | Cand\u00e1s 365\" \/>\n\t\t<meta property=\"og:description\" content=\"Leipzig (Alemania), 22 ene (dpa) - El actual l\u00edder de la Bundesliga, el Leipzig, se asegur\u00f3 el pase del guardameta espa\u00f1ol Josep Mart\u00ednez a sus filas para el 1 de julio de este a\u00f1o, comunic\u00f3 hoy el club alem\u00e1n. El portero, de 21 a\u00f1os, pasar\u00e1 del equipo de segunda divisi\u00f3n espa\u00f1ol Uni\u00f3n Deportiva Las Palmas\" \/>\n\t\t<meta property=\"og:url\" content=\"https:\/\/candas365.es\/noticias\/leipzig-ficha-a-portero-espanol-martinez-y-se-interesa-por-dani-olmo\/\" \/>\n\t\t<meta property=\"og:image\" content=\"https:\/\/candas365.es\/noticias\/wp-content\/uploads\/2018\/06\/football-1406106_960_720-1.jpg\" \/>\n\t\t<meta property=\"og:image:secure_url\" content=\"https:\/\/candas365.es\/noticias\/wp-content\/uploads\/2018\/06\/football-1406106_960_720-1.jpg\" \/>\n\t\t<meta property=\"og:image:width\" content=\"960\" \/>\n\t\t<meta property=\"og:image:height\" content=\"643\" \/>\n\t\t<meta property=\"article:published_time\" content=\"2020-01-23T01:09:12+00:00\" \/>\n\t\t<meta property=\"article:modified_time\" content=\"2020-01-23T01:09:12+00:00\" \/>\n\t\t<meta property=\"article:publisher\" content=\"https:\/\/www.facebook.com\/Nachofdezber\" \/>\n\t\t<meta property=\"article:author\" content=\"https:\/\/www.facebook.com\/carrenoactualidad\" \/>\n\t\t<meta name=\"twitter:card\" content=\"summary_large_image\" \/>\n\t\t<meta name=\"twitter:site\" content=\"@NabercoDigital\" \/>\n\t\t<meta name=\"twitter:title\" content=\"Leipzig ficha a portero espa\u00f1ol Mart\u00ednez y se interesa por Dani Olmo | Cand\u00e1s 365\" \/>\n\t\t<meta name=\"twitter:description\" content=\"Leipzig (Alemania), 22 ene (dpa) - El actual l\u00edder de la Bundesliga, el Leipzig, se asegur\u00f3 el pase del guardameta espa\u00f1ol Josep Mart\u00ednez a sus filas para el 1 de julio de este a\u00f1o, comunic\u00f3 hoy el club alem\u00e1n. El portero, de 21 a\u00f1os, pasar\u00e1 del equipo de segunda divisi\u00f3n espa\u00f1ol Uni\u00f3n Deportiva Las Palmas\" \/>\n\t\t<meta name=\"twitter:creator\" content=\"@nbasturias\" \/>\n\t\t<meta name=\"twitter:image\" content=\"https:\/\/candas365.es\/noticias\/wp-content\/uploads\/2018\/06\/football-1406106_960_720-1.jpg\" \/>\n\t\t<meta name=\"twitter:label1\" content=\"Escrito por\" \/>\n\t\t<meta name=\"twitter:data1\" content=\"Cand\u00e1s 365\" \/>\n\t\t<meta name=\"twitter:label2\" content=\"Tiempo de lectura estimado\" \/>\n\t\t<meta name=\"twitter:data2\" content=\"2 minutos\" \/>\n\t\t<script type=\"application\/ld+json\" class=\"aioseo-schema\">\n\t\t\t{\"@context\":\"https:\\\/\\\/schema.org\",\"@graph\":[{\"@type\":\"BreadcrumbList\",\"@id\":\"https:\\\/\\\/candas365.es\\\/noticias\\\/leipzig-ficha-a-portero-espanol-martinez-y-se-interesa-por-dani-olmo\\\/#breadcrumblist\",\"itemListElement\":[{\"@type\":\"ListItem\",\"@id\":\"https:\\\/\\\/candas365.es\\\/noticias#listItem\",\"position\":1,\"name\":\"Home\",\"item\":\"https:\\\/\\\/candas365.es\\\/noticias\",\"nextItem\":{\"@type\":\"ListItem\",\"@id\":\"https:\\\/\\\/candas365.es\\\/noticias\\\/category\\\/deporte\\\/#listItem\",\"name\":\"Deporte\"}},{\"@type\":\"ListItem\",\"@id\":\"https:\\\/\\\/candas365.es\\\/noticias\\\/category\\\/deporte\\\/#listItem\",\"position\":2,\"name\":\"Deporte\",\"item\":\"https:\\\/\\\/candas365.es\\\/noticias\\\/category\\\/deporte\\\/\",\"nextItem\":{\"@type\":\"ListItem\",\"@id\":\"https:\\\/\\\/candas365.es\\\/noticias\\\/leipzig-ficha-a-portero-espanol-martinez-y-se-interesa-por-dani-olmo\\\/#listItem\",\"name\":\"Leipzig ficha a portero espa\\u00f1ol Mart\\u00ednez y se interesa por Dani Olmo\"},\"previousItem\":{\"@type\":\"ListItem\",\"@id\":\"https:\\\/\\\/candas365.es\\\/noticias#listItem\",\"name\":\"Home\"}},{\"@type\":\"ListItem\",\"@id\":\"https:\\\/\\\/candas365.es\\\/noticias\\\/leipzig-ficha-a-portero-espanol-martinez-y-se-interesa-por-dani-olmo\\\/#listItem\",\"position\":3,\"name\":\"Leipzig ficha a portero espa\\u00f1ol Mart\\u00ednez y se interesa por Dani Olmo\",\"previousItem\":{\"@type\":\"ListItem\",\"@id\":\"https:\\\/\\\/candas365.es\\\/noticias\\\/category\\\/deporte\\\/#listItem\",\"name\":\"Deporte\"}}]},{\"@type\":\"NewsArticle\",\"@id\":\"https:\\\/\\\/candas365.es\\\/noticias\\\/leipzig-ficha-a-portero-espanol-martinez-y-se-interesa-por-dani-olmo\\\/#newsarticle\",\"name\":\"Leipzig ficha a portero espa\\u00f1ol Mart\\u00ednez y se interesa por Dani Olmo | Cand\\u00e1s 365\",\"headline\":\"Leipzig ficha a portero espa\\u00f1ol Mart\\u00ednez y se interesa por Dani Olmo\",\"author\":{\"@id\":\"https:\\\/\\\/candas365.es\\\/noticias\\\/author\\\/admin\\\/#author\"},\"publisher\":{\"@id\":\"https:\\\/\\\/candas365.es\\\/noticias\\\/#organization\"},\"image\":{\"@type\":\"ImageObject\",\"url\":\"https:\\\/\\\/candas365.es\\\/noticias\\\/wp-content\\\/uploads\\\/2018\\\/06\\\/football-1406106_960_720-1.jpg\",\"width\":960,\"height\":643},\"datePublished\":\"2020-01-23T01:09:12+01:00\",\"dateModified\":\"2020-01-23T01:09:12+01:00\",\"inLanguage\":\"es-ES\",\"mainEntityOfPage\":{\"@id\":\"https:\\\/\\\/candas365.es\\\/noticias\\\/leipzig-ficha-a-portero-espanol-martinez-y-se-interesa-por-dani-olmo\\\/#webpage\"},\"isPartOf\":{\"@id\":\"https:\\\/\\\/candas365.es\\\/noticias\\\/leipzig-ficha-a-portero-espanol-martinez-y-se-interesa-por-dani-olmo\\\/#webpage\"},\"articleSection\":\"Deporte\",\"dateline\":\"Publicado el enero 23, 2020.\"},{\"@type\":\"Organization\",\"@id\":\"https:\\\/\\\/candas365.es\\\/noticias\\\/#organization\",\"name\":\"Cand\\u00e1s 365\",\"description\":\"Cand\\u00e1s 365 es un diario digital independiente, fundado en 2012, con base en Asturias. Informamos con rigor sobre actualidad, sociedad, cultura y ocio, con una mirada local y global.\",\"url\":\"https:\\\/\\\/candas365.es\\\/noticias\\\/\",\"email\":\"info@candas365.es\",\"telephone\":\"+34652131393\",\"foundingDate\":\"2012-06-10\",\"logo\":{\"@type\":\"ImageObject\",\"url\":\"https:\\\/\\\/candas365.es\\\/noticias\\\/wp-content\\\/uploads\\\/2024\\\/09\\\/Candas-365-Redes.jpg\",\"@id\":\"https:\\\/\\\/candas365.es\\\/noticias\\\/leipzig-ficha-a-portero-espanol-martinez-y-se-interesa-por-dani-olmo\\\/#organizationLogo\",\"width\":1152,\"height\":864,\"caption\":\"Cand\\u00e1s 365 Redes\"},\"image\":{\"@id\":\"https:\\\/\\\/candas365.es\\\/noticias\\\/leipzig-ficha-a-portero-espanol-martinez-y-se-interesa-por-dani-olmo\\\/#organizationLogo\"},\"sameAs\":[\"https:\\\/\\\/www.facebook.com\\\/Nachofdezber\",\"https:\\\/\\\/x.com\\\/NabercoDigital\",\"https:\\\/\\\/www.instagram.com\\\/nachofdezber\\\/\",\"https:\\\/\\\/www.youtube.com\\\/channel\\\/UCZP-2wLEB9Rv6erhFmqVnvg\"],\"address\":{\"@id\":\"https:\\\/\\\/candas365.es\\\/noticias\\\/#postaladdress\",\"@type\":\"PostalAddress\",\"streetAddress\":\"san antonio 4, san antonio 4\",\"postalCode\":\"33430\",\"addressLocality\":\"Cand\\u00e1s\",\"addressRegion\":\"Asturias\",\"addressCountry\":\"ES\"}},{\"@type\":\"Person\",\"@id\":\"https:\\\/\\\/candas365.es\\\/noticias\\\/author\\\/admin\\\/#author\",\"url\":\"https:\\\/\\\/candas365.es\\\/noticias\\\/author\\\/admin\\\/\",\"name\":\"Cand\\u00e1s 365\",\"image\":{\"@type\":\"ImageObject\",\"@id\":\"https:\\\/\\\/candas365.es\\\/noticias\\\/leipzig-ficha-a-portero-espanol-martinez-y-se-interesa-por-dani-olmo\\\/#authorImage\",\"url\":\"https:\\\/\\\/secure.gravatar.com\\\/avatar\\\/496a8e03d0c493ede1718b7934145dbdf8d89be1036b0eec9544e1094c9de390?s=96&d=mm&r=g\",\"width\":96,\"height\":96,\"caption\":\"Cand\\u00e1s 365\"},\"sameAs\":[\"https:\\\/\\\/www.facebook.com\\\/carrenoactualidad\",\"https:\\\/\\\/twitter.com\\\/nbasturias\",\"https:\\\/\\\/www.instagram.com\\\/nachofdezber\\\/\",\"https:\\\/\\\/www.youtube.com\\\/channel\\\/UCZP-2wLEB9Rv6erhFmqVnvg\"]},{\"@type\":\"WebPage\",\"@id\":\"https:\\\/\\\/candas365.es\\\/noticias\\\/leipzig-ficha-a-portero-espanol-martinez-y-se-interesa-por-dani-olmo\\\/#webpage\",\"url\":\"https:\\\/\\\/candas365.es\\\/noticias\\\/leipzig-ficha-a-portero-espanol-martinez-y-se-interesa-por-dani-olmo\\\/\",\"name\":\"Leipzig ficha a portero espa\\u00f1ol Mart\\u00ednez y se interesa por Dani Olmo | Cand\\u00e1s 365\",\"description\":\"Leipzig (Alemania), 22 ene (dpa) - El actual l\\u00edder de la Bundesliga, el Leipzig, se asegur\\u00f3 el pase del guardameta espa\\u00f1ol Josep Mart\\u00ednez a sus filas para el 1 de julio de este a\\u00f1o, comunic\\u00f3 hoy el club alem\\u00e1n. El portero, de 21 a\\u00f1os, pasar\\u00e1 del equipo de segunda divisi\\u00f3n espa\\u00f1ol Uni\\u00f3n Deportiva Las Palmas\",\"inLanguage\":\"es-ES\",\"isPartOf\":{\"@id\":\"https:\\\/\\\/candas365.es\\\/noticias\\\/#website\"},\"breadcrumb\":{\"@id\":\"https:\\\/\\\/candas365.es\\\/noticias\\\/leipzig-ficha-a-portero-espanol-martinez-y-se-interesa-por-dani-olmo\\\/#breadcrumblist\"},\"author\":{\"@id\":\"https:\\\/\\\/candas365.es\\\/noticias\\\/author\\\/admin\\\/#author\"},\"creator\":{\"@id\":\"https:\\\/\\\/candas365.es\\\/noticias\\\/author\\\/admin\\\/#author\"},\"image\":{\"@type\":\"ImageObject\",\"url\":\"https:\\\/\\\/candas365.es\\\/noticias\\\/wp-content\\\/uploads\\\/2018\\\/06\\\/football-1406106_960_720-1.jpg\",\"@id\":\"https:\\\/\\\/candas365.es\\\/noticias\\\/leipzig-ficha-a-portero-espanol-martinez-y-se-interesa-por-dani-olmo\\\/#mainImage\",\"width\":960,\"height\":643},\"primaryImageOfPage\":{\"@id\":\"https:\\\/\\\/candas365.es\\\/noticias\\\/leipzig-ficha-a-portero-espanol-martinez-y-se-interesa-por-dani-olmo\\\/#mainImage\"},\"datePublished\":\"2020-01-23T01:09:12+01:00\",\"dateModified\":\"2020-01-23T01:09:12+01:00\"},{\"@type\":\"WebSite\",\"@id\":\"https:\\\/\\\/candas365.es\\\/noticias\\\/#website\",\"url\":\"https:\\\/\\\/candas365.es\\\/noticias\\\/\",\"name\":\"Cand\\u00e1s 365\",\"alternateName\":\"Cand\\u00e1s 365 Noticias\",\"description\":\"Actualidad desde Carre\\u00f1o para el mundo\",\"inLanguage\":\"es-ES\",\"publisher\":{\"@id\":\"https:\\\/\\\/candas365.es\\\/noticias\\\/#organization\"}}]}\n\t\t<\/script>\n\t\t<!-- All in One SEO Pro -->\r\n\t\t<title>Leipzig ficha a portero espa\u00f1ol Mart\u00ednez y se interesa por Dani Olmo | Cand\u00e1s 365<\/title>\n\n","aioseo_head_json":{"title":"Leipzig ficha a portero espa\u00f1ol Mart\u00ednez y se interesa por Dani Olmo | Cand\u00e1s 365","description":"Leipzig (Alemania), 22 ene (dpa) - El actual l\u00edder de la Bundesliga, el Leipzig, se asegur\u00f3 el pase del guardameta espa\u00f1ol Josep Mart\u00ednez a sus filas para el 1 de julio de este a\u00f1o, comunic\u00f3 hoy el club alem\u00e1n. El portero, de 21 a\u00f1os, pasar\u00e1 del equipo de segunda divisi\u00f3n espa\u00f1ol Uni\u00f3n Deportiva Las Palmas","canonical_url":"https:\/\/candas365.es\/noticias\/leipzig-ficha-a-portero-espanol-martinez-y-se-interesa-por-dani-olmo\/","robots":"max-image-preview:large","keywords":"deporte","webmasterTools":{"google-site-verification":"UA-32230408-1","msvalidate.01":"354F3CDFB2DA171B47FBE9ABF1F88D5","miscellaneous":""},"schema":{"@context":"https:\/\/schema.org","@graph":[{"@type":"BreadcrumbList","@id":"https:\/\/candas365.es\/noticias\/leipzig-ficha-a-portero-espanol-martinez-y-se-interesa-por-dani-olmo\/#breadcrumblist","itemListElement":[{"@type":"ListItem","@id":"https:\/\/candas365.es\/noticias#listItem","position":1,"name":"Home","item":"https:\/\/candas365.es\/noticias","nextItem":{"@type":"ListItem","@id":"https:\/\/candas365.es\/noticias\/category\/deporte\/#listItem","name":"Deporte"}},{"@type":"ListItem","@id":"https:\/\/candas365.es\/noticias\/category\/deporte\/#listItem","position":2,"name":"Deporte","item":"https:\/\/candas365.es\/noticias\/category\/deporte\/","nextItem":{"@type":"ListItem","@id":"https:\/\/candas365.es\/noticias\/leipzig-ficha-a-portero-espanol-martinez-y-se-interesa-por-dani-olmo\/#listItem","name":"Leipzig ficha a portero espa\u00f1ol Mart\u00ednez y se interesa por Dani Olmo"},"previousItem":{"@type":"ListItem","@id":"https:\/\/candas365.es\/noticias#listItem","name":"Home"}},{"@type":"ListItem","@id":"https:\/\/candas365.es\/noticias\/leipzig-ficha-a-portero-espanol-martinez-y-se-interesa-por-dani-olmo\/#listItem","position":3,"name":"Leipzig ficha a portero espa\u00f1ol Mart\u00ednez y se interesa por Dani Olmo","previousItem":{"@type":"ListItem","@id":"https:\/\/candas365.es\/noticias\/category\/deporte\/#listItem","name":"Deporte"}}]},{"@type":"NewsArticle","@id":"https:\/\/candas365.es\/noticias\/leipzig-ficha-a-portero-espanol-martinez-y-se-interesa-por-dani-olmo\/#newsarticle","name":"Leipzig ficha a portero espa\u00f1ol Mart\u00ednez y se interesa por Dani Olmo | Cand\u00e1s 365","headline":"Leipzig ficha a portero espa\u00f1ol Mart\u00ednez y se interesa por Dani Olmo","author":{"@id":"https:\/\/candas365.es\/noticias\/author\/admin\/#author"},"publisher":{"@id":"https:\/\/candas365.es\/noticias\/#organization"},"image":{"@type":"ImageObject","url":"https:\/\/candas365.es\/noticias\/wp-content\/uploads\/2018\/06\/football-1406106_960_720-1.jpg","width":960,"height":643},"datePublished":"2020-01-23T01:09:12+01:00","dateModified":"2020-01-23T01:09:12+01:00","inLanguage":"es-ES","mainEntityOfPage":{"@id":"https:\/\/candas365.es\/noticias\/leipzig-ficha-a-portero-espanol-martinez-y-se-interesa-por-dani-olmo\/#webpage"},"isPartOf":{"@id":"https:\/\/candas365.es\/noticias\/leipzig-ficha-a-portero-espanol-martinez-y-se-interesa-por-dani-olmo\/#webpage"},"articleSection":"Deporte","dateline":"Publicado el enero 23, 2020."},{"@type":"Organization","@id":"https:\/\/candas365.es\/noticias\/#organization","name":"Cand\u00e1s 365","description":"Cand\u00e1s 365 es un diario digital independiente, fundado en 2012, con base en Asturias. Informamos con rigor sobre actualidad, sociedad, cultura y ocio, con una mirada local y global.","url":"https:\/\/candas365.es\/noticias\/","email":"info@candas365.es","telephone":"+34652131393","foundingDate":"2012-06-10","logo":{"@type":"ImageObject","url":"https:\/\/candas365.es\/noticias\/wp-content\/uploads\/2024\/09\/Candas-365-Redes.jpg","@id":"https:\/\/candas365.es\/noticias\/leipzig-ficha-a-portero-espanol-martinez-y-se-interesa-por-dani-olmo\/#organizationLogo","width":1152,"height":864,"caption":"Cand\u00e1s 365 Redes"},"image":{"@id":"https:\/\/candas365.es\/noticias\/leipzig-ficha-a-portero-espanol-martinez-y-se-interesa-por-dani-olmo\/#organizationLogo"},"sameAs":["https:\/\/www.facebook.com\/Nachofdezber","https:\/\/x.com\/NabercoDigital","https:\/\/www.instagram.com\/nachofdezber\/","https:\/\/www.youtube.com\/channel\/UCZP-2wLEB9Rv6erhFmqVnvg"],"address":{"@id":"https:\/\/candas365.es\/noticias\/#postaladdress","@type":"PostalAddress","streetAddress":"san antonio 4, san antonio 4","postalCode":"33430","addressLocality":"Cand\u00e1s","addressRegion":"Asturias","addressCountry":"ES"}},{"@type":"Person","@id":"https:\/\/candas365.es\/noticias\/author\/admin\/#author","url":"https:\/\/candas365.es\/noticias\/author\/admin\/","name":"Cand\u00e1s 365","image":{"@type":"ImageObject","@id":"https:\/\/candas365.es\/noticias\/leipzig-ficha-a-portero-espanol-martinez-y-se-interesa-por-dani-olmo\/#authorImage","url":"https:\/\/secure.gravatar.com\/avatar\/496a8e03d0c493ede1718b7934145dbdf8d89be1036b0eec9544e1094c9de390?s=96&d=mm&r=g","width":96,"height":96,"caption":"Cand\u00e1s 365"},"sameAs":["https:\/\/www.facebook.com\/carrenoactualidad","https:\/\/twitter.com\/nbasturias","https:\/\/www.instagram.com\/nachofdezber\/","https:\/\/www.youtube.com\/channel\/UCZP-2wLEB9Rv6erhFmqVnvg"]},{"@type":"WebPage","@id":"https:\/\/candas365.es\/noticias\/leipzig-ficha-a-portero-espanol-martinez-y-se-interesa-por-dani-olmo\/#webpage","url":"https:\/\/candas365.es\/noticias\/leipzig-ficha-a-portero-espanol-martinez-y-se-interesa-por-dani-olmo\/","name":"Leipzig ficha a portero espa\u00f1ol Mart\u00ednez y se interesa por Dani Olmo | Cand\u00e1s 365","description":"Leipzig (Alemania), 22 ene (dpa) - El actual l\u00edder de la Bundesliga, el Leipzig, se asegur\u00f3 el pase del guardameta espa\u00f1ol Josep Mart\u00ednez a sus filas para el 1 de julio de este a\u00f1o, comunic\u00f3 hoy el club alem\u00e1n. El portero, de 21 a\u00f1os, pasar\u00e1 del equipo de segunda divisi\u00f3n espa\u00f1ol Uni\u00f3n Deportiva Las Palmas","inLanguage":"es-ES","isPartOf":{"@id":"https:\/\/candas365.es\/noticias\/#website"},"breadcrumb":{"@id":"https:\/\/candas365.es\/noticias\/leipzig-ficha-a-portero-espanol-martinez-y-se-interesa-por-dani-olmo\/#breadcrumblist"},"author":{"@id":"https:\/\/candas365.es\/noticias\/author\/admin\/#author"},"creator":{"@id":"https:\/\/candas365.es\/noticias\/author\/admin\/#author"},"image":{"@type":"ImageObject","url":"https:\/\/candas365.es\/noticias\/wp-content\/uploads\/2018\/06\/football-1406106_960_720-1.jpg","@id":"https:\/\/candas365.es\/noticias\/leipzig-ficha-a-portero-espanol-martinez-y-se-interesa-por-dani-olmo\/#mainImage","width":960,"height":643},"primaryImageOfPage":{"@id":"https:\/\/candas365.es\/noticias\/leipzig-ficha-a-portero-espanol-martinez-y-se-interesa-por-dani-olmo\/#mainImage"},"datePublished":"2020-01-23T01:09:12+01:00","dateModified":"2020-01-23T01:09:12+01:00"},{"@type":"WebSite","@id":"https:\/\/candas365.es\/noticias\/#website","url":"https:\/\/candas365.es\/noticias\/","name":"Cand\u00e1s 365","alternateName":"Cand\u00e1s 365 Noticias","description":"Actualidad desde Carre\u00f1o para el mundo","inLanguage":"es-ES","publisher":{"@id":"https:\/\/candas365.es\/noticias\/#organization"}}]},"og:locale":"es_ES","og:site_name":"Cand\u00e1s 365","og:type":"article","og:title":"Leipzig ficha a portero espa\u00f1ol Mart\u00ednez y se interesa por Dani Olmo | Cand\u00e1s 365","og:description":"Leipzig (Alemania), 22 ene (dpa) - El actual l\u00edder de la Bundesliga, el Leipzig, se asegur\u00f3 el pase del guardameta espa\u00f1ol Josep Mart\u00ednez a sus filas para el 1 de julio de este a\u00f1o, comunic\u00f3 hoy el club alem\u00e1n. El portero, de 21 a\u00f1os, pasar\u00e1 del equipo de segunda divisi\u00f3n espa\u00f1ol Uni\u00f3n Deportiva Las Palmas","og:url":"https:\/\/candas365.es\/noticias\/leipzig-ficha-a-portero-espanol-martinez-y-se-interesa-por-dani-olmo\/","og:image":"https:\/\/candas365.es\/noticias\/wp-content\/uploads\/2018\/06\/football-1406106_960_720-1.jpg","og:image:secure_url":"https:\/\/candas365.es\/noticias\/wp-content\/uploads\/2018\/06\/football-1406106_960_720-1.jpg","og:image:width":960,"og:image:height":643,"article:published_time":"2020-01-23T01:09:12+00:00","article:modified_time":"2020-01-23T01:09:12+00:00","article:publisher":"https:\/\/www.facebook.com\/Nachofdezber","article:author":"https:\/\/www.facebook.com\/carrenoactualidad","twitter:card":"summary_large_image","twitter:site":"@NabercoDigital","twitter:title":"Leipzig ficha a portero espa\u00f1ol Mart\u00ednez y se interesa por Dani Olmo | Cand\u00e1s 365","twitter:description":"Leipzig (Alemania), 22 ene (dpa) - El actual l\u00edder de la Bundesliga, el Leipzig, se asegur\u00f3 el pase del guardameta espa\u00f1ol Josep Mart\u00ednez a sus filas para el 1 de julio de este a\u00f1o, comunic\u00f3 hoy el club alem\u00e1n. El portero, de 21 a\u00f1os, pasar\u00e1 del equipo de segunda divisi\u00f3n espa\u00f1ol Uni\u00f3n Deportiva Las Palmas","twitter:creator":"@nbasturias","twitter:image":"https:\/\/candas365.es\/noticias\/wp-content\/uploads\/2018\/06\/football-1406106_960_720-1.jpg","twitter:label1":"Escrito por","twitter:data1":"Cand\u00e1s 365","twitter:label2":"Tiempo de lectura estimado","twitter:data2":"2 minutos"},"aioseo_meta_data":{"post_id":"136823","title":null,"description":null,"keywords":null,"keyphrases":null,"primary_term":null,"canonical_url":null,"og_title":null,"og_description":null,"og_object_type":"default","og_image_type":"default","og_image_url":null,"og_image_width":null,"og_image_height":null,"og_image_custom_url":null,"og_image_custom_fields":null,"og_video":null,"og_custom_url":null,"og_article_section":null,"og_article_tags":null,"twitter_use_og":false,"twitter_card":"default","twitter_image_type":"default","twitter_image_url":null,"twitter_image_custom_url":null,"twitter_image_custom_fields":null,"twitter_title":null,"twitter_description":null,"schema":{"blockGraphs":[],"customGraphs":[],"default":{"data":{"Article":[],"Course":[],"Dataset":[],"FAQPage":[],"Movie":[],"Person":[],"Product":[],"ProductReview":[],"Car":[],"Recipe":[],"Service":[],"SoftwareApplication":[],"WebPage":[]},"graphName":"","isEnabled":true},"graphs":[],"defaultGraph":"","defaultPostTypeGraph":""},"schema_type":null,"schema_type_options":null,"pillar_content":false,"robots_default":true,"robots_noindex":false,"robots_noarchive":false,"robots_nosnippet":false,"robots_nofollow":false,"robots_noimageindex":false,"robots_noodp":false,"robots_notranslate":false,"robots_max_snippet":null,"robots_max_videopreview":null,"robots_max_imagepreview":"large","priority":null,"frequency":null,"location":null,"local_seo":null,"seo_analyzer_scan_date":"2025-08-30 22:09:13","breadcrumb_settings":null,"limit_modified_date":false,"reviewed_by":null,"open_ai":null,"ai":null,"created":"2020-12-21 10:47:43","updated":"2025-08-30 22:09:13"},"aioseo_breadcrumb":"<div class=\"aioseo-breadcrumbs\"><span class=\"aioseo-breadcrumb\">\n\t<a href=\"https:\/\/candas365.es\/noticias\" title=\"Home\">Home<\/a>\n<\/span><span class=\"aioseo-breadcrumb-separator\">&ndash;<\/span><span class=\"aioseo-breadcrumb\">\n\t<a href=\"https:\/\/candas365.es\/noticias\/category\/deporte\/\" title=\"Deporte\">Deporte<\/a>\n<\/span><span class=\"aioseo-breadcrumb-separator\">&ndash;<\/span><span class=\"aioseo-breadcrumb\">\n\tLeipzig ficha a portero espa\u00f1ol Mart\u00ednez y se interesa por Dani Olmo\n<\/span><\/div>","aioseo_breadcrumb_json":[{"label":"Home","link":"https:\/\/candas365.es\/noticias"},{"label":"Deporte","link":"https:\/\/candas365.es\/noticias\/category\/deporte\/"},{"label":"Leipzig ficha a portero espa\u00f1ol Mart\u00ednez y se interesa por Dani Olmo","link":"https:\/\/candas365.es\/noticias\/leipzig-ficha-a-portero-espanol-martinez-y-se-interesa-por-dani-olmo\/"}],"_links":{"self":[{"href":"https:\/\/candas365.es\/noticias\/wp-json\/wp\/v2\/posts\/136823","targetHints":{"allow":["GET"]}}],"collection":[{"href":"https:\/\/candas365.es\/noticias\/wp-json\/wp\/v2\/posts"}],"about":[{"href":"https:\/\/candas365.es\/noticias\/wp-json\/wp\/v2\/types\/post"}],"author":[{"embeddable":true,"href":"https:\/\/candas365.es\/noticias\/wp-json\/wp\/v2\/users\/1"}],"replies":[{"embeddable":true,"href":"https:\/\/candas365.es\/noticias\/wp-json\/wp\/v2\/comments?post=136823"}],"version-history":[{"count":0,"href":"https:\/\/candas365.es\/noticias\/wp-json\/wp\/v2\/posts\/136823\/revisions"}],"wp:featuredmedia":[{"embeddable":true,"href":"https:\/\/candas365.es\/noticias\/wp-json\/wp\/v2\/media\/98026"}],"wp:attachment":[{"href":"https:\/\/candas365.es\/noticias\/wp-json\/wp\/v2\/media?parent=136823"}],"wp:term":[{"taxonomy":"category","embeddable":true,"href":"https:\/\/candas365.es\/noticias\/wp-json\/wp\/v2\/categories?post=136823"},{"taxonomy":"post_tag","embeddable":true,"href":"https:\/\/candas365.es\/noticias\/wp-json\/wp\/v2\/tags?post=136823"}],"curies":[{"name":"wp","href":"https:\/\/api.w.org\/{rel}","templated":true}]}}