{"id":136657,"date":"2020-01-18T19:47:52","date_gmt":"2020-01-18T19:47:52","guid":{"rendered":"http:\/\/candas365.es\/noticias\/?p=136657"},"modified":"2020-01-18T19:47:52","modified_gmt":"2020-01-18T19:47:52","slug":"confirman-la-licencia-de-klinsmann-antes-del-partido-contra-el-bayern","status":"publish","type":"post","link":"https:\/\/candas365.es\/noticias\/confirman-la-licencia-de-klinsmann-antes-del-partido-contra-el-bayern\/","title":{"rendered":"Confirman la licencia de Klinsmann antes del partido contra el Bayern"},"content":{"rendered":"<figure id=\"attachment_136658\" aria-describedby=\"caption-attachment-136658\" style=\"width: 360px\" class=\"wp-caption alignleft\"><img fetchpriority=\"high\" decoding=\"async\" class=\"size-medium wp-image-136658\" src=\"https:\/\/candas365.es\/noticias\/wp-content\/uploads\/2020\/01\/Klinsmann-dpa-360x230.jpg\" alt=\"\" width=\"360\" height=\"230\" srcset=\"https:\/\/candas365.es\/noticias\/wp-content\/uploads\/2020\/01\/Klinsmann-dpa-360x230.jpg 360w, https:\/\/candas365.es\/noticias\/wp-content\/uploads\/2020\/01\/Klinsmann-dpa-655x419.jpg 655w, https:\/\/candas365.es\/noticias\/wp-content\/uploads\/2020\/01\/Klinsmann-dpa-768x491.jpg 768w, https:\/\/candas365.es\/noticias\/wp-content\/uploads\/2020\/01\/Klinsmann-dpa-696x445.jpg 696w, https:\/\/candas365.es\/noticias\/wp-content\/uploads\/2020\/01\/Klinsmann-dpa-657x420.jpg 657w, https:\/\/candas365.es\/noticias\/wp-content\/uploads\/2020\/01\/Klinsmann-dpa.jpg 1046w\" sizes=\"(max-width: 360px) 100vw, 360px\" \/><figcaption id=\"caption-attachment-136658\" class=\"wp-caption-text\">Foto: Andreas Gora\/dpa<\/figcaption><\/figure>\n<p>Fr\u00e1ncfort, 18 ene (dpa) &#8211; El ex seleccionador nacional alem\u00e1n y actual entrenador del Hertha Berl\u00edn, J\u00fcrgen Klinsmann, pudo renovar ya su licencia, lo que le garantiza su empleo como t\u00e9cnico del club de la Bundesliga, informaron hoy la Federaci\u00f3n Alemana de F\u00fatbol (DFB) y la Liga Alemana de F\u00fatbol (DFL).<\/p>\n<p>\u00abLa DFB ha reconocido los documentos presentados por J\u00fcrgen Klinsmann\u00bb, anunciaron la DFB y la DFL. \u00abLos \u00faltimos certificados que prueban su capacitaci\u00f3n profesional, que faltaban hasta ahora, fueron enviados directamente por la asociaci\u00f3n estadounidense de f\u00fatbol y la DFB que los recibi\u00f3 hoy\u00bb.<\/p>\n<p>Seg\u00fan el comunicado, los documentos fueron examinados a continuaci\u00f3n con todo detalle para garantizar que su contenido y calidad pudieran compararse con los cursos de formaci\u00f3n alemanes, tras lo cual se pudo ampliar la licencia de Klinsmann como entrenador del Hertha al cumplir con los estatutos.<\/p>\n<p>Klinsmann ya hab\u00eda expresado el viernes su confianza en que podr\u00eda dirigir a su equipo contra el Bayern en la segunda ronda de la Bundesliga, a pesar de que a\u00fan estaba pendiente de renovar su licencia de entrenador.<\/p>\n<p>\u00abLes he enviado muchas cosas que tengo en mi port\u00e1til, eso deber\u00eda ser suficiente\u00bb, dijo el t\u00e9cnico de 55 a\u00f1os antes del partido del domingo con el Bayern M\u00fanich en la vuelta de la Bundesliga tras el par\u00f3n invernal.<\/p>\n<p>Klinsmann hab\u00eda obtenido su licencia de entrenador profesional de f\u00fatbol en un curso especial para jugadores nacionales meritorios en el verano de 2000, que \u00e9l mismo hab\u00eda iniciado y organizado.<\/p>\n<p>\u00abFue idea y deseo de Berti Vogts con el objetivo de mantener como entrenadores a muchos de los campeones del mundo y de Europa en el f\u00fatbol. Me pareci\u00f3 una gran idea desde el principio\u00bb, dijo una vez Klinsmann.<\/p>\n<p>La licencia, al igual que en otras categor\u00edas de entrenadores, tiene que renovarse cada tres a\u00f1os mediante cursos de capacitaci\u00f3n probados.<\/p>\n","protected":false},"excerpt":{"rendered":"<p>Fr\u00e1ncfort, 18 ene (dpa) &#8211; El ex seleccionador nacional alem\u00e1n y actual entrenador del Hertha Berl\u00edn, J\u00fcrgen Klinsmann, pudo renovar ya su licencia, lo que le garantiza su empleo como t\u00e9cnico del club de la Bundesliga, informaron hoy la Federaci\u00f3n Alemana de F\u00fatbol (DFB) y la Liga Alemana de F\u00fatbol (DFL). \u00abLa DFB ha reconocido<\/p>\n","protected":false},"author":1,"featured_media":136658,"comment_status":"closed","ping_status":"closed","sticky":false,"template":"","format":"standard","meta":{"footnotes":""},"categories":[319],"tags":[],"class_list":{"0":"post-136657","1":"post","2":"type-post","3":"status-publish","4":"format-standard","5":"has-post-thumbnail","7":"category-deporte"},"aioseo_notices":[],"aioseo_head":"\n\t\t<!-- All in One SEO Pro 4.9.6.2 - aioseo.com -->\n\t<meta name=\"description\" content=\"Fr\u00e1ncfort, 18 ene (dpa) - El ex seleccionador nacional alem\u00e1n y actual entrenador del Hertha Berl\u00edn, J\u00fcrgen Klinsmann, pudo renovar ya su licencia, lo que le garantiza su empleo como t\u00e9cnico del club de la Bundesliga, informaron hoy la Federaci\u00f3n Alemana de F\u00fatbol (DFB) y la Liga Alemana de F\u00fatbol (DFL). &quot;La DFB ha reconocido\" \/>\n\t<meta name=\"robots\" content=\"max-image-preview:large\" \/>\n\t<meta name=\"author\" content=\"Cand\u00e1s 365\"\/>\n\t<meta name=\"google-site-verification\" content=\"UA-32230408-1\" \/>\n\t<meta name=\"msvalidate.01\" content=\"354F3CDFB2DA171B47FBE9ABF1F88D5\" \/>\n\t<meta name=\"keywords\" content=\"deporte\" \/>\n\t<link rel=\"canonical\" href=\"https:\/\/candas365.es\/noticias\/confirman-la-licencia-de-klinsmann-antes-del-partido-contra-el-bayern\/\" \/>\n\t<meta name=\"generator\" content=\"All in One SEO Pro (AIOSEO) 4.9.6.2\" \/>\n\t\t<meta property=\"og:locale\" content=\"es_ES\" \/>\n\t\t<meta property=\"og:site_name\" content=\"Cand\u00e1s 365\" \/>\n\t\t<meta property=\"og:type\" content=\"article\" \/>\n\t\t<meta property=\"og:title\" content=\"Confirman la licencia de Klinsmann antes del partido contra el Bayern | Cand\u00e1s 365\" \/>\n\t\t<meta property=\"og:description\" content=\"Fr\u00e1ncfort, 18 ene (dpa) - El ex seleccionador nacional alem\u00e1n y actual entrenador del Hertha Berl\u00edn, J\u00fcrgen Klinsmann, pudo renovar ya su licencia, lo que le garantiza su empleo como t\u00e9cnico del club de la Bundesliga, informaron hoy la Federaci\u00f3n Alemana de F\u00fatbol (DFB) y la Liga Alemana de F\u00fatbol (DFL). &quot;La DFB ha reconocido\" \/>\n\t\t<meta property=\"og:url\" content=\"https:\/\/candas365.es\/noticias\/confirman-la-licencia-de-klinsmann-antes-del-partido-contra-el-bayern\/\" \/>\n\t\t<meta property=\"og:image\" content=\"https:\/\/candas365.es\/noticias\/wp-content\/uploads\/2020\/01\/Klinsmann-dpa.jpg\" \/>\n\t\t<meta property=\"og:image:secure_url\" content=\"https:\/\/candas365.es\/noticias\/wp-content\/uploads\/2020\/01\/Klinsmann-dpa.jpg\" \/>\n\t\t<meta property=\"og:image:width\" content=\"1046\" \/>\n\t\t<meta property=\"og:image:height\" content=\"669\" \/>\n\t\t<meta property=\"article:published_time\" content=\"2020-01-18T19:47:52+00:00\" \/>\n\t\t<meta property=\"article:modified_time\" content=\"2020-01-18T19:47:52+00:00\" \/>\n\t\t<meta property=\"article:publisher\" content=\"https:\/\/www.facebook.com\/Nachofdezber\" \/>\n\t\t<meta property=\"article:author\" content=\"https:\/\/www.facebook.com\/carrenoactualidad\" \/>\n\t\t<meta name=\"twitter:card\" content=\"summary_large_image\" \/>\n\t\t<meta name=\"twitter:site\" content=\"@NabercoDigital\" \/>\n\t\t<meta name=\"twitter:title\" content=\"Confirman la licencia de Klinsmann antes del partido contra el Bayern | Cand\u00e1s 365\" \/>\n\t\t<meta name=\"twitter:description\" content=\"Fr\u00e1ncfort, 18 ene (dpa) - El ex seleccionador nacional alem\u00e1n y actual entrenador del Hertha Berl\u00edn, J\u00fcrgen Klinsmann, pudo renovar ya su licencia, lo que le garantiza su empleo como t\u00e9cnico del club de la Bundesliga, informaron hoy la Federaci\u00f3n Alemana de F\u00fatbol (DFB) y la Liga Alemana de F\u00fatbol (DFL). &quot;La DFB ha reconocido\" \/>\n\t\t<meta name=\"twitter:creator\" content=\"@nbasturias\" \/>\n\t\t<meta name=\"twitter:image\" content=\"https:\/\/candas365.es\/noticias\/wp-content\/uploads\/2020\/01\/Klinsmann-dpa.jpg\" \/>\n\t\t<meta name=\"twitter:label1\" content=\"Escrito por\" \/>\n\t\t<meta name=\"twitter:data1\" content=\"Cand\u00e1s 365\" \/>\n\t\t<meta name=\"twitter:label2\" content=\"Tiempo de lectura estimado\" \/>\n\t\t<meta name=\"twitter:data2\" content=\"2 minutos\" \/>\n\t\t<script type=\"application\/ld+json\" class=\"aioseo-schema\">\n\t\t\t{\"@context\":\"https:\\\/\\\/schema.org\",\"@graph\":[{\"@type\":\"BreadcrumbList\",\"@id\":\"https:\\\/\\\/candas365.es\\\/noticias\\\/confirman-la-licencia-de-klinsmann-antes-del-partido-contra-el-bayern\\\/#breadcrumblist\",\"itemListElement\":[{\"@type\":\"ListItem\",\"@id\":\"https:\\\/\\\/candas365.es\\\/noticias#listItem\",\"position\":1,\"name\":\"Home\",\"item\":\"https:\\\/\\\/candas365.es\\\/noticias\",\"nextItem\":{\"@type\":\"ListItem\",\"@id\":\"https:\\\/\\\/candas365.es\\\/noticias\\\/category\\\/deporte\\\/#listItem\",\"name\":\"Deporte\"}},{\"@type\":\"ListItem\",\"@id\":\"https:\\\/\\\/candas365.es\\\/noticias\\\/category\\\/deporte\\\/#listItem\",\"position\":2,\"name\":\"Deporte\",\"item\":\"https:\\\/\\\/candas365.es\\\/noticias\\\/category\\\/deporte\\\/\",\"nextItem\":{\"@type\":\"ListItem\",\"@id\":\"https:\\\/\\\/candas365.es\\\/noticias\\\/confirman-la-licencia-de-klinsmann-antes-del-partido-contra-el-bayern\\\/#listItem\",\"name\":\"Confirman la licencia de Klinsmann antes del partido contra el Bayern\"},\"previousItem\":{\"@type\":\"ListItem\",\"@id\":\"https:\\\/\\\/candas365.es\\\/noticias#listItem\",\"name\":\"Home\"}},{\"@type\":\"ListItem\",\"@id\":\"https:\\\/\\\/candas365.es\\\/noticias\\\/confirman-la-licencia-de-klinsmann-antes-del-partido-contra-el-bayern\\\/#listItem\",\"position\":3,\"name\":\"Confirman la licencia de Klinsmann antes del partido contra el Bayern\",\"previousItem\":{\"@type\":\"ListItem\",\"@id\":\"https:\\\/\\\/candas365.es\\\/noticias\\\/category\\\/deporte\\\/#listItem\",\"name\":\"Deporte\"}}]},{\"@type\":\"NewsArticle\",\"@id\":\"https:\\\/\\\/candas365.es\\\/noticias\\\/confirman-la-licencia-de-klinsmann-antes-del-partido-contra-el-bayern\\\/#newsarticle\",\"name\":\"Confirman la licencia de Klinsmann antes del partido contra el Bayern | Cand\\u00e1s 365\",\"headline\":\"Confirman la licencia de Klinsmann antes del partido contra el Bayern\",\"author\":{\"@id\":\"https:\\\/\\\/candas365.es\\\/noticias\\\/author\\\/admin\\\/#author\"},\"publisher\":{\"@id\":\"https:\\\/\\\/candas365.es\\\/noticias\\\/#organization\"},\"image\":{\"@type\":\"ImageObject\",\"url\":\"https:\\\/\\\/candas365.es\\\/noticias\\\/wp-content\\\/uploads\\\/2020\\\/01\\\/Klinsmann-dpa.jpg\",\"width\":1046,\"height\":669,\"caption\":\"Foto: Andreas Gora\\\/dpa\"},\"datePublished\":\"2020-01-18T19:47:52+01:00\",\"dateModified\":\"2020-01-18T19:47:52+01:00\",\"inLanguage\":\"es-ES\",\"mainEntityOfPage\":{\"@id\":\"https:\\\/\\\/candas365.es\\\/noticias\\\/confirman-la-licencia-de-klinsmann-antes-del-partido-contra-el-bayern\\\/#webpage\"},\"isPartOf\":{\"@id\":\"https:\\\/\\\/candas365.es\\\/noticias\\\/confirman-la-licencia-de-klinsmann-antes-del-partido-contra-el-bayern\\\/#webpage\"},\"articleSection\":\"Deporte\",\"dateline\":\"Publicado el enero 18, 2020.\"},{\"@type\":\"Organization\",\"@id\":\"https:\\\/\\\/candas365.es\\\/noticias\\\/#organization\",\"name\":\"Cand\\u00e1s 365\",\"description\":\"Cand\\u00e1s 365 es un diario digital independiente, fundado en 2012, con base en Asturias. Informamos con rigor sobre actualidad, sociedad, cultura y ocio, con una mirada local y global.\",\"url\":\"https:\\\/\\\/candas365.es\\\/noticias\\\/\",\"email\":\"info@candas365.es\",\"telephone\":\"+34652131393\",\"foundingDate\":\"2012-06-10\",\"logo\":{\"@type\":\"ImageObject\",\"url\":\"https:\\\/\\\/candas365.es\\\/noticias\\\/wp-content\\\/uploads\\\/2024\\\/09\\\/Candas-365-Redes.jpg\",\"@id\":\"https:\\\/\\\/candas365.es\\\/noticias\\\/confirman-la-licencia-de-klinsmann-antes-del-partido-contra-el-bayern\\\/#organizationLogo\",\"width\":1152,\"height\":864,\"caption\":\"Cand\\u00e1s 365 Redes\"},\"image\":{\"@id\":\"https:\\\/\\\/candas365.es\\\/noticias\\\/confirman-la-licencia-de-klinsmann-antes-del-partido-contra-el-bayern\\\/#organizationLogo\"},\"sameAs\":[\"https:\\\/\\\/www.facebook.com\\\/Nachofdezber\",\"https:\\\/\\\/x.com\\\/NabercoDigital\",\"https:\\\/\\\/www.instagram.com\\\/nachofdezber\\\/\",\"https:\\\/\\\/www.youtube.com\\\/channel\\\/UCZP-2wLEB9Rv6erhFmqVnvg\"],\"address\":{\"@id\":\"https:\\\/\\\/candas365.es\\\/noticias\\\/#postaladdress\",\"@type\":\"PostalAddress\",\"streetAddress\":\"san antonio 4, san antonio 4\",\"postalCode\":\"33430\",\"addressLocality\":\"Cand\\u00e1s\",\"addressRegion\":\"Asturias\",\"addressCountry\":\"ES\"}},{\"@type\":\"Person\",\"@id\":\"https:\\\/\\\/candas365.es\\\/noticias\\\/author\\\/admin\\\/#author\",\"url\":\"https:\\\/\\\/candas365.es\\\/noticias\\\/author\\\/admin\\\/\",\"name\":\"Cand\\u00e1s 365\",\"image\":{\"@type\":\"ImageObject\",\"@id\":\"https:\\\/\\\/candas365.es\\\/noticias\\\/confirman-la-licencia-de-klinsmann-antes-del-partido-contra-el-bayern\\\/#authorImage\",\"url\":\"https:\\\/\\\/secure.gravatar.com\\\/avatar\\\/496a8e03d0c493ede1718b7934145dbdf8d89be1036b0eec9544e1094c9de390?s=96&d=mm&r=g\",\"width\":96,\"height\":96,\"caption\":\"Cand\\u00e1s 365\"},\"sameAs\":[\"https:\\\/\\\/www.facebook.com\\\/carrenoactualidad\",\"https:\\\/\\\/twitter.com\\\/nbasturias\",\"https:\\\/\\\/www.instagram.com\\\/nachofdezber\\\/\",\"https:\\\/\\\/www.youtube.com\\\/channel\\\/UCZP-2wLEB9Rv6erhFmqVnvg\"]},{\"@type\":\"WebPage\",\"@id\":\"https:\\\/\\\/candas365.es\\\/noticias\\\/confirman-la-licencia-de-klinsmann-antes-del-partido-contra-el-bayern\\\/#webpage\",\"url\":\"https:\\\/\\\/candas365.es\\\/noticias\\\/confirman-la-licencia-de-klinsmann-antes-del-partido-contra-el-bayern\\\/\",\"name\":\"Confirman la licencia de Klinsmann antes del partido contra el Bayern | Cand\\u00e1s 365\",\"description\":\"Fr\\u00e1ncfort, 18 ene (dpa) - El ex seleccionador nacional alem\\u00e1n y actual entrenador del Hertha Berl\\u00edn, J\\u00fcrgen Klinsmann, pudo renovar ya su licencia, lo que le garantiza su empleo como t\\u00e9cnico del club de la Bundesliga, informaron hoy la Federaci\\u00f3n Alemana de F\\u00fatbol (DFB) y la Liga Alemana de F\\u00fatbol (DFL). \\\"La DFB ha reconocido\",\"inLanguage\":\"es-ES\",\"isPartOf\":{\"@id\":\"https:\\\/\\\/candas365.es\\\/noticias\\\/#website\"},\"breadcrumb\":{\"@id\":\"https:\\\/\\\/candas365.es\\\/noticias\\\/confirman-la-licencia-de-klinsmann-antes-del-partido-contra-el-bayern\\\/#breadcrumblist\"},\"author\":{\"@id\":\"https:\\\/\\\/candas365.es\\\/noticias\\\/author\\\/admin\\\/#author\"},\"creator\":{\"@id\":\"https:\\\/\\\/candas365.es\\\/noticias\\\/author\\\/admin\\\/#author\"},\"image\":{\"@type\":\"ImageObject\",\"url\":\"https:\\\/\\\/candas365.es\\\/noticias\\\/wp-content\\\/uploads\\\/2020\\\/01\\\/Klinsmann-dpa.jpg\",\"@id\":\"https:\\\/\\\/candas365.es\\\/noticias\\\/confirman-la-licencia-de-klinsmann-antes-del-partido-contra-el-bayern\\\/#mainImage\",\"width\":1046,\"height\":669,\"caption\":\"Foto: Andreas Gora\\\/dpa\"},\"primaryImageOfPage\":{\"@id\":\"https:\\\/\\\/candas365.es\\\/noticias\\\/confirman-la-licencia-de-klinsmann-antes-del-partido-contra-el-bayern\\\/#mainImage\"},\"datePublished\":\"2020-01-18T19:47:52+01:00\",\"dateModified\":\"2020-01-18T19:47:52+01:00\"},{\"@type\":\"WebSite\",\"@id\":\"https:\\\/\\\/candas365.es\\\/noticias\\\/#website\",\"url\":\"https:\\\/\\\/candas365.es\\\/noticias\\\/\",\"name\":\"Cand\\u00e1s 365\",\"alternateName\":\"Cand\\u00e1s 365 Noticias\",\"description\":\"Actualidad desde Carre\\u00f1o para el mundo\",\"inLanguage\":\"es-ES\",\"publisher\":{\"@id\":\"https:\\\/\\\/candas365.es\\\/noticias\\\/#organization\"}}]}\n\t\t<\/script>\n\t\t<!-- All in One SEO Pro -->\r\n\t\t<title>Confirman la licencia de Klinsmann antes del partido contra el Bayern | Cand\u00e1s 365<\/title>\n\n","aioseo_head_json":{"title":"Confirman la licencia de Klinsmann antes del partido contra el Bayern | Cand\u00e1s 365","description":"Fr\u00e1ncfort, 18 ene (dpa) - El ex seleccionador nacional alem\u00e1n y actual entrenador del Hertha Berl\u00edn, J\u00fcrgen Klinsmann, pudo renovar ya su licencia, lo que le garantiza su empleo como t\u00e9cnico del club de la Bundesliga, informaron hoy la Federaci\u00f3n Alemana de F\u00fatbol (DFB) y la Liga Alemana de F\u00fatbol (DFL). \"La DFB ha reconocido","canonical_url":"https:\/\/candas365.es\/noticias\/confirman-la-licencia-de-klinsmann-antes-del-partido-contra-el-bayern\/","robots":"max-image-preview:large","keywords":"deporte","webmasterTools":{"google-site-verification":"UA-32230408-1","msvalidate.01":"354F3CDFB2DA171B47FBE9ABF1F88D5","miscellaneous":""},"schema":{"@context":"https:\/\/schema.org","@graph":[{"@type":"BreadcrumbList","@id":"https:\/\/candas365.es\/noticias\/confirman-la-licencia-de-klinsmann-antes-del-partido-contra-el-bayern\/#breadcrumblist","itemListElement":[{"@type":"ListItem","@id":"https:\/\/candas365.es\/noticias#listItem","position":1,"name":"Home","item":"https:\/\/candas365.es\/noticias","nextItem":{"@type":"ListItem","@id":"https:\/\/candas365.es\/noticias\/category\/deporte\/#listItem","name":"Deporte"}},{"@type":"ListItem","@id":"https:\/\/candas365.es\/noticias\/category\/deporte\/#listItem","position":2,"name":"Deporte","item":"https:\/\/candas365.es\/noticias\/category\/deporte\/","nextItem":{"@type":"ListItem","@id":"https:\/\/candas365.es\/noticias\/confirman-la-licencia-de-klinsmann-antes-del-partido-contra-el-bayern\/#listItem","name":"Confirman la licencia de Klinsmann antes del partido contra el Bayern"},"previousItem":{"@type":"ListItem","@id":"https:\/\/candas365.es\/noticias#listItem","name":"Home"}},{"@type":"ListItem","@id":"https:\/\/candas365.es\/noticias\/confirman-la-licencia-de-klinsmann-antes-del-partido-contra-el-bayern\/#listItem","position":3,"name":"Confirman la licencia de Klinsmann antes del partido contra el Bayern","previousItem":{"@type":"ListItem","@id":"https:\/\/candas365.es\/noticias\/category\/deporte\/#listItem","name":"Deporte"}}]},{"@type":"NewsArticle","@id":"https:\/\/candas365.es\/noticias\/confirman-la-licencia-de-klinsmann-antes-del-partido-contra-el-bayern\/#newsarticle","name":"Confirman la licencia de Klinsmann antes del partido contra el Bayern | Cand\u00e1s 365","headline":"Confirman la licencia de Klinsmann antes del partido contra el Bayern","author":{"@id":"https:\/\/candas365.es\/noticias\/author\/admin\/#author"},"publisher":{"@id":"https:\/\/candas365.es\/noticias\/#organization"},"image":{"@type":"ImageObject","url":"https:\/\/candas365.es\/noticias\/wp-content\/uploads\/2020\/01\/Klinsmann-dpa.jpg","width":1046,"height":669,"caption":"Foto: Andreas Gora\/dpa"},"datePublished":"2020-01-18T19:47:52+01:00","dateModified":"2020-01-18T19:47:52+01:00","inLanguage":"es-ES","mainEntityOfPage":{"@id":"https:\/\/candas365.es\/noticias\/confirman-la-licencia-de-klinsmann-antes-del-partido-contra-el-bayern\/#webpage"},"isPartOf":{"@id":"https:\/\/candas365.es\/noticias\/confirman-la-licencia-de-klinsmann-antes-del-partido-contra-el-bayern\/#webpage"},"articleSection":"Deporte","dateline":"Publicado el enero 18, 2020."},{"@type":"Organization","@id":"https:\/\/candas365.es\/noticias\/#organization","name":"Cand\u00e1s 365","description":"Cand\u00e1s 365 es un diario digital independiente, fundado en 2012, con base en Asturias. Informamos con rigor sobre actualidad, sociedad, cultura y ocio, con una mirada local y global.","url":"https:\/\/candas365.es\/noticias\/","email":"info@candas365.es","telephone":"+34652131393","foundingDate":"2012-06-10","logo":{"@type":"ImageObject","url":"https:\/\/candas365.es\/noticias\/wp-content\/uploads\/2024\/09\/Candas-365-Redes.jpg","@id":"https:\/\/candas365.es\/noticias\/confirman-la-licencia-de-klinsmann-antes-del-partido-contra-el-bayern\/#organizationLogo","width":1152,"height":864,"caption":"Cand\u00e1s 365 Redes"},"image":{"@id":"https:\/\/candas365.es\/noticias\/confirman-la-licencia-de-klinsmann-antes-del-partido-contra-el-bayern\/#organizationLogo"},"sameAs":["https:\/\/www.facebook.com\/Nachofdezber","https:\/\/x.com\/NabercoDigital","https:\/\/www.instagram.com\/nachofdezber\/","https:\/\/www.youtube.com\/channel\/UCZP-2wLEB9Rv6erhFmqVnvg"],"address":{"@id":"https:\/\/candas365.es\/noticias\/#postaladdress","@type":"PostalAddress","streetAddress":"san antonio 4, san antonio 4","postalCode":"33430","addressLocality":"Cand\u00e1s","addressRegion":"Asturias","addressCountry":"ES"}},{"@type":"Person","@id":"https:\/\/candas365.es\/noticias\/author\/admin\/#author","url":"https:\/\/candas365.es\/noticias\/author\/admin\/","name":"Cand\u00e1s 365","image":{"@type":"ImageObject","@id":"https:\/\/candas365.es\/noticias\/confirman-la-licencia-de-klinsmann-antes-del-partido-contra-el-bayern\/#authorImage","url":"https:\/\/secure.gravatar.com\/avatar\/496a8e03d0c493ede1718b7934145dbdf8d89be1036b0eec9544e1094c9de390?s=96&d=mm&r=g","width":96,"height":96,"caption":"Cand\u00e1s 365"},"sameAs":["https:\/\/www.facebook.com\/carrenoactualidad","https:\/\/twitter.com\/nbasturias","https:\/\/www.instagram.com\/nachofdezber\/","https:\/\/www.youtube.com\/channel\/UCZP-2wLEB9Rv6erhFmqVnvg"]},{"@type":"WebPage","@id":"https:\/\/candas365.es\/noticias\/confirman-la-licencia-de-klinsmann-antes-del-partido-contra-el-bayern\/#webpage","url":"https:\/\/candas365.es\/noticias\/confirman-la-licencia-de-klinsmann-antes-del-partido-contra-el-bayern\/","name":"Confirman la licencia de Klinsmann antes del partido contra el Bayern | Cand\u00e1s 365","description":"Fr\u00e1ncfort, 18 ene (dpa) - El ex seleccionador nacional alem\u00e1n y actual entrenador del Hertha Berl\u00edn, J\u00fcrgen Klinsmann, pudo renovar ya su licencia, lo que le garantiza su empleo como t\u00e9cnico del club de la Bundesliga, informaron hoy la Federaci\u00f3n Alemana de F\u00fatbol (DFB) y la Liga Alemana de F\u00fatbol (DFL). \"La DFB ha reconocido","inLanguage":"es-ES","isPartOf":{"@id":"https:\/\/candas365.es\/noticias\/#website"},"breadcrumb":{"@id":"https:\/\/candas365.es\/noticias\/confirman-la-licencia-de-klinsmann-antes-del-partido-contra-el-bayern\/#breadcrumblist"},"author":{"@id":"https:\/\/candas365.es\/noticias\/author\/admin\/#author"},"creator":{"@id":"https:\/\/candas365.es\/noticias\/author\/admin\/#author"},"image":{"@type":"ImageObject","url":"https:\/\/candas365.es\/noticias\/wp-content\/uploads\/2020\/01\/Klinsmann-dpa.jpg","@id":"https:\/\/candas365.es\/noticias\/confirman-la-licencia-de-klinsmann-antes-del-partido-contra-el-bayern\/#mainImage","width":1046,"height":669,"caption":"Foto: Andreas Gora\/dpa"},"primaryImageOfPage":{"@id":"https:\/\/candas365.es\/noticias\/confirman-la-licencia-de-klinsmann-antes-del-partido-contra-el-bayern\/#mainImage"},"datePublished":"2020-01-18T19:47:52+01:00","dateModified":"2020-01-18T19:47:52+01:00"},{"@type":"WebSite","@id":"https:\/\/candas365.es\/noticias\/#website","url":"https:\/\/candas365.es\/noticias\/","name":"Cand\u00e1s 365","alternateName":"Cand\u00e1s 365 Noticias","description":"Actualidad desde Carre\u00f1o para el mundo","inLanguage":"es-ES","publisher":{"@id":"https:\/\/candas365.es\/noticias\/#organization"}}]},"og:locale":"es_ES","og:site_name":"Cand\u00e1s 365","og:type":"article","og:title":"Confirman la licencia de Klinsmann antes del partido contra el Bayern | Cand\u00e1s 365","og:description":"Fr\u00e1ncfort, 18 ene (dpa) - El ex seleccionador nacional alem\u00e1n y actual entrenador del Hertha Berl\u00edn, J\u00fcrgen Klinsmann, pudo renovar ya su licencia, lo que le garantiza su empleo como t\u00e9cnico del club de la Bundesliga, informaron hoy la Federaci\u00f3n Alemana de F\u00fatbol (DFB) y la Liga Alemana de F\u00fatbol (DFL). &quot;La DFB ha reconocido","og:url":"https:\/\/candas365.es\/noticias\/confirman-la-licencia-de-klinsmann-antes-del-partido-contra-el-bayern\/","og:image":"https:\/\/candas365.es\/noticias\/wp-content\/uploads\/2020\/01\/Klinsmann-dpa.jpg","og:image:secure_url":"https:\/\/candas365.es\/noticias\/wp-content\/uploads\/2020\/01\/Klinsmann-dpa.jpg","og:image:width":1046,"og:image:height":669,"article:published_time":"2020-01-18T19:47:52+00:00","article:modified_time":"2020-01-18T19:47:52+00:00","article:publisher":"https:\/\/www.facebook.com\/Nachofdezber","article:author":"https:\/\/www.facebook.com\/carrenoactualidad","twitter:card":"summary_large_image","twitter:site":"@NabercoDigital","twitter:title":"Confirman la licencia de Klinsmann antes del partido contra el Bayern | Cand\u00e1s 365","twitter:description":"Fr\u00e1ncfort, 18 ene (dpa) - El ex seleccionador nacional alem\u00e1n y actual entrenador del Hertha Berl\u00edn, J\u00fcrgen Klinsmann, pudo renovar ya su licencia, lo que le garantiza su empleo como t\u00e9cnico del club de la Bundesliga, informaron hoy la Federaci\u00f3n Alemana de F\u00fatbol (DFB) y la Liga Alemana de F\u00fatbol (DFL). &quot;La DFB ha reconocido","twitter:creator":"@nbasturias","twitter:image":"https:\/\/candas365.es\/noticias\/wp-content\/uploads\/2020\/01\/Klinsmann-dpa.jpg","twitter:label1":"Escrito por","twitter:data1":"Cand\u00e1s 365","twitter:label2":"Tiempo de lectura estimado","twitter:data2":"2 minutos"},"aioseo_meta_data":{"post_id":"136657","title":null,"description":null,"keywords":null,"keyphrases":null,"primary_term":null,"canonical_url":null,"og_title":null,"og_description":null,"og_object_type":"default","og_image_type":"default","og_image_url":null,"og_image_width":null,"og_image_height":null,"og_image_custom_url":null,"og_image_custom_fields":null,"og_video":null,"og_custom_url":null,"og_article_section":null,"og_article_tags":null,"twitter_use_og":false,"twitter_card":"default","twitter_image_type":"default","twitter_image_url":null,"twitter_image_custom_url":null,"twitter_image_custom_fields":null,"twitter_title":null,"twitter_description":null,"schema":{"blockGraphs":[],"customGraphs":[],"default":{"data":{"Article":[],"Course":[],"Dataset":[],"FAQPage":[],"Movie":[],"Person":[],"Product":[],"ProductReview":[],"Car":[],"Recipe":[],"Service":[],"SoftwareApplication":[],"WebPage":[]},"graphName":"","isEnabled":true},"graphs":[],"defaultGraph":"","defaultPostTypeGraph":""},"schema_type":null,"schema_type_options":null,"pillar_content":false,"robots_default":true,"robots_noindex":false,"robots_noarchive":false,"robots_nosnippet":false,"robots_nofollow":false,"robots_noimageindex":false,"robots_noodp":false,"robots_notranslate":false,"robots_max_snippet":null,"robots_max_videopreview":null,"robots_max_imagepreview":"large","priority":null,"frequency":null,"location":null,"local_seo":null,"seo_analyzer_scan_date":"2025-08-30 21:56:10","breadcrumb_settings":null,"limit_modified_date":false,"reviewed_by":null,"open_ai":null,"ai":null,"created":"2020-12-21 10:47:53","updated":"2025-08-30 21:56:10"},"aioseo_breadcrumb":"<div class=\"aioseo-breadcrumbs\"><span class=\"aioseo-breadcrumb\">\n\t<a href=\"https:\/\/candas365.es\/noticias\" title=\"Home\">Home<\/a>\n<\/span><span class=\"aioseo-breadcrumb-separator\">&ndash;<\/span><span class=\"aioseo-breadcrumb\">\n\t<a href=\"https:\/\/candas365.es\/noticias\/category\/deporte\/\" title=\"Deporte\">Deporte<\/a>\n<\/span><span class=\"aioseo-breadcrumb-separator\">&ndash;<\/span><span class=\"aioseo-breadcrumb\">\n\tConfirman la licencia de Klinsmann antes del partido contra el Bayern\n<\/span><\/div>","aioseo_breadcrumb_json":[{"label":"Home","link":"https:\/\/candas365.es\/noticias"},{"label":"Deporte","link":"https:\/\/candas365.es\/noticias\/category\/deporte\/"},{"label":"Confirman la licencia de Klinsmann antes del partido contra el Bayern","link":"https:\/\/candas365.es\/noticias\/confirman-la-licencia-de-klinsmann-antes-del-partido-contra-el-bayern\/"}],"_links":{"self":[{"href":"https:\/\/candas365.es\/noticias\/wp-json\/wp\/v2\/posts\/136657","targetHints":{"allow":["GET"]}}],"collection":[{"href":"https:\/\/candas365.es\/noticias\/wp-json\/wp\/v2\/posts"}],"about":[{"href":"https:\/\/candas365.es\/noticias\/wp-json\/wp\/v2\/types\/post"}],"author":[{"embeddable":true,"href":"https:\/\/candas365.es\/noticias\/wp-json\/wp\/v2\/users\/1"}],"replies":[{"embeddable":true,"href":"https:\/\/candas365.es\/noticias\/wp-json\/wp\/v2\/comments?post=136657"}],"version-history":[{"count":0,"href":"https:\/\/candas365.es\/noticias\/wp-json\/wp\/v2\/posts\/136657\/revisions"}],"wp:featuredmedia":[{"embeddable":true,"href":"https:\/\/candas365.es\/noticias\/wp-json\/wp\/v2\/media\/136658"}],"wp:attachment":[{"href":"https:\/\/candas365.es\/noticias\/wp-json\/wp\/v2\/media?parent=136657"}],"wp:term":[{"taxonomy":"category","embeddable":true,"href":"https:\/\/candas365.es\/noticias\/wp-json\/wp\/v2\/categories?post=136657"},{"taxonomy":"post_tag","embeddable":true,"href":"https:\/\/candas365.es\/noticias\/wp-json\/wp\/v2\/tags?post=136657"}],"curies":[{"name":"wp","href":"https:\/\/api.w.org\/{rel}","templated":true}]}}