{"id":136622,"date":"2020-01-18T12:42:49","date_gmt":"2020-01-18T12:42:49","guid":{"rendered":"http:\/\/candas365.es\/noticias\/?p=136622"},"modified":"2020-01-18T12:42:49","modified_gmt":"2020-01-18T12:42:49","slug":"aplazadas-las-actividades-del-world-snow-day","status":"publish","type":"post","link":"https:\/\/candas365.es\/noticias\/aplazadas-las-actividades-del-world-snow-day\/","title":{"rendered":"Aplazadas las actividades del World Snow Day"},"content":{"rendered":"<p>Debido a que la previsi\u00f3n meteorol\u00f3gica para este domingo 19 de enero impedir\u00eda la celebraci\u00f3n de algunas de las actividades, la celebraci\u00f3n del World Snow Day en Fuentes de Invierno se aplaza al pr\u00f3ximo domingo, 26 de enero.<\/p>\n","protected":false},"excerpt":{"rendered":"<p>Debido a que la previsi\u00f3n meteorol\u00f3gica para este domingo 19 de enero impedir\u00eda la celebraci\u00f3n de algunas de las actividades, la celebraci\u00f3n del World Snow Day en Fuentes de Invierno se aplaza al pr\u00f3ximo domingo, 26 de enero.<\/p>\n","protected":false},"author":1,"featured_media":136556,"comment_status":"closed","ping_status":"closed","sticky":false,"template":"","format":"standard","meta":{"footnotes":""},"categories":[1],"tags":[],"class_list":{"0":"post-136622","1":"post","2":"type-post","3":"status-publish","4":"format-standard","5":"has-post-thumbnail","7":"category-agenda"},"aioseo_notices":[],"aioseo_head":"\n\t\t<!-- All in One SEO Pro 4.9.6.2 - aioseo.com -->\n\t<meta name=\"description\" content=\"Debido a que la previsi\u00f3n meteorol\u00f3gica para este domingo 19 de enero impedir\u00eda la celebraci\u00f3n de algunas de las actividades, la celebraci\u00f3n del World Snow Day en Fuentes de Invierno se aplaza al pr\u00f3ximo domingo, 26 de enero.\" \/>\n\t<meta name=\"robots\" content=\"max-image-preview:large\" \/>\n\t<meta name=\"author\" content=\"Cand\u00e1s 365\"\/>\n\t<meta name=\"google-site-verification\" content=\"UA-32230408-1\" \/>\n\t<meta name=\"msvalidate.01\" content=\"354F3CDFB2DA171B47FBE9ABF1F88D5\" \/>\n\t<meta name=\"keywords\" content=\"agenda\" \/>\n\t<link rel=\"canonical\" href=\"https:\/\/candas365.es\/noticias\/aplazadas-las-actividades-del-world-snow-day\/\" \/>\n\t<meta name=\"generator\" content=\"All in One SEO Pro (AIOSEO) 4.9.6.2\" \/>\n\t\t<meta property=\"og:locale\" content=\"es_ES\" \/>\n\t\t<meta property=\"og:site_name\" content=\"Cand\u00e1s 365\" \/>\n\t\t<meta property=\"og:type\" content=\"article\" \/>\n\t\t<meta property=\"og:title\" content=\"Aplazadas las actividades del World Snow Day | Cand\u00e1s 365\" \/>\n\t\t<meta property=\"og:description\" content=\"Debido a que la previsi\u00f3n meteorol\u00f3gica para este domingo 19 de enero impedir\u00eda la celebraci\u00f3n de algunas de las actividades, la celebraci\u00f3n del World Snow Day en Fuentes de Invierno se aplaza al pr\u00f3ximo domingo, 26 de enero.\" \/>\n\t\t<meta property=\"og:url\" content=\"https:\/\/candas365.es\/noticias\/aplazadas-las-actividades-del-world-snow-day\/\" \/>\n\t\t<meta property=\"og:image\" content=\"https:\/\/candas365.es\/noticias\/wp-content\/uploads\/2020\/01\/snowboard-113784_640.jpg\" \/>\n\t\t<meta property=\"og:image:secure_url\" content=\"https:\/\/candas365.es\/noticias\/wp-content\/uploads\/2020\/01\/snowboard-113784_640.jpg\" \/>\n\t\t<meta property=\"og:image:width\" content=\"640\" \/>\n\t\t<meta property=\"og:image:height\" content=\"480\" \/>\n\t\t<meta property=\"article:published_time\" content=\"2020-01-18T12:42:49+00:00\" \/>\n\t\t<meta property=\"article:modified_time\" content=\"2020-01-18T12:42:49+00:00\" \/>\n\t\t<meta property=\"article:publisher\" content=\"https:\/\/www.facebook.com\/Nachofdezber\" \/>\n\t\t<meta property=\"article:author\" content=\"https:\/\/www.facebook.com\/carrenoactualidad\" \/>\n\t\t<meta name=\"twitter:card\" content=\"summary_large_image\" \/>\n\t\t<meta name=\"twitter:site\" content=\"@NabercoDigital\" \/>\n\t\t<meta name=\"twitter:title\" content=\"Aplazadas las actividades del World Snow Day | Cand\u00e1s 365\" \/>\n\t\t<meta name=\"twitter:description\" content=\"Debido a que la previsi\u00f3n meteorol\u00f3gica para este domingo 19 de enero impedir\u00eda la celebraci\u00f3n de algunas de las actividades, la celebraci\u00f3n del World Snow Day en Fuentes de Invierno se aplaza al pr\u00f3ximo domingo, 26 de enero.\" \/>\n\t\t<meta name=\"twitter:creator\" content=\"@nbasturias\" \/>\n\t\t<meta name=\"twitter:image\" content=\"https:\/\/candas365.es\/noticias\/wp-content\/uploads\/2020\/01\/snowboard-113784_640.jpg\" \/>\n\t\t<meta name=\"twitter:label1\" content=\"Escrito por\" \/>\n\t\t<meta name=\"twitter:data1\" content=\"Cand\u00e1s 365\" \/>\n\t\t<script type=\"application\/ld+json\" class=\"aioseo-schema\">\n\t\t\t{\"@context\":\"https:\\\/\\\/schema.org\",\"@graph\":[{\"@type\":\"BreadcrumbList\",\"@id\":\"https:\\\/\\\/candas365.es\\\/noticias\\\/aplazadas-las-actividades-del-world-snow-day\\\/#breadcrumblist\",\"itemListElement\":[{\"@type\":\"ListItem\",\"@id\":\"https:\\\/\\\/candas365.es\\\/noticias#listItem\",\"position\":1,\"name\":\"Home\",\"item\":\"https:\\\/\\\/candas365.es\\\/noticias\",\"nextItem\":{\"@type\":\"ListItem\",\"@id\":\"https:\\\/\\\/candas365.es\\\/noticias\\\/category\\\/agenda\\\/#listItem\",\"name\":\"Agenda\"}},{\"@type\":\"ListItem\",\"@id\":\"https:\\\/\\\/candas365.es\\\/noticias\\\/category\\\/agenda\\\/#listItem\",\"position\":2,\"name\":\"Agenda\",\"item\":\"https:\\\/\\\/candas365.es\\\/noticias\\\/category\\\/agenda\\\/\",\"nextItem\":{\"@type\":\"ListItem\",\"@id\":\"https:\\\/\\\/candas365.es\\\/noticias\\\/aplazadas-las-actividades-del-world-snow-day\\\/#listItem\",\"name\":\"Aplazadas las actividades del World Snow Day\"},\"previousItem\":{\"@type\":\"ListItem\",\"@id\":\"https:\\\/\\\/candas365.es\\\/noticias#listItem\",\"name\":\"Home\"}},{\"@type\":\"ListItem\",\"@id\":\"https:\\\/\\\/candas365.es\\\/noticias\\\/aplazadas-las-actividades-del-world-snow-day\\\/#listItem\",\"position\":3,\"name\":\"Aplazadas las actividades del World Snow Day\",\"previousItem\":{\"@type\":\"ListItem\",\"@id\":\"https:\\\/\\\/candas365.es\\\/noticias\\\/category\\\/agenda\\\/#listItem\",\"name\":\"Agenda\"}}]},{\"@type\":\"NewsArticle\",\"@id\":\"https:\\\/\\\/candas365.es\\\/noticias\\\/aplazadas-las-actividades-del-world-snow-day\\\/#newsarticle\",\"name\":\"Aplazadas las actividades del World Snow Day | Cand\\u00e1s 365\",\"headline\":\"Aplazadas las actividades del World Snow Day\",\"author\":{\"@id\":\"https:\\\/\\\/candas365.es\\\/noticias\\\/author\\\/admin\\\/#author\"},\"publisher\":{\"@id\":\"https:\\\/\\\/candas365.es\\\/noticias\\\/#organization\"},\"image\":{\"@type\":\"ImageObject\",\"url\":\"https:\\\/\\\/candas365.es\\\/noticias\\\/wp-content\\\/uploads\\\/2020\\\/01\\\/snowboard-113784_640.jpg\",\"width\":640,\"height\":480},\"datePublished\":\"2020-01-18T12:42:49+01:00\",\"dateModified\":\"2020-01-18T12:42:49+01:00\",\"inLanguage\":\"es-ES\",\"mainEntityOfPage\":{\"@id\":\"https:\\\/\\\/candas365.es\\\/noticias\\\/aplazadas-las-actividades-del-world-snow-day\\\/#webpage\"},\"isPartOf\":{\"@id\":\"https:\\\/\\\/candas365.es\\\/noticias\\\/aplazadas-las-actividades-del-world-snow-day\\\/#webpage\"},\"articleSection\":\"Agenda\",\"dateline\":\"Publicado el enero 18, 2020.\"},{\"@type\":\"Organization\",\"@id\":\"https:\\\/\\\/candas365.es\\\/noticias\\\/#organization\",\"name\":\"Cand\\u00e1s 365\",\"description\":\"Cand\\u00e1s 365 es un diario digital independiente, fundado en 2012, con base en Asturias. Informamos con rigor sobre actualidad, sociedad, cultura y ocio, con una mirada local y global.\",\"url\":\"https:\\\/\\\/candas365.es\\\/noticias\\\/\",\"email\":\"info@candas365.es\",\"telephone\":\"+34652131393\",\"foundingDate\":\"2012-06-10\",\"logo\":{\"@type\":\"ImageObject\",\"url\":\"https:\\\/\\\/candas365.es\\\/noticias\\\/wp-content\\\/uploads\\\/2024\\\/09\\\/Candas-365-Redes.jpg\",\"@id\":\"https:\\\/\\\/candas365.es\\\/noticias\\\/aplazadas-las-actividades-del-world-snow-day\\\/#organizationLogo\",\"width\":1152,\"height\":864,\"caption\":\"Cand\\u00e1s 365 Redes\"},\"image\":{\"@id\":\"https:\\\/\\\/candas365.es\\\/noticias\\\/aplazadas-las-actividades-del-world-snow-day\\\/#organizationLogo\"},\"sameAs\":[\"https:\\\/\\\/www.facebook.com\\\/Nachofdezber\",\"https:\\\/\\\/x.com\\\/NabercoDigital\",\"https:\\\/\\\/www.instagram.com\\\/nachofdezber\\\/\",\"https:\\\/\\\/www.youtube.com\\\/channel\\\/UCZP-2wLEB9Rv6erhFmqVnvg\"],\"address\":{\"@id\":\"https:\\\/\\\/candas365.es\\\/noticias\\\/#postaladdress\",\"@type\":\"PostalAddress\",\"streetAddress\":\"san antonio 4, san antonio 4\",\"postalCode\":\"33430\",\"addressLocality\":\"Cand\\u00e1s\",\"addressRegion\":\"Asturias\",\"addressCountry\":\"ES\"}},{\"@type\":\"Person\",\"@id\":\"https:\\\/\\\/candas365.es\\\/noticias\\\/author\\\/admin\\\/#author\",\"url\":\"https:\\\/\\\/candas365.es\\\/noticias\\\/author\\\/admin\\\/\",\"name\":\"Cand\\u00e1s 365\",\"image\":{\"@type\":\"ImageObject\",\"@id\":\"https:\\\/\\\/candas365.es\\\/noticias\\\/aplazadas-las-actividades-del-world-snow-day\\\/#authorImage\",\"url\":\"https:\\\/\\\/secure.gravatar.com\\\/avatar\\\/496a8e03d0c493ede1718b7934145dbdf8d89be1036b0eec9544e1094c9de390?s=96&d=mm&r=g\",\"width\":96,\"height\":96,\"caption\":\"Cand\\u00e1s 365\"},\"sameAs\":[\"https:\\\/\\\/www.facebook.com\\\/carrenoactualidad\",\"https:\\\/\\\/twitter.com\\\/nbasturias\",\"https:\\\/\\\/www.instagram.com\\\/nachofdezber\\\/\",\"https:\\\/\\\/www.youtube.com\\\/channel\\\/UCZP-2wLEB9Rv6erhFmqVnvg\"]},{\"@type\":\"WebPage\",\"@id\":\"https:\\\/\\\/candas365.es\\\/noticias\\\/aplazadas-las-actividades-del-world-snow-day\\\/#webpage\",\"url\":\"https:\\\/\\\/candas365.es\\\/noticias\\\/aplazadas-las-actividades-del-world-snow-day\\\/\",\"name\":\"Aplazadas las actividades del World Snow Day | Cand\\u00e1s 365\",\"description\":\"Debido a que la previsi\\u00f3n meteorol\\u00f3gica para este domingo 19 de enero impedir\\u00eda la celebraci\\u00f3n de algunas de las actividades, la celebraci\\u00f3n del World Snow Day en Fuentes de Invierno se aplaza al pr\\u00f3ximo domingo, 26 de enero.\",\"inLanguage\":\"es-ES\",\"isPartOf\":{\"@id\":\"https:\\\/\\\/candas365.es\\\/noticias\\\/#website\"},\"breadcrumb\":{\"@id\":\"https:\\\/\\\/candas365.es\\\/noticias\\\/aplazadas-las-actividades-del-world-snow-day\\\/#breadcrumblist\"},\"author\":{\"@id\":\"https:\\\/\\\/candas365.es\\\/noticias\\\/author\\\/admin\\\/#author\"},\"creator\":{\"@id\":\"https:\\\/\\\/candas365.es\\\/noticias\\\/author\\\/admin\\\/#author\"},\"image\":{\"@type\":\"ImageObject\",\"url\":\"https:\\\/\\\/candas365.es\\\/noticias\\\/wp-content\\\/uploads\\\/2020\\\/01\\\/snowboard-113784_640.jpg\",\"@id\":\"https:\\\/\\\/candas365.es\\\/noticias\\\/aplazadas-las-actividades-del-world-snow-day\\\/#mainImage\",\"width\":640,\"height\":480},\"primaryImageOfPage\":{\"@id\":\"https:\\\/\\\/candas365.es\\\/noticias\\\/aplazadas-las-actividades-del-world-snow-day\\\/#mainImage\"},\"datePublished\":\"2020-01-18T12:42:49+01:00\",\"dateModified\":\"2020-01-18T12:42:49+01:00\"},{\"@type\":\"WebSite\",\"@id\":\"https:\\\/\\\/candas365.es\\\/noticias\\\/#website\",\"url\":\"https:\\\/\\\/candas365.es\\\/noticias\\\/\",\"name\":\"Cand\\u00e1s 365\",\"alternateName\":\"Cand\\u00e1s 365 Noticias\",\"description\":\"Actualidad desde Carre\\u00f1o para el mundo\",\"inLanguage\":\"es-ES\",\"publisher\":{\"@id\":\"https:\\\/\\\/candas365.es\\\/noticias\\\/#organization\"}}]}\n\t\t<\/script>\n\t\t<!-- All in One SEO Pro -->\r\n\t\t<title>Aplazadas las actividades del World Snow Day | Cand\u00e1s 365<\/title>\n\n","aioseo_head_json":{"title":"Aplazadas las actividades del World Snow Day | Cand\u00e1s 365","description":"Debido a que la previsi\u00f3n meteorol\u00f3gica para este domingo 19 de enero impedir\u00eda la celebraci\u00f3n de algunas de las actividades, la celebraci\u00f3n del World Snow Day en Fuentes de Invierno se aplaza al pr\u00f3ximo domingo, 26 de enero.","canonical_url":"https:\/\/candas365.es\/noticias\/aplazadas-las-actividades-del-world-snow-day\/","robots":"max-image-preview:large","keywords":"agenda","webmasterTools":{"google-site-verification":"UA-32230408-1","msvalidate.01":"354F3CDFB2DA171B47FBE9ABF1F88D5","miscellaneous":""},"schema":{"@context":"https:\/\/schema.org","@graph":[{"@type":"BreadcrumbList","@id":"https:\/\/candas365.es\/noticias\/aplazadas-las-actividades-del-world-snow-day\/#breadcrumblist","itemListElement":[{"@type":"ListItem","@id":"https:\/\/candas365.es\/noticias#listItem","position":1,"name":"Home","item":"https:\/\/candas365.es\/noticias","nextItem":{"@type":"ListItem","@id":"https:\/\/candas365.es\/noticias\/category\/agenda\/#listItem","name":"Agenda"}},{"@type":"ListItem","@id":"https:\/\/candas365.es\/noticias\/category\/agenda\/#listItem","position":2,"name":"Agenda","item":"https:\/\/candas365.es\/noticias\/category\/agenda\/","nextItem":{"@type":"ListItem","@id":"https:\/\/candas365.es\/noticias\/aplazadas-las-actividades-del-world-snow-day\/#listItem","name":"Aplazadas las actividades del World Snow Day"},"previousItem":{"@type":"ListItem","@id":"https:\/\/candas365.es\/noticias#listItem","name":"Home"}},{"@type":"ListItem","@id":"https:\/\/candas365.es\/noticias\/aplazadas-las-actividades-del-world-snow-day\/#listItem","position":3,"name":"Aplazadas las actividades del World Snow Day","previousItem":{"@type":"ListItem","@id":"https:\/\/candas365.es\/noticias\/category\/agenda\/#listItem","name":"Agenda"}}]},{"@type":"NewsArticle","@id":"https:\/\/candas365.es\/noticias\/aplazadas-las-actividades-del-world-snow-day\/#newsarticle","name":"Aplazadas las actividades del World Snow Day | Cand\u00e1s 365","headline":"Aplazadas las actividades del World Snow Day","author":{"@id":"https:\/\/candas365.es\/noticias\/author\/admin\/#author"},"publisher":{"@id":"https:\/\/candas365.es\/noticias\/#organization"},"image":{"@type":"ImageObject","url":"https:\/\/candas365.es\/noticias\/wp-content\/uploads\/2020\/01\/snowboard-113784_640.jpg","width":640,"height":480},"datePublished":"2020-01-18T12:42:49+01:00","dateModified":"2020-01-18T12:42:49+01:00","inLanguage":"es-ES","mainEntityOfPage":{"@id":"https:\/\/candas365.es\/noticias\/aplazadas-las-actividades-del-world-snow-day\/#webpage"},"isPartOf":{"@id":"https:\/\/candas365.es\/noticias\/aplazadas-las-actividades-del-world-snow-day\/#webpage"},"articleSection":"Agenda","dateline":"Publicado el enero 18, 2020."},{"@type":"Organization","@id":"https:\/\/candas365.es\/noticias\/#organization","name":"Cand\u00e1s 365","description":"Cand\u00e1s 365 es un diario digital independiente, fundado en 2012, con base en Asturias. Informamos con rigor sobre actualidad, sociedad, cultura y ocio, con una mirada local y global.","url":"https:\/\/candas365.es\/noticias\/","email":"info@candas365.es","telephone":"+34652131393","foundingDate":"2012-06-10","logo":{"@type":"ImageObject","url":"https:\/\/candas365.es\/noticias\/wp-content\/uploads\/2024\/09\/Candas-365-Redes.jpg","@id":"https:\/\/candas365.es\/noticias\/aplazadas-las-actividades-del-world-snow-day\/#organizationLogo","width":1152,"height":864,"caption":"Cand\u00e1s 365 Redes"},"image":{"@id":"https:\/\/candas365.es\/noticias\/aplazadas-las-actividades-del-world-snow-day\/#organizationLogo"},"sameAs":["https:\/\/www.facebook.com\/Nachofdezber","https:\/\/x.com\/NabercoDigital","https:\/\/www.instagram.com\/nachofdezber\/","https:\/\/www.youtube.com\/channel\/UCZP-2wLEB9Rv6erhFmqVnvg"],"address":{"@id":"https:\/\/candas365.es\/noticias\/#postaladdress","@type":"PostalAddress","streetAddress":"san antonio 4, san antonio 4","postalCode":"33430","addressLocality":"Cand\u00e1s","addressRegion":"Asturias","addressCountry":"ES"}},{"@type":"Person","@id":"https:\/\/candas365.es\/noticias\/author\/admin\/#author","url":"https:\/\/candas365.es\/noticias\/author\/admin\/","name":"Cand\u00e1s 365","image":{"@type":"ImageObject","@id":"https:\/\/candas365.es\/noticias\/aplazadas-las-actividades-del-world-snow-day\/#authorImage","url":"https:\/\/secure.gravatar.com\/avatar\/496a8e03d0c493ede1718b7934145dbdf8d89be1036b0eec9544e1094c9de390?s=96&d=mm&r=g","width":96,"height":96,"caption":"Cand\u00e1s 365"},"sameAs":["https:\/\/www.facebook.com\/carrenoactualidad","https:\/\/twitter.com\/nbasturias","https:\/\/www.instagram.com\/nachofdezber\/","https:\/\/www.youtube.com\/channel\/UCZP-2wLEB9Rv6erhFmqVnvg"]},{"@type":"WebPage","@id":"https:\/\/candas365.es\/noticias\/aplazadas-las-actividades-del-world-snow-day\/#webpage","url":"https:\/\/candas365.es\/noticias\/aplazadas-las-actividades-del-world-snow-day\/","name":"Aplazadas las actividades del World Snow Day | Cand\u00e1s 365","description":"Debido a que la previsi\u00f3n meteorol\u00f3gica para este domingo 19 de enero impedir\u00eda la celebraci\u00f3n de algunas de las actividades, la celebraci\u00f3n del World Snow Day en Fuentes de Invierno se aplaza al pr\u00f3ximo domingo, 26 de enero.","inLanguage":"es-ES","isPartOf":{"@id":"https:\/\/candas365.es\/noticias\/#website"},"breadcrumb":{"@id":"https:\/\/candas365.es\/noticias\/aplazadas-las-actividades-del-world-snow-day\/#breadcrumblist"},"author":{"@id":"https:\/\/candas365.es\/noticias\/author\/admin\/#author"},"creator":{"@id":"https:\/\/candas365.es\/noticias\/author\/admin\/#author"},"image":{"@type":"ImageObject","url":"https:\/\/candas365.es\/noticias\/wp-content\/uploads\/2020\/01\/snowboard-113784_640.jpg","@id":"https:\/\/candas365.es\/noticias\/aplazadas-las-actividades-del-world-snow-day\/#mainImage","width":640,"height":480},"primaryImageOfPage":{"@id":"https:\/\/candas365.es\/noticias\/aplazadas-las-actividades-del-world-snow-day\/#mainImage"},"datePublished":"2020-01-18T12:42:49+01:00","dateModified":"2020-01-18T12:42:49+01:00"},{"@type":"WebSite","@id":"https:\/\/candas365.es\/noticias\/#website","url":"https:\/\/candas365.es\/noticias\/","name":"Cand\u00e1s 365","alternateName":"Cand\u00e1s 365 Noticias","description":"Actualidad desde Carre\u00f1o para el mundo","inLanguage":"es-ES","publisher":{"@id":"https:\/\/candas365.es\/noticias\/#organization"}}]},"og:locale":"es_ES","og:site_name":"Cand\u00e1s 365","og:type":"article","og:title":"Aplazadas las actividades del World Snow Day | Cand\u00e1s 365","og:description":"Debido a que la previsi\u00f3n meteorol\u00f3gica para este domingo 19 de enero impedir\u00eda la celebraci\u00f3n de algunas de las actividades, la celebraci\u00f3n del World Snow Day en Fuentes de Invierno se aplaza al pr\u00f3ximo domingo, 26 de enero.","og:url":"https:\/\/candas365.es\/noticias\/aplazadas-las-actividades-del-world-snow-day\/","og:image":"https:\/\/candas365.es\/noticias\/wp-content\/uploads\/2020\/01\/snowboard-113784_640.jpg","og:image:secure_url":"https:\/\/candas365.es\/noticias\/wp-content\/uploads\/2020\/01\/snowboard-113784_640.jpg","og:image:width":640,"og:image:height":480,"article:published_time":"2020-01-18T12:42:49+00:00","article:modified_time":"2020-01-18T12:42:49+00:00","article:publisher":"https:\/\/www.facebook.com\/Nachofdezber","article:author":"https:\/\/www.facebook.com\/carrenoactualidad","twitter:card":"summary_large_image","twitter:site":"@NabercoDigital","twitter:title":"Aplazadas las actividades del World Snow Day | Cand\u00e1s 365","twitter:description":"Debido a que la previsi\u00f3n meteorol\u00f3gica para este domingo 19 de enero impedir\u00eda la celebraci\u00f3n de algunas de las actividades, la celebraci\u00f3n del World Snow Day en Fuentes de Invierno se aplaza al pr\u00f3ximo domingo, 26 de enero.","twitter:creator":"@nbasturias","twitter:image":"https:\/\/candas365.es\/noticias\/wp-content\/uploads\/2020\/01\/snowboard-113784_640.jpg","twitter:label1":"Escrito por","twitter:data1":"Cand\u00e1s 365"},"aioseo_meta_data":{"post_id":"136622","title":null,"description":null,"keywords":null,"keyphrases":null,"primary_term":null,"canonical_url":null,"og_title":null,"og_description":null,"og_object_type":"default","og_image_type":"default","og_image_url":null,"og_image_width":null,"og_image_height":null,"og_image_custom_url":null,"og_image_custom_fields":null,"og_video":null,"og_custom_url":null,"og_article_section":null,"og_article_tags":null,"twitter_use_og":false,"twitter_card":"default","twitter_image_type":"default","twitter_image_url":null,"twitter_image_custom_url":null,"twitter_image_custom_fields":null,"twitter_title":null,"twitter_description":null,"schema":{"blockGraphs":[],"customGraphs":[],"default":{"data":{"Article":[],"Course":[],"Dataset":[],"FAQPage":[],"Movie":[],"Person":[],"Product":[],"ProductReview":[],"Car":[],"Recipe":[],"Service":[],"SoftwareApplication":[],"WebPage":[]},"graphName":"","isEnabled":true},"graphs":[],"defaultGraph":"","defaultPostTypeGraph":""},"schema_type":null,"schema_type_options":null,"pillar_content":false,"robots_default":true,"robots_noindex":false,"robots_noarchive":false,"robots_nosnippet":false,"robots_nofollow":false,"robots_noimageindex":false,"robots_noodp":false,"robots_notranslate":false,"robots_max_snippet":null,"robots_max_videopreview":null,"robots_max_imagepreview":"large","priority":null,"frequency":null,"location":null,"local_seo":null,"seo_analyzer_scan_date":"2025-08-30 21:52:13","breadcrumb_settings":null,"limit_modified_date":false,"reviewed_by":null,"open_ai":null,"ai":null,"created":"2020-12-21 10:46:59","updated":"2025-08-30 21:52:13"},"aioseo_breadcrumb":"<div class=\"aioseo-breadcrumbs\"><span class=\"aioseo-breadcrumb\">\n\t<a href=\"https:\/\/candas365.es\/noticias\" title=\"Home\">Home<\/a>\n<\/span><span class=\"aioseo-breadcrumb-separator\">&ndash;<\/span><span class=\"aioseo-breadcrumb\">\n\t<a href=\"https:\/\/candas365.es\/noticias\/category\/agenda\/\" title=\"Agenda\">Agenda<\/a>\n<\/span><span class=\"aioseo-breadcrumb-separator\">&ndash;<\/span><span class=\"aioseo-breadcrumb\">\n\tAplazadas las actividades del World Snow Day\n<\/span><\/div>","aioseo_breadcrumb_json":[{"label":"Home","link":"https:\/\/candas365.es\/noticias"},{"label":"Agenda","link":"https:\/\/candas365.es\/noticias\/category\/agenda\/"},{"label":"Aplazadas las actividades del World Snow Day","link":"https:\/\/candas365.es\/noticias\/aplazadas-las-actividades-del-world-snow-day\/"}],"_links":{"self":[{"href":"https:\/\/candas365.es\/noticias\/wp-json\/wp\/v2\/posts\/136622","targetHints":{"allow":["GET"]}}],"collection":[{"href":"https:\/\/candas365.es\/noticias\/wp-json\/wp\/v2\/posts"}],"about":[{"href":"https:\/\/candas365.es\/noticias\/wp-json\/wp\/v2\/types\/post"}],"author":[{"embeddable":true,"href":"https:\/\/candas365.es\/noticias\/wp-json\/wp\/v2\/users\/1"}],"replies":[{"embeddable":true,"href":"https:\/\/candas365.es\/noticias\/wp-json\/wp\/v2\/comments?post=136622"}],"version-history":[{"count":0,"href":"https:\/\/candas365.es\/noticias\/wp-json\/wp\/v2\/posts\/136622\/revisions"}],"wp:featuredmedia":[{"embeddable":true,"href":"https:\/\/candas365.es\/noticias\/wp-json\/wp\/v2\/media\/136556"}],"wp:attachment":[{"href":"https:\/\/candas365.es\/noticias\/wp-json\/wp\/v2\/media?parent=136622"}],"wp:term":[{"taxonomy":"category","embeddable":true,"href":"https:\/\/candas365.es\/noticias\/wp-json\/wp\/v2\/categories?post=136622"},{"taxonomy":"post_tag","embeddable":true,"href":"https:\/\/candas365.es\/noticias\/wp-json\/wp\/v2\/tags?post=136622"}],"curies":[{"name":"wp","href":"https:\/\/api.w.org\/{rel}","templated":true}]}}