{"id":136611,"date":"2020-01-17T21:00:37","date_gmt":"2020-01-17T21:00:37","guid":{"rendered":"http:\/\/candas365.es\/noticias\/?p=136611"},"modified":"2020-01-17T21:00:37","modified_gmt":"2020-01-17T21:00:37","slug":"nadal-vs-ferrer-en-el-partido-inaugural-de-la-rafa-nadal-academy-kuwait","status":"publish","type":"post","link":"https:\/\/candas365.es\/noticias\/nadal-vs-ferrer-en-el-partido-inaugural-de-la-rafa-nadal-academy-kuwait\/","title":{"rendered":"Nadal vs Ferrer en el partido inaugural de la &#8216;Rafa Nadal Academy Kuwait&#8217;"},"content":{"rendered":"<p><img fetchpriority=\"high\" decoding=\"async\" class=\"alignleft size-medium wp-image-94738\" src=\"https:\/\/candas365.es\/noticias\/wp-content\/uploads\/2018\/04\/tennis-923659_960_720-360x270.jpg\" alt=\"\" width=\"360\" height=\"270\" srcset=\"https:\/\/candas365.es\/noticias\/wp-content\/uploads\/2018\/04\/tennis-923659_960_720-360x270.jpg 360w, https:\/\/candas365.es\/noticias\/wp-content\/uploads\/2018\/04\/tennis-923659_960_720-768x576.jpg 768w, https:\/\/candas365.es\/noticias\/wp-content\/uploads\/2018\/04\/tennis-923659_960_720-640x480.jpg 640w, https:\/\/candas365.es\/noticias\/wp-content\/uploads\/2018\/04\/tennis-923659_960_720-80x60.jpg 80w, https:\/\/candas365.es\/noticias\/wp-content\/uploads\/2018\/04\/tennis-923659_960_720-265x198.jpg 265w, https:\/\/candas365.es\/noticias\/wp-content\/uploads\/2018\/04\/tennis-923659_960_720-696x522.jpg 696w, https:\/\/candas365.es\/noticias\/wp-content\/uploads\/2018\/04\/tennis-923659_960_720-560x420.jpg 560w, https:\/\/candas365.es\/noticias\/wp-content\/uploads\/2018\/04\/tennis-923659_960_720.jpg 960w\" sizes=\"(max-width: 360px) 100vw, 360px\" \/>(Europa Press) &#8211;\u00a0Los tenistas espa\u00f1oles Rafa Nadal y David Ferrer se medir\u00e1n en el <strong>partido inaugural de la nueva academia del mallorqu\u00edn, la &#8216;Rafa Nadal Academy Kuwait&#8217;<\/strong>, que abrir\u00e1 sus puertas el pr\u00f3ximo 5 de febrero con este duelo de exhibici\u00f3n.<\/p>\n<p>El duelo entre estos dos jugadores, que han compartido muchos momentos en el circuito profesional, enfrent\u00e1ndose hasta en 32 ocasiones, servir\u00e1 como gancho para estrenar el segundo proyecto formativo de Nadal, despu\u00e9s de que abriera su primera academia en 2016, la &#8216;Rafa Nadal Academy&#8217; ubicada en Manacor, su ciudad natal.<\/p>\n<p><strong>Rafa Nadal y David Ferrer se ver\u00e1n las caras un a\u00f1o despu\u00e9s de su \u00faltimo enfrentamiento en el Conde de God\u00f3 en Barcelona<\/strong>, y donde semanas despu\u00e9s el de J\u00e1vea colg\u00f3 la raqueta en el Mutua Madrid Open, despu\u00e9s de una larga carrera deportiva, acumulando 27 t\u00edtulos.<\/p>\n<p>En al \u00e1mbito formativo, el tenista ha querido expandir sus conocimientos en el mundo de su deporte a nivel internacional con la creaci\u00f3n de los complejos &#8216;Rafa Nadal Tennis Centre&#8217;, en M\u00e9xico, y el &#8216;Sani Resort&#8217;, en Grecia, y ahora, con este nuevo protecto en Asia Occidental.<\/p>\n<p>Este proyecto, que ha llevado a cabo de la mano del grupo &#8216;Tandeem&#8217;, tiene como objetivo convertirse en un centro de tenis de referencia en Medio Oriente y apoyar a la Federaci\u00f3n de Tenis de Kuwait a desarrollar un programa que impulse este deporte en el pa\u00eds con un proyecto formativo liderado por Nuno M\u00e1rquez y por los entrenadores de la &#8216;Rafa Nadal Academy by Movistar&#8217; desplazados a Kuwait.<\/p>\n<p>Las instalaciones de la academia cuentan con 8 pistas cubiertas, 8 pistas exteriores, un estadio al aire libre de 1.500 personas y un pabell\u00f3n cubierto multiusos con capacidad para albergar a 5.000 espectadores.<\/p>\n<p>&nbsp;<\/p>\n","protected":false},"excerpt":{"rendered":"<p>(Europa Press) &#8211;\u00a0Los tenistas espa\u00f1oles Rafa Nadal y David Ferrer se medir\u00e1n en el partido inaugural de la nueva academia del mallorqu\u00edn, la &#8216;Rafa Nadal Academy Kuwait&#8217;, que abrir\u00e1 sus puertas el pr\u00f3ximo 5 de febrero con este duelo de exhibici\u00f3n. El duelo entre estos dos jugadores, que han compartido muchos momentos en el circuito<\/p>\n","protected":false},"author":1,"featured_media":94989,"comment_status":"closed","ping_status":"closed","sticky":false,"template":"","format":"standard","meta":{"footnotes":""},"categories":[319],"tags":[],"class_list":{"0":"post-136611","1":"post","2":"type-post","3":"status-publish","4":"format-standard","5":"has-post-thumbnail","7":"category-deporte"},"aioseo_notices":[],"aioseo_head":"\n\t\t<!-- All in One SEO Pro 4.9.6.2 - aioseo.com -->\n\t<meta name=\"description\" content=\"(Europa Press) - Los tenistas espa\u00f1oles Rafa Nadal y David Ferrer se medir\u00e1n en el partido inaugural de la nueva academia del mallorqu\u00edn, la &#039;Rafa Nadal Academy Kuwait&#039;, que abrir\u00e1 sus puertas el pr\u00f3ximo 5 de febrero con este duelo de exhibici\u00f3n. El duelo entre estos dos jugadores, que han compartido muchos momentos en el circuito\" \/>\n\t<meta name=\"robots\" content=\"max-image-preview:large\" \/>\n\t<meta name=\"author\" content=\"Cand\u00e1s 365\"\/>\n\t<meta name=\"google-site-verification\" content=\"UA-32230408-1\" \/>\n\t<meta name=\"msvalidate.01\" content=\"354F3CDFB2DA171B47FBE9ABF1F88D5\" \/>\n\t<meta name=\"keywords\" content=\"deporte\" \/>\n\t<link rel=\"canonical\" href=\"https:\/\/candas365.es\/noticias\/nadal-vs-ferrer-en-el-partido-inaugural-de-la-rafa-nadal-academy-kuwait\/\" \/>\n\t<meta name=\"generator\" content=\"All in One SEO Pro (AIOSEO) 4.9.6.2\" \/>\n\t\t<meta property=\"og:locale\" content=\"es_ES\" \/>\n\t\t<meta property=\"og:site_name\" content=\"Cand\u00e1s 365\" \/>\n\t\t<meta property=\"og:type\" content=\"article\" \/>\n\t\t<meta property=\"og:title\" content=\"Nadal vs Ferrer en el partido inaugural de la \u2018Rafa Nadal Academy Kuwait\u2019 | Cand\u00e1s 365\" \/>\n\t\t<meta property=\"og:description\" content=\"(Europa Press) - Los tenistas espa\u00f1oles Rafa Nadal y David Ferrer se medir\u00e1n en el partido inaugural de la nueva academia del mallorqu\u00edn, la &#039;Rafa Nadal Academy Kuwait&#039;, que abrir\u00e1 sus puertas el pr\u00f3ximo 5 de febrero con este duelo de exhibici\u00f3n. El duelo entre estos dos jugadores, que han compartido muchos momentos en el circuito\" \/>\n\t\t<meta property=\"og:url\" content=\"https:\/\/candas365.es\/noticias\/nadal-vs-ferrer-en-el-partido-inaugural-de-la-rafa-nadal-academy-kuwait\/\" \/>\n\t\t<meta property=\"og:image\" content=\"https:\/\/candas365.es\/noticias\/wp-content\/uploads\/2018\/04\/tennis-923659_960_720-1.jpg\" \/>\n\t\t<meta property=\"og:image:secure_url\" content=\"https:\/\/candas365.es\/noticias\/wp-content\/uploads\/2018\/04\/tennis-923659_960_720-1.jpg\" \/>\n\t\t<meta property=\"og:image:width\" content=\"960\" \/>\n\t\t<meta property=\"og:image:height\" content=\"720\" \/>\n\t\t<meta property=\"article:published_time\" content=\"2020-01-17T21:00:37+00:00\" \/>\n\t\t<meta property=\"article:modified_time\" content=\"2020-01-17T21:00:37+00:00\" \/>\n\t\t<meta property=\"article:publisher\" content=\"https:\/\/www.facebook.com\/Nachofdezber\" \/>\n\t\t<meta property=\"article:author\" content=\"https:\/\/www.facebook.com\/carrenoactualidad\" \/>\n\t\t<meta name=\"twitter:card\" content=\"summary_large_image\" \/>\n\t\t<meta name=\"twitter:site\" content=\"@NabercoDigital\" \/>\n\t\t<meta name=\"twitter:title\" content=\"Nadal vs Ferrer en el partido inaugural de la \u2018Rafa Nadal Academy Kuwait\u2019 | Cand\u00e1s 365\" \/>\n\t\t<meta name=\"twitter:description\" content=\"(Europa Press) - Los tenistas espa\u00f1oles Rafa Nadal y David Ferrer se medir\u00e1n en el partido inaugural de la nueva academia del mallorqu\u00edn, la &#039;Rafa Nadal Academy Kuwait&#039;, que abrir\u00e1 sus puertas el pr\u00f3ximo 5 de febrero con este duelo de exhibici\u00f3n. El duelo entre estos dos jugadores, que han compartido muchos momentos en el circuito\" \/>\n\t\t<meta name=\"twitter:creator\" content=\"@nbasturias\" \/>\n\t\t<meta name=\"twitter:image\" content=\"https:\/\/candas365.es\/noticias\/wp-content\/uploads\/2018\/04\/tennis-923659_960_720-1.jpg\" \/>\n\t\t<meta name=\"twitter:label1\" content=\"Escrito por\" \/>\n\t\t<meta name=\"twitter:data1\" content=\"Cand\u00e1s 365\" \/>\n\t\t<meta name=\"twitter:label2\" content=\"Tiempo de lectura estimado\" \/>\n\t\t<meta name=\"twitter:data2\" content=\"2 minutos\" \/>\n\t\t<script type=\"application\/ld+json\" class=\"aioseo-schema\">\n\t\t\t{\"@context\":\"https:\\\/\\\/schema.org\",\"@graph\":[{\"@type\":\"BreadcrumbList\",\"@id\":\"https:\\\/\\\/candas365.es\\\/noticias\\\/nadal-vs-ferrer-en-el-partido-inaugural-de-la-rafa-nadal-academy-kuwait\\\/#breadcrumblist\",\"itemListElement\":[{\"@type\":\"ListItem\",\"@id\":\"https:\\\/\\\/candas365.es\\\/noticias#listItem\",\"position\":1,\"name\":\"Home\",\"item\":\"https:\\\/\\\/candas365.es\\\/noticias\",\"nextItem\":{\"@type\":\"ListItem\",\"@id\":\"https:\\\/\\\/candas365.es\\\/noticias\\\/category\\\/deporte\\\/#listItem\",\"name\":\"Deporte\"}},{\"@type\":\"ListItem\",\"@id\":\"https:\\\/\\\/candas365.es\\\/noticias\\\/category\\\/deporte\\\/#listItem\",\"position\":2,\"name\":\"Deporte\",\"item\":\"https:\\\/\\\/candas365.es\\\/noticias\\\/category\\\/deporte\\\/\",\"nextItem\":{\"@type\":\"ListItem\",\"@id\":\"https:\\\/\\\/candas365.es\\\/noticias\\\/nadal-vs-ferrer-en-el-partido-inaugural-de-la-rafa-nadal-academy-kuwait\\\/#listItem\",\"name\":\"Nadal vs Ferrer en el partido inaugural de la &#8216;Rafa Nadal Academy Kuwait&#8217;\"},\"previousItem\":{\"@type\":\"ListItem\",\"@id\":\"https:\\\/\\\/candas365.es\\\/noticias#listItem\",\"name\":\"Home\"}},{\"@type\":\"ListItem\",\"@id\":\"https:\\\/\\\/candas365.es\\\/noticias\\\/nadal-vs-ferrer-en-el-partido-inaugural-de-la-rafa-nadal-academy-kuwait\\\/#listItem\",\"position\":3,\"name\":\"Nadal vs Ferrer en el partido inaugural de la &#8216;Rafa Nadal Academy Kuwait&#8217;\",\"previousItem\":{\"@type\":\"ListItem\",\"@id\":\"https:\\\/\\\/candas365.es\\\/noticias\\\/category\\\/deporte\\\/#listItem\",\"name\":\"Deporte\"}}]},{\"@type\":\"NewsArticle\",\"@id\":\"https:\\\/\\\/candas365.es\\\/noticias\\\/nadal-vs-ferrer-en-el-partido-inaugural-de-la-rafa-nadal-academy-kuwait\\\/#newsarticle\",\"name\":\"Nadal vs Ferrer en el partido inaugural de la \\u2018Rafa Nadal Academy Kuwait\\u2019 | Cand\\u00e1s 365\",\"headline\":\"Nadal vs Ferrer en el partido inaugural de la &#8216;Rafa Nadal Academy Kuwait&#8217;\",\"author\":{\"@id\":\"https:\\\/\\\/candas365.es\\\/noticias\\\/author\\\/admin\\\/#author\"},\"publisher\":{\"@id\":\"https:\\\/\\\/candas365.es\\\/noticias\\\/#organization\"},\"image\":{\"@type\":\"ImageObject\",\"url\":\"https:\\\/\\\/candas365.es\\\/noticias\\\/wp-content\\\/uploads\\\/2018\\\/04\\\/tennis-923659_960_720-1.jpg\",\"width\":960,\"height\":720,\"caption\":\"tennis\"},\"datePublished\":\"2020-01-17T21:00:37+01:00\",\"dateModified\":\"2020-01-17T21:00:37+01:00\",\"inLanguage\":\"es-ES\",\"mainEntityOfPage\":{\"@id\":\"https:\\\/\\\/candas365.es\\\/noticias\\\/nadal-vs-ferrer-en-el-partido-inaugural-de-la-rafa-nadal-academy-kuwait\\\/#webpage\"},\"isPartOf\":{\"@id\":\"https:\\\/\\\/candas365.es\\\/noticias\\\/nadal-vs-ferrer-en-el-partido-inaugural-de-la-rafa-nadal-academy-kuwait\\\/#webpage\"},\"articleSection\":\"Deporte\",\"dateline\":\"Publicado el enero 17, 2020.\"},{\"@type\":\"Organization\",\"@id\":\"https:\\\/\\\/candas365.es\\\/noticias\\\/#organization\",\"name\":\"Cand\\u00e1s 365\",\"description\":\"Cand\\u00e1s 365 es un diario digital independiente, fundado en 2012, con base en Asturias. Informamos con rigor sobre actualidad, sociedad, cultura y ocio, con una mirada local y global.\",\"url\":\"https:\\\/\\\/candas365.es\\\/noticias\\\/\",\"email\":\"info@candas365.es\",\"telephone\":\"+34652131393\",\"foundingDate\":\"2012-06-10\",\"logo\":{\"@type\":\"ImageObject\",\"url\":\"https:\\\/\\\/candas365.es\\\/noticias\\\/wp-content\\\/uploads\\\/2024\\\/09\\\/Candas-365-Redes.jpg\",\"@id\":\"https:\\\/\\\/candas365.es\\\/noticias\\\/nadal-vs-ferrer-en-el-partido-inaugural-de-la-rafa-nadal-academy-kuwait\\\/#organizationLogo\",\"width\":1152,\"height\":864,\"caption\":\"Cand\\u00e1s 365 Redes\"},\"image\":{\"@id\":\"https:\\\/\\\/candas365.es\\\/noticias\\\/nadal-vs-ferrer-en-el-partido-inaugural-de-la-rafa-nadal-academy-kuwait\\\/#organizationLogo\"},\"sameAs\":[\"https:\\\/\\\/www.facebook.com\\\/Nachofdezber\",\"https:\\\/\\\/x.com\\\/NabercoDigital\",\"https:\\\/\\\/www.instagram.com\\\/nachofdezber\\\/\",\"https:\\\/\\\/www.youtube.com\\\/channel\\\/UCZP-2wLEB9Rv6erhFmqVnvg\"],\"address\":{\"@id\":\"https:\\\/\\\/candas365.es\\\/noticias\\\/#postaladdress\",\"@type\":\"PostalAddress\",\"streetAddress\":\"san antonio 4, san antonio 4\",\"postalCode\":\"33430\",\"addressLocality\":\"Cand\\u00e1s\",\"addressRegion\":\"Asturias\",\"addressCountry\":\"ES\"}},{\"@type\":\"Person\",\"@id\":\"https:\\\/\\\/candas365.es\\\/noticias\\\/author\\\/admin\\\/#author\",\"url\":\"https:\\\/\\\/candas365.es\\\/noticias\\\/author\\\/admin\\\/\",\"name\":\"Cand\\u00e1s 365\",\"image\":{\"@type\":\"ImageObject\",\"@id\":\"https:\\\/\\\/candas365.es\\\/noticias\\\/nadal-vs-ferrer-en-el-partido-inaugural-de-la-rafa-nadal-academy-kuwait\\\/#authorImage\",\"url\":\"https:\\\/\\\/secure.gravatar.com\\\/avatar\\\/496a8e03d0c493ede1718b7934145dbdf8d89be1036b0eec9544e1094c9de390?s=96&d=mm&r=g\",\"width\":96,\"height\":96,\"caption\":\"Cand\\u00e1s 365\"},\"sameAs\":[\"https:\\\/\\\/www.facebook.com\\\/carrenoactualidad\",\"https:\\\/\\\/twitter.com\\\/nbasturias\",\"https:\\\/\\\/www.instagram.com\\\/nachofdezber\\\/\",\"https:\\\/\\\/www.youtube.com\\\/channel\\\/UCZP-2wLEB9Rv6erhFmqVnvg\"]},{\"@type\":\"WebPage\",\"@id\":\"https:\\\/\\\/candas365.es\\\/noticias\\\/nadal-vs-ferrer-en-el-partido-inaugural-de-la-rafa-nadal-academy-kuwait\\\/#webpage\",\"url\":\"https:\\\/\\\/candas365.es\\\/noticias\\\/nadal-vs-ferrer-en-el-partido-inaugural-de-la-rafa-nadal-academy-kuwait\\\/\",\"name\":\"Nadal vs Ferrer en el partido inaugural de la \\u2018Rafa Nadal Academy Kuwait\\u2019 | Cand\\u00e1s 365\",\"description\":\"(Europa Press) - Los tenistas espa\\u00f1oles Rafa Nadal y David Ferrer se medir\\u00e1n en el partido inaugural de la nueva academia del mallorqu\\u00edn, la 'Rafa Nadal Academy Kuwait', que abrir\\u00e1 sus puertas el pr\\u00f3ximo 5 de febrero con este duelo de exhibici\\u00f3n. El duelo entre estos dos jugadores, que han compartido muchos momentos en el circuito\",\"inLanguage\":\"es-ES\",\"isPartOf\":{\"@id\":\"https:\\\/\\\/candas365.es\\\/noticias\\\/#website\"},\"breadcrumb\":{\"@id\":\"https:\\\/\\\/candas365.es\\\/noticias\\\/nadal-vs-ferrer-en-el-partido-inaugural-de-la-rafa-nadal-academy-kuwait\\\/#breadcrumblist\"},\"author\":{\"@id\":\"https:\\\/\\\/candas365.es\\\/noticias\\\/author\\\/admin\\\/#author\"},\"creator\":{\"@id\":\"https:\\\/\\\/candas365.es\\\/noticias\\\/author\\\/admin\\\/#author\"},\"image\":{\"@type\":\"ImageObject\",\"url\":\"https:\\\/\\\/candas365.es\\\/noticias\\\/wp-content\\\/uploads\\\/2018\\\/04\\\/tennis-923659_960_720-1.jpg\",\"@id\":\"https:\\\/\\\/candas365.es\\\/noticias\\\/nadal-vs-ferrer-en-el-partido-inaugural-de-la-rafa-nadal-academy-kuwait\\\/#mainImage\",\"width\":960,\"height\":720,\"caption\":\"tennis\"},\"primaryImageOfPage\":{\"@id\":\"https:\\\/\\\/candas365.es\\\/noticias\\\/nadal-vs-ferrer-en-el-partido-inaugural-de-la-rafa-nadal-academy-kuwait\\\/#mainImage\"},\"datePublished\":\"2020-01-17T21:00:37+01:00\",\"dateModified\":\"2020-01-17T21:00:37+01:00\"},{\"@type\":\"WebSite\",\"@id\":\"https:\\\/\\\/candas365.es\\\/noticias\\\/#website\",\"url\":\"https:\\\/\\\/candas365.es\\\/noticias\\\/\",\"name\":\"Cand\\u00e1s 365\",\"alternateName\":\"Cand\\u00e1s 365 Noticias\",\"description\":\"Actualidad desde Carre\\u00f1o para el mundo\",\"inLanguage\":\"es-ES\",\"publisher\":{\"@id\":\"https:\\\/\\\/candas365.es\\\/noticias\\\/#organization\"}}]}\n\t\t<\/script>\n\t\t<!-- All in One SEO Pro -->\r\n\t\t<title>Nadal vs Ferrer en el partido inaugural de la \u2018Rafa Nadal Academy Kuwait\u2019 | Cand\u00e1s 365<\/title>\n\n","aioseo_head_json":{"title":"Nadal vs Ferrer en el partido inaugural de la \u2018Rafa Nadal Academy Kuwait\u2019 | Cand\u00e1s 365","description":"(Europa Press) - Los tenistas espa\u00f1oles Rafa Nadal y David Ferrer se medir\u00e1n en el partido inaugural de la nueva academia del mallorqu\u00edn, la 'Rafa Nadal Academy Kuwait', que abrir\u00e1 sus puertas el pr\u00f3ximo 5 de febrero con este duelo de exhibici\u00f3n. El duelo entre estos dos jugadores, que han compartido muchos momentos en el circuito","canonical_url":"https:\/\/candas365.es\/noticias\/nadal-vs-ferrer-en-el-partido-inaugural-de-la-rafa-nadal-academy-kuwait\/","robots":"max-image-preview:large","keywords":"deporte","webmasterTools":{"google-site-verification":"UA-32230408-1","msvalidate.01":"354F3CDFB2DA171B47FBE9ABF1F88D5","miscellaneous":""},"schema":{"@context":"https:\/\/schema.org","@graph":[{"@type":"BreadcrumbList","@id":"https:\/\/candas365.es\/noticias\/nadal-vs-ferrer-en-el-partido-inaugural-de-la-rafa-nadal-academy-kuwait\/#breadcrumblist","itemListElement":[{"@type":"ListItem","@id":"https:\/\/candas365.es\/noticias#listItem","position":1,"name":"Home","item":"https:\/\/candas365.es\/noticias","nextItem":{"@type":"ListItem","@id":"https:\/\/candas365.es\/noticias\/category\/deporte\/#listItem","name":"Deporte"}},{"@type":"ListItem","@id":"https:\/\/candas365.es\/noticias\/category\/deporte\/#listItem","position":2,"name":"Deporte","item":"https:\/\/candas365.es\/noticias\/category\/deporte\/","nextItem":{"@type":"ListItem","@id":"https:\/\/candas365.es\/noticias\/nadal-vs-ferrer-en-el-partido-inaugural-de-la-rafa-nadal-academy-kuwait\/#listItem","name":"Nadal vs Ferrer en el partido inaugural de la &#8216;Rafa Nadal Academy Kuwait&#8217;"},"previousItem":{"@type":"ListItem","@id":"https:\/\/candas365.es\/noticias#listItem","name":"Home"}},{"@type":"ListItem","@id":"https:\/\/candas365.es\/noticias\/nadal-vs-ferrer-en-el-partido-inaugural-de-la-rafa-nadal-academy-kuwait\/#listItem","position":3,"name":"Nadal vs Ferrer en el partido inaugural de la &#8216;Rafa Nadal Academy Kuwait&#8217;","previousItem":{"@type":"ListItem","@id":"https:\/\/candas365.es\/noticias\/category\/deporte\/#listItem","name":"Deporte"}}]},{"@type":"NewsArticle","@id":"https:\/\/candas365.es\/noticias\/nadal-vs-ferrer-en-el-partido-inaugural-de-la-rafa-nadal-academy-kuwait\/#newsarticle","name":"Nadal vs Ferrer en el partido inaugural de la \u2018Rafa Nadal Academy Kuwait\u2019 | Cand\u00e1s 365","headline":"Nadal vs Ferrer en el partido inaugural de la &#8216;Rafa Nadal Academy Kuwait&#8217;","author":{"@id":"https:\/\/candas365.es\/noticias\/author\/admin\/#author"},"publisher":{"@id":"https:\/\/candas365.es\/noticias\/#organization"},"image":{"@type":"ImageObject","url":"https:\/\/candas365.es\/noticias\/wp-content\/uploads\/2018\/04\/tennis-923659_960_720-1.jpg","width":960,"height":720,"caption":"tennis"},"datePublished":"2020-01-17T21:00:37+01:00","dateModified":"2020-01-17T21:00:37+01:00","inLanguage":"es-ES","mainEntityOfPage":{"@id":"https:\/\/candas365.es\/noticias\/nadal-vs-ferrer-en-el-partido-inaugural-de-la-rafa-nadal-academy-kuwait\/#webpage"},"isPartOf":{"@id":"https:\/\/candas365.es\/noticias\/nadal-vs-ferrer-en-el-partido-inaugural-de-la-rafa-nadal-academy-kuwait\/#webpage"},"articleSection":"Deporte","dateline":"Publicado el enero 17, 2020."},{"@type":"Organization","@id":"https:\/\/candas365.es\/noticias\/#organization","name":"Cand\u00e1s 365","description":"Cand\u00e1s 365 es un diario digital independiente, fundado en 2012, con base en Asturias. Informamos con rigor sobre actualidad, sociedad, cultura y ocio, con una mirada local y global.","url":"https:\/\/candas365.es\/noticias\/","email":"info@candas365.es","telephone":"+34652131393","foundingDate":"2012-06-10","logo":{"@type":"ImageObject","url":"https:\/\/candas365.es\/noticias\/wp-content\/uploads\/2024\/09\/Candas-365-Redes.jpg","@id":"https:\/\/candas365.es\/noticias\/nadal-vs-ferrer-en-el-partido-inaugural-de-la-rafa-nadal-academy-kuwait\/#organizationLogo","width":1152,"height":864,"caption":"Cand\u00e1s 365 Redes"},"image":{"@id":"https:\/\/candas365.es\/noticias\/nadal-vs-ferrer-en-el-partido-inaugural-de-la-rafa-nadal-academy-kuwait\/#organizationLogo"},"sameAs":["https:\/\/www.facebook.com\/Nachofdezber","https:\/\/x.com\/NabercoDigital","https:\/\/www.instagram.com\/nachofdezber\/","https:\/\/www.youtube.com\/channel\/UCZP-2wLEB9Rv6erhFmqVnvg"],"address":{"@id":"https:\/\/candas365.es\/noticias\/#postaladdress","@type":"PostalAddress","streetAddress":"san antonio 4, san antonio 4","postalCode":"33430","addressLocality":"Cand\u00e1s","addressRegion":"Asturias","addressCountry":"ES"}},{"@type":"Person","@id":"https:\/\/candas365.es\/noticias\/author\/admin\/#author","url":"https:\/\/candas365.es\/noticias\/author\/admin\/","name":"Cand\u00e1s 365","image":{"@type":"ImageObject","@id":"https:\/\/candas365.es\/noticias\/nadal-vs-ferrer-en-el-partido-inaugural-de-la-rafa-nadal-academy-kuwait\/#authorImage","url":"https:\/\/secure.gravatar.com\/avatar\/496a8e03d0c493ede1718b7934145dbdf8d89be1036b0eec9544e1094c9de390?s=96&d=mm&r=g","width":96,"height":96,"caption":"Cand\u00e1s 365"},"sameAs":["https:\/\/www.facebook.com\/carrenoactualidad","https:\/\/twitter.com\/nbasturias","https:\/\/www.instagram.com\/nachofdezber\/","https:\/\/www.youtube.com\/channel\/UCZP-2wLEB9Rv6erhFmqVnvg"]},{"@type":"WebPage","@id":"https:\/\/candas365.es\/noticias\/nadal-vs-ferrer-en-el-partido-inaugural-de-la-rafa-nadal-academy-kuwait\/#webpage","url":"https:\/\/candas365.es\/noticias\/nadal-vs-ferrer-en-el-partido-inaugural-de-la-rafa-nadal-academy-kuwait\/","name":"Nadal vs Ferrer en el partido inaugural de la \u2018Rafa Nadal Academy Kuwait\u2019 | Cand\u00e1s 365","description":"(Europa Press) - Los tenistas espa\u00f1oles Rafa Nadal y David Ferrer se medir\u00e1n en el partido inaugural de la nueva academia del mallorqu\u00edn, la 'Rafa Nadal Academy Kuwait', que abrir\u00e1 sus puertas el pr\u00f3ximo 5 de febrero con este duelo de exhibici\u00f3n. El duelo entre estos dos jugadores, que han compartido muchos momentos en el circuito","inLanguage":"es-ES","isPartOf":{"@id":"https:\/\/candas365.es\/noticias\/#website"},"breadcrumb":{"@id":"https:\/\/candas365.es\/noticias\/nadal-vs-ferrer-en-el-partido-inaugural-de-la-rafa-nadal-academy-kuwait\/#breadcrumblist"},"author":{"@id":"https:\/\/candas365.es\/noticias\/author\/admin\/#author"},"creator":{"@id":"https:\/\/candas365.es\/noticias\/author\/admin\/#author"},"image":{"@type":"ImageObject","url":"https:\/\/candas365.es\/noticias\/wp-content\/uploads\/2018\/04\/tennis-923659_960_720-1.jpg","@id":"https:\/\/candas365.es\/noticias\/nadal-vs-ferrer-en-el-partido-inaugural-de-la-rafa-nadal-academy-kuwait\/#mainImage","width":960,"height":720,"caption":"tennis"},"primaryImageOfPage":{"@id":"https:\/\/candas365.es\/noticias\/nadal-vs-ferrer-en-el-partido-inaugural-de-la-rafa-nadal-academy-kuwait\/#mainImage"},"datePublished":"2020-01-17T21:00:37+01:00","dateModified":"2020-01-17T21:00:37+01:00"},{"@type":"WebSite","@id":"https:\/\/candas365.es\/noticias\/#website","url":"https:\/\/candas365.es\/noticias\/","name":"Cand\u00e1s 365","alternateName":"Cand\u00e1s 365 Noticias","description":"Actualidad desde Carre\u00f1o para el mundo","inLanguage":"es-ES","publisher":{"@id":"https:\/\/candas365.es\/noticias\/#organization"}}]},"og:locale":"es_ES","og:site_name":"Cand\u00e1s 365","og:type":"article","og:title":"Nadal vs Ferrer en el partido inaugural de la \u2018Rafa Nadal Academy Kuwait\u2019 | Cand\u00e1s 365","og:description":"(Europa Press) - Los tenistas espa\u00f1oles Rafa Nadal y David Ferrer se medir\u00e1n en el partido inaugural de la nueva academia del mallorqu\u00edn, la 'Rafa Nadal Academy Kuwait', que abrir\u00e1 sus puertas el pr\u00f3ximo 5 de febrero con este duelo de exhibici\u00f3n. El duelo entre estos dos jugadores, que han compartido muchos momentos en el circuito","og:url":"https:\/\/candas365.es\/noticias\/nadal-vs-ferrer-en-el-partido-inaugural-de-la-rafa-nadal-academy-kuwait\/","og:image":"https:\/\/candas365.es\/noticias\/wp-content\/uploads\/2018\/04\/tennis-923659_960_720-1.jpg","og:image:secure_url":"https:\/\/candas365.es\/noticias\/wp-content\/uploads\/2018\/04\/tennis-923659_960_720-1.jpg","og:image:width":960,"og:image:height":720,"article:published_time":"2020-01-17T21:00:37+00:00","article:modified_time":"2020-01-17T21:00:37+00:00","article:publisher":"https:\/\/www.facebook.com\/Nachofdezber","article:author":"https:\/\/www.facebook.com\/carrenoactualidad","twitter:card":"summary_large_image","twitter:site":"@NabercoDigital","twitter:title":"Nadal vs Ferrer en el partido inaugural de la \u2018Rafa Nadal Academy Kuwait\u2019 | Cand\u00e1s 365","twitter:description":"(Europa Press) - Los tenistas espa\u00f1oles Rafa Nadal y David Ferrer se medir\u00e1n en el partido inaugural de la nueva academia del mallorqu\u00edn, la 'Rafa Nadal Academy Kuwait', que abrir\u00e1 sus puertas el pr\u00f3ximo 5 de febrero con este duelo de exhibici\u00f3n. El duelo entre estos dos jugadores, que han compartido muchos momentos en el circuito","twitter:creator":"@nbasturias","twitter:image":"https:\/\/candas365.es\/noticias\/wp-content\/uploads\/2018\/04\/tennis-923659_960_720-1.jpg","twitter:label1":"Escrito por","twitter:data1":"Cand\u00e1s 365","twitter:label2":"Tiempo de lectura estimado","twitter:data2":"2 minutos"},"aioseo_meta_data":{"post_id":"136611","title":null,"description":null,"keywords":null,"keyphrases":null,"primary_term":null,"canonical_url":null,"og_title":null,"og_description":null,"og_object_type":"default","og_image_type":"default","og_image_url":null,"og_image_width":null,"og_image_height":null,"og_image_custom_url":null,"og_image_custom_fields":null,"og_video":null,"og_custom_url":null,"og_article_section":null,"og_article_tags":null,"twitter_use_og":false,"twitter_card":"default","twitter_image_type":"default","twitter_image_url":null,"twitter_image_custom_url":null,"twitter_image_custom_fields":null,"twitter_title":null,"twitter_description":null,"schema":{"blockGraphs":[],"customGraphs":[],"default":{"data":{"Article":[],"Course":[],"Dataset":[],"FAQPage":[],"Movie":[],"Person":[],"Product":[],"ProductReview":[],"Car":[],"Recipe":[],"Service":[],"SoftwareApplication":[],"WebPage":[]},"graphName":"","isEnabled":true},"graphs":[],"defaultGraph":"","defaultPostTypeGraph":""},"schema_type":null,"schema_type_options":null,"pillar_content":false,"robots_default":true,"robots_noindex":false,"robots_noarchive":false,"robots_nosnippet":false,"robots_nofollow":false,"robots_noimageindex":false,"robots_noodp":false,"robots_notranslate":false,"robots_max_snippet":null,"robots_max_videopreview":null,"robots_max_imagepreview":"large","priority":null,"frequency":null,"location":null,"local_seo":null,"seo_analyzer_scan_date":"2025-08-30 21:52:09","breadcrumb_settings":null,"limit_modified_date":false,"reviewed_by":null,"open_ai":null,"ai":null,"created":"2020-12-21 10:47:53","updated":"2025-08-30 21:52:09"},"aioseo_breadcrumb":"<div class=\"aioseo-breadcrumbs\"><span class=\"aioseo-breadcrumb\">\n\t<a href=\"https:\/\/candas365.es\/noticias\" title=\"Home\">Home<\/a>\n<\/span><span class=\"aioseo-breadcrumb-separator\">&ndash;<\/span><span class=\"aioseo-breadcrumb\">\n\t<a href=\"https:\/\/candas365.es\/noticias\/category\/deporte\/\" title=\"Deporte\">Deporte<\/a>\n<\/span><span class=\"aioseo-breadcrumb-separator\">&ndash;<\/span><span class=\"aioseo-breadcrumb\">\n\tNadal vs Ferrer en el partido inaugural de la \u2018Rafa Nadal Academy Kuwait\u2019\n<\/span><\/div>","aioseo_breadcrumb_json":[{"label":"Home","link":"https:\/\/candas365.es\/noticias"},{"label":"Deporte","link":"https:\/\/candas365.es\/noticias\/category\/deporte\/"},{"label":"Nadal vs Ferrer en el partido inaugural de la &#8216;Rafa Nadal Academy Kuwait&#8217;","link":"https:\/\/candas365.es\/noticias\/nadal-vs-ferrer-en-el-partido-inaugural-de-la-rafa-nadal-academy-kuwait\/"}],"_links":{"self":[{"href":"https:\/\/candas365.es\/noticias\/wp-json\/wp\/v2\/posts\/136611","targetHints":{"allow":["GET"]}}],"collection":[{"href":"https:\/\/candas365.es\/noticias\/wp-json\/wp\/v2\/posts"}],"about":[{"href":"https:\/\/candas365.es\/noticias\/wp-json\/wp\/v2\/types\/post"}],"author":[{"embeddable":true,"href":"https:\/\/candas365.es\/noticias\/wp-json\/wp\/v2\/users\/1"}],"replies":[{"embeddable":true,"href":"https:\/\/candas365.es\/noticias\/wp-json\/wp\/v2\/comments?post=136611"}],"version-history":[{"count":0,"href":"https:\/\/candas365.es\/noticias\/wp-json\/wp\/v2\/posts\/136611\/revisions"}],"wp:featuredmedia":[{"embeddable":true,"href":"https:\/\/candas365.es\/noticias\/wp-json\/wp\/v2\/media\/94989"}],"wp:attachment":[{"href":"https:\/\/candas365.es\/noticias\/wp-json\/wp\/v2\/media?parent=136611"}],"wp:term":[{"taxonomy":"category","embeddable":true,"href":"https:\/\/candas365.es\/noticias\/wp-json\/wp\/v2\/categories?post=136611"},{"taxonomy":"post_tag","embeddable":true,"href":"https:\/\/candas365.es\/noticias\/wp-json\/wp\/v2\/tags?post=136611"}],"curies":[{"name":"wp","href":"https:\/\/api.w.org\/{rel}","templated":true}]}}