{"id":136553,"date":"2020-01-17T12:31:40","date_gmt":"2020-01-17T12:31:40","guid":{"rendered":"http:\/\/candas365.es\/noticias\/?p=136553"},"modified":"2020-01-17T12:31:40","modified_gmt":"2020-01-17T12:31:40","slug":"fin-de-semana-de-tonada-y-teatro-en-tamon","status":"publish","type":"post","link":"https:\/\/candas365.es\/noticias\/fin-de-semana-de-tonada-y-teatro-en-tamon\/","title":{"rendered":"Fin de semana de tonada y teatro en Tam\u00f3n"},"content":{"rendered":"<p><img fetchpriority=\"high\" decoding=\"async\" class=\"alignleft size-medium wp-image-270\" src=\"https:\/\/candas365.es\/noticias\/wp-content\/uploads\/2014\/09\/agenda-360x238.jpg\" alt=\"\" width=\"360\" height=\"238\" srcset=\"https:\/\/candas365.es\/noticias\/wp-content\/uploads\/2014\/09\/agenda-360x238.jpg 360w, https:\/\/candas365.es\/noticias\/wp-content\/uploads\/2014\/09\/agenda-150x99.jpg 150w, https:\/\/candas365.es\/noticias\/wp-content\/uploads\/2014\/09\/agenda-450x298.jpg 450w, https:\/\/candas365.es\/noticias\/wp-content\/uploads\/2014\/09\/agenda-84x55.jpg 84w, https:\/\/candas365.es\/noticias\/wp-content\/uploads\/2014\/09\/agenda.jpg 500w\" sizes=\"(max-width: 360px) 100vw, 360px\" \/>La parroquia de Tam\u00f3n es el escenario elegido para que este fin de semana \u201cPachu y Marcelino \u00a1Vaya par de divinos!\u201d hagan pasar al vecindario un tarde cargada de l\u00e1grimas de risa y carcajadas en la segunda funci\u00f3n de la \u201cXV edici\u00f3n de la Ronda de Teatro por Carre\u00f1o\u201d.<\/p>\n<p>\u201cUn programa cultural organizado y financiado por la Concejal\u00eda de Cultura del Ayuntamiento de Carre\u00f1o cuyo objetivo fue y sigue siendo desde su primera edici\u00f3n llevar arte y cultura a la zona rural. Creando nuevos espacios de ocio y entretenimiento, culturales, a la vez que espacios en los que la ciudadan\u00eda interact\u00fae entre ella. Una l\u00ednea de trabajo, una forma de entender la sociedad en la que uno\/a no tiene por qu\u00e9 desplazarse de su entorno para asistir a una funci\u00f3n teatral, sino que es la actividad la que se desplaza a su entorno, hasta los Centros de Iniciativa Rural \u201drelat\u00f3 Juanjo Fern\u00e1ndez-Concejal de Cultura.<\/p>\n<p>\u201cCharlas, conciertos, cursos, exposiciones,\u2026 son algunas de las acciones que en ese af\u00e1n por acerca la cultura a todos los rincones del Concejo venimos desarrollando conjuntamente con el vecindario. Una confluencia de sinergias, positivas, entre la ciudadan\u00eda y los Grupos de Teatro, en este caso, en el que se pone de relieve la importancia y el valor de estos encuentros culturales como una forma de dinamizaci\u00f3n de la parroquia, en los que no s\u00f3lo est\u00e1 implicado la administraci\u00f3n local, sino las diferentes asociaciones vecinales del Concejo\u201dprosigui\u00f3 el Edil.<\/p>\n<p>El p\u00fablico asistente podr\u00e1 disfrutar de dos actuaciones bien distintas, por un lado bajo la direcci\u00f3n de Rosa Ana Mu\u00f1oz el Grupo de Teatro \u201cXana\u201d de Perlora representar\u00e1 la obra \u201cPachu y Marcelino \u00a1Vaya par de divinos!\u201d con autor\u00eda de la propia directora. Una obra c\u00f3mica, surrealista y pol\u00edticamente incorrecta. Nuestros protagonistas, Pachu y Marcelino, viven en la ciudad, dedic\u00e1ndose a defender sus derechos y los de los dem\u00e1s. Un buen d\u00eda, su hijo regresa al hogar para comunicarles que se quiere casar con una chica de una familia tradicional, trastocando, sin duda, la vida de su familia.<\/p>\n<p>El GT \u201cXana\u201d es uno de los grupos de teatro con m\u00e1s solera de Asturias y por supuesto el m\u00e1s antiguo del concejo. Nace en torno a 1980. Siendo la primera compa\u00f1\u00eda, junto con el GT H\u00f3rreo de Barcia, la Compa\u00f1\u00eda Asturiana de Comedias y GT de Tapia de Casariego que participan en el I Sal\u00f3n de Teatro Costumbrista Asturiano de Cand\u00e1s en el mes de abril de 1991.<\/p>\n<p>Han sido premiados en numerosos lugares de Espa\u00f1a, actuando no s\u00f3lo en territorio nacional, si no tambi\u00e9n lejos de nuestras fronteras, como por ejemplo Ginebra, Berna, Basilea. En el a\u00f1o 2000 reciben el urogallo de bronce, galard\u00f3n que otorga el Centro Asturiano de Madrid. Mientras que en el 2001 VIII Premio Distinci\u00f3n. As\u00ed mismo han sido ganadores de varios premios auroras, los \u00faltimos muy recientes, en la edici\u00f3n de 2017, mejor direcci\u00f3n de la mano de Rosana mu\u00f1oz y mejor maquillaje y vestuario. O en a\u00f1os anteriores el de mejor actriz por parte de Covadonga Bra\u00f1a o el de mejor iluminaci\u00f3n y decorado.<\/p>\n<p>Pero primero ser\u00e1 el turno de la prodigiosa voz de AlbaBravo Fern\u00e1ndez, acompa\u00f1ada a la gaita por Antonio Medina \u201cTo\u00f1o\u201d.<\/p>\n<p>Alba es una adolescente del concejo de Goz\u00f3n, una promesa de la Canci\u00f3n Asturiana, perteneciente a la Asociaci\u00f3n Cultural de la Canci\u00f3n Asturiana Narcea, que bajo la mano de Jos\u00e9 Antonio Gonz\u00e1lez \u201cCantu la Vara\u201d ensaya todas las semanas en el Colegio Poeta Ant\u00f3n de Marirreguera. Ha participado en los cert\u00e1menes y festivales que se celebran por toda Asturias en la categor\u00eda de tonada juvenil, voz femenina. Cosechando grandes ovaciones y aplausos. Siendo finalista de la \u00faltima edici\u00f3n, la XXVII, del Concurso y Muestra de Folclore \u201cCiudad de Oviedo\u201d, en su modalidad.<\/p>\n<p>La funci\u00f3n de esta \u201cXV Ronda de Teatro por Carre\u00f1o\u201dtendr\u00e1 lugar este s\u00e1bado 19 de enero a las 19:00 horas de en las instalaciones de la \u201cCantina\u201d de la Casa de Acogida de la Familia Ferroviaria de Tam\u00f3n. La entrada ser\u00e1 libre y gratuita, hasta completar aforo disponible.<\/p>\n<p>Mientras que la siguiente tarde de teatro tendr\u00e1 lugar en la parroquia de Pieloro el s\u00e1bado 1 de febrero en el C.I.R. a las 19:00 horas con la actuaci\u00f3n del Grupo de Teatro \u201cCarbay\u00edn\u201d con la representaci\u00f3n de \u201cCipriano, Cura de pueblu\u201d y los mon\u00f3logos del Grupo de Teatro Local \u201cLes Ayalgues\u201d de Carre\u00f1o.<\/p>\n<p>&nbsp;<\/p>\n","protected":false},"excerpt":{"rendered":"<p>La parroquia de Tam\u00f3n es el escenario elegido para que este fin de semana \u201cPachu y Marcelino \u00a1Vaya par de divinos!\u201d hagan pasar al vecindario un tarde cargada de l\u00e1grimas de risa y carcajadas en la segunda funci\u00f3n de la \u201cXV edici\u00f3n de la Ronda de Teatro por Carre\u00f1o\u201d. \u201cUn programa cultural organizado y financiado<\/p>\n","protected":false},"author":1,"featured_media":270,"comment_status":"closed","ping_status":"closed","sticky":false,"template":"","format":"standard","meta":{"footnotes":""},"categories":[2],"tags":[],"class_list":{"0":"post-136553","1":"post","2":"type-post","3":"status-publish","4":"format-standard","5":"has-post-thumbnail","7":"category-noticias-carreno"},"aioseo_notices":[],"aioseo_head":"\n\t\t<!-- All in One SEO Pro 4.9.6.2 - aioseo.com -->\n\t<meta name=\"description\" content=\"La parroquia de Tam\u00f3n es el escenario elegido para que este fin de semana \u201cPachu y Marcelino \u00a1Vaya par de divinos!\u201d hagan pasar al vecindario un tarde cargada de l\u00e1grimas de risa y carcajadas en la segunda funci\u00f3n de la \u201cXV edici\u00f3n de la Ronda de Teatro por Carre\u00f1o\u201d. \u201cUn programa cultural organizado y financiado\" \/>\n\t<meta name=\"robots\" content=\"max-image-preview:large\" \/>\n\t<meta name=\"author\" content=\"Cand\u00e1s 365\"\/>\n\t<meta name=\"google-site-verification\" content=\"UA-32230408-1\" \/>\n\t<meta name=\"msvalidate.01\" content=\"354F3CDFB2DA171B47FBE9ABF1F88D5\" \/>\n\t<meta name=\"keywords\" content=\"noticias carre\u00f1o\" \/>\n\t<link rel=\"canonical\" href=\"https:\/\/candas365.es\/noticias\/fin-de-semana-de-tonada-y-teatro-en-tamon\/\" \/>\n\t<meta name=\"generator\" content=\"All in One SEO Pro (AIOSEO) 4.9.6.2\" \/>\n\t\t<meta property=\"og:locale\" content=\"es_ES\" \/>\n\t\t<meta property=\"og:site_name\" content=\"Cand\u00e1s 365\" \/>\n\t\t<meta property=\"og:type\" content=\"article\" \/>\n\t\t<meta property=\"og:title\" content=\"Fin de semana de tonada y teatro en Tam\u00f3n | Cand\u00e1s 365\" \/>\n\t\t<meta property=\"og:description\" content=\"La parroquia de Tam\u00f3n es el escenario elegido para que este fin de semana \u201cPachu y Marcelino \u00a1Vaya par de divinos!\u201d hagan pasar al vecindario un tarde cargada de l\u00e1grimas de risa y carcajadas en la segunda funci\u00f3n de la \u201cXV edici\u00f3n de la Ronda de Teatro por Carre\u00f1o\u201d. \u201cUn programa cultural organizado y financiado\" \/>\n\t\t<meta property=\"og:url\" content=\"https:\/\/candas365.es\/noticias\/fin-de-semana-de-tonada-y-teatro-en-tamon\/\" \/>\n\t\t<meta property=\"og:image\" content=\"https:\/\/candas365.es\/noticias\/wp-content\/uploads\/2014\/09\/agenda.jpg\" \/>\n\t\t<meta property=\"og:image:secure_url\" content=\"https:\/\/candas365.es\/noticias\/wp-content\/uploads\/2014\/09\/agenda.jpg\" \/>\n\t\t<meta property=\"og:image:width\" content=\"500\" \/>\n\t\t<meta property=\"og:image:height\" content=\"331\" \/>\n\t\t<meta property=\"article:published_time\" content=\"2020-01-17T12:31:40+00:00\" \/>\n\t\t<meta property=\"article:modified_time\" content=\"2020-01-17T12:31:40+00:00\" \/>\n\t\t<meta property=\"article:publisher\" content=\"https:\/\/www.facebook.com\/Nachofdezber\" \/>\n\t\t<meta property=\"article:author\" content=\"https:\/\/www.facebook.com\/carrenoactualidad\" \/>\n\t\t<meta name=\"twitter:card\" content=\"summary_large_image\" \/>\n\t\t<meta name=\"twitter:site\" content=\"@NabercoDigital\" \/>\n\t\t<meta name=\"twitter:title\" content=\"Fin de semana de tonada y teatro en Tam\u00f3n | Cand\u00e1s 365\" \/>\n\t\t<meta name=\"twitter:description\" content=\"La parroquia de Tam\u00f3n es el escenario elegido para que este fin de semana \u201cPachu y Marcelino \u00a1Vaya par de divinos!\u201d hagan pasar al vecindario un tarde cargada de l\u00e1grimas de risa y carcajadas en la segunda funci\u00f3n de la \u201cXV edici\u00f3n de la Ronda de Teatro por Carre\u00f1o\u201d. \u201cUn programa cultural organizado y financiado\" \/>\n\t\t<meta name=\"twitter:creator\" content=\"@nbasturias\" \/>\n\t\t<meta name=\"twitter:image\" content=\"https:\/\/candas365.es\/noticias\/wp-content\/uploads\/2014\/09\/agenda.jpg\" \/>\n\t\t<meta name=\"twitter:label1\" content=\"Escrito por\" \/>\n\t\t<meta name=\"twitter:data1\" content=\"Cand\u00e1s 365\" \/>\n\t\t<meta name=\"twitter:label2\" content=\"Tiempo de lectura estimado\" \/>\n\t\t<meta name=\"twitter:data2\" content=\"4 minutos\" \/>\n\t\t<script type=\"application\/ld+json\" class=\"aioseo-schema\">\n\t\t\t{\"@context\":\"https:\\\/\\\/schema.org\",\"@graph\":[{\"@type\":\"BreadcrumbList\",\"@id\":\"https:\\\/\\\/candas365.es\\\/noticias\\\/fin-de-semana-de-tonada-y-teatro-en-tamon\\\/#breadcrumblist\",\"itemListElement\":[{\"@type\":\"ListItem\",\"@id\":\"https:\\\/\\\/candas365.es\\\/noticias#listItem\",\"position\":1,\"name\":\"Home\",\"item\":\"https:\\\/\\\/candas365.es\\\/noticias\",\"nextItem\":{\"@type\":\"ListItem\",\"@id\":\"https:\\\/\\\/candas365.es\\\/noticias\\\/category\\\/noticias-carreno\\\/#listItem\",\"name\":\"Noticias Carre\\u00f1o\"}},{\"@type\":\"ListItem\",\"@id\":\"https:\\\/\\\/candas365.es\\\/noticias\\\/category\\\/noticias-carreno\\\/#listItem\",\"position\":2,\"name\":\"Noticias Carre\\u00f1o\",\"item\":\"https:\\\/\\\/candas365.es\\\/noticias\\\/category\\\/noticias-carreno\\\/\",\"nextItem\":{\"@type\":\"ListItem\",\"@id\":\"https:\\\/\\\/candas365.es\\\/noticias\\\/fin-de-semana-de-tonada-y-teatro-en-tamon\\\/#listItem\",\"name\":\"Fin de semana de tonada y teatro en Tam\\u00f3n\"},\"previousItem\":{\"@type\":\"ListItem\",\"@id\":\"https:\\\/\\\/candas365.es\\\/noticias#listItem\",\"name\":\"Home\"}},{\"@type\":\"ListItem\",\"@id\":\"https:\\\/\\\/candas365.es\\\/noticias\\\/fin-de-semana-de-tonada-y-teatro-en-tamon\\\/#listItem\",\"position\":3,\"name\":\"Fin de semana de tonada y teatro en Tam\\u00f3n\",\"previousItem\":{\"@type\":\"ListItem\",\"@id\":\"https:\\\/\\\/candas365.es\\\/noticias\\\/category\\\/noticias-carreno\\\/#listItem\",\"name\":\"Noticias Carre\\u00f1o\"}}]},{\"@type\":\"NewsArticle\",\"@id\":\"https:\\\/\\\/candas365.es\\\/noticias\\\/fin-de-semana-de-tonada-y-teatro-en-tamon\\\/#newsarticle\",\"name\":\"Fin de semana de tonada y teatro en Tam\\u00f3n | Cand\\u00e1s 365\",\"headline\":\"Fin de semana de tonada y teatro en Tam\\u00f3n\",\"author\":{\"@id\":\"https:\\\/\\\/candas365.es\\\/noticias\\\/author\\\/admin\\\/#author\"},\"publisher\":{\"@id\":\"https:\\\/\\\/candas365.es\\\/noticias\\\/#organization\"},\"image\":{\"@type\":\"ImageObject\",\"url\":\"https:\\\/\\\/candas365.es\\\/noticias\\\/wp-content\\\/uploads\\\/2014\\\/09\\\/agenda.jpg\",\"width\":500,\"height\":331},\"datePublished\":\"2020-01-17T12:31:40+01:00\",\"dateModified\":\"2020-01-17T12:31:40+01:00\",\"inLanguage\":\"es-ES\",\"mainEntityOfPage\":{\"@id\":\"https:\\\/\\\/candas365.es\\\/noticias\\\/fin-de-semana-de-tonada-y-teatro-en-tamon\\\/#webpage\"},\"isPartOf\":{\"@id\":\"https:\\\/\\\/candas365.es\\\/noticias\\\/fin-de-semana-de-tonada-y-teatro-en-tamon\\\/#webpage\"},\"articleSection\":\"Noticias Carre\\u00f1o\",\"dateline\":\"Publicado el enero 17, 2020.\"},{\"@type\":\"Organization\",\"@id\":\"https:\\\/\\\/candas365.es\\\/noticias\\\/#organization\",\"name\":\"Cand\\u00e1s 365\",\"description\":\"Cand\\u00e1s 365 es un diario digital independiente, fundado en 2012, con base en Asturias. Informamos con rigor sobre actualidad, sociedad, cultura y ocio, con una mirada local y global.\",\"url\":\"https:\\\/\\\/candas365.es\\\/noticias\\\/\",\"email\":\"info@candas365.es\",\"telephone\":\"+34652131393\",\"foundingDate\":\"2012-06-10\",\"logo\":{\"@type\":\"ImageObject\",\"url\":\"https:\\\/\\\/candas365.es\\\/noticias\\\/wp-content\\\/uploads\\\/2024\\\/09\\\/Candas-365-Redes.jpg\",\"@id\":\"https:\\\/\\\/candas365.es\\\/noticias\\\/fin-de-semana-de-tonada-y-teatro-en-tamon\\\/#organizationLogo\",\"width\":1152,\"height\":864,\"caption\":\"Cand\\u00e1s 365 Redes\"},\"image\":{\"@id\":\"https:\\\/\\\/candas365.es\\\/noticias\\\/fin-de-semana-de-tonada-y-teatro-en-tamon\\\/#organizationLogo\"},\"sameAs\":[\"https:\\\/\\\/www.facebook.com\\\/Nachofdezber\",\"https:\\\/\\\/x.com\\\/NabercoDigital\",\"https:\\\/\\\/www.instagram.com\\\/nachofdezber\\\/\",\"https:\\\/\\\/www.youtube.com\\\/channel\\\/UCZP-2wLEB9Rv6erhFmqVnvg\"],\"address\":{\"@id\":\"https:\\\/\\\/candas365.es\\\/noticias\\\/#postaladdress\",\"@type\":\"PostalAddress\",\"streetAddress\":\"san antonio 4, san antonio 4\",\"postalCode\":\"33430\",\"addressLocality\":\"Cand\\u00e1s\",\"addressRegion\":\"Asturias\",\"addressCountry\":\"ES\"}},{\"@type\":\"Person\",\"@id\":\"https:\\\/\\\/candas365.es\\\/noticias\\\/author\\\/admin\\\/#author\",\"url\":\"https:\\\/\\\/candas365.es\\\/noticias\\\/author\\\/admin\\\/\",\"name\":\"Cand\\u00e1s 365\",\"image\":{\"@type\":\"ImageObject\",\"@id\":\"https:\\\/\\\/candas365.es\\\/noticias\\\/fin-de-semana-de-tonada-y-teatro-en-tamon\\\/#authorImage\",\"url\":\"https:\\\/\\\/secure.gravatar.com\\\/avatar\\\/496a8e03d0c493ede1718b7934145dbdf8d89be1036b0eec9544e1094c9de390?s=96&d=mm&r=g\",\"width\":96,\"height\":96,\"caption\":\"Cand\\u00e1s 365\"},\"sameAs\":[\"https:\\\/\\\/www.facebook.com\\\/carrenoactualidad\",\"https:\\\/\\\/twitter.com\\\/nbasturias\",\"https:\\\/\\\/www.instagram.com\\\/nachofdezber\\\/\",\"https:\\\/\\\/www.youtube.com\\\/channel\\\/UCZP-2wLEB9Rv6erhFmqVnvg\"]},{\"@type\":\"WebPage\",\"@id\":\"https:\\\/\\\/candas365.es\\\/noticias\\\/fin-de-semana-de-tonada-y-teatro-en-tamon\\\/#webpage\",\"url\":\"https:\\\/\\\/candas365.es\\\/noticias\\\/fin-de-semana-de-tonada-y-teatro-en-tamon\\\/\",\"name\":\"Fin de semana de tonada y teatro en Tam\\u00f3n | Cand\\u00e1s 365\",\"description\":\"La parroquia de Tam\\u00f3n es el escenario elegido para que este fin de semana \\u201cPachu y Marcelino \\u00a1Vaya par de divinos!\\u201d hagan pasar al vecindario un tarde cargada de l\\u00e1grimas de risa y carcajadas en la segunda funci\\u00f3n de la \\u201cXV edici\\u00f3n de la Ronda de Teatro por Carre\\u00f1o\\u201d. \\u201cUn programa cultural organizado y financiado\",\"inLanguage\":\"es-ES\",\"isPartOf\":{\"@id\":\"https:\\\/\\\/candas365.es\\\/noticias\\\/#website\"},\"breadcrumb\":{\"@id\":\"https:\\\/\\\/candas365.es\\\/noticias\\\/fin-de-semana-de-tonada-y-teatro-en-tamon\\\/#breadcrumblist\"},\"author\":{\"@id\":\"https:\\\/\\\/candas365.es\\\/noticias\\\/author\\\/admin\\\/#author\"},\"creator\":{\"@id\":\"https:\\\/\\\/candas365.es\\\/noticias\\\/author\\\/admin\\\/#author\"},\"image\":{\"@type\":\"ImageObject\",\"url\":\"https:\\\/\\\/candas365.es\\\/noticias\\\/wp-content\\\/uploads\\\/2014\\\/09\\\/agenda.jpg\",\"@id\":\"https:\\\/\\\/candas365.es\\\/noticias\\\/fin-de-semana-de-tonada-y-teatro-en-tamon\\\/#mainImage\",\"width\":500,\"height\":331},\"primaryImageOfPage\":{\"@id\":\"https:\\\/\\\/candas365.es\\\/noticias\\\/fin-de-semana-de-tonada-y-teatro-en-tamon\\\/#mainImage\"},\"datePublished\":\"2020-01-17T12:31:40+01:00\",\"dateModified\":\"2020-01-17T12:31:40+01:00\"},{\"@type\":\"WebSite\",\"@id\":\"https:\\\/\\\/candas365.es\\\/noticias\\\/#website\",\"url\":\"https:\\\/\\\/candas365.es\\\/noticias\\\/\",\"name\":\"Cand\\u00e1s 365\",\"alternateName\":\"Cand\\u00e1s 365 Noticias\",\"description\":\"Actualidad desde Carre\\u00f1o para el mundo\",\"inLanguage\":\"es-ES\",\"publisher\":{\"@id\":\"https:\\\/\\\/candas365.es\\\/noticias\\\/#organization\"}}]}\n\t\t<\/script>\n\t\t<!-- All in One SEO Pro -->\r\n\t\t<title>Fin de semana de tonada y teatro en Tam\u00f3n | Cand\u00e1s 365<\/title>\n\n","aioseo_head_json":{"title":"Fin de semana de tonada y teatro en Tam\u00f3n | Cand\u00e1s 365","description":"La parroquia de Tam\u00f3n es el escenario elegido para que este fin de semana \u201cPachu y Marcelino \u00a1Vaya par de divinos!\u201d hagan pasar al vecindario un tarde cargada de l\u00e1grimas de risa y carcajadas en la segunda funci\u00f3n de la \u201cXV edici\u00f3n de la Ronda de Teatro por Carre\u00f1o\u201d. \u201cUn programa cultural organizado y financiado","canonical_url":"https:\/\/candas365.es\/noticias\/fin-de-semana-de-tonada-y-teatro-en-tamon\/","robots":"max-image-preview:large","keywords":"noticias carre\u00f1o","webmasterTools":{"google-site-verification":"UA-32230408-1","msvalidate.01":"354F3CDFB2DA171B47FBE9ABF1F88D5","miscellaneous":""},"schema":{"@context":"https:\/\/schema.org","@graph":[{"@type":"BreadcrumbList","@id":"https:\/\/candas365.es\/noticias\/fin-de-semana-de-tonada-y-teatro-en-tamon\/#breadcrumblist","itemListElement":[{"@type":"ListItem","@id":"https:\/\/candas365.es\/noticias#listItem","position":1,"name":"Home","item":"https:\/\/candas365.es\/noticias","nextItem":{"@type":"ListItem","@id":"https:\/\/candas365.es\/noticias\/category\/noticias-carreno\/#listItem","name":"Noticias Carre\u00f1o"}},{"@type":"ListItem","@id":"https:\/\/candas365.es\/noticias\/category\/noticias-carreno\/#listItem","position":2,"name":"Noticias Carre\u00f1o","item":"https:\/\/candas365.es\/noticias\/category\/noticias-carreno\/","nextItem":{"@type":"ListItem","@id":"https:\/\/candas365.es\/noticias\/fin-de-semana-de-tonada-y-teatro-en-tamon\/#listItem","name":"Fin de semana de tonada y teatro en Tam\u00f3n"},"previousItem":{"@type":"ListItem","@id":"https:\/\/candas365.es\/noticias#listItem","name":"Home"}},{"@type":"ListItem","@id":"https:\/\/candas365.es\/noticias\/fin-de-semana-de-tonada-y-teatro-en-tamon\/#listItem","position":3,"name":"Fin de semana de tonada y teatro en Tam\u00f3n","previousItem":{"@type":"ListItem","@id":"https:\/\/candas365.es\/noticias\/category\/noticias-carreno\/#listItem","name":"Noticias Carre\u00f1o"}}]},{"@type":"NewsArticle","@id":"https:\/\/candas365.es\/noticias\/fin-de-semana-de-tonada-y-teatro-en-tamon\/#newsarticle","name":"Fin de semana de tonada y teatro en Tam\u00f3n | Cand\u00e1s 365","headline":"Fin de semana de tonada y teatro en Tam\u00f3n","author":{"@id":"https:\/\/candas365.es\/noticias\/author\/admin\/#author"},"publisher":{"@id":"https:\/\/candas365.es\/noticias\/#organization"},"image":{"@type":"ImageObject","url":"https:\/\/candas365.es\/noticias\/wp-content\/uploads\/2014\/09\/agenda.jpg","width":500,"height":331},"datePublished":"2020-01-17T12:31:40+01:00","dateModified":"2020-01-17T12:31:40+01:00","inLanguage":"es-ES","mainEntityOfPage":{"@id":"https:\/\/candas365.es\/noticias\/fin-de-semana-de-tonada-y-teatro-en-tamon\/#webpage"},"isPartOf":{"@id":"https:\/\/candas365.es\/noticias\/fin-de-semana-de-tonada-y-teatro-en-tamon\/#webpage"},"articleSection":"Noticias Carre\u00f1o","dateline":"Publicado el enero 17, 2020."},{"@type":"Organization","@id":"https:\/\/candas365.es\/noticias\/#organization","name":"Cand\u00e1s 365","description":"Cand\u00e1s 365 es un diario digital independiente, fundado en 2012, con base en Asturias. Informamos con rigor sobre actualidad, sociedad, cultura y ocio, con una mirada local y global.","url":"https:\/\/candas365.es\/noticias\/","email":"info@candas365.es","telephone":"+34652131393","foundingDate":"2012-06-10","logo":{"@type":"ImageObject","url":"https:\/\/candas365.es\/noticias\/wp-content\/uploads\/2024\/09\/Candas-365-Redes.jpg","@id":"https:\/\/candas365.es\/noticias\/fin-de-semana-de-tonada-y-teatro-en-tamon\/#organizationLogo","width":1152,"height":864,"caption":"Cand\u00e1s 365 Redes"},"image":{"@id":"https:\/\/candas365.es\/noticias\/fin-de-semana-de-tonada-y-teatro-en-tamon\/#organizationLogo"},"sameAs":["https:\/\/www.facebook.com\/Nachofdezber","https:\/\/x.com\/NabercoDigital","https:\/\/www.instagram.com\/nachofdezber\/","https:\/\/www.youtube.com\/channel\/UCZP-2wLEB9Rv6erhFmqVnvg"],"address":{"@id":"https:\/\/candas365.es\/noticias\/#postaladdress","@type":"PostalAddress","streetAddress":"san antonio 4, san antonio 4","postalCode":"33430","addressLocality":"Cand\u00e1s","addressRegion":"Asturias","addressCountry":"ES"}},{"@type":"Person","@id":"https:\/\/candas365.es\/noticias\/author\/admin\/#author","url":"https:\/\/candas365.es\/noticias\/author\/admin\/","name":"Cand\u00e1s 365","image":{"@type":"ImageObject","@id":"https:\/\/candas365.es\/noticias\/fin-de-semana-de-tonada-y-teatro-en-tamon\/#authorImage","url":"https:\/\/secure.gravatar.com\/avatar\/496a8e03d0c493ede1718b7934145dbdf8d89be1036b0eec9544e1094c9de390?s=96&d=mm&r=g","width":96,"height":96,"caption":"Cand\u00e1s 365"},"sameAs":["https:\/\/www.facebook.com\/carrenoactualidad","https:\/\/twitter.com\/nbasturias","https:\/\/www.instagram.com\/nachofdezber\/","https:\/\/www.youtube.com\/channel\/UCZP-2wLEB9Rv6erhFmqVnvg"]},{"@type":"WebPage","@id":"https:\/\/candas365.es\/noticias\/fin-de-semana-de-tonada-y-teatro-en-tamon\/#webpage","url":"https:\/\/candas365.es\/noticias\/fin-de-semana-de-tonada-y-teatro-en-tamon\/","name":"Fin de semana de tonada y teatro en Tam\u00f3n | Cand\u00e1s 365","description":"La parroquia de Tam\u00f3n es el escenario elegido para que este fin de semana \u201cPachu y Marcelino \u00a1Vaya par de divinos!\u201d hagan pasar al vecindario un tarde cargada de l\u00e1grimas de risa y carcajadas en la segunda funci\u00f3n de la \u201cXV edici\u00f3n de la Ronda de Teatro por Carre\u00f1o\u201d. \u201cUn programa cultural organizado y financiado","inLanguage":"es-ES","isPartOf":{"@id":"https:\/\/candas365.es\/noticias\/#website"},"breadcrumb":{"@id":"https:\/\/candas365.es\/noticias\/fin-de-semana-de-tonada-y-teatro-en-tamon\/#breadcrumblist"},"author":{"@id":"https:\/\/candas365.es\/noticias\/author\/admin\/#author"},"creator":{"@id":"https:\/\/candas365.es\/noticias\/author\/admin\/#author"},"image":{"@type":"ImageObject","url":"https:\/\/candas365.es\/noticias\/wp-content\/uploads\/2014\/09\/agenda.jpg","@id":"https:\/\/candas365.es\/noticias\/fin-de-semana-de-tonada-y-teatro-en-tamon\/#mainImage","width":500,"height":331},"primaryImageOfPage":{"@id":"https:\/\/candas365.es\/noticias\/fin-de-semana-de-tonada-y-teatro-en-tamon\/#mainImage"},"datePublished":"2020-01-17T12:31:40+01:00","dateModified":"2020-01-17T12:31:40+01:00"},{"@type":"WebSite","@id":"https:\/\/candas365.es\/noticias\/#website","url":"https:\/\/candas365.es\/noticias\/","name":"Cand\u00e1s 365","alternateName":"Cand\u00e1s 365 Noticias","description":"Actualidad desde Carre\u00f1o para el mundo","inLanguage":"es-ES","publisher":{"@id":"https:\/\/candas365.es\/noticias\/#organization"}}]},"og:locale":"es_ES","og:site_name":"Cand\u00e1s 365","og:type":"article","og:title":"Fin de semana de tonada y teatro en Tam\u00f3n | Cand\u00e1s 365","og:description":"La parroquia de Tam\u00f3n es el escenario elegido para que este fin de semana \u201cPachu y Marcelino \u00a1Vaya par de divinos!\u201d hagan pasar al vecindario un tarde cargada de l\u00e1grimas de risa y carcajadas en la segunda funci\u00f3n de la \u201cXV edici\u00f3n de la Ronda de Teatro por Carre\u00f1o\u201d. \u201cUn programa cultural organizado y financiado","og:url":"https:\/\/candas365.es\/noticias\/fin-de-semana-de-tonada-y-teatro-en-tamon\/","og:image":"https:\/\/candas365.es\/noticias\/wp-content\/uploads\/2014\/09\/agenda.jpg","og:image:secure_url":"https:\/\/candas365.es\/noticias\/wp-content\/uploads\/2014\/09\/agenda.jpg","og:image:width":500,"og:image:height":331,"article:published_time":"2020-01-17T12:31:40+00:00","article:modified_time":"2020-01-17T12:31:40+00:00","article:publisher":"https:\/\/www.facebook.com\/Nachofdezber","article:author":"https:\/\/www.facebook.com\/carrenoactualidad","twitter:card":"summary_large_image","twitter:site":"@NabercoDigital","twitter:title":"Fin de semana de tonada y teatro en Tam\u00f3n | Cand\u00e1s 365","twitter:description":"La parroquia de Tam\u00f3n es el escenario elegido para que este fin de semana \u201cPachu y Marcelino \u00a1Vaya par de divinos!\u201d hagan pasar al vecindario un tarde cargada de l\u00e1grimas de risa y carcajadas en la segunda funci\u00f3n de la \u201cXV edici\u00f3n de la Ronda de Teatro por Carre\u00f1o\u201d. \u201cUn programa cultural organizado y financiado","twitter:creator":"@nbasturias","twitter:image":"https:\/\/candas365.es\/noticias\/wp-content\/uploads\/2014\/09\/agenda.jpg","twitter:label1":"Escrito por","twitter:data1":"Cand\u00e1s 365","twitter:label2":"Tiempo de lectura estimado","twitter:data2":"4 minutos"},"aioseo_meta_data":{"post_id":"136553","title":null,"description":null,"keywords":null,"keyphrases":null,"primary_term":null,"canonical_url":null,"og_title":null,"og_description":null,"og_object_type":"default","og_image_type":"default","og_image_url":null,"og_image_width":null,"og_image_height":null,"og_image_custom_url":null,"og_image_custom_fields":null,"og_video":null,"og_custom_url":null,"og_article_section":null,"og_article_tags":null,"twitter_use_og":false,"twitter_card":"default","twitter_image_type":"default","twitter_image_url":null,"twitter_image_custom_url":null,"twitter_image_custom_fields":null,"twitter_title":null,"twitter_description":null,"schema":{"blockGraphs":[],"customGraphs":[],"default":{"data":{"Article":[],"Course":[],"Dataset":[],"FAQPage":[],"Movie":[],"Person":[],"Product":[],"ProductReview":[],"Car":[],"Recipe":[],"Service":[],"SoftwareApplication":[],"WebPage":[]},"graphName":"","isEnabled":true},"graphs":[]},"schema_type":null,"schema_type_options":null,"pillar_content":false,"robots_default":true,"robots_noindex":false,"robots_noarchive":false,"robots_nosnippet":false,"robots_nofollow":false,"robots_noimageindex":false,"robots_noodp":false,"robots_notranslate":false,"robots_max_snippet":null,"robots_max_videopreview":null,"robots_max_imagepreview":"large","priority":null,"frequency":null,"location":null,"local_seo":null,"seo_analyzer_scan_date":"2025-08-30 21:46:16","breadcrumb_settings":null,"limit_modified_date":false,"reviewed_by":null,"open_ai":null,"ai":null,"created":"2020-12-21 10:47:59","updated":"2025-08-30 21:46:16"},"aioseo_breadcrumb":"<div class=\"aioseo-breadcrumbs\"><span class=\"aioseo-breadcrumb\">\n\t<a href=\"https:\/\/candas365.es\/noticias\" title=\"Home\">Home<\/a>\n<\/span><span class=\"aioseo-breadcrumb-separator\">&ndash;<\/span><span class=\"aioseo-breadcrumb\">\n\t<a href=\"https:\/\/candas365.es\/noticias\/category\/noticias-carreno\/\" title=\"Noticias Carre\u00f1o\">Noticias Carre\u00f1o<\/a>\n<\/span><span class=\"aioseo-breadcrumb-separator\">&ndash;<\/span><span class=\"aioseo-breadcrumb\">\n\tFin de semana de tonada y teatro en Tam\u00f3n\n<\/span><\/div>","aioseo_breadcrumb_json":[{"label":"Home","link":"https:\/\/candas365.es\/noticias"},{"label":"Noticias Carre\u00f1o","link":"https:\/\/candas365.es\/noticias\/category\/noticias-carreno\/"},{"label":"Fin de semana de tonada y teatro en Tam\u00f3n","link":"https:\/\/candas365.es\/noticias\/fin-de-semana-de-tonada-y-teatro-en-tamon\/"}],"_links":{"self":[{"href":"https:\/\/candas365.es\/noticias\/wp-json\/wp\/v2\/posts\/136553","targetHints":{"allow":["GET"]}}],"collection":[{"href":"https:\/\/candas365.es\/noticias\/wp-json\/wp\/v2\/posts"}],"about":[{"href":"https:\/\/candas365.es\/noticias\/wp-json\/wp\/v2\/types\/post"}],"author":[{"embeddable":true,"href":"https:\/\/candas365.es\/noticias\/wp-json\/wp\/v2\/users\/1"}],"replies":[{"embeddable":true,"href":"https:\/\/candas365.es\/noticias\/wp-json\/wp\/v2\/comments?post=136553"}],"version-history":[{"count":0,"href":"https:\/\/candas365.es\/noticias\/wp-json\/wp\/v2\/posts\/136553\/revisions"}],"wp:featuredmedia":[{"embeddable":true,"href":"https:\/\/candas365.es\/noticias\/wp-json\/wp\/v2\/media\/270"}],"wp:attachment":[{"href":"https:\/\/candas365.es\/noticias\/wp-json\/wp\/v2\/media?parent=136553"}],"wp:term":[{"taxonomy":"category","embeddable":true,"href":"https:\/\/candas365.es\/noticias\/wp-json\/wp\/v2\/categories?post=136553"},{"taxonomy":"post_tag","embeddable":true,"href":"https:\/\/candas365.es\/noticias\/wp-json\/wp\/v2\/tags?post=136553"}],"curies":[{"name":"wp","href":"https:\/\/api.w.org\/{rel}","templated":true}]}}