{"id":136538,"date":"2020-01-16T19:10:47","date_gmt":"2020-01-16T19:10:47","guid":{"rendered":"http:\/\/candas365.es\/noticias\/?p=136538"},"modified":"2020-01-16T19:10:47","modified_gmt":"2020-01-16T19:10:47","slug":"wilander-nadal-sera-este-ano-el-mejor-tenista-de-la-historia","status":"publish","type":"post","link":"https:\/\/candas365.es\/noticias\/wilander-nadal-sera-este-ano-el-mejor-tenista-de-la-historia\/","title":{"rendered":"Wilander: \u00abNadal ser\u00e1 este a\u00f1o el mejor tenista de la historia\u00bb"},"content":{"rendered":"<figure id=\"attachment_136539\" aria-describedby=\"caption-attachment-136539\" style=\"width: 360px\" class=\"wp-caption alignleft\"><img fetchpriority=\"high\" decoding=\"async\" class=\"size-medium wp-image-136539\" src=\"https:\/\/candas365.es\/noticias\/wp-content\/uploads\/2020\/01\/Wilander-ep-360x245.jpg\" alt=\"\" width=\"360\" height=\"245\" srcset=\"https:\/\/candas365.es\/noticias\/wp-content\/uploads\/2020\/01\/Wilander-ep-360x245.jpg 360w, https:\/\/candas365.es\/noticias\/wp-content\/uploads\/2020\/01\/Wilander-ep-655x447.jpg 655w, https:\/\/candas365.es\/noticias\/wp-content\/uploads\/2020\/01\/Wilander-ep-768x524.jpg 768w, https:\/\/candas365.es\/noticias\/wp-content\/uploads\/2020\/01\/Wilander-ep-696x475.jpg 696w, https:\/\/candas365.es\/noticias\/wp-content\/uploads\/2020\/01\/Wilander-ep-616x420.jpg 616w, https:\/\/candas365.es\/noticias\/wp-content\/uploads\/2020\/01\/Wilander-ep.jpg 987w\" sizes=\"(max-width: 360px) 100vw, 360px\" \/><figcaption id=\"caption-attachment-136539\" class=\"wp-caption-text\">Foto: EUROSPORT \/ Europa Press<\/figcaption><\/figure>\n<p>(Europa Press) &#8211;\u00a0El extenista sueco Mats Wilander ha asegurado que el espa\u00f1ol Rafa Nadal se convertir\u00e1 en este 2020, en el que augura que ganar\u00e1 por lo menos un torneo m\u00e1s del &#8216;Grand Slam&#8217;, en el \u00abmejor de la historia\u00bb superando a Roger Federer, mientras que cree que el Abierto de Australia es cosa del denominado &#8216;Big 3&#8217;, con el serbio Novak Djokovic como \u00abel gran favorito\u00bb, y se mostr\u00f3 un tanto cr\u00edtico con la nueva Copa Davis.<\/p>\n<p>En una entrevista a Europa Press, Wilander cree que Rafa Nadal igualar\u00e1 o incluso superar\u00e1 los 20 t\u00edtulos de Grand Slam que posee Roger Federer, por los 19 que tiene ahora mismo el manacor\u00ed. \u00abEste a\u00f1o Nadal se convertir\u00e1 en el mejor tenista de todos los tiempos\u00bb, asegur\u00f3.<\/p>\n<p>\u00abNo creo que luche por el ranking, no de inicio. Creo que juega para ganar un &#8216;Grand Slam&#8217; y si ello funciona entonces s\u00ed, querr\u00e1 ser el n\u00famero uno. Pero creo que quiere a\u00f1adir otro &#8216;Grand Slam&#8217;, o dos, a su palmar\u00e9s y lo lograr\u00e1, seguro. Se convertir\u00e1 en el mejor de la historia esta temporada\u00bb, asever\u00f3.<\/p>\n<p>Wilander, ganador de siete torneos del Grand Slam &#8211;tres Abiertos de Australia, tres Roland Garros y un Abierto de Estados Unidos&#8211; y ahora dentro del grupo de expertos de este deporte de Eurosport, no quiso comparar a Federer y a Nadal, pero s\u00ed se mostr\u00f3 convencido de que el espa\u00f1ol ganar\u00e1 por lo menos un &#8216;grande&#8217; este a\u00f1o para igualar al suizo, poseedor de 20 en su carrera.<\/p>\n<p>\u00abNadal va a ganar un &#8216;Grand Slam&#8217; este a\u00f1o, s\u00ed. No me imagino a Nadal jugando si no puede ganar un &#8216;Grand Slam&#8217;, aunque por supuesto para ello debes tener tambi\u00e9n algo de fortuna, no tener lesiones o tener un buen cuadro. Rafa es muy listo y es demasiado bueno como para jugar un torneo sin creer que puede ganarlo\u00bb, apunt\u00f3, d\u00e1ndole opciones ya para Australia.<\/p>\n<p>En cambio, no est\u00e1 \u00abseguro\u00bb de si el espa\u00f1ol podr\u00e1 retener el n\u00famero 1 del ranking ATP a final de temporada. \u00abCreo que con lo larga que fue la \u00faltima temporada para \u00e9l, con la Copa Davis y la ATP Cup ahora, necesitar\u00e1 un descanso durante esta temporada, y eso no ayuda en el ranking\u00bb, matiz\u00f3.<\/p>\n<p>Ese &#8216;Grand Slam&#8217; que Wilander augura que ganar\u00e1 Nadal este a\u00f1o podr\u00eda ser el Abierto de Australia, que da comienzo este 20 de enero y que se podr\u00e1 ver en exclusiva en Eurosport, aunque la apuesta del sueco es otra. \u00abCreo que Djokovic es el gran favorito, lo ha ganado siete veces, pero Nadal es el segundo favorito, por c\u00f3mo ha jugado en la ATP Cup\u00bb, vaticin\u00f3.<\/p>\n<p>Pese a ver tambi\u00e9n en la palestra de candidatos a Federer o al joven griego Stefanos Tsitsipas, incluso al ruso Daniil Medvedev, opina que todos ellos est\u00e1n por detr\u00e1s del serbio y el balear en cuanto a opciones de triunfar en Australia en esta ocasi\u00f3n.<\/p>\n<p>De todos modos, matiz\u00f3 que si Rafa Nadal tiene alg\u00fan problema con los torneos del &#8216;Grand Slam&#8217; es precisamente con el que se celebra en Melbourne Park, que ha ganado en una \u00fanica ocasi\u00f3n (2009) y ha perdido en otras cuatro ocasiones (2012, 2014, 2017 y 2019), en comparaci\u00f3n con los dos Wimbledon, cuatro US Open y doce Roland Garros que tiene en su palmar\u00e9s.<\/p>\n<p>\u00abCreo, de veras, que el Abierto de Australia se ha convertido en un peque\u00f1o problema para Rafa, y la principal raz\u00f3n es por la rapidez de la pista. Dir\u00eda que es la pista m\u00e1s r\u00e1pida del circuito, de todo el a\u00f1o. Si Novak est\u00e1 en buena forma, creo que ser\u00e1 m\u00e1s favorito a\u00fan porque ya sabe c\u00f3mo ganar en Australia\u00bb, argument\u00f3.<\/p>\n<h3><strong>CR\u00cdTICO CON LA COPA DAVIS DE PIQU\u00c9<\/strong><\/h3>\n<p>Preguntado por la nueva Copa Davis organizada por la empresa Kosmos del jugador del FC Barcelona Gerard Piqu\u00e9, lament\u00f3 que el nuevo formato &#8211;que se asemeja a un Mundial de f\u00fatbol o baloncesto&#8211; aleje a la verdadera afici\u00f3n del tenis del torneo. Es por ello que, ahora, prefiere la ATP Cup que se ha disputado en Australia.<\/p>\n<p>\u00abCreo que la Federaci\u00f3n Internacional, los &#8216;Grand Slam&#8217;, la ATP y la WTA deber\u00edan unificarse, pero no se deber\u00edan unir la ATP Cup y la Copa Davis, no\u00bb, se sincer\u00f3 el extenista sueco, que ya no disfruta con la Copa Davis como \u00abantes, cuando se jugaba en eliminatorias en casa de unos u otros\u00bb. \u00abQuiz\u00e1 la volvamos a disfrutar, pero ahora y as\u00ed, no. Creo que la ATP Cup tiene m\u00e1s \u00e9xito, y es realmente para los fans del tenis. Creo que la Copa Davis deber\u00eda reflexionar sobre qu\u00e9 tipo de torneo debe ser\u00bb, valor\u00f3.<\/p>\n<p>Mats Wilander forma parte del equipo de expertos de Eurosport, cadena que emitir\u00e1 en directo y en exclusiva el Abierto de Australia 2020 desde este pr\u00f3ximo lunes y hasta el 2 de febrero y con m\u00e1s de 300 horas de emisi\u00f3n en directo, junto a otras figuras reconocidas como \u00c0lex Corretja, Conchita Mart\u00ednez, Patrick Mouratoglou, Jordi Arrese o John McEnroe.<\/p>\n<p>&nbsp;<\/p>\n","protected":false},"excerpt":{"rendered":"<p>(Europa Press) &#8211;\u00a0El extenista sueco Mats Wilander ha asegurado que el espa\u00f1ol Rafa Nadal se convertir\u00e1 en este 2020, en el que augura que ganar\u00e1 por lo menos un torneo m\u00e1s del &#8216;Grand Slam&#8217;, en el \u00abmejor de la historia\u00bb superando a Roger Federer, mientras que cree que el Abierto de Australia es cosa del<\/p>\n","protected":false},"author":1,"featured_media":136539,"comment_status":"closed","ping_status":"closed","sticky":false,"template":"","format":"standard","meta":{"footnotes":""},"categories":[319],"tags":[],"class_list":{"0":"post-136538","1":"post","2":"type-post","3":"status-publish","4":"format-standard","5":"has-post-thumbnail","7":"category-deporte"},"aioseo_notices":[],"aioseo_head":"\n\t\t<!-- All in One SEO Pro 4.9.6.2 - aioseo.com -->\n\t<meta name=\"description\" content=\"(Europa Press) - El extenista sueco Mats Wilander ha asegurado que el espa\u00f1ol Rafa Nadal se convertir\u00e1 en este 2020, en el que augura que ganar\u00e1 por lo menos un torneo m\u00e1s del &#039;Grand Slam&#039;, en el &quot;mejor de la historia&quot; superando a Roger Federer, mientras que cree que el Abierto de Australia es cosa del\" \/>\n\t<meta name=\"robots\" content=\"max-image-preview:large\" \/>\n\t<meta name=\"author\" content=\"Cand\u00e1s 365\"\/>\n\t<meta name=\"google-site-verification\" content=\"UA-32230408-1\" \/>\n\t<meta name=\"msvalidate.01\" content=\"354F3CDFB2DA171B47FBE9ABF1F88D5\" \/>\n\t<meta name=\"keywords\" content=\"deporte\" \/>\n\t<link rel=\"canonical\" href=\"https:\/\/candas365.es\/noticias\/wilander-nadal-sera-este-ano-el-mejor-tenista-de-la-historia\/\" \/>\n\t<meta name=\"generator\" content=\"All in One SEO Pro (AIOSEO) 4.9.6.2\" \/>\n\t\t<meta property=\"og:locale\" content=\"es_ES\" \/>\n\t\t<meta property=\"og:site_name\" content=\"Cand\u00e1s 365\" \/>\n\t\t<meta property=\"og:type\" content=\"article\" \/>\n\t\t<meta property=\"og:title\" content=\"Wilander: \u00abNadal ser\u00e1 este a\u00f1o el mejor tenista de la historia\u00bb | Cand\u00e1s 365\" \/>\n\t\t<meta property=\"og:description\" content=\"(Europa Press) - El extenista sueco Mats Wilander ha asegurado que el espa\u00f1ol Rafa Nadal se convertir\u00e1 en este 2020, en el que augura que ganar\u00e1 por lo menos un torneo m\u00e1s del &#039;Grand Slam&#039;, en el &quot;mejor de la historia&quot; superando a Roger Federer, mientras que cree que el Abierto de Australia es cosa del\" \/>\n\t\t<meta property=\"og:url\" content=\"https:\/\/candas365.es\/noticias\/wilander-nadal-sera-este-ano-el-mejor-tenista-de-la-historia\/\" \/>\n\t\t<meta property=\"og:image\" content=\"https:\/\/candas365.es\/noticias\/wp-content\/uploads\/2020\/01\/Wilander-ep.jpg\" \/>\n\t\t<meta property=\"og:image:secure_url\" content=\"https:\/\/candas365.es\/noticias\/wp-content\/uploads\/2020\/01\/Wilander-ep.jpg\" \/>\n\t\t<meta property=\"og:image:width\" content=\"987\" \/>\n\t\t<meta property=\"og:image:height\" content=\"673\" \/>\n\t\t<meta property=\"article:published_time\" content=\"2020-01-16T19:10:47+00:00\" \/>\n\t\t<meta property=\"article:modified_time\" content=\"2020-01-16T19:10:47+00:00\" \/>\n\t\t<meta property=\"article:publisher\" content=\"https:\/\/www.facebook.com\/Nachofdezber\" \/>\n\t\t<meta property=\"article:author\" content=\"https:\/\/www.facebook.com\/carrenoactualidad\" \/>\n\t\t<meta name=\"twitter:card\" content=\"summary_large_image\" \/>\n\t\t<meta name=\"twitter:site\" content=\"@NabercoDigital\" \/>\n\t\t<meta name=\"twitter:title\" content=\"Wilander: \u00abNadal ser\u00e1 este a\u00f1o el mejor tenista de la historia\u00bb | Cand\u00e1s 365\" \/>\n\t\t<meta name=\"twitter:description\" content=\"(Europa Press) - El extenista sueco Mats Wilander ha asegurado que el espa\u00f1ol Rafa Nadal se convertir\u00e1 en este 2020, en el que augura que ganar\u00e1 por lo menos un torneo m\u00e1s del &#039;Grand Slam&#039;, en el &quot;mejor de la historia&quot; superando a Roger Federer, mientras que cree que el Abierto de Australia es cosa del\" \/>\n\t\t<meta name=\"twitter:creator\" content=\"@nbasturias\" \/>\n\t\t<meta name=\"twitter:image\" content=\"https:\/\/candas365.es\/noticias\/wp-content\/uploads\/2020\/01\/Wilander-ep.jpg\" \/>\n\t\t<meta name=\"twitter:label1\" content=\"Escrito por\" \/>\n\t\t<meta name=\"twitter:data1\" content=\"Cand\u00e1s 365\" \/>\n\t\t<meta name=\"twitter:label2\" content=\"Tiempo de lectura estimado\" \/>\n\t\t<meta name=\"twitter:data2\" content=\"4 minutos\" \/>\n\t\t<script type=\"application\/ld+json\" class=\"aioseo-schema\">\n\t\t\t{\"@context\":\"https:\\\/\\\/schema.org\",\"@graph\":[{\"@type\":\"BreadcrumbList\",\"@id\":\"https:\\\/\\\/candas365.es\\\/noticias\\\/wilander-nadal-sera-este-ano-el-mejor-tenista-de-la-historia\\\/#breadcrumblist\",\"itemListElement\":[{\"@type\":\"ListItem\",\"@id\":\"https:\\\/\\\/candas365.es\\\/noticias#listItem\",\"position\":1,\"name\":\"Home\",\"item\":\"https:\\\/\\\/candas365.es\\\/noticias\",\"nextItem\":{\"@type\":\"ListItem\",\"@id\":\"https:\\\/\\\/candas365.es\\\/noticias\\\/category\\\/deporte\\\/#listItem\",\"name\":\"Deporte\"}},{\"@type\":\"ListItem\",\"@id\":\"https:\\\/\\\/candas365.es\\\/noticias\\\/category\\\/deporte\\\/#listItem\",\"position\":2,\"name\":\"Deporte\",\"item\":\"https:\\\/\\\/candas365.es\\\/noticias\\\/category\\\/deporte\\\/\",\"nextItem\":{\"@type\":\"ListItem\",\"@id\":\"https:\\\/\\\/candas365.es\\\/noticias\\\/wilander-nadal-sera-este-ano-el-mejor-tenista-de-la-historia\\\/#listItem\",\"name\":\"Wilander: \\u00abNadal ser\\u00e1 este a\\u00f1o el mejor tenista de la historia\\u00bb\"},\"previousItem\":{\"@type\":\"ListItem\",\"@id\":\"https:\\\/\\\/candas365.es\\\/noticias#listItem\",\"name\":\"Home\"}},{\"@type\":\"ListItem\",\"@id\":\"https:\\\/\\\/candas365.es\\\/noticias\\\/wilander-nadal-sera-este-ano-el-mejor-tenista-de-la-historia\\\/#listItem\",\"position\":3,\"name\":\"Wilander: \\u00abNadal ser\\u00e1 este a\\u00f1o el mejor tenista de la historia\\u00bb\",\"previousItem\":{\"@type\":\"ListItem\",\"@id\":\"https:\\\/\\\/candas365.es\\\/noticias\\\/category\\\/deporte\\\/#listItem\",\"name\":\"Deporte\"}}]},{\"@type\":\"NewsArticle\",\"@id\":\"https:\\\/\\\/candas365.es\\\/noticias\\\/wilander-nadal-sera-este-ano-el-mejor-tenista-de-la-historia\\\/#newsarticle\",\"name\":\"Wilander: \\u00abNadal ser\\u00e1 este a\\u00f1o el mejor tenista de la historia\\u00bb | Cand\\u00e1s 365\",\"headline\":\"Wilander: \\u00abNadal ser\\u00e1 este a\\u00f1o el mejor tenista de la historia\\u00bb\",\"author\":{\"@id\":\"https:\\\/\\\/candas365.es\\\/noticias\\\/author\\\/admin\\\/#author\"},\"publisher\":{\"@id\":\"https:\\\/\\\/candas365.es\\\/noticias\\\/#organization\"},\"image\":{\"@type\":\"ImageObject\",\"url\":\"https:\\\/\\\/candas365.es\\\/noticias\\\/wp-content\\\/uploads\\\/2020\\\/01\\\/Wilander-ep.jpg\",\"width\":987,\"height\":673,\"caption\":\"Foto: EUROSPORT \\\/ Europa Press\"},\"datePublished\":\"2020-01-16T19:10:47+01:00\",\"dateModified\":\"2020-01-16T19:10:47+01:00\",\"inLanguage\":\"es-ES\",\"mainEntityOfPage\":{\"@id\":\"https:\\\/\\\/candas365.es\\\/noticias\\\/wilander-nadal-sera-este-ano-el-mejor-tenista-de-la-historia\\\/#webpage\"},\"isPartOf\":{\"@id\":\"https:\\\/\\\/candas365.es\\\/noticias\\\/wilander-nadal-sera-este-ano-el-mejor-tenista-de-la-historia\\\/#webpage\"},\"articleSection\":\"Deporte\",\"dateline\":\"Publicado el enero 16, 2020.\"},{\"@type\":\"Organization\",\"@id\":\"https:\\\/\\\/candas365.es\\\/noticias\\\/#organization\",\"name\":\"Cand\\u00e1s 365\",\"description\":\"Cand\\u00e1s 365 es un diario digital independiente, fundado en 2012, con base en Asturias. Informamos con rigor sobre actualidad, sociedad, cultura y ocio, con una mirada local y global.\",\"url\":\"https:\\\/\\\/candas365.es\\\/noticias\\\/\",\"email\":\"info@candas365.es\",\"telephone\":\"+34652131393\",\"foundingDate\":\"2012-06-10\",\"logo\":{\"@type\":\"ImageObject\",\"url\":\"https:\\\/\\\/candas365.es\\\/noticias\\\/wp-content\\\/uploads\\\/2024\\\/09\\\/Candas-365-Redes.jpg\",\"@id\":\"https:\\\/\\\/candas365.es\\\/noticias\\\/wilander-nadal-sera-este-ano-el-mejor-tenista-de-la-historia\\\/#organizationLogo\",\"width\":1152,\"height\":864,\"caption\":\"Cand\\u00e1s 365 Redes\"},\"image\":{\"@id\":\"https:\\\/\\\/candas365.es\\\/noticias\\\/wilander-nadal-sera-este-ano-el-mejor-tenista-de-la-historia\\\/#organizationLogo\"},\"sameAs\":[\"https:\\\/\\\/www.facebook.com\\\/Nachofdezber\",\"https:\\\/\\\/x.com\\\/NabercoDigital\",\"https:\\\/\\\/www.instagram.com\\\/nachofdezber\\\/\",\"https:\\\/\\\/www.youtube.com\\\/channel\\\/UCZP-2wLEB9Rv6erhFmqVnvg\"],\"address\":{\"@id\":\"https:\\\/\\\/candas365.es\\\/noticias\\\/#postaladdress\",\"@type\":\"PostalAddress\",\"streetAddress\":\"san antonio 4, san antonio 4\",\"postalCode\":\"33430\",\"addressLocality\":\"Cand\\u00e1s\",\"addressRegion\":\"Asturias\",\"addressCountry\":\"ES\"}},{\"@type\":\"Person\",\"@id\":\"https:\\\/\\\/candas365.es\\\/noticias\\\/author\\\/admin\\\/#author\",\"url\":\"https:\\\/\\\/candas365.es\\\/noticias\\\/author\\\/admin\\\/\",\"name\":\"Cand\\u00e1s 365\",\"image\":{\"@type\":\"ImageObject\",\"@id\":\"https:\\\/\\\/candas365.es\\\/noticias\\\/wilander-nadal-sera-este-ano-el-mejor-tenista-de-la-historia\\\/#authorImage\",\"url\":\"https:\\\/\\\/secure.gravatar.com\\\/avatar\\\/496a8e03d0c493ede1718b7934145dbdf8d89be1036b0eec9544e1094c9de390?s=96&d=mm&r=g\",\"width\":96,\"height\":96,\"caption\":\"Cand\\u00e1s 365\"},\"sameAs\":[\"https:\\\/\\\/www.facebook.com\\\/carrenoactualidad\",\"https:\\\/\\\/twitter.com\\\/nbasturias\",\"https:\\\/\\\/www.instagram.com\\\/nachofdezber\\\/\",\"https:\\\/\\\/www.youtube.com\\\/channel\\\/UCZP-2wLEB9Rv6erhFmqVnvg\"]},{\"@type\":\"WebPage\",\"@id\":\"https:\\\/\\\/candas365.es\\\/noticias\\\/wilander-nadal-sera-este-ano-el-mejor-tenista-de-la-historia\\\/#webpage\",\"url\":\"https:\\\/\\\/candas365.es\\\/noticias\\\/wilander-nadal-sera-este-ano-el-mejor-tenista-de-la-historia\\\/\",\"name\":\"Wilander: \\u00abNadal ser\\u00e1 este a\\u00f1o el mejor tenista de la historia\\u00bb | Cand\\u00e1s 365\",\"description\":\"(Europa Press) - El extenista sueco Mats Wilander ha asegurado que el espa\\u00f1ol Rafa Nadal se convertir\\u00e1 en este 2020, en el que augura que ganar\\u00e1 por lo menos un torneo m\\u00e1s del 'Grand Slam', en el \\\"mejor de la historia\\\" superando a Roger Federer, mientras que cree que el Abierto de Australia es cosa del\",\"inLanguage\":\"es-ES\",\"isPartOf\":{\"@id\":\"https:\\\/\\\/candas365.es\\\/noticias\\\/#website\"},\"breadcrumb\":{\"@id\":\"https:\\\/\\\/candas365.es\\\/noticias\\\/wilander-nadal-sera-este-ano-el-mejor-tenista-de-la-historia\\\/#breadcrumblist\"},\"author\":{\"@id\":\"https:\\\/\\\/candas365.es\\\/noticias\\\/author\\\/admin\\\/#author\"},\"creator\":{\"@id\":\"https:\\\/\\\/candas365.es\\\/noticias\\\/author\\\/admin\\\/#author\"},\"image\":{\"@type\":\"ImageObject\",\"url\":\"https:\\\/\\\/candas365.es\\\/noticias\\\/wp-content\\\/uploads\\\/2020\\\/01\\\/Wilander-ep.jpg\",\"@id\":\"https:\\\/\\\/candas365.es\\\/noticias\\\/wilander-nadal-sera-este-ano-el-mejor-tenista-de-la-historia\\\/#mainImage\",\"width\":987,\"height\":673,\"caption\":\"Foto: EUROSPORT \\\/ Europa Press\"},\"primaryImageOfPage\":{\"@id\":\"https:\\\/\\\/candas365.es\\\/noticias\\\/wilander-nadal-sera-este-ano-el-mejor-tenista-de-la-historia\\\/#mainImage\"},\"datePublished\":\"2020-01-16T19:10:47+01:00\",\"dateModified\":\"2020-01-16T19:10:47+01:00\"},{\"@type\":\"WebSite\",\"@id\":\"https:\\\/\\\/candas365.es\\\/noticias\\\/#website\",\"url\":\"https:\\\/\\\/candas365.es\\\/noticias\\\/\",\"name\":\"Cand\\u00e1s 365\",\"alternateName\":\"Cand\\u00e1s 365 Noticias\",\"description\":\"Actualidad desde Carre\\u00f1o para el mundo\",\"inLanguage\":\"es-ES\",\"publisher\":{\"@id\":\"https:\\\/\\\/candas365.es\\\/noticias\\\/#organization\"}}]}\n\t\t<\/script>\n\t\t<!-- All in One SEO Pro -->\r\n\t\t<title>Wilander: \u00abNadal ser\u00e1 este a\u00f1o el mejor tenista de la historia\u00bb | Cand\u00e1s 365<\/title>\n\n","aioseo_head_json":{"title":"Wilander: \u00abNadal ser\u00e1 este a\u00f1o el mejor tenista de la historia\u00bb | Cand\u00e1s 365","description":"(Europa Press) - El extenista sueco Mats Wilander ha asegurado que el espa\u00f1ol Rafa Nadal se convertir\u00e1 en este 2020, en el que augura que ganar\u00e1 por lo menos un torneo m\u00e1s del 'Grand Slam', en el \"mejor de la historia\" superando a Roger Federer, mientras que cree que el Abierto de Australia es cosa del","canonical_url":"https:\/\/candas365.es\/noticias\/wilander-nadal-sera-este-ano-el-mejor-tenista-de-la-historia\/","robots":"max-image-preview:large","keywords":"deporte","webmasterTools":{"google-site-verification":"UA-32230408-1","msvalidate.01":"354F3CDFB2DA171B47FBE9ABF1F88D5","miscellaneous":""},"schema":{"@context":"https:\/\/schema.org","@graph":[{"@type":"BreadcrumbList","@id":"https:\/\/candas365.es\/noticias\/wilander-nadal-sera-este-ano-el-mejor-tenista-de-la-historia\/#breadcrumblist","itemListElement":[{"@type":"ListItem","@id":"https:\/\/candas365.es\/noticias#listItem","position":1,"name":"Home","item":"https:\/\/candas365.es\/noticias","nextItem":{"@type":"ListItem","@id":"https:\/\/candas365.es\/noticias\/category\/deporte\/#listItem","name":"Deporte"}},{"@type":"ListItem","@id":"https:\/\/candas365.es\/noticias\/category\/deporte\/#listItem","position":2,"name":"Deporte","item":"https:\/\/candas365.es\/noticias\/category\/deporte\/","nextItem":{"@type":"ListItem","@id":"https:\/\/candas365.es\/noticias\/wilander-nadal-sera-este-ano-el-mejor-tenista-de-la-historia\/#listItem","name":"Wilander: \u00abNadal ser\u00e1 este a\u00f1o el mejor tenista de la historia\u00bb"},"previousItem":{"@type":"ListItem","@id":"https:\/\/candas365.es\/noticias#listItem","name":"Home"}},{"@type":"ListItem","@id":"https:\/\/candas365.es\/noticias\/wilander-nadal-sera-este-ano-el-mejor-tenista-de-la-historia\/#listItem","position":3,"name":"Wilander: \u00abNadal ser\u00e1 este a\u00f1o el mejor tenista de la historia\u00bb","previousItem":{"@type":"ListItem","@id":"https:\/\/candas365.es\/noticias\/category\/deporte\/#listItem","name":"Deporte"}}]},{"@type":"NewsArticle","@id":"https:\/\/candas365.es\/noticias\/wilander-nadal-sera-este-ano-el-mejor-tenista-de-la-historia\/#newsarticle","name":"Wilander: \u00abNadal ser\u00e1 este a\u00f1o el mejor tenista de la historia\u00bb | Cand\u00e1s 365","headline":"Wilander: \u00abNadal ser\u00e1 este a\u00f1o el mejor tenista de la historia\u00bb","author":{"@id":"https:\/\/candas365.es\/noticias\/author\/admin\/#author"},"publisher":{"@id":"https:\/\/candas365.es\/noticias\/#organization"},"image":{"@type":"ImageObject","url":"https:\/\/candas365.es\/noticias\/wp-content\/uploads\/2020\/01\/Wilander-ep.jpg","width":987,"height":673,"caption":"Foto: EUROSPORT \/ Europa Press"},"datePublished":"2020-01-16T19:10:47+01:00","dateModified":"2020-01-16T19:10:47+01:00","inLanguage":"es-ES","mainEntityOfPage":{"@id":"https:\/\/candas365.es\/noticias\/wilander-nadal-sera-este-ano-el-mejor-tenista-de-la-historia\/#webpage"},"isPartOf":{"@id":"https:\/\/candas365.es\/noticias\/wilander-nadal-sera-este-ano-el-mejor-tenista-de-la-historia\/#webpage"},"articleSection":"Deporte","dateline":"Publicado el enero 16, 2020."},{"@type":"Organization","@id":"https:\/\/candas365.es\/noticias\/#organization","name":"Cand\u00e1s 365","description":"Cand\u00e1s 365 es un diario digital independiente, fundado en 2012, con base en Asturias. Informamos con rigor sobre actualidad, sociedad, cultura y ocio, con una mirada local y global.","url":"https:\/\/candas365.es\/noticias\/","email":"info@candas365.es","telephone":"+34652131393","foundingDate":"2012-06-10","logo":{"@type":"ImageObject","url":"https:\/\/candas365.es\/noticias\/wp-content\/uploads\/2024\/09\/Candas-365-Redes.jpg","@id":"https:\/\/candas365.es\/noticias\/wilander-nadal-sera-este-ano-el-mejor-tenista-de-la-historia\/#organizationLogo","width":1152,"height":864,"caption":"Cand\u00e1s 365 Redes"},"image":{"@id":"https:\/\/candas365.es\/noticias\/wilander-nadal-sera-este-ano-el-mejor-tenista-de-la-historia\/#organizationLogo"},"sameAs":["https:\/\/www.facebook.com\/Nachofdezber","https:\/\/x.com\/NabercoDigital","https:\/\/www.instagram.com\/nachofdezber\/","https:\/\/www.youtube.com\/channel\/UCZP-2wLEB9Rv6erhFmqVnvg"],"address":{"@id":"https:\/\/candas365.es\/noticias\/#postaladdress","@type":"PostalAddress","streetAddress":"san antonio 4, san antonio 4","postalCode":"33430","addressLocality":"Cand\u00e1s","addressRegion":"Asturias","addressCountry":"ES"}},{"@type":"Person","@id":"https:\/\/candas365.es\/noticias\/author\/admin\/#author","url":"https:\/\/candas365.es\/noticias\/author\/admin\/","name":"Cand\u00e1s 365","image":{"@type":"ImageObject","@id":"https:\/\/candas365.es\/noticias\/wilander-nadal-sera-este-ano-el-mejor-tenista-de-la-historia\/#authorImage","url":"https:\/\/secure.gravatar.com\/avatar\/496a8e03d0c493ede1718b7934145dbdf8d89be1036b0eec9544e1094c9de390?s=96&d=mm&r=g","width":96,"height":96,"caption":"Cand\u00e1s 365"},"sameAs":["https:\/\/www.facebook.com\/carrenoactualidad","https:\/\/twitter.com\/nbasturias","https:\/\/www.instagram.com\/nachofdezber\/","https:\/\/www.youtube.com\/channel\/UCZP-2wLEB9Rv6erhFmqVnvg"]},{"@type":"WebPage","@id":"https:\/\/candas365.es\/noticias\/wilander-nadal-sera-este-ano-el-mejor-tenista-de-la-historia\/#webpage","url":"https:\/\/candas365.es\/noticias\/wilander-nadal-sera-este-ano-el-mejor-tenista-de-la-historia\/","name":"Wilander: \u00abNadal ser\u00e1 este a\u00f1o el mejor tenista de la historia\u00bb | Cand\u00e1s 365","description":"(Europa Press) - El extenista sueco Mats Wilander ha asegurado que el espa\u00f1ol Rafa Nadal se convertir\u00e1 en este 2020, en el que augura que ganar\u00e1 por lo menos un torneo m\u00e1s del 'Grand Slam', en el \"mejor de la historia\" superando a Roger Federer, mientras que cree que el Abierto de Australia es cosa del","inLanguage":"es-ES","isPartOf":{"@id":"https:\/\/candas365.es\/noticias\/#website"},"breadcrumb":{"@id":"https:\/\/candas365.es\/noticias\/wilander-nadal-sera-este-ano-el-mejor-tenista-de-la-historia\/#breadcrumblist"},"author":{"@id":"https:\/\/candas365.es\/noticias\/author\/admin\/#author"},"creator":{"@id":"https:\/\/candas365.es\/noticias\/author\/admin\/#author"},"image":{"@type":"ImageObject","url":"https:\/\/candas365.es\/noticias\/wp-content\/uploads\/2020\/01\/Wilander-ep.jpg","@id":"https:\/\/candas365.es\/noticias\/wilander-nadal-sera-este-ano-el-mejor-tenista-de-la-historia\/#mainImage","width":987,"height":673,"caption":"Foto: EUROSPORT \/ Europa Press"},"primaryImageOfPage":{"@id":"https:\/\/candas365.es\/noticias\/wilander-nadal-sera-este-ano-el-mejor-tenista-de-la-historia\/#mainImage"},"datePublished":"2020-01-16T19:10:47+01:00","dateModified":"2020-01-16T19:10:47+01:00"},{"@type":"WebSite","@id":"https:\/\/candas365.es\/noticias\/#website","url":"https:\/\/candas365.es\/noticias\/","name":"Cand\u00e1s 365","alternateName":"Cand\u00e1s 365 Noticias","description":"Actualidad desde Carre\u00f1o para el mundo","inLanguage":"es-ES","publisher":{"@id":"https:\/\/candas365.es\/noticias\/#organization"}}]},"og:locale":"es_ES","og:site_name":"Cand\u00e1s 365","og:type":"article","og:title":"Wilander: \u00abNadal ser\u00e1 este a\u00f1o el mejor tenista de la historia\u00bb | Cand\u00e1s 365","og:description":"(Europa Press) - El extenista sueco Mats Wilander ha asegurado que el espa\u00f1ol Rafa Nadal se convertir\u00e1 en este 2020, en el que augura que ganar\u00e1 por lo menos un torneo m\u00e1s del 'Grand Slam', en el &quot;mejor de la historia&quot; superando a Roger Federer, mientras que cree que el Abierto de Australia es cosa del","og:url":"https:\/\/candas365.es\/noticias\/wilander-nadal-sera-este-ano-el-mejor-tenista-de-la-historia\/","og:image":"https:\/\/candas365.es\/noticias\/wp-content\/uploads\/2020\/01\/Wilander-ep.jpg","og:image:secure_url":"https:\/\/candas365.es\/noticias\/wp-content\/uploads\/2020\/01\/Wilander-ep.jpg","og:image:width":987,"og:image:height":673,"article:published_time":"2020-01-16T19:10:47+00:00","article:modified_time":"2020-01-16T19:10:47+00:00","article:publisher":"https:\/\/www.facebook.com\/Nachofdezber","article:author":"https:\/\/www.facebook.com\/carrenoactualidad","twitter:card":"summary_large_image","twitter:site":"@NabercoDigital","twitter:title":"Wilander: \u00abNadal ser\u00e1 este a\u00f1o el mejor tenista de la historia\u00bb | Cand\u00e1s 365","twitter:description":"(Europa Press) - El extenista sueco Mats Wilander ha asegurado que el espa\u00f1ol Rafa Nadal se convertir\u00e1 en este 2020, en el que augura que ganar\u00e1 por lo menos un torneo m\u00e1s del 'Grand Slam', en el &quot;mejor de la historia&quot; superando a Roger Federer, mientras que cree que el Abierto de Australia es cosa del","twitter:creator":"@nbasturias","twitter:image":"https:\/\/candas365.es\/noticias\/wp-content\/uploads\/2020\/01\/Wilander-ep.jpg","twitter:label1":"Escrito por","twitter:data1":"Cand\u00e1s 365","twitter:label2":"Tiempo de lectura estimado","twitter:data2":"4 minutos"},"aioseo_meta_data":{"post_id":"136538","title":null,"description":null,"keywords":null,"keyphrases":null,"primary_term":null,"canonical_url":null,"og_title":null,"og_description":null,"og_object_type":"default","og_image_type":"default","og_image_url":null,"og_image_width":null,"og_image_height":null,"og_image_custom_url":null,"og_image_custom_fields":null,"og_video":null,"og_custom_url":null,"og_article_section":null,"og_article_tags":null,"twitter_use_og":false,"twitter_card":"default","twitter_image_type":"default","twitter_image_url":null,"twitter_image_custom_url":null,"twitter_image_custom_fields":null,"twitter_title":null,"twitter_description":null,"schema":{"blockGraphs":[],"customGraphs":[],"default":{"data":{"Article":[],"Course":[],"Dataset":[],"FAQPage":[],"Movie":[],"Person":[],"Product":[],"ProductReview":[],"Car":[],"Recipe":[],"Service":[],"SoftwareApplication":[],"WebPage":[]},"graphName":"","isEnabled":true},"graphs":[]},"schema_type":null,"schema_type_options":null,"pillar_content":false,"robots_default":true,"robots_noindex":false,"robots_noarchive":false,"robots_nosnippet":false,"robots_nofollow":false,"robots_noimageindex":false,"robots_noodp":false,"robots_notranslate":false,"robots_max_snippet":null,"robots_max_videopreview":null,"robots_max_imagepreview":"large","priority":null,"frequency":null,"location":null,"local_seo":null,"seo_analyzer_scan_date":"2025-08-30 21:44:22","breadcrumb_settings":null,"limit_modified_date":false,"reviewed_by":null,"open_ai":null,"ai":null,"created":"2020-12-21 10:47:59","updated":"2025-08-30 21:44:22"},"aioseo_breadcrumb":"<div class=\"aioseo-breadcrumbs\"><span class=\"aioseo-breadcrumb\">\n\t<a href=\"https:\/\/candas365.es\/noticias\" title=\"Home\">Home<\/a>\n<\/span><span class=\"aioseo-breadcrumb-separator\">&ndash;<\/span><span class=\"aioseo-breadcrumb\">\n\t<a href=\"https:\/\/candas365.es\/noticias\/category\/deporte\/\" title=\"Deporte\">Deporte<\/a>\n<\/span><span class=\"aioseo-breadcrumb-separator\">&ndash;<\/span><span class=\"aioseo-breadcrumb\">\n\tWilander: \u00abNadal ser\u00e1 este a\u00f1o el mejor tenista de la historia\u00bb\n<\/span><\/div>","aioseo_breadcrumb_json":[{"label":"Home","link":"https:\/\/candas365.es\/noticias"},{"label":"Deporte","link":"https:\/\/candas365.es\/noticias\/category\/deporte\/"},{"label":"Wilander: \u00abNadal ser\u00e1 este a\u00f1o el mejor tenista de la historia\u00bb","link":"https:\/\/candas365.es\/noticias\/wilander-nadal-sera-este-ano-el-mejor-tenista-de-la-historia\/"}],"_links":{"self":[{"href":"https:\/\/candas365.es\/noticias\/wp-json\/wp\/v2\/posts\/136538","targetHints":{"allow":["GET"]}}],"collection":[{"href":"https:\/\/candas365.es\/noticias\/wp-json\/wp\/v2\/posts"}],"about":[{"href":"https:\/\/candas365.es\/noticias\/wp-json\/wp\/v2\/types\/post"}],"author":[{"embeddable":true,"href":"https:\/\/candas365.es\/noticias\/wp-json\/wp\/v2\/users\/1"}],"replies":[{"embeddable":true,"href":"https:\/\/candas365.es\/noticias\/wp-json\/wp\/v2\/comments?post=136538"}],"version-history":[{"count":0,"href":"https:\/\/candas365.es\/noticias\/wp-json\/wp\/v2\/posts\/136538\/revisions"}],"wp:featuredmedia":[{"embeddable":true,"href":"https:\/\/candas365.es\/noticias\/wp-json\/wp\/v2\/media\/136539"}],"wp:attachment":[{"href":"https:\/\/candas365.es\/noticias\/wp-json\/wp\/v2\/media?parent=136538"}],"wp:term":[{"taxonomy":"category","embeddable":true,"href":"https:\/\/candas365.es\/noticias\/wp-json\/wp\/v2\/categories?post=136538"},{"taxonomy":"post_tag","embeddable":true,"href":"https:\/\/candas365.es\/noticias\/wp-json\/wp\/v2\/tags?post=136538"}],"curies":[{"name":"wp","href":"https:\/\/api.w.org\/{rel}","templated":true}]}}