{"id":136534,"date":"2020-01-16T18:56:19","date_gmt":"2020-01-16T18:56:19","guid":{"rendered":"http:\/\/candas365.es\/noticias\/?p=136534"},"modified":"2020-01-16T18:56:19","modified_gmt":"2020-01-16T18:56:19","slug":"el-leipzig-y-su-tecnico-enfrentan-un-nuevo-desafio-en-la-bundesliga","status":"publish","type":"post","link":"https:\/\/candas365.es\/noticias\/el-leipzig-y-su-tecnico-enfrentan-un-nuevo-desafio-en-la-bundesliga\/","title":{"rendered":"El Leipzig y su t\u00e9cnico enfrentan un nuevo desaf\u00edo en la Bundesliga"},"content":{"rendered":"<p><img fetchpriority=\"high\" decoding=\"async\" class=\"alignleft size-medium wp-image-98026\" src=\"https:\/\/candas365.es\/noticias\/wp-content\/uploads\/2018\/06\/football-1406106_960_720-1-360x241.jpg\" alt=\"\" width=\"360\" height=\"241\" srcset=\"https:\/\/candas365.es\/noticias\/wp-content\/uploads\/2018\/06\/football-1406106_960_720-1-360x241.jpg 360w, https:\/\/candas365.es\/noticias\/wp-content\/uploads\/2018\/06\/football-1406106_960_720-1-768x514.jpg 768w, https:\/\/candas365.es\/noticias\/wp-content\/uploads\/2018\/06\/football-1406106_960_720-1-655x439.jpg 655w, https:\/\/candas365.es\/noticias\/wp-content\/uploads\/2018\/06\/football-1406106_960_720-1-696x466.jpg 696w, https:\/\/candas365.es\/noticias\/wp-content\/uploads\/2018\/06\/football-1406106_960_720-1-627x420.jpg 627w, https:\/\/candas365.es\/noticias\/wp-content\/uploads\/2018\/06\/football-1406106_960_720-1.jpg 960w\" sizes=\"(max-width: 360px) 100vw, 360px\" \/>Leipzig (Alemania), 16 ene (dpa) &#8211; Julian Nagelsmann posiblemente tenga que reescribir el plan cuatrienal que se propuso para la primera temporada como t\u00e9cnico del Leipzig, actual puntero de la primera divisi\u00f3n del f\u00fatbol alem\u00e1n.<\/p>\n<p>Apenas asumi\u00f3 el entrenamiento del equipo el verano pasado (boreal), Nagelsmann dijo que \u00abb\u00e1sicamente\u00bb uno de sus objetivos era ganar un t\u00edtulo durante los cuatro a\u00f1os de su contrato con el Leipzig.<\/p>\n<p>Sin embargo, en 17 partidos tal vez pueda registrar un nuevo r\u00e9cord en la historia del f\u00fatbol alem\u00e1n: convertirse en el entrenador m\u00e1s joven en ganar un t\u00edtulo con el club m\u00e1s joven de la Bundesliga. Nagelsmann tiene 32 a\u00f1os y el Leipzig fue fundado en mayo de 2009.<\/p>\n<p>La situaci\u00f3n es nueva para ambos: el t\u00e9cnico, que hab\u00eda pasado del 1899 Hoffenheim al Leipzig, nunca hab\u00eda comenzado la decisiva segunda mitad de la temporada como entrenador del equipo que lidera el campeonato.<\/p>\n<p>El Leipzig se clasific\u00f3 en segundo lugar en la temporada de promoci\u00f3n 2016\/2017, al a\u00f1o siguiente termin\u00f3 sexto y un a\u00f1o despu\u00e9s fue tercero. Desde sus inicios, el equipo siempre estuvo en las primeras posiciones pero era cauto en cuanto a las aspiraciones al t\u00edtulo.<\/p>\n<p>Sin embargo, con el cambio de Ralf Rangnick a Nagelsmann comenz\u00f3 una \u00abnueva era\u00bb para el equipo.<\/p>\n<p>\u00abLe hemos tomado el gusto\u00bb, dijo el presidente de la junta directiva, Oliver Mintzlaff, durante la presentaci\u00f3n de Nagelsmann. Poco antes, el equipo al mando de Rangnick hab\u00eda llegado a la final de la Copa Alemana, que finalmente qued\u00f3 en manos del Bayern M\u00fanich.<\/p>\n<p>Los actuales l\u00edderes a\u00fan deben disputar varias competencias en la presente temporada: la Copa Alemana ante el Eintracht Frankfurt el 4 de febrero y los octavos de final de la Liga de Campeones el 19 de febrero y 10 de marzo ante el Tottenham Hotspur ingl\u00e9s del entrenador estrella Jos\u00e9 Mourinho.<\/p>\n<p>Una triple carga para el equipo en torno al internacional y goleador Timo Werner. \u00abPara ser honesto, ganar la Liga de Campeones no parece muy realista. A nivel nacional, ser\u00eda bonito ganar el trofeo\u00bb, dijo Werner en una entrevista que publica hoy el diario \u00abBild\u00bb.<\/p>\n<p>\u00abSi pudiera elegir, lo m\u00e1ximo ser\u00eda entonces ganar la Bundesliga\u00bb, destac\u00f3 el joven delantero de 23 a\u00f1os.<\/p>\n<p>Tanto el t\u00e9cnico de la selecci\u00f3n alemana, Joachim L\u00f6w, como el ex entrenador Christoph Daum y algunos de los rivales de la Liga alemana opinan que el Leipzig puede ser la sensaci\u00f3n y coronarse campe\u00f3n esta temporada.<\/p>\n<p>Once victorias, cuatro empates con s\u00f3lo dos derrotas y un balance de 48 goles a favor y 20 en contra dan muestra de la contundencia actual del equipo del este alem\u00e1n.<\/p>\n<p>Nagelsmann convirti\u00f3 a un equipo que ya estaba aceitado, pero cuyo repertorio sin embargo era limitado, en un conjunto m\u00e1s completo, con m\u00e1s juego y t\u00e1ctica.<\/p>\n<p>\u00abCreo que seguir\u00e1 siendo emocionante hasta el final\u00bb, asegur\u00f3 el director deportivo del Leipzig, Marcus Kr\u00f6sche, en una encuesta de dpa sobre la lucha por el t\u00edtulo de la Bundesliga.<\/p>\n<p>El Leipzig, que este s\u00e1bado enfrenta en casa al recientemente ascendido Uni\u00f3n Berl\u00edn, lleva una ventaja de dos puntos sobre el Borussia M\u00f6nchengladbach, su rival el 1 de febrero, y cuatro puntos sobre el defensor del t\u00edtulo, Bayern M\u00fanich, a quien visitar\u00e1 una semana m\u00e1s tarde.<\/p>\n<p>Despu\u00e9s de las esas dos grandes pruebas a principios de febrero estar\u00e1 seguramente m\u00e1s claro si Nagelsmann tiene que volver a revisar su plan cuatrienal.<\/p>\n<p><i class=\"lang-es\"><span class=\" readonly\" title=\"\">Por Jens Marx (dpa)<\/span><\/i><\/p>\n<p>&nbsp;<\/p>\n","protected":false},"excerpt":{"rendered":"<p>Leipzig (Alemania), 16 ene (dpa) &#8211; Julian Nagelsmann posiblemente tenga que reescribir el plan cuatrienal que se propuso para la primera temporada como t\u00e9cnico del Leipzig, actual puntero de la primera divisi\u00f3n del f\u00fatbol alem\u00e1n. Apenas asumi\u00f3 el entrenamiento del equipo el verano pasado (boreal), Nagelsmann dijo que \u00abb\u00e1sicamente\u00bb uno de sus objetivos era ganar<\/p>\n","protected":false},"author":1,"featured_media":98026,"comment_status":"closed","ping_status":"closed","sticky":false,"template":"","format":"standard","meta":{"footnotes":""},"categories":[319],"tags":[],"class_list":{"0":"post-136534","1":"post","2":"type-post","3":"status-publish","4":"format-standard","5":"has-post-thumbnail","7":"category-deporte"},"aioseo_notices":[],"aioseo_head":"\n\t\t<!-- All in One SEO Pro 4.9.6.2 - aioseo.com -->\n\t<meta name=\"description\" content=\"Leipzig (Alemania), 16 ene (dpa) - Julian Nagelsmann posiblemente tenga que reescribir el plan cuatrienal que se propuso para la primera temporada como t\u00e9cnico del Leipzig, actual puntero de la primera divisi\u00f3n del f\u00fatbol alem\u00e1n. Apenas asumi\u00f3 el entrenamiento del equipo el verano pasado (boreal), Nagelsmann dijo que &quot;b\u00e1sicamente&quot; uno de sus objetivos era ganar\" \/>\n\t<meta name=\"robots\" content=\"max-image-preview:large\" \/>\n\t<meta name=\"author\" content=\"Cand\u00e1s 365\"\/>\n\t<meta name=\"google-site-verification\" content=\"UA-32230408-1\" \/>\n\t<meta name=\"msvalidate.01\" content=\"354F3CDFB2DA171B47FBE9ABF1F88D5\" \/>\n\t<meta name=\"keywords\" content=\"deporte\" \/>\n\t<link rel=\"canonical\" href=\"https:\/\/candas365.es\/noticias\/el-leipzig-y-su-tecnico-enfrentan-un-nuevo-desafio-en-la-bundesliga\/\" \/>\n\t<meta name=\"generator\" content=\"All in One SEO Pro (AIOSEO) 4.9.6.2\" \/>\n\t\t<meta property=\"og:locale\" content=\"es_ES\" \/>\n\t\t<meta property=\"og:site_name\" content=\"Cand\u00e1s 365\" \/>\n\t\t<meta property=\"og:type\" content=\"article\" \/>\n\t\t<meta property=\"og:title\" content=\"El Leipzig y su t\u00e9cnico enfrentan un nuevo desaf\u00edo en la Bundesliga | Cand\u00e1s 365\" \/>\n\t\t<meta property=\"og:description\" content=\"Leipzig (Alemania), 16 ene (dpa) - Julian Nagelsmann posiblemente tenga que reescribir el plan cuatrienal que se propuso para la primera temporada como t\u00e9cnico del Leipzig, actual puntero de la primera divisi\u00f3n del f\u00fatbol alem\u00e1n. Apenas asumi\u00f3 el entrenamiento del equipo el verano pasado (boreal), Nagelsmann dijo que &quot;b\u00e1sicamente&quot; uno de sus objetivos era ganar\" \/>\n\t\t<meta property=\"og:url\" content=\"https:\/\/candas365.es\/noticias\/el-leipzig-y-su-tecnico-enfrentan-un-nuevo-desafio-en-la-bundesliga\/\" \/>\n\t\t<meta property=\"og:image\" content=\"https:\/\/candas365.es\/noticias\/wp-content\/uploads\/2018\/06\/football-1406106_960_720-1.jpg\" \/>\n\t\t<meta property=\"og:image:secure_url\" content=\"https:\/\/candas365.es\/noticias\/wp-content\/uploads\/2018\/06\/football-1406106_960_720-1.jpg\" \/>\n\t\t<meta property=\"og:image:width\" content=\"960\" \/>\n\t\t<meta property=\"og:image:height\" content=\"643\" \/>\n\t\t<meta property=\"article:published_time\" content=\"2020-01-16T18:56:19+00:00\" \/>\n\t\t<meta property=\"article:modified_time\" content=\"2020-01-16T18:56:19+00:00\" \/>\n\t\t<meta property=\"article:publisher\" content=\"https:\/\/www.facebook.com\/Nachofdezber\" \/>\n\t\t<meta property=\"article:author\" content=\"https:\/\/www.facebook.com\/carrenoactualidad\" \/>\n\t\t<meta name=\"twitter:card\" content=\"summary_large_image\" \/>\n\t\t<meta name=\"twitter:site\" content=\"@NabercoDigital\" \/>\n\t\t<meta name=\"twitter:title\" content=\"El Leipzig y su t\u00e9cnico enfrentan un nuevo desaf\u00edo en la Bundesliga | Cand\u00e1s 365\" \/>\n\t\t<meta name=\"twitter:description\" content=\"Leipzig (Alemania), 16 ene (dpa) - Julian Nagelsmann posiblemente tenga que reescribir el plan cuatrienal que se propuso para la primera temporada como t\u00e9cnico del Leipzig, actual puntero de la primera divisi\u00f3n del f\u00fatbol alem\u00e1n. Apenas asumi\u00f3 el entrenamiento del equipo el verano pasado (boreal), Nagelsmann dijo que &quot;b\u00e1sicamente&quot; uno de sus objetivos era ganar\" \/>\n\t\t<meta name=\"twitter:creator\" content=\"@nbasturias\" \/>\n\t\t<meta name=\"twitter:image\" content=\"https:\/\/candas365.es\/noticias\/wp-content\/uploads\/2018\/06\/football-1406106_960_720-1.jpg\" \/>\n\t\t<meta name=\"twitter:label1\" content=\"Escrito por\" \/>\n\t\t<meta name=\"twitter:data1\" content=\"Cand\u00e1s 365\" \/>\n\t\t<meta name=\"twitter:label2\" content=\"Tiempo de lectura estimado\" \/>\n\t\t<meta name=\"twitter:data2\" content=\"3 minutos\" \/>\n\t\t<script type=\"application\/ld+json\" class=\"aioseo-schema\">\n\t\t\t{\"@context\":\"https:\\\/\\\/schema.org\",\"@graph\":[{\"@type\":\"BreadcrumbList\",\"@id\":\"https:\\\/\\\/candas365.es\\\/noticias\\\/el-leipzig-y-su-tecnico-enfrentan-un-nuevo-desafio-en-la-bundesliga\\\/#breadcrumblist\",\"itemListElement\":[{\"@type\":\"ListItem\",\"@id\":\"https:\\\/\\\/candas365.es\\\/noticias#listItem\",\"position\":1,\"name\":\"Home\",\"item\":\"https:\\\/\\\/candas365.es\\\/noticias\",\"nextItem\":{\"@type\":\"ListItem\",\"@id\":\"https:\\\/\\\/candas365.es\\\/noticias\\\/category\\\/deporte\\\/#listItem\",\"name\":\"Deporte\"}},{\"@type\":\"ListItem\",\"@id\":\"https:\\\/\\\/candas365.es\\\/noticias\\\/category\\\/deporte\\\/#listItem\",\"position\":2,\"name\":\"Deporte\",\"item\":\"https:\\\/\\\/candas365.es\\\/noticias\\\/category\\\/deporte\\\/\",\"nextItem\":{\"@type\":\"ListItem\",\"@id\":\"https:\\\/\\\/candas365.es\\\/noticias\\\/el-leipzig-y-su-tecnico-enfrentan-un-nuevo-desafio-en-la-bundesliga\\\/#listItem\",\"name\":\"El Leipzig y su t\\u00e9cnico enfrentan un nuevo desaf\\u00edo en la Bundesliga\"},\"previousItem\":{\"@type\":\"ListItem\",\"@id\":\"https:\\\/\\\/candas365.es\\\/noticias#listItem\",\"name\":\"Home\"}},{\"@type\":\"ListItem\",\"@id\":\"https:\\\/\\\/candas365.es\\\/noticias\\\/el-leipzig-y-su-tecnico-enfrentan-un-nuevo-desafio-en-la-bundesliga\\\/#listItem\",\"position\":3,\"name\":\"El Leipzig y su t\\u00e9cnico enfrentan un nuevo desaf\\u00edo en la Bundesliga\",\"previousItem\":{\"@type\":\"ListItem\",\"@id\":\"https:\\\/\\\/candas365.es\\\/noticias\\\/category\\\/deporte\\\/#listItem\",\"name\":\"Deporte\"}}]},{\"@type\":\"NewsArticle\",\"@id\":\"https:\\\/\\\/candas365.es\\\/noticias\\\/el-leipzig-y-su-tecnico-enfrentan-un-nuevo-desafio-en-la-bundesliga\\\/#newsarticle\",\"name\":\"El Leipzig y su t\\u00e9cnico enfrentan un nuevo desaf\\u00edo en la Bundesliga | Cand\\u00e1s 365\",\"headline\":\"El Leipzig y su t\\u00e9cnico enfrentan un nuevo desaf\\u00edo en la Bundesliga\",\"author\":{\"@id\":\"https:\\\/\\\/candas365.es\\\/noticias\\\/author\\\/admin\\\/#author\"},\"publisher\":{\"@id\":\"https:\\\/\\\/candas365.es\\\/noticias\\\/#organization\"},\"image\":{\"@type\":\"ImageObject\",\"url\":\"https:\\\/\\\/candas365.es\\\/noticias\\\/wp-content\\\/uploads\\\/2018\\\/06\\\/football-1406106_960_720-1.jpg\",\"width\":960,\"height\":643},\"datePublished\":\"2020-01-16T18:56:19+01:00\",\"dateModified\":\"2020-01-16T18:56:19+01:00\",\"inLanguage\":\"es-ES\",\"mainEntityOfPage\":{\"@id\":\"https:\\\/\\\/candas365.es\\\/noticias\\\/el-leipzig-y-su-tecnico-enfrentan-un-nuevo-desafio-en-la-bundesliga\\\/#webpage\"},\"isPartOf\":{\"@id\":\"https:\\\/\\\/candas365.es\\\/noticias\\\/el-leipzig-y-su-tecnico-enfrentan-un-nuevo-desafio-en-la-bundesliga\\\/#webpage\"},\"articleSection\":\"Deporte\",\"dateline\":\"Publicado el enero 16, 2020.\"},{\"@type\":\"Organization\",\"@id\":\"https:\\\/\\\/candas365.es\\\/noticias\\\/#organization\",\"name\":\"Cand\\u00e1s 365\",\"description\":\"Cand\\u00e1s 365 es un diario digital independiente, fundado en 2012, con base en Asturias. Informamos con rigor sobre actualidad, sociedad, cultura y ocio, con una mirada local y global.\",\"url\":\"https:\\\/\\\/candas365.es\\\/noticias\\\/\",\"email\":\"info@candas365.es\",\"telephone\":\"+34652131393\",\"foundingDate\":\"2012-06-10\",\"logo\":{\"@type\":\"ImageObject\",\"url\":\"https:\\\/\\\/candas365.es\\\/noticias\\\/wp-content\\\/uploads\\\/2024\\\/09\\\/Candas-365-Redes.jpg\",\"@id\":\"https:\\\/\\\/candas365.es\\\/noticias\\\/el-leipzig-y-su-tecnico-enfrentan-un-nuevo-desafio-en-la-bundesliga\\\/#organizationLogo\",\"width\":1152,\"height\":864,\"caption\":\"Cand\\u00e1s 365 Redes\"},\"image\":{\"@id\":\"https:\\\/\\\/candas365.es\\\/noticias\\\/el-leipzig-y-su-tecnico-enfrentan-un-nuevo-desafio-en-la-bundesliga\\\/#organizationLogo\"},\"sameAs\":[\"https:\\\/\\\/www.facebook.com\\\/Nachofdezber\",\"https:\\\/\\\/x.com\\\/NabercoDigital\",\"https:\\\/\\\/www.instagram.com\\\/nachofdezber\\\/\",\"https:\\\/\\\/www.youtube.com\\\/channel\\\/UCZP-2wLEB9Rv6erhFmqVnvg\"],\"address\":{\"@id\":\"https:\\\/\\\/candas365.es\\\/noticias\\\/#postaladdress\",\"@type\":\"PostalAddress\",\"streetAddress\":\"san antonio 4, san antonio 4\",\"postalCode\":\"33430\",\"addressLocality\":\"Cand\\u00e1s\",\"addressRegion\":\"Asturias\",\"addressCountry\":\"ES\"}},{\"@type\":\"Person\",\"@id\":\"https:\\\/\\\/candas365.es\\\/noticias\\\/author\\\/admin\\\/#author\",\"url\":\"https:\\\/\\\/candas365.es\\\/noticias\\\/author\\\/admin\\\/\",\"name\":\"Cand\\u00e1s 365\",\"image\":{\"@type\":\"ImageObject\",\"@id\":\"https:\\\/\\\/candas365.es\\\/noticias\\\/el-leipzig-y-su-tecnico-enfrentan-un-nuevo-desafio-en-la-bundesliga\\\/#authorImage\",\"url\":\"https:\\\/\\\/secure.gravatar.com\\\/avatar\\\/496a8e03d0c493ede1718b7934145dbdf8d89be1036b0eec9544e1094c9de390?s=96&d=mm&r=g\",\"width\":96,\"height\":96,\"caption\":\"Cand\\u00e1s 365\"},\"sameAs\":[\"https:\\\/\\\/www.facebook.com\\\/carrenoactualidad\",\"https:\\\/\\\/twitter.com\\\/nbasturias\",\"https:\\\/\\\/www.instagram.com\\\/nachofdezber\\\/\",\"https:\\\/\\\/www.youtube.com\\\/channel\\\/UCZP-2wLEB9Rv6erhFmqVnvg\"]},{\"@type\":\"WebPage\",\"@id\":\"https:\\\/\\\/candas365.es\\\/noticias\\\/el-leipzig-y-su-tecnico-enfrentan-un-nuevo-desafio-en-la-bundesliga\\\/#webpage\",\"url\":\"https:\\\/\\\/candas365.es\\\/noticias\\\/el-leipzig-y-su-tecnico-enfrentan-un-nuevo-desafio-en-la-bundesliga\\\/\",\"name\":\"El Leipzig y su t\\u00e9cnico enfrentan un nuevo desaf\\u00edo en la Bundesliga | Cand\\u00e1s 365\",\"description\":\"Leipzig (Alemania), 16 ene (dpa) - Julian Nagelsmann posiblemente tenga que reescribir el plan cuatrienal que se propuso para la primera temporada como t\\u00e9cnico del Leipzig, actual puntero de la primera divisi\\u00f3n del f\\u00fatbol alem\\u00e1n. Apenas asumi\\u00f3 el entrenamiento del equipo el verano pasado (boreal), Nagelsmann dijo que \\\"b\\u00e1sicamente\\\" uno de sus objetivos era ganar\",\"inLanguage\":\"es-ES\",\"isPartOf\":{\"@id\":\"https:\\\/\\\/candas365.es\\\/noticias\\\/#website\"},\"breadcrumb\":{\"@id\":\"https:\\\/\\\/candas365.es\\\/noticias\\\/el-leipzig-y-su-tecnico-enfrentan-un-nuevo-desafio-en-la-bundesliga\\\/#breadcrumblist\"},\"author\":{\"@id\":\"https:\\\/\\\/candas365.es\\\/noticias\\\/author\\\/admin\\\/#author\"},\"creator\":{\"@id\":\"https:\\\/\\\/candas365.es\\\/noticias\\\/author\\\/admin\\\/#author\"},\"image\":{\"@type\":\"ImageObject\",\"url\":\"https:\\\/\\\/candas365.es\\\/noticias\\\/wp-content\\\/uploads\\\/2018\\\/06\\\/football-1406106_960_720-1.jpg\",\"@id\":\"https:\\\/\\\/candas365.es\\\/noticias\\\/el-leipzig-y-su-tecnico-enfrentan-un-nuevo-desafio-en-la-bundesliga\\\/#mainImage\",\"width\":960,\"height\":643},\"primaryImageOfPage\":{\"@id\":\"https:\\\/\\\/candas365.es\\\/noticias\\\/el-leipzig-y-su-tecnico-enfrentan-un-nuevo-desafio-en-la-bundesliga\\\/#mainImage\"},\"datePublished\":\"2020-01-16T18:56:19+01:00\",\"dateModified\":\"2020-01-16T18:56:19+01:00\"},{\"@type\":\"WebSite\",\"@id\":\"https:\\\/\\\/candas365.es\\\/noticias\\\/#website\",\"url\":\"https:\\\/\\\/candas365.es\\\/noticias\\\/\",\"name\":\"Cand\\u00e1s 365\",\"alternateName\":\"Cand\\u00e1s 365 Noticias\",\"description\":\"Actualidad desde Carre\\u00f1o para el mundo\",\"inLanguage\":\"es-ES\",\"publisher\":{\"@id\":\"https:\\\/\\\/candas365.es\\\/noticias\\\/#organization\"}}]}\n\t\t<\/script>\n\t\t<!-- All in One SEO Pro -->\r\n\t\t<title>El Leipzig y su t\u00e9cnico enfrentan un nuevo desaf\u00edo en la Bundesliga | Cand\u00e1s 365<\/title>\n\n","aioseo_head_json":{"title":"El Leipzig y su t\u00e9cnico enfrentan un nuevo desaf\u00edo en la Bundesliga | Cand\u00e1s 365","description":"Leipzig (Alemania), 16 ene (dpa) - Julian Nagelsmann posiblemente tenga que reescribir el plan cuatrienal que se propuso para la primera temporada como t\u00e9cnico del Leipzig, actual puntero de la primera divisi\u00f3n del f\u00fatbol alem\u00e1n. Apenas asumi\u00f3 el entrenamiento del equipo el verano pasado (boreal), Nagelsmann dijo que \"b\u00e1sicamente\" uno de sus objetivos era ganar","canonical_url":"https:\/\/candas365.es\/noticias\/el-leipzig-y-su-tecnico-enfrentan-un-nuevo-desafio-en-la-bundesliga\/","robots":"max-image-preview:large","keywords":"deporte","webmasterTools":{"google-site-verification":"UA-32230408-1","msvalidate.01":"354F3CDFB2DA171B47FBE9ABF1F88D5","miscellaneous":""},"schema":{"@context":"https:\/\/schema.org","@graph":[{"@type":"BreadcrumbList","@id":"https:\/\/candas365.es\/noticias\/el-leipzig-y-su-tecnico-enfrentan-un-nuevo-desafio-en-la-bundesliga\/#breadcrumblist","itemListElement":[{"@type":"ListItem","@id":"https:\/\/candas365.es\/noticias#listItem","position":1,"name":"Home","item":"https:\/\/candas365.es\/noticias","nextItem":{"@type":"ListItem","@id":"https:\/\/candas365.es\/noticias\/category\/deporte\/#listItem","name":"Deporte"}},{"@type":"ListItem","@id":"https:\/\/candas365.es\/noticias\/category\/deporte\/#listItem","position":2,"name":"Deporte","item":"https:\/\/candas365.es\/noticias\/category\/deporte\/","nextItem":{"@type":"ListItem","@id":"https:\/\/candas365.es\/noticias\/el-leipzig-y-su-tecnico-enfrentan-un-nuevo-desafio-en-la-bundesliga\/#listItem","name":"El Leipzig y su t\u00e9cnico enfrentan un nuevo desaf\u00edo en la Bundesliga"},"previousItem":{"@type":"ListItem","@id":"https:\/\/candas365.es\/noticias#listItem","name":"Home"}},{"@type":"ListItem","@id":"https:\/\/candas365.es\/noticias\/el-leipzig-y-su-tecnico-enfrentan-un-nuevo-desafio-en-la-bundesliga\/#listItem","position":3,"name":"El Leipzig y su t\u00e9cnico enfrentan un nuevo desaf\u00edo en la Bundesliga","previousItem":{"@type":"ListItem","@id":"https:\/\/candas365.es\/noticias\/category\/deporte\/#listItem","name":"Deporte"}}]},{"@type":"NewsArticle","@id":"https:\/\/candas365.es\/noticias\/el-leipzig-y-su-tecnico-enfrentan-un-nuevo-desafio-en-la-bundesliga\/#newsarticle","name":"El Leipzig y su t\u00e9cnico enfrentan un nuevo desaf\u00edo en la Bundesliga | Cand\u00e1s 365","headline":"El Leipzig y su t\u00e9cnico enfrentan un nuevo desaf\u00edo en la Bundesliga","author":{"@id":"https:\/\/candas365.es\/noticias\/author\/admin\/#author"},"publisher":{"@id":"https:\/\/candas365.es\/noticias\/#organization"},"image":{"@type":"ImageObject","url":"https:\/\/candas365.es\/noticias\/wp-content\/uploads\/2018\/06\/football-1406106_960_720-1.jpg","width":960,"height":643},"datePublished":"2020-01-16T18:56:19+01:00","dateModified":"2020-01-16T18:56:19+01:00","inLanguage":"es-ES","mainEntityOfPage":{"@id":"https:\/\/candas365.es\/noticias\/el-leipzig-y-su-tecnico-enfrentan-un-nuevo-desafio-en-la-bundesliga\/#webpage"},"isPartOf":{"@id":"https:\/\/candas365.es\/noticias\/el-leipzig-y-su-tecnico-enfrentan-un-nuevo-desafio-en-la-bundesliga\/#webpage"},"articleSection":"Deporte","dateline":"Publicado el enero 16, 2020."},{"@type":"Organization","@id":"https:\/\/candas365.es\/noticias\/#organization","name":"Cand\u00e1s 365","description":"Cand\u00e1s 365 es un diario digital independiente, fundado en 2012, con base en Asturias. Informamos con rigor sobre actualidad, sociedad, cultura y ocio, con una mirada local y global.","url":"https:\/\/candas365.es\/noticias\/","email":"info@candas365.es","telephone":"+34652131393","foundingDate":"2012-06-10","logo":{"@type":"ImageObject","url":"https:\/\/candas365.es\/noticias\/wp-content\/uploads\/2024\/09\/Candas-365-Redes.jpg","@id":"https:\/\/candas365.es\/noticias\/el-leipzig-y-su-tecnico-enfrentan-un-nuevo-desafio-en-la-bundesliga\/#organizationLogo","width":1152,"height":864,"caption":"Cand\u00e1s 365 Redes"},"image":{"@id":"https:\/\/candas365.es\/noticias\/el-leipzig-y-su-tecnico-enfrentan-un-nuevo-desafio-en-la-bundesliga\/#organizationLogo"},"sameAs":["https:\/\/www.facebook.com\/Nachofdezber","https:\/\/x.com\/NabercoDigital","https:\/\/www.instagram.com\/nachofdezber\/","https:\/\/www.youtube.com\/channel\/UCZP-2wLEB9Rv6erhFmqVnvg"],"address":{"@id":"https:\/\/candas365.es\/noticias\/#postaladdress","@type":"PostalAddress","streetAddress":"san antonio 4, san antonio 4","postalCode":"33430","addressLocality":"Cand\u00e1s","addressRegion":"Asturias","addressCountry":"ES"}},{"@type":"Person","@id":"https:\/\/candas365.es\/noticias\/author\/admin\/#author","url":"https:\/\/candas365.es\/noticias\/author\/admin\/","name":"Cand\u00e1s 365","image":{"@type":"ImageObject","@id":"https:\/\/candas365.es\/noticias\/el-leipzig-y-su-tecnico-enfrentan-un-nuevo-desafio-en-la-bundesliga\/#authorImage","url":"https:\/\/secure.gravatar.com\/avatar\/496a8e03d0c493ede1718b7934145dbdf8d89be1036b0eec9544e1094c9de390?s=96&d=mm&r=g","width":96,"height":96,"caption":"Cand\u00e1s 365"},"sameAs":["https:\/\/www.facebook.com\/carrenoactualidad","https:\/\/twitter.com\/nbasturias","https:\/\/www.instagram.com\/nachofdezber\/","https:\/\/www.youtube.com\/channel\/UCZP-2wLEB9Rv6erhFmqVnvg"]},{"@type":"WebPage","@id":"https:\/\/candas365.es\/noticias\/el-leipzig-y-su-tecnico-enfrentan-un-nuevo-desafio-en-la-bundesliga\/#webpage","url":"https:\/\/candas365.es\/noticias\/el-leipzig-y-su-tecnico-enfrentan-un-nuevo-desafio-en-la-bundesliga\/","name":"El Leipzig y su t\u00e9cnico enfrentan un nuevo desaf\u00edo en la Bundesliga | Cand\u00e1s 365","description":"Leipzig (Alemania), 16 ene (dpa) - Julian Nagelsmann posiblemente tenga que reescribir el plan cuatrienal que se propuso para la primera temporada como t\u00e9cnico del Leipzig, actual puntero de la primera divisi\u00f3n del f\u00fatbol alem\u00e1n. Apenas asumi\u00f3 el entrenamiento del equipo el verano pasado (boreal), Nagelsmann dijo que \"b\u00e1sicamente\" uno de sus objetivos era ganar","inLanguage":"es-ES","isPartOf":{"@id":"https:\/\/candas365.es\/noticias\/#website"},"breadcrumb":{"@id":"https:\/\/candas365.es\/noticias\/el-leipzig-y-su-tecnico-enfrentan-un-nuevo-desafio-en-la-bundesliga\/#breadcrumblist"},"author":{"@id":"https:\/\/candas365.es\/noticias\/author\/admin\/#author"},"creator":{"@id":"https:\/\/candas365.es\/noticias\/author\/admin\/#author"},"image":{"@type":"ImageObject","url":"https:\/\/candas365.es\/noticias\/wp-content\/uploads\/2018\/06\/football-1406106_960_720-1.jpg","@id":"https:\/\/candas365.es\/noticias\/el-leipzig-y-su-tecnico-enfrentan-un-nuevo-desafio-en-la-bundesliga\/#mainImage","width":960,"height":643},"primaryImageOfPage":{"@id":"https:\/\/candas365.es\/noticias\/el-leipzig-y-su-tecnico-enfrentan-un-nuevo-desafio-en-la-bundesliga\/#mainImage"},"datePublished":"2020-01-16T18:56:19+01:00","dateModified":"2020-01-16T18:56:19+01:00"},{"@type":"WebSite","@id":"https:\/\/candas365.es\/noticias\/#website","url":"https:\/\/candas365.es\/noticias\/","name":"Cand\u00e1s 365","alternateName":"Cand\u00e1s 365 Noticias","description":"Actualidad desde Carre\u00f1o para el mundo","inLanguage":"es-ES","publisher":{"@id":"https:\/\/candas365.es\/noticias\/#organization"}}]},"og:locale":"es_ES","og:site_name":"Cand\u00e1s 365","og:type":"article","og:title":"El Leipzig y su t\u00e9cnico enfrentan un nuevo desaf\u00edo en la Bundesliga | Cand\u00e1s 365","og:description":"Leipzig (Alemania), 16 ene (dpa) - Julian Nagelsmann posiblemente tenga que reescribir el plan cuatrienal que se propuso para la primera temporada como t\u00e9cnico del Leipzig, actual puntero de la primera divisi\u00f3n del f\u00fatbol alem\u00e1n. Apenas asumi\u00f3 el entrenamiento del equipo el verano pasado (boreal), Nagelsmann dijo que &quot;b\u00e1sicamente&quot; uno de sus objetivos era ganar","og:url":"https:\/\/candas365.es\/noticias\/el-leipzig-y-su-tecnico-enfrentan-un-nuevo-desafio-en-la-bundesliga\/","og:image":"https:\/\/candas365.es\/noticias\/wp-content\/uploads\/2018\/06\/football-1406106_960_720-1.jpg","og:image:secure_url":"https:\/\/candas365.es\/noticias\/wp-content\/uploads\/2018\/06\/football-1406106_960_720-1.jpg","og:image:width":960,"og:image:height":643,"article:published_time":"2020-01-16T18:56:19+00:00","article:modified_time":"2020-01-16T18:56:19+00:00","article:publisher":"https:\/\/www.facebook.com\/Nachofdezber","article:author":"https:\/\/www.facebook.com\/carrenoactualidad","twitter:card":"summary_large_image","twitter:site":"@NabercoDigital","twitter:title":"El Leipzig y su t\u00e9cnico enfrentan un nuevo desaf\u00edo en la Bundesliga | Cand\u00e1s 365","twitter:description":"Leipzig (Alemania), 16 ene (dpa) - Julian Nagelsmann posiblemente tenga que reescribir el plan cuatrienal que se propuso para la primera temporada como t\u00e9cnico del Leipzig, actual puntero de la primera divisi\u00f3n del f\u00fatbol alem\u00e1n. Apenas asumi\u00f3 el entrenamiento del equipo el verano pasado (boreal), Nagelsmann dijo que &quot;b\u00e1sicamente&quot; uno de sus objetivos era ganar","twitter:creator":"@nbasturias","twitter:image":"https:\/\/candas365.es\/noticias\/wp-content\/uploads\/2018\/06\/football-1406106_960_720-1.jpg","twitter:label1":"Escrito por","twitter:data1":"Cand\u00e1s 365","twitter:label2":"Tiempo de lectura estimado","twitter:data2":"3 minutos"},"aioseo_meta_data":{"post_id":"136534","title":null,"description":null,"keywords":null,"keyphrases":null,"primary_term":null,"canonical_url":null,"og_title":null,"og_description":null,"og_object_type":"default","og_image_type":"default","og_image_url":null,"og_image_width":null,"og_image_height":null,"og_image_custom_url":null,"og_image_custom_fields":null,"og_video":null,"og_custom_url":null,"og_article_section":null,"og_article_tags":null,"twitter_use_og":false,"twitter_card":"default","twitter_image_type":"default","twitter_image_url":null,"twitter_image_custom_url":null,"twitter_image_custom_fields":null,"twitter_title":null,"twitter_description":null,"schema":{"blockGraphs":[],"customGraphs":[],"default":{"data":{"Article":[],"Course":[],"Dataset":[],"FAQPage":[],"Movie":[],"Person":[],"Product":[],"ProductReview":[],"Car":[],"Recipe":[],"Service":[],"SoftwareApplication":[],"WebPage":[]},"graphName":"","isEnabled":true},"graphs":[]},"schema_type":null,"schema_type_options":null,"pillar_content":false,"robots_default":true,"robots_noindex":false,"robots_noarchive":false,"robots_nosnippet":false,"robots_nofollow":false,"robots_noimageindex":false,"robots_noodp":false,"robots_notranslate":false,"robots_max_snippet":null,"robots_max_videopreview":null,"robots_max_imagepreview":"large","priority":null,"frequency":null,"location":null,"local_seo":null,"seo_analyzer_scan_date":"2025-08-30 21:44:20","breadcrumb_settings":null,"limit_modified_date":false,"reviewed_by":null,"open_ai":null,"ai":null,"created":"2020-12-21 10:47:59","updated":"2025-08-30 21:44:20"},"aioseo_breadcrumb":"<div class=\"aioseo-breadcrumbs\"><span class=\"aioseo-breadcrumb\">\n\t<a href=\"https:\/\/candas365.es\/noticias\" title=\"Home\">Home<\/a>\n<\/span><span class=\"aioseo-breadcrumb-separator\">&ndash;<\/span><span class=\"aioseo-breadcrumb\">\n\t<a href=\"https:\/\/candas365.es\/noticias\/category\/deporte\/\" title=\"Deporte\">Deporte<\/a>\n<\/span><span class=\"aioseo-breadcrumb-separator\">&ndash;<\/span><span class=\"aioseo-breadcrumb\">\n\tEl Leipzig y su t\u00e9cnico enfrentan un nuevo desaf\u00edo en la Bundesliga\n<\/span><\/div>","aioseo_breadcrumb_json":[{"label":"Home","link":"https:\/\/candas365.es\/noticias"},{"label":"Deporte","link":"https:\/\/candas365.es\/noticias\/category\/deporte\/"},{"label":"El Leipzig y su t\u00e9cnico enfrentan un nuevo desaf\u00edo en la Bundesliga","link":"https:\/\/candas365.es\/noticias\/el-leipzig-y-su-tecnico-enfrentan-un-nuevo-desafio-en-la-bundesliga\/"}],"_links":{"self":[{"href":"https:\/\/candas365.es\/noticias\/wp-json\/wp\/v2\/posts\/136534","targetHints":{"allow":["GET"]}}],"collection":[{"href":"https:\/\/candas365.es\/noticias\/wp-json\/wp\/v2\/posts"}],"about":[{"href":"https:\/\/candas365.es\/noticias\/wp-json\/wp\/v2\/types\/post"}],"author":[{"embeddable":true,"href":"https:\/\/candas365.es\/noticias\/wp-json\/wp\/v2\/users\/1"}],"replies":[{"embeddable":true,"href":"https:\/\/candas365.es\/noticias\/wp-json\/wp\/v2\/comments?post=136534"}],"version-history":[{"count":0,"href":"https:\/\/candas365.es\/noticias\/wp-json\/wp\/v2\/posts\/136534\/revisions"}],"wp:featuredmedia":[{"embeddable":true,"href":"https:\/\/candas365.es\/noticias\/wp-json\/wp\/v2\/media\/98026"}],"wp:attachment":[{"href":"https:\/\/candas365.es\/noticias\/wp-json\/wp\/v2\/media?parent=136534"}],"wp:term":[{"taxonomy":"category","embeddable":true,"href":"https:\/\/candas365.es\/noticias\/wp-json\/wp\/v2\/categories?post=136534"},{"taxonomy":"post_tag","embeddable":true,"href":"https:\/\/candas365.es\/noticias\/wp-json\/wp\/v2\/tags?post=136534"}],"curies":[{"name":"wp","href":"https:\/\/api.w.org\/{rel}","templated":true}]}}