{"id":136481,"date":"2020-01-15T22:35:27","date_gmt":"2020-01-15T22:35:27","guid":{"rendered":"http:\/\/candas365.es\/noticias\/?p=136481"},"modified":"2020-01-15T22:35:27","modified_gmt":"2020-01-15T22:35:27","slug":"victor-sanchez-del-amo-me-despidieron-por-whatsapp","status":"publish","type":"post","link":"https:\/\/candas365.es\/noticias\/victor-sanchez-del-amo-me-despidieron-por-whatsapp\/","title":{"rendered":"V\u00edctor S\u00e1nchez del Amo: \u00abMe despidieron por WhatsApp\u00bb"},"content":{"rendered":"<figure id=\"attachment_136482\" aria-describedby=\"caption-attachment-136482\" style=\"width: 360px\" class=\"wp-caption alignleft\"><img fetchpriority=\"high\" decoding=\"async\" class=\"size-medium wp-image-136482\" src=\"https:\/\/candas365.es\/noticias\/wp-content\/uploads\/2020\/01\/Del-Amo-ep-360x260.jpg\" alt=\"\" width=\"360\" height=\"260\" srcset=\"https:\/\/candas365.es\/noticias\/wp-content\/uploads\/2020\/01\/Del-Amo-ep-360x260.jpg 360w, https:\/\/candas365.es\/noticias\/wp-content\/uploads\/2020\/01\/Del-Amo-ep-655x473.jpg 655w, https:\/\/candas365.es\/noticias\/wp-content\/uploads\/2020\/01\/Del-Amo-ep-696x502.jpg 696w, https:\/\/candas365.es\/noticias\/wp-content\/uploads\/2020\/01\/Del-Amo-ep-582x420.jpg 582w, https:\/\/candas365.es\/noticias\/wp-content\/uploads\/2020\/01\/Del-Amo-ep-324x235.jpg 324w, https:\/\/candas365.es\/noticias\/wp-content\/uploads\/2020\/01\/Del-Amo-ep.jpg 754w\" sizes=\"(max-width: 360px) 100vw, 360px\" \/><figcaption id=\"caption-attachment-136482\" class=\"wp-caption-text\">Foto: M\u00c1LAGA CF \/ Europa Press<\/figcaption><\/figure>\n<p>(Europa Press) &#8211;\u00a0El ext\u00e9cnico del M\u00e1laga, V\u00edctor S\u00e1nchez del Amo, ha explicado este mi\u00e9rcoles que la directiva del club malague\u00f1o le despidi\u00f3 \u00abpor WhatsApp\u00bb, tras la hacerse p\u00fablico un video de contenido sexual del entrenador, sin preguntarle \u00abc\u00f3mo estaba, ni qu\u00e9 hab\u00eda pasado\u00bb, a\u00f1adiendo que deja el club \u00aborgulloso por el trabajo realizado y con la conciencia tranquila\u00bb.<\/p>\n<p>\u00abEl martes, v\u00eda WhatsApp, me manda una carta el director general por el v\u00eddeo y por las declaraciones previas al partido de Oviedo. Y me niegan entrar a La Rosaleda y comunicarme con mi propio staff. Ni me preguntan cu\u00e1l es mi estado de \u00e1nimo, con por lo que sufr\u00eda\u00bb, explic\u00f3 el exfutbolista en rueda de prensa.<\/p>\n<p>El exjugador fue destituido por el M\u00e1laga el pasado s\u00e1bado por \u00abcausas disciplinarias\u00bb, despu\u00e9s de que se hiciera p\u00fablico un v\u00eddeo de contenido sexual, que seg\u00fan el club gener\u00f3 \u00abgraves da\u00f1os\u00bb a la entidad, seg\u00fan publicaron en un comunicado.<\/p>\n<p>En consecuencia, el t\u00e9cnico relat\u00f3 lo ocurrido y su despido \u00abindigno\u00bb, defendiendo que \u00abnadie le pregunt\u00f3 ni c\u00f3mo estaba, ni qu\u00e9 hab\u00eda pasado\u00bb. \u00abMe comunican mi despido, haciendo alusi\u00f3n a dos motivos. Soy v\u00edctima y a m\u00ed nadie me ha preguntado nada. Hubo una falta de empat\u00eda enorme por parte de los dirigentes del club. Ni una pregunta, ni c\u00f3mo estas, ni como est\u00e1 tu familia\u00bb, reiter\u00f3.<\/p>\n<p>\u00abEn la carta de despido hacen alusi\u00f3n a mi rueda de prensa previa al Oviedo. Con respecto a la rueda de prensa, tuvo la repercusi\u00f3n que le quisisteis dar y creo que estuvo dentro del marco comunicativo que suelo tener. Respetando mis funciones de entrenador, buscando el m\u00e1ximo rendimiento del equipo, comunicando mis opiniones y ejerciendo mi responsabilidad\u00bb, se defendi\u00f3.<\/p>\n<p><strong>\u00abYO QUER\u00cdA SEGUIR ENTRENANDO AL EQUIPO\u00bb<\/strong><\/p>\n<p>Seg\u00fan relat\u00f3 el madrile\u00f1o, comunic\u00f3 su deseo de \u00abseguir\u00bb como entrenador del M\u00e1laga, ya que consider\u00f3 que no hab\u00eda hecho \u00abnada\u00bb y que quer\u00eda \u00abcontinuar preparando al equipo\u00bb. \u00abYo quer\u00eda seguir con mis jugadores. La respuesta del club fue la carta inmediata en Twitter. Como veis es dif\u00edcil que la cabeza este en su sitio con esta situaci\u00f3n. He intentado hacer una descripci\u00f3n de lo que he vivido\u00bb, relat\u00f3.<\/p>\n<p>Adem\u00e1s, S\u00e1nchez del Amo aclar\u00f3 que ha puesto el asunto \u00aben manos de la polic\u00eda y del equipo jur\u00eddico\u00bb, y no quiso pronunciarse sobre la extorsi\u00f3n sufrida hacia \u00e9l y hacia su familia, aunque s\u00ed lo valor\u00f3 como una \u00abenorme falta de respeto a la intimidad\u00bb. \u00abNo puedo daros informaci\u00f3n sobre c\u00f3mo fue la extorsi\u00f3n, porque hay que respetar mi intimidad\u00bb, explic\u00f3.<\/p>\n<p>\u00abEntiendo vuestro trabajo, pero no puedo decir nada. Valoraciones sobre las intenciones de lo que ha pasado no puedo hacer, esto abre un escenario que ya es terreno de abogados. No quiero volver a entrar en detalles sobre el asunto. Estamos siguiendo instrucciones de la polic\u00eda. Primero, por el respeto a la intimidad y segundo, por las posibles dificultades que podemos ocasionar en la investigaci\u00f3n. Yo conf\u00edo en que esas investigaciones den resultados\u00bb, aclar\u00f3.<\/p>\n<p>El exfutbolista dej\u00f3 claro que estas fueron sus \u00abprimeras declaraciones\u00bb despu\u00e9s del comunicado de despido del club, ya que ha estado \u00abdesbordado\u00bb y adem\u00e1s, no se le permit\u00eda \u00abdecir nada\u00bb sobre lo ocurrido. \u00abMe da mucha rabia no poder contestar a los mensajes cuando se preocupan por m\u00ed. Estoy recibiendo muchas muestras de apoyo\u00bb, agradeci\u00f3.<\/p>\n<p>\u00abEl martes nos enteramos. Una persona que yo consideraba de apoyo comparti\u00f3 un mensaje que yo le hab\u00eda respondido como si fueran declaraciones m\u00edas. Quiero dejar claro que yo no he hecho ninguna declaraci\u00f3n. Me doli\u00f3 mucho ver esa publicaci\u00f3n, porque yo no hab\u00eda consentido\u00bb, explic\u00f3.<\/p>\n<p><strong>\u00abME VOY CON UNA SENSACI\u00d3N POSITIVA Y CON LA CONCIENCIA TRANQUILA\u00bb<\/strong><\/p>\n<p>Por otro lado, el ext\u00e9cnico del M\u00e1laga afirm\u00f3 irse con \u00abuna sensaci\u00f3n positiva\u00bb respecto al aspecto deportivo del equipo, ya que, a pesar de las \u00abdificultades econ\u00f3micas\u00bb del club, han podido terminar con \u00abbuenos resultados\u00bb. \u00abLos entrenadores cuando terminan en un club suele ser con una sensaci\u00f3n muy amarga porque suele ir con un resultado deportivo negativo. Pero nosotros no nos vamos con una sensaci\u00f3n amarga en lo deportivo, al rev\u00e9s\u00bb, afirm\u00f3.<\/p>\n<p>\u00abEste cuerpo t\u00e9cnico se siente tremendamente orgulloso desde el primer d\u00eda hasta el ultimo que hemos estado con el equipo. Todo lo que hemos hecho ha sido con la intenci\u00f3n de poner al equipo en la mejor situaci\u00f3n posible dejamos al equipo en una buena situaci\u00f3n. El equipo est\u00e1 bien en competici\u00f3n. Ah\u00ed est\u00e1n los datos del M\u00e1laga en esta primera vuelta, para que pod\u00e1is hacer vuestras valoraciones\u00bb, a\u00f1adi\u00f3.<\/p>\n<p>En este sentido, destac\u00f3 que su cuerpo t\u00e9cnico se marcha con un \u00abrecuerdo muy bonito\u00bb, tras una \u00abpreciosa despedida\u00bb. \u00abNo os pod\u00e9is imaginar lo que lloramos. El sentimiento que tenemos de esta afici\u00f3n ni te lo cuento, es inexplicable\u00bb, afirm\u00f3.<\/p>\n<p>\u00abCuando llegamos nos encontramos a un grupo de jugadores con una situaci\u00f3n complicada, el equipo venia de descender, hab\u00eda descontento en la afici\u00f3n, eso afectaba al vestuario y el cambio radical que tuvo con nuestra llegada lo valoro. Esa fue una base de nuestra decisi\u00f3n de continuar, la afici\u00f3n, tener un equipo comprometido con tu trabajo y una afici\u00f3n unida. Nos da mucha pena separarnos de esto. Pero lo hacemos con la conciencia tranquila\u00bb, asegur\u00f3.<\/p>\n<p>Adem\u00e1s, destac\u00f3 su \u00abplena confianza\u00bb en el M\u00e1laga y en \u00absus jugadores\u00bb, explicando que no quiere que \u00abesta situaci\u00f3n distraiga al equipo\u00bb. \u00abQuiero aprovechar para comentar que dentro de esa intimidad a la que obedece toda esta situaci\u00f3n he pedido a los jugadores que cualquier tipo de manifestaci\u00f3n hacia mi sean en el \u00e1mbito privado\u00bb, sentenci\u00f3.<\/p>\n<p>Finalmente, quiso agradecer el \u00abapoyo recibido\u00bb por parte de \u00abtodas las partes\u00bb. \u00abLa familia malaguista, las muestras de cari\u00f1o por parte de jugadores, de empleados, \u00e1rbitros, dirigentes deportivos, clubes, y sobre todo, mi familia\u00bb, agradeci\u00f3.<\/p>\n<p>\u00abQuiero agradecer a mi familia, a mi familia deportiva que la tengo aqu\u00ed conmigo, mis compa\u00f1eros de lucha constante a los que les voy a estar constantemente agradecido, los buenos y los malos momentos. Por supuesto a mi mujer, mis hijos, a mi padre y a mis hermanos que tambi\u00e9n han sido v\u00edctimas de esta situaci\u00f3n y han sido un apoyo constante desde el primer momento hasta el \u00faltimo\u00bb, concluy\u00f3.<\/p>\n<p>&nbsp;<\/p>\n","protected":false},"excerpt":{"rendered":"<p>(Europa Press) &#8211;\u00a0El ext\u00e9cnico del M\u00e1laga, V\u00edctor S\u00e1nchez del Amo, ha explicado este mi\u00e9rcoles que la directiva del club malague\u00f1o le despidi\u00f3 \u00abpor WhatsApp\u00bb, tras la hacerse p\u00fablico un video de contenido sexual del entrenador, sin preguntarle \u00abc\u00f3mo estaba, ni qu\u00e9 hab\u00eda pasado\u00bb, a\u00f1adiendo que deja el club \u00aborgulloso por el trabajo realizado y con<\/p>\n","protected":false},"author":1,"featured_media":136482,"comment_status":"closed","ping_status":"closed","sticky":false,"template":"","format":"standard","meta":{"footnotes":""},"categories":[319],"tags":[],"class_list":{"0":"post-136481","1":"post","2":"type-post","3":"status-publish","4":"format-standard","5":"has-post-thumbnail","7":"category-deporte"},"aioseo_notices":[],"aioseo_head":"\n\t\t<!-- All in One SEO Pro 4.9.6.2 - aioseo.com -->\n\t<meta name=\"description\" content=\"(Europa Press) - El ext\u00e9cnico del M\u00e1laga, V\u00edctor S\u00e1nchez del Amo, ha explicado este mi\u00e9rcoles que la directiva del club malague\u00f1o le despidi\u00f3 &quot;por WhatsApp&quot;, tras la hacerse p\u00fablico un video de contenido sexual del entrenador, sin preguntarle &quot;c\u00f3mo estaba, ni qu\u00e9 hab\u00eda pasado&quot;, a\u00f1adiendo que deja el club &quot;orgulloso por el trabajo realizado y con\" \/>\n\t<meta name=\"robots\" content=\"max-image-preview:large\" \/>\n\t<meta name=\"author\" content=\"Cand\u00e1s 365\"\/>\n\t<meta name=\"google-site-verification\" content=\"UA-32230408-1\" \/>\n\t<meta name=\"msvalidate.01\" content=\"354F3CDFB2DA171B47FBE9ABF1F88D5\" \/>\n\t<meta name=\"keywords\" content=\"deporte\" \/>\n\t<link rel=\"canonical\" href=\"https:\/\/candas365.es\/noticias\/victor-sanchez-del-amo-me-despidieron-por-whatsapp\/\" \/>\n\t<meta name=\"generator\" content=\"All in One SEO Pro (AIOSEO) 4.9.6.2\" \/>\n\t\t<meta property=\"og:locale\" content=\"es_ES\" \/>\n\t\t<meta property=\"og:site_name\" content=\"Cand\u00e1s 365\" \/>\n\t\t<meta property=\"og:type\" content=\"article\" \/>\n\t\t<meta property=\"og:title\" content=\"V\u00edctor S\u00e1nchez del Amo: \u00abMe despidieron por WhatsApp\u00bb | Cand\u00e1s 365\" \/>\n\t\t<meta property=\"og:description\" content=\"(Europa Press) - El ext\u00e9cnico del M\u00e1laga, V\u00edctor S\u00e1nchez del Amo, ha explicado este mi\u00e9rcoles que la directiva del club malague\u00f1o le despidi\u00f3 &quot;por WhatsApp&quot;, tras la hacerse p\u00fablico un video de contenido sexual del entrenador, sin preguntarle &quot;c\u00f3mo estaba, ni qu\u00e9 hab\u00eda pasado&quot;, a\u00f1adiendo que deja el club &quot;orgulloso por el trabajo realizado y con\" \/>\n\t\t<meta property=\"og:url\" content=\"https:\/\/candas365.es\/noticias\/victor-sanchez-del-amo-me-despidieron-por-whatsapp\/\" \/>\n\t\t<meta property=\"og:image\" content=\"https:\/\/candas365.es\/noticias\/wp-content\/uploads\/2020\/01\/Del-Amo-ep.jpg\" \/>\n\t\t<meta property=\"og:image:secure_url\" content=\"https:\/\/candas365.es\/noticias\/wp-content\/uploads\/2020\/01\/Del-Amo-ep.jpg\" \/>\n\t\t<meta property=\"og:image:width\" content=\"754\" \/>\n\t\t<meta property=\"og:image:height\" content=\"544\" \/>\n\t\t<meta property=\"article:published_time\" content=\"2020-01-15T22:35:27+00:00\" \/>\n\t\t<meta property=\"article:modified_time\" content=\"2020-01-15T22:35:27+00:00\" \/>\n\t\t<meta property=\"article:publisher\" content=\"https:\/\/www.facebook.com\/Nachofdezber\" \/>\n\t\t<meta property=\"article:author\" content=\"https:\/\/www.facebook.com\/carrenoactualidad\" \/>\n\t\t<meta name=\"twitter:card\" content=\"summary_large_image\" \/>\n\t\t<meta name=\"twitter:site\" content=\"@NabercoDigital\" \/>\n\t\t<meta name=\"twitter:title\" content=\"V\u00edctor S\u00e1nchez del Amo: \u00abMe despidieron por WhatsApp\u00bb | Cand\u00e1s 365\" \/>\n\t\t<meta name=\"twitter:description\" content=\"(Europa Press) - El ext\u00e9cnico del M\u00e1laga, V\u00edctor S\u00e1nchez del Amo, ha explicado este mi\u00e9rcoles que la directiva del club malague\u00f1o le despidi\u00f3 &quot;por WhatsApp&quot;, tras la hacerse p\u00fablico un video de contenido sexual del entrenador, sin preguntarle &quot;c\u00f3mo estaba, ni qu\u00e9 hab\u00eda pasado&quot;, a\u00f1adiendo que deja el club &quot;orgulloso por el trabajo realizado y con\" \/>\n\t\t<meta name=\"twitter:creator\" content=\"@nbasturias\" \/>\n\t\t<meta name=\"twitter:image\" content=\"https:\/\/candas365.es\/noticias\/wp-content\/uploads\/2020\/01\/Del-Amo-ep.jpg\" \/>\n\t\t<meta name=\"twitter:label1\" content=\"Escrito por\" \/>\n\t\t<meta name=\"twitter:data1\" content=\"Cand\u00e1s 365\" \/>\n\t\t<meta name=\"twitter:label2\" content=\"Tiempo de lectura estimado\" \/>\n\t\t<meta name=\"twitter:data2\" content=\"6 minutos\" \/>\n\t\t<script type=\"application\/ld+json\" class=\"aioseo-schema\">\n\t\t\t{\"@context\":\"https:\\\/\\\/schema.org\",\"@graph\":[{\"@type\":\"BreadcrumbList\",\"@id\":\"https:\\\/\\\/candas365.es\\\/noticias\\\/victor-sanchez-del-amo-me-despidieron-por-whatsapp\\\/#breadcrumblist\",\"itemListElement\":[{\"@type\":\"ListItem\",\"@id\":\"https:\\\/\\\/candas365.es\\\/noticias#listItem\",\"position\":1,\"name\":\"Home\",\"item\":\"https:\\\/\\\/candas365.es\\\/noticias\",\"nextItem\":{\"@type\":\"ListItem\",\"@id\":\"https:\\\/\\\/candas365.es\\\/noticias\\\/category\\\/deporte\\\/#listItem\",\"name\":\"Deporte\"}},{\"@type\":\"ListItem\",\"@id\":\"https:\\\/\\\/candas365.es\\\/noticias\\\/category\\\/deporte\\\/#listItem\",\"position\":2,\"name\":\"Deporte\",\"item\":\"https:\\\/\\\/candas365.es\\\/noticias\\\/category\\\/deporte\\\/\",\"nextItem\":{\"@type\":\"ListItem\",\"@id\":\"https:\\\/\\\/candas365.es\\\/noticias\\\/victor-sanchez-del-amo-me-despidieron-por-whatsapp\\\/#listItem\",\"name\":\"V\\u00edctor S\\u00e1nchez del Amo: \\u00abMe despidieron por WhatsApp\\u00bb\"},\"previousItem\":{\"@type\":\"ListItem\",\"@id\":\"https:\\\/\\\/candas365.es\\\/noticias#listItem\",\"name\":\"Home\"}},{\"@type\":\"ListItem\",\"@id\":\"https:\\\/\\\/candas365.es\\\/noticias\\\/victor-sanchez-del-amo-me-despidieron-por-whatsapp\\\/#listItem\",\"position\":3,\"name\":\"V\\u00edctor S\\u00e1nchez del Amo: \\u00abMe despidieron por WhatsApp\\u00bb\",\"previousItem\":{\"@type\":\"ListItem\",\"@id\":\"https:\\\/\\\/candas365.es\\\/noticias\\\/category\\\/deporte\\\/#listItem\",\"name\":\"Deporte\"}}]},{\"@type\":\"NewsArticle\",\"@id\":\"https:\\\/\\\/candas365.es\\\/noticias\\\/victor-sanchez-del-amo-me-despidieron-por-whatsapp\\\/#newsarticle\",\"name\":\"V\\u00edctor S\\u00e1nchez del Amo: \\u00abMe despidieron por WhatsApp\\u00bb | Cand\\u00e1s 365\",\"headline\":\"V\\u00edctor S\\u00e1nchez del Amo: \\u00abMe despidieron por WhatsApp\\u00bb\",\"author\":{\"@id\":\"https:\\\/\\\/candas365.es\\\/noticias\\\/author\\\/admin\\\/#author\"},\"publisher\":{\"@id\":\"https:\\\/\\\/candas365.es\\\/noticias\\\/#organization\"},\"image\":{\"@type\":\"ImageObject\",\"url\":\"https:\\\/\\\/candas365.es\\\/noticias\\\/wp-content\\\/uploads\\\/2020\\\/01\\\/Del-Amo-ep.jpg\",\"width\":754,\"height\":544,\"caption\":\"Foto: M\\u00c1LAGA CF \\\/ Europa Press\"},\"datePublished\":\"2020-01-15T22:35:27+01:00\",\"dateModified\":\"2020-01-15T22:35:27+01:00\",\"inLanguage\":\"es-ES\",\"mainEntityOfPage\":{\"@id\":\"https:\\\/\\\/candas365.es\\\/noticias\\\/victor-sanchez-del-amo-me-despidieron-por-whatsapp\\\/#webpage\"},\"isPartOf\":{\"@id\":\"https:\\\/\\\/candas365.es\\\/noticias\\\/victor-sanchez-del-amo-me-despidieron-por-whatsapp\\\/#webpage\"},\"articleSection\":\"Deporte\",\"dateline\":\"Publicado el enero 15, 2020.\"},{\"@type\":\"Organization\",\"@id\":\"https:\\\/\\\/candas365.es\\\/noticias\\\/#organization\",\"name\":\"Cand\\u00e1s 365\",\"description\":\"Cand\\u00e1s 365 es un diario digital independiente, fundado en 2012, con base en Asturias. Informamos con rigor sobre actualidad, sociedad, cultura y ocio, con una mirada local y global.\",\"url\":\"https:\\\/\\\/candas365.es\\\/noticias\\\/\",\"email\":\"info@candas365.es\",\"telephone\":\"+34652131393\",\"foundingDate\":\"2012-06-10\",\"logo\":{\"@type\":\"ImageObject\",\"url\":\"https:\\\/\\\/candas365.es\\\/noticias\\\/wp-content\\\/uploads\\\/2024\\\/09\\\/Candas-365-Redes.jpg\",\"@id\":\"https:\\\/\\\/candas365.es\\\/noticias\\\/victor-sanchez-del-amo-me-despidieron-por-whatsapp\\\/#organizationLogo\",\"width\":1152,\"height\":864,\"caption\":\"Cand\\u00e1s 365 Redes\"},\"image\":{\"@id\":\"https:\\\/\\\/candas365.es\\\/noticias\\\/victor-sanchez-del-amo-me-despidieron-por-whatsapp\\\/#organizationLogo\"},\"sameAs\":[\"https:\\\/\\\/www.facebook.com\\\/Nachofdezber\",\"https:\\\/\\\/x.com\\\/NabercoDigital\",\"https:\\\/\\\/www.instagram.com\\\/nachofdezber\\\/\",\"https:\\\/\\\/www.youtube.com\\\/channel\\\/UCZP-2wLEB9Rv6erhFmqVnvg\"],\"address\":{\"@id\":\"https:\\\/\\\/candas365.es\\\/noticias\\\/#postaladdress\",\"@type\":\"PostalAddress\",\"streetAddress\":\"san antonio 4, san antonio 4\",\"postalCode\":\"33430\",\"addressLocality\":\"Cand\\u00e1s\",\"addressRegion\":\"Asturias\",\"addressCountry\":\"ES\"}},{\"@type\":\"Person\",\"@id\":\"https:\\\/\\\/candas365.es\\\/noticias\\\/author\\\/admin\\\/#author\",\"url\":\"https:\\\/\\\/candas365.es\\\/noticias\\\/author\\\/admin\\\/\",\"name\":\"Cand\\u00e1s 365\",\"image\":{\"@type\":\"ImageObject\",\"@id\":\"https:\\\/\\\/candas365.es\\\/noticias\\\/victor-sanchez-del-amo-me-despidieron-por-whatsapp\\\/#authorImage\",\"url\":\"https:\\\/\\\/secure.gravatar.com\\\/avatar\\\/496a8e03d0c493ede1718b7934145dbdf8d89be1036b0eec9544e1094c9de390?s=96&d=mm&r=g\",\"width\":96,\"height\":96,\"caption\":\"Cand\\u00e1s 365\"},\"sameAs\":[\"https:\\\/\\\/www.facebook.com\\\/carrenoactualidad\",\"https:\\\/\\\/twitter.com\\\/nbasturias\",\"https:\\\/\\\/www.instagram.com\\\/nachofdezber\\\/\",\"https:\\\/\\\/www.youtube.com\\\/channel\\\/UCZP-2wLEB9Rv6erhFmqVnvg\"]},{\"@type\":\"WebPage\",\"@id\":\"https:\\\/\\\/candas365.es\\\/noticias\\\/victor-sanchez-del-amo-me-despidieron-por-whatsapp\\\/#webpage\",\"url\":\"https:\\\/\\\/candas365.es\\\/noticias\\\/victor-sanchez-del-amo-me-despidieron-por-whatsapp\\\/\",\"name\":\"V\\u00edctor S\\u00e1nchez del Amo: \\u00abMe despidieron por WhatsApp\\u00bb | Cand\\u00e1s 365\",\"description\":\"(Europa Press) - El ext\\u00e9cnico del M\\u00e1laga, V\\u00edctor S\\u00e1nchez del Amo, ha explicado este mi\\u00e9rcoles que la directiva del club malague\\u00f1o le despidi\\u00f3 \\\"por WhatsApp\\\", tras la hacerse p\\u00fablico un video de contenido sexual del entrenador, sin preguntarle \\\"c\\u00f3mo estaba, ni qu\\u00e9 hab\\u00eda pasado\\\", a\\u00f1adiendo que deja el club \\\"orgulloso por el trabajo realizado y con\",\"inLanguage\":\"es-ES\",\"isPartOf\":{\"@id\":\"https:\\\/\\\/candas365.es\\\/noticias\\\/#website\"},\"breadcrumb\":{\"@id\":\"https:\\\/\\\/candas365.es\\\/noticias\\\/victor-sanchez-del-amo-me-despidieron-por-whatsapp\\\/#breadcrumblist\"},\"author\":{\"@id\":\"https:\\\/\\\/candas365.es\\\/noticias\\\/author\\\/admin\\\/#author\"},\"creator\":{\"@id\":\"https:\\\/\\\/candas365.es\\\/noticias\\\/author\\\/admin\\\/#author\"},\"image\":{\"@type\":\"ImageObject\",\"url\":\"https:\\\/\\\/candas365.es\\\/noticias\\\/wp-content\\\/uploads\\\/2020\\\/01\\\/Del-Amo-ep.jpg\",\"@id\":\"https:\\\/\\\/candas365.es\\\/noticias\\\/victor-sanchez-del-amo-me-despidieron-por-whatsapp\\\/#mainImage\",\"width\":754,\"height\":544,\"caption\":\"Foto: M\\u00c1LAGA CF \\\/ Europa Press\"},\"primaryImageOfPage\":{\"@id\":\"https:\\\/\\\/candas365.es\\\/noticias\\\/victor-sanchez-del-amo-me-despidieron-por-whatsapp\\\/#mainImage\"},\"datePublished\":\"2020-01-15T22:35:27+01:00\",\"dateModified\":\"2020-01-15T22:35:27+01:00\"},{\"@type\":\"WebSite\",\"@id\":\"https:\\\/\\\/candas365.es\\\/noticias\\\/#website\",\"url\":\"https:\\\/\\\/candas365.es\\\/noticias\\\/\",\"name\":\"Cand\\u00e1s 365\",\"alternateName\":\"Cand\\u00e1s 365 Noticias\",\"description\":\"Actualidad desde Carre\\u00f1o para el mundo\",\"inLanguage\":\"es-ES\",\"publisher\":{\"@id\":\"https:\\\/\\\/candas365.es\\\/noticias\\\/#organization\"}}]}\n\t\t<\/script>\n\t\t<!-- All in One SEO Pro -->\r\n\t\t<title>V\u00edctor S\u00e1nchez del Amo: \u00abMe despidieron por WhatsApp\u00bb | Cand\u00e1s 365<\/title>\n\n","aioseo_head_json":{"title":"V\u00edctor S\u00e1nchez del Amo: \u00abMe despidieron por WhatsApp\u00bb | Cand\u00e1s 365","description":"(Europa Press) - El ext\u00e9cnico del M\u00e1laga, V\u00edctor S\u00e1nchez del Amo, ha explicado este mi\u00e9rcoles que la directiva del club malague\u00f1o le despidi\u00f3 \"por WhatsApp\", tras la hacerse p\u00fablico un video de contenido sexual del entrenador, sin preguntarle \"c\u00f3mo estaba, ni qu\u00e9 hab\u00eda pasado\", a\u00f1adiendo que deja el club \"orgulloso por el trabajo realizado y con","canonical_url":"https:\/\/candas365.es\/noticias\/victor-sanchez-del-amo-me-despidieron-por-whatsapp\/","robots":"max-image-preview:large","keywords":"deporte","webmasterTools":{"google-site-verification":"UA-32230408-1","msvalidate.01":"354F3CDFB2DA171B47FBE9ABF1F88D5","miscellaneous":""},"schema":{"@context":"https:\/\/schema.org","@graph":[{"@type":"BreadcrumbList","@id":"https:\/\/candas365.es\/noticias\/victor-sanchez-del-amo-me-despidieron-por-whatsapp\/#breadcrumblist","itemListElement":[{"@type":"ListItem","@id":"https:\/\/candas365.es\/noticias#listItem","position":1,"name":"Home","item":"https:\/\/candas365.es\/noticias","nextItem":{"@type":"ListItem","@id":"https:\/\/candas365.es\/noticias\/category\/deporte\/#listItem","name":"Deporte"}},{"@type":"ListItem","@id":"https:\/\/candas365.es\/noticias\/category\/deporte\/#listItem","position":2,"name":"Deporte","item":"https:\/\/candas365.es\/noticias\/category\/deporte\/","nextItem":{"@type":"ListItem","@id":"https:\/\/candas365.es\/noticias\/victor-sanchez-del-amo-me-despidieron-por-whatsapp\/#listItem","name":"V\u00edctor S\u00e1nchez del Amo: \u00abMe despidieron por WhatsApp\u00bb"},"previousItem":{"@type":"ListItem","@id":"https:\/\/candas365.es\/noticias#listItem","name":"Home"}},{"@type":"ListItem","@id":"https:\/\/candas365.es\/noticias\/victor-sanchez-del-amo-me-despidieron-por-whatsapp\/#listItem","position":3,"name":"V\u00edctor S\u00e1nchez del Amo: \u00abMe despidieron por WhatsApp\u00bb","previousItem":{"@type":"ListItem","@id":"https:\/\/candas365.es\/noticias\/category\/deporte\/#listItem","name":"Deporte"}}]},{"@type":"NewsArticle","@id":"https:\/\/candas365.es\/noticias\/victor-sanchez-del-amo-me-despidieron-por-whatsapp\/#newsarticle","name":"V\u00edctor S\u00e1nchez del Amo: \u00abMe despidieron por WhatsApp\u00bb | Cand\u00e1s 365","headline":"V\u00edctor S\u00e1nchez del Amo: \u00abMe despidieron por WhatsApp\u00bb","author":{"@id":"https:\/\/candas365.es\/noticias\/author\/admin\/#author"},"publisher":{"@id":"https:\/\/candas365.es\/noticias\/#organization"},"image":{"@type":"ImageObject","url":"https:\/\/candas365.es\/noticias\/wp-content\/uploads\/2020\/01\/Del-Amo-ep.jpg","width":754,"height":544,"caption":"Foto: M\u00c1LAGA CF \/ Europa Press"},"datePublished":"2020-01-15T22:35:27+01:00","dateModified":"2020-01-15T22:35:27+01:00","inLanguage":"es-ES","mainEntityOfPage":{"@id":"https:\/\/candas365.es\/noticias\/victor-sanchez-del-amo-me-despidieron-por-whatsapp\/#webpage"},"isPartOf":{"@id":"https:\/\/candas365.es\/noticias\/victor-sanchez-del-amo-me-despidieron-por-whatsapp\/#webpage"},"articleSection":"Deporte","dateline":"Publicado el enero 15, 2020."},{"@type":"Organization","@id":"https:\/\/candas365.es\/noticias\/#organization","name":"Cand\u00e1s 365","description":"Cand\u00e1s 365 es un diario digital independiente, fundado en 2012, con base en Asturias. Informamos con rigor sobre actualidad, sociedad, cultura y ocio, con una mirada local y global.","url":"https:\/\/candas365.es\/noticias\/","email":"info@candas365.es","telephone":"+34652131393","foundingDate":"2012-06-10","logo":{"@type":"ImageObject","url":"https:\/\/candas365.es\/noticias\/wp-content\/uploads\/2024\/09\/Candas-365-Redes.jpg","@id":"https:\/\/candas365.es\/noticias\/victor-sanchez-del-amo-me-despidieron-por-whatsapp\/#organizationLogo","width":1152,"height":864,"caption":"Cand\u00e1s 365 Redes"},"image":{"@id":"https:\/\/candas365.es\/noticias\/victor-sanchez-del-amo-me-despidieron-por-whatsapp\/#organizationLogo"},"sameAs":["https:\/\/www.facebook.com\/Nachofdezber","https:\/\/x.com\/NabercoDigital","https:\/\/www.instagram.com\/nachofdezber\/","https:\/\/www.youtube.com\/channel\/UCZP-2wLEB9Rv6erhFmqVnvg"],"address":{"@id":"https:\/\/candas365.es\/noticias\/#postaladdress","@type":"PostalAddress","streetAddress":"san antonio 4, san antonio 4","postalCode":"33430","addressLocality":"Cand\u00e1s","addressRegion":"Asturias","addressCountry":"ES"}},{"@type":"Person","@id":"https:\/\/candas365.es\/noticias\/author\/admin\/#author","url":"https:\/\/candas365.es\/noticias\/author\/admin\/","name":"Cand\u00e1s 365","image":{"@type":"ImageObject","@id":"https:\/\/candas365.es\/noticias\/victor-sanchez-del-amo-me-despidieron-por-whatsapp\/#authorImage","url":"https:\/\/secure.gravatar.com\/avatar\/496a8e03d0c493ede1718b7934145dbdf8d89be1036b0eec9544e1094c9de390?s=96&d=mm&r=g","width":96,"height":96,"caption":"Cand\u00e1s 365"},"sameAs":["https:\/\/www.facebook.com\/carrenoactualidad","https:\/\/twitter.com\/nbasturias","https:\/\/www.instagram.com\/nachofdezber\/","https:\/\/www.youtube.com\/channel\/UCZP-2wLEB9Rv6erhFmqVnvg"]},{"@type":"WebPage","@id":"https:\/\/candas365.es\/noticias\/victor-sanchez-del-amo-me-despidieron-por-whatsapp\/#webpage","url":"https:\/\/candas365.es\/noticias\/victor-sanchez-del-amo-me-despidieron-por-whatsapp\/","name":"V\u00edctor S\u00e1nchez del Amo: \u00abMe despidieron por WhatsApp\u00bb | Cand\u00e1s 365","description":"(Europa Press) - El ext\u00e9cnico del M\u00e1laga, V\u00edctor S\u00e1nchez del Amo, ha explicado este mi\u00e9rcoles que la directiva del club malague\u00f1o le despidi\u00f3 \"por WhatsApp\", tras la hacerse p\u00fablico un video de contenido sexual del entrenador, sin preguntarle \"c\u00f3mo estaba, ni qu\u00e9 hab\u00eda pasado\", a\u00f1adiendo que deja el club \"orgulloso por el trabajo realizado y con","inLanguage":"es-ES","isPartOf":{"@id":"https:\/\/candas365.es\/noticias\/#website"},"breadcrumb":{"@id":"https:\/\/candas365.es\/noticias\/victor-sanchez-del-amo-me-despidieron-por-whatsapp\/#breadcrumblist"},"author":{"@id":"https:\/\/candas365.es\/noticias\/author\/admin\/#author"},"creator":{"@id":"https:\/\/candas365.es\/noticias\/author\/admin\/#author"},"image":{"@type":"ImageObject","url":"https:\/\/candas365.es\/noticias\/wp-content\/uploads\/2020\/01\/Del-Amo-ep.jpg","@id":"https:\/\/candas365.es\/noticias\/victor-sanchez-del-amo-me-despidieron-por-whatsapp\/#mainImage","width":754,"height":544,"caption":"Foto: M\u00c1LAGA CF \/ Europa Press"},"primaryImageOfPage":{"@id":"https:\/\/candas365.es\/noticias\/victor-sanchez-del-amo-me-despidieron-por-whatsapp\/#mainImage"},"datePublished":"2020-01-15T22:35:27+01:00","dateModified":"2020-01-15T22:35:27+01:00"},{"@type":"WebSite","@id":"https:\/\/candas365.es\/noticias\/#website","url":"https:\/\/candas365.es\/noticias\/","name":"Cand\u00e1s 365","alternateName":"Cand\u00e1s 365 Noticias","description":"Actualidad desde Carre\u00f1o para el mundo","inLanguage":"es-ES","publisher":{"@id":"https:\/\/candas365.es\/noticias\/#organization"}}]},"og:locale":"es_ES","og:site_name":"Cand\u00e1s 365","og:type":"article","og:title":"V\u00edctor S\u00e1nchez del Amo: \u00abMe despidieron por WhatsApp\u00bb | Cand\u00e1s 365","og:description":"(Europa Press) - El ext\u00e9cnico del M\u00e1laga, V\u00edctor S\u00e1nchez del Amo, ha explicado este mi\u00e9rcoles que la directiva del club malague\u00f1o le despidi\u00f3 &quot;por WhatsApp&quot;, tras la hacerse p\u00fablico un video de contenido sexual del entrenador, sin preguntarle &quot;c\u00f3mo estaba, ni qu\u00e9 hab\u00eda pasado&quot;, a\u00f1adiendo que deja el club &quot;orgulloso por el trabajo realizado y con","og:url":"https:\/\/candas365.es\/noticias\/victor-sanchez-del-amo-me-despidieron-por-whatsapp\/","og:image":"https:\/\/candas365.es\/noticias\/wp-content\/uploads\/2020\/01\/Del-Amo-ep.jpg","og:image:secure_url":"https:\/\/candas365.es\/noticias\/wp-content\/uploads\/2020\/01\/Del-Amo-ep.jpg","og:image:width":754,"og:image:height":544,"article:published_time":"2020-01-15T22:35:27+00:00","article:modified_time":"2020-01-15T22:35:27+00:00","article:publisher":"https:\/\/www.facebook.com\/Nachofdezber","article:author":"https:\/\/www.facebook.com\/carrenoactualidad","twitter:card":"summary_large_image","twitter:site":"@NabercoDigital","twitter:title":"V\u00edctor S\u00e1nchez del Amo: \u00abMe despidieron por WhatsApp\u00bb | Cand\u00e1s 365","twitter:description":"(Europa Press) - El ext\u00e9cnico del M\u00e1laga, V\u00edctor S\u00e1nchez del Amo, ha explicado este mi\u00e9rcoles que la directiva del club malague\u00f1o le despidi\u00f3 &quot;por WhatsApp&quot;, tras la hacerse p\u00fablico un video de contenido sexual del entrenador, sin preguntarle &quot;c\u00f3mo estaba, ni qu\u00e9 hab\u00eda pasado&quot;, a\u00f1adiendo que deja el club &quot;orgulloso por el trabajo realizado y con","twitter:creator":"@nbasturias","twitter:image":"https:\/\/candas365.es\/noticias\/wp-content\/uploads\/2020\/01\/Del-Amo-ep.jpg","twitter:label1":"Escrito por","twitter:data1":"Cand\u00e1s 365","twitter:label2":"Tiempo de lectura estimado","twitter:data2":"6 minutos"},"aioseo_meta_data":{"post_id":"136481","title":null,"description":null,"keywords":null,"keyphrases":null,"primary_term":null,"canonical_url":null,"og_title":null,"og_description":null,"og_object_type":"default","og_image_type":"default","og_image_url":null,"og_image_width":null,"og_image_height":null,"og_image_custom_url":null,"og_image_custom_fields":null,"og_video":null,"og_custom_url":null,"og_article_section":null,"og_article_tags":null,"twitter_use_og":false,"twitter_card":"default","twitter_image_type":"default","twitter_image_url":null,"twitter_image_custom_url":null,"twitter_image_custom_fields":null,"twitter_title":null,"twitter_description":null,"schema":{"blockGraphs":[],"customGraphs":[],"default":{"data":{"Article":[],"Course":[],"Dataset":[],"FAQPage":[],"Movie":[],"Person":[],"Product":[],"ProductReview":[],"Car":[],"Recipe":[],"Service":[],"SoftwareApplication":[],"WebPage":[]},"graphName":"","isEnabled":true},"graphs":[],"defaultGraph":"","defaultPostTypeGraph":""},"schema_type":null,"schema_type_options":null,"pillar_content":false,"robots_default":true,"robots_noindex":false,"robots_noarchive":false,"robots_nosnippet":false,"robots_nofollow":false,"robots_noimageindex":false,"robots_noodp":false,"robots_notranslate":false,"robots_max_snippet":null,"robots_max_videopreview":null,"robots_max_imagepreview":"large","priority":null,"frequency":null,"location":null,"local_seo":null,"seo_analyzer_scan_date":"2025-08-30 21:40:58","breadcrumb_settings":null,"limit_modified_date":false,"reviewed_by":null,"open_ai":null,"ai":null,"created":"2020-12-21 10:47:59","updated":"2025-08-30 21:40:58"},"aioseo_breadcrumb":"<div class=\"aioseo-breadcrumbs\"><span class=\"aioseo-breadcrumb\">\n\t<a href=\"https:\/\/candas365.es\/noticias\" title=\"Home\">Home<\/a>\n<\/span><span class=\"aioseo-breadcrumb-separator\">&ndash;<\/span><span class=\"aioseo-breadcrumb\">\n\t<a href=\"https:\/\/candas365.es\/noticias\/category\/deporte\/\" title=\"Deporte\">Deporte<\/a>\n<\/span><span class=\"aioseo-breadcrumb-separator\">&ndash;<\/span><span class=\"aioseo-breadcrumb\">\n\tV\u00edctor S\u00e1nchez del Amo: \u00abMe despidieron por WhatsApp\u00bb\n<\/span><\/div>","aioseo_breadcrumb_json":[{"label":"Home","link":"https:\/\/candas365.es\/noticias"},{"label":"Deporte","link":"https:\/\/candas365.es\/noticias\/category\/deporte\/"},{"label":"V\u00edctor S\u00e1nchez del Amo: \u00abMe despidieron por WhatsApp\u00bb","link":"https:\/\/candas365.es\/noticias\/victor-sanchez-del-amo-me-despidieron-por-whatsapp\/"}],"_links":{"self":[{"href":"https:\/\/candas365.es\/noticias\/wp-json\/wp\/v2\/posts\/136481","targetHints":{"allow":["GET"]}}],"collection":[{"href":"https:\/\/candas365.es\/noticias\/wp-json\/wp\/v2\/posts"}],"about":[{"href":"https:\/\/candas365.es\/noticias\/wp-json\/wp\/v2\/types\/post"}],"author":[{"embeddable":true,"href":"https:\/\/candas365.es\/noticias\/wp-json\/wp\/v2\/users\/1"}],"replies":[{"embeddable":true,"href":"https:\/\/candas365.es\/noticias\/wp-json\/wp\/v2\/comments?post=136481"}],"version-history":[{"count":0,"href":"https:\/\/candas365.es\/noticias\/wp-json\/wp\/v2\/posts\/136481\/revisions"}],"wp:featuredmedia":[{"embeddable":true,"href":"https:\/\/candas365.es\/noticias\/wp-json\/wp\/v2\/media\/136482"}],"wp:attachment":[{"href":"https:\/\/candas365.es\/noticias\/wp-json\/wp\/v2\/media?parent=136481"}],"wp:term":[{"taxonomy":"category","embeddable":true,"href":"https:\/\/candas365.es\/noticias\/wp-json\/wp\/v2\/categories?post=136481"},{"taxonomy":"post_tag","embeddable":true,"href":"https:\/\/candas365.es\/noticias\/wp-json\/wp\/v2\/tags?post=136481"}],"curies":[{"name":"wp","href":"https:\/\/api.w.org\/{rel}","templated":true}]}}