{"id":136477,"date":"2020-01-15T22:29:54","date_gmt":"2020-01-15T22:29:54","guid":{"rendered":"http:\/\/candas365.es\/noticias\/?p=136477"},"modified":"2020-01-15T22:29:54","modified_gmt":"2020-01-15T22:29:54","slug":"rivaldo-el-barca-no-ha-sabido-gestionar-el-cambio-de-entrenador","status":"publish","type":"post","link":"https:\/\/candas365.es\/noticias\/rivaldo-el-barca-no-ha-sabido-gestionar-el-cambio-de-entrenador\/","title":{"rendered":"Rivaldo: \u00abEl Bar\u00e7a no ha sabido gestionar el cambio de entrenador\u201d"},"content":{"rendered":"<figure id=\"attachment_136170\" aria-describedby=\"caption-attachment-136170\" style=\"width: 360px\" class=\"wp-caption alignleft\"><img fetchpriority=\"high\" decoding=\"async\" class=\"size-medium wp-image-136170\" src=\"https:\/\/candas365.es\/noticias\/wp-content\/uploads\/2020\/01\/Rivaldo-ep-360x245.jpg\" alt=\"\" width=\"360\" height=\"245\" srcset=\"https:\/\/candas365.es\/noticias\/wp-content\/uploads\/2020\/01\/Rivaldo-ep-360x245.jpg 360w, https:\/\/candas365.es\/noticias\/wp-content\/uploads\/2020\/01\/Rivaldo-ep-655x446.jpg 655w, https:\/\/candas365.es\/noticias\/wp-content\/uploads\/2020\/01\/Rivaldo-ep-768x523.jpg 768w, https:\/\/candas365.es\/noticias\/wp-content\/uploads\/2020\/01\/Rivaldo-ep-696x474.jpg 696w, https:\/\/candas365.es\/noticias\/wp-content\/uploads\/2020\/01\/Rivaldo-ep-617x420.jpg 617w, https:\/\/candas365.es\/noticias\/wp-content\/uploads\/2020\/01\/Rivaldo-ep.jpg 981w\" sizes=\"(max-width: 360px) 100vw, 360px\" \/><figcaption id=\"caption-attachment-136170\" class=\"wp-caption-text\">Foto: BETFAIR \/ Europa Press<\/figcaption><\/figure>\n<p>(Europa Press) &#8211;\u00a0El exjugador del FC Barcelona Rivaldo ha manifestado que el club blaugrana ha sido \u00abingenuo\u00bb e \u00abirrespetuoso\u00bb en las formas en cuanto al cese de Ernesto Valverde, despedido el pasado lunes, si bien cree que aciertan en el cambio de t\u00e9cnico y, sobre Quique Seti\u00e9n, cree que era la tercera opci\u00f3n despu\u00e9s del no de Xavi y Koeman.<\/p>\n<p>\u00abEst\u00e1 claro que el Barcelona no ha sabido gestionar bien este cambio de entrenador. Han sido algo ingenuos y quiz\u00e1 algo irrespetuosos con Valverde. Despu\u00e9s de todo, nunca es positivo empezar a negociar con un nuevo entrenador cuando tienes al actual trabajando\u00bb, coment\u00f3 el embajador de Betfair.<\/p>\n<p>Cree, adem\u00e1s, que el Bar\u00e7a ha fichado a Seti\u00e9n porque no hab\u00eda \u00abvuelta atr\u00e1s\u00bb a la hora de despedir a Valverde despu\u00e9s de que \u00abno tuvieran \u00e9xito\u00bb en el fichaje de Xavi y Koeman. \u00abNo habr\u00eda tenido ning\u00fan sentido mantener a Valverde despu\u00e9s de todo eso, as\u00ed que tuvieron que dar por buena su tercera opci\u00f3n\u00bb, apel\u00f3.<\/p>\n<p>\u00abEl hecho de que Xavi y Koeman rechazaran las propuestas del Barcelona a\u00f1adi\u00f3 problemas, llen\u00e1ndose la prensa de expectativas y obligando a que las negociaciones se alargaran antes de anunciar a Seti\u00e9n. Todos sabemos que la directiva del FC Barcelona no gestion\u00f3 bien este proceso\u00bb, coment\u00f3.<\/p>\n<p>Todav\u00eda sobre Valverde, cree que su despido es una \u00abconsecuencia normal\u00bb de los resultados. \u00abSon lo m\u00e1s importante del f\u00fatbol y cuando no puedes conseguirlos, la directiva empezar\u00e1 a dudar de tu trabajo, algo que incluso ya pas\u00f3 antes, especialmente por la Champions League\u00bb, argument\u00f3.<\/p>\n<p>En cuanto a Seti\u00e9n, tiene dudas de si podr\u00e1 llevar un equipo tan grande como el Bar\u00e7a, a sus 61 a\u00f1os y sin experiencia previa en un club de la elite. \u00abSeti\u00e9n nunca ha entrenado a un club tan grande como el Barcelona y ser\u00e1 una nueva experiencia para \u00e9l\u00bb, aport\u00f3.<\/p>\n<p>\u00abDe todos modos, no tiene mucho que perder y no trae grandes expectativas a los aficionados del Barcelona, porque nunca ha ganado ning\u00fan t\u00edtulo. Es dif\u00edcil comprender c\u00f3mo se impondr\u00e1\u00bb, augur\u00f3.<\/p>\n<p>Por otro lado, cree que el Bar\u00e7a deber\u00eda fichar en enero a un delantero ante la baja de 4 meses de Luis Su\u00e1rez. \u00abPodr\u00eda ser trascendental en el trascurso de la temporada compensar su ausencia con otro delantero de calidad. Deber\u00eda firmarse un buen sustituto, porque todos los t\u00edtulos est\u00e1n en juego podr\u00eda ser crucial encontrar a alguien similar al estilo de Su\u00e1rez\u00bb, zanj\u00f3.<\/p>\n","protected":false},"excerpt":{"rendered":"<p>(Europa Press) &#8211;\u00a0El exjugador del FC Barcelona Rivaldo ha manifestado que el club blaugrana ha sido \u00abingenuo\u00bb e \u00abirrespetuoso\u00bb en las formas en cuanto al cese de Ernesto Valverde, despedido el pasado lunes, si bien cree que aciertan en el cambio de t\u00e9cnico y, sobre Quique Seti\u00e9n, cree que era la tercera opci\u00f3n despu\u00e9s del<\/p>\n","protected":false},"author":1,"featured_media":136170,"comment_status":"closed","ping_status":"closed","sticky":false,"template":"","format":"standard","meta":{"footnotes":""},"categories":[319],"tags":[],"class_list":{"0":"post-136477","1":"post","2":"type-post","3":"status-publish","4":"format-standard","5":"has-post-thumbnail","7":"category-deporte"},"aioseo_notices":[],"aioseo_head":"\n\t\t<!-- All in One SEO Pro 4.9.6.2 - aioseo.com -->\n\t<meta name=\"description\" content=\"(Europa Press) - El exjugador del FC Barcelona Rivaldo ha manifestado que el club blaugrana ha sido &quot;ingenuo&quot; e &quot;irrespetuoso&quot; en las formas en cuanto al cese de Ernesto Valverde, despedido el pasado lunes, si bien cree que aciertan en el cambio de t\u00e9cnico y, sobre Quique Seti\u00e9n, cree que era la tercera opci\u00f3n despu\u00e9s del\" \/>\n\t<meta name=\"robots\" content=\"max-image-preview:large\" \/>\n\t<meta name=\"author\" content=\"Cand\u00e1s 365\"\/>\n\t<meta name=\"google-site-verification\" content=\"UA-32230408-1\" \/>\n\t<meta name=\"msvalidate.01\" content=\"354F3CDFB2DA171B47FBE9ABF1F88D5\" \/>\n\t<meta name=\"keywords\" content=\"deporte\" \/>\n\t<link rel=\"canonical\" href=\"https:\/\/candas365.es\/noticias\/rivaldo-el-barca-no-ha-sabido-gestionar-el-cambio-de-entrenador\/\" \/>\n\t<meta name=\"generator\" content=\"All in One SEO Pro (AIOSEO) 4.9.6.2\" \/>\n\t\t<meta property=\"og:locale\" content=\"es_ES\" \/>\n\t\t<meta property=\"og:site_name\" content=\"Cand\u00e1s 365\" \/>\n\t\t<meta property=\"og:type\" content=\"article\" \/>\n\t\t<meta property=\"og:title\" content=\"Rivaldo: \u00abEl Bar\u00e7a no ha sabido gestionar el cambio de entrenador\u201d | Cand\u00e1s 365\" \/>\n\t\t<meta property=\"og:description\" content=\"(Europa Press) - El exjugador del FC Barcelona Rivaldo ha manifestado que el club blaugrana ha sido &quot;ingenuo&quot; e &quot;irrespetuoso&quot; en las formas en cuanto al cese de Ernesto Valverde, despedido el pasado lunes, si bien cree que aciertan en el cambio de t\u00e9cnico y, sobre Quique Seti\u00e9n, cree que era la tercera opci\u00f3n despu\u00e9s del\" \/>\n\t\t<meta property=\"og:url\" content=\"https:\/\/candas365.es\/noticias\/rivaldo-el-barca-no-ha-sabido-gestionar-el-cambio-de-entrenador\/\" \/>\n\t\t<meta property=\"og:image\" content=\"https:\/\/candas365.es\/noticias\/wp-content\/uploads\/2020\/01\/Rivaldo-ep.jpg\" \/>\n\t\t<meta property=\"og:image:secure_url\" content=\"https:\/\/candas365.es\/noticias\/wp-content\/uploads\/2020\/01\/Rivaldo-ep.jpg\" \/>\n\t\t<meta property=\"og:image:width\" content=\"981\" \/>\n\t\t<meta property=\"og:image:height\" content=\"668\" \/>\n\t\t<meta property=\"article:published_time\" content=\"2020-01-15T22:29:54+00:00\" \/>\n\t\t<meta property=\"article:modified_time\" content=\"2020-01-15T22:29:54+00:00\" \/>\n\t\t<meta property=\"article:publisher\" content=\"https:\/\/www.facebook.com\/Nachofdezber\" \/>\n\t\t<meta property=\"article:author\" content=\"https:\/\/www.facebook.com\/carrenoactualidad\" \/>\n\t\t<meta name=\"twitter:card\" content=\"summary_large_image\" \/>\n\t\t<meta name=\"twitter:site\" content=\"@NabercoDigital\" \/>\n\t\t<meta name=\"twitter:title\" content=\"Rivaldo: \u00abEl Bar\u00e7a no ha sabido gestionar el cambio de entrenador\u201d | Cand\u00e1s 365\" \/>\n\t\t<meta name=\"twitter:description\" content=\"(Europa Press) - El exjugador del FC Barcelona Rivaldo ha manifestado que el club blaugrana ha sido &quot;ingenuo&quot; e &quot;irrespetuoso&quot; en las formas en cuanto al cese de Ernesto Valverde, despedido el pasado lunes, si bien cree que aciertan en el cambio de t\u00e9cnico y, sobre Quique Seti\u00e9n, cree que era la tercera opci\u00f3n despu\u00e9s del\" \/>\n\t\t<meta name=\"twitter:creator\" content=\"@nbasturias\" \/>\n\t\t<meta name=\"twitter:image\" content=\"https:\/\/candas365.es\/noticias\/wp-content\/uploads\/2020\/01\/Rivaldo-ep.jpg\" \/>\n\t\t<meta name=\"twitter:label1\" content=\"Escrito por\" \/>\n\t\t<meta name=\"twitter:data1\" content=\"Cand\u00e1s 365\" \/>\n\t\t<meta name=\"twitter:label2\" content=\"Tiempo de lectura estimado\" \/>\n\t\t<meta name=\"twitter:data2\" content=\"2 minutos\" \/>\n\t\t<script type=\"application\/ld+json\" class=\"aioseo-schema\">\n\t\t\t{\"@context\":\"https:\\\/\\\/schema.org\",\"@graph\":[{\"@type\":\"BreadcrumbList\",\"@id\":\"https:\\\/\\\/candas365.es\\\/noticias\\\/rivaldo-el-barca-no-ha-sabido-gestionar-el-cambio-de-entrenador\\\/#breadcrumblist\",\"itemListElement\":[{\"@type\":\"ListItem\",\"@id\":\"https:\\\/\\\/candas365.es\\\/noticias#listItem\",\"position\":1,\"name\":\"Home\",\"item\":\"https:\\\/\\\/candas365.es\\\/noticias\",\"nextItem\":{\"@type\":\"ListItem\",\"@id\":\"https:\\\/\\\/candas365.es\\\/noticias\\\/category\\\/deporte\\\/#listItem\",\"name\":\"Deporte\"}},{\"@type\":\"ListItem\",\"@id\":\"https:\\\/\\\/candas365.es\\\/noticias\\\/category\\\/deporte\\\/#listItem\",\"position\":2,\"name\":\"Deporte\",\"item\":\"https:\\\/\\\/candas365.es\\\/noticias\\\/category\\\/deporte\\\/\",\"nextItem\":{\"@type\":\"ListItem\",\"@id\":\"https:\\\/\\\/candas365.es\\\/noticias\\\/rivaldo-el-barca-no-ha-sabido-gestionar-el-cambio-de-entrenador\\\/#listItem\",\"name\":\"Rivaldo: \\u00abEl Bar\\u00e7a no ha sabido gestionar el cambio de entrenador\\u201d\"},\"previousItem\":{\"@type\":\"ListItem\",\"@id\":\"https:\\\/\\\/candas365.es\\\/noticias#listItem\",\"name\":\"Home\"}},{\"@type\":\"ListItem\",\"@id\":\"https:\\\/\\\/candas365.es\\\/noticias\\\/rivaldo-el-barca-no-ha-sabido-gestionar-el-cambio-de-entrenador\\\/#listItem\",\"position\":3,\"name\":\"Rivaldo: \\u00abEl Bar\\u00e7a no ha sabido gestionar el cambio de entrenador\\u201d\",\"previousItem\":{\"@type\":\"ListItem\",\"@id\":\"https:\\\/\\\/candas365.es\\\/noticias\\\/category\\\/deporte\\\/#listItem\",\"name\":\"Deporte\"}}]},{\"@type\":\"NewsArticle\",\"@id\":\"https:\\\/\\\/candas365.es\\\/noticias\\\/rivaldo-el-barca-no-ha-sabido-gestionar-el-cambio-de-entrenador\\\/#newsarticle\",\"name\":\"Rivaldo: \\u00abEl Bar\\u00e7a no ha sabido gestionar el cambio de entrenador\\u201d | Cand\\u00e1s 365\",\"headline\":\"Rivaldo: \\u00abEl Bar\\u00e7a no ha sabido gestionar el cambio de entrenador\\u201d\",\"author\":{\"@id\":\"https:\\\/\\\/candas365.es\\\/noticias\\\/author\\\/admin\\\/#author\"},\"publisher\":{\"@id\":\"https:\\\/\\\/candas365.es\\\/noticias\\\/#organization\"},\"image\":{\"@type\":\"ImageObject\",\"url\":\"https:\\\/\\\/candas365.es\\\/noticias\\\/wp-content\\\/uploads\\\/2020\\\/01\\\/Rivaldo-ep.jpg\",\"width\":981,\"height\":668,\"caption\":\"Foto: BETFAIR \\\/ Europa Press\"},\"datePublished\":\"2020-01-15T22:29:54+01:00\",\"dateModified\":\"2020-01-15T22:29:54+01:00\",\"inLanguage\":\"es-ES\",\"mainEntityOfPage\":{\"@id\":\"https:\\\/\\\/candas365.es\\\/noticias\\\/rivaldo-el-barca-no-ha-sabido-gestionar-el-cambio-de-entrenador\\\/#webpage\"},\"isPartOf\":{\"@id\":\"https:\\\/\\\/candas365.es\\\/noticias\\\/rivaldo-el-barca-no-ha-sabido-gestionar-el-cambio-de-entrenador\\\/#webpage\"},\"articleSection\":\"Deporte\",\"dateline\":\"Publicado el enero 15, 2020.\"},{\"@type\":\"Organization\",\"@id\":\"https:\\\/\\\/candas365.es\\\/noticias\\\/#organization\",\"name\":\"Cand\\u00e1s 365\",\"description\":\"Cand\\u00e1s 365 es un diario digital independiente, fundado en 2012, con base en Asturias. Informamos con rigor sobre actualidad, sociedad, cultura y ocio, con una mirada local y global.\",\"url\":\"https:\\\/\\\/candas365.es\\\/noticias\\\/\",\"email\":\"info@candas365.es\",\"telephone\":\"+34652131393\",\"foundingDate\":\"2012-06-10\",\"logo\":{\"@type\":\"ImageObject\",\"url\":\"https:\\\/\\\/candas365.es\\\/noticias\\\/wp-content\\\/uploads\\\/2024\\\/09\\\/Candas-365-Redes.jpg\",\"@id\":\"https:\\\/\\\/candas365.es\\\/noticias\\\/rivaldo-el-barca-no-ha-sabido-gestionar-el-cambio-de-entrenador\\\/#organizationLogo\",\"width\":1152,\"height\":864,\"caption\":\"Cand\\u00e1s 365 Redes\"},\"image\":{\"@id\":\"https:\\\/\\\/candas365.es\\\/noticias\\\/rivaldo-el-barca-no-ha-sabido-gestionar-el-cambio-de-entrenador\\\/#organizationLogo\"},\"sameAs\":[\"https:\\\/\\\/www.facebook.com\\\/Nachofdezber\",\"https:\\\/\\\/x.com\\\/NabercoDigital\",\"https:\\\/\\\/www.instagram.com\\\/nachofdezber\\\/\",\"https:\\\/\\\/www.youtube.com\\\/channel\\\/UCZP-2wLEB9Rv6erhFmqVnvg\"],\"address\":{\"@id\":\"https:\\\/\\\/candas365.es\\\/noticias\\\/#postaladdress\",\"@type\":\"PostalAddress\",\"streetAddress\":\"san antonio 4, san antonio 4\",\"postalCode\":\"33430\",\"addressLocality\":\"Cand\\u00e1s\",\"addressRegion\":\"Asturias\",\"addressCountry\":\"ES\"}},{\"@type\":\"Person\",\"@id\":\"https:\\\/\\\/candas365.es\\\/noticias\\\/author\\\/admin\\\/#author\",\"url\":\"https:\\\/\\\/candas365.es\\\/noticias\\\/author\\\/admin\\\/\",\"name\":\"Cand\\u00e1s 365\",\"image\":{\"@type\":\"ImageObject\",\"@id\":\"https:\\\/\\\/candas365.es\\\/noticias\\\/rivaldo-el-barca-no-ha-sabido-gestionar-el-cambio-de-entrenador\\\/#authorImage\",\"url\":\"https:\\\/\\\/secure.gravatar.com\\\/avatar\\\/496a8e03d0c493ede1718b7934145dbdf8d89be1036b0eec9544e1094c9de390?s=96&d=mm&r=g\",\"width\":96,\"height\":96,\"caption\":\"Cand\\u00e1s 365\"},\"sameAs\":[\"https:\\\/\\\/www.facebook.com\\\/carrenoactualidad\",\"https:\\\/\\\/twitter.com\\\/nbasturias\",\"https:\\\/\\\/www.instagram.com\\\/nachofdezber\\\/\",\"https:\\\/\\\/www.youtube.com\\\/channel\\\/UCZP-2wLEB9Rv6erhFmqVnvg\"]},{\"@type\":\"WebPage\",\"@id\":\"https:\\\/\\\/candas365.es\\\/noticias\\\/rivaldo-el-barca-no-ha-sabido-gestionar-el-cambio-de-entrenador\\\/#webpage\",\"url\":\"https:\\\/\\\/candas365.es\\\/noticias\\\/rivaldo-el-barca-no-ha-sabido-gestionar-el-cambio-de-entrenador\\\/\",\"name\":\"Rivaldo: \\u00abEl Bar\\u00e7a no ha sabido gestionar el cambio de entrenador\\u201d | Cand\\u00e1s 365\",\"description\":\"(Europa Press) - El exjugador del FC Barcelona Rivaldo ha manifestado que el club blaugrana ha sido \\\"ingenuo\\\" e \\\"irrespetuoso\\\" en las formas en cuanto al cese de Ernesto Valverde, despedido el pasado lunes, si bien cree que aciertan en el cambio de t\\u00e9cnico y, sobre Quique Seti\\u00e9n, cree que era la tercera opci\\u00f3n despu\\u00e9s del\",\"inLanguage\":\"es-ES\",\"isPartOf\":{\"@id\":\"https:\\\/\\\/candas365.es\\\/noticias\\\/#website\"},\"breadcrumb\":{\"@id\":\"https:\\\/\\\/candas365.es\\\/noticias\\\/rivaldo-el-barca-no-ha-sabido-gestionar-el-cambio-de-entrenador\\\/#breadcrumblist\"},\"author\":{\"@id\":\"https:\\\/\\\/candas365.es\\\/noticias\\\/author\\\/admin\\\/#author\"},\"creator\":{\"@id\":\"https:\\\/\\\/candas365.es\\\/noticias\\\/author\\\/admin\\\/#author\"},\"image\":{\"@type\":\"ImageObject\",\"url\":\"https:\\\/\\\/candas365.es\\\/noticias\\\/wp-content\\\/uploads\\\/2020\\\/01\\\/Rivaldo-ep.jpg\",\"@id\":\"https:\\\/\\\/candas365.es\\\/noticias\\\/rivaldo-el-barca-no-ha-sabido-gestionar-el-cambio-de-entrenador\\\/#mainImage\",\"width\":981,\"height\":668,\"caption\":\"Foto: BETFAIR \\\/ Europa Press\"},\"primaryImageOfPage\":{\"@id\":\"https:\\\/\\\/candas365.es\\\/noticias\\\/rivaldo-el-barca-no-ha-sabido-gestionar-el-cambio-de-entrenador\\\/#mainImage\"},\"datePublished\":\"2020-01-15T22:29:54+01:00\",\"dateModified\":\"2020-01-15T22:29:54+01:00\"},{\"@type\":\"WebSite\",\"@id\":\"https:\\\/\\\/candas365.es\\\/noticias\\\/#website\",\"url\":\"https:\\\/\\\/candas365.es\\\/noticias\\\/\",\"name\":\"Cand\\u00e1s 365\",\"alternateName\":\"Cand\\u00e1s 365 Noticias\",\"description\":\"Actualidad desde Carre\\u00f1o para el mundo\",\"inLanguage\":\"es-ES\",\"publisher\":{\"@id\":\"https:\\\/\\\/candas365.es\\\/noticias\\\/#organization\"}}]}\n\t\t<\/script>\n\t\t<!-- All in One SEO Pro -->\r\n\t\t<title>Rivaldo: \u00abEl Bar\u00e7a no ha sabido gestionar el cambio de entrenador\u201d | Cand\u00e1s 365<\/title>\n\n","aioseo_head_json":{"title":"Rivaldo: \u00abEl Bar\u00e7a no ha sabido gestionar el cambio de entrenador\u201d | Cand\u00e1s 365","description":"(Europa Press) - El exjugador del FC Barcelona Rivaldo ha manifestado que el club blaugrana ha sido \"ingenuo\" e \"irrespetuoso\" en las formas en cuanto al cese de Ernesto Valverde, despedido el pasado lunes, si bien cree que aciertan en el cambio de t\u00e9cnico y, sobre Quique Seti\u00e9n, cree que era la tercera opci\u00f3n despu\u00e9s del","canonical_url":"https:\/\/candas365.es\/noticias\/rivaldo-el-barca-no-ha-sabido-gestionar-el-cambio-de-entrenador\/","robots":"max-image-preview:large","keywords":"deporte","webmasterTools":{"google-site-verification":"UA-32230408-1","msvalidate.01":"354F3CDFB2DA171B47FBE9ABF1F88D5","miscellaneous":""},"schema":{"@context":"https:\/\/schema.org","@graph":[{"@type":"BreadcrumbList","@id":"https:\/\/candas365.es\/noticias\/rivaldo-el-barca-no-ha-sabido-gestionar-el-cambio-de-entrenador\/#breadcrumblist","itemListElement":[{"@type":"ListItem","@id":"https:\/\/candas365.es\/noticias#listItem","position":1,"name":"Home","item":"https:\/\/candas365.es\/noticias","nextItem":{"@type":"ListItem","@id":"https:\/\/candas365.es\/noticias\/category\/deporte\/#listItem","name":"Deporte"}},{"@type":"ListItem","@id":"https:\/\/candas365.es\/noticias\/category\/deporte\/#listItem","position":2,"name":"Deporte","item":"https:\/\/candas365.es\/noticias\/category\/deporte\/","nextItem":{"@type":"ListItem","@id":"https:\/\/candas365.es\/noticias\/rivaldo-el-barca-no-ha-sabido-gestionar-el-cambio-de-entrenador\/#listItem","name":"Rivaldo: \u00abEl Bar\u00e7a no ha sabido gestionar el cambio de entrenador\u201d"},"previousItem":{"@type":"ListItem","@id":"https:\/\/candas365.es\/noticias#listItem","name":"Home"}},{"@type":"ListItem","@id":"https:\/\/candas365.es\/noticias\/rivaldo-el-barca-no-ha-sabido-gestionar-el-cambio-de-entrenador\/#listItem","position":3,"name":"Rivaldo: \u00abEl Bar\u00e7a no ha sabido gestionar el cambio de entrenador\u201d","previousItem":{"@type":"ListItem","@id":"https:\/\/candas365.es\/noticias\/category\/deporte\/#listItem","name":"Deporte"}}]},{"@type":"NewsArticle","@id":"https:\/\/candas365.es\/noticias\/rivaldo-el-barca-no-ha-sabido-gestionar-el-cambio-de-entrenador\/#newsarticle","name":"Rivaldo: \u00abEl Bar\u00e7a no ha sabido gestionar el cambio de entrenador\u201d | Cand\u00e1s 365","headline":"Rivaldo: \u00abEl Bar\u00e7a no ha sabido gestionar el cambio de entrenador\u201d","author":{"@id":"https:\/\/candas365.es\/noticias\/author\/admin\/#author"},"publisher":{"@id":"https:\/\/candas365.es\/noticias\/#organization"},"image":{"@type":"ImageObject","url":"https:\/\/candas365.es\/noticias\/wp-content\/uploads\/2020\/01\/Rivaldo-ep.jpg","width":981,"height":668,"caption":"Foto: BETFAIR \/ Europa Press"},"datePublished":"2020-01-15T22:29:54+01:00","dateModified":"2020-01-15T22:29:54+01:00","inLanguage":"es-ES","mainEntityOfPage":{"@id":"https:\/\/candas365.es\/noticias\/rivaldo-el-barca-no-ha-sabido-gestionar-el-cambio-de-entrenador\/#webpage"},"isPartOf":{"@id":"https:\/\/candas365.es\/noticias\/rivaldo-el-barca-no-ha-sabido-gestionar-el-cambio-de-entrenador\/#webpage"},"articleSection":"Deporte","dateline":"Publicado el enero 15, 2020."},{"@type":"Organization","@id":"https:\/\/candas365.es\/noticias\/#organization","name":"Cand\u00e1s 365","description":"Cand\u00e1s 365 es un diario digital independiente, fundado en 2012, con base en Asturias. Informamos con rigor sobre actualidad, sociedad, cultura y ocio, con una mirada local y global.","url":"https:\/\/candas365.es\/noticias\/","email":"info@candas365.es","telephone":"+34652131393","foundingDate":"2012-06-10","logo":{"@type":"ImageObject","url":"https:\/\/candas365.es\/noticias\/wp-content\/uploads\/2024\/09\/Candas-365-Redes.jpg","@id":"https:\/\/candas365.es\/noticias\/rivaldo-el-barca-no-ha-sabido-gestionar-el-cambio-de-entrenador\/#organizationLogo","width":1152,"height":864,"caption":"Cand\u00e1s 365 Redes"},"image":{"@id":"https:\/\/candas365.es\/noticias\/rivaldo-el-barca-no-ha-sabido-gestionar-el-cambio-de-entrenador\/#organizationLogo"},"sameAs":["https:\/\/www.facebook.com\/Nachofdezber","https:\/\/x.com\/NabercoDigital","https:\/\/www.instagram.com\/nachofdezber\/","https:\/\/www.youtube.com\/channel\/UCZP-2wLEB9Rv6erhFmqVnvg"],"address":{"@id":"https:\/\/candas365.es\/noticias\/#postaladdress","@type":"PostalAddress","streetAddress":"san antonio 4, san antonio 4","postalCode":"33430","addressLocality":"Cand\u00e1s","addressRegion":"Asturias","addressCountry":"ES"}},{"@type":"Person","@id":"https:\/\/candas365.es\/noticias\/author\/admin\/#author","url":"https:\/\/candas365.es\/noticias\/author\/admin\/","name":"Cand\u00e1s 365","image":{"@type":"ImageObject","@id":"https:\/\/candas365.es\/noticias\/rivaldo-el-barca-no-ha-sabido-gestionar-el-cambio-de-entrenador\/#authorImage","url":"https:\/\/secure.gravatar.com\/avatar\/496a8e03d0c493ede1718b7934145dbdf8d89be1036b0eec9544e1094c9de390?s=96&d=mm&r=g","width":96,"height":96,"caption":"Cand\u00e1s 365"},"sameAs":["https:\/\/www.facebook.com\/carrenoactualidad","https:\/\/twitter.com\/nbasturias","https:\/\/www.instagram.com\/nachofdezber\/","https:\/\/www.youtube.com\/channel\/UCZP-2wLEB9Rv6erhFmqVnvg"]},{"@type":"WebPage","@id":"https:\/\/candas365.es\/noticias\/rivaldo-el-barca-no-ha-sabido-gestionar-el-cambio-de-entrenador\/#webpage","url":"https:\/\/candas365.es\/noticias\/rivaldo-el-barca-no-ha-sabido-gestionar-el-cambio-de-entrenador\/","name":"Rivaldo: \u00abEl Bar\u00e7a no ha sabido gestionar el cambio de entrenador\u201d | Cand\u00e1s 365","description":"(Europa Press) - El exjugador del FC Barcelona Rivaldo ha manifestado que el club blaugrana ha sido \"ingenuo\" e \"irrespetuoso\" en las formas en cuanto al cese de Ernesto Valverde, despedido el pasado lunes, si bien cree que aciertan en el cambio de t\u00e9cnico y, sobre Quique Seti\u00e9n, cree que era la tercera opci\u00f3n despu\u00e9s del","inLanguage":"es-ES","isPartOf":{"@id":"https:\/\/candas365.es\/noticias\/#website"},"breadcrumb":{"@id":"https:\/\/candas365.es\/noticias\/rivaldo-el-barca-no-ha-sabido-gestionar-el-cambio-de-entrenador\/#breadcrumblist"},"author":{"@id":"https:\/\/candas365.es\/noticias\/author\/admin\/#author"},"creator":{"@id":"https:\/\/candas365.es\/noticias\/author\/admin\/#author"},"image":{"@type":"ImageObject","url":"https:\/\/candas365.es\/noticias\/wp-content\/uploads\/2020\/01\/Rivaldo-ep.jpg","@id":"https:\/\/candas365.es\/noticias\/rivaldo-el-barca-no-ha-sabido-gestionar-el-cambio-de-entrenador\/#mainImage","width":981,"height":668,"caption":"Foto: BETFAIR \/ Europa Press"},"primaryImageOfPage":{"@id":"https:\/\/candas365.es\/noticias\/rivaldo-el-barca-no-ha-sabido-gestionar-el-cambio-de-entrenador\/#mainImage"},"datePublished":"2020-01-15T22:29:54+01:00","dateModified":"2020-01-15T22:29:54+01:00"},{"@type":"WebSite","@id":"https:\/\/candas365.es\/noticias\/#website","url":"https:\/\/candas365.es\/noticias\/","name":"Cand\u00e1s 365","alternateName":"Cand\u00e1s 365 Noticias","description":"Actualidad desde Carre\u00f1o para el mundo","inLanguage":"es-ES","publisher":{"@id":"https:\/\/candas365.es\/noticias\/#organization"}}]},"og:locale":"es_ES","og:site_name":"Cand\u00e1s 365","og:type":"article","og:title":"Rivaldo: \u00abEl Bar\u00e7a no ha sabido gestionar el cambio de entrenador\u201d | Cand\u00e1s 365","og:description":"(Europa Press) - El exjugador del FC Barcelona Rivaldo ha manifestado que el club blaugrana ha sido &quot;ingenuo&quot; e &quot;irrespetuoso&quot; en las formas en cuanto al cese de Ernesto Valverde, despedido el pasado lunes, si bien cree que aciertan en el cambio de t\u00e9cnico y, sobre Quique Seti\u00e9n, cree que era la tercera opci\u00f3n despu\u00e9s del","og:url":"https:\/\/candas365.es\/noticias\/rivaldo-el-barca-no-ha-sabido-gestionar-el-cambio-de-entrenador\/","og:image":"https:\/\/candas365.es\/noticias\/wp-content\/uploads\/2020\/01\/Rivaldo-ep.jpg","og:image:secure_url":"https:\/\/candas365.es\/noticias\/wp-content\/uploads\/2020\/01\/Rivaldo-ep.jpg","og:image:width":981,"og:image:height":668,"article:published_time":"2020-01-15T22:29:54+00:00","article:modified_time":"2020-01-15T22:29:54+00:00","article:publisher":"https:\/\/www.facebook.com\/Nachofdezber","article:author":"https:\/\/www.facebook.com\/carrenoactualidad","twitter:card":"summary_large_image","twitter:site":"@NabercoDigital","twitter:title":"Rivaldo: \u00abEl Bar\u00e7a no ha sabido gestionar el cambio de entrenador\u201d | Cand\u00e1s 365","twitter:description":"(Europa Press) - El exjugador del FC Barcelona Rivaldo ha manifestado que el club blaugrana ha sido &quot;ingenuo&quot; e &quot;irrespetuoso&quot; en las formas en cuanto al cese de Ernesto Valverde, despedido el pasado lunes, si bien cree que aciertan en el cambio de t\u00e9cnico y, sobre Quique Seti\u00e9n, cree que era la tercera opci\u00f3n despu\u00e9s del","twitter:creator":"@nbasturias","twitter:image":"https:\/\/candas365.es\/noticias\/wp-content\/uploads\/2020\/01\/Rivaldo-ep.jpg","twitter:label1":"Escrito por","twitter:data1":"Cand\u00e1s 365","twitter:label2":"Tiempo de lectura estimado","twitter:data2":"2 minutos"},"aioseo_meta_data":{"post_id":"136477","title":null,"description":null,"keywords":null,"keyphrases":null,"primary_term":null,"canonical_url":null,"og_title":null,"og_description":null,"og_object_type":"default","og_image_type":"default","og_image_url":null,"og_image_width":null,"og_image_height":null,"og_image_custom_url":null,"og_image_custom_fields":null,"og_video":null,"og_custom_url":null,"og_article_section":null,"og_article_tags":null,"twitter_use_og":false,"twitter_card":"default","twitter_image_type":"default","twitter_image_url":null,"twitter_image_custom_url":null,"twitter_image_custom_fields":null,"twitter_title":null,"twitter_description":null,"schema":{"blockGraphs":[],"customGraphs":[],"default":{"data":{"Article":[],"Course":[],"Dataset":[],"FAQPage":[],"Movie":[],"Person":[],"Product":[],"ProductReview":[],"Car":[],"Recipe":[],"Service":[],"SoftwareApplication":[],"WebPage":[]},"graphName":"","isEnabled":true},"graphs":[]},"schema_type":null,"schema_type_options":null,"pillar_content":false,"robots_default":true,"robots_noindex":false,"robots_noarchive":false,"robots_nosnippet":false,"robots_nofollow":false,"robots_noimageindex":false,"robots_noodp":false,"robots_notranslate":false,"robots_max_snippet":null,"robots_max_videopreview":null,"robots_max_imagepreview":"large","priority":null,"frequency":null,"location":null,"local_seo":null,"seo_analyzer_scan_date":"2025-08-30 21:40:19","breadcrumb_settings":null,"limit_modified_date":false,"reviewed_by":null,"open_ai":null,"ai":null,"created":"2020-12-21 10:47:59","updated":"2025-08-30 21:40:19"},"aioseo_breadcrumb":"<div class=\"aioseo-breadcrumbs\"><span class=\"aioseo-breadcrumb\">\n\t<a href=\"https:\/\/candas365.es\/noticias\" title=\"Home\">Home<\/a>\n<\/span><span class=\"aioseo-breadcrumb-separator\">&ndash;<\/span><span class=\"aioseo-breadcrumb\">\n\t<a href=\"https:\/\/candas365.es\/noticias\/category\/deporte\/\" title=\"Deporte\">Deporte<\/a>\n<\/span><span class=\"aioseo-breadcrumb-separator\">&ndash;<\/span><span class=\"aioseo-breadcrumb\">\n\tRivaldo: \u00abEl Bar\u00e7a no ha sabido gestionar el cambio de entrenador\u201d\n<\/span><\/div>","aioseo_breadcrumb_json":[{"label":"Home","link":"https:\/\/candas365.es\/noticias"},{"label":"Deporte","link":"https:\/\/candas365.es\/noticias\/category\/deporte\/"},{"label":"Rivaldo: \u00abEl Bar\u00e7a no ha sabido gestionar el cambio de entrenador\u201d","link":"https:\/\/candas365.es\/noticias\/rivaldo-el-barca-no-ha-sabido-gestionar-el-cambio-de-entrenador\/"}],"_links":{"self":[{"href":"https:\/\/candas365.es\/noticias\/wp-json\/wp\/v2\/posts\/136477","targetHints":{"allow":["GET"]}}],"collection":[{"href":"https:\/\/candas365.es\/noticias\/wp-json\/wp\/v2\/posts"}],"about":[{"href":"https:\/\/candas365.es\/noticias\/wp-json\/wp\/v2\/types\/post"}],"author":[{"embeddable":true,"href":"https:\/\/candas365.es\/noticias\/wp-json\/wp\/v2\/users\/1"}],"replies":[{"embeddable":true,"href":"https:\/\/candas365.es\/noticias\/wp-json\/wp\/v2\/comments?post=136477"}],"version-history":[{"count":0,"href":"https:\/\/candas365.es\/noticias\/wp-json\/wp\/v2\/posts\/136477\/revisions"}],"wp:featuredmedia":[{"embeddable":true,"href":"https:\/\/candas365.es\/noticias\/wp-json\/wp\/v2\/media\/136170"}],"wp:attachment":[{"href":"https:\/\/candas365.es\/noticias\/wp-json\/wp\/v2\/media?parent=136477"}],"wp:term":[{"taxonomy":"category","embeddable":true,"href":"https:\/\/candas365.es\/noticias\/wp-json\/wp\/v2\/categories?post=136477"},{"taxonomy":"post_tag","embeddable":true,"href":"https:\/\/candas365.es\/noticias\/wp-json\/wp\/v2\/tags?post=136477"}],"curies":[{"name":"wp","href":"https:\/\/api.w.org\/{rel}","templated":true}]}}