{"id":136459,"date":"2020-01-15T20:14:55","date_gmt":"2020-01-15T20:14:55","guid":{"rendered":"http:\/\/candas365.es\/noticias\/?p=136459"},"modified":"2020-01-15T20:14:55","modified_gmt":"2020-01-15T20:14:55","slug":"el-regueriada-fest-llenara-candas-de-cultura","status":"publish","type":"post","link":"https:\/\/candas365.es\/noticias\/el-regueriada-fest-llenara-candas-de-cultura\/","title":{"rendered":"El Regueriada Fest llenar\u00e1 Cand\u00e1s de cultura"},"content":{"rendered":"<p><img fetchpriority=\"high\" decoding=\"async\" class=\"alignleft size-medium wp-image-136460\" src=\"https:\/\/candas365.es\/noticias\/wp-content\/uploads\/2020\/01\/Regueriada-Fest-311x300.jpg\" alt=\"\" width=\"311\" height=\"300\" srcset=\"https:\/\/candas365.es\/noticias\/wp-content\/uploads\/2020\/01\/Regueriada-Fest-311x300.jpg 311w, https:\/\/candas365.es\/noticias\/wp-content\/uploads\/2020\/01\/Regueriada-Fest-497x480.jpg 497w, https:\/\/candas365.es\/noticias\/wp-content\/uploads\/2020\/01\/Regueriada-Fest-435x420.jpg 435w, https:\/\/candas365.es\/noticias\/wp-content\/uploads\/2020\/01\/Regueriada-Fest.jpg 528w\" sizes=\"(max-width: 311px) 100vw, 311px\" \/>El director general de Pol\u00edtica Lling\u00fc\u00edstica, Ant\u00f3n Garc\u00eda, se ha reunido con la alcaldesa de Carre\u00f1o, Amelia Fern\u00e1ndez, con el objetivo de poner en marcha este a\u00f1o el Servicio de Normalizaci\u00f3n Lling\u00fc\u00edstica de la Mancomunidad de Cabo Pe\u00f1as y de avanzar juntos en la realizaci\u00f3n del Regueriada Fest, <strong>un festival del libro y de la cultura asturiana que se celebrar\u00e1 en Cand\u00e1s del 22 al 25 de octubre<\/strong>.<\/p>\n<p>Ant\u00f3n de Marirreguera, primer escritor en asturiano de nombre conocido, y la \u00e9poca en que vivi\u00f3, el Barroco, ser\u00e1n los temas del certamen, que implicar\u00e1 a escritores, librer\u00edas, editoriales, profesorado, alumnado y sociedad de Carre\u00f1o en general, y que abarcar\u00e1 actividades l\u00fadicas, artes esc\u00e9nicas, m\u00fasica y gastronom\u00eda.<\/p>\n<p><em>El <strong>Regueriada Fest<\/strong> nace con la idea de celebrarse anualmente en la villa de Cand\u00e1s<\/em>.<\/p>\n<p>&nbsp;<\/p>\n","protected":false},"excerpt":{"rendered":"<p>El director general de Pol\u00edtica Lling\u00fc\u00edstica, Ant\u00f3n Garc\u00eda, se ha reunido con la alcaldesa de Carre\u00f1o, Amelia Fern\u00e1ndez, con el objetivo de poner en marcha este a\u00f1o el Servicio de Normalizaci\u00f3n Lling\u00fc\u00edstica de la Mancomunidad de Cabo Pe\u00f1as y de avanzar juntos en la realizaci\u00f3n del Regueriada Fest, un festival del libro y de la<\/p>\n","protected":false},"author":1,"featured_media":136460,"comment_status":"closed","ping_status":"closed","sticky":false,"template":"","format":"standard","meta":{"footnotes":""},"categories":[2],"tags":[],"class_list":{"0":"post-136459","1":"post","2":"type-post","3":"status-publish","4":"format-standard","5":"has-post-thumbnail","7":"category-noticias-carreno"},"aioseo_notices":[],"aioseo_head":"\n\t\t<!-- All in One SEO Pro 4.9.6.2 - aioseo.com -->\n\t<meta name=\"description\" content=\"El director general de Pol\u00edtica Lling\u00fc\u00edstica, Ant\u00f3n Garc\u00eda, se ha reunido con la alcaldesa de Carre\u00f1o, Amelia Fern\u00e1ndez, con el objetivo de poner en marcha este a\u00f1o el Servicio de Normalizaci\u00f3n Lling\u00fc\u00edstica de la Mancomunidad de Cabo Pe\u00f1as y de avanzar juntos en la realizaci\u00f3n del Regueriada Fest, un festival del libro y de la\" \/>\n\t<meta name=\"robots\" content=\"max-image-preview:large\" \/>\n\t<meta name=\"author\" content=\"Cand\u00e1s 365\"\/>\n\t<meta name=\"google-site-verification\" content=\"UA-32230408-1\" \/>\n\t<meta name=\"msvalidate.01\" content=\"354F3CDFB2DA171B47FBE9ABF1F88D5\" \/>\n\t<meta name=\"keywords\" content=\"noticias carre\u00f1o\" \/>\n\t<link rel=\"canonical\" href=\"https:\/\/candas365.es\/noticias\/el-regueriada-fest-llenara-candas-de-cultura\/\" \/>\n\t<meta name=\"generator\" content=\"All in One SEO Pro (AIOSEO) 4.9.6.2\" \/>\n\t\t<meta property=\"og:locale\" content=\"es_ES\" \/>\n\t\t<meta property=\"og:site_name\" content=\"Cand\u00e1s 365\" \/>\n\t\t<meta property=\"og:type\" content=\"article\" \/>\n\t\t<meta property=\"og:title\" content=\"El Regueriada Fest llenar\u00e1 Cand\u00e1s de cultura | Cand\u00e1s 365\" \/>\n\t\t<meta property=\"og:description\" content=\"El director general de Pol\u00edtica Lling\u00fc\u00edstica, Ant\u00f3n Garc\u00eda, se ha reunido con la alcaldesa de Carre\u00f1o, Amelia Fern\u00e1ndez, con el objetivo de poner en marcha este a\u00f1o el Servicio de Normalizaci\u00f3n Lling\u00fc\u00edstica de la Mancomunidad de Cabo Pe\u00f1as y de avanzar juntos en la realizaci\u00f3n del Regueriada Fest, un festival del libro y de la\" \/>\n\t\t<meta property=\"og:url\" content=\"https:\/\/candas365.es\/noticias\/el-regueriada-fest-llenara-candas-de-cultura\/\" \/>\n\t\t<meta property=\"og:image\" content=\"https:\/\/candas365.es\/noticias\/wp-content\/uploads\/2020\/01\/Regueriada-Fest.jpg\" \/>\n\t\t<meta property=\"og:image:secure_url\" content=\"https:\/\/candas365.es\/noticias\/wp-content\/uploads\/2020\/01\/Regueriada-Fest.jpg\" \/>\n\t\t<meta property=\"og:image:width\" content=\"528\" \/>\n\t\t<meta property=\"og:image:height\" content=\"510\" \/>\n\t\t<meta property=\"article:published_time\" content=\"2020-01-15T20:14:55+00:00\" \/>\n\t\t<meta property=\"article:modified_time\" content=\"2020-01-15T20:14:55+00:00\" \/>\n\t\t<meta property=\"article:publisher\" content=\"https:\/\/www.facebook.com\/Nachofdezber\" \/>\n\t\t<meta property=\"article:author\" content=\"https:\/\/www.facebook.com\/carrenoactualidad\" \/>\n\t\t<meta name=\"twitter:card\" content=\"summary_large_image\" \/>\n\t\t<meta name=\"twitter:site\" content=\"@NabercoDigital\" \/>\n\t\t<meta name=\"twitter:title\" content=\"El Regueriada Fest llenar\u00e1 Cand\u00e1s de cultura | Cand\u00e1s 365\" \/>\n\t\t<meta name=\"twitter:description\" content=\"El director general de Pol\u00edtica Lling\u00fc\u00edstica, Ant\u00f3n Garc\u00eda, se ha reunido con la alcaldesa de Carre\u00f1o, Amelia Fern\u00e1ndez, con el objetivo de poner en marcha este a\u00f1o el Servicio de Normalizaci\u00f3n Lling\u00fc\u00edstica de la Mancomunidad de Cabo Pe\u00f1as y de avanzar juntos en la realizaci\u00f3n del Regueriada Fest, un festival del libro y de la\" \/>\n\t\t<meta name=\"twitter:creator\" content=\"@nbasturias\" \/>\n\t\t<meta name=\"twitter:image\" content=\"https:\/\/candas365.es\/noticias\/wp-content\/uploads\/2020\/01\/Regueriada-Fest.jpg\" \/>\n\t\t<meta name=\"twitter:label1\" content=\"Escrito por\" \/>\n\t\t<meta name=\"twitter:data1\" content=\"Cand\u00e1s 365\" \/>\n\t\t<meta name=\"twitter:label2\" content=\"Tiempo de lectura estimado\" \/>\n\t\t<meta name=\"twitter:data2\" content=\"1 minuto\" \/>\n\t\t<script type=\"application\/ld+json\" class=\"aioseo-schema\">\n\t\t\t{\"@context\":\"https:\\\/\\\/schema.org\",\"@graph\":[{\"@type\":\"BreadcrumbList\",\"@id\":\"https:\\\/\\\/candas365.es\\\/noticias\\\/el-regueriada-fest-llenara-candas-de-cultura\\\/#breadcrumblist\",\"itemListElement\":[{\"@type\":\"ListItem\",\"@id\":\"https:\\\/\\\/candas365.es\\\/noticias#listItem\",\"position\":1,\"name\":\"Home\",\"item\":\"https:\\\/\\\/candas365.es\\\/noticias\",\"nextItem\":{\"@type\":\"ListItem\",\"@id\":\"https:\\\/\\\/candas365.es\\\/noticias\\\/category\\\/noticias-carreno\\\/#listItem\",\"name\":\"Noticias Carre\\u00f1o\"}},{\"@type\":\"ListItem\",\"@id\":\"https:\\\/\\\/candas365.es\\\/noticias\\\/category\\\/noticias-carreno\\\/#listItem\",\"position\":2,\"name\":\"Noticias Carre\\u00f1o\",\"item\":\"https:\\\/\\\/candas365.es\\\/noticias\\\/category\\\/noticias-carreno\\\/\",\"nextItem\":{\"@type\":\"ListItem\",\"@id\":\"https:\\\/\\\/candas365.es\\\/noticias\\\/el-regueriada-fest-llenara-candas-de-cultura\\\/#listItem\",\"name\":\"El Regueriada Fest llenar\\u00e1 Cand\\u00e1s de cultura\"},\"previousItem\":{\"@type\":\"ListItem\",\"@id\":\"https:\\\/\\\/candas365.es\\\/noticias#listItem\",\"name\":\"Home\"}},{\"@type\":\"ListItem\",\"@id\":\"https:\\\/\\\/candas365.es\\\/noticias\\\/el-regueriada-fest-llenara-candas-de-cultura\\\/#listItem\",\"position\":3,\"name\":\"El Regueriada Fest llenar\\u00e1 Cand\\u00e1s de cultura\",\"previousItem\":{\"@type\":\"ListItem\",\"@id\":\"https:\\\/\\\/candas365.es\\\/noticias\\\/category\\\/noticias-carreno\\\/#listItem\",\"name\":\"Noticias Carre\\u00f1o\"}}]},{\"@type\":\"NewsArticle\",\"@id\":\"https:\\\/\\\/candas365.es\\\/noticias\\\/el-regueriada-fest-llenara-candas-de-cultura\\\/#newsarticle\",\"name\":\"El Regueriada Fest llenar\\u00e1 Cand\\u00e1s de cultura | Cand\\u00e1s 365\",\"headline\":\"El Regueriada Fest llenar\\u00e1 Cand\\u00e1s de cultura\",\"author\":{\"@id\":\"https:\\\/\\\/candas365.es\\\/noticias\\\/author\\\/admin\\\/#author\"},\"publisher\":{\"@id\":\"https:\\\/\\\/candas365.es\\\/noticias\\\/#organization\"},\"image\":{\"@type\":\"ImageObject\",\"url\":\"https:\\\/\\\/candas365.es\\\/noticias\\\/wp-content\\\/uploads\\\/2020\\\/01\\\/Regueriada-Fest.jpg\",\"width\":528,\"height\":510},\"datePublished\":\"2020-01-15T20:14:55+01:00\",\"dateModified\":\"2020-01-15T20:14:55+01:00\",\"inLanguage\":\"es-ES\",\"mainEntityOfPage\":{\"@id\":\"https:\\\/\\\/candas365.es\\\/noticias\\\/el-regueriada-fest-llenara-candas-de-cultura\\\/#webpage\"},\"isPartOf\":{\"@id\":\"https:\\\/\\\/candas365.es\\\/noticias\\\/el-regueriada-fest-llenara-candas-de-cultura\\\/#webpage\"},\"articleSection\":\"Noticias Carre\\u00f1o\",\"dateline\":\"Publicado el enero 15, 2020.\"},{\"@type\":\"Organization\",\"@id\":\"https:\\\/\\\/candas365.es\\\/noticias\\\/#organization\",\"name\":\"Cand\\u00e1s 365\",\"description\":\"Cand\\u00e1s 365 es un diario digital independiente, fundado en 2012, con base en Asturias. Informamos con rigor sobre actualidad, sociedad, cultura y ocio, con una mirada local y global.\",\"url\":\"https:\\\/\\\/candas365.es\\\/noticias\\\/\",\"email\":\"info@candas365.es\",\"telephone\":\"+34652131393\",\"foundingDate\":\"2012-06-10\",\"logo\":{\"@type\":\"ImageObject\",\"url\":\"https:\\\/\\\/candas365.es\\\/noticias\\\/wp-content\\\/uploads\\\/2024\\\/09\\\/Candas-365-Redes.jpg\",\"@id\":\"https:\\\/\\\/candas365.es\\\/noticias\\\/el-regueriada-fest-llenara-candas-de-cultura\\\/#organizationLogo\",\"width\":1152,\"height\":864,\"caption\":\"Cand\\u00e1s 365 Redes\"},\"image\":{\"@id\":\"https:\\\/\\\/candas365.es\\\/noticias\\\/el-regueriada-fest-llenara-candas-de-cultura\\\/#organizationLogo\"},\"sameAs\":[\"https:\\\/\\\/www.facebook.com\\\/Nachofdezber\",\"https:\\\/\\\/x.com\\\/NabercoDigital\",\"https:\\\/\\\/www.instagram.com\\\/nachofdezber\\\/\",\"https:\\\/\\\/www.youtube.com\\\/channel\\\/UCZP-2wLEB9Rv6erhFmqVnvg\"],\"address\":{\"@id\":\"https:\\\/\\\/candas365.es\\\/noticias\\\/#postaladdress\",\"@type\":\"PostalAddress\",\"streetAddress\":\"san antonio 4, san antonio 4\",\"postalCode\":\"33430\",\"addressLocality\":\"Cand\\u00e1s\",\"addressRegion\":\"Asturias\",\"addressCountry\":\"ES\"}},{\"@type\":\"Person\",\"@id\":\"https:\\\/\\\/candas365.es\\\/noticias\\\/author\\\/admin\\\/#author\",\"url\":\"https:\\\/\\\/candas365.es\\\/noticias\\\/author\\\/admin\\\/\",\"name\":\"Cand\\u00e1s 365\",\"image\":{\"@type\":\"ImageObject\",\"@id\":\"https:\\\/\\\/candas365.es\\\/noticias\\\/el-regueriada-fest-llenara-candas-de-cultura\\\/#authorImage\",\"url\":\"https:\\\/\\\/secure.gravatar.com\\\/avatar\\\/496a8e03d0c493ede1718b7934145dbdf8d89be1036b0eec9544e1094c9de390?s=96&d=mm&r=g\",\"width\":96,\"height\":96,\"caption\":\"Cand\\u00e1s 365\"},\"sameAs\":[\"https:\\\/\\\/www.facebook.com\\\/carrenoactualidad\",\"https:\\\/\\\/twitter.com\\\/nbasturias\",\"https:\\\/\\\/www.instagram.com\\\/nachofdezber\\\/\",\"https:\\\/\\\/www.youtube.com\\\/channel\\\/UCZP-2wLEB9Rv6erhFmqVnvg\"]},{\"@type\":\"WebPage\",\"@id\":\"https:\\\/\\\/candas365.es\\\/noticias\\\/el-regueriada-fest-llenara-candas-de-cultura\\\/#webpage\",\"url\":\"https:\\\/\\\/candas365.es\\\/noticias\\\/el-regueriada-fest-llenara-candas-de-cultura\\\/\",\"name\":\"El Regueriada Fest llenar\\u00e1 Cand\\u00e1s de cultura | Cand\\u00e1s 365\",\"description\":\"El director general de Pol\\u00edtica Lling\\u00fc\\u00edstica, Ant\\u00f3n Garc\\u00eda, se ha reunido con la alcaldesa de Carre\\u00f1o, Amelia Fern\\u00e1ndez, con el objetivo de poner en marcha este a\\u00f1o el Servicio de Normalizaci\\u00f3n Lling\\u00fc\\u00edstica de la Mancomunidad de Cabo Pe\\u00f1as y de avanzar juntos en la realizaci\\u00f3n del Regueriada Fest, un festival del libro y de la\",\"inLanguage\":\"es-ES\",\"isPartOf\":{\"@id\":\"https:\\\/\\\/candas365.es\\\/noticias\\\/#website\"},\"breadcrumb\":{\"@id\":\"https:\\\/\\\/candas365.es\\\/noticias\\\/el-regueriada-fest-llenara-candas-de-cultura\\\/#breadcrumblist\"},\"author\":{\"@id\":\"https:\\\/\\\/candas365.es\\\/noticias\\\/author\\\/admin\\\/#author\"},\"creator\":{\"@id\":\"https:\\\/\\\/candas365.es\\\/noticias\\\/author\\\/admin\\\/#author\"},\"image\":{\"@type\":\"ImageObject\",\"url\":\"https:\\\/\\\/candas365.es\\\/noticias\\\/wp-content\\\/uploads\\\/2020\\\/01\\\/Regueriada-Fest.jpg\",\"@id\":\"https:\\\/\\\/candas365.es\\\/noticias\\\/el-regueriada-fest-llenara-candas-de-cultura\\\/#mainImage\",\"width\":528,\"height\":510},\"primaryImageOfPage\":{\"@id\":\"https:\\\/\\\/candas365.es\\\/noticias\\\/el-regueriada-fest-llenara-candas-de-cultura\\\/#mainImage\"},\"datePublished\":\"2020-01-15T20:14:55+01:00\",\"dateModified\":\"2020-01-15T20:14:55+01:00\"},{\"@type\":\"WebSite\",\"@id\":\"https:\\\/\\\/candas365.es\\\/noticias\\\/#website\",\"url\":\"https:\\\/\\\/candas365.es\\\/noticias\\\/\",\"name\":\"Cand\\u00e1s 365\",\"alternateName\":\"Cand\\u00e1s 365 Noticias\",\"description\":\"Actualidad desde Carre\\u00f1o para el mundo\",\"inLanguage\":\"es-ES\",\"publisher\":{\"@id\":\"https:\\\/\\\/candas365.es\\\/noticias\\\/#organization\"}}]}\n\t\t<\/script>\n\t\t<!-- All in One SEO Pro -->\r\n\t\t<title>El Regueriada Fest llenar\u00e1 Cand\u00e1s de cultura | Cand\u00e1s 365<\/title>\n\n","aioseo_head_json":{"title":"El Regueriada Fest llenar\u00e1 Cand\u00e1s de cultura | Cand\u00e1s 365","description":"El director general de Pol\u00edtica Lling\u00fc\u00edstica, Ant\u00f3n Garc\u00eda, se ha reunido con la alcaldesa de Carre\u00f1o, Amelia Fern\u00e1ndez, con el objetivo de poner en marcha este a\u00f1o el Servicio de Normalizaci\u00f3n Lling\u00fc\u00edstica de la Mancomunidad de Cabo Pe\u00f1as y de avanzar juntos en la realizaci\u00f3n del Regueriada Fest, un festival del libro y de la","canonical_url":"https:\/\/candas365.es\/noticias\/el-regueriada-fest-llenara-candas-de-cultura\/","robots":"max-image-preview:large","keywords":"noticias carre\u00f1o","webmasterTools":{"google-site-verification":"UA-32230408-1","msvalidate.01":"354F3CDFB2DA171B47FBE9ABF1F88D5","miscellaneous":""},"schema":{"@context":"https:\/\/schema.org","@graph":[{"@type":"BreadcrumbList","@id":"https:\/\/candas365.es\/noticias\/el-regueriada-fest-llenara-candas-de-cultura\/#breadcrumblist","itemListElement":[{"@type":"ListItem","@id":"https:\/\/candas365.es\/noticias#listItem","position":1,"name":"Home","item":"https:\/\/candas365.es\/noticias","nextItem":{"@type":"ListItem","@id":"https:\/\/candas365.es\/noticias\/category\/noticias-carreno\/#listItem","name":"Noticias Carre\u00f1o"}},{"@type":"ListItem","@id":"https:\/\/candas365.es\/noticias\/category\/noticias-carreno\/#listItem","position":2,"name":"Noticias Carre\u00f1o","item":"https:\/\/candas365.es\/noticias\/category\/noticias-carreno\/","nextItem":{"@type":"ListItem","@id":"https:\/\/candas365.es\/noticias\/el-regueriada-fest-llenara-candas-de-cultura\/#listItem","name":"El Regueriada Fest llenar\u00e1 Cand\u00e1s de cultura"},"previousItem":{"@type":"ListItem","@id":"https:\/\/candas365.es\/noticias#listItem","name":"Home"}},{"@type":"ListItem","@id":"https:\/\/candas365.es\/noticias\/el-regueriada-fest-llenara-candas-de-cultura\/#listItem","position":3,"name":"El Regueriada Fest llenar\u00e1 Cand\u00e1s de cultura","previousItem":{"@type":"ListItem","@id":"https:\/\/candas365.es\/noticias\/category\/noticias-carreno\/#listItem","name":"Noticias Carre\u00f1o"}}]},{"@type":"NewsArticle","@id":"https:\/\/candas365.es\/noticias\/el-regueriada-fest-llenara-candas-de-cultura\/#newsarticle","name":"El Regueriada Fest llenar\u00e1 Cand\u00e1s de cultura | Cand\u00e1s 365","headline":"El Regueriada Fest llenar\u00e1 Cand\u00e1s de cultura","author":{"@id":"https:\/\/candas365.es\/noticias\/author\/admin\/#author"},"publisher":{"@id":"https:\/\/candas365.es\/noticias\/#organization"},"image":{"@type":"ImageObject","url":"https:\/\/candas365.es\/noticias\/wp-content\/uploads\/2020\/01\/Regueriada-Fest.jpg","width":528,"height":510},"datePublished":"2020-01-15T20:14:55+01:00","dateModified":"2020-01-15T20:14:55+01:00","inLanguage":"es-ES","mainEntityOfPage":{"@id":"https:\/\/candas365.es\/noticias\/el-regueriada-fest-llenara-candas-de-cultura\/#webpage"},"isPartOf":{"@id":"https:\/\/candas365.es\/noticias\/el-regueriada-fest-llenara-candas-de-cultura\/#webpage"},"articleSection":"Noticias Carre\u00f1o","dateline":"Publicado el enero 15, 2020."},{"@type":"Organization","@id":"https:\/\/candas365.es\/noticias\/#organization","name":"Cand\u00e1s 365","description":"Cand\u00e1s 365 es un diario digital independiente, fundado en 2012, con base en Asturias. Informamos con rigor sobre actualidad, sociedad, cultura y ocio, con una mirada local y global.","url":"https:\/\/candas365.es\/noticias\/","email":"info@candas365.es","telephone":"+34652131393","foundingDate":"2012-06-10","logo":{"@type":"ImageObject","url":"https:\/\/candas365.es\/noticias\/wp-content\/uploads\/2024\/09\/Candas-365-Redes.jpg","@id":"https:\/\/candas365.es\/noticias\/el-regueriada-fest-llenara-candas-de-cultura\/#organizationLogo","width":1152,"height":864,"caption":"Cand\u00e1s 365 Redes"},"image":{"@id":"https:\/\/candas365.es\/noticias\/el-regueriada-fest-llenara-candas-de-cultura\/#organizationLogo"},"sameAs":["https:\/\/www.facebook.com\/Nachofdezber","https:\/\/x.com\/NabercoDigital","https:\/\/www.instagram.com\/nachofdezber\/","https:\/\/www.youtube.com\/channel\/UCZP-2wLEB9Rv6erhFmqVnvg"],"address":{"@id":"https:\/\/candas365.es\/noticias\/#postaladdress","@type":"PostalAddress","streetAddress":"san antonio 4, san antonio 4","postalCode":"33430","addressLocality":"Cand\u00e1s","addressRegion":"Asturias","addressCountry":"ES"}},{"@type":"Person","@id":"https:\/\/candas365.es\/noticias\/author\/admin\/#author","url":"https:\/\/candas365.es\/noticias\/author\/admin\/","name":"Cand\u00e1s 365","image":{"@type":"ImageObject","@id":"https:\/\/candas365.es\/noticias\/el-regueriada-fest-llenara-candas-de-cultura\/#authorImage","url":"https:\/\/secure.gravatar.com\/avatar\/496a8e03d0c493ede1718b7934145dbdf8d89be1036b0eec9544e1094c9de390?s=96&d=mm&r=g","width":96,"height":96,"caption":"Cand\u00e1s 365"},"sameAs":["https:\/\/www.facebook.com\/carrenoactualidad","https:\/\/twitter.com\/nbasturias","https:\/\/www.instagram.com\/nachofdezber\/","https:\/\/www.youtube.com\/channel\/UCZP-2wLEB9Rv6erhFmqVnvg"]},{"@type":"WebPage","@id":"https:\/\/candas365.es\/noticias\/el-regueriada-fest-llenara-candas-de-cultura\/#webpage","url":"https:\/\/candas365.es\/noticias\/el-regueriada-fest-llenara-candas-de-cultura\/","name":"El Regueriada Fest llenar\u00e1 Cand\u00e1s de cultura | Cand\u00e1s 365","description":"El director general de Pol\u00edtica Lling\u00fc\u00edstica, Ant\u00f3n Garc\u00eda, se ha reunido con la alcaldesa de Carre\u00f1o, Amelia Fern\u00e1ndez, con el objetivo de poner en marcha este a\u00f1o el Servicio de Normalizaci\u00f3n Lling\u00fc\u00edstica de la Mancomunidad de Cabo Pe\u00f1as y de avanzar juntos en la realizaci\u00f3n del Regueriada Fest, un festival del libro y de la","inLanguage":"es-ES","isPartOf":{"@id":"https:\/\/candas365.es\/noticias\/#website"},"breadcrumb":{"@id":"https:\/\/candas365.es\/noticias\/el-regueriada-fest-llenara-candas-de-cultura\/#breadcrumblist"},"author":{"@id":"https:\/\/candas365.es\/noticias\/author\/admin\/#author"},"creator":{"@id":"https:\/\/candas365.es\/noticias\/author\/admin\/#author"},"image":{"@type":"ImageObject","url":"https:\/\/candas365.es\/noticias\/wp-content\/uploads\/2020\/01\/Regueriada-Fest.jpg","@id":"https:\/\/candas365.es\/noticias\/el-regueriada-fest-llenara-candas-de-cultura\/#mainImage","width":528,"height":510},"primaryImageOfPage":{"@id":"https:\/\/candas365.es\/noticias\/el-regueriada-fest-llenara-candas-de-cultura\/#mainImage"},"datePublished":"2020-01-15T20:14:55+01:00","dateModified":"2020-01-15T20:14:55+01:00"},{"@type":"WebSite","@id":"https:\/\/candas365.es\/noticias\/#website","url":"https:\/\/candas365.es\/noticias\/","name":"Cand\u00e1s 365","alternateName":"Cand\u00e1s 365 Noticias","description":"Actualidad desde Carre\u00f1o para el mundo","inLanguage":"es-ES","publisher":{"@id":"https:\/\/candas365.es\/noticias\/#organization"}}]},"og:locale":"es_ES","og:site_name":"Cand\u00e1s 365","og:type":"article","og:title":"El Regueriada Fest llenar\u00e1 Cand\u00e1s de cultura | Cand\u00e1s 365","og:description":"El director general de Pol\u00edtica Lling\u00fc\u00edstica, Ant\u00f3n Garc\u00eda, se ha reunido con la alcaldesa de Carre\u00f1o, Amelia Fern\u00e1ndez, con el objetivo de poner en marcha este a\u00f1o el Servicio de Normalizaci\u00f3n Lling\u00fc\u00edstica de la Mancomunidad de Cabo Pe\u00f1as y de avanzar juntos en la realizaci\u00f3n del Regueriada Fest, un festival del libro y de la","og:url":"https:\/\/candas365.es\/noticias\/el-regueriada-fest-llenara-candas-de-cultura\/","og:image":"https:\/\/candas365.es\/noticias\/wp-content\/uploads\/2020\/01\/Regueriada-Fest.jpg","og:image:secure_url":"https:\/\/candas365.es\/noticias\/wp-content\/uploads\/2020\/01\/Regueriada-Fest.jpg","og:image:width":528,"og:image:height":510,"article:published_time":"2020-01-15T20:14:55+00:00","article:modified_time":"2020-01-15T20:14:55+00:00","article:publisher":"https:\/\/www.facebook.com\/Nachofdezber","article:author":"https:\/\/www.facebook.com\/carrenoactualidad","twitter:card":"summary_large_image","twitter:site":"@NabercoDigital","twitter:title":"El Regueriada Fest llenar\u00e1 Cand\u00e1s de cultura | Cand\u00e1s 365","twitter:description":"El director general de Pol\u00edtica Lling\u00fc\u00edstica, Ant\u00f3n Garc\u00eda, se ha reunido con la alcaldesa de Carre\u00f1o, Amelia Fern\u00e1ndez, con el objetivo de poner en marcha este a\u00f1o el Servicio de Normalizaci\u00f3n Lling\u00fc\u00edstica de la Mancomunidad de Cabo Pe\u00f1as y de avanzar juntos en la realizaci\u00f3n del Regueriada Fest, un festival del libro y de la","twitter:creator":"@nbasturias","twitter:image":"https:\/\/candas365.es\/noticias\/wp-content\/uploads\/2020\/01\/Regueriada-Fest.jpg","twitter:label1":"Escrito por","twitter:data1":"Cand\u00e1s 365","twitter:label2":"Tiempo de lectura estimado","twitter:data2":"1 minuto"},"aioseo_meta_data":{"post_id":"136459","title":null,"description":null,"keywords":null,"keyphrases":null,"primary_term":null,"canonical_url":null,"og_title":null,"og_description":null,"og_object_type":"default","og_image_type":"default","og_image_url":null,"og_image_width":null,"og_image_height":null,"og_image_custom_url":null,"og_image_custom_fields":null,"og_video":null,"og_custom_url":null,"og_article_section":null,"og_article_tags":null,"twitter_use_og":false,"twitter_card":"default","twitter_image_type":"default","twitter_image_url":null,"twitter_image_custom_url":null,"twitter_image_custom_fields":null,"twitter_title":null,"twitter_description":null,"schema":{"blockGraphs":[],"customGraphs":[],"default":{"data":{"Article":[],"Course":[],"Dataset":[],"FAQPage":[],"Movie":[],"Person":[],"Product":[],"ProductReview":[],"Car":[],"Recipe":[],"Service":[],"SoftwareApplication":[],"WebPage":[]},"graphName":"","isEnabled":true},"graphs":[],"defaultGraph":"","defaultPostTypeGraph":""},"schema_type":null,"schema_type_options":null,"pillar_content":false,"robots_default":true,"robots_noindex":false,"robots_noarchive":false,"robots_nosnippet":false,"robots_nofollow":false,"robots_noimageindex":false,"robots_noodp":false,"robots_notranslate":false,"robots_max_snippet":null,"robots_max_videopreview":null,"robots_max_imagepreview":"large","priority":null,"frequency":null,"location":null,"local_seo":null,"seo_analyzer_scan_date":"2025-08-30 21:38:19","breadcrumb_settings":null,"limit_modified_date":false,"reviewed_by":null,"open_ai":null,"ai":null,"created":"2020-12-21 10:47:59","updated":"2025-08-30 21:38:19"},"aioseo_breadcrumb":"<div class=\"aioseo-breadcrumbs\"><span class=\"aioseo-breadcrumb\">\n\t<a href=\"https:\/\/candas365.es\/noticias\" title=\"Home\">Home<\/a>\n<\/span><span class=\"aioseo-breadcrumb-separator\">&ndash;<\/span><span class=\"aioseo-breadcrumb\">\n\t<a href=\"https:\/\/candas365.es\/noticias\/category\/noticias-carreno\/\" title=\"Noticias Carre\u00f1o\">Noticias Carre\u00f1o<\/a>\n<\/span><span class=\"aioseo-breadcrumb-separator\">&ndash;<\/span><span class=\"aioseo-breadcrumb\">\n\tEl Regueriada Fest llenar\u00e1 Cand\u00e1s de cultura\n<\/span><\/div>","aioseo_breadcrumb_json":[{"label":"Home","link":"https:\/\/candas365.es\/noticias"},{"label":"Noticias Carre\u00f1o","link":"https:\/\/candas365.es\/noticias\/category\/noticias-carreno\/"},{"label":"El Regueriada Fest llenar\u00e1 Cand\u00e1s de cultura","link":"https:\/\/candas365.es\/noticias\/el-regueriada-fest-llenara-candas-de-cultura\/"}],"_links":{"self":[{"href":"https:\/\/candas365.es\/noticias\/wp-json\/wp\/v2\/posts\/136459","targetHints":{"allow":["GET"]}}],"collection":[{"href":"https:\/\/candas365.es\/noticias\/wp-json\/wp\/v2\/posts"}],"about":[{"href":"https:\/\/candas365.es\/noticias\/wp-json\/wp\/v2\/types\/post"}],"author":[{"embeddable":true,"href":"https:\/\/candas365.es\/noticias\/wp-json\/wp\/v2\/users\/1"}],"replies":[{"embeddable":true,"href":"https:\/\/candas365.es\/noticias\/wp-json\/wp\/v2\/comments?post=136459"}],"version-history":[{"count":0,"href":"https:\/\/candas365.es\/noticias\/wp-json\/wp\/v2\/posts\/136459\/revisions"}],"wp:featuredmedia":[{"embeddable":true,"href":"https:\/\/candas365.es\/noticias\/wp-json\/wp\/v2\/media\/136460"}],"wp:attachment":[{"href":"https:\/\/candas365.es\/noticias\/wp-json\/wp\/v2\/media?parent=136459"}],"wp:term":[{"taxonomy":"category","embeddable":true,"href":"https:\/\/candas365.es\/noticias\/wp-json\/wp\/v2\/categories?post=136459"},{"taxonomy":"post_tag","embeddable":true,"href":"https:\/\/candas365.es\/noticias\/wp-json\/wp\/v2\/tags?post=136459"}],"curies":[{"name":"wp","href":"https:\/\/api.w.org\/{rel}","templated":true}]}}