{"id":136454,"date":"2020-01-15T19:35:50","date_gmt":"2020-01-15T19:35:50","guid":{"rendered":"http:\/\/candas365.es\/noticias\/?p=136454"},"modified":"2020-01-15T19:35:50","modified_gmt":"2020-01-15T19:35:50","slug":"low-ve-una-mejora-futbolistica-en-la-bundesliga","status":"publish","type":"post","link":"https:\/\/candas365.es\/noticias\/low-ve-una-mejora-futbolistica-en-la-bundesliga\/","title":{"rendered":"L\u00f6w ve una \u00abmejora futbol\u00edstica\u00bb en la Bundesliga"},"content":{"rendered":"<p><img fetchpriority=\"high\" decoding=\"async\" class=\"alignleft size-medium wp-image-98026\" src=\"https:\/\/candas365.es\/noticias\/wp-content\/uploads\/2018\/06\/football-1406106_960_720-1-360x241.jpg\" alt=\"\" width=\"360\" height=\"241\" srcset=\"https:\/\/candas365.es\/noticias\/wp-content\/uploads\/2018\/06\/football-1406106_960_720-1-360x241.jpg 360w, https:\/\/candas365.es\/noticias\/wp-content\/uploads\/2018\/06\/football-1406106_960_720-1-768x514.jpg 768w, https:\/\/candas365.es\/noticias\/wp-content\/uploads\/2018\/06\/football-1406106_960_720-1-655x439.jpg 655w, https:\/\/candas365.es\/noticias\/wp-content\/uploads\/2018\/06\/football-1406106_960_720-1-696x466.jpg 696w, https:\/\/candas365.es\/noticias\/wp-content\/uploads\/2018\/06\/football-1406106_960_720-1-627x420.jpg 627w, https:\/\/candas365.es\/noticias\/wp-content\/uploads\/2018\/06\/football-1406106_960_720-1.jpg 960w\" sizes=\"(max-width: 360px) 100vw, 360px\" \/>Offenbach (Alemania), 15 ene (dpa) &#8211; El t\u00e9cnico de la selecci\u00f3n alemana de f\u00fatbol, Joachim L\u00f6w, asegur\u00f3 hoy antes del inicio de la segunda ronda de la temporada que los clubes de la Bundesliga aumentaron en general su calidad.<\/p>\n<p>\u00abEn algunos equipos se ve una mejora futbol\u00edstica, se nota que han modificado su estilo\u00bb, dijo.<\/p>\n<p>\u00abEn total hubo m\u00e1s partidos en la primera mitad de la temporada con un nivel futbol\u00edstico muy bueno, as\u00ed es como se ven los partidos internacionales\u00bb, coment\u00f3 L\u00f6w en la tradicional recepci\u00f3n de A\u00f1o Nuevo de Liga Alemana de F\u00fatbol (DFL) en Offenbach.<\/p>\n<p>El a\u00f1o anterior, L\u00f6w se hab\u00eda mostrado preocupado de manera reiterada por el nivel de desarrollo en la m\u00e1xima categor\u00eda del f\u00fatbol alem\u00e1n.<\/p>\n<p>Asimismo el seleccionador nacional germano dirigi\u00f3 especiales elogios para los entrenadores del Schalke David Wagner y del Borussia M\u00f6nchengladbach Marco Rose, quienes con el enfrentamiento de sus equipos el pr\u00f3ximo viernes por la noche dar\u00e1n inicio a la segunda ronda de la temporada.<\/p>\n<p>\u00abLos directores t\u00e9cnicos que est\u00e1n ahora en equipos como Gladbach o Schalke con seguridad introdujeron nuevos aspectos. En algunos equipos existe m\u00e1s esp\u00edritu de trabajar con el bal\u00f3n, de buscar posibilidades de jugar hacia adelante\u00bb, alab\u00f3 L\u00f6w.<\/p>\n<p>El entrenador, de 59 a\u00f1os, consider\u00f3 que la liga se encuentra por el buen camino. \u00abHay equipos que administran, que juegan al resultado, que juegan sin riesgo. Entonces se ven casualidades, muchos resultados al azar\u00bb.<\/p>\n<p>\u00abPero ahora tambi\u00e9n hay nuevamente equipos que realmente pueden hacer su propio juego y que son responsables de un resultado. Ah\u00ed hubo tendencias positivas\u00bb, destac\u00f3 L\u00f6w.<\/p>\n","protected":false},"excerpt":{"rendered":"<p>Offenbach (Alemania), 15 ene (dpa) &#8211; El t\u00e9cnico de la selecci\u00f3n alemana de f\u00fatbol, Joachim L\u00f6w, asegur\u00f3 hoy antes del inicio de la segunda ronda de la temporada que los clubes de la Bundesliga aumentaron en general su calidad. \u00abEn algunos equipos se ve una mejora futbol\u00edstica, se nota que han modificado su estilo\u00bb, dijo.<\/p>\n","protected":false},"author":1,"featured_media":98026,"comment_status":"closed","ping_status":"closed","sticky":false,"template":"","format":"standard","meta":{"footnotes":""},"categories":[319],"tags":[],"class_list":{"0":"post-136454","1":"post","2":"type-post","3":"status-publish","4":"format-standard","5":"has-post-thumbnail","7":"category-deporte"},"aioseo_notices":[],"aioseo_head":"\n\t\t<!-- All in One SEO Pro 4.9.6.2 - aioseo.com -->\n\t<meta name=\"description\" content=\"Offenbach (Alemania), 15 ene (dpa) - El t\u00e9cnico de la selecci\u00f3n alemana de f\u00fatbol, Joachim L\u00f6w, asegur\u00f3 hoy antes del inicio de la segunda ronda de la temporada que los clubes de la Bundesliga aumentaron en general su calidad. &quot;En algunos equipos se ve una mejora futbol\u00edstica, se nota que han modificado su estilo&quot;, dijo.\" \/>\n\t<meta name=\"robots\" content=\"max-image-preview:large\" \/>\n\t<meta name=\"author\" content=\"Cand\u00e1s 365\"\/>\n\t<meta name=\"google-site-verification\" content=\"UA-32230408-1\" \/>\n\t<meta name=\"msvalidate.01\" content=\"354F3CDFB2DA171B47FBE9ABF1F88D5\" \/>\n\t<meta name=\"keywords\" content=\"deporte\" \/>\n\t<link rel=\"canonical\" href=\"https:\/\/candas365.es\/noticias\/low-ve-una-mejora-futbolistica-en-la-bundesliga\/\" \/>\n\t<meta name=\"generator\" content=\"All in One SEO Pro (AIOSEO) 4.9.6.2\" \/>\n\t\t<meta property=\"og:locale\" content=\"es_ES\" \/>\n\t\t<meta property=\"og:site_name\" content=\"Cand\u00e1s 365\" \/>\n\t\t<meta property=\"og:type\" content=\"article\" \/>\n\t\t<meta property=\"og:title\" content=\"L\u00f6w ve una \u00abmejora futbol\u00edstica\u00bb en la Bundesliga | Cand\u00e1s 365\" \/>\n\t\t<meta property=\"og:description\" content=\"Offenbach (Alemania), 15 ene (dpa) - El t\u00e9cnico de la selecci\u00f3n alemana de f\u00fatbol, Joachim L\u00f6w, asegur\u00f3 hoy antes del inicio de la segunda ronda de la temporada que los clubes de la Bundesliga aumentaron en general su calidad. &quot;En algunos equipos se ve una mejora futbol\u00edstica, se nota que han modificado su estilo&quot;, dijo.\" \/>\n\t\t<meta property=\"og:url\" content=\"https:\/\/candas365.es\/noticias\/low-ve-una-mejora-futbolistica-en-la-bundesliga\/\" \/>\n\t\t<meta property=\"og:image\" content=\"https:\/\/candas365.es\/noticias\/wp-content\/uploads\/2018\/06\/football-1406106_960_720-1.jpg\" \/>\n\t\t<meta property=\"og:image:secure_url\" content=\"https:\/\/candas365.es\/noticias\/wp-content\/uploads\/2018\/06\/football-1406106_960_720-1.jpg\" \/>\n\t\t<meta property=\"og:image:width\" content=\"960\" \/>\n\t\t<meta property=\"og:image:height\" content=\"643\" \/>\n\t\t<meta property=\"article:published_time\" content=\"2020-01-15T19:35:50+00:00\" \/>\n\t\t<meta property=\"article:modified_time\" content=\"2020-01-15T19:35:50+00:00\" \/>\n\t\t<meta property=\"article:publisher\" content=\"https:\/\/www.facebook.com\/Nachofdezber\" \/>\n\t\t<meta property=\"article:author\" content=\"https:\/\/www.facebook.com\/carrenoactualidad\" \/>\n\t\t<meta name=\"twitter:card\" content=\"summary_large_image\" \/>\n\t\t<meta name=\"twitter:site\" content=\"@NabercoDigital\" \/>\n\t\t<meta name=\"twitter:title\" content=\"L\u00f6w ve una \u00abmejora futbol\u00edstica\u00bb en la Bundesliga | Cand\u00e1s 365\" \/>\n\t\t<meta name=\"twitter:description\" content=\"Offenbach (Alemania), 15 ene (dpa) - El t\u00e9cnico de la selecci\u00f3n alemana de f\u00fatbol, Joachim L\u00f6w, asegur\u00f3 hoy antes del inicio de la segunda ronda de la temporada que los clubes de la Bundesliga aumentaron en general su calidad. &quot;En algunos equipos se ve una mejora futbol\u00edstica, se nota que han modificado su estilo&quot;, dijo.\" \/>\n\t\t<meta name=\"twitter:creator\" content=\"@nbasturias\" \/>\n\t\t<meta name=\"twitter:image\" content=\"https:\/\/candas365.es\/noticias\/wp-content\/uploads\/2018\/06\/football-1406106_960_720-1.jpg\" \/>\n\t\t<meta name=\"twitter:label1\" content=\"Escrito por\" \/>\n\t\t<meta name=\"twitter:data1\" content=\"Cand\u00e1s 365\" \/>\n\t\t<meta name=\"twitter:label2\" content=\"Tiempo de lectura estimado\" \/>\n\t\t<meta name=\"twitter:data2\" content=\"1 minuto\" \/>\n\t\t<script type=\"application\/ld+json\" class=\"aioseo-schema\">\n\t\t\t{\"@context\":\"https:\\\/\\\/schema.org\",\"@graph\":[{\"@type\":\"BreadcrumbList\",\"@id\":\"https:\\\/\\\/candas365.es\\\/noticias\\\/low-ve-una-mejora-futbolistica-en-la-bundesliga\\\/#breadcrumblist\",\"itemListElement\":[{\"@type\":\"ListItem\",\"@id\":\"https:\\\/\\\/candas365.es\\\/noticias#listItem\",\"position\":1,\"name\":\"Home\",\"item\":\"https:\\\/\\\/candas365.es\\\/noticias\",\"nextItem\":{\"@type\":\"ListItem\",\"@id\":\"https:\\\/\\\/candas365.es\\\/noticias\\\/category\\\/deporte\\\/#listItem\",\"name\":\"Deporte\"}},{\"@type\":\"ListItem\",\"@id\":\"https:\\\/\\\/candas365.es\\\/noticias\\\/category\\\/deporte\\\/#listItem\",\"position\":2,\"name\":\"Deporte\",\"item\":\"https:\\\/\\\/candas365.es\\\/noticias\\\/category\\\/deporte\\\/\",\"nextItem\":{\"@type\":\"ListItem\",\"@id\":\"https:\\\/\\\/candas365.es\\\/noticias\\\/low-ve-una-mejora-futbolistica-en-la-bundesliga\\\/#listItem\",\"name\":\"L\\u00f6w ve una \\u00abmejora futbol\\u00edstica\\u00bb en la Bundesliga\"},\"previousItem\":{\"@type\":\"ListItem\",\"@id\":\"https:\\\/\\\/candas365.es\\\/noticias#listItem\",\"name\":\"Home\"}},{\"@type\":\"ListItem\",\"@id\":\"https:\\\/\\\/candas365.es\\\/noticias\\\/low-ve-una-mejora-futbolistica-en-la-bundesliga\\\/#listItem\",\"position\":3,\"name\":\"L\\u00f6w ve una \\u00abmejora futbol\\u00edstica\\u00bb en la Bundesliga\",\"previousItem\":{\"@type\":\"ListItem\",\"@id\":\"https:\\\/\\\/candas365.es\\\/noticias\\\/category\\\/deporte\\\/#listItem\",\"name\":\"Deporte\"}}]},{\"@type\":\"NewsArticle\",\"@id\":\"https:\\\/\\\/candas365.es\\\/noticias\\\/low-ve-una-mejora-futbolistica-en-la-bundesliga\\\/#newsarticle\",\"name\":\"L\\u00f6w ve una \\u00abmejora futbol\\u00edstica\\u00bb en la Bundesliga | Cand\\u00e1s 365\",\"headline\":\"L\\u00f6w ve una \\u00abmejora futbol\\u00edstica\\u00bb en la Bundesliga\",\"author\":{\"@id\":\"https:\\\/\\\/candas365.es\\\/noticias\\\/author\\\/admin\\\/#author\"},\"publisher\":{\"@id\":\"https:\\\/\\\/candas365.es\\\/noticias\\\/#organization\"},\"image\":{\"@type\":\"ImageObject\",\"url\":\"https:\\\/\\\/candas365.es\\\/noticias\\\/wp-content\\\/uploads\\\/2018\\\/06\\\/football-1406106_960_720-1.jpg\",\"width\":960,\"height\":643},\"datePublished\":\"2020-01-15T19:35:50+01:00\",\"dateModified\":\"2020-01-15T19:35:50+01:00\",\"inLanguage\":\"es-ES\",\"mainEntityOfPage\":{\"@id\":\"https:\\\/\\\/candas365.es\\\/noticias\\\/low-ve-una-mejora-futbolistica-en-la-bundesliga\\\/#webpage\"},\"isPartOf\":{\"@id\":\"https:\\\/\\\/candas365.es\\\/noticias\\\/low-ve-una-mejora-futbolistica-en-la-bundesliga\\\/#webpage\"},\"articleSection\":\"Deporte\",\"dateline\":\"Publicado el enero 15, 2020.\"},{\"@type\":\"Organization\",\"@id\":\"https:\\\/\\\/candas365.es\\\/noticias\\\/#organization\",\"name\":\"Cand\\u00e1s 365\",\"description\":\"Cand\\u00e1s 365 es un diario digital independiente, fundado en 2012, con base en Asturias. Informamos con rigor sobre actualidad, sociedad, cultura y ocio, con una mirada local y global.\",\"url\":\"https:\\\/\\\/candas365.es\\\/noticias\\\/\",\"email\":\"info@candas365.es\",\"telephone\":\"+34652131393\",\"foundingDate\":\"2012-06-10\",\"logo\":{\"@type\":\"ImageObject\",\"url\":\"https:\\\/\\\/candas365.es\\\/noticias\\\/wp-content\\\/uploads\\\/2024\\\/09\\\/Candas-365-Redes.jpg\",\"@id\":\"https:\\\/\\\/candas365.es\\\/noticias\\\/low-ve-una-mejora-futbolistica-en-la-bundesliga\\\/#organizationLogo\",\"width\":1152,\"height\":864,\"caption\":\"Cand\\u00e1s 365 Redes\"},\"image\":{\"@id\":\"https:\\\/\\\/candas365.es\\\/noticias\\\/low-ve-una-mejora-futbolistica-en-la-bundesliga\\\/#organizationLogo\"},\"sameAs\":[\"https:\\\/\\\/www.facebook.com\\\/Nachofdezber\",\"https:\\\/\\\/x.com\\\/NabercoDigital\",\"https:\\\/\\\/www.instagram.com\\\/nachofdezber\\\/\",\"https:\\\/\\\/www.youtube.com\\\/channel\\\/UCZP-2wLEB9Rv6erhFmqVnvg\"],\"address\":{\"@id\":\"https:\\\/\\\/candas365.es\\\/noticias\\\/#postaladdress\",\"@type\":\"PostalAddress\",\"streetAddress\":\"san antonio 4, san antonio 4\",\"postalCode\":\"33430\",\"addressLocality\":\"Cand\\u00e1s\",\"addressRegion\":\"Asturias\",\"addressCountry\":\"ES\"}},{\"@type\":\"Person\",\"@id\":\"https:\\\/\\\/candas365.es\\\/noticias\\\/author\\\/admin\\\/#author\",\"url\":\"https:\\\/\\\/candas365.es\\\/noticias\\\/author\\\/admin\\\/\",\"name\":\"Cand\\u00e1s 365\",\"image\":{\"@type\":\"ImageObject\",\"@id\":\"https:\\\/\\\/candas365.es\\\/noticias\\\/low-ve-una-mejora-futbolistica-en-la-bundesliga\\\/#authorImage\",\"url\":\"https:\\\/\\\/secure.gravatar.com\\\/avatar\\\/496a8e03d0c493ede1718b7934145dbdf8d89be1036b0eec9544e1094c9de390?s=96&d=mm&r=g\",\"width\":96,\"height\":96,\"caption\":\"Cand\\u00e1s 365\"},\"sameAs\":[\"https:\\\/\\\/www.facebook.com\\\/carrenoactualidad\",\"https:\\\/\\\/twitter.com\\\/nbasturias\",\"https:\\\/\\\/www.instagram.com\\\/nachofdezber\\\/\",\"https:\\\/\\\/www.youtube.com\\\/channel\\\/UCZP-2wLEB9Rv6erhFmqVnvg\"]},{\"@type\":\"WebPage\",\"@id\":\"https:\\\/\\\/candas365.es\\\/noticias\\\/low-ve-una-mejora-futbolistica-en-la-bundesliga\\\/#webpage\",\"url\":\"https:\\\/\\\/candas365.es\\\/noticias\\\/low-ve-una-mejora-futbolistica-en-la-bundesliga\\\/\",\"name\":\"L\\u00f6w ve una \\u00abmejora futbol\\u00edstica\\u00bb en la Bundesliga | Cand\\u00e1s 365\",\"description\":\"Offenbach (Alemania), 15 ene (dpa) - El t\\u00e9cnico de la selecci\\u00f3n alemana de f\\u00fatbol, Joachim L\\u00f6w, asegur\\u00f3 hoy antes del inicio de la segunda ronda de la temporada que los clubes de la Bundesliga aumentaron en general su calidad. \\\"En algunos equipos se ve una mejora futbol\\u00edstica, se nota que han modificado su estilo\\\", dijo.\",\"inLanguage\":\"es-ES\",\"isPartOf\":{\"@id\":\"https:\\\/\\\/candas365.es\\\/noticias\\\/#website\"},\"breadcrumb\":{\"@id\":\"https:\\\/\\\/candas365.es\\\/noticias\\\/low-ve-una-mejora-futbolistica-en-la-bundesliga\\\/#breadcrumblist\"},\"author\":{\"@id\":\"https:\\\/\\\/candas365.es\\\/noticias\\\/author\\\/admin\\\/#author\"},\"creator\":{\"@id\":\"https:\\\/\\\/candas365.es\\\/noticias\\\/author\\\/admin\\\/#author\"},\"image\":{\"@type\":\"ImageObject\",\"url\":\"https:\\\/\\\/candas365.es\\\/noticias\\\/wp-content\\\/uploads\\\/2018\\\/06\\\/football-1406106_960_720-1.jpg\",\"@id\":\"https:\\\/\\\/candas365.es\\\/noticias\\\/low-ve-una-mejora-futbolistica-en-la-bundesliga\\\/#mainImage\",\"width\":960,\"height\":643},\"primaryImageOfPage\":{\"@id\":\"https:\\\/\\\/candas365.es\\\/noticias\\\/low-ve-una-mejora-futbolistica-en-la-bundesliga\\\/#mainImage\"},\"datePublished\":\"2020-01-15T19:35:50+01:00\",\"dateModified\":\"2020-01-15T19:35:50+01:00\"},{\"@type\":\"WebSite\",\"@id\":\"https:\\\/\\\/candas365.es\\\/noticias\\\/#website\",\"url\":\"https:\\\/\\\/candas365.es\\\/noticias\\\/\",\"name\":\"Cand\\u00e1s 365\",\"alternateName\":\"Cand\\u00e1s 365 Noticias\",\"description\":\"Actualidad desde Carre\\u00f1o para el mundo\",\"inLanguage\":\"es-ES\",\"publisher\":{\"@id\":\"https:\\\/\\\/candas365.es\\\/noticias\\\/#organization\"}}]}\n\t\t<\/script>\n\t\t<!-- All in One SEO Pro -->\r\n\t\t<title>L\u00f6w ve una \u00abmejora futbol\u00edstica\u00bb en la Bundesliga | Cand\u00e1s 365<\/title>\n\n","aioseo_head_json":{"title":"L\u00f6w ve una \u00abmejora futbol\u00edstica\u00bb en la Bundesliga | Cand\u00e1s 365","description":"Offenbach (Alemania), 15 ene (dpa) - El t\u00e9cnico de la selecci\u00f3n alemana de f\u00fatbol, Joachim L\u00f6w, asegur\u00f3 hoy antes del inicio de la segunda ronda de la temporada que los clubes de la Bundesliga aumentaron en general su calidad. \"En algunos equipos se ve una mejora futbol\u00edstica, se nota que han modificado su estilo\", dijo.","canonical_url":"https:\/\/candas365.es\/noticias\/low-ve-una-mejora-futbolistica-en-la-bundesliga\/","robots":"max-image-preview:large","keywords":"deporte","webmasterTools":{"google-site-verification":"UA-32230408-1","msvalidate.01":"354F3CDFB2DA171B47FBE9ABF1F88D5","miscellaneous":""},"schema":{"@context":"https:\/\/schema.org","@graph":[{"@type":"BreadcrumbList","@id":"https:\/\/candas365.es\/noticias\/low-ve-una-mejora-futbolistica-en-la-bundesliga\/#breadcrumblist","itemListElement":[{"@type":"ListItem","@id":"https:\/\/candas365.es\/noticias#listItem","position":1,"name":"Home","item":"https:\/\/candas365.es\/noticias","nextItem":{"@type":"ListItem","@id":"https:\/\/candas365.es\/noticias\/category\/deporte\/#listItem","name":"Deporte"}},{"@type":"ListItem","@id":"https:\/\/candas365.es\/noticias\/category\/deporte\/#listItem","position":2,"name":"Deporte","item":"https:\/\/candas365.es\/noticias\/category\/deporte\/","nextItem":{"@type":"ListItem","@id":"https:\/\/candas365.es\/noticias\/low-ve-una-mejora-futbolistica-en-la-bundesliga\/#listItem","name":"L\u00f6w ve una \u00abmejora futbol\u00edstica\u00bb en la Bundesliga"},"previousItem":{"@type":"ListItem","@id":"https:\/\/candas365.es\/noticias#listItem","name":"Home"}},{"@type":"ListItem","@id":"https:\/\/candas365.es\/noticias\/low-ve-una-mejora-futbolistica-en-la-bundesliga\/#listItem","position":3,"name":"L\u00f6w ve una \u00abmejora futbol\u00edstica\u00bb en la Bundesliga","previousItem":{"@type":"ListItem","@id":"https:\/\/candas365.es\/noticias\/category\/deporte\/#listItem","name":"Deporte"}}]},{"@type":"NewsArticle","@id":"https:\/\/candas365.es\/noticias\/low-ve-una-mejora-futbolistica-en-la-bundesliga\/#newsarticle","name":"L\u00f6w ve una \u00abmejora futbol\u00edstica\u00bb en la Bundesliga | Cand\u00e1s 365","headline":"L\u00f6w ve una \u00abmejora futbol\u00edstica\u00bb en la Bundesliga","author":{"@id":"https:\/\/candas365.es\/noticias\/author\/admin\/#author"},"publisher":{"@id":"https:\/\/candas365.es\/noticias\/#organization"},"image":{"@type":"ImageObject","url":"https:\/\/candas365.es\/noticias\/wp-content\/uploads\/2018\/06\/football-1406106_960_720-1.jpg","width":960,"height":643},"datePublished":"2020-01-15T19:35:50+01:00","dateModified":"2020-01-15T19:35:50+01:00","inLanguage":"es-ES","mainEntityOfPage":{"@id":"https:\/\/candas365.es\/noticias\/low-ve-una-mejora-futbolistica-en-la-bundesliga\/#webpage"},"isPartOf":{"@id":"https:\/\/candas365.es\/noticias\/low-ve-una-mejora-futbolistica-en-la-bundesliga\/#webpage"},"articleSection":"Deporte","dateline":"Publicado el enero 15, 2020."},{"@type":"Organization","@id":"https:\/\/candas365.es\/noticias\/#organization","name":"Cand\u00e1s 365","description":"Cand\u00e1s 365 es un diario digital independiente, fundado en 2012, con base en Asturias. Informamos con rigor sobre actualidad, sociedad, cultura y ocio, con una mirada local y global.","url":"https:\/\/candas365.es\/noticias\/","email":"info@candas365.es","telephone":"+34652131393","foundingDate":"2012-06-10","logo":{"@type":"ImageObject","url":"https:\/\/candas365.es\/noticias\/wp-content\/uploads\/2024\/09\/Candas-365-Redes.jpg","@id":"https:\/\/candas365.es\/noticias\/low-ve-una-mejora-futbolistica-en-la-bundesliga\/#organizationLogo","width":1152,"height":864,"caption":"Cand\u00e1s 365 Redes"},"image":{"@id":"https:\/\/candas365.es\/noticias\/low-ve-una-mejora-futbolistica-en-la-bundesliga\/#organizationLogo"},"sameAs":["https:\/\/www.facebook.com\/Nachofdezber","https:\/\/x.com\/NabercoDigital","https:\/\/www.instagram.com\/nachofdezber\/","https:\/\/www.youtube.com\/channel\/UCZP-2wLEB9Rv6erhFmqVnvg"],"address":{"@id":"https:\/\/candas365.es\/noticias\/#postaladdress","@type":"PostalAddress","streetAddress":"san antonio 4, san antonio 4","postalCode":"33430","addressLocality":"Cand\u00e1s","addressRegion":"Asturias","addressCountry":"ES"}},{"@type":"Person","@id":"https:\/\/candas365.es\/noticias\/author\/admin\/#author","url":"https:\/\/candas365.es\/noticias\/author\/admin\/","name":"Cand\u00e1s 365","image":{"@type":"ImageObject","@id":"https:\/\/candas365.es\/noticias\/low-ve-una-mejora-futbolistica-en-la-bundesliga\/#authorImage","url":"https:\/\/secure.gravatar.com\/avatar\/496a8e03d0c493ede1718b7934145dbdf8d89be1036b0eec9544e1094c9de390?s=96&d=mm&r=g","width":96,"height":96,"caption":"Cand\u00e1s 365"},"sameAs":["https:\/\/www.facebook.com\/carrenoactualidad","https:\/\/twitter.com\/nbasturias","https:\/\/www.instagram.com\/nachofdezber\/","https:\/\/www.youtube.com\/channel\/UCZP-2wLEB9Rv6erhFmqVnvg"]},{"@type":"WebPage","@id":"https:\/\/candas365.es\/noticias\/low-ve-una-mejora-futbolistica-en-la-bundesliga\/#webpage","url":"https:\/\/candas365.es\/noticias\/low-ve-una-mejora-futbolistica-en-la-bundesliga\/","name":"L\u00f6w ve una \u00abmejora futbol\u00edstica\u00bb en la Bundesliga | Cand\u00e1s 365","description":"Offenbach (Alemania), 15 ene (dpa) - El t\u00e9cnico de la selecci\u00f3n alemana de f\u00fatbol, Joachim L\u00f6w, asegur\u00f3 hoy antes del inicio de la segunda ronda de la temporada que los clubes de la Bundesliga aumentaron en general su calidad. \"En algunos equipos se ve una mejora futbol\u00edstica, se nota que han modificado su estilo\", dijo.","inLanguage":"es-ES","isPartOf":{"@id":"https:\/\/candas365.es\/noticias\/#website"},"breadcrumb":{"@id":"https:\/\/candas365.es\/noticias\/low-ve-una-mejora-futbolistica-en-la-bundesliga\/#breadcrumblist"},"author":{"@id":"https:\/\/candas365.es\/noticias\/author\/admin\/#author"},"creator":{"@id":"https:\/\/candas365.es\/noticias\/author\/admin\/#author"},"image":{"@type":"ImageObject","url":"https:\/\/candas365.es\/noticias\/wp-content\/uploads\/2018\/06\/football-1406106_960_720-1.jpg","@id":"https:\/\/candas365.es\/noticias\/low-ve-una-mejora-futbolistica-en-la-bundesliga\/#mainImage","width":960,"height":643},"primaryImageOfPage":{"@id":"https:\/\/candas365.es\/noticias\/low-ve-una-mejora-futbolistica-en-la-bundesliga\/#mainImage"},"datePublished":"2020-01-15T19:35:50+01:00","dateModified":"2020-01-15T19:35:50+01:00"},{"@type":"WebSite","@id":"https:\/\/candas365.es\/noticias\/#website","url":"https:\/\/candas365.es\/noticias\/","name":"Cand\u00e1s 365","alternateName":"Cand\u00e1s 365 Noticias","description":"Actualidad desde Carre\u00f1o para el mundo","inLanguage":"es-ES","publisher":{"@id":"https:\/\/candas365.es\/noticias\/#organization"}}]},"og:locale":"es_ES","og:site_name":"Cand\u00e1s 365","og:type":"article","og:title":"L\u00f6w ve una \u00abmejora futbol\u00edstica\u00bb en la Bundesliga | Cand\u00e1s 365","og:description":"Offenbach (Alemania), 15 ene (dpa) - El t\u00e9cnico de la selecci\u00f3n alemana de f\u00fatbol, Joachim L\u00f6w, asegur\u00f3 hoy antes del inicio de la segunda ronda de la temporada que los clubes de la Bundesliga aumentaron en general su calidad. &quot;En algunos equipos se ve una mejora futbol\u00edstica, se nota que han modificado su estilo&quot;, dijo.","og:url":"https:\/\/candas365.es\/noticias\/low-ve-una-mejora-futbolistica-en-la-bundesliga\/","og:image":"https:\/\/candas365.es\/noticias\/wp-content\/uploads\/2018\/06\/football-1406106_960_720-1.jpg","og:image:secure_url":"https:\/\/candas365.es\/noticias\/wp-content\/uploads\/2018\/06\/football-1406106_960_720-1.jpg","og:image:width":960,"og:image:height":643,"article:published_time":"2020-01-15T19:35:50+00:00","article:modified_time":"2020-01-15T19:35:50+00:00","article:publisher":"https:\/\/www.facebook.com\/Nachofdezber","article:author":"https:\/\/www.facebook.com\/carrenoactualidad","twitter:card":"summary_large_image","twitter:site":"@NabercoDigital","twitter:title":"L\u00f6w ve una \u00abmejora futbol\u00edstica\u00bb en la Bundesliga | Cand\u00e1s 365","twitter:description":"Offenbach (Alemania), 15 ene (dpa) - El t\u00e9cnico de la selecci\u00f3n alemana de f\u00fatbol, Joachim L\u00f6w, asegur\u00f3 hoy antes del inicio de la segunda ronda de la temporada que los clubes de la Bundesliga aumentaron en general su calidad. &quot;En algunos equipos se ve una mejora futbol\u00edstica, se nota que han modificado su estilo&quot;, dijo.","twitter:creator":"@nbasturias","twitter:image":"https:\/\/candas365.es\/noticias\/wp-content\/uploads\/2018\/06\/football-1406106_960_720-1.jpg","twitter:label1":"Escrito por","twitter:data1":"Cand\u00e1s 365","twitter:label2":"Tiempo de lectura estimado","twitter:data2":"1 minuto"},"aioseo_meta_data":{"post_id":"136454","title":null,"description":null,"keywords":null,"keyphrases":null,"primary_term":null,"canonical_url":null,"og_title":null,"og_description":null,"og_object_type":"default","og_image_type":"default","og_image_url":null,"og_image_width":null,"og_image_height":null,"og_image_custom_url":null,"og_image_custom_fields":null,"og_video":null,"og_custom_url":null,"og_article_section":null,"og_article_tags":null,"twitter_use_og":false,"twitter_card":"default","twitter_image_type":"default","twitter_image_url":null,"twitter_image_custom_url":null,"twitter_image_custom_fields":null,"twitter_title":null,"twitter_description":null,"schema":{"blockGraphs":[],"customGraphs":[],"default":{"data":{"Article":[],"Course":[],"Dataset":[],"FAQPage":[],"Movie":[],"Person":[],"Product":[],"ProductReview":[],"Car":[],"Recipe":[],"Service":[],"SoftwareApplication":[],"WebPage":[]},"graphName":"","isEnabled":true},"graphs":[],"defaultGraph":"","defaultPostTypeGraph":""},"schema_type":null,"schema_type_options":null,"pillar_content":false,"robots_default":true,"robots_noindex":false,"robots_noarchive":false,"robots_nosnippet":false,"robots_nofollow":false,"robots_noimageindex":false,"robots_noodp":false,"robots_notranslate":false,"robots_max_snippet":null,"robots_max_videopreview":null,"robots_max_imagepreview":"large","priority":null,"frequency":null,"location":null,"local_seo":null,"seo_analyzer_scan_date":"2025-08-30 21:38:17","breadcrumb_settings":null,"limit_modified_date":false,"reviewed_by":null,"open_ai":null,"ai":null,"created":"2020-12-21 10:47:59","updated":"2025-08-30 21:38:17"},"aioseo_breadcrumb":"<div class=\"aioseo-breadcrumbs\"><span class=\"aioseo-breadcrumb\">\n\t<a href=\"https:\/\/candas365.es\/noticias\" title=\"Home\">Home<\/a>\n<\/span><span class=\"aioseo-breadcrumb-separator\">&ndash;<\/span><span class=\"aioseo-breadcrumb\">\n\t<a href=\"https:\/\/candas365.es\/noticias\/category\/deporte\/\" title=\"Deporte\">Deporte<\/a>\n<\/span><span class=\"aioseo-breadcrumb-separator\">&ndash;<\/span><span class=\"aioseo-breadcrumb\">\n\tL\u00f6w ve una \u00abmejora futbol\u00edstica\u00bb en la Bundesliga\n<\/span><\/div>","aioseo_breadcrumb_json":[{"label":"Home","link":"https:\/\/candas365.es\/noticias"},{"label":"Deporte","link":"https:\/\/candas365.es\/noticias\/category\/deporte\/"},{"label":"L\u00f6w ve una \u00abmejora futbol\u00edstica\u00bb en la Bundesliga","link":"https:\/\/candas365.es\/noticias\/low-ve-una-mejora-futbolistica-en-la-bundesliga\/"}],"_links":{"self":[{"href":"https:\/\/candas365.es\/noticias\/wp-json\/wp\/v2\/posts\/136454","targetHints":{"allow":["GET"]}}],"collection":[{"href":"https:\/\/candas365.es\/noticias\/wp-json\/wp\/v2\/posts"}],"about":[{"href":"https:\/\/candas365.es\/noticias\/wp-json\/wp\/v2\/types\/post"}],"author":[{"embeddable":true,"href":"https:\/\/candas365.es\/noticias\/wp-json\/wp\/v2\/users\/1"}],"replies":[{"embeddable":true,"href":"https:\/\/candas365.es\/noticias\/wp-json\/wp\/v2\/comments?post=136454"}],"version-history":[{"count":0,"href":"https:\/\/candas365.es\/noticias\/wp-json\/wp\/v2\/posts\/136454\/revisions"}],"wp:featuredmedia":[{"embeddable":true,"href":"https:\/\/candas365.es\/noticias\/wp-json\/wp\/v2\/media\/98026"}],"wp:attachment":[{"href":"https:\/\/candas365.es\/noticias\/wp-json\/wp\/v2\/media?parent=136454"}],"wp:term":[{"taxonomy":"category","embeddable":true,"href":"https:\/\/candas365.es\/noticias\/wp-json\/wp\/v2\/categories?post=136454"},{"taxonomy":"post_tag","embeddable":true,"href":"https:\/\/candas365.es\/noticias\/wp-json\/wp\/v2\/tags?post=136454"}],"curies":[{"name":"wp","href":"https:\/\/api.w.org\/{rel}","templated":true}]}}