{"id":136411,"date":"2020-01-14T21:51:43","date_gmt":"2020-01-14T21:51:43","guid":{"rendered":"http:\/\/candas365.es\/noticias\/?p=136411"},"modified":"2020-01-14T21:51:43","modified_gmt":"2020-01-14T21:51:43","slug":"la-fibra-optica-avanza-en-el-concejo-de-carreno","status":"publish","type":"post","link":"https:\/\/candas365.es\/noticias\/la-fibra-optica-avanza-en-el-concejo-de-carreno\/","title":{"rendered":"La fibra \u00f3ptica avanza en el concejo de Carre\u00f1o"},"content":{"rendered":"<p><img fetchpriority=\"high\" decoding=\"async\" class=\"alignleft size-medium wp-image-89557\" src=\"https:\/\/candas365.es\/noticias\/wp-content\/uploads\/2018\/02\/macbook-577758_1280-360x239.jpg\" alt=\"\" width=\"360\" height=\"239\" srcset=\"https:\/\/candas365.es\/noticias\/wp-content\/uploads\/2018\/02\/macbook-577758_1280-360x239.jpg 360w, https:\/\/candas365.es\/noticias\/wp-content\/uploads\/2018\/02\/macbook-577758_1280-696x462.jpg 696w, https:\/\/candas365.es\/noticias\/wp-content\/uploads\/2018\/02\/macbook-577758_1280-1068x709.jpg 1068w, https:\/\/candas365.es\/noticias\/wp-content\/uploads\/2018\/02\/macbook-577758_1280-632x420.jpg 632w, https:\/\/candas365.es\/noticias\/wp-content\/uploads\/2018\/02\/macbook-577758_1280-768x510.jpg 768w, https:\/\/candas365.es\/noticias\/wp-content\/uploads\/2018\/02\/macbook-577758_1280-655x435.jpg 655w, https:\/\/candas365.es\/noticias\/wp-content\/uploads\/2018\/02\/macbook-577758_1280.jpg 1280w\" sizes=\"(max-width: 360px) 100vw, 360px\" \/>A demanda de colectivos vecinales el consistorio local viene manteniendo reuniones de trabajo con diferentes operadores de telecomunicaciones. Uno de los operadores regionales telecomunicaciones, Telecable, ampliar\u00e1 su red y dar\u00e1 servicio la zona de la urbanizaci\u00f3n de Xivares en la parroquia de Albandi. Se prev\u00e9 que contar\u00e1n este a\u00f1o con fibra \u00f3ptica.<\/p>\n<p>Tras la presentaci\u00f3n, por parte del operador del proyecto de instalaci\u00f3n y construcci\u00f3n de la Red de Telecomunicaciones por cable en la red de distribuci\u00f3n de Xivares, se les ha concedido la oportuna licencia para la ejecuci\u00f3n de las obras necesarias para dotar a la urbanizaci\u00f3n de Xivares de esta nueva infraestructura, es decir, para acometer las obras, as\u00ed como el posterior tendido del cable para la construcci\u00f3n de la red FTTH.<\/p>\n<p>Telecable un operador regional de telefon\u00eda fija, telefon\u00eda m\u00f3vil, televisi\u00f3n por suscripci\u00f3n (tedi) e internet (fibra y4G) en Asturias, filial de la compa\u00f1\u00eda espa\u00f1ola de telecomunicaciones Euskaltel. Cuenta con una red de distribuci\u00f3n de fibra \u00f3ptica propia que recorre m\u00e1s de 3.000 kil\u00f3metros en nuestra comunidad con el objetivo de garantizar, dentro de sus posibilidades la cobertura de fibra para la mayor\u00eda de los habitantes del principado. Para ello en los \u00faltimos a\u00f1os ha realizado una importante inversi\u00f3n para crear su propia red de distribuci\u00f3n y as\u00ed poder dar y desarrollar un servicio de calidad que llegue a las zonas aisladas del territorio.<\/p>\n<p>Para la construcci\u00f3n de las infraestructuras necesarias para la nueva Red de distribuci\u00f3n de la urbanizaci\u00f3n de Xivares y con el fin de optimizar recursos la empresa, en primer lugar ha realizado un censo de canalizaciones existentes en la zona. Con dicho censo de canalizaciones, se ha realizado el dise\u00f1o definitivo de las obras a realizar, reflej\u00e1ndose las infraestructuras subterr\u00e1neas que se utilizar\u00e1n, que mayormente son estas las que se utilizar\u00e1n para minimizar las obras y el impacto que las propias obras puedan causar en el entorno.<\/p>\n<p>La obra civil a ejecutar en los viales privados pero de uso p\u00fablico de la Urbanizaci\u00f3n de Xivares se resumen en 65 m de obra nueva; 23 arquetas en acera (6 de con unas dimensiones 50&#215;50 y 17 de 70&#215;120 en funci\u00f3n de las necesidades); 6 salidas laterales de fachadas; 17 intercomunicaciones entre arquetas; 21 m de canalizaci\u00f3n de alumbrado p\u00fablico y 1400 m de canalizaci\u00f3n de Hidroel\u00e9ctrica del Cant\u00e1brico.<\/p>\n<p>La canalizaci\u00f3n nueva se realizar\u00e1 con dos tubos de 110 mm de di\u00e1metro, de PVC de doble pared. Los tubos se colocar\u00e1n enterrados en zanja de aproximadamente 60 cm de profundidad y 40 cm de ancho, en posici\u00f3n horizontal hormigonados y con cinta de se\u00f1alizaci\u00f3n en la parte superior. La terminaci\u00f3n superior de la canalizaci\u00f3n depender\u00e1 de la zona donde se realice. En el caso de la canalizaci\u00f3n existente, es decir la del alumbrado p\u00fablico o de HC se introducir\u00e1 un sub-conducto por el interior del tubo de 50 mm de di\u00e1metro e ir\u00e1 enguiado en su interior para facilitar el posterior tendido del cable. Nunca se utilizar\u00e1n canalizaciones que lleven cables de alta tensi\u00f3n o que est\u00e9n previstos para ser usados por cables de alta tensi\u00f3n. Si la canalizaci\u00f3n de Hidroel\u00e9ctrica del Cant\u00e1brico tiene tritubo o un tubo destinado a telemando se usar\u00e1 esta canalizaci\u00f3n y no los tubos.<\/p>\n<p>En el caso del cableado se ha realizado un estudio pormenorizado de cada edificio de las \u00e1reas dise\u00f1adas, revisando si existe o no alg\u00fan tipo de infraestructura com\u00fan. En aquellos casos en los que existe dicha infraestructura o es posible acondicionarla se ha previsto su utilizaci\u00f3n. S\u00f3lo dise\u00f1ando las acometidas por fachada en los casos en los que no existe ning\u00fan tipo de infraestructura com\u00fan aprovechable para las telecomunicaciones como regula la normativa aplicable del sector.<\/p>\n<p>Esta nueva infraestructura dar\u00e1 servicio a un total de 249 vecinos y vecinas de la urbanizaci\u00f3n que se distribuyen en 107 unidades familiares. Los cuales a partir de la finalizaci\u00f3n de la instalaci\u00f3n del cableado podr\u00e1n navegar con una conexi\u00f3n a internet con fibra \u00f3ptica de hasta 500 megas.<\/p>\n<p>La duraci\u00f3n de la obra civil junto con la instalaci\u00f3n del cableado se estima inicialmente en 6 semanas desde la firma del acta de replanteo, ascendiendo el coste de las mismas a cerca de 32.000\u20ac<\/p>\n","protected":false},"excerpt":{"rendered":"<p>A demanda de colectivos vecinales el consistorio local viene manteniendo reuniones de trabajo con diferentes operadores de telecomunicaciones. Uno de los operadores regionales telecomunicaciones, Telecable, ampliar\u00e1 su red y dar\u00e1 servicio la zona de la urbanizaci\u00f3n de Xivares en la parroquia de Albandi. Se prev\u00e9 que contar\u00e1n este a\u00f1o con fibra \u00f3ptica. Tras la presentaci\u00f3n,<\/p>\n","protected":false},"author":1,"featured_media":89557,"comment_status":"closed","ping_status":"closed","sticky":false,"template":"","format":"standard","meta":{"footnotes":""},"categories":[2],"tags":[],"class_list":{"0":"post-136411","1":"post","2":"type-post","3":"status-publish","4":"format-standard","5":"has-post-thumbnail","7":"category-noticias-carreno"},"aioseo_notices":[],"aioseo_head":"\n\t\t<!-- All in One SEO Pro 4.9.6.2 - aioseo.com -->\n\t<meta name=\"description\" content=\"A demanda de colectivos vecinales el consistorio local viene manteniendo reuniones de trabajo con diferentes operadores de telecomunicaciones. Uno de los operadores regionales telecomunicaciones, Telecable, ampliar\u00e1 su red y dar\u00e1 servicio la zona de la urbanizaci\u00f3n de Xivares en la parroquia de Albandi. Se prev\u00e9 que contar\u00e1n este a\u00f1o con fibra \u00f3ptica. Tras la presentaci\u00f3n,\" \/>\n\t<meta name=\"robots\" content=\"max-image-preview:large\" \/>\n\t<meta name=\"author\" content=\"Cand\u00e1s 365\"\/>\n\t<meta name=\"google-site-verification\" content=\"UA-32230408-1\" \/>\n\t<meta name=\"msvalidate.01\" content=\"354F3CDFB2DA171B47FBE9ABF1F88D5\" \/>\n\t<meta name=\"keywords\" content=\"noticias carre\u00f1o\" \/>\n\t<link rel=\"canonical\" href=\"https:\/\/candas365.es\/noticias\/la-fibra-optica-avanza-en-el-concejo-de-carreno\/\" \/>\n\t<meta name=\"generator\" content=\"All in One SEO Pro (AIOSEO) 4.9.6.2\" \/>\n\t\t<meta property=\"og:locale\" content=\"es_ES\" \/>\n\t\t<meta property=\"og:site_name\" content=\"Cand\u00e1s 365\" \/>\n\t\t<meta property=\"og:type\" content=\"article\" \/>\n\t\t<meta property=\"og:title\" content=\"La fibra \u00f3ptica avanza en el concejo de Carre\u00f1o | Cand\u00e1s 365\" \/>\n\t\t<meta property=\"og:description\" content=\"A demanda de colectivos vecinales el consistorio local viene manteniendo reuniones de trabajo con diferentes operadores de telecomunicaciones. Uno de los operadores regionales telecomunicaciones, Telecable, ampliar\u00e1 su red y dar\u00e1 servicio la zona de la urbanizaci\u00f3n de Xivares en la parroquia de Albandi. Se prev\u00e9 que contar\u00e1n este a\u00f1o con fibra \u00f3ptica. Tras la presentaci\u00f3n,\" \/>\n\t\t<meta property=\"og:url\" content=\"https:\/\/candas365.es\/noticias\/la-fibra-optica-avanza-en-el-concejo-de-carreno\/\" \/>\n\t\t<meta property=\"og:image\" content=\"https:\/\/candas365.es\/noticias\/wp-content\/uploads\/2018\/02\/macbook-577758_1280.jpg\" \/>\n\t\t<meta property=\"og:image:secure_url\" content=\"https:\/\/candas365.es\/noticias\/wp-content\/uploads\/2018\/02\/macbook-577758_1280.jpg\" \/>\n\t\t<meta property=\"og:image:width\" content=\"1280\" \/>\n\t\t<meta property=\"og:image:height\" content=\"850\" \/>\n\t\t<meta property=\"article:published_time\" content=\"2020-01-14T21:51:43+00:00\" \/>\n\t\t<meta property=\"article:modified_time\" content=\"2020-01-14T21:51:43+00:00\" \/>\n\t\t<meta property=\"article:publisher\" content=\"https:\/\/www.facebook.com\/Nachofdezber\" \/>\n\t\t<meta property=\"article:author\" content=\"https:\/\/www.facebook.com\/carrenoactualidad\" \/>\n\t\t<meta name=\"twitter:card\" content=\"summary_large_image\" \/>\n\t\t<meta name=\"twitter:site\" content=\"@NabercoDigital\" \/>\n\t\t<meta name=\"twitter:title\" content=\"La fibra \u00f3ptica avanza en el concejo de Carre\u00f1o | Cand\u00e1s 365\" \/>\n\t\t<meta name=\"twitter:description\" content=\"A demanda de colectivos vecinales el consistorio local viene manteniendo reuniones de trabajo con diferentes operadores de telecomunicaciones. Uno de los operadores regionales telecomunicaciones, Telecable, ampliar\u00e1 su red y dar\u00e1 servicio la zona de la urbanizaci\u00f3n de Xivares en la parroquia de Albandi. Se prev\u00e9 que contar\u00e1n este a\u00f1o con fibra \u00f3ptica. Tras la presentaci\u00f3n,\" \/>\n\t\t<meta name=\"twitter:creator\" content=\"@nbasturias\" \/>\n\t\t<meta name=\"twitter:image\" content=\"https:\/\/candas365.es\/noticias\/wp-content\/uploads\/2018\/02\/macbook-577758_1280.jpg\" \/>\n\t\t<meta name=\"twitter:label1\" content=\"Escrito por\" \/>\n\t\t<meta name=\"twitter:data1\" content=\"Cand\u00e1s 365\" \/>\n\t\t<meta name=\"twitter:label2\" content=\"Tiempo de lectura estimado\" \/>\n\t\t<meta name=\"twitter:data2\" content=\"4 minutos\" \/>\n\t\t<script type=\"application\/ld+json\" class=\"aioseo-schema\">\n\t\t\t{\"@context\":\"https:\\\/\\\/schema.org\",\"@graph\":[{\"@type\":\"BreadcrumbList\",\"@id\":\"https:\\\/\\\/candas365.es\\\/noticias\\\/la-fibra-optica-avanza-en-el-concejo-de-carreno\\\/#breadcrumblist\",\"itemListElement\":[{\"@type\":\"ListItem\",\"@id\":\"https:\\\/\\\/candas365.es\\\/noticias#listItem\",\"position\":1,\"name\":\"Home\",\"item\":\"https:\\\/\\\/candas365.es\\\/noticias\",\"nextItem\":{\"@type\":\"ListItem\",\"@id\":\"https:\\\/\\\/candas365.es\\\/noticias\\\/category\\\/noticias-carreno\\\/#listItem\",\"name\":\"Noticias Carre\\u00f1o\"}},{\"@type\":\"ListItem\",\"@id\":\"https:\\\/\\\/candas365.es\\\/noticias\\\/category\\\/noticias-carreno\\\/#listItem\",\"position\":2,\"name\":\"Noticias Carre\\u00f1o\",\"item\":\"https:\\\/\\\/candas365.es\\\/noticias\\\/category\\\/noticias-carreno\\\/\",\"nextItem\":{\"@type\":\"ListItem\",\"@id\":\"https:\\\/\\\/candas365.es\\\/noticias\\\/la-fibra-optica-avanza-en-el-concejo-de-carreno\\\/#listItem\",\"name\":\"La fibra \\u00f3ptica avanza en el concejo de Carre\\u00f1o\"},\"previousItem\":{\"@type\":\"ListItem\",\"@id\":\"https:\\\/\\\/candas365.es\\\/noticias#listItem\",\"name\":\"Home\"}},{\"@type\":\"ListItem\",\"@id\":\"https:\\\/\\\/candas365.es\\\/noticias\\\/la-fibra-optica-avanza-en-el-concejo-de-carreno\\\/#listItem\",\"position\":3,\"name\":\"La fibra \\u00f3ptica avanza en el concejo de Carre\\u00f1o\",\"previousItem\":{\"@type\":\"ListItem\",\"@id\":\"https:\\\/\\\/candas365.es\\\/noticias\\\/category\\\/noticias-carreno\\\/#listItem\",\"name\":\"Noticias Carre\\u00f1o\"}}]},{\"@type\":\"NewsArticle\",\"@id\":\"https:\\\/\\\/candas365.es\\\/noticias\\\/la-fibra-optica-avanza-en-el-concejo-de-carreno\\\/#newsarticle\",\"name\":\"La fibra \\u00f3ptica avanza en el concejo de Carre\\u00f1o | Cand\\u00e1s 365\",\"headline\":\"La fibra \\u00f3ptica avanza en el concejo de Carre\\u00f1o\",\"author\":{\"@id\":\"https:\\\/\\\/candas365.es\\\/noticias\\\/author\\\/admin\\\/#author\"},\"publisher\":{\"@id\":\"https:\\\/\\\/candas365.es\\\/noticias\\\/#organization\"},\"image\":{\"@type\":\"ImageObject\",\"url\":\"https:\\\/\\\/candas365.es\\\/noticias\\\/wp-content\\\/uploads\\\/2018\\\/02\\\/macbook-577758_1280.jpg\",\"width\":1280,\"height\":850},\"datePublished\":\"2020-01-14T21:51:43+01:00\",\"dateModified\":\"2020-01-14T21:51:43+01:00\",\"inLanguage\":\"es-ES\",\"mainEntityOfPage\":{\"@id\":\"https:\\\/\\\/candas365.es\\\/noticias\\\/la-fibra-optica-avanza-en-el-concejo-de-carreno\\\/#webpage\"},\"isPartOf\":{\"@id\":\"https:\\\/\\\/candas365.es\\\/noticias\\\/la-fibra-optica-avanza-en-el-concejo-de-carreno\\\/#webpage\"},\"articleSection\":\"Noticias Carre\\u00f1o\",\"dateline\":\"Publicado el enero 14, 2020.\"},{\"@type\":\"Organization\",\"@id\":\"https:\\\/\\\/candas365.es\\\/noticias\\\/#organization\",\"name\":\"Cand\\u00e1s 365\",\"description\":\"Cand\\u00e1s 365 es un diario digital independiente, fundado en 2012, con base en Asturias. Informamos con rigor sobre actualidad, sociedad, cultura y ocio, con una mirada local y global.\",\"url\":\"https:\\\/\\\/candas365.es\\\/noticias\\\/\",\"email\":\"info@candas365.es\",\"telephone\":\"+34652131393\",\"foundingDate\":\"2012-06-10\",\"logo\":{\"@type\":\"ImageObject\",\"url\":\"https:\\\/\\\/candas365.es\\\/noticias\\\/wp-content\\\/uploads\\\/2024\\\/09\\\/Candas-365-Redes.jpg\",\"@id\":\"https:\\\/\\\/candas365.es\\\/noticias\\\/la-fibra-optica-avanza-en-el-concejo-de-carreno\\\/#organizationLogo\",\"width\":1152,\"height\":864,\"caption\":\"Cand\\u00e1s 365 Redes\"},\"image\":{\"@id\":\"https:\\\/\\\/candas365.es\\\/noticias\\\/la-fibra-optica-avanza-en-el-concejo-de-carreno\\\/#organizationLogo\"},\"sameAs\":[\"https:\\\/\\\/www.facebook.com\\\/Nachofdezber\",\"https:\\\/\\\/x.com\\\/NabercoDigital\",\"https:\\\/\\\/www.instagram.com\\\/nachofdezber\\\/\",\"https:\\\/\\\/www.youtube.com\\\/channel\\\/UCZP-2wLEB9Rv6erhFmqVnvg\"],\"address\":{\"@id\":\"https:\\\/\\\/candas365.es\\\/noticias\\\/#postaladdress\",\"@type\":\"PostalAddress\",\"streetAddress\":\"san antonio 4, san antonio 4\",\"postalCode\":\"33430\",\"addressLocality\":\"Cand\\u00e1s\",\"addressRegion\":\"Asturias\",\"addressCountry\":\"ES\"}},{\"@type\":\"Person\",\"@id\":\"https:\\\/\\\/candas365.es\\\/noticias\\\/author\\\/admin\\\/#author\",\"url\":\"https:\\\/\\\/candas365.es\\\/noticias\\\/author\\\/admin\\\/\",\"name\":\"Cand\\u00e1s 365\",\"image\":{\"@type\":\"ImageObject\",\"@id\":\"https:\\\/\\\/candas365.es\\\/noticias\\\/la-fibra-optica-avanza-en-el-concejo-de-carreno\\\/#authorImage\",\"url\":\"https:\\\/\\\/secure.gravatar.com\\\/avatar\\\/496a8e03d0c493ede1718b7934145dbdf8d89be1036b0eec9544e1094c9de390?s=96&d=mm&r=g\",\"width\":96,\"height\":96,\"caption\":\"Cand\\u00e1s 365\"},\"sameAs\":[\"https:\\\/\\\/www.facebook.com\\\/carrenoactualidad\",\"https:\\\/\\\/twitter.com\\\/nbasturias\",\"https:\\\/\\\/www.instagram.com\\\/nachofdezber\\\/\",\"https:\\\/\\\/www.youtube.com\\\/channel\\\/UCZP-2wLEB9Rv6erhFmqVnvg\"]},{\"@type\":\"WebPage\",\"@id\":\"https:\\\/\\\/candas365.es\\\/noticias\\\/la-fibra-optica-avanza-en-el-concejo-de-carreno\\\/#webpage\",\"url\":\"https:\\\/\\\/candas365.es\\\/noticias\\\/la-fibra-optica-avanza-en-el-concejo-de-carreno\\\/\",\"name\":\"La fibra \\u00f3ptica avanza en el concejo de Carre\\u00f1o | Cand\\u00e1s 365\",\"description\":\"A demanda de colectivos vecinales el consistorio local viene manteniendo reuniones de trabajo con diferentes operadores de telecomunicaciones. Uno de los operadores regionales telecomunicaciones, Telecable, ampliar\\u00e1 su red y dar\\u00e1 servicio la zona de la urbanizaci\\u00f3n de Xivares en la parroquia de Albandi. Se prev\\u00e9 que contar\\u00e1n este a\\u00f1o con fibra \\u00f3ptica. Tras la presentaci\\u00f3n,\",\"inLanguage\":\"es-ES\",\"isPartOf\":{\"@id\":\"https:\\\/\\\/candas365.es\\\/noticias\\\/#website\"},\"breadcrumb\":{\"@id\":\"https:\\\/\\\/candas365.es\\\/noticias\\\/la-fibra-optica-avanza-en-el-concejo-de-carreno\\\/#breadcrumblist\"},\"author\":{\"@id\":\"https:\\\/\\\/candas365.es\\\/noticias\\\/author\\\/admin\\\/#author\"},\"creator\":{\"@id\":\"https:\\\/\\\/candas365.es\\\/noticias\\\/author\\\/admin\\\/#author\"},\"image\":{\"@type\":\"ImageObject\",\"url\":\"https:\\\/\\\/candas365.es\\\/noticias\\\/wp-content\\\/uploads\\\/2018\\\/02\\\/macbook-577758_1280.jpg\",\"@id\":\"https:\\\/\\\/candas365.es\\\/noticias\\\/la-fibra-optica-avanza-en-el-concejo-de-carreno\\\/#mainImage\",\"width\":1280,\"height\":850},\"primaryImageOfPage\":{\"@id\":\"https:\\\/\\\/candas365.es\\\/noticias\\\/la-fibra-optica-avanza-en-el-concejo-de-carreno\\\/#mainImage\"},\"datePublished\":\"2020-01-14T21:51:43+01:00\",\"dateModified\":\"2020-01-14T21:51:43+01:00\"},{\"@type\":\"WebSite\",\"@id\":\"https:\\\/\\\/candas365.es\\\/noticias\\\/#website\",\"url\":\"https:\\\/\\\/candas365.es\\\/noticias\\\/\",\"name\":\"Cand\\u00e1s 365\",\"alternateName\":\"Cand\\u00e1s 365 Noticias\",\"description\":\"Actualidad desde Carre\\u00f1o para el mundo\",\"inLanguage\":\"es-ES\",\"publisher\":{\"@id\":\"https:\\\/\\\/candas365.es\\\/noticias\\\/#organization\"}}]}\n\t\t<\/script>\n\t\t<!-- All in One SEO Pro -->\r\n\t\t<title>La fibra \u00f3ptica avanza en el concejo de Carre\u00f1o | Cand\u00e1s 365<\/title>\n\n","aioseo_head_json":{"title":"La fibra \u00f3ptica avanza en el concejo de Carre\u00f1o | Cand\u00e1s 365","description":"A demanda de colectivos vecinales el consistorio local viene manteniendo reuniones de trabajo con diferentes operadores de telecomunicaciones. Uno de los operadores regionales telecomunicaciones, Telecable, ampliar\u00e1 su red y dar\u00e1 servicio la zona de la urbanizaci\u00f3n de Xivares en la parroquia de Albandi. Se prev\u00e9 que contar\u00e1n este a\u00f1o con fibra \u00f3ptica. Tras la presentaci\u00f3n,","canonical_url":"https:\/\/candas365.es\/noticias\/la-fibra-optica-avanza-en-el-concejo-de-carreno\/","robots":"max-image-preview:large","keywords":"noticias carre\u00f1o","webmasterTools":{"google-site-verification":"UA-32230408-1","msvalidate.01":"354F3CDFB2DA171B47FBE9ABF1F88D5","miscellaneous":""},"schema":{"@context":"https:\/\/schema.org","@graph":[{"@type":"BreadcrumbList","@id":"https:\/\/candas365.es\/noticias\/la-fibra-optica-avanza-en-el-concejo-de-carreno\/#breadcrumblist","itemListElement":[{"@type":"ListItem","@id":"https:\/\/candas365.es\/noticias#listItem","position":1,"name":"Home","item":"https:\/\/candas365.es\/noticias","nextItem":{"@type":"ListItem","@id":"https:\/\/candas365.es\/noticias\/category\/noticias-carreno\/#listItem","name":"Noticias Carre\u00f1o"}},{"@type":"ListItem","@id":"https:\/\/candas365.es\/noticias\/category\/noticias-carreno\/#listItem","position":2,"name":"Noticias Carre\u00f1o","item":"https:\/\/candas365.es\/noticias\/category\/noticias-carreno\/","nextItem":{"@type":"ListItem","@id":"https:\/\/candas365.es\/noticias\/la-fibra-optica-avanza-en-el-concejo-de-carreno\/#listItem","name":"La fibra \u00f3ptica avanza en el concejo de Carre\u00f1o"},"previousItem":{"@type":"ListItem","@id":"https:\/\/candas365.es\/noticias#listItem","name":"Home"}},{"@type":"ListItem","@id":"https:\/\/candas365.es\/noticias\/la-fibra-optica-avanza-en-el-concejo-de-carreno\/#listItem","position":3,"name":"La fibra \u00f3ptica avanza en el concejo de Carre\u00f1o","previousItem":{"@type":"ListItem","@id":"https:\/\/candas365.es\/noticias\/category\/noticias-carreno\/#listItem","name":"Noticias Carre\u00f1o"}}]},{"@type":"NewsArticle","@id":"https:\/\/candas365.es\/noticias\/la-fibra-optica-avanza-en-el-concejo-de-carreno\/#newsarticle","name":"La fibra \u00f3ptica avanza en el concejo de Carre\u00f1o | Cand\u00e1s 365","headline":"La fibra \u00f3ptica avanza en el concejo de Carre\u00f1o","author":{"@id":"https:\/\/candas365.es\/noticias\/author\/admin\/#author"},"publisher":{"@id":"https:\/\/candas365.es\/noticias\/#organization"},"image":{"@type":"ImageObject","url":"https:\/\/candas365.es\/noticias\/wp-content\/uploads\/2018\/02\/macbook-577758_1280.jpg","width":1280,"height":850},"datePublished":"2020-01-14T21:51:43+01:00","dateModified":"2020-01-14T21:51:43+01:00","inLanguage":"es-ES","mainEntityOfPage":{"@id":"https:\/\/candas365.es\/noticias\/la-fibra-optica-avanza-en-el-concejo-de-carreno\/#webpage"},"isPartOf":{"@id":"https:\/\/candas365.es\/noticias\/la-fibra-optica-avanza-en-el-concejo-de-carreno\/#webpage"},"articleSection":"Noticias Carre\u00f1o","dateline":"Publicado el enero 14, 2020."},{"@type":"Organization","@id":"https:\/\/candas365.es\/noticias\/#organization","name":"Cand\u00e1s 365","description":"Cand\u00e1s 365 es un diario digital independiente, fundado en 2012, con base en Asturias. Informamos con rigor sobre actualidad, sociedad, cultura y ocio, con una mirada local y global.","url":"https:\/\/candas365.es\/noticias\/","email":"info@candas365.es","telephone":"+34652131393","foundingDate":"2012-06-10","logo":{"@type":"ImageObject","url":"https:\/\/candas365.es\/noticias\/wp-content\/uploads\/2024\/09\/Candas-365-Redes.jpg","@id":"https:\/\/candas365.es\/noticias\/la-fibra-optica-avanza-en-el-concejo-de-carreno\/#organizationLogo","width":1152,"height":864,"caption":"Cand\u00e1s 365 Redes"},"image":{"@id":"https:\/\/candas365.es\/noticias\/la-fibra-optica-avanza-en-el-concejo-de-carreno\/#organizationLogo"},"sameAs":["https:\/\/www.facebook.com\/Nachofdezber","https:\/\/x.com\/NabercoDigital","https:\/\/www.instagram.com\/nachofdezber\/","https:\/\/www.youtube.com\/channel\/UCZP-2wLEB9Rv6erhFmqVnvg"],"address":{"@id":"https:\/\/candas365.es\/noticias\/#postaladdress","@type":"PostalAddress","streetAddress":"san antonio 4, san antonio 4","postalCode":"33430","addressLocality":"Cand\u00e1s","addressRegion":"Asturias","addressCountry":"ES"}},{"@type":"Person","@id":"https:\/\/candas365.es\/noticias\/author\/admin\/#author","url":"https:\/\/candas365.es\/noticias\/author\/admin\/","name":"Cand\u00e1s 365","image":{"@type":"ImageObject","@id":"https:\/\/candas365.es\/noticias\/la-fibra-optica-avanza-en-el-concejo-de-carreno\/#authorImage","url":"https:\/\/secure.gravatar.com\/avatar\/496a8e03d0c493ede1718b7934145dbdf8d89be1036b0eec9544e1094c9de390?s=96&d=mm&r=g","width":96,"height":96,"caption":"Cand\u00e1s 365"},"sameAs":["https:\/\/www.facebook.com\/carrenoactualidad","https:\/\/twitter.com\/nbasturias","https:\/\/www.instagram.com\/nachofdezber\/","https:\/\/www.youtube.com\/channel\/UCZP-2wLEB9Rv6erhFmqVnvg"]},{"@type":"WebPage","@id":"https:\/\/candas365.es\/noticias\/la-fibra-optica-avanza-en-el-concejo-de-carreno\/#webpage","url":"https:\/\/candas365.es\/noticias\/la-fibra-optica-avanza-en-el-concejo-de-carreno\/","name":"La fibra \u00f3ptica avanza en el concejo de Carre\u00f1o | Cand\u00e1s 365","description":"A demanda de colectivos vecinales el consistorio local viene manteniendo reuniones de trabajo con diferentes operadores de telecomunicaciones. Uno de los operadores regionales telecomunicaciones, Telecable, ampliar\u00e1 su red y dar\u00e1 servicio la zona de la urbanizaci\u00f3n de Xivares en la parroquia de Albandi. Se prev\u00e9 que contar\u00e1n este a\u00f1o con fibra \u00f3ptica. Tras la presentaci\u00f3n,","inLanguage":"es-ES","isPartOf":{"@id":"https:\/\/candas365.es\/noticias\/#website"},"breadcrumb":{"@id":"https:\/\/candas365.es\/noticias\/la-fibra-optica-avanza-en-el-concejo-de-carreno\/#breadcrumblist"},"author":{"@id":"https:\/\/candas365.es\/noticias\/author\/admin\/#author"},"creator":{"@id":"https:\/\/candas365.es\/noticias\/author\/admin\/#author"},"image":{"@type":"ImageObject","url":"https:\/\/candas365.es\/noticias\/wp-content\/uploads\/2018\/02\/macbook-577758_1280.jpg","@id":"https:\/\/candas365.es\/noticias\/la-fibra-optica-avanza-en-el-concejo-de-carreno\/#mainImage","width":1280,"height":850},"primaryImageOfPage":{"@id":"https:\/\/candas365.es\/noticias\/la-fibra-optica-avanza-en-el-concejo-de-carreno\/#mainImage"},"datePublished":"2020-01-14T21:51:43+01:00","dateModified":"2020-01-14T21:51:43+01:00"},{"@type":"WebSite","@id":"https:\/\/candas365.es\/noticias\/#website","url":"https:\/\/candas365.es\/noticias\/","name":"Cand\u00e1s 365","alternateName":"Cand\u00e1s 365 Noticias","description":"Actualidad desde Carre\u00f1o para el mundo","inLanguage":"es-ES","publisher":{"@id":"https:\/\/candas365.es\/noticias\/#organization"}}]},"og:locale":"es_ES","og:site_name":"Cand\u00e1s 365","og:type":"article","og:title":"La fibra \u00f3ptica avanza en el concejo de Carre\u00f1o | Cand\u00e1s 365","og:description":"A demanda de colectivos vecinales el consistorio local viene manteniendo reuniones de trabajo con diferentes operadores de telecomunicaciones. Uno de los operadores regionales telecomunicaciones, Telecable, ampliar\u00e1 su red y dar\u00e1 servicio la zona de la urbanizaci\u00f3n de Xivares en la parroquia de Albandi. Se prev\u00e9 que contar\u00e1n este a\u00f1o con fibra \u00f3ptica. Tras la presentaci\u00f3n,","og:url":"https:\/\/candas365.es\/noticias\/la-fibra-optica-avanza-en-el-concejo-de-carreno\/","og:image":"https:\/\/candas365.es\/noticias\/wp-content\/uploads\/2018\/02\/macbook-577758_1280.jpg","og:image:secure_url":"https:\/\/candas365.es\/noticias\/wp-content\/uploads\/2018\/02\/macbook-577758_1280.jpg","og:image:width":1280,"og:image:height":850,"article:published_time":"2020-01-14T21:51:43+00:00","article:modified_time":"2020-01-14T21:51:43+00:00","article:publisher":"https:\/\/www.facebook.com\/Nachofdezber","article:author":"https:\/\/www.facebook.com\/carrenoactualidad","twitter:card":"summary_large_image","twitter:site":"@NabercoDigital","twitter:title":"La fibra \u00f3ptica avanza en el concejo de Carre\u00f1o | Cand\u00e1s 365","twitter:description":"A demanda de colectivos vecinales el consistorio local viene manteniendo reuniones de trabajo con diferentes operadores de telecomunicaciones. Uno de los operadores regionales telecomunicaciones, Telecable, ampliar\u00e1 su red y dar\u00e1 servicio la zona de la urbanizaci\u00f3n de Xivares en la parroquia de Albandi. Se prev\u00e9 que contar\u00e1n este a\u00f1o con fibra \u00f3ptica. Tras la presentaci\u00f3n,","twitter:creator":"@nbasturias","twitter:image":"https:\/\/candas365.es\/noticias\/wp-content\/uploads\/2018\/02\/macbook-577758_1280.jpg","twitter:label1":"Escrito por","twitter:data1":"Cand\u00e1s 365","twitter:label2":"Tiempo de lectura estimado","twitter:data2":"4 minutos"},"aioseo_meta_data":{"post_id":"136411","title":null,"description":null,"keywords":null,"keyphrases":null,"primary_term":null,"canonical_url":null,"og_title":null,"og_description":null,"og_object_type":"default","og_image_type":"default","og_image_url":null,"og_image_width":null,"og_image_height":null,"og_image_custom_url":null,"og_image_custom_fields":null,"og_video":null,"og_custom_url":null,"og_article_section":null,"og_article_tags":null,"twitter_use_og":false,"twitter_card":"default","twitter_image_type":"default","twitter_image_url":null,"twitter_image_custom_url":null,"twitter_image_custom_fields":null,"twitter_title":null,"twitter_description":null,"schema":{"blockGraphs":[],"customGraphs":[],"default":{"data":{"Article":[],"Course":[],"Dataset":[],"FAQPage":[],"Movie":[],"Person":[],"Product":[],"ProductReview":[],"Car":[],"Recipe":[],"Service":[],"SoftwareApplication":[],"WebPage":[]},"graphName":"","isEnabled":true},"graphs":[],"defaultGraph":"","defaultPostTypeGraph":""},"schema_type":null,"schema_type_options":null,"pillar_content":false,"robots_default":true,"robots_noindex":false,"robots_noarchive":false,"robots_nosnippet":false,"robots_nofollow":false,"robots_noimageindex":false,"robots_noodp":false,"robots_notranslate":false,"robots_max_snippet":null,"robots_max_videopreview":null,"robots_max_imagepreview":"large","priority":null,"frequency":null,"location":null,"local_seo":null,"seo_analyzer_scan_date":"2025-08-30 21:34:18","breadcrumb_settings":null,"limit_modified_date":false,"reviewed_by":null,"open_ai":null,"ai":null,"created":"2020-12-21 10:47:59","updated":"2025-08-30 21:34:18"},"aioseo_breadcrumb":"<div class=\"aioseo-breadcrumbs\"><span class=\"aioseo-breadcrumb\">\n\t<a href=\"https:\/\/candas365.es\/noticias\" title=\"Home\">Home<\/a>\n<\/span><span class=\"aioseo-breadcrumb-separator\">&ndash;<\/span><span class=\"aioseo-breadcrumb\">\n\t<a href=\"https:\/\/candas365.es\/noticias\/category\/noticias-carreno\/\" title=\"Noticias Carre\u00f1o\">Noticias Carre\u00f1o<\/a>\n<\/span><span class=\"aioseo-breadcrumb-separator\">&ndash;<\/span><span class=\"aioseo-breadcrumb\">\n\tLa fibra \u00f3ptica avanza en el concejo de Carre\u00f1o\n<\/span><\/div>","aioseo_breadcrumb_json":[{"label":"Home","link":"https:\/\/candas365.es\/noticias"},{"label":"Noticias Carre\u00f1o","link":"https:\/\/candas365.es\/noticias\/category\/noticias-carreno\/"},{"label":"La fibra \u00f3ptica avanza en el concejo de Carre\u00f1o","link":"https:\/\/candas365.es\/noticias\/la-fibra-optica-avanza-en-el-concejo-de-carreno\/"}],"_links":{"self":[{"href":"https:\/\/candas365.es\/noticias\/wp-json\/wp\/v2\/posts\/136411","targetHints":{"allow":["GET"]}}],"collection":[{"href":"https:\/\/candas365.es\/noticias\/wp-json\/wp\/v2\/posts"}],"about":[{"href":"https:\/\/candas365.es\/noticias\/wp-json\/wp\/v2\/types\/post"}],"author":[{"embeddable":true,"href":"https:\/\/candas365.es\/noticias\/wp-json\/wp\/v2\/users\/1"}],"replies":[{"embeddable":true,"href":"https:\/\/candas365.es\/noticias\/wp-json\/wp\/v2\/comments?post=136411"}],"version-history":[{"count":0,"href":"https:\/\/candas365.es\/noticias\/wp-json\/wp\/v2\/posts\/136411\/revisions"}],"wp:featuredmedia":[{"embeddable":true,"href":"https:\/\/candas365.es\/noticias\/wp-json\/wp\/v2\/media\/89557"}],"wp:attachment":[{"href":"https:\/\/candas365.es\/noticias\/wp-json\/wp\/v2\/media?parent=136411"}],"wp:term":[{"taxonomy":"category","embeddable":true,"href":"https:\/\/candas365.es\/noticias\/wp-json\/wp\/v2\/categories?post=136411"},{"taxonomy":"post_tag","embeddable":true,"href":"https:\/\/candas365.es\/noticias\/wp-json\/wp\/v2\/tags?post=136411"}],"curies":[{"name":"wp","href":"https:\/\/api.w.org\/{rel}","templated":true}]}}