{"id":136345,"date":"2020-01-14T10:50:27","date_gmt":"2020-01-14T10:50:27","guid":{"rendered":"http:\/\/candas365.es\/noticias\/?p=136345"},"modified":"2020-01-14T10:50:27","modified_gmt":"2020-01-14T10:50:27","slug":"el-real-madrid-alza-la-supercopa-de-espana-mas-polemica","status":"publish","type":"post","link":"https:\/\/candas365.es\/noticias\/el-real-madrid-alza-la-supercopa-de-espana-mas-polemica\/","title":{"rendered":"El Real Madrid alza la Supercopa de Espa\u00f1a m\u00e1s pol\u00e9mica"},"content":{"rendered":"<p><iframe src=\"https:\/\/www.youtube.com\/embed\/mb1fWu4l8Vk\" width=\"650\" height=\"360\" frameborder=\"0\" allowfullscreen=\"allowfullscreen\"><span data-mce-type=\"bookmark\" style=\"display: inline-block; width: 0px; overflow: hidden; line-height: 0;\" class=\"mce_SELRES_start\">\ufeff<\/span><span data-mce-type=\"bookmark\" style=\"display: inline-block; width: 0px; overflow: hidden; line-height: 0;\" class=\"mce_SELRES_start\">\ufeff<\/span><span data-mce-type=\"bookmark\" style=\"display: inline-block; width: 0px; overflow: hidden; line-height: 0;\" class=\"mce_SELRES_start\">\ufeff<\/span><span data-mce-type=\"bookmark\" style=\"display: inline-block; width: 0px; overflow: hidden; line-height: 0;\" class=\"mce_SELRES_start\">\ufeff<\/span><\/iframe><\/p>\n<p>La Supercopa de Espa\u00f1a 2019\/20 ha sido la primera de la historia en la que han participado m\u00e1s de dos equipos, y por caprichos del destino, tambi\u00e9n la primera en la que el equipo campe\u00f3n no hab\u00eda sido la pasada temporada ni campe\u00f3n de liga ni de Copa del Rey. Este nuevo formato de competici\u00f3n, con semifinales y final depar\u00f3 una final in\u00e9dita entre los dos equipos que, casualmente, la campa\u00f1a pasada no hab\u00edan conquistado ninguno de los t\u00edtulos que dan sentido a este torneo tradicionalmente.<\/p>\n<p>Este nuevo sistema de competici\u00f3n que ha dise\u00f1ado la Real Federaci\u00f3n Espa\u00f1ola de F\u00fatbol permite competir no solo al campe\u00f3n de liga y de copa, sino tambi\u00e9n al segundo clasificado en liga y al finalista de la Copa del Rey, y de coincidir, pasar\u00eda a ser el mejor clasificado en liga. De este modo, adem\u00e1s de FC Barcelona y Valencia CF, el Atl\u00e9tico de Madrid y el Real Madrid tambi\u00e9n participaron, proclam\u00e1ndose vencedor el equipo de Zinedine Zidane en los penaltis, tras empatar sin goles tanto en el tiempo reglamentario como en la pr\u00f3rroga.<\/p>\n<p>El Real Madrid, que llegaba a este torneo con bajas importantes, se postula como el rival a batir esta temporada\u00a0y firme candidato en las <span style=\"color: #ff6600;\"><a style=\"color: #ff6600;\" href=\"https:\/\/www.betfair.es\/sport\/football\" target=\"_blank\" rel=\"noopener noreferrer\"><strong>apuestas de f\u00fatbol en Betfair<\/strong><\/a><\/span> a los t\u00edtulos dom\u00e9sticos, ya que, aunque empata a puntos en LaLiga Santander con el FC Barcelona en lo alto de la clasificaci\u00f3n, las sensaciones que transmite el equipo blanco son bastante mejores que la del resto de contendientes.<\/p>\n<h2><strong>Nuevo formato con sede en Yeda<\/strong><\/h2>\n<p>Aunque hubo cr\u00edticas desde un primer momento, lo cierto es que este nuevo formato ha resultado ser un \u00e9xito. La organizaci\u00f3n por parte de la RFEF ha sido perfecta, y Yeda, ciudad de Arabia Saudita que acogi\u00f3 el torneo, puede presumir de ser una embajadora excelente, con el \u00fanico pero de no haber podido llenar el King Abdullah Sports City, fundado en 2014 y con capacidad para 62 000 espectadores.<\/p>\n<p>Al igual que el nuevo formato de Copa del Rey, que ha dado visibilidad y protagonismo a los clubes espa\u00f1oles m\u00e1s modestos, esta nueva idea de la RFEF ha ganado m\u00e1s adeptos que cr\u00edticos. Aun as\u00ed, siempre hay opiniones en contra de todo lo novedoso, pero apuntan m\u00e1s al <span style=\"color: #ff6600;\"><strong><a style=\"color: #ff6600;\" href=\"https:\/\/www.elconfidencial.com\/deportes\/futbol\/2020-01-13\/supercopa-espana-arabia-rubiales-real-madrid-atletico-barca_2406159\/\" target=\"_blank\" rel=\"noopener noreferrer\">exceso de oportunidades<\/a><\/strong><\/span> con este nuevo formato para Real Madrid y FC Barcelona que a otro tipo de cuestiones.<\/p>\n<h2><strong>La Final de los \u201cinvitados\u201d<\/strong><\/h2>\n<p>&nbsp;<\/p>\n<p><iframe src=\"https:\/\/www.youtube.com\/embed\/T5lvnTl1SSs\" width=\"650\" height=\"390\" frameborder=\"0\" allowfullscreen=\"allowfullscreen\"><span data-mce-type=\"bookmark\" style=\"display: inline-block; width: 0px; overflow: hidden; line-height: 0;\" class=\"mce_SELRES_start\">\ufeff<\/span><\/iframe><\/p>\n<p>Dijo Ernesto Valverde en rueda de prensa antes de medirse al Atl\u00e9tico de Madrid que se le hac\u00eda extra\u00f1o jugar esta competici\u00f3n con dos equipos invitados\u00a0y curiosamente\u00a0estos dos equipos fueron los que lograron el pase en las semifinales y se midieron en la final.<\/p>\n<p>El encuentro no tuvo mucha historia durante los 90 minutos, con dominio territorial blanco\u00a0pero con pocas ocasiones para ambos conjuntos, siendo Jan Oblak y Thibaut Courtois decisivos en los escasos acercamientos de ambos equipos. Pero fue llegar la pr\u00f3rroga y desatarse las hostilidades, sobre todo tras la pol\u00e9mica acci\u00f3n de Fede Valverde casi al final del partido, cuando se olvid\u00f3 del respeto y la deportividad y realiz\u00f3 una entrada por detr\u00e1s a \u00c1lvaro Morata cuando ya encaraba porter\u00eda, viendo la tarjeta roja directa y desbaratando la que iba a ser sin duda la mejor ocasi\u00f3n del conjunto rojiblanco.<\/p>\n<p>Fue la acci\u00f3n decisiva del encuentro, como posteriormente reconoci\u00f3 <a href=\"https:\/\/www.marca.com\/futbol\/supercopa-espana\/opinion\/2020\/01\/13\/5e1b90d4ca4741397e8b45c6.html\" target=\"_blank\" rel=\"noopener noreferrer\"><span style=\"color: #ff6600;\"><strong>el t\u00e9cnico Diego Pablo Simeone<\/strong><\/span><\/a>. Sin tiempo para m\u00e1s, penaltis, y en esa suerte\u00a0el Real Madrid estuvo m\u00e1s acertado, una vez m\u00e1s, que su vecino de la capital de Espa\u00f1a\u00a0y se hizo con el trofeo.<\/p>\n<p>La Supercopa de Espa\u00f1a 2019\/20 no pasar\u00e1 a la historia por ser la m\u00e1s divertida o la m\u00e1s emocionante\u00a0pero si lo har\u00e1 por otros diversos motivos, casi todos positivos, en una gesti\u00f3n de Luis Rubiales\u00a0que, si bien puede estar equivocado en otros aspectos, ha acertado de pleno en el cambio de formato de competiciones como esta Supercopa o la Copa del Rey.<\/p>\n","protected":false},"excerpt":{"rendered":"<p>\ufeff\ufeff\ufeff\ufeff La Supercopa de Espa\u00f1a 2019\/20 ha sido la primera de la historia en la que han participado m\u00e1s de dos equipos, y por caprichos del destino, tambi\u00e9n la primera en la que el equipo campe\u00f3n no hab\u00eda sido la pasada temporada ni campe\u00f3n de liga ni de Copa del Rey. Este nuevo formato de<\/p>\n","protected":false},"author":1,"featured_media":98026,"comment_status":"closed","ping_status":"closed","sticky":false,"template":"","format":"standard","meta":{"footnotes":""},"categories":[319],"tags":[],"class_list":{"0":"post-136345","1":"post","2":"type-post","3":"status-publish","4":"format-standard","5":"has-post-thumbnail","7":"category-deporte"},"aioseo_notices":[],"aioseo_head":"\n\t\t<!-- All in One SEO Pro 4.9.6.2 - aioseo.com -->\n\t<meta name=\"description\" content=\"\ufeff\ufeff\ufeff\ufeff La Supercopa de Espa\u00f1a 2019\/20 ha sido la primera de la historia en la que han participado m\u00e1s de dos equipos, y por caprichos del destino, tambi\u00e9n la primera en la que el equipo campe\u00f3n no hab\u00eda sido la pasada temporada ni campe\u00f3n de liga ni de Copa del Rey. Este nuevo formato de\" \/>\n\t<meta name=\"robots\" content=\"max-image-preview:large\" \/>\n\t<meta name=\"author\" content=\"Cand\u00e1s 365\"\/>\n\t<meta name=\"google-site-verification\" content=\"UA-32230408-1\" \/>\n\t<meta name=\"msvalidate.01\" content=\"354F3CDFB2DA171B47FBE9ABF1F88D5\" \/>\n\t<meta name=\"keywords\" content=\"deporte\" \/>\n\t<link rel=\"canonical\" href=\"https:\/\/candas365.es\/noticias\/el-real-madrid-alza-la-supercopa-de-espana-mas-polemica\/\" \/>\n\t<meta name=\"generator\" content=\"All in One SEO Pro (AIOSEO) 4.9.6.2\" \/>\n\t\t<meta property=\"og:locale\" content=\"es_ES\" \/>\n\t\t<meta property=\"og:site_name\" content=\"Cand\u00e1s 365\" \/>\n\t\t<meta property=\"og:type\" content=\"article\" \/>\n\t\t<meta property=\"og:title\" content=\"El Real Madrid alza la Supercopa de Espa\u00f1a m\u00e1s pol\u00e9mica | Cand\u00e1s 365\" \/>\n\t\t<meta property=\"og:description\" content=\"\ufeff\ufeff\ufeff\ufeff La Supercopa de Espa\u00f1a 2019\/20 ha sido la primera de la historia en la que han participado m\u00e1s de dos equipos, y por caprichos del destino, tambi\u00e9n la primera en la que el equipo campe\u00f3n no hab\u00eda sido la pasada temporada ni campe\u00f3n de liga ni de Copa del Rey. Este nuevo formato de\" \/>\n\t\t<meta property=\"og:url\" content=\"https:\/\/candas365.es\/noticias\/el-real-madrid-alza-la-supercopa-de-espana-mas-polemica\/\" \/>\n\t\t<meta property=\"og:image\" content=\"https:\/\/candas365.es\/noticias\/wp-content\/uploads\/2018\/06\/football-1406106_960_720-1.jpg\" \/>\n\t\t<meta property=\"og:image:secure_url\" content=\"https:\/\/candas365.es\/noticias\/wp-content\/uploads\/2018\/06\/football-1406106_960_720-1.jpg\" \/>\n\t\t<meta property=\"og:image:width\" content=\"960\" \/>\n\t\t<meta property=\"og:image:height\" content=\"643\" \/>\n\t\t<meta property=\"article:published_time\" content=\"2020-01-14T10:50:27+00:00\" \/>\n\t\t<meta property=\"article:modified_time\" content=\"2020-01-14T10:50:27+00:00\" \/>\n\t\t<meta property=\"article:publisher\" content=\"https:\/\/www.facebook.com\/Nachofdezber\" \/>\n\t\t<meta property=\"article:author\" content=\"https:\/\/www.facebook.com\/carrenoactualidad\" \/>\n\t\t<meta name=\"twitter:card\" content=\"summary_large_image\" \/>\n\t\t<meta name=\"twitter:site\" content=\"@NabercoDigital\" \/>\n\t\t<meta name=\"twitter:title\" content=\"El Real Madrid alza la Supercopa de Espa\u00f1a m\u00e1s pol\u00e9mica | Cand\u00e1s 365\" \/>\n\t\t<meta name=\"twitter:description\" content=\"\ufeff\ufeff\ufeff\ufeff La Supercopa de Espa\u00f1a 2019\/20 ha sido la primera de la historia en la que han participado m\u00e1s de dos equipos, y por caprichos del destino, tambi\u00e9n la primera en la que el equipo campe\u00f3n no hab\u00eda sido la pasada temporada ni campe\u00f3n de liga ni de Copa del Rey. Este nuevo formato de\" \/>\n\t\t<meta name=\"twitter:creator\" content=\"@nbasturias\" \/>\n\t\t<meta name=\"twitter:image\" content=\"https:\/\/candas365.es\/noticias\/wp-content\/uploads\/2018\/06\/football-1406106_960_720-1.jpg\" \/>\n\t\t<meta name=\"twitter:label1\" content=\"Escrito por\" \/>\n\t\t<meta name=\"twitter:data1\" content=\"Cand\u00e1s 365\" \/>\n\t\t<meta name=\"twitter:label2\" content=\"Tiempo de lectura estimado\" \/>\n\t\t<meta name=\"twitter:data2\" content=\"4 minutos\" \/>\n\t\t<script type=\"application\/ld+json\" class=\"aioseo-schema\">\n\t\t\t{\"@context\":\"https:\\\/\\\/schema.org\",\"@graph\":[{\"@type\":\"BreadcrumbList\",\"@id\":\"https:\\\/\\\/candas365.es\\\/noticias\\\/el-real-madrid-alza-la-supercopa-de-espana-mas-polemica\\\/#breadcrumblist\",\"itemListElement\":[{\"@type\":\"ListItem\",\"@id\":\"https:\\\/\\\/candas365.es\\\/noticias#listItem\",\"position\":1,\"name\":\"Home\",\"item\":\"https:\\\/\\\/candas365.es\\\/noticias\",\"nextItem\":{\"@type\":\"ListItem\",\"@id\":\"https:\\\/\\\/candas365.es\\\/noticias\\\/category\\\/deporte\\\/#listItem\",\"name\":\"Deporte\"}},{\"@type\":\"ListItem\",\"@id\":\"https:\\\/\\\/candas365.es\\\/noticias\\\/category\\\/deporte\\\/#listItem\",\"position\":2,\"name\":\"Deporte\",\"item\":\"https:\\\/\\\/candas365.es\\\/noticias\\\/category\\\/deporte\\\/\",\"nextItem\":{\"@type\":\"ListItem\",\"@id\":\"https:\\\/\\\/candas365.es\\\/noticias\\\/el-real-madrid-alza-la-supercopa-de-espana-mas-polemica\\\/#listItem\",\"name\":\"El Real Madrid alza la Supercopa de Espa\\u00f1a m\\u00e1s pol\\u00e9mica\"},\"previousItem\":{\"@type\":\"ListItem\",\"@id\":\"https:\\\/\\\/candas365.es\\\/noticias#listItem\",\"name\":\"Home\"}},{\"@type\":\"ListItem\",\"@id\":\"https:\\\/\\\/candas365.es\\\/noticias\\\/el-real-madrid-alza-la-supercopa-de-espana-mas-polemica\\\/#listItem\",\"position\":3,\"name\":\"El Real Madrid alza la Supercopa de Espa\\u00f1a m\\u00e1s pol\\u00e9mica\",\"previousItem\":{\"@type\":\"ListItem\",\"@id\":\"https:\\\/\\\/candas365.es\\\/noticias\\\/category\\\/deporte\\\/#listItem\",\"name\":\"Deporte\"}}]},{\"@type\":\"NewsArticle\",\"@id\":\"https:\\\/\\\/candas365.es\\\/noticias\\\/el-real-madrid-alza-la-supercopa-de-espana-mas-polemica\\\/#newsarticle\",\"name\":\"El Real Madrid alza la Supercopa de Espa\\u00f1a m\\u00e1s pol\\u00e9mica | Cand\\u00e1s 365\",\"headline\":\"El Real Madrid alza la Supercopa de Espa\\u00f1a m\\u00e1s pol\\u00e9mica\",\"author\":{\"@id\":\"https:\\\/\\\/candas365.es\\\/noticias\\\/author\\\/admin\\\/#author\"},\"publisher\":{\"@id\":\"https:\\\/\\\/candas365.es\\\/noticias\\\/#organization\"},\"image\":{\"@type\":\"ImageObject\",\"url\":\"https:\\\/\\\/candas365.es\\\/noticias\\\/wp-content\\\/uploads\\\/2018\\\/06\\\/football-1406106_960_720-1.jpg\",\"width\":960,\"height\":643},\"datePublished\":\"2020-01-14T10:50:27+01:00\",\"dateModified\":\"2020-01-14T10:50:27+01:00\",\"inLanguage\":\"es-ES\",\"mainEntityOfPage\":{\"@id\":\"https:\\\/\\\/candas365.es\\\/noticias\\\/el-real-madrid-alza-la-supercopa-de-espana-mas-polemica\\\/#webpage\"},\"isPartOf\":{\"@id\":\"https:\\\/\\\/candas365.es\\\/noticias\\\/el-real-madrid-alza-la-supercopa-de-espana-mas-polemica\\\/#webpage\"},\"articleSection\":\"Deporte\",\"dateline\":\"Publicado el enero 14, 2020.\"},{\"@type\":\"Organization\",\"@id\":\"https:\\\/\\\/candas365.es\\\/noticias\\\/#organization\",\"name\":\"Cand\\u00e1s 365\",\"description\":\"Cand\\u00e1s 365 es un diario digital independiente, fundado en 2012, con base en Asturias. Informamos con rigor sobre actualidad, sociedad, cultura y ocio, con una mirada local y global.\",\"url\":\"https:\\\/\\\/candas365.es\\\/noticias\\\/\",\"email\":\"info@candas365.es\",\"telephone\":\"+34652131393\",\"foundingDate\":\"2012-06-10\",\"logo\":{\"@type\":\"ImageObject\",\"url\":\"https:\\\/\\\/candas365.es\\\/noticias\\\/wp-content\\\/uploads\\\/2024\\\/09\\\/Candas-365-Redes.jpg\",\"@id\":\"https:\\\/\\\/candas365.es\\\/noticias\\\/el-real-madrid-alza-la-supercopa-de-espana-mas-polemica\\\/#organizationLogo\",\"width\":1152,\"height\":864,\"caption\":\"Cand\\u00e1s 365 Redes\"},\"image\":{\"@id\":\"https:\\\/\\\/candas365.es\\\/noticias\\\/el-real-madrid-alza-la-supercopa-de-espana-mas-polemica\\\/#organizationLogo\"},\"sameAs\":[\"https:\\\/\\\/www.facebook.com\\\/Nachofdezber\",\"https:\\\/\\\/x.com\\\/NabercoDigital\",\"https:\\\/\\\/www.instagram.com\\\/nachofdezber\\\/\",\"https:\\\/\\\/www.youtube.com\\\/channel\\\/UCZP-2wLEB9Rv6erhFmqVnvg\"],\"address\":{\"@id\":\"https:\\\/\\\/candas365.es\\\/noticias\\\/#postaladdress\",\"@type\":\"PostalAddress\",\"streetAddress\":\"san antonio 4, san antonio 4\",\"postalCode\":\"33430\",\"addressLocality\":\"Cand\\u00e1s\",\"addressRegion\":\"Asturias\",\"addressCountry\":\"ES\"}},{\"@type\":\"Person\",\"@id\":\"https:\\\/\\\/candas365.es\\\/noticias\\\/author\\\/admin\\\/#author\",\"url\":\"https:\\\/\\\/candas365.es\\\/noticias\\\/author\\\/admin\\\/\",\"name\":\"Cand\\u00e1s 365\",\"image\":{\"@type\":\"ImageObject\",\"@id\":\"https:\\\/\\\/candas365.es\\\/noticias\\\/el-real-madrid-alza-la-supercopa-de-espana-mas-polemica\\\/#authorImage\",\"url\":\"https:\\\/\\\/secure.gravatar.com\\\/avatar\\\/496a8e03d0c493ede1718b7934145dbdf8d89be1036b0eec9544e1094c9de390?s=96&d=mm&r=g\",\"width\":96,\"height\":96,\"caption\":\"Cand\\u00e1s 365\"},\"sameAs\":[\"https:\\\/\\\/www.facebook.com\\\/carrenoactualidad\",\"https:\\\/\\\/twitter.com\\\/nbasturias\",\"https:\\\/\\\/www.instagram.com\\\/nachofdezber\\\/\",\"https:\\\/\\\/www.youtube.com\\\/channel\\\/UCZP-2wLEB9Rv6erhFmqVnvg\"]},{\"@type\":\"WebPage\",\"@id\":\"https:\\\/\\\/candas365.es\\\/noticias\\\/el-real-madrid-alza-la-supercopa-de-espana-mas-polemica\\\/#webpage\",\"url\":\"https:\\\/\\\/candas365.es\\\/noticias\\\/el-real-madrid-alza-la-supercopa-de-espana-mas-polemica\\\/\",\"name\":\"El Real Madrid alza la Supercopa de Espa\\u00f1a m\\u00e1s pol\\u00e9mica | Cand\\u00e1s 365\",\"description\":\"\\ufeff\\ufeff\\ufeff\\ufeff La Supercopa de Espa\\u00f1a 2019\\\/20 ha sido la primera de la historia en la que han participado m\\u00e1s de dos equipos, y por caprichos del destino, tambi\\u00e9n la primera en la que el equipo campe\\u00f3n no hab\\u00eda sido la pasada temporada ni campe\\u00f3n de liga ni de Copa del Rey. Este nuevo formato de\",\"inLanguage\":\"es-ES\",\"isPartOf\":{\"@id\":\"https:\\\/\\\/candas365.es\\\/noticias\\\/#website\"},\"breadcrumb\":{\"@id\":\"https:\\\/\\\/candas365.es\\\/noticias\\\/el-real-madrid-alza-la-supercopa-de-espana-mas-polemica\\\/#breadcrumblist\"},\"author\":{\"@id\":\"https:\\\/\\\/candas365.es\\\/noticias\\\/author\\\/admin\\\/#author\"},\"creator\":{\"@id\":\"https:\\\/\\\/candas365.es\\\/noticias\\\/author\\\/admin\\\/#author\"},\"image\":{\"@type\":\"ImageObject\",\"url\":\"https:\\\/\\\/candas365.es\\\/noticias\\\/wp-content\\\/uploads\\\/2018\\\/06\\\/football-1406106_960_720-1.jpg\",\"@id\":\"https:\\\/\\\/candas365.es\\\/noticias\\\/el-real-madrid-alza-la-supercopa-de-espana-mas-polemica\\\/#mainImage\",\"width\":960,\"height\":643},\"primaryImageOfPage\":{\"@id\":\"https:\\\/\\\/candas365.es\\\/noticias\\\/el-real-madrid-alza-la-supercopa-de-espana-mas-polemica\\\/#mainImage\"},\"datePublished\":\"2020-01-14T10:50:27+01:00\",\"dateModified\":\"2020-01-14T10:50:27+01:00\"},{\"@type\":\"WebSite\",\"@id\":\"https:\\\/\\\/candas365.es\\\/noticias\\\/#website\",\"url\":\"https:\\\/\\\/candas365.es\\\/noticias\\\/\",\"name\":\"Cand\\u00e1s 365\",\"alternateName\":\"Cand\\u00e1s 365 Noticias\",\"description\":\"Actualidad desde Carre\\u00f1o para el mundo\",\"inLanguage\":\"es-ES\",\"publisher\":{\"@id\":\"https:\\\/\\\/candas365.es\\\/noticias\\\/#organization\"}}]}\n\t\t<\/script>\n\t\t<!-- All in One SEO Pro -->\r\n\t\t<title>El Real Madrid alza la Supercopa de Espa\u00f1a m\u00e1s pol\u00e9mica | Cand\u00e1s 365<\/title>\n\n","aioseo_head_json":{"title":"El Real Madrid alza la Supercopa de Espa\u00f1a m\u00e1s pol\u00e9mica | Cand\u00e1s 365","description":"\ufeff\ufeff\ufeff\ufeff La Supercopa de Espa\u00f1a 2019\/20 ha sido la primera de la historia en la que han participado m\u00e1s de dos equipos, y por caprichos del destino, tambi\u00e9n la primera en la que el equipo campe\u00f3n no hab\u00eda sido la pasada temporada ni campe\u00f3n de liga ni de Copa del Rey. Este nuevo formato de","canonical_url":"https:\/\/candas365.es\/noticias\/el-real-madrid-alza-la-supercopa-de-espana-mas-polemica\/","robots":"max-image-preview:large","keywords":"deporte","webmasterTools":{"google-site-verification":"UA-32230408-1","msvalidate.01":"354F3CDFB2DA171B47FBE9ABF1F88D5","miscellaneous":""},"schema":{"@context":"https:\/\/schema.org","@graph":[{"@type":"BreadcrumbList","@id":"https:\/\/candas365.es\/noticias\/el-real-madrid-alza-la-supercopa-de-espana-mas-polemica\/#breadcrumblist","itemListElement":[{"@type":"ListItem","@id":"https:\/\/candas365.es\/noticias#listItem","position":1,"name":"Home","item":"https:\/\/candas365.es\/noticias","nextItem":{"@type":"ListItem","@id":"https:\/\/candas365.es\/noticias\/category\/deporte\/#listItem","name":"Deporte"}},{"@type":"ListItem","@id":"https:\/\/candas365.es\/noticias\/category\/deporte\/#listItem","position":2,"name":"Deporte","item":"https:\/\/candas365.es\/noticias\/category\/deporte\/","nextItem":{"@type":"ListItem","@id":"https:\/\/candas365.es\/noticias\/el-real-madrid-alza-la-supercopa-de-espana-mas-polemica\/#listItem","name":"El Real Madrid alza la Supercopa de Espa\u00f1a m\u00e1s pol\u00e9mica"},"previousItem":{"@type":"ListItem","@id":"https:\/\/candas365.es\/noticias#listItem","name":"Home"}},{"@type":"ListItem","@id":"https:\/\/candas365.es\/noticias\/el-real-madrid-alza-la-supercopa-de-espana-mas-polemica\/#listItem","position":3,"name":"El Real Madrid alza la Supercopa de Espa\u00f1a m\u00e1s pol\u00e9mica","previousItem":{"@type":"ListItem","@id":"https:\/\/candas365.es\/noticias\/category\/deporte\/#listItem","name":"Deporte"}}]},{"@type":"NewsArticle","@id":"https:\/\/candas365.es\/noticias\/el-real-madrid-alza-la-supercopa-de-espana-mas-polemica\/#newsarticle","name":"El Real Madrid alza la Supercopa de Espa\u00f1a m\u00e1s pol\u00e9mica | Cand\u00e1s 365","headline":"El Real Madrid alza la Supercopa de Espa\u00f1a m\u00e1s pol\u00e9mica","author":{"@id":"https:\/\/candas365.es\/noticias\/author\/admin\/#author"},"publisher":{"@id":"https:\/\/candas365.es\/noticias\/#organization"},"image":{"@type":"ImageObject","url":"https:\/\/candas365.es\/noticias\/wp-content\/uploads\/2018\/06\/football-1406106_960_720-1.jpg","width":960,"height":643},"datePublished":"2020-01-14T10:50:27+01:00","dateModified":"2020-01-14T10:50:27+01:00","inLanguage":"es-ES","mainEntityOfPage":{"@id":"https:\/\/candas365.es\/noticias\/el-real-madrid-alza-la-supercopa-de-espana-mas-polemica\/#webpage"},"isPartOf":{"@id":"https:\/\/candas365.es\/noticias\/el-real-madrid-alza-la-supercopa-de-espana-mas-polemica\/#webpage"},"articleSection":"Deporte","dateline":"Publicado el enero 14, 2020."},{"@type":"Organization","@id":"https:\/\/candas365.es\/noticias\/#organization","name":"Cand\u00e1s 365","description":"Cand\u00e1s 365 es un diario digital independiente, fundado en 2012, con base en Asturias. Informamos con rigor sobre actualidad, sociedad, cultura y ocio, con una mirada local y global.","url":"https:\/\/candas365.es\/noticias\/","email":"info@candas365.es","telephone":"+34652131393","foundingDate":"2012-06-10","logo":{"@type":"ImageObject","url":"https:\/\/candas365.es\/noticias\/wp-content\/uploads\/2024\/09\/Candas-365-Redes.jpg","@id":"https:\/\/candas365.es\/noticias\/el-real-madrid-alza-la-supercopa-de-espana-mas-polemica\/#organizationLogo","width":1152,"height":864,"caption":"Cand\u00e1s 365 Redes"},"image":{"@id":"https:\/\/candas365.es\/noticias\/el-real-madrid-alza-la-supercopa-de-espana-mas-polemica\/#organizationLogo"},"sameAs":["https:\/\/www.facebook.com\/Nachofdezber","https:\/\/x.com\/NabercoDigital","https:\/\/www.instagram.com\/nachofdezber\/","https:\/\/www.youtube.com\/channel\/UCZP-2wLEB9Rv6erhFmqVnvg"],"address":{"@id":"https:\/\/candas365.es\/noticias\/#postaladdress","@type":"PostalAddress","streetAddress":"san antonio 4, san antonio 4","postalCode":"33430","addressLocality":"Cand\u00e1s","addressRegion":"Asturias","addressCountry":"ES"}},{"@type":"Person","@id":"https:\/\/candas365.es\/noticias\/author\/admin\/#author","url":"https:\/\/candas365.es\/noticias\/author\/admin\/","name":"Cand\u00e1s 365","image":{"@type":"ImageObject","@id":"https:\/\/candas365.es\/noticias\/el-real-madrid-alza-la-supercopa-de-espana-mas-polemica\/#authorImage","url":"https:\/\/secure.gravatar.com\/avatar\/496a8e03d0c493ede1718b7934145dbdf8d89be1036b0eec9544e1094c9de390?s=96&d=mm&r=g","width":96,"height":96,"caption":"Cand\u00e1s 365"},"sameAs":["https:\/\/www.facebook.com\/carrenoactualidad","https:\/\/twitter.com\/nbasturias","https:\/\/www.instagram.com\/nachofdezber\/","https:\/\/www.youtube.com\/channel\/UCZP-2wLEB9Rv6erhFmqVnvg"]},{"@type":"WebPage","@id":"https:\/\/candas365.es\/noticias\/el-real-madrid-alza-la-supercopa-de-espana-mas-polemica\/#webpage","url":"https:\/\/candas365.es\/noticias\/el-real-madrid-alza-la-supercopa-de-espana-mas-polemica\/","name":"El Real Madrid alza la Supercopa de Espa\u00f1a m\u00e1s pol\u00e9mica | Cand\u00e1s 365","description":"\ufeff\ufeff\ufeff\ufeff La Supercopa de Espa\u00f1a 2019\/20 ha sido la primera de la historia en la que han participado m\u00e1s de dos equipos, y por caprichos del destino, tambi\u00e9n la primera en la que el equipo campe\u00f3n no hab\u00eda sido la pasada temporada ni campe\u00f3n de liga ni de Copa del Rey. Este nuevo formato de","inLanguage":"es-ES","isPartOf":{"@id":"https:\/\/candas365.es\/noticias\/#website"},"breadcrumb":{"@id":"https:\/\/candas365.es\/noticias\/el-real-madrid-alza-la-supercopa-de-espana-mas-polemica\/#breadcrumblist"},"author":{"@id":"https:\/\/candas365.es\/noticias\/author\/admin\/#author"},"creator":{"@id":"https:\/\/candas365.es\/noticias\/author\/admin\/#author"},"image":{"@type":"ImageObject","url":"https:\/\/candas365.es\/noticias\/wp-content\/uploads\/2018\/06\/football-1406106_960_720-1.jpg","@id":"https:\/\/candas365.es\/noticias\/el-real-madrid-alza-la-supercopa-de-espana-mas-polemica\/#mainImage","width":960,"height":643},"primaryImageOfPage":{"@id":"https:\/\/candas365.es\/noticias\/el-real-madrid-alza-la-supercopa-de-espana-mas-polemica\/#mainImage"},"datePublished":"2020-01-14T10:50:27+01:00","dateModified":"2020-01-14T10:50:27+01:00"},{"@type":"WebSite","@id":"https:\/\/candas365.es\/noticias\/#website","url":"https:\/\/candas365.es\/noticias\/","name":"Cand\u00e1s 365","alternateName":"Cand\u00e1s 365 Noticias","description":"Actualidad desde Carre\u00f1o para el mundo","inLanguage":"es-ES","publisher":{"@id":"https:\/\/candas365.es\/noticias\/#organization"}}]},"og:locale":"es_ES","og:site_name":"Cand\u00e1s 365","og:type":"article","og:title":"El Real Madrid alza la Supercopa de Espa\u00f1a m\u00e1s pol\u00e9mica | Cand\u00e1s 365","og:description":"\ufeff\ufeff\ufeff\ufeff La Supercopa de Espa\u00f1a 2019\/20 ha sido la primera de la historia en la que han participado m\u00e1s de dos equipos, y por caprichos del destino, tambi\u00e9n la primera en la que el equipo campe\u00f3n no hab\u00eda sido la pasada temporada ni campe\u00f3n de liga ni de Copa del Rey. Este nuevo formato de","og:url":"https:\/\/candas365.es\/noticias\/el-real-madrid-alza-la-supercopa-de-espana-mas-polemica\/","og:image":"https:\/\/candas365.es\/noticias\/wp-content\/uploads\/2018\/06\/football-1406106_960_720-1.jpg","og:image:secure_url":"https:\/\/candas365.es\/noticias\/wp-content\/uploads\/2018\/06\/football-1406106_960_720-1.jpg","og:image:width":960,"og:image:height":643,"article:published_time":"2020-01-14T10:50:27+00:00","article:modified_time":"2020-01-14T10:50:27+00:00","article:publisher":"https:\/\/www.facebook.com\/Nachofdezber","article:author":"https:\/\/www.facebook.com\/carrenoactualidad","twitter:card":"summary_large_image","twitter:site":"@NabercoDigital","twitter:title":"El Real Madrid alza la Supercopa de Espa\u00f1a m\u00e1s pol\u00e9mica | Cand\u00e1s 365","twitter:description":"\ufeff\ufeff\ufeff\ufeff La Supercopa de Espa\u00f1a 2019\/20 ha sido la primera de la historia en la que han participado m\u00e1s de dos equipos, y por caprichos del destino, tambi\u00e9n la primera en la que el equipo campe\u00f3n no hab\u00eda sido la pasada temporada ni campe\u00f3n de liga ni de Copa del Rey. Este nuevo formato de","twitter:creator":"@nbasturias","twitter:image":"https:\/\/candas365.es\/noticias\/wp-content\/uploads\/2018\/06\/football-1406106_960_720-1.jpg","twitter:label1":"Escrito por","twitter:data1":"Cand\u00e1s 365","twitter:label2":"Tiempo de lectura estimado","twitter:data2":"4 minutos"},"aioseo_meta_data":{"post_id":"136345","title":null,"description":null,"keywords":null,"keyphrases":null,"primary_term":null,"canonical_url":null,"og_title":null,"og_description":null,"og_object_type":"default","og_image_type":"default","og_image_url":null,"og_image_width":null,"og_image_height":null,"og_image_custom_url":null,"og_image_custom_fields":null,"og_video":null,"og_custom_url":null,"og_article_section":null,"og_article_tags":null,"twitter_use_og":false,"twitter_card":"default","twitter_image_type":"default","twitter_image_url":null,"twitter_image_custom_url":null,"twitter_image_custom_fields":null,"twitter_title":null,"twitter_description":null,"schema":{"blockGraphs":[],"customGraphs":[],"default":{"data":{"Article":[],"Course":[],"Dataset":[],"FAQPage":[],"Movie":[],"Person":[],"Product":[],"ProductReview":[],"Car":[],"Recipe":[],"Service":[],"SoftwareApplication":[],"WebPage":[]},"graphName":"","isEnabled":true},"graphs":[]},"schema_type":null,"schema_type_options":null,"pillar_content":false,"robots_default":true,"robots_noindex":false,"robots_noarchive":false,"robots_nosnippet":false,"robots_nofollow":false,"robots_noimageindex":false,"robots_noodp":false,"robots_notranslate":false,"robots_max_snippet":null,"robots_max_videopreview":null,"robots_max_imagepreview":"large","priority":null,"frequency":null,"location":null,"local_seo":null,"seo_analyzer_scan_date":"2025-08-30 21:30:20","breadcrumb_settings":null,"limit_modified_date":false,"reviewed_by":null,"open_ai":null,"ai":null,"created":"2020-12-21 10:48:11","updated":"2025-08-30 21:30:20"},"aioseo_breadcrumb":"<div class=\"aioseo-breadcrumbs\"><span class=\"aioseo-breadcrumb\">\n\t<a href=\"https:\/\/candas365.es\/noticias\" title=\"Home\">Home<\/a>\n<\/span><span class=\"aioseo-breadcrumb-separator\">&ndash;<\/span><span class=\"aioseo-breadcrumb\">\n\t<a href=\"https:\/\/candas365.es\/noticias\/category\/deporte\/\" title=\"Deporte\">Deporte<\/a>\n<\/span><span class=\"aioseo-breadcrumb-separator\">&ndash;<\/span><span class=\"aioseo-breadcrumb\">\n\tEl Real Madrid alza la Supercopa de Espa\u00f1a m\u00e1s pol\u00e9mica\n<\/span><\/div>","aioseo_breadcrumb_json":[{"label":"Home","link":"https:\/\/candas365.es\/noticias"},{"label":"Deporte","link":"https:\/\/candas365.es\/noticias\/category\/deporte\/"},{"label":"El Real Madrid alza la Supercopa de Espa\u00f1a m\u00e1s pol\u00e9mica","link":"https:\/\/candas365.es\/noticias\/el-real-madrid-alza-la-supercopa-de-espana-mas-polemica\/"}],"_links":{"self":[{"href":"https:\/\/candas365.es\/noticias\/wp-json\/wp\/v2\/posts\/136345","targetHints":{"allow":["GET"]}}],"collection":[{"href":"https:\/\/candas365.es\/noticias\/wp-json\/wp\/v2\/posts"}],"about":[{"href":"https:\/\/candas365.es\/noticias\/wp-json\/wp\/v2\/types\/post"}],"author":[{"embeddable":true,"href":"https:\/\/candas365.es\/noticias\/wp-json\/wp\/v2\/users\/1"}],"replies":[{"embeddable":true,"href":"https:\/\/candas365.es\/noticias\/wp-json\/wp\/v2\/comments?post=136345"}],"version-history":[{"count":0,"href":"https:\/\/candas365.es\/noticias\/wp-json\/wp\/v2\/posts\/136345\/revisions"}],"wp:featuredmedia":[{"embeddable":true,"href":"https:\/\/candas365.es\/noticias\/wp-json\/wp\/v2\/media\/98026"}],"wp:attachment":[{"href":"https:\/\/candas365.es\/noticias\/wp-json\/wp\/v2\/media?parent=136345"}],"wp:term":[{"taxonomy":"category","embeddable":true,"href":"https:\/\/candas365.es\/noticias\/wp-json\/wp\/v2\/categories?post=136345"},{"taxonomy":"post_tag","embeddable":true,"href":"https:\/\/candas365.es\/noticias\/wp-json\/wp\/v2\/tags?post=136345"}],"curies":[{"name":"wp","href":"https:\/\/api.w.org\/{rel}","templated":true}]}}