{"id":136339,"date":"2020-01-14T06:29:15","date_gmt":"2020-01-14T06:29:15","guid":{"rendered":"http:\/\/candas365.es\/noticias\/?p=136339"},"modified":"2020-01-14T06:29:15","modified_gmt":"2020-01-14T06:29:15","slug":"quique-setien-nuevo-entrenador-del-barca","status":"publish","type":"post","link":"https:\/\/candas365.es\/noticias\/quique-setien-nuevo-entrenador-del-barca\/","title":{"rendered":"Quique Seti\u00e9n nuevo entrenador del Bar\u00e7a"},"content":{"rendered":"<p>(Europa Press) &#8211;\u00a0El FC Barcelona ha anunciado este lunes que el hasta ahora entrenador del primer equipo de f\u00fatbol, Ernesto Valverde, ha sido cesado de su cargo de inmediato y que el ext\u00e9cnico del Real Betis Quique Seti\u00e9n ser\u00e1 su relevo en el banquillo blaugrana, por lo que se estrenar\u00e1 el pr\u00f3ximo domingo en el duelo contra el Granada CF en el Camp Nou y ya dirigir\u00e1 la sesi\u00f3n de este martes.<\/p>\n<figure id=\"attachment_136340\" aria-describedby=\"caption-attachment-136340\" style=\"width: 655px\" class=\"wp-caption aligncenter\"><img fetchpriority=\"high\" decoding=\"async\" class=\"wp-image-136340 size-large\" src=\"https:\/\/candas365.es\/noticias\/wp-content\/uploads\/2020\/01\/setien-valverde-ep-655x362.jpg\" alt=\"\" width=\"655\" height=\"362\" srcset=\"https:\/\/candas365.es\/noticias\/wp-content\/uploads\/2020\/01\/setien-valverde-ep-655x362.jpg 655w, https:\/\/candas365.es\/noticias\/wp-content\/uploads\/2020\/01\/setien-valverde-ep-360x199.jpg 360w, https:\/\/candas365.es\/noticias\/wp-content\/uploads\/2020\/01\/setien-valverde-ep-768x425.jpg 768w, https:\/\/candas365.es\/noticias\/wp-content\/uploads\/2020\/01\/setien-valverde-ep-696x385.jpg 696w, https:\/\/candas365.es\/noticias\/wp-content\/uploads\/2020\/01\/setien-valverde-ep-1068x591.jpg 1068w, https:\/\/candas365.es\/noticias\/wp-content\/uploads\/2020\/01\/setien-valverde-ep-759x420.jpg 759w, https:\/\/candas365.es\/noticias\/wp-content\/uploads\/2020\/01\/setien-valverde-ep.jpg 1133w\" sizes=\"(max-width: 655px) 100vw, 655px\" \/><figcaption id=\"caption-attachment-136340\" class=\"wp-caption-text\">Foto: AFP7\/DPA \/ Europa Press<\/figcaption><\/figure>\n<p>En un comunicado, el club blaugrana confirm\u00f3 lo que era un rumor que iba cogiendo fuerza, y es que Valverde no completar\u00e1 la que era su tercera temporada al frente del equipo pese a tener contrato vigente hasta el 30 de junio de este 2020.<\/p>\n<p>Adem\u00e1s, el club anunci\u00f3 ya, sin demora, que Quique Seti\u00e9n ser\u00e1 el nuevo entrenador blaugrana hasta el 30 de junio de 2022. El c\u00e1ntabro llega libre tras decidir el pasado verano dejar el Real Betis, pese a que ten\u00eda una temporada m\u00e1s de contrato en vigencia, y se pondr\u00e1 al frente del equipo este mismo martes para preparar ese primer duelo ante el conjunto nazar\u00ed.<\/p>\n<p>El nuevo t\u00e9cnico no firmar\u00e1 hasta final de temporada sino que ampl\u00eda su estancia en Barcelona hasta el 30 de junio de 2022, por lo que de cumplir su contrato estar\u00eda lo que resta de esta campa\u00f1a y otras dos enteras m\u00e1s, pese a que la fecha electoral para elegir nuevo presidente est\u00e1 fechada para 2021.<\/p>\n<p>Seg\u00fan anunci\u00f3 el club blaugrana, Seti\u00e9n firmar\u00e1 el contrato en un acto privado junto al presidente del club, Josep Maria Bartomeu, en el Palco President Su\u00f1ol del Camp Nou, a las 13.30 horas. Media hora despu\u00e9s, se har\u00e1 la primera sesi\u00f3n de fotos en el feudo cul\u00e9 y, a las 14.30 horas y en el Auditori 1899, tendr\u00e1 lugar su presentaci\u00f3n y rueda de prensa. El club no especifica si estar\u00e1 acompa\u00f1ado por Bartomeu, por el secretario t\u00e9cnico, \u00c9ric Abidal, o ambos.<\/p>\n<p>Seti\u00e9n, nacido en Santander en 1958, llega con la tarea de mantener al Bar\u00e7a en lo m\u00e1s alto de una Liga que est\u00e1 m\u00e1s apretada que nunca, en referencia a las \u00faltimas ediciones. Con Ernesto Valverde, en sus dos primeras campa\u00f1as, el Bar\u00e7a conquist\u00f3 el campeonato dom\u00e9stico y Seti\u00e9n tendr\u00e1, en su lista de deberes, revalidar un t\u00edtulo que Valverde deja encarado, aunque para nada decidido.<\/p>\n<p>Por otro lado, el c\u00e1ntabro deber\u00e1 sacar r\u00e9dito de su estilo y de unos jugadores que ya brillaron jugando a lo que m\u00e1s le gusta a Seti\u00e9n; a tener el bal\u00f3n y a poner en liza un f\u00fatbol vistoso y efectivo, basado en mirar la porter\u00eda rival y con una presi\u00f3n alta que garantice tener cerca poder llevarlo a cabo.<\/p>\n<p>Y es que este cambio, inusual en Can Bar\u00e7a a mitad de temporada, busca tambi\u00e9n que Quique Seti\u00e9n pueda enderezar el rumbo europeo y llevar a buen puerto a un equipo que, en las dos \u00faltimas campa\u00f1as, ha sido eliminado con duras derrotas a domicilio en Roma y en Anfield, pese a llevar ventaja de la ida en ambos casos.<\/p>\n<p>Llega adem\u00e1s en pleno mercado de invierno, y con la oportunidad de hacer una apuesta firme por la cantera. Nombres como los de Ansu Fati, Carles P\u00e9rez o Riqui Puig podr\u00edan coger protagonismo, y m\u00e1s con la baja de cuatro meses de Luis Su\u00e1rez, el segundo m\u00e1ximo artillero del equipo.<\/p>\n<p>En cuanto al cesado Ernesto Valverde, en sus dos primeras temporadas conquist\u00f3 las dos Ligas en juego, se hizo con la Copa del Rey de 2018 aunque perdi\u00f3 la final de 2019 frente al Valencia CF, y logr\u00f3 la Supercopa de Espa\u00f1a 2019 pero tampoco pudo revalidar este t\u00edtulo este pasado fin de semana en la novedosa edici\u00f3n de Arabia Saud\u00ed.<\/p>\n<p>Una derrota que, junto a los tropiezos en la Liga de Campeones contra la Roma en 2018 y contra el Liverpool en 2019, han ido deteriorando la confianza de la Junta Directiva blaugrana, presidida por Josep Maria Bartomeu, en su figura hasta el punto de optar por su cese a mitad de temporada.<\/p>\n<p>A sus 55 a\u00f1os, el t\u00e9cnico de Viandar de la Vera no podr\u00e1 ni intentar ganar esa &#8216;Champions&#8217; que, sin duda, ser\u00e1 ya su &#8216;espinita&#8217; en su etapa como entrenador blaugrana. Pese a tener resultados holgados en el partido de ida, cay\u00f3 en el Ol\u00edmpico de Roma en los cuartos de final de la temporada 2017\/18 por 3-0 y se quedaron fuera de las &#8216;semis&#8217;.<\/p>\n<p>La pasada temporada, pese a asegurar que ten\u00edan la lecci\u00f3n bien aprendida y lograr un 3-0 en el Camp Nou en el primer duelo de las semifinales continentales, fueron vapuleados por el Liverpool en Anfield (4-0) y se quedaron fuera de la final con un \u00faltimo gol encajado, adem\u00e1s, que ser\u00eda apodado como el del &#8216;c\u00f3rner de juveniles&#8217;.<\/p>\n<p>Dos grandes agujeros negros en los 145 partidos que ha dirigido Valverde. Sin duda, dos derrotas que hicieron da\u00f1o y que hicieron crecer en parte del barcelonismo la animadversi\u00f3n hacia Valverde y su poca capacidad de cambiar el rumbo de un partido. Adem\u00e1s, el juego poco vistoso del equipo, cada vez m\u00e1s desfigurado respecto al de la mejor \u00e9poca de Guardiola, no ha ayudado a tener m\u00e1s paciencia con el t\u00e9cnico.<\/p>\n<p>No obstante, Valverde fue capaz de guiar al Bar\u00e7a a la consecuci\u00f3n de dos Ligas m\u00e1s, demostrando que en la competici\u00f3n dom\u00e9stica, la de la regularidad, s\u00ed segu\u00edan siendo superiores. A\u00fan as\u00ed, no se domin\u00f3 la competici\u00f3n con la facilidad de anta\u00f1o. Esta temporada el equipo puede decir que es l\u00edder, aunque empatado a puntos con el Real Madrid.<\/p>\n","protected":false},"excerpt":{"rendered":"<p>(Europa Press) &#8211;\u00a0El FC Barcelona ha anunciado este lunes que el hasta ahora entrenador del primer equipo de f\u00fatbol, Ernesto Valverde, ha sido cesado de su cargo de inmediato y que el ext\u00e9cnico del Real Betis Quique Seti\u00e9n ser\u00e1 su relevo en el banquillo blaugrana, por lo que se estrenar\u00e1 el pr\u00f3ximo domingo en el<\/p>\n","protected":false},"author":1,"featured_media":136340,"comment_status":"closed","ping_status":"closed","sticky":false,"template":"","format":"standard","meta":{"footnotes":""},"categories":[319],"tags":[],"class_list":{"0":"post-136339","1":"post","2":"type-post","3":"status-publish","4":"format-standard","5":"has-post-thumbnail","7":"category-deporte"},"aioseo_notices":[],"aioseo_head":"\n\t\t<!-- All in One SEO Pro 4.9.6.2 - aioseo.com -->\n\t<meta name=\"description\" content=\"(Europa Press) - El FC Barcelona ha anunciado este lunes que el hasta ahora entrenador del primer equipo de f\u00fatbol, Ernesto Valverde, ha sido cesado de su cargo de inmediato y que el ext\u00e9cnico del Real Betis Quique Seti\u00e9n ser\u00e1 su relevo en el banquillo blaugrana, por lo que se estrenar\u00e1 el pr\u00f3ximo domingo en el\" \/>\n\t<meta name=\"robots\" content=\"max-image-preview:large\" \/>\n\t<meta name=\"author\" content=\"Cand\u00e1s 365\"\/>\n\t<meta name=\"google-site-verification\" content=\"UA-32230408-1\" \/>\n\t<meta name=\"msvalidate.01\" content=\"354F3CDFB2DA171B47FBE9ABF1F88D5\" \/>\n\t<meta name=\"keywords\" content=\"deporte\" \/>\n\t<link rel=\"canonical\" href=\"https:\/\/candas365.es\/noticias\/quique-setien-nuevo-entrenador-del-barca\/\" \/>\n\t<meta name=\"generator\" content=\"All in One SEO Pro (AIOSEO) 4.9.6.2\" \/>\n\t\t<meta property=\"og:locale\" content=\"es_ES\" \/>\n\t\t<meta property=\"og:site_name\" content=\"Cand\u00e1s 365\" \/>\n\t\t<meta property=\"og:type\" content=\"article\" \/>\n\t\t<meta property=\"og:title\" content=\"Quique Seti\u00e9n nuevo entrenador del Bar\u00e7a | Cand\u00e1s 365\" \/>\n\t\t<meta property=\"og:description\" content=\"(Europa Press) - El FC Barcelona ha anunciado este lunes que el hasta ahora entrenador del primer equipo de f\u00fatbol, Ernesto Valverde, ha sido cesado de su cargo de inmediato y que el ext\u00e9cnico del Real Betis Quique Seti\u00e9n ser\u00e1 su relevo en el banquillo blaugrana, por lo que se estrenar\u00e1 el pr\u00f3ximo domingo en el\" \/>\n\t\t<meta property=\"og:url\" content=\"https:\/\/candas365.es\/noticias\/quique-setien-nuevo-entrenador-del-barca\/\" \/>\n\t\t<meta property=\"og:image\" content=\"https:\/\/candas365.es\/noticias\/wp-content\/uploads\/2020\/01\/setien-valverde-ep.jpg\" \/>\n\t\t<meta property=\"og:image:secure_url\" content=\"https:\/\/candas365.es\/noticias\/wp-content\/uploads\/2020\/01\/setien-valverde-ep.jpg\" \/>\n\t\t<meta property=\"og:image:width\" content=\"1133\" \/>\n\t\t<meta property=\"og:image:height\" content=\"627\" \/>\n\t\t<meta property=\"article:published_time\" content=\"2020-01-14T06:29:15+00:00\" \/>\n\t\t<meta property=\"article:modified_time\" content=\"2020-01-14T06:29:15+00:00\" \/>\n\t\t<meta property=\"article:publisher\" content=\"https:\/\/www.facebook.com\/Nachofdezber\" \/>\n\t\t<meta property=\"article:author\" content=\"https:\/\/www.facebook.com\/carrenoactualidad\" \/>\n\t\t<meta name=\"twitter:card\" content=\"summary_large_image\" \/>\n\t\t<meta name=\"twitter:site\" content=\"@NabercoDigital\" \/>\n\t\t<meta name=\"twitter:title\" content=\"Quique Seti\u00e9n nuevo entrenador del Bar\u00e7a | Cand\u00e1s 365\" \/>\n\t\t<meta name=\"twitter:description\" content=\"(Europa Press) - El FC Barcelona ha anunciado este lunes que el hasta ahora entrenador del primer equipo de f\u00fatbol, Ernesto Valverde, ha sido cesado de su cargo de inmediato y que el ext\u00e9cnico del Real Betis Quique Seti\u00e9n ser\u00e1 su relevo en el banquillo blaugrana, por lo que se estrenar\u00e1 el pr\u00f3ximo domingo en el\" \/>\n\t\t<meta name=\"twitter:creator\" content=\"@nbasturias\" \/>\n\t\t<meta name=\"twitter:image\" content=\"https:\/\/candas365.es\/noticias\/wp-content\/uploads\/2020\/01\/setien-valverde-ep.jpg\" \/>\n\t\t<meta name=\"twitter:label1\" content=\"Escrito por\" \/>\n\t\t<meta name=\"twitter:data1\" content=\"Cand\u00e1s 365\" \/>\n\t\t<meta name=\"twitter:label2\" content=\"Tiempo de lectura estimado\" \/>\n\t\t<meta name=\"twitter:data2\" content=\"5 minutos\" \/>\n\t\t<script type=\"application\/ld+json\" class=\"aioseo-schema\">\n\t\t\t{\"@context\":\"https:\\\/\\\/schema.org\",\"@graph\":[{\"@type\":\"BreadcrumbList\",\"@id\":\"https:\\\/\\\/candas365.es\\\/noticias\\\/quique-setien-nuevo-entrenador-del-barca\\\/#breadcrumblist\",\"itemListElement\":[{\"@type\":\"ListItem\",\"@id\":\"https:\\\/\\\/candas365.es\\\/noticias#listItem\",\"position\":1,\"name\":\"Home\",\"item\":\"https:\\\/\\\/candas365.es\\\/noticias\",\"nextItem\":{\"@type\":\"ListItem\",\"@id\":\"https:\\\/\\\/candas365.es\\\/noticias\\\/category\\\/deporte\\\/#listItem\",\"name\":\"Deporte\"}},{\"@type\":\"ListItem\",\"@id\":\"https:\\\/\\\/candas365.es\\\/noticias\\\/category\\\/deporte\\\/#listItem\",\"position\":2,\"name\":\"Deporte\",\"item\":\"https:\\\/\\\/candas365.es\\\/noticias\\\/category\\\/deporte\\\/\",\"nextItem\":{\"@type\":\"ListItem\",\"@id\":\"https:\\\/\\\/candas365.es\\\/noticias\\\/quique-setien-nuevo-entrenador-del-barca\\\/#listItem\",\"name\":\"Quique Seti\\u00e9n nuevo entrenador del Bar\\u00e7a\"},\"previousItem\":{\"@type\":\"ListItem\",\"@id\":\"https:\\\/\\\/candas365.es\\\/noticias#listItem\",\"name\":\"Home\"}},{\"@type\":\"ListItem\",\"@id\":\"https:\\\/\\\/candas365.es\\\/noticias\\\/quique-setien-nuevo-entrenador-del-barca\\\/#listItem\",\"position\":3,\"name\":\"Quique Seti\\u00e9n nuevo entrenador del Bar\\u00e7a\",\"previousItem\":{\"@type\":\"ListItem\",\"@id\":\"https:\\\/\\\/candas365.es\\\/noticias\\\/category\\\/deporte\\\/#listItem\",\"name\":\"Deporte\"}}]},{\"@type\":\"NewsArticle\",\"@id\":\"https:\\\/\\\/candas365.es\\\/noticias\\\/quique-setien-nuevo-entrenador-del-barca\\\/#newsarticle\",\"name\":\"Quique Seti\\u00e9n nuevo entrenador del Bar\\u00e7a | Cand\\u00e1s 365\",\"headline\":\"Quique Seti\\u00e9n nuevo entrenador del Bar\\u00e7a\",\"author\":{\"@id\":\"https:\\\/\\\/candas365.es\\\/noticias\\\/author\\\/admin\\\/#author\"},\"publisher\":{\"@id\":\"https:\\\/\\\/candas365.es\\\/noticias\\\/#organization\"},\"image\":{\"@type\":\"ImageObject\",\"url\":\"https:\\\/\\\/candas365.es\\\/noticias\\\/wp-content\\\/uploads\\\/2020\\\/01\\\/setien-valverde-ep.jpg\",\"width\":1133,\"height\":627,\"caption\":\"Foto: AFP7\\\/DPA \\\/ Europa Press\"},\"datePublished\":\"2020-01-14T06:29:15+01:00\",\"dateModified\":\"2020-01-14T06:29:15+01:00\",\"inLanguage\":\"es-ES\",\"mainEntityOfPage\":{\"@id\":\"https:\\\/\\\/candas365.es\\\/noticias\\\/quique-setien-nuevo-entrenador-del-barca\\\/#webpage\"},\"isPartOf\":{\"@id\":\"https:\\\/\\\/candas365.es\\\/noticias\\\/quique-setien-nuevo-entrenador-del-barca\\\/#webpage\"},\"articleSection\":\"Deporte\",\"dateline\":\"Publicado el enero 14, 2020.\"},{\"@type\":\"Organization\",\"@id\":\"https:\\\/\\\/candas365.es\\\/noticias\\\/#organization\",\"name\":\"Cand\\u00e1s 365\",\"description\":\"Cand\\u00e1s 365 es un diario digital independiente, fundado en 2012, con base en Asturias. Informamos con rigor sobre actualidad, sociedad, cultura y ocio, con una mirada local y global.\",\"url\":\"https:\\\/\\\/candas365.es\\\/noticias\\\/\",\"email\":\"info@candas365.es\",\"telephone\":\"+34652131393\",\"foundingDate\":\"2012-06-10\",\"logo\":{\"@type\":\"ImageObject\",\"url\":\"https:\\\/\\\/candas365.es\\\/noticias\\\/wp-content\\\/uploads\\\/2024\\\/09\\\/Candas-365-Redes.jpg\",\"@id\":\"https:\\\/\\\/candas365.es\\\/noticias\\\/quique-setien-nuevo-entrenador-del-barca\\\/#organizationLogo\",\"width\":1152,\"height\":864,\"caption\":\"Cand\\u00e1s 365 Redes\"},\"image\":{\"@id\":\"https:\\\/\\\/candas365.es\\\/noticias\\\/quique-setien-nuevo-entrenador-del-barca\\\/#organizationLogo\"},\"sameAs\":[\"https:\\\/\\\/www.facebook.com\\\/Nachofdezber\",\"https:\\\/\\\/x.com\\\/NabercoDigital\",\"https:\\\/\\\/www.instagram.com\\\/nachofdezber\\\/\",\"https:\\\/\\\/www.youtube.com\\\/channel\\\/UCZP-2wLEB9Rv6erhFmqVnvg\"],\"address\":{\"@id\":\"https:\\\/\\\/candas365.es\\\/noticias\\\/#postaladdress\",\"@type\":\"PostalAddress\",\"streetAddress\":\"san antonio 4, san antonio 4\",\"postalCode\":\"33430\",\"addressLocality\":\"Cand\\u00e1s\",\"addressRegion\":\"Asturias\",\"addressCountry\":\"ES\"}},{\"@type\":\"Person\",\"@id\":\"https:\\\/\\\/candas365.es\\\/noticias\\\/author\\\/admin\\\/#author\",\"url\":\"https:\\\/\\\/candas365.es\\\/noticias\\\/author\\\/admin\\\/\",\"name\":\"Cand\\u00e1s 365\",\"image\":{\"@type\":\"ImageObject\",\"@id\":\"https:\\\/\\\/candas365.es\\\/noticias\\\/quique-setien-nuevo-entrenador-del-barca\\\/#authorImage\",\"url\":\"https:\\\/\\\/secure.gravatar.com\\\/avatar\\\/496a8e03d0c493ede1718b7934145dbdf8d89be1036b0eec9544e1094c9de390?s=96&d=mm&r=g\",\"width\":96,\"height\":96,\"caption\":\"Cand\\u00e1s 365\"},\"sameAs\":[\"https:\\\/\\\/www.facebook.com\\\/carrenoactualidad\",\"https:\\\/\\\/twitter.com\\\/nbasturias\",\"https:\\\/\\\/www.instagram.com\\\/nachofdezber\\\/\",\"https:\\\/\\\/www.youtube.com\\\/channel\\\/UCZP-2wLEB9Rv6erhFmqVnvg\"]},{\"@type\":\"WebPage\",\"@id\":\"https:\\\/\\\/candas365.es\\\/noticias\\\/quique-setien-nuevo-entrenador-del-barca\\\/#webpage\",\"url\":\"https:\\\/\\\/candas365.es\\\/noticias\\\/quique-setien-nuevo-entrenador-del-barca\\\/\",\"name\":\"Quique Seti\\u00e9n nuevo entrenador del Bar\\u00e7a | Cand\\u00e1s 365\",\"description\":\"(Europa Press) - El FC Barcelona ha anunciado este lunes que el hasta ahora entrenador del primer equipo de f\\u00fatbol, Ernesto Valverde, ha sido cesado de su cargo de inmediato y que el ext\\u00e9cnico del Real Betis Quique Seti\\u00e9n ser\\u00e1 su relevo en el banquillo blaugrana, por lo que se estrenar\\u00e1 el pr\\u00f3ximo domingo en el\",\"inLanguage\":\"es-ES\",\"isPartOf\":{\"@id\":\"https:\\\/\\\/candas365.es\\\/noticias\\\/#website\"},\"breadcrumb\":{\"@id\":\"https:\\\/\\\/candas365.es\\\/noticias\\\/quique-setien-nuevo-entrenador-del-barca\\\/#breadcrumblist\"},\"author\":{\"@id\":\"https:\\\/\\\/candas365.es\\\/noticias\\\/author\\\/admin\\\/#author\"},\"creator\":{\"@id\":\"https:\\\/\\\/candas365.es\\\/noticias\\\/author\\\/admin\\\/#author\"},\"image\":{\"@type\":\"ImageObject\",\"url\":\"https:\\\/\\\/candas365.es\\\/noticias\\\/wp-content\\\/uploads\\\/2020\\\/01\\\/setien-valverde-ep.jpg\",\"@id\":\"https:\\\/\\\/candas365.es\\\/noticias\\\/quique-setien-nuevo-entrenador-del-barca\\\/#mainImage\",\"width\":1133,\"height\":627,\"caption\":\"Foto: AFP7\\\/DPA \\\/ Europa Press\"},\"primaryImageOfPage\":{\"@id\":\"https:\\\/\\\/candas365.es\\\/noticias\\\/quique-setien-nuevo-entrenador-del-barca\\\/#mainImage\"},\"datePublished\":\"2020-01-14T06:29:15+01:00\",\"dateModified\":\"2020-01-14T06:29:15+01:00\"},{\"@type\":\"WebSite\",\"@id\":\"https:\\\/\\\/candas365.es\\\/noticias\\\/#website\",\"url\":\"https:\\\/\\\/candas365.es\\\/noticias\\\/\",\"name\":\"Cand\\u00e1s 365\",\"alternateName\":\"Cand\\u00e1s 365 Noticias\",\"description\":\"Actualidad desde Carre\\u00f1o para el mundo\",\"inLanguage\":\"es-ES\",\"publisher\":{\"@id\":\"https:\\\/\\\/candas365.es\\\/noticias\\\/#organization\"}}]}\n\t\t<\/script>\n\t\t<!-- All in One SEO Pro -->\r\n\t\t<title>Quique Seti\u00e9n nuevo entrenador del Bar\u00e7a | Cand\u00e1s 365<\/title>\n\n","aioseo_head_json":{"title":"Quique Seti\u00e9n nuevo entrenador del Bar\u00e7a | Cand\u00e1s 365","description":"(Europa Press) - El FC Barcelona ha anunciado este lunes que el hasta ahora entrenador del primer equipo de f\u00fatbol, Ernesto Valverde, ha sido cesado de su cargo de inmediato y que el ext\u00e9cnico del Real Betis Quique Seti\u00e9n ser\u00e1 su relevo en el banquillo blaugrana, por lo que se estrenar\u00e1 el pr\u00f3ximo domingo en el","canonical_url":"https:\/\/candas365.es\/noticias\/quique-setien-nuevo-entrenador-del-barca\/","robots":"max-image-preview:large","keywords":"deporte","webmasterTools":{"google-site-verification":"UA-32230408-1","msvalidate.01":"354F3CDFB2DA171B47FBE9ABF1F88D5","miscellaneous":""},"schema":{"@context":"https:\/\/schema.org","@graph":[{"@type":"BreadcrumbList","@id":"https:\/\/candas365.es\/noticias\/quique-setien-nuevo-entrenador-del-barca\/#breadcrumblist","itemListElement":[{"@type":"ListItem","@id":"https:\/\/candas365.es\/noticias#listItem","position":1,"name":"Home","item":"https:\/\/candas365.es\/noticias","nextItem":{"@type":"ListItem","@id":"https:\/\/candas365.es\/noticias\/category\/deporte\/#listItem","name":"Deporte"}},{"@type":"ListItem","@id":"https:\/\/candas365.es\/noticias\/category\/deporte\/#listItem","position":2,"name":"Deporte","item":"https:\/\/candas365.es\/noticias\/category\/deporte\/","nextItem":{"@type":"ListItem","@id":"https:\/\/candas365.es\/noticias\/quique-setien-nuevo-entrenador-del-barca\/#listItem","name":"Quique Seti\u00e9n nuevo entrenador del Bar\u00e7a"},"previousItem":{"@type":"ListItem","@id":"https:\/\/candas365.es\/noticias#listItem","name":"Home"}},{"@type":"ListItem","@id":"https:\/\/candas365.es\/noticias\/quique-setien-nuevo-entrenador-del-barca\/#listItem","position":3,"name":"Quique Seti\u00e9n nuevo entrenador del Bar\u00e7a","previousItem":{"@type":"ListItem","@id":"https:\/\/candas365.es\/noticias\/category\/deporte\/#listItem","name":"Deporte"}}]},{"@type":"NewsArticle","@id":"https:\/\/candas365.es\/noticias\/quique-setien-nuevo-entrenador-del-barca\/#newsarticle","name":"Quique Seti\u00e9n nuevo entrenador del Bar\u00e7a | Cand\u00e1s 365","headline":"Quique Seti\u00e9n nuevo entrenador del Bar\u00e7a","author":{"@id":"https:\/\/candas365.es\/noticias\/author\/admin\/#author"},"publisher":{"@id":"https:\/\/candas365.es\/noticias\/#organization"},"image":{"@type":"ImageObject","url":"https:\/\/candas365.es\/noticias\/wp-content\/uploads\/2020\/01\/setien-valverde-ep.jpg","width":1133,"height":627,"caption":"Foto: AFP7\/DPA \/ Europa Press"},"datePublished":"2020-01-14T06:29:15+01:00","dateModified":"2020-01-14T06:29:15+01:00","inLanguage":"es-ES","mainEntityOfPage":{"@id":"https:\/\/candas365.es\/noticias\/quique-setien-nuevo-entrenador-del-barca\/#webpage"},"isPartOf":{"@id":"https:\/\/candas365.es\/noticias\/quique-setien-nuevo-entrenador-del-barca\/#webpage"},"articleSection":"Deporte","dateline":"Publicado el enero 14, 2020."},{"@type":"Organization","@id":"https:\/\/candas365.es\/noticias\/#organization","name":"Cand\u00e1s 365","description":"Cand\u00e1s 365 es un diario digital independiente, fundado en 2012, con base en Asturias. Informamos con rigor sobre actualidad, sociedad, cultura y ocio, con una mirada local y global.","url":"https:\/\/candas365.es\/noticias\/","email":"info@candas365.es","telephone":"+34652131393","foundingDate":"2012-06-10","logo":{"@type":"ImageObject","url":"https:\/\/candas365.es\/noticias\/wp-content\/uploads\/2024\/09\/Candas-365-Redes.jpg","@id":"https:\/\/candas365.es\/noticias\/quique-setien-nuevo-entrenador-del-barca\/#organizationLogo","width":1152,"height":864,"caption":"Cand\u00e1s 365 Redes"},"image":{"@id":"https:\/\/candas365.es\/noticias\/quique-setien-nuevo-entrenador-del-barca\/#organizationLogo"},"sameAs":["https:\/\/www.facebook.com\/Nachofdezber","https:\/\/x.com\/NabercoDigital","https:\/\/www.instagram.com\/nachofdezber\/","https:\/\/www.youtube.com\/channel\/UCZP-2wLEB9Rv6erhFmqVnvg"],"address":{"@id":"https:\/\/candas365.es\/noticias\/#postaladdress","@type":"PostalAddress","streetAddress":"san antonio 4, san antonio 4","postalCode":"33430","addressLocality":"Cand\u00e1s","addressRegion":"Asturias","addressCountry":"ES"}},{"@type":"Person","@id":"https:\/\/candas365.es\/noticias\/author\/admin\/#author","url":"https:\/\/candas365.es\/noticias\/author\/admin\/","name":"Cand\u00e1s 365","image":{"@type":"ImageObject","@id":"https:\/\/candas365.es\/noticias\/quique-setien-nuevo-entrenador-del-barca\/#authorImage","url":"https:\/\/secure.gravatar.com\/avatar\/496a8e03d0c493ede1718b7934145dbdf8d89be1036b0eec9544e1094c9de390?s=96&d=mm&r=g","width":96,"height":96,"caption":"Cand\u00e1s 365"},"sameAs":["https:\/\/www.facebook.com\/carrenoactualidad","https:\/\/twitter.com\/nbasturias","https:\/\/www.instagram.com\/nachofdezber\/","https:\/\/www.youtube.com\/channel\/UCZP-2wLEB9Rv6erhFmqVnvg"]},{"@type":"WebPage","@id":"https:\/\/candas365.es\/noticias\/quique-setien-nuevo-entrenador-del-barca\/#webpage","url":"https:\/\/candas365.es\/noticias\/quique-setien-nuevo-entrenador-del-barca\/","name":"Quique Seti\u00e9n nuevo entrenador del Bar\u00e7a | Cand\u00e1s 365","description":"(Europa Press) - El FC Barcelona ha anunciado este lunes que el hasta ahora entrenador del primer equipo de f\u00fatbol, Ernesto Valverde, ha sido cesado de su cargo de inmediato y que el ext\u00e9cnico del Real Betis Quique Seti\u00e9n ser\u00e1 su relevo en el banquillo blaugrana, por lo que se estrenar\u00e1 el pr\u00f3ximo domingo en el","inLanguage":"es-ES","isPartOf":{"@id":"https:\/\/candas365.es\/noticias\/#website"},"breadcrumb":{"@id":"https:\/\/candas365.es\/noticias\/quique-setien-nuevo-entrenador-del-barca\/#breadcrumblist"},"author":{"@id":"https:\/\/candas365.es\/noticias\/author\/admin\/#author"},"creator":{"@id":"https:\/\/candas365.es\/noticias\/author\/admin\/#author"},"image":{"@type":"ImageObject","url":"https:\/\/candas365.es\/noticias\/wp-content\/uploads\/2020\/01\/setien-valverde-ep.jpg","@id":"https:\/\/candas365.es\/noticias\/quique-setien-nuevo-entrenador-del-barca\/#mainImage","width":1133,"height":627,"caption":"Foto: AFP7\/DPA \/ Europa Press"},"primaryImageOfPage":{"@id":"https:\/\/candas365.es\/noticias\/quique-setien-nuevo-entrenador-del-barca\/#mainImage"},"datePublished":"2020-01-14T06:29:15+01:00","dateModified":"2020-01-14T06:29:15+01:00"},{"@type":"WebSite","@id":"https:\/\/candas365.es\/noticias\/#website","url":"https:\/\/candas365.es\/noticias\/","name":"Cand\u00e1s 365","alternateName":"Cand\u00e1s 365 Noticias","description":"Actualidad desde Carre\u00f1o para el mundo","inLanguage":"es-ES","publisher":{"@id":"https:\/\/candas365.es\/noticias\/#organization"}}]},"og:locale":"es_ES","og:site_name":"Cand\u00e1s 365","og:type":"article","og:title":"Quique Seti\u00e9n nuevo entrenador del Bar\u00e7a | Cand\u00e1s 365","og:description":"(Europa Press) - El FC Barcelona ha anunciado este lunes que el hasta ahora entrenador del primer equipo de f\u00fatbol, Ernesto Valverde, ha sido cesado de su cargo de inmediato y que el ext\u00e9cnico del Real Betis Quique Seti\u00e9n ser\u00e1 su relevo en el banquillo blaugrana, por lo que se estrenar\u00e1 el pr\u00f3ximo domingo en el","og:url":"https:\/\/candas365.es\/noticias\/quique-setien-nuevo-entrenador-del-barca\/","og:image":"https:\/\/candas365.es\/noticias\/wp-content\/uploads\/2020\/01\/setien-valverde-ep.jpg","og:image:secure_url":"https:\/\/candas365.es\/noticias\/wp-content\/uploads\/2020\/01\/setien-valverde-ep.jpg","og:image:width":1133,"og:image:height":627,"article:published_time":"2020-01-14T06:29:15+00:00","article:modified_time":"2020-01-14T06:29:15+00:00","article:publisher":"https:\/\/www.facebook.com\/Nachofdezber","article:author":"https:\/\/www.facebook.com\/carrenoactualidad","twitter:card":"summary_large_image","twitter:site":"@NabercoDigital","twitter:title":"Quique Seti\u00e9n nuevo entrenador del Bar\u00e7a | Cand\u00e1s 365","twitter:description":"(Europa Press) - El FC Barcelona ha anunciado este lunes que el hasta ahora entrenador del primer equipo de f\u00fatbol, Ernesto Valverde, ha sido cesado de su cargo de inmediato y que el ext\u00e9cnico del Real Betis Quique Seti\u00e9n ser\u00e1 su relevo en el banquillo blaugrana, por lo que se estrenar\u00e1 el pr\u00f3ximo domingo en el","twitter:creator":"@nbasturias","twitter:image":"https:\/\/candas365.es\/noticias\/wp-content\/uploads\/2020\/01\/setien-valverde-ep.jpg","twitter:label1":"Escrito por","twitter:data1":"Cand\u00e1s 365","twitter:label2":"Tiempo de lectura estimado","twitter:data2":"5 minutos"},"aioseo_meta_data":{"post_id":"136339","title":null,"description":null,"keywords":null,"keyphrases":null,"primary_term":null,"canonical_url":null,"og_title":null,"og_description":null,"og_object_type":"default","og_image_type":"default","og_image_url":null,"og_image_width":null,"og_image_height":null,"og_image_custom_url":null,"og_image_custom_fields":null,"og_video":null,"og_custom_url":null,"og_article_section":null,"og_article_tags":null,"twitter_use_og":false,"twitter_card":"default","twitter_image_type":"default","twitter_image_url":null,"twitter_image_custom_url":null,"twitter_image_custom_fields":null,"twitter_title":null,"twitter_description":null,"schema":{"blockGraphs":[],"customGraphs":[],"default":{"data":{"Article":[],"Course":[],"Dataset":[],"FAQPage":[],"Movie":[],"Person":[],"Product":[],"ProductReview":[],"Car":[],"Recipe":[],"Service":[],"SoftwareApplication":[],"WebPage":[]},"graphName":"","isEnabled":true},"graphs":[],"defaultGraph":"","defaultPostTypeGraph":""},"schema_type":null,"schema_type_options":null,"pillar_content":false,"robots_default":true,"robots_noindex":false,"robots_noarchive":false,"robots_nosnippet":false,"robots_nofollow":false,"robots_noimageindex":false,"robots_noodp":false,"robots_notranslate":false,"robots_max_snippet":null,"robots_max_videopreview":null,"robots_max_imagepreview":"large","priority":null,"frequency":null,"location":null,"local_seo":null,"seo_analyzer_scan_date":"2025-08-30 21:28:21","breadcrumb_settings":null,"limit_modified_date":false,"reviewed_by":null,"open_ai":null,"ai":null,"created":"2020-12-21 10:48:11","updated":"2025-08-30 21:28:21"},"aioseo_breadcrumb":"<div class=\"aioseo-breadcrumbs\"><span class=\"aioseo-breadcrumb\">\n\t<a href=\"https:\/\/candas365.es\/noticias\" title=\"Home\">Home<\/a>\n<\/span><span class=\"aioseo-breadcrumb-separator\">&ndash;<\/span><span class=\"aioseo-breadcrumb\">\n\t<a href=\"https:\/\/candas365.es\/noticias\/category\/deporte\/\" title=\"Deporte\">Deporte<\/a>\n<\/span><span class=\"aioseo-breadcrumb-separator\">&ndash;<\/span><span class=\"aioseo-breadcrumb\">\n\tQuique Seti\u00e9n nuevo entrenador del Bar\u00e7a\n<\/span><\/div>","aioseo_breadcrumb_json":[{"label":"Home","link":"https:\/\/candas365.es\/noticias"},{"label":"Deporte","link":"https:\/\/candas365.es\/noticias\/category\/deporte\/"},{"label":"Quique Seti\u00e9n nuevo entrenador del Bar\u00e7a","link":"https:\/\/candas365.es\/noticias\/quique-setien-nuevo-entrenador-del-barca\/"}],"_links":{"self":[{"href":"https:\/\/candas365.es\/noticias\/wp-json\/wp\/v2\/posts\/136339","targetHints":{"allow":["GET"]}}],"collection":[{"href":"https:\/\/candas365.es\/noticias\/wp-json\/wp\/v2\/posts"}],"about":[{"href":"https:\/\/candas365.es\/noticias\/wp-json\/wp\/v2\/types\/post"}],"author":[{"embeddable":true,"href":"https:\/\/candas365.es\/noticias\/wp-json\/wp\/v2\/users\/1"}],"replies":[{"embeddable":true,"href":"https:\/\/candas365.es\/noticias\/wp-json\/wp\/v2\/comments?post=136339"}],"version-history":[{"count":0,"href":"https:\/\/candas365.es\/noticias\/wp-json\/wp\/v2\/posts\/136339\/revisions"}],"wp:featuredmedia":[{"embeddable":true,"href":"https:\/\/candas365.es\/noticias\/wp-json\/wp\/v2\/media\/136340"}],"wp:attachment":[{"href":"https:\/\/candas365.es\/noticias\/wp-json\/wp\/v2\/media?parent=136339"}],"wp:term":[{"taxonomy":"category","embeddable":true,"href":"https:\/\/candas365.es\/noticias\/wp-json\/wp\/v2\/categories?post=136339"},{"taxonomy":"post_tag","embeddable":true,"href":"https:\/\/candas365.es\/noticias\/wp-json\/wp\/v2\/tags?post=136339"}],"curies":[{"name":"wp","href":"https:\/\/api.w.org\/{rel}","templated":true}]}}