{"id":136302,"date":"2020-01-13T15:23:09","date_gmt":"2020-01-13T15:23:09","guid":{"rendered":"http:\/\/candas365.es\/noticias\/?p=136302"},"modified":"2020-01-13T15:23:09","modified_gmt":"2020-01-13T15:23:09","slug":"dani-rovira-tiene-tiron-en-asturias","status":"publish","type":"post","link":"https:\/\/candas365.es\/noticias\/dani-rovira-tiene-tiron-en-asturias\/","title":{"rendered":"Dani Rovira \u00abtiene tir\u00f3n\u00bb en Asturias"},"content":{"rendered":"<p><img fetchpriority=\"high\" decoding=\"async\" class=\"alignleft size-medium wp-image-136303\" src=\"https:\/\/candas365.es\/noticias\/wp-content\/uploads\/2020\/01\/F4-Dani-Rovira-360x251.jpg\" alt=\"\" width=\"360\" height=\"251\" srcset=\"https:\/\/candas365.es\/noticias\/wp-content\/uploads\/2020\/01\/F4-Dani-Rovira-360x251.jpg 360w, https:\/\/candas365.es\/noticias\/wp-content\/uploads\/2020\/01\/F4-Dani-Rovira-655x458.jpg 655w, https:\/\/candas365.es\/noticias\/wp-content\/uploads\/2020\/01\/F4-Dani-Rovira-696x486.jpg 696w, https:\/\/candas365.es\/noticias\/wp-content\/uploads\/2020\/01\/F4-Dani-Rovira-601x420.jpg 601w, https:\/\/candas365.es\/noticias\/wp-content\/uploads\/2020\/01\/F4-Dani-Rovira-100x70.jpg 100w, https:\/\/candas365.es\/noticias\/wp-content\/uploads\/2020\/01\/F4-Dani-Rovira.jpg 700w\" sizes=\"(max-width: 360px) 100vw, 360px\" \/>El principal espect\u00e1culo de esta semana en el Centro Niemeyer lleva acento malague\u00f1o. El viernes 17 de enero a las 21:00 el Auditorio se llenar\u00e1 para recibir al c\u00f3mico andaluz Dani Rovira.<\/p>\n<p>Rovira regresa a los escenarios con su nuevo espect\u00e1culo, titulado \u201cOdio\u201d. El humorista presenta su show de stand up comedy donde, sin censura alguna, pone encima de la mesa su visi\u00f3n m\u00e1s honesta y delirante del ser humano de hoy.<\/p>\n<p>Dani Rovira acumula m\u00e1s de quince a\u00f1os haciendo comedia sobre las tablas con espect\u00e1culos como \u201cInmortal de la Risa\u201d, \u201cLas Noches de Paramount Comedy\u201d, \u201cLas Noches del Club de la Comedia\u201d, \u201c\u00bfQuieres Salir Conmigo?\u201d, \u201cImproviciados\u201d. Y ahora llega \u201cOdio\u201d.<\/p>\n<p>Las escasas entradas a\u00fan disponibles para este espect\u00e1culo se pueden adquirir a un precio de 27 \u20ac en las recepciones del Centro Niemeyer, CITPA Oviedo y Laboral Ciudad de la Cultura en Gij\u00f3n, el tel\u00e9fono 902 106 601 y Liberbank \u2013 entradas (www.liberbank.es).<\/p>\n<p><strong>Cambio en la actriz protagonista de \u201cDivinas palabras\u201d<\/strong><\/p>\n<p>La compa\u00f1\u00eda encargada de realizar la representaci\u00f3n de la obra de teatro \u201cDivinas palabras\u201d, programada para el d\u00eda 31 de enero a las 20:30, ha anunciado recientemente la sustituci\u00f3n de la actriz protagonista, Mar\u00eda Ad\u00e1nez, por Mar\u00eda Isasi.<\/p>\n<p><strong>Cine brit\u00e1nico con \u201cHigh Life\u201d<\/strong><\/p>\n<p>La primera propuesta cinematogr\u00e1fica de esta semana llevar\u00e1 a los espectadores al espacio profundo con la pel\u00edcula brit\u00e1nica de ciencia ficci\u00f3n \u201cHigh Life\u201d, dirigida por Claire Denis y protagonizada por Robert Pattinson y Juliette Binoche, entre otros.<\/p>\n<p>Monte y su hija Willow viven completamente aislados a bordo de una nave espacial. No siempre estuvieron solos: eran parte de un grupo de condenados a muerte que aceptaron conmutar sus sentencias por participar en una misi\u00f3n con destino al agujero negro m\u00e1s cercano a la Tierra. Premios. \u201cHigh Life\u201d logr\u00f3 alzarse con el Premio FIPRESCI del Festival de San Sebasti\u00e1n 2018.<\/p>\n<p>Las entradas para esta proyecci\u00f3n se pueden adquirir a un precio de 5 \u20ac en las recepciones del Centro Niemeyer, CITPA Oviedo y Laboral Ciudad de la Cultura en Gij\u00f3n, el tel\u00e9fono 902 106 601 y Liberbank \u2013 entradas (www.liberbank.es). Los socios del Club Cultura que adquieran sus entradas hasta el d\u00eda anterior a la proyecci\u00f3n podr\u00e1n conseguir sus entradas por 3 \u20ac.<\/p>\n","protected":false},"excerpt":{"rendered":"<p>El principal espect\u00e1culo de esta semana en el Centro Niemeyer lleva acento malague\u00f1o. El viernes 17 de enero a las 21:00 el Auditorio se llenar\u00e1 para recibir al c\u00f3mico andaluz Dani Rovira. Rovira regresa a los escenarios con su nuevo espect\u00e1culo, titulado \u201cOdio\u201d. El humorista presenta su show de stand up comedy donde, sin censura<\/p>\n","protected":false},"author":1,"featured_media":136303,"comment_status":"closed","ping_status":"closed","sticky":false,"template":"","format":"standard","meta":{"footnotes":""},"categories":[1],"tags":[],"class_list":{"0":"post-136302","1":"post","2":"type-post","3":"status-publish","4":"format-standard","5":"has-post-thumbnail","7":"category-agenda"},"aioseo_notices":[],"aioseo_head":"\n\t\t<!-- All in One SEO Pro 4.9.6.2 - aioseo.com -->\n\t<meta name=\"description\" content=\"El principal espect\u00e1culo de esta semana en el Centro Niemeyer lleva acento malague\u00f1o. El viernes 17 de enero a las 21:00 el Auditorio se llenar\u00e1 para recibir al c\u00f3mico andaluz Dani Rovira. Rovira regresa a los escenarios con su nuevo espect\u00e1culo, titulado \u201cOdio\u201d. El humorista presenta su show de stand up comedy donde, sin censura\" \/>\n\t<meta name=\"robots\" content=\"max-image-preview:large\" \/>\n\t<meta name=\"author\" content=\"Cand\u00e1s 365\"\/>\n\t<meta name=\"google-site-verification\" content=\"UA-32230408-1\" \/>\n\t<meta name=\"msvalidate.01\" content=\"354F3CDFB2DA171B47FBE9ABF1F88D5\" \/>\n\t<meta name=\"keywords\" content=\"agenda\" \/>\n\t<link rel=\"canonical\" href=\"https:\/\/candas365.es\/noticias\/dani-rovira-tiene-tiron-en-asturias\/\" \/>\n\t<meta name=\"generator\" content=\"All in One SEO Pro (AIOSEO) 4.9.6.2\" \/>\n\t\t<meta property=\"og:locale\" content=\"es_ES\" \/>\n\t\t<meta property=\"og:site_name\" content=\"Cand\u00e1s 365\" \/>\n\t\t<meta property=\"og:type\" content=\"article\" \/>\n\t\t<meta property=\"og:title\" content=\"Dani Rovira \u00abtiene tir\u00f3n\u00bb en Asturias | Cand\u00e1s 365\" \/>\n\t\t<meta property=\"og:description\" content=\"El principal espect\u00e1culo de esta semana en el Centro Niemeyer lleva acento malague\u00f1o. El viernes 17 de enero a las 21:00 el Auditorio se llenar\u00e1 para recibir al c\u00f3mico andaluz Dani Rovira. Rovira regresa a los escenarios con su nuevo espect\u00e1culo, titulado \u201cOdio\u201d. El humorista presenta su show de stand up comedy donde, sin censura\" \/>\n\t\t<meta property=\"og:url\" content=\"https:\/\/candas365.es\/noticias\/dani-rovira-tiene-tiron-en-asturias\/\" \/>\n\t\t<meta property=\"og:image\" content=\"https:\/\/candas365.es\/noticias\/wp-content\/uploads\/2020\/01\/F4-Dani-Rovira.jpg\" \/>\n\t\t<meta property=\"og:image:secure_url\" content=\"https:\/\/candas365.es\/noticias\/wp-content\/uploads\/2020\/01\/F4-Dani-Rovira.jpg\" \/>\n\t\t<meta property=\"og:image:width\" content=\"700\" \/>\n\t\t<meta property=\"og:image:height\" content=\"489\" \/>\n\t\t<meta property=\"article:published_time\" content=\"2020-01-13T15:23:09+00:00\" \/>\n\t\t<meta property=\"article:modified_time\" content=\"2020-01-13T15:23:09+00:00\" \/>\n\t\t<meta property=\"article:publisher\" content=\"https:\/\/www.facebook.com\/Nachofdezber\" \/>\n\t\t<meta property=\"article:author\" content=\"https:\/\/www.facebook.com\/carrenoactualidad\" \/>\n\t\t<meta name=\"twitter:card\" content=\"summary_large_image\" \/>\n\t\t<meta name=\"twitter:site\" content=\"@NabercoDigital\" \/>\n\t\t<meta name=\"twitter:title\" content=\"Dani Rovira \u00abtiene tir\u00f3n\u00bb en Asturias | Cand\u00e1s 365\" \/>\n\t\t<meta name=\"twitter:description\" content=\"El principal espect\u00e1culo de esta semana en el Centro Niemeyer lleva acento malague\u00f1o. El viernes 17 de enero a las 21:00 el Auditorio se llenar\u00e1 para recibir al c\u00f3mico andaluz Dani Rovira. Rovira regresa a los escenarios con su nuevo espect\u00e1culo, titulado \u201cOdio\u201d. El humorista presenta su show de stand up comedy donde, sin censura\" \/>\n\t\t<meta name=\"twitter:creator\" content=\"@nbasturias\" \/>\n\t\t<meta name=\"twitter:image\" content=\"https:\/\/candas365.es\/noticias\/wp-content\/uploads\/2020\/01\/F4-Dani-Rovira.jpg\" \/>\n\t\t<meta name=\"twitter:label1\" content=\"Escrito por\" \/>\n\t\t<meta name=\"twitter:data1\" content=\"Cand\u00e1s 365\" \/>\n\t\t<meta name=\"twitter:label2\" content=\"Tiempo de lectura estimado\" \/>\n\t\t<meta name=\"twitter:data2\" content=\"2 minutos\" \/>\n\t\t<script type=\"application\/ld+json\" class=\"aioseo-schema\">\n\t\t\t{\"@context\":\"https:\\\/\\\/schema.org\",\"@graph\":[{\"@type\":\"BreadcrumbList\",\"@id\":\"https:\\\/\\\/candas365.es\\\/noticias\\\/dani-rovira-tiene-tiron-en-asturias\\\/#breadcrumblist\",\"itemListElement\":[{\"@type\":\"ListItem\",\"@id\":\"https:\\\/\\\/candas365.es\\\/noticias#listItem\",\"position\":1,\"name\":\"Home\",\"item\":\"https:\\\/\\\/candas365.es\\\/noticias\",\"nextItem\":{\"@type\":\"ListItem\",\"@id\":\"https:\\\/\\\/candas365.es\\\/noticias\\\/category\\\/agenda\\\/#listItem\",\"name\":\"Agenda\"}},{\"@type\":\"ListItem\",\"@id\":\"https:\\\/\\\/candas365.es\\\/noticias\\\/category\\\/agenda\\\/#listItem\",\"position\":2,\"name\":\"Agenda\",\"item\":\"https:\\\/\\\/candas365.es\\\/noticias\\\/category\\\/agenda\\\/\",\"nextItem\":{\"@type\":\"ListItem\",\"@id\":\"https:\\\/\\\/candas365.es\\\/noticias\\\/dani-rovira-tiene-tiron-en-asturias\\\/#listItem\",\"name\":\"Dani Rovira \\u00abtiene tir\\u00f3n\\u00bb en Asturias\"},\"previousItem\":{\"@type\":\"ListItem\",\"@id\":\"https:\\\/\\\/candas365.es\\\/noticias#listItem\",\"name\":\"Home\"}},{\"@type\":\"ListItem\",\"@id\":\"https:\\\/\\\/candas365.es\\\/noticias\\\/dani-rovira-tiene-tiron-en-asturias\\\/#listItem\",\"position\":3,\"name\":\"Dani Rovira \\u00abtiene tir\\u00f3n\\u00bb en Asturias\",\"previousItem\":{\"@type\":\"ListItem\",\"@id\":\"https:\\\/\\\/candas365.es\\\/noticias\\\/category\\\/agenda\\\/#listItem\",\"name\":\"Agenda\"}}]},{\"@type\":\"NewsArticle\",\"@id\":\"https:\\\/\\\/candas365.es\\\/noticias\\\/dani-rovira-tiene-tiron-en-asturias\\\/#newsarticle\",\"name\":\"Dani Rovira \\u00abtiene tir\\u00f3n\\u00bb en Asturias | Cand\\u00e1s 365\",\"headline\":\"Dani Rovira \\u00abtiene tir\\u00f3n\\u00bb en Asturias\",\"author\":{\"@id\":\"https:\\\/\\\/candas365.es\\\/noticias\\\/author\\\/admin\\\/#author\"},\"publisher\":{\"@id\":\"https:\\\/\\\/candas365.es\\\/noticias\\\/#organization\"},\"image\":{\"@type\":\"ImageObject\",\"url\":\"https:\\\/\\\/candas365.es\\\/noticias\\\/wp-content\\\/uploads\\\/2020\\\/01\\\/F4-Dani-Rovira.jpg\",\"width\":700,\"height\":489},\"datePublished\":\"2020-01-13T15:23:09+01:00\",\"dateModified\":\"2020-01-13T15:23:09+01:00\",\"inLanguage\":\"es-ES\",\"mainEntityOfPage\":{\"@id\":\"https:\\\/\\\/candas365.es\\\/noticias\\\/dani-rovira-tiene-tiron-en-asturias\\\/#webpage\"},\"isPartOf\":{\"@id\":\"https:\\\/\\\/candas365.es\\\/noticias\\\/dani-rovira-tiene-tiron-en-asturias\\\/#webpage\"},\"articleSection\":\"Agenda\",\"dateline\":\"Publicado el enero 13, 2020.\"},{\"@type\":\"Organization\",\"@id\":\"https:\\\/\\\/candas365.es\\\/noticias\\\/#organization\",\"name\":\"Cand\\u00e1s 365\",\"description\":\"Cand\\u00e1s 365 es un diario digital independiente, fundado en 2012, con base en Asturias. Informamos con rigor sobre actualidad, sociedad, cultura y ocio, con una mirada local y global.\",\"url\":\"https:\\\/\\\/candas365.es\\\/noticias\\\/\",\"email\":\"info@candas365.es\",\"telephone\":\"+34652131393\",\"foundingDate\":\"2012-06-10\",\"logo\":{\"@type\":\"ImageObject\",\"url\":\"https:\\\/\\\/candas365.es\\\/noticias\\\/wp-content\\\/uploads\\\/2024\\\/09\\\/Candas-365-Redes.jpg\",\"@id\":\"https:\\\/\\\/candas365.es\\\/noticias\\\/dani-rovira-tiene-tiron-en-asturias\\\/#organizationLogo\",\"width\":1152,\"height\":864,\"caption\":\"Cand\\u00e1s 365 Redes\"},\"image\":{\"@id\":\"https:\\\/\\\/candas365.es\\\/noticias\\\/dani-rovira-tiene-tiron-en-asturias\\\/#organizationLogo\"},\"sameAs\":[\"https:\\\/\\\/www.facebook.com\\\/Nachofdezber\",\"https:\\\/\\\/x.com\\\/NabercoDigital\",\"https:\\\/\\\/www.instagram.com\\\/nachofdezber\\\/\",\"https:\\\/\\\/www.youtube.com\\\/channel\\\/UCZP-2wLEB9Rv6erhFmqVnvg\"],\"address\":{\"@id\":\"https:\\\/\\\/candas365.es\\\/noticias\\\/#postaladdress\",\"@type\":\"PostalAddress\",\"streetAddress\":\"san antonio 4, san antonio 4\",\"postalCode\":\"33430\",\"addressLocality\":\"Cand\\u00e1s\",\"addressRegion\":\"Asturias\",\"addressCountry\":\"ES\"}},{\"@type\":\"Person\",\"@id\":\"https:\\\/\\\/candas365.es\\\/noticias\\\/author\\\/admin\\\/#author\",\"url\":\"https:\\\/\\\/candas365.es\\\/noticias\\\/author\\\/admin\\\/\",\"name\":\"Cand\\u00e1s 365\",\"image\":{\"@type\":\"ImageObject\",\"@id\":\"https:\\\/\\\/candas365.es\\\/noticias\\\/dani-rovira-tiene-tiron-en-asturias\\\/#authorImage\",\"url\":\"https:\\\/\\\/secure.gravatar.com\\\/avatar\\\/496a8e03d0c493ede1718b7934145dbdf8d89be1036b0eec9544e1094c9de390?s=96&d=mm&r=g\",\"width\":96,\"height\":96,\"caption\":\"Cand\\u00e1s 365\"},\"sameAs\":[\"https:\\\/\\\/www.facebook.com\\\/carrenoactualidad\",\"https:\\\/\\\/twitter.com\\\/nbasturias\",\"https:\\\/\\\/www.instagram.com\\\/nachofdezber\\\/\",\"https:\\\/\\\/www.youtube.com\\\/channel\\\/UCZP-2wLEB9Rv6erhFmqVnvg\"]},{\"@type\":\"WebPage\",\"@id\":\"https:\\\/\\\/candas365.es\\\/noticias\\\/dani-rovira-tiene-tiron-en-asturias\\\/#webpage\",\"url\":\"https:\\\/\\\/candas365.es\\\/noticias\\\/dani-rovira-tiene-tiron-en-asturias\\\/\",\"name\":\"Dani Rovira \\u00abtiene tir\\u00f3n\\u00bb en Asturias | Cand\\u00e1s 365\",\"description\":\"El principal espect\\u00e1culo de esta semana en el Centro Niemeyer lleva acento malague\\u00f1o. El viernes 17 de enero a las 21:00 el Auditorio se llenar\\u00e1 para recibir al c\\u00f3mico andaluz Dani Rovira. Rovira regresa a los escenarios con su nuevo espect\\u00e1culo, titulado \\u201cOdio\\u201d. El humorista presenta su show de stand up comedy donde, sin censura\",\"inLanguage\":\"es-ES\",\"isPartOf\":{\"@id\":\"https:\\\/\\\/candas365.es\\\/noticias\\\/#website\"},\"breadcrumb\":{\"@id\":\"https:\\\/\\\/candas365.es\\\/noticias\\\/dani-rovira-tiene-tiron-en-asturias\\\/#breadcrumblist\"},\"author\":{\"@id\":\"https:\\\/\\\/candas365.es\\\/noticias\\\/author\\\/admin\\\/#author\"},\"creator\":{\"@id\":\"https:\\\/\\\/candas365.es\\\/noticias\\\/author\\\/admin\\\/#author\"},\"image\":{\"@type\":\"ImageObject\",\"url\":\"https:\\\/\\\/candas365.es\\\/noticias\\\/wp-content\\\/uploads\\\/2020\\\/01\\\/F4-Dani-Rovira.jpg\",\"@id\":\"https:\\\/\\\/candas365.es\\\/noticias\\\/dani-rovira-tiene-tiron-en-asturias\\\/#mainImage\",\"width\":700,\"height\":489},\"primaryImageOfPage\":{\"@id\":\"https:\\\/\\\/candas365.es\\\/noticias\\\/dani-rovira-tiene-tiron-en-asturias\\\/#mainImage\"},\"datePublished\":\"2020-01-13T15:23:09+01:00\",\"dateModified\":\"2020-01-13T15:23:09+01:00\"},{\"@type\":\"WebSite\",\"@id\":\"https:\\\/\\\/candas365.es\\\/noticias\\\/#website\",\"url\":\"https:\\\/\\\/candas365.es\\\/noticias\\\/\",\"name\":\"Cand\\u00e1s 365\",\"alternateName\":\"Cand\\u00e1s 365 Noticias\",\"description\":\"Actualidad desde Carre\\u00f1o para el mundo\",\"inLanguage\":\"es-ES\",\"publisher\":{\"@id\":\"https:\\\/\\\/candas365.es\\\/noticias\\\/#organization\"}}]}\n\t\t<\/script>\n\t\t<!-- All in One SEO Pro -->\r\n\t\t<title>Dani Rovira \u00abtiene tir\u00f3n\u00bb en Asturias | Cand\u00e1s 365<\/title>\n\n","aioseo_head_json":{"title":"Dani Rovira \u00abtiene tir\u00f3n\u00bb en Asturias | Cand\u00e1s 365","description":"El principal espect\u00e1culo de esta semana en el Centro Niemeyer lleva acento malague\u00f1o. El viernes 17 de enero a las 21:00 el Auditorio se llenar\u00e1 para recibir al c\u00f3mico andaluz Dani Rovira. Rovira regresa a los escenarios con su nuevo espect\u00e1culo, titulado \u201cOdio\u201d. El humorista presenta su show de stand up comedy donde, sin censura","canonical_url":"https:\/\/candas365.es\/noticias\/dani-rovira-tiene-tiron-en-asturias\/","robots":"max-image-preview:large","keywords":"agenda","webmasterTools":{"google-site-verification":"UA-32230408-1","msvalidate.01":"354F3CDFB2DA171B47FBE9ABF1F88D5","miscellaneous":""},"schema":{"@context":"https:\/\/schema.org","@graph":[{"@type":"BreadcrumbList","@id":"https:\/\/candas365.es\/noticias\/dani-rovira-tiene-tiron-en-asturias\/#breadcrumblist","itemListElement":[{"@type":"ListItem","@id":"https:\/\/candas365.es\/noticias#listItem","position":1,"name":"Home","item":"https:\/\/candas365.es\/noticias","nextItem":{"@type":"ListItem","@id":"https:\/\/candas365.es\/noticias\/category\/agenda\/#listItem","name":"Agenda"}},{"@type":"ListItem","@id":"https:\/\/candas365.es\/noticias\/category\/agenda\/#listItem","position":2,"name":"Agenda","item":"https:\/\/candas365.es\/noticias\/category\/agenda\/","nextItem":{"@type":"ListItem","@id":"https:\/\/candas365.es\/noticias\/dani-rovira-tiene-tiron-en-asturias\/#listItem","name":"Dani Rovira \u00abtiene tir\u00f3n\u00bb en Asturias"},"previousItem":{"@type":"ListItem","@id":"https:\/\/candas365.es\/noticias#listItem","name":"Home"}},{"@type":"ListItem","@id":"https:\/\/candas365.es\/noticias\/dani-rovira-tiene-tiron-en-asturias\/#listItem","position":3,"name":"Dani Rovira \u00abtiene tir\u00f3n\u00bb en Asturias","previousItem":{"@type":"ListItem","@id":"https:\/\/candas365.es\/noticias\/category\/agenda\/#listItem","name":"Agenda"}}]},{"@type":"NewsArticle","@id":"https:\/\/candas365.es\/noticias\/dani-rovira-tiene-tiron-en-asturias\/#newsarticle","name":"Dani Rovira \u00abtiene tir\u00f3n\u00bb en Asturias | Cand\u00e1s 365","headline":"Dani Rovira \u00abtiene tir\u00f3n\u00bb en Asturias","author":{"@id":"https:\/\/candas365.es\/noticias\/author\/admin\/#author"},"publisher":{"@id":"https:\/\/candas365.es\/noticias\/#organization"},"image":{"@type":"ImageObject","url":"https:\/\/candas365.es\/noticias\/wp-content\/uploads\/2020\/01\/F4-Dani-Rovira.jpg","width":700,"height":489},"datePublished":"2020-01-13T15:23:09+01:00","dateModified":"2020-01-13T15:23:09+01:00","inLanguage":"es-ES","mainEntityOfPage":{"@id":"https:\/\/candas365.es\/noticias\/dani-rovira-tiene-tiron-en-asturias\/#webpage"},"isPartOf":{"@id":"https:\/\/candas365.es\/noticias\/dani-rovira-tiene-tiron-en-asturias\/#webpage"},"articleSection":"Agenda","dateline":"Publicado el enero 13, 2020."},{"@type":"Organization","@id":"https:\/\/candas365.es\/noticias\/#organization","name":"Cand\u00e1s 365","description":"Cand\u00e1s 365 es un diario digital independiente, fundado en 2012, con base en Asturias. Informamos con rigor sobre actualidad, sociedad, cultura y ocio, con una mirada local y global.","url":"https:\/\/candas365.es\/noticias\/","email":"info@candas365.es","telephone":"+34652131393","foundingDate":"2012-06-10","logo":{"@type":"ImageObject","url":"https:\/\/candas365.es\/noticias\/wp-content\/uploads\/2024\/09\/Candas-365-Redes.jpg","@id":"https:\/\/candas365.es\/noticias\/dani-rovira-tiene-tiron-en-asturias\/#organizationLogo","width":1152,"height":864,"caption":"Cand\u00e1s 365 Redes"},"image":{"@id":"https:\/\/candas365.es\/noticias\/dani-rovira-tiene-tiron-en-asturias\/#organizationLogo"},"sameAs":["https:\/\/www.facebook.com\/Nachofdezber","https:\/\/x.com\/NabercoDigital","https:\/\/www.instagram.com\/nachofdezber\/","https:\/\/www.youtube.com\/channel\/UCZP-2wLEB9Rv6erhFmqVnvg"],"address":{"@id":"https:\/\/candas365.es\/noticias\/#postaladdress","@type":"PostalAddress","streetAddress":"san antonio 4, san antonio 4","postalCode":"33430","addressLocality":"Cand\u00e1s","addressRegion":"Asturias","addressCountry":"ES"}},{"@type":"Person","@id":"https:\/\/candas365.es\/noticias\/author\/admin\/#author","url":"https:\/\/candas365.es\/noticias\/author\/admin\/","name":"Cand\u00e1s 365","image":{"@type":"ImageObject","@id":"https:\/\/candas365.es\/noticias\/dani-rovira-tiene-tiron-en-asturias\/#authorImage","url":"https:\/\/secure.gravatar.com\/avatar\/496a8e03d0c493ede1718b7934145dbdf8d89be1036b0eec9544e1094c9de390?s=96&d=mm&r=g","width":96,"height":96,"caption":"Cand\u00e1s 365"},"sameAs":["https:\/\/www.facebook.com\/carrenoactualidad","https:\/\/twitter.com\/nbasturias","https:\/\/www.instagram.com\/nachofdezber\/","https:\/\/www.youtube.com\/channel\/UCZP-2wLEB9Rv6erhFmqVnvg"]},{"@type":"WebPage","@id":"https:\/\/candas365.es\/noticias\/dani-rovira-tiene-tiron-en-asturias\/#webpage","url":"https:\/\/candas365.es\/noticias\/dani-rovira-tiene-tiron-en-asturias\/","name":"Dani Rovira \u00abtiene tir\u00f3n\u00bb en Asturias | Cand\u00e1s 365","description":"El principal espect\u00e1culo de esta semana en el Centro Niemeyer lleva acento malague\u00f1o. El viernes 17 de enero a las 21:00 el Auditorio se llenar\u00e1 para recibir al c\u00f3mico andaluz Dani Rovira. Rovira regresa a los escenarios con su nuevo espect\u00e1culo, titulado \u201cOdio\u201d. El humorista presenta su show de stand up comedy donde, sin censura","inLanguage":"es-ES","isPartOf":{"@id":"https:\/\/candas365.es\/noticias\/#website"},"breadcrumb":{"@id":"https:\/\/candas365.es\/noticias\/dani-rovira-tiene-tiron-en-asturias\/#breadcrumblist"},"author":{"@id":"https:\/\/candas365.es\/noticias\/author\/admin\/#author"},"creator":{"@id":"https:\/\/candas365.es\/noticias\/author\/admin\/#author"},"image":{"@type":"ImageObject","url":"https:\/\/candas365.es\/noticias\/wp-content\/uploads\/2020\/01\/F4-Dani-Rovira.jpg","@id":"https:\/\/candas365.es\/noticias\/dani-rovira-tiene-tiron-en-asturias\/#mainImage","width":700,"height":489},"primaryImageOfPage":{"@id":"https:\/\/candas365.es\/noticias\/dani-rovira-tiene-tiron-en-asturias\/#mainImage"},"datePublished":"2020-01-13T15:23:09+01:00","dateModified":"2020-01-13T15:23:09+01:00"},{"@type":"WebSite","@id":"https:\/\/candas365.es\/noticias\/#website","url":"https:\/\/candas365.es\/noticias\/","name":"Cand\u00e1s 365","alternateName":"Cand\u00e1s 365 Noticias","description":"Actualidad desde Carre\u00f1o para el mundo","inLanguage":"es-ES","publisher":{"@id":"https:\/\/candas365.es\/noticias\/#organization"}}]},"og:locale":"es_ES","og:site_name":"Cand\u00e1s 365","og:type":"article","og:title":"Dani Rovira \u00abtiene tir\u00f3n\u00bb en Asturias | Cand\u00e1s 365","og:description":"El principal espect\u00e1culo de esta semana en el Centro Niemeyer lleva acento malague\u00f1o. El viernes 17 de enero a las 21:00 el Auditorio se llenar\u00e1 para recibir al c\u00f3mico andaluz Dani Rovira. Rovira regresa a los escenarios con su nuevo espect\u00e1culo, titulado \u201cOdio\u201d. El humorista presenta su show de stand up comedy donde, sin censura","og:url":"https:\/\/candas365.es\/noticias\/dani-rovira-tiene-tiron-en-asturias\/","og:image":"https:\/\/candas365.es\/noticias\/wp-content\/uploads\/2020\/01\/F4-Dani-Rovira.jpg","og:image:secure_url":"https:\/\/candas365.es\/noticias\/wp-content\/uploads\/2020\/01\/F4-Dani-Rovira.jpg","og:image:width":700,"og:image:height":489,"article:published_time":"2020-01-13T15:23:09+00:00","article:modified_time":"2020-01-13T15:23:09+00:00","article:publisher":"https:\/\/www.facebook.com\/Nachofdezber","article:author":"https:\/\/www.facebook.com\/carrenoactualidad","twitter:card":"summary_large_image","twitter:site":"@NabercoDigital","twitter:title":"Dani Rovira \u00abtiene tir\u00f3n\u00bb en Asturias | Cand\u00e1s 365","twitter:description":"El principal espect\u00e1culo de esta semana en el Centro Niemeyer lleva acento malague\u00f1o. El viernes 17 de enero a las 21:00 el Auditorio se llenar\u00e1 para recibir al c\u00f3mico andaluz Dani Rovira. Rovira regresa a los escenarios con su nuevo espect\u00e1culo, titulado \u201cOdio\u201d. El humorista presenta su show de stand up comedy donde, sin censura","twitter:creator":"@nbasturias","twitter:image":"https:\/\/candas365.es\/noticias\/wp-content\/uploads\/2020\/01\/F4-Dani-Rovira.jpg","twitter:label1":"Escrito por","twitter:data1":"Cand\u00e1s 365","twitter:label2":"Tiempo de lectura estimado","twitter:data2":"2 minutos"},"aioseo_meta_data":{"post_id":"136302","title":null,"description":null,"keywords":null,"keyphrases":null,"primary_term":null,"canonical_url":null,"og_title":null,"og_description":null,"og_object_type":"default","og_image_type":"default","og_image_url":null,"og_image_width":null,"og_image_height":null,"og_image_custom_url":null,"og_image_custom_fields":null,"og_video":null,"og_custom_url":null,"og_article_section":null,"og_article_tags":null,"twitter_use_og":false,"twitter_card":"default","twitter_image_type":"default","twitter_image_url":null,"twitter_image_custom_url":null,"twitter_image_custom_fields":null,"twitter_title":null,"twitter_description":null,"schema":{"blockGraphs":[],"customGraphs":[],"default":{"data":{"Article":[],"Course":[],"Dataset":[],"FAQPage":[],"Movie":[],"Person":[],"Product":[],"ProductReview":[],"Car":[],"Recipe":[],"Service":[],"SoftwareApplication":[],"WebPage":[]},"graphName":"","isEnabled":true},"graphs":[]},"schema_type":null,"schema_type_options":null,"pillar_content":false,"robots_default":true,"robots_noindex":false,"robots_noarchive":false,"robots_nosnippet":false,"robots_nofollow":false,"robots_noimageindex":false,"robots_noodp":false,"robots_notranslate":false,"robots_max_snippet":null,"robots_max_videopreview":null,"robots_max_imagepreview":"large","priority":null,"frequency":null,"location":null,"local_seo":null,"seo_analyzer_scan_date":"2025-08-30 21:26:12","breadcrumb_settings":null,"limit_modified_date":false,"reviewed_by":null,"open_ai":null,"ai":null,"created":"2020-12-21 10:46:59","updated":"2025-08-30 21:26:12"},"aioseo_breadcrumb":"<div class=\"aioseo-breadcrumbs\"><span class=\"aioseo-breadcrumb\">\n\t<a href=\"https:\/\/candas365.es\/noticias\" title=\"Home\">Home<\/a>\n<\/span><span class=\"aioseo-breadcrumb-separator\">&ndash;<\/span><span class=\"aioseo-breadcrumb\">\n\t<a href=\"https:\/\/candas365.es\/noticias\/category\/agenda\/\" title=\"Agenda\">Agenda<\/a>\n<\/span><span class=\"aioseo-breadcrumb-separator\">&ndash;<\/span><span class=\"aioseo-breadcrumb\">\n\tDani Rovira \u00abtiene tir\u00f3n\u00bb en Asturias\n<\/span><\/div>","aioseo_breadcrumb_json":[{"label":"Home","link":"https:\/\/candas365.es\/noticias"},{"label":"Agenda","link":"https:\/\/candas365.es\/noticias\/category\/agenda\/"},{"label":"Dani Rovira \u00abtiene tir\u00f3n\u00bb en Asturias","link":"https:\/\/candas365.es\/noticias\/dani-rovira-tiene-tiron-en-asturias\/"}],"_links":{"self":[{"href":"https:\/\/candas365.es\/noticias\/wp-json\/wp\/v2\/posts\/136302","targetHints":{"allow":["GET"]}}],"collection":[{"href":"https:\/\/candas365.es\/noticias\/wp-json\/wp\/v2\/posts"}],"about":[{"href":"https:\/\/candas365.es\/noticias\/wp-json\/wp\/v2\/types\/post"}],"author":[{"embeddable":true,"href":"https:\/\/candas365.es\/noticias\/wp-json\/wp\/v2\/users\/1"}],"replies":[{"embeddable":true,"href":"https:\/\/candas365.es\/noticias\/wp-json\/wp\/v2\/comments?post=136302"}],"version-history":[{"count":0,"href":"https:\/\/candas365.es\/noticias\/wp-json\/wp\/v2\/posts\/136302\/revisions"}],"wp:featuredmedia":[{"embeddable":true,"href":"https:\/\/candas365.es\/noticias\/wp-json\/wp\/v2\/media\/136303"}],"wp:attachment":[{"href":"https:\/\/candas365.es\/noticias\/wp-json\/wp\/v2\/media?parent=136302"}],"wp:term":[{"taxonomy":"category","embeddable":true,"href":"https:\/\/candas365.es\/noticias\/wp-json\/wp\/v2\/categories?post=136302"},{"taxonomy":"post_tag","embeddable":true,"href":"https:\/\/candas365.es\/noticias\/wp-json\/wp\/v2\/tags?post=136302"}],"curies":[{"name":"wp","href":"https:\/\/api.w.org\/{rel}","templated":true}]}}