{"id":136157,"date":"2020-01-11T01:33:57","date_gmt":"2020-01-11T01:33:57","guid":{"rendered":"http:\/\/candas365.es\/noticias\/?p=136157"},"modified":"2020-01-11T01:33:57","modified_gmt":"2020-01-11T01:33:57","slug":"deportista-alemana-llega-al-polo-sur-en-esquies","status":"publish","type":"post","link":"https:\/\/candas365.es\/noticias\/deportista-alemana-llega-al-polo-sur-en-esquies\/","title":{"rendered":"Deportista alemana llega al Polo Sur en esqu\u00edes"},"content":{"rendered":"<p><img decoding=\"async\" class=\"alignleft size-medium wp-image-85066\" src=\"https:\/\/candas365.es\/noticias\/wp-content\/uploads\/2017\/11\/skiing-2087119_960_720-360x123.jpg\" alt=\"\" width=\"360\" height=\"123\" srcset=\"https:\/\/candas365.es\/noticias\/wp-content\/uploads\/2017\/11\/skiing-2087119_960_720-360x123.jpg 360w, https:\/\/candas365.es\/noticias\/wp-content\/uploads\/2017\/11\/skiing-2087119_960_720-768x262.jpg 768w, https:\/\/candas365.es\/noticias\/wp-content\/uploads\/2017\/11\/skiing-2087119_960_720-655x223.jpg 655w, https:\/\/candas365.es\/noticias\/wp-content\/uploads\/2017\/11\/skiing-2087119_960_720-696x237.jpg 696w, https:\/\/candas365.es\/noticias\/wp-content\/uploads\/2017\/11\/skiing-2087119_960_720.jpg 960w\" sizes=\"(max-width: 360px) 100vw, 360px\" \/>Hamburgo, 10 ene (dpa) &#8211; La alpinista alemana Anja Blacha lleg\u00f3 al Polo Sur despu\u00e9s de 1.400 kil\u00f3metros de recorrido sobre esqu\u00edes y s\u00f3lo un trineo en el que llevaba el equipaje.<\/p>\n<p>\u00abLo logr\u00e9. Ahora, en el el Polo Sur\u00bb, anunci\u00f3 hoy la deportista germana a trav\u00e9s de su cuenta de Instagram. Blacha parti\u00f3 el 12 de noviembre de la isla de Berkner hacia el Polo Sur.<\/p>\n<p>En el diario de bit\u00e1coras, con fecha del 9 de enero consta: \u00abD\u00eda 58. Anja llega al Polo Sur despu\u00e9s de su \u00faltimo esfuerzo. Unos 20 km antes de su destino se puede ver por primera vez en el horizonte la estaci\u00f3n del Polo Sur. Hora oficial de llegada: 18:50 CET o 14:50 hora local\u00bb.<\/p>\n<p>La deportista de 29 a\u00f1os, que reside en Suiza, describ\u00eda a diario su haza\u00f1a en Instagram y a trav\u00e9s de un blog de v\u00eddeo y manten\u00eda contacto con su hermana Kirsten en Alemania a trav\u00e9s de un tel\u00e9fono satelital. Todas las ma\u00f1anas ten\u00eda un mensaje de su hermana en el m\u00f3vil.<\/p>\n<p>\u00abY en Navidad hubo una llamada sorpresa de ella a trav\u00e9s de tel\u00e9fono satelital\u00bb, coment\u00f3 la hermana de la alpinista a dpa.<\/p>\n<p>La empresa Intersport, que respalda a la deportista, dijo que se trataba de una expedici\u00f3n sin precedentes dado que Blacha alcanz\u00f3 el Polo Sur desde la costa de la Ant\u00e1rtida en esqu\u00edes y sin ayuda externa.<\/p>\n<p>Anja Blacha ya tiene varios r\u00e9cords de alpinismo. Recientemente, conquist\u00f3 la segunda monta\u00f1a m\u00e1s alta del mundo, el K2, sin ox\u00edgeno embotellado.<\/p>\n","protected":false},"excerpt":{"rendered":"<p>Hamburgo, 10 ene (dpa) &#8211; La alpinista alemana Anja Blacha lleg\u00f3 al Polo Sur despu\u00e9s de 1.400 kil\u00f3metros de recorrido sobre esqu\u00edes y s\u00f3lo un trineo en el que llevaba el equipaje. \u00abLo logr\u00e9. Ahora, en el el Polo Sur\u00bb, anunci\u00f3 hoy la deportista germana a trav\u00e9s de su cuenta de Instagram. Blacha parti\u00f3 el<\/p>\n","protected":false},"author":1,"featured_media":85066,"comment_status":"closed","ping_status":"closed","sticky":false,"template":"","format":"standard","meta":{"footnotes":""},"categories":[319],"tags":[],"class_list":{"0":"post-136157","1":"post","2":"type-post","3":"status-publish","4":"format-standard","5":"has-post-thumbnail","7":"category-deporte"},"aioseo_notices":[],"aioseo_head":"\n\t\t<!-- All in One SEO Pro 4.9.6.2 - aioseo.com -->\n\t<meta name=\"description\" content=\"Hamburgo, 10 ene (dpa) - La alpinista alemana Anja Blacha lleg\u00f3 al Polo Sur despu\u00e9s de 1.400 kil\u00f3metros de recorrido sobre esqu\u00edes y s\u00f3lo un trineo en el que llevaba el equipaje. &quot;Lo logr\u00e9. Ahora, en el el Polo Sur&quot;, anunci\u00f3 hoy la deportista germana a trav\u00e9s de su cuenta de Instagram. Blacha parti\u00f3 el\" \/>\n\t<meta name=\"robots\" content=\"max-image-preview:large\" \/>\n\t<meta name=\"author\" content=\"Cand\u00e1s 365\"\/>\n\t<meta name=\"google-site-verification\" content=\"UA-32230408-1\" \/>\n\t<meta name=\"msvalidate.01\" content=\"354F3CDFB2DA171B47FBE9ABF1F88D5\" \/>\n\t<meta name=\"keywords\" content=\"deporte\" \/>\n\t<link rel=\"canonical\" href=\"https:\/\/candas365.es\/noticias\/deportista-alemana-llega-al-polo-sur-en-esquies\/\" \/>\n\t<meta name=\"generator\" content=\"All in One SEO Pro (AIOSEO) 4.9.6.2\" \/>\n\t\t<meta property=\"og:locale\" content=\"es_ES\" \/>\n\t\t<meta property=\"og:site_name\" content=\"Cand\u00e1s 365\" \/>\n\t\t<meta property=\"og:type\" content=\"article\" \/>\n\t\t<meta property=\"og:title\" content=\"Deportista alemana llega al Polo Sur en esqu\u00edes | Cand\u00e1s 365\" \/>\n\t\t<meta property=\"og:description\" content=\"Hamburgo, 10 ene (dpa) - La alpinista alemana Anja Blacha lleg\u00f3 al Polo Sur despu\u00e9s de 1.400 kil\u00f3metros de recorrido sobre esqu\u00edes y s\u00f3lo un trineo en el que llevaba el equipaje. &quot;Lo logr\u00e9. Ahora, en el el Polo Sur&quot;, anunci\u00f3 hoy la deportista germana a trav\u00e9s de su cuenta de Instagram. Blacha parti\u00f3 el\" \/>\n\t\t<meta property=\"og:url\" content=\"https:\/\/candas365.es\/noticias\/deportista-alemana-llega-al-polo-sur-en-esquies\/\" \/>\n\t\t<meta property=\"og:image\" content=\"https:\/\/candas365.es\/noticias\/wp-content\/uploads\/2017\/11\/skiing-2087119_960_720.jpg\" \/>\n\t\t<meta property=\"og:image:secure_url\" content=\"https:\/\/candas365.es\/noticias\/wp-content\/uploads\/2017\/11\/skiing-2087119_960_720.jpg\" \/>\n\t\t<meta property=\"og:image:width\" content=\"960\" \/>\n\t\t<meta property=\"og:image:height\" content=\"327\" \/>\n\t\t<meta property=\"article:published_time\" content=\"2020-01-11T01:33:57+00:00\" \/>\n\t\t<meta property=\"article:modified_time\" content=\"2020-01-11T01:33:57+00:00\" \/>\n\t\t<meta property=\"article:publisher\" content=\"https:\/\/www.facebook.com\/Nachofdezber\" \/>\n\t\t<meta property=\"article:author\" content=\"https:\/\/www.facebook.com\/carrenoactualidad\" \/>\n\t\t<meta name=\"twitter:card\" content=\"summary_large_image\" \/>\n\t\t<meta name=\"twitter:site\" content=\"@NabercoDigital\" \/>\n\t\t<meta name=\"twitter:title\" content=\"Deportista alemana llega al Polo Sur en esqu\u00edes | Cand\u00e1s 365\" \/>\n\t\t<meta name=\"twitter:description\" content=\"Hamburgo, 10 ene (dpa) - La alpinista alemana Anja Blacha lleg\u00f3 al Polo Sur despu\u00e9s de 1.400 kil\u00f3metros de recorrido sobre esqu\u00edes y s\u00f3lo un trineo en el que llevaba el equipaje. &quot;Lo logr\u00e9. Ahora, en el el Polo Sur&quot;, anunci\u00f3 hoy la deportista germana a trav\u00e9s de su cuenta de Instagram. Blacha parti\u00f3 el\" \/>\n\t\t<meta name=\"twitter:creator\" content=\"@nbasturias\" \/>\n\t\t<meta name=\"twitter:image\" content=\"https:\/\/candas365.es\/noticias\/wp-content\/uploads\/2017\/11\/skiing-2087119_960_720.jpg\" \/>\n\t\t<meta name=\"twitter:label1\" content=\"Escrito por\" \/>\n\t\t<meta name=\"twitter:data1\" content=\"Cand\u00e1s 365\" \/>\n\t\t<meta name=\"twitter:label2\" content=\"Tiempo de lectura estimado\" \/>\n\t\t<meta name=\"twitter:data2\" content=\"1 minuto\" \/>\n\t\t<script type=\"application\/ld+json\" class=\"aioseo-schema\">\n\t\t\t{\"@context\":\"https:\\\/\\\/schema.org\",\"@graph\":[{\"@type\":\"BreadcrumbList\",\"@id\":\"https:\\\/\\\/candas365.es\\\/noticias\\\/deportista-alemana-llega-al-polo-sur-en-esquies\\\/#breadcrumblist\",\"itemListElement\":[{\"@type\":\"ListItem\",\"@id\":\"https:\\\/\\\/candas365.es\\\/noticias#listItem\",\"position\":1,\"name\":\"Home\",\"item\":\"https:\\\/\\\/candas365.es\\\/noticias\",\"nextItem\":{\"@type\":\"ListItem\",\"@id\":\"https:\\\/\\\/candas365.es\\\/noticias\\\/category\\\/deporte\\\/#listItem\",\"name\":\"Deporte\"}},{\"@type\":\"ListItem\",\"@id\":\"https:\\\/\\\/candas365.es\\\/noticias\\\/category\\\/deporte\\\/#listItem\",\"position\":2,\"name\":\"Deporte\",\"item\":\"https:\\\/\\\/candas365.es\\\/noticias\\\/category\\\/deporte\\\/\",\"nextItem\":{\"@type\":\"ListItem\",\"@id\":\"https:\\\/\\\/candas365.es\\\/noticias\\\/deportista-alemana-llega-al-polo-sur-en-esquies\\\/#listItem\",\"name\":\"Deportista alemana llega al Polo Sur en esqu\\u00edes\"},\"previousItem\":{\"@type\":\"ListItem\",\"@id\":\"https:\\\/\\\/candas365.es\\\/noticias#listItem\",\"name\":\"Home\"}},{\"@type\":\"ListItem\",\"@id\":\"https:\\\/\\\/candas365.es\\\/noticias\\\/deportista-alemana-llega-al-polo-sur-en-esquies\\\/#listItem\",\"position\":3,\"name\":\"Deportista alemana llega al Polo Sur en esqu\\u00edes\",\"previousItem\":{\"@type\":\"ListItem\",\"@id\":\"https:\\\/\\\/candas365.es\\\/noticias\\\/category\\\/deporte\\\/#listItem\",\"name\":\"Deporte\"}}]},{\"@type\":\"NewsArticle\",\"@id\":\"https:\\\/\\\/candas365.es\\\/noticias\\\/deportista-alemana-llega-al-polo-sur-en-esquies\\\/#newsarticle\",\"name\":\"Deportista alemana llega al Polo Sur en esqu\\u00edes | Cand\\u00e1s 365\",\"headline\":\"Deportista alemana llega al Polo Sur en esqu\\u00edes\",\"author\":{\"@id\":\"https:\\\/\\\/candas365.es\\\/noticias\\\/author\\\/admin\\\/#author\"},\"publisher\":{\"@id\":\"https:\\\/\\\/candas365.es\\\/noticias\\\/#organization\"},\"image\":{\"@type\":\"ImageObject\",\"url\":\"https:\\\/\\\/candas365.es\\\/noticias\\\/wp-content\\\/uploads\\\/2017\\\/11\\\/skiing-2087119_960_720.jpg\",\"width\":960,\"height\":327},\"datePublished\":\"2020-01-11T01:33:57+01:00\",\"dateModified\":\"2020-01-11T01:33:57+01:00\",\"inLanguage\":\"es-ES\",\"mainEntityOfPage\":{\"@id\":\"https:\\\/\\\/candas365.es\\\/noticias\\\/deportista-alemana-llega-al-polo-sur-en-esquies\\\/#webpage\"},\"isPartOf\":{\"@id\":\"https:\\\/\\\/candas365.es\\\/noticias\\\/deportista-alemana-llega-al-polo-sur-en-esquies\\\/#webpage\"},\"articleSection\":\"Deporte\",\"dateline\":\"Publicado el enero 11, 2020.\"},{\"@type\":\"Organization\",\"@id\":\"https:\\\/\\\/candas365.es\\\/noticias\\\/#organization\",\"name\":\"Cand\\u00e1s 365\",\"description\":\"Cand\\u00e1s 365 es un diario digital independiente, fundado en 2012, con base en Asturias. Informamos con rigor sobre actualidad, sociedad, cultura y ocio, con una mirada local y global.\",\"url\":\"https:\\\/\\\/candas365.es\\\/noticias\\\/\",\"email\":\"info@candas365.es\",\"telephone\":\"+34652131393\",\"foundingDate\":\"2012-06-10\",\"logo\":{\"@type\":\"ImageObject\",\"url\":\"https:\\\/\\\/candas365.es\\\/noticias\\\/wp-content\\\/uploads\\\/2024\\\/09\\\/Candas-365-Redes.jpg\",\"@id\":\"https:\\\/\\\/candas365.es\\\/noticias\\\/deportista-alemana-llega-al-polo-sur-en-esquies\\\/#organizationLogo\",\"width\":1152,\"height\":864,\"caption\":\"Cand\\u00e1s 365 Redes\"},\"image\":{\"@id\":\"https:\\\/\\\/candas365.es\\\/noticias\\\/deportista-alemana-llega-al-polo-sur-en-esquies\\\/#organizationLogo\"},\"sameAs\":[\"https:\\\/\\\/www.facebook.com\\\/Nachofdezber\",\"https:\\\/\\\/x.com\\\/NabercoDigital\",\"https:\\\/\\\/www.instagram.com\\\/nachofdezber\\\/\",\"https:\\\/\\\/www.youtube.com\\\/channel\\\/UCZP-2wLEB9Rv6erhFmqVnvg\"],\"address\":{\"@id\":\"https:\\\/\\\/candas365.es\\\/noticias\\\/#postaladdress\",\"@type\":\"PostalAddress\",\"streetAddress\":\"san antonio 4, san antonio 4\",\"postalCode\":\"33430\",\"addressLocality\":\"Cand\\u00e1s\",\"addressRegion\":\"Asturias\",\"addressCountry\":\"ES\"}},{\"@type\":\"Person\",\"@id\":\"https:\\\/\\\/candas365.es\\\/noticias\\\/author\\\/admin\\\/#author\",\"url\":\"https:\\\/\\\/candas365.es\\\/noticias\\\/author\\\/admin\\\/\",\"name\":\"Cand\\u00e1s 365\",\"image\":{\"@type\":\"ImageObject\",\"@id\":\"https:\\\/\\\/candas365.es\\\/noticias\\\/deportista-alemana-llega-al-polo-sur-en-esquies\\\/#authorImage\",\"url\":\"https:\\\/\\\/secure.gravatar.com\\\/avatar\\\/496a8e03d0c493ede1718b7934145dbdf8d89be1036b0eec9544e1094c9de390?s=96&d=mm&r=g\",\"width\":96,\"height\":96,\"caption\":\"Cand\\u00e1s 365\"},\"sameAs\":[\"https:\\\/\\\/www.facebook.com\\\/carrenoactualidad\",\"https:\\\/\\\/twitter.com\\\/nbasturias\",\"https:\\\/\\\/www.instagram.com\\\/nachofdezber\\\/\",\"https:\\\/\\\/www.youtube.com\\\/channel\\\/UCZP-2wLEB9Rv6erhFmqVnvg\"]},{\"@type\":\"WebPage\",\"@id\":\"https:\\\/\\\/candas365.es\\\/noticias\\\/deportista-alemana-llega-al-polo-sur-en-esquies\\\/#webpage\",\"url\":\"https:\\\/\\\/candas365.es\\\/noticias\\\/deportista-alemana-llega-al-polo-sur-en-esquies\\\/\",\"name\":\"Deportista alemana llega al Polo Sur en esqu\\u00edes | Cand\\u00e1s 365\",\"description\":\"Hamburgo, 10 ene (dpa) - La alpinista alemana Anja Blacha lleg\\u00f3 al Polo Sur despu\\u00e9s de 1.400 kil\\u00f3metros de recorrido sobre esqu\\u00edes y s\\u00f3lo un trineo en el que llevaba el equipaje. \\\"Lo logr\\u00e9. Ahora, en el el Polo Sur\\\", anunci\\u00f3 hoy la deportista germana a trav\\u00e9s de su cuenta de Instagram. Blacha parti\\u00f3 el\",\"inLanguage\":\"es-ES\",\"isPartOf\":{\"@id\":\"https:\\\/\\\/candas365.es\\\/noticias\\\/#website\"},\"breadcrumb\":{\"@id\":\"https:\\\/\\\/candas365.es\\\/noticias\\\/deportista-alemana-llega-al-polo-sur-en-esquies\\\/#breadcrumblist\"},\"author\":{\"@id\":\"https:\\\/\\\/candas365.es\\\/noticias\\\/author\\\/admin\\\/#author\"},\"creator\":{\"@id\":\"https:\\\/\\\/candas365.es\\\/noticias\\\/author\\\/admin\\\/#author\"},\"image\":{\"@type\":\"ImageObject\",\"url\":\"https:\\\/\\\/candas365.es\\\/noticias\\\/wp-content\\\/uploads\\\/2017\\\/11\\\/skiing-2087119_960_720.jpg\",\"@id\":\"https:\\\/\\\/candas365.es\\\/noticias\\\/deportista-alemana-llega-al-polo-sur-en-esquies\\\/#mainImage\",\"width\":960,\"height\":327},\"primaryImageOfPage\":{\"@id\":\"https:\\\/\\\/candas365.es\\\/noticias\\\/deportista-alemana-llega-al-polo-sur-en-esquies\\\/#mainImage\"},\"datePublished\":\"2020-01-11T01:33:57+01:00\",\"dateModified\":\"2020-01-11T01:33:57+01:00\"},{\"@type\":\"WebSite\",\"@id\":\"https:\\\/\\\/candas365.es\\\/noticias\\\/#website\",\"url\":\"https:\\\/\\\/candas365.es\\\/noticias\\\/\",\"name\":\"Cand\\u00e1s 365\",\"alternateName\":\"Cand\\u00e1s 365 Noticias\",\"description\":\"Actualidad desde Carre\\u00f1o para el mundo\",\"inLanguage\":\"es-ES\",\"publisher\":{\"@id\":\"https:\\\/\\\/candas365.es\\\/noticias\\\/#organization\"}}]}\n\t\t<\/script>\n\t\t<!-- All in One SEO Pro -->\r\n\t\t<title>Deportista alemana llega al Polo Sur en esqu\u00edes | Cand\u00e1s 365<\/title>\n\n","aioseo_head_json":{"title":"Deportista alemana llega al Polo Sur en esqu\u00edes | Cand\u00e1s 365","description":"Hamburgo, 10 ene (dpa) - La alpinista alemana Anja Blacha lleg\u00f3 al Polo Sur despu\u00e9s de 1.400 kil\u00f3metros de recorrido sobre esqu\u00edes y s\u00f3lo un trineo en el que llevaba el equipaje. \"Lo logr\u00e9. Ahora, en el el Polo Sur\", anunci\u00f3 hoy la deportista germana a trav\u00e9s de su cuenta de Instagram. Blacha parti\u00f3 el","canonical_url":"https:\/\/candas365.es\/noticias\/deportista-alemana-llega-al-polo-sur-en-esquies\/","robots":"max-image-preview:large","keywords":"deporte","webmasterTools":{"google-site-verification":"UA-32230408-1","msvalidate.01":"354F3CDFB2DA171B47FBE9ABF1F88D5","miscellaneous":""},"schema":{"@context":"https:\/\/schema.org","@graph":[{"@type":"BreadcrumbList","@id":"https:\/\/candas365.es\/noticias\/deportista-alemana-llega-al-polo-sur-en-esquies\/#breadcrumblist","itemListElement":[{"@type":"ListItem","@id":"https:\/\/candas365.es\/noticias#listItem","position":1,"name":"Home","item":"https:\/\/candas365.es\/noticias","nextItem":{"@type":"ListItem","@id":"https:\/\/candas365.es\/noticias\/category\/deporte\/#listItem","name":"Deporte"}},{"@type":"ListItem","@id":"https:\/\/candas365.es\/noticias\/category\/deporte\/#listItem","position":2,"name":"Deporte","item":"https:\/\/candas365.es\/noticias\/category\/deporte\/","nextItem":{"@type":"ListItem","@id":"https:\/\/candas365.es\/noticias\/deportista-alemana-llega-al-polo-sur-en-esquies\/#listItem","name":"Deportista alemana llega al Polo Sur en esqu\u00edes"},"previousItem":{"@type":"ListItem","@id":"https:\/\/candas365.es\/noticias#listItem","name":"Home"}},{"@type":"ListItem","@id":"https:\/\/candas365.es\/noticias\/deportista-alemana-llega-al-polo-sur-en-esquies\/#listItem","position":3,"name":"Deportista alemana llega al Polo Sur en esqu\u00edes","previousItem":{"@type":"ListItem","@id":"https:\/\/candas365.es\/noticias\/category\/deporte\/#listItem","name":"Deporte"}}]},{"@type":"NewsArticle","@id":"https:\/\/candas365.es\/noticias\/deportista-alemana-llega-al-polo-sur-en-esquies\/#newsarticle","name":"Deportista alemana llega al Polo Sur en esqu\u00edes | Cand\u00e1s 365","headline":"Deportista alemana llega al Polo Sur en esqu\u00edes","author":{"@id":"https:\/\/candas365.es\/noticias\/author\/admin\/#author"},"publisher":{"@id":"https:\/\/candas365.es\/noticias\/#organization"},"image":{"@type":"ImageObject","url":"https:\/\/candas365.es\/noticias\/wp-content\/uploads\/2017\/11\/skiing-2087119_960_720.jpg","width":960,"height":327},"datePublished":"2020-01-11T01:33:57+01:00","dateModified":"2020-01-11T01:33:57+01:00","inLanguage":"es-ES","mainEntityOfPage":{"@id":"https:\/\/candas365.es\/noticias\/deportista-alemana-llega-al-polo-sur-en-esquies\/#webpage"},"isPartOf":{"@id":"https:\/\/candas365.es\/noticias\/deportista-alemana-llega-al-polo-sur-en-esquies\/#webpage"},"articleSection":"Deporte","dateline":"Publicado el enero 11, 2020."},{"@type":"Organization","@id":"https:\/\/candas365.es\/noticias\/#organization","name":"Cand\u00e1s 365","description":"Cand\u00e1s 365 es un diario digital independiente, fundado en 2012, con base en Asturias. Informamos con rigor sobre actualidad, sociedad, cultura y ocio, con una mirada local y global.","url":"https:\/\/candas365.es\/noticias\/","email":"info@candas365.es","telephone":"+34652131393","foundingDate":"2012-06-10","logo":{"@type":"ImageObject","url":"https:\/\/candas365.es\/noticias\/wp-content\/uploads\/2024\/09\/Candas-365-Redes.jpg","@id":"https:\/\/candas365.es\/noticias\/deportista-alemana-llega-al-polo-sur-en-esquies\/#organizationLogo","width":1152,"height":864,"caption":"Cand\u00e1s 365 Redes"},"image":{"@id":"https:\/\/candas365.es\/noticias\/deportista-alemana-llega-al-polo-sur-en-esquies\/#organizationLogo"},"sameAs":["https:\/\/www.facebook.com\/Nachofdezber","https:\/\/x.com\/NabercoDigital","https:\/\/www.instagram.com\/nachofdezber\/","https:\/\/www.youtube.com\/channel\/UCZP-2wLEB9Rv6erhFmqVnvg"],"address":{"@id":"https:\/\/candas365.es\/noticias\/#postaladdress","@type":"PostalAddress","streetAddress":"san antonio 4, san antonio 4","postalCode":"33430","addressLocality":"Cand\u00e1s","addressRegion":"Asturias","addressCountry":"ES"}},{"@type":"Person","@id":"https:\/\/candas365.es\/noticias\/author\/admin\/#author","url":"https:\/\/candas365.es\/noticias\/author\/admin\/","name":"Cand\u00e1s 365","image":{"@type":"ImageObject","@id":"https:\/\/candas365.es\/noticias\/deportista-alemana-llega-al-polo-sur-en-esquies\/#authorImage","url":"https:\/\/secure.gravatar.com\/avatar\/496a8e03d0c493ede1718b7934145dbdf8d89be1036b0eec9544e1094c9de390?s=96&d=mm&r=g","width":96,"height":96,"caption":"Cand\u00e1s 365"},"sameAs":["https:\/\/www.facebook.com\/carrenoactualidad","https:\/\/twitter.com\/nbasturias","https:\/\/www.instagram.com\/nachofdezber\/","https:\/\/www.youtube.com\/channel\/UCZP-2wLEB9Rv6erhFmqVnvg"]},{"@type":"WebPage","@id":"https:\/\/candas365.es\/noticias\/deportista-alemana-llega-al-polo-sur-en-esquies\/#webpage","url":"https:\/\/candas365.es\/noticias\/deportista-alemana-llega-al-polo-sur-en-esquies\/","name":"Deportista alemana llega al Polo Sur en esqu\u00edes | Cand\u00e1s 365","description":"Hamburgo, 10 ene (dpa) - La alpinista alemana Anja Blacha lleg\u00f3 al Polo Sur despu\u00e9s de 1.400 kil\u00f3metros de recorrido sobre esqu\u00edes y s\u00f3lo un trineo en el que llevaba el equipaje. \"Lo logr\u00e9. Ahora, en el el Polo Sur\", anunci\u00f3 hoy la deportista germana a trav\u00e9s de su cuenta de Instagram. Blacha parti\u00f3 el","inLanguage":"es-ES","isPartOf":{"@id":"https:\/\/candas365.es\/noticias\/#website"},"breadcrumb":{"@id":"https:\/\/candas365.es\/noticias\/deportista-alemana-llega-al-polo-sur-en-esquies\/#breadcrumblist"},"author":{"@id":"https:\/\/candas365.es\/noticias\/author\/admin\/#author"},"creator":{"@id":"https:\/\/candas365.es\/noticias\/author\/admin\/#author"},"image":{"@type":"ImageObject","url":"https:\/\/candas365.es\/noticias\/wp-content\/uploads\/2017\/11\/skiing-2087119_960_720.jpg","@id":"https:\/\/candas365.es\/noticias\/deportista-alemana-llega-al-polo-sur-en-esquies\/#mainImage","width":960,"height":327},"primaryImageOfPage":{"@id":"https:\/\/candas365.es\/noticias\/deportista-alemana-llega-al-polo-sur-en-esquies\/#mainImage"},"datePublished":"2020-01-11T01:33:57+01:00","dateModified":"2020-01-11T01:33:57+01:00"},{"@type":"WebSite","@id":"https:\/\/candas365.es\/noticias\/#website","url":"https:\/\/candas365.es\/noticias\/","name":"Cand\u00e1s 365","alternateName":"Cand\u00e1s 365 Noticias","description":"Actualidad desde Carre\u00f1o para el mundo","inLanguage":"es-ES","publisher":{"@id":"https:\/\/candas365.es\/noticias\/#organization"}}]},"og:locale":"es_ES","og:site_name":"Cand\u00e1s 365","og:type":"article","og:title":"Deportista alemana llega al Polo Sur en esqu\u00edes | Cand\u00e1s 365","og:description":"Hamburgo, 10 ene (dpa) - La alpinista alemana Anja Blacha lleg\u00f3 al Polo Sur despu\u00e9s de 1.400 kil\u00f3metros de recorrido sobre esqu\u00edes y s\u00f3lo un trineo en el que llevaba el equipaje. &quot;Lo logr\u00e9. Ahora, en el el Polo Sur&quot;, anunci\u00f3 hoy la deportista germana a trav\u00e9s de su cuenta de Instagram. Blacha parti\u00f3 el","og:url":"https:\/\/candas365.es\/noticias\/deportista-alemana-llega-al-polo-sur-en-esquies\/","og:image":"https:\/\/candas365.es\/noticias\/wp-content\/uploads\/2017\/11\/skiing-2087119_960_720.jpg","og:image:secure_url":"https:\/\/candas365.es\/noticias\/wp-content\/uploads\/2017\/11\/skiing-2087119_960_720.jpg","og:image:width":960,"og:image:height":327,"article:published_time":"2020-01-11T01:33:57+00:00","article:modified_time":"2020-01-11T01:33:57+00:00","article:publisher":"https:\/\/www.facebook.com\/Nachofdezber","article:author":"https:\/\/www.facebook.com\/carrenoactualidad","twitter:card":"summary_large_image","twitter:site":"@NabercoDigital","twitter:title":"Deportista alemana llega al Polo Sur en esqu\u00edes | Cand\u00e1s 365","twitter:description":"Hamburgo, 10 ene (dpa) - La alpinista alemana Anja Blacha lleg\u00f3 al Polo Sur despu\u00e9s de 1.400 kil\u00f3metros de recorrido sobre esqu\u00edes y s\u00f3lo un trineo en el que llevaba el equipaje. &quot;Lo logr\u00e9. Ahora, en el el Polo Sur&quot;, anunci\u00f3 hoy la deportista germana a trav\u00e9s de su cuenta de Instagram. Blacha parti\u00f3 el","twitter:creator":"@nbasturias","twitter:image":"https:\/\/candas365.es\/noticias\/wp-content\/uploads\/2017\/11\/skiing-2087119_960_720.jpg","twitter:label1":"Escrito por","twitter:data1":"Cand\u00e1s 365","twitter:label2":"Tiempo de lectura estimado","twitter:data2":"1 minuto"},"aioseo_meta_data":{"post_id":"136157","title":null,"description":null,"keywords":null,"keyphrases":null,"primary_term":null,"canonical_url":null,"og_title":null,"og_description":null,"og_object_type":"default","og_image_type":"default","og_image_url":null,"og_image_width":null,"og_image_height":null,"og_image_custom_url":null,"og_image_custom_fields":null,"og_video":null,"og_custom_url":null,"og_article_section":null,"og_article_tags":null,"twitter_use_og":false,"twitter_card":"default","twitter_image_type":"default","twitter_image_url":null,"twitter_image_custom_url":null,"twitter_image_custom_fields":null,"twitter_title":null,"twitter_description":null,"schema":{"blockGraphs":[],"customGraphs":[],"default":{"data":{"Article":[],"Course":[],"Dataset":[],"FAQPage":[],"Movie":[],"Person":[],"Product":[],"ProductReview":[],"Car":[],"Recipe":[],"Service":[],"SoftwareApplication":[],"WebPage":[]},"graphName":"","isEnabled":true},"graphs":[]},"schema_type":null,"schema_type_options":null,"pillar_content":false,"robots_default":true,"robots_noindex":false,"robots_noarchive":false,"robots_nosnippet":false,"robots_nofollow":false,"robots_noimageindex":false,"robots_noodp":false,"robots_notranslate":false,"robots_max_snippet":null,"robots_max_videopreview":null,"robots_max_imagepreview":"large","priority":null,"frequency":null,"location":null,"local_seo":null,"seo_analyzer_scan_date":"2025-08-30 21:16:37","breadcrumb_settings":null,"limit_modified_date":false,"reviewed_by":null,"open_ai":null,"ai":null,"created":"2020-12-21 10:48:18","updated":"2025-08-30 21:16:37"},"aioseo_breadcrumb":"<div class=\"aioseo-breadcrumbs\"><span class=\"aioseo-breadcrumb\">\n\t<a href=\"https:\/\/candas365.es\/noticias\" title=\"Home\">Home<\/a>\n<\/span><span class=\"aioseo-breadcrumb-separator\">&ndash;<\/span><span class=\"aioseo-breadcrumb\">\n\t<a href=\"https:\/\/candas365.es\/noticias\/category\/deporte\/\" title=\"Deporte\">Deporte<\/a>\n<\/span><span class=\"aioseo-breadcrumb-separator\">&ndash;<\/span><span class=\"aioseo-breadcrumb\">\n\tDeportista alemana llega al Polo Sur en esqu\u00edes\n<\/span><\/div>","aioseo_breadcrumb_json":[{"label":"Home","link":"https:\/\/candas365.es\/noticias"},{"label":"Deporte","link":"https:\/\/candas365.es\/noticias\/category\/deporte\/"},{"label":"Deportista alemana llega al Polo Sur en esqu\u00edes","link":"https:\/\/candas365.es\/noticias\/deportista-alemana-llega-al-polo-sur-en-esquies\/"}],"_links":{"self":[{"href":"https:\/\/candas365.es\/noticias\/wp-json\/wp\/v2\/posts\/136157","targetHints":{"allow":["GET"]}}],"collection":[{"href":"https:\/\/candas365.es\/noticias\/wp-json\/wp\/v2\/posts"}],"about":[{"href":"https:\/\/candas365.es\/noticias\/wp-json\/wp\/v2\/types\/post"}],"author":[{"embeddable":true,"href":"https:\/\/candas365.es\/noticias\/wp-json\/wp\/v2\/users\/1"}],"replies":[{"embeddable":true,"href":"https:\/\/candas365.es\/noticias\/wp-json\/wp\/v2\/comments?post=136157"}],"version-history":[{"count":0,"href":"https:\/\/candas365.es\/noticias\/wp-json\/wp\/v2\/posts\/136157\/revisions"}],"wp:featuredmedia":[{"embeddable":true,"href":"https:\/\/candas365.es\/noticias\/wp-json\/wp\/v2\/media\/85066"}],"wp:attachment":[{"href":"https:\/\/candas365.es\/noticias\/wp-json\/wp\/v2\/media?parent=136157"}],"wp:term":[{"taxonomy":"category","embeddable":true,"href":"https:\/\/candas365.es\/noticias\/wp-json\/wp\/v2\/categories?post=136157"},{"taxonomy":"post_tag","embeddable":true,"href":"https:\/\/candas365.es\/noticias\/wp-json\/wp\/v2\/tags?post=136157"}],"curies":[{"name":"wp","href":"https:\/\/api.w.org\/{rel}","templated":true}]}}