{"id":136154,"date":"2020-01-11T01:31:43","date_gmt":"2020-01-11T01:31:43","guid":{"rendered":"http:\/\/candas365.es\/noticias\/?p=136154"},"modified":"2020-01-11T01:31:43","modified_gmt":"2020-01-11T01:31:43","slug":"salihamidzic-y-kahn-quieren-ganar-la-champions-de-traje","status":"publish","type":"post","link":"https:\/\/candas365.es\/noticias\/salihamidzic-y-kahn-quieren-ganar-la-champions-de-traje\/","title":{"rendered":"Salihamidzic y Kahn quieren ganar la Champions de traje"},"content":{"rendered":"<figure id=\"attachment_136155\" aria-describedby=\"caption-attachment-136155\" style=\"width: 360px\" class=\"wp-caption alignleft\"><img fetchpriority=\"high\" decoding=\"async\" class=\"wp-image-136155 size-medium\" src=\"https:\/\/candas365.es\/noticias\/wp-content\/uploads\/2020\/01\/Salihamidzic-y-Kahn-DPA-360x232.jpg\" alt=\"\" width=\"360\" height=\"232\" srcset=\"https:\/\/candas365.es\/noticias\/wp-content\/uploads\/2020\/01\/Salihamidzic-y-Kahn-DPA-360x232.jpg 360w, https:\/\/candas365.es\/noticias\/wp-content\/uploads\/2020\/01\/Salihamidzic-y-Kahn-DPA-655x422.jpg 655w, https:\/\/candas365.es\/noticias\/wp-content\/uploads\/2020\/01\/Salihamidzic-y-Kahn-DPA-768x495.jpg 768w, https:\/\/candas365.es\/noticias\/wp-content\/uploads\/2020\/01\/Salihamidzic-y-Kahn-DPA-696x448.jpg 696w, https:\/\/candas365.es\/noticias\/wp-content\/uploads\/2020\/01\/Salihamidzic-y-Kahn-DPA-652x420.jpg 652w, https:\/\/candas365.es\/noticias\/wp-content\/uploads\/2020\/01\/Salihamidzic-y-Kahn-DPA.jpg 1037w\" sizes=\"(max-width: 360px) 100vw, 360px\" \/><figcaption id=\"caption-attachment-136155\" class=\"wp-caption-text\">Hasan Salihamidzic (izq.) y Oliver Kahn, en la concentraci\u00f3n del Bayern en Doha. Foto: Peter Kneffel\/dpa\/Archivbild<\/figcaption><\/figure>\n<p>Doha (Qatar), 10 ene (dpa) &#8211; El director deportivo del Bayern M\u00fanich, Hasan Salihamidiz, aspira a cumplir otro sue\u00f1o con su ex compa\u00f1ero de plantel y ahora directivo del club b\u00e1varo, seg\u00fan revel\u00f3 hoy el ex jugador durante la concentraci\u00f3n del equipo en Doha.<\/p>\n<p>\u00abGanamos la Liga de Campeones con la camiseta y, si es posible, queremos ganar la Liga de Campeones juntos ahora de traje\u00bb, dijo Salihamidzic. Kahn asumi\u00f3 un cargo en la junta directiva del Bayern a principios de a\u00f1o.<\/p>\n<p>En 2001, Kahn como portero y Salihamidzic como delantero triunfaron junto con el Bayern en la categor\u00eda reina del f\u00fatbol europeo. Kahn se luci\u00f3 en la victoria final en Mil\u00e1n contra el Valencia al atajar tres intentos de los espa\u00f1oles en la decisiva tanda de penales. Salihamidzic convirti\u00f3 el primer disparo para el Bayern.<\/p>\n<p>Kahn se sum\u00f3 a la concentraci\u00f3n del equipo a mediados de la semana. \u00abHemos tenido algunas charlas\u00bb, inform\u00f3 Salihamidzic. \u00abNos conocemos muy bien y tenemos una buena relaci\u00f3n. Jugamos al f\u00fatbol juntos durante nueve a\u00f1os y celebramos grandes \u00e9xitos. Tambi\u00e9n he notado que Olli ha cambiado. Como jugador era ambicioso, tenaz, siempre quer\u00eda ganar\u00bb.<\/p>\n<p>\u00abEstoy convencido de que armonizaremos, nos comunicaremos y trabajaremos juntos muy bien\u00bb, manifest\u00f3 el director deportivo, que este verano ascender\u00e1 a la c\u00fapula operativa del club. Kahn, de 50 a\u00f1os, reemplazar\u00e1 a Karl-Heinz Rummenigge en la presidencia de la junta directiva a finales de 2021.<\/p>\n","protected":false},"excerpt":{"rendered":"<p>Doha (Qatar), 10 ene (dpa) &#8211; El director deportivo del Bayern M\u00fanich, Hasan Salihamidiz, aspira a cumplir otro sue\u00f1o con su ex compa\u00f1ero de plantel y ahora directivo del club b\u00e1varo, seg\u00fan revel\u00f3 hoy el ex jugador durante la concentraci\u00f3n del equipo en Doha. \u00abGanamos la Liga de Campeones con la camiseta y, si es<\/p>\n","protected":false},"author":1,"featured_media":136155,"comment_status":"closed","ping_status":"closed","sticky":false,"template":"","format":"standard","meta":{"footnotes":""},"categories":[319],"tags":[],"class_list":{"0":"post-136154","1":"post","2":"type-post","3":"status-publish","4":"format-standard","5":"has-post-thumbnail","7":"category-deporte"},"aioseo_notices":[],"aioseo_head":"\n\t\t<!-- All in One SEO Pro 4.9.6.2 - aioseo.com -->\n\t<meta name=\"description\" content=\"Doha (Qatar), 10 ene (dpa) - El director deportivo del Bayern M\u00fanich, Hasan Salihamidiz, aspira a cumplir otro sue\u00f1o con su ex compa\u00f1ero de plantel y ahora directivo del club b\u00e1varo, seg\u00fan revel\u00f3 hoy el ex jugador durante la concentraci\u00f3n del equipo en Doha. &quot;Ganamos la Liga de Campeones con la camiseta y, si es\" \/>\n\t<meta name=\"robots\" content=\"max-image-preview:large\" \/>\n\t<meta name=\"author\" content=\"Cand\u00e1s 365\"\/>\n\t<meta name=\"google-site-verification\" content=\"UA-32230408-1\" \/>\n\t<meta name=\"msvalidate.01\" content=\"354F3CDFB2DA171B47FBE9ABF1F88D5\" \/>\n\t<meta name=\"keywords\" content=\"deporte\" \/>\n\t<link rel=\"canonical\" href=\"https:\/\/candas365.es\/noticias\/salihamidzic-y-kahn-quieren-ganar-la-champions-de-traje\/\" \/>\n\t<meta name=\"generator\" content=\"All in One SEO Pro (AIOSEO) 4.9.6.2\" \/>\n\t\t<meta property=\"og:locale\" content=\"es_ES\" \/>\n\t\t<meta property=\"og:site_name\" content=\"Cand\u00e1s 365\" \/>\n\t\t<meta property=\"og:type\" content=\"article\" \/>\n\t\t<meta property=\"og:title\" content=\"Salihamidzic y Kahn quieren ganar la Champions de traje | Cand\u00e1s 365\" \/>\n\t\t<meta property=\"og:description\" content=\"Doha (Qatar), 10 ene (dpa) - El director deportivo del Bayern M\u00fanich, Hasan Salihamidiz, aspira a cumplir otro sue\u00f1o con su ex compa\u00f1ero de plantel y ahora directivo del club b\u00e1varo, seg\u00fan revel\u00f3 hoy el ex jugador durante la concentraci\u00f3n del equipo en Doha. &quot;Ganamos la Liga de Campeones con la camiseta y, si es\" \/>\n\t\t<meta property=\"og:url\" content=\"https:\/\/candas365.es\/noticias\/salihamidzic-y-kahn-quieren-ganar-la-champions-de-traje\/\" \/>\n\t\t<meta property=\"og:image\" content=\"https:\/\/candas365.es\/noticias\/wp-content\/uploads\/2020\/01\/Salihamidzic-y-Kahn-DPA.jpg\" \/>\n\t\t<meta property=\"og:image:secure_url\" content=\"https:\/\/candas365.es\/noticias\/wp-content\/uploads\/2020\/01\/Salihamidzic-y-Kahn-DPA.jpg\" \/>\n\t\t<meta property=\"og:image:width\" content=\"1037\" \/>\n\t\t<meta property=\"og:image:height\" content=\"668\" \/>\n\t\t<meta property=\"article:published_time\" content=\"2020-01-11T01:31:43+00:00\" \/>\n\t\t<meta property=\"article:modified_time\" content=\"2020-01-11T01:31:43+00:00\" \/>\n\t\t<meta property=\"article:publisher\" content=\"https:\/\/www.facebook.com\/Nachofdezber\" \/>\n\t\t<meta property=\"article:author\" content=\"https:\/\/www.facebook.com\/carrenoactualidad\" \/>\n\t\t<meta name=\"twitter:card\" content=\"summary_large_image\" \/>\n\t\t<meta name=\"twitter:site\" content=\"@NabercoDigital\" \/>\n\t\t<meta name=\"twitter:title\" content=\"Salihamidzic y Kahn quieren ganar la Champions de traje | Cand\u00e1s 365\" \/>\n\t\t<meta name=\"twitter:description\" content=\"Doha (Qatar), 10 ene (dpa) - El director deportivo del Bayern M\u00fanich, Hasan Salihamidiz, aspira a cumplir otro sue\u00f1o con su ex compa\u00f1ero de plantel y ahora directivo del club b\u00e1varo, seg\u00fan revel\u00f3 hoy el ex jugador durante la concentraci\u00f3n del equipo en Doha. &quot;Ganamos la Liga de Campeones con la camiseta y, si es\" \/>\n\t\t<meta name=\"twitter:creator\" content=\"@nbasturias\" \/>\n\t\t<meta name=\"twitter:image\" content=\"https:\/\/candas365.es\/noticias\/wp-content\/uploads\/2020\/01\/Salihamidzic-y-Kahn-DPA.jpg\" \/>\n\t\t<meta name=\"twitter:label1\" content=\"Escrito por\" \/>\n\t\t<meta name=\"twitter:data1\" content=\"Cand\u00e1s 365\" \/>\n\t\t<meta name=\"twitter:label2\" content=\"Tiempo de lectura estimado\" \/>\n\t\t<meta name=\"twitter:data2\" content=\"1 minuto\" \/>\n\t\t<script type=\"application\/ld+json\" class=\"aioseo-schema\">\n\t\t\t{\"@context\":\"https:\\\/\\\/schema.org\",\"@graph\":[{\"@type\":\"BreadcrumbList\",\"@id\":\"https:\\\/\\\/candas365.es\\\/noticias\\\/salihamidzic-y-kahn-quieren-ganar-la-champions-de-traje\\\/#breadcrumblist\",\"itemListElement\":[{\"@type\":\"ListItem\",\"@id\":\"https:\\\/\\\/candas365.es\\\/noticias#listItem\",\"position\":1,\"name\":\"Home\",\"item\":\"https:\\\/\\\/candas365.es\\\/noticias\",\"nextItem\":{\"@type\":\"ListItem\",\"@id\":\"https:\\\/\\\/candas365.es\\\/noticias\\\/category\\\/deporte\\\/#listItem\",\"name\":\"Deporte\"}},{\"@type\":\"ListItem\",\"@id\":\"https:\\\/\\\/candas365.es\\\/noticias\\\/category\\\/deporte\\\/#listItem\",\"position\":2,\"name\":\"Deporte\",\"item\":\"https:\\\/\\\/candas365.es\\\/noticias\\\/category\\\/deporte\\\/\",\"nextItem\":{\"@type\":\"ListItem\",\"@id\":\"https:\\\/\\\/candas365.es\\\/noticias\\\/salihamidzic-y-kahn-quieren-ganar-la-champions-de-traje\\\/#listItem\",\"name\":\"Salihamidzic y Kahn quieren ganar la Champions de traje\"},\"previousItem\":{\"@type\":\"ListItem\",\"@id\":\"https:\\\/\\\/candas365.es\\\/noticias#listItem\",\"name\":\"Home\"}},{\"@type\":\"ListItem\",\"@id\":\"https:\\\/\\\/candas365.es\\\/noticias\\\/salihamidzic-y-kahn-quieren-ganar-la-champions-de-traje\\\/#listItem\",\"position\":3,\"name\":\"Salihamidzic y Kahn quieren ganar la Champions de traje\",\"previousItem\":{\"@type\":\"ListItem\",\"@id\":\"https:\\\/\\\/candas365.es\\\/noticias\\\/category\\\/deporte\\\/#listItem\",\"name\":\"Deporte\"}}]},{\"@type\":\"NewsArticle\",\"@id\":\"https:\\\/\\\/candas365.es\\\/noticias\\\/salihamidzic-y-kahn-quieren-ganar-la-champions-de-traje\\\/#newsarticle\",\"name\":\"Salihamidzic y Kahn quieren ganar la Champions de traje | Cand\\u00e1s 365\",\"headline\":\"Salihamidzic y Kahn quieren ganar la Champions de traje\",\"author\":{\"@id\":\"https:\\\/\\\/candas365.es\\\/noticias\\\/author\\\/admin\\\/#author\"},\"publisher\":{\"@id\":\"https:\\\/\\\/candas365.es\\\/noticias\\\/#organization\"},\"image\":{\"@type\":\"ImageObject\",\"url\":\"https:\\\/\\\/candas365.es\\\/noticias\\\/wp-content\\\/uploads\\\/2020\\\/01\\\/Salihamidzic-y-Kahn-DPA.jpg\",\"width\":1037,\"height\":668},\"datePublished\":\"2020-01-11T01:31:43+01:00\",\"dateModified\":\"2020-01-11T01:31:43+01:00\",\"inLanguage\":\"es-ES\",\"mainEntityOfPage\":{\"@id\":\"https:\\\/\\\/candas365.es\\\/noticias\\\/salihamidzic-y-kahn-quieren-ganar-la-champions-de-traje\\\/#webpage\"},\"isPartOf\":{\"@id\":\"https:\\\/\\\/candas365.es\\\/noticias\\\/salihamidzic-y-kahn-quieren-ganar-la-champions-de-traje\\\/#webpage\"},\"articleSection\":\"Deporte\",\"dateline\":\"Publicado el enero 11, 2020.\"},{\"@type\":\"Organization\",\"@id\":\"https:\\\/\\\/candas365.es\\\/noticias\\\/#organization\",\"name\":\"Cand\\u00e1s 365\",\"description\":\"Cand\\u00e1s 365 es un diario digital independiente, fundado en 2012, con base en Asturias. Informamos con rigor sobre actualidad, sociedad, cultura y ocio, con una mirada local y global.\",\"url\":\"https:\\\/\\\/candas365.es\\\/noticias\\\/\",\"email\":\"info@candas365.es\",\"telephone\":\"+34652131393\",\"foundingDate\":\"2012-06-10\",\"logo\":{\"@type\":\"ImageObject\",\"url\":\"https:\\\/\\\/candas365.es\\\/noticias\\\/wp-content\\\/uploads\\\/2024\\\/09\\\/Candas-365-Redes.jpg\",\"@id\":\"https:\\\/\\\/candas365.es\\\/noticias\\\/salihamidzic-y-kahn-quieren-ganar-la-champions-de-traje\\\/#organizationLogo\",\"width\":1152,\"height\":864,\"caption\":\"Cand\\u00e1s 365 Redes\"},\"image\":{\"@id\":\"https:\\\/\\\/candas365.es\\\/noticias\\\/salihamidzic-y-kahn-quieren-ganar-la-champions-de-traje\\\/#organizationLogo\"},\"sameAs\":[\"https:\\\/\\\/www.facebook.com\\\/Nachofdezber\",\"https:\\\/\\\/x.com\\\/NabercoDigital\",\"https:\\\/\\\/www.instagram.com\\\/nachofdezber\\\/\",\"https:\\\/\\\/www.youtube.com\\\/channel\\\/UCZP-2wLEB9Rv6erhFmqVnvg\"],\"address\":{\"@id\":\"https:\\\/\\\/candas365.es\\\/noticias\\\/#postaladdress\",\"@type\":\"PostalAddress\",\"streetAddress\":\"san antonio 4, san antonio 4\",\"postalCode\":\"33430\",\"addressLocality\":\"Cand\\u00e1s\",\"addressRegion\":\"Asturias\",\"addressCountry\":\"ES\"}},{\"@type\":\"Person\",\"@id\":\"https:\\\/\\\/candas365.es\\\/noticias\\\/author\\\/admin\\\/#author\",\"url\":\"https:\\\/\\\/candas365.es\\\/noticias\\\/author\\\/admin\\\/\",\"name\":\"Cand\\u00e1s 365\",\"image\":{\"@type\":\"ImageObject\",\"@id\":\"https:\\\/\\\/candas365.es\\\/noticias\\\/salihamidzic-y-kahn-quieren-ganar-la-champions-de-traje\\\/#authorImage\",\"url\":\"https:\\\/\\\/secure.gravatar.com\\\/avatar\\\/496a8e03d0c493ede1718b7934145dbdf8d89be1036b0eec9544e1094c9de390?s=96&d=mm&r=g\",\"width\":96,\"height\":96,\"caption\":\"Cand\\u00e1s 365\"},\"sameAs\":[\"https:\\\/\\\/www.facebook.com\\\/carrenoactualidad\",\"https:\\\/\\\/twitter.com\\\/nbasturias\",\"https:\\\/\\\/www.instagram.com\\\/nachofdezber\\\/\",\"https:\\\/\\\/www.youtube.com\\\/channel\\\/UCZP-2wLEB9Rv6erhFmqVnvg\"]},{\"@type\":\"WebPage\",\"@id\":\"https:\\\/\\\/candas365.es\\\/noticias\\\/salihamidzic-y-kahn-quieren-ganar-la-champions-de-traje\\\/#webpage\",\"url\":\"https:\\\/\\\/candas365.es\\\/noticias\\\/salihamidzic-y-kahn-quieren-ganar-la-champions-de-traje\\\/\",\"name\":\"Salihamidzic y Kahn quieren ganar la Champions de traje | Cand\\u00e1s 365\",\"description\":\"Doha (Qatar), 10 ene (dpa) - El director deportivo del Bayern M\\u00fanich, Hasan Salihamidiz, aspira a cumplir otro sue\\u00f1o con su ex compa\\u00f1ero de plantel y ahora directivo del club b\\u00e1varo, seg\\u00fan revel\\u00f3 hoy el ex jugador durante la concentraci\\u00f3n del equipo en Doha. \\\"Ganamos la Liga de Campeones con la camiseta y, si es\",\"inLanguage\":\"es-ES\",\"isPartOf\":{\"@id\":\"https:\\\/\\\/candas365.es\\\/noticias\\\/#website\"},\"breadcrumb\":{\"@id\":\"https:\\\/\\\/candas365.es\\\/noticias\\\/salihamidzic-y-kahn-quieren-ganar-la-champions-de-traje\\\/#breadcrumblist\"},\"author\":{\"@id\":\"https:\\\/\\\/candas365.es\\\/noticias\\\/author\\\/admin\\\/#author\"},\"creator\":{\"@id\":\"https:\\\/\\\/candas365.es\\\/noticias\\\/author\\\/admin\\\/#author\"},\"image\":{\"@type\":\"ImageObject\",\"url\":\"https:\\\/\\\/candas365.es\\\/noticias\\\/wp-content\\\/uploads\\\/2020\\\/01\\\/Salihamidzic-y-Kahn-DPA.jpg\",\"@id\":\"https:\\\/\\\/candas365.es\\\/noticias\\\/salihamidzic-y-kahn-quieren-ganar-la-champions-de-traje\\\/#mainImage\",\"width\":1037,\"height\":668},\"primaryImageOfPage\":{\"@id\":\"https:\\\/\\\/candas365.es\\\/noticias\\\/salihamidzic-y-kahn-quieren-ganar-la-champions-de-traje\\\/#mainImage\"},\"datePublished\":\"2020-01-11T01:31:43+01:00\",\"dateModified\":\"2020-01-11T01:31:43+01:00\"},{\"@type\":\"WebSite\",\"@id\":\"https:\\\/\\\/candas365.es\\\/noticias\\\/#website\",\"url\":\"https:\\\/\\\/candas365.es\\\/noticias\\\/\",\"name\":\"Cand\\u00e1s 365\",\"alternateName\":\"Cand\\u00e1s 365 Noticias\",\"description\":\"Actualidad desde Carre\\u00f1o para el mundo\",\"inLanguage\":\"es-ES\",\"publisher\":{\"@id\":\"https:\\\/\\\/candas365.es\\\/noticias\\\/#organization\"}}]}\n\t\t<\/script>\n\t\t<!-- All in One SEO Pro -->\r\n\t\t<title>Salihamidzic y Kahn quieren ganar la Champions de traje | Cand\u00e1s 365<\/title>\n\n","aioseo_head_json":{"title":"Salihamidzic y Kahn quieren ganar la Champions de traje | Cand\u00e1s 365","description":"Doha (Qatar), 10 ene (dpa) - El director deportivo del Bayern M\u00fanich, Hasan Salihamidiz, aspira a cumplir otro sue\u00f1o con su ex compa\u00f1ero de plantel y ahora directivo del club b\u00e1varo, seg\u00fan revel\u00f3 hoy el ex jugador durante la concentraci\u00f3n del equipo en Doha. \"Ganamos la Liga de Campeones con la camiseta y, si es","canonical_url":"https:\/\/candas365.es\/noticias\/salihamidzic-y-kahn-quieren-ganar-la-champions-de-traje\/","robots":"max-image-preview:large","keywords":"deporte","webmasterTools":{"google-site-verification":"UA-32230408-1","msvalidate.01":"354F3CDFB2DA171B47FBE9ABF1F88D5","miscellaneous":""},"schema":{"@context":"https:\/\/schema.org","@graph":[{"@type":"BreadcrumbList","@id":"https:\/\/candas365.es\/noticias\/salihamidzic-y-kahn-quieren-ganar-la-champions-de-traje\/#breadcrumblist","itemListElement":[{"@type":"ListItem","@id":"https:\/\/candas365.es\/noticias#listItem","position":1,"name":"Home","item":"https:\/\/candas365.es\/noticias","nextItem":{"@type":"ListItem","@id":"https:\/\/candas365.es\/noticias\/category\/deporte\/#listItem","name":"Deporte"}},{"@type":"ListItem","@id":"https:\/\/candas365.es\/noticias\/category\/deporte\/#listItem","position":2,"name":"Deporte","item":"https:\/\/candas365.es\/noticias\/category\/deporte\/","nextItem":{"@type":"ListItem","@id":"https:\/\/candas365.es\/noticias\/salihamidzic-y-kahn-quieren-ganar-la-champions-de-traje\/#listItem","name":"Salihamidzic y Kahn quieren ganar la Champions de traje"},"previousItem":{"@type":"ListItem","@id":"https:\/\/candas365.es\/noticias#listItem","name":"Home"}},{"@type":"ListItem","@id":"https:\/\/candas365.es\/noticias\/salihamidzic-y-kahn-quieren-ganar-la-champions-de-traje\/#listItem","position":3,"name":"Salihamidzic y Kahn quieren ganar la Champions de traje","previousItem":{"@type":"ListItem","@id":"https:\/\/candas365.es\/noticias\/category\/deporte\/#listItem","name":"Deporte"}}]},{"@type":"NewsArticle","@id":"https:\/\/candas365.es\/noticias\/salihamidzic-y-kahn-quieren-ganar-la-champions-de-traje\/#newsarticle","name":"Salihamidzic y Kahn quieren ganar la Champions de traje | Cand\u00e1s 365","headline":"Salihamidzic y Kahn quieren ganar la Champions de traje","author":{"@id":"https:\/\/candas365.es\/noticias\/author\/admin\/#author"},"publisher":{"@id":"https:\/\/candas365.es\/noticias\/#organization"},"image":{"@type":"ImageObject","url":"https:\/\/candas365.es\/noticias\/wp-content\/uploads\/2020\/01\/Salihamidzic-y-Kahn-DPA.jpg","width":1037,"height":668},"datePublished":"2020-01-11T01:31:43+01:00","dateModified":"2020-01-11T01:31:43+01:00","inLanguage":"es-ES","mainEntityOfPage":{"@id":"https:\/\/candas365.es\/noticias\/salihamidzic-y-kahn-quieren-ganar-la-champions-de-traje\/#webpage"},"isPartOf":{"@id":"https:\/\/candas365.es\/noticias\/salihamidzic-y-kahn-quieren-ganar-la-champions-de-traje\/#webpage"},"articleSection":"Deporte","dateline":"Publicado el enero 11, 2020."},{"@type":"Organization","@id":"https:\/\/candas365.es\/noticias\/#organization","name":"Cand\u00e1s 365","description":"Cand\u00e1s 365 es un diario digital independiente, fundado en 2012, con base en Asturias. Informamos con rigor sobre actualidad, sociedad, cultura y ocio, con una mirada local y global.","url":"https:\/\/candas365.es\/noticias\/","email":"info@candas365.es","telephone":"+34652131393","foundingDate":"2012-06-10","logo":{"@type":"ImageObject","url":"https:\/\/candas365.es\/noticias\/wp-content\/uploads\/2024\/09\/Candas-365-Redes.jpg","@id":"https:\/\/candas365.es\/noticias\/salihamidzic-y-kahn-quieren-ganar-la-champions-de-traje\/#organizationLogo","width":1152,"height":864,"caption":"Cand\u00e1s 365 Redes"},"image":{"@id":"https:\/\/candas365.es\/noticias\/salihamidzic-y-kahn-quieren-ganar-la-champions-de-traje\/#organizationLogo"},"sameAs":["https:\/\/www.facebook.com\/Nachofdezber","https:\/\/x.com\/NabercoDigital","https:\/\/www.instagram.com\/nachofdezber\/","https:\/\/www.youtube.com\/channel\/UCZP-2wLEB9Rv6erhFmqVnvg"],"address":{"@id":"https:\/\/candas365.es\/noticias\/#postaladdress","@type":"PostalAddress","streetAddress":"san antonio 4, san antonio 4","postalCode":"33430","addressLocality":"Cand\u00e1s","addressRegion":"Asturias","addressCountry":"ES"}},{"@type":"Person","@id":"https:\/\/candas365.es\/noticias\/author\/admin\/#author","url":"https:\/\/candas365.es\/noticias\/author\/admin\/","name":"Cand\u00e1s 365","image":{"@type":"ImageObject","@id":"https:\/\/candas365.es\/noticias\/salihamidzic-y-kahn-quieren-ganar-la-champions-de-traje\/#authorImage","url":"https:\/\/secure.gravatar.com\/avatar\/496a8e03d0c493ede1718b7934145dbdf8d89be1036b0eec9544e1094c9de390?s=96&d=mm&r=g","width":96,"height":96,"caption":"Cand\u00e1s 365"},"sameAs":["https:\/\/www.facebook.com\/carrenoactualidad","https:\/\/twitter.com\/nbasturias","https:\/\/www.instagram.com\/nachofdezber\/","https:\/\/www.youtube.com\/channel\/UCZP-2wLEB9Rv6erhFmqVnvg"]},{"@type":"WebPage","@id":"https:\/\/candas365.es\/noticias\/salihamidzic-y-kahn-quieren-ganar-la-champions-de-traje\/#webpage","url":"https:\/\/candas365.es\/noticias\/salihamidzic-y-kahn-quieren-ganar-la-champions-de-traje\/","name":"Salihamidzic y Kahn quieren ganar la Champions de traje | Cand\u00e1s 365","description":"Doha (Qatar), 10 ene (dpa) - El director deportivo del Bayern M\u00fanich, Hasan Salihamidiz, aspira a cumplir otro sue\u00f1o con su ex compa\u00f1ero de plantel y ahora directivo del club b\u00e1varo, seg\u00fan revel\u00f3 hoy el ex jugador durante la concentraci\u00f3n del equipo en Doha. \"Ganamos la Liga de Campeones con la camiseta y, si es","inLanguage":"es-ES","isPartOf":{"@id":"https:\/\/candas365.es\/noticias\/#website"},"breadcrumb":{"@id":"https:\/\/candas365.es\/noticias\/salihamidzic-y-kahn-quieren-ganar-la-champions-de-traje\/#breadcrumblist"},"author":{"@id":"https:\/\/candas365.es\/noticias\/author\/admin\/#author"},"creator":{"@id":"https:\/\/candas365.es\/noticias\/author\/admin\/#author"},"image":{"@type":"ImageObject","url":"https:\/\/candas365.es\/noticias\/wp-content\/uploads\/2020\/01\/Salihamidzic-y-Kahn-DPA.jpg","@id":"https:\/\/candas365.es\/noticias\/salihamidzic-y-kahn-quieren-ganar-la-champions-de-traje\/#mainImage","width":1037,"height":668},"primaryImageOfPage":{"@id":"https:\/\/candas365.es\/noticias\/salihamidzic-y-kahn-quieren-ganar-la-champions-de-traje\/#mainImage"},"datePublished":"2020-01-11T01:31:43+01:00","dateModified":"2020-01-11T01:31:43+01:00"},{"@type":"WebSite","@id":"https:\/\/candas365.es\/noticias\/#website","url":"https:\/\/candas365.es\/noticias\/","name":"Cand\u00e1s 365","alternateName":"Cand\u00e1s 365 Noticias","description":"Actualidad desde Carre\u00f1o para el mundo","inLanguage":"es-ES","publisher":{"@id":"https:\/\/candas365.es\/noticias\/#organization"}}]},"og:locale":"es_ES","og:site_name":"Cand\u00e1s 365","og:type":"article","og:title":"Salihamidzic y Kahn quieren ganar la Champions de traje | Cand\u00e1s 365","og:description":"Doha (Qatar), 10 ene (dpa) - El director deportivo del Bayern M\u00fanich, Hasan Salihamidiz, aspira a cumplir otro sue\u00f1o con su ex compa\u00f1ero de plantel y ahora directivo del club b\u00e1varo, seg\u00fan revel\u00f3 hoy el ex jugador durante la concentraci\u00f3n del equipo en Doha. &quot;Ganamos la Liga de Campeones con la camiseta y, si es","og:url":"https:\/\/candas365.es\/noticias\/salihamidzic-y-kahn-quieren-ganar-la-champions-de-traje\/","og:image":"https:\/\/candas365.es\/noticias\/wp-content\/uploads\/2020\/01\/Salihamidzic-y-Kahn-DPA.jpg","og:image:secure_url":"https:\/\/candas365.es\/noticias\/wp-content\/uploads\/2020\/01\/Salihamidzic-y-Kahn-DPA.jpg","og:image:width":1037,"og:image:height":668,"article:published_time":"2020-01-11T01:31:43+00:00","article:modified_time":"2020-01-11T01:31:43+00:00","article:publisher":"https:\/\/www.facebook.com\/Nachofdezber","article:author":"https:\/\/www.facebook.com\/carrenoactualidad","twitter:card":"summary_large_image","twitter:site":"@NabercoDigital","twitter:title":"Salihamidzic y Kahn quieren ganar la Champions de traje | Cand\u00e1s 365","twitter:description":"Doha (Qatar), 10 ene (dpa) - El director deportivo del Bayern M\u00fanich, Hasan Salihamidiz, aspira a cumplir otro sue\u00f1o con su ex compa\u00f1ero de plantel y ahora directivo del club b\u00e1varo, seg\u00fan revel\u00f3 hoy el ex jugador durante la concentraci\u00f3n del equipo en Doha. &quot;Ganamos la Liga de Campeones con la camiseta y, si es","twitter:creator":"@nbasturias","twitter:image":"https:\/\/candas365.es\/noticias\/wp-content\/uploads\/2020\/01\/Salihamidzic-y-Kahn-DPA.jpg","twitter:label1":"Escrito por","twitter:data1":"Cand\u00e1s 365","twitter:label2":"Tiempo de lectura estimado","twitter:data2":"1 minuto"},"aioseo_meta_data":{"post_id":"136154","title":null,"description":null,"keywords":null,"keyphrases":null,"primary_term":null,"canonical_url":null,"og_title":null,"og_description":null,"og_object_type":"default","og_image_type":"default","og_image_url":null,"og_image_width":null,"og_image_height":null,"og_image_custom_url":null,"og_image_custom_fields":null,"og_video":null,"og_custom_url":null,"og_article_section":null,"og_article_tags":null,"twitter_use_og":false,"twitter_card":"default","twitter_image_type":"default","twitter_image_url":null,"twitter_image_custom_url":null,"twitter_image_custom_fields":null,"twitter_title":null,"twitter_description":null,"schema":{"blockGraphs":[],"customGraphs":[],"default":{"data":{"Article":[],"Course":[],"Dataset":[],"FAQPage":[],"Movie":[],"Person":[],"Product":[],"ProductReview":[],"Car":[],"Recipe":[],"Service":[],"SoftwareApplication":[],"WebPage":[]},"graphName":"","isEnabled":true},"graphs":[]},"schema_type":null,"schema_type_options":null,"pillar_content":false,"robots_default":true,"robots_noindex":false,"robots_noarchive":false,"robots_nosnippet":false,"robots_nofollow":false,"robots_noimageindex":false,"robots_noodp":false,"robots_notranslate":false,"robots_max_snippet":null,"robots_max_videopreview":null,"robots_max_imagepreview":"large","priority":null,"frequency":null,"location":null,"local_seo":null,"seo_analyzer_scan_date":"2025-08-30 21:16:15","breadcrumb_settings":null,"limit_modified_date":false,"reviewed_by":null,"open_ai":null,"ai":null,"created":"2020-12-21 10:48:18","updated":"2025-08-30 21:16:15"},"aioseo_breadcrumb":"<div class=\"aioseo-breadcrumbs\"><span class=\"aioseo-breadcrumb\">\n\t<a href=\"https:\/\/candas365.es\/noticias\" title=\"Home\">Home<\/a>\n<\/span><span class=\"aioseo-breadcrumb-separator\">&ndash;<\/span><span class=\"aioseo-breadcrumb\">\n\t<a href=\"https:\/\/candas365.es\/noticias\/category\/deporte\/\" title=\"Deporte\">Deporte<\/a>\n<\/span><span class=\"aioseo-breadcrumb-separator\">&ndash;<\/span><span class=\"aioseo-breadcrumb\">\n\tSalihamidzic y Kahn quieren ganar la Champions de traje\n<\/span><\/div>","aioseo_breadcrumb_json":[{"label":"Home","link":"https:\/\/candas365.es\/noticias"},{"label":"Deporte","link":"https:\/\/candas365.es\/noticias\/category\/deporte\/"},{"label":"Salihamidzic y Kahn quieren ganar la Champions de traje","link":"https:\/\/candas365.es\/noticias\/salihamidzic-y-kahn-quieren-ganar-la-champions-de-traje\/"}],"_links":{"self":[{"href":"https:\/\/candas365.es\/noticias\/wp-json\/wp\/v2\/posts\/136154","targetHints":{"allow":["GET"]}}],"collection":[{"href":"https:\/\/candas365.es\/noticias\/wp-json\/wp\/v2\/posts"}],"about":[{"href":"https:\/\/candas365.es\/noticias\/wp-json\/wp\/v2\/types\/post"}],"author":[{"embeddable":true,"href":"https:\/\/candas365.es\/noticias\/wp-json\/wp\/v2\/users\/1"}],"replies":[{"embeddable":true,"href":"https:\/\/candas365.es\/noticias\/wp-json\/wp\/v2\/comments?post=136154"}],"version-history":[{"count":0,"href":"https:\/\/candas365.es\/noticias\/wp-json\/wp\/v2\/posts\/136154\/revisions"}],"wp:featuredmedia":[{"embeddable":true,"href":"https:\/\/candas365.es\/noticias\/wp-json\/wp\/v2\/media\/136155"}],"wp:attachment":[{"href":"https:\/\/candas365.es\/noticias\/wp-json\/wp\/v2\/media?parent=136154"}],"wp:term":[{"taxonomy":"category","embeddable":true,"href":"https:\/\/candas365.es\/noticias\/wp-json\/wp\/v2\/categories?post=136154"},{"taxonomy":"post_tag","embeddable":true,"href":"https:\/\/candas365.es\/noticias\/wp-json\/wp\/v2\/tags?post=136154"}],"curies":[{"name":"wp","href":"https:\/\/api.w.org\/{rel}","templated":true}]}}