{"id":136068,"date":"2020-01-09T20:04:12","date_gmt":"2020-01-09T20:04:12","guid":{"rendered":"http:\/\/candas365.es\/noticias\/?p=136068"},"modified":"2020-01-09T20:04:12","modified_gmt":"2020-01-09T20:04:12","slug":"el-capitan-del-gladbach-ve-al-bayern-como-gran-favorito-en-la-bundesliga","status":"publish","type":"post","link":"https:\/\/candas365.es\/noticias\/el-capitan-del-gladbach-ve-al-bayern-como-gran-favorito-en-la-bundesliga\/","title":{"rendered":"El capit\u00e1n del Gladbach ve al Bayern como gran favorito en la Bundesliga"},"content":{"rendered":"<p><img fetchpriority=\"high\" decoding=\"async\" class=\"alignleft size-medium wp-image-98026\" src=\"https:\/\/candas365.es\/noticias\/wp-content\/uploads\/2018\/06\/football-1406106_960_720-1-360x241.jpg\" alt=\"\" width=\"360\" height=\"241\" srcset=\"https:\/\/candas365.es\/noticias\/wp-content\/uploads\/2018\/06\/football-1406106_960_720-1-360x241.jpg 360w, https:\/\/candas365.es\/noticias\/wp-content\/uploads\/2018\/06\/football-1406106_960_720-1-768x514.jpg 768w, https:\/\/candas365.es\/noticias\/wp-content\/uploads\/2018\/06\/football-1406106_960_720-1-655x439.jpg 655w, https:\/\/candas365.es\/noticias\/wp-content\/uploads\/2018\/06\/football-1406106_960_720-1-696x466.jpg 696w, https:\/\/candas365.es\/noticias\/wp-content\/uploads\/2018\/06\/football-1406106_960_720-1-627x420.jpg 627w, https:\/\/candas365.es\/noticias\/wp-content\/uploads\/2018\/06\/football-1406106_960_720-1.jpg 960w\" sizes=\"(max-width: 360px) 100vw, 360px\" \/>Jerez de la Frontera (Espa\u00f1a), 9 ene (dpa) &#8211; Para Lars Stindl, capit\u00e1n del club alem\u00e1n Borussia M\u00f6nchengladbach, el Bayern M\u00fanich sigue siendo el m\u00e1ximo favorito para conquistar el campeonato de la Liga germana de f\u00fatbol, seg\u00fan dijo hoy en entrevista con dpa.<\/p>\n<p>\u00abIncluso despu\u00e9s de esta ronda de ida, que no fue f\u00e1cil con el cambio de entrenador\u00bb, a\u00f1adi\u00f3 el delantero y ex internacional de Alemania en alusi\u00f3n al retiro de Nico Kovac al frente del equipo b\u00e1varo, que fue reemplazado por su asistente y actual t\u00e9cnico del Bayern, Hansi Flick.<\/p>\n<p>Al margen del Leipzig, campe\u00f3n invernal de la Bundesliga, Stindl tambi\u00e9n ve buenas oportunidades para su propio club.<\/p>\n<p>El Gladbach est\u00e1 segundo, a dos puntos del Leipzig y dos unidades por delante del campe\u00f3n vigente, el Bayern. La segunda mitad de la campa\u00f1a arranca el viernes 17 de enero.<\/p>\n<p>\u00abEstamos felices de ser parte de esto. Pero somos ambiciosos e intentaremos darlo todo en la ronda de vuelta\u00bb, coment\u00f3 el atacante, de 31 a\u00f1os, en la concentraci\u00f3n del Glabach en Jerez de la Frontera.<\/p>\n","protected":false},"excerpt":{"rendered":"<p>Jerez de la Frontera (Espa\u00f1a), 9 ene (dpa) &#8211; Para Lars Stindl, capit\u00e1n del club alem\u00e1n Borussia M\u00f6nchengladbach, el Bayern M\u00fanich sigue siendo el m\u00e1ximo favorito para conquistar el campeonato de la Liga germana de f\u00fatbol, seg\u00fan dijo hoy en entrevista con dpa. \u00abIncluso despu\u00e9s de esta ronda de ida, que no fue f\u00e1cil con<\/p>\n","protected":false},"author":1,"featured_media":98026,"comment_status":"closed","ping_status":"closed","sticky":false,"template":"","format":"standard","meta":{"footnotes":""},"categories":[319],"tags":[],"class_list":{"0":"post-136068","1":"post","2":"type-post","3":"status-publish","4":"format-standard","5":"has-post-thumbnail","7":"category-deporte"},"aioseo_notices":[],"aioseo_head":"\n\t\t<!-- All in One SEO Pro 4.9.6.2 - aioseo.com -->\n\t<meta name=\"description\" content=\"Jerez de la Frontera (Espa\u00f1a), 9 ene (dpa) - Para Lars Stindl, capit\u00e1n del club alem\u00e1n Borussia M\u00f6nchengladbach, el Bayern M\u00fanich sigue siendo el m\u00e1ximo favorito para conquistar el campeonato de la Liga germana de f\u00fatbol, seg\u00fan dijo hoy en entrevista con dpa. &quot;Incluso despu\u00e9s de esta ronda de ida, que no fue f\u00e1cil con\" \/>\n\t<meta name=\"robots\" content=\"max-image-preview:large\" \/>\n\t<meta name=\"author\" content=\"Cand\u00e1s 365\"\/>\n\t<meta name=\"google-site-verification\" content=\"UA-32230408-1\" \/>\n\t<meta name=\"msvalidate.01\" content=\"354F3CDFB2DA171B47FBE9ABF1F88D5\" \/>\n\t<meta name=\"keywords\" content=\"deporte\" \/>\n\t<link rel=\"canonical\" href=\"https:\/\/candas365.es\/noticias\/el-capitan-del-gladbach-ve-al-bayern-como-gran-favorito-en-la-bundesliga\/\" \/>\n\t<meta name=\"generator\" content=\"All in One SEO Pro (AIOSEO) 4.9.6.2\" \/>\n\t\t<meta property=\"og:locale\" content=\"es_ES\" \/>\n\t\t<meta property=\"og:site_name\" content=\"Cand\u00e1s 365\" \/>\n\t\t<meta property=\"og:type\" content=\"article\" \/>\n\t\t<meta property=\"og:title\" content=\"El capit\u00e1n del Gladbach ve al Bayern como gran favorito en la Bundesliga | Cand\u00e1s 365\" \/>\n\t\t<meta property=\"og:description\" content=\"Jerez de la Frontera (Espa\u00f1a), 9 ene (dpa) - Para Lars Stindl, capit\u00e1n del club alem\u00e1n Borussia M\u00f6nchengladbach, el Bayern M\u00fanich sigue siendo el m\u00e1ximo favorito para conquistar el campeonato de la Liga germana de f\u00fatbol, seg\u00fan dijo hoy en entrevista con dpa. &quot;Incluso despu\u00e9s de esta ronda de ida, que no fue f\u00e1cil con\" \/>\n\t\t<meta property=\"og:url\" content=\"https:\/\/candas365.es\/noticias\/el-capitan-del-gladbach-ve-al-bayern-como-gran-favorito-en-la-bundesliga\/\" \/>\n\t\t<meta property=\"og:image\" content=\"https:\/\/candas365.es\/noticias\/wp-content\/uploads\/2018\/06\/football-1406106_960_720-1.jpg\" \/>\n\t\t<meta property=\"og:image:secure_url\" content=\"https:\/\/candas365.es\/noticias\/wp-content\/uploads\/2018\/06\/football-1406106_960_720-1.jpg\" \/>\n\t\t<meta property=\"og:image:width\" content=\"960\" \/>\n\t\t<meta property=\"og:image:height\" content=\"643\" \/>\n\t\t<meta property=\"article:published_time\" content=\"2020-01-09T20:04:12+00:00\" \/>\n\t\t<meta property=\"article:modified_time\" content=\"2020-01-09T20:04:12+00:00\" \/>\n\t\t<meta property=\"article:publisher\" content=\"https:\/\/www.facebook.com\/Nachofdezber\" \/>\n\t\t<meta property=\"article:author\" content=\"https:\/\/www.facebook.com\/carrenoactualidad\" \/>\n\t\t<meta name=\"twitter:card\" content=\"summary_large_image\" \/>\n\t\t<meta name=\"twitter:site\" content=\"@NabercoDigital\" \/>\n\t\t<meta name=\"twitter:title\" content=\"El capit\u00e1n del Gladbach ve al Bayern como gran favorito en la Bundesliga | Cand\u00e1s 365\" \/>\n\t\t<meta name=\"twitter:description\" content=\"Jerez de la Frontera (Espa\u00f1a), 9 ene (dpa) - Para Lars Stindl, capit\u00e1n del club alem\u00e1n Borussia M\u00f6nchengladbach, el Bayern M\u00fanich sigue siendo el m\u00e1ximo favorito para conquistar el campeonato de la Liga germana de f\u00fatbol, seg\u00fan dijo hoy en entrevista con dpa. &quot;Incluso despu\u00e9s de esta ronda de ida, que no fue f\u00e1cil con\" \/>\n\t\t<meta name=\"twitter:creator\" content=\"@nbasturias\" \/>\n\t\t<meta name=\"twitter:image\" content=\"https:\/\/candas365.es\/noticias\/wp-content\/uploads\/2018\/06\/football-1406106_960_720-1.jpg\" \/>\n\t\t<meta name=\"twitter:label1\" content=\"Escrito por\" \/>\n\t\t<meta name=\"twitter:data1\" content=\"Cand\u00e1s 365\" \/>\n\t\t<meta name=\"twitter:label2\" content=\"Tiempo de lectura estimado\" \/>\n\t\t<meta name=\"twitter:data2\" content=\"1 minuto\" \/>\n\t\t<script type=\"application\/ld+json\" class=\"aioseo-schema\">\n\t\t\t{\"@context\":\"https:\\\/\\\/schema.org\",\"@graph\":[{\"@type\":\"BreadcrumbList\",\"@id\":\"https:\\\/\\\/candas365.es\\\/noticias\\\/el-capitan-del-gladbach-ve-al-bayern-como-gran-favorito-en-la-bundesliga\\\/#breadcrumblist\",\"itemListElement\":[{\"@type\":\"ListItem\",\"@id\":\"https:\\\/\\\/candas365.es\\\/noticias#listItem\",\"position\":1,\"name\":\"Home\",\"item\":\"https:\\\/\\\/candas365.es\\\/noticias\",\"nextItem\":{\"@type\":\"ListItem\",\"@id\":\"https:\\\/\\\/candas365.es\\\/noticias\\\/category\\\/deporte\\\/#listItem\",\"name\":\"Deporte\"}},{\"@type\":\"ListItem\",\"@id\":\"https:\\\/\\\/candas365.es\\\/noticias\\\/category\\\/deporte\\\/#listItem\",\"position\":2,\"name\":\"Deporte\",\"item\":\"https:\\\/\\\/candas365.es\\\/noticias\\\/category\\\/deporte\\\/\",\"nextItem\":{\"@type\":\"ListItem\",\"@id\":\"https:\\\/\\\/candas365.es\\\/noticias\\\/el-capitan-del-gladbach-ve-al-bayern-como-gran-favorito-en-la-bundesliga\\\/#listItem\",\"name\":\"El capit\\u00e1n del Gladbach ve al Bayern como gran favorito en la Bundesliga\"},\"previousItem\":{\"@type\":\"ListItem\",\"@id\":\"https:\\\/\\\/candas365.es\\\/noticias#listItem\",\"name\":\"Home\"}},{\"@type\":\"ListItem\",\"@id\":\"https:\\\/\\\/candas365.es\\\/noticias\\\/el-capitan-del-gladbach-ve-al-bayern-como-gran-favorito-en-la-bundesliga\\\/#listItem\",\"position\":3,\"name\":\"El capit\\u00e1n del Gladbach ve al Bayern como gran favorito en la Bundesliga\",\"previousItem\":{\"@type\":\"ListItem\",\"@id\":\"https:\\\/\\\/candas365.es\\\/noticias\\\/category\\\/deporte\\\/#listItem\",\"name\":\"Deporte\"}}]},{\"@type\":\"NewsArticle\",\"@id\":\"https:\\\/\\\/candas365.es\\\/noticias\\\/el-capitan-del-gladbach-ve-al-bayern-como-gran-favorito-en-la-bundesliga\\\/#newsarticle\",\"name\":\"El capit\\u00e1n del Gladbach ve al Bayern como gran favorito en la Bundesliga | Cand\\u00e1s 365\",\"headline\":\"El capit\\u00e1n del Gladbach ve al Bayern como gran favorito en la Bundesliga\",\"author\":{\"@id\":\"https:\\\/\\\/candas365.es\\\/noticias\\\/author\\\/admin\\\/#author\"},\"publisher\":{\"@id\":\"https:\\\/\\\/candas365.es\\\/noticias\\\/#organization\"},\"image\":{\"@type\":\"ImageObject\",\"url\":\"https:\\\/\\\/candas365.es\\\/noticias\\\/wp-content\\\/uploads\\\/2018\\\/06\\\/football-1406106_960_720-1.jpg\",\"width\":960,\"height\":643},\"datePublished\":\"2020-01-09T20:04:12+01:00\",\"dateModified\":\"2020-01-09T20:04:12+01:00\",\"inLanguage\":\"es-ES\",\"mainEntityOfPage\":{\"@id\":\"https:\\\/\\\/candas365.es\\\/noticias\\\/el-capitan-del-gladbach-ve-al-bayern-como-gran-favorito-en-la-bundesliga\\\/#webpage\"},\"isPartOf\":{\"@id\":\"https:\\\/\\\/candas365.es\\\/noticias\\\/el-capitan-del-gladbach-ve-al-bayern-como-gran-favorito-en-la-bundesliga\\\/#webpage\"},\"articleSection\":\"Deporte\",\"dateline\":\"Publicado el enero 9, 2020.\"},{\"@type\":\"Organization\",\"@id\":\"https:\\\/\\\/candas365.es\\\/noticias\\\/#organization\",\"name\":\"Cand\\u00e1s 365\",\"description\":\"Cand\\u00e1s 365 es un diario digital independiente, fundado en 2012, con base en Asturias. Informamos con rigor sobre actualidad, sociedad, cultura y ocio, con una mirada local y global.\",\"url\":\"https:\\\/\\\/candas365.es\\\/noticias\\\/\",\"email\":\"info@candas365.es\",\"telephone\":\"+34652131393\",\"foundingDate\":\"2012-06-10\",\"logo\":{\"@type\":\"ImageObject\",\"url\":\"https:\\\/\\\/candas365.es\\\/noticias\\\/wp-content\\\/uploads\\\/2024\\\/09\\\/Candas-365-Redes.jpg\",\"@id\":\"https:\\\/\\\/candas365.es\\\/noticias\\\/el-capitan-del-gladbach-ve-al-bayern-como-gran-favorito-en-la-bundesliga\\\/#organizationLogo\",\"width\":1152,\"height\":864,\"caption\":\"Cand\\u00e1s 365 Redes\"},\"image\":{\"@id\":\"https:\\\/\\\/candas365.es\\\/noticias\\\/el-capitan-del-gladbach-ve-al-bayern-como-gran-favorito-en-la-bundesliga\\\/#organizationLogo\"},\"sameAs\":[\"https:\\\/\\\/www.facebook.com\\\/Nachofdezber\",\"https:\\\/\\\/x.com\\\/NabercoDigital\",\"https:\\\/\\\/www.instagram.com\\\/nachofdezber\\\/\",\"https:\\\/\\\/www.youtube.com\\\/channel\\\/UCZP-2wLEB9Rv6erhFmqVnvg\"],\"address\":{\"@id\":\"https:\\\/\\\/candas365.es\\\/noticias\\\/#postaladdress\",\"@type\":\"PostalAddress\",\"streetAddress\":\"san antonio 4, san antonio 4\",\"postalCode\":\"33430\",\"addressLocality\":\"Cand\\u00e1s\",\"addressRegion\":\"Asturias\",\"addressCountry\":\"ES\"}},{\"@type\":\"Person\",\"@id\":\"https:\\\/\\\/candas365.es\\\/noticias\\\/author\\\/admin\\\/#author\",\"url\":\"https:\\\/\\\/candas365.es\\\/noticias\\\/author\\\/admin\\\/\",\"name\":\"Cand\\u00e1s 365\",\"image\":{\"@type\":\"ImageObject\",\"@id\":\"https:\\\/\\\/candas365.es\\\/noticias\\\/el-capitan-del-gladbach-ve-al-bayern-como-gran-favorito-en-la-bundesliga\\\/#authorImage\",\"url\":\"https:\\\/\\\/secure.gravatar.com\\\/avatar\\\/496a8e03d0c493ede1718b7934145dbdf8d89be1036b0eec9544e1094c9de390?s=96&d=mm&r=g\",\"width\":96,\"height\":96,\"caption\":\"Cand\\u00e1s 365\"},\"sameAs\":[\"https:\\\/\\\/www.facebook.com\\\/carrenoactualidad\",\"https:\\\/\\\/twitter.com\\\/nbasturias\",\"https:\\\/\\\/www.instagram.com\\\/nachofdezber\\\/\",\"https:\\\/\\\/www.youtube.com\\\/channel\\\/UCZP-2wLEB9Rv6erhFmqVnvg\"]},{\"@type\":\"WebPage\",\"@id\":\"https:\\\/\\\/candas365.es\\\/noticias\\\/el-capitan-del-gladbach-ve-al-bayern-como-gran-favorito-en-la-bundesliga\\\/#webpage\",\"url\":\"https:\\\/\\\/candas365.es\\\/noticias\\\/el-capitan-del-gladbach-ve-al-bayern-como-gran-favorito-en-la-bundesliga\\\/\",\"name\":\"El capit\\u00e1n del Gladbach ve al Bayern como gran favorito en la Bundesliga | Cand\\u00e1s 365\",\"description\":\"Jerez de la Frontera (Espa\\u00f1a), 9 ene (dpa) - Para Lars Stindl, capit\\u00e1n del club alem\\u00e1n Borussia M\\u00f6nchengladbach, el Bayern M\\u00fanich sigue siendo el m\\u00e1ximo favorito para conquistar el campeonato de la Liga germana de f\\u00fatbol, seg\\u00fan dijo hoy en entrevista con dpa. \\\"Incluso despu\\u00e9s de esta ronda de ida, que no fue f\\u00e1cil con\",\"inLanguage\":\"es-ES\",\"isPartOf\":{\"@id\":\"https:\\\/\\\/candas365.es\\\/noticias\\\/#website\"},\"breadcrumb\":{\"@id\":\"https:\\\/\\\/candas365.es\\\/noticias\\\/el-capitan-del-gladbach-ve-al-bayern-como-gran-favorito-en-la-bundesliga\\\/#breadcrumblist\"},\"author\":{\"@id\":\"https:\\\/\\\/candas365.es\\\/noticias\\\/author\\\/admin\\\/#author\"},\"creator\":{\"@id\":\"https:\\\/\\\/candas365.es\\\/noticias\\\/author\\\/admin\\\/#author\"},\"image\":{\"@type\":\"ImageObject\",\"url\":\"https:\\\/\\\/candas365.es\\\/noticias\\\/wp-content\\\/uploads\\\/2018\\\/06\\\/football-1406106_960_720-1.jpg\",\"@id\":\"https:\\\/\\\/candas365.es\\\/noticias\\\/el-capitan-del-gladbach-ve-al-bayern-como-gran-favorito-en-la-bundesliga\\\/#mainImage\",\"width\":960,\"height\":643},\"primaryImageOfPage\":{\"@id\":\"https:\\\/\\\/candas365.es\\\/noticias\\\/el-capitan-del-gladbach-ve-al-bayern-como-gran-favorito-en-la-bundesliga\\\/#mainImage\"},\"datePublished\":\"2020-01-09T20:04:12+01:00\",\"dateModified\":\"2020-01-09T20:04:12+01:00\"},{\"@type\":\"WebSite\",\"@id\":\"https:\\\/\\\/candas365.es\\\/noticias\\\/#website\",\"url\":\"https:\\\/\\\/candas365.es\\\/noticias\\\/\",\"name\":\"Cand\\u00e1s 365\",\"alternateName\":\"Cand\\u00e1s 365 Noticias\",\"description\":\"Actualidad desde Carre\\u00f1o para el mundo\",\"inLanguage\":\"es-ES\",\"publisher\":{\"@id\":\"https:\\\/\\\/candas365.es\\\/noticias\\\/#organization\"}}]}\n\t\t<\/script>\n\t\t<!-- All in One SEO Pro -->\r\n\t\t<title>El capit\u00e1n del Gladbach ve al Bayern como gran favorito en la Bundesliga | Cand\u00e1s 365<\/title>\n\n","aioseo_head_json":{"title":"El capit\u00e1n del Gladbach ve al Bayern como gran favorito en la Bundesliga | Cand\u00e1s 365","description":"Jerez de la Frontera (Espa\u00f1a), 9 ene (dpa) - Para Lars Stindl, capit\u00e1n del club alem\u00e1n Borussia M\u00f6nchengladbach, el Bayern M\u00fanich sigue siendo el m\u00e1ximo favorito para conquistar el campeonato de la Liga germana de f\u00fatbol, seg\u00fan dijo hoy en entrevista con dpa. \"Incluso despu\u00e9s de esta ronda de ida, que no fue f\u00e1cil con","canonical_url":"https:\/\/candas365.es\/noticias\/el-capitan-del-gladbach-ve-al-bayern-como-gran-favorito-en-la-bundesliga\/","robots":"max-image-preview:large","keywords":"deporte","webmasterTools":{"google-site-verification":"UA-32230408-1","msvalidate.01":"354F3CDFB2DA171B47FBE9ABF1F88D5","miscellaneous":""},"schema":{"@context":"https:\/\/schema.org","@graph":[{"@type":"BreadcrumbList","@id":"https:\/\/candas365.es\/noticias\/el-capitan-del-gladbach-ve-al-bayern-como-gran-favorito-en-la-bundesliga\/#breadcrumblist","itemListElement":[{"@type":"ListItem","@id":"https:\/\/candas365.es\/noticias#listItem","position":1,"name":"Home","item":"https:\/\/candas365.es\/noticias","nextItem":{"@type":"ListItem","@id":"https:\/\/candas365.es\/noticias\/category\/deporte\/#listItem","name":"Deporte"}},{"@type":"ListItem","@id":"https:\/\/candas365.es\/noticias\/category\/deporte\/#listItem","position":2,"name":"Deporte","item":"https:\/\/candas365.es\/noticias\/category\/deporte\/","nextItem":{"@type":"ListItem","@id":"https:\/\/candas365.es\/noticias\/el-capitan-del-gladbach-ve-al-bayern-como-gran-favorito-en-la-bundesliga\/#listItem","name":"El capit\u00e1n del Gladbach ve al Bayern como gran favorito en la Bundesliga"},"previousItem":{"@type":"ListItem","@id":"https:\/\/candas365.es\/noticias#listItem","name":"Home"}},{"@type":"ListItem","@id":"https:\/\/candas365.es\/noticias\/el-capitan-del-gladbach-ve-al-bayern-como-gran-favorito-en-la-bundesliga\/#listItem","position":3,"name":"El capit\u00e1n del Gladbach ve al Bayern como gran favorito en la Bundesliga","previousItem":{"@type":"ListItem","@id":"https:\/\/candas365.es\/noticias\/category\/deporte\/#listItem","name":"Deporte"}}]},{"@type":"NewsArticle","@id":"https:\/\/candas365.es\/noticias\/el-capitan-del-gladbach-ve-al-bayern-como-gran-favorito-en-la-bundesliga\/#newsarticle","name":"El capit\u00e1n del Gladbach ve al Bayern como gran favorito en la Bundesliga | Cand\u00e1s 365","headline":"El capit\u00e1n del Gladbach ve al Bayern como gran favorito en la Bundesliga","author":{"@id":"https:\/\/candas365.es\/noticias\/author\/admin\/#author"},"publisher":{"@id":"https:\/\/candas365.es\/noticias\/#organization"},"image":{"@type":"ImageObject","url":"https:\/\/candas365.es\/noticias\/wp-content\/uploads\/2018\/06\/football-1406106_960_720-1.jpg","width":960,"height":643},"datePublished":"2020-01-09T20:04:12+01:00","dateModified":"2020-01-09T20:04:12+01:00","inLanguage":"es-ES","mainEntityOfPage":{"@id":"https:\/\/candas365.es\/noticias\/el-capitan-del-gladbach-ve-al-bayern-como-gran-favorito-en-la-bundesliga\/#webpage"},"isPartOf":{"@id":"https:\/\/candas365.es\/noticias\/el-capitan-del-gladbach-ve-al-bayern-como-gran-favorito-en-la-bundesliga\/#webpage"},"articleSection":"Deporte","dateline":"Publicado el enero 9, 2020."},{"@type":"Organization","@id":"https:\/\/candas365.es\/noticias\/#organization","name":"Cand\u00e1s 365","description":"Cand\u00e1s 365 es un diario digital independiente, fundado en 2012, con base en Asturias. Informamos con rigor sobre actualidad, sociedad, cultura y ocio, con una mirada local y global.","url":"https:\/\/candas365.es\/noticias\/","email":"info@candas365.es","telephone":"+34652131393","foundingDate":"2012-06-10","logo":{"@type":"ImageObject","url":"https:\/\/candas365.es\/noticias\/wp-content\/uploads\/2024\/09\/Candas-365-Redes.jpg","@id":"https:\/\/candas365.es\/noticias\/el-capitan-del-gladbach-ve-al-bayern-como-gran-favorito-en-la-bundesliga\/#organizationLogo","width":1152,"height":864,"caption":"Cand\u00e1s 365 Redes"},"image":{"@id":"https:\/\/candas365.es\/noticias\/el-capitan-del-gladbach-ve-al-bayern-como-gran-favorito-en-la-bundesliga\/#organizationLogo"},"sameAs":["https:\/\/www.facebook.com\/Nachofdezber","https:\/\/x.com\/NabercoDigital","https:\/\/www.instagram.com\/nachofdezber\/","https:\/\/www.youtube.com\/channel\/UCZP-2wLEB9Rv6erhFmqVnvg"],"address":{"@id":"https:\/\/candas365.es\/noticias\/#postaladdress","@type":"PostalAddress","streetAddress":"san antonio 4, san antonio 4","postalCode":"33430","addressLocality":"Cand\u00e1s","addressRegion":"Asturias","addressCountry":"ES"}},{"@type":"Person","@id":"https:\/\/candas365.es\/noticias\/author\/admin\/#author","url":"https:\/\/candas365.es\/noticias\/author\/admin\/","name":"Cand\u00e1s 365","image":{"@type":"ImageObject","@id":"https:\/\/candas365.es\/noticias\/el-capitan-del-gladbach-ve-al-bayern-como-gran-favorito-en-la-bundesliga\/#authorImage","url":"https:\/\/secure.gravatar.com\/avatar\/496a8e03d0c493ede1718b7934145dbdf8d89be1036b0eec9544e1094c9de390?s=96&d=mm&r=g","width":96,"height":96,"caption":"Cand\u00e1s 365"},"sameAs":["https:\/\/www.facebook.com\/carrenoactualidad","https:\/\/twitter.com\/nbasturias","https:\/\/www.instagram.com\/nachofdezber\/","https:\/\/www.youtube.com\/channel\/UCZP-2wLEB9Rv6erhFmqVnvg"]},{"@type":"WebPage","@id":"https:\/\/candas365.es\/noticias\/el-capitan-del-gladbach-ve-al-bayern-como-gran-favorito-en-la-bundesliga\/#webpage","url":"https:\/\/candas365.es\/noticias\/el-capitan-del-gladbach-ve-al-bayern-como-gran-favorito-en-la-bundesliga\/","name":"El capit\u00e1n del Gladbach ve al Bayern como gran favorito en la Bundesliga | Cand\u00e1s 365","description":"Jerez de la Frontera (Espa\u00f1a), 9 ene (dpa) - Para Lars Stindl, capit\u00e1n del club alem\u00e1n Borussia M\u00f6nchengladbach, el Bayern M\u00fanich sigue siendo el m\u00e1ximo favorito para conquistar el campeonato de la Liga germana de f\u00fatbol, seg\u00fan dijo hoy en entrevista con dpa. \"Incluso despu\u00e9s de esta ronda de ida, que no fue f\u00e1cil con","inLanguage":"es-ES","isPartOf":{"@id":"https:\/\/candas365.es\/noticias\/#website"},"breadcrumb":{"@id":"https:\/\/candas365.es\/noticias\/el-capitan-del-gladbach-ve-al-bayern-como-gran-favorito-en-la-bundesliga\/#breadcrumblist"},"author":{"@id":"https:\/\/candas365.es\/noticias\/author\/admin\/#author"},"creator":{"@id":"https:\/\/candas365.es\/noticias\/author\/admin\/#author"},"image":{"@type":"ImageObject","url":"https:\/\/candas365.es\/noticias\/wp-content\/uploads\/2018\/06\/football-1406106_960_720-1.jpg","@id":"https:\/\/candas365.es\/noticias\/el-capitan-del-gladbach-ve-al-bayern-como-gran-favorito-en-la-bundesliga\/#mainImage","width":960,"height":643},"primaryImageOfPage":{"@id":"https:\/\/candas365.es\/noticias\/el-capitan-del-gladbach-ve-al-bayern-como-gran-favorito-en-la-bundesliga\/#mainImage"},"datePublished":"2020-01-09T20:04:12+01:00","dateModified":"2020-01-09T20:04:12+01:00"},{"@type":"WebSite","@id":"https:\/\/candas365.es\/noticias\/#website","url":"https:\/\/candas365.es\/noticias\/","name":"Cand\u00e1s 365","alternateName":"Cand\u00e1s 365 Noticias","description":"Actualidad desde Carre\u00f1o para el mundo","inLanguage":"es-ES","publisher":{"@id":"https:\/\/candas365.es\/noticias\/#organization"}}]},"og:locale":"es_ES","og:site_name":"Cand\u00e1s 365","og:type":"article","og:title":"El capit\u00e1n del Gladbach ve al Bayern como gran favorito en la Bundesliga | Cand\u00e1s 365","og:description":"Jerez de la Frontera (Espa\u00f1a), 9 ene (dpa) - Para Lars Stindl, capit\u00e1n del club alem\u00e1n Borussia M\u00f6nchengladbach, el Bayern M\u00fanich sigue siendo el m\u00e1ximo favorito para conquistar el campeonato de la Liga germana de f\u00fatbol, seg\u00fan dijo hoy en entrevista con dpa. &quot;Incluso despu\u00e9s de esta ronda de ida, que no fue f\u00e1cil con","og:url":"https:\/\/candas365.es\/noticias\/el-capitan-del-gladbach-ve-al-bayern-como-gran-favorito-en-la-bundesliga\/","og:image":"https:\/\/candas365.es\/noticias\/wp-content\/uploads\/2018\/06\/football-1406106_960_720-1.jpg","og:image:secure_url":"https:\/\/candas365.es\/noticias\/wp-content\/uploads\/2018\/06\/football-1406106_960_720-1.jpg","og:image:width":960,"og:image:height":643,"article:published_time":"2020-01-09T20:04:12+00:00","article:modified_time":"2020-01-09T20:04:12+00:00","article:publisher":"https:\/\/www.facebook.com\/Nachofdezber","article:author":"https:\/\/www.facebook.com\/carrenoactualidad","twitter:card":"summary_large_image","twitter:site":"@NabercoDigital","twitter:title":"El capit\u00e1n del Gladbach ve al Bayern como gran favorito en la Bundesliga | Cand\u00e1s 365","twitter:description":"Jerez de la Frontera (Espa\u00f1a), 9 ene (dpa) - Para Lars Stindl, capit\u00e1n del club alem\u00e1n Borussia M\u00f6nchengladbach, el Bayern M\u00fanich sigue siendo el m\u00e1ximo favorito para conquistar el campeonato de la Liga germana de f\u00fatbol, seg\u00fan dijo hoy en entrevista con dpa. &quot;Incluso despu\u00e9s de esta ronda de ida, que no fue f\u00e1cil con","twitter:creator":"@nbasturias","twitter:image":"https:\/\/candas365.es\/noticias\/wp-content\/uploads\/2018\/06\/football-1406106_960_720-1.jpg","twitter:label1":"Escrito por","twitter:data1":"Cand\u00e1s 365","twitter:label2":"Tiempo de lectura estimado","twitter:data2":"1 minuto"},"aioseo_meta_data":{"post_id":"136068","title":null,"description":null,"keywords":null,"keyphrases":null,"primary_term":null,"canonical_url":null,"og_title":null,"og_description":null,"og_object_type":"default","og_image_type":"default","og_image_url":null,"og_image_width":null,"og_image_height":null,"og_image_custom_url":null,"og_image_custom_fields":null,"og_video":null,"og_custom_url":null,"og_article_section":null,"og_article_tags":null,"twitter_use_og":false,"twitter_card":"default","twitter_image_type":"default","twitter_image_url":null,"twitter_image_custom_url":null,"twitter_image_custom_fields":null,"twitter_title":null,"twitter_description":null,"schema":{"blockGraphs":[],"customGraphs":[],"default":{"data":{"Article":[],"Course":[],"Dataset":[],"FAQPage":[],"Movie":[],"Person":[],"Product":[],"ProductReview":[],"Car":[],"Recipe":[],"Service":[],"SoftwareApplication":[],"WebPage":[]},"graphName":"","isEnabled":true},"graphs":[]},"schema_type":null,"schema_type_options":null,"pillar_content":false,"robots_default":true,"robots_noindex":false,"robots_noarchive":false,"robots_nosnippet":false,"robots_nofollow":false,"robots_noimageindex":false,"robots_noodp":false,"robots_notranslate":false,"robots_max_snippet":null,"robots_max_videopreview":null,"robots_max_imagepreview":"large","priority":null,"frequency":null,"location":null,"local_seo":null,"seo_analyzer_scan_date":"2025-08-30 21:08:21","breadcrumb_settings":null,"limit_modified_date":false,"reviewed_by":null,"open_ai":null,"ai":null,"created":"2020-12-21 10:48:18","updated":"2025-08-30 21:08:21"},"aioseo_breadcrumb":"<div class=\"aioseo-breadcrumbs\"><span class=\"aioseo-breadcrumb\">\n\t<a href=\"https:\/\/candas365.es\/noticias\" title=\"Home\">Home<\/a>\n<\/span><span class=\"aioseo-breadcrumb-separator\">&ndash;<\/span><span class=\"aioseo-breadcrumb\">\n\t<a href=\"https:\/\/candas365.es\/noticias\/category\/deporte\/\" title=\"Deporte\">Deporte<\/a>\n<\/span><span class=\"aioseo-breadcrumb-separator\">&ndash;<\/span><span class=\"aioseo-breadcrumb\">\n\tEl capit\u00e1n del Gladbach ve al Bayern como gran favorito en la Bundesliga\n<\/span><\/div>","aioseo_breadcrumb_json":[{"label":"Home","link":"https:\/\/candas365.es\/noticias"},{"label":"Deporte","link":"https:\/\/candas365.es\/noticias\/category\/deporte\/"},{"label":"El capit\u00e1n del Gladbach ve al Bayern como gran favorito en la Bundesliga","link":"https:\/\/candas365.es\/noticias\/el-capitan-del-gladbach-ve-al-bayern-como-gran-favorito-en-la-bundesliga\/"}],"_links":{"self":[{"href":"https:\/\/candas365.es\/noticias\/wp-json\/wp\/v2\/posts\/136068","targetHints":{"allow":["GET"]}}],"collection":[{"href":"https:\/\/candas365.es\/noticias\/wp-json\/wp\/v2\/posts"}],"about":[{"href":"https:\/\/candas365.es\/noticias\/wp-json\/wp\/v2\/types\/post"}],"author":[{"embeddable":true,"href":"https:\/\/candas365.es\/noticias\/wp-json\/wp\/v2\/users\/1"}],"replies":[{"embeddable":true,"href":"https:\/\/candas365.es\/noticias\/wp-json\/wp\/v2\/comments?post=136068"}],"version-history":[{"count":0,"href":"https:\/\/candas365.es\/noticias\/wp-json\/wp\/v2\/posts\/136068\/revisions"}],"wp:featuredmedia":[{"embeddable":true,"href":"https:\/\/candas365.es\/noticias\/wp-json\/wp\/v2\/media\/98026"}],"wp:attachment":[{"href":"https:\/\/candas365.es\/noticias\/wp-json\/wp\/v2\/media?parent=136068"}],"wp:term":[{"taxonomy":"category","embeddable":true,"href":"https:\/\/candas365.es\/noticias\/wp-json\/wp\/v2\/categories?post=136068"},{"taxonomy":"post_tag","embeddable":true,"href":"https:\/\/candas365.es\/noticias\/wp-json\/wp\/v2\/tags?post=136068"}],"curies":[{"name":"wp","href":"https:\/\/api.w.org\/{rel}","templated":true}]}}