{"id":136046,"date":"2020-01-09T13:08:54","date_gmt":"2020-01-09T13:08:54","guid":{"rendered":"http:\/\/candas365.es\/noticias\/?p=136046"},"modified":"2020-01-09T13:08:54","modified_gmt":"2020-01-09T13:08:54","slug":"carreno-seleccionara-a-8-personas-desempleadas-para-realizar-obras-en-la-comunidad","status":"publish","type":"post","link":"https:\/\/candas365.es\/noticias\/carreno-seleccionara-a-8-personas-desempleadas-para-realizar-obras-en-la-comunidad\/","title":{"rendered":"Carre\u00f1o seleccionar\u00e1 a 8 personas desempleadas para realizar obras en la comunidad"},"content":{"rendered":"<p><img fetchpriority=\"high\" decoding=\"async\" class=\"alignleft size-medium wp-image-6453\" src=\"https:\/\/candas365.es\/noticias\/wp-content\/uploads\/2015\/01\/ayuntamiento-360x270.jpg\" alt=\"\" width=\"360\" height=\"270\" srcset=\"https:\/\/candas365.es\/noticias\/wp-content\/uploads\/2015\/01\/ayuntamiento-360x270.jpg 360w, https:\/\/candas365.es\/noticias\/wp-content\/uploads\/2015\/01\/ayuntamiento-640x480.jpg 640w, https:\/\/candas365.es\/noticias\/wp-content\/uploads\/2015\/01\/ayuntamiento-768x576.jpg 768w, https:\/\/candas365.es\/noticias\/wp-content\/uploads\/2015\/01\/ayuntamiento-150x113.jpg 150w, https:\/\/candas365.es\/noticias\/wp-content\/uploads\/2015\/01\/ayuntamiento-450x338.jpg 450w, https:\/\/candas365.es\/noticias\/wp-content\/uploads\/2015\/01\/ayuntamiento-80x60.jpg 80w, https:\/\/candas365.es\/noticias\/wp-content\/uploads\/2015\/01\/ayuntamiento-265x198.jpg 265w, https:\/\/candas365.es\/noticias\/wp-content\/uploads\/2015\/01\/ayuntamiento-696x522.jpg 696w, https:\/\/candas365.es\/noticias\/wp-content\/uploads\/2015\/01\/ayuntamiento-560x420.jpg 560w, https:\/\/candas365.es\/noticias\/wp-content\/uploads\/2015\/01\/ayuntamiento-90x67.jpg 90w, https:\/\/candas365.es\/noticias\/wp-content\/uploads\/2015\/01\/ayuntamiento.jpg 800w\" sizes=\"(max-width: 360px) 100vw, 360px\" \/>El Ayuntamiento de Carre\u00f1o seleccionar\u00e1 durante el primer trimestre de 2020 a un total de 8 trabajadores en situaci\u00f3n de desempleo para la realizaci\u00f3n de diferentes obras y servicios a la comunidad.<\/p>\n<p>Los contratos, de 1 a\u00f1o de duraci\u00f3n, se encuadran en el \u201cPlan de Empleo en el marco de los itinerarios integrados de activaci\u00f3n en el \u00e1mbito local\u201d, financiado por el Servicio P\u00fablico de Empleo del Principado de Asturias con una subvenci\u00f3n de 200.000 \u20ac.<\/p>\n<p>Los puestos que van a ser cubiertos a trav\u00e9s de este plan de empleo temporal son los siguientes: 1 Oficial Alba\u00f1il, 1 Oficial Carpintero, 1 Oficial Jardinero, 1 Oficial Pintor, y 4 operarios para apoyo a los oficios. Se prev\u00e9 que como fecha tope en el mes de Marzo inicien sus trabajos.<\/p>\n<p>Estas 8 personas que se contraten ejecutar\u00e1n una serie de obras y servicios de inter\u00e9s general y social, que forman la\u201cProgramaci\u00f3n de obras y servicios del Plan de Empleo 2019-2020\u201d.<\/p>\n<p>Para poder participar en el proceso de selecci\u00f3n, deber\u00e1n cumplir los siguientes requisitos:<\/p>\n<p>&#x25aa; Haber pertenecido, a fecha 2 de octubre de 2019, a alguno de los siguientes colectivos: desempleado\/a de larga duraci\u00f3n (es decir, no haber trabajado m\u00e1s de 93 d\u00edas en los 12 meses inmediatamente anteriores), o bien persona en situaci\u00f3n de exclusi\u00f3n social.<br \/>\n&#x25aa; No haber sido perceptor\/a de Prestaci\u00f3n por desempleo a nivel contributivo, a fecha 2 de Octubre de 2019.<br \/>\n&#x25aa; No haber sido contratado\/a por el Ayuntamiento de Carre\u00f1o durante m\u00e1s de 4 meses en el marco de los Planes Locales de Empleo de 2017 ni de 2018.<br \/>\n&#x25aa; Estar inscrito\/a como demandante de empleo en las oficinas del SEPEPA, en el momento de la formalizaci\u00f3n del contrato.<\/p>\n","protected":false},"excerpt":{"rendered":"<p>El Ayuntamiento de Carre\u00f1o seleccionar\u00e1 durante el primer trimestre de 2020 a un total de 8 trabajadores en situaci\u00f3n de desempleo para la realizaci\u00f3n de diferentes obras y servicios a la comunidad. Los contratos, de 1 a\u00f1o de duraci\u00f3n, se encuadran en el \u201cPlan de Empleo en el marco de los itinerarios integrados de activaci\u00f3n<\/p>\n","protected":false},"author":1,"featured_media":6453,"comment_status":"closed","ping_status":"closed","sticky":false,"template":"","format":"standard","meta":{"footnotes":""},"categories":[2],"tags":[],"class_list":{"0":"post-136046","1":"post","2":"type-post","3":"status-publish","4":"format-standard","5":"has-post-thumbnail","7":"category-noticias-carreno"},"aioseo_notices":[],"aioseo_head":"\n\t\t<!-- All in One SEO Pro 4.9.6.2 - aioseo.com -->\n\t<meta name=\"description\" content=\"El Ayuntamiento de Carre\u00f1o seleccionar\u00e1 durante el primer trimestre de 2020 a un total de 8 trabajadores en situaci\u00f3n de desempleo para la realizaci\u00f3n de diferentes obras y servicios a la comunidad. Los contratos, de 1 a\u00f1o de duraci\u00f3n, se encuadran en el \u201cPlan de Empleo en el marco de los itinerarios integrados de activaci\u00f3n\" \/>\n\t<meta name=\"robots\" content=\"max-image-preview:large\" \/>\n\t<meta name=\"author\" content=\"Cand\u00e1s 365\"\/>\n\t<meta name=\"google-site-verification\" content=\"UA-32230408-1\" \/>\n\t<meta name=\"msvalidate.01\" content=\"354F3CDFB2DA171B47FBE9ABF1F88D5\" \/>\n\t<meta name=\"keywords\" content=\"noticias carre\u00f1o\" \/>\n\t<link rel=\"canonical\" href=\"https:\/\/candas365.es\/noticias\/carreno-seleccionara-a-8-personas-desempleadas-para-realizar-obras-en-la-comunidad\/\" \/>\n\t<meta name=\"generator\" content=\"All in One SEO Pro (AIOSEO) 4.9.6.2\" \/>\n\t\t<meta property=\"og:locale\" content=\"es_ES\" \/>\n\t\t<meta property=\"og:site_name\" content=\"Cand\u00e1s 365\" \/>\n\t\t<meta property=\"og:type\" content=\"article\" \/>\n\t\t<meta property=\"og:title\" content=\"Carre\u00f1o seleccionar\u00e1 a 8 personas desempleadas para realizar obras en la comunidad | Cand\u00e1s 365\" \/>\n\t\t<meta property=\"og:description\" content=\"El Ayuntamiento de Carre\u00f1o seleccionar\u00e1 durante el primer trimestre de 2020 a un total de 8 trabajadores en situaci\u00f3n de desempleo para la realizaci\u00f3n de diferentes obras y servicios a la comunidad. Los contratos, de 1 a\u00f1o de duraci\u00f3n, se encuadran en el \u201cPlan de Empleo en el marco de los itinerarios integrados de activaci\u00f3n\" \/>\n\t\t<meta property=\"og:url\" content=\"https:\/\/candas365.es\/noticias\/carreno-seleccionara-a-8-personas-desempleadas-para-realizar-obras-en-la-comunidad\/\" \/>\n\t\t<meta property=\"og:image\" content=\"https:\/\/candas365.es\/noticias\/wp-content\/uploads\/2015\/01\/ayuntamiento.jpg\" \/>\n\t\t<meta property=\"og:image:secure_url\" content=\"https:\/\/candas365.es\/noticias\/wp-content\/uploads\/2015\/01\/ayuntamiento.jpg\" \/>\n\t\t<meta property=\"og:image:width\" content=\"800\" \/>\n\t\t<meta property=\"og:image:height\" content=\"600\" \/>\n\t\t<meta property=\"article:published_time\" content=\"2020-01-09T13:08:54+00:00\" \/>\n\t\t<meta property=\"article:modified_time\" content=\"2020-01-09T13:08:54+00:00\" \/>\n\t\t<meta property=\"article:publisher\" content=\"https:\/\/www.facebook.com\/Nachofdezber\" \/>\n\t\t<meta property=\"article:author\" content=\"https:\/\/www.facebook.com\/carrenoactualidad\" \/>\n\t\t<meta name=\"twitter:card\" content=\"summary_large_image\" \/>\n\t\t<meta name=\"twitter:site\" content=\"@NabercoDigital\" \/>\n\t\t<meta name=\"twitter:title\" content=\"Carre\u00f1o seleccionar\u00e1 a 8 personas desempleadas para realizar obras en la comunidad | Cand\u00e1s 365\" \/>\n\t\t<meta name=\"twitter:description\" content=\"El Ayuntamiento de Carre\u00f1o seleccionar\u00e1 durante el primer trimestre de 2020 a un total de 8 trabajadores en situaci\u00f3n de desempleo para la realizaci\u00f3n de diferentes obras y servicios a la comunidad. Los contratos, de 1 a\u00f1o de duraci\u00f3n, se encuadran en el \u201cPlan de Empleo en el marco de los itinerarios integrados de activaci\u00f3n\" \/>\n\t\t<meta name=\"twitter:creator\" content=\"@nbasturias\" \/>\n\t\t<meta name=\"twitter:image\" content=\"https:\/\/candas365.es\/noticias\/wp-content\/uploads\/2015\/01\/ayuntamiento.jpg\" \/>\n\t\t<meta name=\"twitter:label1\" content=\"Escrito por\" \/>\n\t\t<meta name=\"twitter:data1\" content=\"Cand\u00e1s 365\" \/>\n\t\t<meta name=\"twitter:label2\" content=\"Tiempo de lectura estimado\" \/>\n\t\t<meta name=\"twitter:data2\" content=\"1 minuto\" \/>\n\t\t<script type=\"application\/ld+json\" class=\"aioseo-schema\">\n\t\t\t{\"@context\":\"https:\\\/\\\/schema.org\",\"@graph\":[{\"@type\":\"BreadcrumbList\",\"@id\":\"https:\\\/\\\/candas365.es\\\/noticias\\\/carreno-seleccionara-a-8-personas-desempleadas-para-realizar-obras-en-la-comunidad\\\/#breadcrumblist\",\"itemListElement\":[{\"@type\":\"ListItem\",\"@id\":\"https:\\\/\\\/candas365.es\\\/noticias#listItem\",\"position\":1,\"name\":\"Home\",\"item\":\"https:\\\/\\\/candas365.es\\\/noticias\",\"nextItem\":{\"@type\":\"ListItem\",\"@id\":\"https:\\\/\\\/candas365.es\\\/noticias\\\/category\\\/noticias-carreno\\\/#listItem\",\"name\":\"Noticias Carre\\u00f1o\"}},{\"@type\":\"ListItem\",\"@id\":\"https:\\\/\\\/candas365.es\\\/noticias\\\/category\\\/noticias-carreno\\\/#listItem\",\"position\":2,\"name\":\"Noticias Carre\\u00f1o\",\"item\":\"https:\\\/\\\/candas365.es\\\/noticias\\\/category\\\/noticias-carreno\\\/\",\"nextItem\":{\"@type\":\"ListItem\",\"@id\":\"https:\\\/\\\/candas365.es\\\/noticias\\\/carreno-seleccionara-a-8-personas-desempleadas-para-realizar-obras-en-la-comunidad\\\/#listItem\",\"name\":\"Carre\\u00f1o seleccionar\\u00e1 a 8 personas desempleadas para realizar obras en la comunidad\"},\"previousItem\":{\"@type\":\"ListItem\",\"@id\":\"https:\\\/\\\/candas365.es\\\/noticias#listItem\",\"name\":\"Home\"}},{\"@type\":\"ListItem\",\"@id\":\"https:\\\/\\\/candas365.es\\\/noticias\\\/carreno-seleccionara-a-8-personas-desempleadas-para-realizar-obras-en-la-comunidad\\\/#listItem\",\"position\":3,\"name\":\"Carre\\u00f1o seleccionar\\u00e1 a 8 personas desempleadas para realizar obras en la comunidad\",\"previousItem\":{\"@type\":\"ListItem\",\"@id\":\"https:\\\/\\\/candas365.es\\\/noticias\\\/category\\\/noticias-carreno\\\/#listItem\",\"name\":\"Noticias Carre\\u00f1o\"}}]},{\"@type\":\"NewsArticle\",\"@id\":\"https:\\\/\\\/candas365.es\\\/noticias\\\/carreno-seleccionara-a-8-personas-desempleadas-para-realizar-obras-en-la-comunidad\\\/#newsarticle\",\"name\":\"Carre\\u00f1o seleccionar\\u00e1 a 8 personas desempleadas para realizar obras en la comunidad | Cand\\u00e1s 365\",\"headline\":\"Carre\\u00f1o seleccionar\\u00e1 a 8 personas desempleadas para realizar obras en la comunidad\",\"author\":{\"@id\":\"https:\\\/\\\/candas365.es\\\/noticias\\\/author\\\/admin\\\/#author\"},\"publisher\":{\"@id\":\"https:\\\/\\\/candas365.es\\\/noticias\\\/#organization\"},\"image\":{\"@type\":\"ImageObject\",\"url\":\"https:\\\/\\\/candas365.es\\\/noticias\\\/wp-content\\\/uploads\\\/2015\\\/01\\\/ayuntamiento.jpg\",\"width\":800,\"height\":600,\"caption\":\"Carre\\u00f1o\"},\"datePublished\":\"2020-01-09T13:08:54+01:00\",\"dateModified\":\"2020-01-09T13:08:54+01:00\",\"inLanguage\":\"es-ES\",\"mainEntityOfPage\":{\"@id\":\"https:\\\/\\\/candas365.es\\\/noticias\\\/carreno-seleccionara-a-8-personas-desempleadas-para-realizar-obras-en-la-comunidad\\\/#webpage\"},\"isPartOf\":{\"@id\":\"https:\\\/\\\/candas365.es\\\/noticias\\\/carreno-seleccionara-a-8-personas-desempleadas-para-realizar-obras-en-la-comunidad\\\/#webpage\"},\"articleSection\":\"Noticias Carre\\u00f1o\",\"dateline\":\"Publicado el enero 9, 2020.\"},{\"@type\":\"Organization\",\"@id\":\"https:\\\/\\\/candas365.es\\\/noticias\\\/#organization\",\"name\":\"Cand\\u00e1s 365\",\"description\":\"Cand\\u00e1s 365 es un diario digital independiente, fundado en 2012, con base en Asturias. Informamos con rigor sobre actualidad, sociedad, cultura y ocio, con una mirada local y global.\",\"url\":\"https:\\\/\\\/candas365.es\\\/noticias\\\/\",\"email\":\"info@candas365.es\",\"telephone\":\"+34652131393\",\"foundingDate\":\"2012-06-10\",\"logo\":{\"@type\":\"ImageObject\",\"url\":\"https:\\\/\\\/candas365.es\\\/noticias\\\/wp-content\\\/uploads\\\/2024\\\/09\\\/Candas-365-Redes.jpg\",\"@id\":\"https:\\\/\\\/candas365.es\\\/noticias\\\/carreno-seleccionara-a-8-personas-desempleadas-para-realizar-obras-en-la-comunidad\\\/#organizationLogo\",\"width\":1152,\"height\":864,\"caption\":\"Cand\\u00e1s 365 Redes\"},\"image\":{\"@id\":\"https:\\\/\\\/candas365.es\\\/noticias\\\/carreno-seleccionara-a-8-personas-desempleadas-para-realizar-obras-en-la-comunidad\\\/#organizationLogo\"},\"sameAs\":[\"https:\\\/\\\/www.facebook.com\\\/Nachofdezber\",\"https:\\\/\\\/x.com\\\/NabercoDigital\",\"https:\\\/\\\/www.instagram.com\\\/nachofdezber\\\/\",\"https:\\\/\\\/www.youtube.com\\\/channel\\\/UCZP-2wLEB9Rv6erhFmqVnvg\"],\"address\":{\"@id\":\"https:\\\/\\\/candas365.es\\\/noticias\\\/#postaladdress\",\"@type\":\"PostalAddress\",\"streetAddress\":\"san antonio 4, san antonio 4\",\"postalCode\":\"33430\",\"addressLocality\":\"Cand\\u00e1s\",\"addressRegion\":\"Asturias\",\"addressCountry\":\"ES\"}},{\"@type\":\"Person\",\"@id\":\"https:\\\/\\\/candas365.es\\\/noticias\\\/author\\\/admin\\\/#author\",\"url\":\"https:\\\/\\\/candas365.es\\\/noticias\\\/author\\\/admin\\\/\",\"name\":\"Cand\\u00e1s 365\",\"image\":{\"@type\":\"ImageObject\",\"@id\":\"https:\\\/\\\/candas365.es\\\/noticias\\\/carreno-seleccionara-a-8-personas-desempleadas-para-realizar-obras-en-la-comunidad\\\/#authorImage\",\"url\":\"https:\\\/\\\/secure.gravatar.com\\\/avatar\\\/496a8e03d0c493ede1718b7934145dbdf8d89be1036b0eec9544e1094c9de390?s=96&d=mm&r=g\",\"width\":96,\"height\":96,\"caption\":\"Cand\\u00e1s 365\"},\"sameAs\":[\"https:\\\/\\\/www.facebook.com\\\/carrenoactualidad\",\"https:\\\/\\\/twitter.com\\\/nbasturias\",\"https:\\\/\\\/www.instagram.com\\\/nachofdezber\\\/\",\"https:\\\/\\\/www.youtube.com\\\/channel\\\/UCZP-2wLEB9Rv6erhFmqVnvg\"]},{\"@type\":\"WebPage\",\"@id\":\"https:\\\/\\\/candas365.es\\\/noticias\\\/carreno-seleccionara-a-8-personas-desempleadas-para-realizar-obras-en-la-comunidad\\\/#webpage\",\"url\":\"https:\\\/\\\/candas365.es\\\/noticias\\\/carreno-seleccionara-a-8-personas-desempleadas-para-realizar-obras-en-la-comunidad\\\/\",\"name\":\"Carre\\u00f1o seleccionar\\u00e1 a 8 personas desempleadas para realizar obras en la comunidad | Cand\\u00e1s 365\",\"description\":\"El Ayuntamiento de Carre\\u00f1o seleccionar\\u00e1 durante el primer trimestre de 2020 a un total de 8 trabajadores en situaci\\u00f3n de desempleo para la realizaci\\u00f3n de diferentes obras y servicios a la comunidad. Los contratos, de 1 a\\u00f1o de duraci\\u00f3n, se encuadran en el \\u201cPlan de Empleo en el marco de los itinerarios integrados de activaci\\u00f3n\",\"inLanguage\":\"es-ES\",\"isPartOf\":{\"@id\":\"https:\\\/\\\/candas365.es\\\/noticias\\\/#website\"},\"breadcrumb\":{\"@id\":\"https:\\\/\\\/candas365.es\\\/noticias\\\/carreno-seleccionara-a-8-personas-desempleadas-para-realizar-obras-en-la-comunidad\\\/#breadcrumblist\"},\"author\":{\"@id\":\"https:\\\/\\\/candas365.es\\\/noticias\\\/author\\\/admin\\\/#author\"},\"creator\":{\"@id\":\"https:\\\/\\\/candas365.es\\\/noticias\\\/author\\\/admin\\\/#author\"},\"image\":{\"@type\":\"ImageObject\",\"url\":\"https:\\\/\\\/candas365.es\\\/noticias\\\/wp-content\\\/uploads\\\/2015\\\/01\\\/ayuntamiento.jpg\",\"@id\":\"https:\\\/\\\/candas365.es\\\/noticias\\\/carreno-seleccionara-a-8-personas-desempleadas-para-realizar-obras-en-la-comunidad\\\/#mainImage\",\"width\":800,\"height\":600,\"caption\":\"Carre\\u00f1o\"},\"primaryImageOfPage\":{\"@id\":\"https:\\\/\\\/candas365.es\\\/noticias\\\/carreno-seleccionara-a-8-personas-desempleadas-para-realizar-obras-en-la-comunidad\\\/#mainImage\"},\"datePublished\":\"2020-01-09T13:08:54+01:00\",\"dateModified\":\"2020-01-09T13:08:54+01:00\"},{\"@type\":\"WebSite\",\"@id\":\"https:\\\/\\\/candas365.es\\\/noticias\\\/#website\",\"url\":\"https:\\\/\\\/candas365.es\\\/noticias\\\/\",\"name\":\"Cand\\u00e1s 365\",\"alternateName\":\"Cand\\u00e1s 365 Noticias\",\"description\":\"Actualidad desde Carre\\u00f1o para el mundo\",\"inLanguage\":\"es-ES\",\"publisher\":{\"@id\":\"https:\\\/\\\/candas365.es\\\/noticias\\\/#organization\"}}]}\n\t\t<\/script>\n\t\t<!-- All in One SEO Pro -->\r\n\t\t<title>Carre\u00f1o seleccionar\u00e1 a 8 personas desempleadas para realizar obras en la comunidad | Cand\u00e1s 365<\/title>\n\n","aioseo_head_json":{"title":"Carre\u00f1o seleccionar\u00e1 a 8 personas desempleadas para realizar obras en la comunidad | Cand\u00e1s 365","description":"El Ayuntamiento de Carre\u00f1o seleccionar\u00e1 durante el primer trimestre de 2020 a un total de 8 trabajadores en situaci\u00f3n de desempleo para la realizaci\u00f3n de diferentes obras y servicios a la comunidad. Los contratos, de 1 a\u00f1o de duraci\u00f3n, se encuadran en el \u201cPlan de Empleo en el marco de los itinerarios integrados de activaci\u00f3n","canonical_url":"https:\/\/candas365.es\/noticias\/carreno-seleccionara-a-8-personas-desempleadas-para-realizar-obras-en-la-comunidad\/","robots":"max-image-preview:large","keywords":"noticias carre\u00f1o","webmasterTools":{"google-site-verification":"UA-32230408-1","msvalidate.01":"354F3CDFB2DA171B47FBE9ABF1F88D5","miscellaneous":""},"schema":{"@context":"https:\/\/schema.org","@graph":[{"@type":"BreadcrumbList","@id":"https:\/\/candas365.es\/noticias\/carreno-seleccionara-a-8-personas-desempleadas-para-realizar-obras-en-la-comunidad\/#breadcrumblist","itemListElement":[{"@type":"ListItem","@id":"https:\/\/candas365.es\/noticias#listItem","position":1,"name":"Home","item":"https:\/\/candas365.es\/noticias","nextItem":{"@type":"ListItem","@id":"https:\/\/candas365.es\/noticias\/category\/noticias-carreno\/#listItem","name":"Noticias Carre\u00f1o"}},{"@type":"ListItem","@id":"https:\/\/candas365.es\/noticias\/category\/noticias-carreno\/#listItem","position":2,"name":"Noticias Carre\u00f1o","item":"https:\/\/candas365.es\/noticias\/category\/noticias-carreno\/","nextItem":{"@type":"ListItem","@id":"https:\/\/candas365.es\/noticias\/carreno-seleccionara-a-8-personas-desempleadas-para-realizar-obras-en-la-comunidad\/#listItem","name":"Carre\u00f1o seleccionar\u00e1 a 8 personas desempleadas para realizar obras en la comunidad"},"previousItem":{"@type":"ListItem","@id":"https:\/\/candas365.es\/noticias#listItem","name":"Home"}},{"@type":"ListItem","@id":"https:\/\/candas365.es\/noticias\/carreno-seleccionara-a-8-personas-desempleadas-para-realizar-obras-en-la-comunidad\/#listItem","position":3,"name":"Carre\u00f1o seleccionar\u00e1 a 8 personas desempleadas para realizar obras en la comunidad","previousItem":{"@type":"ListItem","@id":"https:\/\/candas365.es\/noticias\/category\/noticias-carreno\/#listItem","name":"Noticias Carre\u00f1o"}}]},{"@type":"NewsArticle","@id":"https:\/\/candas365.es\/noticias\/carreno-seleccionara-a-8-personas-desempleadas-para-realizar-obras-en-la-comunidad\/#newsarticle","name":"Carre\u00f1o seleccionar\u00e1 a 8 personas desempleadas para realizar obras en la comunidad | Cand\u00e1s 365","headline":"Carre\u00f1o seleccionar\u00e1 a 8 personas desempleadas para realizar obras en la comunidad","author":{"@id":"https:\/\/candas365.es\/noticias\/author\/admin\/#author"},"publisher":{"@id":"https:\/\/candas365.es\/noticias\/#organization"},"image":{"@type":"ImageObject","url":"https:\/\/candas365.es\/noticias\/wp-content\/uploads\/2015\/01\/ayuntamiento.jpg","width":800,"height":600,"caption":"Carre\u00f1o"},"datePublished":"2020-01-09T13:08:54+01:00","dateModified":"2020-01-09T13:08:54+01:00","inLanguage":"es-ES","mainEntityOfPage":{"@id":"https:\/\/candas365.es\/noticias\/carreno-seleccionara-a-8-personas-desempleadas-para-realizar-obras-en-la-comunidad\/#webpage"},"isPartOf":{"@id":"https:\/\/candas365.es\/noticias\/carreno-seleccionara-a-8-personas-desempleadas-para-realizar-obras-en-la-comunidad\/#webpage"},"articleSection":"Noticias Carre\u00f1o","dateline":"Publicado el enero 9, 2020."},{"@type":"Organization","@id":"https:\/\/candas365.es\/noticias\/#organization","name":"Cand\u00e1s 365","description":"Cand\u00e1s 365 es un diario digital independiente, fundado en 2012, con base en Asturias. Informamos con rigor sobre actualidad, sociedad, cultura y ocio, con una mirada local y global.","url":"https:\/\/candas365.es\/noticias\/","email":"info@candas365.es","telephone":"+34652131393","foundingDate":"2012-06-10","logo":{"@type":"ImageObject","url":"https:\/\/candas365.es\/noticias\/wp-content\/uploads\/2024\/09\/Candas-365-Redes.jpg","@id":"https:\/\/candas365.es\/noticias\/carreno-seleccionara-a-8-personas-desempleadas-para-realizar-obras-en-la-comunidad\/#organizationLogo","width":1152,"height":864,"caption":"Cand\u00e1s 365 Redes"},"image":{"@id":"https:\/\/candas365.es\/noticias\/carreno-seleccionara-a-8-personas-desempleadas-para-realizar-obras-en-la-comunidad\/#organizationLogo"},"sameAs":["https:\/\/www.facebook.com\/Nachofdezber","https:\/\/x.com\/NabercoDigital","https:\/\/www.instagram.com\/nachofdezber\/","https:\/\/www.youtube.com\/channel\/UCZP-2wLEB9Rv6erhFmqVnvg"],"address":{"@id":"https:\/\/candas365.es\/noticias\/#postaladdress","@type":"PostalAddress","streetAddress":"san antonio 4, san antonio 4","postalCode":"33430","addressLocality":"Cand\u00e1s","addressRegion":"Asturias","addressCountry":"ES"}},{"@type":"Person","@id":"https:\/\/candas365.es\/noticias\/author\/admin\/#author","url":"https:\/\/candas365.es\/noticias\/author\/admin\/","name":"Cand\u00e1s 365","image":{"@type":"ImageObject","@id":"https:\/\/candas365.es\/noticias\/carreno-seleccionara-a-8-personas-desempleadas-para-realizar-obras-en-la-comunidad\/#authorImage","url":"https:\/\/secure.gravatar.com\/avatar\/496a8e03d0c493ede1718b7934145dbdf8d89be1036b0eec9544e1094c9de390?s=96&d=mm&r=g","width":96,"height":96,"caption":"Cand\u00e1s 365"},"sameAs":["https:\/\/www.facebook.com\/carrenoactualidad","https:\/\/twitter.com\/nbasturias","https:\/\/www.instagram.com\/nachofdezber\/","https:\/\/www.youtube.com\/channel\/UCZP-2wLEB9Rv6erhFmqVnvg"]},{"@type":"WebPage","@id":"https:\/\/candas365.es\/noticias\/carreno-seleccionara-a-8-personas-desempleadas-para-realizar-obras-en-la-comunidad\/#webpage","url":"https:\/\/candas365.es\/noticias\/carreno-seleccionara-a-8-personas-desempleadas-para-realizar-obras-en-la-comunidad\/","name":"Carre\u00f1o seleccionar\u00e1 a 8 personas desempleadas para realizar obras en la comunidad | Cand\u00e1s 365","description":"El Ayuntamiento de Carre\u00f1o seleccionar\u00e1 durante el primer trimestre de 2020 a un total de 8 trabajadores en situaci\u00f3n de desempleo para la realizaci\u00f3n de diferentes obras y servicios a la comunidad. Los contratos, de 1 a\u00f1o de duraci\u00f3n, se encuadran en el \u201cPlan de Empleo en el marco de los itinerarios integrados de activaci\u00f3n","inLanguage":"es-ES","isPartOf":{"@id":"https:\/\/candas365.es\/noticias\/#website"},"breadcrumb":{"@id":"https:\/\/candas365.es\/noticias\/carreno-seleccionara-a-8-personas-desempleadas-para-realizar-obras-en-la-comunidad\/#breadcrumblist"},"author":{"@id":"https:\/\/candas365.es\/noticias\/author\/admin\/#author"},"creator":{"@id":"https:\/\/candas365.es\/noticias\/author\/admin\/#author"},"image":{"@type":"ImageObject","url":"https:\/\/candas365.es\/noticias\/wp-content\/uploads\/2015\/01\/ayuntamiento.jpg","@id":"https:\/\/candas365.es\/noticias\/carreno-seleccionara-a-8-personas-desempleadas-para-realizar-obras-en-la-comunidad\/#mainImage","width":800,"height":600,"caption":"Carre\u00f1o"},"primaryImageOfPage":{"@id":"https:\/\/candas365.es\/noticias\/carreno-seleccionara-a-8-personas-desempleadas-para-realizar-obras-en-la-comunidad\/#mainImage"},"datePublished":"2020-01-09T13:08:54+01:00","dateModified":"2020-01-09T13:08:54+01:00"},{"@type":"WebSite","@id":"https:\/\/candas365.es\/noticias\/#website","url":"https:\/\/candas365.es\/noticias\/","name":"Cand\u00e1s 365","alternateName":"Cand\u00e1s 365 Noticias","description":"Actualidad desde Carre\u00f1o para el mundo","inLanguage":"es-ES","publisher":{"@id":"https:\/\/candas365.es\/noticias\/#organization"}}]},"og:locale":"es_ES","og:site_name":"Cand\u00e1s 365","og:type":"article","og:title":"Carre\u00f1o seleccionar\u00e1 a 8 personas desempleadas para realizar obras en la comunidad | Cand\u00e1s 365","og:description":"El Ayuntamiento de Carre\u00f1o seleccionar\u00e1 durante el primer trimestre de 2020 a un total de 8 trabajadores en situaci\u00f3n de desempleo para la realizaci\u00f3n de diferentes obras y servicios a la comunidad. Los contratos, de 1 a\u00f1o de duraci\u00f3n, se encuadran en el \u201cPlan de Empleo en el marco de los itinerarios integrados de activaci\u00f3n","og:url":"https:\/\/candas365.es\/noticias\/carreno-seleccionara-a-8-personas-desempleadas-para-realizar-obras-en-la-comunidad\/","og:image":"https:\/\/candas365.es\/noticias\/wp-content\/uploads\/2015\/01\/ayuntamiento.jpg","og:image:secure_url":"https:\/\/candas365.es\/noticias\/wp-content\/uploads\/2015\/01\/ayuntamiento.jpg","og:image:width":800,"og:image:height":600,"article:published_time":"2020-01-09T13:08:54+00:00","article:modified_time":"2020-01-09T13:08:54+00:00","article:publisher":"https:\/\/www.facebook.com\/Nachofdezber","article:author":"https:\/\/www.facebook.com\/carrenoactualidad","twitter:card":"summary_large_image","twitter:site":"@NabercoDigital","twitter:title":"Carre\u00f1o seleccionar\u00e1 a 8 personas desempleadas para realizar obras en la comunidad | Cand\u00e1s 365","twitter:description":"El Ayuntamiento de Carre\u00f1o seleccionar\u00e1 durante el primer trimestre de 2020 a un total de 8 trabajadores en situaci\u00f3n de desempleo para la realizaci\u00f3n de diferentes obras y servicios a la comunidad. Los contratos, de 1 a\u00f1o de duraci\u00f3n, se encuadran en el \u201cPlan de Empleo en el marco de los itinerarios integrados de activaci\u00f3n","twitter:creator":"@nbasturias","twitter:image":"https:\/\/candas365.es\/noticias\/wp-content\/uploads\/2015\/01\/ayuntamiento.jpg","twitter:label1":"Escrito por","twitter:data1":"Cand\u00e1s 365","twitter:label2":"Tiempo de lectura estimado","twitter:data2":"1 minuto"},"aioseo_meta_data":{"post_id":"136046","title":null,"description":null,"keywords":null,"keyphrases":null,"primary_term":null,"canonical_url":null,"og_title":null,"og_description":null,"og_object_type":"default","og_image_type":"default","og_image_url":null,"og_image_width":null,"og_image_height":null,"og_image_custom_url":null,"og_image_custom_fields":null,"og_video":null,"og_custom_url":null,"og_article_section":null,"og_article_tags":null,"twitter_use_og":false,"twitter_card":"default","twitter_image_type":"default","twitter_image_url":null,"twitter_image_custom_url":null,"twitter_image_custom_fields":null,"twitter_title":null,"twitter_description":null,"schema":{"blockGraphs":[],"customGraphs":[],"default":{"data":{"Article":[],"Course":[],"Dataset":[],"FAQPage":[],"Movie":[],"Person":[],"Product":[],"ProductReview":[],"Car":[],"Recipe":[],"Service":[],"SoftwareApplication":[],"WebPage":[]},"graphName":"","isEnabled":true},"graphs":[]},"schema_type":null,"schema_type_options":null,"pillar_content":false,"robots_default":true,"robots_noindex":false,"robots_noarchive":false,"robots_nosnippet":false,"robots_nofollow":false,"robots_noimageindex":false,"robots_noodp":false,"robots_notranslate":false,"robots_max_snippet":null,"robots_max_videopreview":null,"robots_max_imagepreview":"large","priority":null,"frequency":null,"location":null,"local_seo":null,"seo_analyzer_scan_date":"2025-08-30 21:07:16","breadcrumb_settings":null,"limit_modified_date":false,"reviewed_by":null,"open_ai":null,"ai":null,"created":"2020-12-21 10:48:18","updated":"2025-08-30 21:07:16"},"aioseo_breadcrumb":"<div class=\"aioseo-breadcrumbs\"><span class=\"aioseo-breadcrumb\">\n\t<a href=\"https:\/\/candas365.es\/noticias\" title=\"Home\">Home<\/a>\n<\/span><span class=\"aioseo-breadcrumb-separator\">&ndash;<\/span><span class=\"aioseo-breadcrumb\">\n\t<a href=\"https:\/\/candas365.es\/noticias\/category\/noticias-carreno\/\" title=\"Noticias Carre\u00f1o\">Noticias Carre\u00f1o<\/a>\n<\/span><span class=\"aioseo-breadcrumb-separator\">&ndash;<\/span><span class=\"aioseo-breadcrumb\">\n\tCarre\u00f1o seleccionar\u00e1 a 8 personas desempleadas para realizar obras en la comunidad\n<\/span><\/div>","aioseo_breadcrumb_json":[{"label":"Home","link":"https:\/\/candas365.es\/noticias"},{"label":"Noticias Carre\u00f1o","link":"https:\/\/candas365.es\/noticias\/category\/noticias-carreno\/"},{"label":"Carre\u00f1o seleccionar\u00e1 a 8 personas desempleadas para realizar obras en la comunidad","link":"https:\/\/candas365.es\/noticias\/carreno-seleccionara-a-8-personas-desempleadas-para-realizar-obras-en-la-comunidad\/"}],"_links":{"self":[{"href":"https:\/\/candas365.es\/noticias\/wp-json\/wp\/v2\/posts\/136046","targetHints":{"allow":["GET"]}}],"collection":[{"href":"https:\/\/candas365.es\/noticias\/wp-json\/wp\/v2\/posts"}],"about":[{"href":"https:\/\/candas365.es\/noticias\/wp-json\/wp\/v2\/types\/post"}],"author":[{"embeddable":true,"href":"https:\/\/candas365.es\/noticias\/wp-json\/wp\/v2\/users\/1"}],"replies":[{"embeddable":true,"href":"https:\/\/candas365.es\/noticias\/wp-json\/wp\/v2\/comments?post=136046"}],"version-history":[{"count":0,"href":"https:\/\/candas365.es\/noticias\/wp-json\/wp\/v2\/posts\/136046\/revisions"}],"wp:featuredmedia":[{"embeddable":true,"href":"https:\/\/candas365.es\/noticias\/wp-json\/wp\/v2\/media\/6453"}],"wp:attachment":[{"href":"https:\/\/candas365.es\/noticias\/wp-json\/wp\/v2\/media?parent=136046"}],"wp:term":[{"taxonomy":"category","embeddable":true,"href":"https:\/\/candas365.es\/noticias\/wp-json\/wp\/v2\/categories?post=136046"},{"taxonomy":"post_tag","embeddable":true,"href":"https:\/\/candas365.es\/noticias\/wp-json\/wp\/v2\/tags?post=136046"}],"curies":[{"name":"wp","href":"https:\/\/api.w.org\/{rel}","templated":true}]}}