{"id":135825,"date":"2020-01-03T05:21:59","date_gmt":"2020-01-03T05:21:59","guid":{"rendered":"http:\/\/candas365.es\/noticias\/?p=135825"},"modified":"2020-01-03T05:21:59","modified_gmt":"2020-01-03T05:21:59","slug":"aplazado-el-zaragoza-vs-sporting","status":"publish","type":"post","link":"https:\/\/candas365.es\/noticias\/aplazado-el-zaragoza-vs-sporting\/","title":{"rendered":"Aplazado el Zaragoza vs Sporting"},"content":{"rendered":"<figure id=\"attachment_135826\" aria-describedby=\"caption-attachment-135826\" style=\"width: 360px\" class=\"wp-caption alignleft\"><img fetchpriority=\"high\" decoding=\"async\" class=\"size-medium wp-image-135826\" src=\"https:\/\/candas365.es\/noticias\/wp-content\/uploads\/2020\/01\/Romareda-ep-360x266.jpg\" alt=\"\" width=\"360\" height=\"266\" srcset=\"https:\/\/candas365.es\/noticias\/wp-content\/uploads\/2020\/01\/Romareda-ep-360x266.jpg 360w, https:\/\/candas365.es\/noticias\/wp-content\/uploads\/2020\/01\/Romareda-ep-649x480.jpg 649w, https:\/\/candas365.es\/noticias\/wp-content\/uploads\/2020\/01\/Romareda-ep-768x568.jpg 768w, https:\/\/candas365.es\/noticias\/wp-content\/uploads\/2020\/01\/Romareda-ep-696x514.jpg 696w, https:\/\/candas365.es\/noticias\/wp-content\/uploads\/2020\/01\/Romareda-ep-568x420.jpg 568w, https:\/\/candas365.es\/noticias\/wp-content\/uploads\/2020\/01\/Romareda-ep-80x60.jpg 80w, https:\/\/candas365.es\/noticias\/wp-content\/uploads\/2020\/01\/Romareda-ep.jpg 893w\" sizes=\"(max-width: 360px) 100vw, 360px\" \/><figcaption id=\"caption-attachment-135826\" class=\"wp-caption-text\">Foto: Europa Press<\/figcaption><\/figure>\n<p>MADRID, 2 Ene. 2020 (Europa Press) &#8211;\u00a0El partido entre Real Zaragoza y Sporting de Gij\u00f3n programado para este viernes en la jornada 22 de LaLiga SmartBank ha sido aplazado este jueves por el Comit\u00e9 de Competici\u00f3n de la Federaci\u00f3n, aceptando la solicitud hecha por la ma\u00f1ana por parte del cuadro asturiano por la gripe que asola su plantilla.<\/p>\n<p>\u00abEl Comit\u00e9 de Competici\u00f3n de la RFEF suspende el Real Zaragoza &#8211; Real Sporting debido a la plaga de afectados por gripe en el conjunto asturiano\u00bb, comunic\u00f3 la RFEF en un avance a trav\u00e9s de su cuenta oficial de Twitter, a las 20:30 horas del jueves.<\/p>\n<p>La plantilla asturiana parti\u00f3 por la ma\u00f1ana rumbo a Zaragoza a la espera de la respuesta a su solicitud. \u00abMe gustar\u00eda hablar de t\u00e1cticas y el partido, pero el protagonista es la gripe. Tengo 10 jugadores afectados y otra gente incubando. El club ha pedido el aplazamiento\u00bb, dijo Miroslav Djukic, t\u00e9cnico del Sporting.<\/p>\n<p>De hecho, Djukic iba a debutar en La Romareda, despu\u00e9s de la destituci\u00f3n antes del par\u00f3n navide\u00f1o de Jos\u00e9 Alberto L\u00f3pez. Finalmente, el partido qued\u00f3 aplazado a la espera de que se conozca nueva fecha. En su comunicado, Competici\u00f3n decidi\u00f3 \u00abaplazar el encuentro y conceder a los citados clubes un plazo hasta las 14:00 horas del d\u00eda de ma\u00f1ana para que se pongan de acuerdo en la nueva fecha para la celebraci\u00f3n del encuentro. En caso de no alcanzar un acuerdo ser\u00e1 este Comit\u00e9 quien determine la nueva fecha\u00bb.<\/p>\n<p>Para el Zaragoza es el segundo partido que tiene que aplazar, ya que en la sexta jornada el Fuenlabrada no jug\u00f3 por una intoxicaci\u00f3n alimentaria en la plantilla. De hecho, el cuadro ma\u00f1o emiti\u00f3 un comunicado en el que mostr\u00f3 su disconformidad con este tipo de situaciones. \u00abEl Real Zaragoza tiene la obligaci\u00f3n de acatar la decisi\u00f3n, pero expres\u00f3 su voluntad de que el partido se disputara en la fecha y hora inicialmente marcadas, para salvaguardar sus intereses deportivos y con el \u00e1nimo de evitar mayores trastornos a sus propios abonados y aficionados\u00bb, dice.<\/p>\n<p>\u00abEl Real Zaragoza ha transmitido a la Federaci\u00f3n Espa\u00f1ola su solicitud de que los informes m\u00e9dicos de jugadores que pudieran estar afectados por problemas f\u00edsicos de esta \u00edndole se lleven a cabo por facultativos m\u00e9dicos independientes de sus propios clubes, y cuenten con el imprescindible respaldo de la propia Federaci\u00f3n Espa\u00f1ola a la hora de tomar una decisi\u00f3n sobre el aplazamiento de partidos. Lo que garantizar\u00eda la salvaguarda jur\u00eddica y la integridad de la propia Competici\u00f3n\u00bb, a\u00f1ade.<\/p>\n","protected":false},"excerpt":{"rendered":"<p>MADRID, 2 Ene. 2020 (Europa Press) &#8211;\u00a0El partido entre Real Zaragoza y Sporting de Gij\u00f3n programado para este viernes en la jornada 22 de LaLiga SmartBank ha sido aplazado este jueves por el Comit\u00e9 de Competici\u00f3n de la Federaci\u00f3n, aceptando la solicitud hecha por la ma\u00f1ana por parte del cuadro asturiano por la gripe que<\/p>\n","protected":false},"author":1,"featured_media":135826,"comment_status":"closed","ping_status":"closed","sticky":false,"template":"","format":"standard","meta":{"footnotes":""},"categories":[319],"tags":[],"class_list":{"0":"post-135825","1":"post","2":"type-post","3":"status-publish","4":"format-standard","5":"has-post-thumbnail","7":"category-deporte"},"aioseo_notices":[],"aioseo_head":"\n\t\t<!-- All in One SEO Pro 4.9.6.2 - aioseo.com -->\n\t<meta name=\"description\" content=\"MADRID, 2 Ene. 2020 (Europa Press) - El partido entre Real Zaragoza y Sporting de Gij\u00f3n programado para este viernes en la jornada 22 de LaLiga SmartBank ha sido aplazado este jueves por el Comit\u00e9 de Competici\u00f3n de la Federaci\u00f3n, aceptando la solicitud hecha por la ma\u00f1ana por parte del cuadro asturiano por la gripe que\" \/>\n\t<meta name=\"robots\" content=\"max-image-preview:large\" \/>\n\t<meta name=\"author\" content=\"Cand\u00e1s 365\"\/>\n\t<meta name=\"google-site-verification\" content=\"UA-32230408-1\" \/>\n\t<meta name=\"msvalidate.01\" content=\"354F3CDFB2DA171B47FBE9ABF1F88D5\" \/>\n\t<meta name=\"keywords\" content=\"deporte\" \/>\n\t<link rel=\"canonical\" href=\"https:\/\/candas365.es\/noticias\/aplazado-el-zaragoza-vs-sporting\/\" \/>\n\t<meta name=\"generator\" content=\"All in One SEO Pro (AIOSEO) 4.9.6.2\" \/>\n\t\t<meta property=\"og:locale\" content=\"es_ES\" \/>\n\t\t<meta property=\"og:site_name\" content=\"Cand\u00e1s 365\" \/>\n\t\t<meta property=\"og:type\" content=\"article\" \/>\n\t\t<meta property=\"og:title\" content=\"Aplazado el Zaragoza vs Sporting | Cand\u00e1s 365\" \/>\n\t\t<meta property=\"og:description\" content=\"MADRID, 2 Ene. 2020 (Europa Press) - El partido entre Real Zaragoza y Sporting de Gij\u00f3n programado para este viernes en la jornada 22 de LaLiga SmartBank ha sido aplazado este jueves por el Comit\u00e9 de Competici\u00f3n de la Federaci\u00f3n, aceptando la solicitud hecha por la ma\u00f1ana por parte del cuadro asturiano por la gripe que\" \/>\n\t\t<meta property=\"og:url\" content=\"https:\/\/candas365.es\/noticias\/aplazado-el-zaragoza-vs-sporting\/\" \/>\n\t\t<meta property=\"og:image\" content=\"https:\/\/candas365.es\/noticias\/wp-content\/uploads\/2020\/01\/Romareda-ep.jpg\" \/>\n\t\t<meta property=\"og:image:secure_url\" content=\"https:\/\/candas365.es\/noticias\/wp-content\/uploads\/2020\/01\/Romareda-ep.jpg\" \/>\n\t\t<meta property=\"og:image:width\" content=\"893\" \/>\n\t\t<meta property=\"og:image:height\" content=\"660\" \/>\n\t\t<meta property=\"article:published_time\" content=\"2020-01-03T05:21:59+00:00\" \/>\n\t\t<meta property=\"article:modified_time\" content=\"2020-01-03T05:21:59+00:00\" \/>\n\t\t<meta property=\"article:publisher\" content=\"https:\/\/www.facebook.com\/Nachofdezber\" \/>\n\t\t<meta property=\"article:author\" content=\"https:\/\/www.facebook.com\/carrenoactualidad\" \/>\n\t\t<meta name=\"twitter:card\" content=\"summary_large_image\" \/>\n\t\t<meta name=\"twitter:site\" content=\"@NabercoDigital\" \/>\n\t\t<meta name=\"twitter:title\" content=\"Aplazado el Zaragoza vs Sporting | Cand\u00e1s 365\" \/>\n\t\t<meta name=\"twitter:description\" content=\"MADRID, 2 Ene. 2020 (Europa Press) - El partido entre Real Zaragoza y Sporting de Gij\u00f3n programado para este viernes en la jornada 22 de LaLiga SmartBank ha sido aplazado este jueves por el Comit\u00e9 de Competici\u00f3n de la Federaci\u00f3n, aceptando la solicitud hecha por la ma\u00f1ana por parte del cuadro asturiano por la gripe que\" \/>\n\t\t<meta name=\"twitter:creator\" content=\"@nbasturias\" \/>\n\t\t<meta name=\"twitter:image\" content=\"https:\/\/candas365.es\/noticias\/wp-content\/uploads\/2020\/01\/Romareda-ep.jpg\" \/>\n\t\t<meta name=\"twitter:label1\" content=\"Escrito por\" \/>\n\t\t<meta name=\"twitter:data1\" content=\"Cand\u00e1s 365\" \/>\n\t\t<meta name=\"twitter:label2\" content=\"Tiempo de lectura estimado\" \/>\n\t\t<meta name=\"twitter:data2\" content=\"2 minutos\" \/>\n\t\t<script type=\"application\/ld+json\" class=\"aioseo-schema\">\n\t\t\t{\"@context\":\"https:\\\/\\\/schema.org\",\"@graph\":[{\"@type\":\"BreadcrumbList\",\"@id\":\"https:\\\/\\\/candas365.es\\\/noticias\\\/aplazado-el-zaragoza-vs-sporting\\\/#breadcrumblist\",\"itemListElement\":[{\"@type\":\"ListItem\",\"@id\":\"https:\\\/\\\/candas365.es\\\/noticias#listItem\",\"position\":1,\"name\":\"Home\",\"item\":\"https:\\\/\\\/candas365.es\\\/noticias\",\"nextItem\":{\"@type\":\"ListItem\",\"@id\":\"https:\\\/\\\/candas365.es\\\/noticias\\\/category\\\/deporte\\\/#listItem\",\"name\":\"Deporte\"}},{\"@type\":\"ListItem\",\"@id\":\"https:\\\/\\\/candas365.es\\\/noticias\\\/category\\\/deporte\\\/#listItem\",\"position\":2,\"name\":\"Deporte\",\"item\":\"https:\\\/\\\/candas365.es\\\/noticias\\\/category\\\/deporte\\\/\",\"nextItem\":{\"@type\":\"ListItem\",\"@id\":\"https:\\\/\\\/candas365.es\\\/noticias\\\/aplazado-el-zaragoza-vs-sporting\\\/#listItem\",\"name\":\"Aplazado el Zaragoza vs Sporting\"},\"previousItem\":{\"@type\":\"ListItem\",\"@id\":\"https:\\\/\\\/candas365.es\\\/noticias#listItem\",\"name\":\"Home\"}},{\"@type\":\"ListItem\",\"@id\":\"https:\\\/\\\/candas365.es\\\/noticias\\\/aplazado-el-zaragoza-vs-sporting\\\/#listItem\",\"position\":3,\"name\":\"Aplazado el Zaragoza vs Sporting\",\"previousItem\":{\"@type\":\"ListItem\",\"@id\":\"https:\\\/\\\/candas365.es\\\/noticias\\\/category\\\/deporte\\\/#listItem\",\"name\":\"Deporte\"}}]},{\"@type\":\"NewsArticle\",\"@id\":\"https:\\\/\\\/candas365.es\\\/noticias\\\/aplazado-el-zaragoza-vs-sporting\\\/#newsarticle\",\"name\":\"Aplazado el Zaragoza vs Sporting | Cand\\u00e1s 365\",\"headline\":\"Aplazado el Zaragoza vs Sporting\",\"author\":{\"@id\":\"https:\\\/\\\/candas365.es\\\/noticias\\\/author\\\/admin\\\/#author\"},\"publisher\":{\"@id\":\"https:\\\/\\\/candas365.es\\\/noticias\\\/#organization\"},\"image\":{\"@type\":\"ImageObject\",\"url\":\"https:\\\/\\\/candas365.es\\\/noticias\\\/wp-content\\\/uploads\\\/2020\\\/01\\\/Romareda-ep.jpg\",\"width\":893,\"height\":660,\"caption\":\"Foto: Europa Press\"},\"datePublished\":\"2020-01-03T05:21:59+01:00\",\"dateModified\":\"2020-01-03T05:21:59+01:00\",\"inLanguage\":\"es-ES\",\"mainEntityOfPage\":{\"@id\":\"https:\\\/\\\/candas365.es\\\/noticias\\\/aplazado-el-zaragoza-vs-sporting\\\/#webpage\"},\"isPartOf\":{\"@id\":\"https:\\\/\\\/candas365.es\\\/noticias\\\/aplazado-el-zaragoza-vs-sporting\\\/#webpage\"},\"articleSection\":\"Deporte\",\"dateline\":\"Publicado el enero 3, 2020.\"},{\"@type\":\"Organization\",\"@id\":\"https:\\\/\\\/candas365.es\\\/noticias\\\/#organization\",\"name\":\"Cand\\u00e1s 365\",\"description\":\"Cand\\u00e1s 365 es un diario digital independiente, fundado en 2012, con base en Asturias. Informamos con rigor sobre actualidad, sociedad, cultura y ocio, con una mirada local y global.\",\"url\":\"https:\\\/\\\/candas365.es\\\/noticias\\\/\",\"email\":\"info@candas365.es\",\"telephone\":\"+34652131393\",\"foundingDate\":\"2012-06-10\",\"logo\":{\"@type\":\"ImageObject\",\"url\":\"https:\\\/\\\/candas365.es\\\/noticias\\\/wp-content\\\/uploads\\\/2024\\\/09\\\/Candas-365-Redes.jpg\",\"@id\":\"https:\\\/\\\/candas365.es\\\/noticias\\\/aplazado-el-zaragoza-vs-sporting\\\/#organizationLogo\",\"width\":1152,\"height\":864,\"caption\":\"Cand\\u00e1s 365 Redes\"},\"image\":{\"@id\":\"https:\\\/\\\/candas365.es\\\/noticias\\\/aplazado-el-zaragoza-vs-sporting\\\/#organizationLogo\"},\"sameAs\":[\"https:\\\/\\\/www.facebook.com\\\/Nachofdezber\",\"https:\\\/\\\/x.com\\\/NabercoDigital\",\"https:\\\/\\\/www.instagram.com\\\/nachofdezber\\\/\",\"https:\\\/\\\/www.youtube.com\\\/channel\\\/UCZP-2wLEB9Rv6erhFmqVnvg\"],\"address\":{\"@id\":\"https:\\\/\\\/candas365.es\\\/noticias\\\/#postaladdress\",\"@type\":\"PostalAddress\",\"streetAddress\":\"san antonio 4, san antonio 4\",\"postalCode\":\"33430\",\"addressLocality\":\"Cand\\u00e1s\",\"addressRegion\":\"Asturias\",\"addressCountry\":\"ES\"}},{\"@type\":\"Person\",\"@id\":\"https:\\\/\\\/candas365.es\\\/noticias\\\/author\\\/admin\\\/#author\",\"url\":\"https:\\\/\\\/candas365.es\\\/noticias\\\/author\\\/admin\\\/\",\"name\":\"Cand\\u00e1s 365\",\"image\":{\"@type\":\"ImageObject\",\"@id\":\"https:\\\/\\\/candas365.es\\\/noticias\\\/aplazado-el-zaragoza-vs-sporting\\\/#authorImage\",\"url\":\"https:\\\/\\\/secure.gravatar.com\\\/avatar\\\/496a8e03d0c493ede1718b7934145dbdf8d89be1036b0eec9544e1094c9de390?s=96&d=mm&r=g\",\"width\":96,\"height\":96,\"caption\":\"Cand\\u00e1s 365\"},\"sameAs\":[\"https:\\\/\\\/www.facebook.com\\\/carrenoactualidad\",\"https:\\\/\\\/twitter.com\\\/nbasturias\",\"https:\\\/\\\/www.instagram.com\\\/nachofdezber\\\/\",\"https:\\\/\\\/www.youtube.com\\\/channel\\\/UCZP-2wLEB9Rv6erhFmqVnvg\"]},{\"@type\":\"WebPage\",\"@id\":\"https:\\\/\\\/candas365.es\\\/noticias\\\/aplazado-el-zaragoza-vs-sporting\\\/#webpage\",\"url\":\"https:\\\/\\\/candas365.es\\\/noticias\\\/aplazado-el-zaragoza-vs-sporting\\\/\",\"name\":\"Aplazado el Zaragoza vs Sporting | Cand\\u00e1s 365\",\"description\":\"MADRID, 2 Ene. 2020 (Europa Press) - El partido entre Real Zaragoza y Sporting de Gij\\u00f3n programado para este viernes en la jornada 22 de LaLiga SmartBank ha sido aplazado este jueves por el Comit\\u00e9 de Competici\\u00f3n de la Federaci\\u00f3n, aceptando la solicitud hecha por la ma\\u00f1ana por parte del cuadro asturiano por la gripe que\",\"inLanguage\":\"es-ES\",\"isPartOf\":{\"@id\":\"https:\\\/\\\/candas365.es\\\/noticias\\\/#website\"},\"breadcrumb\":{\"@id\":\"https:\\\/\\\/candas365.es\\\/noticias\\\/aplazado-el-zaragoza-vs-sporting\\\/#breadcrumblist\"},\"author\":{\"@id\":\"https:\\\/\\\/candas365.es\\\/noticias\\\/author\\\/admin\\\/#author\"},\"creator\":{\"@id\":\"https:\\\/\\\/candas365.es\\\/noticias\\\/author\\\/admin\\\/#author\"},\"image\":{\"@type\":\"ImageObject\",\"url\":\"https:\\\/\\\/candas365.es\\\/noticias\\\/wp-content\\\/uploads\\\/2020\\\/01\\\/Romareda-ep.jpg\",\"@id\":\"https:\\\/\\\/candas365.es\\\/noticias\\\/aplazado-el-zaragoza-vs-sporting\\\/#mainImage\",\"width\":893,\"height\":660,\"caption\":\"Foto: Europa Press\"},\"primaryImageOfPage\":{\"@id\":\"https:\\\/\\\/candas365.es\\\/noticias\\\/aplazado-el-zaragoza-vs-sporting\\\/#mainImage\"},\"datePublished\":\"2020-01-03T05:21:59+01:00\",\"dateModified\":\"2020-01-03T05:21:59+01:00\"},{\"@type\":\"WebSite\",\"@id\":\"https:\\\/\\\/candas365.es\\\/noticias\\\/#website\",\"url\":\"https:\\\/\\\/candas365.es\\\/noticias\\\/\",\"name\":\"Cand\\u00e1s 365\",\"alternateName\":\"Cand\\u00e1s 365 Noticias\",\"description\":\"Actualidad desde Carre\\u00f1o para el mundo\",\"inLanguage\":\"es-ES\",\"publisher\":{\"@id\":\"https:\\\/\\\/candas365.es\\\/noticias\\\/#organization\"}}]}\n\t\t<\/script>\n\t\t<!-- All in One SEO Pro -->\r\n\t\t<title>Aplazado el Zaragoza vs Sporting | Cand\u00e1s 365<\/title>\n\n","aioseo_head_json":{"title":"Aplazado el Zaragoza vs Sporting | Cand\u00e1s 365","description":"MADRID, 2 Ene. 2020 (Europa Press) - El partido entre Real Zaragoza y Sporting de Gij\u00f3n programado para este viernes en la jornada 22 de LaLiga SmartBank ha sido aplazado este jueves por el Comit\u00e9 de Competici\u00f3n de la Federaci\u00f3n, aceptando la solicitud hecha por la ma\u00f1ana por parte del cuadro asturiano por la gripe que","canonical_url":"https:\/\/candas365.es\/noticias\/aplazado-el-zaragoza-vs-sporting\/","robots":"max-image-preview:large","keywords":"deporte","webmasterTools":{"google-site-verification":"UA-32230408-1","msvalidate.01":"354F3CDFB2DA171B47FBE9ABF1F88D5","miscellaneous":""},"schema":{"@context":"https:\/\/schema.org","@graph":[{"@type":"BreadcrumbList","@id":"https:\/\/candas365.es\/noticias\/aplazado-el-zaragoza-vs-sporting\/#breadcrumblist","itemListElement":[{"@type":"ListItem","@id":"https:\/\/candas365.es\/noticias#listItem","position":1,"name":"Home","item":"https:\/\/candas365.es\/noticias","nextItem":{"@type":"ListItem","@id":"https:\/\/candas365.es\/noticias\/category\/deporte\/#listItem","name":"Deporte"}},{"@type":"ListItem","@id":"https:\/\/candas365.es\/noticias\/category\/deporte\/#listItem","position":2,"name":"Deporte","item":"https:\/\/candas365.es\/noticias\/category\/deporte\/","nextItem":{"@type":"ListItem","@id":"https:\/\/candas365.es\/noticias\/aplazado-el-zaragoza-vs-sporting\/#listItem","name":"Aplazado el Zaragoza vs Sporting"},"previousItem":{"@type":"ListItem","@id":"https:\/\/candas365.es\/noticias#listItem","name":"Home"}},{"@type":"ListItem","@id":"https:\/\/candas365.es\/noticias\/aplazado-el-zaragoza-vs-sporting\/#listItem","position":3,"name":"Aplazado el Zaragoza vs Sporting","previousItem":{"@type":"ListItem","@id":"https:\/\/candas365.es\/noticias\/category\/deporte\/#listItem","name":"Deporte"}}]},{"@type":"NewsArticle","@id":"https:\/\/candas365.es\/noticias\/aplazado-el-zaragoza-vs-sporting\/#newsarticle","name":"Aplazado el Zaragoza vs Sporting | Cand\u00e1s 365","headline":"Aplazado el Zaragoza vs Sporting","author":{"@id":"https:\/\/candas365.es\/noticias\/author\/admin\/#author"},"publisher":{"@id":"https:\/\/candas365.es\/noticias\/#organization"},"image":{"@type":"ImageObject","url":"https:\/\/candas365.es\/noticias\/wp-content\/uploads\/2020\/01\/Romareda-ep.jpg","width":893,"height":660,"caption":"Foto: Europa Press"},"datePublished":"2020-01-03T05:21:59+01:00","dateModified":"2020-01-03T05:21:59+01:00","inLanguage":"es-ES","mainEntityOfPage":{"@id":"https:\/\/candas365.es\/noticias\/aplazado-el-zaragoza-vs-sporting\/#webpage"},"isPartOf":{"@id":"https:\/\/candas365.es\/noticias\/aplazado-el-zaragoza-vs-sporting\/#webpage"},"articleSection":"Deporte","dateline":"Publicado el enero 3, 2020."},{"@type":"Organization","@id":"https:\/\/candas365.es\/noticias\/#organization","name":"Cand\u00e1s 365","description":"Cand\u00e1s 365 es un diario digital independiente, fundado en 2012, con base en Asturias. Informamos con rigor sobre actualidad, sociedad, cultura y ocio, con una mirada local y global.","url":"https:\/\/candas365.es\/noticias\/","email":"info@candas365.es","telephone":"+34652131393","foundingDate":"2012-06-10","logo":{"@type":"ImageObject","url":"https:\/\/candas365.es\/noticias\/wp-content\/uploads\/2024\/09\/Candas-365-Redes.jpg","@id":"https:\/\/candas365.es\/noticias\/aplazado-el-zaragoza-vs-sporting\/#organizationLogo","width":1152,"height":864,"caption":"Cand\u00e1s 365 Redes"},"image":{"@id":"https:\/\/candas365.es\/noticias\/aplazado-el-zaragoza-vs-sporting\/#organizationLogo"},"sameAs":["https:\/\/www.facebook.com\/Nachofdezber","https:\/\/x.com\/NabercoDigital","https:\/\/www.instagram.com\/nachofdezber\/","https:\/\/www.youtube.com\/channel\/UCZP-2wLEB9Rv6erhFmqVnvg"],"address":{"@id":"https:\/\/candas365.es\/noticias\/#postaladdress","@type":"PostalAddress","streetAddress":"san antonio 4, san antonio 4","postalCode":"33430","addressLocality":"Cand\u00e1s","addressRegion":"Asturias","addressCountry":"ES"}},{"@type":"Person","@id":"https:\/\/candas365.es\/noticias\/author\/admin\/#author","url":"https:\/\/candas365.es\/noticias\/author\/admin\/","name":"Cand\u00e1s 365","image":{"@type":"ImageObject","@id":"https:\/\/candas365.es\/noticias\/aplazado-el-zaragoza-vs-sporting\/#authorImage","url":"https:\/\/secure.gravatar.com\/avatar\/496a8e03d0c493ede1718b7934145dbdf8d89be1036b0eec9544e1094c9de390?s=96&d=mm&r=g","width":96,"height":96,"caption":"Cand\u00e1s 365"},"sameAs":["https:\/\/www.facebook.com\/carrenoactualidad","https:\/\/twitter.com\/nbasturias","https:\/\/www.instagram.com\/nachofdezber\/","https:\/\/www.youtube.com\/channel\/UCZP-2wLEB9Rv6erhFmqVnvg"]},{"@type":"WebPage","@id":"https:\/\/candas365.es\/noticias\/aplazado-el-zaragoza-vs-sporting\/#webpage","url":"https:\/\/candas365.es\/noticias\/aplazado-el-zaragoza-vs-sporting\/","name":"Aplazado el Zaragoza vs Sporting | Cand\u00e1s 365","description":"MADRID, 2 Ene. 2020 (Europa Press) - El partido entre Real Zaragoza y Sporting de Gij\u00f3n programado para este viernes en la jornada 22 de LaLiga SmartBank ha sido aplazado este jueves por el Comit\u00e9 de Competici\u00f3n de la Federaci\u00f3n, aceptando la solicitud hecha por la ma\u00f1ana por parte del cuadro asturiano por la gripe que","inLanguage":"es-ES","isPartOf":{"@id":"https:\/\/candas365.es\/noticias\/#website"},"breadcrumb":{"@id":"https:\/\/candas365.es\/noticias\/aplazado-el-zaragoza-vs-sporting\/#breadcrumblist"},"author":{"@id":"https:\/\/candas365.es\/noticias\/author\/admin\/#author"},"creator":{"@id":"https:\/\/candas365.es\/noticias\/author\/admin\/#author"},"image":{"@type":"ImageObject","url":"https:\/\/candas365.es\/noticias\/wp-content\/uploads\/2020\/01\/Romareda-ep.jpg","@id":"https:\/\/candas365.es\/noticias\/aplazado-el-zaragoza-vs-sporting\/#mainImage","width":893,"height":660,"caption":"Foto: Europa Press"},"primaryImageOfPage":{"@id":"https:\/\/candas365.es\/noticias\/aplazado-el-zaragoza-vs-sporting\/#mainImage"},"datePublished":"2020-01-03T05:21:59+01:00","dateModified":"2020-01-03T05:21:59+01:00"},{"@type":"WebSite","@id":"https:\/\/candas365.es\/noticias\/#website","url":"https:\/\/candas365.es\/noticias\/","name":"Cand\u00e1s 365","alternateName":"Cand\u00e1s 365 Noticias","description":"Actualidad desde Carre\u00f1o para el mundo","inLanguage":"es-ES","publisher":{"@id":"https:\/\/candas365.es\/noticias\/#organization"}}]},"og:locale":"es_ES","og:site_name":"Cand\u00e1s 365","og:type":"article","og:title":"Aplazado el Zaragoza vs Sporting | Cand\u00e1s 365","og:description":"MADRID, 2 Ene. 2020 (Europa Press) - El partido entre Real Zaragoza y Sporting de Gij\u00f3n programado para este viernes en la jornada 22 de LaLiga SmartBank ha sido aplazado este jueves por el Comit\u00e9 de Competici\u00f3n de la Federaci\u00f3n, aceptando la solicitud hecha por la ma\u00f1ana por parte del cuadro asturiano por la gripe que","og:url":"https:\/\/candas365.es\/noticias\/aplazado-el-zaragoza-vs-sporting\/","og:image":"https:\/\/candas365.es\/noticias\/wp-content\/uploads\/2020\/01\/Romareda-ep.jpg","og:image:secure_url":"https:\/\/candas365.es\/noticias\/wp-content\/uploads\/2020\/01\/Romareda-ep.jpg","og:image:width":893,"og:image:height":660,"article:published_time":"2020-01-03T05:21:59+00:00","article:modified_time":"2020-01-03T05:21:59+00:00","article:publisher":"https:\/\/www.facebook.com\/Nachofdezber","article:author":"https:\/\/www.facebook.com\/carrenoactualidad","twitter:card":"summary_large_image","twitter:site":"@NabercoDigital","twitter:title":"Aplazado el Zaragoza vs Sporting | Cand\u00e1s 365","twitter:description":"MADRID, 2 Ene. 2020 (Europa Press) - El partido entre Real Zaragoza y Sporting de Gij\u00f3n programado para este viernes en la jornada 22 de LaLiga SmartBank ha sido aplazado este jueves por el Comit\u00e9 de Competici\u00f3n de la Federaci\u00f3n, aceptando la solicitud hecha por la ma\u00f1ana por parte del cuadro asturiano por la gripe que","twitter:creator":"@nbasturias","twitter:image":"https:\/\/candas365.es\/noticias\/wp-content\/uploads\/2020\/01\/Romareda-ep.jpg","twitter:label1":"Escrito por","twitter:data1":"Cand\u00e1s 365","twitter:label2":"Tiempo de lectura estimado","twitter:data2":"2 minutos"},"aioseo_meta_data":{"post_id":"135825","title":null,"description":null,"keywords":null,"keyphrases":null,"primary_term":null,"canonical_url":null,"og_title":null,"og_description":null,"og_object_type":"default","og_image_type":"default","og_image_url":null,"og_image_width":null,"og_image_height":null,"og_image_custom_url":null,"og_image_custom_fields":null,"og_video":null,"og_custom_url":null,"og_article_section":null,"og_article_tags":null,"twitter_use_og":false,"twitter_card":"default","twitter_image_type":"default","twitter_image_url":null,"twitter_image_custom_url":null,"twitter_image_custom_fields":null,"twitter_title":null,"twitter_description":null,"schema":{"blockGraphs":[],"customGraphs":[],"default":{"data":{"Article":[],"Course":[],"Dataset":[],"FAQPage":[],"Movie":[],"Person":[],"Product":[],"ProductReview":[],"Car":[],"Recipe":[],"Service":[],"SoftwareApplication":[],"WebPage":[]},"graphName":"","isEnabled":true},"graphs":[]},"schema_type":null,"schema_type_options":null,"pillar_content":false,"robots_default":true,"robots_noindex":false,"robots_noarchive":false,"robots_nosnippet":false,"robots_nofollow":false,"robots_noimageindex":false,"robots_noodp":false,"robots_notranslate":false,"robots_max_snippet":null,"robots_max_videopreview":null,"robots_max_imagepreview":"large","priority":null,"frequency":null,"location":null,"local_seo":null,"seo_analyzer_scan_date":"2025-08-30 20:50:17","breadcrumb_settings":null,"limit_modified_date":false,"reviewed_by":null,"open_ai":null,"ai":null,"created":"2020-12-21 10:48:34","updated":"2025-08-30 20:50:17"},"aioseo_breadcrumb":"<div class=\"aioseo-breadcrumbs\"><span class=\"aioseo-breadcrumb\">\n\t<a href=\"https:\/\/candas365.es\/noticias\" title=\"Home\">Home<\/a>\n<\/span><span class=\"aioseo-breadcrumb-separator\">&ndash;<\/span><span class=\"aioseo-breadcrumb\">\n\t<a href=\"https:\/\/candas365.es\/noticias\/category\/deporte\/\" title=\"Deporte\">Deporte<\/a>\n<\/span><span class=\"aioseo-breadcrumb-separator\">&ndash;<\/span><span class=\"aioseo-breadcrumb\">\n\tAplazado el Zaragoza vs Sporting\n<\/span><\/div>","aioseo_breadcrumb_json":[{"label":"Home","link":"https:\/\/candas365.es\/noticias"},{"label":"Deporte","link":"https:\/\/candas365.es\/noticias\/category\/deporte\/"},{"label":"Aplazado el Zaragoza vs Sporting","link":"https:\/\/candas365.es\/noticias\/aplazado-el-zaragoza-vs-sporting\/"}],"_links":{"self":[{"href":"https:\/\/candas365.es\/noticias\/wp-json\/wp\/v2\/posts\/135825","targetHints":{"allow":["GET"]}}],"collection":[{"href":"https:\/\/candas365.es\/noticias\/wp-json\/wp\/v2\/posts"}],"about":[{"href":"https:\/\/candas365.es\/noticias\/wp-json\/wp\/v2\/types\/post"}],"author":[{"embeddable":true,"href":"https:\/\/candas365.es\/noticias\/wp-json\/wp\/v2\/users\/1"}],"replies":[{"embeddable":true,"href":"https:\/\/candas365.es\/noticias\/wp-json\/wp\/v2\/comments?post=135825"}],"version-history":[{"count":0,"href":"https:\/\/candas365.es\/noticias\/wp-json\/wp\/v2\/posts\/135825\/revisions"}],"wp:featuredmedia":[{"embeddable":true,"href":"https:\/\/candas365.es\/noticias\/wp-json\/wp\/v2\/media\/135826"}],"wp:attachment":[{"href":"https:\/\/candas365.es\/noticias\/wp-json\/wp\/v2\/media?parent=135825"}],"wp:term":[{"taxonomy":"category","embeddable":true,"href":"https:\/\/candas365.es\/noticias\/wp-json\/wp\/v2\/categories?post=135825"},{"taxonomy":"post_tag","embeddable":true,"href":"https:\/\/candas365.es\/noticias\/wp-json\/wp\/v2\/tags?post=135825"}],"curies":[{"name":"wp","href":"https:\/\/api.w.org\/{rel}","templated":true}]}}