{"id":135785,"date":"2020-01-02T12:49:49","date_gmt":"2020-01-02T12:49:49","guid":{"rendered":"http:\/\/candas365.es\/noticias\/?p=135785"},"modified":"2020-01-02T12:49:49","modified_gmt":"2020-01-02T12:49:49","slug":"dos-destinos-idilicos-para-tus-proximas-vacaciones-fuerteventura-y-lanzarote","status":"publish","type":"post","link":"https:\/\/candas365.es\/noticias\/dos-destinos-idilicos-para-tus-proximas-vacaciones-fuerteventura-y-lanzarote\/","title":{"rendered":"Dos destinos id\u00edlicos para tus pr\u00f3ximas vacaciones; Fuerteventura y Lanzarote"},"content":{"rendered":"<p><img fetchpriority=\"high\" decoding=\"async\" class=\"alignleft size-medium wp-image-135786\" src=\"https:\/\/candas365.es\/noticias\/wp-content\/uploads\/2020\/01\/Vacaciones-en-Canarias-360x244.jpg\" alt=\"\" width=\"360\" height=\"244\" srcset=\"https:\/\/candas365.es\/noticias\/wp-content\/uploads\/2020\/01\/Vacaciones-en-Canarias-360x244.jpg 360w, https:\/\/candas365.es\/noticias\/wp-content\/uploads\/2020\/01\/Vacaciones-en-Canarias-655x444.jpg 655w, https:\/\/candas365.es\/noticias\/wp-content\/uploads\/2020\/01\/Vacaciones-en-Canarias-768x521.jpg 768w, https:\/\/candas365.es\/noticias\/wp-content\/uploads\/2020\/01\/Vacaciones-en-Canarias-696x472.jpg 696w, https:\/\/candas365.es\/noticias\/wp-content\/uploads\/2020\/01\/Vacaciones-en-Canarias-1068x724.jpg 1068w, https:\/\/candas365.es\/noticias\/wp-content\/uploads\/2020\/01\/Vacaciones-en-Canarias-620x420.jpg 620w, https:\/\/candas365.es\/noticias\/wp-content\/uploads\/2020\/01\/Vacaciones-en-Canarias.jpg 1071w\" sizes=\"(max-width: 360px) 100vw, 360px\" \/>La mayor\u00eda de los espa\u00f1oles, cuando piensan en su periodo de vacaciones se imaginan como destino id\u00edlicas extensiones de arena blanca frente al mar. Las playas son los lugares m\u00e1s frecuentados para lograr la desconexi\u00f3n y el descanso en la \u00e9poca estival. Si, adem\u00e1s, se busca un ambiente paradisiaco a imagen y semejanza de los destinos tropicales, pero sin tener que pasar 12 horas en avi\u00f3n para cruzar el oc\u00e9ano Atl\u00e1ntico, Lanzarote y Fuerteventura est\u00e1n a solo tres horas desde Gij\u00f3n y son espacios 100 % nacionales<\/p>\n<p>A las <strong>Islas Canarias<\/strong> no se las conoce como <strong>las islas afortunadas<\/strong> por casualidad. Aunque su nombre tenga un origen en la mitolog\u00eda griega, haciendo referencia a una tierra en la que el hombre no ten\u00eda que trabajar sino solo recoger los frutos que le regalaba altruistamente, en la actualidad esta visi\u00f3n no est\u00e1 lejos de la realidad. Y es que es <strong>la versi\u00f3n m\u00e1s cercana que se puede tener del para\u00edso en la Tierra<\/strong>.<\/p>\n<p>Este archipi\u00e9lago est\u00e1 compuesto (oficialmente) por las ocho islas de mayor tama\u00f1o, aunque hay otros islotes que formen parte de \u00e9l. Estas islas son Gran Canaria, Tenerife, La Palma, La Gomera, El Hierro, La Graciosa, Lanzarote y Fuerteventura. En este art\u00edculo, se profundizar\u00e1 en la belleza salvaje que ofrecen <strong>Fuerteventura y Lanzarote<\/strong>.<\/p>\n<h2><strong>Razones para ir a Fuerteventura<\/strong><\/h2>\n<p>Despu\u00e9s de Tenerife es la isla m\u00e1s grande, con 1.659 km2 y nada menos que 150 playas de agua cristalina y arena fina y blanca de las que disfrutar. <strong>Fuerteventura es sobre todo playas y tranquilidad<\/strong>, con enormes extensiones des\u00e9rticas en su interior donde perderse del mundo y encontrarse con uno mismo. Fue declarada <strong>Reserva de la biosfera por la Unesco en toda su extensi\u00f3n<\/strong> el 26 de mayo de 2009.<\/p>\n<p>Su costa es famosa en el mundo entero, ya que posee <strong>playas realmente limpias y muy extensas,<\/strong> ideales para practicar un sin fin de deportes al aire libre o simplemente disfrutar del descanso y la contemplaci\u00f3n.<\/p>\n<p>En cualquier caso, la mejor manera de sacarles partido a todas ellas es instal\u00e1ndose en alguno de <strong>los hoteles en Jandia<\/strong> del grupo <strong>Lopesan<\/strong>. Y es que <a href=\"https:\/\/www.lopesan.com\/es\/hoteles\/espana\/fuerteventura\/jandia\/\" target=\"_blank\" rel=\"noopener noreferrer\"><span style=\"color: #ff6600;\"><strong>los hoteles de Jandia<\/strong><\/span><\/a>, <strong>como IFA Altamerena o Villas Altamanera<\/strong> son sue\u00f1os hechos realidad. Es aqu\u00ed donde se encuentra el complemento perfecto a esta isla de paz y belleza espectacular.<\/p>\n<p>Adem\u00e1s de encontrar estos hoteles en una de las zonas m\u00e1s privilegiadas de la isla, Fuerteventura ofrece lo que todo turista amante de la <strong>naturaleza en estado puro pueda desear; los deportes acu\u00e1ticos, la tranquilidad, la pureza del entorno, paisajes espectaculares y la amistad de gente sincera<\/strong>.<\/p>\n<p>En Fuerteventura no hay que dejar escapar una visita al <strong>Parque Natural de Jand\u00eda<\/strong>, que se tendr\u00e1 muy cerca si se reserva habitaci\u00f3n en uno de los hoteles que se enumeraron m\u00e1s arriba. Y, por supuesto, dejarse sorprender por la impactante grandiosidad de la <strong>Playa Cofete<\/strong>. Una aventura ya que esta playa, a pesar de su tama\u00f1o, est\u00e1 pr\u00e1cticamente deshabitada.<\/p>\n<p>M\u00e1s tur\u00edstica y con mejores infraestructuras, se encuentran las <strong>playas de Jand\u00eda y Costa Calma<\/strong>, este \u00faltimo convertido en <strong>destino ideal para surferos de todo el planeta<\/strong>. Tampoco se deben dejar de visitar las emblem\u00e1ticas <strong>cuevas de Ajuy y el volc\u00e1n Calder\u00f3n Hondo<\/strong>, pasear por Corralejo y sus dunas o practicar el <strong>submarinismo en las transparentes aguas de Isla de Lobos<\/strong>.<\/p>\n<h2><strong>Razones para ir a Lanzarote, la isla africana<\/strong><\/h2>\n<p>Se la conoce como <strong>la isla africana por ser la m\u00e1s oriental de todas<\/strong>. Est\u00e1 ubicada tan cerca de este continente, que se deja influenciar notablemente tanto por sus desiertos, como por su orograf\u00eda paisaj\u00edstica, sus casas blancas y su vegetaci\u00f3n. En Lanzarote, al igual que en el resto del archipi\u00e9lago canario, se vive una <strong>temperatura primaveral todo el a\u00f1o<\/strong>, por lo que no existe una mejor o peor \u00e9poca para visitarla. Cualquier fecha en el calendario es buena para disfrutar de sus playas, clima, cuevas, gastronom\u00eda, castillos o museos.<\/p>\n<p>Para no perderse nada de lo que esta fabulosa y privilegiada isla ofrece a sus m\u00e1s de dos millones de turistas anuales, lo m\u00e1s aconsejable es el <strong>alquiler de coche en Lanzarote aeropuerto<\/strong>. Visitando la web de <strong>DoYouSpain <span style=\"color: #ff6600;\"><a style=\"color: #ff6600;\" href=\"https:\/\/www.doyouspain.com\/alquiler-coches\/alquiler-de-coches-lanzarote\/aeropuerto.htm\" target=\"_blank\" rel=\"noopener noreferrer\">en este enlace<\/a><\/span><\/strong>\u00a0se localizar\u00e1n los mejores precios, comodidades y modelos de toda la isla.<\/p>\n<p>Una vez que se tiene el <strong>veh\u00edculo para recorrer la isla con libertad y plena autonom\u00eda<\/strong>, hay lugares que no hay que dejar de visitar. La ruta puede comenzar con el centro tur\u00edstico m\u00e1s importante; <strong>Puerto del Carmen<\/strong>. \u00a0Desde este enclave se podr\u00e1 tomar el pulso de la isla y conocer la idiosincrasia de sus pobladores, gente amable y simp\u00e1tica siempre atenta a las necesidades de los turistas.<\/p>\n<p>En esta localidad se ubica <strong>una playa con m\u00e1s de un kil\u00f3metro de extensi\u00f3n<\/strong>, muy concurrida y animada, aunque muy cerca se encuentran otras m\u00e1s peque\u00f1as, como la <strong>Playa Barrilla y Playa Chica<\/strong>. Una buena selecci\u00f3n de playas incluye las playas de Papagayo (las mejores de la isla), la playa de Famara, en Teguise, la playa del Risco, de Guacimeta o los Caletones, entre muchas otras, sin olvidar las piscinas naturales de los Charcones.<\/p>\n<p>Otros lugares de inter\u00e9s son el <strong>Mirador del Rio, la Cueva de los Verdes, Haria<\/strong> (la casa museo del poeta Jorge Manrique), el castillo de Santa Barbara, en Teguise, el propio Teguise, Jameos del Agua (jard\u00edn subterr\u00e1neo, restaurante, auditorio y piscina), el Castillo de San Jos\u00e9, Arrecife, el Castillo de San Bartolom\u00e9, las Salinas de Janubio, los Hervideros y, por supuesto, el <strong>Parque Nacional de Timanfaya<\/strong>, entre otras muchas m\u00e1s localizaciones interesantes y hermosas.<\/p>\n<p>&nbsp;<\/p>\n","protected":false},"excerpt":{"rendered":"<p>La mayor\u00eda de los espa\u00f1oles, cuando piensan en su periodo de vacaciones se imaginan como destino id\u00edlicas extensiones de arena blanca frente al mar. Las playas son los lugares m\u00e1s frecuentados para lograr la desconexi\u00f3n y el descanso en la \u00e9poca estival. Si, adem\u00e1s, se busca un ambiente paradisiaco a imagen y semejanza de los<\/p>\n","protected":false},"author":1,"featured_media":135786,"comment_status":"closed","ping_status":"closed","sticky":false,"template":"","format":"standard","meta":{"footnotes":""},"categories":[142],"tags":[],"class_list":{"0":"post-135785","1":"post","2":"type-post","3":"status-publish","4":"format-standard","5":"has-post-thumbnail","7":"category-revista"},"aioseo_notices":[],"aioseo_head":"\n\t\t<!-- All in One SEO Pro 4.9.6.2 - aioseo.com -->\n\t<meta name=\"description\" content=\"La mayor\u00eda de los espa\u00f1oles, cuando piensan en su periodo de vacaciones se imaginan como destino id\u00edlicas extensiones de arena blanca frente al mar. Las playas son los lugares m\u00e1s frecuentados para lograr la desconexi\u00f3n y el descanso en la \u00e9poca estival. Si, adem\u00e1s, se busca un ambiente paradisiaco a imagen y semejanza de los\" \/>\n\t<meta name=\"robots\" content=\"max-image-preview:large\" \/>\n\t<meta name=\"author\" content=\"Cand\u00e1s 365\"\/>\n\t<meta name=\"google-site-verification\" content=\"UA-32230408-1\" \/>\n\t<meta name=\"msvalidate.01\" content=\"354F3CDFB2DA171B47FBE9ABF1F88D5\" \/>\n\t<meta name=\"keywords\" content=\"revista\" \/>\n\t<link rel=\"canonical\" href=\"https:\/\/candas365.es\/noticias\/dos-destinos-idilicos-para-tus-proximas-vacaciones-fuerteventura-y-lanzarote\/\" \/>\n\t<meta name=\"generator\" content=\"All in One SEO Pro (AIOSEO) 4.9.6.2\" \/>\n\t\t<meta property=\"og:locale\" content=\"es_ES\" \/>\n\t\t<meta property=\"og:site_name\" content=\"Cand\u00e1s 365\" \/>\n\t\t<meta property=\"og:type\" content=\"article\" \/>\n\t\t<meta property=\"og:title\" content=\"Dos destinos id\u00edlicos para tus pr\u00f3ximas vacaciones; Fuerteventura y Lanzarote | Cand\u00e1s 365\" \/>\n\t\t<meta property=\"og:description\" content=\"La mayor\u00eda de los espa\u00f1oles, cuando piensan en su periodo de vacaciones se imaginan como destino id\u00edlicas extensiones de arena blanca frente al mar. Las playas son los lugares m\u00e1s frecuentados para lograr la desconexi\u00f3n y el descanso en la \u00e9poca estival. Si, adem\u00e1s, se busca un ambiente paradisiaco a imagen y semejanza de los\" \/>\n\t\t<meta property=\"og:url\" content=\"https:\/\/candas365.es\/noticias\/dos-destinos-idilicos-para-tus-proximas-vacaciones-fuerteventura-y-lanzarote\/\" \/>\n\t\t<meta property=\"og:image\" content=\"https:\/\/candas365.es\/noticias\/wp-content\/uploads\/2020\/01\/Vacaciones-en-Canarias.jpg\" \/>\n\t\t<meta property=\"og:image:secure_url\" content=\"https:\/\/candas365.es\/noticias\/wp-content\/uploads\/2020\/01\/Vacaciones-en-Canarias.jpg\" \/>\n\t\t<meta property=\"og:image:width\" content=\"1071\" \/>\n\t\t<meta property=\"og:image:height\" content=\"726\" \/>\n\t\t<meta property=\"article:published_time\" content=\"2020-01-02T12:49:49+00:00\" \/>\n\t\t<meta property=\"article:modified_time\" content=\"2020-01-02T12:49:49+00:00\" \/>\n\t\t<meta property=\"article:publisher\" content=\"https:\/\/www.facebook.com\/Nachofdezber\" \/>\n\t\t<meta property=\"article:author\" content=\"https:\/\/www.facebook.com\/carrenoactualidad\" \/>\n\t\t<meta name=\"twitter:card\" content=\"summary_large_image\" \/>\n\t\t<meta name=\"twitter:site\" content=\"@NabercoDigital\" \/>\n\t\t<meta name=\"twitter:title\" content=\"Dos destinos id\u00edlicos para tus pr\u00f3ximas vacaciones; Fuerteventura y Lanzarote | Cand\u00e1s 365\" \/>\n\t\t<meta name=\"twitter:description\" content=\"La mayor\u00eda de los espa\u00f1oles, cuando piensan en su periodo de vacaciones se imaginan como destino id\u00edlicas extensiones de arena blanca frente al mar. Las playas son los lugares m\u00e1s frecuentados para lograr la desconexi\u00f3n y el descanso en la \u00e9poca estival. Si, adem\u00e1s, se busca un ambiente paradisiaco a imagen y semejanza de los\" \/>\n\t\t<meta name=\"twitter:creator\" content=\"@nbasturias\" \/>\n\t\t<meta name=\"twitter:image\" content=\"https:\/\/candas365.es\/noticias\/wp-content\/uploads\/2020\/01\/Vacaciones-en-Canarias.jpg\" \/>\n\t\t<meta name=\"twitter:label1\" content=\"Escrito por\" \/>\n\t\t<meta name=\"twitter:data1\" content=\"Cand\u00e1s 365\" \/>\n\t\t<meta name=\"twitter:label2\" content=\"Tiempo de lectura estimado\" \/>\n\t\t<meta name=\"twitter:data2\" content=\"5 minutos\" \/>\n\t\t<script type=\"application\/ld+json\" class=\"aioseo-schema\">\n\t\t\t{\"@context\":\"https:\\\/\\\/schema.org\",\"@graph\":[{\"@type\":\"BreadcrumbList\",\"@id\":\"https:\\\/\\\/candas365.es\\\/noticias\\\/dos-destinos-idilicos-para-tus-proximas-vacaciones-fuerteventura-y-lanzarote\\\/#breadcrumblist\",\"itemListElement\":[{\"@type\":\"ListItem\",\"@id\":\"https:\\\/\\\/candas365.es\\\/noticias#listItem\",\"position\":1,\"name\":\"Home\",\"item\":\"https:\\\/\\\/candas365.es\\\/noticias\",\"nextItem\":{\"@type\":\"ListItem\",\"@id\":\"https:\\\/\\\/candas365.es\\\/noticias\\\/category\\\/revista\\\/#listItem\",\"name\":\"Revista\"}},{\"@type\":\"ListItem\",\"@id\":\"https:\\\/\\\/candas365.es\\\/noticias\\\/category\\\/revista\\\/#listItem\",\"position\":2,\"name\":\"Revista\",\"item\":\"https:\\\/\\\/candas365.es\\\/noticias\\\/category\\\/revista\\\/\",\"nextItem\":{\"@type\":\"ListItem\",\"@id\":\"https:\\\/\\\/candas365.es\\\/noticias\\\/dos-destinos-idilicos-para-tus-proximas-vacaciones-fuerteventura-y-lanzarote\\\/#listItem\",\"name\":\"Dos destinos id\\u00edlicos para tus pr\\u00f3ximas vacaciones; Fuerteventura y Lanzarote\"},\"previousItem\":{\"@type\":\"ListItem\",\"@id\":\"https:\\\/\\\/candas365.es\\\/noticias#listItem\",\"name\":\"Home\"}},{\"@type\":\"ListItem\",\"@id\":\"https:\\\/\\\/candas365.es\\\/noticias\\\/dos-destinos-idilicos-para-tus-proximas-vacaciones-fuerteventura-y-lanzarote\\\/#listItem\",\"position\":3,\"name\":\"Dos destinos id\\u00edlicos para tus pr\\u00f3ximas vacaciones; Fuerteventura y Lanzarote\",\"previousItem\":{\"@type\":\"ListItem\",\"@id\":\"https:\\\/\\\/candas365.es\\\/noticias\\\/category\\\/revista\\\/#listItem\",\"name\":\"Revista\"}}]},{\"@type\":\"NewsArticle\",\"@id\":\"https:\\\/\\\/candas365.es\\\/noticias\\\/dos-destinos-idilicos-para-tus-proximas-vacaciones-fuerteventura-y-lanzarote\\\/#newsarticle\",\"name\":\"Dos destinos id\\u00edlicos para tus pr\\u00f3ximas vacaciones; Fuerteventura y Lanzarote | Cand\\u00e1s 365\",\"headline\":\"Dos destinos id\\u00edlicos para tus pr\\u00f3ximas vacaciones; Fuerteventura y Lanzarote\",\"author\":{\"@id\":\"https:\\\/\\\/candas365.es\\\/noticias\\\/author\\\/admin\\\/#author\"},\"publisher\":{\"@id\":\"https:\\\/\\\/candas365.es\\\/noticias\\\/#organization\"},\"image\":{\"@type\":\"ImageObject\",\"url\":\"https:\\\/\\\/candas365.es\\\/noticias\\\/wp-content\\\/uploads\\\/2020\\\/01\\\/Vacaciones-en-Canarias.jpg\",\"width\":1071,\"height\":726},\"datePublished\":\"2020-01-02T12:49:49+01:00\",\"dateModified\":\"2020-01-02T12:49:49+01:00\",\"inLanguage\":\"es-ES\",\"mainEntityOfPage\":{\"@id\":\"https:\\\/\\\/candas365.es\\\/noticias\\\/dos-destinos-idilicos-para-tus-proximas-vacaciones-fuerteventura-y-lanzarote\\\/#webpage\"},\"isPartOf\":{\"@id\":\"https:\\\/\\\/candas365.es\\\/noticias\\\/dos-destinos-idilicos-para-tus-proximas-vacaciones-fuerteventura-y-lanzarote\\\/#webpage\"},\"articleSection\":\"Revista\",\"dateline\":\"Publicado el enero 2, 2020.\"},{\"@type\":\"Organization\",\"@id\":\"https:\\\/\\\/candas365.es\\\/noticias\\\/#organization\",\"name\":\"Cand\\u00e1s 365\",\"description\":\"Cand\\u00e1s 365 es un diario digital independiente, fundado en 2012, con base en Asturias. Informamos con rigor sobre actualidad, sociedad, cultura y ocio, con una mirada local y global.\",\"url\":\"https:\\\/\\\/candas365.es\\\/noticias\\\/\",\"email\":\"info@candas365.es\",\"telephone\":\"+34652131393\",\"foundingDate\":\"2012-06-10\",\"logo\":{\"@type\":\"ImageObject\",\"url\":\"https:\\\/\\\/candas365.es\\\/noticias\\\/wp-content\\\/uploads\\\/2024\\\/09\\\/Candas-365-Redes.jpg\",\"@id\":\"https:\\\/\\\/candas365.es\\\/noticias\\\/dos-destinos-idilicos-para-tus-proximas-vacaciones-fuerteventura-y-lanzarote\\\/#organizationLogo\",\"width\":1152,\"height\":864,\"caption\":\"Cand\\u00e1s 365 Redes\"},\"image\":{\"@id\":\"https:\\\/\\\/candas365.es\\\/noticias\\\/dos-destinos-idilicos-para-tus-proximas-vacaciones-fuerteventura-y-lanzarote\\\/#organizationLogo\"},\"sameAs\":[\"https:\\\/\\\/www.facebook.com\\\/Nachofdezber\",\"https:\\\/\\\/x.com\\\/NabercoDigital\",\"https:\\\/\\\/www.instagram.com\\\/nachofdezber\\\/\",\"https:\\\/\\\/www.youtube.com\\\/channel\\\/UCZP-2wLEB9Rv6erhFmqVnvg\"],\"address\":{\"@id\":\"https:\\\/\\\/candas365.es\\\/noticias\\\/#postaladdress\",\"@type\":\"PostalAddress\",\"streetAddress\":\"san antonio 4, san antonio 4\",\"postalCode\":\"33430\",\"addressLocality\":\"Cand\\u00e1s\",\"addressRegion\":\"Asturias\",\"addressCountry\":\"ES\"}},{\"@type\":\"Person\",\"@id\":\"https:\\\/\\\/candas365.es\\\/noticias\\\/author\\\/admin\\\/#author\",\"url\":\"https:\\\/\\\/candas365.es\\\/noticias\\\/author\\\/admin\\\/\",\"name\":\"Cand\\u00e1s 365\",\"image\":{\"@type\":\"ImageObject\",\"@id\":\"https:\\\/\\\/candas365.es\\\/noticias\\\/dos-destinos-idilicos-para-tus-proximas-vacaciones-fuerteventura-y-lanzarote\\\/#authorImage\",\"url\":\"https:\\\/\\\/secure.gravatar.com\\\/avatar\\\/496a8e03d0c493ede1718b7934145dbdf8d89be1036b0eec9544e1094c9de390?s=96&d=mm&r=g\",\"width\":96,\"height\":96,\"caption\":\"Cand\\u00e1s 365\"},\"sameAs\":[\"https:\\\/\\\/www.facebook.com\\\/carrenoactualidad\",\"https:\\\/\\\/twitter.com\\\/nbasturias\",\"https:\\\/\\\/www.instagram.com\\\/nachofdezber\\\/\",\"https:\\\/\\\/www.youtube.com\\\/channel\\\/UCZP-2wLEB9Rv6erhFmqVnvg\"]},{\"@type\":\"WebPage\",\"@id\":\"https:\\\/\\\/candas365.es\\\/noticias\\\/dos-destinos-idilicos-para-tus-proximas-vacaciones-fuerteventura-y-lanzarote\\\/#webpage\",\"url\":\"https:\\\/\\\/candas365.es\\\/noticias\\\/dos-destinos-idilicos-para-tus-proximas-vacaciones-fuerteventura-y-lanzarote\\\/\",\"name\":\"Dos destinos id\\u00edlicos para tus pr\\u00f3ximas vacaciones; Fuerteventura y Lanzarote | Cand\\u00e1s 365\",\"description\":\"La mayor\\u00eda de los espa\\u00f1oles, cuando piensan en su periodo de vacaciones se imaginan como destino id\\u00edlicas extensiones de arena blanca frente al mar. Las playas son los lugares m\\u00e1s frecuentados para lograr la desconexi\\u00f3n y el descanso en la \\u00e9poca estival. Si, adem\\u00e1s, se busca un ambiente paradisiaco a imagen y semejanza de los\",\"inLanguage\":\"es-ES\",\"isPartOf\":{\"@id\":\"https:\\\/\\\/candas365.es\\\/noticias\\\/#website\"},\"breadcrumb\":{\"@id\":\"https:\\\/\\\/candas365.es\\\/noticias\\\/dos-destinos-idilicos-para-tus-proximas-vacaciones-fuerteventura-y-lanzarote\\\/#breadcrumblist\"},\"author\":{\"@id\":\"https:\\\/\\\/candas365.es\\\/noticias\\\/author\\\/admin\\\/#author\"},\"creator\":{\"@id\":\"https:\\\/\\\/candas365.es\\\/noticias\\\/author\\\/admin\\\/#author\"},\"image\":{\"@type\":\"ImageObject\",\"url\":\"https:\\\/\\\/candas365.es\\\/noticias\\\/wp-content\\\/uploads\\\/2020\\\/01\\\/Vacaciones-en-Canarias.jpg\",\"@id\":\"https:\\\/\\\/candas365.es\\\/noticias\\\/dos-destinos-idilicos-para-tus-proximas-vacaciones-fuerteventura-y-lanzarote\\\/#mainImage\",\"width\":1071,\"height\":726},\"primaryImageOfPage\":{\"@id\":\"https:\\\/\\\/candas365.es\\\/noticias\\\/dos-destinos-idilicos-para-tus-proximas-vacaciones-fuerteventura-y-lanzarote\\\/#mainImage\"},\"datePublished\":\"2020-01-02T12:49:49+01:00\",\"dateModified\":\"2020-01-02T12:49:49+01:00\"},{\"@type\":\"WebSite\",\"@id\":\"https:\\\/\\\/candas365.es\\\/noticias\\\/#website\",\"url\":\"https:\\\/\\\/candas365.es\\\/noticias\\\/\",\"name\":\"Cand\\u00e1s 365\",\"alternateName\":\"Cand\\u00e1s 365 Noticias\",\"description\":\"Actualidad desde Carre\\u00f1o para el mundo\",\"inLanguage\":\"es-ES\",\"publisher\":{\"@id\":\"https:\\\/\\\/candas365.es\\\/noticias\\\/#organization\"}}]}\n\t\t<\/script>\n\t\t<!-- All in One SEO Pro -->\r\n\t\t<title>Dos destinos id\u00edlicos para tus pr\u00f3ximas vacaciones; Fuerteventura y Lanzarote | Cand\u00e1s 365<\/title>\n\n","aioseo_head_json":{"title":"Dos destinos id\u00edlicos para tus pr\u00f3ximas vacaciones; Fuerteventura y Lanzarote | Cand\u00e1s 365","description":"La mayor\u00eda de los espa\u00f1oles, cuando piensan en su periodo de vacaciones se imaginan como destino id\u00edlicas extensiones de arena blanca frente al mar. Las playas son los lugares m\u00e1s frecuentados para lograr la desconexi\u00f3n y el descanso en la \u00e9poca estival. Si, adem\u00e1s, se busca un ambiente paradisiaco a imagen y semejanza de los","canonical_url":"https:\/\/candas365.es\/noticias\/dos-destinos-idilicos-para-tus-proximas-vacaciones-fuerteventura-y-lanzarote\/","robots":"max-image-preview:large","keywords":"revista","webmasterTools":{"google-site-verification":"UA-32230408-1","msvalidate.01":"354F3CDFB2DA171B47FBE9ABF1F88D5","miscellaneous":""},"schema":{"@context":"https:\/\/schema.org","@graph":[{"@type":"BreadcrumbList","@id":"https:\/\/candas365.es\/noticias\/dos-destinos-idilicos-para-tus-proximas-vacaciones-fuerteventura-y-lanzarote\/#breadcrumblist","itemListElement":[{"@type":"ListItem","@id":"https:\/\/candas365.es\/noticias#listItem","position":1,"name":"Home","item":"https:\/\/candas365.es\/noticias","nextItem":{"@type":"ListItem","@id":"https:\/\/candas365.es\/noticias\/category\/revista\/#listItem","name":"Revista"}},{"@type":"ListItem","@id":"https:\/\/candas365.es\/noticias\/category\/revista\/#listItem","position":2,"name":"Revista","item":"https:\/\/candas365.es\/noticias\/category\/revista\/","nextItem":{"@type":"ListItem","@id":"https:\/\/candas365.es\/noticias\/dos-destinos-idilicos-para-tus-proximas-vacaciones-fuerteventura-y-lanzarote\/#listItem","name":"Dos destinos id\u00edlicos para tus pr\u00f3ximas vacaciones; Fuerteventura y Lanzarote"},"previousItem":{"@type":"ListItem","@id":"https:\/\/candas365.es\/noticias#listItem","name":"Home"}},{"@type":"ListItem","@id":"https:\/\/candas365.es\/noticias\/dos-destinos-idilicos-para-tus-proximas-vacaciones-fuerteventura-y-lanzarote\/#listItem","position":3,"name":"Dos destinos id\u00edlicos para tus pr\u00f3ximas vacaciones; Fuerteventura y Lanzarote","previousItem":{"@type":"ListItem","@id":"https:\/\/candas365.es\/noticias\/category\/revista\/#listItem","name":"Revista"}}]},{"@type":"NewsArticle","@id":"https:\/\/candas365.es\/noticias\/dos-destinos-idilicos-para-tus-proximas-vacaciones-fuerteventura-y-lanzarote\/#newsarticle","name":"Dos destinos id\u00edlicos para tus pr\u00f3ximas vacaciones; Fuerteventura y Lanzarote | Cand\u00e1s 365","headline":"Dos destinos id\u00edlicos para tus pr\u00f3ximas vacaciones; Fuerteventura y Lanzarote","author":{"@id":"https:\/\/candas365.es\/noticias\/author\/admin\/#author"},"publisher":{"@id":"https:\/\/candas365.es\/noticias\/#organization"},"image":{"@type":"ImageObject","url":"https:\/\/candas365.es\/noticias\/wp-content\/uploads\/2020\/01\/Vacaciones-en-Canarias.jpg","width":1071,"height":726},"datePublished":"2020-01-02T12:49:49+01:00","dateModified":"2020-01-02T12:49:49+01:00","inLanguage":"es-ES","mainEntityOfPage":{"@id":"https:\/\/candas365.es\/noticias\/dos-destinos-idilicos-para-tus-proximas-vacaciones-fuerteventura-y-lanzarote\/#webpage"},"isPartOf":{"@id":"https:\/\/candas365.es\/noticias\/dos-destinos-idilicos-para-tus-proximas-vacaciones-fuerteventura-y-lanzarote\/#webpage"},"articleSection":"Revista","dateline":"Publicado el enero 2, 2020."},{"@type":"Organization","@id":"https:\/\/candas365.es\/noticias\/#organization","name":"Cand\u00e1s 365","description":"Cand\u00e1s 365 es un diario digital independiente, fundado en 2012, con base en Asturias. Informamos con rigor sobre actualidad, sociedad, cultura y ocio, con una mirada local y global.","url":"https:\/\/candas365.es\/noticias\/","email":"info@candas365.es","telephone":"+34652131393","foundingDate":"2012-06-10","logo":{"@type":"ImageObject","url":"https:\/\/candas365.es\/noticias\/wp-content\/uploads\/2024\/09\/Candas-365-Redes.jpg","@id":"https:\/\/candas365.es\/noticias\/dos-destinos-idilicos-para-tus-proximas-vacaciones-fuerteventura-y-lanzarote\/#organizationLogo","width":1152,"height":864,"caption":"Cand\u00e1s 365 Redes"},"image":{"@id":"https:\/\/candas365.es\/noticias\/dos-destinos-idilicos-para-tus-proximas-vacaciones-fuerteventura-y-lanzarote\/#organizationLogo"},"sameAs":["https:\/\/www.facebook.com\/Nachofdezber","https:\/\/x.com\/NabercoDigital","https:\/\/www.instagram.com\/nachofdezber\/","https:\/\/www.youtube.com\/channel\/UCZP-2wLEB9Rv6erhFmqVnvg"],"address":{"@id":"https:\/\/candas365.es\/noticias\/#postaladdress","@type":"PostalAddress","streetAddress":"san antonio 4, san antonio 4","postalCode":"33430","addressLocality":"Cand\u00e1s","addressRegion":"Asturias","addressCountry":"ES"}},{"@type":"Person","@id":"https:\/\/candas365.es\/noticias\/author\/admin\/#author","url":"https:\/\/candas365.es\/noticias\/author\/admin\/","name":"Cand\u00e1s 365","image":{"@type":"ImageObject","@id":"https:\/\/candas365.es\/noticias\/dos-destinos-idilicos-para-tus-proximas-vacaciones-fuerteventura-y-lanzarote\/#authorImage","url":"https:\/\/secure.gravatar.com\/avatar\/496a8e03d0c493ede1718b7934145dbdf8d89be1036b0eec9544e1094c9de390?s=96&d=mm&r=g","width":96,"height":96,"caption":"Cand\u00e1s 365"},"sameAs":["https:\/\/www.facebook.com\/carrenoactualidad","https:\/\/twitter.com\/nbasturias","https:\/\/www.instagram.com\/nachofdezber\/","https:\/\/www.youtube.com\/channel\/UCZP-2wLEB9Rv6erhFmqVnvg"]},{"@type":"WebPage","@id":"https:\/\/candas365.es\/noticias\/dos-destinos-idilicos-para-tus-proximas-vacaciones-fuerteventura-y-lanzarote\/#webpage","url":"https:\/\/candas365.es\/noticias\/dos-destinos-idilicos-para-tus-proximas-vacaciones-fuerteventura-y-lanzarote\/","name":"Dos destinos id\u00edlicos para tus pr\u00f3ximas vacaciones; Fuerteventura y Lanzarote | Cand\u00e1s 365","description":"La mayor\u00eda de los espa\u00f1oles, cuando piensan en su periodo de vacaciones se imaginan como destino id\u00edlicas extensiones de arena blanca frente al mar. Las playas son los lugares m\u00e1s frecuentados para lograr la desconexi\u00f3n y el descanso en la \u00e9poca estival. Si, adem\u00e1s, se busca un ambiente paradisiaco a imagen y semejanza de los","inLanguage":"es-ES","isPartOf":{"@id":"https:\/\/candas365.es\/noticias\/#website"},"breadcrumb":{"@id":"https:\/\/candas365.es\/noticias\/dos-destinos-idilicos-para-tus-proximas-vacaciones-fuerteventura-y-lanzarote\/#breadcrumblist"},"author":{"@id":"https:\/\/candas365.es\/noticias\/author\/admin\/#author"},"creator":{"@id":"https:\/\/candas365.es\/noticias\/author\/admin\/#author"},"image":{"@type":"ImageObject","url":"https:\/\/candas365.es\/noticias\/wp-content\/uploads\/2020\/01\/Vacaciones-en-Canarias.jpg","@id":"https:\/\/candas365.es\/noticias\/dos-destinos-idilicos-para-tus-proximas-vacaciones-fuerteventura-y-lanzarote\/#mainImage","width":1071,"height":726},"primaryImageOfPage":{"@id":"https:\/\/candas365.es\/noticias\/dos-destinos-idilicos-para-tus-proximas-vacaciones-fuerteventura-y-lanzarote\/#mainImage"},"datePublished":"2020-01-02T12:49:49+01:00","dateModified":"2020-01-02T12:49:49+01:00"},{"@type":"WebSite","@id":"https:\/\/candas365.es\/noticias\/#website","url":"https:\/\/candas365.es\/noticias\/","name":"Cand\u00e1s 365","alternateName":"Cand\u00e1s 365 Noticias","description":"Actualidad desde Carre\u00f1o para el mundo","inLanguage":"es-ES","publisher":{"@id":"https:\/\/candas365.es\/noticias\/#organization"}}]},"og:locale":"es_ES","og:site_name":"Cand\u00e1s 365","og:type":"article","og:title":"Dos destinos id\u00edlicos para tus pr\u00f3ximas vacaciones; Fuerteventura y Lanzarote | Cand\u00e1s 365","og:description":"La mayor\u00eda de los espa\u00f1oles, cuando piensan en su periodo de vacaciones se imaginan como destino id\u00edlicas extensiones de arena blanca frente al mar. Las playas son los lugares m\u00e1s frecuentados para lograr la desconexi\u00f3n y el descanso en la \u00e9poca estival. Si, adem\u00e1s, se busca un ambiente paradisiaco a imagen y semejanza de los","og:url":"https:\/\/candas365.es\/noticias\/dos-destinos-idilicos-para-tus-proximas-vacaciones-fuerteventura-y-lanzarote\/","og:image":"https:\/\/candas365.es\/noticias\/wp-content\/uploads\/2020\/01\/Vacaciones-en-Canarias.jpg","og:image:secure_url":"https:\/\/candas365.es\/noticias\/wp-content\/uploads\/2020\/01\/Vacaciones-en-Canarias.jpg","og:image:width":1071,"og:image:height":726,"article:published_time":"2020-01-02T12:49:49+00:00","article:modified_time":"2020-01-02T12:49:49+00:00","article:publisher":"https:\/\/www.facebook.com\/Nachofdezber","article:author":"https:\/\/www.facebook.com\/carrenoactualidad","twitter:card":"summary_large_image","twitter:site":"@NabercoDigital","twitter:title":"Dos destinos id\u00edlicos para tus pr\u00f3ximas vacaciones; Fuerteventura y Lanzarote | Cand\u00e1s 365","twitter:description":"La mayor\u00eda de los espa\u00f1oles, cuando piensan en su periodo de vacaciones se imaginan como destino id\u00edlicas extensiones de arena blanca frente al mar. Las playas son los lugares m\u00e1s frecuentados para lograr la desconexi\u00f3n y el descanso en la \u00e9poca estival. Si, adem\u00e1s, se busca un ambiente paradisiaco a imagen y semejanza de los","twitter:creator":"@nbasturias","twitter:image":"https:\/\/candas365.es\/noticias\/wp-content\/uploads\/2020\/01\/Vacaciones-en-Canarias.jpg","twitter:label1":"Escrito por","twitter:data1":"Cand\u00e1s 365","twitter:label2":"Tiempo de lectura estimado","twitter:data2":"5 minutos"},"aioseo_meta_data":{"post_id":"135785","title":null,"description":null,"keywords":null,"keyphrases":null,"primary_term":null,"canonical_url":null,"og_title":null,"og_description":null,"og_object_type":"default","og_image_type":"default","og_image_url":null,"og_image_width":null,"og_image_height":null,"og_image_custom_url":null,"og_image_custom_fields":null,"og_video":null,"og_custom_url":null,"og_article_section":null,"og_article_tags":null,"twitter_use_og":false,"twitter_card":"default","twitter_image_type":"default","twitter_image_url":null,"twitter_image_custom_url":null,"twitter_image_custom_fields":null,"twitter_title":null,"twitter_description":null,"schema":{"blockGraphs":[],"customGraphs":[],"default":{"data":{"Article":[],"Course":[],"Dataset":[],"FAQPage":[],"Movie":[],"Person":[],"Product":[],"ProductReview":[],"Car":[],"Recipe":[],"Service":[],"SoftwareApplication":[],"WebPage":[]},"graphName":"","isEnabled":true},"graphs":[],"defaultGraph":"","defaultPostTypeGraph":""},"schema_type":null,"schema_type_options":null,"pillar_content":false,"robots_default":true,"robots_noindex":false,"robots_noarchive":false,"robots_nosnippet":false,"robots_nofollow":false,"robots_noimageindex":false,"robots_noodp":false,"robots_notranslate":false,"robots_max_snippet":null,"robots_max_videopreview":null,"robots_max_imagepreview":"large","priority":null,"frequency":null,"location":null,"local_seo":null,"seo_analyzer_scan_date":"2025-08-30 20:48:24","breadcrumb_settings":null,"limit_modified_date":false,"reviewed_by":null,"open_ai":null,"ai":null,"created":"2020-12-21 10:48:34","updated":"2025-08-30 20:48:24"},"aioseo_breadcrumb":"<div class=\"aioseo-breadcrumbs\"><span class=\"aioseo-breadcrumb\">\n\t<a href=\"https:\/\/candas365.es\/noticias\" title=\"Home\">Home<\/a>\n<\/span><span class=\"aioseo-breadcrumb-separator\">&ndash;<\/span><span class=\"aioseo-breadcrumb\">\n\t<a href=\"https:\/\/candas365.es\/noticias\/category\/revista\/\" title=\"Revista\">Revista<\/a>\n<\/span><span class=\"aioseo-breadcrumb-separator\">&ndash;<\/span><span class=\"aioseo-breadcrumb\">\n\tDos destinos id\u00edlicos para tus pr\u00f3ximas vacaciones; Fuerteventura y Lanzarote\n<\/span><\/div>","aioseo_breadcrumb_json":[{"label":"Home","link":"https:\/\/candas365.es\/noticias"},{"label":"Revista","link":"https:\/\/candas365.es\/noticias\/category\/revista\/"},{"label":"Dos destinos id\u00edlicos para tus pr\u00f3ximas vacaciones; Fuerteventura y Lanzarote","link":"https:\/\/candas365.es\/noticias\/dos-destinos-idilicos-para-tus-proximas-vacaciones-fuerteventura-y-lanzarote\/"}],"_links":{"self":[{"href":"https:\/\/candas365.es\/noticias\/wp-json\/wp\/v2\/posts\/135785","targetHints":{"allow":["GET"]}}],"collection":[{"href":"https:\/\/candas365.es\/noticias\/wp-json\/wp\/v2\/posts"}],"about":[{"href":"https:\/\/candas365.es\/noticias\/wp-json\/wp\/v2\/types\/post"}],"author":[{"embeddable":true,"href":"https:\/\/candas365.es\/noticias\/wp-json\/wp\/v2\/users\/1"}],"replies":[{"embeddable":true,"href":"https:\/\/candas365.es\/noticias\/wp-json\/wp\/v2\/comments?post=135785"}],"version-history":[{"count":0,"href":"https:\/\/candas365.es\/noticias\/wp-json\/wp\/v2\/posts\/135785\/revisions"}],"wp:featuredmedia":[{"embeddable":true,"href":"https:\/\/candas365.es\/noticias\/wp-json\/wp\/v2\/media\/135786"}],"wp:attachment":[{"href":"https:\/\/candas365.es\/noticias\/wp-json\/wp\/v2\/media?parent=135785"}],"wp:term":[{"taxonomy":"category","embeddable":true,"href":"https:\/\/candas365.es\/noticias\/wp-json\/wp\/v2\/categories?post=135785"},{"taxonomy":"post_tag","embeddable":true,"href":"https:\/\/candas365.es\/noticias\/wp-json\/wp\/v2\/tags?post=135785"}],"curies":[{"name":"wp","href":"https:\/\/api.w.org\/{rel}","templated":true}]}}