{"id":135738,"date":"2020-01-01T13:12:57","date_gmt":"2020-01-01T13:12:57","guid":{"rendered":"http:\/\/candas365.es\/noticias\/?p=135738"},"modified":"2020-01-01T13:12:57","modified_gmt":"2020-01-01T13:12:57","slug":"montanista-aleman-se-enfrenta-a-su-mayor-reto-el-everest","status":"publish","type":"post","link":"https:\/\/candas365.es\/noticias\/montanista-aleman-se-enfrenta-a-su-mayor-reto-el-everest\/","title":{"rendered":"Monta\u00f1ista alem\u00e1n se enfrenta a su mayor reto, el Everest"},"content":{"rendered":"<figure id=\"attachment_135739\" aria-describedby=\"caption-attachment-135739\" style=\"width: 360px\" class=\"wp-caption alignleft\"><img fetchpriority=\"high\" decoding=\"async\" class=\"size-medium wp-image-135739\" src=\"https:\/\/candas365.es\/noticias\/wp-content\/uploads\/2020\/01\/Jost-Kobusch-dpa-360x229.jpg\" alt=\"\" width=\"360\" height=\"229\" srcset=\"https:\/\/candas365.es\/noticias\/wp-content\/uploads\/2020\/01\/Jost-Kobusch-dpa-360x229.jpg 360w, https:\/\/candas365.es\/noticias\/wp-content\/uploads\/2020\/01\/Jost-Kobusch-dpa-655x417.jpg 655w, https:\/\/candas365.es\/noticias\/wp-content\/uploads\/2020\/01\/Jost-Kobusch-dpa-768x489.jpg 768w, https:\/\/candas365.es\/noticias\/wp-content\/uploads\/2020\/01\/Jost-Kobusch-dpa-696x443.jpg 696w, https:\/\/candas365.es\/noticias\/wp-content\/uploads\/2020\/01\/Jost-Kobusch-dpa-660x420.jpg 660w, https:\/\/candas365.es\/noticias\/wp-content\/uploads\/2020\/01\/Jost-Kobusch-dpa.jpg 998w\" sizes=\"(max-width: 360px) 100vw, 360px\" \/><figcaption id=\"caption-attachment-135739\" class=\"wp-caption-text\">Foto: Daniel Hug\/Jost Kobusch\/dpa<\/figcaption><\/figure>\n<p>Katmand\u00fa (Nepal), 1 ene (dpa) &#8211; Cuando Jost Kobusch y sus amigos estaban en el campamento base del Monte Everest, de repente tembl\u00f3 la tierra. Una avalancha de nieve cay\u00f3 sobre ellos y quedaron sepultados por la masa blanca. Dieciocho personas murieron. Pero Kobusch y sus amigos sobrevivieron. Y a partir de entonces, este hombre de la peque\u00f1a ciudad alemana de Borgholzhausen, que entonces ten\u00eda 22 a\u00f1os, decidi\u00f3 vivir su vida de otra manera.<\/p>\n<p>En vez de comenzar a estudiar medicina, quiso ser monta\u00f1ista y vivir una vida sin tener que arrepentirse de nada, como dijo hace poco en una entrevista con dpa. \u00abTodo se volvi\u00f3 cada vez m\u00e1s blanco a mi alrededor y estaba seguro de que morir\u00eda\u00bb. Pero permaneci\u00f3 tranquilo. \u00abPens\u00e9: bueno, si mueres ahora, es as\u00ed. Est\u00e1 bien. Tom\u00e9 las decisiones correctas en la vida\u00bb.<\/p>\n<p>Desde entonces, pasaron cuatro a\u00f1os y medio. Kobusch tiene 27 y ya alcanz\u00f3 la cima de varias monta\u00f1as de gran altura. A los 21 fue el escalador m\u00e1s joven en vencer sin ayuda los 6.800 metros del Ama Dablam en el Himalaya.<\/p>\n<p>A los 25, fue la primera persona en escalar el Nangpai Gosum II, de 7.300 metros, y fue nominado por ello al \u00abOscar de los monta\u00f1istas\u00bb, el Piolet d&#8217;Or. Y hace tres a\u00f1os lleg\u00f3 a la cima de su primer pico de m\u00e1s de 8.000 metros, el Annapurna.<\/p>\n<p>A Kobusch le gustan los desaf\u00edos extremos sobre los que en principio ni siquiera sabe si son posibles.<\/p>\n<p>Este invierno boreal intenta llegar solo, o sea, sin sherpas y sin botella de ox\u00edgeno, a la cima de la monta\u00f1a m\u00e1s alta del mundo, el Monte Everest, de 8.848 metros de altura. Seg\u00fan la \u00abHimalayan Database\u00bb, hasta ahora nadie logr\u00f3 esto.<\/p>\n<p>Escalarlo en invierno es especialmente dif\u00edcil, porque a m\u00e1s de 8.000 metros la temperatura llega a ser de 50 grados bajo cero y los vientos son de 180 kil\u00f3metros por hora, seg\u00fan explic\u00f3 el monta\u00f1ista alem\u00e1n Ralf Dujmovits. Sin botella de ox\u00edgeno es a\u00fan m\u00e1s dif\u00edcil porque hay menos ox\u00edgeno y se respira m\u00e1s r\u00e1pido.<\/p>\n<p>Kobusch es consciente de los riesgos y tambi\u00e9n sabe que las posibilidades de \u00e9xito son pocas. Pero de todas maneras quiere intentarlo. \u00abEstimo que necesitar\u00e9 tres o cuatro intentos\u00bb. Seg\u00fan explica, quiere vivir intensamente y experimentar solo la monta\u00f1a y la naturaleza.<\/p>\n<p>Durante los \u00faltimos meses, Kobusch se prepar\u00f3 para su misi\u00f3n. En las \u00faltimas semanas, escal\u00f3 varias monta\u00f1as del Himalaya para acostumbrar el cuerpo.<\/p>\n<p>Acaba de levantar su carpa en el campamento base. Desde all\u00ed intentar\u00e1 desde fines de febrero en adelante subir una y otra vez, buscar rutas. Quiere avanzar varios d\u00edas cada vez y volver a bajar hasta el campamento base, donde lo esperan un cocinero y un ayudante de cocina. Pero en los intentos quiere estar solo.<\/p>\n<p>En su misi\u00f3n en el Everest y en todos sus dem\u00e1s proyectos tambi\u00e9n lo impulsa el miedo. Le gusta, afirma. \u00abEse miedo genera incre\u00edblemente mucha energ\u00eda en m\u00ed y me hace concentrar mucho\u00bb. Escalar tambi\u00e9n le ayud\u00f3 a superar ciertos temores.<\/p>\n<p>\u00abNo s\u00e9, cuando est\u00e9 ah\u00ed arriba, seguramente tenga miedo. Pero eso es lo apasionante\u00bb, dice. Kobusch tiene previsto escalar a\u00fan varias monta\u00f1as m\u00e1s. Hasta que en alg\u00fan momento el cuerpo le diga basta.<\/p>\n<p><i class=\"lang-es\"><span class=\" readonly\" title=\"\">Por Anne-Sophie Galli (dpa)<\/span><\/i><\/p>\n<p>&nbsp;<\/p>\n","protected":false},"excerpt":{"rendered":"<p>Katmand\u00fa (Nepal), 1 ene (dpa) &#8211; Cuando Jost Kobusch y sus amigos estaban en el campamento base del Monte Everest, de repente tembl\u00f3 la tierra. Una avalancha de nieve cay\u00f3 sobre ellos y quedaron sepultados por la masa blanca. Dieciocho personas murieron. Pero Kobusch y sus amigos sobrevivieron. Y a partir de entonces, este hombre<\/p>\n","protected":false},"author":1,"featured_media":135739,"comment_status":"closed","ping_status":"closed","sticky":false,"template":"","format":"standard","meta":{"footnotes":""},"categories":[319],"tags":[],"class_list":{"0":"post-135738","1":"post","2":"type-post","3":"status-publish","4":"format-standard","5":"has-post-thumbnail","7":"category-deporte"},"aioseo_notices":[],"aioseo_head":"\n\t\t<!-- All in One SEO Pro 4.9.6.2 - aioseo.com -->\n\t<meta name=\"description\" content=\"Katmand\u00fa (Nepal), 1 ene (dpa) - Cuando Jost Kobusch y sus amigos estaban en el campamento base del Monte Everest, de repente tembl\u00f3 la tierra. Una avalancha de nieve cay\u00f3 sobre ellos y quedaron sepultados por la masa blanca. Dieciocho personas murieron. Pero Kobusch y sus amigos sobrevivieron. Y a partir de entonces, este hombre\" \/>\n\t<meta name=\"robots\" content=\"max-image-preview:large\" \/>\n\t<meta name=\"author\" content=\"Cand\u00e1s 365\"\/>\n\t<meta name=\"google-site-verification\" content=\"UA-32230408-1\" \/>\n\t<meta name=\"msvalidate.01\" content=\"354F3CDFB2DA171B47FBE9ABF1F88D5\" \/>\n\t<meta name=\"keywords\" content=\"deporte\" \/>\n\t<link rel=\"canonical\" href=\"https:\/\/candas365.es\/noticias\/montanista-aleman-se-enfrenta-a-su-mayor-reto-el-everest\/\" \/>\n\t<meta name=\"generator\" content=\"All in One SEO Pro (AIOSEO) 4.9.6.2\" \/>\n\t\t<meta property=\"og:locale\" content=\"es_ES\" \/>\n\t\t<meta property=\"og:site_name\" content=\"Cand\u00e1s 365\" \/>\n\t\t<meta property=\"og:type\" content=\"article\" \/>\n\t\t<meta property=\"og:title\" content=\"Monta\u00f1ista alem\u00e1n se enfrenta a su mayor reto, el Everest | Cand\u00e1s 365\" \/>\n\t\t<meta property=\"og:description\" content=\"Katmand\u00fa (Nepal), 1 ene (dpa) - Cuando Jost Kobusch y sus amigos estaban en el campamento base del Monte Everest, de repente tembl\u00f3 la tierra. Una avalancha de nieve cay\u00f3 sobre ellos y quedaron sepultados por la masa blanca. Dieciocho personas murieron. Pero Kobusch y sus amigos sobrevivieron. Y a partir de entonces, este hombre\" \/>\n\t\t<meta property=\"og:url\" content=\"https:\/\/candas365.es\/noticias\/montanista-aleman-se-enfrenta-a-su-mayor-reto-el-everest\/\" \/>\n\t\t<meta property=\"og:image\" content=\"https:\/\/candas365.es\/noticias\/wp-content\/uploads\/2020\/01\/Jost-Kobusch-dpa.jpg\" \/>\n\t\t<meta property=\"og:image:secure_url\" content=\"https:\/\/candas365.es\/noticias\/wp-content\/uploads\/2020\/01\/Jost-Kobusch-dpa.jpg\" \/>\n\t\t<meta property=\"og:image:width\" content=\"998\" \/>\n\t\t<meta property=\"og:image:height\" content=\"635\" \/>\n\t\t<meta property=\"article:published_time\" content=\"2020-01-01T13:12:57+00:00\" \/>\n\t\t<meta property=\"article:modified_time\" content=\"2020-01-01T13:12:57+00:00\" \/>\n\t\t<meta property=\"article:publisher\" content=\"https:\/\/www.facebook.com\/Nachofdezber\" \/>\n\t\t<meta property=\"article:author\" content=\"https:\/\/www.facebook.com\/carrenoactualidad\" \/>\n\t\t<meta name=\"twitter:card\" content=\"summary_large_image\" \/>\n\t\t<meta name=\"twitter:site\" content=\"@NabercoDigital\" \/>\n\t\t<meta name=\"twitter:title\" content=\"Monta\u00f1ista alem\u00e1n se enfrenta a su mayor reto, el Everest | Cand\u00e1s 365\" \/>\n\t\t<meta name=\"twitter:description\" content=\"Katmand\u00fa (Nepal), 1 ene (dpa) - Cuando Jost Kobusch y sus amigos estaban en el campamento base del Monte Everest, de repente tembl\u00f3 la tierra. Una avalancha de nieve cay\u00f3 sobre ellos y quedaron sepultados por la masa blanca. Dieciocho personas murieron. Pero Kobusch y sus amigos sobrevivieron. Y a partir de entonces, este hombre\" \/>\n\t\t<meta name=\"twitter:creator\" content=\"@nbasturias\" \/>\n\t\t<meta name=\"twitter:image\" content=\"https:\/\/candas365.es\/noticias\/wp-content\/uploads\/2020\/01\/Jost-Kobusch-dpa.jpg\" \/>\n\t\t<meta name=\"twitter:label1\" content=\"Escrito por\" \/>\n\t\t<meta name=\"twitter:data1\" content=\"Cand\u00e1s 365\" \/>\n\t\t<meta name=\"twitter:label2\" content=\"Tiempo de lectura estimado\" \/>\n\t\t<meta name=\"twitter:data2\" content=\"3 minutos\" \/>\n\t\t<script type=\"application\/ld+json\" class=\"aioseo-schema\">\n\t\t\t{\"@context\":\"https:\\\/\\\/schema.org\",\"@graph\":[{\"@type\":\"BreadcrumbList\",\"@id\":\"https:\\\/\\\/candas365.es\\\/noticias\\\/montanista-aleman-se-enfrenta-a-su-mayor-reto-el-everest\\\/#breadcrumblist\",\"itemListElement\":[{\"@type\":\"ListItem\",\"@id\":\"https:\\\/\\\/candas365.es\\\/noticias#listItem\",\"position\":1,\"name\":\"Home\",\"item\":\"https:\\\/\\\/candas365.es\\\/noticias\",\"nextItem\":{\"@type\":\"ListItem\",\"@id\":\"https:\\\/\\\/candas365.es\\\/noticias\\\/category\\\/deporte\\\/#listItem\",\"name\":\"Deporte\"}},{\"@type\":\"ListItem\",\"@id\":\"https:\\\/\\\/candas365.es\\\/noticias\\\/category\\\/deporte\\\/#listItem\",\"position\":2,\"name\":\"Deporte\",\"item\":\"https:\\\/\\\/candas365.es\\\/noticias\\\/category\\\/deporte\\\/\",\"nextItem\":{\"@type\":\"ListItem\",\"@id\":\"https:\\\/\\\/candas365.es\\\/noticias\\\/montanista-aleman-se-enfrenta-a-su-mayor-reto-el-everest\\\/#listItem\",\"name\":\"Monta\\u00f1ista alem\\u00e1n se enfrenta a su mayor reto, el Everest\"},\"previousItem\":{\"@type\":\"ListItem\",\"@id\":\"https:\\\/\\\/candas365.es\\\/noticias#listItem\",\"name\":\"Home\"}},{\"@type\":\"ListItem\",\"@id\":\"https:\\\/\\\/candas365.es\\\/noticias\\\/montanista-aleman-se-enfrenta-a-su-mayor-reto-el-everest\\\/#listItem\",\"position\":3,\"name\":\"Monta\\u00f1ista alem\\u00e1n se enfrenta a su mayor reto, el Everest\",\"previousItem\":{\"@type\":\"ListItem\",\"@id\":\"https:\\\/\\\/candas365.es\\\/noticias\\\/category\\\/deporte\\\/#listItem\",\"name\":\"Deporte\"}}]},{\"@type\":\"NewsArticle\",\"@id\":\"https:\\\/\\\/candas365.es\\\/noticias\\\/montanista-aleman-se-enfrenta-a-su-mayor-reto-el-everest\\\/#newsarticle\",\"name\":\"Monta\\u00f1ista alem\\u00e1n se enfrenta a su mayor reto, el Everest | Cand\\u00e1s 365\",\"headline\":\"Monta\\u00f1ista alem\\u00e1n se enfrenta a su mayor reto, el Everest\",\"author\":{\"@id\":\"https:\\\/\\\/candas365.es\\\/noticias\\\/author\\\/admin\\\/#author\"},\"publisher\":{\"@id\":\"https:\\\/\\\/candas365.es\\\/noticias\\\/#organization\"},\"image\":{\"@type\":\"ImageObject\",\"url\":\"https:\\\/\\\/candas365.es\\\/noticias\\\/wp-content\\\/uploads\\\/2020\\\/01\\\/Jost-Kobusch-dpa.jpg\",\"width\":998,\"height\":635,\"caption\":\"Foto: Daniel Hug\\\/Jost Kobusch\\\/dpa\"},\"datePublished\":\"2020-01-01T13:12:57+01:00\",\"dateModified\":\"2020-01-01T13:12:57+01:00\",\"inLanguage\":\"es-ES\",\"mainEntityOfPage\":{\"@id\":\"https:\\\/\\\/candas365.es\\\/noticias\\\/montanista-aleman-se-enfrenta-a-su-mayor-reto-el-everest\\\/#webpage\"},\"isPartOf\":{\"@id\":\"https:\\\/\\\/candas365.es\\\/noticias\\\/montanista-aleman-se-enfrenta-a-su-mayor-reto-el-everest\\\/#webpage\"},\"articleSection\":\"Deporte\",\"dateline\":\"Publicado el enero 1, 2020.\"},{\"@type\":\"Organization\",\"@id\":\"https:\\\/\\\/candas365.es\\\/noticias\\\/#organization\",\"name\":\"Cand\\u00e1s 365\",\"description\":\"Cand\\u00e1s 365 es un diario digital independiente, fundado en 2012, con base en Asturias. Informamos con rigor sobre actualidad, sociedad, cultura y ocio, con una mirada local y global.\",\"url\":\"https:\\\/\\\/candas365.es\\\/noticias\\\/\",\"email\":\"info@candas365.es\",\"telephone\":\"+34652131393\",\"foundingDate\":\"2012-06-10\",\"logo\":{\"@type\":\"ImageObject\",\"url\":\"https:\\\/\\\/candas365.es\\\/noticias\\\/wp-content\\\/uploads\\\/2024\\\/09\\\/Candas-365-Redes.jpg\",\"@id\":\"https:\\\/\\\/candas365.es\\\/noticias\\\/montanista-aleman-se-enfrenta-a-su-mayor-reto-el-everest\\\/#organizationLogo\",\"width\":1152,\"height\":864,\"caption\":\"Cand\\u00e1s 365 Redes\"},\"image\":{\"@id\":\"https:\\\/\\\/candas365.es\\\/noticias\\\/montanista-aleman-se-enfrenta-a-su-mayor-reto-el-everest\\\/#organizationLogo\"},\"sameAs\":[\"https:\\\/\\\/www.facebook.com\\\/Nachofdezber\",\"https:\\\/\\\/x.com\\\/NabercoDigital\",\"https:\\\/\\\/www.instagram.com\\\/nachofdezber\\\/\",\"https:\\\/\\\/www.youtube.com\\\/channel\\\/UCZP-2wLEB9Rv6erhFmqVnvg\"],\"address\":{\"@id\":\"https:\\\/\\\/candas365.es\\\/noticias\\\/#postaladdress\",\"@type\":\"PostalAddress\",\"streetAddress\":\"san antonio 4, san antonio 4\",\"postalCode\":\"33430\",\"addressLocality\":\"Cand\\u00e1s\",\"addressRegion\":\"Asturias\",\"addressCountry\":\"ES\"}},{\"@type\":\"Person\",\"@id\":\"https:\\\/\\\/candas365.es\\\/noticias\\\/author\\\/admin\\\/#author\",\"url\":\"https:\\\/\\\/candas365.es\\\/noticias\\\/author\\\/admin\\\/\",\"name\":\"Cand\\u00e1s 365\",\"image\":{\"@type\":\"ImageObject\",\"@id\":\"https:\\\/\\\/candas365.es\\\/noticias\\\/montanista-aleman-se-enfrenta-a-su-mayor-reto-el-everest\\\/#authorImage\",\"url\":\"https:\\\/\\\/secure.gravatar.com\\\/avatar\\\/496a8e03d0c493ede1718b7934145dbdf8d89be1036b0eec9544e1094c9de390?s=96&d=mm&r=g\",\"width\":96,\"height\":96,\"caption\":\"Cand\\u00e1s 365\"},\"sameAs\":[\"https:\\\/\\\/www.facebook.com\\\/carrenoactualidad\",\"https:\\\/\\\/twitter.com\\\/nbasturias\",\"https:\\\/\\\/www.instagram.com\\\/nachofdezber\\\/\",\"https:\\\/\\\/www.youtube.com\\\/channel\\\/UCZP-2wLEB9Rv6erhFmqVnvg\"]},{\"@type\":\"WebPage\",\"@id\":\"https:\\\/\\\/candas365.es\\\/noticias\\\/montanista-aleman-se-enfrenta-a-su-mayor-reto-el-everest\\\/#webpage\",\"url\":\"https:\\\/\\\/candas365.es\\\/noticias\\\/montanista-aleman-se-enfrenta-a-su-mayor-reto-el-everest\\\/\",\"name\":\"Monta\\u00f1ista alem\\u00e1n se enfrenta a su mayor reto, el Everest | Cand\\u00e1s 365\",\"description\":\"Katmand\\u00fa (Nepal), 1 ene (dpa) - Cuando Jost Kobusch y sus amigos estaban en el campamento base del Monte Everest, de repente tembl\\u00f3 la tierra. Una avalancha de nieve cay\\u00f3 sobre ellos y quedaron sepultados por la masa blanca. Dieciocho personas murieron. Pero Kobusch y sus amigos sobrevivieron. Y a partir de entonces, este hombre\",\"inLanguage\":\"es-ES\",\"isPartOf\":{\"@id\":\"https:\\\/\\\/candas365.es\\\/noticias\\\/#website\"},\"breadcrumb\":{\"@id\":\"https:\\\/\\\/candas365.es\\\/noticias\\\/montanista-aleman-se-enfrenta-a-su-mayor-reto-el-everest\\\/#breadcrumblist\"},\"author\":{\"@id\":\"https:\\\/\\\/candas365.es\\\/noticias\\\/author\\\/admin\\\/#author\"},\"creator\":{\"@id\":\"https:\\\/\\\/candas365.es\\\/noticias\\\/author\\\/admin\\\/#author\"},\"image\":{\"@type\":\"ImageObject\",\"url\":\"https:\\\/\\\/candas365.es\\\/noticias\\\/wp-content\\\/uploads\\\/2020\\\/01\\\/Jost-Kobusch-dpa.jpg\",\"@id\":\"https:\\\/\\\/candas365.es\\\/noticias\\\/montanista-aleman-se-enfrenta-a-su-mayor-reto-el-everest\\\/#mainImage\",\"width\":998,\"height\":635,\"caption\":\"Foto: Daniel Hug\\\/Jost Kobusch\\\/dpa\"},\"primaryImageOfPage\":{\"@id\":\"https:\\\/\\\/candas365.es\\\/noticias\\\/montanista-aleman-se-enfrenta-a-su-mayor-reto-el-everest\\\/#mainImage\"},\"datePublished\":\"2020-01-01T13:12:57+01:00\",\"dateModified\":\"2020-01-01T13:12:57+01:00\"},{\"@type\":\"WebSite\",\"@id\":\"https:\\\/\\\/candas365.es\\\/noticias\\\/#website\",\"url\":\"https:\\\/\\\/candas365.es\\\/noticias\\\/\",\"name\":\"Cand\\u00e1s 365\",\"alternateName\":\"Cand\\u00e1s 365 Noticias\",\"description\":\"Actualidad desde Carre\\u00f1o para el mundo\",\"inLanguage\":\"es-ES\",\"publisher\":{\"@id\":\"https:\\\/\\\/candas365.es\\\/noticias\\\/#organization\"}}]}\n\t\t<\/script>\n\t\t<!-- All in One SEO Pro -->\r\n\t\t<title>Monta\u00f1ista alem\u00e1n se enfrenta a su mayor reto, el Everest | Cand\u00e1s 365<\/title>\n\n","aioseo_head_json":{"title":"Monta\u00f1ista alem\u00e1n se enfrenta a su mayor reto, el Everest | Cand\u00e1s 365","description":"Katmand\u00fa (Nepal), 1 ene (dpa) - Cuando Jost Kobusch y sus amigos estaban en el campamento base del Monte Everest, de repente tembl\u00f3 la tierra. Una avalancha de nieve cay\u00f3 sobre ellos y quedaron sepultados por la masa blanca. Dieciocho personas murieron. Pero Kobusch y sus amigos sobrevivieron. Y a partir de entonces, este hombre","canonical_url":"https:\/\/candas365.es\/noticias\/montanista-aleman-se-enfrenta-a-su-mayor-reto-el-everest\/","robots":"max-image-preview:large","keywords":"deporte","webmasterTools":{"google-site-verification":"UA-32230408-1","msvalidate.01":"354F3CDFB2DA171B47FBE9ABF1F88D5","miscellaneous":""},"schema":{"@context":"https:\/\/schema.org","@graph":[{"@type":"BreadcrumbList","@id":"https:\/\/candas365.es\/noticias\/montanista-aleman-se-enfrenta-a-su-mayor-reto-el-everest\/#breadcrumblist","itemListElement":[{"@type":"ListItem","@id":"https:\/\/candas365.es\/noticias#listItem","position":1,"name":"Home","item":"https:\/\/candas365.es\/noticias","nextItem":{"@type":"ListItem","@id":"https:\/\/candas365.es\/noticias\/category\/deporte\/#listItem","name":"Deporte"}},{"@type":"ListItem","@id":"https:\/\/candas365.es\/noticias\/category\/deporte\/#listItem","position":2,"name":"Deporte","item":"https:\/\/candas365.es\/noticias\/category\/deporte\/","nextItem":{"@type":"ListItem","@id":"https:\/\/candas365.es\/noticias\/montanista-aleman-se-enfrenta-a-su-mayor-reto-el-everest\/#listItem","name":"Monta\u00f1ista alem\u00e1n se enfrenta a su mayor reto, el Everest"},"previousItem":{"@type":"ListItem","@id":"https:\/\/candas365.es\/noticias#listItem","name":"Home"}},{"@type":"ListItem","@id":"https:\/\/candas365.es\/noticias\/montanista-aleman-se-enfrenta-a-su-mayor-reto-el-everest\/#listItem","position":3,"name":"Monta\u00f1ista alem\u00e1n se enfrenta a su mayor reto, el Everest","previousItem":{"@type":"ListItem","@id":"https:\/\/candas365.es\/noticias\/category\/deporte\/#listItem","name":"Deporte"}}]},{"@type":"NewsArticle","@id":"https:\/\/candas365.es\/noticias\/montanista-aleman-se-enfrenta-a-su-mayor-reto-el-everest\/#newsarticle","name":"Monta\u00f1ista alem\u00e1n se enfrenta a su mayor reto, el Everest | Cand\u00e1s 365","headline":"Monta\u00f1ista alem\u00e1n se enfrenta a su mayor reto, el Everest","author":{"@id":"https:\/\/candas365.es\/noticias\/author\/admin\/#author"},"publisher":{"@id":"https:\/\/candas365.es\/noticias\/#organization"},"image":{"@type":"ImageObject","url":"https:\/\/candas365.es\/noticias\/wp-content\/uploads\/2020\/01\/Jost-Kobusch-dpa.jpg","width":998,"height":635,"caption":"Foto: Daniel Hug\/Jost Kobusch\/dpa"},"datePublished":"2020-01-01T13:12:57+01:00","dateModified":"2020-01-01T13:12:57+01:00","inLanguage":"es-ES","mainEntityOfPage":{"@id":"https:\/\/candas365.es\/noticias\/montanista-aleman-se-enfrenta-a-su-mayor-reto-el-everest\/#webpage"},"isPartOf":{"@id":"https:\/\/candas365.es\/noticias\/montanista-aleman-se-enfrenta-a-su-mayor-reto-el-everest\/#webpage"},"articleSection":"Deporte","dateline":"Publicado el enero 1, 2020."},{"@type":"Organization","@id":"https:\/\/candas365.es\/noticias\/#organization","name":"Cand\u00e1s 365","description":"Cand\u00e1s 365 es un diario digital independiente, fundado en 2012, con base en Asturias. Informamos con rigor sobre actualidad, sociedad, cultura y ocio, con una mirada local y global.","url":"https:\/\/candas365.es\/noticias\/","email":"info@candas365.es","telephone":"+34652131393","foundingDate":"2012-06-10","logo":{"@type":"ImageObject","url":"https:\/\/candas365.es\/noticias\/wp-content\/uploads\/2024\/09\/Candas-365-Redes.jpg","@id":"https:\/\/candas365.es\/noticias\/montanista-aleman-se-enfrenta-a-su-mayor-reto-el-everest\/#organizationLogo","width":1152,"height":864,"caption":"Cand\u00e1s 365 Redes"},"image":{"@id":"https:\/\/candas365.es\/noticias\/montanista-aleman-se-enfrenta-a-su-mayor-reto-el-everest\/#organizationLogo"},"sameAs":["https:\/\/www.facebook.com\/Nachofdezber","https:\/\/x.com\/NabercoDigital","https:\/\/www.instagram.com\/nachofdezber\/","https:\/\/www.youtube.com\/channel\/UCZP-2wLEB9Rv6erhFmqVnvg"],"address":{"@id":"https:\/\/candas365.es\/noticias\/#postaladdress","@type":"PostalAddress","streetAddress":"san antonio 4, san antonio 4","postalCode":"33430","addressLocality":"Cand\u00e1s","addressRegion":"Asturias","addressCountry":"ES"}},{"@type":"Person","@id":"https:\/\/candas365.es\/noticias\/author\/admin\/#author","url":"https:\/\/candas365.es\/noticias\/author\/admin\/","name":"Cand\u00e1s 365","image":{"@type":"ImageObject","@id":"https:\/\/candas365.es\/noticias\/montanista-aleman-se-enfrenta-a-su-mayor-reto-el-everest\/#authorImage","url":"https:\/\/secure.gravatar.com\/avatar\/496a8e03d0c493ede1718b7934145dbdf8d89be1036b0eec9544e1094c9de390?s=96&d=mm&r=g","width":96,"height":96,"caption":"Cand\u00e1s 365"},"sameAs":["https:\/\/www.facebook.com\/carrenoactualidad","https:\/\/twitter.com\/nbasturias","https:\/\/www.instagram.com\/nachofdezber\/","https:\/\/www.youtube.com\/channel\/UCZP-2wLEB9Rv6erhFmqVnvg"]},{"@type":"WebPage","@id":"https:\/\/candas365.es\/noticias\/montanista-aleman-se-enfrenta-a-su-mayor-reto-el-everest\/#webpage","url":"https:\/\/candas365.es\/noticias\/montanista-aleman-se-enfrenta-a-su-mayor-reto-el-everest\/","name":"Monta\u00f1ista alem\u00e1n se enfrenta a su mayor reto, el Everest | Cand\u00e1s 365","description":"Katmand\u00fa (Nepal), 1 ene (dpa) - Cuando Jost Kobusch y sus amigos estaban en el campamento base del Monte Everest, de repente tembl\u00f3 la tierra. Una avalancha de nieve cay\u00f3 sobre ellos y quedaron sepultados por la masa blanca. Dieciocho personas murieron. Pero Kobusch y sus amigos sobrevivieron. Y a partir de entonces, este hombre","inLanguage":"es-ES","isPartOf":{"@id":"https:\/\/candas365.es\/noticias\/#website"},"breadcrumb":{"@id":"https:\/\/candas365.es\/noticias\/montanista-aleman-se-enfrenta-a-su-mayor-reto-el-everest\/#breadcrumblist"},"author":{"@id":"https:\/\/candas365.es\/noticias\/author\/admin\/#author"},"creator":{"@id":"https:\/\/candas365.es\/noticias\/author\/admin\/#author"},"image":{"@type":"ImageObject","url":"https:\/\/candas365.es\/noticias\/wp-content\/uploads\/2020\/01\/Jost-Kobusch-dpa.jpg","@id":"https:\/\/candas365.es\/noticias\/montanista-aleman-se-enfrenta-a-su-mayor-reto-el-everest\/#mainImage","width":998,"height":635,"caption":"Foto: Daniel Hug\/Jost Kobusch\/dpa"},"primaryImageOfPage":{"@id":"https:\/\/candas365.es\/noticias\/montanista-aleman-se-enfrenta-a-su-mayor-reto-el-everest\/#mainImage"},"datePublished":"2020-01-01T13:12:57+01:00","dateModified":"2020-01-01T13:12:57+01:00"},{"@type":"WebSite","@id":"https:\/\/candas365.es\/noticias\/#website","url":"https:\/\/candas365.es\/noticias\/","name":"Cand\u00e1s 365","alternateName":"Cand\u00e1s 365 Noticias","description":"Actualidad desde Carre\u00f1o para el mundo","inLanguage":"es-ES","publisher":{"@id":"https:\/\/candas365.es\/noticias\/#organization"}}]},"og:locale":"es_ES","og:site_name":"Cand\u00e1s 365","og:type":"article","og:title":"Monta\u00f1ista alem\u00e1n se enfrenta a su mayor reto, el Everest | Cand\u00e1s 365","og:description":"Katmand\u00fa (Nepal), 1 ene (dpa) - Cuando Jost Kobusch y sus amigos estaban en el campamento base del Monte Everest, de repente tembl\u00f3 la tierra. Una avalancha de nieve cay\u00f3 sobre ellos y quedaron sepultados por la masa blanca. Dieciocho personas murieron. Pero Kobusch y sus amigos sobrevivieron. Y a partir de entonces, este hombre","og:url":"https:\/\/candas365.es\/noticias\/montanista-aleman-se-enfrenta-a-su-mayor-reto-el-everest\/","og:image":"https:\/\/candas365.es\/noticias\/wp-content\/uploads\/2020\/01\/Jost-Kobusch-dpa.jpg","og:image:secure_url":"https:\/\/candas365.es\/noticias\/wp-content\/uploads\/2020\/01\/Jost-Kobusch-dpa.jpg","og:image:width":998,"og:image:height":635,"article:published_time":"2020-01-01T13:12:57+00:00","article:modified_time":"2020-01-01T13:12:57+00:00","article:publisher":"https:\/\/www.facebook.com\/Nachofdezber","article:author":"https:\/\/www.facebook.com\/carrenoactualidad","twitter:card":"summary_large_image","twitter:site":"@NabercoDigital","twitter:title":"Monta\u00f1ista alem\u00e1n se enfrenta a su mayor reto, el Everest | Cand\u00e1s 365","twitter:description":"Katmand\u00fa (Nepal), 1 ene (dpa) - Cuando Jost Kobusch y sus amigos estaban en el campamento base del Monte Everest, de repente tembl\u00f3 la tierra. Una avalancha de nieve cay\u00f3 sobre ellos y quedaron sepultados por la masa blanca. Dieciocho personas murieron. Pero Kobusch y sus amigos sobrevivieron. Y a partir de entonces, este hombre","twitter:creator":"@nbasturias","twitter:image":"https:\/\/candas365.es\/noticias\/wp-content\/uploads\/2020\/01\/Jost-Kobusch-dpa.jpg","twitter:label1":"Escrito por","twitter:data1":"Cand\u00e1s 365","twitter:label2":"Tiempo de lectura estimado","twitter:data2":"3 minutos"},"aioseo_meta_data":{"post_id":"135738","title":null,"description":null,"keywords":null,"keyphrases":null,"primary_term":null,"canonical_url":null,"og_title":null,"og_description":null,"og_object_type":"default","og_image_type":"default","og_image_url":null,"og_image_width":null,"og_image_height":null,"og_image_custom_url":null,"og_image_custom_fields":null,"og_video":null,"og_custom_url":null,"og_article_section":null,"og_article_tags":null,"twitter_use_og":false,"twitter_card":"default","twitter_image_type":"default","twitter_image_url":null,"twitter_image_custom_url":null,"twitter_image_custom_fields":null,"twitter_title":null,"twitter_description":null,"schema":{"blockGraphs":[],"customGraphs":[],"default":{"data":{"Article":[],"Course":[],"Dataset":[],"FAQPage":[],"Movie":[],"Person":[],"Product":[],"ProductReview":[],"Car":[],"Recipe":[],"Service":[],"SoftwareApplication":[],"WebPage":[]},"graphName":"","isEnabled":true},"graphs":[]},"schema_type":null,"schema_type_options":null,"pillar_content":false,"robots_default":true,"robots_noindex":false,"robots_noarchive":false,"robots_nosnippet":false,"robots_nofollow":false,"robots_noimageindex":false,"robots_noodp":false,"robots_notranslate":false,"robots_max_snippet":null,"robots_max_videopreview":null,"robots_max_imagepreview":"large","priority":null,"frequency":null,"location":null,"local_seo":null,"seo_analyzer_scan_date":"2025-08-30 20:44:22","breadcrumb_settings":null,"limit_modified_date":false,"reviewed_by":null,"open_ai":null,"ai":null,"created":"2020-12-21 10:48:34","updated":"2025-08-30 20:44:22"},"aioseo_breadcrumb":"<div class=\"aioseo-breadcrumbs\"><span class=\"aioseo-breadcrumb\">\n\t<a href=\"https:\/\/candas365.es\/noticias\" title=\"Home\">Home<\/a>\n<\/span><span class=\"aioseo-breadcrumb-separator\">&ndash;<\/span><span class=\"aioseo-breadcrumb\">\n\t<a href=\"https:\/\/candas365.es\/noticias\/category\/deporte\/\" title=\"Deporte\">Deporte<\/a>\n<\/span><span class=\"aioseo-breadcrumb-separator\">&ndash;<\/span><span class=\"aioseo-breadcrumb\">\n\tMonta\u00f1ista alem\u00e1n se enfrenta a su mayor reto, el Everest\n<\/span><\/div>","aioseo_breadcrumb_json":[{"label":"Home","link":"https:\/\/candas365.es\/noticias"},{"label":"Deporte","link":"https:\/\/candas365.es\/noticias\/category\/deporte\/"},{"label":"Monta\u00f1ista alem\u00e1n se enfrenta a su mayor reto, el Everest","link":"https:\/\/candas365.es\/noticias\/montanista-aleman-se-enfrenta-a-su-mayor-reto-el-everest\/"}],"_links":{"self":[{"href":"https:\/\/candas365.es\/noticias\/wp-json\/wp\/v2\/posts\/135738","targetHints":{"allow":["GET"]}}],"collection":[{"href":"https:\/\/candas365.es\/noticias\/wp-json\/wp\/v2\/posts"}],"about":[{"href":"https:\/\/candas365.es\/noticias\/wp-json\/wp\/v2\/types\/post"}],"author":[{"embeddable":true,"href":"https:\/\/candas365.es\/noticias\/wp-json\/wp\/v2\/users\/1"}],"replies":[{"embeddable":true,"href":"https:\/\/candas365.es\/noticias\/wp-json\/wp\/v2\/comments?post=135738"}],"version-history":[{"count":0,"href":"https:\/\/candas365.es\/noticias\/wp-json\/wp\/v2\/posts\/135738\/revisions"}],"wp:featuredmedia":[{"embeddable":true,"href":"https:\/\/candas365.es\/noticias\/wp-json\/wp\/v2\/media\/135739"}],"wp:attachment":[{"href":"https:\/\/candas365.es\/noticias\/wp-json\/wp\/v2\/media?parent=135738"}],"wp:term":[{"taxonomy":"category","embeddable":true,"href":"https:\/\/candas365.es\/noticias\/wp-json\/wp\/v2\/categories?post=135738"},{"taxonomy":"post_tag","embeddable":true,"href":"https:\/\/candas365.es\/noticias\/wp-json\/wp\/v2\/tags?post=135738"}],"curies":[{"name":"wp","href":"https:\/\/api.w.org\/{rel}","templated":true}]}}