{"id":135732,"date":"2020-01-01T12:04:24","date_gmt":"2020-01-01T12:04:24","guid":{"rendered":"http:\/\/candas365.es\/noticias\/?p=135732"},"modified":"2020-01-01T12:04:24","modified_gmt":"2020-01-01T12:04:24","slug":"joachim-low-el-2018-esta-superado","status":"publish","type":"post","link":"https:\/\/candas365.es\/noticias\/joachim-low-el-2018-esta-superado\/","title":{"rendered":"Joachim L\u00f6w: \u00abEl 2018 est\u00e1 superado\u00bb"},"content":{"rendered":"<figure id=\"attachment_135733\" aria-describedby=\"caption-attachment-135733\" style=\"width: 360px\" class=\"wp-caption alignleft\"><img fetchpriority=\"high\" decoding=\"async\" class=\"size-medium wp-image-135733\" src=\"https:\/\/candas365.es\/noticias\/wp-content\/uploads\/2020\/01\/Joachim-Low-360x253.jpg\" alt=\"\" width=\"360\" height=\"253\" srcset=\"https:\/\/candas365.es\/noticias\/wp-content\/uploads\/2020\/01\/Joachim-Low-360x253.jpg 360w, https:\/\/candas365.es\/noticias\/wp-content\/uploads\/2020\/01\/Joachim-Low-655x460.jpg 655w, https:\/\/candas365.es\/noticias\/wp-content\/uploads\/2020\/01\/Joachim-Low-768x539.jpg 768w, https:\/\/candas365.es\/noticias\/wp-content\/uploads\/2020\/01\/Joachim-Low-696x488.jpg 696w, https:\/\/candas365.es\/noticias\/wp-content\/uploads\/2020\/01\/Joachim-Low-599x420.jpg 599w, https:\/\/candas365.es\/noticias\/wp-content\/uploads\/2020\/01\/Joachim-Low-100x70.jpg 100w, https:\/\/candas365.es\/noticias\/wp-content\/uploads\/2020\/01\/Joachim-Low.jpg 935w\" sizes=\"(max-width: 360px) 100vw, 360px\" \/><figcaption id=\"caption-attachment-135733\" class=\"wp-caption-text\">Foto: Tom Weller\/dpa<\/figcaption><\/figure>\n<p>M\u00fanich, 1 ene (dpa) \u2013 Joachim L\u00f6w sabe lo que le espera a la rejuvenecida selecci\u00f3n alemana de f\u00fatbol durante 2020, en vista del resultado del sorteo de la fase de grupos de la Eurocopa, y reconoce, en una entrevista concedida a dpa, que ser\u00e1 una \u00abtarea enorme\u00bb.<\/p>\n<p>El seleccionador alem\u00e1n hace un repaso a un a\u00f1o agitado y tambi\u00e9n mira al frente, al pr\u00f3ximo verano (boreal), y no quiere ni siquiera pensar en la posibilidad de que en la Eurocopa se repita una eliminaci\u00f3n inesperada como en el Mundial de Rusia. \u00abEl 2018 est\u00e1 superado\u00bb, opina el t\u00e9cnico de 59 a\u00f1os.<\/p>\n<p><strong>Pregunta:<\/strong> La Eurocopa tiene otro aspecto tras el sorteo de la fase de grupos, como usted mismo dijo. Francia y Portugal son los grandes adversarios de Alemania. \u00bfQu\u00e9 opina del torneo del a\u00f1o que viene?<\/p>\n<p><strong>Respuesta:<\/strong> La ilusi\u00f3n es cada vez mayor, y se intensificar\u00e1 en las pr\u00f3ximas semanas y meses. No esperaba un resultado as\u00ed de este sorteo. Es bastante raro encontrarse con Francia y Portugal, como actuales campeones del mundo y de Europa, a pesar de clasificarnos primeros de grupo. Pero tambi\u00e9n siento una gran expectaci\u00f3n, porque, por supuesto, son partidos que todo el mundo espera con impaciencia y que prometen emoci\u00f3n. Estos son los momentos culminantes del f\u00fatbol. Los aficionados desean que haya un grupo as\u00ed.<\/p>\n<p><strong>Pregunta:<\/strong> Los enfrentamientos iniciales con Francia y Portugal en la Eurocopa no parece que vayan a ser partidos de liguilla, sino m\u00e1s bien de eliminatoria. \u00bfCambia eso su enfoque sobre el campeonato y su forma de prepararse?<\/p>\n<p><strong>Respuesta:<\/strong> No, siempre hay mucha tensi\u00f3n en el equipo antes del primer partido de un campeonato, sin importar contra qui\u00e9n juguemos. Y nos preguntamos m\u00e1s \u00bfd\u00f3nde estamos? o \u00bfc\u00f3mo empezamos?<\/p>\n<p><strong>Pregunta:<\/strong> Usted mencion\u00f3 el a\u00f1o 2018. Todo el mundo pensaba que el grupo mundialista con M\u00e9xico, Suecia y Corea del Sur tendr\u00eda que ser f\u00e1cil para Alemania como vigente campeona del mundo. \u00bfVe ahora el grupo tan fuerte que le toc\u00f3 en la Eurocopa como una oportunidad? \u00bfO teme otra eliminaci\u00f3n prematura?<\/p>\n<p><strong>Respuesta:<\/strong> De momento, no pienso en esto \u00faltimo, el 2018 est\u00e1 superado. Estuvimos entre los mejores del mundo durante mucho tiempo. Ahora tuvimos toda una transformaci\u00f3n y a\u00fan as\u00ed disputamos con autoridad la fase de clasificaci\u00f3n. Estoy feliz por este a\u00f1o, porque hubo algunos jugadores que tuvieron su oportunidad y la aprovecharon.<\/p>\n<p><strong>Pregunta:<\/strong> \u00bfPor ejemplo?<\/p>\n<p><strong>Respuesta:<\/strong> Debido a multitud de lesiones, se incorporaron a la selecci\u00f3n jugadores j\u00f3venes como Robin Koch y Luca Waldschmidt, del Freiburg; Nadiem Amiri, del Leverkusen; o Suat Serdar y Niklas Stark, del Hertha Berl\u00edn. Tuvimos, por as\u00ed decirlo, m\u00e1s cambios en un a\u00f1o ya agitado, pero habr\u00eda sido bueno para nosotros si hubi\u00e9ramos podido jugar con los m\u00e1s experimentados. En eso nos falt\u00f3 constancia y continuidad, algo que es enormemente importante para que al final el juego est\u00e9 bien engrasado. Tenemos que conseguirlo en 2020. Otros pa\u00edses nos llevan ventaja en eso.<\/p>\n<p><strong>Pregunta:<\/strong> \u00bfQu\u00e9 incluye en su lista de deseos para el a\u00f1o de la Eurocopa?<\/p>\n<p><strong>Respuesta:<\/strong> Mi deseo, de cara a los partidos internacionales que jugaremos en marzo, es que todos los jugadores que tengan la calidad para jugar con Alemania en la Eurocopa est\u00e9n en forma y recuperados. Me gustar\u00eda que tuvieran un buen ritmo de juego. Pero, sobre todo, deseo que no se produzcan m\u00e1s lesiones. En los dos partidos internacionales de marzo contra Espa\u00f1a e Italia y luego durante la concentraci\u00f3n previa a la Eurocopa tenemos que aprovechar el tiempo para encontrarnos a nosotros mismos y pulir nuestros automatismos.<\/p>\n<p><i class=\"lang-es\"><span class=\" readonly\" title=\"\">Entrevista: Klaus Bergmann (dpa)<\/span><\/i><\/p>\n<p>&nbsp;<\/p>\n","protected":false},"excerpt":{"rendered":"<p>M\u00fanich, 1 ene (dpa) \u2013 Joachim L\u00f6w sabe lo que le espera a la rejuvenecida selecci\u00f3n alemana de f\u00fatbol durante 2020, en vista del resultado del sorteo de la fase de grupos de la Eurocopa, y reconoce, en una entrevista concedida a dpa, que ser\u00e1 una \u00abtarea enorme\u00bb. El seleccionador alem\u00e1n hace un repaso a<\/p>\n","protected":false},"author":1,"featured_media":135733,"comment_status":"closed","ping_status":"closed","sticky":false,"template":"","format":"standard","meta":{"footnotes":""},"categories":[143],"tags":[],"class_list":{"0":"post-135732","1":"post","2":"type-post","3":"status-publish","4":"format-standard","5":"has-post-thumbnail","7":"category-sociedad"},"aioseo_notices":[],"aioseo_head":"\n\t\t<!-- All in One SEO Pro 4.9.6.2 - aioseo.com -->\n\t<meta name=\"description\" content=\"M\u00fanich, 1 ene (dpa) \u2013 Joachim L\u00f6w sabe lo que le espera a la rejuvenecida selecci\u00f3n alemana de f\u00fatbol durante 2020, en vista del resultado del sorteo de la fase de grupos de la Eurocopa, y reconoce, en una entrevista concedida a dpa, que ser\u00e1 una &quot;tarea enorme&quot;. El seleccionador alem\u00e1n hace un repaso a\" \/>\n\t<meta name=\"robots\" content=\"max-image-preview:large\" \/>\n\t<meta name=\"author\" content=\"Cand\u00e1s 365\"\/>\n\t<meta name=\"google-site-verification\" content=\"UA-32230408-1\" \/>\n\t<meta name=\"msvalidate.01\" content=\"354F3CDFB2DA171B47FBE9ABF1F88D5\" \/>\n\t<meta name=\"keywords\" content=\"sociedad\" \/>\n\t<link rel=\"canonical\" href=\"https:\/\/candas365.es\/noticias\/joachim-low-el-2018-esta-superado\/\" \/>\n\t<meta name=\"generator\" content=\"All in One SEO Pro (AIOSEO) 4.9.6.2\" \/>\n\t\t<meta property=\"og:locale\" content=\"es_ES\" \/>\n\t\t<meta property=\"og:site_name\" content=\"Cand\u00e1s 365\" \/>\n\t\t<meta property=\"og:type\" content=\"article\" \/>\n\t\t<meta property=\"og:title\" content=\"Joachim L\u00f6w: \u00abEl 2018 est\u00e1 superado\u00bb | Cand\u00e1s 365\" \/>\n\t\t<meta property=\"og:description\" content=\"M\u00fanich, 1 ene (dpa) \u2013 Joachim L\u00f6w sabe lo que le espera a la rejuvenecida selecci\u00f3n alemana de f\u00fatbol durante 2020, en vista del resultado del sorteo de la fase de grupos de la Eurocopa, y reconoce, en una entrevista concedida a dpa, que ser\u00e1 una &quot;tarea enorme&quot;. El seleccionador alem\u00e1n hace un repaso a\" \/>\n\t\t<meta property=\"og:url\" content=\"https:\/\/candas365.es\/noticias\/joachim-low-el-2018-esta-superado\/\" \/>\n\t\t<meta property=\"og:image\" content=\"https:\/\/candas365.es\/noticias\/wp-content\/uploads\/2020\/01\/Joachim-Low.jpg\" \/>\n\t\t<meta property=\"og:image:secure_url\" content=\"https:\/\/candas365.es\/noticias\/wp-content\/uploads\/2020\/01\/Joachim-Low.jpg\" \/>\n\t\t<meta property=\"og:image:width\" content=\"935\" \/>\n\t\t<meta property=\"og:image:height\" content=\"656\" \/>\n\t\t<meta property=\"article:published_time\" content=\"2020-01-01T12:04:24+00:00\" \/>\n\t\t<meta property=\"article:modified_time\" content=\"2020-01-01T12:04:24+00:00\" \/>\n\t\t<meta property=\"article:publisher\" content=\"https:\/\/www.facebook.com\/Nachofdezber\" \/>\n\t\t<meta property=\"article:author\" content=\"https:\/\/www.facebook.com\/carrenoactualidad\" \/>\n\t\t<meta name=\"twitter:card\" content=\"summary_large_image\" \/>\n\t\t<meta name=\"twitter:site\" content=\"@NabercoDigital\" \/>\n\t\t<meta name=\"twitter:title\" content=\"Joachim L\u00f6w: \u00abEl 2018 est\u00e1 superado\u00bb | Cand\u00e1s 365\" \/>\n\t\t<meta name=\"twitter:description\" content=\"M\u00fanich, 1 ene (dpa) \u2013 Joachim L\u00f6w sabe lo que le espera a la rejuvenecida selecci\u00f3n alemana de f\u00fatbol durante 2020, en vista del resultado del sorteo de la fase de grupos de la Eurocopa, y reconoce, en una entrevista concedida a dpa, que ser\u00e1 una &quot;tarea enorme&quot;. El seleccionador alem\u00e1n hace un repaso a\" \/>\n\t\t<meta name=\"twitter:creator\" content=\"@nbasturias\" \/>\n\t\t<meta name=\"twitter:image\" content=\"https:\/\/candas365.es\/noticias\/wp-content\/uploads\/2020\/01\/Joachim-Low.jpg\" \/>\n\t\t<meta name=\"twitter:label1\" content=\"Escrito por\" \/>\n\t\t<meta name=\"twitter:data1\" content=\"Cand\u00e1s 365\" \/>\n\t\t<meta name=\"twitter:label2\" content=\"Tiempo de lectura estimado\" \/>\n\t\t<meta name=\"twitter:data2\" content=\"3 minutos\" \/>\n\t\t<script type=\"application\/ld+json\" class=\"aioseo-schema\">\n\t\t\t{\"@context\":\"https:\\\/\\\/schema.org\",\"@graph\":[{\"@type\":\"BreadcrumbList\",\"@id\":\"https:\\\/\\\/candas365.es\\\/noticias\\\/joachim-low-el-2018-esta-superado\\\/#breadcrumblist\",\"itemListElement\":[{\"@type\":\"ListItem\",\"@id\":\"https:\\\/\\\/candas365.es\\\/noticias#listItem\",\"position\":1,\"name\":\"Home\",\"item\":\"https:\\\/\\\/candas365.es\\\/noticias\",\"nextItem\":{\"@type\":\"ListItem\",\"@id\":\"https:\\\/\\\/candas365.es\\\/noticias\\\/category\\\/sociedad\\\/#listItem\",\"name\":\"Sociedad\"}},{\"@type\":\"ListItem\",\"@id\":\"https:\\\/\\\/candas365.es\\\/noticias\\\/category\\\/sociedad\\\/#listItem\",\"position\":2,\"name\":\"Sociedad\",\"item\":\"https:\\\/\\\/candas365.es\\\/noticias\\\/category\\\/sociedad\\\/\",\"nextItem\":{\"@type\":\"ListItem\",\"@id\":\"https:\\\/\\\/candas365.es\\\/noticias\\\/joachim-low-el-2018-esta-superado\\\/#listItem\",\"name\":\"Joachim L\\u00f6w: \\u00abEl 2018 est\\u00e1 superado\\u00bb\"},\"previousItem\":{\"@type\":\"ListItem\",\"@id\":\"https:\\\/\\\/candas365.es\\\/noticias#listItem\",\"name\":\"Home\"}},{\"@type\":\"ListItem\",\"@id\":\"https:\\\/\\\/candas365.es\\\/noticias\\\/joachim-low-el-2018-esta-superado\\\/#listItem\",\"position\":3,\"name\":\"Joachim L\\u00f6w: \\u00abEl 2018 est\\u00e1 superado\\u00bb\",\"previousItem\":{\"@type\":\"ListItem\",\"@id\":\"https:\\\/\\\/candas365.es\\\/noticias\\\/category\\\/sociedad\\\/#listItem\",\"name\":\"Sociedad\"}}]},{\"@type\":\"NewsArticle\",\"@id\":\"https:\\\/\\\/candas365.es\\\/noticias\\\/joachim-low-el-2018-esta-superado\\\/#newsarticle\",\"name\":\"Joachim L\\u00f6w: \\u00abEl 2018 est\\u00e1 superado\\u00bb | Cand\\u00e1s 365\",\"headline\":\"Joachim L\\u00f6w: \\u00abEl 2018 est\\u00e1 superado\\u00bb\",\"author\":{\"@id\":\"https:\\\/\\\/candas365.es\\\/noticias\\\/author\\\/admin\\\/#author\"},\"publisher\":{\"@id\":\"https:\\\/\\\/candas365.es\\\/noticias\\\/#organization\"},\"image\":{\"@type\":\"ImageObject\",\"url\":\"https:\\\/\\\/candas365.es\\\/noticias\\\/wp-content\\\/uploads\\\/2020\\\/01\\\/Joachim-Low.jpg\",\"width\":935,\"height\":656,\"caption\":\"Foto: Tom Weller\\\/dpa\"},\"datePublished\":\"2020-01-01T12:04:24+01:00\",\"dateModified\":\"2020-01-01T12:04:24+01:00\",\"inLanguage\":\"es-ES\",\"mainEntityOfPage\":{\"@id\":\"https:\\\/\\\/candas365.es\\\/noticias\\\/joachim-low-el-2018-esta-superado\\\/#webpage\"},\"isPartOf\":{\"@id\":\"https:\\\/\\\/candas365.es\\\/noticias\\\/joachim-low-el-2018-esta-superado\\\/#webpage\"},\"articleSection\":\"Sociedad\",\"dateline\":\"Publicado el enero 1, 2020.\"},{\"@type\":\"Organization\",\"@id\":\"https:\\\/\\\/candas365.es\\\/noticias\\\/#organization\",\"name\":\"Cand\\u00e1s 365\",\"description\":\"Cand\\u00e1s 365 es un diario digital independiente, fundado en 2012, con base en Asturias. Informamos con rigor sobre actualidad, sociedad, cultura y ocio, con una mirada local y global.\",\"url\":\"https:\\\/\\\/candas365.es\\\/noticias\\\/\",\"email\":\"info@candas365.es\",\"telephone\":\"+34652131393\",\"foundingDate\":\"2012-06-10\",\"logo\":{\"@type\":\"ImageObject\",\"url\":\"https:\\\/\\\/candas365.es\\\/noticias\\\/wp-content\\\/uploads\\\/2024\\\/09\\\/Candas-365-Redes.jpg\",\"@id\":\"https:\\\/\\\/candas365.es\\\/noticias\\\/joachim-low-el-2018-esta-superado\\\/#organizationLogo\",\"width\":1152,\"height\":864,\"caption\":\"Cand\\u00e1s 365 Redes\"},\"image\":{\"@id\":\"https:\\\/\\\/candas365.es\\\/noticias\\\/joachim-low-el-2018-esta-superado\\\/#organizationLogo\"},\"sameAs\":[\"https:\\\/\\\/www.facebook.com\\\/Nachofdezber\",\"https:\\\/\\\/x.com\\\/NabercoDigital\",\"https:\\\/\\\/www.instagram.com\\\/nachofdezber\\\/\",\"https:\\\/\\\/www.youtube.com\\\/channel\\\/UCZP-2wLEB9Rv6erhFmqVnvg\"],\"address\":{\"@id\":\"https:\\\/\\\/candas365.es\\\/noticias\\\/#postaladdress\",\"@type\":\"PostalAddress\",\"streetAddress\":\"san antonio 4, san antonio 4\",\"postalCode\":\"33430\",\"addressLocality\":\"Cand\\u00e1s\",\"addressRegion\":\"Asturias\",\"addressCountry\":\"ES\"}},{\"@type\":\"Person\",\"@id\":\"https:\\\/\\\/candas365.es\\\/noticias\\\/author\\\/admin\\\/#author\",\"url\":\"https:\\\/\\\/candas365.es\\\/noticias\\\/author\\\/admin\\\/\",\"name\":\"Cand\\u00e1s 365\",\"image\":{\"@type\":\"ImageObject\",\"@id\":\"https:\\\/\\\/candas365.es\\\/noticias\\\/joachim-low-el-2018-esta-superado\\\/#authorImage\",\"url\":\"https:\\\/\\\/secure.gravatar.com\\\/avatar\\\/496a8e03d0c493ede1718b7934145dbdf8d89be1036b0eec9544e1094c9de390?s=96&d=mm&r=g\",\"width\":96,\"height\":96,\"caption\":\"Cand\\u00e1s 365\"},\"sameAs\":[\"https:\\\/\\\/www.facebook.com\\\/carrenoactualidad\",\"https:\\\/\\\/twitter.com\\\/nbasturias\",\"https:\\\/\\\/www.instagram.com\\\/nachofdezber\\\/\",\"https:\\\/\\\/www.youtube.com\\\/channel\\\/UCZP-2wLEB9Rv6erhFmqVnvg\"]},{\"@type\":\"WebPage\",\"@id\":\"https:\\\/\\\/candas365.es\\\/noticias\\\/joachim-low-el-2018-esta-superado\\\/#webpage\",\"url\":\"https:\\\/\\\/candas365.es\\\/noticias\\\/joachim-low-el-2018-esta-superado\\\/\",\"name\":\"Joachim L\\u00f6w: \\u00abEl 2018 est\\u00e1 superado\\u00bb | Cand\\u00e1s 365\",\"description\":\"M\\u00fanich, 1 ene (dpa) \\u2013 Joachim L\\u00f6w sabe lo que le espera a la rejuvenecida selecci\\u00f3n alemana de f\\u00fatbol durante 2020, en vista del resultado del sorteo de la fase de grupos de la Eurocopa, y reconoce, en una entrevista concedida a dpa, que ser\\u00e1 una \\\"tarea enorme\\\". El seleccionador alem\\u00e1n hace un repaso a\",\"inLanguage\":\"es-ES\",\"isPartOf\":{\"@id\":\"https:\\\/\\\/candas365.es\\\/noticias\\\/#website\"},\"breadcrumb\":{\"@id\":\"https:\\\/\\\/candas365.es\\\/noticias\\\/joachim-low-el-2018-esta-superado\\\/#breadcrumblist\"},\"author\":{\"@id\":\"https:\\\/\\\/candas365.es\\\/noticias\\\/author\\\/admin\\\/#author\"},\"creator\":{\"@id\":\"https:\\\/\\\/candas365.es\\\/noticias\\\/author\\\/admin\\\/#author\"},\"image\":{\"@type\":\"ImageObject\",\"url\":\"https:\\\/\\\/candas365.es\\\/noticias\\\/wp-content\\\/uploads\\\/2020\\\/01\\\/Joachim-Low.jpg\",\"@id\":\"https:\\\/\\\/candas365.es\\\/noticias\\\/joachim-low-el-2018-esta-superado\\\/#mainImage\",\"width\":935,\"height\":656,\"caption\":\"Foto: Tom Weller\\\/dpa\"},\"primaryImageOfPage\":{\"@id\":\"https:\\\/\\\/candas365.es\\\/noticias\\\/joachim-low-el-2018-esta-superado\\\/#mainImage\"},\"datePublished\":\"2020-01-01T12:04:24+01:00\",\"dateModified\":\"2020-01-01T12:04:24+01:00\"},{\"@type\":\"WebSite\",\"@id\":\"https:\\\/\\\/candas365.es\\\/noticias\\\/#website\",\"url\":\"https:\\\/\\\/candas365.es\\\/noticias\\\/\",\"name\":\"Cand\\u00e1s 365\",\"alternateName\":\"Cand\\u00e1s 365 Noticias\",\"description\":\"Actualidad desde Carre\\u00f1o para el mundo\",\"inLanguage\":\"es-ES\",\"publisher\":{\"@id\":\"https:\\\/\\\/candas365.es\\\/noticias\\\/#organization\"}}]}\n\t\t<\/script>\n\t\t<!-- All in One SEO Pro -->\r\n\t\t<title>Joachim L\u00f6w: \u00abEl 2018 est\u00e1 superado\u00bb | Cand\u00e1s 365<\/title>\n\n","aioseo_head_json":{"title":"Joachim L\u00f6w: \u00abEl 2018 est\u00e1 superado\u00bb | Cand\u00e1s 365","description":"M\u00fanich, 1 ene (dpa) \u2013 Joachim L\u00f6w sabe lo que le espera a la rejuvenecida selecci\u00f3n alemana de f\u00fatbol durante 2020, en vista del resultado del sorteo de la fase de grupos de la Eurocopa, y reconoce, en una entrevista concedida a dpa, que ser\u00e1 una \"tarea enorme\". El seleccionador alem\u00e1n hace un repaso a","canonical_url":"https:\/\/candas365.es\/noticias\/joachim-low-el-2018-esta-superado\/","robots":"max-image-preview:large","keywords":"sociedad","webmasterTools":{"google-site-verification":"UA-32230408-1","msvalidate.01":"354F3CDFB2DA171B47FBE9ABF1F88D5","miscellaneous":""},"schema":{"@context":"https:\/\/schema.org","@graph":[{"@type":"BreadcrumbList","@id":"https:\/\/candas365.es\/noticias\/joachim-low-el-2018-esta-superado\/#breadcrumblist","itemListElement":[{"@type":"ListItem","@id":"https:\/\/candas365.es\/noticias#listItem","position":1,"name":"Home","item":"https:\/\/candas365.es\/noticias","nextItem":{"@type":"ListItem","@id":"https:\/\/candas365.es\/noticias\/category\/sociedad\/#listItem","name":"Sociedad"}},{"@type":"ListItem","@id":"https:\/\/candas365.es\/noticias\/category\/sociedad\/#listItem","position":2,"name":"Sociedad","item":"https:\/\/candas365.es\/noticias\/category\/sociedad\/","nextItem":{"@type":"ListItem","@id":"https:\/\/candas365.es\/noticias\/joachim-low-el-2018-esta-superado\/#listItem","name":"Joachim L\u00f6w: \u00abEl 2018 est\u00e1 superado\u00bb"},"previousItem":{"@type":"ListItem","@id":"https:\/\/candas365.es\/noticias#listItem","name":"Home"}},{"@type":"ListItem","@id":"https:\/\/candas365.es\/noticias\/joachim-low-el-2018-esta-superado\/#listItem","position":3,"name":"Joachim L\u00f6w: \u00abEl 2018 est\u00e1 superado\u00bb","previousItem":{"@type":"ListItem","@id":"https:\/\/candas365.es\/noticias\/category\/sociedad\/#listItem","name":"Sociedad"}}]},{"@type":"NewsArticle","@id":"https:\/\/candas365.es\/noticias\/joachim-low-el-2018-esta-superado\/#newsarticle","name":"Joachim L\u00f6w: \u00abEl 2018 est\u00e1 superado\u00bb | Cand\u00e1s 365","headline":"Joachim L\u00f6w: \u00abEl 2018 est\u00e1 superado\u00bb","author":{"@id":"https:\/\/candas365.es\/noticias\/author\/admin\/#author"},"publisher":{"@id":"https:\/\/candas365.es\/noticias\/#organization"},"image":{"@type":"ImageObject","url":"https:\/\/candas365.es\/noticias\/wp-content\/uploads\/2020\/01\/Joachim-Low.jpg","width":935,"height":656,"caption":"Foto: Tom Weller\/dpa"},"datePublished":"2020-01-01T12:04:24+01:00","dateModified":"2020-01-01T12:04:24+01:00","inLanguage":"es-ES","mainEntityOfPage":{"@id":"https:\/\/candas365.es\/noticias\/joachim-low-el-2018-esta-superado\/#webpage"},"isPartOf":{"@id":"https:\/\/candas365.es\/noticias\/joachim-low-el-2018-esta-superado\/#webpage"},"articleSection":"Sociedad","dateline":"Publicado el enero 1, 2020."},{"@type":"Organization","@id":"https:\/\/candas365.es\/noticias\/#organization","name":"Cand\u00e1s 365","description":"Cand\u00e1s 365 es un diario digital independiente, fundado en 2012, con base en Asturias. Informamos con rigor sobre actualidad, sociedad, cultura y ocio, con una mirada local y global.","url":"https:\/\/candas365.es\/noticias\/","email":"info@candas365.es","telephone":"+34652131393","foundingDate":"2012-06-10","logo":{"@type":"ImageObject","url":"https:\/\/candas365.es\/noticias\/wp-content\/uploads\/2024\/09\/Candas-365-Redes.jpg","@id":"https:\/\/candas365.es\/noticias\/joachim-low-el-2018-esta-superado\/#organizationLogo","width":1152,"height":864,"caption":"Cand\u00e1s 365 Redes"},"image":{"@id":"https:\/\/candas365.es\/noticias\/joachim-low-el-2018-esta-superado\/#organizationLogo"},"sameAs":["https:\/\/www.facebook.com\/Nachofdezber","https:\/\/x.com\/NabercoDigital","https:\/\/www.instagram.com\/nachofdezber\/","https:\/\/www.youtube.com\/channel\/UCZP-2wLEB9Rv6erhFmqVnvg"],"address":{"@id":"https:\/\/candas365.es\/noticias\/#postaladdress","@type":"PostalAddress","streetAddress":"san antonio 4, san antonio 4","postalCode":"33430","addressLocality":"Cand\u00e1s","addressRegion":"Asturias","addressCountry":"ES"}},{"@type":"Person","@id":"https:\/\/candas365.es\/noticias\/author\/admin\/#author","url":"https:\/\/candas365.es\/noticias\/author\/admin\/","name":"Cand\u00e1s 365","image":{"@type":"ImageObject","@id":"https:\/\/candas365.es\/noticias\/joachim-low-el-2018-esta-superado\/#authorImage","url":"https:\/\/secure.gravatar.com\/avatar\/496a8e03d0c493ede1718b7934145dbdf8d89be1036b0eec9544e1094c9de390?s=96&d=mm&r=g","width":96,"height":96,"caption":"Cand\u00e1s 365"},"sameAs":["https:\/\/www.facebook.com\/carrenoactualidad","https:\/\/twitter.com\/nbasturias","https:\/\/www.instagram.com\/nachofdezber\/","https:\/\/www.youtube.com\/channel\/UCZP-2wLEB9Rv6erhFmqVnvg"]},{"@type":"WebPage","@id":"https:\/\/candas365.es\/noticias\/joachim-low-el-2018-esta-superado\/#webpage","url":"https:\/\/candas365.es\/noticias\/joachim-low-el-2018-esta-superado\/","name":"Joachim L\u00f6w: \u00abEl 2018 est\u00e1 superado\u00bb | Cand\u00e1s 365","description":"M\u00fanich, 1 ene (dpa) \u2013 Joachim L\u00f6w sabe lo que le espera a la rejuvenecida selecci\u00f3n alemana de f\u00fatbol durante 2020, en vista del resultado del sorteo de la fase de grupos de la Eurocopa, y reconoce, en una entrevista concedida a dpa, que ser\u00e1 una \"tarea enorme\". El seleccionador alem\u00e1n hace un repaso a","inLanguage":"es-ES","isPartOf":{"@id":"https:\/\/candas365.es\/noticias\/#website"},"breadcrumb":{"@id":"https:\/\/candas365.es\/noticias\/joachim-low-el-2018-esta-superado\/#breadcrumblist"},"author":{"@id":"https:\/\/candas365.es\/noticias\/author\/admin\/#author"},"creator":{"@id":"https:\/\/candas365.es\/noticias\/author\/admin\/#author"},"image":{"@type":"ImageObject","url":"https:\/\/candas365.es\/noticias\/wp-content\/uploads\/2020\/01\/Joachim-Low.jpg","@id":"https:\/\/candas365.es\/noticias\/joachim-low-el-2018-esta-superado\/#mainImage","width":935,"height":656,"caption":"Foto: Tom Weller\/dpa"},"primaryImageOfPage":{"@id":"https:\/\/candas365.es\/noticias\/joachim-low-el-2018-esta-superado\/#mainImage"},"datePublished":"2020-01-01T12:04:24+01:00","dateModified":"2020-01-01T12:04:24+01:00"},{"@type":"WebSite","@id":"https:\/\/candas365.es\/noticias\/#website","url":"https:\/\/candas365.es\/noticias\/","name":"Cand\u00e1s 365","alternateName":"Cand\u00e1s 365 Noticias","description":"Actualidad desde Carre\u00f1o para el mundo","inLanguage":"es-ES","publisher":{"@id":"https:\/\/candas365.es\/noticias\/#organization"}}]},"og:locale":"es_ES","og:site_name":"Cand\u00e1s 365","og:type":"article","og:title":"Joachim L\u00f6w: \u00abEl 2018 est\u00e1 superado\u00bb | Cand\u00e1s 365","og:description":"M\u00fanich, 1 ene (dpa) \u2013 Joachim L\u00f6w sabe lo que le espera a la rejuvenecida selecci\u00f3n alemana de f\u00fatbol durante 2020, en vista del resultado del sorteo de la fase de grupos de la Eurocopa, y reconoce, en una entrevista concedida a dpa, que ser\u00e1 una &quot;tarea enorme&quot;. El seleccionador alem\u00e1n hace un repaso a","og:url":"https:\/\/candas365.es\/noticias\/joachim-low-el-2018-esta-superado\/","og:image":"https:\/\/candas365.es\/noticias\/wp-content\/uploads\/2020\/01\/Joachim-Low.jpg","og:image:secure_url":"https:\/\/candas365.es\/noticias\/wp-content\/uploads\/2020\/01\/Joachim-Low.jpg","og:image:width":935,"og:image:height":656,"article:published_time":"2020-01-01T12:04:24+00:00","article:modified_time":"2020-01-01T12:04:24+00:00","article:publisher":"https:\/\/www.facebook.com\/Nachofdezber","article:author":"https:\/\/www.facebook.com\/carrenoactualidad","twitter:card":"summary_large_image","twitter:site":"@NabercoDigital","twitter:title":"Joachim L\u00f6w: \u00abEl 2018 est\u00e1 superado\u00bb | Cand\u00e1s 365","twitter:description":"M\u00fanich, 1 ene (dpa) \u2013 Joachim L\u00f6w sabe lo que le espera a la rejuvenecida selecci\u00f3n alemana de f\u00fatbol durante 2020, en vista del resultado del sorteo de la fase de grupos de la Eurocopa, y reconoce, en una entrevista concedida a dpa, que ser\u00e1 una &quot;tarea enorme&quot;. El seleccionador alem\u00e1n hace un repaso a","twitter:creator":"@nbasturias","twitter:image":"https:\/\/candas365.es\/noticias\/wp-content\/uploads\/2020\/01\/Joachim-Low.jpg","twitter:label1":"Escrito por","twitter:data1":"Cand\u00e1s 365","twitter:label2":"Tiempo de lectura estimado","twitter:data2":"3 minutos"},"aioseo_meta_data":{"post_id":"135732","title":null,"description":null,"keywords":null,"keyphrases":null,"primary_term":null,"canonical_url":null,"og_title":null,"og_description":null,"og_object_type":"default","og_image_type":"default","og_image_url":null,"og_image_width":null,"og_image_height":null,"og_image_custom_url":null,"og_image_custom_fields":null,"og_video":null,"og_custom_url":null,"og_article_section":null,"og_article_tags":null,"twitter_use_og":false,"twitter_card":"default","twitter_image_type":"default","twitter_image_url":null,"twitter_image_custom_url":null,"twitter_image_custom_fields":null,"twitter_title":null,"twitter_description":null,"schema":{"blockGraphs":[],"customGraphs":[],"default":{"data":{"Article":[],"Course":[],"Dataset":[],"FAQPage":[],"Movie":[],"Person":[],"Product":[],"ProductReview":[],"Car":[],"Recipe":[],"Service":[],"SoftwareApplication":[],"WebPage":[]},"graphName":"","isEnabled":true},"graphs":[],"defaultGraph":"","defaultPostTypeGraph":""},"schema_type":null,"schema_type_options":null,"pillar_content":false,"robots_default":true,"robots_noindex":false,"robots_noarchive":false,"robots_nosnippet":false,"robots_nofollow":false,"robots_noimageindex":false,"robots_noodp":false,"robots_notranslate":false,"robots_max_snippet":null,"robots_max_videopreview":null,"robots_max_imagepreview":"large","priority":null,"frequency":null,"location":null,"local_seo":null,"seo_analyzer_scan_date":"2025-08-30 20:43:16","breadcrumb_settings":null,"limit_modified_date":false,"reviewed_by":null,"open_ai":null,"ai":null,"created":"2020-12-21 10:37:15","updated":"2025-08-30 20:43:16"},"aioseo_breadcrumb":"<div class=\"aioseo-breadcrumbs\"><span class=\"aioseo-breadcrumb\">\n\t<a href=\"https:\/\/candas365.es\/noticias\" title=\"Home\">Home<\/a>\n<\/span><span class=\"aioseo-breadcrumb-separator\">&ndash;<\/span><span class=\"aioseo-breadcrumb\">\n\t<a href=\"https:\/\/candas365.es\/noticias\/category\/sociedad\/\" title=\"Sociedad\">Sociedad<\/a>\n<\/span><span class=\"aioseo-breadcrumb-separator\">&ndash;<\/span><span class=\"aioseo-breadcrumb\">\n\tJoachim L\u00f6w: \u00abEl 2018 est\u00e1 superado\u00bb\n<\/span><\/div>","aioseo_breadcrumb_json":[{"label":"Home","link":"https:\/\/candas365.es\/noticias"},{"label":"Sociedad","link":"https:\/\/candas365.es\/noticias\/category\/sociedad\/"},{"label":"Joachim L\u00f6w: \u00abEl 2018 est\u00e1 superado\u00bb","link":"https:\/\/candas365.es\/noticias\/joachim-low-el-2018-esta-superado\/"}],"_links":{"self":[{"href":"https:\/\/candas365.es\/noticias\/wp-json\/wp\/v2\/posts\/135732","targetHints":{"allow":["GET"]}}],"collection":[{"href":"https:\/\/candas365.es\/noticias\/wp-json\/wp\/v2\/posts"}],"about":[{"href":"https:\/\/candas365.es\/noticias\/wp-json\/wp\/v2\/types\/post"}],"author":[{"embeddable":true,"href":"https:\/\/candas365.es\/noticias\/wp-json\/wp\/v2\/users\/1"}],"replies":[{"embeddable":true,"href":"https:\/\/candas365.es\/noticias\/wp-json\/wp\/v2\/comments?post=135732"}],"version-history":[{"count":0,"href":"https:\/\/candas365.es\/noticias\/wp-json\/wp\/v2\/posts\/135732\/revisions"}],"wp:featuredmedia":[{"embeddable":true,"href":"https:\/\/candas365.es\/noticias\/wp-json\/wp\/v2\/media\/135733"}],"wp:attachment":[{"href":"https:\/\/candas365.es\/noticias\/wp-json\/wp\/v2\/media?parent=135732"}],"wp:term":[{"taxonomy":"category","embeddable":true,"href":"https:\/\/candas365.es\/noticias\/wp-json\/wp\/v2\/categories?post=135732"},{"taxonomy":"post_tag","embeddable":true,"href":"https:\/\/candas365.es\/noticias\/wp-json\/wp\/v2\/tags?post=135732"}],"curies":[{"name":"wp","href":"https:\/\/api.w.org\/{rel}","templated":true}]}}