{"id":135677,"date":"2019-12-31T04:13:16","date_gmt":"2019-12-31T04:13:16","guid":{"rendered":"http:\/\/candas365.es\/noticias\/?p=135677"},"modified":"2019-12-31T04:13:16","modified_gmt":"2019-12-31T04:13:16","slug":"liga-de-campeones-dani-olmo-incluido-en-el-equipo-revelacion","status":"publish","type":"post","link":"https:\/\/candas365.es\/noticias\/liga-de-campeones-dani-olmo-incluido-en-el-equipo-revelacion\/","title":{"rendered":"Liga de Campeones: Dani Olmo incluido en el equipo revelaci\u00f3n"},"content":{"rendered":"<p><img fetchpriority=\"high\" decoding=\"async\" class=\"alignleft size-medium wp-image-92011\" src=\"https:\/\/candas365.es\/noticias\/wp-content\/uploads\/2018\/03\/woman-638384_1280-360x239.jpg\" alt=\"\" width=\"360\" height=\"239\" srcset=\"https:\/\/candas365.es\/noticias\/wp-content\/uploads\/2018\/03\/woman-638384_1280-360x239.jpg 360w, https:\/\/candas365.es\/noticias\/wp-content\/uploads\/2018\/03\/woman-638384_1280-696x462.jpg 696w, https:\/\/candas365.es\/noticias\/wp-content\/uploads\/2018\/03\/woman-638384_1280-1068x709.jpg 1068w, https:\/\/candas365.es\/noticias\/wp-content\/uploads\/2018\/03\/woman-638384_1280-632x420.jpg 632w, https:\/\/candas365.es\/noticias\/wp-content\/uploads\/2018\/03\/woman-638384_1280-768x510.jpg 768w, https:\/\/candas365.es\/noticias\/wp-content\/uploads\/2018\/03\/woman-638384_1280-655x435.jpg 655w, https:\/\/candas365.es\/noticias\/wp-content\/uploads\/2018\/03\/woman-638384_1280.jpg 1280w\" sizes=\"(max-width: 360px) 100vw, 360px\" \/>MADRID, 30 Dic. 2019 (Europa Press) &#8211;\u00a0El futbolista espa\u00f1ol Dani Olmo, mediapunta del Dinamo Zagreb, ha sido incluido este lunes en el equipo revelaci\u00f3n del a\u00f1o 2019 en la Liga de Campeones, donde tambi\u00e9n figuran el brasile\u00f1o Rodrygo Goes, delantero del Real Madrid, y su compatriota Renan Lodi, lateral izquierdo del Atl\u00e9tico de Madrid.<\/p>\n<p>Olmo, que el pasado verano se proclam\u00f3 campe\u00f3n de Europa Sub-21 con la selecci\u00f3n espa\u00f1ola, ha confirmado su buena progresi\u00f3n en un equipo que ha terminado, pese a ello, en la \u00faltima posici\u00f3n del Grupo C y por tanto sin posibilidad de caer repescado a la Europa League.<\/p>\n<p>El italiano Alex Meret, del N\u00e1poles, ejerce de portero en un &#8216;once&#8217; cuyo lateral derecho es el marroqu\u00ed Achraf Hakimi, cedido por el Real Madrid al Borussia Dortmund. El franc\u00e9s Benjamin Pavard, del Bayern de M\u00fanich, forma la pareja de centrales junto a su compatriota Dayot Upamecano, jugador del RB Leipzig.<\/p>\n<p>En el centro del campo, el noruego Sander Berge (Genk) y el alem\u00e1n Kai Havertz (Bayer Leverkusen) acompa\u00f1an a Olmo. Y para completar la delantera al lado de Rodrygo, est\u00e1 el tambi\u00e9n noruego Erling Haaland (Red Bull Salzburgo) y el argentino Lautaro Mart\u00ednez (Inter de Mil\u00e1n).<\/p>\n<p>&nbsp;<\/p>\n","protected":false},"excerpt":{"rendered":"<p>MADRID, 30 Dic. 2019 (Europa Press) &#8211;\u00a0El futbolista espa\u00f1ol Dani Olmo, mediapunta del Dinamo Zagreb, ha sido incluido este lunes en el equipo revelaci\u00f3n del a\u00f1o 2019 en la Liga de Campeones, donde tambi\u00e9n figuran el brasile\u00f1o Rodrygo Goes, delantero del Real Madrid, y su compatriota Renan Lodi, lateral izquierdo del Atl\u00e9tico de Madrid. Olmo,<\/p>\n","protected":false},"author":1,"featured_media":92011,"comment_status":"closed","ping_status":"closed","sticky":false,"template":"","format":"standard","meta":{"footnotes":""},"categories":[319],"tags":[],"class_list":{"0":"post-135677","1":"post","2":"type-post","3":"status-publish","4":"format-standard","5":"has-post-thumbnail","7":"category-deporte"},"aioseo_notices":[],"aioseo_head":"\n\t\t<!-- All in One SEO Pro 4.9.6.2 - aioseo.com -->\n\t<meta name=\"description\" content=\"MADRID, 30 Dic. 2019 (Europa Press) - El futbolista espa\u00f1ol Dani Olmo, mediapunta del Dinamo Zagreb, ha sido incluido este lunes en el equipo revelaci\u00f3n del a\u00f1o 2019 en la Liga de Campeones, donde tambi\u00e9n figuran el brasile\u00f1o Rodrygo Goes, delantero del Real Madrid, y su compatriota Renan Lodi, lateral izquierdo del Atl\u00e9tico de Madrid. Olmo,\" \/>\n\t<meta name=\"robots\" content=\"max-image-preview:large\" \/>\n\t<meta name=\"author\" content=\"Cand\u00e1s 365\"\/>\n\t<meta name=\"google-site-verification\" content=\"UA-32230408-1\" \/>\n\t<meta name=\"msvalidate.01\" content=\"354F3CDFB2DA171B47FBE9ABF1F88D5\" \/>\n\t<meta name=\"keywords\" content=\"deporte\" \/>\n\t<link rel=\"canonical\" href=\"https:\/\/candas365.es\/noticias\/liga-de-campeones-dani-olmo-incluido-en-el-equipo-revelacion\/\" \/>\n\t<meta name=\"generator\" content=\"All in One SEO Pro (AIOSEO) 4.9.6.2\" \/>\n\t\t<meta property=\"og:locale\" content=\"es_ES\" \/>\n\t\t<meta property=\"og:site_name\" content=\"Cand\u00e1s 365\" \/>\n\t\t<meta property=\"og:type\" content=\"article\" \/>\n\t\t<meta property=\"og:title\" content=\"Liga de Campeones: Dani Olmo incluido en el equipo revelaci\u00f3n | Cand\u00e1s 365\" \/>\n\t\t<meta property=\"og:description\" content=\"MADRID, 30 Dic. 2019 (Europa Press) - El futbolista espa\u00f1ol Dani Olmo, mediapunta del Dinamo Zagreb, ha sido incluido este lunes en el equipo revelaci\u00f3n del a\u00f1o 2019 en la Liga de Campeones, donde tambi\u00e9n figuran el brasile\u00f1o Rodrygo Goes, delantero del Real Madrid, y su compatriota Renan Lodi, lateral izquierdo del Atl\u00e9tico de Madrid. Olmo,\" \/>\n\t\t<meta property=\"og:url\" content=\"https:\/\/candas365.es\/noticias\/liga-de-campeones-dani-olmo-incluido-en-el-equipo-revelacion\/\" \/>\n\t\t<meta property=\"og:image\" content=\"https:\/\/candas365.es\/noticias\/wp-content\/uploads\/2018\/03\/woman-638384_1280.jpg\" \/>\n\t\t<meta property=\"og:image:secure_url\" content=\"https:\/\/candas365.es\/noticias\/wp-content\/uploads\/2018\/03\/woman-638384_1280.jpg\" \/>\n\t\t<meta property=\"og:image:width\" content=\"1280\" \/>\n\t\t<meta property=\"og:image:height\" content=\"850\" \/>\n\t\t<meta property=\"article:published_time\" content=\"2019-12-31T04:13:16+00:00\" \/>\n\t\t<meta property=\"article:modified_time\" content=\"2019-12-31T04:13:16+00:00\" \/>\n\t\t<meta property=\"article:publisher\" content=\"https:\/\/www.facebook.com\/Nachofdezber\" \/>\n\t\t<meta property=\"article:author\" content=\"https:\/\/www.facebook.com\/carrenoactualidad\" \/>\n\t\t<meta name=\"twitter:card\" content=\"summary_large_image\" \/>\n\t\t<meta name=\"twitter:site\" content=\"@NabercoDigital\" \/>\n\t\t<meta name=\"twitter:title\" content=\"Liga de Campeones: Dani Olmo incluido en el equipo revelaci\u00f3n | Cand\u00e1s 365\" \/>\n\t\t<meta name=\"twitter:description\" content=\"MADRID, 30 Dic. 2019 (Europa Press) - El futbolista espa\u00f1ol Dani Olmo, mediapunta del Dinamo Zagreb, ha sido incluido este lunes en el equipo revelaci\u00f3n del a\u00f1o 2019 en la Liga de Campeones, donde tambi\u00e9n figuran el brasile\u00f1o Rodrygo Goes, delantero del Real Madrid, y su compatriota Renan Lodi, lateral izquierdo del Atl\u00e9tico de Madrid. Olmo,\" \/>\n\t\t<meta name=\"twitter:creator\" content=\"@nbasturias\" \/>\n\t\t<meta name=\"twitter:image\" content=\"https:\/\/candas365.es\/noticias\/wp-content\/uploads\/2018\/03\/woman-638384_1280.jpg\" \/>\n\t\t<meta name=\"twitter:label1\" content=\"Escrito por\" \/>\n\t\t<meta name=\"twitter:data1\" content=\"Cand\u00e1s 365\" \/>\n\t\t<meta name=\"twitter:label2\" content=\"Tiempo de lectura estimado\" \/>\n\t\t<meta name=\"twitter:data2\" content=\"1 minuto\" \/>\n\t\t<script type=\"application\/ld+json\" class=\"aioseo-schema\">\n\t\t\t{\"@context\":\"https:\\\/\\\/schema.org\",\"@graph\":[{\"@type\":\"BreadcrumbList\",\"@id\":\"https:\\\/\\\/candas365.es\\\/noticias\\\/liga-de-campeones-dani-olmo-incluido-en-el-equipo-revelacion\\\/#breadcrumblist\",\"itemListElement\":[{\"@type\":\"ListItem\",\"@id\":\"https:\\\/\\\/candas365.es\\\/noticias#listItem\",\"position\":1,\"name\":\"Home\",\"item\":\"https:\\\/\\\/candas365.es\\\/noticias\",\"nextItem\":{\"@type\":\"ListItem\",\"@id\":\"https:\\\/\\\/candas365.es\\\/noticias\\\/category\\\/deporte\\\/#listItem\",\"name\":\"Deporte\"}},{\"@type\":\"ListItem\",\"@id\":\"https:\\\/\\\/candas365.es\\\/noticias\\\/category\\\/deporte\\\/#listItem\",\"position\":2,\"name\":\"Deporte\",\"item\":\"https:\\\/\\\/candas365.es\\\/noticias\\\/category\\\/deporte\\\/\",\"nextItem\":{\"@type\":\"ListItem\",\"@id\":\"https:\\\/\\\/candas365.es\\\/noticias\\\/liga-de-campeones-dani-olmo-incluido-en-el-equipo-revelacion\\\/#listItem\",\"name\":\"Liga de Campeones: Dani Olmo incluido en el equipo revelaci\\u00f3n\"},\"previousItem\":{\"@type\":\"ListItem\",\"@id\":\"https:\\\/\\\/candas365.es\\\/noticias#listItem\",\"name\":\"Home\"}},{\"@type\":\"ListItem\",\"@id\":\"https:\\\/\\\/candas365.es\\\/noticias\\\/liga-de-campeones-dani-olmo-incluido-en-el-equipo-revelacion\\\/#listItem\",\"position\":3,\"name\":\"Liga de Campeones: Dani Olmo incluido en el equipo revelaci\\u00f3n\",\"previousItem\":{\"@type\":\"ListItem\",\"@id\":\"https:\\\/\\\/candas365.es\\\/noticias\\\/category\\\/deporte\\\/#listItem\",\"name\":\"Deporte\"}}]},{\"@type\":\"NewsArticle\",\"@id\":\"https:\\\/\\\/candas365.es\\\/noticias\\\/liga-de-campeones-dani-olmo-incluido-en-el-equipo-revelacion\\\/#newsarticle\",\"name\":\"Liga de Campeones: Dani Olmo incluido en el equipo revelaci\\u00f3n | Cand\\u00e1s 365\",\"headline\":\"Liga de Campeones: Dani Olmo incluido en el equipo revelaci\\u00f3n\",\"author\":{\"@id\":\"https:\\\/\\\/candas365.es\\\/noticias\\\/author\\\/admin\\\/#author\"},\"publisher\":{\"@id\":\"https:\\\/\\\/candas365.es\\\/noticias\\\/#organization\"},\"image\":{\"@type\":\"ImageObject\",\"url\":\"https:\\\/\\\/candas365.es\\\/noticias\\\/wp-content\\\/uploads\\\/2018\\\/03\\\/woman-638384_1280.jpg\",\"width\":1280,\"height\":850},\"datePublished\":\"2019-12-31T04:13:16+01:00\",\"dateModified\":\"2019-12-31T04:13:16+01:00\",\"inLanguage\":\"es-ES\",\"mainEntityOfPage\":{\"@id\":\"https:\\\/\\\/candas365.es\\\/noticias\\\/liga-de-campeones-dani-olmo-incluido-en-el-equipo-revelacion\\\/#webpage\"},\"isPartOf\":{\"@id\":\"https:\\\/\\\/candas365.es\\\/noticias\\\/liga-de-campeones-dani-olmo-incluido-en-el-equipo-revelacion\\\/#webpage\"},\"articleSection\":\"Deporte\",\"dateline\":\"Publicado el diciembre 31, 2019.\"},{\"@type\":\"Organization\",\"@id\":\"https:\\\/\\\/candas365.es\\\/noticias\\\/#organization\",\"name\":\"Cand\\u00e1s 365\",\"description\":\"Cand\\u00e1s 365 es un diario digital independiente, fundado en 2012, con base en Asturias. Informamos con rigor sobre actualidad, sociedad, cultura y ocio, con una mirada local y global.\",\"url\":\"https:\\\/\\\/candas365.es\\\/noticias\\\/\",\"email\":\"info@candas365.es\",\"telephone\":\"+34652131393\",\"foundingDate\":\"2012-06-10\",\"logo\":{\"@type\":\"ImageObject\",\"url\":\"https:\\\/\\\/candas365.es\\\/noticias\\\/wp-content\\\/uploads\\\/2024\\\/09\\\/Candas-365-Redes.jpg\",\"@id\":\"https:\\\/\\\/candas365.es\\\/noticias\\\/liga-de-campeones-dani-olmo-incluido-en-el-equipo-revelacion\\\/#organizationLogo\",\"width\":1152,\"height\":864,\"caption\":\"Cand\\u00e1s 365 Redes\"},\"image\":{\"@id\":\"https:\\\/\\\/candas365.es\\\/noticias\\\/liga-de-campeones-dani-olmo-incluido-en-el-equipo-revelacion\\\/#organizationLogo\"},\"sameAs\":[\"https:\\\/\\\/www.facebook.com\\\/Nachofdezber\",\"https:\\\/\\\/x.com\\\/NabercoDigital\",\"https:\\\/\\\/www.instagram.com\\\/nachofdezber\\\/\",\"https:\\\/\\\/www.youtube.com\\\/channel\\\/UCZP-2wLEB9Rv6erhFmqVnvg\"],\"address\":{\"@id\":\"https:\\\/\\\/candas365.es\\\/noticias\\\/#postaladdress\",\"@type\":\"PostalAddress\",\"streetAddress\":\"san antonio 4, san antonio 4\",\"postalCode\":\"33430\",\"addressLocality\":\"Cand\\u00e1s\",\"addressRegion\":\"Asturias\",\"addressCountry\":\"ES\"}},{\"@type\":\"Person\",\"@id\":\"https:\\\/\\\/candas365.es\\\/noticias\\\/author\\\/admin\\\/#author\",\"url\":\"https:\\\/\\\/candas365.es\\\/noticias\\\/author\\\/admin\\\/\",\"name\":\"Cand\\u00e1s 365\",\"image\":{\"@type\":\"ImageObject\",\"@id\":\"https:\\\/\\\/candas365.es\\\/noticias\\\/liga-de-campeones-dani-olmo-incluido-en-el-equipo-revelacion\\\/#authorImage\",\"url\":\"https:\\\/\\\/secure.gravatar.com\\\/avatar\\\/496a8e03d0c493ede1718b7934145dbdf8d89be1036b0eec9544e1094c9de390?s=96&d=mm&r=g\",\"width\":96,\"height\":96,\"caption\":\"Cand\\u00e1s 365\"},\"sameAs\":[\"https:\\\/\\\/www.facebook.com\\\/carrenoactualidad\",\"https:\\\/\\\/twitter.com\\\/nbasturias\",\"https:\\\/\\\/www.instagram.com\\\/nachofdezber\\\/\",\"https:\\\/\\\/www.youtube.com\\\/channel\\\/UCZP-2wLEB9Rv6erhFmqVnvg\"]},{\"@type\":\"WebPage\",\"@id\":\"https:\\\/\\\/candas365.es\\\/noticias\\\/liga-de-campeones-dani-olmo-incluido-en-el-equipo-revelacion\\\/#webpage\",\"url\":\"https:\\\/\\\/candas365.es\\\/noticias\\\/liga-de-campeones-dani-olmo-incluido-en-el-equipo-revelacion\\\/\",\"name\":\"Liga de Campeones: Dani Olmo incluido en el equipo revelaci\\u00f3n | Cand\\u00e1s 365\",\"description\":\"MADRID, 30 Dic. 2019 (Europa Press) - El futbolista espa\\u00f1ol Dani Olmo, mediapunta del Dinamo Zagreb, ha sido incluido este lunes en el equipo revelaci\\u00f3n del a\\u00f1o 2019 en la Liga de Campeones, donde tambi\\u00e9n figuran el brasile\\u00f1o Rodrygo Goes, delantero del Real Madrid, y su compatriota Renan Lodi, lateral izquierdo del Atl\\u00e9tico de Madrid. Olmo,\",\"inLanguage\":\"es-ES\",\"isPartOf\":{\"@id\":\"https:\\\/\\\/candas365.es\\\/noticias\\\/#website\"},\"breadcrumb\":{\"@id\":\"https:\\\/\\\/candas365.es\\\/noticias\\\/liga-de-campeones-dani-olmo-incluido-en-el-equipo-revelacion\\\/#breadcrumblist\"},\"author\":{\"@id\":\"https:\\\/\\\/candas365.es\\\/noticias\\\/author\\\/admin\\\/#author\"},\"creator\":{\"@id\":\"https:\\\/\\\/candas365.es\\\/noticias\\\/author\\\/admin\\\/#author\"},\"image\":{\"@type\":\"ImageObject\",\"url\":\"https:\\\/\\\/candas365.es\\\/noticias\\\/wp-content\\\/uploads\\\/2018\\\/03\\\/woman-638384_1280.jpg\",\"@id\":\"https:\\\/\\\/candas365.es\\\/noticias\\\/liga-de-campeones-dani-olmo-incluido-en-el-equipo-revelacion\\\/#mainImage\",\"width\":1280,\"height\":850},\"primaryImageOfPage\":{\"@id\":\"https:\\\/\\\/candas365.es\\\/noticias\\\/liga-de-campeones-dani-olmo-incluido-en-el-equipo-revelacion\\\/#mainImage\"},\"datePublished\":\"2019-12-31T04:13:16+01:00\",\"dateModified\":\"2019-12-31T04:13:16+01:00\"},{\"@type\":\"WebSite\",\"@id\":\"https:\\\/\\\/candas365.es\\\/noticias\\\/#website\",\"url\":\"https:\\\/\\\/candas365.es\\\/noticias\\\/\",\"name\":\"Cand\\u00e1s 365\",\"alternateName\":\"Cand\\u00e1s 365 Noticias\",\"description\":\"Actualidad desde Carre\\u00f1o para el mundo\",\"inLanguage\":\"es-ES\",\"publisher\":{\"@id\":\"https:\\\/\\\/candas365.es\\\/noticias\\\/#organization\"}}]}\n\t\t<\/script>\n\t\t<!-- All in One SEO Pro -->\r\n\t\t<title>Liga de Campeones: Dani Olmo incluido en el equipo revelaci\u00f3n | Cand\u00e1s 365<\/title>\n\n","aioseo_head_json":{"title":"Liga de Campeones: Dani Olmo incluido en el equipo revelaci\u00f3n | Cand\u00e1s 365","description":"MADRID, 30 Dic. 2019 (Europa Press) - El futbolista espa\u00f1ol Dani Olmo, mediapunta del Dinamo Zagreb, ha sido incluido este lunes en el equipo revelaci\u00f3n del a\u00f1o 2019 en la Liga de Campeones, donde tambi\u00e9n figuran el brasile\u00f1o Rodrygo Goes, delantero del Real Madrid, y su compatriota Renan Lodi, lateral izquierdo del Atl\u00e9tico de Madrid. Olmo,","canonical_url":"https:\/\/candas365.es\/noticias\/liga-de-campeones-dani-olmo-incluido-en-el-equipo-revelacion\/","robots":"max-image-preview:large","keywords":"deporte","webmasterTools":{"google-site-verification":"UA-32230408-1","msvalidate.01":"354F3CDFB2DA171B47FBE9ABF1F88D5","miscellaneous":""},"schema":{"@context":"https:\/\/schema.org","@graph":[{"@type":"BreadcrumbList","@id":"https:\/\/candas365.es\/noticias\/liga-de-campeones-dani-olmo-incluido-en-el-equipo-revelacion\/#breadcrumblist","itemListElement":[{"@type":"ListItem","@id":"https:\/\/candas365.es\/noticias#listItem","position":1,"name":"Home","item":"https:\/\/candas365.es\/noticias","nextItem":{"@type":"ListItem","@id":"https:\/\/candas365.es\/noticias\/category\/deporte\/#listItem","name":"Deporte"}},{"@type":"ListItem","@id":"https:\/\/candas365.es\/noticias\/category\/deporte\/#listItem","position":2,"name":"Deporte","item":"https:\/\/candas365.es\/noticias\/category\/deporte\/","nextItem":{"@type":"ListItem","@id":"https:\/\/candas365.es\/noticias\/liga-de-campeones-dani-olmo-incluido-en-el-equipo-revelacion\/#listItem","name":"Liga de Campeones: Dani Olmo incluido en el equipo revelaci\u00f3n"},"previousItem":{"@type":"ListItem","@id":"https:\/\/candas365.es\/noticias#listItem","name":"Home"}},{"@type":"ListItem","@id":"https:\/\/candas365.es\/noticias\/liga-de-campeones-dani-olmo-incluido-en-el-equipo-revelacion\/#listItem","position":3,"name":"Liga de Campeones: Dani Olmo incluido en el equipo revelaci\u00f3n","previousItem":{"@type":"ListItem","@id":"https:\/\/candas365.es\/noticias\/category\/deporte\/#listItem","name":"Deporte"}}]},{"@type":"NewsArticle","@id":"https:\/\/candas365.es\/noticias\/liga-de-campeones-dani-olmo-incluido-en-el-equipo-revelacion\/#newsarticle","name":"Liga de Campeones: Dani Olmo incluido en el equipo revelaci\u00f3n | Cand\u00e1s 365","headline":"Liga de Campeones: Dani Olmo incluido en el equipo revelaci\u00f3n","author":{"@id":"https:\/\/candas365.es\/noticias\/author\/admin\/#author"},"publisher":{"@id":"https:\/\/candas365.es\/noticias\/#organization"},"image":{"@type":"ImageObject","url":"https:\/\/candas365.es\/noticias\/wp-content\/uploads\/2018\/03\/woman-638384_1280.jpg","width":1280,"height":850},"datePublished":"2019-12-31T04:13:16+01:00","dateModified":"2019-12-31T04:13:16+01:00","inLanguage":"es-ES","mainEntityOfPage":{"@id":"https:\/\/candas365.es\/noticias\/liga-de-campeones-dani-olmo-incluido-en-el-equipo-revelacion\/#webpage"},"isPartOf":{"@id":"https:\/\/candas365.es\/noticias\/liga-de-campeones-dani-olmo-incluido-en-el-equipo-revelacion\/#webpage"},"articleSection":"Deporte","dateline":"Publicado el diciembre 31, 2019."},{"@type":"Organization","@id":"https:\/\/candas365.es\/noticias\/#organization","name":"Cand\u00e1s 365","description":"Cand\u00e1s 365 es un diario digital independiente, fundado en 2012, con base en Asturias. Informamos con rigor sobre actualidad, sociedad, cultura y ocio, con una mirada local y global.","url":"https:\/\/candas365.es\/noticias\/","email":"info@candas365.es","telephone":"+34652131393","foundingDate":"2012-06-10","logo":{"@type":"ImageObject","url":"https:\/\/candas365.es\/noticias\/wp-content\/uploads\/2024\/09\/Candas-365-Redes.jpg","@id":"https:\/\/candas365.es\/noticias\/liga-de-campeones-dani-olmo-incluido-en-el-equipo-revelacion\/#organizationLogo","width":1152,"height":864,"caption":"Cand\u00e1s 365 Redes"},"image":{"@id":"https:\/\/candas365.es\/noticias\/liga-de-campeones-dani-olmo-incluido-en-el-equipo-revelacion\/#organizationLogo"},"sameAs":["https:\/\/www.facebook.com\/Nachofdezber","https:\/\/x.com\/NabercoDigital","https:\/\/www.instagram.com\/nachofdezber\/","https:\/\/www.youtube.com\/channel\/UCZP-2wLEB9Rv6erhFmqVnvg"],"address":{"@id":"https:\/\/candas365.es\/noticias\/#postaladdress","@type":"PostalAddress","streetAddress":"san antonio 4, san antonio 4","postalCode":"33430","addressLocality":"Cand\u00e1s","addressRegion":"Asturias","addressCountry":"ES"}},{"@type":"Person","@id":"https:\/\/candas365.es\/noticias\/author\/admin\/#author","url":"https:\/\/candas365.es\/noticias\/author\/admin\/","name":"Cand\u00e1s 365","image":{"@type":"ImageObject","@id":"https:\/\/candas365.es\/noticias\/liga-de-campeones-dani-olmo-incluido-en-el-equipo-revelacion\/#authorImage","url":"https:\/\/secure.gravatar.com\/avatar\/496a8e03d0c493ede1718b7934145dbdf8d89be1036b0eec9544e1094c9de390?s=96&d=mm&r=g","width":96,"height":96,"caption":"Cand\u00e1s 365"},"sameAs":["https:\/\/www.facebook.com\/carrenoactualidad","https:\/\/twitter.com\/nbasturias","https:\/\/www.instagram.com\/nachofdezber\/","https:\/\/www.youtube.com\/channel\/UCZP-2wLEB9Rv6erhFmqVnvg"]},{"@type":"WebPage","@id":"https:\/\/candas365.es\/noticias\/liga-de-campeones-dani-olmo-incluido-en-el-equipo-revelacion\/#webpage","url":"https:\/\/candas365.es\/noticias\/liga-de-campeones-dani-olmo-incluido-en-el-equipo-revelacion\/","name":"Liga de Campeones: Dani Olmo incluido en el equipo revelaci\u00f3n | Cand\u00e1s 365","description":"MADRID, 30 Dic. 2019 (Europa Press) - El futbolista espa\u00f1ol Dani Olmo, mediapunta del Dinamo Zagreb, ha sido incluido este lunes en el equipo revelaci\u00f3n del a\u00f1o 2019 en la Liga de Campeones, donde tambi\u00e9n figuran el brasile\u00f1o Rodrygo Goes, delantero del Real Madrid, y su compatriota Renan Lodi, lateral izquierdo del Atl\u00e9tico de Madrid. Olmo,","inLanguage":"es-ES","isPartOf":{"@id":"https:\/\/candas365.es\/noticias\/#website"},"breadcrumb":{"@id":"https:\/\/candas365.es\/noticias\/liga-de-campeones-dani-olmo-incluido-en-el-equipo-revelacion\/#breadcrumblist"},"author":{"@id":"https:\/\/candas365.es\/noticias\/author\/admin\/#author"},"creator":{"@id":"https:\/\/candas365.es\/noticias\/author\/admin\/#author"},"image":{"@type":"ImageObject","url":"https:\/\/candas365.es\/noticias\/wp-content\/uploads\/2018\/03\/woman-638384_1280.jpg","@id":"https:\/\/candas365.es\/noticias\/liga-de-campeones-dani-olmo-incluido-en-el-equipo-revelacion\/#mainImage","width":1280,"height":850},"primaryImageOfPage":{"@id":"https:\/\/candas365.es\/noticias\/liga-de-campeones-dani-olmo-incluido-en-el-equipo-revelacion\/#mainImage"},"datePublished":"2019-12-31T04:13:16+01:00","dateModified":"2019-12-31T04:13:16+01:00"},{"@type":"WebSite","@id":"https:\/\/candas365.es\/noticias\/#website","url":"https:\/\/candas365.es\/noticias\/","name":"Cand\u00e1s 365","alternateName":"Cand\u00e1s 365 Noticias","description":"Actualidad desde Carre\u00f1o para el mundo","inLanguage":"es-ES","publisher":{"@id":"https:\/\/candas365.es\/noticias\/#organization"}}]},"og:locale":"es_ES","og:site_name":"Cand\u00e1s 365","og:type":"article","og:title":"Liga de Campeones: Dani Olmo incluido en el equipo revelaci\u00f3n | Cand\u00e1s 365","og:description":"MADRID, 30 Dic. 2019 (Europa Press) - El futbolista espa\u00f1ol Dani Olmo, mediapunta del Dinamo Zagreb, ha sido incluido este lunes en el equipo revelaci\u00f3n del a\u00f1o 2019 en la Liga de Campeones, donde tambi\u00e9n figuran el brasile\u00f1o Rodrygo Goes, delantero del Real Madrid, y su compatriota Renan Lodi, lateral izquierdo del Atl\u00e9tico de Madrid. Olmo,","og:url":"https:\/\/candas365.es\/noticias\/liga-de-campeones-dani-olmo-incluido-en-el-equipo-revelacion\/","og:image":"https:\/\/candas365.es\/noticias\/wp-content\/uploads\/2018\/03\/woman-638384_1280.jpg","og:image:secure_url":"https:\/\/candas365.es\/noticias\/wp-content\/uploads\/2018\/03\/woman-638384_1280.jpg","og:image:width":1280,"og:image:height":850,"article:published_time":"2019-12-31T04:13:16+00:00","article:modified_time":"2019-12-31T04:13:16+00:00","article:publisher":"https:\/\/www.facebook.com\/Nachofdezber","article:author":"https:\/\/www.facebook.com\/carrenoactualidad","twitter:card":"summary_large_image","twitter:site":"@NabercoDigital","twitter:title":"Liga de Campeones: Dani Olmo incluido en el equipo revelaci\u00f3n | Cand\u00e1s 365","twitter:description":"MADRID, 30 Dic. 2019 (Europa Press) - El futbolista espa\u00f1ol Dani Olmo, mediapunta del Dinamo Zagreb, ha sido incluido este lunes en el equipo revelaci\u00f3n del a\u00f1o 2019 en la Liga de Campeones, donde tambi\u00e9n figuran el brasile\u00f1o Rodrygo Goes, delantero del Real Madrid, y su compatriota Renan Lodi, lateral izquierdo del Atl\u00e9tico de Madrid. Olmo,","twitter:creator":"@nbasturias","twitter:image":"https:\/\/candas365.es\/noticias\/wp-content\/uploads\/2018\/03\/woman-638384_1280.jpg","twitter:label1":"Escrito por","twitter:data1":"Cand\u00e1s 365","twitter:label2":"Tiempo de lectura estimado","twitter:data2":"1 minuto"},"aioseo_meta_data":{"post_id":"135677","title":null,"description":null,"keywords":null,"keyphrases":null,"primary_term":null,"canonical_url":null,"og_title":null,"og_description":null,"og_object_type":"default","og_image_type":"default","og_image_url":null,"og_image_width":null,"og_image_height":null,"og_image_custom_url":null,"og_image_custom_fields":null,"og_video":null,"og_custom_url":null,"og_article_section":null,"og_article_tags":null,"twitter_use_og":false,"twitter_card":"default","twitter_image_type":"default","twitter_image_url":null,"twitter_image_custom_url":null,"twitter_image_custom_fields":null,"twitter_title":null,"twitter_description":null,"schema":{"blockGraphs":[],"customGraphs":[],"default":{"data":{"Article":[],"Course":[],"Dataset":[],"FAQPage":[],"Movie":[],"Person":[],"Product":[],"ProductReview":[],"Car":[],"Recipe":[],"Service":[],"SoftwareApplication":[],"WebPage":[]},"graphName":"","isEnabled":true},"graphs":[]},"schema_type":null,"schema_type_options":null,"pillar_content":false,"robots_default":true,"robots_noindex":false,"robots_noarchive":false,"robots_nosnippet":false,"robots_nofollow":false,"robots_noimageindex":false,"robots_noodp":false,"robots_notranslate":false,"robots_max_snippet":null,"robots_max_videopreview":null,"robots_max_imagepreview":"large","priority":null,"frequency":null,"location":null,"local_seo":null,"seo_analyzer_scan_date":"2025-08-30 20:40:22","breadcrumb_settings":null,"limit_modified_date":false,"reviewed_by":null,"open_ai":null,"ai":null,"created":"2020-12-21 10:48:34","updated":"2025-08-30 20:40:22"},"aioseo_breadcrumb":"<div class=\"aioseo-breadcrumbs\"><span class=\"aioseo-breadcrumb\">\n\t<a href=\"https:\/\/candas365.es\/noticias\" title=\"Home\">Home<\/a>\n<\/span><span class=\"aioseo-breadcrumb-separator\">&ndash;<\/span><span class=\"aioseo-breadcrumb\">\n\t<a href=\"https:\/\/candas365.es\/noticias\/category\/deporte\/\" title=\"Deporte\">Deporte<\/a>\n<\/span><span class=\"aioseo-breadcrumb-separator\">&ndash;<\/span><span class=\"aioseo-breadcrumb\">\n\tLiga de Campeones: Dani Olmo incluido en el equipo revelaci\u00f3n\n<\/span><\/div>","aioseo_breadcrumb_json":[{"label":"Home","link":"https:\/\/candas365.es\/noticias"},{"label":"Deporte","link":"https:\/\/candas365.es\/noticias\/category\/deporte\/"},{"label":"Liga de Campeones: Dani Olmo incluido en el equipo revelaci\u00f3n","link":"https:\/\/candas365.es\/noticias\/liga-de-campeones-dani-olmo-incluido-en-el-equipo-revelacion\/"}],"_links":{"self":[{"href":"https:\/\/candas365.es\/noticias\/wp-json\/wp\/v2\/posts\/135677","targetHints":{"allow":["GET"]}}],"collection":[{"href":"https:\/\/candas365.es\/noticias\/wp-json\/wp\/v2\/posts"}],"about":[{"href":"https:\/\/candas365.es\/noticias\/wp-json\/wp\/v2\/types\/post"}],"author":[{"embeddable":true,"href":"https:\/\/candas365.es\/noticias\/wp-json\/wp\/v2\/users\/1"}],"replies":[{"embeddable":true,"href":"https:\/\/candas365.es\/noticias\/wp-json\/wp\/v2\/comments?post=135677"}],"version-history":[{"count":0,"href":"https:\/\/candas365.es\/noticias\/wp-json\/wp\/v2\/posts\/135677\/revisions"}],"wp:featuredmedia":[{"embeddable":true,"href":"https:\/\/candas365.es\/noticias\/wp-json\/wp\/v2\/media\/92011"}],"wp:attachment":[{"href":"https:\/\/candas365.es\/noticias\/wp-json\/wp\/v2\/media?parent=135677"}],"wp:term":[{"taxonomy":"category","embeddable":true,"href":"https:\/\/candas365.es\/noticias\/wp-json\/wp\/v2\/categories?post=135677"},{"taxonomy":"post_tag","embeddable":true,"href":"https:\/\/candas365.es\/noticias\/wp-json\/wp\/v2\/tags?post=135677"}],"curies":[{"name":"wp","href":"https:\/\/api.w.org\/{rel}","templated":true}]}}