{"id":135674,"date":"2019-12-31T03:58:35","date_gmt":"2019-12-31T03:58:35","guid":{"rendered":"http:\/\/candas365.es\/noticias\/?p=135674"},"modified":"2019-12-31T03:58:35","modified_gmt":"2019-12-31T03:58:35","slug":"aprobados-20-000-euros-para-la-feria-feten-2020","status":"publish","type":"post","link":"https:\/\/candas365.es\/noticias\/aprobados-20-000-euros-para-la-feria-feten-2020\/","title":{"rendered":"Aprobados 20.000 euros para la feria Feten 2020"},"content":{"rendered":"<figure id=\"attachment_135675\" aria-describedby=\"caption-attachment-135675\" style=\"width: 360px\" class=\"wp-caption alignleft\"><img fetchpriority=\"high\" decoding=\"async\" class=\"size-medium wp-image-135675\" src=\"https:\/\/candas365.es\/noticias\/wp-content\/uploads\/2019\/12\/CG2-360x185.jpg\" alt=\"\" width=\"360\" height=\"185\" srcset=\"https:\/\/candas365.es\/noticias\/wp-content\/uploads\/2019\/12\/CG2-360x185.jpg 360w, https:\/\/candas365.es\/noticias\/wp-content\/uploads\/2019\/12\/CG2-655x337.jpg 655w, https:\/\/candas365.es\/noticias\/wp-content\/uploads\/2019\/12\/CG2-768x395.jpg 768w, https:\/\/candas365.es\/noticias\/wp-content\/uploads\/2019\/12\/CG2-696x358.jpg 696w, https:\/\/candas365.es\/noticias\/wp-content\/uploads\/2019\/12\/CG2-817x420.jpg 817w, https:\/\/candas365.es\/noticias\/wp-content\/uploads\/2019\/12\/CG2.jpg 1060w\" sizes=\"(max-width: 360px) 100vw, 360px\" \/><figcaption id=\"caption-attachment-135675\" class=\"wp-caption-text\">Foto: Armando \u00c1lvarez<\/figcaption><\/figure>\n<p>El Consejo de Gobierno ha autorizado la suscripci\u00f3n de un convenio con el Ayuntamiento de Gij\u00f3n para financiar la celebraci\u00f3n de la Feria Europea de Artes Esc\u00e9nicas para ni\u00f1os y ni\u00f1as, Feten, referencia nacional del teatro infantil.<\/p>\n<p>El acuerdo contempla que el Principado apoye con 20.000 euros la financiaci\u00f3n del evento. Concretamente, esta cantidad estar\u00e1 destinada a sufragar parte del gasto de los cach\u00e9s de las compa\u00f1\u00edas participantes en la edici\u00f3n de Feten de 2020. La colaboraci\u00f3n del Principado con Feten es habitual desde hace ya varios a\u00f1os, y responde al compromiso del Gobierno asturiano en el fomento y la difusi\u00f3n de las artes esc\u00e9nicas.<\/p>\n","protected":false},"excerpt":{"rendered":"<p>El Consejo de Gobierno ha autorizado la suscripci\u00f3n de un convenio con el Ayuntamiento de Gij\u00f3n para financiar la celebraci\u00f3n de la Feria Europea de Artes Esc\u00e9nicas para ni\u00f1os y ni\u00f1as, Feten, referencia nacional del teatro infantil. El acuerdo contempla que el Principado apoye con 20.000 euros la financiaci\u00f3n del evento. Concretamente, esta cantidad estar\u00e1<\/p>\n","protected":false},"author":1,"featured_media":135675,"comment_status":"closed","ping_status":"closed","sticky":false,"template":"","format":"standard","meta":{"footnotes":""},"categories":[7],"tags":[],"class_list":{"0":"post-135674","1":"post","2":"type-post","3":"status-publish","4":"format-standard","5":"has-post-thumbnail","7":"category-asturias"},"aioseo_notices":[],"aioseo_head":"\n\t\t<!-- All in One SEO Pro 4.9.6.2 - aioseo.com -->\n\t<meta name=\"description\" content=\"El Consejo de Gobierno ha autorizado la suscripci\u00f3n de un convenio con el Ayuntamiento de Gij\u00f3n para financiar la celebraci\u00f3n de la Feria Europea de Artes Esc\u00e9nicas para ni\u00f1os y ni\u00f1as, Feten, referencia nacional del teatro infantil. El acuerdo contempla que el Principado apoye con 20.000 euros la financiaci\u00f3n del evento. Concretamente, esta cantidad estar\u00e1\" \/>\n\t<meta name=\"robots\" content=\"max-image-preview:large\" \/>\n\t<meta name=\"author\" content=\"Cand\u00e1s 365\"\/>\n\t<meta name=\"google-site-verification\" content=\"UA-32230408-1\" \/>\n\t<meta name=\"msvalidate.01\" content=\"354F3CDFB2DA171B47FBE9ABF1F88D5\" \/>\n\t<meta name=\"keywords\" content=\"asturias\" \/>\n\t<link rel=\"canonical\" href=\"https:\/\/candas365.es\/noticias\/aprobados-20-000-euros-para-la-feria-feten-2020\/\" \/>\n\t<meta name=\"generator\" content=\"All in One SEO Pro (AIOSEO) 4.9.6.2\" \/>\n\t\t<meta property=\"og:locale\" content=\"es_ES\" \/>\n\t\t<meta property=\"og:site_name\" content=\"Cand\u00e1s 365\" \/>\n\t\t<meta property=\"og:type\" content=\"article\" \/>\n\t\t<meta property=\"og:title\" content=\"Aprobados 20.000 euros para la feria Feten 2020 | Cand\u00e1s 365\" \/>\n\t\t<meta property=\"og:description\" content=\"El Consejo de Gobierno ha autorizado la suscripci\u00f3n de un convenio con el Ayuntamiento de Gij\u00f3n para financiar la celebraci\u00f3n de la Feria Europea de Artes Esc\u00e9nicas para ni\u00f1os y ni\u00f1as, Feten, referencia nacional del teatro infantil. El acuerdo contempla que el Principado apoye con 20.000 euros la financiaci\u00f3n del evento. Concretamente, esta cantidad estar\u00e1\" \/>\n\t\t<meta property=\"og:url\" content=\"https:\/\/candas365.es\/noticias\/aprobados-20-000-euros-para-la-feria-feten-2020\/\" \/>\n\t\t<meta property=\"og:image\" content=\"https:\/\/candas365.es\/noticias\/wp-content\/uploads\/2019\/12\/CG2.jpg\" \/>\n\t\t<meta property=\"og:image:secure_url\" content=\"https:\/\/candas365.es\/noticias\/wp-content\/uploads\/2019\/12\/CG2.jpg\" \/>\n\t\t<meta property=\"og:image:width\" content=\"1060\" \/>\n\t\t<meta property=\"og:image:height\" content=\"545\" \/>\n\t\t<meta property=\"article:published_time\" content=\"2019-12-31T03:58:35+00:00\" \/>\n\t\t<meta property=\"article:modified_time\" content=\"2019-12-31T03:58:35+00:00\" \/>\n\t\t<meta property=\"article:publisher\" content=\"https:\/\/www.facebook.com\/Nachofdezber\" \/>\n\t\t<meta property=\"article:author\" content=\"https:\/\/www.facebook.com\/carrenoactualidad\" \/>\n\t\t<meta name=\"twitter:card\" content=\"summary_large_image\" \/>\n\t\t<meta name=\"twitter:site\" content=\"@NabercoDigital\" \/>\n\t\t<meta name=\"twitter:title\" content=\"Aprobados 20.000 euros para la feria Feten 2020 | Cand\u00e1s 365\" \/>\n\t\t<meta name=\"twitter:description\" content=\"El Consejo de Gobierno ha autorizado la suscripci\u00f3n de un convenio con el Ayuntamiento de Gij\u00f3n para financiar la celebraci\u00f3n de la Feria Europea de Artes Esc\u00e9nicas para ni\u00f1os y ni\u00f1as, Feten, referencia nacional del teatro infantil. El acuerdo contempla que el Principado apoye con 20.000 euros la financiaci\u00f3n del evento. Concretamente, esta cantidad estar\u00e1\" \/>\n\t\t<meta name=\"twitter:creator\" content=\"@nbasturias\" \/>\n\t\t<meta name=\"twitter:image\" content=\"https:\/\/candas365.es\/noticias\/wp-content\/uploads\/2019\/12\/CG2.jpg\" \/>\n\t\t<meta name=\"twitter:label1\" content=\"Escrito por\" \/>\n\t\t<meta name=\"twitter:data1\" content=\"Cand\u00e1s 365\" \/>\n\t\t<meta name=\"twitter:label2\" content=\"Tiempo de lectura estimado\" \/>\n\t\t<meta name=\"twitter:data2\" content=\"1 minuto\" \/>\n\t\t<script type=\"application\/ld+json\" class=\"aioseo-schema\">\n\t\t\t{\"@context\":\"https:\\\/\\\/schema.org\",\"@graph\":[{\"@type\":\"BreadcrumbList\",\"@id\":\"https:\\\/\\\/candas365.es\\\/noticias\\\/aprobados-20-000-euros-para-la-feria-feten-2020\\\/#breadcrumblist\",\"itemListElement\":[{\"@type\":\"ListItem\",\"@id\":\"https:\\\/\\\/candas365.es\\\/noticias#listItem\",\"position\":1,\"name\":\"Home\",\"item\":\"https:\\\/\\\/candas365.es\\\/noticias\",\"nextItem\":{\"@type\":\"ListItem\",\"@id\":\"https:\\\/\\\/candas365.es\\\/noticias\\\/category\\\/asturias\\\/#listItem\",\"name\":\"Asturias\"}},{\"@type\":\"ListItem\",\"@id\":\"https:\\\/\\\/candas365.es\\\/noticias\\\/category\\\/asturias\\\/#listItem\",\"position\":2,\"name\":\"Asturias\",\"item\":\"https:\\\/\\\/candas365.es\\\/noticias\\\/category\\\/asturias\\\/\",\"nextItem\":{\"@type\":\"ListItem\",\"@id\":\"https:\\\/\\\/candas365.es\\\/noticias\\\/aprobados-20-000-euros-para-la-feria-feten-2020\\\/#listItem\",\"name\":\"Aprobados 20.000 euros para la feria Feten 2020\"},\"previousItem\":{\"@type\":\"ListItem\",\"@id\":\"https:\\\/\\\/candas365.es\\\/noticias#listItem\",\"name\":\"Home\"}},{\"@type\":\"ListItem\",\"@id\":\"https:\\\/\\\/candas365.es\\\/noticias\\\/aprobados-20-000-euros-para-la-feria-feten-2020\\\/#listItem\",\"position\":3,\"name\":\"Aprobados 20.000 euros para la feria Feten 2020\",\"previousItem\":{\"@type\":\"ListItem\",\"@id\":\"https:\\\/\\\/candas365.es\\\/noticias\\\/category\\\/asturias\\\/#listItem\",\"name\":\"Asturias\"}}]},{\"@type\":\"NewsArticle\",\"@id\":\"https:\\\/\\\/candas365.es\\\/noticias\\\/aprobados-20-000-euros-para-la-feria-feten-2020\\\/#newsarticle\",\"name\":\"Aprobados 20.000 euros para la feria Feten 2020 | Cand\\u00e1s 365\",\"headline\":\"Aprobados 20.000 euros para la feria Feten 2020\",\"author\":{\"@id\":\"https:\\\/\\\/candas365.es\\\/noticias\\\/author\\\/admin\\\/#author\"},\"publisher\":{\"@id\":\"https:\\\/\\\/candas365.es\\\/noticias\\\/#organization\"},\"image\":{\"@type\":\"ImageObject\",\"url\":\"https:\\\/\\\/candas365.es\\\/noticias\\\/wp-content\\\/uploads\\\/2019\\\/12\\\/CG2.jpg\",\"width\":1060,\"height\":545,\"caption\":\"Foto: Armando \\u00c1lvarez\"},\"datePublished\":\"2019-12-31T03:58:35+01:00\",\"dateModified\":\"2019-12-31T03:58:35+01:00\",\"inLanguage\":\"es-ES\",\"mainEntityOfPage\":{\"@id\":\"https:\\\/\\\/candas365.es\\\/noticias\\\/aprobados-20-000-euros-para-la-feria-feten-2020\\\/#webpage\"},\"isPartOf\":{\"@id\":\"https:\\\/\\\/candas365.es\\\/noticias\\\/aprobados-20-000-euros-para-la-feria-feten-2020\\\/#webpage\"},\"articleSection\":\"Asturias\",\"dateline\":\"Publicado el diciembre 31, 2019.\"},{\"@type\":\"Organization\",\"@id\":\"https:\\\/\\\/candas365.es\\\/noticias\\\/#organization\",\"name\":\"Cand\\u00e1s 365\",\"description\":\"Cand\\u00e1s 365 es un diario digital independiente, fundado en 2012, con base en Asturias. Informamos con rigor sobre actualidad, sociedad, cultura y ocio, con una mirada local y global.\",\"url\":\"https:\\\/\\\/candas365.es\\\/noticias\\\/\",\"email\":\"info@candas365.es\",\"telephone\":\"+34652131393\",\"foundingDate\":\"2012-06-10\",\"logo\":{\"@type\":\"ImageObject\",\"url\":\"https:\\\/\\\/candas365.es\\\/noticias\\\/wp-content\\\/uploads\\\/2024\\\/09\\\/Candas-365-Redes.jpg\",\"@id\":\"https:\\\/\\\/candas365.es\\\/noticias\\\/aprobados-20-000-euros-para-la-feria-feten-2020\\\/#organizationLogo\",\"width\":1152,\"height\":864,\"caption\":\"Cand\\u00e1s 365 Redes\"},\"image\":{\"@id\":\"https:\\\/\\\/candas365.es\\\/noticias\\\/aprobados-20-000-euros-para-la-feria-feten-2020\\\/#organizationLogo\"},\"sameAs\":[\"https:\\\/\\\/www.facebook.com\\\/Nachofdezber\",\"https:\\\/\\\/x.com\\\/NabercoDigital\",\"https:\\\/\\\/www.instagram.com\\\/nachofdezber\\\/\",\"https:\\\/\\\/www.youtube.com\\\/channel\\\/UCZP-2wLEB9Rv6erhFmqVnvg\"],\"address\":{\"@id\":\"https:\\\/\\\/candas365.es\\\/noticias\\\/#postaladdress\",\"@type\":\"PostalAddress\",\"streetAddress\":\"san antonio 4, san antonio 4\",\"postalCode\":\"33430\",\"addressLocality\":\"Cand\\u00e1s\",\"addressRegion\":\"Asturias\",\"addressCountry\":\"ES\"}},{\"@type\":\"Person\",\"@id\":\"https:\\\/\\\/candas365.es\\\/noticias\\\/author\\\/admin\\\/#author\",\"url\":\"https:\\\/\\\/candas365.es\\\/noticias\\\/author\\\/admin\\\/\",\"name\":\"Cand\\u00e1s 365\",\"image\":{\"@type\":\"ImageObject\",\"@id\":\"https:\\\/\\\/candas365.es\\\/noticias\\\/aprobados-20-000-euros-para-la-feria-feten-2020\\\/#authorImage\",\"url\":\"https:\\\/\\\/secure.gravatar.com\\\/avatar\\\/496a8e03d0c493ede1718b7934145dbdf8d89be1036b0eec9544e1094c9de390?s=96&d=mm&r=g\",\"width\":96,\"height\":96,\"caption\":\"Cand\\u00e1s 365\"},\"sameAs\":[\"https:\\\/\\\/www.facebook.com\\\/carrenoactualidad\",\"https:\\\/\\\/twitter.com\\\/nbasturias\",\"https:\\\/\\\/www.instagram.com\\\/nachofdezber\\\/\",\"https:\\\/\\\/www.youtube.com\\\/channel\\\/UCZP-2wLEB9Rv6erhFmqVnvg\"]},{\"@type\":\"WebPage\",\"@id\":\"https:\\\/\\\/candas365.es\\\/noticias\\\/aprobados-20-000-euros-para-la-feria-feten-2020\\\/#webpage\",\"url\":\"https:\\\/\\\/candas365.es\\\/noticias\\\/aprobados-20-000-euros-para-la-feria-feten-2020\\\/\",\"name\":\"Aprobados 20.000 euros para la feria Feten 2020 | Cand\\u00e1s 365\",\"description\":\"El Consejo de Gobierno ha autorizado la suscripci\\u00f3n de un convenio con el Ayuntamiento de Gij\\u00f3n para financiar la celebraci\\u00f3n de la Feria Europea de Artes Esc\\u00e9nicas para ni\\u00f1os y ni\\u00f1as, Feten, referencia nacional del teatro infantil. El acuerdo contempla que el Principado apoye con 20.000 euros la financiaci\\u00f3n del evento. Concretamente, esta cantidad estar\\u00e1\",\"inLanguage\":\"es-ES\",\"isPartOf\":{\"@id\":\"https:\\\/\\\/candas365.es\\\/noticias\\\/#website\"},\"breadcrumb\":{\"@id\":\"https:\\\/\\\/candas365.es\\\/noticias\\\/aprobados-20-000-euros-para-la-feria-feten-2020\\\/#breadcrumblist\"},\"author\":{\"@id\":\"https:\\\/\\\/candas365.es\\\/noticias\\\/author\\\/admin\\\/#author\"},\"creator\":{\"@id\":\"https:\\\/\\\/candas365.es\\\/noticias\\\/author\\\/admin\\\/#author\"},\"image\":{\"@type\":\"ImageObject\",\"url\":\"https:\\\/\\\/candas365.es\\\/noticias\\\/wp-content\\\/uploads\\\/2019\\\/12\\\/CG2.jpg\",\"@id\":\"https:\\\/\\\/candas365.es\\\/noticias\\\/aprobados-20-000-euros-para-la-feria-feten-2020\\\/#mainImage\",\"width\":1060,\"height\":545,\"caption\":\"Foto: Armando \\u00c1lvarez\"},\"primaryImageOfPage\":{\"@id\":\"https:\\\/\\\/candas365.es\\\/noticias\\\/aprobados-20-000-euros-para-la-feria-feten-2020\\\/#mainImage\"},\"datePublished\":\"2019-12-31T03:58:35+01:00\",\"dateModified\":\"2019-12-31T03:58:35+01:00\"},{\"@type\":\"WebSite\",\"@id\":\"https:\\\/\\\/candas365.es\\\/noticias\\\/#website\",\"url\":\"https:\\\/\\\/candas365.es\\\/noticias\\\/\",\"name\":\"Cand\\u00e1s 365\",\"alternateName\":\"Cand\\u00e1s 365 Noticias\",\"description\":\"Actualidad desde Carre\\u00f1o para el mundo\",\"inLanguage\":\"es-ES\",\"publisher\":{\"@id\":\"https:\\\/\\\/candas365.es\\\/noticias\\\/#organization\"}}]}\n\t\t<\/script>\n\t\t<!-- All in One SEO Pro -->\r\n\t\t<title>Aprobados 20.000 euros para la feria Feten 2020 | Cand\u00e1s 365<\/title>\n\n","aioseo_head_json":{"title":"Aprobados 20.000 euros para la feria Feten 2020 | Cand\u00e1s 365","description":"El Consejo de Gobierno ha autorizado la suscripci\u00f3n de un convenio con el Ayuntamiento de Gij\u00f3n para financiar la celebraci\u00f3n de la Feria Europea de Artes Esc\u00e9nicas para ni\u00f1os y ni\u00f1as, Feten, referencia nacional del teatro infantil. El acuerdo contempla que el Principado apoye con 20.000 euros la financiaci\u00f3n del evento. Concretamente, esta cantidad estar\u00e1","canonical_url":"https:\/\/candas365.es\/noticias\/aprobados-20-000-euros-para-la-feria-feten-2020\/","robots":"max-image-preview:large","keywords":"asturias","webmasterTools":{"google-site-verification":"UA-32230408-1","msvalidate.01":"354F3CDFB2DA171B47FBE9ABF1F88D5","miscellaneous":""},"schema":{"@context":"https:\/\/schema.org","@graph":[{"@type":"BreadcrumbList","@id":"https:\/\/candas365.es\/noticias\/aprobados-20-000-euros-para-la-feria-feten-2020\/#breadcrumblist","itemListElement":[{"@type":"ListItem","@id":"https:\/\/candas365.es\/noticias#listItem","position":1,"name":"Home","item":"https:\/\/candas365.es\/noticias","nextItem":{"@type":"ListItem","@id":"https:\/\/candas365.es\/noticias\/category\/asturias\/#listItem","name":"Asturias"}},{"@type":"ListItem","@id":"https:\/\/candas365.es\/noticias\/category\/asturias\/#listItem","position":2,"name":"Asturias","item":"https:\/\/candas365.es\/noticias\/category\/asturias\/","nextItem":{"@type":"ListItem","@id":"https:\/\/candas365.es\/noticias\/aprobados-20-000-euros-para-la-feria-feten-2020\/#listItem","name":"Aprobados 20.000 euros para la feria Feten 2020"},"previousItem":{"@type":"ListItem","@id":"https:\/\/candas365.es\/noticias#listItem","name":"Home"}},{"@type":"ListItem","@id":"https:\/\/candas365.es\/noticias\/aprobados-20-000-euros-para-la-feria-feten-2020\/#listItem","position":3,"name":"Aprobados 20.000 euros para la feria Feten 2020","previousItem":{"@type":"ListItem","@id":"https:\/\/candas365.es\/noticias\/category\/asturias\/#listItem","name":"Asturias"}}]},{"@type":"NewsArticle","@id":"https:\/\/candas365.es\/noticias\/aprobados-20-000-euros-para-la-feria-feten-2020\/#newsarticle","name":"Aprobados 20.000 euros para la feria Feten 2020 | Cand\u00e1s 365","headline":"Aprobados 20.000 euros para la feria Feten 2020","author":{"@id":"https:\/\/candas365.es\/noticias\/author\/admin\/#author"},"publisher":{"@id":"https:\/\/candas365.es\/noticias\/#organization"},"image":{"@type":"ImageObject","url":"https:\/\/candas365.es\/noticias\/wp-content\/uploads\/2019\/12\/CG2.jpg","width":1060,"height":545,"caption":"Foto: Armando \u00c1lvarez"},"datePublished":"2019-12-31T03:58:35+01:00","dateModified":"2019-12-31T03:58:35+01:00","inLanguage":"es-ES","mainEntityOfPage":{"@id":"https:\/\/candas365.es\/noticias\/aprobados-20-000-euros-para-la-feria-feten-2020\/#webpage"},"isPartOf":{"@id":"https:\/\/candas365.es\/noticias\/aprobados-20-000-euros-para-la-feria-feten-2020\/#webpage"},"articleSection":"Asturias","dateline":"Publicado el diciembre 31, 2019."},{"@type":"Organization","@id":"https:\/\/candas365.es\/noticias\/#organization","name":"Cand\u00e1s 365","description":"Cand\u00e1s 365 es un diario digital independiente, fundado en 2012, con base en Asturias. Informamos con rigor sobre actualidad, sociedad, cultura y ocio, con una mirada local y global.","url":"https:\/\/candas365.es\/noticias\/","email":"info@candas365.es","telephone":"+34652131393","foundingDate":"2012-06-10","logo":{"@type":"ImageObject","url":"https:\/\/candas365.es\/noticias\/wp-content\/uploads\/2024\/09\/Candas-365-Redes.jpg","@id":"https:\/\/candas365.es\/noticias\/aprobados-20-000-euros-para-la-feria-feten-2020\/#organizationLogo","width":1152,"height":864,"caption":"Cand\u00e1s 365 Redes"},"image":{"@id":"https:\/\/candas365.es\/noticias\/aprobados-20-000-euros-para-la-feria-feten-2020\/#organizationLogo"},"sameAs":["https:\/\/www.facebook.com\/Nachofdezber","https:\/\/x.com\/NabercoDigital","https:\/\/www.instagram.com\/nachofdezber\/","https:\/\/www.youtube.com\/channel\/UCZP-2wLEB9Rv6erhFmqVnvg"],"address":{"@id":"https:\/\/candas365.es\/noticias\/#postaladdress","@type":"PostalAddress","streetAddress":"san antonio 4, san antonio 4","postalCode":"33430","addressLocality":"Cand\u00e1s","addressRegion":"Asturias","addressCountry":"ES"}},{"@type":"Person","@id":"https:\/\/candas365.es\/noticias\/author\/admin\/#author","url":"https:\/\/candas365.es\/noticias\/author\/admin\/","name":"Cand\u00e1s 365","image":{"@type":"ImageObject","@id":"https:\/\/candas365.es\/noticias\/aprobados-20-000-euros-para-la-feria-feten-2020\/#authorImage","url":"https:\/\/secure.gravatar.com\/avatar\/496a8e03d0c493ede1718b7934145dbdf8d89be1036b0eec9544e1094c9de390?s=96&d=mm&r=g","width":96,"height":96,"caption":"Cand\u00e1s 365"},"sameAs":["https:\/\/www.facebook.com\/carrenoactualidad","https:\/\/twitter.com\/nbasturias","https:\/\/www.instagram.com\/nachofdezber\/","https:\/\/www.youtube.com\/channel\/UCZP-2wLEB9Rv6erhFmqVnvg"]},{"@type":"WebPage","@id":"https:\/\/candas365.es\/noticias\/aprobados-20-000-euros-para-la-feria-feten-2020\/#webpage","url":"https:\/\/candas365.es\/noticias\/aprobados-20-000-euros-para-la-feria-feten-2020\/","name":"Aprobados 20.000 euros para la feria Feten 2020 | Cand\u00e1s 365","description":"El Consejo de Gobierno ha autorizado la suscripci\u00f3n de un convenio con el Ayuntamiento de Gij\u00f3n para financiar la celebraci\u00f3n de la Feria Europea de Artes Esc\u00e9nicas para ni\u00f1os y ni\u00f1as, Feten, referencia nacional del teatro infantil. El acuerdo contempla que el Principado apoye con 20.000 euros la financiaci\u00f3n del evento. Concretamente, esta cantidad estar\u00e1","inLanguage":"es-ES","isPartOf":{"@id":"https:\/\/candas365.es\/noticias\/#website"},"breadcrumb":{"@id":"https:\/\/candas365.es\/noticias\/aprobados-20-000-euros-para-la-feria-feten-2020\/#breadcrumblist"},"author":{"@id":"https:\/\/candas365.es\/noticias\/author\/admin\/#author"},"creator":{"@id":"https:\/\/candas365.es\/noticias\/author\/admin\/#author"},"image":{"@type":"ImageObject","url":"https:\/\/candas365.es\/noticias\/wp-content\/uploads\/2019\/12\/CG2.jpg","@id":"https:\/\/candas365.es\/noticias\/aprobados-20-000-euros-para-la-feria-feten-2020\/#mainImage","width":1060,"height":545,"caption":"Foto: Armando \u00c1lvarez"},"primaryImageOfPage":{"@id":"https:\/\/candas365.es\/noticias\/aprobados-20-000-euros-para-la-feria-feten-2020\/#mainImage"},"datePublished":"2019-12-31T03:58:35+01:00","dateModified":"2019-12-31T03:58:35+01:00"},{"@type":"WebSite","@id":"https:\/\/candas365.es\/noticias\/#website","url":"https:\/\/candas365.es\/noticias\/","name":"Cand\u00e1s 365","alternateName":"Cand\u00e1s 365 Noticias","description":"Actualidad desde Carre\u00f1o para el mundo","inLanguage":"es-ES","publisher":{"@id":"https:\/\/candas365.es\/noticias\/#organization"}}]},"og:locale":"es_ES","og:site_name":"Cand\u00e1s 365","og:type":"article","og:title":"Aprobados 20.000 euros para la feria Feten 2020 | Cand\u00e1s 365","og:description":"El Consejo de Gobierno ha autorizado la suscripci\u00f3n de un convenio con el Ayuntamiento de Gij\u00f3n para financiar la celebraci\u00f3n de la Feria Europea de Artes Esc\u00e9nicas para ni\u00f1os y ni\u00f1as, Feten, referencia nacional del teatro infantil. El acuerdo contempla que el Principado apoye con 20.000 euros la financiaci\u00f3n del evento. Concretamente, esta cantidad estar\u00e1","og:url":"https:\/\/candas365.es\/noticias\/aprobados-20-000-euros-para-la-feria-feten-2020\/","og:image":"https:\/\/candas365.es\/noticias\/wp-content\/uploads\/2019\/12\/CG2.jpg","og:image:secure_url":"https:\/\/candas365.es\/noticias\/wp-content\/uploads\/2019\/12\/CG2.jpg","og:image:width":1060,"og:image:height":545,"article:published_time":"2019-12-31T03:58:35+00:00","article:modified_time":"2019-12-31T03:58:35+00:00","article:publisher":"https:\/\/www.facebook.com\/Nachofdezber","article:author":"https:\/\/www.facebook.com\/carrenoactualidad","twitter:card":"summary_large_image","twitter:site":"@NabercoDigital","twitter:title":"Aprobados 20.000 euros para la feria Feten 2020 | Cand\u00e1s 365","twitter:description":"El Consejo de Gobierno ha autorizado la suscripci\u00f3n de un convenio con el Ayuntamiento de Gij\u00f3n para financiar la celebraci\u00f3n de la Feria Europea de Artes Esc\u00e9nicas para ni\u00f1os y ni\u00f1as, Feten, referencia nacional del teatro infantil. El acuerdo contempla que el Principado apoye con 20.000 euros la financiaci\u00f3n del evento. Concretamente, esta cantidad estar\u00e1","twitter:creator":"@nbasturias","twitter:image":"https:\/\/candas365.es\/noticias\/wp-content\/uploads\/2019\/12\/CG2.jpg","twitter:label1":"Escrito por","twitter:data1":"Cand\u00e1s 365","twitter:label2":"Tiempo de lectura estimado","twitter:data2":"1 minuto"},"aioseo_meta_data":{"post_id":"135674","title":null,"description":null,"keywords":null,"keyphrases":null,"primary_term":null,"canonical_url":null,"og_title":null,"og_description":null,"og_object_type":"default","og_image_type":"default","og_image_url":null,"og_image_width":null,"og_image_height":null,"og_image_custom_url":null,"og_image_custom_fields":null,"og_video":null,"og_custom_url":null,"og_article_section":null,"og_article_tags":null,"twitter_use_og":false,"twitter_card":"default","twitter_image_type":"default","twitter_image_url":null,"twitter_image_custom_url":null,"twitter_image_custom_fields":null,"twitter_title":null,"twitter_description":null,"schema":{"blockGraphs":[],"customGraphs":[],"default":{"data":{"Article":[],"Course":[],"Dataset":[],"FAQPage":[],"Movie":[],"Person":[],"Product":[],"ProductReview":[],"Car":[],"Recipe":[],"Service":[],"SoftwareApplication":[],"WebPage":[]},"graphName":"","isEnabled":true},"graphs":[]},"schema_type":null,"schema_type_options":null,"pillar_content":false,"robots_default":true,"robots_noindex":false,"robots_noarchive":false,"robots_nosnippet":false,"robots_nofollow":false,"robots_noimageindex":false,"robots_noodp":false,"robots_notranslate":false,"robots_max_snippet":null,"robots_max_videopreview":null,"robots_max_imagepreview":"large","priority":null,"frequency":null,"location":null,"local_seo":null,"seo_analyzer_scan_date":"2025-08-30 20:40:21","breadcrumb_settings":null,"limit_modified_date":false,"reviewed_by":null,"open_ai":null,"ai":null,"created":"2020-12-21 10:48:34","updated":"2025-08-30 20:40:21"},"aioseo_breadcrumb":"<div class=\"aioseo-breadcrumbs\"><span class=\"aioseo-breadcrumb\">\n\t<a href=\"https:\/\/candas365.es\/noticias\" title=\"Home\">Home<\/a>\n<\/span><span class=\"aioseo-breadcrumb-separator\">&ndash;<\/span><span class=\"aioseo-breadcrumb\">\n\t<a href=\"https:\/\/candas365.es\/noticias\/category\/asturias\/\" title=\"Asturias\">Asturias<\/a>\n<\/span><span class=\"aioseo-breadcrumb-separator\">&ndash;<\/span><span class=\"aioseo-breadcrumb\">\n\tAprobados 20.000 euros para la feria Feten 2020\n<\/span><\/div>","aioseo_breadcrumb_json":[{"label":"Home","link":"https:\/\/candas365.es\/noticias"},{"label":"Asturias","link":"https:\/\/candas365.es\/noticias\/category\/asturias\/"},{"label":"Aprobados 20.000 euros para la feria Feten 2020","link":"https:\/\/candas365.es\/noticias\/aprobados-20-000-euros-para-la-feria-feten-2020\/"}],"_links":{"self":[{"href":"https:\/\/candas365.es\/noticias\/wp-json\/wp\/v2\/posts\/135674","targetHints":{"allow":["GET"]}}],"collection":[{"href":"https:\/\/candas365.es\/noticias\/wp-json\/wp\/v2\/posts"}],"about":[{"href":"https:\/\/candas365.es\/noticias\/wp-json\/wp\/v2\/types\/post"}],"author":[{"embeddable":true,"href":"https:\/\/candas365.es\/noticias\/wp-json\/wp\/v2\/users\/1"}],"replies":[{"embeddable":true,"href":"https:\/\/candas365.es\/noticias\/wp-json\/wp\/v2\/comments?post=135674"}],"version-history":[{"count":0,"href":"https:\/\/candas365.es\/noticias\/wp-json\/wp\/v2\/posts\/135674\/revisions"}],"wp:featuredmedia":[{"embeddable":true,"href":"https:\/\/candas365.es\/noticias\/wp-json\/wp\/v2\/media\/135675"}],"wp:attachment":[{"href":"https:\/\/candas365.es\/noticias\/wp-json\/wp\/v2\/media?parent=135674"}],"wp:term":[{"taxonomy":"category","embeddable":true,"href":"https:\/\/candas365.es\/noticias\/wp-json\/wp\/v2\/categories?post=135674"},{"taxonomy":"post_tag","embeddable":true,"href":"https:\/\/candas365.es\/noticias\/wp-json\/wp\/v2\/tags?post=135674"}],"curies":[{"name":"wp","href":"https:\/\/api.w.org\/{rel}","templated":true}]}}