{"id":135627,"date":"2019-12-30T18:36:03","date_gmt":"2019-12-30T18:36:03","guid":{"rendered":"http:\/\/candas365.es\/noticias\/?p=135627"},"modified":"2019-12-30T18:36:03","modified_gmt":"2019-12-30T18:36:03","slug":"nuevos-conciertos-en-laboral-ciudad-de-la-cultura","status":"publish","type":"post","link":"https:\/\/candas365.es\/noticias\/nuevos-conciertos-en-laboral-ciudad-de-la-cultura\/","title":{"rendered":"Nuevos conciertos en Laboral Ciudad de la Cultura"},"content":{"rendered":"<p><img fetchpriority=\"high\" decoding=\"async\" class=\"alignleft size-medium wp-image-130032\" src=\"https:\/\/candas365.es\/noticias\/wp-content\/uploads\/2019\/09\/Laboral-Gijon-360x247.jpg\" alt=\"\" width=\"360\" height=\"247\" srcset=\"https:\/\/candas365.es\/noticias\/wp-content\/uploads\/2019\/09\/Laboral-Gijon-360x247.jpg 360w, https:\/\/candas365.es\/noticias\/wp-content\/uploads\/2019\/09\/Laboral-Gijon-768x528.jpg 768w, https:\/\/candas365.es\/noticias\/wp-content\/uploads\/2019\/09\/Laboral-Gijon-655x450.jpg 655w, https:\/\/candas365.es\/noticias\/wp-content\/uploads\/2019\/09\/Laboral-Gijon-100x70.jpg 100w, https:\/\/candas365.es\/noticias\/wp-content\/uploads\/2019\/09\/Laboral-Gijon-218x150.jpg 218w, https:\/\/candas365.es\/noticias\/wp-content\/uploads\/2019\/09\/Laboral-Gijon-696x478.jpg 696w, https:\/\/candas365.es\/noticias\/wp-content\/uploads\/2019\/09\/Laboral-Gijon-611x420.jpg 611w, https:\/\/candas365.es\/noticias\/wp-content\/uploads\/2019\/09\/Laboral-Gijon.jpg 1049w\" sizes=\"(max-width: 360px) 100vw, 360px\" \/>La m\u00fasica centra las propuestas del invierno en Laboral Ciudad de la Cultura para el p\u00fablico juvenil y adulto, que tambi\u00e9n incluyen dos pases del musical La Llamada y tres citas con los mon\u00f3logos m\u00e1s divertidos.<\/p>\n<p>El s\u00e1bado 11 de enero el colectivo Muyeres presenta Humanes en el Teatro de la Laboral; un disco y un espect\u00e1culo conforman este nuevo proyecto global dise\u00f1ado y dirigido por Borja Roces. Muyeres siente la necesidad de seguir avanzando como colectivo musical y, por primera vez en su trayectoria, las canciones de este nuevo trabajo no son recuperadas de la m\u00fasica tradicional sino que ha sido compuestas expresamente para Humanes.<\/p>\n<p>Dani Rovira vuelve a los escenarios con su nuevo espect\u00e1culo ODIO. Los d\u00edas 18 y 19 de enero, el c\u00f3mico andaluz ofrecer\u00e1 dos funciones de su show de Stand Up Comedy donde, sin censura alguna, pondr\u00e1 encima de la mesa su visi\u00f3n m\u00e1s honesta y delirante del ser humano de hoy. Coque Malla llegar\u00e1 al Teatro el viernes 24 de enero para presentar los temas de su \u00faltimo trabajo \u00bfRevoluci\u00f3n? en un nuevo espect\u00e1culo, ambicioso y cuidado, que llega cargado de sorpresas. Tres compa\u00f1\u00edas emergentes de danza contempor\u00e1nea actuar\u00e1n en la Laboral el s\u00e1bado 25 de enero en el marco del proyecto Reuni\u00f3n en Danza (RED) junto a los ya consagrados bailarines de la compa\u00f1\u00eda Martin Krego que, adem\u00e1s, impartir\u00e1n el d\u00eda antes un taller para p\u00fablico adulto y joven a partir de 14 a\u00f1os.<\/p>\n<p>Febrero arranca en la Laboral con el concierto, el s\u00e1bado 1, de Paco Iba\u00f1ez que se encuentra de gira para celebrar los 50 a\u00f1os de su m\u00edtica actuaci\u00f3n en el Olympia y en la que recupera los rescoldos del mayo del 68 para ofrecer un poco de calor a \u00abestos tiempos de desorientaci\u00f3n, ultraderecha y vac\u00edo cultural\u00bb. El viernes 7 llegan Los Secretos y su nuevo proyecto Mi Para\u00edso, una selecci\u00f3n de nuevas canciones con el inconfundible estilo de Los Secretos.<\/p>\n<p>Con una puesta en escena \u00edntima y personal, la cantante Zahara ofrecer\u00e1 el 14 de febrero un concierto \u00fanico y especial en el que interpretar\u00e1 algunas de sus canciones de mayor carga emocional y con tintes melodram\u00e1ticos y el d\u00eda 28 se subir\u00e1 a las tablas del Teatro el artista c\u00e1ntabro Nando Arg\u00fceros, que vuelve a la escena musical con un nuevo trabajo y su Tour 20 Aniversario. El humor de \u00c1lex Clavero pone el broche de oro al mes de febrero, el s\u00e1bado 29, con la presentaci\u00f3n de su show #mimadreestrendingtopic, un hilarante mon\u00f3logo en el que explica las consecuencias de que su madre tenga un smartphone.<\/p>\n<p>El viernes 6 y el s\u00e1bado 7 de marzo llega al Teatro de la Laboral La Llamada, un divertido musical escrito y dirigido por Javier Ambrossi y Javier Calvo sobre la fe, la amistad, el primer amor, el electro-latino y Whitney Houston. Ya se han agotado las entradas para el concierto que ofrecer\u00e1 Sergio Dalma el 13 de marzo, en el que presentar\u00e1 30\u2026 y tanto, un proyecto con el que quiere celebrar sus tres d\u00e9cadas de carrera y presentar m\u00fasica nueva a sus seguidores.<\/p>\n<p>El Arrebato vuelve renovado a los escenarios y presenta con su nuevo disco Abrazos el s\u00e1bado 14 en la Laboral y, del 20 al 22, el showman Berto Romero ofrecer\u00e1 nuevas historias, nuevas canciones y alguna que otra sorpresa en una divertida cita con el espect\u00e1culo Mucha tonter\u00eda. La programaci\u00f3n para el p\u00fablico juvenil y adulto de la Laboral se completa con un taller de improvisaci\u00f3n teatral impartido por el colectivo Trivilorio Impro. Las dos sesiones en las que se divide este taller estar\u00e1n dedicadas a la aceptaci\u00f3n, escucha y capacidad de propuesta en escena (s\u00e1bado 25 de enero) y a las estructuras narrativas para creaci\u00f3n de historias improvisadas (s\u00e1bado 14 de marzo).<\/p>\n<p>Contin\u00faa adem\u00e1s en la Iglesia, hasta el domingo 12 de enero, la exposici\u00f3n La palabra inacabada, en la que el artista visual Garc\u00eda de Marina explora la relaci\u00f3n entre el lenguaje visual y el lenguaje escrito, y los recorridos guiados a Laboral Ciudad de la Cultura y subidas al Mirador de la Torre.<\/p>\n<p>El programa Vive Laboral sigue sumando nuevas actuaciones para el pr\u00f3ximo a\u00f1o y ya est\u00e1n disponibles las entradas para los conciertos del pianista James Rhodes, que celebrar\u00e1 el 250 aniversario del nacimiento de Ludwig van Beethoven con un concierto muy especial, de India Mart\u00ednez y de Antonio Jos\u00e9, que presentar\u00e1n sus nuevos trabajos, adem\u00e1s del espect\u00e1culo de humor de Mota, Segura y Flo que llegan a la Laboral con la segunda temporada de su show Dos tontos y yo.<\/p>\n<p>Las localidades para los conciertos y actividades se pueden adquirir en la Recepci\u00f3n de Laboral Ciudad de la Cultura, en la Oficina de Informaci\u00f3n Tur\u00edstica de Asturias en Oviedo (CITPA) en Oviedo\/Uvi\u00e9u, en el Centro Niemeyer en Avil\u00e9s, entradas.liberbank.es, en el 902 106 601, en la red de cajeros Liberbank y en la propia web de la Laboral, www.laboralciudaddelacultura.com.<\/p>\n","protected":false},"excerpt":{"rendered":"<p>La m\u00fasica centra las propuestas del invierno en Laboral Ciudad de la Cultura para el p\u00fablico juvenil y adulto, que tambi\u00e9n incluyen dos pases del musical La Llamada y tres citas con los mon\u00f3logos m\u00e1s divertidos. El s\u00e1bado 11 de enero el colectivo Muyeres presenta Humanes en el Teatro de la Laboral; un disco y<\/p>\n","protected":false},"author":1,"featured_media":130032,"comment_status":"closed","ping_status":"closed","sticky":false,"template":"","format":"standard","meta":{"footnotes":""},"categories":[1],"tags":[],"class_list":{"0":"post-135627","1":"post","2":"type-post","3":"status-publish","4":"format-standard","5":"has-post-thumbnail","7":"category-agenda"},"aioseo_notices":[],"aioseo_head":"\n\t\t<!-- All in One SEO Pro 4.9.6.2 - aioseo.com -->\n\t<meta name=\"description\" content=\"La m\u00fasica centra las propuestas del invierno en Laboral Ciudad de la Cultura para el p\u00fablico juvenil y adulto, que tambi\u00e9n incluyen dos pases del musical La Llamada y tres citas con los mon\u00f3logos m\u00e1s divertidos. El s\u00e1bado 11 de enero el colectivo Muyeres presenta Humanes en el Teatro de la Laboral; un disco y\" \/>\n\t<meta name=\"robots\" content=\"max-image-preview:large\" \/>\n\t<meta name=\"author\" content=\"Cand\u00e1s 365\"\/>\n\t<meta name=\"google-site-verification\" content=\"UA-32230408-1\" \/>\n\t<meta name=\"msvalidate.01\" content=\"354F3CDFB2DA171B47FBE9ABF1F88D5\" \/>\n\t<meta name=\"keywords\" content=\"agenda\" \/>\n\t<link rel=\"canonical\" href=\"https:\/\/candas365.es\/noticias\/nuevos-conciertos-en-laboral-ciudad-de-la-cultura\/\" \/>\n\t<meta name=\"generator\" content=\"All in One SEO Pro (AIOSEO) 4.9.6.2\" \/>\n\t\t<meta property=\"og:locale\" content=\"es_ES\" \/>\n\t\t<meta property=\"og:site_name\" content=\"Cand\u00e1s 365\" \/>\n\t\t<meta property=\"og:type\" content=\"article\" \/>\n\t\t<meta property=\"og:title\" content=\"Nuevos conciertos en Laboral Ciudad de la Cultura | Cand\u00e1s 365\" \/>\n\t\t<meta property=\"og:description\" content=\"La m\u00fasica centra las propuestas del invierno en Laboral Ciudad de la Cultura para el p\u00fablico juvenil y adulto, que tambi\u00e9n incluyen dos pases del musical La Llamada y tres citas con los mon\u00f3logos m\u00e1s divertidos. El s\u00e1bado 11 de enero el colectivo Muyeres presenta Humanes en el Teatro de la Laboral; un disco y\" \/>\n\t\t<meta property=\"og:url\" content=\"https:\/\/candas365.es\/noticias\/nuevos-conciertos-en-laboral-ciudad-de-la-cultura\/\" \/>\n\t\t<meta property=\"og:image\" content=\"https:\/\/candas365.es\/noticias\/wp-content\/uploads\/2019\/09\/Laboral-Gijon.jpg\" \/>\n\t\t<meta property=\"og:image:secure_url\" content=\"https:\/\/candas365.es\/noticias\/wp-content\/uploads\/2019\/09\/Laboral-Gijon.jpg\" \/>\n\t\t<meta property=\"og:image:width\" content=\"1049\" \/>\n\t\t<meta property=\"og:image:height\" content=\"721\" \/>\n\t\t<meta property=\"article:published_time\" content=\"2019-12-30T18:36:03+00:00\" \/>\n\t\t<meta property=\"article:modified_time\" content=\"2019-12-30T18:36:03+00:00\" \/>\n\t\t<meta property=\"article:publisher\" content=\"https:\/\/www.facebook.com\/Nachofdezber\" \/>\n\t\t<meta property=\"article:author\" content=\"https:\/\/www.facebook.com\/carrenoactualidad\" \/>\n\t\t<meta name=\"twitter:card\" content=\"summary_large_image\" \/>\n\t\t<meta name=\"twitter:site\" content=\"@NabercoDigital\" \/>\n\t\t<meta name=\"twitter:title\" content=\"Nuevos conciertos en Laboral Ciudad de la Cultura | Cand\u00e1s 365\" \/>\n\t\t<meta name=\"twitter:description\" content=\"La m\u00fasica centra las propuestas del invierno en Laboral Ciudad de la Cultura para el p\u00fablico juvenil y adulto, que tambi\u00e9n incluyen dos pases del musical La Llamada y tres citas con los mon\u00f3logos m\u00e1s divertidos. El s\u00e1bado 11 de enero el colectivo Muyeres presenta Humanes en el Teatro de la Laboral; un disco y\" \/>\n\t\t<meta name=\"twitter:creator\" content=\"@nbasturias\" \/>\n\t\t<meta name=\"twitter:image\" content=\"https:\/\/candas365.es\/noticias\/wp-content\/uploads\/2019\/09\/Laboral-Gijon.jpg\" \/>\n\t\t<meta name=\"twitter:label1\" content=\"Escrito por\" \/>\n\t\t<meta name=\"twitter:data1\" content=\"Cand\u00e1s 365\" \/>\n\t\t<meta name=\"twitter:label2\" content=\"Tiempo de lectura estimado\" \/>\n\t\t<meta name=\"twitter:data2\" content=\"4 minutos\" \/>\n\t\t<script type=\"application\/ld+json\" class=\"aioseo-schema\">\n\t\t\t{\"@context\":\"https:\\\/\\\/schema.org\",\"@graph\":[{\"@type\":\"BreadcrumbList\",\"@id\":\"https:\\\/\\\/candas365.es\\\/noticias\\\/nuevos-conciertos-en-laboral-ciudad-de-la-cultura\\\/#breadcrumblist\",\"itemListElement\":[{\"@type\":\"ListItem\",\"@id\":\"https:\\\/\\\/candas365.es\\\/noticias#listItem\",\"position\":1,\"name\":\"Home\",\"item\":\"https:\\\/\\\/candas365.es\\\/noticias\",\"nextItem\":{\"@type\":\"ListItem\",\"@id\":\"https:\\\/\\\/candas365.es\\\/noticias\\\/category\\\/agenda\\\/#listItem\",\"name\":\"Agenda\"}},{\"@type\":\"ListItem\",\"@id\":\"https:\\\/\\\/candas365.es\\\/noticias\\\/category\\\/agenda\\\/#listItem\",\"position\":2,\"name\":\"Agenda\",\"item\":\"https:\\\/\\\/candas365.es\\\/noticias\\\/category\\\/agenda\\\/\",\"nextItem\":{\"@type\":\"ListItem\",\"@id\":\"https:\\\/\\\/candas365.es\\\/noticias\\\/nuevos-conciertos-en-laboral-ciudad-de-la-cultura\\\/#listItem\",\"name\":\"Nuevos conciertos en Laboral Ciudad de la Cultura\"},\"previousItem\":{\"@type\":\"ListItem\",\"@id\":\"https:\\\/\\\/candas365.es\\\/noticias#listItem\",\"name\":\"Home\"}},{\"@type\":\"ListItem\",\"@id\":\"https:\\\/\\\/candas365.es\\\/noticias\\\/nuevos-conciertos-en-laboral-ciudad-de-la-cultura\\\/#listItem\",\"position\":3,\"name\":\"Nuevos conciertos en Laboral Ciudad de la Cultura\",\"previousItem\":{\"@type\":\"ListItem\",\"@id\":\"https:\\\/\\\/candas365.es\\\/noticias\\\/category\\\/agenda\\\/#listItem\",\"name\":\"Agenda\"}}]},{\"@type\":\"NewsArticle\",\"@id\":\"https:\\\/\\\/candas365.es\\\/noticias\\\/nuevos-conciertos-en-laboral-ciudad-de-la-cultura\\\/#newsarticle\",\"name\":\"Nuevos conciertos en Laboral Ciudad de la Cultura | Cand\\u00e1s 365\",\"headline\":\"Nuevos conciertos en Laboral Ciudad de la Cultura\",\"author\":{\"@id\":\"https:\\\/\\\/candas365.es\\\/noticias\\\/author\\\/admin\\\/#author\"},\"publisher\":{\"@id\":\"https:\\\/\\\/candas365.es\\\/noticias\\\/#organization\"},\"image\":{\"@type\":\"ImageObject\",\"url\":\"https:\\\/\\\/candas365.es\\\/noticias\\\/wp-content\\\/uploads\\\/2019\\\/09\\\/Laboral-Gijon.jpg\",\"width\":1049,\"height\":721,\"caption\":\"Laboral\"},\"datePublished\":\"2019-12-30T18:36:03+01:00\",\"dateModified\":\"2019-12-30T18:36:03+01:00\",\"inLanguage\":\"es-ES\",\"mainEntityOfPage\":{\"@id\":\"https:\\\/\\\/candas365.es\\\/noticias\\\/nuevos-conciertos-en-laboral-ciudad-de-la-cultura\\\/#webpage\"},\"isPartOf\":{\"@id\":\"https:\\\/\\\/candas365.es\\\/noticias\\\/nuevos-conciertos-en-laboral-ciudad-de-la-cultura\\\/#webpage\"},\"articleSection\":\"Agenda\",\"dateline\":\"Publicado el diciembre 30, 2019.\"},{\"@type\":\"Organization\",\"@id\":\"https:\\\/\\\/candas365.es\\\/noticias\\\/#organization\",\"name\":\"Cand\\u00e1s 365\",\"description\":\"Cand\\u00e1s 365 es un diario digital independiente, fundado en 2012, con base en Asturias. Informamos con rigor sobre actualidad, sociedad, cultura y ocio, con una mirada local y global.\",\"url\":\"https:\\\/\\\/candas365.es\\\/noticias\\\/\",\"email\":\"info@candas365.es\",\"telephone\":\"+34652131393\",\"foundingDate\":\"2012-06-10\",\"logo\":{\"@type\":\"ImageObject\",\"url\":\"https:\\\/\\\/candas365.es\\\/noticias\\\/wp-content\\\/uploads\\\/2024\\\/09\\\/Candas-365-Redes.jpg\",\"@id\":\"https:\\\/\\\/candas365.es\\\/noticias\\\/nuevos-conciertos-en-laboral-ciudad-de-la-cultura\\\/#organizationLogo\",\"width\":1152,\"height\":864,\"caption\":\"Cand\\u00e1s 365 Redes\"},\"image\":{\"@id\":\"https:\\\/\\\/candas365.es\\\/noticias\\\/nuevos-conciertos-en-laboral-ciudad-de-la-cultura\\\/#organizationLogo\"},\"sameAs\":[\"https:\\\/\\\/www.facebook.com\\\/Nachofdezber\",\"https:\\\/\\\/x.com\\\/NabercoDigital\",\"https:\\\/\\\/www.instagram.com\\\/nachofdezber\\\/\",\"https:\\\/\\\/www.youtube.com\\\/channel\\\/UCZP-2wLEB9Rv6erhFmqVnvg\"],\"address\":{\"@id\":\"https:\\\/\\\/candas365.es\\\/noticias\\\/#postaladdress\",\"@type\":\"PostalAddress\",\"streetAddress\":\"san antonio 4, san antonio 4\",\"postalCode\":\"33430\",\"addressLocality\":\"Cand\\u00e1s\",\"addressRegion\":\"Asturias\",\"addressCountry\":\"ES\"}},{\"@type\":\"Person\",\"@id\":\"https:\\\/\\\/candas365.es\\\/noticias\\\/author\\\/admin\\\/#author\",\"url\":\"https:\\\/\\\/candas365.es\\\/noticias\\\/author\\\/admin\\\/\",\"name\":\"Cand\\u00e1s 365\",\"image\":{\"@type\":\"ImageObject\",\"@id\":\"https:\\\/\\\/candas365.es\\\/noticias\\\/nuevos-conciertos-en-laboral-ciudad-de-la-cultura\\\/#authorImage\",\"url\":\"https:\\\/\\\/secure.gravatar.com\\\/avatar\\\/496a8e03d0c493ede1718b7934145dbdf8d89be1036b0eec9544e1094c9de390?s=96&d=mm&r=g\",\"width\":96,\"height\":96,\"caption\":\"Cand\\u00e1s 365\"},\"sameAs\":[\"https:\\\/\\\/www.facebook.com\\\/carrenoactualidad\",\"https:\\\/\\\/twitter.com\\\/nbasturias\",\"https:\\\/\\\/www.instagram.com\\\/nachofdezber\\\/\",\"https:\\\/\\\/www.youtube.com\\\/channel\\\/UCZP-2wLEB9Rv6erhFmqVnvg\"]},{\"@type\":\"WebPage\",\"@id\":\"https:\\\/\\\/candas365.es\\\/noticias\\\/nuevos-conciertos-en-laboral-ciudad-de-la-cultura\\\/#webpage\",\"url\":\"https:\\\/\\\/candas365.es\\\/noticias\\\/nuevos-conciertos-en-laboral-ciudad-de-la-cultura\\\/\",\"name\":\"Nuevos conciertos en Laboral Ciudad de la Cultura | Cand\\u00e1s 365\",\"description\":\"La m\\u00fasica centra las propuestas del invierno en Laboral Ciudad de la Cultura para el p\\u00fablico juvenil y adulto, que tambi\\u00e9n incluyen dos pases del musical La Llamada y tres citas con los mon\\u00f3logos m\\u00e1s divertidos. El s\\u00e1bado 11 de enero el colectivo Muyeres presenta Humanes en el Teatro de la Laboral; un disco y\",\"inLanguage\":\"es-ES\",\"isPartOf\":{\"@id\":\"https:\\\/\\\/candas365.es\\\/noticias\\\/#website\"},\"breadcrumb\":{\"@id\":\"https:\\\/\\\/candas365.es\\\/noticias\\\/nuevos-conciertos-en-laboral-ciudad-de-la-cultura\\\/#breadcrumblist\"},\"author\":{\"@id\":\"https:\\\/\\\/candas365.es\\\/noticias\\\/author\\\/admin\\\/#author\"},\"creator\":{\"@id\":\"https:\\\/\\\/candas365.es\\\/noticias\\\/author\\\/admin\\\/#author\"},\"image\":{\"@type\":\"ImageObject\",\"url\":\"https:\\\/\\\/candas365.es\\\/noticias\\\/wp-content\\\/uploads\\\/2019\\\/09\\\/Laboral-Gijon.jpg\",\"@id\":\"https:\\\/\\\/candas365.es\\\/noticias\\\/nuevos-conciertos-en-laboral-ciudad-de-la-cultura\\\/#mainImage\",\"width\":1049,\"height\":721,\"caption\":\"Laboral\"},\"primaryImageOfPage\":{\"@id\":\"https:\\\/\\\/candas365.es\\\/noticias\\\/nuevos-conciertos-en-laboral-ciudad-de-la-cultura\\\/#mainImage\"},\"datePublished\":\"2019-12-30T18:36:03+01:00\",\"dateModified\":\"2019-12-30T18:36:03+01:00\"},{\"@type\":\"WebSite\",\"@id\":\"https:\\\/\\\/candas365.es\\\/noticias\\\/#website\",\"url\":\"https:\\\/\\\/candas365.es\\\/noticias\\\/\",\"name\":\"Cand\\u00e1s 365\",\"alternateName\":\"Cand\\u00e1s 365 Noticias\",\"description\":\"Actualidad desde Carre\\u00f1o para el mundo\",\"inLanguage\":\"es-ES\",\"publisher\":{\"@id\":\"https:\\\/\\\/candas365.es\\\/noticias\\\/#organization\"}}]}\n\t\t<\/script>\n\t\t<!-- All in One SEO Pro -->\r\n\t\t<title>Nuevos conciertos en Laboral Ciudad de la Cultura | Cand\u00e1s 365<\/title>\n\n","aioseo_head_json":{"title":"Nuevos conciertos en Laboral Ciudad de la Cultura | Cand\u00e1s 365","description":"La m\u00fasica centra las propuestas del invierno en Laboral Ciudad de la Cultura para el p\u00fablico juvenil y adulto, que tambi\u00e9n incluyen dos pases del musical La Llamada y tres citas con los mon\u00f3logos m\u00e1s divertidos. El s\u00e1bado 11 de enero el colectivo Muyeres presenta Humanes en el Teatro de la Laboral; un disco y","canonical_url":"https:\/\/candas365.es\/noticias\/nuevos-conciertos-en-laboral-ciudad-de-la-cultura\/","robots":"max-image-preview:large","keywords":"agenda","webmasterTools":{"google-site-verification":"UA-32230408-1","msvalidate.01":"354F3CDFB2DA171B47FBE9ABF1F88D5","miscellaneous":""},"schema":{"@context":"https:\/\/schema.org","@graph":[{"@type":"BreadcrumbList","@id":"https:\/\/candas365.es\/noticias\/nuevos-conciertos-en-laboral-ciudad-de-la-cultura\/#breadcrumblist","itemListElement":[{"@type":"ListItem","@id":"https:\/\/candas365.es\/noticias#listItem","position":1,"name":"Home","item":"https:\/\/candas365.es\/noticias","nextItem":{"@type":"ListItem","@id":"https:\/\/candas365.es\/noticias\/category\/agenda\/#listItem","name":"Agenda"}},{"@type":"ListItem","@id":"https:\/\/candas365.es\/noticias\/category\/agenda\/#listItem","position":2,"name":"Agenda","item":"https:\/\/candas365.es\/noticias\/category\/agenda\/","nextItem":{"@type":"ListItem","@id":"https:\/\/candas365.es\/noticias\/nuevos-conciertos-en-laboral-ciudad-de-la-cultura\/#listItem","name":"Nuevos conciertos en Laboral Ciudad de la Cultura"},"previousItem":{"@type":"ListItem","@id":"https:\/\/candas365.es\/noticias#listItem","name":"Home"}},{"@type":"ListItem","@id":"https:\/\/candas365.es\/noticias\/nuevos-conciertos-en-laboral-ciudad-de-la-cultura\/#listItem","position":3,"name":"Nuevos conciertos en Laboral Ciudad de la Cultura","previousItem":{"@type":"ListItem","@id":"https:\/\/candas365.es\/noticias\/category\/agenda\/#listItem","name":"Agenda"}}]},{"@type":"NewsArticle","@id":"https:\/\/candas365.es\/noticias\/nuevos-conciertos-en-laboral-ciudad-de-la-cultura\/#newsarticle","name":"Nuevos conciertos en Laboral Ciudad de la Cultura | Cand\u00e1s 365","headline":"Nuevos conciertos en Laboral Ciudad de la Cultura","author":{"@id":"https:\/\/candas365.es\/noticias\/author\/admin\/#author"},"publisher":{"@id":"https:\/\/candas365.es\/noticias\/#organization"},"image":{"@type":"ImageObject","url":"https:\/\/candas365.es\/noticias\/wp-content\/uploads\/2019\/09\/Laboral-Gijon.jpg","width":1049,"height":721,"caption":"Laboral"},"datePublished":"2019-12-30T18:36:03+01:00","dateModified":"2019-12-30T18:36:03+01:00","inLanguage":"es-ES","mainEntityOfPage":{"@id":"https:\/\/candas365.es\/noticias\/nuevos-conciertos-en-laboral-ciudad-de-la-cultura\/#webpage"},"isPartOf":{"@id":"https:\/\/candas365.es\/noticias\/nuevos-conciertos-en-laboral-ciudad-de-la-cultura\/#webpage"},"articleSection":"Agenda","dateline":"Publicado el diciembre 30, 2019."},{"@type":"Organization","@id":"https:\/\/candas365.es\/noticias\/#organization","name":"Cand\u00e1s 365","description":"Cand\u00e1s 365 es un diario digital independiente, fundado en 2012, con base en Asturias. Informamos con rigor sobre actualidad, sociedad, cultura y ocio, con una mirada local y global.","url":"https:\/\/candas365.es\/noticias\/","email":"info@candas365.es","telephone":"+34652131393","foundingDate":"2012-06-10","logo":{"@type":"ImageObject","url":"https:\/\/candas365.es\/noticias\/wp-content\/uploads\/2024\/09\/Candas-365-Redes.jpg","@id":"https:\/\/candas365.es\/noticias\/nuevos-conciertos-en-laboral-ciudad-de-la-cultura\/#organizationLogo","width":1152,"height":864,"caption":"Cand\u00e1s 365 Redes"},"image":{"@id":"https:\/\/candas365.es\/noticias\/nuevos-conciertos-en-laboral-ciudad-de-la-cultura\/#organizationLogo"},"sameAs":["https:\/\/www.facebook.com\/Nachofdezber","https:\/\/x.com\/NabercoDigital","https:\/\/www.instagram.com\/nachofdezber\/","https:\/\/www.youtube.com\/channel\/UCZP-2wLEB9Rv6erhFmqVnvg"],"address":{"@id":"https:\/\/candas365.es\/noticias\/#postaladdress","@type":"PostalAddress","streetAddress":"san antonio 4, san antonio 4","postalCode":"33430","addressLocality":"Cand\u00e1s","addressRegion":"Asturias","addressCountry":"ES"}},{"@type":"Person","@id":"https:\/\/candas365.es\/noticias\/author\/admin\/#author","url":"https:\/\/candas365.es\/noticias\/author\/admin\/","name":"Cand\u00e1s 365","image":{"@type":"ImageObject","@id":"https:\/\/candas365.es\/noticias\/nuevos-conciertos-en-laboral-ciudad-de-la-cultura\/#authorImage","url":"https:\/\/secure.gravatar.com\/avatar\/496a8e03d0c493ede1718b7934145dbdf8d89be1036b0eec9544e1094c9de390?s=96&d=mm&r=g","width":96,"height":96,"caption":"Cand\u00e1s 365"},"sameAs":["https:\/\/www.facebook.com\/carrenoactualidad","https:\/\/twitter.com\/nbasturias","https:\/\/www.instagram.com\/nachofdezber\/","https:\/\/www.youtube.com\/channel\/UCZP-2wLEB9Rv6erhFmqVnvg"]},{"@type":"WebPage","@id":"https:\/\/candas365.es\/noticias\/nuevos-conciertos-en-laboral-ciudad-de-la-cultura\/#webpage","url":"https:\/\/candas365.es\/noticias\/nuevos-conciertos-en-laboral-ciudad-de-la-cultura\/","name":"Nuevos conciertos en Laboral Ciudad de la Cultura | Cand\u00e1s 365","description":"La m\u00fasica centra las propuestas del invierno en Laboral Ciudad de la Cultura para el p\u00fablico juvenil y adulto, que tambi\u00e9n incluyen dos pases del musical La Llamada y tres citas con los mon\u00f3logos m\u00e1s divertidos. El s\u00e1bado 11 de enero el colectivo Muyeres presenta Humanes en el Teatro de la Laboral; un disco y","inLanguage":"es-ES","isPartOf":{"@id":"https:\/\/candas365.es\/noticias\/#website"},"breadcrumb":{"@id":"https:\/\/candas365.es\/noticias\/nuevos-conciertos-en-laboral-ciudad-de-la-cultura\/#breadcrumblist"},"author":{"@id":"https:\/\/candas365.es\/noticias\/author\/admin\/#author"},"creator":{"@id":"https:\/\/candas365.es\/noticias\/author\/admin\/#author"},"image":{"@type":"ImageObject","url":"https:\/\/candas365.es\/noticias\/wp-content\/uploads\/2019\/09\/Laboral-Gijon.jpg","@id":"https:\/\/candas365.es\/noticias\/nuevos-conciertos-en-laboral-ciudad-de-la-cultura\/#mainImage","width":1049,"height":721,"caption":"Laboral"},"primaryImageOfPage":{"@id":"https:\/\/candas365.es\/noticias\/nuevos-conciertos-en-laboral-ciudad-de-la-cultura\/#mainImage"},"datePublished":"2019-12-30T18:36:03+01:00","dateModified":"2019-12-30T18:36:03+01:00"},{"@type":"WebSite","@id":"https:\/\/candas365.es\/noticias\/#website","url":"https:\/\/candas365.es\/noticias\/","name":"Cand\u00e1s 365","alternateName":"Cand\u00e1s 365 Noticias","description":"Actualidad desde Carre\u00f1o para el mundo","inLanguage":"es-ES","publisher":{"@id":"https:\/\/candas365.es\/noticias\/#organization"}}]},"og:locale":"es_ES","og:site_name":"Cand\u00e1s 365","og:type":"article","og:title":"Nuevos conciertos en Laboral Ciudad de la Cultura | Cand\u00e1s 365","og:description":"La m\u00fasica centra las propuestas del invierno en Laboral Ciudad de la Cultura para el p\u00fablico juvenil y adulto, que tambi\u00e9n incluyen dos pases del musical La Llamada y tres citas con los mon\u00f3logos m\u00e1s divertidos. El s\u00e1bado 11 de enero el colectivo Muyeres presenta Humanes en el Teatro de la Laboral; un disco y","og:url":"https:\/\/candas365.es\/noticias\/nuevos-conciertos-en-laboral-ciudad-de-la-cultura\/","og:image":"https:\/\/candas365.es\/noticias\/wp-content\/uploads\/2019\/09\/Laboral-Gijon.jpg","og:image:secure_url":"https:\/\/candas365.es\/noticias\/wp-content\/uploads\/2019\/09\/Laboral-Gijon.jpg","og:image:width":1049,"og:image:height":721,"article:published_time":"2019-12-30T18:36:03+00:00","article:modified_time":"2019-12-30T18:36:03+00:00","article:publisher":"https:\/\/www.facebook.com\/Nachofdezber","article:author":"https:\/\/www.facebook.com\/carrenoactualidad","twitter:card":"summary_large_image","twitter:site":"@NabercoDigital","twitter:title":"Nuevos conciertos en Laboral Ciudad de la Cultura | Cand\u00e1s 365","twitter:description":"La m\u00fasica centra las propuestas del invierno en Laboral Ciudad de la Cultura para el p\u00fablico juvenil y adulto, que tambi\u00e9n incluyen dos pases del musical La Llamada y tres citas con los mon\u00f3logos m\u00e1s divertidos. El s\u00e1bado 11 de enero el colectivo Muyeres presenta Humanes en el Teatro de la Laboral; un disco y","twitter:creator":"@nbasturias","twitter:image":"https:\/\/candas365.es\/noticias\/wp-content\/uploads\/2019\/09\/Laboral-Gijon.jpg","twitter:label1":"Escrito por","twitter:data1":"Cand\u00e1s 365","twitter:label2":"Tiempo de lectura estimado","twitter:data2":"4 minutos"},"aioseo_meta_data":{"post_id":"135627","title":null,"description":null,"keywords":null,"keyphrases":null,"primary_term":null,"canonical_url":null,"og_title":null,"og_description":null,"og_object_type":"default","og_image_type":"default","og_image_url":null,"og_image_width":null,"og_image_height":null,"og_image_custom_url":null,"og_image_custom_fields":null,"og_video":null,"og_custom_url":null,"og_article_section":null,"og_article_tags":null,"twitter_use_og":false,"twitter_card":"default","twitter_image_type":"default","twitter_image_url":null,"twitter_image_custom_url":null,"twitter_image_custom_fields":null,"twitter_title":null,"twitter_description":null,"schema":{"blockGraphs":[],"customGraphs":[],"default":{"data":{"Article":[],"Course":[],"Dataset":[],"FAQPage":[],"Movie":[],"Person":[],"Product":[],"ProductReview":[],"Car":[],"Recipe":[],"Service":[],"SoftwareApplication":[],"WebPage":[]},"graphName":"","isEnabled":true},"graphs":[]},"schema_type":null,"schema_type_options":null,"pillar_content":false,"robots_default":true,"robots_noindex":false,"robots_noarchive":false,"robots_nosnippet":false,"robots_nofollow":false,"robots_noimageindex":false,"robots_noodp":false,"robots_notranslate":false,"robots_max_snippet":null,"robots_max_videopreview":null,"robots_max_imagepreview":"large","priority":null,"frequency":null,"location":null,"local_seo":null,"seo_analyzer_scan_date":"2025-08-30 20:37:27","breadcrumb_settings":null,"limit_modified_date":false,"reviewed_by":null,"open_ai":null,"ai":null,"created":"2020-12-21 10:46:59","updated":"2025-08-30 20:37:27"},"aioseo_breadcrumb":"<div class=\"aioseo-breadcrumbs\"><span class=\"aioseo-breadcrumb\">\n\t<a href=\"https:\/\/candas365.es\/noticias\" title=\"Home\">Home<\/a>\n<\/span><span class=\"aioseo-breadcrumb-separator\">&ndash;<\/span><span class=\"aioseo-breadcrumb\">\n\t<a href=\"https:\/\/candas365.es\/noticias\/category\/agenda\/\" title=\"Agenda\">Agenda<\/a>\n<\/span><span class=\"aioseo-breadcrumb-separator\">&ndash;<\/span><span class=\"aioseo-breadcrumb\">\n\tNuevos conciertos en Laboral Ciudad de la Cultura\n<\/span><\/div>","aioseo_breadcrumb_json":[{"label":"Home","link":"https:\/\/candas365.es\/noticias"},{"label":"Agenda","link":"https:\/\/candas365.es\/noticias\/category\/agenda\/"},{"label":"Nuevos conciertos en Laboral Ciudad de la Cultura","link":"https:\/\/candas365.es\/noticias\/nuevos-conciertos-en-laboral-ciudad-de-la-cultura\/"}],"_links":{"self":[{"href":"https:\/\/candas365.es\/noticias\/wp-json\/wp\/v2\/posts\/135627","targetHints":{"allow":["GET"]}}],"collection":[{"href":"https:\/\/candas365.es\/noticias\/wp-json\/wp\/v2\/posts"}],"about":[{"href":"https:\/\/candas365.es\/noticias\/wp-json\/wp\/v2\/types\/post"}],"author":[{"embeddable":true,"href":"https:\/\/candas365.es\/noticias\/wp-json\/wp\/v2\/users\/1"}],"replies":[{"embeddable":true,"href":"https:\/\/candas365.es\/noticias\/wp-json\/wp\/v2\/comments?post=135627"}],"version-history":[{"count":0,"href":"https:\/\/candas365.es\/noticias\/wp-json\/wp\/v2\/posts\/135627\/revisions"}],"wp:featuredmedia":[{"embeddable":true,"href":"https:\/\/candas365.es\/noticias\/wp-json\/wp\/v2\/media\/130032"}],"wp:attachment":[{"href":"https:\/\/candas365.es\/noticias\/wp-json\/wp\/v2\/media?parent=135627"}],"wp:term":[{"taxonomy":"category","embeddable":true,"href":"https:\/\/candas365.es\/noticias\/wp-json\/wp\/v2\/categories?post=135627"},{"taxonomy":"post_tag","embeddable":true,"href":"https:\/\/candas365.es\/noticias\/wp-json\/wp\/v2\/tags?post=135627"}],"curies":[{"name":"wp","href":"https:\/\/api.w.org\/{rel}","templated":true}]}}